{"id":13275,"date":"2026-04-01T22:17:53","date_gmt":"2026-04-01T20:17:53","guid":{"rendered":"https:\/\/vieassociative.be\/actualites\/ios26-5-inclut-un-nouveau-changement-diphone-tres-ennuyeux\/"},"modified":"2026-04-01T22:17:53","modified_gmt":"2026-04-01T20:17:53","slug":"ios26-5-inclut-un-nouveau-changement-diphone-tres-ennuyeux","status":"publish","type":"post","link":"https:\/\/vieassociative.be\/actualites\/ios26-5-inclut-un-nouveau-changement-diphone-tres-ennuyeux\/","title":{"rendered":"iOS26.5 inclut un nouveau changement d&rsquo;iPhone tr\u00e8s ennuyeux"},"content":{"rendered":"<p>Apr\u00e8s avoir gard\u00e9 les choses discr\u00e8tes avec iOS 26.3, Apple a d\u00e9ploy\u00e9 une mise \u00e0 jour importante pour iOS 26.4, en particulier pour les utilisateurs d&rsquo;Apple Music. L&rsquo;interface utilisateur de cette application correspond d\u00e9sormais \u00e0 l&rsquo;illustration de l&rsquo;album que vous consultez\u00a0; vous pouvez utiliser l&rsquo;IA pour g\u00e9n\u00e9rer de nouvelles listes de lecture et rechercher les concerts \u00e0 venir des artistes que vous \u00e9coutez directement dans l&rsquo;application. Combin\u00e9 avec d&rsquo;autres nouveaux changements, comme huit nouveaux emojis et la nouvelle section \u00ab\u00a0Urgent\u00a0\u00bb dans les rappels, iOS 26.4 \u00e9tait en fait une mise \u00e0 jour assez riche en fonctionnalit\u00e9s.<\/p>\n<p>iOS 26.5, en revanche, semble \u00eatre un autre mod\u00e8le silencieux, du moins d&rsquo;apr\u00e8s ce que nous pouvons dire de sa premi\u00e8re version b\u00eata, publi\u00e9e par Apple lundi. Ne vous attendez pas \u00e0 de nouvelles fonctionnalit\u00e9s ou \u00e0 des changements massifs ici (malgr\u00e9 certaines rumeurs contraires, Apple semble vraiment conserver son IA Siri pour le lancement d&rsquo;iOS 27), mais il y a quelques mises \u00e0 jour int\u00e9ressantes \u00e0 signaler &#8211; et pas n\u00e9cessairement dans le bon sens. <\/p>\n<p>Remarque\u00a0: comme Apple teste actuellement iOS 26.5, il s\u2019agit d\u2019une liste continue de fonctionnalit\u00e9s, et elle peut changer \u00e0 mesure qu\u2019Apple publie de nouvelles mises \u00e0 jour b\u00eata. Vous pouvez essayer iOS 26.5 d\u00e8s maintenant si vous inscrivez votre iPhone au programme b\u00eata d&rsquo;Apple, mais assurez-vous de comprendre les risques li\u00e9s \u00e0 l&rsquo;installation d&rsquo;un logiciel inachev\u00e9 sur vos appareils. Effectuez des sauvegardes compl\u00e8tes des donn\u00e9es importantes sur un ordinateur avant d&rsquo;installer une version b\u00eata, au cas o\u00f9 vous auriez besoin de restaurer votre iPhone.<\/p>\n<h2 id=\"apple-maps-gets-ads\">Apple Maps re\u00e7oit des publicit\u00e9s<\/h2>\n<p>C\u2019est peut-\u00eatre la fonctionnalit\u00e9 phare d\u2019iOS 26.5 : Apple Maps re\u00e7oit des publicit\u00e9s. Cela fait partie des efforts d&rsquo;Apple pour introduire des publicit\u00e9s dans davantage de ses applications et services afin d&rsquo;augmenter ses revenus. (Que doit faire une entreprise de 3,7 billions de dollars ?) Ces publicit\u00e9s appara\u00eetront lorsque vous effectuerez une recherche dans Apple Maps, en fonction de leur pertinence, ainsi qu&rsquo;en haut d&rsquo;un \u00e9cran \u00ab Lieux sugg\u00e9r\u00e9s \u00bb qui est \u00e9galement nouveau sur iOS 26.5.<\/p>\n<p>Vous devriez facilement pouvoir faire la distinction entre les annonces et les emplacements sugg\u00e9r\u00e9s\u00a0: Apple indique qu&rsquo;il place une ic\u00f4ne bleue \u00ab\u00a0Annonce\u00a0\u00bb sur tout emplacement payant qui appara\u00eet dans la recherche ou dans les lieux sugg\u00e9r\u00e9s. Il est possible que ces publicit\u00e9s soient m\u00eame utiles, si elles sont vraiment pertinentes : si vous recherchez un type sp\u00e9cifique de nourriture dans une ville particuli\u00e8re, peut-\u00eatre que la premi\u00e8re publicit\u00e9 est vraiment la voie \u00e0 suivre. D\u2019un autre c\u00f4t\u00e9, le fait qu\u2019il soit pay\u00e9 pour \u00eatre l\u00e0-haut pourrait \u00eatre un signal d\u2019alarme.<\/p>\n<p>L&rsquo;ajout de publicit\u00e9s n&rsquo;est pas un choc : nous avons entendu parler de cette nouvelle pour la premi\u00e8re fois l&rsquo;ann\u00e9e derni\u00e8re, et Apple l&rsquo;a confirm\u00e9 la semaine derni\u00e8re. Comme il s&rsquo;agit d&rsquo;Apple, la soci\u00e9t\u00e9 assure aux utilisateurs que ses emplacements publicitaires tiennent compte de la confidentialit\u00e9, car l&rsquo;application \u00ab\u00a0ne sait pas quels magasins, quartiers ou cliniques vous visitez\u00a0\u00bb. Lorsque vous interagissez avec une publicit\u00e9, ces donn\u00e9es sont li\u00e9es \u00e0 un \u00ab identifiant al\u00e9atoire \u00bb qui change plusieurs fois par heure, donc en th\u00e9orie, personne ne devrait pouvoir lier vos interactions publicitaires \u00e0 vous personnellement. <\/p>\n<h2 id=\"rcs-end-to-end-encryption-testing\">Tests de chiffrement de bout en bout RCS<\/h2>\n<p>Avec iOS 26.5, Apple teste \u00e0 nouveau le cryptage de bout en bout pour la prise en charge de RCS, l&rsquo;une des derni\u00e8res grandes limitations du protocole sur iOS. La soci\u00e9t\u00e9 a commenc\u00e9 \u00e0 tester la prise en charge du chiffrement avec iOS 26.4, mais a d\u00e9clar\u00e9 qu&rsquo;elle ne serait pas d\u00e9ploy\u00e9e avec cette version. S&rsquo;il est effectivement livr\u00e9 avec la version finale d&rsquo;iOS 26.5, les utilisateurs d&rsquo;iPhone devraient pouvoir envoyer des SMS directement \u00e0 leurs amis Android sans laisser leurs messages \u00e0 l&rsquo;air libre en texte brut.  <\/p>\n<h2 id=\"you-can-quickly-pair-magic-accessories-to-your-iphone\">Vous pouvez rapidement associer des accessoires Magic \u00e0 votre iPhone <\/h2>\n<p>Si vous poss\u00e9dez l&rsquo;un des accessoires \u00ab Magic \u00bb d&rsquo;Apple, comme un Magic Keyboard, vous pouvez le coupler rapidement \u00e0 votre iPhone sous iOS 26.5. Il vous suffira de brancher votre iPhone sur l&rsquo;accessoire via USB-C pour le coupler, comme vous le faites sur macOS, plut\u00f4t que de modifier les param\u00e8tres Bluetooth. <\/p>\n<h2 id=\"messages-attachment-settings-for-iphone-to-android-transfers\">Param\u00e8tres des pi\u00e8ces jointes aux messages pour les transferts iPhone vers Android <\/h2>\n<p>Cette ann\u00e9e, Apple et Google ont annonc\u00e9 un effort commun pour faciliter le transfert de donn\u00e9es entre iPhone et Android, ce qui simplifie le changement d&rsquo;appareil et d&rsquo;\u00e9cosyst\u00e8me. Avec iOS 26.5, Apple semble tester un nouveau param\u00e8tre qui vous permet de choisir une plage de temps pour transf\u00e9rer les pi\u00e8ces jointes des messages, notamment \u00ab Tous \u00bb, \u00ab 1 an \u00bb ou \u00ab 30 jours \u00bb.<\/p>\n<h2 id=\"ios-now-supports-the-inuktitut-keyboard-layout\">iOS prend d\u00e9sormais en charge la disposition du clavier inuktitut<\/h2>\n<p>Apple teste une nouvelle disposition de clavier pour l&rsquo;inuktitut, une langue parl\u00e9e dans l&rsquo;Arctique canadien. <\/p>\n<h2 id=\"eu-only-testing-in-ios-265\">Tests uniquement dans l\u2019UE sous iOS 26.5<\/h2>\n<p>Apple teste \u00e9galement certaines fonctionnalit\u00e9s r\u00e9serv\u00e9es \u00e0 l&rsquo;UE dans cette derni\u00e8re mise \u00e0 jour. L&rsquo;UE a r\u00e9prim\u00e9 Apple pour avoir exclu d&rsquo;autres entreprises de son \u00e9cosyst\u00e8me et, par cons\u00e9quent, elle oblige l&rsquo;entreprise \u00e0 ouvrir davantage ses plates-formes et ses services. <\/p>\n<p>Avec iOS 26.5, Apple teste la prise en charge des activit\u00e9s en direct pour les appareils tiers, ce qui permettrait \u00e0 ces appareils d&rsquo;afficher des activit\u00e9s en direct sur leurs \u00e9crans, bien qu&rsquo;il n&rsquo;y ait aucune indication pour le moment sur ce que pourraient \u00eatre ces appareils. Apple teste \u00e9galement le \u00ab couplage de proximit\u00e9 \u00bb pour les appareils tiers, comme les \u00e9couteurs, qui pourraient b\u00e9n\u00e9ficier du m\u00eame syst\u00e8me de couplage simple qu&rsquo;Apple r\u00e9serve pour ses propres AirPods et Beats. Enfin, la soci\u00e9t\u00e9 continue \u00e9galement de tester le transfert de notifications vers des appareils tiers, comme les montres intelligentes.  <\/p>\n","protected":false},"excerpt":{"rendered":"<p>Apr\u00e8s avoir gard\u00e9 les choses discr\u00e8tes avec iOS 26.3, Apple a d\u00e9ploy\u00e9 une mise \u00e0 jour importante pour iOS 26.4, en particulier pour les utilisateurs<\/p>\n","protected":false},"author":1,"featured_media":13276,"comment_status":"","ping_status":"","sticky":false,"template":"","format":"standard","meta":{"footnotes":""},"categories":[10230],"tags":[2590,6889,2240,10402,10401,553,2493],"class_list":["post-13275","post","type-post","status-publish","format-standard","has-post-thumbnail","hentry","category-apple","tag-changement","tag-diphone","tag-ennuyeux","tag-inclut","tag-ios26-5","tag-nouveau","tag-tres","generate-columns","tablet-grid-50","mobile-grid-100","grid-parent","grid-33"],"yoast_head":"<!-- This site is optimized with the Yoast SEO plugin v24.0 - https:\/\/yoast.com\/wordpress\/plugins\/seo\/ -->\n<title>iOS26.5 inclut un nouveau changement d&#039;iPhone tr\u00e8s ennuyeux | Vie Associative<\/title>\n<meta name=\"robots\" content=\"index, follow, max-snippet:-1, max-image-preview:large, max-video-preview:-1\" \/>\n<link rel=\"canonical\" href=\"https:\/\/vieassociative.be\/actualites\/ios26-5-inclut-un-nouveau-changement-diphone-tres-ennuyeux\/\" \/>\n<meta property=\"og:locale\" content=\"fr_FR\" \/>\n<meta property=\"og:type\" content=\"article\" \/>\n<meta property=\"og:title\" content=\"iOS26.5 inclut un nouveau changement d&#039;iPhone tr\u00e8s ennuyeux | Vie Associative\" \/>\n<meta property=\"og:description\" content=\"Apr\u00e8s avoir gard\u00e9 les choses discr\u00e8tes avec iOS 26.3, Apple a d\u00e9ploy\u00e9 une mise \u00e0 jour importante pour iOS 26.4, en particulier pour les utilisateurs\" \/>\n<meta property=\"og:url\" content=\"https:\/\/vieassociative.be\/actualites\/ios26-5-inclut-un-nouveau-changement-diphone-tres-ennuyeux\/\" \/>\n<meta property=\"og:site_name\" content=\"Vie Associative\" \/>\n<meta property=\"article:published_time\" content=\"2026-04-01T20:17:53+00:00\" \/>\n<meta property=\"og:image\" content=\"https:\/\/vieassociative.be\/actualites\/wp-content\/uploads\/2024\/09\/header_backgroundk-01-e1726694325946.png\" \/>\n\t<meta property=\"og:image:width\" content=\"279\" \/>\n\t<meta property=\"og:image:height\" content=\"92\" \/>\n\t<meta property=\"og:image:type\" content=\"image\/png\" \/>\n<meta name=\"author\" content=\"Julien\" \/>\n<meta name=\"twitter:card\" content=\"summary_large_image\" \/>\n<meta name=\"twitter:label1\" content=\"\u00c9crit par\" \/>\n\t<meta name=\"twitter:data1\" content=\"Julien\" \/>\n\t<meta name=\"twitter:label2\" content=\"Dur\u00e9e de lecture est.\" \/>\n\t<meta name=\"twitter:data2\" content=\"5 minutes\" \/>\n<script type=\"application\/ld+json\" class=\"yoast-schema-graph\">{\"@context\":\"https:\/\/schema.org\",\"@graph\":[{\"@type\":\"Article\",\"@id\":\"https:\/\/vieassociative.be\/actualites\/ios26-5-inclut-un-nouveau-changement-diphone-tres-ennuyeux\/#article\",\"isPartOf\":{\"@id\":\"https:\/\/vieassociative.be\/actualites\/ios26-5-inclut-un-nouveau-changement-diphone-tres-ennuyeux\/\"},\"author\":{\"name\":\"Julien\",\"@id\":\"https:\/\/vieassociative.be\/actualites\/#\/schema\/person\/b87ac4f82f9d4e7b7cec7395b679edc4\"},\"headline\":\"iOS26.5 inclut un nouveau changement d&rsquo;iPhone tr\u00e8s ennuyeux\",\"datePublished\":\"2026-04-01T20:17:53+00:00\",\"dateModified\":\"2026-04-01T20:17:53+00:00\",\"mainEntityOfPage\":{\"@id\":\"https:\/\/vieassociative.be\/actualites\/ios26-5-inclut-un-nouveau-changement-diphone-tres-ennuyeux\/\"},\"wordCount\":1023,\"publisher\":{\"@id\":\"https:\/\/vieassociative.be\/actualites\/#organization\"},\"image\":{\"@id\":\"https:\/\/vieassociative.be\/actualites\/ios26-5-inclut-un-nouveau-changement-diphone-tres-ennuyeux\/#primaryimage\"},\"thumbnailUrl\":\"https:\/\/vieassociative.be\/actualites\/wp-content\/uploads\/2026\/04\/iOS265-inclut-un-nouveau-changement-diPhone-tres-ennuyeux.jpg\",\"keywords\":[\"Changement\",\"diPhone\",\"ennuyeux\",\"inclut\",\"iOS26.5\",\"nouveau\",\"tr\u00e8s\"],\"articleSection\":[\"Apple\"],\"inLanguage\":\"fr-BE\"},{\"@type\":\"WebPage\",\"@id\":\"https:\/\/vieassociative.be\/actualites\/ios26-5-inclut-un-nouveau-changement-diphone-tres-ennuyeux\/\",\"url\":\"https:\/\/vieassociative.be\/actualites\/ios26-5-inclut-un-nouveau-changement-diphone-tres-ennuyeux\/\",\"name\":\"iOS26.5 inclut un nouveau changement d'iPhone tr\u00e8s ennuyeux | Vie Associative\",\"isPartOf\":{\"@id\":\"https:\/\/vieassociative.be\/actualites\/#website\"},\"primaryImageOfPage\":{\"@id\":\"https:\/\/vieassociative.be\/actualites\/ios26-5-inclut-un-nouveau-changement-diphone-tres-ennuyeux\/#primaryimage\"},\"image\":{\"@id\":\"https:\/\/vieassociative.be\/actualites\/ios26-5-inclut-un-nouveau-changement-diphone-tres-ennuyeux\/#primaryimage\"},\"thumbnailUrl\":\"https:\/\/vieassociative.be\/actualites\/wp-content\/uploads\/2026\/04\/iOS265-inclut-un-nouveau-changement-diPhone-tres-ennuyeux.jpg\",\"datePublished\":\"2026-04-01T20:17:53+00:00\",\"dateModified\":\"2026-04-01T20:17:53+00:00\",\"breadcrumb\":{\"@id\":\"https:\/\/vieassociative.be\/actualites\/ios26-5-inclut-un-nouveau-changement-diphone-tres-ennuyeux\/#breadcrumb\"},\"inLanguage\":\"fr-BE\",\"potentialAction\":[{\"@type\":\"ReadAction\",\"target\":[\"https:\/\/vieassociative.be\/actualites\/ios26-5-inclut-un-nouveau-changement-diphone-tres-ennuyeux\/\"]}]},{\"@type\":\"ImageObject\",\"inLanguage\":\"fr-BE\",\"@id\":\"https:\/\/vieassociative.be\/actualites\/ios26-5-inclut-un-nouveau-changement-diphone-tres-ennuyeux\/#primaryimage\",\"url\":\"https:\/\/vieassociative.be\/actualites\/wp-content\/uploads\/2026\/04\/iOS265-inclut-un-nouveau-changement-diPhone-tres-ennuyeux.jpg\",\"contentUrl\":\"https:\/\/vieassociative.be\/actualites\/wp-content\/uploads\/2026\/04\/iOS265-inclut-un-nouveau-changement-diPhone-tres-ennuyeux.jpg\",\"width\":1200,\"height\":675,\"caption\":\"iOS26.5 inclut un nouveau changement d'iPhone tr\u00e8s ennuyeux\"},{\"@type\":\"BreadcrumbList\",\"@id\":\"https:\/\/vieassociative.be\/actualites\/ios26-5-inclut-un-nouveau-changement-diphone-tres-ennuyeux\/#breadcrumb\",\"itemListElement\":[{\"@type\":\"ListItem\",\"position\":1,\"name\":\"Accueil\",\"item\":\"https:\/\/vieassociative.be\/actualites\/\"},{\"@type\":\"ListItem\",\"position\":2,\"name\":\"iOS26.5 inclut un nouveau changement d&rsquo;iPhone tr\u00e8s ennuyeux\"}]},{\"@type\":\"WebSite\",\"@id\":\"https:\/\/vieassociative.be\/actualites\/#website\",\"url\":\"https:\/\/vieassociative.be\/actualites\/\",\"name\":\"Vie Associative\",\"description\":\"\",\"publisher\":{\"@id\":\"https:\/\/vieassociative.be\/actualites\/#organization\"},\"potentialAction\":[{\"@type\":\"SearchAction\",\"target\":{\"@type\":\"EntryPoint\",\"urlTemplate\":\"https:\/\/vieassociative.be\/actualites\/?s={search_term_string}\"},\"query-input\":{\"@type\":\"PropertyValueSpecification\",\"valueRequired\":true,\"valueName\":\"search_term_string\"}}],\"inLanguage\":\"fr-BE\"},{\"@type\":\"Organization\",\"@id\":\"https:\/\/vieassociative.be\/actualites\/#organization\",\"name\":\"Vie Associative\",\"url\":\"https:\/\/vieassociative.be\/actualites\/\",\"logo\":{\"@type\":\"ImageObject\",\"inLanguage\":\"fr-BE\",\"@id\":\"https:\/\/vieassociative.be\/actualites\/#\/schema\/logo\/image\/\",\"url\":\"https:\/\/vieassociative.be\/actualites\/wp-content\/uploads\/2024\/09\/cropped-vieassociative_favicon.ico.png\",\"contentUrl\":\"https:\/\/vieassociative.be\/actualites\/wp-content\/uploads\/2024\/09\/cropped-vieassociative_favicon.ico.png\",\"width\":512,\"height\":512,\"caption\":\"Vie Associative\"},\"image\":{\"@id\":\"https:\/\/vieassociative.be\/actualites\/#\/schema\/logo\/image\/\"}},{\"@type\":\"Person\",\"@id\":\"https:\/\/vieassociative.be\/actualites\/#\/schema\/person\/b87ac4f82f9d4e7b7cec7395b679edc4\",\"name\":\"Julien\",\"image\":{\"@type\":\"ImageObject\",\"inLanguage\":\"fr-BE\",\"@id\":\"https:\/\/vieassociative.be\/actualites\/#\/schema\/person\/image\/\",\"url\":\"https:\/\/vieassociative.be\/actualites\/wp-content\/uploads\/2024\/09\/vie-associative-1-150x150.jpg\",\"contentUrl\":\"https:\/\/vieassociative.be\/actualites\/wp-content\/uploads\/2024\/09\/vie-associative-1-150x150.jpg\",\"caption\":\"Julien\"},\"description\":\"Je suis Julien, r\u00e9dacteur pour Vie Associative. Passionn\u00e9 par le monde associatif depuis plus de 10 ans, j'ai \u00e0 c\u0153ur de partager des histoires inspirantes et de mettre en lumi\u00e8re les initiatives locales. Mon objectif est de sensibiliser et d'encourager l'engagement communautaire \u00e0 travers mes articles.\",\"sameAs\":[\"https:\/\/vieassociative.be\/\"]}]}<\/script>\n<!-- \/ Yoast SEO plugin. -->","yoast_head_json":{"title":"iOS26.5 inclut un nouveau changement d'iPhone tr\u00e8s ennuyeux | Vie Associative","robots":{"index":"index","follow":"follow","max-snippet":"max-snippet:-1","max-image-preview":"max-image-preview:large","max-video-preview":"max-video-preview:-1"},"canonical":"https:\/\/vieassociative.be\/actualites\/ios26-5-inclut-un-nouveau-changement-diphone-tres-ennuyeux\/","og_locale":"fr_FR","og_type":"article","og_title":"iOS26.5 inclut un nouveau changement d'iPhone tr\u00e8s ennuyeux | Vie Associative","og_description":"Apr\u00e8s avoir gard\u00e9 les choses discr\u00e8tes avec iOS 26.3, Apple a d\u00e9ploy\u00e9 une mise \u00e0 jour importante pour iOS 26.4, en particulier pour les utilisateurs","og_url":"https:\/\/vieassociative.be\/actualites\/ios26-5-inclut-un-nouveau-changement-diphone-tres-ennuyeux\/","og_site_name":"Vie Associative","article_published_time":"2026-04-01T20:17:53+00:00","og_image":[{"width":279,"height":92,"url":"https:\/\/vieassociative.be\/actualites\/wp-content\/uploads\/2024\/09\/header_backgroundk-01-e1726694325946.png","type":"image\/png"}],"author":"Julien","twitter_card":"summary_large_image","twitter_misc":{"\u00c9crit par":"Julien","Dur\u00e9e de lecture est.":"5 minutes"},"schema":{"@context":"https:\/\/schema.org","@graph":[{"@type":"Article","@id":"https:\/\/vieassociative.be\/actualites\/ios26-5-inclut-un-nouveau-changement-diphone-tres-ennuyeux\/#article","isPartOf":{"@id":"https:\/\/vieassociative.be\/actualites\/ios26-5-inclut-un-nouveau-changement-diphone-tres-ennuyeux\/"},"author":{"name":"Julien","@id":"https:\/\/vieassociative.be\/actualites\/#\/schema\/person\/b87ac4f82f9d4e7b7cec7395b679edc4"},"headline":"iOS26.5 inclut un nouveau changement d&rsquo;iPhone tr\u00e8s ennuyeux","datePublished":"2026-04-01T20:17:53+00:00","dateModified":"2026-04-01T20:17:53+00:00","mainEntityOfPage":{"@id":"https:\/\/vieassociative.be\/actualites\/ios26-5-inclut-un-nouveau-changement-diphone-tres-ennuyeux\/"},"wordCount":1023,"publisher":{"@id":"https:\/\/vieassociative.be\/actualites\/#organization"},"image":{"@id":"https:\/\/vieassociative.be\/actualites\/ios26-5-inclut-un-nouveau-changement-diphone-tres-ennuyeux\/#primaryimage"},"thumbnailUrl":"https:\/\/vieassociative.be\/actualites\/wp-content\/uploads\/2026\/04\/iOS265-inclut-un-nouveau-changement-diPhone-tres-ennuyeux.jpg","keywords":["Changement","diPhone","ennuyeux","inclut","iOS26.5","nouveau","tr\u00e8s"],"articleSection":["Apple"],"inLanguage":"fr-BE"},{"@type":"WebPage","@id":"https:\/\/vieassociative.be\/actualites\/ios26-5-inclut-un-nouveau-changement-diphone-tres-ennuyeux\/","url":"https:\/\/vieassociative.be\/actualites\/ios26-5-inclut-un-nouveau-changement-diphone-tres-ennuyeux\/","name":"iOS26.5 inclut un nouveau changement d'iPhone tr\u00e8s ennuyeux | Vie Associative","isPartOf":{"@id":"https:\/\/vieassociative.be\/actualites\/#website"},"primaryImageOfPage":{"@id":"https:\/\/vieassociative.be\/actualites\/ios26-5-inclut-un-nouveau-changement-diphone-tres-ennuyeux\/#primaryimage"},"image":{"@id":"https:\/\/vieassociative.be\/actualites\/ios26-5-inclut-un-nouveau-changement-diphone-tres-ennuyeux\/#primaryimage"},"thumbnailUrl":"https:\/\/vieassociative.be\/actualites\/wp-content\/uploads\/2026\/04\/iOS265-inclut-un-nouveau-changement-diPhone-tres-ennuyeux.jpg","datePublished":"2026-04-01T20:17:53+00:00","dateModified":"2026-04-01T20:17:53+00:00","breadcrumb":{"@id":"https:\/\/vieassociative.be\/actualites\/ios26-5-inclut-un-nouveau-changement-diphone-tres-ennuyeux\/#breadcrumb"},"inLanguage":"fr-BE","potentialAction":[{"@type":"ReadAction","target":["https:\/\/vieassociative.be\/actualites\/ios26-5-inclut-un-nouveau-changement-diphone-tres-ennuyeux\/"]}]},{"@type":"ImageObject","inLanguage":"fr-BE","@id":"https:\/\/vieassociative.be\/actualites\/ios26-5-inclut-un-nouveau-changement-diphone-tres-ennuyeux\/#primaryimage","url":"https:\/\/vieassociative.be\/actualites\/wp-content\/uploads\/2026\/04\/iOS265-inclut-un-nouveau-changement-diPhone-tres-ennuyeux.jpg","contentUrl":"https:\/\/vieassociative.be\/actualites\/wp-content\/uploads\/2026\/04\/iOS265-inclut-un-nouveau-changement-diPhone-tres-ennuyeux.jpg","width":1200,"height":675,"caption":"iOS26.5 inclut un nouveau changement d'iPhone tr\u00e8s ennuyeux"},{"@type":"BreadcrumbList","@id":"https:\/\/vieassociative.be\/actualites\/ios26-5-inclut-un-nouveau-changement-diphone-tres-ennuyeux\/#breadcrumb","itemListElement":[{"@type":"ListItem","position":1,"name":"Accueil","item":"https:\/\/vieassociative.be\/actualites\/"},{"@type":"ListItem","position":2,"name":"iOS26.5 inclut un nouveau changement d&rsquo;iPhone tr\u00e8s ennuyeux"}]},{"@type":"WebSite","@id":"https:\/\/vieassociative.be\/actualites\/#website","url":"https:\/\/vieassociative.be\/actualites\/","name":"Vie Associative","description":"","publisher":{"@id":"https:\/\/vieassociative.be\/actualites\/#organization"},"potentialAction":[{"@type":"SearchAction","target":{"@type":"EntryPoint","urlTemplate":"https:\/\/vieassociative.be\/actualites\/?s={search_term_string}"},"query-input":{"@type":"PropertyValueSpecification","valueRequired":true,"valueName":"search_term_string"}}],"inLanguage":"fr-BE"},{"@type":"Organization","@id":"https:\/\/vieassociative.be\/actualites\/#organization","name":"Vie Associative","url":"https:\/\/vieassociative.be\/actualites\/","logo":{"@type":"ImageObject","inLanguage":"fr-BE","@id":"https:\/\/vieassociative.be\/actualites\/#\/schema\/logo\/image\/","url":"https:\/\/vieassociative.be\/actualites\/wp-content\/uploads\/2024\/09\/cropped-vieassociative_favicon.ico.png","contentUrl":"https:\/\/vieassociative.be\/actualites\/wp-content\/uploads\/2024\/09\/cropped-vieassociative_favicon.ico.png","width":512,"height":512,"caption":"Vie Associative"},"image":{"@id":"https:\/\/vieassociative.be\/actualites\/#\/schema\/logo\/image\/"}},{"@type":"Person","@id":"https:\/\/vieassociative.be\/actualites\/#\/schema\/person\/b87ac4f82f9d4e7b7cec7395b679edc4","name":"Julien","image":{"@type":"ImageObject","inLanguage":"fr-BE","@id":"https:\/\/vieassociative.be\/actualites\/#\/schema\/person\/image\/","url":"https:\/\/vieassociative.be\/actualites\/wp-content\/uploads\/2024\/09\/vie-associative-1-150x150.jpg","contentUrl":"https:\/\/vieassociative.be\/actualites\/wp-content\/uploads\/2024\/09\/vie-associative-1-150x150.jpg","caption":"Julien"},"description":"Je suis Julien, r\u00e9dacteur pour Vie Associative. Passionn\u00e9 par le monde associatif depuis plus de 10 ans, j'ai \u00e0 c\u0153ur de partager des histoires inspirantes et de mettre en lumi\u00e8re les initiatives locales. Mon objectif est de sensibiliser et d'encourager l'engagement communautaire \u00e0 travers mes articles.","sameAs":["https:\/\/vieassociative.be\/"]}]}},"_links":{"self":[{"href":"https:\/\/vieassociative.be\/actualites\/wp-json\/wp\/v2\/posts\/13275"}],"collection":[{"href":"https:\/\/vieassociative.be\/actualites\/wp-json\/wp\/v2\/posts"}],"about":[{"href":"https:\/\/vieassociative.be\/actualites\/wp-json\/wp\/v2\/types\/post"}],"author":[{"embeddable":true,"href":"https:\/\/vieassociative.be\/actualites\/wp-json\/wp\/v2\/users\/1"}],"replies":[{"embeddable":true,"href":"https:\/\/vieassociative.be\/actualites\/wp-json\/wp\/v2\/comments?post=13275"}],"version-history":[{"count":0,"href":"https:\/\/vieassociative.be\/actualites\/wp-json\/wp\/v2\/posts\/13275\/revisions"}],"wp:featuredmedia":[{"embeddable":true,"href":"https:\/\/vieassociative.be\/actualites\/wp-json\/wp\/v2\/media\/13276"}],"wp:attachment":[{"href":"https:\/\/vieassociative.be\/actualites\/wp-json\/wp\/v2\/media?parent=13275"}],"wp:term":[{"taxonomy":"category","embeddable":true,"href":"https:\/\/vieassociative.be\/actualites\/wp-json\/wp\/v2\/categories?post=13275"},{"taxonomy":"post_tag","embeddable":true,"href":"https:\/\/vieassociative.be\/actualites\/wp-json\/wp\/v2\/tags?post=13275"}],"curies":[{"name":"wp","href":"https:\/\/api.w.org\/{rel}","templated":true}]}}