{"id":13273,"date":"2026-04-01T16:18:05","date_gmt":"2026-04-01T14:18:05","guid":{"rendered":"https:\/\/vieassociative.be\/actualites\/ce-systeme-de-securite-domestique-tout-en-un-eufy-est-a-100-de-reduction-en-ce-moment\/"},"modified":"2026-04-01T16:18:05","modified_gmt":"2026-04-01T14:18:05","slug":"ce-systeme-de-securite-domestique-tout-en-un-eufy-est-a-100-de-reduction-en-ce-moment","status":"publish","type":"post","link":"https:\/\/vieassociative.be\/actualites\/ce-systeme-de-securite-domestique-tout-en-un-eufy-est-a-100-de-reduction-en-ce-moment\/","title":{"rendered":"Ce syst\u00e8me de s\u00e9curit\u00e9 domestique tout-en-un Eufy est \u00e0 100 $ de r\u00e9duction en ce moment"},"content":{"rendered":"<p>Nous pouvons gagner une commission sur les liens sur cette page. Les prix et la disponibilit\u00e9 de l&rsquo;offre sont sujets \u00e0 changement apr\u00e8s la publication.<\/p>\n<p>Le syst\u00e8me Eufy ExpertSecure E10 est en baisse \u00e0 899,99 $ contre 999,99 $. Contrairement \u00e0 une seule cam\u00e9ra ou sonnette, il s\u2019agit d\u2019un ensemble complet de s\u00e9curit\u00e9 domestique destin\u00e9 \u00e0 couvrir plusieurs points d\u2019entr\u00e9e d\u00e8s la sortie de la bo\u00eete. Vous obtenez une sonnette vid\u00e9o, une cam\u00e9ra ext\u00e9rieure \u00e0 360 degr\u00e9s, une cam\u00e9ra int\u00e9rieure, des capteurs de mouvement et d&rsquo;entr\u00e9e, ainsi qu&rsquo;un clavier et un porte-cl\u00e9s. Cela signifie que vous pouvez mettre en place une couverture pour votre porte d\u2019entr\u00e9e, votre cour et l\u2019int\u00e9rieur de la maison sans regrouper diff\u00e9rents produits. Il penche \u00e9galement vers une configuration plug-and-play, avec des appareils pr\u00e9configur\u00e9s pour que vous ne passiez pas des heures \u00e0 tout coupler.<\/p>\n<div class=\"pogoClear mb-12 mt-10 rounded-md border-2 border-gray-100 py-7 shadow-xl md:py-6\">\n<div class=\"flex flex-wrap justify-between px-7 text-black no-underline md:flex-nowrap md:px-8\">\n<div class=\"order-1 mx-auto flex flex-col justify-center md:order-2 md:ml-4 md:w-full md:grow\">\n<div class=\"block cursor-pointer text-center font-akshar text-2xl font-medium leading-7 text-brand-green duration-200 ease-in-out hover:text-brand-green-700 md:text-left md:text-xl md:leading-6\">Syst\u00e8me Eufy ExpertSecure E10\n                <\/div>\n<div class=\"mt-4 block font-sans text-sm font-medium leading-4 text-gray-900 md:mx-0 md:mt-2\">Centre de s\u00e9curit\u00e9 domestique avec connectivit\u00e9 4G et batterie de secours\n                    <\/div>\n<div class=\"mt-4 hidden md:flex md:justify-between\">\n<div class=\"self-end\">\n<div class=\"mb-0 h-11 md:flex md:flex-col md:justify-center\">\n<div class=\" font-sans leading-4 text-black\">\n<div class=\"flex flex-wrap items-center justify-center gap-1 md:justify-start\">\n        <span class=\"font-bold\"><\/p>\n<p>            899,99\u00a0$<br \/>\n                            <span class=\"font-medium\">chez Amazon<\/span><br \/>\n                    <\/span>\n            <\/div>\n<div class=\"flex items-center justify-center gap-x-1 font-bold md:justify-start\">\n            <span class=\"text-sm line-through\">999,99\u00a0$<\/span><br \/>\n            <span class=\"text-sm text-brand-green\">\u00c9conomisez 100,00\u00a0$<\/span>\n        <\/div>\n<\/p><\/div>\n<\/p><\/div>\n<\/p><\/div>\n<div class=\"w-44 self-end\">\n                            <button class=\"flex justify-center items-center w-full bg-brand-green text-white text-base font-sans font-medium rounded-md hover:bg-brand-green-700 hover:cursor-pointer md:text-sm h-11\"><\/p>\n<p>    Obtenez une offre<br \/>\n<\/button>\n                        <\/div>\n<\/p><\/div>\n<\/p><\/div>\n<div class=\"order-2 mt-5 h-auto w-full md:order-1 md:mt-0 md:hidden\">\n<div class=\"flex aspect-video items-center justify-center\">\n                                            <img decoding=\"async\" class=\"m-0 max-h-full max-w-full rounded-md\" src=\"https:\/\/vieassociative.be\/actualites\/wp-content\/uploads\/2026\/04\/Ce-systeme-de-securite-domestique-tout-en-un-Eufy-est-a-100.jpg\" alt=\"eufy ExpertSecure System E10, centre de s\u00e9curit\u00e9 domestique, connectivit\u00e9 4G et batterie de secours, contrat flexible, IA locale avanc\u00e9e, compatible avec les produits de s\u00e9curit\u00e9 eufy\" width=\"auto\" height=\"auto\" loading=\"lazy\">\n                                    <\/div>\n<\/p><\/div>\n<div class=\"order-2 ml-2 hidden w-32 shrink-0 items-center md:order-1 md:ml-0 md:flex\">\n<div class=\"flex aspect-video items-center justify-center\">\n                                            <img decoding=\"async\" class=\"m-0 max-h-full max-w-full rounded-md\" src=\"https:\/\/vieassociative.be\/actualites\/wp-content\/uploads\/2026\/04\/Ce-systeme-de-securite-domestique-tout-en-un-Eufy-est-a-100.jpg\" alt=\"eufy ExpertSecure System E10, centre de s\u00e9curit\u00e9 domestique, connectivit\u00e9 4G et batterie de secours, contrat flexible, IA locale avanc\u00e9e, compatible avec les produits de s\u00e9curit\u00e9 eufy\" width=\"auto\" height=\"auto\" loading=\"lazy\">\n                                    <\/div>\n<\/p><\/div>\n<div class=\"order-3 flex grow flex-wrap md:hidden md:grow-0\">\n<div class=\"mt-4 w-full\">\n                        <button class=\"flex justify-center items-center w-full bg-brand-green text-white text-base font-sans font-medium rounded-md hover:bg-brand-green-700 hover:cursor-pointer md:text-sm h-11\"><\/p>\n<p>    Obtenez une offre<br \/>\n<\/button>\n                    <\/div>\n<div class=\"mx-2 mt-4 w-full\">\n<div class=\" font-sans leading-4 text-black\">\n<div class=\"flex flex-wrap items-center justify-center gap-1 md:justify-start\">\n        <span class=\"font-bold\"><\/p>\n<p>            899,99\u00a0$<br \/>\n                            <span class=\"font-medium\">chez Amazon<\/span><br \/>\n                    <\/span>\n            <\/div>\n<div class=\"flex items-center justify-center gap-x-1 font-bold md:justify-start\">\n            <span class=\"text-sm line-through\">999,99\u00a0$<\/span><br \/>\n            <span class=\"text-sm text-brand-green\">\u00c9conomisez 100,00\u00a0$<\/span>\n        <\/div>\n<\/p><\/div>\n<\/p><\/div>\n<\/p><\/div>\n<\/p><\/div>\n<\/div>\n<p>Ce qui rend ce syst\u00e8me plus pratique que la plupart des kits de bricolage, c&rsquo;est la fa\u00e7on dont il g\u00e8re les pannes. Il comprend une connectivit\u00e9 4G et une batterie int\u00e9gr\u00e9e qui dure jusqu&rsquo;\u00e0 24 heures, ce qui lui permet de continuer \u00e0 enregistrer m\u00eame si votre connexion Wi-Fi ou votre alimentation tombe en panne. Ce n\u2019est pas quelque chose que vous obtenez avec de nombreuses configurations domestiques dans cette gamme de prix. La vid\u00e9o est limit\u00e9e \u00e0 1080p, ce qui convient pour identifier les visages et les mouvements, m\u00eame si elle n&rsquo;offre pas les d\u00e9tails plus nets de certaines cam\u00e9ras 2K ou 4K plus r\u00e9centes. Les alertes sont bas\u00e9es sur les mouvements et vous pouvez tout v\u00e9rifier via l&rsquo;application ou utiliser le clavier et le porte-cl\u00e9s pour un contr\u00f4le rapide. Le syst\u00e8me fonctionne \u00e9galement sur le stockage local. Il est livr\u00e9 avec 32 Go int\u00e9gr\u00e9s et vous pouvez l\u2019\u00e9tendre jusqu\u2019\u00e0 16 To. Cela signifie pas de frais d&rsquo;abonnement mensuels et un acc\u00e8s plus rapide aux images, mais cela signifie \u00e9galement que vous \u00eates responsable de la gestion de votre stockage si vous enregistrez beaucoup.<\/p>\n<p>L\u2019accent est \u00e9galement clairement mis sur le maintien de tout au sein d\u2019un seul \u00e9cosyst\u00e8me. Le syst\u00e8me fonctionne avec d&rsquo;autres cam\u00e9ras, capteurs et sonnettes Eufy, vous pouvez donc l&rsquo;\u00e9tendre plus tard sans recommencer. L&rsquo;IA locale g\u00e8re la d\u00e9tection et le traitement vid\u00e9o sans tout envoyer vers le cloud, ce qui est un plus si la confidentialit\u00e9 est une pr\u00e9occupation. Cela dit, il s&rsquo;agit toujours d&rsquo;un investissement initial assez important, m\u00eame \u00e0 ce prix r\u00e9duit, et la vid\u00e9o 1080p peut sembler limit\u00e9e si vous vous attendez \u00e0 une r\u00e9solution plus \u00e9lev\u00e9e sur toutes les cam\u00e9ras.<\/p>\n<hr>\n<div class=\" relative flex justify-center py-16 md:left-1\/2 md:w-(780px) md:max-w-max md:-translate-x-1\/2\">\n<div class=\"w-max text-center sm:text-left\">\n<div class=\"custom-gradient-background mb-6 rounded-md p-(2px) sm:rounded-tl-none\">\n<div class=\"flex flex-col rounded bg-white sm:rounded-tl-none\">\n                    <span class=\"-mt-4 block w-fit max-w-(calc(100%-1rem)) self-center bg-white px-3 text-center font-akshar text-xl font-medium capitalize text-gray-800 sm:max-w-(calc(100%-2.5rem)) sm:self-start sm:px-10 sm:text-left sm:text-2xl\">Nos meilleures offres de vente de printemps Amazon approuv\u00e9es par les \u00e9diteurs en ce moment<\/span><\/p>\n<div class=\"flex flex-col gap-3 p-3 pb-4 text-sm sm:p-10 sm:pt-6 sm:text-justify sm:text-base\">\n<div>\n<p>    \u00c9couteurs sans fil Apple AirPods Pro 3 \u00e0 r\u00e9duction de bruit et fr\u00e9quence cardiaque<\/p>\n<p>                                <span class=\"text-black\"><br \/>\n                                    \u2014<br \/>\n                                    <span class=\"font-bold\">199,00\u00a0$<\/span><br \/>\n                                    <span class=\"!text-xs italic sm:!text-sm\"><\/p>\n<p>                                        (Prix catalogue 249,00 $)<br \/>\n                                    <\/span><br \/>\n                                <\/span>\n                            <\/div>\n<div>\n<p>    Apple iPad 11&Prime; 128 Go A16 WiFi Tablette (Bleu, 2025)<\/p>\n<p>                                <span class=\"text-black\"><br \/>\n                                    \u2014<br \/>\n                                    <span class=\"font-bold\">299,00\u00a0$<\/span><br \/>\n                                    <span class=\"!text-xs italic sm:!text-sm\"><\/p>\n<p>                                        (Prix catalogue 349,00 $)<br \/>\n                                    <\/span><br \/>\n                                <\/span>\n                            <\/div>\n<div>\n<p>    Tablette Samsung Galaxy Tab A11+ 128 Go Wi-Fi 11&Prime; (Gris)<\/p>\n<p>                                <span class=\"text-black\"><br \/>\n                                    \u2014<br \/>\n                                    <span class=\"font-bold\">202,00\u00a0$<\/span><br \/>\n                                    <span class=\"!text-xs italic sm:!text-sm\"><\/p>\n<p>                                        (Prix catalogue 249,99 $)<br \/>\n                                    <\/span><br \/>\n                                <\/span>\n                            <\/div>\n<div>\n<p>    Apple Watch Series 11 (GPS, 42 mm, bracelet sport noir S\/M)<\/p>\n<p>                                <span class=\"text-black\"><br \/>\n                                    \u2014<br \/>\n                                    <span class=\"font-bold\">329,00\u00a0$<\/span><br \/>\n                                    <span class=\"!text-xs italic sm:!text-sm\"><\/p>\n<p>                                        (Prix catalogue 399,00 $)<br \/>\n                                    <\/span><br \/>\n                                <\/span>\n                            <\/div>\n<div>\n<p>    Sony WH-1000XM5<\/p>\n<p>                                <span class=\"text-black\"><br \/>\n                                    \u2014<br \/>\n                                    <span class=\"font-bold\">298,00\u00a0$<\/span><br \/>\n                                    <span class=\"!text-xs italic sm:!text-sm\"><\/p>\n<p>                                        (Prix catalogue 399,99\u00a0$)<br \/>\n                                    <\/span><br \/>\n                                <\/span>\n                            <\/div>\n<\/p><\/div>\n<\/p><\/div>\n<\/p><\/div>\n<div class=\"flex flex-col items-center justify-between text-black sm:flex-row sm:px-6\">\n                <span class=\"text-xs italic sm:ml-7 sm:text-sm\">Les offres sont s\u00e9lectionn\u00e9es par notre \u00e9quipe commerciale<\/span><\/p><\/div>\n<\/p><\/div>\n<\/p><\/div>\n","protected":false},"excerpt":{"rendered":"<p>Nous pouvons gagner une commission sur les liens sur cette page. Les prix et la disponibilit\u00e9 de l&rsquo;offre sont sujets \u00e0 changement apr\u00e8s la publication.<\/p>\n","protected":false},"author":1,"featured_media":13274,"comment_status":"","ping_status":"","sticky":false,"template":"","format":"standard","meta":{"footnotes":""},"categories":[13],"tags":[1259,76,8585,1429,308,151,161,8406],"class_list":["post-13273","post","type-post","status-publish","format-standard","has-post-thumbnail","hentry","category-technologie","tag-domestique","tag-est","tag-eufy","tag-moment","tag-reduction","tag-securite","tag-systeme","tag-toutenun","generate-columns","tablet-grid-50","mobile-grid-100","grid-parent","grid-33"],"yoast_head":"<!-- This site is optimized with the Yoast SEO plugin v24.0 - https:\/\/yoast.com\/wordpress\/plugins\/seo\/ -->\n<title>Ce syst\u00e8me de s\u00e9curit\u00e9 domestique tout-en-un Eufy est \u00e0 100 $ de r\u00e9duction en ce moment | Vie Associative<\/title>\n<meta name=\"robots\" content=\"index, follow, max-snippet:-1, max-image-preview:large, max-video-preview:-1\" \/>\n<link rel=\"canonical\" href=\"https:\/\/vieassociative.be\/actualites\/ce-systeme-de-securite-domestique-tout-en-un-eufy-est-a-100-de-reduction-en-ce-moment\/\" \/>\n<meta property=\"og:locale\" content=\"fr_FR\" \/>\n<meta property=\"og:type\" content=\"article\" \/>\n<meta property=\"og:title\" content=\"Ce syst\u00e8me de s\u00e9curit\u00e9 domestique tout-en-un Eufy est \u00e0 100 $ de r\u00e9duction en ce moment | Vie Associative\" \/>\n<meta property=\"og:description\" content=\"Nous pouvons gagner une commission sur les liens sur cette page. Les prix et la disponibilit\u00e9 de l&rsquo;offre sont sujets \u00e0 changement apr\u00e8s la publication.\" \/>\n<meta property=\"og:url\" content=\"https:\/\/vieassociative.be\/actualites\/ce-systeme-de-securite-domestique-tout-en-un-eufy-est-a-100-de-reduction-en-ce-moment\/\" \/>\n<meta property=\"og:site_name\" content=\"Vie Associative\" \/>\n<meta property=\"article:published_time\" content=\"2026-04-01T14:18:05+00:00\" \/>\n<meta property=\"og:image\" content=\"https:\/\/vieassociative.be\/actualites\/wp-content\/uploads\/2026\/04\/Ce-systeme-de-securite-domestique-tout-en-un-Eufy-est-a-100.jpg\" \/>\n<meta name=\"author\" content=\"Julien\" \/>\n<meta name=\"twitter:card\" content=\"summary_large_image\" \/>\n<meta name=\"twitter:label1\" content=\"\u00c9crit par\" \/>\n\t<meta name=\"twitter:data1\" content=\"Julien\" \/>\n\t<meta name=\"twitter:label2\" content=\"Dur\u00e9e de lecture est.\" \/>\n\t<meta name=\"twitter:data2\" content=\"3 minutes\" \/>\n<script type=\"application\/ld+json\" class=\"yoast-schema-graph\">{\"@context\":\"https:\/\/schema.org\",\"@graph\":[{\"@type\":\"Article\",\"@id\":\"https:\/\/vieassociative.be\/actualites\/ce-systeme-de-securite-domestique-tout-en-un-eufy-est-a-100-de-reduction-en-ce-moment\/#article\",\"isPartOf\":{\"@id\":\"https:\/\/vieassociative.be\/actualites\/ce-systeme-de-securite-domestique-tout-en-un-eufy-est-a-100-de-reduction-en-ce-moment\/\"},\"author\":{\"name\":\"Julien\",\"@id\":\"https:\/\/vieassociative.be\/actualites\/#\/schema\/person\/b87ac4f82f9d4e7b7cec7395b679edc4\"},\"headline\":\"Ce syst\u00e8me de s\u00e9curit\u00e9 domestique tout-en-un Eufy est \u00e0 100 $ de r\u00e9duction en ce moment\",\"datePublished\":\"2026-04-01T14:18:05+00:00\",\"dateModified\":\"2026-04-01T14:18:05+00:00\",\"mainEntityOfPage\":{\"@id\":\"https:\/\/vieassociative.be\/actualites\/ce-systeme-de-securite-domestique-tout-en-un-eufy-est-a-100-de-reduction-en-ce-moment\/\"},\"wordCount\":598,\"publisher\":{\"@id\":\"https:\/\/vieassociative.be\/actualites\/#organization\"},\"image\":{\"@id\":\"https:\/\/vieassociative.be\/actualites\/ce-systeme-de-securite-domestique-tout-en-un-eufy-est-a-100-de-reduction-en-ce-moment\/#primaryimage\"},\"thumbnailUrl\":\"https:\/\/vieassociative.be\/actualites\/wp-content\/uploads\/2026\/04\/Ce-systeme-de-securite-domestique-tout-en-un-Eufy-est-a-100.png\",\"keywords\":[\"domestique\",\"est\",\"EUFY\",\"moment\",\"r\u00e9duction\",\"s\u00e9curit\u00e9\",\"syst\u00e8me\",\"toutenun\"],\"articleSection\":[\"Technologie\"],\"inLanguage\":\"fr-BE\"},{\"@type\":\"WebPage\",\"@id\":\"https:\/\/vieassociative.be\/actualites\/ce-systeme-de-securite-domestique-tout-en-un-eufy-est-a-100-de-reduction-en-ce-moment\/\",\"url\":\"https:\/\/vieassociative.be\/actualites\/ce-systeme-de-securite-domestique-tout-en-un-eufy-est-a-100-de-reduction-en-ce-moment\/\",\"name\":\"Ce syst\u00e8me de s\u00e9curit\u00e9 domestique tout-en-un Eufy est \u00e0 100 $ de r\u00e9duction en ce moment | Vie Associative\",\"isPartOf\":{\"@id\":\"https:\/\/vieassociative.be\/actualites\/#website\"},\"primaryImageOfPage\":{\"@id\":\"https:\/\/vieassociative.be\/actualites\/ce-systeme-de-securite-domestique-tout-en-un-eufy-est-a-100-de-reduction-en-ce-moment\/#primaryimage\"},\"image\":{\"@id\":\"https:\/\/vieassociative.be\/actualites\/ce-systeme-de-securite-domestique-tout-en-un-eufy-est-a-100-de-reduction-en-ce-moment\/#primaryimage\"},\"thumbnailUrl\":\"https:\/\/vieassociative.be\/actualites\/wp-content\/uploads\/2026\/04\/Ce-systeme-de-securite-domestique-tout-en-un-Eufy-est-a-100.png\",\"datePublished\":\"2026-04-01T14:18:05+00:00\",\"dateModified\":\"2026-04-01T14:18:05+00:00\",\"breadcrumb\":{\"@id\":\"https:\/\/vieassociative.be\/actualites\/ce-systeme-de-securite-domestique-tout-en-un-eufy-est-a-100-de-reduction-en-ce-moment\/#breadcrumb\"},\"inLanguage\":\"fr-BE\",\"potentialAction\":[{\"@type\":\"ReadAction\",\"target\":[\"https:\/\/vieassociative.be\/actualites\/ce-systeme-de-securite-domestique-tout-en-un-eufy-est-a-100-de-reduction-en-ce-moment\/\"]}]},{\"@type\":\"ImageObject\",\"inLanguage\":\"fr-BE\",\"@id\":\"https:\/\/vieassociative.be\/actualites\/ce-systeme-de-securite-domestique-tout-en-un-eufy-est-a-100-de-reduction-en-ce-moment\/#primaryimage\",\"url\":\"https:\/\/vieassociative.be\/actualites\/wp-content\/uploads\/2026\/04\/Ce-systeme-de-securite-domestique-tout-en-un-Eufy-est-a-100.png\",\"contentUrl\":\"https:\/\/vieassociative.be\/actualites\/wp-content\/uploads\/2026\/04\/Ce-systeme-de-securite-domestique-tout-en-un-Eufy-est-a-100.png\",\"width\":1200,\"height\":675,\"caption\":\"Ce syst\u00e8me de s\u00e9curit\u00e9 domestique tout-en-un Eufy est \u00e0 100 $ de r\u00e9duction en ce moment\"},{\"@type\":\"BreadcrumbList\",\"@id\":\"https:\/\/vieassociative.be\/actualites\/ce-systeme-de-securite-domestique-tout-en-un-eufy-est-a-100-de-reduction-en-ce-moment\/#breadcrumb\",\"itemListElement\":[{\"@type\":\"ListItem\",\"position\":1,\"name\":\"Accueil\",\"item\":\"https:\/\/vieassociative.be\/actualites\/\"},{\"@type\":\"ListItem\",\"position\":2,\"name\":\"Ce syst\u00e8me de s\u00e9curit\u00e9 domestique tout-en-un Eufy est \u00e0 100 $ de r\u00e9duction en ce moment\"}]},{\"@type\":\"WebSite\",\"@id\":\"https:\/\/vieassociative.be\/actualites\/#website\",\"url\":\"https:\/\/vieassociative.be\/actualites\/\",\"name\":\"Vie Associative\",\"description\":\"\",\"publisher\":{\"@id\":\"https:\/\/vieassociative.be\/actualites\/#organization\"},\"potentialAction\":[{\"@type\":\"SearchAction\",\"target\":{\"@type\":\"EntryPoint\",\"urlTemplate\":\"https:\/\/vieassociative.be\/actualites\/?s={search_term_string}\"},\"query-input\":{\"@type\":\"PropertyValueSpecification\",\"valueRequired\":true,\"valueName\":\"search_term_string\"}}],\"inLanguage\":\"fr-BE\"},{\"@type\":\"Organization\",\"@id\":\"https:\/\/vieassociative.be\/actualites\/#organization\",\"name\":\"Vie Associative\",\"url\":\"https:\/\/vieassociative.be\/actualites\/\",\"logo\":{\"@type\":\"ImageObject\",\"inLanguage\":\"fr-BE\",\"@id\":\"https:\/\/vieassociative.be\/actualites\/#\/schema\/logo\/image\/\",\"url\":\"https:\/\/vieassociative.be\/actualites\/wp-content\/uploads\/2024\/09\/cropped-vieassociative_favicon.ico.png\",\"contentUrl\":\"https:\/\/vieassociative.be\/actualites\/wp-content\/uploads\/2024\/09\/cropped-vieassociative_favicon.ico.png\",\"width\":512,\"height\":512,\"caption\":\"Vie Associative\"},\"image\":{\"@id\":\"https:\/\/vieassociative.be\/actualites\/#\/schema\/logo\/image\/\"}},{\"@type\":\"Person\",\"@id\":\"https:\/\/vieassociative.be\/actualites\/#\/schema\/person\/b87ac4f82f9d4e7b7cec7395b679edc4\",\"name\":\"Julien\",\"image\":{\"@type\":\"ImageObject\",\"inLanguage\":\"fr-BE\",\"@id\":\"https:\/\/vieassociative.be\/actualites\/#\/schema\/person\/image\/\",\"url\":\"https:\/\/vieassociative.be\/actualites\/wp-content\/uploads\/2024\/09\/vie-associative-1-150x150.jpg\",\"contentUrl\":\"https:\/\/vieassociative.be\/actualites\/wp-content\/uploads\/2024\/09\/vie-associative-1-150x150.jpg\",\"caption\":\"Julien\"},\"description\":\"Je suis Julien, r\u00e9dacteur pour Vie Associative. Passionn\u00e9 par le monde associatif depuis plus de 10 ans, j'ai \u00e0 c\u0153ur de partager des histoires inspirantes et de mettre en lumi\u00e8re les initiatives locales. Mon objectif est de sensibiliser et d'encourager l'engagement communautaire \u00e0 travers mes articles.\",\"sameAs\":[\"https:\/\/vieassociative.be\/\"]}]}<\/script>\n<!-- \/ Yoast SEO plugin. -->","yoast_head_json":{"title":"Ce syst\u00e8me de s\u00e9curit\u00e9 domestique tout-en-un Eufy est \u00e0 100 $ de r\u00e9duction en ce moment | Vie Associative","robots":{"index":"index","follow":"follow","max-snippet":"max-snippet:-1","max-image-preview":"max-image-preview:large","max-video-preview":"max-video-preview:-1"},"canonical":"https:\/\/vieassociative.be\/actualites\/ce-systeme-de-securite-domestique-tout-en-un-eufy-est-a-100-de-reduction-en-ce-moment\/","og_locale":"fr_FR","og_type":"article","og_title":"Ce syst\u00e8me de s\u00e9curit\u00e9 domestique tout-en-un Eufy est \u00e0 100 $ de r\u00e9duction en ce moment | Vie Associative","og_description":"Nous pouvons gagner une commission sur les liens sur cette page. Les prix et la disponibilit\u00e9 de l&rsquo;offre sont sujets \u00e0 changement apr\u00e8s la publication.","og_url":"https:\/\/vieassociative.be\/actualites\/ce-systeme-de-securite-domestique-tout-en-un-eufy-est-a-100-de-reduction-en-ce-moment\/","og_site_name":"Vie Associative","article_published_time":"2026-04-01T14:18:05+00:00","og_image":[{"url":"https:\/\/vieassociative.be\/actualites\/wp-content\/uploads\/2026\/04\/Ce-systeme-de-securite-domestique-tout-en-un-Eufy-est-a-100.jpg","type":"","width":"","height":""}],"author":"Julien","twitter_card":"summary_large_image","twitter_misc":{"\u00c9crit par":"Julien","Dur\u00e9e de lecture est.":"3 minutes"},"schema":{"@context":"https:\/\/schema.org","@graph":[{"@type":"Article","@id":"https:\/\/vieassociative.be\/actualites\/ce-systeme-de-securite-domestique-tout-en-un-eufy-est-a-100-de-reduction-en-ce-moment\/#article","isPartOf":{"@id":"https:\/\/vieassociative.be\/actualites\/ce-systeme-de-securite-domestique-tout-en-un-eufy-est-a-100-de-reduction-en-ce-moment\/"},"author":{"name":"Julien","@id":"https:\/\/vieassociative.be\/actualites\/#\/schema\/person\/b87ac4f82f9d4e7b7cec7395b679edc4"},"headline":"Ce syst\u00e8me de s\u00e9curit\u00e9 domestique tout-en-un Eufy est \u00e0 100 $ de r\u00e9duction en ce moment","datePublished":"2026-04-01T14:18:05+00:00","dateModified":"2026-04-01T14:18:05+00:00","mainEntityOfPage":{"@id":"https:\/\/vieassociative.be\/actualites\/ce-systeme-de-securite-domestique-tout-en-un-eufy-est-a-100-de-reduction-en-ce-moment\/"},"wordCount":598,"publisher":{"@id":"https:\/\/vieassociative.be\/actualites\/#organization"},"image":{"@id":"https:\/\/vieassociative.be\/actualites\/ce-systeme-de-securite-domestique-tout-en-un-eufy-est-a-100-de-reduction-en-ce-moment\/#primaryimage"},"thumbnailUrl":"https:\/\/vieassociative.be\/actualites\/wp-content\/uploads\/2026\/04\/Ce-systeme-de-securite-domestique-tout-en-un-Eufy-est-a-100.png","keywords":["domestique","est","EUFY","moment","r\u00e9duction","s\u00e9curit\u00e9","syst\u00e8me","toutenun"],"articleSection":["Technologie"],"inLanguage":"fr-BE"},{"@type":"WebPage","@id":"https:\/\/vieassociative.be\/actualites\/ce-systeme-de-securite-domestique-tout-en-un-eufy-est-a-100-de-reduction-en-ce-moment\/","url":"https:\/\/vieassociative.be\/actualites\/ce-systeme-de-securite-domestique-tout-en-un-eufy-est-a-100-de-reduction-en-ce-moment\/","name":"Ce syst\u00e8me de s\u00e9curit\u00e9 domestique tout-en-un Eufy est \u00e0 100 $ de r\u00e9duction en ce moment | Vie Associative","isPartOf":{"@id":"https:\/\/vieassociative.be\/actualites\/#website"},"primaryImageOfPage":{"@id":"https:\/\/vieassociative.be\/actualites\/ce-systeme-de-securite-domestique-tout-en-un-eufy-est-a-100-de-reduction-en-ce-moment\/#primaryimage"},"image":{"@id":"https:\/\/vieassociative.be\/actualites\/ce-systeme-de-securite-domestique-tout-en-un-eufy-est-a-100-de-reduction-en-ce-moment\/#primaryimage"},"thumbnailUrl":"https:\/\/vieassociative.be\/actualites\/wp-content\/uploads\/2026\/04\/Ce-systeme-de-securite-domestique-tout-en-un-Eufy-est-a-100.png","datePublished":"2026-04-01T14:18:05+00:00","dateModified":"2026-04-01T14:18:05+00:00","breadcrumb":{"@id":"https:\/\/vieassociative.be\/actualites\/ce-systeme-de-securite-domestique-tout-en-un-eufy-est-a-100-de-reduction-en-ce-moment\/#breadcrumb"},"inLanguage":"fr-BE","potentialAction":[{"@type":"ReadAction","target":["https:\/\/vieassociative.be\/actualites\/ce-systeme-de-securite-domestique-tout-en-un-eufy-est-a-100-de-reduction-en-ce-moment\/"]}]},{"@type":"ImageObject","inLanguage":"fr-BE","@id":"https:\/\/vieassociative.be\/actualites\/ce-systeme-de-securite-domestique-tout-en-un-eufy-est-a-100-de-reduction-en-ce-moment\/#primaryimage","url":"https:\/\/vieassociative.be\/actualites\/wp-content\/uploads\/2026\/04\/Ce-systeme-de-securite-domestique-tout-en-un-Eufy-est-a-100.png","contentUrl":"https:\/\/vieassociative.be\/actualites\/wp-content\/uploads\/2026\/04\/Ce-systeme-de-securite-domestique-tout-en-un-Eufy-est-a-100.png","width":1200,"height":675,"caption":"Ce syst\u00e8me de s\u00e9curit\u00e9 domestique tout-en-un Eufy est \u00e0 100 $ de r\u00e9duction en ce moment"},{"@type":"BreadcrumbList","@id":"https:\/\/vieassociative.be\/actualites\/ce-systeme-de-securite-domestique-tout-en-un-eufy-est-a-100-de-reduction-en-ce-moment\/#breadcrumb","itemListElement":[{"@type":"ListItem","position":1,"name":"Accueil","item":"https:\/\/vieassociative.be\/actualites\/"},{"@type":"ListItem","position":2,"name":"Ce syst\u00e8me de s\u00e9curit\u00e9 domestique tout-en-un Eufy est \u00e0 100 $ de r\u00e9duction en ce moment"}]},{"@type":"WebSite","@id":"https:\/\/vieassociative.be\/actualites\/#website","url":"https:\/\/vieassociative.be\/actualites\/","name":"Vie Associative","description":"","publisher":{"@id":"https:\/\/vieassociative.be\/actualites\/#organization"},"potentialAction":[{"@type":"SearchAction","target":{"@type":"EntryPoint","urlTemplate":"https:\/\/vieassociative.be\/actualites\/?s={search_term_string}"},"query-input":{"@type":"PropertyValueSpecification","valueRequired":true,"valueName":"search_term_string"}}],"inLanguage":"fr-BE"},{"@type":"Organization","@id":"https:\/\/vieassociative.be\/actualites\/#organization","name":"Vie Associative","url":"https:\/\/vieassociative.be\/actualites\/","logo":{"@type":"ImageObject","inLanguage":"fr-BE","@id":"https:\/\/vieassociative.be\/actualites\/#\/schema\/logo\/image\/","url":"https:\/\/vieassociative.be\/actualites\/wp-content\/uploads\/2024\/09\/cropped-vieassociative_favicon.ico.png","contentUrl":"https:\/\/vieassociative.be\/actualites\/wp-content\/uploads\/2024\/09\/cropped-vieassociative_favicon.ico.png","width":512,"height":512,"caption":"Vie Associative"},"image":{"@id":"https:\/\/vieassociative.be\/actualites\/#\/schema\/logo\/image\/"}},{"@type":"Person","@id":"https:\/\/vieassociative.be\/actualites\/#\/schema\/person\/b87ac4f82f9d4e7b7cec7395b679edc4","name":"Julien","image":{"@type":"ImageObject","inLanguage":"fr-BE","@id":"https:\/\/vieassociative.be\/actualites\/#\/schema\/person\/image\/","url":"https:\/\/vieassociative.be\/actualites\/wp-content\/uploads\/2024\/09\/vie-associative-1-150x150.jpg","contentUrl":"https:\/\/vieassociative.be\/actualites\/wp-content\/uploads\/2024\/09\/vie-associative-1-150x150.jpg","caption":"Julien"},"description":"Je suis Julien, r\u00e9dacteur pour Vie Associative. Passionn\u00e9 par le monde associatif depuis plus de 10 ans, j'ai \u00e0 c\u0153ur de partager des histoires inspirantes et de mettre en lumi\u00e8re les initiatives locales. Mon objectif est de sensibiliser et d'encourager l'engagement communautaire \u00e0 travers mes articles.","sameAs":["https:\/\/vieassociative.be\/"]}]}},"_links":{"self":[{"href":"https:\/\/vieassociative.be\/actualites\/wp-json\/wp\/v2\/posts\/13273"}],"collection":[{"href":"https:\/\/vieassociative.be\/actualites\/wp-json\/wp\/v2\/posts"}],"about":[{"href":"https:\/\/vieassociative.be\/actualites\/wp-json\/wp\/v2\/types\/post"}],"author":[{"embeddable":true,"href":"https:\/\/vieassociative.be\/actualites\/wp-json\/wp\/v2\/users\/1"}],"replies":[{"embeddable":true,"href":"https:\/\/vieassociative.be\/actualites\/wp-json\/wp\/v2\/comments?post=13273"}],"version-history":[{"count":0,"href":"https:\/\/vieassociative.be\/actualites\/wp-json\/wp\/v2\/posts\/13273\/revisions"}],"wp:featuredmedia":[{"embeddable":true,"href":"https:\/\/vieassociative.be\/actualites\/wp-json\/wp\/v2\/media\/13274"}],"wp:attachment":[{"href":"https:\/\/vieassociative.be\/actualites\/wp-json\/wp\/v2\/media?parent=13273"}],"wp:term":[{"taxonomy":"category","embeddable":true,"href":"https:\/\/vieassociative.be\/actualites\/wp-json\/wp\/v2\/categories?post=13273"},{"taxonomy":"post_tag","embeddable":true,"href":"https:\/\/vieassociative.be\/actualites\/wp-json\/wp\/v2\/tags?post=13273"}],"curies":[{"name":"wp","href":"https:\/\/api.w.org\/{rel}","templated":true}]}}