{"id":13271,"date":"2026-04-01T11:17:47","date_gmt":"2026-04-01T09:17:47","guid":{"rendered":"https:\/\/vieassociative.be\/actualites\/seul-lukebakio-se-demarque-du-b-elf-la-belgique-na-connu-aucun-moment-fort-lors-du-match-nul-1-1-contre-le-mexique\/"},"modified":"2026-04-01T11:17:47","modified_gmt":"2026-04-01T09:17:47","slug":"seul-lukebakio-se-demarque-du-b-elf-la-belgique-na-connu-aucun-moment-fort-lors-du-match-nul-1-1-contre-le-mexique","status":"publish","type":"post","link":"https:\/\/vieassociative.be\/actualites\/seul-lukebakio-se-demarque-du-b-elf-la-belgique-na-connu-aucun-moment-fort-lors-du-match-nul-1-1-contre-le-mexique\/","title":{"rendered":"Seul Lukebakio se d\u00e9marque du B-Elf &#8211; La Belgique n&rsquo;a connu aucun moment fort lors du match nul 1-1 contre le Mexique"},"content":{"rendered":"<p><strong>MISE \u00c0 JOUR \u2013 Lors de leur deuxi\u00e8me match pr\u00e9paratoire sur le sol am\u00e9ricain avant la Coupe du monde 2026, les Diables Rouges, tr\u00e8s chang\u00e9s, ont d\u00fb se contenter d&rsquo;un match nul 1-1 contre le Mexique apr\u00e8s une premi\u00e8re mi-temps inoubliable.<\/strong><\/p>\n<p><span id=\"more-438038\"><\/span>Le onze de d\u00e9part belge : Sels \u2013 Castagne, De Winter, Ngoy, De Cuyper \u2013 Witsel, Tielemans, De Bruyne \u2013 Lukebakio, Godts, Openda.<\/p>\n<p>L&rsquo;\u00e9quipe B des Diables Rouges, qui ne comptait que deux ou trois joueurs d\u00e8s le d\u00e9part et a battu samedi les \u00c9tats-Unis 5-2, pays h\u00f4te de la Coupe du Monde, a \u00e9t\u00e9 domin\u00e9e en premi\u00e8re mi-temps par les plaqueurs mexicains rapides, agiles et forts.<\/p>\n<\/p>\n<div id=\"attachment_438068\" class=\"wp-caption alignleft\" style=\"max-width: 300px\"><img fetchpriority=\"high\" decoding=\"async\" class=\"wp-image-438068 size-medium\" src=\"https:\/\/vieassociative.be\/actualites\/wp-content\/uploads\/2026\/04\/Seul-Lukebakio-se-demarque-du-B-Elf-La-Belgique-na.jpg\" alt=\"\" width=\"300\" height=\"200\"><\/div>\n<p>Les joueurs align\u00e9s par Rudi Garcia se sont montr\u00e9s bien trop indulgents envers les Mexicains, sup\u00e9rieurs dans tous les secteurs du jeu.<\/p>\n<p>Comme samedi contre les USA, la Belgique a de nouveau fait preuve de nervosit\u00e9 au d\u00e9but et a pris du retard apr\u00e8s un corner mal d\u00e9gag\u00e9 par la d\u00e9fense. Apr\u00e8s le rebond, Jorge Sanchez poussait le ballon au fond des filets et donnait l&rsquo;avantage au Mexique (1-0, 19e). Les \u00c9tats-Unis ont \u00e9galement pris l&rsquo;avantage apr\u00e8s un corner samedi. L&rsquo;\u00e9quipe de Garcia a encore beaucoup \u00e0 am\u00e9liorer avant le d\u00e9but de la Coupe du Monde.<\/p>\n<p>La pause beuverie ou publicitaire n\u2019a rien chang\u00e9. Les Diables Rouges ont eu des difficult\u00e9s tant en termes de jeu que d&rsquo;intensit\u00e9, ont \u00e9t\u00e9 perturb\u00e9s par le pressing adverse, n&rsquo;ont rien montr\u00e9 et ne se sont pas cr\u00e9\u00e9s d&rsquo;occasions, c&rsquo;est donc le Mexique qui a dict\u00e9 le rythme.<\/p>\n<\/p>\n<div id=\"attachment_438069\" class=\"wp-caption alignleft\" style=\"max-width: 300px\"><img decoding=\"async\" class=\"size-medium wp-image-438069\" src=\"https:\/\/vieassociative.be\/actualites\/wp-content\/uploads\/2026\/04\/1775035067_105_Seul-Lukebakio-se-demarque-du-B-Elf-La-Belgique-na.jpg\" alt=\"\" width=\"300\" height=\"200\"><\/div>\n<p>Les neuf changements apport\u00e9s par Garcia par rapport au premier match pr\u00e9paratoire \u00e9taient perceptibles. Rien de positif ne ressort de cette premi\u00e8re mi-temps. Luis Openda n&rsquo;a pas non plus pu faire ses preuves.<\/p>\n<p>En seconde p\u00e9riode, la Belgique a montr\u00e9 un tout autre visage. Imm\u00e9diatement apr\u00e8s la pause, Dodi Lukebakio, qui avait d\u00e9j\u00e0 marqu\u00e9 un doubl\u00e9 contre les \u00c9tats-Unis, a de nouveau tir\u00e9 du pied gauche dans le coin le plus \u00e9loign\u00e9 (1:1, 46e).<\/p>\n<p>Le but a \u00e9t\u00e9 bon pour la Belgique, elle a repris le contr\u00f4le du match, mais sans acc\u00e9l\u00e9rer le rythme ni se cr\u00e9er de r\u00e9elles occasions de but.<\/p>\n<p>Apr\u00e8s une heure, les deux entra\u00eeneurs ont proc\u00e9d\u00e9 \u00e0 de nombreux changements. Face \u00e0 un Mexique d\u00e9sormais plus d\u00e9sorganis\u00e9 et moins t\u00eatu qu&rsquo;en premi\u00e8re mi-temps, les Belges n&rsquo;ont toujours pas r\u00e9ussi \u00e0 faire la diff\u00e9rence pour repartir de Chicago avec une victoire.<\/p>\n<p>Les Diables Rouges ont encore deux matches amicaux en juin contre la Croatie et la Tunisie avant le d\u00e9but de la Coupe du monde. D&rsquo;ici l\u00e0, l&rsquo;entra\u00eeneur Garcia peut apprendre beaucoup des deux matches contre les \u00c9tats-Unis et le Mexique, qui \u00e9taient le but du long voyage des Diables Rouges aux \u00c9tats-Unis. (cr\u00e9er)<\/p>\n<h3>Lors de la Coupe du Monde, un match sur deux a lieu apr\u00e8s minuit (CEST).<\/h3>\n<p><strong>Le match test de l&rsquo;\u00e9quipe nationale belge de football contre le Mexique \u00e0 Chicago d\u00e9butera en Europe dans la nuit du mercredi 1er avril 2026, \u00e0 3h00 CEST (en direct sur RTL-TVI et vtm). Pour les supporters des Diables Rouges, cela signifie : soit mettre l&rsquo;alarme, soit ne pas dormir du tout !<\/strong><\/p>\n<p><!--more-->Cette rencontre donne un avant-go\u00fbt de ce \u00e0 quoi les fans de football peuvent s\u2019attendre lors de la Coupe du monde 2026. En raison du d\u00e9calage horaire, les tournois aux \u00c9tats-Unis, au Mexique et au Canada comportent de nombreux coups d&rsquo;envoi au milieu de la nuit europ\u00e9enne.<\/p>\n<p>Au total, 104 matchs sont au programme du tour final, qui a \u00e9t\u00e9 pour la premi\u00e8re fois \u00e9tendu \u00e0 48 \u00e9quipes. Parmi eux, 53 matchs d\u00e9buteront apr\u00e8s minuit, heure d&rsquo;\u00e9t\u00e9 d&rsquo;Europe centrale, tandis que 51 matchs d\u00e9buteront dans une fen\u00eatre horaire entre le d\u00e9but et la fin de la soir\u00e9e qui convient mieux aux t\u00e9l\u00e9spectateurs europ\u00e9ens.<\/p>\n<div id=\"attachment_438041\" class=\"wp-caption alignleft\" style=\"max-width: 300px\"><img decoding=\"async\" class=\"wp-image-438041 size-medium\" src=\"https:\/\/vieassociative.be\/actualites\/wp-content\/uploads\/2026\/04\/1775035067_200_Seul-Lukebakio-se-demarque-du-B-Elf-La-Belgique-na.jpg\" alt=\"\" width=\"300\" height=\"169\"><\/div>\n<p>La raison en est la situation g\u00e9ographique des pays h\u00f4tes : il existe un d\u00e9calage horaire de six \u00e0 neuf heures entre l&rsquo;Am\u00e9rique du Nord et l&rsquo;Europe centrale, selon le lieu. Un rendez-vous classique en soir\u00e9e \u00e0 20h. l\u2019heure locale correspond souvent \u00e0 une heure de coup d\u2019envoi entre 2h et 4h du matin en Europe.<\/p>\n<p>Cependant, cette exp\u00e9rience n\u2019est pas enti\u00e8rement nouvelle pour les fans belges. M\u00eame lors de la Coupe du Monde 1986 au Mexique, o\u00f9 la Belgique a termin\u00e9 quatri\u00e8me de fa\u00e7on sensationnelle, les supporters des Diables Rouges restaient souvent assis devant la t\u00e9l\u00e9vision jusque tard dans la nuit.<\/p>\n<p>Les matches \u00e0 \u00e9limination directe ont \u00e9t\u00e9 particuli\u00e8rement difficiles : les huiti\u00e8mes de finale contre l&rsquo;Union sovi\u00e9tique, les quarts de finale contre l&rsquo;Espagne et les demi-finales contre l&rsquo;Argentine ont tous d\u00e9but\u00e9 \u00e0 minuit (heure de Paris). Les huiti\u00e8mes de finale se sont sold\u00e9s par des prolongations, les quarts de finale se sont m\u00eame sold\u00e9s par des prolongations et des tirs au but. Les nuits \u00e9taient d\u2019autant plus longues pour les supporters qui regardaient les matchs en direct. Apr\u00e8s le succ\u00e8s dramatique contre l&rsquo;Espagne, de nombreuses personnes ont c\u00e9l\u00e9br\u00e9 jusqu&rsquo;au petit matin, parfois avec un cort\u00e8ge spontan\u00e9.<\/p>\n<p>Mais ce qui \u00e9tait d\u00e9j\u00e0 consid\u00e9r\u00e9 comme exceptionnel \u00e0 l&rsquo;\u00e9poque deviendra presque une r\u00e8gle en 2026 : alors qu&rsquo;en 1986 il n&rsquo;y avait que quelques coups d&rsquo;envoi tardifs, lors de la prochaine Coupe du monde, plus de la moiti\u00e9 de tous les matches europ\u00e9ens ne commenceront qu&rsquo;apr\u00e8s minuit. Dans le football mondial, l\u2019Europe n\u2019est plus le centre du monde. Des conditions comme celles de la Coupe du monde de 1970 au Mexique, o\u00f9 les joueurs \u00e9taient d\u00e9fi\u00e9s dans la chaleur de midi juste pour que le match puisse \u00eatre retransmis aux heures de grande \u00e9coute en Europe, sont r\u00e9volues.<\/p>\n<p>Pour les fans de football, cela signifie une fois de plus : si vous souhaitez regarder en direct le match des Diables Rouges contre le Mexique mercredi soir \u00e0 partir de 3 heures du matin (heure de Paris), vous n&rsquo;avez pas seulement besoin d&rsquo;enthousiasme pour le football, mais aussi d&rsquo;une bonne dose d&rsquo;endurance. (cr\u00e9er)<\/p>\n","protected":false},"excerpt":{"rendered":"<p>MISE \u00c0 JOUR \u2013 Lors de leur deuxi\u00e8me match pr\u00e9paratoire sur le sol am\u00e9ricain avant la Coupe du monde 2026, les Diables Rouges, tr\u00e8s chang\u00e9s,<\/p>\n","protected":false},"author":1,"featured_media":13272,"comment_status":"","ping_status":"","sticky":false,"template":"","format":"standard","meta":{"footnotes":""},"categories":[298],"tags":[3202,3329,383,6890,796,10400,5225,353,10399,2685,9295,1429,4158,1236],"class_list":["post-13271","post","type-post","status-publish","format-standard","has-post-thumbnail","hentry","category-belgique","tag-aucun","tag-belf","tag-belgique","tag-connu","tag-contre","tag-demarque","tag-fort","tag-lors","tag-lukebakio","tag-match","tag-mexique","tag-moment","tag-nul","tag-seul","generate-columns","tablet-grid-50","mobile-grid-100","grid-parent","grid-33"],"yoast_head":"<!-- This site is optimized with the Yoast SEO plugin v24.0 - https:\/\/yoast.com\/wordpress\/plugins\/seo\/ -->\n<title>Seul Lukebakio se d\u00e9marque du B-Elf - La Belgique n&#039;a connu aucun moment fort lors du match nul 1-1 contre le Mexique | Vie Associative<\/title>\n<meta name=\"robots\" content=\"index, follow, max-snippet:-1, max-image-preview:large, max-video-preview:-1\" \/>\n<link rel=\"canonical\" href=\"https:\/\/vieassociative.be\/actualites\/seul-lukebakio-se-demarque-du-b-elf-la-belgique-na-connu-aucun-moment-fort-lors-du-match-nul-1-1-contre-le-mexique\/\" \/>\n<meta property=\"og:locale\" content=\"fr_FR\" \/>\n<meta property=\"og:type\" content=\"article\" \/>\n<meta property=\"og:title\" content=\"Seul Lukebakio se d\u00e9marque du B-Elf - La Belgique n&#039;a connu aucun moment fort lors du match nul 1-1 contre le Mexique | Vie Associative\" \/>\n<meta property=\"og:description\" content=\"MISE \u00c0 JOUR \u2013 Lors de leur deuxi\u00e8me match pr\u00e9paratoire sur le sol am\u00e9ricain avant la Coupe du monde 2026, les Diables Rouges, tr\u00e8s chang\u00e9s,\" \/>\n<meta property=\"og:url\" content=\"https:\/\/vieassociative.be\/actualites\/seul-lukebakio-se-demarque-du-b-elf-la-belgique-na-connu-aucun-moment-fort-lors-du-match-nul-1-1-contre-le-mexique\/\" \/>\n<meta property=\"og:site_name\" content=\"Vie Associative\" \/>\n<meta property=\"article:published_time\" content=\"2026-04-01T09:17:47+00:00\" \/>\n<meta property=\"og:image\" content=\"https:\/\/vieassociative.be\/actualites\/wp-content\/uploads\/2024\/09\/header_backgroundk-01-e1726694325946.png\" \/>\n\t<meta property=\"og:image:width\" content=\"279\" \/>\n\t<meta property=\"og:image:height\" content=\"92\" \/>\n\t<meta property=\"og:image:type\" content=\"image\/png\" \/>\n<meta name=\"author\" content=\"Julien\" \/>\n<meta name=\"twitter:card\" content=\"summary_large_image\" \/>\n<meta name=\"twitter:label1\" content=\"\u00c9crit par\" \/>\n\t<meta name=\"twitter:data1\" content=\"Julien\" \/>\n\t<meta name=\"twitter:label2\" content=\"Dur\u00e9e de lecture est.\" \/>\n\t<meta name=\"twitter:data2\" content=\"5 minutes\" \/>\n<script type=\"application\/ld+json\" class=\"yoast-schema-graph\">{\"@context\":\"https:\/\/schema.org\",\"@graph\":[{\"@type\":\"Article\",\"@id\":\"https:\/\/vieassociative.be\/actualites\/seul-lukebakio-se-demarque-du-b-elf-la-belgique-na-connu-aucun-moment-fort-lors-du-match-nul-1-1-contre-le-mexique\/#article\",\"isPartOf\":{\"@id\":\"https:\/\/vieassociative.be\/actualites\/seul-lukebakio-se-demarque-du-b-elf-la-belgique-na-connu-aucun-moment-fort-lors-du-match-nul-1-1-contre-le-mexique\/\"},\"author\":{\"name\":\"Julien\",\"@id\":\"https:\/\/vieassociative.be\/actualites\/#\/schema\/person\/b87ac4f82f9d4e7b7cec7395b679edc4\"},\"headline\":\"Seul Lukebakio se d\u00e9marque du B-Elf &#8211; La Belgique n&rsquo;a connu aucun moment fort lors du match nul 1-1 contre le Mexique\",\"datePublished\":\"2026-04-01T09:17:47+00:00\",\"dateModified\":\"2026-04-01T09:17:47+00:00\",\"mainEntityOfPage\":{\"@id\":\"https:\/\/vieassociative.be\/actualites\/seul-lukebakio-se-demarque-du-b-elf-la-belgique-na-connu-aucun-moment-fort-lors-du-match-nul-1-1-contre-le-mexique\/\"},\"wordCount\":1098,\"publisher\":{\"@id\":\"https:\/\/vieassociative.be\/actualites\/#organization\"},\"image\":{\"@id\":\"https:\/\/vieassociative.be\/actualites\/seul-lukebakio-se-demarque-du-b-elf-la-belgique-na-connu-aucun-moment-fort-lors-du-match-nul-1-1-contre-le-mexique\/#primaryimage\"},\"thumbnailUrl\":\"https:\/\/vieassociative.be\/actualites\/wp-content\/uploads\/2026\/04\/1775035068_Seul-Lukebakio-se-demarque-du-B-Elf-La-Belgique-na.jpg\",\"keywords\":[\"aucun\",\"BElf\",\"Belgique\",\"connu\",\"contre\",\"d\u00e9marque\",\"fort\",\"lors\",\"Lukebakio\",\"match\",\"Mexique\",\"moment\",\"nul\",\"seul\"],\"articleSection\":[\"Belgique\"],\"inLanguage\":\"fr-BE\"},{\"@type\":\"WebPage\",\"@id\":\"https:\/\/vieassociative.be\/actualites\/seul-lukebakio-se-demarque-du-b-elf-la-belgique-na-connu-aucun-moment-fort-lors-du-match-nul-1-1-contre-le-mexique\/\",\"url\":\"https:\/\/vieassociative.be\/actualites\/seul-lukebakio-se-demarque-du-b-elf-la-belgique-na-connu-aucun-moment-fort-lors-du-match-nul-1-1-contre-le-mexique\/\",\"name\":\"Seul Lukebakio se d\u00e9marque du B-Elf - La Belgique n'a connu aucun moment fort lors du match nul 1-1 contre le Mexique | Vie Associative\",\"isPartOf\":{\"@id\":\"https:\/\/vieassociative.be\/actualites\/#website\"},\"primaryImageOfPage\":{\"@id\":\"https:\/\/vieassociative.be\/actualites\/seul-lukebakio-se-demarque-du-b-elf-la-belgique-na-connu-aucun-moment-fort-lors-du-match-nul-1-1-contre-le-mexique\/#primaryimage\"},\"image\":{\"@id\":\"https:\/\/vieassociative.be\/actualites\/seul-lukebakio-se-demarque-du-b-elf-la-belgique-na-connu-aucun-moment-fort-lors-du-match-nul-1-1-contre-le-mexique\/#primaryimage\"},\"thumbnailUrl\":\"https:\/\/vieassociative.be\/actualites\/wp-content\/uploads\/2026\/04\/1775035068_Seul-Lukebakio-se-demarque-du-B-Elf-La-Belgique-na.jpg\",\"datePublished\":\"2026-04-01T09:17:47+00:00\",\"dateModified\":\"2026-04-01T09:17:47+00:00\",\"breadcrumb\":{\"@id\":\"https:\/\/vieassociative.be\/actualites\/seul-lukebakio-se-demarque-du-b-elf-la-belgique-na-connu-aucun-moment-fort-lors-du-match-nul-1-1-contre-le-mexique\/#breadcrumb\"},\"inLanguage\":\"fr-BE\",\"potentialAction\":[{\"@type\":\"ReadAction\",\"target\":[\"https:\/\/vieassociative.be\/actualites\/seul-lukebakio-se-demarque-du-b-elf-la-belgique-na-connu-aucun-moment-fort-lors-du-match-nul-1-1-contre-le-mexique\/\"]}]},{\"@type\":\"ImageObject\",\"inLanguage\":\"fr-BE\",\"@id\":\"https:\/\/vieassociative.be\/actualites\/seul-lukebakio-se-demarque-du-b-elf-la-belgique-na-connu-aucun-moment-fort-lors-du-match-nul-1-1-contre-le-mexique\/#primaryimage\",\"url\":\"https:\/\/vieassociative.be\/actualites\/wp-content\/uploads\/2026\/04\/1775035068_Seul-Lukebakio-se-demarque-du-B-Elf-La-Belgique-na.jpg\",\"contentUrl\":\"https:\/\/vieassociative.be\/actualites\/wp-content\/uploads\/2026\/04\/1775035068_Seul-Lukebakio-se-demarque-du-B-Elf-La-Belgique-na.jpg\",\"width\":1200,\"height\":800,\"caption\":\"Seul Lukebakio se d\u00e9marque du B-Elf - La Belgique n'a connu aucun moment fort lors du match nul 1-1 contre le Mexique\"},{\"@type\":\"BreadcrumbList\",\"@id\":\"https:\/\/vieassociative.be\/actualites\/seul-lukebakio-se-demarque-du-b-elf-la-belgique-na-connu-aucun-moment-fort-lors-du-match-nul-1-1-contre-le-mexique\/#breadcrumb\",\"itemListElement\":[{\"@type\":\"ListItem\",\"position\":1,\"name\":\"Accueil\",\"item\":\"https:\/\/vieassociative.be\/actualites\/\"},{\"@type\":\"ListItem\",\"position\":2,\"name\":\"Seul Lukebakio se d\u00e9marque du B-Elf &#8211; La Belgique n&rsquo;a connu aucun moment fort lors du match nul 1-1 contre le Mexique\"}]},{\"@type\":\"WebSite\",\"@id\":\"https:\/\/vieassociative.be\/actualites\/#website\",\"url\":\"https:\/\/vieassociative.be\/actualites\/\",\"name\":\"Vie Associative\",\"description\":\"\",\"publisher\":{\"@id\":\"https:\/\/vieassociative.be\/actualites\/#organization\"},\"potentialAction\":[{\"@type\":\"SearchAction\",\"target\":{\"@type\":\"EntryPoint\",\"urlTemplate\":\"https:\/\/vieassociative.be\/actualites\/?s={search_term_string}\"},\"query-input\":{\"@type\":\"PropertyValueSpecification\",\"valueRequired\":true,\"valueName\":\"search_term_string\"}}],\"inLanguage\":\"fr-BE\"},{\"@type\":\"Organization\",\"@id\":\"https:\/\/vieassociative.be\/actualites\/#organization\",\"name\":\"Vie Associative\",\"url\":\"https:\/\/vieassociative.be\/actualites\/\",\"logo\":{\"@type\":\"ImageObject\",\"inLanguage\":\"fr-BE\",\"@id\":\"https:\/\/vieassociative.be\/actualites\/#\/schema\/logo\/image\/\",\"url\":\"https:\/\/vieassociative.be\/actualites\/wp-content\/uploads\/2024\/09\/cropped-vieassociative_favicon.ico.png\",\"contentUrl\":\"https:\/\/vieassociative.be\/actualites\/wp-content\/uploads\/2024\/09\/cropped-vieassociative_favicon.ico.png\",\"width\":512,\"height\":512,\"caption\":\"Vie Associative\"},\"image\":{\"@id\":\"https:\/\/vieassociative.be\/actualites\/#\/schema\/logo\/image\/\"}},{\"@type\":\"Person\",\"@id\":\"https:\/\/vieassociative.be\/actualites\/#\/schema\/person\/b87ac4f82f9d4e7b7cec7395b679edc4\",\"name\":\"Julien\",\"image\":{\"@type\":\"ImageObject\",\"inLanguage\":\"fr-BE\",\"@id\":\"https:\/\/vieassociative.be\/actualites\/#\/schema\/person\/image\/\",\"url\":\"https:\/\/vieassociative.be\/actualites\/wp-content\/uploads\/2024\/09\/vie-associative-1-150x150.jpg\",\"contentUrl\":\"https:\/\/vieassociative.be\/actualites\/wp-content\/uploads\/2024\/09\/vie-associative-1-150x150.jpg\",\"caption\":\"Julien\"},\"description\":\"Je suis Julien, r\u00e9dacteur pour Vie Associative. Passionn\u00e9 par le monde associatif depuis plus de 10 ans, j'ai \u00e0 c\u0153ur de partager des histoires inspirantes et de mettre en lumi\u00e8re les initiatives locales. Mon objectif est de sensibiliser et d'encourager l'engagement communautaire \u00e0 travers mes articles.\",\"sameAs\":[\"https:\/\/vieassociative.be\/\"]}]}<\/script>\n<!-- \/ Yoast SEO plugin. -->","yoast_head_json":{"title":"Seul Lukebakio se d\u00e9marque du B-Elf - La Belgique n'a connu aucun moment fort lors du match nul 1-1 contre le Mexique | Vie Associative","robots":{"index":"index","follow":"follow","max-snippet":"max-snippet:-1","max-image-preview":"max-image-preview:large","max-video-preview":"max-video-preview:-1"},"canonical":"https:\/\/vieassociative.be\/actualites\/seul-lukebakio-se-demarque-du-b-elf-la-belgique-na-connu-aucun-moment-fort-lors-du-match-nul-1-1-contre-le-mexique\/","og_locale":"fr_FR","og_type":"article","og_title":"Seul Lukebakio se d\u00e9marque du B-Elf - La Belgique n'a connu aucun moment fort lors du match nul 1-1 contre le Mexique | Vie Associative","og_description":"MISE \u00c0 JOUR \u2013 Lors de leur deuxi\u00e8me match pr\u00e9paratoire sur le sol am\u00e9ricain avant la Coupe du monde 2026, les Diables Rouges, tr\u00e8s chang\u00e9s,","og_url":"https:\/\/vieassociative.be\/actualites\/seul-lukebakio-se-demarque-du-b-elf-la-belgique-na-connu-aucun-moment-fort-lors-du-match-nul-1-1-contre-le-mexique\/","og_site_name":"Vie Associative","article_published_time":"2026-04-01T09:17:47+00:00","og_image":[{"width":279,"height":92,"url":"https:\/\/vieassociative.be\/actualites\/wp-content\/uploads\/2024\/09\/header_backgroundk-01-e1726694325946.png","type":"image\/png"}],"author":"Julien","twitter_card":"summary_large_image","twitter_misc":{"\u00c9crit par":"Julien","Dur\u00e9e de lecture est.":"5 minutes"},"schema":{"@context":"https:\/\/schema.org","@graph":[{"@type":"Article","@id":"https:\/\/vieassociative.be\/actualites\/seul-lukebakio-se-demarque-du-b-elf-la-belgique-na-connu-aucun-moment-fort-lors-du-match-nul-1-1-contre-le-mexique\/#article","isPartOf":{"@id":"https:\/\/vieassociative.be\/actualites\/seul-lukebakio-se-demarque-du-b-elf-la-belgique-na-connu-aucun-moment-fort-lors-du-match-nul-1-1-contre-le-mexique\/"},"author":{"name":"Julien","@id":"https:\/\/vieassociative.be\/actualites\/#\/schema\/person\/b87ac4f82f9d4e7b7cec7395b679edc4"},"headline":"Seul Lukebakio se d\u00e9marque du B-Elf &#8211; La Belgique n&rsquo;a connu aucun moment fort lors du match nul 1-1 contre le Mexique","datePublished":"2026-04-01T09:17:47+00:00","dateModified":"2026-04-01T09:17:47+00:00","mainEntityOfPage":{"@id":"https:\/\/vieassociative.be\/actualites\/seul-lukebakio-se-demarque-du-b-elf-la-belgique-na-connu-aucun-moment-fort-lors-du-match-nul-1-1-contre-le-mexique\/"},"wordCount":1098,"publisher":{"@id":"https:\/\/vieassociative.be\/actualites\/#organization"},"image":{"@id":"https:\/\/vieassociative.be\/actualites\/seul-lukebakio-se-demarque-du-b-elf-la-belgique-na-connu-aucun-moment-fort-lors-du-match-nul-1-1-contre-le-mexique\/#primaryimage"},"thumbnailUrl":"https:\/\/vieassociative.be\/actualites\/wp-content\/uploads\/2026\/04\/1775035068_Seul-Lukebakio-se-demarque-du-B-Elf-La-Belgique-na.jpg","keywords":["aucun","BElf","Belgique","connu","contre","d\u00e9marque","fort","lors","Lukebakio","match","Mexique","moment","nul","seul"],"articleSection":["Belgique"],"inLanguage":"fr-BE"},{"@type":"WebPage","@id":"https:\/\/vieassociative.be\/actualites\/seul-lukebakio-se-demarque-du-b-elf-la-belgique-na-connu-aucun-moment-fort-lors-du-match-nul-1-1-contre-le-mexique\/","url":"https:\/\/vieassociative.be\/actualites\/seul-lukebakio-se-demarque-du-b-elf-la-belgique-na-connu-aucun-moment-fort-lors-du-match-nul-1-1-contre-le-mexique\/","name":"Seul Lukebakio se d\u00e9marque du B-Elf - La Belgique n'a connu aucun moment fort lors du match nul 1-1 contre le Mexique | Vie Associative","isPartOf":{"@id":"https:\/\/vieassociative.be\/actualites\/#website"},"primaryImageOfPage":{"@id":"https:\/\/vieassociative.be\/actualites\/seul-lukebakio-se-demarque-du-b-elf-la-belgique-na-connu-aucun-moment-fort-lors-du-match-nul-1-1-contre-le-mexique\/#primaryimage"},"image":{"@id":"https:\/\/vieassociative.be\/actualites\/seul-lukebakio-se-demarque-du-b-elf-la-belgique-na-connu-aucun-moment-fort-lors-du-match-nul-1-1-contre-le-mexique\/#primaryimage"},"thumbnailUrl":"https:\/\/vieassociative.be\/actualites\/wp-content\/uploads\/2026\/04\/1775035068_Seul-Lukebakio-se-demarque-du-B-Elf-La-Belgique-na.jpg","datePublished":"2026-04-01T09:17:47+00:00","dateModified":"2026-04-01T09:17:47+00:00","breadcrumb":{"@id":"https:\/\/vieassociative.be\/actualites\/seul-lukebakio-se-demarque-du-b-elf-la-belgique-na-connu-aucun-moment-fort-lors-du-match-nul-1-1-contre-le-mexique\/#breadcrumb"},"inLanguage":"fr-BE","potentialAction":[{"@type":"ReadAction","target":["https:\/\/vieassociative.be\/actualites\/seul-lukebakio-se-demarque-du-b-elf-la-belgique-na-connu-aucun-moment-fort-lors-du-match-nul-1-1-contre-le-mexique\/"]}]},{"@type":"ImageObject","inLanguage":"fr-BE","@id":"https:\/\/vieassociative.be\/actualites\/seul-lukebakio-se-demarque-du-b-elf-la-belgique-na-connu-aucun-moment-fort-lors-du-match-nul-1-1-contre-le-mexique\/#primaryimage","url":"https:\/\/vieassociative.be\/actualites\/wp-content\/uploads\/2026\/04\/1775035068_Seul-Lukebakio-se-demarque-du-B-Elf-La-Belgique-na.jpg","contentUrl":"https:\/\/vieassociative.be\/actualites\/wp-content\/uploads\/2026\/04\/1775035068_Seul-Lukebakio-se-demarque-du-B-Elf-La-Belgique-na.jpg","width":1200,"height":800,"caption":"Seul Lukebakio se d\u00e9marque du B-Elf - La Belgique n'a connu aucun moment fort lors du match nul 1-1 contre le Mexique"},{"@type":"BreadcrumbList","@id":"https:\/\/vieassociative.be\/actualites\/seul-lukebakio-se-demarque-du-b-elf-la-belgique-na-connu-aucun-moment-fort-lors-du-match-nul-1-1-contre-le-mexique\/#breadcrumb","itemListElement":[{"@type":"ListItem","position":1,"name":"Accueil","item":"https:\/\/vieassociative.be\/actualites\/"},{"@type":"ListItem","position":2,"name":"Seul Lukebakio se d\u00e9marque du B-Elf &#8211; La Belgique n&rsquo;a connu aucun moment fort lors du match nul 1-1 contre le Mexique"}]},{"@type":"WebSite","@id":"https:\/\/vieassociative.be\/actualites\/#website","url":"https:\/\/vieassociative.be\/actualites\/","name":"Vie Associative","description":"","publisher":{"@id":"https:\/\/vieassociative.be\/actualites\/#organization"},"potentialAction":[{"@type":"SearchAction","target":{"@type":"EntryPoint","urlTemplate":"https:\/\/vieassociative.be\/actualites\/?s={search_term_string}"},"query-input":{"@type":"PropertyValueSpecification","valueRequired":true,"valueName":"search_term_string"}}],"inLanguage":"fr-BE"},{"@type":"Organization","@id":"https:\/\/vieassociative.be\/actualites\/#organization","name":"Vie Associative","url":"https:\/\/vieassociative.be\/actualites\/","logo":{"@type":"ImageObject","inLanguage":"fr-BE","@id":"https:\/\/vieassociative.be\/actualites\/#\/schema\/logo\/image\/","url":"https:\/\/vieassociative.be\/actualites\/wp-content\/uploads\/2024\/09\/cropped-vieassociative_favicon.ico.png","contentUrl":"https:\/\/vieassociative.be\/actualites\/wp-content\/uploads\/2024\/09\/cropped-vieassociative_favicon.ico.png","width":512,"height":512,"caption":"Vie Associative"},"image":{"@id":"https:\/\/vieassociative.be\/actualites\/#\/schema\/logo\/image\/"}},{"@type":"Person","@id":"https:\/\/vieassociative.be\/actualites\/#\/schema\/person\/b87ac4f82f9d4e7b7cec7395b679edc4","name":"Julien","image":{"@type":"ImageObject","inLanguage":"fr-BE","@id":"https:\/\/vieassociative.be\/actualites\/#\/schema\/person\/image\/","url":"https:\/\/vieassociative.be\/actualites\/wp-content\/uploads\/2024\/09\/vie-associative-1-150x150.jpg","contentUrl":"https:\/\/vieassociative.be\/actualites\/wp-content\/uploads\/2024\/09\/vie-associative-1-150x150.jpg","caption":"Julien"},"description":"Je suis Julien, r\u00e9dacteur pour Vie Associative. Passionn\u00e9 par le monde associatif depuis plus de 10 ans, j'ai \u00e0 c\u0153ur de partager des histoires inspirantes et de mettre en lumi\u00e8re les initiatives locales. Mon objectif est de sensibiliser et d'encourager l'engagement communautaire \u00e0 travers mes articles.","sameAs":["https:\/\/vieassociative.be\/"]}]}},"_links":{"self":[{"href":"https:\/\/vieassociative.be\/actualites\/wp-json\/wp\/v2\/posts\/13271"}],"collection":[{"href":"https:\/\/vieassociative.be\/actualites\/wp-json\/wp\/v2\/posts"}],"about":[{"href":"https:\/\/vieassociative.be\/actualites\/wp-json\/wp\/v2\/types\/post"}],"author":[{"embeddable":true,"href":"https:\/\/vieassociative.be\/actualites\/wp-json\/wp\/v2\/users\/1"}],"replies":[{"embeddable":true,"href":"https:\/\/vieassociative.be\/actualites\/wp-json\/wp\/v2\/comments?post=13271"}],"version-history":[{"count":0,"href":"https:\/\/vieassociative.be\/actualites\/wp-json\/wp\/v2\/posts\/13271\/revisions"}],"wp:featuredmedia":[{"embeddable":true,"href":"https:\/\/vieassociative.be\/actualites\/wp-json\/wp\/v2\/media\/13272"}],"wp:attachment":[{"href":"https:\/\/vieassociative.be\/actualites\/wp-json\/wp\/v2\/media?parent=13271"}],"wp:term":[{"taxonomy":"category","embeddable":true,"href":"https:\/\/vieassociative.be\/actualites\/wp-json\/wp\/v2\/categories?post=13271"},{"taxonomy":"post_tag","embeddable":true,"href":"https:\/\/vieassociative.be\/actualites\/wp-json\/wp\/v2\/tags?post=13271"}],"curies":[{"name":"wp","href":"https:\/\/api.w.org\/{rel}","templated":true}]}}