{"id":13269,"date":"2026-04-01T10:17:37","date_gmt":"2026-04-01T08:17:37","guid":{"rendered":"https:\/\/vieassociative.be\/actualites\/les-airpods-max-dapple-beneficient-dune-reduction-de-150-pendant-quelques-heures-supplementaires\/"},"modified":"2026-04-01T10:17:37","modified_gmt":"2026-04-01T08:17:37","slug":"les-airpods-max-dapple-beneficient-dune-reduction-de-150-pendant-quelques-heures-supplementaires","status":"publish","type":"post","link":"https:\/\/vieassociative.be\/actualites\/les-airpods-max-dapple-beneficient-dune-reduction-de-150-pendant-quelques-heures-supplementaires\/","title":{"rendered":"Les AirPods Max d&rsquo;Apple b\u00e9n\u00e9ficient d&rsquo;une r\u00e9duction de 150 $ pendant quelques heures suppl\u00e9mentaires"},"content":{"rendered":"<p>Nous pouvons gagner une commission sur les liens sur cette page. Les prix et la disponibilit\u00e9 de l&rsquo;offre sont sujets \u00e0 changement apr\u00e8s la publication.<\/p>\n<p>J&rsquo;utilise Android depuis des ann\u00e9es, mais je viens de recevoir un iPhone \u00e0 No\u00ebl dernier et je me retrouve soudain \u00e0 convoiter les \u00e9couteurs haut de gamme d&rsquo;Apple, malgr\u00e9 leur prix \u00e9lev\u00e9. Les AirPods Max ont \u00e9t\u00e9 actualis\u00e9s lors de l\u2019\u00e9v\u00e9nement Apple 2024 et ont b\u00e9n\u00e9fici\u00e9 de mises \u00e0 jour int\u00e9ressantes, notamment la prise en charge de l\u2019audio spatial personnalis\u00e9, un port USB-C et des couleurs suppl\u00e9mentaires. En tant que tels, les AirPods Max 2024 offrent une exp\u00e9rience compl\u00e8te fantastique aux utilisateurs Apple, mais ils constituent \u00e9galement l&rsquo;une des paires d&rsquo;\u00e9couteurs les plus ch\u00e8res que vous puissiez acheter, co\u00fbtant normalement plus d&rsquo;un demi-mille. <\/p>\n<p>Mais avec le lancement r\u00e9cent des AirPods Max 2, la version 2024 b\u00e9n\u00e9ficie d\u2019une remise importante lors de la grande vente de printemps d\u2019Amazon. Oui, ils restent chers, mais lorsqu&rsquo;il s&rsquo;agit de produits phares d&rsquo;Apple, toute remise est une bonne remise, mais celle-ci ne dure que jusqu&rsquo;\u00e0 la fin de la vente ce soir.<\/p>\n<div class=\"pogoClear mb-12 mt-10 rounded-md border-2 border-gray-100 py-7 shadow-xl md:py-6\">\n<div class=\"flex flex-wrap justify-between px-7 text-black no-underline md:flex-nowrap md:px-8\">\n<div class=\"order-1 mx-auto flex flex-col justify-center md:order-2 md:ml-4 md:w-full md:grow\">\n<div class=\"block cursor-pointer text-center font-akshar text-2xl font-medium leading-7 text-brand-green duration-200 ease-in-out hover:text-brand-green-700 md:text-left md:text-xl md:leading-6\">Apple &#8211; AirPods Max (USB-C)\n                <\/div>\n<div class=\"mt-4 block font-sans text-sm font-medium leading-4 text-gray-900 md:mx-0 md:mt-2\">\n                    <\/div>\n<div class=\"mt-4 hidden md:flex md:justify-between\">\n<div class=\"self-end\">\n<div class=\"mb-0 h-11 md:flex md:flex-col md:justify-center\">\n<div class=\" font-sans leading-4 text-black\">\n<div class=\"flex flex-wrap items-center justify-center gap-1 md:justify-start\">\n        <span class=\"font-bold\"><\/p>\n<p>            399,99\u00a0$<br \/>\n                            <span class=\"font-medium\">chez Woot<\/span><br \/>\n                    <\/span>\n            <\/div>\n<div class=\"flex items-center justify-center gap-x-1 font-bold md:justify-start\">\n            <span class=\"text-sm line-through\">549,99\u00a0$<\/span><br \/>\n            <span class=\"text-sm text-brand-green\">\u00c9conomisez 150,00\u00a0$<\/span>\n        <\/div>\n<\/p><\/div>\n<\/p><\/div>\n<\/p><\/div>\n<div class=\"w-44 self-end\">\n                            <button class=\"flex justify-center items-center w-full bg-brand-green text-white text-base font-sans font-medium rounded-md hover:bg-brand-green-700 hover:cursor-pointer md:text-sm h-11\"><\/p>\n<p>    Obtenez une offre<br \/>\n<\/button>\n                        <\/div>\n<\/p><\/div>\n<\/p><\/div>\n<div class=\"order-2 mt-5 h-auto w-full md:order-1 md:mt-0 md:hidden\">\n<div class=\"flex aspect-video items-center justify-center\">\n                                            <img decoding=\"async\" class=\"m-0 max-h-full max-w-full rounded-md\" src=\"https:\/\/vieassociative.be\/actualites\/wp-content\/uploads\/2026\/04\/Les-AirPods-Max-dApple-beneficient-dune-reduction-de-150.png\" alt=\"Apple - AirPods Max (USB-C)\" width=\"auto\" height=\"auto\" loading=\"lazy\">\n                                    <\/div>\n<\/p><\/div>\n<div class=\"order-2 ml-2 hidden w-32 shrink-0 items-center md:order-1 md:ml-0 md:flex\">\n<div class=\"flex aspect-video items-center justify-center\">\n                                            <img decoding=\"async\" class=\"m-0 max-h-full max-w-full rounded-md\" src=\"https:\/\/vieassociative.be\/actualites\/wp-content\/uploads\/2026\/04\/Les-AirPods-Max-dApple-beneficient-dune-reduction-de-150.png\" alt=\"Apple - AirPods Max (USB-C)\" width=\"auto\" height=\"auto\" loading=\"lazy\">\n                                    <\/div>\n<\/p><\/div>\n<div class=\"order-3 flex grow flex-wrap md:hidden md:grow-0\">\n<div class=\"mt-4 w-full\">\n                        <button class=\"flex justify-center items-center w-full bg-brand-green text-white text-base font-sans font-medium rounded-md hover:bg-brand-green-700 hover:cursor-pointer md:text-sm h-11\"><\/p>\n<p>    Obtenez une offre<br \/>\n<\/button>\n                    <\/div>\n<div class=\"mx-2 mt-4 w-full\">\n<div class=\" font-sans leading-4 text-black\">\n<div class=\"flex flex-wrap items-center justify-center gap-1 md:justify-start\">\n        <span class=\"font-bold\"><\/p>\n<p>            399,99\u00a0$<br \/>\n                            <span class=\"font-medium\">chez Woot<\/span><br \/>\n                    <\/span>\n            <\/div>\n<div class=\"flex items-center justify-center gap-x-1 font-bold md:justify-start\">\n            <span class=\"text-sm line-through\">549,99\u00a0$<\/span><br \/>\n            <span class=\"text-sm text-brand-green\">\u00c9conomisez 150,00\u00a0$<\/span>\n        <\/div>\n<\/p><\/div>\n<\/p><\/div>\n<\/p><\/div>\n<\/p><\/div>\n<\/div>\n<p>Lorsque les AirPods Max sont sortis en 2020, il n&rsquo;y avait pas beaucoup de concurrence pour les \u00e9couteurs capables de g\u00e9rer la suppression active du bruit (ANC). <em>et<\/em> conscience ambiante <em>et<\/em> offrent des performances audio de premier ordre. De nos jours, vous disposez de beaucoup plus d\u2019options premium, mais les AirPods Max se portent toujours bien. De plus, ils font toujours un <em>d\u00e9claration<\/em>. Oui, vous payez un prix \u00e9lev\u00e9 pour la reconnaissance de la marque ainsi que pour la qualit\u00e9. Et si c&rsquo;est ce que vous recherchez, ces \u00e9couteurs sont ce qu&rsquo;il vous faut.<\/p>\n<p>En ce qui concerne les fonctionnalit\u00e9s, les AirPods Max ne sont pas remplis \u00e0 craquer, mais ce qui est ici est plut\u00f4t excellent (tout est tr\u00e8s conforme \u00e0 la marque, \u00e9tant donn\u00e9 le MO minimaliste d&rsquo;Apple). Ils font partie des meilleurs \u00e9couteurs ANC que vous puissiez acheter, ils offrent une bonne conscience de l&rsquo;environnement afin que vous puissiez entendre votre environnement pendant que vous \u00e9coutez, et ils offrent un \u00e9galiseur adaptatif et un son spatial qui ajuste automatiquement les niveaux en fonction de votre environnement, selon \u00ab\u00a0l&rsquo;excellent\u00a0\u00bb avis de PCMag. Les canettes mises \u00e0 jour prennent \u00e9galement d\u00e9sormais en charge l\u2019audio sans perte, l\u2019audio \u00e0 faible latence et l\u2019audio USB-C.<\/p>\n<p>Il y a quelques inconv\u00e9nients : ils sont plus lourds que de nombreuses paires d&rsquo;\u00e9couteurs, \u00e0 13,6 onces, en raison de l&rsquo;utilisation de m\u00e9tal pour le mat\u00e9riau de conception. Vous ne pouvez pas non plus r\u00e9gler manuellement l&rsquo;\u00e9galiseur \u00e0 votre guise, donc si vous n&rsquo;aimez pas la signature sonore, vous n&rsquo;avez pas de chance. Enfin, et ce n&rsquo;est peut-\u00eatre que moi, mais l&rsquo;\u00e9tui intelligent inclus est moche et ne prot\u00e8ge pas le maillage qui repose sur votre t\u00eate (une partie d\u00e9licate du casque), mais vous n&rsquo;avez pas la possibilit\u00e9 de ne pas l&rsquo;utiliser, car vous avez besoin de l&rsquo;\u00e9tui intelligent pour mettre vos \u00e9couteurs en mode \u00ab\u00a0veille\u00a0\u00bb afin de prolonger les 20 heures de batterie qui ne sont pas \u00e9puis\u00e9es.<\/p>\n<div class=\" relative flex justify-center py-16 md:left-1\/2 md:w-(780px) md:max-w-max md:-translate-x-1\/2\">\n<div class=\"w-max text-center sm:text-left\">\n<div class=\"custom-gradient-background mb-6 rounded-md p-(2px) sm:rounded-tl-none\">\n<div class=\"flex flex-col rounded bg-white sm:rounded-tl-none\">\n                    <span class=\"-mt-4 block w-fit max-w-(calc(100%-1rem)) self-center bg-white px-3 text-center font-akshar text-xl font-medium capitalize text-gray-800 sm:max-w-(calc(100%-2.5rem)) sm:self-start sm:px-10 sm:text-left sm:text-2xl\">Nos meilleures offres de vente de printemps Amazon approuv\u00e9es par les \u00e9diteurs en ce moment<\/span><\/p>\n<div class=\"flex flex-col gap-3 p-3 pb-4 text-sm sm:p-10 sm:pt-6 sm:text-justify sm:text-base\">\n<div>\n<p>    \u00c9couteurs sans fil Apple AirPods Pro 3 \u00e0 r\u00e9duction de bruit et fr\u00e9quence cardiaque<\/p>\n<p>                                <span class=\"text-black\"><br \/>\n                                    \u2014<br \/>\n                                    <span class=\"font-bold\">199,00\u00a0$<\/span><br \/>\n                                    <span class=\"!text-xs italic sm:!text-sm\"><\/p>\n<p>                                        (Prix catalogue 249,00 $)<br \/>\n                                    <\/span><br \/>\n                                <\/span>\n                            <\/div>\n<div>\n<p>    Apple iPad 11&Prime; 128 Go A16 WiFi Tablette (Bleu, 2025)<\/p>\n<p>                                <span class=\"text-black\"><br \/>\n                                    \u2014<br \/>\n                                    <span class=\"font-bold\">299,00\u00a0$<\/span><br \/>\n                                    <span class=\"!text-xs italic sm:!text-sm\"><\/p>\n<p>                                        (Prix catalogue 349,00 $)<br \/>\n                                    <\/span><br \/>\n                                <\/span>\n                            <\/div>\n<div>\n<p>    Tablette Samsung Galaxy Tab A11+ 128 Go Wi-Fi 11&Prime; (Gris)<\/p>\n<p>                                <span class=\"text-black\"><br \/>\n                                    \u2014<br \/>\n                                    <span class=\"font-bold\">202,00\u00a0$<\/span><br \/>\n                                    <span class=\"!text-xs italic sm:!text-sm\"><\/p>\n<p>                                        (Prix catalogue 249,99 $)<br \/>\n                                    <\/span><br \/>\n                                <\/span>\n                            <\/div>\n<div>\n<p>    Apple Watch Series 11 (GPS, 42 mm, bracelet sport noir S\/M)<\/p>\n<p>                                <span class=\"text-black\"><br \/>\n                                    \u2014<br \/>\n                                    <span class=\"font-bold\">329,00\u00a0$<\/span><br \/>\n                                    <span class=\"!text-xs italic sm:!text-sm\"><\/p>\n<p>                                        (Prix catalogue 399,00 $)<br \/>\n                                    <\/span><br \/>\n                                <\/span>\n                            <\/div>\n<div>\n<p>    Sonnette vid\u00e9o sans fil Blink (mod\u00e8le le plus r\u00e9cent) + module de synchronisation<\/p>\n<p>                                <span class=\"text-black\"><br \/>\n                                    \u2014<br \/>\n                                    <span class=\"font-bold\">69,99\u00a0$<\/span><br \/>\n                                    <span class=\"!text-xs italic sm:!text-sm\"><\/p>\n<p>                                        (Prix catalogue 69,99 $)<br \/>\n                                    <\/span><br \/>\n                                <\/span>\n                            <\/div>\n<div>\n<p>    Lecteur de streaming Fire TV Stick 4K Max avec t\u00e9l\u00e9commande<\/p>\n<p>                                <span class=\"text-black\"><br \/>\n                                    \u2014<br \/>\n                                    <span class=\"font-bold\">34,99\u00a0$<\/span><br \/>\n                                    <span class=\"!text-xs italic sm:!text-sm\"><\/p>\n<p>                                        (Prix catalogue 59,99 $)<br \/>\n                                    <\/span><br \/>\n                                <\/span>\n                            <\/div>\n<div>\n<p>    Sony WH-1000XM5<\/p>\n<p>                                <span class=\"text-black\"><br \/>\n                                    \u2014<br \/>\n                                    <span class=\"font-bold\">243,00\u00a0$<\/span><br \/>\n                                    <span class=\"!text-xs italic sm:!text-sm\"><\/p>\n<p>                                        (Prix catalogue 399,99\u00a0$)<br \/>\n                                    <\/span><br \/>\n                                <\/span>\n                            <\/div>\n<\/p><\/div>\n<\/p><\/div>\n<\/p><\/div>\n<div class=\"flex flex-col items-center justify-between text-black sm:flex-row sm:px-6\">\n                <span class=\"text-xs italic sm:ml-7 sm:text-sm\">Les offres sont s\u00e9lectionn\u00e9es par notre \u00e9quipe commerciale<\/span><\/p><\/div>\n<\/p><\/div>\n<\/p><\/div>\n","protected":false},"excerpt":{"rendered":"<p>Nous pouvons gagner une commission sur les liens sur cette page. Les prix et la disponibilit\u00e9 de l&rsquo;offre sont sujets \u00e0 changement apr\u00e8s la publication.<\/p>\n","protected":false},"author":1,"featured_media":13270,"comment_status":"","ping_status":"","sticky":false,"template":"","format":"standard","meta":{"footnotes":""},"categories":[10230],"tags":[15,1268,590,698,3258,14,16,198,5658,308,3099],"class_list":["post-13269","post","type-post","status-publish","format-standard","has-post-thumbnail","hentry","category-apple","tag-airpods","tag-beneficient","tag-dapple","tag-dune","tag-heures","tag-les","tag-max","tag-pendant","tag-quelques","tag-reduction","tag-supplementaires","generate-columns","tablet-grid-50","mobile-grid-100","grid-parent","grid-33"],"yoast_head":"<!-- This site is optimized with the Yoast SEO plugin v24.0 - https:\/\/yoast.com\/wordpress\/plugins\/seo\/ -->\n<title>Les AirPods Max d&#039;Apple b\u00e9n\u00e9ficient d&#039;une r\u00e9duction de 150 $ pendant quelques heures suppl\u00e9mentaires | Vie Associative<\/title>\n<meta name=\"robots\" content=\"index, follow, max-snippet:-1, max-image-preview:large, max-video-preview:-1\" \/>\n<link rel=\"canonical\" href=\"https:\/\/vieassociative.be\/actualites\/les-airpods-max-dapple-beneficient-dune-reduction-de-150-pendant-quelques-heures-supplementaires\/\" \/>\n<meta property=\"og:locale\" content=\"fr_FR\" \/>\n<meta property=\"og:type\" content=\"article\" \/>\n<meta property=\"og:title\" content=\"Les AirPods Max d&#039;Apple b\u00e9n\u00e9ficient d&#039;une r\u00e9duction de 150 $ pendant quelques heures suppl\u00e9mentaires | Vie Associative\" \/>\n<meta property=\"og:description\" content=\"Nous pouvons gagner une commission sur les liens sur cette page. Les prix et la disponibilit\u00e9 de l&rsquo;offre sont sujets \u00e0 changement apr\u00e8s la publication.\" \/>\n<meta property=\"og:url\" content=\"https:\/\/vieassociative.be\/actualites\/les-airpods-max-dapple-beneficient-dune-reduction-de-150-pendant-quelques-heures-supplementaires\/\" \/>\n<meta property=\"og:site_name\" content=\"Vie Associative\" \/>\n<meta property=\"article:published_time\" content=\"2026-04-01T08:17:37+00:00\" \/>\n<meta property=\"og:image\" content=\"https:\/\/vieassociative.be\/actualites\/wp-content\/uploads\/2026\/04\/Les-AirPods-Max-dApple-beneficient-dune-reduction-de-150.png\" \/>\n<meta name=\"author\" content=\"Julien\" \/>\n<meta name=\"twitter:card\" content=\"summary_large_image\" \/>\n<meta name=\"twitter:label1\" content=\"\u00c9crit par\" \/>\n\t<meta name=\"twitter:data1\" content=\"Julien\" \/>\n\t<meta name=\"twitter:label2\" content=\"Dur\u00e9e de lecture est.\" \/>\n\t<meta name=\"twitter:data2\" content=\"3 minutes\" \/>\n<script type=\"application\/ld+json\" class=\"yoast-schema-graph\">{\"@context\":\"https:\/\/schema.org\",\"@graph\":[{\"@type\":\"Article\",\"@id\":\"https:\/\/vieassociative.be\/actualites\/les-airpods-max-dapple-beneficient-dune-reduction-de-150-pendant-quelques-heures-supplementaires\/#article\",\"isPartOf\":{\"@id\":\"https:\/\/vieassociative.be\/actualites\/les-airpods-max-dapple-beneficient-dune-reduction-de-150-pendant-quelques-heures-supplementaires\/\"},\"author\":{\"name\":\"Julien\",\"@id\":\"https:\/\/vieassociative.be\/actualites\/#\/schema\/person\/b87ac4f82f9d4e7b7cec7395b679edc4\"},\"headline\":\"Les AirPods Max d&rsquo;Apple b\u00e9n\u00e9ficient d&rsquo;une r\u00e9duction de 150 $ pendant quelques heures suppl\u00e9mentaires\",\"datePublished\":\"2026-04-01T08:17:37+00:00\",\"dateModified\":\"2026-04-01T08:17:37+00:00\",\"mainEntityOfPage\":{\"@id\":\"https:\/\/vieassociative.be\/actualites\/les-airpods-max-dapple-beneficient-dune-reduction-de-150-pendant-quelques-heures-supplementaires\/\"},\"wordCount\":696,\"publisher\":{\"@id\":\"https:\/\/vieassociative.be\/actualites\/#organization\"},\"image\":{\"@id\":\"https:\/\/vieassociative.be\/actualites\/les-airpods-max-dapple-beneficient-dune-reduction-de-150-pendant-quelques-heures-supplementaires\/#primaryimage\"},\"thumbnailUrl\":\"https:\/\/vieassociative.be\/actualites\/wp-content\/uploads\/2026\/04\/1775031459_Les-AirPods-Max-dApple-beneficient-dune-reduction-de-150.png\",\"keywords\":[\"AirPods\",\"b\u00e9n\u00e9ficient\",\"dApple\",\"dune\",\"heures\",\"Les\",\"Max\",\"pendant\",\"quelques\",\"r\u00e9duction\",\"suppl\u00e9mentaires\"],\"articleSection\":[\"Apple\"],\"inLanguage\":\"fr-BE\"},{\"@type\":\"WebPage\",\"@id\":\"https:\/\/vieassociative.be\/actualites\/les-airpods-max-dapple-beneficient-dune-reduction-de-150-pendant-quelques-heures-supplementaires\/\",\"url\":\"https:\/\/vieassociative.be\/actualites\/les-airpods-max-dapple-beneficient-dune-reduction-de-150-pendant-quelques-heures-supplementaires\/\",\"name\":\"Les AirPods Max d'Apple b\u00e9n\u00e9ficient d'une r\u00e9duction de 150 $ pendant quelques heures suppl\u00e9mentaires | Vie Associative\",\"isPartOf\":{\"@id\":\"https:\/\/vieassociative.be\/actualites\/#website\"},\"primaryImageOfPage\":{\"@id\":\"https:\/\/vieassociative.be\/actualites\/les-airpods-max-dapple-beneficient-dune-reduction-de-150-pendant-quelques-heures-supplementaires\/#primaryimage\"},\"image\":{\"@id\":\"https:\/\/vieassociative.be\/actualites\/les-airpods-max-dapple-beneficient-dune-reduction-de-150-pendant-quelques-heures-supplementaires\/#primaryimage\"},\"thumbnailUrl\":\"https:\/\/vieassociative.be\/actualites\/wp-content\/uploads\/2026\/04\/1775031459_Les-AirPods-Max-dApple-beneficient-dune-reduction-de-150.png\",\"datePublished\":\"2026-04-01T08:17:37+00:00\",\"dateModified\":\"2026-04-01T08:17:37+00:00\",\"breadcrumb\":{\"@id\":\"https:\/\/vieassociative.be\/actualites\/les-airpods-max-dapple-beneficient-dune-reduction-de-150-pendant-quelques-heures-supplementaires\/#breadcrumb\"},\"inLanguage\":\"fr-BE\",\"potentialAction\":[{\"@type\":\"ReadAction\",\"target\":[\"https:\/\/vieassociative.be\/actualites\/les-airpods-max-dapple-beneficient-dune-reduction-de-150-pendant-quelques-heures-supplementaires\/\"]}]},{\"@type\":\"ImageObject\",\"inLanguage\":\"fr-BE\",\"@id\":\"https:\/\/vieassociative.be\/actualites\/les-airpods-max-dapple-beneficient-dune-reduction-de-150-pendant-quelques-heures-supplementaires\/#primaryimage\",\"url\":\"https:\/\/vieassociative.be\/actualites\/wp-content\/uploads\/2026\/04\/1775031459_Les-AirPods-Max-dApple-beneficient-dune-reduction-de-150.png\",\"contentUrl\":\"https:\/\/vieassociative.be\/actualites\/wp-content\/uploads\/2026\/04\/1775031459_Les-AirPods-Max-dApple-beneficient-dune-reduction-de-150.png\",\"width\":1200,\"height\":675,\"caption\":\"Les AirPods Max d'Apple b\u00e9n\u00e9ficient d'une r\u00e9duction de 150 $ pendant quelques heures suppl\u00e9mentaires\"},{\"@type\":\"BreadcrumbList\",\"@id\":\"https:\/\/vieassociative.be\/actualites\/les-airpods-max-dapple-beneficient-dune-reduction-de-150-pendant-quelques-heures-supplementaires\/#breadcrumb\",\"itemListElement\":[{\"@type\":\"ListItem\",\"position\":1,\"name\":\"Accueil\",\"item\":\"https:\/\/vieassociative.be\/actualites\/\"},{\"@type\":\"ListItem\",\"position\":2,\"name\":\"Les AirPods Max d&rsquo;Apple b\u00e9n\u00e9ficient d&rsquo;une r\u00e9duction de 150 $ pendant quelques heures suppl\u00e9mentaires\"}]},{\"@type\":\"WebSite\",\"@id\":\"https:\/\/vieassociative.be\/actualites\/#website\",\"url\":\"https:\/\/vieassociative.be\/actualites\/\",\"name\":\"Vie Associative\",\"description\":\"\",\"publisher\":{\"@id\":\"https:\/\/vieassociative.be\/actualites\/#organization\"},\"potentialAction\":[{\"@type\":\"SearchAction\",\"target\":{\"@type\":\"EntryPoint\",\"urlTemplate\":\"https:\/\/vieassociative.be\/actualites\/?s={search_term_string}\"},\"query-input\":{\"@type\":\"PropertyValueSpecification\",\"valueRequired\":true,\"valueName\":\"search_term_string\"}}],\"inLanguage\":\"fr-BE\"},{\"@type\":\"Organization\",\"@id\":\"https:\/\/vieassociative.be\/actualites\/#organization\",\"name\":\"Vie Associative\",\"url\":\"https:\/\/vieassociative.be\/actualites\/\",\"logo\":{\"@type\":\"ImageObject\",\"inLanguage\":\"fr-BE\",\"@id\":\"https:\/\/vieassociative.be\/actualites\/#\/schema\/logo\/image\/\",\"url\":\"https:\/\/vieassociative.be\/actualites\/wp-content\/uploads\/2024\/09\/cropped-vieassociative_favicon.ico.png\",\"contentUrl\":\"https:\/\/vieassociative.be\/actualites\/wp-content\/uploads\/2024\/09\/cropped-vieassociative_favicon.ico.png\",\"width\":512,\"height\":512,\"caption\":\"Vie Associative\"},\"image\":{\"@id\":\"https:\/\/vieassociative.be\/actualites\/#\/schema\/logo\/image\/\"}},{\"@type\":\"Person\",\"@id\":\"https:\/\/vieassociative.be\/actualites\/#\/schema\/person\/b87ac4f82f9d4e7b7cec7395b679edc4\",\"name\":\"Julien\",\"image\":{\"@type\":\"ImageObject\",\"inLanguage\":\"fr-BE\",\"@id\":\"https:\/\/vieassociative.be\/actualites\/#\/schema\/person\/image\/\",\"url\":\"https:\/\/vieassociative.be\/actualites\/wp-content\/uploads\/2024\/09\/vie-associative-1-150x150.jpg\",\"contentUrl\":\"https:\/\/vieassociative.be\/actualites\/wp-content\/uploads\/2024\/09\/vie-associative-1-150x150.jpg\",\"caption\":\"Julien\"},\"description\":\"Je suis Julien, r\u00e9dacteur pour Vie Associative. Passionn\u00e9 par le monde associatif depuis plus de 10 ans, j'ai \u00e0 c\u0153ur de partager des histoires inspirantes et de mettre en lumi\u00e8re les initiatives locales. Mon objectif est de sensibiliser et d'encourager l'engagement communautaire \u00e0 travers mes articles.\",\"sameAs\":[\"https:\/\/vieassociative.be\/\"]}]}<\/script>\n<!-- \/ Yoast SEO plugin. -->","yoast_head_json":{"title":"Les AirPods Max d'Apple b\u00e9n\u00e9ficient d'une r\u00e9duction de 150 $ pendant quelques heures suppl\u00e9mentaires | Vie Associative","robots":{"index":"index","follow":"follow","max-snippet":"max-snippet:-1","max-image-preview":"max-image-preview:large","max-video-preview":"max-video-preview:-1"},"canonical":"https:\/\/vieassociative.be\/actualites\/les-airpods-max-dapple-beneficient-dune-reduction-de-150-pendant-quelques-heures-supplementaires\/","og_locale":"fr_FR","og_type":"article","og_title":"Les AirPods Max d'Apple b\u00e9n\u00e9ficient d'une r\u00e9duction de 150 $ pendant quelques heures suppl\u00e9mentaires | Vie Associative","og_description":"Nous pouvons gagner une commission sur les liens sur cette page. Les prix et la disponibilit\u00e9 de l&rsquo;offre sont sujets \u00e0 changement apr\u00e8s la publication.","og_url":"https:\/\/vieassociative.be\/actualites\/les-airpods-max-dapple-beneficient-dune-reduction-de-150-pendant-quelques-heures-supplementaires\/","og_site_name":"Vie Associative","article_published_time":"2026-04-01T08:17:37+00:00","og_image":[{"url":"https:\/\/vieassociative.be\/actualites\/wp-content\/uploads\/2026\/04\/Les-AirPods-Max-dApple-beneficient-dune-reduction-de-150.png","type":"","width":"","height":""}],"author":"Julien","twitter_card":"summary_large_image","twitter_misc":{"\u00c9crit par":"Julien","Dur\u00e9e de lecture est.":"3 minutes"},"schema":{"@context":"https:\/\/schema.org","@graph":[{"@type":"Article","@id":"https:\/\/vieassociative.be\/actualites\/les-airpods-max-dapple-beneficient-dune-reduction-de-150-pendant-quelques-heures-supplementaires\/#article","isPartOf":{"@id":"https:\/\/vieassociative.be\/actualites\/les-airpods-max-dapple-beneficient-dune-reduction-de-150-pendant-quelques-heures-supplementaires\/"},"author":{"name":"Julien","@id":"https:\/\/vieassociative.be\/actualites\/#\/schema\/person\/b87ac4f82f9d4e7b7cec7395b679edc4"},"headline":"Les AirPods Max d&rsquo;Apple b\u00e9n\u00e9ficient d&rsquo;une r\u00e9duction de 150 $ pendant quelques heures suppl\u00e9mentaires","datePublished":"2026-04-01T08:17:37+00:00","dateModified":"2026-04-01T08:17:37+00:00","mainEntityOfPage":{"@id":"https:\/\/vieassociative.be\/actualites\/les-airpods-max-dapple-beneficient-dune-reduction-de-150-pendant-quelques-heures-supplementaires\/"},"wordCount":696,"publisher":{"@id":"https:\/\/vieassociative.be\/actualites\/#organization"},"image":{"@id":"https:\/\/vieassociative.be\/actualites\/les-airpods-max-dapple-beneficient-dune-reduction-de-150-pendant-quelques-heures-supplementaires\/#primaryimage"},"thumbnailUrl":"https:\/\/vieassociative.be\/actualites\/wp-content\/uploads\/2026\/04\/1775031459_Les-AirPods-Max-dApple-beneficient-dune-reduction-de-150.png","keywords":["AirPods","b\u00e9n\u00e9ficient","dApple","dune","heures","Les","Max","pendant","quelques","r\u00e9duction","suppl\u00e9mentaires"],"articleSection":["Apple"],"inLanguage":"fr-BE"},{"@type":"WebPage","@id":"https:\/\/vieassociative.be\/actualites\/les-airpods-max-dapple-beneficient-dune-reduction-de-150-pendant-quelques-heures-supplementaires\/","url":"https:\/\/vieassociative.be\/actualites\/les-airpods-max-dapple-beneficient-dune-reduction-de-150-pendant-quelques-heures-supplementaires\/","name":"Les AirPods Max d'Apple b\u00e9n\u00e9ficient d'une r\u00e9duction de 150 $ pendant quelques heures suppl\u00e9mentaires | Vie Associative","isPartOf":{"@id":"https:\/\/vieassociative.be\/actualites\/#website"},"primaryImageOfPage":{"@id":"https:\/\/vieassociative.be\/actualites\/les-airpods-max-dapple-beneficient-dune-reduction-de-150-pendant-quelques-heures-supplementaires\/#primaryimage"},"image":{"@id":"https:\/\/vieassociative.be\/actualites\/les-airpods-max-dapple-beneficient-dune-reduction-de-150-pendant-quelques-heures-supplementaires\/#primaryimage"},"thumbnailUrl":"https:\/\/vieassociative.be\/actualites\/wp-content\/uploads\/2026\/04\/1775031459_Les-AirPods-Max-dApple-beneficient-dune-reduction-de-150.png","datePublished":"2026-04-01T08:17:37+00:00","dateModified":"2026-04-01T08:17:37+00:00","breadcrumb":{"@id":"https:\/\/vieassociative.be\/actualites\/les-airpods-max-dapple-beneficient-dune-reduction-de-150-pendant-quelques-heures-supplementaires\/#breadcrumb"},"inLanguage":"fr-BE","potentialAction":[{"@type":"ReadAction","target":["https:\/\/vieassociative.be\/actualites\/les-airpods-max-dapple-beneficient-dune-reduction-de-150-pendant-quelques-heures-supplementaires\/"]}]},{"@type":"ImageObject","inLanguage":"fr-BE","@id":"https:\/\/vieassociative.be\/actualites\/les-airpods-max-dapple-beneficient-dune-reduction-de-150-pendant-quelques-heures-supplementaires\/#primaryimage","url":"https:\/\/vieassociative.be\/actualites\/wp-content\/uploads\/2026\/04\/1775031459_Les-AirPods-Max-dApple-beneficient-dune-reduction-de-150.png","contentUrl":"https:\/\/vieassociative.be\/actualites\/wp-content\/uploads\/2026\/04\/1775031459_Les-AirPods-Max-dApple-beneficient-dune-reduction-de-150.png","width":1200,"height":675,"caption":"Les AirPods Max d'Apple b\u00e9n\u00e9ficient d'une r\u00e9duction de 150 $ pendant quelques heures suppl\u00e9mentaires"},{"@type":"BreadcrumbList","@id":"https:\/\/vieassociative.be\/actualites\/les-airpods-max-dapple-beneficient-dune-reduction-de-150-pendant-quelques-heures-supplementaires\/#breadcrumb","itemListElement":[{"@type":"ListItem","position":1,"name":"Accueil","item":"https:\/\/vieassociative.be\/actualites\/"},{"@type":"ListItem","position":2,"name":"Les AirPods Max d&rsquo;Apple b\u00e9n\u00e9ficient d&rsquo;une r\u00e9duction de 150 $ pendant quelques heures suppl\u00e9mentaires"}]},{"@type":"WebSite","@id":"https:\/\/vieassociative.be\/actualites\/#website","url":"https:\/\/vieassociative.be\/actualites\/","name":"Vie Associative","description":"","publisher":{"@id":"https:\/\/vieassociative.be\/actualites\/#organization"},"potentialAction":[{"@type":"SearchAction","target":{"@type":"EntryPoint","urlTemplate":"https:\/\/vieassociative.be\/actualites\/?s={search_term_string}"},"query-input":{"@type":"PropertyValueSpecification","valueRequired":true,"valueName":"search_term_string"}}],"inLanguage":"fr-BE"},{"@type":"Organization","@id":"https:\/\/vieassociative.be\/actualites\/#organization","name":"Vie Associative","url":"https:\/\/vieassociative.be\/actualites\/","logo":{"@type":"ImageObject","inLanguage":"fr-BE","@id":"https:\/\/vieassociative.be\/actualites\/#\/schema\/logo\/image\/","url":"https:\/\/vieassociative.be\/actualites\/wp-content\/uploads\/2024\/09\/cropped-vieassociative_favicon.ico.png","contentUrl":"https:\/\/vieassociative.be\/actualites\/wp-content\/uploads\/2024\/09\/cropped-vieassociative_favicon.ico.png","width":512,"height":512,"caption":"Vie Associative"},"image":{"@id":"https:\/\/vieassociative.be\/actualites\/#\/schema\/logo\/image\/"}},{"@type":"Person","@id":"https:\/\/vieassociative.be\/actualites\/#\/schema\/person\/b87ac4f82f9d4e7b7cec7395b679edc4","name":"Julien","image":{"@type":"ImageObject","inLanguage":"fr-BE","@id":"https:\/\/vieassociative.be\/actualites\/#\/schema\/person\/image\/","url":"https:\/\/vieassociative.be\/actualites\/wp-content\/uploads\/2024\/09\/vie-associative-1-150x150.jpg","contentUrl":"https:\/\/vieassociative.be\/actualites\/wp-content\/uploads\/2024\/09\/vie-associative-1-150x150.jpg","caption":"Julien"},"description":"Je suis Julien, r\u00e9dacteur pour Vie Associative. Passionn\u00e9 par le monde associatif depuis plus de 10 ans, j'ai \u00e0 c\u0153ur de partager des histoires inspirantes et de mettre en lumi\u00e8re les initiatives locales. Mon objectif est de sensibiliser et d'encourager l'engagement communautaire \u00e0 travers mes articles.","sameAs":["https:\/\/vieassociative.be\/"]}]}},"_links":{"self":[{"href":"https:\/\/vieassociative.be\/actualites\/wp-json\/wp\/v2\/posts\/13269"}],"collection":[{"href":"https:\/\/vieassociative.be\/actualites\/wp-json\/wp\/v2\/posts"}],"about":[{"href":"https:\/\/vieassociative.be\/actualites\/wp-json\/wp\/v2\/types\/post"}],"author":[{"embeddable":true,"href":"https:\/\/vieassociative.be\/actualites\/wp-json\/wp\/v2\/users\/1"}],"replies":[{"embeddable":true,"href":"https:\/\/vieassociative.be\/actualites\/wp-json\/wp\/v2\/comments?post=13269"}],"version-history":[{"count":0,"href":"https:\/\/vieassociative.be\/actualites\/wp-json\/wp\/v2\/posts\/13269\/revisions"}],"wp:featuredmedia":[{"embeddable":true,"href":"https:\/\/vieassociative.be\/actualites\/wp-json\/wp\/v2\/media\/13270"}],"wp:attachment":[{"href":"https:\/\/vieassociative.be\/actualites\/wp-json\/wp\/v2\/media?parent=13269"}],"wp:term":[{"taxonomy":"category","embeddable":true,"href":"https:\/\/vieassociative.be\/actualites\/wp-json\/wp\/v2\/categories?post=13269"},{"taxonomy":"post_tag","embeddable":true,"href":"https:\/\/vieassociative.be\/actualites\/wp-json\/wp\/v2\/tags?post=13269"}],"curies":[{"name":"wp","href":"https:\/\/api.w.org\/{rel}","templated":true}]}}