{"id":13267,"date":"2026-04-01T05:17:48","date_gmt":"2026-04-01T03:17:48","guid":{"rendered":"https:\/\/vieassociative.be\/actualites\/maman-mia-litalie-ne-participera-pas-a-une-coupe-du-monde-pour-la-troisieme-fois-consecutive-apres-2018-et-2022\/"},"modified":"2026-04-01T05:17:48","modified_gmt":"2026-04-01T03:17:48","slug":"maman-mia-litalie-ne-participera-pas-a-une-coupe-du-monde-pour-la-troisieme-fois-consecutive-apres-2018-et-2022","status":"publish","type":"post","link":"https:\/\/vieassociative.be\/actualites\/maman-mia-litalie-ne-participera-pas-a-une-coupe-du-monde-pour-la-troisieme-fois-consecutive-apres-2018-et-2022\/","title":{"rendered":"Maman Mia ! L&rsquo;Italie ne participera pas \u00e0 une Coupe du Monde pour la troisi\u00e8me fois cons\u00e9cutive apr\u00e8s 2018 et 2022"},"content":{"rendered":"<p><strong>Pour la troisi\u00e8me fois apr\u00e8s 2018 et 2022, l\u2019\u00e9quipe nationale italienne de football n\u2019est que spectatrice lors d\u2019une Coupe du monde. La Squadra Azzurra a \u00e9chou\u00e9 aux tirs au but en Bosnie-Herz\u00e9govine, mardi. Les Bosniaques s&rsquo;\u00e9taient d\u00e9j\u00e0 qualifi\u00e9s pour la finale aux tirs au but lors du premier match \u00e9liminatoire au Pays de Galles.<\/strong><\/p>\n<p><span id=\"more-438057\"><\/span>Le triple \u00e9chec est parfait : l\u2019Italie, quadruple championne du monde, n\u2019a une nouvelle fois pas r\u00e9ussi \u00e0 se qualifier pour la Coupe du monde et devra assister au tournoi XXL en Am\u00e9rique du Nord cet \u00e9t\u00e9. Malgr\u00e9 leur avance, l&rsquo;\u00e9quipe de l&rsquo;entra\u00eeneur Gennaro Gattuso a perdu 1:4 (1:1, 1:1, 1:0) apr\u00e8s les tirs au but en Bosnie-Herz\u00e9govine.<\/p>\n<p>La Squadra Azzurra a longtemps jou\u00e9 en inf\u00e9riorit\u00e9 num\u00e9rique apr\u00e8s le carton rouge contre Alessandro Bastoni (41e minute). Dans la confrontation depuis le point, deux des trois tireurs italiens ont rat\u00e9 leur coup.<\/p>\n<div id=\"attachment_438062\" class=\"wp-caption alignleft\" style=\"max-width: 300px\"><img fetchpriority=\"high\" decoding=\"async\" class=\"wp-image-438062 size-medium\" src=\"https:\/\/vieassociative.be\/actualites\/wp-content\/uploads\/2026\/04\/Maman-Mia-LItalie-ne-participera-pas-a-une-Coupe.jpg\" alt=\"\" width=\"300\" height=\"200\"><\/div>\n<p><strong>\u2013 Su\u00e8de, Mac\u00e9doine du Nord, Bosnie :<\/strong> Apr\u00e8s l&rsquo;\u00e9limination contre la Su\u00e8de avant la Coupe du monde 2018 et l&#8217;embarras contre la Mac\u00e9doine du Nord en 2022, la soir\u00e9e de Zenica restera \u00e9galement sans gloire dans la longue histoire du football italien.<\/p>\n<p>Apr\u00e8s un triomphe \u00e9mouvant contre les grands favoris, la Bosnie-Herz\u00e9govine, dirig\u00e9e par l&rsquo;attaquant de Schalke Edin Dzeko, affrontera la Suisse, le Qatar et le Canada, co-organisateur de la Coupe du monde, dans le groupe B.<\/p>\n<p>L&rsquo;attaquant Moise Kean (15e) a marqu\u00e9 tr\u00e8s t\u00f4t le premier but de l&rsquo;Italie et a \u00e9galement profit\u00e9 d&rsquo;une grave erreur du gardien de St. Pauli Nikola Vasilj, dont la passe rat\u00e9e a conduit \u00e0 encaisser le but. L&rsquo;Italie s&rsquo;est alors limit\u00e9e \u00e0 d\u00e9fendre et s&rsquo;est encore plus repli\u00e9e sur la d\u00e9fensive apr\u00e8s un carton rouge pour Bastoni.<\/p>\n<p>Ils attendaient une contre-attaque &#8211; et encore une fois, c&rsquo;est Kean qui avait marqu\u00e9 le deuxi\u00e8me but. Mais l&rsquo;attaquant, qui courait seul vers Vasilj, a plac\u00e9 le ballon juste au-dessus du but. Dans le temps r\u00e9glementaire, l&rsquo;Italie n&rsquo;a tir\u00e9 sur le but bosniaque qu&rsquo;\u00e0 deux reprises.<\/p>\n<p><strong>\u2013 Les penaltys am\u00e8nent la Bosnie \u00e0 la Coupe du monde :<\/strong> La Bosnie a longtemps pouss\u00e9 pour \u00e9galiser, mais a finalement \u00e9t\u00e9 r\u00e9compens\u00e9e par Haris Tabakovic (79e) du Borussia M\u00f6nchengladbach. En fin de compte, les tirs au but ont mis fin \u00e0 tous les r\u00eaves de Coupe du monde de l&rsquo;Italie, Francesco Esposito et Bryan Cristante \u00e9tant absents. La Bosnie, dirig\u00e9e par Dzeko, participe au tournoi le plus important du monde pour la deuxi\u00e8me fois depuis 2014.<\/p>\n<div id=\"attachment_438059\" class=\"wp-caption alignleft\" style=\"max-width: 300px\"><img decoding=\"async\" class=\"wp-image-438059 size-medium\" src=\"https:\/\/vieassociative.be\/actualites\/wp-content\/uploads\/2026\/04\/1775013468_941_Maman-Mia-LItalie-ne-participera-pas-a-une-Coupe.jpg\" alt=\"\" width=\"300\" height=\"200\"><\/div>\n<p>Outre l&rsquo;Italie, la Turquie (1-0 contre le Kosovo), la R\u00e9publique tch\u00e8que (3-1 aux tirs au but contre le Danemark) et la Su\u00e8de ont \u00e9galement acc\u00e9d\u00e9 \u00e0 la derni\u00e8re minute au tournoi XXL gr\u00e2ce \u00e0 une victoire 3-2 contre la Pologne emmen\u00e9e par l&rsquo;attaquant vedette Robert Lewandowski, qui se d\u00e9roule du 11 juin au 19 juillet aux \u00c9tats-Unis, au Mexique et au Canada. Pour la premi\u00e8re fois, 48 \u200b\u200bnations y participeront.<\/p>\n<p><strong>\u2013 La R\u00e9publique tch\u00e8que gagne sur le point :<\/strong> Cela signifie qu&rsquo;il y aura 46 participants pour le tournoi du 11 juin au 19 juillet aux \u00c9tats-Unis, au Mexique et au Canada. Deux places suppl\u00e9mentaires apr\u00e8s les quatre duels europ\u00e9ens se joueront lors des \u00e9liminatoires intercontinentales au Mexique. La Jama\u00efque affrontait la R\u00e9publique d\u00e9mocratique du Congo mardi soir (23 heures), tandis que l&rsquo;Irak affrontait la Bolivie mercredi matin (5 heures).<\/p>\n<p>Les Danois ont \u00e9tonnamment \u00e9chou\u00e9. Pavel Sulc (3e) et Ladislav Krejci (100e) avaient donn\u00e9 l&rsquo;avantage \u00e0 la R\u00e9publique tch\u00e8que, tandis que le Danemark se frayait un chemin jusqu&rsquo;aux tirs au but gr\u00e2ce aux buts de Joachim Andersen (73e) et Kasper H\u00f6gh (111e). L\u00e0, trois Danois ont rat\u00e9 un penalty, seul Christian Eriksen a marqu\u00e9 &#8211; la R\u00e9publique tch\u00e8que a gagn\u00e9 3-1 sur penalty.<\/p>\n<p>L&rsquo;\u00e9quipe dirig\u00e9e par Eriksen, qui a \u00e9t\u00e9 remplac\u00e9 cette fois, avait d\u00e9j\u00e0 perdu ce qu&rsquo;elle pensait \u00eatre un ticket direct \u00e0 la derni\u00e8re minute lors de la phase de groupes \u00e0 l&rsquo;automne et a d\u00e9sormais rat\u00e9 le ticket pour la Coupe du monde cinq ans apr\u00e8s avoir atteint les demi-finales du Championnat d&rsquo;Europe. La R\u00e9publique tch\u00e8que affrontera le Mexique, l&rsquo;Afrique du Sud et la Cor\u00e9e du Sud dans le groupe A de la Coupe du monde.<\/p>\n<div id=\"attachment_438064\" class=\"wp-caption alignleft\" style=\"max-width: 300px\"><img decoding=\"async\" class=\"wp-image-438064 size-medium\" src=\"https:\/\/vieassociative.be\/actualites\/wp-content\/uploads\/2026\/04\/1775013468_773_Maman-Mia-LItalie-ne-participera-pas-a-une-Coupe.jpg\" alt=\"\" width=\"300\" height=\"200\"><\/div>\n<p><strong>\u2013 Gy\u00f6keres marque contre la Pologne :<\/strong> Le Kosovo a rat\u00e9 le grand coup avec le s\u00e9lectionneur allemand Franco Foda. L&rsquo;\u00e9quipe compos\u00e9e de l&rsquo;attaquant d&rsquo;Hoffenheim Fisnik Asllani s&rsquo;est inclin\u00e9e face \u00e0 la Turquie apr\u00e8s un but de Kerem Akt\u00fcrkoglu (53e). Il s&rsquo;agit de la troisi\u00e8me participation de la Turquie \u00e0 la Coupe du Monde apr\u00e8s 1954 et 2002. Dans le groupe D, outre les \u00c9tats-Unis, pays h\u00f4te, nous affrontons \u00e9galement l&rsquo;Australie et le Paraguay.<\/p>\n<p>Dans le match le plus spectaculaire de la soir\u00e9e, la Su\u00e8de s&rsquo;est impos\u00e9e gr\u00e2ce aux buts d&rsquo;Anthony Elanga (20e), Gustaf Lagerbielke (44e) et Viktor Gy\u00f6keres (88e). Les buts de Nicola Zalewski (33e) et Karol Swiderski (55e) n&rsquo;ont pas suffi \u00e0 la Pologne.<\/p>\n<p>Lewandowski, 37 ans, a potentiellement perdu sa derni\u00e8re chance de participer \u00e0 la Coupe du monde. Gy\u00f6keres avait d\u00e9j\u00e0 marqu\u00e9 trois buts en demi-finale.<\/p>\n<p>Les repr\u00e9sentants europ\u00e9ens suivants s&rsquo;\u00e9taient d\u00e9j\u00e0 qualifi\u00e9s directement pour la Coupe du monde : Espagne, Allemagne, Belgique, Angleterre, France, Portugal, Croatie, Norv\u00e8ge, \u00c9cosse, Autriche, Pays-Bas et Suisse. (dpa\/cr\u00e9)<\/p><\/p>\n","protected":false},"excerpt":{"rendered":"<p>Pour la troisi\u00e8me fois apr\u00e8s 2018 et 2022, l\u2019\u00e9quipe nationale italienne de football n\u2019est que spectatrice lors d\u2019une Coupe du monde. La Squadra Azzurra a<\/p>\n","protected":false},"author":1,"featured_media":13268,"comment_status":"","ping_status":"","sticky":false,"template":"","format":"standard","meta":{"footnotes":""},"categories":[298],"tags":[472,4809,2472,774,3003,10396,10397,237,10398,126,81,3868,110],"class_list":["post-13267","post","type-post","status-publish","format-standard","has-post-thumbnail","hentry","category-belgique","tag-apres","tag-consecutive","tag-coupe","tag-fois","tag-litalie","tag-maman","tag-mia","tag-monde","tag-participera","tag-pas","tag-pour","tag-troisieme","tag-une","generate-columns","tablet-grid-50","mobile-grid-100","grid-parent","grid-33"],"yoast_head":"<!-- This site is optimized with the Yoast SEO plugin v24.0 - https:\/\/yoast.com\/wordpress\/plugins\/seo\/ -->\n<title>Maman Mia ! L&#039;Italie ne participera pas \u00e0 une Coupe du Monde pour la troisi\u00e8me fois cons\u00e9cutive apr\u00e8s 2018 et 2022 | Vie Associative<\/title>\n<meta name=\"robots\" content=\"index, follow, max-snippet:-1, max-image-preview:large, max-video-preview:-1\" \/>\n<link rel=\"canonical\" href=\"https:\/\/vieassociative.be\/actualites\/maman-mia-litalie-ne-participera-pas-a-une-coupe-du-monde-pour-la-troisieme-fois-consecutive-apres-2018-et-2022\/\" \/>\n<meta property=\"og:locale\" content=\"fr_FR\" \/>\n<meta property=\"og:type\" content=\"article\" \/>\n<meta property=\"og:title\" content=\"Maman Mia ! L&#039;Italie ne participera pas \u00e0 une Coupe du Monde pour la troisi\u00e8me fois cons\u00e9cutive apr\u00e8s 2018 et 2022 | Vie Associative\" \/>\n<meta property=\"og:description\" content=\"Pour la troisi\u00e8me fois apr\u00e8s 2018 et 2022, l\u2019\u00e9quipe nationale italienne de football n\u2019est que spectatrice lors d\u2019une Coupe du monde. La Squadra Azzurra a\" \/>\n<meta property=\"og:url\" content=\"https:\/\/vieassociative.be\/actualites\/maman-mia-litalie-ne-participera-pas-a-une-coupe-du-monde-pour-la-troisieme-fois-consecutive-apres-2018-et-2022\/\" \/>\n<meta property=\"og:site_name\" content=\"Vie Associative\" \/>\n<meta property=\"article:published_time\" content=\"2026-04-01T03:17:48+00:00\" \/>\n<meta property=\"og:image\" content=\"https:\/\/vieassociative.be\/actualites\/wp-content\/uploads\/2024\/09\/header_backgroundk-01-e1726694325946.png\" \/>\n\t<meta property=\"og:image:width\" content=\"279\" \/>\n\t<meta property=\"og:image:height\" content=\"92\" \/>\n\t<meta property=\"og:image:type\" content=\"image\/png\" \/>\n<meta name=\"author\" content=\"Julien\" \/>\n<meta name=\"twitter:card\" content=\"summary_large_image\" \/>\n<meta name=\"twitter:label1\" content=\"\u00c9crit par\" \/>\n\t<meta name=\"twitter:data1\" content=\"Julien\" \/>\n\t<meta name=\"twitter:label2\" content=\"Dur\u00e9e de lecture est.\" \/>\n\t<meta name=\"twitter:data2\" content=\"5 minutes\" \/>\n<script type=\"application\/ld+json\" class=\"yoast-schema-graph\">{\"@context\":\"https:\/\/schema.org\",\"@graph\":[{\"@type\":\"Article\",\"@id\":\"https:\/\/vieassociative.be\/actualites\/maman-mia-litalie-ne-participera-pas-a-une-coupe-du-monde-pour-la-troisieme-fois-consecutive-apres-2018-et-2022\/#article\",\"isPartOf\":{\"@id\":\"https:\/\/vieassociative.be\/actualites\/maman-mia-litalie-ne-participera-pas-a-une-coupe-du-monde-pour-la-troisieme-fois-consecutive-apres-2018-et-2022\/\"},\"author\":{\"name\":\"Julien\",\"@id\":\"https:\/\/vieassociative.be\/actualites\/#\/schema\/person\/b87ac4f82f9d4e7b7cec7395b679edc4\"},\"headline\":\"Maman Mia ! L&rsquo;Italie ne participera pas \u00e0 une Coupe du Monde pour la troisi\u00e8me fois cons\u00e9cutive apr\u00e8s 2018 et 2022\",\"datePublished\":\"2026-04-01T03:17:48+00:00\",\"dateModified\":\"2026-04-01T03:17:48+00:00\",\"mainEntityOfPage\":{\"@id\":\"https:\/\/vieassociative.be\/actualites\/maman-mia-litalie-ne-participera-pas-a-une-coupe-du-monde-pour-la-troisieme-fois-consecutive-apres-2018-et-2022\/\"},\"wordCount\":963,\"publisher\":{\"@id\":\"https:\/\/vieassociative.be\/actualites\/#organization\"},\"image\":{\"@id\":\"https:\/\/vieassociative.be\/actualites\/maman-mia-litalie-ne-participera-pas-a-une-coupe-du-monde-pour-la-troisieme-fois-consecutive-apres-2018-et-2022\/#primaryimage\"},\"thumbnailUrl\":\"https:\/\/vieassociative.be\/actualites\/wp-content\/uploads\/2026\/04\/1775013470_Maman-Mia-LItalie-ne-participera-pas-a-une-Coupe.jpg\",\"keywords\":[\"Apr\u00e8s\",\"cons\u00e9cutive\",\"Coupe\",\"fois\",\"lItalie\",\"Maman\",\"Mia\",\"monde\",\"participera\",\"pas\",\"pour\",\"troisi\u00e8me\",\"une\"],\"articleSection\":[\"Belgique\"],\"inLanguage\":\"fr-BE\"},{\"@type\":\"WebPage\",\"@id\":\"https:\/\/vieassociative.be\/actualites\/maman-mia-litalie-ne-participera-pas-a-une-coupe-du-monde-pour-la-troisieme-fois-consecutive-apres-2018-et-2022\/\",\"url\":\"https:\/\/vieassociative.be\/actualites\/maman-mia-litalie-ne-participera-pas-a-une-coupe-du-monde-pour-la-troisieme-fois-consecutive-apres-2018-et-2022\/\",\"name\":\"Maman Mia ! L'Italie ne participera pas \u00e0 une Coupe du Monde pour la troisi\u00e8me fois cons\u00e9cutive apr\u00e8s 2018 et 2022 | Vie Associative\",\"isPartOf\":{\"@id\":\"https:\/\/vieassociative.be\/actualites\/#website\"},\"primaryImageOfPage\":{\"@id\":\"https:\/\/vieassociative.be\/actualites\/maman-mia-litalie-ne-participera-pas-a-une-coupe-du-monde-pour-la-troisieme-fois-consecutive-apres-2018-et-2022\/#primaryimage\"},\"image\":{\"@id\":\"https:\/\/vieassociative.be\/actualites\/maman-mia-litalie-ne-participera-pas-a-une-coupe-du-monde-pour-la-troisieme-fois-consecutive-apres-2018-et-2022\/#primaryimage\"},\"thumbnailUrl\":\"https:\/\/vieassociative.be\/actualites\/wp-content\/uploads\/2026\/04\/1775013470_Maman-Mia-LItalie-ne-participera-pas-a-une-Coupe.jpg\",\"datePublished\":\"2026-04-01T03:17:48+00:00\",\"dateModified\":\"2026-04-01T03:17:48+00:00\",\"breadcrumb\":{\"@id\":\"https:\/\/vieassociative.be\/actualites\/maman-mia-litalie-ne-participera-pas-a-une-coupe-du-monde-pour-la-troisieme-fois-consecutive-apres-2018-et-2022\/#breadcrumb\"},\"inLanguage\":\"fr-BE\",\"potentialAction\":[{\"@type\":\"ReadAction\",\"target\":[\"https:\/\/vieassociative.be\/actualites\/maman-mia-litalie-ne-participera-pas-a-une-coupe-du-monde-pour-la-troisieme-fois-consecutive-apres-2018-et-2022\/\"]}]},{\"@type\":\"ImageObject\",\"inLanguage\":\"fr-BE\",\"@id\":\"https:\/\/vieassociative.be\/actualites\/maman-mia-litalie-ne-participera-pas-a-une-coupe-du-monde-pour-la-troisieme-fois-consecutive-apres-2018-et-2022\/#primaryimage\",\"url\":\"https:\/\/vieassociative.be\/actualites\/wp-content\/uploads\/2026\/04\/1775013470_Maman-Mia-LItalie-ne-participera-pas-a-une-Coupe.jpg\",\"contentUrl\":\"https:\/\/vieassociative.be\/actualites\/wp-content\/uploads\/2026\/04\/1775013470_Maman-Mia-LItalie-ne-participera-pas-a-une-Coupe.jpg\",\"width\":1200,\"height\":800,\"caption\":\"Maman Mia ! L'Italie ne participera pas \u00e0 une Coupe du Monde pour la troisi\u00e8me fois cons\u00e9cutive apr\u00e8s 2018 et 2022\"},{\"@type\":\"BreadcrumbList\",\"@id\":\"https:\/\/vieassociative.be\/actualites\/maman-mia-litalie-ne-participera-pas-a-une-coupe-du-monde-pour-la-troisieme-fois-consecutive-apres-2018-et-2022\/#breadcrumb\",\"itemListElement\":[{\"@type\":\"ListItem\",\"position\":1,\"name\":\"Accueil\",\"item\":\"https:\/\/vieassociative.be\/actualites\/\"},{\"@type\":\"ListItem\",\"position\":2,\"name\":\"Maman Mia ! L&rsquo;Italie ne participera pas \u00e0 une Coupe du Monde pour la troisi\u00e8me fois cons\u00e9cutive apr\u00e8s 2018 et 2022\"}]},{\"@type\":\"WebSite\",\"@id\":\"https:\/\/vieassociative.be\/actualites\/#website\",\"url\":\"https:\/\/vieassociative.be\/actualites\/\",\"name\":\"Vie Associative\",\"description\":\"\",\"publisher\":{\"@id\":\"https:\/\/vieassociative.be\/actualites\/#organization\"},\"potentialAction\":[{\"@type\":\"SearchAction\",\"target\":{\"@type\":\"EntryPoint\",\"urlTemplate\":\"https:\/\/vieassociative.be\/actualites\/?s={search_term_string}\"},\"query-input\":{\"@type\":\"PropertyValueSpecification\",\"valueRequired\":true,\"valueName\":\"search_term_string\"}}],\"inLanguage\":\"fr-BE\"},{\"@type\":\"Organization\",\"@id\":\"https:\/\/vieassociative.be\/actualites\/#organization\",\"name\":\"Vie Associative\",\"url\":\"https:\/\/vieassociative.be\/actualites\/\",\"logo\":{\"@type\":\"ImageObject\",\"inLanguage\":\"fr-BE\",\"@id\":\"https:\/\/vieassociative.be\/actualites\/#\/schema\/logo\/image\/\",\"url\":\"https:\/\/vieassociative.be\/actualites\/wp-content\/uploads\/2024\/09\/cropped-vieassociative_favicon.ico.png\",\"contentUrl\":\"https:\/\/vieassociative.be\/actualites\/wp-content\/uploads\/2024\/09\/cropped-vieassociative_favicon.ico.png\",\"width\":512,\"height\":512,\"caption\":\"Vie Associative\"},\"image\":{\"@id\":\"https:\/\/vieassociative.be\/actualites\/#\/schema\/logo\/image\/\"}},{\"@type\":\"Person\",\"@id\":\"https:\/\/vieassociative.be\/actualites\/#\/schema\/person\/b87ac4f82f9d4e7b7cec7395b679edc4\",\"name\":\"Julien\",\"image\":{\"@type\":\"ImageObject\",\"inLanguage\":\"fr-BE\",\"@id\":\"https:\/\/vieassociative.be\/actualites\/#\/schema\/person\/image\/\",\"url\":\"https:\/\/vieassociative.be\/actualites\/wp-content\/uploads\/2024\/09\/vie-associative-1-150x150.jpg\",\"contentUrl\":\"https:\/\/vieassociative.be\/actualites\/wp-content\/uploads\/2024\/09\/vie-associative-1-150x150.jpg\",\"caption\":\"Julien\"},\"description\":\"Je suis Julien, r\u00e9dacteur pour Vie Associative. Passionn\u00e9 par le monde associatif depuis plus de 10 ans, j'ai \u00e0 c\u0153ur de partager des histoires inspirantes et de mettre en lumi\u00e8re les initiatives locales. Mon objectif est de sensibiliser et d'encourager l'engagement communautaire \u00e0 travers mes articles.\",\"sameAs\":[\"https:\/\/vieassociative.be\/\"]}]}<\/script>\n<!-- \/ Yoast SEO plugin. -->","yoast_head_json":{"title":"Maman Mia ! L'Italie ne participera pas \u00e0 une Coupe du Monde pour la troisi\u00e8me fois cons\u00e9cutive apr\u00e8s 2018 et 2022 | Vie Associative","robots":{"index":"index","follow":"follow","max-snippet":"max-snippet:-1","max-image-preview":"max-image-preview:large","max-video-preview":"max-video-preview:-1"},"canonical":"https:\/\/vieassociative.be\/actualites\/maman-mia-litalie-ne-participera-pas-a-une-coupe-du-monde-pour-la-troisieme-fois-consecutive-apres-2018-et-2022\/","og_locale":"fr_FR","og_type":"article","og_title":"Maman Mia ! L'Italie ne participera pas \u00e0 une Coupe du Monde pour la troisi\u00e8me fois cons\u00e9cutive apr\u00e8s 2018 et 2022 | Vie Associative","og_description":"Pour la troisi\u00e8me fois apr\u00e8s 2018 et 2022, l\u2019\u00e9quipe nationale italienne de football n\u2019est que spectatrice lors d\u2019une Coupe du monde. La Squadra Azzurra a","og_url":"https:\/\/vieassociative.be\/actualites\/maman-mia-litalie-ne-participera-pas-a-une-coupe-du-monde-pour-la-troisieme-fois-consecutive-apres-2018-et-2022\/","og_site_name":"Vie Associative","article_published_time":"2026-04-01T03:17:48+00:00","og_image":[{"width":279,"height":92,"url":"https:\/\/vieassociative.be\/actualites\/wp-content\/uploads\/2024\/09\/header_backgroundk-01-e1726694325946.png","type":"image\/png"}],"author":"Julien","twitter_card":"summary_large_image","twitter_misc":{"\u00c9crit par":"Julien","Dur\u00e9e de lecture est.":"5 minutes"},"schema":{"@context":"https:\/\/schema.org","@graph":[{"@type":"Article","@id":"https:\/\/vieassociative.be\/actualites\/maman-mia-litalie-ne-participera-pas-a-une-coupe-du-monde-pour-la-troisieme-fois-consecutive-apres-2018-et-2022\/#article","isPartOf":{"@id":"https:\/\/vieassociative.be\/actualites\/maman-mia-litalie-ne-participera-pas-a-une-coupe-du-monde-pour-la-troisieme-fois-consecutive-apres-2018-et-2022\/"},"author":{"name":"Julien","@id":"https:\/\/vieassociative.be\/actualites\/#\/schema\/person\/b87ac4f82f9d4e7b7cec7395b679edc4"},"headline":"Maman Mia ! L&rsquo;Italie ne participera pas \u00e0 une Coupe du Monde pour la troisi\u00e8me fois cons\u00e9cutive apr\u00e8s 2018 et 2022","datePublished":"2026-04-01T03:17:48+00:00","dateModified":"2026-04-01T03:17:48+00:00","mainEntityOfPage":{"@id":"https:\/\/vieassociative.be\/actualites\/maman-mia-litalie-ne-participera-pas-a-une-coupe-du-monde-pour-la-troisieme-fois-consecutive-apres-2018-et-2022\/"},"wordCount":963,"publisher":{"@id":"https:\/\/vieassociative.be\/actualites\/#organization"},"image":{"@id":"https:\/\/vieassociative.be\/actualites\/maman-mia-litalie-ne-participera-pas-a-une-coupe-du-monde-pour-la-troisieme-fois-consecutive-apres-2018-et-2022\/#primaryimage"},"thumbnailUrl":"https:\/\/vieassociative.be\/actualites\/wp-content\/uploads\/2026\/04\/1775013470_Maman-Mia-LItalie-ne-participera-pas-a-une-Coupe.jpg","keywords":["Apr\u00e8s","cons\u00e9cutive","Coupe","fois","lItalie","Maman","Mia","monde","participera","pas","pour","troisi\u00e8me","une"],"articleSection":["Belgique"],"inLanguage":"fr-BE"},{"@type":"WebPage","@id":"https:\/\/vieassociative.be\/actualites\/maman-mia-litalie-ne-participera-pas-a-une-coupe-du-monde-pour-la-troisieme-fois-consecutive-apres-2018-et-2022\/","url":"https:\/\/vieassociative.be\/actualites\/maman-mia-litalie-ne-participera-pas-a-une-coupe-du-monde-pour-la-troisieme-fois-consecutive-apres-2018-et-2022\/","name":"Maman Mia ! L'Italie ne participera pas \u00e0 une Coupe du Monde pour la troisi\u00e8me fois cons\u00e9cutive apr\u00e8s 2018 et 2022 | Vie Associative","isPartOf":{"@id":"https:\/\/vieassociative.be\/actualites\/#website"},"primaryImageOfPage":{"@id":"https:\/\/vieassociative.be\/actualites\/maman-mia-litalie-ne-participera-pas-a-une-coupe-du-monde-pour-la-troisieme-fois-consecutive-apres-2018-et-2022\/#primaryimage"},"image":{"@id":"https:\/\/vieassociative.be\/actualites\/maman-mia-litalie-ne-participera-pas-a-une-coupe-du-monde-pour-la-troisieme-fois-consecutive-apres-2018-et-2022\/#primaryimage"},"thumbnailUrl":"https:\/\/vieassociative.be\/actualites\/wp-content\/uploads\/2026\/04\/1775013470_Maman-Mia-LItalie-ne-participera-pas-a-une-Coupe.jpg","datePublished":"2026-04-01T03:17:48+00:00","dateModified":"2026-04-01T03:17:48+00:00","breadcrumb":{"@id":"https:\/\/vieassociative.be\/actualites\/maman-mia-litalie-ne-participera-pas-a-une-coupe-du-monde-pour-la-troisieme-fois-consecutive-apres-2018-et-2022\/#breadcrumb"},"inLanguage":"fr-BE","potentialAction":[{"@type":"ReadAction","target":["https:\/\/vieassociative.be\/actualites\/maman-mia-litalie-ne-participera-pas-a-une-coupe-du-monde-pour-la-troisieme-fois-consecutive-apres-2018-et-2022\/"]}]},{"@type":"ImageObject","inLanguage":"fr-BE","@id":"https:\/\/vieassociative.be\/actualites\/maman-mia-litalie-ne-participera-pas-a-une-coupe-du-monde-pour-la-troisieme-fois-consecutive-apres-2018-et-2022\/#primaryimage","url":"https:\/\/vieassociative.be\/actualites\/wp-content\/uploads\/2026\/04\/1775013470_Maman-Mia-LItalie-ne-participera-pas-a-une-Coupe.jpg","contentUrl":"https:\/\/vieassociative.be\/actualites\/wp-content\/uploads\/2026\/04\/1775013470_Maman-Mia-LItalie-ne-participera-pas-a-une-Coupe.jpg","width":1200,"height":800,"caption":"Maman Mia ! L'Italie ne participera pas \u00e0 une Coupe du Monde pour la troisi\u00e8me fois cons\u00e9cutive apr\u00e8s 2018 et 2022"},{"@type":"BreadcrumbList","@id":"https:\/\/vieassociative.be\/actualites\/maman-mia-litalie-ne-participera-pas-a-une-coupe-du-monde-pour-la-troisieme-fois-consecutive-apres-2018-et-2022\/#breadcrumb","itemListElement":[{"@type":"ListItem","position":1,"name":"Accueil","item":"https:\/\/vieassociative.be\/actualites\/"},{"@type":"ListItem","position":2,"name":"Maman Mia ! L&rsquo;Italie ne participera pas \u00e0 une Coupe du Monde pour la troisi\u00e8me fois cons\u00e9cutive apr\u00e8s 2018 et 2022"}]},{"@type":"WebSite","@id":"https:\/\/vieassociative.be\/actualites\/#website","url":"https:\/\/vieassociative.be\/actualites\/","name":"Vie Associative","description":"","publisher":{"@id":"https:\/\/vieassociative.be\/actualites\/#organization"},"potentialAction":[{"@type":"SearchAction","target":{"@type":"EntryPoint","urlTemplate":"https:\/\/vieassociative.be\/actualites\/?s={search_term_string}"},"query-input":{"@type":"PropertyValueSpecification","valueRequired":true,"valueName":"search_term_string"}}],"inLanguage":"fr-BE"},{"@type":"Organization","@id":"https:\/\/vieassociative.be\/actualites\/#organization","name":"Vie Associative","url":"https:\/\/vieassociative.be\/actualites\/","logo":{"@type":"ImageObject","inLanguage":"fr-BE","@id":"https:\/\/vieassociative.be\/actualites\/#\/schema\/logo\/image\/","url":"https:\/\/vieassociative.be\/actualites\/wp-content\/uploads\/2024\/09\/cropped-vieassociative_favicon.ico.png","contentUrl":"https:\/\/vieassociative.be\/actualites\/wp-content\/uploads\/2024\/09\/cropped-vieassociative_favicon.ico.png","width":512,"height":512,"caption":"Vie Associative"},"image":{"@id":"https:\/\/vieassociative.be\/actualites\/#\/schema\/logo\/image\/"}},{"@type":"Person","@id":"https:\/\/vieassociative.be\/actualites\/#\/schema\/person\/b87ac4f82f9d4e7b7cec7395b679edc4","name":"Julien","image":{"@type":"ImageObject","inLanguage":"fr-BE","@id":"https:\/\/vieassociative.be\/actualites\/#\/schema\/person\/image\/","url":"https:\/\/vieassociative.be\/actualites\/wp-content\/uploads\/2024\/09\/vie-associative-1-150x150.jpg","contentUrl":"https:\/\/vieassociative.be\/actualites\/wp-content\/uploads\/2024\/09\/vie-associative-1-150x150.jpg","caption":"Julien"},"description":"Je suis Julien, r\u00e9dacteur pour Vie Associative. Passionn\u00e9 par le monde associatif depuis plus de 10 ans, j'ai \u00e0 c\u0153ur de partager des histoires inspirantes et de mettre en lumi\u00e8re les initiatives locales. Mon objectif est de sensibiliser et d'encourager l'engagement communautaire \u00e0 travers mes articles.","sameAs":["https:\/\/vieassociative.be\/"]}]}},"_links":{"self":[{"href":"https:\/\/vieassociative.be\/actualites\/wp-json\/wp\/v2\/posts\/13267"}],"collection":[{"href":"https:\/\/vieassociative.be\/actualites\/wp-json\/wp\/v2\/posts"}],"about":[{"href":"https:\/\/vieassociative.be\/actualites\/wp-json\/wp\/v2\/types\/post"}],"author":[{"embeddable":true,"href":"https:\/\/vieassociative.be\/actualites\/wp-json\/wp\/v2\/users\/1"}],"replies":[{"embeddable":true,"href":"https:\/\/vieassociative.be\/actualites\/wp-json\/wp\/v2\/comments?post=13267"}],"version-history":[{"count":0,"href":"https:\/\/vieassociative.be\/actualites\/wp-json\/wp\/v2\/posts\/13267\/revisions"}],"wp:featuredmedia":[{"embeddable":true,"href":"https:\/\/vieassociative.be\/actualites\/wp-json\/wp\/v2\/media\/13268"}],"wp:attachment":[{"href":"https:\/\/vieassociative.be\/actualites\/wp-json\/wp\/v2\/media?parent=13267"}],"wp:term":[{"taxonomy":"category","embeddable":true,"href":"https:\/\/vieassociative.be\/actualites\/wp-json\/wp\/v2\/categories?post=13267"},{"taxonomy":"post_tag","embeddable":true,"href":"https:\/\/vieassociative.be\/actualites\/wp-json\/wp\/v2\/tags?post=13267"}],"curies":[{"name":"wp","href":"https:\/\/api.w.org\/{rel}","templated":true}]}}