{"id":13265,"date":"2026-04-01T04:17:24","date_gmt":"2026-04-01T02:17:24","guid":{"rendered":"https:\/\/vieassociative.be\/actualites\/ce-sont-les-meilleures-offres-de-derniere-minute-sur-les-lunettes-intelligentes-pour-la-grande-vente-de-printemps-damazon\/"},"modified":"2026-04-01T04:17:24","modified_gmt":"2026-04-01T02:17:24","slug":"ce-sont-les-meilleures-offres-de-derniere-minute-sur-les-lunettes-intelligentes-pour-la-grande-vente-de-printemps-damazon","status":"publish","type":"post","link":"https:\/\/vieassociative.be\/actualites\/ce-sont-les-meilleures-offres-de-derniere-minute-sur-les-lunettes-intelligentes-pour-la-grande-vente-de-printemps-damazon\/","title":{"rendered":"Ce sont les meilleures offres de derni\u00e8re minute sur les lunettes intelligentes pour la grande vente de printemps d&rsquo;Amazon"},"content":{"rendered":"<p>Nous pouvons gagner une commission sur les liens sur cette page. Les prix et la disponibilit\u00e9 de l&rsquo;offre sont sujets \u00e0 changement apr\u00e8s la publication.<\/p>\n<p>Il n&rsquo;y a pas de <em>tonne<\/em> de lunettes intelligentes r\u00e9serv\u00e9es pour la grande vente de printemps d&rsquo;Amazon &#8211; les Ray-Ban Metas sont au prix fort, tout comme les RayNeos, Rokids et la plupart des autres lunettes de marque &#8211; mais il y a encore de bonnes affaires \u00e0 trouver dans le d\u00e9partement des lunettes intelligentes, y compris ma paire de lunettes de style \u00e9cran pr\u00e9f\u00e9r\u00e9e de tous les temps. <\/p>\n<h2 id=\"display-style-smart-glasses-on-sale-for-amazons-big-spring-sale\">Lunettes intelligentes de style affichage en vente pour la grande vente de printemps d&rsquo;Amazon<\/h2>\n<div class=\"shadow-b-2 mb-12 mt-10 rounded-md border-2 border-(#F0F0F0) px-6 py-2 shadow-lg md:px-12\" role=\"region\" aria-label=\"Products List\">\n<div class=\"flex w-full gap-x-5\">\n<div class=\"flex w-full flex-col flex-nowrap justify-center gap-2 text-black no-underline md:order-2 md:gap-y-6\">\n<div class=\"flex flex-col justify-between gap-y-2 md:w-full md:gap-y-1\">\n<div class=\"block w-fit cursor-pointer font-akshar text-lg font-medium leading-5 text-brand-green duration-200 ease-in-out hover:text-brand-green-700 md:text-xl md:leading-6\">\n<p>                            Lunettes XREAL One Pro AR avec puce X1, Native 3 DoF, optique X-Prism, \u00e9cran FHD 57\u00b0FOV 171&Prime; 120 Hz, son par Bose, lunettes XR pour iPhone 16, Steam Deck, ROG, Mac, PC, Android et iOS M (IPD 57-66 mm)\n                        <\/p><\/div>\n<\/p><\/div>\n<div class=\"hidden md:flex md:justify-between md:gap-x-4\">\n<div class=\"w-full mb-0 md:flex md:flex-col md:justify-center font-sans leading-4 text-black\">\n<div class=\"flex flex-wrap items-center justify-center gap-1 md:justify-start\">\n        <span class=\"font-bold\"><\/p>\n<p>            598,98\u00a0$<br \/>\n                            <span class=\"font-medium\">chez Amazon<\/span><br \/>\n                    <\/span>\n            <\/div>\n<div class=\"flex items-center justify-center gap-x-1 font-bold md:justify-start\">\n            <span class=\"text-sm line-through\">769,00\u00a0$<\/span><br \/>\n            <span class=\"text-sm text-brand-green\">\u00c9conomisez 170,02\u00a0$<\/span>\n        <\/div>\n<\/p><\/div>\n<p>                            <button class=\"flex justify-center items-center w-full bg-brand-green text-white text-base font-sans font-medium rounded-md hover:bg-brand-green-700 hover:cursor-pointer md:text-sm hidden self-end h-12 max-w-(10rem) duration-200 ease-in-out hover:bg-brand-green-700 md:flex md:h-10\"><\/p>\n<p>    Obtenez une offre<br \/>\n<\/button>\n                        <\/div>\n<\/p><\/div>\n<div class=\"flex aspect-video h-(90px) shrink-0 items-center justify-center self-center md:order-1\">\n                        <img decoding=\"async\" class=\"m-0 max-h-full max-w-full rounded-md\" src=\"https:\/\/vieassociative.be\/actualites\/wp-content\/uploads\/2026\/04\/Ce-sont-les-meilleures-offres-de-derniere-minute-sur-les.jpg\" alt=\"Lunettes XREAL One Pro AR avec puce X1, 3 DoF natifs, optique X-Prism, 57\u00b0FOV 171\" 120Hz FHD Display, Sound by Bose, XR Glasses for iPhone 16, Steam Deck, ROG, Mac, PC, Android &amp; iOS M (IPD 57-66mm)\" width=\"auto\" height=\"auto\" loading=\"lazy\">\n                    <\/div>\n<\/p><\/div>\n<p>                            <button class=\"flex justify-center items-center w-full bg-brand-green text-white text-base font-sans font-medium rounded-md hover:bg-brand-green-700 hover:cursor-pointer md:text-sm w-full h-12 duration-200 ease-in-out hover:bg-brand-green-700 md:hidden md:h-10\"><\/p>\n<p>    Obtenez une offre<br \/>\n<\/button><\/p>\n<div class=\"flex flex-col items-center w-full md:hidden font-sans leading-4 text-black\">\n<div class=\"flex flex-wrap items-center justify-center gap-1 md:justify-start\">\n        <span class=\"font-bold\"><\/p>\n<p>            598,98\u00a0$<br \/>\n                            <span class=\"font-medium\">chez Amazon<\/span><br \/>\n                    <\/span>\n            <\/div>\n<div class=\"flex items-center justify-center gap-x-1 font-bold md:justify-start\">\n            <span class=\"text-sm line-through\">769,00\u00a0$<\/span><br \/>\n            <span class=\"text-sm text-brand-green\">\u00c9conomisez 170,02\u00a0$<\/span>\n        <\/div>\n<\/p><\/div>\n<div class=\"flex w-full gap-x-5\">\n<div class=\"flex w-full flex-col flex-nowrap justify-center gap-2 text-black no-underline md:order-2 md:gap-y-6\">\n<div class=\"flex flex-col justify-between gap-y-2 md:w-full md:gap-y-1\">\n<div class=\"block w-fit cursor-pointer font-akshar text-lg font-medium leading-5 text-brand-green duration-200 ease-in-out hover:text-brand-green-700 md:text-xl md:leading-6\">\n<p>                            Viture Luma Pro\n                        <\/p><\/div>\n<\/p><\/div>\n<div class=\"hidden md:flex md:justify-between md:gap-x-4\">\n<div class=\"w-full mb-0 md:flex md:flex-col md:justify-center font-sans leading-4 text-black\">\n<div class=\"flex flex-wrap items-center justify-center gap-1 md:justify-start\">\n        <span class=\"font-bold\"><\/p>\n<p>            399,00\u00a0$<br \/>\n                            <span class=\"font-medium\">chez Amazon<\/span><br \/>\n                    <\/span>\n            <\/div>\n<div class=\"flex items-center justify-center gap-x-1 font-bold md:justify-start\">\n            <span class=\"text-sm line-through\">499,00\u00a0$<\/span><br \/>\n            <span class=\"text-sm text-brand-green\">\u00c9conomisez 100,00\u00a0$<\/span>\n        <\/div>\n<\/p><\/div>\n<p>                            <button class=\"flex justify-center items-center w-full bg-brand-green text-white text-base font-sans font-medium rounded-md hover:bg-brand-green-700 hover:cursor-pointer md:text-sm hidden self-end h-12 max-w-(10rem) duration-200 ease-in-out hover:bg-brand-green-700 md:flex md:h-10\"><\/p>\n<p>    Obtenez une offre<br \/>\n<\/button>\n                        <\/div>\n<\/p><\/div>\n<div class=\"flex aspect-video h-(90px) shrink-0 items-center justify-center self-center md:order-1\">\n                        <img decoding=\"async\" class=\"m-0 max-h-full max-w-full rounded-md\" src=\"https:\/\/vieassociative.be\/actualites\/wp-content\/uploads\/2026\/04\/1775009844_186_Ce-sont-les-meilleures-offres-de-derniere-minute-sur-les.jpg\" alt=\"Viture Luma Pro\" width=\"auto\" height=\"auto\" loading=\"lazy\">\n                    <\/div>\n<\/p><\/div>\n<p>                            <button class=\"flex justify-center items-center w-full bg-brand-green text-white text-base font-sans font-medium rounded-md hover:bg-brand-green-700 hover:cursor-pointer md:text-sm w-full h-12 duration-200 ease-in-out hover:bg-brand-green-700 md:hidden md:h-10\"><\/p>\n<p>    Obtenez une offre<br \/>\n<\/button><\/p>\n<div class=\"flex flex-col items-center w-full md:hidden font-sans leading-4 text-black\">\n<div class=\"flex flex-wrap items-center justify-center gap-1 md:justify-start\">\n        <span class=\"font-bold\"><\/p>\n<p>            399,00\u00a0$<br \/>\n                            <span class=\"font-medium\">chez Amazon<\/span><br \/>\n                    <\/span>\n            <\/div>\n<div class=\"flex items-center justify-center gap-x-1 font-bold md:justify-start\">\n            <span class=\"text-sm line-through\">499,00\u00a0$<\/span><br \/>\n            <span class=\"text-sm text-brand-green\">\u00c9conomisez 100,00\u00a0$<\/span>\n        <\/div>\n<\/p><\/div>\n<p>        <button class=\"mb-4 mt-6 pr-4 font-akshar text-sm font-medium text-gray-900 hover:cursor-pointer hover:text-brand-green md:pr-8\"><\/p>\n<p>        VOIR -1 PLUS<\/p>\n<p>    <\/button>\n<\/div>\n<p>Cette cat\u00e9gorie de lunettes intelligentes fait office de moniteur virtuel. Vous les branchez sur un appareil USB-C et pouvez les utiliser comme deuxi\u00e8me \u00e9cran pour jouer, diffuser ou travailler. C\u2019est la meilleure chose \u00e0 avoir dans un avion, croyez-moi. <\/p>\n<ul>\n<li>\n<p>XReal One Pro<strong>:<\/strong> Les lunettes intelligentes phares de XReal sont les meilleures lunettes d&rsquo;affichage que j&rsquo;ai utilis\u00e9es \u00e0 ce jour. Les options de r\u00e9solution, de champ de vision, de qualit\u00e9 audio et de personnalisation les rendent sans \u00e9gal, comme vous pouvez le lire dans ma critique compl\u00e8te. Mais ils ne sont pas bon march\u00e9. Pour la grande vente de printemps d&rsquo;Amazon, cependant, ils co\u00fbtent 598,98 $, soit 22 % de r\u00e9duction sur le prix r\u00e9gulier de 769,00 $. Mais ce prix est un peu trompeur : Amazon ne les a vendus au prix \u00ab catalogue \u00bb que pendant de courtes p\u00e9riodes, comme vous pouvez le voir dans le tableau des prix ci-dessous ; le prix actuel appara\u00eet plus fr\u00e9quemment que le prix catalogue suppos\u00e9. Mais si vous voulez les meilleures lunettes d\u2019affichage du march\u00e9, vous les avez trouv\u00e9es. <\/p>\n<\/li>\n<\/ul>\n<div class=\"eloquent-imagery-image\">\n<div class=\"flex justify-center\">\n                    <img decoding=\"async\" class=\"border border-gray-100\" src=\"https:\/\/vieassociative.be\/actualites\/wp-content\/uploads\/2026\/04\/Ce-sont-les-meilleures-offres-de-derniere-minute-sur-les.png\" alt=\"Tableau des prix XReal One Pro\" width=\"2000\" height=\"903\" loading=\"lazy\">\n            <\/div>\n<div class=\"mt-2 font-akshar\">\n                            <span class=\"image-caption block text-sm leading-4 tracking-wide text-(#1F2937)\"><\/span><br \/>\n                                        <span class=\"mt-1 block font-sans text-xs tracking-normal text-gray-600\">Cr\u00e9dit : CamelCamelCamel<\/span>\n                    <\/div>\n<\/p><\/div>\n<ul>\n<li>\n<p>Lunettes VITURE Luma Pro XR : Je n&rsquo;ai pas encore eu l&rsquo;occasion de tester ces lunettes Viture Luma Pro XR, mais elles ont obtenu quatre \u00e9toiles sur cinq de la part des critiques d&rsquo;Amazon et une \u00e9valuation de 4 \u00e9toiles de PCMag. Ils offrent un champ de vision respectable de 52\u00b0, l&rsquo;\u00e9quivalent d&rsquo;un \u00e9cran de 153&Prime;, et vous pouvez les utiliser pour travailler avec trois \u00e9crans virtuels en r\u00e9alit\u00e9 augment\u00e9e. Ils sont en vente au prix de 399 $, le prix le plus bas auquel Amazon les a vendus. <\/p>\n<\/li>\n<\/ul>\n<h2 id=\"audio-first-smart-glasses-on-sale-for-amazons-big-spring-sale\">Les premi\u00e8res lunettes intelligentes audio en vente pour la grande vente de printemps d&rsquo;Amazon<\/h2>\n<div class=\"shadow-b-2 mb-12 mt-10 rounded-md border-2 border-(#F0F0F0) px-6 py-2 shadow-lg md:px-12\" role=\"region\" aria-label=\"Products List\">\n<div class=\"flex w-full gap-x-5\">\n<div class=\"flex w-full flex-col flex-nowrap justify-center gap-2 text-black no-underline md:order-2 md:gap-y-6\">\n<div class=\"flex flex-col justify-between gap-y-2 md:w-full md:gap-y-1\">\n<div class=\"block w-fit cursor-pointer font-akshar text-lg font-medium leading-5 text-brand-green duration-200 ease-in-out hover:text-brand-green-700 md:text-xl md:leading-6\">\n<p>                            Lunettes intelligentes Carrera avec Alexa | Lunettes audio intelligentes | Monture noire Sprinter avec verres solaires polaris\u00e9s | Carr\u00e9\n                        <\/p><\/div>\n<\/p><\/div>\n<div class=\"hidden md:flex md:justify-between md:gap-x-4\">\n<div class=\"w-full mb-0 md:flex md:flex-col md:justify-center font-sans leading-4 text-black\">\n<div class=\"flex flex-wrap items-center justify-center gap-1 md:justify-start\">\n        <span class=\"font-bold\"><\/p>\n<p>            149,99\u00a0$<br \/>\n                            <span class=\"font-medium\">chez Amazon<\/span><br \/>\n                    <\/span>\n            <\/div>\n<div class=\"flex items-center justify-center gap-x-1 font-bold md:justify-start\">\n            <span class=\"text-sm line-through\">389,99\u00a0$<\/span><br \/>\n            <span class=\"text-sm text-brand-green\">\u00c9conomisez 240,00\u00a0$<\/span>\n        <\/div>\n<\/p><\/div>\n<p>                            <button class=\"flex justify-center items-center w-full bg-brand-green text-white text-base font-sans font-medium rounded-md hover:bg-brand-green-700 hover:cursor-pointer md:text-sm hidden self-end h-12 max-w-(10rem) duration-200 ease-in-out hover:bg-brand-green-700 md:flex md:h-10\"><\/p>\n<p>    Obtenez une offre<br \/>\n<\/button>\n                        <\/div>\n<\/p><\/div>\n<div class=\"flex aspect-video h-(90px) shrink-0 items-center justify-center self-center md:order-1\">\n                        <img decoding=\"async\" class=\"m-0 max-h-full max-w-full rounded-md\" src=\"https:\/\/vieassociative.be\/actualites\/wp-content\/uploads\/2026\/04\/1775009844_42_Ce-sont-les-meilleures-offres-de-derniere-minute-sur-les.jpg\" alt=\"Lunettes intelligentes Carrera avec Alexa | Lunettes audio intelligentes | Monture noire Sprinter avec verres solaires polaris\u00e9s | Carr\u00e9\" width=\"auto\" height=\"auto\" loading=\"lazy\">\n                    <\/div>\n<\/p><\/div>\n<p>                            <button class=\"flex justify-center items-center w-full bg-brand-green text-white text-base font-sans font-medium rounded-md hover:bg-brand-green-700 hover:cursor-pointer md:text-sm w-full h-12 duration-200 ease-in-out hover:bg-brand-green-700 md:hidden md:h-10\"><\/p>\n<p>    Obtenez une offre<br \/>\n<\/button><\/p>\n<div class=\"flex flex-col items-center w-full md:hidden font-sans leading-4 text-black\">\n<div class=\"flex flex-wrap items-center justify-center gap-1 md:justify-start\">\n        <span class=\"font-bold\"><\/p>\n<p>            149,99\u00a0$<br \/>\n                            <span class=\"font-medium\">chez Amazon<\/span><br \/>\n                    <\/span>\n            <\/div>\n<div class=\"flex items-center justify-center gap-x-1 font-bold md:justify-start\">\n            <span class=\"text-sm line-through\">389,99\u00a0$<\/span><br \/>\n            <span class=\"text-sm text-brand-green\">\u00c9conomisez 240,00\u00a0$<\/span>\n        <\/div>\n<\/p><\/div>\n<div class=\"flex w-full gap-x-5\">\n<div class=\"flex w-full flex-col flex-nowrap justify-center gap-2 text-black no-underline md:order-2 md:gap-y-6\">\n<div class=\"flex flex-col justify-between gap-y-2 md:w-full md:gap-y-1\">\n<div class=\"block w-fit cursor-pointer font-akshar text-lg font-medium leading-5 text-brand-green duration-200 ease-in-out hover:text-brand-green-700 md:text-xl md:leading-6\">\n<p>                            XO Simple is Beauty Lunettes Bluetooth intelligentes, micro et haut-parleurs int\u00e9gr\u00e9s, lunettes de soleil intelligentes sans fil pour hommes et femmes, protection UV athl\u00e9tique\/ext\u00e9rieur et commande vocale, unisexe (noir)\n                        <\/p><\/div>\n<\/p><\/div>\n<div class=\"hidden md:flex md:justify-between md:gap-x-4\">\n<div class=\"w-full mb-0 md:flex md:flex-col md:justify-center font-sans leading-4 text-black\">\n<div class=\"flex flex-wrap items-center justify-center gap-1 md:justify-start\">\n        <span class=\"font-bold\"><\/p>\n<p>            20,98\u00a0$<br \/>\n                            <span class=\"font-medium\">chez Amazon<\/span><br \/>\n                    <\/span>\n            <\/div>\n<div class=\"flex items-center justify-center gap-x-1 font-bold md:justify-start\">\n            <span class=\"text-sm line-through\">24,68\u00a0$<\/span><br \/>\n            <span class=\"text-sm text-brand-green\">\u00c9conomisez 3,70\u00a0$<\/span>\n        <\/div>\n<\/p><\/div>\n<p>                            <button class=\"flex justify-center items-center w-full bg-brand-green text-white text-base font-sans font-medium rounded-md hover:bg-brand-green-700 hover:cursor-pointer md:text-sm hidden self-end h-12 max-w-(10rem) duration-200 ease-in-out hover:bg-brand-green-700 md:flex md:h-10\"><\/p>\n<p>    Obtenez une offre<br \/>\n<\/button>\n                        <\/div>\n<\/p><\/div>\n<div class=\"flex aspect-video h-(90px) shrink-0 items-center justify-center self-center md:order-1\">\n                        <img decoding=\"async\" class=\"m-0 max-h-full max-w-full rounded-md\" src=\"https:\/\/vieassociative.be\/actualites\/wp-content\/uploads\/2026\/04\/1775009844_561_Ce-sont-les-meilleures-offres-de-derniere-minute-sur-les.jpg\" alt=\"XO Simple is Beauty Lunettes Bluetooth intelligentes, micro et haut-parleurs int\u00e9gr\u00e9s, lunettes de soleil intelligentes sans fil pour hommes et femmes, protection UV athl\u00e9tique\/ext\u00e9rieur et commande vocale, unisexe (noir)\" width=\"auto\" height=\"auto\" loading=\"lazy\">\n                    <\/div>\n<\/p><\/div>\n<p>                            <button class=\"flex justify-center items-center w-full bg-brand-green text-white text-base font-sans font-medium rounded-md hover:bg-brand-green-700 hover:cursor-pointer md:text-sm w-full h-12 duration-200 ease-in-out hover:bg-brand-green-700 md:hidden md:h-10\"><\/p>\n<p>    Obtenez une offre<br \/>\n<\/button><\/p>\n<div class=\"flex flex-col items-center w-full md:hidden font-sans leading-4 text-black\">\n<div class=\"flex flex-wrap items-center justify-center gap-1 md:justify-start\">\n        <span class=\"font-bold\"><\/p>\n<p>            20,98\u00a0$<br \/>\n                            <span class=\"font-medium\">chez Amazon<\/span><br \/>\n                    <\/span>\n            <\/div>\n<div class=\"flex items-center justify-center gap-x-1 font-bold md:justify-start\">\n            <span class=\"text-sm line-through\">24,68\u00a0$<\/span><br \/>\n            <span class=\"text-sm text-brand-green\">\u00c9conomisez 3,70\u00a0$<\/span>\n        <\/div>\n<\/p><\/div>\n<p>        <button class=\"mb-4 mt-6 pr-4 font-akshar text-sm font-medium text-gray-900 hover:cursor-pointer hover:text-brand-green md:pr-8\"><\/p>\n<p>        VOIR -1 PLUS<\/p>\n<p>    <\/button>\n<\/div>\n<p>Cette vari\u00e9t\u00e9 de lunettes intelligentes n\u2019affiche rien et ne prend aucune photo. Ils sont uniquement destin\u00e9s \u00e0 l&rsquo;audio, ils s&rsquo;apparentent donc \u00e0 un haut-parleur Bluetooth int\u00e9gr\u00e9 dans une paire de lunettes de soleil. <\/p>\n<ul>\n<li>\n<p>Lunettes intelligentes Carrera avec Alexa : La d\u00e9marque est importante sur ces lunettes intelligentes Carrera. Ils co\u00fbtent 149,99 $, en baisse de 62 % par rapport \u00e0 la liste. Carrera fabrique des montures de cr\u00e9ateurs, et je ne trouve pas de lunettes stupides sur le site Web de l&rsquo;entreprise pour moins de 200 $, donc si vous aimez le look de ces sp\u00e9cifications, vous faites une bonne affaire. La partie \u00ab technique \u00bb de ces lunettes est uniquement audio, vous pouvez donc les utiliser pour \u00e9couter de la musique ou des podcasts et prendre des appels, mais vous pouvez \u00e9galement les utiliser pour parler \u00e0 Alexa+, l&rsquo;assistant d&rsquo;Amazon. Cela signifie que vous pouvez contr\u00f4ler votre maison intelligente avec eux. <\/p>\n<\/li>\n<li>\n<p>Lunettes Bluetooth intelligentes Simple is Beauty : Ces lunettes de soleil Bluetooth g\u00e9n\u00e9riques co\u00fbtent 20 $, mais elles vous permettent de vous connecter \u00e0 votre t\u00e9l\u00e9phone pour \u00e9couter de la musique et passer des appels, et elles prot\u00e8gent vos yeux du soleil. Je ne peux pas parler pour cette paire sp\u00e9cifique de lunettes audio g\u00e9n\u00e9riques, mais j&rsquo;ai compar\u00e9 la qualit\u00e9 sonore d&rsquo;une paire comme celles-ci \u00e0 un tas de lunettes intelligentes plus ch\u00e8res, et j&rsquo;ai trouv\u00e9 que les lunettes de soleil \u00e0 20 $ sonnaient bien \u2013 pas g\u00e9nial, remarquez, mais mieux que ce \u00e0 quoi je m&rsquo;attendais. Donc, si vous voulez de la musique pendant que vous vous entra\u00eenez et que vous ne voulez pas d\u00e9penser beaucoup, cela pourrait \u00eatre pour vous.  <\/p>\n<\/li>\n<\/ul>\n<h2 id=\"photo-and-ai-smart-glasses-on-sale-for-amazons-big-spring-sale\">Lunettes intelligentes photo et IA en vente pour la grande vente de printemps d&rsquo;Amazon<\/h2>\n<p>C&rsquo;est dans cette cat\u00e9gorie que appartiennent les lunettes Ray-Ban Meta : des lunettes qui prennent des photos et des vid\u00e9os, lisent de l&rsquo;audio et disposent d&rsquo;une sorte d&rsquo;assistant IA. Malheureusement, les lunettes Meta ne sont pas en vente lors de la grande vente de printemps. Cela nous laisse avec&#8230;<\/p>\n<ul>\n<li>\n<p>Lunettes intelligentes NILUTO AI avec cam\u00e9ra\u00a0: il existe un <em>tonne<\/em> de \u00ab AI Smart Glasses \u00bb g\u00e9n\u00e9riques disponibles \u00e0 la vente sur Amazon qui semblent \u00e9trangement similaires. Ils disent tous qu&rsquo;ils ont des cam\u00e9ras 8MP et des \u00ab\u00a0assistants IA\u00a0\u00bb et que les cadres sont identiques. Je ne peux pas le dire avec certitude, mais il semble que ce soit le m\u00eame produit vendu par diff\u00e9rentes soci\u00e9t\u00e9s \u00e0 des prix tr\u00e8s diff\u00e9rents : certains ont un prix catalogue de 279,99 $. Certains sont cot\u00e9s \u00e0 159 $. Mais ceux auxquels j\u2019ai li\u00e9 co\u00fbtent 59,99 $, le prix le plus bas que je puisse trouver. \u00c0 des prix plus \u00e9lev\u00e9s, ces choses n&rsquo;en valent pas la peine &#8211; vous pourriez aussi bien vous procurer des Metas &#8211; mais si vous avez besoin d&rsquo;un appareil photo bon march\u00e9 dans vos lunettes ou d&rsquo;un moyen d&rsquo;\u00e9couter de la musique, une paire de lunettes g\u00e9n\u00e9riques \u00e0 60 $ pourrait \u00eatre la solution. <\/p>\n<\/li>\n<\/ul>\n<div class=\"pogoClear mb-12 mt-10 rounded-md border-2 border-gray-100 py-7 shadow-xl md:py-6\">\n<div class=\"flex flex-wrap justify-between px-7 text-black no-underline md:flex-nowrap md:px-8\">\n<div class=\"order-1 mx-auto flex flex-col justify-center md:order-2 md:ml-4 md:w-full md:grow\">\n<div class=\"block cursor-pointer text-center font-akshar text-2xl font-medium leading-7 text-brand-green duration-200 ease-in-out hover:text-brand-green-700 md:text-left md:text-xl md:leading-6\">NILUTO Lunettes intelligentes AI am\u00e9lior\u00e9es avec cam\u00e9ra Lunettes vid\u00e9o 8MP HD1080P avec cam\u00e9ra et audio &#8211; Lunettes d&rsquo;enregistrement vid\u00e9o avec audio, lunettes vid\u00e9o, traduction en temps r\u00e9el\n                <\/div>\n<div class=\"mt-4 hidden md:flex md:justify-between\">\n<div class=\"self-end\">\n<div class=\"mb-0 h-11 md:flex md:flex-col md:justify-center\">\n<div class=\" font-sans leading-4 text-black\">\n<div class=\"flex flex-wrap items-center justify-center gap-1 md:justify-start\">\n        <span class=\"font-bold\"><\/p>\n<p>            59,99\u00a0$<br \/>\n                            <span class=\"font-medium\">chez Amazon<\/span><br \/>\n                    <\/span>\n            <\/div>\n<div class=\"flex items-center justify-center gap-x-1 font-bold md:justify-start\">\n            <span class=\"text-sm line-through\">69,99\u00a0$<\/span><br \/>\n            <span class=\"text-sm text-brand-green\">\u00c9conomisez 10,00\u00a0$<\/span>\n        <\/div>\n<\/p><\/div>\n<\/p><\/div>\n<\/p><\/div>\n<div class=\"w-44 self-end\">\n                            <button class=\"flex justify-center items-center w-full bg-brand-green text-white text-base font-sans font-medium rounded-md hover:bg-brand-green-700 hover:cursor-pointer md:text-sm h-11\"><\/p>\n<p>    Obtenez une offre<br \/>\n<\/button>\n                        <\/div>\n<\/p><\/div>\n<\/p><\/div>\n<div class=\"order-2 mt-5 h-auto w-full md:order-1 md:mt-0 md:hidden\">\n<div class=\"flex aspect-video items-center justify-center\">\n                                            <img decoding=\"async\" class=\"m-0 max-h-full max-w-full rounded-md\" src=\"https:\/\/vieassociative.be\/actualites\/wp-content\/uploads\/2026\/04\/1775009844_861_Ce-sont-les-meilleures-offres-de-derniere-minute-sur-les.jpg\" alt=\"NILUTO Lunettes intelligentes AI am\u00e9lior\u00e9es avec cam\u00e9ra Lunettes vid\u00e9o 8MP HD1080P avec cam\u00e9ra et audio - Lunettes d'enregistrement vid\u00e9o avec audio, lunettes vid\u00e9o, traduction en temps r\u00e9el\" width=\"auto\" height=\"auto\" loading=\"lazy\">\n                                    <\/div>\n<\/p><\/div>\n<div class=\"order-2 ml-2 hidden w-32 shrink-0 items-center md:order-1 md:ml-0 md:flex\">\n<div class=\"flex aspect-video items-center justify-center\">\n                                            <img decoding=\"async\" class=\"m-0 max-h-full max-w-full rounded-md\" src=\"https:\/\/vieassociative.be\/actualites\/wp-content\/uploads\/2026\/04\/1775009844_861_Ce-sont-les-meilleures-offres-de-derniere-minute-sur-les.jpg\" alt=\"NILUTO Lunettes intelligentes AI am\u00e9lior\u00e9es avec cam\u00e9ra Lunettes vid\u00e9o 8MP HD1080P avec cam\u00e9ra et audio - Lunettes d'enregistrement vid\u00e9o avec audio, lunettes vid\u00e9o, traduction en temps r\u00e9el\" width=\"auto\" height=\"auto\" loading=\"lazy\">\n                                    <\/div>\n<\/p><\/div>\n<div class=\"order-3 flex grow flex-wrap md:hidden md:grow-0\">\n<div class=\"mt-4 w-full\">\n                        <button class=\"flex justify-center items-center w-full bg-brand-green text-white text-base font-sans font-medium rounded-md hover:bg-brand-green-700 hover:cursor-pointer md:text-sm h-11\"><\/p>\n<p>    Obtenez une offre<br \/>\n<\/button>\n                    <\/div>\n<div class=\"mx-2 mt-4 w-full\">\n<div class=\" font-sans leading-4 text-black\">\n<div class=\"flex flex-wrap items-center justify-center gap-1 md:justify-start\">\n        <span class=\"font-bold\"><\/p>\n<p>            59,99\u00a0$<br \/>\n                            <span class=\"font-medium\">chez Amazon<\/span><br \/>\n                    <\/span>\n            <\/div>\n<div class=\"flex items-center justify-center gap-x-1 font-bold md:justify-start\">\n            <span class=\"text-sm line-through\">69,99\u00a0$<\/span><br \/>\n            <span class=\"text-sm text-brand-green\">\u00c9conomisez 10,00\u00a0$<\/span>\n        <\/div>\n<\/p><\/div>\n<\/p><\/div>\n<\/p><\/div>\n<\/p><\/div>\n<\/div>\n<div class=\" relative flex justify-center py-16 md:left-1\/2 md:w-(780px) md:max-w-max md:-translate-x-1\/2\">\n<div class=\"w-max text-center sm:text-left\">\n<div class=\"custom-gradient-background mb-6 rounded-md p-(2px) sm:rounded-tl-none\">\n<div class=\"flex flex-col rounded bg-white sm:rounded-tl-none\">\n                    <span class=\"-mt-4 block w-fit max-w-(calc(100%-1rem)) self-center bg-white px-3 text-center font-akshar text-xl font-medium capitalize text-gray-800 sm:max-w-(calc(100%-2.5rem)) sm:self-start sm:px-10 sm:text-left sm:text-2xl\">Nos meilleures offres de vente de printemps Amazon approuv\u00e9es par les \u00e9diteurs en ce moment<\/span><\/p>\n<div class=\"flex flex-col gap-3 p-3 pb-4 text-sm sm:p-10 sm:pt-6 sm:text-justify sm:text-base\">\n<div>\n<p>    \u00c9couteurs sans fil Apple AirPods Pro 3 \u00e0 r\u00e9duction de bruit et fr\u00e9quence cardiaque<\/p>\n<p>                                <span class=\"text-black\"><br \/>\n                                    \u2014<br \/>\n                                    <span class=\"font-bold\">199,00\u00a0$<\/span><br \/>\n                                    <span class=\"!text-xs italic sm:!text-sm\"><\/p>\n<p>                                        (Prix catalogue 249,00 $)<br \/>\n                                    <\/span><br \/>\n                                <\/span>\n                            <\/div>\n<div>\n<p>    Apple iPad 11&Prime; 128 Go A16 WiFi Tablette (Bleu, 2025)<\/p>\n<p>                                <span class=\"text-black\"><br \/>\n                                    \u2014<br \/>\n                                    <span class=\"font-bold\">299,00\u00a0$<\/span><br \/>\n                                    <span class=\"!text-xs italic sm:!text-sm\"><\/p>\n<p>                                        (Prix catalogue 349,00 $)<br \/>\n                                    <\/span><br \/>\n                                <\/span>\n                            <\/div>\n<div>\n<p>    Tablette Samsung Galaxy Tab A11+ 128 Go Wi-Fi 11&Prime; (Gris)<\/p>\n<p>                                <span class=\"text-black\"><br \/>\n                                    \u2014<br \/>\n                                    <span class=\"font-bold\">202,00\u00a0$<\/span><br \/>\n                                    <span class=\"!text-xs italic sm:!text-sm\"><\/p>\n<p>                                        (Prix catalogue 249,99 $)<br \/>\n                                    <\/span><br \/>\n                                <\/span>\n                            <\/div>\n<div>\n<p>    Apple Watch Series 11 (GPS, 42 mm, bracelet sport noir S\/M)<\/p>\n<p>                                <span class=\"text-black\"><br \/>\n                                    \u2014<br \/>\n                                    <span class=\"font-bold\">329,00\u00a0$<\/span><br \/>\n                                    <span class=\"!text-xs italic sm:!text-sm\"><\/p>\n<p>                                        (Prix catalogue 399,00 $)<br \/>\n                                    <\/span><br \/>\n                                <\/span>\n                            <\/div>\n<div>\n<p>    Sonnette vid\u00e9o sans fil Blink (mod\u00e8le le plus r\u00e9cent) + module de synchronisation<\/p>\n<p>                                <span class=\"text-black\"><br \/>\n                                    \u2014<br \/>\n                                    <span class=\"font-bold\">35,99\u00a0$<\/span><br \/>\n                                    <span class=\"!text-xs italic sm:!text-sm\"><\/p>\n<p>                                        (Prix catalogue 69,99 $)<br \/>\n                                    <\/span><br \/>\n                                <\/span>\n                            <\/div>\n<div>\n<p>    Lecteur de streaming Fire TV Stick 4K Max avec t\u00e9l\u00e9commande<\/p>\n<p>                                <span class=\"text-black\"><br \/>\n                                    \u2014<br \/>\n                                    <span class=\"font-bold\">34,99\u00a0$<\/span><br \/>\n                                    <span class=\"!text-xs italic sm:!text-sm\"><\/p>\n<p>                                        (Prix catalogue 59,99 $)<br \/>\n                                    <\/span><br \/>\n                                <\/span>\n                            <\/div>\n<div>\n<p>    Sony WH-1000XM5<\/p>\n<p>                                <span class=\"text-black\"><br \/>\n                                    \u2014<br \/>\n                                    <span class=\"font-bold\">243,00\u00a0$<\/span><br \/>\n                                    <span class=\"!text-xs italic sm:!text-sm\"><\/p>\n<p>                                        (Prix catalogue 399,99\u00a0$)<br \/>\n                                    <\/span><br \/>\n                                <\/span>\n                            <\/div>\n<\/p><\/div>\n<\/p><\/div>\n<\/p><\/div>\n<div class=\"flex flex-col items-center justify-between text-black sm:flex-row sm:px-6\">\n                <span class=\"text-xs italic sm:ml-7 sm:text-sm\">Les offres sont s\u00e9lectionn\u00e9es par notre \u00e9quipe commerciale<\/span><\/p><\/div>\n<\/p><\/div>\n<\/p><\/div>\n","protected":false},"excerpt":{"rendered":"<p>Nous pouvons gagner une commission sur les liens sur cette page. Les prix et la disponibilit\u00e9 de l&rsquo;offre sont sujets \u00e0 changement apr\u00e8s la publication.<\/p>\n","protected":false},"author":1,"featured_media":13266,"comment_status":"","ping_status":"","sticky":false,"template":"","format":"standard","meta":{"footnotes":""},"categories":[13],"tags":[1154,139,1787,2170,14,3912,79,140,345,81,4943,18,33,223],"class_list":["post-13265","post","type-post","status-publish","format-standard","has-post-thumbnail","hentry","category-technologie","tag-damazon","tag-derniere","tag-grande","tag-intelligentes","tag-les","tag-lunettes","tag-meilleures","tag-minute","tag-offres","tag-pour","tag-printemps","tag-sont","tag-sur","tag-vente","generate-columns","tablet-grid-50","mobile-grid-100","grid-parent","grid-33"],"yoast_head":"<!-- This site is optimized with the Yoast SEO plugin v24.0 - https:\/\/yoast.com\/wordpress\/plugins\/seo\/ -->\n<title>Ce sont les meilleures offres de derni\u00e8re minute sur les lunettes intelligentes pour la grande vente de printemps d&#039;Amazon | Vie Associative<\/title>\n<meta name=\"robots\" content=\"index, follow, max-snippet:-1, max-image-preview:large, max-video-preview:-1\" \/>\n<link rel=\"canonical\" href=\"https:\/\/vieassociative.be\/actualites\/ce-sont-les-meilleures-offres-de-derniere-minute-sur-les-lunettes-intelligentes-pour-la-grande-vente-de-printemps-damazon\/\" \/>\n<meta property=\"og:locale\" content=\"fr_FR\" \/>\n<meta property=\"og:type\" content=\"article\" \/>\n<meta property=\"og:title\" content=\"Ce sont les meilleures offres de derni\u00e8re minute sur les lunettes intelligentes pour la grande vente de printemps d&#039;Amazon | Vie Associative\" \/>\n<meta property=\"og:description\" content=\"Nous pouvons gagner une commission sur les liens sur cette page. Les prix et la disponibilit\u00e9 de l&rsquo;offre sont sujets \u00e0 changement apr\u00e8s la publication.\" \/>\n<meta property=\"og:url\" content=\"https:\/\/vieassociative.be\/actualites\/ce-sont-les-meilleures-offres-de-derniere-minute-sur-les-lunettes-intelligentes-pour-la-grande-vente-de-printemps-damazon\/\" \/>\n<meta property=\"og:site_name\" content=\"Vie Associative\" \/>\n<meta property=\"article:published_time\" content=\"2026-04-01T02:17:24+00:00\" \/>\n<meta property=\"og:image\" content=\"https:\/\/vieassociative.be\/actualites\/wp-content\/uploads\/2026\/04\/Ce-sont-les-meilleures-offres-de-derniere-minute-sur-les.jpg\" \/>\n<meta name=\"author\" content=\"Julien\" \/>\n<meta name=\"twitter:card\" content=\"summary_large_image\" \/>\n<meta name=\"twitter:label1\" content=\"\u00c9crit par\" \/>\n\t<meta name=\"twitter:data1\" content=\"Julien\" \/>\n\t<meta name=\"twitter:label2\" content=\"Dur\u00e9e de lecture est.\" \/>\n\t<meta name=\"twitter:data2\" content=\"1 minute\" \/>\n<script type=\"application\/ld+json\" class=\"yoast-schema-graph\">{\"@context\":\"https:\/\/schema.org\",\"@graph\":[{\"@type\":\"Article\",\"@id\":\"https:\/\/vieassociative.be\/actualites\/ce-sont-les-meilleures-offres-de-derniere-minute-sur-les-lunettes-intelligentes-pour-la-grande-vente-de-printemps-damazon\/#article\",\"isPartOf\":{\"@id\":\"https:\/\/vieassociative.be\/actualites\/ce-sont-les-meilleures-offres-de-derniere-minute-sur-les-lunettes-intelligentes-pour-la-grande-vente-de-printemps-damazon\/\"},\"author\":{\"name\":\"Julien\",\"@id\":\"https:\/\/vieassociative.be\/actualites\/#\/schema\/person\/b87ac4f82f9d4e7b7cec7395b679edc4\"},\"headline\":\"Ce sont les meilleures offres de derni\u00e8re minute sur les lunettes intelligentes pour la grande vente de printemps d&rsquo;Amazon\",\"datePublished\":\"2026-04-01T02:17:24+00:00\",\"dateModified\":\"2026-04-01T02:17:24+00:00\",\"mainEntityOfPage\":{\"@id\":\"https:\/\/vieassociative.be\/actualites\/ce-sont-les-meilleures-offres-de-derniere-minute-sur-les-lunettes-intelligentes-pour-la-grande-vente-de-printemps-damazon\/\"},\"wordCount\":179,\"publisher\":{\"@id\":\"https:\/\/vieassociative.be\/actualites\/#organization\"},\"image\":{\"@id\":\"https:\/\/vieassociative.be\/actualites\/ce-sont-les-meilleures-offres-de-derniere-minute-sur-les-lunettes-intelligentes-pour-la-grande-vente-de-printemps-damazon\/#primaryimage\"},\"thumbnailUrl\":\"https:\/\/vieassociative.be\/actualites\/wp-content\/uploads\/2026\/04\/1775009848_Ce-sont-les-meilleures-offres-de-derniere-minute-sur-les.png\",\"keywords\":[\"dAmazon\",\"derni\u00e8re\",\"grande\",\"intelligentes\",\"Les\",\"lunettes\",\"meilleures\",\"minute\",\"offres\",\"pour\",\"printemps\",\"sont\",\"sur\",\"vente\"],\"articleSection\":[\"Technologie\"],\"inLanguage\":\"fr-BE\"},{\"@type\":\"WebPage\",\"@id\":\"https:\/\/vieassociative.be\/actualites\/ce-sont-les-meilleures-offres-de-derniere-minute-sur-les-lunettes-intelligentes-pour-la-grande-vente-de-printemps-damazon\/\",\"url\":\"https:\/\/vieassociative.be\/actualites\/ce-sont-les-meilleures-offres-de-derniere-minute-sur-les-lunettes-intelligentes-pour-la-grande-vente-de-printemps-damazon\/\",\"name\":\"Ce sont les meilleures offres de derni\u00e8re minute sur les lunettes intelligentes pour la grande vente de printemps d'Amazon | Vie Associative\",\"isPartOf\":{\"@id\":\"https:\/\/vieassociative.be\/actualites\/#website\"},\"primaryImageOfPage\":{\"@id\":\"https:\/\/vieassociative.be\/actualites\/ce-sont-les-meilleures-offres-de-derniere-minute-sur-les-lunettes-intelligentes-pour-la-grande-vente-de-printemps-damazon\/#primaryimage\"},\"image\":{\"@id\":\"https:\/\/vieassociative.be\/actualites\/ce-sont-les-meilleures-offres-de-derniere-minute-sur-les-lunettes-intelligentes-pour-la-grande-vente-de-printemps-damazon\/#primaryimage\"},\"thumbnailUrl\":\"https:\/\/vieassociative.be\/actualites\/wp-content\/uploads\/2026\/04\/1775009848_Ce-sont-les-meilleures-offres-de-derniere-minute-sur-les.png\",\"datePublished\":\"2026-04-01T02:17:24+00:00\",\"dateModified\":\"2026-04-01T02:17:24+00:00\",\"breadcrumb\":{\"@id\":\"https:\/\/vieassociative.be\/actualites\/ce-sont-les-meilleures-offres-de-derniere-minute-sur-les-lunettes-intelligentes-pour-la-grande-vente-de-printemps-damazon\/#breadcrumb\"},\"inLanguage\":\"fr-BE\",\"potentialAction\":[{\"@type\":\"ReadAction\",\"target\":[\"https:\/\/vieassociative.be\/actualites\/ce-sont-les-meilleures-offres-de-derniere-minute-sur-les-lunettes-intelligentes-pour-la-grande-vente-de-printemps-damazon\/\"]}]},{\"@type\":\"ImageObject\",\"inLanguage\":\"fr-BE\",\"@id\":\"https:\/\/vieassociative.be\/actualites\/ce-sont-les-meilleures-offres-de-derniere-minute-sur-les-lunettes-intelligentes-pour-la-grande-vente-de-printemps-damazon\/#primaryimage\",\"url\":\"https:\/\/vieassociative.be\/actualites\/wp-content\/uploads\/2026\/04\/1775009848_Ce-sont-les-meilleures-offres-de-derniere-minute-sur-les.png\",\"contentUrl\":\"https:\/\/vieassociative.be\/actualites\/wp-content\/uploads\/2026\/04\/1775009848_Ce-sont-les-meilleures-offres-de-derniere-minute-sur-les.png\",\"width\":1200,\"height\":675,\"caption\":\"Ce sont les meilleures offres de derni\u00e8re minute sur les lunettes intelligentes pour la grande vente de printemps d'Amazon\"},{\"@type\":\"BreadcrumbList\",\"@id\":\"https:\/\/vieassociative.be\/actualites\/ce-sont-les-meilleures-offres-de-derniere-minute-sur-les-lunettes-intelligentes-pour-la-grande-vente-de-printemps-damazon\/#breadcrumb\",\"itemListElement\":[{\"@type\":\"ListItem\",\"position\":1,\"name\":\"Accueil\",\"item\":\"https:\/\/vieassociative.be\/actualites\/\"},{\"@type\":\"ListItem\",\"position\":2,\"name\":\"Ce sont les meilleures offres de derni\u00e8re minute sur les lunettes intelligentes pour la grande vente de printemps d&rsquo;Amazon\"}]},{\"@type\":\"WebSite\",\"@id\":\"https:\/\/vieassociative.be\/actualites\/#website\",\"url\":\"https:\/\/vieassociative.be\/actualites\/\",\"name\":\"Vie Associative\",\"description\":\"\",\"publisher\":{\"@id\":\"https:\/\/vieassociative.be\/actualites\/#organization\"},\"potentialAction\":[{\"@type\":\"SearchAction\",\"target\":{\"@type\":\"EntryPoint\",\"urlTemplate\":\"https:\/\/vieassociative.be\/actualites\/?s={search_term_string}\"},\"query-input\":{\"@type\":\"PropertyValueSpecification\",\"valueRequired\":true,\"valueName\":\"search_term_string\"}}],\"inLanguage\":\"fr-BE\"},{\"@type\":\"Organization\",\"@id\":\"https:\/\/vieassociative.be\/actualites\/#organization\",\"name\":\"Vie Associative\",\"url\":\"https:\/\/vieassociative.be\/actualites\/\",\"logo\":{\"@type\":\"ImageObject\",\"inLanguage\":\"fr-BE\",\"@id\":\"https:\/\/vieassociative.be\/actualites\/#\/schema\/logo\/image\/\",\"url\":\"https:\/\/vieassociative.be\/actualites\/wp-content\/uploads\/2024\/09\/cropped-vieassociative_favicon.ico.png\",\"contentUrl\":\"https:\/\/vieassociative.be\/actualites\/wp-content\/uploads\/2024\/09\/cropped-vieassociative_favicon.ico.png\",\"width\":512,\"height\":512,\"caption\":\"Vie Associative\"},\"image\":{\"@id\":\"https:\/\/vieassociative.be\/actualites\/#\/schema\/logo\/image\/\"}},{\"@type\":\"Person\",\"@id\":\"https:\/\/vieassociative.be\/actualites\/#\/schema\/person\/b87ac4f82f9d4e7b7cec7395b679edc4\",\"name\":\"Julien\",\"image\":{\"@type\":\"ImageObject\",\"inLanguage\":\"fr-BE\",\"@id\":\"https:\/\/vieassociative.be\/actualites\/#\/schema\/person\/image\/\",\"url\":\"https:\/\/vieassociative.be\/actualites\/wp-content\/uploads\/2024\/09\/vie-associative-1-150x150.jpg\",\"contentUrl\":\"https:\/\/vieassociative.be\/actualites\/wp-content\/uploads\/2024\/09\/vie-associative-1-150x150.jpg\",\"caption\":\"Julien\"},\"description\":\"Je suis Julien, r\u00e9dacteur pour Vie Associative. Passionn\u00e9 par le monde associatif depuis plus de 10 ans, j'ai \u00e0 c\u0153ur de partager des histoires inspirantes et de mettre en lumi\u00e8re les initiatives locales. Mon objectif est de sensibiliser et d'encourager l'engagement communautaire \u00e0 travers mes articles.\",\"sameAs\":[\"https:\/\/vieassociative.be\/\"]}]}<\/script>\n<!-- \/ Yoast SEO plugin. -->","yoast_head_json":{"title":"Ce sont les meilleures offres de derni\u00e8re minute sur les lunettes intelligentes pour la grande vente de printemps d'Amazon | Vie Associative","robots":{"index":"index","follow":"follow","max-snippet":"max-snippet:-1","max-image-preview":"max-image-preview:large","max-video-preview":"max-video-preview:-1"},"canonical":"https:\/\/vieassociative.be\/actualites\/ce-sont-les-meilleures-offres-de-derniere-minute-sur-les-lunettes-intelligentes-pour-la-grande-vente-de-printemps-damazon\/","og_locale":"fr_FR","og_type":"article","og_title":"Ce sont les meilleures offres de derni\u00e8re minute sur les lunettes intelligentes pour la grande vente de printemps d'Amazon | Vie Associative","og_description":"Nous pouvons gagner une commission sur les liens sur cette page. Les prix et la disponibilit\u00e9 de l&rsquo;offre sont sujets \u00e0 changement apr\u00e8s la publication.","og_url":"https:\/\/vieassociative.be\/actualites\/ce-sont-les-meilleures-offres-de-derniere-minute-sur-les-lunettes-intelligentes-pour-la-grande-vente-de-printemps-damazon\/","og_site_name":"Vie Associative","article_published_time":"2026-04-01T02:17:24+00:00","og_image":[{"url":"https:\/\/vieassociative.be\/actualites\/wp-content\/uploads\/2026\/04\/Ce-sont-les-meilleures-offres-de-derniere-minute-sur-les.jpg","type":"","width":"","height":""}],"author":"Julien","twitter_card":"summary_large_image","twitter_misc":{"\u00c9crit par":"Julien","Dur\u00e9e de lecture est.":"1 minute"},"schema":{"@context":"https:\/\/schema.org","@graph":[{"@type":"Article","@id":"https:\/\/vieassociative.be\/actualites\/ce-sont-les-meilleures-offres-de-derniere-minute-sur-les-lunettes-intelligentes-pour-la-grande-vente-de-printemps-damazon\/#article","isPartOf":{"@id":"https:\/\/vieassociative.be\/actualites\/ce-sont-les-meilleures-offres-de-derniere-minute-sur-les-lunettes-intelligentes-pour-la-grande-vente-de-printemps-damazon\/"},"author":{"name":"Julien","@id":"https:\/\/vieassociative.be\/actualites\/#\/schema\/person\/b87ac4f82f9d4e7b7cec7395b679edc4"},"headline":"Ce sont les meilleures offres de derni\u00e8re minute sur les lunettes intelligentes pour la grande vente de printemps d&rsquo;Amazon","datePublished":"2026-04-01T02:17:24+00:00","dateModified":"2026-04-01T02:17:24+00:00","mainEntityOfPage":{"@id":"https:\/\/vieassociative.be\/actualites\/ce-sont-les-meilleures-offres-de-derniere-minute-sur-les-lunettes-intelligentes-pour-la-grande-vente-de-printemps-damazon\/"},"wordCount":179,"publisher":{"@id":"https:\/\/vieassociative.be\/actualites\/#organization"},"image":{"@id":"https:\/\/vieassociative.be\/actualites\/ce-sont-les-meilleures-offres-de-derniere-minute-sur-les-lunettes-intelligentes-pour-la-grande-vente-de-printemps-damazon\/#primaryimage"},"thumbnailUrl":"https:\/\/vieassociative.be\/actualites\/wp-content\/uploads\/2026\/04\/1775009848_Ce-sont-les-meilleures-offres-de-derniere-minute-sur-les.png","keywords":["dAmazon","derni\u00e8re","grande","intelligentes","Les","lunettes","meilleures","minute","offres","pour","printemps","sont","sur","vente"],"articleSection":["Technologie"],"inLanguage":"fr-BE"},{"@type":"WebPage","@id":"https:\/\/vieassociative.be\/actualites\/ce-sont-les-meilleures-offres-de-derniere-minute-sur-les-lunettes-intelligentes-pour-la-grande-vente-de-printemps-damazon\/","url":"https:\/\/vieassociative.be\/actualites\/ce-sont-les-meilleures-offres-de-derniere-minute-sur-les-lunettes-intelligentes-pour-la-grande-vente-de-printemps-damazon\/","name":"Ce sont les meilleures offres de derni\u00e8re minute sur les lunettes intelligentes pour la grande vente de printemps d'Amazon | Vie Associative","isPartOf":{"@id":"https:\/\/vieassociative.be\/actualites\/#website"},"primaryImageOfPage":{"@id":"https:\/\/vieassociative.be\/actualites\/ce-sont-les-meilleures-offres-de-derniere-minute-sur-les-lunettes-intelligentes-pour-la-grande-vente-de-printemps-damazon\/#primaryimage"},"image":{"@id":"https:\/\/vieassociative.be\/actualites\/ce-sont-les-meilleures-offres-de-derniere-minute-sur-les-lunettes-intelligentes-pour-la-grande-vente-de-printemps-damazon\/#primaryimage"},"thumbnailUrl":"https:\/\/vieassociative.be\/actualites\/wp-content\/uploads\/2026\/04\/1775009848_Ce-sont-les-meilleures-offres-de-derniere-minute-sur-les.png","datePublished":"2026-04-01T02:17:24+00:00","dateModified":"2026-04-01T02:17:24+00:00","breadcrumb":{"@id":"https:\/\/vieassociative.be\/actualites\/ce-sont-les-meilleures-offres-de-derniere-minute-sur-les-lunettes-intelligentes-pour-la-grande-vente-de-printemps-damazon\/#breadcrumb"},"inLanguage":"fr-BE","potentialAction":[{"@type":"ReadAction","target":["https:\/\/vieassociative.be\/actualites\/ce-sont-les-meilleures-offres-de-derniere-minute-sur-les-lunettes-intelligentes-pour-la-grande-vente-de-printemps-damazon\/"]}]},{"@type":"ImageObject","inLanguage":"fr-BE","@id":"https:\/\/vieassociative.be\/actualites\/ce-sont-les-meilleures-offres-de-derniere-minute-sur-les-lunettes-intelligentes-pour-la-grande-vente-de-printemps-damazon\/#primaryimage","url":"https:\/\/vieassociative.be\/actualites\/wp-content\/uploads\/2026\/04\/1775009848_Ce-sont-les-meilleures-offres-de-derniere-minute-sur-les.png","contentUrl":"https:\/\/vieassociative.be\/actualites\/wp-content\/uploads\/2026\/04\/1775009848_Ce-sont-les-meilleures-offres-de-derniere-minute-sur-les.png","width":1200,"height":675,"caption":"Ce sont les meilleures offres de derni\u00e8re minute sur les lunettes intelligentes pour la grande vente de printemps d'Amazon"},{"@type":"BreadcrumbList","@id":"https:\/\/vieassociative.be\/actualites\/ce-sont-les-meilleures-offres-de-derniere-minute-sur-les-lunettes-intelligentes-pour-la-grande-vente-de-printemps-damazon\/#breadcrumb","itemListElement":[{"@type":"ListItem","position":1,"name":"Accueil","item":"https:\/\/vieassociative.be\/actualites\/"},{"@type":"ListItem","position":2,"name":"Ce sont les meilleures offres de derni\u00e8re minute sur les lunettes intelligentes pour la grande vente de printemps d&rsquo;Amazon"}]},{"@type":"WebSite","@id":"https:\/\/vieassociative.be\/actualites\/#website","url":"https:\/\/vieassociative.be\/actualites\/","name":"Vie Associative","description":"","publisher":{"@id":"https:\/\/vieassociative.be\/actualites\/#organization"},"potentialAction":[{"@type":"SearchAction","target":{"@type":"EntryPoint","urlTemplate":"https:\/\/vieassociative.be\/actualites\/?s={search_term_string}"},"query-input":{"@type":"PropertyValueSpecification","valueRequired":true,"valueName":"search_term_string"}}],"inLanguage":"fr-BE"},{"@type":"Organization","@id":"https:\/\/vieassociative.be\/actualites\/#organization","name":"Vie Associative","url":"https:\/\/vieassociative.be\/actualites\/","logo":{"@type":"ImageObject","inLanguage":"fr-BE","@id":"https:\/\/vieassociative.be\/actualites\/#\/schema\/logo\/image\/","url":"https:\/\/vieassociative.be\/actualites\/wp-content\/uploads\/2024\/09\/cropped-vieassociative_favicon.ico.png","contentUrl":"https:\/\/vieassociative.be\/actualites\/wp-content\/uploads\/2024\/09\/cropped-vieassociative_favicon.ico.png","width":512,"height":512,"caption":"Vie Associative"},"image":{"@id":"https:\/\/vieassociative.be\/actualites\/#\/schema\/logo\/image\/"}},{"@type":"Person","@id":"https:\/\/vieassociative.be\/actualites\/#\/schema\/person\/b87ac4f82f9d4e7b7cec7395b679edc4","name":"Julien","image":{"@type":"ImageObject","inLanguage":"fr-BE","@id":"https:\/\/vieassociative.be\/actualites\/#\/schema\/person\/image\/","url":"https:\/\/vieassociative.be\/actualites\/wp-content\/uploads\/2024\/09\/vie-associative-1-150x150.jpg","contentUrl":"https:\/\/vieassociative.be\/actualites\/wp-content\/uploads\/2024\/09\/vie-associative-1-150x150.jpg","caption":"Julien"},"description":"Je suis Julien, r\u00e9dacteur pour Vie Associative. Passionn\u00e9 par le monde associatif depuis plus de 10 ans, j'ai \u00e0 c\u0153ur de partager des histoires inspirantes et de mettre en lumi\u00e8re les initiatives locales. Mon objectif est de sensibiliser et d'encourager l'engagement communautaire \u00e0 travers mes articles.","sameAs":["https:\/\/vieassociative.be\/"]}]}},"_links":{"self":[{"href":"https:\/\/vieassociative.be\/actualites\/wp-json\/wp\/v2\/posts\/13265"}],"collection":[{"href":"https:\/\/vieassociative.be\/actualites\/wp-json\/wp\/v2\/posts"}],"about":[{"href":"https:\/\/vieassociative.be\/actualites\/wp-json\/wp\/v2\/types\/post"}],"author":[{"embeddable":true,"href":"https:\/\/vieassociative.be\/actualites\/wp-json\/wp\/v2\/users\/1"}],"replies":[{"embeddable":true,"href":"https:\/\/vieassociative.be\/actualites\/wp-json\/wp\/v2\/comments?post=13265"}],"version-history":[{"count":0,"href":"https:\/\/vieassociative.be\/actualites\/wp-json\/wp\/v2\/posts\/13265\/revisions"}],"wp:featuredmedia":[{"embeddable":true,"href":"https:\/\/vieassociative.be\/actualites\/wp-json\/wp\/v2\/media\/13266"}],"wp:attachment":[{"href":"https:\/\/vieassociative.be\/actualites\/wp-json\/wp\/v2\/media?parent=13265"}],"wp:term":[{"taxonomy":"category","embeddable":true,"href":"https:\/\/vieassociative.be\/actualites\/wp-json\/wp\/v2\/categories?post=13265"},{"taxonomy":"post_tag","embeddable":true,"href":"https:\/\/vieassociative.be\/actualites\/wp-json\/wp\/v2\/tags?post=13265"}],"curies":[{"name":"wp","href":"https:\/\/api.w.org\/{rel}","templated":true}]}}