{"id":13264,"date":"2026-03-31T23:18:35","date_gmt":"2026-03-31T21:18:35","guid":{"rendered":"https:\/\/vieassociative.be\/actualites\/le-palais-royal-reagit-aux-contrefacons-dia-de-la-princesse-elisabeth-grenz-echo-en-publie-quand-meme-une\/"},"modified":"2026-03-31T23:18:35","modified_gmt":"2026-03-31T21:18:35","slug":"le-palais-royal-reagit-aux-contrefacons-dia-de-la-princesse-elisabeth-grenz-echo-en-publie-quand-meme-une","status":"publish","type":"post","link":"https:\/\/vieassociative.be\/actualites\/le-palais-royal-reagit-aux-contrefacons-dia-de-la-princesse-elisabeth-grenz-echo-en-publie-quand-meme-une\/","title":{"rendered":"Le palais royal r\u00e9agit aux contrefa\u00e7ons d\u2019IA de la princesse Elisabeth \u2013 Grenz-Echo en publie quand m\u00eame une"},"content":{"rendered":"<p><strong>Elisabeth, princesse de Belgique, vit aux USA. D\u00e9sormais, des photos et des vid\u00e9os suggestives circulent et sont cens\u00e9es montrer le joueur de 24 ans. Le palais intervient. Le Grenz-Echo est l\u2019un des rares m\u00e9dias \u00e0 commettre un faux pas en publiant quand m\u00eame l\u2019un des faux d\u2019IA.<\/strong><\/p>\n<p><span id=\"more-438052\"><\/span>Le Palais Royal a pris des mesures contre les photos et vid\u00e9os suggestives pr\u00e9tendant montrer la princesse Elizabeth. Des contenus g\u00e9n\u00e9r\u00e9s \u00e0 l&rsquo;aide de l&rsquo;intelligence artificielle (IA) sont apparus sur Internet et semblaient montrer l&rsquo;h\u00e9ritier du tr\u00f4ne belge de 24 ans.<\/p>\n<p>Le site d&rsquo;information RTL Info a rapport\u00e9 qu&rsquo;un compte correspondant avait rassembl\u00e9 plus de 28 000 abonn\u00e9s sur les r\u00e9seaux sociaux. L&rsquo;une des vid\u00e9os montrerait la jeune femme en train de danser devant les bars.<\/p>\n<div id=\"attachment_392185\" class=\"wp-caption alignleft\" style=\"max-width: 300px\"><img fetchpriority=\"high\" decoding=\"async\" class=\"wp-image-392185 size-medium\" src=\"https:\/\/vieassociative.be\/actualites\/wp-content\/uploads\/2025\/07\/Elisabeth-Votre-vie-en-tant-que-future-reine-de-la.jpg\" alt=\"\" width=\"300\" height=\"200\"><\/div>\n<p>Le Grenz-Echo est de toute fa\u00e7on l\u2019un des rares m\u00e9dias \u00e0 avoir publi\u00e9 l\u2019un des deepfakes. M\u00eame le journal \u00ab Bild \u00bb n\u2019a pas fait cela. Exprimer son indignation tout en publiant l&rsquo;image contrefaite en question pour qu&rsquo;elle soit visible par le plus grand nombre de lecteurs est une d\u00e9marche quelque peu douteuse.<\/p>\n<p>Par ailleurs, le Palais Royal a confirm\u00e9 mardi avoir pris toutes les mesures n\u00e9cessaires. \u00ab\u00a0Entre-temps, la publication a \u00e9t\u00e9 bloqu\u00e9e sur le compte d&rsquo;origine.\u00a0\u00bb<\/p>\n<p>La princesse Elisabeth \u00e9tudie actuellement un master en \u00ab politiques publiques \u00bb \u00e0 la c\u00e9l\u00e8bre universit\u00e9 am\u00e9ricaine de Harvard. En juillet 2024, la duchesse de Brabant a obtenu sa licence en \u00ab Histoire et politique \u00bb \u00e0 l&rsquo;Universit\u00e9 d&rsquo;Oxford en Grande-Bretagne.<\/p>\n<p>Les images, vid\u00e9os et enregistrements audio faussement r\u00e9els, g\u00e9n\u00e9r\u00e9s ou manipul\u00e9s par l\u2019IA sont g\u00e9n\u00e9ralement appel\u00e9s deepfakes (voir le mot-cl\u00e9 ci-dessous).<\/p>\n<h3>Mot-cl\u00e9 : deepfake<\/h3>\n<p>Un deepfake est un contenu m\u00e9diatique cr\u00e9\u00e9 ou manipul\u00e9 \u00e0 l\u2019aide de l\u2019intelligence artificielle, dans lequel des images, des vid\u00e9os ou des enregistrements sonores sont modifi\u00e9s de mani\u00e8re \u00e0 para\u00eetre trompeusement r\u00e9els m\u00eame s\u2019ils ne correspondent pas \u00e0 la r\u00e9alit\u00e9.<\/p>\n<div id=\"attachment_438056\" class=\"wp-caption alignleft\" style=\"max-width: 300px\"><img decoding=\"async\" class=\"wp-image-438056 size-medium\" src=\"https:\/\/vieassociative.be\/actualites\/wp-content\/uploads\/2026\/03\/Le-palais-royal-reagit-aux-contrefacons-dIA-de-la-princesse.jpg\" alt=\"\" width=\"300\" height=\"169\"><\/div>\n<p>Gr\u00e2ce \u00e0 des m\u00e9thodes d&rsquo;apprentissage sp\u00e9ciales, des visages sont \u00e9chang\u00e9s, des expressions faciales sont ajust\u00e9es ou des voix sont imit\u00e9es. La technologie repose g\u00e9n\u00e9ralement sur de grandes quantit\u00e9s de donn\u00e9es et sur des r\u00e9seaux dits neuronaux capables de reconna\u00eetre et de recr\u00e9er des mod\u00e8les.<\/p>\n<p>Les deepfakes sont utilis\u00e9s dans le cin\u00e9ma, le divertissement et la recherche, par exemple pour le rajeunissement num\u00e9rique des acteurs ou pour les effets sp\u00e9ciaux. En m\u00eame temps, ils comportent des risques : ils peuvent \u00eatre utilis\u00e9s \u00e0 des fins de d\u00e9sinformation, de fraude ou d\u2019atteinte \u00e0 la r\u00e9putation, par exemple lorsque des personnes semblent dire ou faire des choses qui ne se sont jamais produites. Les deepfakes sont donc de plus en plus au centre de l\u2019attention des politiques, des m\u00e9dias et de la recherche, qui travaillent sur des m\u00e9thodes de d\u00e9tection et des r\u00e8gles permettant de traiter de tels contenus. (dpa\/cr\u00e9)<\/p>\n","protected":false},"excerpt":{"rendered":"<p>Elisabeth, princesse de Belgique, vit aux USA. D\u00e9sormais, des photos et des vid\u00e9os suggestives circulent et sont cens\u00e9es montrer le joueur de 24 ans. Le<\/p>\n","protected":false},"author":1,"featured_media":8488,"comment_status":"","ping_status":"","sticky":false,"template":"","format":"standard","meta":{"footnotes":""},"categories":[298],"tags":[289,10394,31,7585,10395,891,3374,3915,5807,123,6507,8459,110],"class_list":["post-13264","post","type-post","status-publish","format-standard","has-post-thumbnail","hentry","category-belgique","tag-aux","tag-contrefacons","tag-dia","tag-elisabeth","tag-grenzecho","tag-meme","tag-palais","tag-princesse","tag-publie","tag-quand","tag-reagit","tag-royal","tag-une","generate-columns","tablet-grid-50","mobile-grid-100","grid-parent","grid-33"],"yoast_head":"<!-- This site is optimized with the Yoast SEO plugin v24.0 - https:\/\/yoast.com\/wordpress\/plugins\/seo\/ -->\n<title>Le palais royal r\u00e9agit aux contrefa\u00e7ons d\u2019IA de la princesse Elisabeth \u2013 Grenz-Echo en publie quand m\u00eame une | Vie Associative<\/title>\n<meta name=\"robots\" content=\"index, follow, max-snippet:-1, max-image-preview:large, max-video-preview:-1\" \/>\n<link rel=\"canonical\" href=\"https:\/\/vieassociative.be\/actualites\/le-palais-royal-reagit-aux-contrefacons-dia-de-la-princesse-elisabeth-grenz-echo-en-publie-quand-meme-une\/\" \/>\n<meta property=\"og:locale\" content=\"fr_FR\" \/>\n<meta property=\"og:type\" content=\"article\" \/>\n<meta property=\"og:title\" content=\"Le palais royal r\u00e9agit aux contrefa\u00e7ons d\u2019IA de la princesse Elisabeth \u2013 Grenz-Echo en publie quand m\u00eame une | Vie Associative\" \/>\n<meta property=\"og:description\" content=\"Elisabeth, princesse de Belgique, vit aux USA. D\u00e9sormais, des photos et des vid\u00e9os suggestives circulent et sont cens\u00e9es montrer le joueur de 24 ans. Le\" \/>\n<meta property=\"og:url\" content=\"https:\/\/vieassociative.be\/actualites\/le-palais-royal-reagit-aux-contrefacons-dia-de-la-princesse-elisabeth-grenz-echo-en-publie-quand-meme-une\/\" \/>\n<meta property=\"og:site_name\" content=\"Vie Associative\" \/>\n<meta property=\"article:published_time\" content=\"2026-03-31T21:18:35+00:00\" \/>\n<meta property=\"og:image\" content=\"https:\/\/vieassociative.be\/actualites\/wp-content\/uploads\/2024\/09\/header_backgroundk-01-e1726694325946.png\" \/>\n\t<meta property=\"og:image:width\" content=\"279\" \/>\n\t<meta property=\"og:image:height\" content=\"92\" \/>\n\t<meta property=\"og:image:type\" content=\"image\/png\" \/>\n<meta name=\"author\" content=\"Julien\" \/>\n<meta name=\"twitter:card\" content=\"summary_large_image\" \/>\n<meta name=\"twitter:label1\" content=\"\u00c9crit par\" \/>\n\t<meta name=\"twitter:data1\" content=\"Julien\" \/>\n\t<meta name=\"twitter:label2\" content=\"Dur\u00e9e de lecture est.\" \/>\n\t<meta name=\"twitter:data2\" content=\"3 minutes\" \/>\n<script type=\"application\/ld+json\" class=\"yoast-schema-graph\">{\"@context\":\"https:\/\/schema.org\",\"@graph\":[{\"@type\":\"Article\",\"@id\":\"https:\/\/vieassociative.be\/actualites\/le-palais-royal-reagit-aux-contrefacons-dia-de-la-princesse-elisabeth-grenz-echo-en-publie-quand-meme-une\/#article\",\"isPartOf\":{\"@id\":\"https:\/\/vieassociative.be\/actualites\/le-palais-royal-reagit-aux-contrefacons-dia-de-la-princesse-elisabeth-grenz-echo-en-publie-quand-meme-une\/\"},\"author\":{\"name\":\"Julien\",\"@id\":\"https:\/\/vieassociative.be\/actualites\/#\/schema\/person\/b87ac4f82f9d4e7b7cec7395b679edc4\"},\"headline\":\"Le palais royal r\u00e9agit aux contrefa\u00e7ons d\u2019IA de la princesse Elisabeth \u2013 Grenz-Echo en publie quand m\u00eame une\",\"datePublished\":\"2026-03-31T21:18:35+00:00\",\"dateModified\":\"2026-03-31T21:18:35+00:00\",\"mainEntityOfPage\":{\"@id\":\"https:\/\/vieassociative.be\/actualites\/le-palais-royal-reagit-aux-contrefacons-dia-de-la-princesse-elisabeth-grenz-echo-en-publie-quand-meme-une\/\"},\"wordCount\":541,\"publisher\":{\"@id\":\"https:\/\/vieassociative.be\/actualites\/#organization\"},\"image\":{\"@id\":\"https:\/\/vieassociative.be\/actualites\/le-palais-royal-reagit-aux-contrefacons-dia-de-la-princesse-elisabeth-grenz-echo-en-publie-quand-meme-une\/#primaryimage\"},\"thumbnailUrl\":\"https:\/\/vieassociative.be\/actualites\/wp-content\/uploads\/2025\/07\/1751422651_Elisabeth-Votre-vie-en-tant-que-future-reine-de-la.jpg\",\"keywords\":[\"aux\",\"contrefa\u00e7ons\",\"dIA\",\"Elisabeth\",\"GrenzEcho\",\"m\u00eame\",\"palais\",\"princesse\",\"publi\u00e9\",\"Quand\",\"r\u00e9agit\",\"Royal\",\"une\"],\"articleSection\":[\"Belgique\"],\"inLanguage\":\"fr-BE\"},{\"@type\":\"WebPage\",\"@id\":\"https:\/\/vieassociative.be\/actualites\/le-palais-royal-reagit-aux-contrefacons-dia-de-la-princesse-elisabeth-grenz-echo-en-publie-quand-meme-une\/\",\"url\":\"https:\/\/vieassociative.be\/actualites\/le-palais-royal-reagit-aux-contrefacons-dia-de-la-princesse-elisabeth-grenz-echo-en-publie-quand-meme-une\/\",\"name\":\"Le palais royal r\u00e9agit aux contrefa\u00e7ons d\u2019IA de la princesse Elisabeth \u2013 Grenz-Echo en publie quand m\u00eame une | Vie Associative\",\"isPartOf\":{\"@id\":\"https:\/\/vieassociative.be\/actualites\/#website\"},\"primaryImageOfPage\":{\"@id\":\"https:\/\/vieassociative.be\/actualites\/le-palais-royal-reagit-aux-contrefacons-dia-de-la-princesse-elisabeth-grenz-echo-en-publie-quand-meme-une\/#primaryimage\"},\"image\":{\"@id\":\"https:\/\/vieassociative.be\/actualites\/le-palais-royal-reagit-aux-contrefacons-dia-de-la-princesse-elisabeth-grenz-echo-en-publie-quand-meme-une\/#primaryimage\"},\"thumbnailUrl\":\"https:\/\/vieassociative.be\/actualites\/wp-content\/uploads\/2025\/07\/1751422651_Elisabeth-Votre-vie-en-tant-que-future-reine-de-la.jpg\",\"datePublished\":\"2026-03-31T21:18:35+00:00\",\"dateModified\":\"2026-03-31T21:18:35+00:00\",\"breadcrumb\":{\"@id\":\"https:\/\/vieassociative.be\/actualites\/le-palais-royal-reagit-aux-contrefacons-dia-de-la-princesse-elisabeth-grenz-echo-en-publie-quand-meme-une\/#breadcrumb\"},\"inLanguage\":\"fr-BE\",\"potentialAction\":[{\"@type\":\"ReadAction\",\"target\":[\"https:\/\/vieassociative.be\/actualites\/le-palais-royal-reagit-aux-contrefacons-dia-de-la-princesse-elisabeth-grenz-echo-en-publie-quand-meme-une\/\"]}]},{\"@type\":\"ImageObject\",\"inLanguage\":\"fr-BE\",\"@id\":\"https:\/\/vieassociative.be\/actualites\/le-palais-royal-reagit-aux-contrefacons-dia-de-la-princesse-elisabeth-grenz-echo-en-publie-quand-meme-une\/#primaryimage\",\"url\":\"https:\/\/vieassociative.be\/actualites\/wp-content\/uploads\/2025\/07\/1751422651_Elisabeth-Votre-vie-en-tant-que-future-reine-de-la.jpg\",\"contentUrl\":\"https:\/\/vieassociative.be\/actualites\/wp-content\/uploads\/2025\/07\/1751422651_Elisabeth-Votre-vie-en-tant-que-future-reine-de-la.jpg\",\"width\":1200,\"height\":800,\"caption\":\"Elisabeth: Votre vie en tant que future reine de la Belgique\"},{\"@type\":\"BreadcrumbList\",\"@id\":\"https:\/\/vieassociative.be\/actualites\/le-palais-royal-reagit-aux-contrefacons-dia-de-la-princesse-elisabeth-grenz-echo-en-publie-quand-meme-une\/#breadcrumb\",\"itemListElement\":[{\"@type\":\"ListItem\",\"position\":1,\"name\":\"Accueil\",\"item\":\"https:\/\/vieassociative.be\/actualites\/\"},{\"@type\":\"ListItem\",\"position\":2,\"name\":\"Le palais royal r\u00e9agit aux contrefa\u00e7ons d\u2019IA de la princesse Elisabeth \u2013 Grenz-Echo en publie quand m\u00eame une\"}]},{\"@type\":\"WebSite\",\"@id\":\"https:\/\/vieassociative.be\/actualites\/#website\",\"url\":\"https:\/\/vieassociative.be\/actualites\/\",\"name\":\"Vie Associative\",\"description\":\"\",\"publisher\":{\"@id\":\"https:\/\/vieassociative.be\/actualites\/#organization\"},\"potentialAction\":[{\"@type\":\"SearchAction\",\"target\":{\"@type\":\"EntryPoint\",\"urlTemplate\":\"https:\/\/vieassociative.be\/actualites\/?s={search_term_string}\"},\"query-input\":{\"@type\":\"PropertyValueSpecification\",\"valueRequired\":true,\"valueName\":\"search_term_string\"}}],\"inLanguage\":\"fr-BE\"},{\"@type\":\"Organization\",\"@id\":\"https:\/\/vieassociative.be\/actualites\/#organization\",\"name\":\"Vie Associative\",\"url\":\"https:\/\/vieassociative.be\/actualites\/\",\"logo\":{\"@type\":\"ImageObject\",\"inLanguage\":\"fr-BE\",\"@id\":\"https:\/\/vieassociative.be\/actualites\/#\/schema\/logo\/image\/\",\"url\":\"https:\/\/vieassociative.be\/actualites\/wp-content\/uploads\/2024\/09\/cropped-vieassociative_favicon.ico.png\",\"contentUrl\":\"https:\/\/vieassociative.be\/actualites\/wp-content\/uploads\/2024\/09\/cropped-vieassociative_favicon.ico.png\",\"width\":512,\"height\":512,\"caption\":\"Vie Associative\"},\"image\":{\"@id\":\"https:\/\/vieassociative.be\/actualites\/#\/schema\/logo\/image\/\"}},{\"@type\":\"Person\",\"@id\":\"https:\/\/vieassociative.be\/actualites\/#\/schema\/person\/b87ac4f82f9d4e7b7cec7395b679edc4\",\"name\":\"Julien\",\"image\":{\"@type\":\"ImageObject\",\"inLanguage\":\"fr-BE\",\"@id\":\"https:\/\/vieassociative.be\/actualites\/#\/schema\/person\/image\/\",\"url\":\"https:\/\/vieassociative.be\/actualites\/wp-content\/uploads\/2024\/09\/vie-associative-1-150x150.jpg\",\"contentUrl\":\"https:\/\/vieassociative.be\/actualites\/wp-content\/uploads\/2024\/09\/vie-associative-1-150x150.jpg\",\"caption\":\"Julien\"},\"description\":\"Je suis Julien, r\u00e9dacteur pour Vie Associative. Passionn\u00e9 par le monde associatif depuis plus de 10 ans, j'ai \u00e0 c\u0153ur de partager des histoires inspirantes et de mettre en lumi\u00e8re les initiatives locales. Mon objectif est de sensibiliser et d'encourager l'engagement communautaire \u00e0 travers mes articles.\",\"sameAs\":[\"https:\/\/vieassociative.be\/\"]}]}<\/script>\n<!-- \/ Yoast SEO plugin. -->","yoast_head_json":{"title":"Le palais royal r\u00e9agit aux contrefa\u00e7ons d\u2019IA de la princesse Elisabeth \u2013 Grenz-Echo en publie quand m\u00eame une | Vie Associative","robots":{"index":"index","follow":"follow","max-snippet":"max-snippet:-1","max-image-preview":"max-image-preview:large","max-video-preview":"max-video-preview:-1"},"canonical":"https:\/\/vieassociative.be\/actualites\/le-palais-royal-reagit-aux-contrefacons-dia-de-la-princesse-elisabeth-grenz-echo-en-publie-quand-meme-une\/","og_locale":"fr_FR","og_type":"article","og_title":"Le palais royal r\u00e9agit aux contrefa\u00e7ons d\u2019IA de la princesse Elisabeth \u2013 Grenz-Echo en publie quand m\u00eame une | Vie Associative","og_description":"Elisabeth, princesse de Belgique, vit aux USA. D\u00e9sormais, des photos et des vid\u00e9os suggestives circulent et sont cens\u00e9es montrer le joueur de 24 ans. Le","og_url":"https:\/\/vieassociative.be\/actualites\/le-palais-royal-reagit-aux-contrefacons-dia-de-la-princesse-elisabeth-grenz-echo-en-publie-quand-meme-une\/","og_site_name":"Vie Associative","article_published_time":"2026-03-31T21:18:35+00:00","og_image":[{"width":279,"height":92,"url":"https:\/\/vieassociative.be\/actualites\/wp-content\/uploads\/2024\/09\/header_backgroundk-01-e1726694325946.png","type":"image\/png"}],"author":"Julien","twitter_card":"summary_large_image","twitter_misc":{"\u00c9crit par":"Julien","Dur\u00e9e de lecture est.":"3 minutes"},"schema":{"@context":"https:\/\/schema.org","@graph":[{"@type":"Article","@id":"https:\/\/vieassociative.be\/actualites\/le-palais-royal-reagit-aux-contrefacons-dia-de-la-princesse-elisabeth-grenz-echo-en-publie-quand-meme-une\/#article","isPartOf":{"@id":"https:\/\/vieassociative.be\/actualites\/le-palais-royal-reagit-aux-contrefacons-dia-de-la-princesse-elisabeth-grenz-echo-en-publie-quand-meme-une\/"},"author":{"name":"Julien","@id":"https:\/\/vieassociative.be\/actualites\/#\/schema\/person\/b87ac4f82f9d4e7b7cec7395b679edc4"},"headline":"Le palais royal r\u00e9agit aux contrefa\u00e7ons d\u2019IA de la princesse Elisabeth \u2013 Grenz-Echo en publie quand m\u00eame une","datePublished":"2026-03-31T21:18:35+00:00","dateModified":"2026-03-31T21:18:35+00:00","mainEntityOfPage":{"@id":"https:\/\/vieassociative.be\/actualites\/le-palais-royal-reagit-aux-contrefacons-dia-de-la-princesse-elisabeth-grenz-echo-en-publie-quand-meme-une\/"},"wordCount":541,"publisher":{"@id":"https:\/\/vieassociative.be\/actualites\/#organization"},"image":{"@id":"https:\/\/vieassociative.be\/actualites\/le-palais-royal-reagit-aux-contrefacons-dia-de-la-princesse-elisabeth-grenz-echo-en-publie-quand-meme-une\/#primaryimage"},"thumbnailUrl":"https:\/\/vieassociative.be\/actualites\/wp-content\/uploads\/2025\/07\/1751422651_Elisabeth-Votre-vie-en-tant-que-future-reine-de-la.jpg","keywords":["aux","contrefa\u00e7ons","dIA","Elisabeth","GrenzEcho","m\u00eame","palais","princesse","publi\u00e9","Quand","r\u00e9agit","Royal","une"],"articleSection":["Belgique"],"inLanguage":"fr-BE"},{"@type":"WebPage","@id":"https:\/\/vieassociative.be\/actualites\/le-palais-royal-reagit-aux-contrefacons-dia-de-la-princesse-elisabeth-grenz-echo-en-publie-quand-meme-une\/","url":"https:\/\/vieassociative.be\/actualites\/le-palais-royal-reagit-aux-contrefacons-dia-de-la-princesse-elisabeth-grenz-echo-en-publie-quand-meme-une\/","name":"Le palais royal r\u00e9agit aux contrefa\u00e7ons d\u2019IA de la princesse Elisabeth \u2013 Grenz-Echo en publie quand m\u00eame une | Vie Associative","isPartOf":{"@id":"https:\/\/vieassociative.be\/actualites\/#website"},"primaryImageOfPage":{"@id":"https:\/\/vieassociative.be\/actualites\/le-palais-royal-reagit-aux-contrefacons-dia-de-la-princesse-elisabeth-grenz-echo-en-publie-quand-meme-une\/#primaryimage"},"image":{"@id":"https:\/\/vieassociative.be\/actualites\/le-palais-royal-reagit-aux-contrefacons-dia-de-la-princesse-elisabeth-grenz-echo-en-publie-quand-meme-une\/#primaryimage"},"thumbnailUrl":"https:\/\/vieassociative.be\/actualites\/wp-content\/uploads\/2025\/07\/1751422651_Elisabeth-Votre-vie-en-tant-que-future-reine-de-la.jpg","datePublished":"2026-03-31T21:18:35+00:00","dateModified":"2026-03-31T21:18:35+00:00","breadcrumb":{"@id":"https:\/\/vieassociative.be\/actualites\/le-palais-royal-reagit-aux-contrefacons-dia-de-la-princesse-elisabeth-grenz-echo-en-publie-quand-meme-une\/#breadcrumb"},"inLanguage":"fr-BE","potentialAction":[{"@type":"ReadAction","target":["https:\/\/vieassociative.be\/actualites\/le-palais-royal-reagit-aux-contrefacons-dia-de-la-princesse-elisabeth-grenz-echo-en-publie-quand-meme-une\/"]}]},{"@type":"ImageObject","inLanguage":"fr-BE","@id":"https:\/\/vieassociative.be\/actualites\/le-palais-royal-reagit-aux-contrefacons-dia-de-la-princesse-elisabeth-grenz-echo-en-publie-quand-meme-une\/#primaryimage","url":"https:\/\/vieassociative.be\/actualites\/wp-content\/uploads\/2025\/07\/1751422651_Elisabeth-Votre-vie-en-tant-que-future-reine-de-la.jpg","contentUrl":"https:\/\/vieassociative.be\/actualites\/wp-content\/uploads\/2025\/07\/1751422651_Elisabeth-Votre-vie-en-tant-que-future-reine-de-la.jpg","width":1200,"height":800,"caption":"Elisabeth: Votre vie en tant que future reine de la Belgique"},{"@type":"BreadcrumbList","@id":"https:\/\/vieassociative.be\/actualites\/le-palais-royal-reagit-aux-contrefacons-dia-de-la-princesse-elisabeth-grenz-echo-en-publie-quand-meme-une\/#breadcrumb","itemListElement":[{"@type":"ListItem","position":1,"name":"Accueil","item":"https:\/\/vieassociative.be\/actualites\/"},{"@type":"ListItem","position":2,"name":"Le palais royal r\u00e9agit aux contrefa\u00e7ons d\u2019IA de la princesse Elisabeth \u2013 Grenz-Echo en publie quand m\u00eame une"}]},{"@type":"WebSite","@id":"https:\/\/vieassociative.be\/actualites\/#website","url":"https:\/\/vieassociative.be\/actualites\/","name":"Vie Associative","description":"","publisher":{"@id":"https:\/\/vieassociative.be\/actualites\/#organization"},"potentialAction":[{"@type":"SearchAction","target":{"@type":"EntryPoint","urlTemplate":"https:\/\/vieassociative.be\/actualites\/?s={search_term_string}"},"query-input":{"@type":"PropertyValueSpecification","valueRequired":true,"valueName":"search_term_string"}}],"inLanguage":"fr-BE"},{"@type":"Organization","@id":"https:\/\/vieassociative.be\/actualites\/#organization","name":"Vie Associative","url":"https:\/\/vieassociative.be\/actualites\/","logo":{"@type":"ImageObject","inLanguage":"fr-BE","@id":"https:\/\/vieassociative.be\/actualites\/#\/schema\/logo\/image\/","url":"https:\/\/vieassociative.be\/actualites\/wp-content\/uploads\/2024\/09\/cropped-vieassociative_favicon.ico.png","contentUrl":"https:\/\/vieassociative.be\/actualites\/wp-content\/uploads\/2024\/09\/cropped-vieassociative_favicon.ico.png","width":512,"height":512,"caption":"Vie Associative"},"image":{"@id":"https:\/\/vieassociative.be\/actualites\/#\/schema\/logo\/image\/"}},{"@type":"Person","@id":"https:\/\/vieassociative.be\/actualites\/#\/schema\/person\/b87ac4f82f9d4e7b7cec7395b679edc4","name":"Julien","image":{"@type":"ImageObject","inLanguage":"fr-BE","@id":"https:\/\/vieassociative.be\/actualites\/#\/schema\/person\/image\/","url":"https:\/\/vieassociative.be\/actualites\/wp-content\/uploads\/2024\/09\/vie-associative-1-150x150.jpg","contentUrl":"https:\/\/vieassociative.be\/actualites\/wp-content\/uploads\/2024\/09\/vie-associative-1-150x150.jpg","caption":"Julien"},"description":"Je suis Julien, r\u00e9dacteur pour Vie Associative. Passionn\u00e9 par le monde associatif depuis plus de 10 ans, j'ai \u00e0 c\u0153ur de partager des histoires inspirantes et de mettre en lumi\u00e8re les initiatives locales. Mon objectif est de sensibiliser et d'encourager l'engagement communautaire \u00e0 travers mes articles.","sameAs":["https:\/\/vieassociative.be\/"]}]}},"_links":{"self":[{"href":"https:\/\/vieassociative.be\/actualites\/wp-json\/wp\/v2\/posts\/13264"}],"collection":[{"href":"https:\/\/vieassociative.be\/actualites\/wp-json\/wp\/v2\/posts"}],"about":[{"href":"https:\/\/vieassociative.be\/actualites\/wp-json\/wp\/v2\/types\/post"}],"author":[{"embeddable":true,"href":"https:\/\/vieassociative.be\/actualites\/wp-json\/wp\/v2\/users\/1"}],"replies":[{"embeddable":true,"href":"https:\/\/vieassociative.be\/actualites\/wp-json\/wp\/v2\/comments?post=13264"}],"version-history":[{"count":0,"href":"https:\/\/vieassociative.be\/actualites\/wp-json\/wp\/v2\/posts\/13264\/revisions"}],"wp:featuredmedia":[{"embeddable":true,"href":"https:\/\/vieassociative.be\/actualites\/wp-json\/wp\/v2\/media\/8488"}],"wp:attachment":[{"href":"https:\/\/vieassociative.be\/actualites\/wp-json\/wp\/v2\/media?parent=13264"}],"wp:term":[{"taxonomy":"category","embeddable":true,"href":"https:\/\/vieassociative.be\/actualites\/wp-json\/wp\/v2\/categories?post=13264"},{"taxonomy":"post_tag","embeddable":true,"href":"https:\/\/vieassociative.be\/actualites\/wp-json\/wp\/v2\/tags?post=13264"}],"curies":[{"name":"wp","href":"https:\/\/api.w.org\/{rel}","templated":true}]}}