{"id":13260,"date":"2026-03-31T17:17:26","date_gmt":"2026-03-31T15:17:26","guid":{"rendered":"https:\/\/vieassociative.be\/actualites\/wolf-blesse-une-femme-dans-une-galerie-marchande-a-hambourg\/"},"modified":"2026-03-31T17:17:26","modified_gmt":"2026-03-31T15:17:26","slug":"wolf-blesse-une-femme-dans-une-galerie-marchande-a-hambourg","status":"publish","type":"post","link":"https:\/\/vieassociative.be\/actualites\/wolf-blesse-une-femme-dans-une-galerie-marchande-a-hambourg\/","title":{"rendered":"Wolf blesse une femme dans une galerie marchande \u00e0 Hambourg"},"content":{"rendered":"<p><strong>Selon les autorit\u00e9s, un loup a bless\u00e9 une personne pour la premi\u00e8re fois depuis la r\u00e9introduction de ces animaux en Allemagne. L&rsquo;incident s&rsquo;est produit lundi en plein centre de Hambourg, dans le quartier d&rsquo;Altona.<\/strong><\/p>\n<p><span id=\"more-438046\"><\/span>L&rsquo;autorit\u00e9 environnementale de Hambourg a d\u00e9clar\u00e9 que l&rsquo;animal avait bless\u00e9 un passant dans une galerie marchande. \u00ab\u00a0Il n&rsquo;y a jamais eu de cas comme celui-ci depuis la r\u00e9introduction en 1998\u00a0\u00bb, a d\u00e9clar\u00e9 \u00e0 l&rsquo;agence de presse allemande une porte-parole de l&rsquo;Agence f\u00e9d\u00e9rale pour la conservation de la nature.<\/p>\n<p>Un porte-parole des pompiers a d\u00e9clar\u00e9 qu&rsquo;une ambulance avait emmen\u00e9 la femme \u00e0 une clinique. Selon les informations de la DPA, elle est partie ce soir-l\u00e0 apr\u00e8s un traitement ambulatoire. La galerie marchande ne mesure qu&rsquo;environ 20 m\u00e8tres de long : des deux c\u00f4t\u00e9s, des portes vitr\u00e9es s&rsquo;ouvrent et se ferment automatiquement.<\/p>\n<p><strong>\u2013 Loup sortit de l&rsquo;Alster avec un n\u0153ud coulant :<\/strong> Apr\u00e8s l&rsquo;incident, le loup s&rsquo;est enfui vers le lac Binnenalster. \u00ab\u00a0Gr\u00e2ce \u00e0 l&rsquo;\u00e9troite coop\u00e9ration et \u00e0 l&rsquo;intervention professionnelle de toutes les personnes impliqu\u00e9es, l&rsquo;animal a \u00e9t\u00e9 s\u00e9curis\u00e9 avec succ\u00e8s sur l&rsquo;Alster tard dans la soir\u00e9e\u00a0\u00bb, a expliqu\u00e9 l&rsquo;autorit\u00e9 environnementale. Le centre de situation de la police a indiqu\u00e9 que les agents avaient sorti l&rsquo;animal de l&rsquo;eau avec une \u00e9charpe au niveau de la jet\u00e9e.<\/p>\n<p>On ne sait pas o\u00f9 le loup a ensuite \u00e9t\u00e9 emmen\u00e9. Selon les m\u00e9dias, il se trouverait dans la r\u00e9serve animali\u00e8re de Kl\u00f6vensteen \u00e0 Hambourg. \u00ab\u00a0Le loup est h\u00e9berg\u00e9 en toute s\u00e9curit\u00e9 et re\u00e7oit actuellement des soins v\u00e9t\u00e9rinaires\u00a0\u00bb, a indiqu\u00e9 l&rsquo;agence environnementale. L&rsquo;autorit\u00e9 d\u00e9cide rapidement et en \u00e9troite collaboration avec des professionnels du lieu o\u00f9 se trouve l&rsquo;animal.<\/p>\n<p><strong>\u2013 Animal qui parcourait auparavant Blankenese\u00a0:<\/strong> Le loup \u00e9tait l&rsquo;animal qui avait \u00e9t\u00e9 rep\u00e9r\u00e9 dans l&rsquo;ouest de la ville les jours pr\u00e9c\u00e9dents. L&rsquo;autorit\u00e9 environnementale a annonc\u00e9 lundi matin que l&rsquo;expert en loups Norman Stier de l&rsquo;Universit\u00e9 technique de Dresde avait \u00e9valu\u00e9 une vid\u00e9o et une photo du public et confirm\u00e9 sans aucun doute qu&rsquo;il s&rsquo;agissait d&rsquo;enregistrements d&rsquo;un loup.<\/p>\n<p>Les premi\u00e8res observations de l&rsquo;animal ont \u00e9t\u00e9 faites samedi dans deux parcs du district de Blankenese. Une r\u00e9sidente a d\u00e9clar\u00e9 qu&rsquo;un de ses voisins avait vu des empreintes de pas dans le jardin et qu&rsquo;une photo avait \u00e9t\u00e9 partag\u00e9e dans un groupe en ligne. En peu de temps, de plus en plus de publications d&rsquo;observations ont \u00e9t\u00e9 publi\u00e9es.<\/p>\n<div id=\"attachment_438050\" class=\"wp-caption alignleft\" style=\"max-width: 300px\"><img fetchpriority=\"high\" decoding=\"async\" class=\"wp-image-438050 size-medium\" src=\"https:\/\/vieassociative.be\/actualites\/wp-content\/uploads\/2026\/03\/Wolf-blesse-une-femme-dans-une-galerie-marchande-a-Hambourg.jpg\" alt=\"\" width=\"300\" height=\"200\"><\/div>\n<p><strong>\u2013 Selon l\u2019expert, le loup devrait \u00eatre tu\u00e9\u00a0:<\/strong> L&rsquo;agence environnementale n&rsquo;\u00e9tait pas en mesure de dire dans un premier temps ce qui arriverait au loup captur\u00e9. Le journaliste, chasseur et expert du loup Eckhard Fuhr s&rsquo;est prononc\u00e9 en faveur de l&rsquo;abattage de l&rsquo;animal dans une interview accord\u00e9e \u00e0 la cha\u00eene de t\u00e9l\u00e9vision RTL. \u00ab\u00a0On ne peut pas s&rsquo;attendre \u00e0 ce que ce loup vive une vie permanente en captivit\u00e9 dans un parc animalier\u00a0\u00bb, dit-il.<\/p>\n<p>Il consid\u00e8re que l\u2019alternative \u2013 rel\u00e2cher \u00e0 nouveau l\u2019animal \u2013 est tout aussi probl\u00e9matique. Du point de vue du bien-\u00eatre animal et de la s\u00e9curit\u00e9 publique, l\u2019expert ne voit qu\u2019une seule solution justifiable : \u00ab La solution la plus sens\u00e9e serait de tuer le loup. \u00bb<\/p>\n<p>On dit que c&rsquo;est un tr\u00e8s jeune loup. \u00ab\u00a0Selon les \u00e9valuations des experts, il s&rsquo;agit tr\u00e8s probablement d&rsquo;un chiot en phase de migration hors de sa meute\u00a0\u00bb, a indiqu\u00e9 lundi l&rsquo;agence environnementale. Durant cette phase, les animaux parcourent g\u00e9n\u00e9ralement de longues distances. Alors qu&rsquo;il cherchait son propre territoire, le loup \u00ab s&rsquo;est accidentellement \u00e9gar\u00e9 si loin dans la ville \u00bb qu&rsquo;il a ensuite cherch\u00e9 un moyen de sortir de la ville.<\/p>\n<p>Depuis 2013, 22 d\u00e9tections de loups au total ont \u00e9t\u00e9 clairement confirm\u00e9es \u00e0 Hambourg. Plus r\u00e9cemment, un loup mort a \u00e9t\u00e9 retrouv\u00e9 sur une autoroute apr\u00e8s un accident survenu \u00e0 la mi-mars. En septembre de l&rsquo;ann\u00e9e derni\u00e8re, un loup a tu\u00e9 deux moutons camerounais pr\u00e8s d&rsquo;une ferme du district de Marmstorf. (dpa)<\/p>\n","protected":false},"excerpt":{"rendered":"<p>Selon les autorit\u00e9s, un loup a bless\u00e9 une personne pour la premi\u00e8re fois depuis la r\u00e9introduction de ces animaux en Allemagne. L&rsquo;incident s&rsquo;est produit lundi<\/p>\n","protected":false},"author":1,"featured_media":13261,"comment_status":"","ping_status":"","sticky":false,"template":"","format":"standard","meta":{"footnotes":""},"categories":[298],"tags":[981,166,4918,3257,10393,10392,110,927],"class_list":["post-13260","post","type-post","status-publish","format-standard","has-post-thumbnail","hentry","category-belgique","tag-blesse","tag-dans","tag-femme","tag-galerie","tag-hambourg","tag-marchande","tag-une","tag-wolf","generate-columns","tablet-grid-50","mobile-grid-100","grid-parent","grid-33"],"yoast_head":"<!-- This site is optimized with the Yoast SEO plugin v24.0 - https:\/\/yoast.com\/wordpress\/plugins\/seo\/ -->\n<title>Wolf blesse une femme dans une galerie marchande \u00e0 Hambourg | Vie Associative<\/title>\n<meta name=\"robots\" content=\"index, follow, max-snippet:-1, max-image-preview:large, max-video-preview:-1\" \/>\n<link rel=\"canonical\" href=\"https:\/\/vieassociative.be\/actualites\/wolf-blesse-une-femme-dans-une-galerie-marchande-a-hambourg\/\" \/>\n<meta property=\"og:locale\" content=\"fr_FR\" \/>\n<meta property=\"og:type\" content=\"article\" \/>\n<meta property=\"og:title\" content=\"Wolf blesse une femme dans une galerie marchande \u00e0 Hambourg | Vie Associative\" \/>\n<meta property=\"og:description\" content=\"Selon les autorit\u00e9s, un loup a bless\u00e9 une personne pour la premi\u00e8re fois depuis la r\u00e9introduction de ces animaux en Allemagne. L&rsquo;incident s&rsquo;est produit lundi\" \/>\n<meta property=\"og:url\" content=\"https:\/\/vieassociative.be\/actualites\/wolf-blesse-une-femme-dans-une-galerie-marchande-a-hambourg\/\" \/>\n<meta property=\"og:site_name\" content=\"Vie Associative\" \/>\n<meta property=\"article:published_time\" content=\"2026-03-31T15:17:26+00:00\" \/>\n<meta property=\"og:image\" content=\"https:\/\/vieassociative.be\/actualites\/wp-content\/uploads\/2024\/09\/header_backgroundk-01-e1726694325946.png\" \/>\n\t<meta property=\"og:image:width\" content=\"279\" \/>\n\t<meta property=\"og:image:height\" content=\"92\" \/>\n\t<meta property=\"og:image:type\" content=\"image\/png\" \/>\n<meta name=\"author\" content=\"Julien\" \/>\n<meta name=\"twitter:card\" content=\"summary_large_image\" \/>\n<meta name=\"twitter:label1\" content=\"\u00c9crit par\" \/>\n\t<meta name=\"twitter:data1\" content=\"Julien\" \/>\n\t<meta name=\"twitter:label2\" content=\"Dur\u00e9e de lecture est.\" \/>\n\t<meta name=\"twitter:data2\" content=\"3 minutes\" \/>\n<script type=\"application\/ld+json\" class=\"yoast-schema-graph\">{\"@context\":\"https:\/\/schema.org\",\"@graph\":[{\"@type\":\"Article\",\"@id\":\"https:\/\/vieassociative.be\/actualites\/wolf-blesse-une-femme-dans-une-galerie-marchande-a-hambourg\/#article\",\"isPartOf\":{\"@id\":\"https:\/\/vieassociative.be\/actualites\/wolf-blesse-une-femme-dans-une-galerie-marchande-a-hambourg\/\"},\"author\":{\"name\":\"Julien\",\"@id\":\"https:\/\/vieassociative.be\/actualites\/#\/schema\/person\/b87ac4f82f9d4e7b7cec7395b679edc4\"},\"headline\":\"Wolf blesse une femme dans une galerie marchande \u00e0 Hambourg\",\"datePublished\":\"2026-03-31T15:17:26+00:00\",\"dateModified\":\"2026-03-31T15:17:26+00:00\",\"mainEntityOfPage\":{\"@id\":\"https:\/\/vieassociative.be\/actualites\/wolf-blesse-une-femme-dans-une-galerie-marchande-a-hambourg\/\"},\"wordCount\":728,\"publisher\":{\"@id\":\"https:\/\/vieassociative.be\/actualites\/#organization\"},\"image\":{\"@id\":\"https:\/\/vieassociative.be\/actualites\/wolf-blesse-une-femme-dans-une-galerie-marchande-a-hambourg\/#primaryimage\"},\"thumbnailUrl\":\"https:\/\/vieassociative.be\/actualites\/wp-content\/uploads\/2026\/03\/1774970247_Wolf-blesse-une-femme-dans-une-galerie-marchande-a-Hambourg.jpg\",\"keywords\":[\"blesse\",\"dans\",\"femme\",\"galerie\",\"Hambourg\",\"marchande\",\"une\",\"Wolf\"],\"articleSection\":[\"Belgique\"],\"inLanguage\":\"fr-BE\"},{\"@type\":\"WebPage\",\"@id\":\"https:\/\/vieassociative.be\/actualites\/wolf-blesse-une-femme-dans-une-galerie-marchande-a-hambourg\/\",\"url\":\"https:\/\/vieassociative.be\/actualites\/wolf-blesse-une-femme-dans-une-galerie-marchande-a-hambourg\/\",\"name\":\"Wolf blesse une femme dans une galerie marchande \u00e0 Hambourg | Vie Associative\",\"isPartOf\":{\"@id\":\"https:\/\/vieassociative.be\/actualites\/#website\"},\"primaryImageOfPage\":{\"@id\":\"https:\/\/vieassociative.be\/actualites\/wolf-blesse-une-femme-dans-une-galerie-marchande-a-hambourg\/#primaryimage\"},\"image\":{\"@id\":\"https:\/\/vieassociative.be\/actualites\/wolf-blesse-une-femme-dans-une-galerie-marchande-a-hambourg\/#primaryimage\"},\"thumbnailUrl\":\"https:\/\/vieassociative.be\/actualites\/wp-content\/uploads\/2026\/03\/1774970247_Wolf-blesse-une-femme-dans-une-galerie-marchande-a-Hambourg.jpg\",\"datePublished\":\"2026-03-31T15:17:26+00:00\",\"dateModified\":\"2026-03-31T15:17:26+00:00\",\"breadcrumb\":{\"@id\":\"https:\/\/vieassociative.be\/actualites\/wolf-blesse-une-femme-dans-une-galerie-marchande-a-hambourg\/#breadcrumb\"},\"inLanguage\":\"fr-BE\",\"potentialAction\":[{\"@type\":\"ReadAction\",\"target\":[\"https:\/\/vieassociative.be\/actualites\/wolf-blesse-une-femme-dans-une-galerie-marchande-a-hambourg\/\"]}]},{\"@type\":\"ImageObject\",\"inLanguage\":\"fr-BE\",\"@id\":\"https:\/\/vieassociative.be\/actualites\/wolf-blesse-une-femme-dans-une-galerie-marchande-a-hambourg\/#primaryimage\",\"url\":\"https:\/\/vieassociative.be\/actualites\/wp-content\/uploads\/2026\/03\/1774970247_Wolf-blesse-une-femme-dans-une-galerie-marchande-a-Hambourg.jpg\",\"contentUrl\":\"https:\/\/vieassociative.be\/actualites\/wp-content\/uploads\/2026\/03\/1774970247_Wolf-blesse-une-femme-dans-une-galerie-marchande-a-Hambourg.jpg\",\"width\":1200,\"height\":800,\"caption\":\"Wolf blesse une femme dans une galerie marchande \u00e0 Hambourg\"},{\"@type\":\"BreadcrumbList\",\"@id\":\"https:\/\/vieassociative.be\/actualites\/wolf-blesse-une-femme-dans-une-galerie-marchande-a-hambourg\/#breadcrumb\",\"itemListElement\":[{\"@type\":\"ListItem\",\"position\":1,\"name\":\"Accueil\",\"item\":\"https:\/\/vieassociative.be\/actualites\/\"},{\"@type\":\"ListItem\",\"position\":2,\"name\":\"Wolf blesse une femme dans une galerie marchande \u00e0 Hambourg\"}]},{\"@type\":\"WebSite\",\"@id\":\"https:\/\/vieassociative.be\/actualites\/#website\",\"url\":\"https:\/\/vieassociative.be\/actualites\/\",\"name\":\"Vie Associative\",\"description\":\"\",\"publisher\":{\"@id\":\"https:\/\/vieassociative.be\/actualites\/#organization\"},\"potentialAction\":[{\"@type\":\"SearchAction\",\"target\":{\"@type\":\"EntryPoint\",\"urlTemplate\":\"https:\/\/vieassociative.be\/actualites\/?s={search_term_string}\"},\"query-input\":{\"@type\":\"PropertyValueSpecification\",\"valueRequired\":true,\"valueName\":\"search_term_string\"}}],\"inLanguage\":\"fr-BE\"},{\"@type\":\"Organization\",\"@id\":\"https:\/\/vieassociative.be\/actualites\/#organization\",\"name\":\"Vie Associative\",\"url\":\"https:\/\/vieassociative.be\/actualites\/\",\"logo\":{\"@type\":\"ImageObject\",\"inLanguage\":\"fr-BE\",\"@id\":\"https:\/\/vieassociative.be\/actualites\/#\/schema\/logo\/image\/\",\"url\":\"https:\/\/vieassociative.be\/actualites\/wp-content\/uploads\/2024\/09\/cropped-vieassociative_favicon.ico.png\",\"contentUrl\":\"https:\/\/vieassociative.be\/actualites\/wp-content\/uploads\/2024\/09\/cropped-vieassociative_favicon.ico.png\",\"width\":512,\"height\":512,\"caption\":\"Vie Associative\"},\"image\":{\"@id\":\"https:\/\/vieassociative.be\/actualites\/#\/schema\/logo\/image\/\"}},{\"@type\":\"Person\",\"@id\":\"https:\/\/vieassociative.be\/actualites\/#\/schema\/person\/b87ac4f82f9d4e7b7cec7395b679edc4\",\"name\":\"Julien\",\"image\":{\"@type\":\"ImageObject\",\"inLanguage\":\"fr-BE\",\"@id\":\"https:\/\/vieassociative.be\/actualites\/#\/schema\/person\/image\/\",\"url\":\"https:\/\/vieassociative.be\/actualites\/wp-content\/uploads\/2024\/09\/vie-associative-1-150x150.jpg\",\"contentUrl\":\"https:\/\/vieassociative.be\/actualites\/wp-content\/uploads\/2024\/09\/vie-associative-1-150x150.jpg\",\"caption\":\"Julien\"},\"description\":\"Je suis Julien, r\u00e9dacteur pour Vie Associative. Passionn\u00e9 par le monde associatif depuis plus de 10 ans, j'ai \u00e0 c\u0153ur de partager des histoires inspirantes et de mettre en lumi\u00e8re les initiatives locales. Mon objectif est de sensibiliser et d'encourager l'engagement communautaire \u00e0 travers mes articles.\",\"sameAs\":[\"https:\/\/vieassociative.be\/\"]}]}<\/script>\n<!-- \/ Yoast SEO plugin. -->","yoast_head_json":{"title":"Wolf blesse une femme dans une galerie marchande \u00e0 Hambourg | Vie Associative","robots":{"index":"index","follow":"follow","max-snippet":"max-snippet:-1","max-image-preview":"max-image-preview:large","max-video-preview":"max-video-preview:-1"},"canonical":"https:\/\/vieassociative.be\/actualites\/wolf-blesse-une-femme-dans-une-galerie-marchande-a-hambourg\/","og_locale":"fr_FR","og_type":"article","og_title":"Wolf blesse une femme dans une galerie marchande \u00e0 Hambourg | Vie Associative","og_description":"Selon les autorit\u00e9s, un loup a bless\u00e9 une personne pour la premi\u00e8re fois depuis la r\u00e9introduction de ces animaux en Allemagne. L&rsquo;incident s&rsquo;est produit lundi","og_url":"https:\/\/vieassociative.be\/actualites\/wolf-blesse-une-femme-dans-une-galerie-marchande-a-hambourg\/","og_site_name":"Vie Associative","article_published_time":"2026-03-31T15:17:26+00:00","og_image":[{"width":279,"height":92,"url":"https:\/\/vieassociative.be\/actualites\/wp-content\/uploads\/2024\/09\/header_backgroundk-01-e1726694325946.png","type":"image\/png"}],"author":"Julien","twitter_card":"summary_large_image","twitter_misc":{"\u00c9crit par":"Julien","Dur\u00e9e de lecture est.":"3 minutes"},"schema":{"@context":"https:\/\/schema.org","@graph":[{"@type":"Article","@id":"https:\/\/vieassociative.be\/actualites\/wolf-blesse-une-femme-dans-une-galerie-marchande-a-hambourg\/#article","isPartOf":{"@id":"https:\/\/vieassociative.be\/actualites\/wolf-blesse-une-femme-dans-une-galerie-marchande-a-hambourg\/"},"author":{"name":"Julien","@id":"https:\/\/vieassociative.be\/actualites\/#\/schema\/person\/b87ac4f82f9d4e7b7cec7395b679edc4"},"headline":"Wolf blesse une femme dans une galerie marchande \u00e0 Hambourg","datePublished":"2026-03-31T15:17:26+00:00","dateModified":"2026-03-31T15:17:26+00:00","mainEntityOfPage":{"@id":"https:\/\/vieassociative.be\/actualites\/wolf-blesse-une-femme-dans-une-galerie-marchande-a-hambourg\/"},"wordCount":728,"publisher":{"@id":"https:\/\/vieassociative.be\/actualites\/#organization"},"image":{"@id":"https:\/\/vieassociative.be\/actualites\/wolf-blesse-une-femme-dans-une-galerie-marchande-a-hambourg\/#primaryimage"},"thumbnailUrl":"https:\/\/vieassociative.be\/actualites\/wp-content\/uploads\/2026\/03\/1774970247_Wolf-blesse-une-femme-dans-une-galerie-marchande-a-Hambourg.jpg","keywords":["blesse","dans","femme","galerie","Hambourg","marchande","une","Wolf"],"articleSection":["Belgique"],"inLanguage":"fr-BE"},{"@type":"WebPage","@id":"https:\/\/vieassociative.be\/actualites\/wolf-blesse-une-femme-dans-une-galerie-marchande-a-hambourg\/","url":"https:\/\/vieassociative.be\/actualites\/wolf-blesse-une-femme-dans-une-galerie-marchande-a-hambourg\/","name":"Wolf blesse une femme dans une galerie marchande \u00e0 Hambourg | Vie Associative","isPartOf":{"@id":"https:\/\/vieassociative.be\/actualites\/#website"},"primaryImageOfPage":{"@id":"https:\/\/vieassociative.be\/actualites\/wolf-blesse-une-femme-dans-une-galerie-marchande-a-hambourg\/#primaryimage"},"image":{"@id":"https:\/\/vieassociative.be\/actualites\/wolf-blesse-une-femme-dans-une-galerie-marchande-a-hambourg\/#primaryimage"},"thumbnailUrl":"https:\/\/vieassociative.be\/actualites\/wp-content\/uploads\/2026\/03\/1774970247_Wolf-blesse-une-femme-dans-une-galerie-marchande-a-Hambourg.jpg","datePublished":"2026-03-31T15:17:26+00:00","dateModified":"2026-03-31T15:17:26+00:00","breadcrumb":{"@id":"https:\/\/vieassociative.be\/actualites\/wolf-blesse-une-femme-dans-une-galerie-marchande-a-hambourg\/#breadcrumb"},"inLanguage":"fr-BE","potentialAction":[{"@type":"ReadAction","target":["https:\/\/vieassociative.be\/actualites\/wolf-blesse-une-femme-dans-une-galerie-marchande-a-hambourg\/"]}]},{"@type":"ImageObject","inLanguage":"fr-BE","@id":"https:\/\/vieassociative.be\/actualites\/wolf-blesse-une-femme-dans-une-galerie-marchande-a-hambourg\/#primaryimage","url":"https:\/\/vieassociative.be\/actualites\/wp-content\/uploads\/2026\/03\/1774970247_Wolf-blesse-une-femme-dans-une-galerie-marchande-a-Hambourg.jpg","contentUrl":"https:\/\/vieassociative.be\/actualites\/wp-content\/uploads\/2026\/03\/1774970247_Wolf-blesse-une-femme-dans-une-galerie-marchande-a-Hambourg.jpg","width":1200,"height":800,"caption":"Wolf blesse une femme dans une galerie marchande \u00e0 Hambourg"},{"@type":"BreadcrumbList","@id":"https:\/\/vieassociative.be\/actualites\/wolf-blesse-une-femme-dans-une-galerie-marchande-a-hambourg\/#breadcrumb","itemListElement":[{"@type":"ListItem","position":1,"name":"Accueil","item":"https:\/\/vieassociative.be\/actualites\/"},{"@type":"ListItem","position":2,"name":"Wolf blesse une femme dans une galerie marchande \u00e0 Hambourg"}]},{"@type":"WebSite","@id":"https:\/\/vieassociative.be\/actualites\/#website","url":"https:\/\/vieassociative.be\/actualites\/","name":"Vie Associative","description":"","publisher":{"@id":"https:\/\/vieassociative.be\/actualites\/#organization"},"potentialAction":[{"@type":"SearchAction","target":{"@type":"EntryPoint","urlTemplate":"https:\/\/vieassociative.be\/actualites\/?s={search_term_string}"},"query-input":{"@type":"PropertyValueSpecification","valueRequired":true,"valueName":"search_term_string"}}],"inLanguage":"fr-BE"},{"@type":"Organization","@id":"https:\/\/vieassociative.be\/actualites\/#organization","name":"Vie Associative","url":"https:\/\/vieassociative.be\/actualites\/","logo":{"@type":"ImageObject","inLanguage":"fr-BE","@id":"https:\/\/vieassociative.be\/actualites\/#\/schema\/logo\/image\/","url":"https:\/\/vieassociative.be\/actualites\/wp-content\/uploads\/2024\/09\/cropped-vieassociative_favicon.ico.png","contentUrl":"https:\/\/vieassociative.be\/actualites\/wp-content\/uploads\/2024\/09\/cropped-vieassociative_favicon.ico.png","width":512,"height":512,"caption":"Vie Associative"},"image":{"@id":"https:\/\/vieassociative.be\/actualites\/#\/schema\/logo\/image\/"}},{"@type":"Person","@id":"https:\/\/vieassociative.be\/actualites\/#\/schema\/person\/b87ac4f82f9d4e7b7cec7395b679edc4","name":"Julien","image":{"@type":"ImageObject","inLanguage":"fr-BE","@id":"https:\/\/vieassociative.be\/actualites\/#\/schema\/person\/image\/","url":"https:\/\/vieassociative.be\/actualites\/wp-content\/uploads\/2024\/09\/vie-associative-1-150x150.jpg","contentUrl":"https:\/\/vieassociative.be\/actualites\/wp-content\/uploads\/2024\/09\/vie-associative-1-150x150.jpg","caption":"Julien"},"description":"Je suis Julien, r\u00e9dacteur pour Vie Associative. Passionn\u00e9 par le monde associatif depuis plus de 10 ans, j'ai \u00e0 c\u0153ur de partager des histoires inspirantes et de mettre en lumi\u00e8re les initiatives locales. Mon objectif est de sensibiliser et d'encourager l'engagement communautaire \u00e0 travers mes articles.","sameAs":["https:\/\/vieassociative.be\/"]}]}},"_links":{"self":[{"href":"https:\/\/vieassociative.be\/actualites\/wp-json\/wp\/v2\/posts\/13260"}],"collection":[{"href":"https:\/\/vieassociative.be\/actualites\/wp-json\/wp\/v2\/posts"}],"about":[{"href":"https:\/\/vieassociative.be\/actualites\/wp-json\/wp\/v2\/types\/post"}],"author":[{"embeddable":true,"href":"https:\/\/vieassociative.be\/actualites\/wp-json\/wp\/v2\/users\/1"}],"replies":[{"embeddable":true,"href":"https:\/\/vieassociative.be\/actualites\/wp-json\/wp\/v2\/comments?post=13260"}],"version-history":[{"count":0,"href":"https:\/\/vieassociative.be\/actualites\/wp-json\/wp\/v2\/posts\/13260\/revisions"}],"wp:featuredmedia":[{"embeddable":true,"href":"https:\/\/vieassociative.be\/actualites\/wp-json\/wp\/v2\/media\/13261"}],"wp:attachment":[{"href":"https:\/\/vieassociative.be\/actualites\/wp-json\/wp\/v2\/media?parent=13260"}],"wp:term":[{"taxonomy":"category","embeddable":true,"href":"https:\/\/vieassociative.be\/actualites\/wp-json\/wp\/v2\/categories?post=13260"},{"taxonomy":"post_tag","embeddable":true,"href":"https:\/\/vieassociative.be\/actualites\/wp-json\/wp\/v2\/tags?post=13260"}],"curies":[{"name":"wp","href":"https:\/\/api.w.org\/{rel}","templated":true}]}}