{"id":13258,"date":"2026-03-31T16:17:24","date_gmt":"2026-03-31T14:17:24","guid":{"rendered":"https:\/\/vieassociative.be\/actualites\/les-prix-de-la-ram-pourraient-enfin-baisser\/"},"modified":"2026-03-31T16:17:24","modified_gmt":"2026-03-31T14:17:24","slug":"les-prix-de-la-ram-pourraient-enfin-baisser","status":"publish","type":"post","link":"https:\/\/vieassociative.be\/actualites\/les-prix-de-la-ram-pourraient-enfin-baisser\/","title":{"rendered":"Les prix de la RAM pourraient enfin baisser"},"content":{"rendered":"<p>La RAM, abr\u00e9viation de m\u00e9moire vive, est le stockage \u00e0 haute vitesse et \u00e0 court terme qui permet aux programmes informatiques d&rsquo;acc\u00e9der rapidement aux informations dont ils ont besoin. C&rsquo;est un composant crucial de presque tous les appareils \u00e9lectroniques sur lesquels nous comptons chaque jour. Le prix de la RAM a fortement augment\u00e9 depuis l\u2019automne dernier, mais il pourrait y avoir une l\u00e9g\u00e8re r\u00e9cession \u00e0 l\u2019horizon. <\/p>\n<h2 id=\"whats-going-on-with-the-ram-shortage\">Que se passe-t-il avec la p\u00e9nurie de RAM ?<\/h2>\n<p>La demande de RAM explose, en grande partie gr\u00e2ce \u00e0 l\u2019IA. Comme le rapporte The Verge, des entreprises comme Google, Meta, OpenAI et Anthropic ach\u00e8tent de la m\u00e9moire pour leurs centres de donn\u00e9es, ce qui entra\u00eene une grave p\u00e9nurie de disponibilit\u00e9 aupr\u00e8s des principaux fournisseurs de m\u00e9moire pour les produits grand public tels que les ordinateurs portables, les smartphones et les consoles de jeux. Pendant ce temps, d&rsquo;autres fabricants d&rsquo;appareils ont d\u00fb payer un <em>parcelle<\/em> davantage pour le stockage, ce qui entra\u00eene des co\u00fbts consid\u00e9rablement plus \u00e9lev\u00e9s pour les consommateurs et des commandes suspendues ou retard\u00e9es sur certains articles. Notamment, le prix de la PlayStation 5 de Sony a grimp\u00e9 de 100 dollars le 2 avril, et l&rsquo;International Data Corporation (IDC) pr\u00e9voit une baisse de 13 % des exp\u00e9ditions de smartphones cette ann\u00e9e en raison de la p\u00e9nurie, les petits fournisseurs d&rsquo;Android devant \u00eatre les plus durement touch\u00e9s. <\/p>\n<p>Les contrats d\u2019IA sont tr\u00e8s lucratifs pour les fabricants de puces comme Samsung, SK Hynix et Micron, qui contr\u00f4lent 93 % du march\u00e9 mondial de la RAM. Samsung et SK Hynix ont commenc\u00e9 \u00e0 se concentrer sur la production de m\u00e9moire \u00e0 large bande passante sp\u00e9cifiquement pour ces contrats, certains rapports sugg\u00e9rant qu&rsquo;environ 40 % de la DRAM mondiale \u00e9tait sp\u00e9cifiquement consacr\u00e9e au projet Stargate d&rsquo;OpenAI. Pendant ce temps, Micron a annonc\u00e9 qu\u2019il mettrait fin \u00e0 sa production de RAM grand public en 2026. <\/p>\n<h2 id=\"are-ram-prices-going-back-down\">Les prix de la RAM baissent-ils ? <\/h2>\n<p>Comme plusieurs points de vente l&rsquo;ont not\u00e9, certains kits de RAM sont en baisse par rapport \u00e0 leurs sommets historiques, ne serait-ce que l\u00e9g\u00e8rement : il y a des baisses de prix de 30 \u00e0 45 dollars sur la m\u00e9moire qui co\u00fbte encore entre 200 et 400 dollars, contre bien moins de 100 dollars il y a moins d&rsquo;un an. Bien que la cause exacte de ce d\u00e9clin ne soit pas connue, quelques facteurs pourraient th\u00e9oriquement jouer un r\u00f4le. L&rsquo;un d&rsquo;entre eux est l&rsquo;algorithme TurboQuant de Google, qui pourrait r\u00e9duire la demande de m\u00e9moire pour l&rsquo;IA. Un autre est une s\u00e9rie de changements chez OpenAI, qui a tu\u00e9 la semaine derni\u00e8re Sora, son application de g\u00e9n\u00e9ration de vid\u00e9o AI, et a renonc\u00e9 plus t\u00f4t ce mois-ci \u00e0 un accord d&rsquo;expansion du centre de donn\u00e9es pour le projet Stargate susmentionn\u00e9. <\/p>\n<p>Les consommateurs ne devraient pas encore \u00eatre trop excit\u00e9s\u00a0; les analystes ont pr\u00e9dit que la p\u00e9nurie pourrait durer jusqu\u2019en 2027 ou plus. Quant \u00e0 ce dernier changement, Francisco Jeronimo d&rsquo;IDC a d\u00e9clar\u00e9 au Telegraph que m\u00eame s&rsquo;il est trop t\u00f4t pour pr\u00e9dire une baisse durable, la r\u00e9duction des contrats d&rsquo;IA pourrait \u00e0 terme all\u00e9ger les prix de la m\u00e9moire pour les consommateurs. <\/p>\n","protected":false},"excerpt":{"rendered":"<p>La RAM, abr\u00e9viation de m\u00e9moire vive, est le stockage \u00e0 haute vitesse et \u00e0 court terme qui permet aux programmes informatiques d&rsquo;acc\u00e9der rapidement aux informations<\/p>\n","protected":false},"author":1,"featured_media":13259,"comment_status":"","ping_status":"","sticky":false,"template":"","format":"standard","meta":{"footnotes":""},"categories":[13],"tags":[10083,545,14,1168,1399,3008],"class_list":["post-13258","post","type-post","status-publish","format-standard","has-post-thumbnail","hentry","category-technologie","tag-baisser","tag-enfin","tag-les","tag-pourraient","tag-prix","tag-ram","generate-columns","tablet-grid-50","mobile-grid-100","grid-parent","grid-33"],"yoast_head":"<!-- This site is optimized with the Yoast SEO plugin v24.0 - https:\/\/yoast.com\/wordpress\/plugins\/seo\/ -->\n<title>Les prix de la RAM pourraient enfin baisser | Vie Associative<\/title>\n<meta name=\"robots\" content=\"index, follow, max-snippet:-1, max-image-preview:large, max-video-preview:-1\" \/>\n<link rel=\"canonical\" href=\"https:\/\/vieassociative.be\/actualites\/les-prix-de-la-ram-pourraient-enfin-baisser\/\" \/>\n<meta property=\"og:locale\" content=\"fr_FR\" \/>\n<meta property=\"og:type\" content=\"article\" \/>\n<meta property=\"og:title\" content=\"Les prix de la RAM pourraient enfin baisser | Vie Associative\" \/>\n<meta property=\"og:description\" content=\"La RAM, abr\u00e9viation de m\u00e9moire vive, est le stockage \u00e0 haute vitesse et \u00e0 court terme qui permet aux programmes informatiques d&rsquo;acc\u00e9der rapidement aux informations\" \/>\n<meta property=\"og:url\" content=\"https:\/\/vieassociative.be\/actualites\/les-prix-de-la-ram-pourraient-enfin-baisser\/\" \/>\n<meta property=\"og:site_name\" content=\"Vie Associative\" \/>\n<meta property=\"article:published_time\" content=\"2026-03-31T14:17:24+00:00\" \/>\n<meta property=\"og:image\" content=\"https:\/\/vieassociative.be\/actualites\/wp-content\/uploads\/2024\/09\/header_backgroundk-01-e1726694325946.png\" \/>\n\t<meta property=\"og:image:width\" content=\"279\" \/>\n\t<meta property=\"og:image:height\" content=\"92\" \/>\n\t<meta property=\"og:image:type\" content=\"image\/png\" \/>\n<meta name=\"author\" content=\"Julien\" \/>\n<meta name=\"twitter:card\" content=\"summary_large_image\" \/>\n<meta name=\"twitter:label1\" content=\"\u00c9crit par\" \/>\n\t<meta name=\"twitter:data1\" content=\"Julien\" \/>\n\t<meta name=\"twitter:label2\" content=\"Dur\u00e9e de lecture est.\" \/>\n\t<meta name=\"twitter:data2\" content=\"3 minutes\" \/>\n<script type=\"application\/ld+json\" class=\"yoast-schema-graph\">{\"@context\":\"https:\/\/schema.org\",\"@graph\":[{\"@type\":\"Article\",\"@id\":\"https:\/\/vieassociative.be\/actualites\/les-prix-de-la-ram-pourraient-enfin-baisser\/#article\",\"isPartOf\":{\"@id\":\"https:\/\/vieassociative.be\/actualites\/les-prix-de-la-ram-pourraient-enfin-baisser\/\"},\"author\":{\"name\":\"Julien\",\"@id\":\"https:\/\/vieassociative.be\/actualites\/#\/schema\/person\/b87ac4f82f9d4e7b7cec7395b679edc4\"},\"headline\":\"Les prix de la RAM pourraient enfin baisser\",\"datePublished\":\"2026-03-31T14:17:24+00:00\",\"dateModified\":\"2026-03-31T14:17:24+00:00\",\"mainEntityOfPage\":{\"@id\":\"https:\/\/vieassociative.be\/actualites\/les-prix-de-la-ram-pourraient-enfin-baisser\/\"},\"wordCount\":574,\"publisher\":{\"@id\":\"https:\/\/vieassociative.be\/actualites\/#organization\"},\"image\":{\"@id\":\"https:\/\/vieassociative.be\/actualites\/les-prix-de-la-ram-pourraient-enfin-baisser\/#primaryimage\"},\"thumbnailUrl\":\"https:\/\/vieassociative.be\/actualites\/wp-content\/uploads\/2026\/03\/Les-prix-de-la-RAM-pourraient-enfin-baisser.jpg\",\"keywords\":[\"baisser\",\"enfin\",\"Les\",\"pourraient\",\"prix\",\"RAM\"],\"articleSection\":[\"Technologie\"],\"inLanguage\":\"fr-BE\"},{\"@type\":\"WebPage\",\"@id\":\"https:\/\/vieassociative.be\/actualites\/les-prix-de-la-ram-pourraient-enfin-baisser\/\",\"url\":\"https:\/\/vieassociative.be\/actualites\/les-prix-de-la-ram-pourraient-enfin-baisser\/\",\"name\":\"Les prix de la RAM pourraient enfin baisser | Vie Associative\",\"isPartOf\":{\"@id\":\"https:\/\/vieassociative.be\/actualites\/#website\"},\"primaryImageOfPage\":{\"@id\":\"https:\/\/vieassociative.be\/actualites\/les-prix-de-la-ram-pourraient-enfin-baisser\/#primaryimage\"},\"image\":{\"@id\":\"https:\/\/vieassociative.be\/actualites\/les-prix-de-la-ram-pourraient-enfin-baisser\/#primaryimage\"},\"thumbnailUrl\":\"https:\/\/vieassociative.be\/actualites\/wp-content\/uploads\/2026\/03\/Les-prix-de-la-RAM-pourraient-enfin-baisser.jpg\",\"datePublished\":\"2026-03-31T14:17:24+00:00\",\"dateModified\":\"2026-03-31T14:17:24+00:00\",\"breadcrumb\":{\"@id\":\"https:\/\/vieassociative.be\/actualites\/les-prix-de-la-ram-pourraient-enfin-baisser\/#breadcrumb\"},\"inLanguage\":\"fr-BE\",\"potentialAction\":[{\"@type\":\"ReadAction\",\"target\":[\"https:\/\/vieassociative.be\/actualites\/les-prix-de-la-ram-pourraient-enfin-baisser\/\"]}]},{\"@type\":\"ImageObject\",\"inLanguage\":\"fr-BE\",\"@id\":\"https:\/\/vieassociative.be\/actualites\/les-prix-de-la-ram-pourraient-enfin-baisser\/#primaryimage\",\"url\":\"https:\/\/vieassociative.be\/actualites\/wp-content\/uploads\/2026\/03\/Les-prix-de-la-RAM-pourraient-enfin-baisser.jpg\",\"contentUrl\":\"https:\/\/vieassociative.be\/actualites\/wp-content\/uploads\/2026\/03\/Les-prix-de-la-RAM-pourraient-enfin-baisser.jpg\",\"width\":1200,\"height\":675,\"caption\":\"Les prix de la RAM pourraient enfin baisser\"},{\"@type\":\"BreadcrumbList\",\"@id\":\"https:\/\/vieassociative.be\/actualites\/les-prix-de-la-ram-pourraient-enfin-baisser\/#breadcrumb\",\"itemListElement\":[{\"@type\":\"ListItem\",\"position\":1,\"name\":\"Accueil\",\"item\":\"https:\/\/vieassociative.be\/actualites\/\"},{\"@type\":\"ListItem\",\"position\":2,\"name\":\"Les prix de la RAM pourraient enfin baisser\"}]},{\"@type\":\"WebSite\",\"@id\":\"https:\/\/vieassociative.be\/actualites\/#website\",\"url\":\"https:\/\/vieassociative.be\/actualites\/\",\"name\":\"Vie Associative\",\"description\":\"\",\"publisher\":{\"@id\":\"https:\/\/vieassociative.be\/actualites\/#organization\"},\"potentialAction\":[{\"@type\":\"SearchAction\",\"target\":{\"@type\":\"EntryPoint\",\"urlTemplate\":\"https:\/\/vieassociative.be\/actualites\/?s={search_term_string}\"},\"query-input\":{\"@type\":\"PropertyValueSpecification\",\"valueRequired\":true,\"valueName\":\"search_term_string\"}}],\"inLanguage\":\"fr-BE\"},{\"@type\":\"Organization\",\"@id\":\"https:\/\/vieassociative.be\/actualites\/#organization\",\"name\":\"Vie Associative\",\"url\":\"https:\/\/vieassociative.be\/actualites\/\",\"logo\":{\"@type\":\"ImageObject\",\"inLanguage\":\"fr-BE\",\"@id\":\"https:\/\/vieassociative.be\/actualites\/#\/schema\/logo\/image\/\",\"url\":\"https:\/\/vieassociative.be\/actualites\/wp-content\/uploads\/2024\/09\/cropped-vieassociative_favicon.ico.png\",\"contentUrl\":\"https:\/\/vieassociative.be\/actualites\/wp-content\/uploads\/2024\/09\/cropped-vieassociative_favicon.ico.png\",\"width\":512,\"height\":512,\"caption\":\"Vie Associative\"},\"image\":{\"@id\":\"https:\/\/vieassociative.be\/actualites\/#\/schema\/logo\/image\/\"}},{\"@type\":\"Person\",\"@id\":\"https:\/\/vieassociative.be\/actualites\/#\/schema\/person\/b87ac4f82f9d4e7b7cec7395b679edc4\",\"name\":\"Julien\",\"image\":{\"@type\":\"ImageObject\",\"inLanguage\":\"fr-BE\",\"@id\":\"https:\/\/vieassociative.be\/actualites\/#\/schema\/person\/image\/\",\"url\":\"https:\/\/vieassociative.be\/actualites\/wp-content\/uploads\/2024\/09\/vie-associative-1-150x150.jpg\",\"contentUrl\":\"https:\/\/vieassociative.be\/actualites\/wp-content\/uploads\/2024\/09\/vie-associative-1-150x150.jpg\",\"caption\":\"Julien\"},\"description\":\"Je suis Julien, r\u00e9dacteur pour Vie Associative. Passionn\u00e9 par le monde associatif depuis plus de 10 ans, j'ai \u00e0 c\u0153ur de partager des histoires inspirantes et de mettre en lumi\u00e8re les initiatives locales. Mon objectif est de sensibiliser et d'encourager l'engagement communautaire \u00e0 travers mes articles.\",\"sameAs\":[\"https:\/\/vieassociative.be\/\"]}]}<\/script>\n<!-- \/ Yoast SEO plugin. -->","yoast_head_json":{"title":"Les prix de la RAM pourraient enfin baisser | Vie Associative","robots":{"index":"index","follow":"follow","max-snippet":"max-snippet:-1","max-image-preview":"max-image-preview:large","max-video-preview":"max-video-preview:-1"},"canonical":"https:\/\/vieassociative.be\/actualites\/les-prix-de-la-ram-pourraient-enfin-baisser\/","og_locale":"fr_FR","og_type":"article","og_title":"Les prix de la RAM pourraient enfin baisser | Vie Associative","og_description":"La RAM, abr\u00e9viation de m\u00e9moire vive, est le stockage \u00e0 haute vitesse et \u00e0 court terme qui permet aux programmes informatiques d&rsquo;acc\u00e9der rapidement aux informations","og_url":"https:\/\/vieassociative.be\/actualites\/les-prix-de-la-ram-pourraient-enfin-baisser\/","og_site_name":"Vie Associative","article_published_time":"2026-03-31T14:17:24+00:00","og_image":[{"width":279,"height":92,"url":"https:\/\/vieassociative.be\/actualites\/wp-content\/uploads\/2024\/09\/header_backgroundk-01-e1726694325946.png","type":"image\/png"}],"author":"Julien","twitter_card":"summary_large_image","twitter_misc":{"\u00c9crit par":"Julien","Dur\u00e9e de lecture est.":"3 minutes"},"schema":{"@context":"https:\/\/schema.org","@graph":[{"@type":"Article","@id":"https:\/\/vieassociative.be\/actualites\/les-prix-de-la-ram-pourraient-enfin-baisser\/#article","isPartOf":{"@id":"https:\/\/vieassociative.be\/actualites\/les-prix-de-la-ram-pourraient-enfin-baisser\/"},"author":{"name":"Julien","@id":"https:\/\/vieassociative.be\/actualites\/#\/schema\/person\/b87ac4f82f9d4e7b7cec7395b679edc4"},"headline":"Les prix de la RAM pourraient enfin baisser","datePublished":"2026-03-31T14:17:24+00:00","dateModified":"2026-03-31T14:17:24+00:00","mainEntityOfPage":{"@id":"https:\/\/vieassociative.be\/actualites\/les-prix-de-la-ram-pourraient-enfin-baisser\/"},"wordCount":574,"publisher":{"@id":"https:\/\/vieassociative.be\/actualites\/#organization"},"image":{"@id":"https:\/\/vieassociative.be\/actualites\/les-prix-de-la-ram-pourraient-enfin-baisser\/#primaryimage"},"thumbnailUrl":"https:\/\/vieassociative.be\/actualites\/wp-content\/uploads\/2026\/03\/Les-prix-de-la-RAM-pourraient-enfin-baisser.jpg","keywords":["baisser","enfin","Les","pourraient","prix","RAM"],"articleSection":["Technologie"],"inLanguage":"fr-BE"},{"@type":"WebPage","@id":"https:\/\/vieassociative.be\/actualites\/les-prix-de-la-ram-pourraient-enfin-baisser\/","url":"https:\/\/vieassociative.be\/actualites\/les-prix-de-la-ram-pourraient-enfin-baisser\/","name":"Les prix de la RAM pourraient enfin baisser | Vie Associative","isPartOf":{"@id":"https:\/\/vieassociative.be\/actualites\/#website"},"primaryImageOfPage":{"@id":"https:\/\/vieassociative.be\/actualites\/les-prix-de-la-ram-pourraient-enfin-baisser\/#primaryimage"},"image":{"@id":"https:\/\/vieassociative.be\/actualites\/les-prix-de-la-ram-pourraient-enfin-baisser\/#primaryimage"},"thumbnailUrl":"https:\/\/vieassociative.be\/actualites\/wp-content\/uploads\/2026\/03\/Les-prix-de-la-RAM-pourraient-enfin-baisser.jpg","datePublished":"2026-03-31T14:17:24+00:00","dateModified":"2026-03-31T14:17:24+00:00","breadcrumb":{"@id":"https:\/\/vieassociative.be\/actualites\/les-prix-de-la-ram-pourraient-enfin-baisser\/#breadcrumb"},"inLanguage":"fr-BE","potentialAction":[{"@type":"ReadAction","target":["https:\/\/vieassociative.be\/actualites\/les-prix-de-la-ram-pourraient-enfin-baisser\/"]}]},{"@type":"ImageObject","inLanguage":"fr-BE","@id":"https:\/\/vieassociative.be\/actualites\/les-prix-de-la-ram-pourraient-enfin-baisser\/#primaryimage","url":"https:\/\/vieassociative.be\/actualites\/wp-content\/uploads\/2026\/03\/Les-prix-de-la-RAM-pourraient-enfin-baisser.jpg","contentUrl":"https:\/\/vieassociative.be\/actualites\/wp-content\/uploads\/2026\/03\/Les-prix-de-la-RAM-pourraient-enfin-baisser.jpg","width":1200,"height":675,"caption":"Les prix de la RAM pourraient enfin baisser"},{"@type":"BreadcrumbList","@id":"https:\/\/vieassociative.be\/actualites\/les-prix-de-la-ram-pourraient-enfin-baisser\/#breadcrumb","itemListElement":[{"@type":"ListItem","position":1,"name":"Accueil","item":"https:\/\/vieassociative.be\/actualites\/"},{"@type":"ListItem","position":2,"name":"Les prix de la RAM pourraient enfin baisser"}]},{"@type":"WebSite","@id":"https:\/\/vieassociative.be\/actualites\/#website","url":"https:\/\/vieassociative.be\/actualites\/","name":"Vie Associative","description":"","publisher":{"@id":"https:\/\/vieassociative.be\/actualites\/#organization"},"potentialAction":[{"@type":"SearchAction","target":{"@type":"EntryPoint","urlTemplate":"https:\/\/vieassociative.be\/actualites\/?s={search_term_string}"},"query-input":{"@type":"PropertyValueSpecification","valueRequired":true,"valueName":"search_term_string"}}],"inLanguage":"fr-BE"},{"@type":"Organization","@id":"https:\/\/vieassociative.be\/actualites\/#organization","name":"Vie Associative","url":"https:\/\/vieassociative.be\/actualites\/","logo":{"@type":"ImageObject","inLanguage":"fr-BE","@id":"https:\/\/vieassociative.be\/actualites\/#\/schema\/logo\/image\/","url":"https:\/\/vieassociative.be\/actualites\/wp-content\/uploads\/2024\/09\/cropped-vieassociative_favicon.ico.png","contentUrl":"https:\/\/vieassociative.be\/actualites\/wp-content\/uploads\/2024\/09\/cropped-vieassociative_favicon.ico.png","width":512,"height":512,"caption":"Vie Associative"},"image":{"@id":"https:\/\/vieassociative.be\/actualites\/#\/schema\/logo\/image\/"}},{"@type":"Person","@id":"https:\/\/vieassociative.be\/actualites\/#\/schema\/person\/b87ac4f82f9d4e7b7cec7395b679edc4","name":"Julien","image":{"@type":"ImageObject","inLanguage":"fr-BE","@id":"https:\/\/vieassociative.be\/actualites\/#\/schema\/person\/image\/","url":"https:\/\/vieassociative.be\/actualites\/wp-content\/uploads\/2024\/09\/vie-associative-1-150x150.jpg","contentUrl":"https:\/\/vieassociative.be\/actualites\/wp-content\/uploads\/2024\/09\/vie-associative-1-150x150.jpg","caption":"Julien"},"description":"Je suis Julien, r\u00e9dacteur pour Vie Associative. Passionn\u00e9 par le monde associatif depuis plus de 10 ans, j'ai \u00e0 c\u0153ur de partager des histoires inspirantes et de mettre en lumi\u00e8re les initiatives locales. Mon objectif est de sensibiliser et d'encourager l'engagement communautaire \u00e0 travers mes articles.","sameAs":["https:\/\/vieassociative.be\/"]}]}},"_links":{"self":[{"href":"https:\/\/vieassociative.be\/actualites\/wp-json\/wp\/v2\/posts\/13258"}],"collection":[{"href":"https:\/\/vieassociative.be\/actualites\/wp-json\/wp\/v2\/posts"}],"about":[{"href":"https:\/\/vieassociative.be\/actualites\/wp-json\/wp\/v2\/types\/post"}],"author":[{"embeddable":true,"href":"https:\/\/vieassociative.be\/actualites\/wp-json\/wp\/v2\/users\/1"}],"replies":[{"embeddable":true,"href":"https:\/\/vieassociative.be\/actualites\/wp-json\/wp\/v2\/comments?post=13258"}],"version-history":[{"count":0,"href":"https:\/\/vieassociative.be\/actualites\/wp-json\/wp\/v2\/posts\/13258\/revisions"}],"wp:featuredmedia":[{"embeddable":true,"href":"https:\/\/vieassociative.be\/actualites\/wp-json\/wp\/v2\/media\/13259"}],"wp:attachment":[{"href":"https:\/\/vieassociative.be\/actualites\/wp-json\/wp\/v2\/media?parent=13258"}],"wp:term":[{"taxonomy":"category","embeddable":true,"href":"https:\/\/vieassociative.be\/actualites\/wp-json\/wp\/v2\/categories?post=13258"},{"taxonomy":"post_tag","embeddable":true,"href":"https:\/\/vieassociative.be\/actualites\/wp-json\/wp\/v2\/tags?post=13258"}],"curies":[{"name":"wp","href":"https:\/\/api.w.org\/{rel}","templated":true}]}}