{"id":13256,"date":"2026-03-31T10:17:41","date_gmt":"2026-03-31T08:17:41","guid":{"rendered":"https:\/\/vieassociative.be\/actualites\/vous-pouvez-obtenir-ces-ecouteurs-beats-powerbeats-fit-en-vente-a-37-de-reduction-des-maintenant\/"},"modified":"2026-03-31T10:17:41","modified_gmt":"2026-03-31T08:17:41","slug":"vous-pouvez-obtenir-ces-ecouteurs-beats-powerbeats-fit-en-vente-a-37-de-reduction-des-maintenant","status":"publish","type":"post","link":"https:\/\/vieassociative.be\/actualites\/vous-pouvez-obtenir-ces-ecouteurs-beats-powerbeats-fit-en-vente-a-37-de-reduction-des-maintenant\/","title":{"rendered":"Vous pouvez obtenir ces \u00e9couteurs Beats Powerbeats Fit en vente \u00e0 37 % de r\u00e9duction d\u00e8s maintenant"},"content":{"rendered":"<p>Nous pouvons gagner une commission sur les liens sur cette page. Les prix et la disponibilit\u00e9 de l&rsquo;offre sont sujets \u00e0 changement apr\u00e8s la publication.<\/p>\n<p>Les \u00e9couteurs d\u2019entra\u00eenement promettent souvent un ajustement s\u00fbr et un son puissant, mais tous n\u2019offrent pas les deux. Les \u00e9couteurs Beats Powerbeats Fit sont actuellement en vente au prix de 124,97 $ sur StackSocial en tant qu&rsquo;unit\u00e9s ouvertes, et ils \u00e9quilibrent ces priorit\u00e9s. Ce sont les versions les plus r\u00e9centes qui remplacent l&rsquo;ancienne Fit Pro dans la gamme Beats, et le plus grand changement r\u00e9side dans la fa\u00e7on dont elles restent dans vos oreilles. Au lieu de la conception traditionnelle du contour d&rsquo;oreille, Beats a opt\u00e9 pour une aile ajust\u00e9e qui appuie doucement contre l&rsquo;int\u00e9rieur de l&rsquo;oreille pour plus de stabilit\u00e9. En pratique, cela signifie que les bourgeons restent en place pendant les courses, les entra\u00eenements ou les mouvements rapides sans la sensation de pince que cr\u00e9ent certains mod\u00e8les de crochets. Chaque \u00e9couteur comprend \u00e9galement des commandes physiques, vous pouvez donc appuyer pour lire ou mettre en pause la musique, r\u00e9gler le volume ou maintenir le bouton enfonc\u00e9 pour activer des fonctionnalit\u00e9s telles que la suppression du bruit ou Siri. Les \u00e9couteurs ont \u00e9galement un indice de r\u00e9sistance \u00e0 l\u2019eau IPX4, ce qui signifie qu\u2019ils peuvent r\u00e9sister \u00e0 la sueur et \u00e0 la pluie l\u00e9g\u00e8re.<\/p>\n<p>Le son s\u2019oriente vers le type de r\u00e9glage pour lequel Beats est connu. Les haut-parleurs de 9,5 mm poussent un grave puissant qui fonctionne bien pour les listes de lecture d&rsquo;entra\u00eenement ou la musique riche en basses. Les basses ont de l&rsquo;impact mais ne dominent pas compl\u00e8tement tout le reste. Les voix et les instruments restent suffisamment clairs pour suivre des podcasts ou des morceaux pop, bien que les m\u00e9diums se situent l\u00e9g\u00e8rement derri\u00e8re les basses. Ces \u00e9couteurs prennent \u00e9galement en charge la suppression active du bruit, ce qui contribue \u00e0 r\u00e9duire les bruits de fond tels que les grondements de la circulation ou les \u00e9quipements de salle de sport. Cela ne cr\u00e9era pas un silence total, mais cela peut rendre la musique plus facile \u00e0 entendre sans augmenter le volume trop haut. <\/p>\n<p>La dur\u00e9e de vie de la batterie est \u00e9galement solide pour une utilisation quotidienne : vous pouvez vous attendre \u00e0 environ six heures d\u2019\u00e9coute avec ANC activ\u00e9 et jusqu\u2019\u00e0 24 heures au total avec le bo\u00eetier de chargement. La puce Apple H1 \u00e0 l\u2019int\u00e9rieur des \u00e9couteurs les rend particuli\u00e8rement pratiques pour les utilisateurs d\u2019iPhone. Le couplage s&rsquo;effectue rapidement, la commutation entre les appareils Apple est transparente et vous pouvez utiliser Siri mains libres pour contr\u00f4ler la lecture ou envoyer des messages. Les \u00e9couteurs fonctionnent \u00e9galement avec les appareils Android via une application compagnon qui donne acc\u00e8s \u00e0 la plupart des m\u00eames commandes. Cela dit, comme pour la plupart des \u00e9couteurs d\u2019entra\u00eenement, l\u2019accent est mis ici sur la stabilit\u00e9 et l\u2019\u00e9nergie du son plut\u00f4t que sur la pr\u00e9cision d\u2019un niveau studio.<\/p>\n<hr>\n<div class=\" relative flex justify-center py-16 md:left-1\/2 md:w-(780px) md:max-w-max md:-translate-x-1\/2\">\n<div class=\"w-max text-center sm:text-left\">\n<div class=\"custom-gradient-background mb-6 rounded-md p-(2px) sm:rounded-tl-none\">\n<div class=\"flex flex-col rounded bg-white sm:rounded-tl-none\">\n                    <span class=\"-mt-4 block w-fit max-w-(calc(100%-1rem)) self-center bg-white px-3 text-center font-akshar text-xl font-medium capitalize text-gray-800 sm:max-w-(calc(100%-2.5rem)) sm:self-start sm:px-10 sm:text-left sm:text-2xl\">Nos meilleures offres technologiques approuv\u00e9es par les \u00e9diteurs en ce moment<\/span><\/p>\n<div class=\"flex flex-col gap-3 p-3 pb-4 text-sm sm:p-10 sm:pt-6 sm:text-justify sm:text-base\">\n<div>\n<p>    \u00c9couteurs sans fil Apple AirPods Pro 3 \u00e0 r\u00e9duction de bruit et fr\u00e9quence cardiaque<\/p>\n<p>                                <span class=\"text-black\"><br \/>\n                                    \u2014<br \/>\n                                    <span class=\"font-bold\">199,00\u00a0$<\/span><br \/>\n                                    <span class=\"!text-xs italic sm:!text-sm\"><\/p>\n<p>                                        (Prix catalogue 249,00 $)<br \/>\n                                    <\/span><br \/>\n                                <\/span>\n                            <\/div>\n<div>\n<p>    Apple iPad 11&Prime; 128 Go A16 WiFi Tablette (Bleu, 2025)<\/p>\n<p>                                <span class=\"text-black\"><br \/>\n                                    \u2014<br \/>\n                                    <span class=\"font-bold\">299,00\u00a0$<\/span><br \/>\n                                    <span class=\"!text-xs italic sm:!text-sm\"><\/p>\n<p>                                        (Prix catalogue 349,00 $)<br \/>\n                                    <\/span><br \/>\n                                <\/span>\n                            <\/div>\n<div>\n<p>    Tablette Samsung Galaxy Tab A11+ 128 Go Wi-Fi 11&Prime; (Gris)<\/p>\n<p>                                <span class=\"text-black\"><br \/>\n                                    \u2014<br \/>\n                                    <span class=\"font-bold\">202,00\u00a0$<\/span><br \/>\n                                    <span class=\"!text-xs italic sm:!text-sm\"><\/p>\n<p>                                        (Prix catalogue 249,99 $)<br \/>\n                                    <\/span><br \/>\n                                <\/span>\n                            <\/div>\n<div>\n<p>    Sony WH1000XM6 \u2013 Meilleur casque sans fil \u00e0 r\u00e9duction de bruit<\/p>\n<p>                                <span class=\"text-black\"><br \/>\n                                    \u2014<br \/>\n                                    <span class=\"font-bold\">398,00\u00a0$<\/span><br \/>\n                                    <span class=\"!text-xs italic sm:!text-sm\"><\/p>\n<p>                                        (Prix catalogue 459,99 $)<br \/>\n                                    <\/span><br \/>\n                                <\/span>\n                            <\/div>\n<div>\n<p>    Apple Watch Series 11 (GPS, 42 mm, bracelet sport noir S\/M)<\/p>\n<p>                                <span class=\"text-black\"><br \/>\n                                    \u2014<br \/>\n                                    <span class=\"font-bold\">299,00\u00a0$<\/span><br \/>\n                                    <span class=\"!text-xs italic sm:!text-sm\"><\/p>\n<p>                                        (Prix catalogue 399,00 $)<br \/>\n                                    <\/span><br \/>\n                                <\/span>\n                            <\/div>\n<div>\n<p>    Sonnette vid\u00e9o sans fil Blink (mod\u00e8le le plus r\u00e9cent) + module de synchronisation<\/p>\n<p>                                <span class=\"text-black\"><br \/>\n                                    \u2014<br \/>\n                                    <span class=\"font-bold\">35,99\u00a0$<\/span><br \/>\n                                    <span class=\"!text-xs italic sm:!text-sm\"><\/p>\n<p>                                        (Prix catalogue 69,99 $)<br \/>\n                                    <\/span><br \/>\n                                <\/span>\n                            <\/div>\n<div>\n<p>    Lecteur de streaming Fire TV Stick 4K Max avec t\u00e9l\u00e9commande<\/p>\n<p>                                <span class=\"text-black\"><br \/>\n                                    \u2014<br \/>\n                                    <span class=\"font-bold\">34,99\u00a0$<\/span><br \/>\n                                    <span class=\"!text-xs italic sm:!text-sm\"><\/p>\n<p>                                        (Prix catalogue 59,99 $)<br \/>\n                                    <\/span><br \/>\n                                <\/span>\n                            <\/div>\n<div>\n<p>    Amazon Kindle Colorsoft 16 Go 7&Prime; eReader (Noir)<\/p>\n<p>                                <span class=\"text-black\"><br \/>\n                                    \u2014<br \/>\n                                    <span class=\"font-bold\">169,99\u00a0$<\/span><br \/>\n                                    <span class=\"!text-xs italic sm:!text-sm\"><\/p>\n<p>                                        (Prix catalogue 249,99 $)<br \/>\n                                    <\/span><br \/>\n                                <\/span>\n                            <\/div>\n<\/p><\/div>\n<\/p><\/div>\n<\/p><\/div>\n<div class=\"flex flex-col items-center justify-between text-black sm:flex-row sm:px-6\">\n                <span class=\"text-xs italic sm:ml-7 sm:text-sm\">Les offres sont s\u00e9lectionn\u00e9es par notre \u00e9quipe commerciale<\/span><\/p><\/div>\n<\/p><\/div>\n<\/p><\/div>\n","protected":false},"excerpt":{"rendered":"<p>Nous pouvons gagner une commission sur les liens sur cette page. Les prix et la disponibilit\u00e9 de l&rsquo;offre sont sujets \u00e0 changement apr\u00e8s la publication.<\/p>\n","protected":false},"author":1,"featured_media":13257,"comment_status":"","ping_status":"","sticky":false,"template":"","format":"standard","meta":{"footnotes":""},"categories":[13],"tags":[4088,248,29,1537,10391,233,227,5,5296,308,223,4],"class_list":["post-13256","post","type-post","status-publish","format-standard","has-post-thumbnail","hentry","category-technologie","tag-beats","tag-ces","tag-des","tag-ecouteurs","tag-fit","tag-maintenant","tag-obtenir","tag-pouvez","tag-powerbeats","tag-reduction","tag-vente","tag-vous","generate-columns","tablet-grid-50","mobile-grid-100","grid-parent","grid-33"],"yoast_head":"<!-- This site is optimized with the Yoast SEO plugin v24.0 - https:\/\/yoast.com\/wordpress\/plugins\/seo\/ -->\n<title>Vous pouvez obtenir ces \u00e9couteurs Beats Powerbeats Fit en vente \u00e0 37 % de r\u00e9duction d\u00e8s maintenant | Vie Associative<\/title>\n<meta name=\"robots\" content=\"index, follow, max-snippet:-1, max-image-preview:large, max-video-preview:-1\" \/>\n<link rel=\"canonical\" href=\"https:\/\/vieassociative.be\/actualites\/vous-pouvez-obtenir-ces-ecouteurs-beats-powerbeats-fit-en-vente-a-37-de-reduction-des-maintenant\/\" \/>\n<meta property=\"og:locale\" content=\"fr_FR\" \/>\n<meta property=\"og:type\" content=\"article\" \/>\n<meta property=\"og:title\" content=\"Vous pouvez obtenir ces \u00e9couteurs Beats Powerbeats Fit en vente \u00e0 37 % de r\u00e9duction d\u00e8s maintenant | Vie Associative\" \/>\n<meta property=\"og:description\" content=\"Nous pouvons gagner une commission sur les liens sur cette page. Les prix et la disponibilit\u00e9 de l&rsquo;offre sont sujets \u00e0 changement apr\u00e8s la publication.\" \/>\n<meta property=\"og:url\" content=\"https:\/\/vieassociative.be\/actualites\/vous-pouvez-obtenir-ces-ecouteurs-beats-powerbeats-fit-en-vente-a-37-de-reduction-des-maintenant\/\" \/>\n<meta property=\"og:site_name\" content=\"Vie Associative\" \/>\n<meta property=\"article:published_time\" content=\"2026-03-31T08:17:41+00:00\" \/>\n<meta property=\"og:image\" content=\"https:\/\/vieassociative.be\/actualites\/wp-content\/uploads\/2024\/09\/header_backgroundk-01-e1726694325946.png\" \/>\n\t<meta property=\"og:image:width\" content=\"279\" \/>\n\t<meta property=\"og:image:height\" content=\"92\" \/>\n\t<meta property=\"og:image:type\" content=\"image\/png\" \/>\n<meta name=\"author\" content=\"Julien\" \/>\n<meta name=\"twitter:card\" content=\"summary_large_image\" \/>\n<meta name=\"twitter:label1\" content=\"\u00c9crit par\" \/>\n\t<meta name=\"twitter:data1\" content=\"Julien\" \/>\n\t<meta name=\"twitter:label2\" content=\"Dur\u00e9e de lecture est.\" \/>\n\t<meta name=\"twitter:data2\" content=\"3 minutes\" \/>\n<script type=\"application\/ld+json\" class=\"yoast-schema-graph\">{\"@context\":\"https:\/\/schema.org\",\"@graph\":[{\"@type\":\"Article\",\"@id\":\"https:\/\/vieassociative.be\/actualites\/vous-pouvez-obtenir-ces-ecouteurs-beats-powerbeats-fit-en-vente-a-37-de-reduction-des-maintenant\/#article\",\"isPartOf\":{\"@id\":\"https:\/\/vieassociative.be\/actualites\/vous-pouvez-obtenir-ces-ecouteurs-beats-powerbeats-fit-en-vente-a-37-de-reduction-des-maintenant\/\"},\"author\":{\"name\":\"Julien\",\"@id\":\"https:\/\/vieassociative.be\/actualites\/#\/schema\/person\/b87ac4f82f9d4e7b7cec7395b679edc4\"},\"headline\":\"Vous pouvez obtenir ces \u00e9couteurs Beats Powerbeats Fit en vente \u00e0 37 % de r\u00e9duction d\u00e8s maintenant\",\"datePublished\":\"2026-03-31T08:17:41+00:00\",\"dateModified\":\"2026-03-31T08:17:41+00:00\",\"mainEntityOfPage\":{\"@id\":\"https:\/\/vieassociative.be\/actualites\/vous-pouvez-obtenir-ces-ecouteurs-beats-powerbeats-fit-en-vente-a-37-de-reduction-des-maintenant\/\"},\"wordCount\":665,\"publisher\":{\"@id\":\"https:\/\/vieassociative.be\/actualites\/#organization\"},\"image\":{\"@id\":\"https:\/\/vieassociative.be\/actualites\/vous-pouvez-obtenir-ces-ecouteurs-beats-powerbeats-fit-en-vente-a-37-de-reduction-des-maintenant\/#primaryimage\"},\"thumbnailUrl\":\"https:\/\/vieassociative.be\/actualites\/wp-content\/uploads\/2026\/03\/Vous-pouvez-obtenir-ces-ecouteurs-Beats-Powerbeats-Fit-en-vente.png\",\"keywords\":[\"Beats\",\"ces\",\"Des\",\"\u00e9couteurs\",\"Fit\",\"maintenant\",\"obtenir\",\"pouvez\",\"Powerbeats\",\"r\u00e9duction\",\"vente\",\"Vous\"],\"articleSection\":[\"Technologie\"],\"inLanguage\":\"fr-BE\"},{\"@type\":\"WebPage\",\"@id\":\"https:\/\/vieassociative.be\/actualites\/vous-pouvez-obtenir-ces-ecouteurs-beats-powerbeats-fit-en-vente-a-37-de-reduction-des-maintenant\/\",\"url\":\"https:\/\/vieassociative.be\/actualites\/vous-pouvez-obtenir-ces-ecouteurs-beats-powerbeats-fit-en-vente-a-37-de-reduction-des-maintenant\/\",\"name\":\"Vous pouvez obtenir ces \u00e9couteurs Beats Powerbeats Fit en vente \u00e0 37 % de r\u00e9duction d\u00e8s maintenant | Vie Associative\",\"isPartOf\":{\"@id\":\"https:\/\/vieassociative.be\/actualites\/#website\"},\"primaryImageOfPage\":{\"@id\":\"https:\/\/vieassociative.be\/actualites\/vous-pouvez-obtenir-ces-ecouteurs-beats-powerbeats-fit-en-vente-a-37-de-reduction-des-maintenant\/#primaryimage\"},\"image\":{\"@id\":\"https:\/\/vieassociative.be\/actualites\/vous-pouvez-obtenir-ces-ecouteurs-beats-powerbeats-fit-en-vente-a-37-de-reduction-des-maintenant\/#primaryimage\"},\"thumbnailUrl\":\"https:\/\/vieassociative.be\/actualites\/wp-content\/uploads\/2026\/03\/Vous-pouvez-obtenir-ces-ecouteurs-Beats-Powerbeats-Fit-en-vente.png\",\"datePublished\":\"2026-03-31T08:17:41+00:00\",\"dateModified\":\"2026-03-31T08:17:41+00:00\",\"breadcrumb\":{\"@id\":\"https:\/\/vieassociative.be\/actualites\/vous-pouvez-obtenir-ces-ecouteurs-beats-powerbeats-fit-en-vente-a-37-de-reduction-des-maintenant\/#breadcrumb\"},\"inLanguage\":\"fr-BE\",\"potentialAction\":[{\"@type\":\"ReadAction\",\"target\":[\"https:\/\/vieassociative.be\/actualites\/vous-pouvez-obtenir-ces-ecouteurs-beats-powerbeats-fit-en-vente-a-37-de-reduction-des-maintenant\/\"]}]},{\"@type\":\"ImageObject\",\"inLanguage\":\"fr-BE\",\"@id\":\"https:\/\/vieassociative.be\/actualites\/vous-pouvez-obtenir-ces-ecouteurs-beats-powerbeats-fit-en-vente-a-37-de-reduction-des-maintenant\/#primaryimage\",\"url\":\"https:\/\/vieassociative.be\/actualites\/wp-content\/uploads\/2026\/03\/Vous-pouvez-obtenir-ces-ecouteurs-Beats-Powerbeats-Fit-en-vente.png\",\"contentUrl\":\"https:\/\/vieassociative.be\/actualites\/wp-content\/uploads\/2026\/03\/Vous-pouvez-obtenir-ces-ecouteurs-Beats-Powerbeats-Fit-en-vente.png\",\"width\":1200,\"height\":675,\"caption\":\"Vous pouvez obtenir ces \u00e9couteurs Beats Powerbeats Fit en vente \u00e0 37 % de r\u00e9duction d\u00e8s maintenant\"},{\"@type\":\"BreadcrumbList\",\"@id\":\"https:\/\/vieassociative.be\/actualites\/vous-pouvez-obtenir-ces-ecouteurs-beats-powerbeats-fit-en-vente-a-37-de-reduction-des-maintenant\/#breadcrumb\",\"itemListElement\":[{\"@type\":\"ListItem\",\"position\":1,\"name\":\"Accueil\",\"item\":\"https:\/\/vieassociative.be\/actualites\/\"},{\"@type\":\"ListItem\",\"position\":2,\"name\":\"Vous pouvez obtenir ces \u00e9couteurs Beats Powerbeats Fit en vente \u00e0 37 % de r\u00e9duction d\u00e8s maintenant\"}]},{\"@type\":\"WebSite\",\"@id\":\"https:\/\/vieassociative.be\/actualites\/#website\",\"url\":\"https:\/\/vieassociative.be\/actualites\/\",\"name\":\"Vie Associative\",\"description\":\"\",\"publisher\":{\"@id\":\"https:\/\/vieassociative.be\/actualites\/#organization\"},\"potentialAction\":[{\"@type\":\"SearchAction\",\"target\":{\"@type\":\"EntryPoint\",\"urlTemplate\":\"https:\/\/vieassociative.be\/actualites\/?s={search_term_string}\"},\"query-input\":{\"@type\":\"PropertyValueSpecification\",\"valueRequired\":true,\"valueName\":\"search_term_string\"}}],\"inLanguage\":\"fr-BE\"},{\"@type\":\"Organization\",\"@id\":\"https:\/\/vieassociative.be\/actualites\/#organization\",\"name\":\"Vie Associative\",\"url\":\"https:\/\/vieassociative.be\/actualites\/\",\"logo\":{\"@type\":\"ImageObject\",\"inLanguage\":\"fr-BE\",\"@id\":\"https:\/\/vieassociative.be\/actualites\/#\/schema\/logo\/image\/\",\"url\":\"https:\/\/vieassociative.be\/actualites\/wp-content\/uploads\/2024\/09\/cropped-vieassociative_favicon.ico.png\",\"contentUrl\":\"https:\/\/vieassociative.be\/actualites\/wp-content\/uploads\/2024\/09\/cropped-vieassociative_favicon.ico.png\",\"width\":512,\"height\":512,\"caption\":\"Vie Associative\"},\"image\":{\"@id\":\"https:\/\/vieassociative.be\/actualites\/#\/schema\/logo\/image\/\"}},{\"@type\":\"Person\",\"@id\":\"https:\/\/vieassociative.be\/actualites\/#\/schema\/person\/b87ac4f82f9d4e7b7cec7395b679edc4\",\"name\":\"Julien\",\"image\":{\"@type\":\"ImageObject\",\"inLanguage\":\"fr-BE\",\"@id\":\"https:\/\/vieassociative.be\/actualites\/#\/schema\/person\/image\/\",\"url\":\"https:\/\/vieassociative.be\/actualites\/wp-content\/uploads\/2024\/09\/vie-associative-1-150x150.jpg\",\"contentUrl\":\"https:\/\/vieassociative.be\/actualites\/wp-content\/uploads\/2024\/09\/vie-associative-1-150x150.jpg\",\"caption\":\"Julien\"},\"description\":\"Je suis Julien, r\u00e9dacteur pour Vie Associative. Passionn\u00e9 par le monde associatif depuis plus de 10 ans, j'ai \u00e0 c\u0153ur de partager des histoires inspirantes et de mettre en lumi\u00e8re les initiatives locales. Mon objectif est de sensibiliser et d'encourager l'engagement communautaire \u00e0 travers mes articles.\",\"sameAs\":[\"https:\/\/vieassociative.be\/\"]}]}<\/script>\n<!-- \/ Yoast SEO plugin. -->","yoast_head_json":{"title":"Vous pouvez obtenir ces \u00e9couteurs Beats Powerbeats Fit en vente \u00e0 37 % de r\u00e9duction d\u00e8s maintenant | Vie Associative","robots":{"index":"index","follow":"follow","max-snippet":"max-snippet:-1","max-image-preview":"max-image-preview:large","max-video-preview":"max-video-preview:-1"},"canonical":"https:\/\/vieassociative.be\/actualites\/vous-pouvez-obtenir-ces-ecouteurs-beats-powerbeats-fit-en-vente-a-37-de-reduction-des-maintenant\/","og_locale":"fr_FR","og_type":"article","og_title":"Vous pouvez obtenir ces \u00e9couteurs Beats Powerbeats Fit en vente \u00e0 37 % de r\u00e9duction d\u00e8s maintenant | Vie Associative","og_description":"Nous pouvons gagner une commission sur les liens sur cette page. Les prix et la disponibilit\u00e9 de l&rsquo;offre sont sujets \u00e0 changement apr\u00e8s la publication.","og_url":"https:\/\/vieassociative.be\/actualites\/vous-pouvez-obtenir-ces-ecouteurs-beats-powerbeats-fit-en-vente-a-37-de-reduction-des-maintenant\/","og_site_name":"Vie Associative","article_published_time":"2026-03-31T08:17:41+00:00","og_image":[{"width":279,"height":92,"url":"https:\/\/vieassociative.be\/actualites\/wp-content\/uploads\/2024\/09\/header_backgroundk-01-e1726694325946.png","type":"image\/png"}],"author":"Julien","twitter_card":"summary_large_image","twitter_misc":{"\u00c9crit par":"Julien","Dur\u00e9e de lecture est.":"3 minutes"},"schema":{"@context":"https:\/\/schema.org","@graph":[{"@type":"Article","@id":"https:\/\/vieassociative.be\/actualites\/vous-pouvez-obtenir-ces-ecouteurs-beats-powerbeats-fit-en-vente-a-37-de-reduction-des-maintenant\/#article","isPartOf":{"@id":"https:\/\/vieassociative.be\/actualites\/vous-pouvez-obtenir-ces-ecouteurs-beats-powerbeats-fit-en-vente-a-37-de-reduction-des-maintenant\/"},"author":{"name":"Julien","@id":"https:\/\/vieassociative.be\/actualites\/#\/schema\/person\/b87ac4f82f9d4e7b7cec7395b679edc4"},"headline":"Vous pouvez obtenir ces \u00e9couteurs Beats Powerbeats Fit en vente \u00e0 37 % de r\u00e9duction d\u00e8s maintenant","datePublished":"2026-03-31T08:17:41+00:00","dateModified":"2026-03-31T08:17:41+00:00","mainEntityOfPage":{"@id":"https:\/\/vieassociative.be\/actualites\/vous-pouvez-obtenir-ces-ecouteurs-beats-powerbeats-fit-en-vente-a-37-de-reduction-des-maintenant\/"},"wordCount":665,"publisher":{"@id":"https:\/\/vieassociative.be\/actualites\/#organization"},"image":{"@id":"https:\/\/vieassociative.be\/actualites\/vous-pouvez-obtenir-ces-ecouteurs-beats-powerbeats-fit-en-vente-a-37-de-reduction-des-maintenant\/#primaryimage"},"thumbnailUrl":"https:\/\/vieassociative.be\/actualites\/wp-content\/uploads\/2026\/03\/Vous-pouvez-obtenir-ces-ecouteurs-Beats-Powerbeats-Fit-en-vente.png","keywords":["Beats","ces","Des","\u00e9couteurs","Fit","maintenant","obtenir","pouvez","Powerbeats","r\u00e9duction","vente","Vous"],"articleSection":["Technologie"],"inLanguage":"fr-BE"},{"@type":"WebPage","@id":"https:\/\/vieassociative.be\/actualites\/vous-pouvez-obtenir-ces-ecouteurs-beats-powerbeats-fit-en-vente-a-37-de-reduction-des-maintenant\/","url":"https:\/\/vieassociative.be\/actualites\/vous-pouvez-obtenir-ces-ecouteurs-beats-powerbeats-fit-en-vente-a-37-de-reduction-des-maintenant\/","name":"Vous pouvez obtenir ces \u00e9couteurs Beats Powerbeats Fit en vente \u00e0 37 % de r\u00e9duction d\u00e8s maintenant | Vie Associative","isPartOf":{"@id":"https:\/\/vieassociative.be\/actualites\/#website"},"primaryImageOfPage":{"@id":"https:\/\/vieassociative.be\/actualites\/vous-pouvez-obtenir-ces-ecouteurs-beats-powerbeats-fit-en-vente-a-37-de-reduction-des-maintenant\/#primaryimage"},"image":{"@id":"https:\/\/vieassociative.be\/actualites\/vous-pouvez-obtenir-ces-ecouteurs-beats-powerbeats-fit-en-vente-a-37-de-reduction-des-maintenant\/#primaryimage"},"thumbnailUrl":"https:\/\/vieassociative.be\/actualites\/wp-content\/uploads\/2026\/03\/Vous-pouvez-obtenir-ces-ecouteurs-Beats-Powerbeats-Fit-en-vente.png","datePublished":"2026-03-31T08:17:41+00:00","dateModified":"2026-03-31T08:17:41+00:00","breadcrumb":{"@id":"https:\/\/vieassociative.be\/actualites\/vous-pouvez-obtenir-ces-ecouteurs-beats-powerbeats-fit-en-vente-a-37-de-reduction-des-maintenant\/#breadcrumb"},"inLanguage":"fr-BE","potentialAction":[{"@type":"ReadAction","target":["https:\/\/vieassociative.be\/actualites\/vous-pouvez-obtenir-ces-ecouteurs-beats-powerbeats-fit-en-vente-a-37-de-reduction-des-maintenant\/"]}]},{"@type":"ImageObject","inLanguage":"fr-BE","@id":"https:\/\/vieassociative.be\/actualites\/vous-pouvez-obtenir-ces-ecouteurs-beats-powerbeats-fit-en-vente-a-37-de-reduction-des-maintenant\/#primaryimage","url":"https:\/\/vieassociative.be\/actualites\/wp-content\/uploads\/2026\/03\/Vous-pouvez-obtenir-ces-ecouteurs-Beats-Powerbeats-Fit-en-vente.png","contentUrl":"https:\/\/vieassociative.be\/actualites\/wp-content\/uploads\/2026\/03\/Vous-pouvez-obtenir-ces-ecouteurs-Beats-Powerbeats-Fit-en-vente.png","width":1200,"height":675,"caption":"Vous pouvez obtenir ces \u00e9couteurs Beats Powerbeats Fit en vente \u00e0 37 % de r\u00e9duction d\u00e8s maintenant"},{"@type":"BreadcrumbList","@id":"https:\/\/vieassociative.be\/actualites\/vous-pouvez-obtenir-ces-ecouteurs-beats-powerbeats-fit-en-vente-a-37-de-reduction-des-maintenant\/#breadcrumb","itemListElement":[{"@type":"ListItem","position":1,"name":"Accueil","item":"https:\/\/vieassociative.be\/actualites\/"},{"@type":"ListItem","position":2,"name":"Vous pouvez obtenir ces \u00e9couteurs Beats Powerbeats Fit en vente \u00e0 37 % de r\u00e9duction d\u00e8s maintenant"}]},{"@type":"WebSite","@id":"https:\/\/vieassociative.be\/actualites\/#website","url":"https:\/\/vieassociative.be\/actualites\/","name":"Vie Associative","description":"","publisher":{"@id":"https:\/\/vieassociative.be\/actualites\/#organization"},"potentialAction":[{"@type":"SearchAction","target":{"@type":"EntryPoint","urlTemplate":"https:\/\/vieassociative.be\/actualites\/?s={search_term_string}"},"query-input":{"@type":"PropertyValueSpecification","valueRequired":true,"valueName":"search_term_string"}}],"inLanguage":"fr-BE"},{"@type":"Organization","@id":"https:\/\/vieassociative.be\/actualites\/#organization","name":"Vie Associative","url":"https:\/\/vieassociative.be\/actualites\/","logo":{"@type":"ImageObject","inLanguage":"fr-BE","@id":"https:\/\/vieassociative.be\/actualites\/#\/schema\/logo\/image\/","url":"https:\/\/vieassociative.be\/actualites\/wp-content\/uploads\/2024\/09\/cropped-vieassociative_favicon.ico.png","contentUrl":"https:\/\/vieassociative.be\/actualites\/wp-content\/uploads\/2024\/09\/cropped-vieassociative_favicon.ico.png","width":512,"height":512,"caption":"Vie Associative"},"image":{"@id":"https:\/\/vieassociative.be\/actualites\/#\/schema\/logo\/image\/"}},{"@type":"Person","@id":"https:\/\/vieassociative.be\/actualites\/#\/schema\/person\/b87ac4f82f9d4e7b7cec7395b679edc4","name":"Julien","image":{"@type":"ImageObject","inLanguage":"fr-BE","@id":"https:\/\/vieassociative.be\/actualites\/#\/schema\/person\/image\/","url":"https:\/\/vieassociative.be\/actualites\/wp-content\/uploads\/2024\/09\/vie-associative-1-150x150.jpg","contentUrl":"https:\/\/vieassociative.be\/actualites\/wp-content\/uploads\/2024\/09\/vie-associative-1-150x150.jpg","caption":"Julien"},"description":"Je suis Julien, r\u00e9dacteur pour Vie Associative. Passionn\u00e9 par le monde associatif depuis plus de 10 ans, j'ai \u00e0 c\u0153ur de partager des histoires inspirantes et de mettre en lumi\u00e8re les initiatives locales. Mon objectif est de sensibiliser et d'encourager l'engagement communautaire \u00e0 travers mes articles.","sameAs":["https:\/\/vieassociative.be\/"]}]}},"_links":{"self":[{"href":"https:\/\/vieassociative.be\/actualites\/wp-json\/wp\/v2\/posts\/13256"}],"collection":[{"href":"https:\/\/vieassociative.be\/actualites\/wp-json\/wp\/v2\/posts"}],"about":[{"href":"https:\/\/vieassociative.be\/actualites\/wp-json\/wp\/v2\/types\/post"}],"author":[{"embeddable":true,"href":"https:\/\/vieassociative.be\/actualites\/wp-json\/wp\/v2\/users\/1"}],"replies":[{"embeddable":true,"href":"https:\/\/vieassociative.be\/actualites\/wp-json\/wp\/v2\/comments?post=13256"}],"version-history":[{"count":0,"href":"https:\/\/vieassociative.be\/actualites\/wp-json\/wp\/v2\/posts\/13256\/revisions"}],"wp:featuredmedia":[{"embeddable":true,"href":"https:\/\/vieassociative.be\/actualites\/wp-json\/wp\/v2\/media\/13257"}],"wp:attachment":[{"href":"https:\/\/vieassociative.be\/actualites\/wp-json\/wp\/v2\/media?parent=13256"}],"wp:term":[{"taxonomy":"category","embeddable":true,"href":"https:\/\/vieassociative.be\/actualites\/wp-json\/wp\/v2\/categories?post=13256"},{"taxonomy":"post_tag","embeddable":true,"href":"https:\/\/vieassociative.be\/actualites\/wp-json\/wp\/v2\/tags?post=13256"}],"curies":[{"name":"wp","href":"https:\/\/api.w.org\/{rel}","templated":true}]}}