{"id":13254,"date":"2026-03-31T04:17:48","date_gmt":"2026-03-31T02:17:48","guid":{"rendered":"https:\/\/vieassociative.be\/actualites\/vous-pouvez-obtenir-cet-ipad-11-pouces-2025-avec-cellulaire-en-vente-pour-seulement-360-des-maintenant\/"},"modified":"2026-03-31T04:17:48","modified_gmt":"2026-03-31T02:17:48","slug":"vous-pouvez-obtenir-cet-ipad-11-pouces-2025-avec-cellulaire-en-vente-pour-seulement-360-des-maintenant","status":"publish","type":"post","link":"https:\/\/vieassociative.be\/actualites\/vous-pouvez-obtenir-cet-ipad-11-pouces-2025-avec-cellulaire-en-vente-pour-seulement-360-des-maintenant\/","title":{"rendered":"Vous pouvez obtenir cet iPad 11 pouces 2025 avec cellulaire en vente pour seulement 360 $ d\u00e8s maintenant"},"content":{"rendered":"<p>Nous pouvons gagner une commission sur les liens sur cette page. Les prix et la disponibilit\u00e9 de l&rsquo;offre sont sujets \u00e0 changement apr\u00e8s la publication.<\/p>\n<p>L&rsquo;iPad 11 pouces d&rsquo;Apple (2025) se vend g\u00e9n\u00e9ralement autour de 499 $, mais StackSocial propose actuellement des iPad 11 pouces remis \u00e0 neuf avec wifi et cellulaire en vente pour seulement 359,97 $ en ce moment. Cette liste porte une note de remise \u00e0 neuf de cat\u00e9gorie A, ce qui signifie que la tablette ne devrait pr\u00e9senter que peu ou pas d&rsquo;usure cosm\u00e9tique et a \u00e9t\u00e9 autoris\u00e9e \u00e0 fonctionner comme neuve. \u00c0 ce prix, vous obtenez la tablette, un chargeur et un c\u00e2ble de chargement, mais les accessoires comme l&rsquo;Apple Pencil ou le Magic Keyboard ne sont pas inclus, donc toute personne envisageant d&rsquo;utiliser la tablette pour dessiner ou taper lourdement devra pr\u00e9voir un budget pour ceux-ci s\u00e9par\u00e9ment. N\u00e9anmoins, des listes remises \u00e0 neuf comme celle-ci peuvent rendre le mat\u00e9riel Apple plus r\u00e9cent plus facile \u00e0 justifier, en particulier lorsque les composants de performance de base sont encore r\u00e9cents.<\/p>\n<p>\u00c0 l\u2019int\u00e9rieur, la tablette fonctionne sur la puce A16 d\u2019Apple avec 6 Go de RAM. Au quotidien, cette combinaison permet \u00e0 la tablette de rester r\u00e9active lors des t\u00e2ches courantes. Le basculement entre Safari, une application de prise de notes ou un flux vid\u00e9o a tendance \u00e0 rester fluide, et les applications se rechargent rarement lorsque vous passez de l&rsquo;une \u00e0 l&rsquo;autre. De plus, son \u00e9cran Liquid Retina de 11 pouces offre une r\u00e9solution de 1 640 x 2 360 avec prise en charge True Tone, de sorte que le texte reste net et les couleurs s&rsquo;adaptent l\u00e9g\u00e8rement \u00e0 l&rsquo;\u00e9clairage ambiant. La tablette comprend 128 Go de stockage, ce qui est suffisant pour les applications, les documents et les \u00e9missions t\u00e9l\u00e9charg\u00e9es, m\u00eame si les personnes qui stockent de grands projets vid\u00e9o ou des biblioth\u00e8ques de jeux peuvent atteindre la limite plus t\u00f4t. En ce qui concerne ses cam\u00e9ras, il existe un objectif arri\u00e8re de 12 m\u00e9gapixels qui fonctionne bien pour num\u00e9riser des documents ou prendre des photos rapides, et une cam\u00e9ra frontale de 12 m\u00e9gapixels qui prend en charge la fonction Center Stage d&rsquo;Apple, qui vous maintient automatiquement cadr\u00e9 pendant les appels vid\u00e9o.<\/p>\n<p>La connectivit\u00e9 cellulaire distingue ce mod\u00e8le des iPad standard uniquement Wi-Fi. Puisqu&rsquo;il prend en charge une eSIM, vous pouvez activer un forfait de donn\u00e9es mobiles et rester en ligne m\u00eame lorsque vous \u00eates loin des r\u00e9seaux domestiques, ce qui peut faire la diff\u00e9rence si vous voyagez fr\u00e9quemment, si vous travaillez dans un caf\u00e9 ou si vous souhaitez simplement une connexion fiable en d\u00e9placement sans d\u00e9pendre du wifi public. Apple estime jusqu&rsquo;\u00e0 10 heures d&rsquo;autonomie en naviguant via wifi et un peu moins (environ neuf heures) en utilisant des donn\u00e9es cellulaires. La tablette prend \u00e9galement en charge le Wi-Fi 6, le Bluetooth 5.3, le chargement USB-C et Touch ID pour le d\u00e9verrouillage. Dans l\u2019ensemble, cet iPad 11 pouces 2025 est un excellent achat \u00e0 ce prix pour la lecture, le streaming, la prise de notes et la productivit\u00e9 quotidienne.<\/p>\n<hr>\n<div class=\" relative flex justify-center py-16 md:left-1\/2 md:w-(780px) md:max-w-max md:-translate-x-1\/2\">\n<div class=\"w-max text-center sm:text-left\">\n<div class=\"custom-gradient-background mb-6 rounded-md p-(2px) sm:rounded-tl-none\">\n<div class=\"flex flex-col rounded bg-white sm:rounded-tl-none\">\n                    <span class=\"-mt-4 block w-fit max-w-(calc(100%-1rem)) self-center bg-white px-3 text-center font-akshar text-xl font-medium capitalize text-gray-800 sm:max-w-(calc(100%-2.5rem)) sm:self-start sm:px-10 sm:text-left sm:text-2xl\">Nos meilleures offres technologiques approuv\u00e9es par les \u00e9diteurs en ce moment<\/span><\/p>\n<div class=\"flex flex-col gap-3 p-3 pb-4 text-sm sm:p-10 sm:pt-6 sm:text-justify sm:text-base\">\n<div>\n<p>    \u00c9couteurs sans fil Apple AirPods Pro 3 \u00e0 r\u00e9duction de bruit et fr\u00e9quence cardiaque<\/p>\n<p>                                <span class=\"text-black\"><br \/>\n                                    \u2014<br \/>\n                                    <span class=\"font-bold\">199,00\u00a0$<\/span><br \/>\n                                    <span class=\"!text-xs italic sm:!text-sm\"><\/p>\n<p>                                        (Prix catalogue 249,00 $)<br \/>\n                                    <\/span><br \/>\n                                <\/span>\n                            <\/div>\n<div>\n<p>    Apple iPad 11&Prime; 128 Go A16 WiFi Tablette (Bleu, 2025)<\/p>\n<p>                                <span class=\"text-black\"><br \/>\n                                    \u2014<br \/>\n                                    <span class=\"font-bold\">299,00\u00a0$<\/span><br \/>\n                                    <span class=\"!text-xs italic sm:!text-sm\"><\/p>\n<p>                                        (Prix catalogue 349,00 $)<br \/>\n                                    <\/span><br \/>\n                                <\/span>\n                            <\/div>\n<div>\n<p>    Tablette Samsung Galaxy Tab A11+ 128 Go Wi-Fi 11&Prime; (Gris)<\/p>\n<p>                                <span class=\"text-black\"><br \/>\n                                    \u2014<br \/>\n                                    <span class=\"font-bold\">202,00\u00a0$<\/span><br \/>\n                                    <span class=\"!text-xs italic sm:!text-sm\"><\/p>\n<p>                                        (Prix catalogue 249,99 $)<br \/>\n                                    <\/span><br \/>\n                                <\/span>\n                            <\/div>\n<div>\n<p>    Sony WH1000XM6 \u2013 Meilleur casque sans fil \u00e0 r\u00e9duction de bruit<\/p>\n<p>                                <span class=\"text-black\"><br \/>\n                                    \u2014<br \/>\n                                    <span class=\"font-bold\">398,00\u00a0$<\/span><br \/>\n                                    <span class=\"!text-xs italic sm:!text-sm\"><\/p>\n<p>                                        (Prix catalogue 459,99 $)<br \/>\n                                    <\/span><br \/>\n                                <\/span>\n                            <\/div>\n<div>\n<p>    Apple Watch Series 11 (GPS, 42 mm, bracelet sport noir S\/M)<\/p>\n<p>                                <span class=\"text-black\"><br \/>\n                                    \u2014<br \/>\n                                    <span class=\"font-bold\">299,00\u00a0$<\/span><br \/>\n                                    <span class=\"!text-xs italic sm:!text-sm\"><\/p>\n<p>                                        (Prix catalogue 399,00 $)<br \/>\n                                    <\/span><br \/>\n                                <\/span>\n                            <\/div>\n<div>\n<p>    Sonnette vid\u00e9o sans fil Blink (mod\u00e8le le plus r\u00e9cent) + module de synchronisation<\/p>\n<p>                                <span class=\"text-black\"><br \/>\n                                    \u2014<br \/>\n                                    <span class=\"font-bold\">35,99\u00a0$<\/span><br \/>\n                                    <span class=\"!text-xs italic sm:!text-sm\"><\/p>\n<p>                                        (Prix catalogue 69,99 $)<br \/>\n                                    <\/span><br \/>\n                                <\/span>\n                            <\/div>\n<div>\n<p>    Lecteur de streaming Fire TV Stick 4K Max avec t\u00e9l\u00e9commande<\/p>\n<p>                                <span class=\"text-black\"><br \/>\n                                    \u2014<br \/>\n                                    <span class=\"font-bold\">34,99\u00a0$<\/span><br \/>\n                                    <span class=\"!text-xs italic sm:!text-sm\"><\/p>\n<p>                                        (Prix catalogue 59,99 $)<br \/>\n                                    <\/span><br \/>\n                                <\/span>\n                            <\/div>\n<div>\n<p>    Amazon Kindle Colorsoft 16 Go 7&Prime; eReader (Noir)<\/p>\n<p>                                <span class=\"text-black\"><br \/>\n                                    \u2014<br \/>\n                                    <span class=\"font-bold\">169,99\u00a0$<\/span><br \/>\n                                    <span class=\"!text-xs italic sm:!text-sm\"><\/p>\n<p>                                        (Prix catalogue 249,99 $)<br \/>\n                                    <\/span><br \/>\n                                <\/span>\n                            <\/div>\n<\/p><\/div>\n<\/p><\/div>\n<\/p><\/div>\n<div class=\"flex flex-col items-center justify-between text-black sm:flex-row sm:px-6\">\n                <span class=\"text-xs italic sm:ml-7 sm:text-sm\">Les offres sont s\u00e9lectionn\u00e9es par notre \u00e9quipe commerciale<\/span><\/p><\/div>\n<\/p><\/div>\n<\/p><\/div>\n","protected":false},"excerpt":{"rendered":"<p>Nous pouvons gagner une commission sur les liens sur cette page. Les prix et la disponibilit\u00e9 de l&rsquo;offre sont sujets \u00e0 changement apr\u00e8s la publication.<\/p>\n","protected":false},"author":1,"featured_media":13255,"comment_status":"","ping_status":"","sticky":false,"template":"","format":"standard","meta":{"footnotes":""},"categories":[10230],"tags":[61,10390,216,29,1915,233,227,1980,81,5,2583,223,4],"class_list":["post-13254","post","type-post","status-publish","format-standard","has-post-thumbnail","hentry","category-apple","tag-avec","tag-cellulaire","tag-cet","tag-des","tag-ipad","tag-maintenant","tag-obtenir","tag-pouces","tag-pour","tag-pouvez","tag-seulement","tag-vente","tag-vous","generate-columns","tablet-grid-50","mobile-grid-100","grid-parent","grid-33"],"yoast_head":"<!-- This site is optimized with the Yoast SEO plugin v24.0 - https:\/\/yoast.com\/wordpress\/plugins\/seo\/ -->\n<title>Vous pouvez obtenir cet iPad 11 pouces 2025 avec cellulaire en vente pour seulement 360 $ d\u00e8s maintenant | Vie Associative<\/title>\n<meta name=\"robots\" content=\"index, follow, max-snippet:-1, max-image-preview:large, max-video-preview:-1\" \/>\n<link rel=\"canonical\" href=\"https:\/\/vieassociative.be\/actualites\/vous-pouvez-obtenir-cet-ipad-11-pouces-2025-avec-cellulaire-en-vente-pour-seulement-360-des-maintenant\/\" \/>\n<meta property=\"og:locale\" content=\"fr_FR\" \/>\n<meta property=\"og:type\" content=\"article\" \/>\n<meta property=\"og:title\" content=\"Vous pouvez obtenir cet iPad 11 pouces 2025 avec cellulaire en vente pour seulement 360 $ d\u00e8s maintenant | Vie Associative\" \/>\n<meta property=\"og:description\" content=\"Nous pouvons gagner une commission sur les liens sur cette page. Les prix et la disponibilit\u00e9 de l&rsquo;offre sont sujets \u00e0 changement apr\u00e8s la publication.\" \/>\n<meta property=\"og:url\" content=\"https:\/\/vieassociative.be\/actualites\/vous-pouvez-obtenir-cet-ipad-11-pouces-2025-avec-cellulaire-en-vente-pour-seulement-360-des-maintenant\/\" \/>\n<meta property=\"og:site_name\" content=\"Vie Associative\" \/>\n<meta property=\"article:published_time\" content=\"2026-03-31T02:17:48+00:00\" \/>\n<meta property=\"og:image\" content=\"https:\/\/vieassociative.be\/actualites\/wp-content\/uploads\/2024\/09\/header_backgroundk-01-e1726694325946.png\" \/>\n\t<meta property=\"og:image:width\" content=\"279\" \/>\n\t<meta property=\"og:image:height\" content=\"92\" \/>\n\t<meta property=\"og:image:type\" content=\"image\/png\" \/>\n<meta name=\"author\" content=\"Julien\" \/>\n<meta name=\"twitter:card\" content=\"summary_large_image\" \/>\n<meta name=\"twitter:label1\" content=\"\u00c9crit par\" \/>\n\t<meta name=\"twitter:data1\" content=\"Julien\" \/>\n\t<meta name=\"twitter:label2\" content=\"Dur\u00e9e de lecture est.\" \/>\n\t<meta name=\"twitter:data2\" content=\"3 minutes\" \/>\n<script type=\"application\/ld+json\" class=\"yoast-schema-graph\">{\"@context\":\"https:\/\/schema.org\",\"@graph\":[{\"@type\":\"Article\",\"@id\":\"https:\/\/vieassociative.be\/actualites\/vous-pouvez-obtenir-cet-ipad-11-pouces-2025-avec-cellulaire-en-vente-pour-seulement-360-des-maintenant\/#article\",\"isPartOf\":{\"@id\":\"https:\/\/vieassociative.be\/actualites\/vous-pouvez-obtenir-cet-ipad-11-pouces-2025-avec-cellulaire-en-vente-pour-seulement-360-des-maintenant\/\"},\"author\":{\"name\":\"Julien\",\"@id\":\"https:\/\/vieassociative.be\/actualites\/#\/schema\/person\/b87ac4f82f9d4e7b7cec7395b679edc4\"},\"headline\":\"Vous pouvez obtenir cet iPad 11 pouces 2025 avec cellulaire en vente pour seulement 360 $ d\u00e8s maintenant\",\"datePublished\":\"2026-03-31T02:17:48+00:00\",\"dateModified\":\"2026-03-31T02:17:48+00:00\",\"mainEntityOfPage\":{\"@id\":\"https:\/\/vieassociative.be\/actualites\/vous-pouvez-obtenir-cet-ipad-11-pouces-2025-avec-cellulaire-en-vente-pour-seulement-360-des-maintenant\/\"},\"wordCount\":669,\"publisher\":{\"@id\":\"https:\/\/vieassociative.be\/actualites\/#organization\"},\"image\":{\"@id\":\"https:\/\/vieassociative.be\/actualites\/vous-pouvez-obtenir-cet-ipad-11-pouces-2025-avec-cellulaire-en-vente-pour-seulement-360-des-maintenant\/#primaryimage\"},\"thumbnailUrl\":\"https:\/\/vieassociative.be\/actualites\/wp-content\/uploads\/2026\/03\/Vous-pouvez-obtenir-cet-iPad-11-pouces-2025-avec-cellulaire.png\",\"keywords\":[\"avec\",\"cellulaire\",\"cet\",\"Des\",\"iPad\",\"maintenant\",\"obtenir\",\"pouces\",\"pour\",\"pouvez\",\"seulement\",\"vente\",\"Vous\"],\"articleSection\":[\"Apple\"],\"inLanguage\":\"fr-BE\"},{\"@type\":\"WebPage\",\"@id\":\"https:\/\/vieassociative.be\/actualites\/vous-pouvez-obtenir-cet-ipad-11-pouces-2025-avec-cellulaire-en-vente-pour-seulement-360-des-maintenant\/\",\"url\":\"https:\/\/vieassociative.be\/actualites\/vous-pouvez-obtenir-cet-ipad-11-pouces-2025-avec-cellulaire-en-vente-pour-seulement-360-des-maintenant\/\",\"name\":\"Vous pouvez obtenir cet iPad 11 pouces 2025 avec cellulaire en vente pour seulement 360 $ d\u00e8s maintenant | Vie Associative\",\"isPartOf\":{\"@id\":\"https:\/\/vieassociative.be\/actualites\/#website\"},\"primaryImageOfPage\":{\"@id\":\"https:\/\/vieassociative.be\/actualites\/vous-pouvez-obtenir-cet-ipad-11-pouces-2025-avec-cellulaire-en-vente-pour-seulement-360-des-maintenant\/#primaryimage\"},\"image\":{\"@id\":\"https:\/\/vieassociative.be\/actualites\/vous-pouvez-obtenir-cet-ipad-11-pouces-2025-avec-cellulaire-en-vente-pour-seulement-360-des-maintenant\/#primaryimage\"},\"thumbnailUrl\":\"https:\/\/vieassociative.be\/actualites\/wp-content\/uploads\/2026\/03\/Vous-pouvez-obtenir-cet-iPad-11-pouces-2025-avec-cellulaire.png\",\"datePublished\":\"2026-03-31T02:17:48+00:00\",\"dateModified\":\"2026-03-31T02:17:48+00:00\",\"breadcrumb\":{\"@id\":\"https:\/\/vieassociative.be\/actualites\/vous-pouvez-obtenir-cet-ipad-11-pouces-2025-avec-cellulaire-en-vente-pour-seulement-360-des-maintenant\/#breadcrumb\"},\"inLanguage\":\"fr-BE\",\"potentialAction\":[{\"@type\":\"ReadAction\",\"target\":[\"https:\/\/vieassociative.be\/actualites\/vous-pouvez-obtenir-cet-ipad-11-pouces-2025-avec-cellulaire-en-vente-pour-seulement-360-des-maintenant\/\"]}]},{\"@type\":\"ImageObject\",\"inLanguage\":\"fr-BE\",\"@id\":\"https:\/\/vieassociative.be\/actualites\/vous-pouvez-obtenir-cet-ipad-11-pouces-2025-avec-cellulaire-en-vente-pour-seulement-360-des-maintenant\/#primaryimage\",\"url\":\"https:\/\/vieassociative.be\/actualites\/wp-content\/uploads\/2026\/03\/Vous-pouvez-obtenir-cet-iPad-11-pouces-2025-avec-cellulaire.png\",\"contentUrl\":\"https:\/\/vieassociative.be\/actualites\/wp-content\/uploads\/2026\/03\/Vous-pouvez-obtenir-cet-iPad-11-pouces-2025-avec-cellulaire.png\",\"width\":1200,\"height\":675,\"caption\":\"Vous pouvez obtenir cet iPad 11 pouces 2025 avec cellulaire en vente pour seulement 360 $ d\u00e8s maintenant\"},{\"@type\":\"BreadcrumbList\",\"@id\":\"https:\/\/vieassociative.be\/actualites\/vous-pouvez-obtenir-cet-ipad-11-pouces-2025-avec-cellulaire-en-vente-pour-seulement-360-des-maintenant\/#breadcrumb\",\"itemListElement\":[{\"@type\":\"ListItem\",\"position\":1,\"name\":\"Accueil\",\"item\":\"https:\/\/vieassociative.be\/actualites\/\"},{\"@type\":\"ListItem\",\"position\":2,\"name\":\"Vous pouvez obtenir cet iPad 11 pouces 2025 avec cellulaire en vente pour seulement 360 $ d\u00e8s maintenant\"}]},{\"@type\":\"WebSite\",\"@id\":\"https:\/\/vieassociative.be\/actualites\/#website\",\"url\":\"https:\/\/vieassociative.be\/actualites\/\",\"name\":\"Vie Associative\",\"description\":\"\",\"publisher\":{\"@id\":\"https:\/\/vieassociative.be\/actualites\/#organization\"},\"potentialAction\":[{\"@type\":\"SearchAction\",\"target\":{\"@type\":\"EntryPoint\",\"urlTemplate\":\"https:\/\/vieassociative.be\/actualites\/?s={search_term_string}\"},\"query-input\":{\"@type\":\"PropertyValueSpecification\",\"valueRequired\":true,\"valueName\":\"search_term_string\"}}],\"inLanguage\":\"fr-BE\"},{\"@type\":\"Organization\",\"@id\":\"https:\/\/vieassociative.be\/actualites\/#organization\",\"name\":\"Vie Associative\",\"url\":\"https:\/\/vieassociative.be\/actualites\/\",\"logo\":{\"@type\":\"ImageObject\",\"inLanguage\":\"fr-BE\",\"@id\":\"https:\/\/vieassociative.be\/actualites\/#\/schema\/logo\/image\/\",\"url\":\"https:\/\/vieassociative.be\/actualites\/wp-content\/uploads\/2024\/09\/cropped-vieassociative_favicon.ico.png\",\"contentUrl\":\"https:\/\/vieassociative.be\/actualites\/wp-content\/uploads\/2024\/09\/cropped-vieassociative_favicon.ico.png\",\"width\":512,\"height\":512,\"caption\":\"Vie Associative\"},\"image\":{\"@id\":\"https:\/\/vieassociative.be\/actualites\/#\/schema\/logo\/image\/\"}},{\"@type\":\"Person\",\"@id\":\"https:\/\/vieassociative.be\/actualites\/#\/schema\/person\/b87ac4f82f9d4e7b7cec7395b679edc4\",\"name\":\"Julien\",\"image\":{\"@type\":\"ImageObject\",\"inLanguage\":\"fr-BE\",\"@id\":\"https:\/\/vieassociative.be\/actualites\/#\/schema\/person\/image\/\",\"url\":\"https:\/\/vieassociative.be\/actualites\/wp-content\/uploads\/2024\/09\/vie-associative-1-150x150.jpg\",\"contentUrl\":\"https:\/\/vieassociative.be\/actualites\/wp-content\/uploads\/2024\/09\/vie-associative-1-150x150.jpg\",\"caption\":\"Julien\"},\"description\":\"Je suis Julien, r\u00e9dacteur pour Vie Associative. Passionn\u00e9 par le monde associatif depuis plus de 10 ans, j'ai \u00e0 c\u0153ur de partager des histoires inspirantes et de mettre en lumi\u00e8re les initiatives locales. Mon objectif est de sensibiliser et d'encourager l'engagement communautaire \u00e0 travers mes articles.\",\"sameAs\":[\"https:\/\/vieassociative.be\/\"]}]}<\/script>\n<!-- \/ Yoast SEO plugin. -->","yoast_head_json":{"title":"Vous pouvez obtenir cet iPad 11 pouces 2025 avec cellulaire en vente pour seulement 360 $ d\u00e8s maintenant | Vie Associative","robots":{"index":"index","follow":"follow","max-snippet":"max-snippet:-1","max-image-preview":"max-image-preview:large","max-video-preview":"max-video-preview:-1"},"canonical":"https:\/\/vieassociative.be\/actualites\/vous-pouvez-obtenir-cet-ipad-11-pouces-2025-avec-cellulaire-en-vente-pour-seulement-360-des-maintenant\/","og_locale":"fr_FR","og_type":"article","og_title":"Vous pouvez obtenir cet iPad 11 pouces 2025 avec cellulaire en vente pour seulement 360 $ d\u00e8s maintenant | Vie Associative","og_description":"Nous pouvons gagner une commission sur les liens sur cette page. Les prix et la disponibilit\u00e9 de l&rsquo;offre sont sujets \u00e0 changement apr\u00e8s la publication.","og_url":"https:\/\/vieassociative.be\/actualites\/vous-pouvez-obtenir-cet-ipad-11-pouces-2025-avec-cellulaire-en-vente-pour-seulement-360-des-maintenant\/","og_site_name":"Vie Associative","article_published_time":"2026-03-31T02:17:48+00:00","og_image":[{"width":279,"height":92,"url":"https:\/\/vieassociative.be\/actualites\/wp-content\/uploads\/2024\/09\/header_backgroundk-01-e1726694325946.png","type":"image\/png"}],"author":"Julien","twitter_card":"summary_large_image","twitter_misc":{"\u00c9crit par":"Julien","Dur\u00e9e de lecture est.":"3 minutes"},"schema":{"@context":"https:\/\/schema.org","@graph":[{"@type":"Article","@id":"https:\/\/vieassociative.be\/actualites\/vous-pouvez-obtenir-cet-ipad-11-pouces-2025-avec-cellulaire-en-vente-pour-seulement-360-des-maintenant\/#article","isPartOf":{"@id":"https:\/\/vieassociative.be\/actualites\/vous-pouvez-obtenir-cet-ipad-11-pouces-2025-avec-cellulaire-en-vente-pour-seulement-360-des-maintenant\/"},"author":{"name":"Julien","@id":"https:\/\/vieassociative.be\/actualites\/#\/schema\/person\/b87ac4f82f9d4e7b7cec7395b679edc4"},"headline":"Vous pouvez obtenir cet iPad 11 pouces 2025 avec cellulaire en vente pour seulement 360 $ d\u00e8s maintenant","datePublished":"2026-03-31T02:17:48+00:00","dateModified":"2026-03-31T02:17:48+00:00","mainEntityOfPage":{"@id":"https:\/\/vieassociative.be\/actualites\/vous-pouvez-obtenir-cet-ipad-11-pouces-2025-avec-cellulaire-en-vente-pour-seulement-360-des-maintenant\/"},"wordCount":669,"publisher":{"@id":"https:\/\/vieassociative.be\/actualites\/#organization"},"image":{"@id":"https:\/\/vieassociative.be\/actualites\/vous-pouvez-obtenir-cet-ipad-11-pouces-2025-avec-cellulaire-en-vente-pour-seulement-360-des-maintenant\/#primaryimage"},"thumbnailUrl":"https:\/\/vieassociative.be\/actualites\/wp-content\/uploads\/2026\/03\/Vous-pouvez-obtenir-cet-iPad-11-pouces-2025-avec-cellulaire.png","keywords":["avec","cellulaire","cet","Des","iPad","maintenant","obtenir","pouces","pour","pouvez","seulement","vente","Vous"],"articleSection":["Apple"],"inLanguage":"fr-BE"},{"@type":"WebPage","@id":"https:\/\/vieassociative.be\/actualites\/vous-pouvez-obtenir-cet-ipad-11-pouces-2025-avec-cellulaire-en-vente-pour-seulement-360-des-maintenant\/","url":"https:\/\/vieassociative.be\/actualites\/vous-pouvez-obtenir-cet-ipad-11-pouces-2025-avec-cellulaire-en-vente-pour-seulement-360-des-maintenant\/","name":"Vous pouvez obtenir cet iPad 11 pouces 2025 avec cellulaire en vente pour seulement 360 $ d\u00e8s maintenant | Vie Associative","isPartOf":{"@id":"https:\/\/vieassociative.be\/actualites\/#website"},"primaryImageOfPage":{"@id":"https:\/\/vieassociative.be\/actualites\/vous-pouvez-obtenir-cet-ipad-11-pouces-2025-avec-cellulaire-en-vente-pour-seulement-360-des-maintenant\/#primaryimage"},"image":{"@id":"https:\/\/vieassociative.be\/actualites\/vous-pouvez-obtenir-cet-ipad-11-pouces-2025-avec-cellulaire-en-vente-pour-seulement-360-des-maintenant\/#primaryimage"},"thumbnailUrl":"https:\/\/vieassociative.be\/actualites\/wp-content\/uploads\/2026\/03\/Vous-pouvez-obtenir-cet-iPad-11-pouces-2025-avec-cellulaire.png","datePublished":"2026-03-31T02:17:48+00:00","dateModified":"2026-03-31T02:17:48+00:00","breadcrumb":{"@id":"https:\/\/vieassociative.be\/actualites\/vous-pouvez-obtenir-cet-ipad-11-pouces-2025-avec-cellulaire-en-vente-pour-seulement-360-des-maintenant\/#breadcrumb"},"inLanguage":"fr-BE","potentialAction":[{"@type":"ReadAction","target":["https:\/\/vieassociative.be\/actualites\/vous-pouvez-obtenir-cet-ipad-11-pouces-2025-avec-cellulaire-en-vente-pour-seulement-360-des-maintenant\/"]}]},{"@type":"ImageObject","inLanguage":"fr-BE","@id":"https:\/\/vieassociative.be\/actualites\/vous-pouvez-obtenir-cet-ipad-11-pouces-2025-avec-cellulaire-en-vente-pour-seulement-360-des-maintenant\/#primaryimage","url":"https:\/\/vieassociative.be\/actualites\/wp-content\/uploads\/2026\/03\/Vous-pouvez-obtenir-cet-iPad-11-pouces-2025-avec-cellulaire.png","contentUrl":"https:\/\/vieassociative.be\/actualites\/wp-content\/uploads\/2026\/03\/Vous-pouvez-obtenir-cet-iPad-11-pouces-2025-avec-cellulaire.png","width":1200,"height":675,"caption":"Vous pouvez obtenir cet iPad 11 pouces 2025 avec cellulaire en vente pour seulement 360 $ d\u00e8s maintenant"},{"@type":"BreadcrumbList","@id":"https:\/\/vieassociative.be\/actualites\/vous-pouvez-obtenir-cet-ipad-11-pouces-2025-avec-cellulaire-en-vente-pour-seulement-360-des-maintenant\/#breadcrumb","itemListElement":[{"@type":"ListItem","position":1,"name":"Accueil","item":"https:\/\/vieassociative.be\/actualites\/"},{"@type":"ListItem","position":2,"name":"Vous pouvez obtenir cet iPad 11 pouces 2025 avec cellulaire en vente pour seulement 360 $ d\u00e8s maintenant"}]},{"@type":"WebSite","@id":"https:\/\/vieassociative.be\/actualites\/#website","url":"https:\/\/vieassociative.be\/actualites\/","name":"Vie Associative","description":"","publisher":{"@id":"https:\/\/vieassociative.be\/actualites\/#organization"},"potentialAction":[{"@type":"SearchAction","target":{"@type":"EntryPoint","urlTemplate":"https:\/\/vieassociative.be\/actualites\/?s={search_term_string}"},"query-input":{"@type":"PropertyValueSpecification","valueRequired":true,"valueName":"search_term_string"}}],"inLanguage":"fr-BE"},{"@type":"Organization","@id":"https:\/\/vieassociative.be\/actualites\/#organization","name":"Vie Associative","url":"https:\/\/vieassociative.be\/actualites\/","logo":{"@type":"ImageObject","inLanguage":"fr-BE","@id":"https:\/\/vieassociative.be\/actualites\/#\/schema\/logo\/image\/","url":"https:\/\/vieassociative.be\/actualites\/wp-content\/uploads\/2024\/09\/cropped-vieassociative_favicon.ico.png","contentUrl":"https:\/\/vieassociative.be\/actualites\/wp-content\/uploads\/2024\/09\/cropped-vieassociative_favicon.ico.png","width":512,"height":512,"caption":"Vie Associative"},"image":{"@id":"https:\/\/vieassociative.be\/actualites\/#\/schema\/logo\/image\/"}},{"@type":"Person","@id":"https:\/\/vieassociative.be\/actualites\/#\/schema\/person\/b87ac4f82f9d4e7b7cec7395b679edc4","name":"Julien","image":{"@type":"ImageObject","inLanguage":"fr-BE","@id":"https:\/\/vieassociative.be\/actualites\/#\/schema\/person\/image\/","url":"https:\/\/vieassociative.be\/actualites\/wp-content\/uploads\/2024\/09\/vie-associative-1-150x150.jpg","contentUrl":"https:\/\/vieassociative.be\/actualites\/wp-content\/uploads\/2024\/09\/vie-associative-1-150x150.jpg","caption":"Julien"},"description":"Je suis Julien, r\u00e9dacteur pour Vie Associative. Passionn\u00e9 par le monde associatif depuis plus de 10 ans, j'ai \u00e0 c\u0153ur de partager des histoires inspirantes et de mettre en lumi\u00e8re les initiatives locales. Mon objectif est de sensibiliser et d'encourager l'engagement communautaire \u00e0 travers mes articles.","sameAs":["https:\/\/vieassociative.be\/"]}]}},"_links":{"self":[{"href":"https:\/\/vieassociative.be\/actualites\/wp-json\/wp\/v2\/posts\/13254"}],"collection":[{"href":"https:\/\/vieassociative.be\/actualites\/wp-json\/wp\/v2\/posts"}],"about":[{"href":"https:\/\/vieassociative.be\/actualites\/wp-json\/wp\/v2\/types\/post"}],"author":[{"embeddable":true,"href":"https:\/\/vieassociative.be\/actualites\/wp-json\/wp\/v2\/users\/1"}],"replies":[{"embeddable":true,"href":"https:\/\/vieassociative.be\/actualites\/wp-json\/wp\/v2\/comments?post=13254"}],"version-history":[{"count":0,"href":"https:\/\/vieassociative.be\/actualites\/wp-json\/wp\/v2\/posts\/13254\/revisions"}],"wp:featuredmedia":[{"embeddable":true,"href":"https:\/\/vieassociative.be\/actualites\/wp-json\/wp\/v2\/media\/13255"}],"wp:attachment":[{"href":"https:\/\/vieassociative.be\/actualites\/wp-json\/wp\/v2\/media?parent=13254"}],"wp:term":[{"taxonomy":"category","embeddable":true,"href":"https:\/\/vieassociative.be\/actualites\/wp-json\/wp\/v2\/categories?post=13254"},{"taxonomy":"post_tag","embeddable":true,"href":"https:\/\/vieassociative.be\/actualites\/wp-json\/wp\/v2\/tags?post=13254"}],"curies":[{"name":"wp","href":"https:\/\/api.w.org\/{rel}","templated":true}]}}