{"id":13252,"date":"2026-03-30T23:18:06","date_gmt":"2026-03-30T21:18:06","guid":{"rendered":"https:\/\/vieassociative.be\/actualites\/elections-en-hongrie-si-orban-perdait-les-bouchons-de-champagne-eclateraient-a-lue-a-bruxelles\/"},"modified":"2026-03-30T23:18:06","modified_gmt":"2026-03-30T21:18:06","slug":"elections-en-hongrie-si-orban-perdait-les-bouchons-de-champagne-eclateraient-a-lue-a-bruxelles","status":"publish","type":"post","link":"https:\/\/vieassociative.be\/actualites\/elections-en-hongrie-si-orban-perdait-les-bouchons-de-champagne-eclateraient-a-lue-a-bruxelles\/","title":{"rendered":"\u00c9lections en Hongrie : si Orban perdait, les bouchons de champagne \u00e9clateraient \u00e0 l&rsquo;UE \u00e0 Bruxelles"},"content":{"rendered":"<p><strong>Les \u00e9lections l\u00e9gislatives du 12 avril 2026 en Hongrie repr\u00e9sentent une \u00e9tape cruciale dans l&rsquo;\u00e9volution politique du pays. Pour la premi\u00e8re fois depuis l\u2019arriv\u00e9e au pouvoir de Viktor Orban en 2010, un changement de gouvernement semble r\u00e9aliste. Le vote est donc interpr\u00e9t\u00e9 comme une d\u00e9cision directionnelle tant en termes de politique int\u00e9rieure que dans le contexte europ\u00e9en.<\/strong><\/p>\n<p><span id=\"more-438033\"><\/span>L&rsquo;\u00e9lection est suivie avec une attention particuli\u00e8re \u00e0 Bruxelles : il n&rsquo;est pas rare d&rsquo;entendre \u00e0 huis clos que si Viktor Orban perdait, les bouchons de champagne \u00e9clateraient litt\u00e9ralement.<\/p>\n<p>En fait, un changement de gouvernement semble r\u00e9aliste pour la premi\u00e8re fois depuis son arriv\u00e9e au pouvoir en 2010. Le vote est donc interpr\u00e9t\u00e9 comme une d\u00e9cision directionnelle tant en termes de politique int\u00e9rieure que dans le contexte europ\u00e9en.<\/p>\n<div id=\"attachment_438036\" class=\"wp-caption alignleft\" style=\"max-width: 300px\"><img fetchpriority=\"high\" decoding=\"async\" class=\"wp-image-438036 size-medium\" src=\"https:\/\/vieassociative.be\/actualites\/wp-content\/uploads\/2026\/03\/Elections-en-Hongrie-si-Orban-perdait-les-bouchons-de.jpg\" alt=\"\" width=\"300\" height=\"200\"><\/div>\n<p><strong>\u2013 Majorit\u00e9s disproportionn\u00e9es :<\/strong> Le syst\u00e8me \u00e9lectoral hongrois combine repr\u00e9sentation majoritaire et proportionnelle et favorise structurellement les grands partis bien organis\u00e9s. Sur les 199 si\u00e8ges parlementaires, 106 sont attribu\u00e9s dans des circonscriptions uninominales sur la base de la majorit\u00e9 relative, tandis que 93 mandats sont r\u00e9partis proportionnellement via des listes nationales de partis.<\/p>\n<p>Dans le pass\u00e9, ce syst\u00e8me a jou\u00e9 un r\u00f4le cl\u00e9 en permettant au parti au pouvoir, le Fidesz, d&rsquo;obtenir \u00e0 plusieurs reprises des majorit\u00e9s disproportionn\u00e9es, m\u00eame lorsque sa part des voix \u00e9tait inf\u00e9rieure \u00e0 la majorit\u00e9 absolue.<\/p>\n<p>Un regard sur les \u00e9lections depuis 2010 illustre cette dynamique. Lors des \u00e9lections l\u00e9gislatives de 2010, le Fidesz dirig\u00e9 par Orban a obtenu pour la premi\u00e8re fois une majorit\u00e9 des deux tiers, ce qui a permis au gouvernement d&rsquo;op\u00e9rer des changements institutionnels et constitutionnels de grande envergure.<\/p>\n<p>Le Fidesz a \u00e9galement pu d\u00e9fendre cette majorit\u00e9 constitutionnelle lors des \u00e9lections suivantes en 2014 et 2018, m\u00eame si la part des voix a partiellement diminu\u00e9. M\u00eame lors des \u00e9lections de 2022, lorsque l\u2019opposition s\u2019est pr\u00e9sent\u00e9e pour la premi\u00e8re fois au sein d\u2019une large alliance, Orban a une fois de plus remport\u00e9 une nette victoire.<\/p>\n<p>Cette s\u00e9rie de succ\u00e8s \u00e9lectoraux est due non seulement au soutien politique, mais aussi \u00e0 la fragmentation de l&rsquo;opposition et aux avantages syst\u00e9miques du droit de vote, en particulier dans les circonscriptions rurales.<\/p>\n<div id=\"attachment_389914\" class=\"wp-caption alignleft\" style=\"max-width: 300px\"><img decoding=\"async\" class=\"wp-image-389914 size-medium\" src=\"https:\/\/vieassociative.be\/actualites\/wp-content\/uploads\/2026\/03\/1774905486_422_Elections-en-Hongrie-si-Orban-perdait-les-bouchons-de.jpg\" alt=\"\" width=\"300\" height=\"150\"  ><\/div>\n<p><strong>\u2013 Opposition cette fois une force relativement unie :<\/strong> En 2026, la situation de d\u00e9part est cependant diff\u00e9rente : la comp\u00e9tition politique ne sera plus caract\u00e9ris\u00e9e par une alliance d\u2019opposition h\u00e9t\u00e9rog\u00e8ne, mais par une nouvelle force relativement unifi\u00e9e : le parti Tisza dirig\u00e9 par Peter Magyar.<\/p>\n<p>En tant qu&rsquo;ancien membre du gouvernement, Magyar jouit d&rsquo;une cr\u00e9dibilit\u00e9 aupr\u00e8s des \u00e9lecteurs conservateurs tout en attirant les milieux urbains et pro-europ\u00e9ens. Cette combinaison pourrait partiellement surmonter la fracture traditionnelle entre zones urbaines et zones rurales qui a constitu\u00e9 un avantage cl\u00e9 pour le Fidesz lors des \u00e9lections pr\u00e9c\u00e9dentes.<\/p>\n<p>L\u2019\u00e9volution \u00e0 long terme depuis 2010 montre \u00e9galement que la domination politique d\u2019Orban repose sur plusieurs piliers : une forte pr\u00e9sence organisationnelle dans les zones rurales, un r\u00e9cit politique clair (souverainet\u00e9, migration, identit\u00e9 nationale) et une transformation progressive des institutions \u00e9tatiques.<\/p>\n<p>Parall\u00e8lement, des signes de fatigue sont \u00e9galement devenus perceptibles au fil des ann\u00e9es. Les d\u00e9fis \u00e9conomiques, en particulier les p\u00e9riodes de forte inflation et de croissance stagnante, ainsi que les all\u00e9gations r\u00e9currentes de corruption, ont partiellement affaibli la confiance dans le gouvernement. Dans ce contexte, l\u2019Union europ\u00e9enne accorde \u00e9galement une attention consid\u00e9rable aux \u00e9lections en Hongrie.<\/p>\n<div id=\"attachment_438035\" class=\"wp-caption alignleft\" style=\"max-width: 300px\"><img decoding=\"async\" class=\"wp-image-438035 size-medium\" src=\"https:\/\/vieassociative.be\/actualites\/wp-content\/uploads\/2026\/03\/1774905486_333_Elections-en-Hongrie-si-Orban-perdait-les-bouchons-de.jpg\" alt=\"\" width=\"300\" height=\"200\"><\/div>\n<p><strong>\u2013 Changement de gouvernement comme lors des \u00e9lections l\u00e9gislatives de 2023 en Pologne ?<\/strong> Dans de nombreuses capitales europ\u00e9ennes, on s&rsquo;attend &#8211; bien que rarement exprim\u00e9 ouvertement &#8211; \u00e0 un changement politique, semblable \u00e0 celui qui s&rsquo;est produit en Pologne apr\u00e8s les \u00e9lections l\u00e9gislatives du 15 octobre 2023. \u00c0 cette \u00e9poque, le parti national-conservateur au pouvoir, Droit et Justice, a perdu le pouvoir malgr\u00e9 son statut de force la plus puissante, tandis qu&rsquo;une alliance d&rsquo;opposition dirig\u00e9e par Donald Tusk a pris le pouvoir et a adopt\u00e9 une orientation clairement pro-europ\u00e9enne.<\/p>\n<p>Un sc\u00e9nario comparable est actuellement \u00e9voqu\u00e9 pour la Hongrie : une victoire \u00e9lectorale du parti Tisza pourrait conduire \u00e0 un apaisement significatif des tensions dans les relations avec l\u2019UE et faciliter le d\u00e9blocage des financements pr\u00e9c\u00e9demment bloqu\u00e9s, tandis qu\u2019un nouveau succ\u00e8s du Fidesz prolongerait probablement les tensions existantes.<\/p>\n<p>Orban est tomb\u00e9 en disgr\u00e2ce \u00e0 Bruxelles en raison de la transmission pr\u00e9sum\u00e9e par la Hongrie d&rsquo;informations internes \u00e0 l&rsquo;UE \u00e0 la Russie.<\/p>\n<p>Le journal am\u00e9ricain \u00ab\u00a0Washington Post\u00a0\u00bb, citant un ancien officier des renseignements hongrois et des responsables de la s\u00e9curit\u00e9 d&rsquo;autres pays europ\u00e9ens, a rapport\u00e9 que le gouvernement du Premier ministre Orban fournissait depuis des ann\u00e9es \u00e0 Moscou des informations sur des discussions sensibles au sein de l&rsquo;UE. Le ministre des Affaires \u00e9trang\u00e8res Peter Szijjarto aurait r\u00e9guli\u00e8rement t\u00e9l\u00e9phon\u00e9 \u00e0 son homologue russe Sergue\u00ef Lavrov, m\u00eame pendant les pauses des r\u00e9unions de l&rsquo;UE, pour l&rsquo;informer du contenu de ces discussions.<\/p>\n<div id=\"attachment_437953\" class=\"wp-caption alignleft\" style=\"max-width: 300px\"><img loading=\"lazy\" decoding=\"async\" class=\"wp-image-437953 size-medium\" src=\"https:\/\/vieassociative.be\/actualites\/wp-content\/uploads\/2026\/03\/1774905486_500_Elections-en-Hongrie-si-Orban-perdait-les-bouchons-de.jpg\" alt=\"\" width=\"300\" height=\"200\"  ><\/div>\n<p>Quoi qu\u2019il en soit, le r\u00e9sultat des \u00e9lections est cette fois totalement ouvert. Les sondages sugg\u00e8rent que le parti Tisza pourrait devancer le Fidesz pour la premi\u00e8re fois. Il n\u2019est toutefois pas certain qu\u2019un tel avantage puisse \u00e9galement se traduire par des mandats. Les circonscriptions uninominales, qui ont fait pencher la balance en faveur du Fidesz lors des \u00e9lections pr\u00e9c\u00e9dentes, pourraient \u00e0 nouveau \u00eatre d\u00e9cisives. Une avance relativement \u00e9troite de l\u2019opposition pourrait donc ne pas suffire \u00e0 garantir une majorit\u00e9 parlementaire.<\/p>\n<p>Les chances de succ\u00e8s d&rsquo;Orban sont donc ambivalentes. D\u2019un c\u00f4t\u00e9, il est politiquement plus faible que jamais ; d\u2019un autre c\u00f4t\u00e9, il pr\u00e9sente encore des avantages structurels qui peuvent se refl\u00e9ter dans les r\u00e9sultats des \u00e9lections. Sa strat\u00e9gie de campagne \u00e9lectorale repose une fois de plus sur la polarisation et la mobilisation du noyau de l\u2019\u00e9lectorat, par exemple en mettant l\u2019accent sur les questions de politique de s\u00e9curit\u00e9 et en pr\u00e9sentant l\u2019opposition comme un risque pour la stabilit\u00e9 et les int\u00e9r\u00eats nationaux.<\/p>\n<p><strong>\u2013 Continuit\u00e9 et rupture possibles :<\/strong> En r\u00e9sum\u00e9, les \u00e9lections g\u00e9n\u00e9rales de 2026 pourraient repr\u00e9senter \u00e0 la fois une continuit\u00e9 et une rupture. Nous sommes \u00e0 la fin d\u2019une phase de domination politique depuis 2010, dont l\u2019issue est aujourd\u2019hui s\u00e9rieusement remise en question pour la premi\u00e8re fois.<\/p>\n<p>Que cette \u00e9lection conduise r\u00e9ellement \u00e0 un transfert de pouvoir ou que le syst\u00e8me existant fasse \u00e0 nouveau preuve de r\u00e9silience d\u00e9pend en grande partie de la capacit\u00e9 de l&rsquo;opposition \u00e0 mobiliser le soutien des circonscriptions cl\u00e9s et \u00e0 surmonter les avantages structurels du parti au pouvoir. Quoi qu\u2019il en soit, ces \u00e9lections marquent un possible tournant dans l\u2019histoire politique de la Hongrie et dans ses relations avec l\u2019Union europ\u00e9enne. (cr\u00e9er)<\/p>\n<h3>\u00ab NZZ \u00bb : l\u2019UE doit maintenir sa capacit\u00e9 d\u2019action<\/h3>\n<p><strong>La \u00abNeue Z\u00fcrcher Zeitung\u00bb (NZZ) commente le blocage de l&rsquo;aide financi\u00e8re de l&rsquo;UE \u00e0 l&rsquo;Ukraine par le Premier ministre hongrois Viktor Orban :<\/strong><\/p>\n<p>\u00ab\u00a0Il est difficile de trouver un consensus dans un club de 27 membres. L&rsquo;UE ne peut fonctionner que si les \u00c9tats membres luttent avec acharnement pour d\u00e9fendre leurs int\u00e9r\u00eats tout en tenant les promesses qu&rsquo;ils ont faites. En acceptant d&rsquo;abord le compromis sur le pr\u00eat ukrainien, puis en emp\u00eachant sa mise en \u0153uvre peu de temps apr\u00e8s, Orban a viol\u00e9 la bonne foi.<\/p>\n<div id=\"attachment_407501\" class=\"wp-caption alignleft\" style=\"max-width: 300px\"><img loading=\"lazy\" decoding=\"async\" class=\"wp-image-407501 size-medium\" src=\"https:\/\/vieassociative.be\/actualites\/wp-content\/uploads\/2025\/02\/1738721831_210_De-Wever-au-sommet-de-lUE-sur-larmement-de-la.jpg\" alt=\"\" width=\"300\" height=\"244\"><\/div>\n<p>Le Premier ministre hongrois doit se demander pourquoi il n&rsquo;a pas quitt\u00e9 l&rsquo;UE depuis longtemps s&rsquo;il voit un plus grand danger \u00e0 Bruxelles qu&rsquo;\u00e0 Moscou.<\/p>\n<p>Mais les autres chefs d\u2019\u00c9tat et de gouvernement de l\u2019UE qui se laissent exhiber par le Premier ministre d\u2019un \u00c9tat membre de taille moyenne font \u00e9galement mauvaise figure. Il est compr\u00e9hensible que le sommet ait \u00e9vit\u00e9 les menaces explicites, voire les mesures punitives, afin de ne pas fournir \u00e0 Orban des munitions suppl\u00e9mentaires pour sa campagne \u00e9lectorale anti-Bruxelles. Mais lorsque le pr\u00e9sident du Conseil de l\u2019UE, Ant\u00f3nio Costa Orban, accuse publiquement Orban de chantage sans rien faire, il d\u00e9montre simplement sa propre impuissance.<\/p>\n<p>L&rsquo;UE parie d\u00e9sormais principalement que le challenger d&rsquo;Orban, Peter Magyar, remportera les \u00e9lections \u00e0 la mi-avril et retirera le veto hongrois avant que Kiev ne soit \u00e0 court d&rsquo;argent. \u00c0 moyen terme, l\u2019UE doit cependant rechercher de nouveaux moyens de maintenir sa capacit\u00e9 d\u2019action en cas de conflits internes irr\u00e9conciliables. \u00c0 l\u2019\u00e8re de la politique de puissance, le principe de l\u2019espoir ne suffit plus en tant que strat\u00e9gie de politique \u00e9trang\u00e8re.\u00bb (dpa)<\/p>\n","protected":false},"excerpt":{"rendered":"<p>Les \u00e9lections l\u00e9gislatives du 12 avril 2026 en Hongrie repr\u00e9sentent une \u00e9tape cruciale dans l&rsquo;\u00e9volution politique du pays. Pour la premi\u00e8re fois depuis l\u2019arriv\u00e9e au<\/p>\n","protected":false},"author":1,"featured_media":13253,"comment_status":"","ping_status":"","sticky":false,"template":"","format":"standard","meta":{"footnotes":""},"categories":[298],"tags":[10387,455,10388,10389,2569,3330,14,3578,7060,10386],"class_list":["post-13252","post","type-post","status-publish","format-standard","has-post-thumbnail","hentry","category-belgique","tag-bouchons","tag-bruxelles","tag-champagne","tag-eclateraient","tag-elections","tag-hongrie","tag-les","tag-lue","tag-orban","tag-perdait","generate-columns","tablet-grid-50","mobile-grid-100","grid-parent","grid-33"],"yoast_head":"<!-- This site is optimized with the Yoast SEO plugin v24.0 - https:\/\/yoast.com\/wordpress\/plugins\/seo\/ -->\n<title>\u00c9lections en Hongrie : si Orban perdait, les bouchons de champagne \u00e9clateraient \u00e0 l&#039;UE \u00e0 Bruxelles | Vie Associative<\/title>\n<meta name=\"robots\" content=\"index, follow, max-snippet:-1, max-image-preview:large, max-video-preview:-1\" \/>\n<link rel=\"canonical\" href=\"https:\/\/vieassociative.be\/actualites\/elections-en-hongrie-si-orban-perdait-les-bouchons-de-champagne-eclateraient-a-lue-a-bruxelles\/\" \/>\n<meta property=\"og:locale\" content=\"fr_FR\" \/>\n<meta property=\"og:type\" content=\"article\" \/>\n<meta property=\"og:title\" content=\"\u00c9lections en Hongrie : si Orban perdait, les bouchons de champagne \u00e9clateraient \u00e0 l&#039;UE \u00e0 Bruxelles | Vie Associative\" \/>\n<meta property=\"og:description\" content=\"Les \u00e9lections l\u00e9gislatives du 12 avril 2026 en Hongrie repr\u00e9sentent une \u00e9tape cruciale dans l&rsquo;\u00e9volution politique du pays. Pour la premi\u00e8re fois depuis l\u2019arriv\u00e9e au\" \/>\n<meta property=\"og:url\" content=\"https:\/\/vieassociative.be\/actualites\/elections-en-hongrie-si-orban-perdait-les-bouchons-de-champagne-eclateraient-a-lue-a-bruxelles\/\" \/>\n<meta property=\"og:site_name\" content=\"Vie Associative\" \/>\n<meta property=\"article:published_time\" content=\"2026-03-30T21:18:06+00:00\" \/>\n<meta property=\"og:image\" content=\"https:\/\/vieassociative.be\/actualites\/wp-content\/uploads\/2024\/09\/header_backgroundk-01-e1726694325946.png\" \/>\n\t<meta property=\"og:image:width\" content=\"279\" \/>\n\t<meta property=\"og:image:height\" content=\"92\" \/>\n\t<meta property=\"og:image:type\" content=\"image\/png\" \/>\n<meta name=\"author\" content=\"Julien\" \/>\n<meta name=\"twitter:card\" content=\"summary_large_image\" \/>\n<meta name=\"twitter:label1\" content=\"\u00c9crit par\" \/>\n\t<meta name=\"twitter:data1\" content=\"Julien\" \/>\n\t<meta name=\"twitter:label2\" content=\"Dur\u00e9e de lecture est.\" \/>\n\t<meta name=\"twitter:data2\" content=\"7 minutes\" \/>\n<script type=\"application\/ld+json\" class=\"yoast-schema-graph\">{\"@context\":\"https:\/\/schema.org\",\"@graph\":[{\"@type\":\"Article\",\"@id\":\"https:\/\/vieassociative.be\/actualites\/elections-en-hongrie-si-orban-perdait-les-bouchons-de-champagne-eclateraient-a-lue-a-bruxelles\/#article\",\"isPartOf\":{\"@id\":\"https:\/\/vieassociative.be\/actualites\/elections-en-hongrie-si-orban-perdait-les-bouchons-de-champagne-eclateraient-a-lue-a-bruxelles\/\"},\"author\":{\"name\":\"Julien\",\"@id\":\"https:\/\/vieassociative.be\/actualites\/#\/schema\/person\/b87ac4f82f9d4e7b7cec7395b679edc4\"},\"headline\":\"\u00c9lections en Hongrie : si Orban perdait, les bouchons de champagne \u00e9clateraient \u00e0 l&rsquo;UE \u00e0 Bruxelles\",\"datePublished\":\"2026-03-30T21:18:06+00:00\",\"dateModified\":\"2026-03-30T21:18:06+00:00\",\"mainEntityOfPage\":{\"@id\":\"https:\/\/vieassociative.be\/actualites\/elections-en-hongrie-si-orban-perdait-les-bouchons-de-champagne-eclateraient-a-lue-a-bruxelles\/\"},\"wordCount\":1492,\"publisher\":{\"@id\":\"https:\/\/vieassociative.be\/actualites\/#organization\"},\"image\":{\"@id\":\"https:\/\/vieassociative.be\/actualites\/elections-en-hongrie-si-orban-perdait-les-bouchons-de-champagne-eclateraient-a-lue-a-bruxelles\/#primaryimage\"},\"thumbnailUrl\":\"https:\/\/vieassociative.be\/actualites\/wp-content\/uploads\/2026\/03\/Elections-en-Hongrie-si-Orban-perdait-les-bouchons-de.jpeg\",\"keywords\":[\"bouchons\",\"Bruxelles\",\"champagne\",\"\u00e9clateraient\",\"\u00e9lections\",\"Hongrie\",\"Les\",\"LUE\",\"orban\",\"perdait\"],\"articleSection\":[\"Belgique\"],\"inLanguage\":\"fr-BE\"},{\"@type\":\"WebPage\",\"@id\":\"https:\/\/vieassociative.be\/actualites\/elections-en-hongrie-si-orban-perdait-les-bouchons-de-champagne-eclateraient-a-lue-a-bruxelles\/\",\"url\":\"https:\/\/vieassociative.be\/actualites\/elections-en-hongrie-si-orban-perdait-les-bouchons-de-champagne-eclateraient-a-lue-a-bruxelles\/\",\"name\":\"\u00c9lections en Hongrie : si Orban perdait, les bouchons de champagne \u00e9clateraient \u00e0 l'UE \u00e0 Bruxelles | Vie Associative\",\"isPartOf\":{\"@id\":\"https:\/\/vieassociative.be\/actualites\/#website\"},\"primaryImageOfPage\":{\"@id\":\"https:\/\/vieassociative.be\/actualites\/elections-en-hongrie-si-orban-perdait-les-bouchons-de-champagne-eclateraient-a-lue-a-bruxelles\/#primaryimage\"},\"image\":{\"@id\":\"https:\/\/vieassociative.be\/actualites\/elections-en-hongrie-si-orban-perdait-les-bouchons-de-champagne-eclateraient-a-lue-a-bruxelles\/#primaryimage\"},\"thumbnailUrl\":\"https:\/\/vieassociative.be\/actualites\/wp-content\/uploads\/2026\/03\/Elections-en-Hongrie-si-Orban-perdait-les-bouchons-de.jpeg\",\"datePublished\":\"2026-03-30T21:18:06+00:00\",\"dateModified\":\"2026-03-30T21:18:06+00:00\",\"breadcrumb\":{\"@id\":\"https:\/\/vieassociative.be\/actualites\/elections-en-hongrie-si-orban-perdait-les-bouchons-de-champagne-eclateraient-a-lue-a-bruxelles\/#breadcrumb\"},\"inLanguage\":\"fr-BE\",\"potentialAction\":[{\"@type\":\"ReadAction\",\"target\":[\"https:\/\/vieassociative.be\/actualites\/elections-en-hongrie-si-orban-perdait-les-bouchons-de-champagne-eclateraient-a-lue-a-bruxelles\/\"]}]},{\"@type\":\"ImageObject\",\"inLanguage\":\"fr-BE\",\"@id\":\"https:\/\/vieassociative.be\/actualites\/elections-en-hongrie-si-orban-perdait-les-bouchons-de-champagne-eclateraient-a-lue-a-bruxelles\/#primaryimage\",\"url\":\"https:\/\/vieassociative.be\/actualites\/wp-content\/uploads\/2026\/03\/Elections-en-Hongrie-si-Orban-perdait-les-bouchons-de.jpeg\",\"contentUrl\":\"https:\/\/vieassociative.be\/actualites\/wp-content\/uploads\/2026\/03\/Elections-en-Hongrie-si-Orban-perdait-les-bouchons-de.jpeg\",\"width\":1200,\"height\":878,\"caption\":\"\u00c9lections en Hongrie : si Orban perdait, les bouchons de champagne \u00e9clateraient \u00e0 l'UE \u00e0 Bruxelles\"},{\"@type\":\"BreadcrumbList\",\"@id\":\"https:\/\/vieassociative.be\/actualites\/elections-en-hongrie-si-orban-perdait-les-bouchons-de-champagne-eclateraient-a-lue-a-bruxelles\/#breadcrumb\",\"itemListElement\":[{\"@type\":\"ListItem\",\"position\":1,\"name\":\"Accueil\",\"item\":\"https:\/\/vieassociative.be\/actualites\/\"},{\"@type\":\"ListItem\",\"position\":2,\"name\":\"\u00c9lections en Hongrie : si Orban perdait, les bouchons de champagne \u00e9clateraient \u00e0 l&rsquo;UE \u00e0 Bruxelles\"}]},{\"@type\":\"WebSite\",\"@id\":\"https:\/\/vieassociative.be\/actualites\/#website\",\"url\":\"https:\/\/vieassociative.be\/actualites\/\",\"name\":\"Vie Associative\",\"description\":\"\",\"publisher\":{\"@id\":\"https:\/\/vieassociative.be\/actualites\/#organization\"},\"potentialAction\":[{\"@type\":\"SearchAction\",\"target\":{\"@type\":\"EntryPoint\",\"urlTemplate\":\"https:\/\/vieassociative.be\/actualites\/?s={search_term_string}\"},\"query-input\":{\"@type\":\"PropertyValueSpecification\",\"valueRequired\":true,\"valueName\":\"search_term_string\"}}],\"inLanguage\":\"fr-BE\"},{\"@type\":\"Organization\",\"@id\":\"https:\/\/vieassociative.be\/actualites\/#organization\",\"name\":\"Vie Associative\",\"url\":\"https:\/\/vieassociative.be\/actualites\/\",\"logo\":{\"@type\":\"ImageObject\",\"inLanguage\":\"fr-BE\",\"@id\":\"https:\/\/vieassociative.be\/actualites\/#\/schema\/logo\/image\/\",\"url\":\"https:\/\/vieassociative.be\/actualites\/wp-content\/uploads\/2024\/09\/cropped-vieassociative_favicon.ico.png\",\"contentUrl\":\"https:\/\/vieassociative.be\/actualites\/wp-content\/uploads\/2024\/09\/cropped-vieassociative_favicon.ico.png\",\"width\":512,\"height\":512,\"caption\":\"Vie Associative\"},\"image\":{\"@id\":\"https:\/\/vieassociative.be\/actualites\/#\/schema\/logo\/image\/\"}},{\"@type\":\"Person\",\"@id\":\"https:\/\/vieassociative.be\/actualites\/#\/schema\/person\/b87ac4f82f9d4e7b7cec7395b679edc4\",\"name\":\"Julien\",\"image\":{\"@type\":\"ImageObject\",\"inLanguage\":\"fr-BE\",\"@id\":\"https:\/\/vieassociative.be\/actualites\/#\/schema\/person\/image\/\",\"url\":\"https:\/\/vieassociative.be\/actualites\/wp-content\/uploads\/2024\/09\/vie-associative-1-150x150.jpg\",\"contentUrl\":\"https:\/\/vieassociative.be\/actualites\/wp-content\/uploads\/2024\/09\/vie-associative-1-150x150.jpg\",\"caption\":\"Julien\"},\"description\":\"Je suis Julien, r\u00e9dacteur pour Vie Associative. Passionn\u00e9 par le monde associatif depuis plus de 10 ans, j'ai \u00e0 c\u0153ur de partager des histoires inspirantes et de mettre en lumi\u00e8re les initiatives locales. Mon objectif est de sensibiliser et d'encourager l'engagement communautaire \u00e0 travers mes articles.\",\"sameAs\":[\"https:\/\/vieassociative.be\/\"]}]}<\/script>\n<!-- \/ Yoast SEO plugin. -->","yoast_head_json":{"title":"\u00c9lections en Hongrie : si Orban perdait, les bouchons de champagne \u00e9clateraient \u00e0 l'UE \u00e0 Bruxelles | Vie Associative","robots":{"index":"index","follow":"follow","max-snippet":"max-snippet:-1","max-image-preview":"max-image-preview:large","max-video-preview":"max-video-preview:-1"},"canonical":"https:\/\/vieassociative.be\/actualites\/elections-en-hongrie-si-orban-perdait-les-bouchons-de-champagne-eclateraient-a-lue-a-bruxelles\/","og_locale":"fr_FR","og_type":"article","og_title":"\u00c9lections en Hongrie : si Orban perdait, les bouchons de champagne \u00e9clateraient \u00e0 l'UE \u00e0 Bruxelles | Vie Associative","og_description":"Les \u00e9lections l\u00e9gislatives du 12 avril 2026 en Hongrie repr\u00e9sentent une \u00e9tape cruciale dans l&rsquo;\u00e9volution politique du pays. Pour la premi\u00e8re fois depuis l\u2019arriv\u00e9e au","og_url":"https:\/\/vieassociative.be\/actualites\/elections-en-hongrie-si-orban-perdait-les-bouchons-de-champagne-eclateraient-a-lue-a-bruxelles\/","og_site_name":"Vie Associative","article_published_time":"2026-03-30T21:18:06+00:00","og_image":[{"width":279,"height":92,"url":"https:\/\/vieassociative.be\/actualites\/wp-content\/uploads\/2024\/09\/header_backgroundk-01-e1726694325946.png","type":"image\/png"}],"author":"Julien","twitter_card":"summary_large_image","twitter_misc":{"\u00c9crit par":"Julien","Dur\u00e9e de lecture est.":"7 minutes"},"schema":{"@context":"https:\/\/schema.org","@graph":[{"@type":"Article","@id":"https:\/\/vieassociative.be\/actualites\/elections-en-hongrie-si-orban-perdait-les-bouchons-de-champagne-eclateraient-a-lue-a-bruxelles\/#article","isPartOf":{"@id":"https:\/\/vieassociative.be\/actualites\/elections-en-hongrie-si-orban-perdait-les-bouchons-de-champagne-eclateraient-a-lue-a-bruxelles\/"},"author":{"name":"Julien","@id":"https:\/\/vieassociative.be\/actualites\/#\/schema\/person\/b87ac4f82f9d4e7b7cec7395b679edc4"},"headline":"\u00c9lections en Hongrie : si Orban perdait, les bouchons de champagne \u00e9clateraient \u00e0 l&rsquo;UE \u00e0 Bruxelles","datePublished":"2026-03-30T21:18:06+00:00","dateModified":"2026-03-30T21:18:06+00:00","mainEntityOfPage":{"@id":"https:\/\/vieassociative.be\/actualites\/elections-en-hongrie-si-orban-perdait-les-bouchons-de-champagne-eclateraient-a-lue-a-bruxelles\/"},"wordCount":1492,"publisher":{"@id":"https:\/\/vieassociative.be\/actualites\/#organization"},"image":{"@id":"https:\/\/vieassociative.be\/actualites\/elections-en-hongrie-si-orban-perdait-les-bouchons-de-champagne-eclateraient-a-lue-a-bruxelles\/#primaryimage"},"thumbnailUrl":"https:\/\/vieassociative.be\/actualites\/wp-content\/uploads\/2026\/03\/Elections-en-Hongrie-si-Orban-perdait-les-bouchons-de.jpeg","keywords":["bouchons","Bruxelles","champagne","\u00e9clateraient","\u00e9lections","Hongrie","Les","LUE","orban","perdait"],"articleSection":["Belgique"],"inLanguage":"fr-BE"},{"@type":"WebPage","@id":"https:\/\/vieassociative.be\/actualites\/elections-en-hongrie-si-orban-perdait-les-bouchons-de-champagne-eclateraient-a-lue-a-bruxelles\/","url":"https:\/\/vieassociative.be\/actualites\/elections-en-hongrie-si-orban-perdait-les-bouchons-de-champagne-eclateraient-a-lue-a-bruxelles\/","name":"\u00c9lections en Hongrie : si Orban perdait, les bouchons de champagne \u00e9clateraient \u00e0 l'UE \u00e0 Bruxelles | Vie Associative","isPartOf":{"@id":"https:\/\/vieassociative.be\/actualites\/#website"},"primaryImageOfPage":{"@id":"https:\/\/vieassociative.be\/actualites\/elections-en-hongrie-si-orban-perdait-les-bouchons-de-champagne-eclateraient-a-lue-a-bruxelles\/#primaryimage"},"image":{"@id":"https:\/\/vieassociative.be\/actualites\/elections-en-hongrie-si-orban-perdait-les-bouchons-de-champagne-eclateraient-a-lue-a-bruxelles\/#primaryimage"},"thumbnailUrl":"https:\/\/vieassociative.be\/actualites\/wp-content\/uploads\/2026\/03\/Elections-en-Hongrie-si-Orban-perdait-les-bouchons-de.jpeg","datePublished":"2026-03-30T21:18:06+00:00","dateModified":"2026-03-30T21:18:06+00:00","breadcrumb":{"@id":"https:\/\/vieassociative.be\/actualites\/elections-en-hongrie-si-orban-perdait-les-bouchons-de-champagne-eclateraient-a-lue-a-bruxelles\/#breadcrumb"},"inLanguage":"fr-BE","potentialAction":[{"@type":"ReadAction","target":["https:\/\/vieassociative.be\/actualites\/elections-en-hongrie-si-orban-perdait-les-bouchons-de-champagne-eclateraient-a-lue-a-bruxelles\/"]}]},{"@type":"ImageObject","inLanguage":"fr-BE","@id":"https:\/\/vieassociative.be\/actualites\/elections-en-hongrie-si-orban-perdait-les-bouchons-de-champagne-eclateraient-a-lue-a-bruxelles\/#primaryimage","url":"https:\/\/vieassociative.be\/actualites\/wp-content\/uploads\/2026\/03\/Elections-en-Hongrie-si-Orban-perdait-les-bouchons-de.jpeg","contentUrl":"https:\/\/vieassociative.be\/actualites\/wp-content\/uploads\/2026\/03\/Elections-en-Hongrie-si-Orban-perdait-les-bouchons-de.jpeg","width":1200,"height":878,"caption":"\u00c9lections en Hongrie : si Orban perdait, les bouchons de champagne \u00e9clateraient \u00e0 l'UE \u00e0 Bruxelles"},{"@type":"BreadcrumbList","@id":"https:\/\/vieassociative.be\/actualites\/elections-en-hongrie-si-orban-perdait-les-bouchons-de-champagne-eclateraient-a-lue-a-bruxelles\/#breadcrumb","itemListElement":[{"@type":"ListItem","position":1,"name":"Accueil","item":"https:\/\/vieassociative.be\/actualites\/"},{"@type":"ListItem","position":2,"name":"\u00c9lections en Hongrie : si Orban perdait, les bouchons de champagne \u00e9clateraient \u00e0 l&rsquo;UE \u00e0 Bruxelles"}]},{"@type":"WebSite","@id":"https:\/\/vieassociative.be\/actualites\/#website","url":"https:\/\/vieassociative.be\/actualites\/","name":"Vie Associative","description":"","publisher":{"@id":"https:\/\/vieassociative.be\/actualites\/#organization"},"potentialAction":[{"@type":"SearchAction","target":{"@type":"EntryPoint","urlTemplate":"https:\/\/vieassociative.be\/actualites\/?s={search_term_string}"},"query-input":{"@type":"PropertyValueSpecification","valueRequired":true,"valueName":"search_term_string"}}],"inLanguage":"fr-BE"},{"@type":"Organization","@id":"https:\/\/vieassociative.be\/actualites\/#organization","name":"Vie Associative","url":"https:\/\/vieassociative.be\/actualites\/","logo":{"@type":"ImageObject","inLanguage":"fr-BE","@id":"https:\/\/vieassociative.be\/actualites\/#\/schema\/logo\/image\/","url":"https:\/\/vieassociative.be\/actualites\/wp-content\/uploads\/2024\/09\/cropped-vieassociative_favicon.ico.png","contentUrl":"https:\/\/vieassociative.be\/actualites\/wp-content\/uploads\/2024\/09\/cropped-vieassociative_favicon.ico.png","width":512,"height":512,"caption":"Vie Associative"},"image":{"@id":"https:\/\/vieassociative.be\/actualites\/#\/schema\/logo\/image\/"}},{"@type":"Person","@id":"https:\/\/vieassociative.be\/actualites\/#\/schema\/person\/b87ac4f82f9d4e7b7cec7395b679edc4","name":"Julien","image":{"@type":"ImageObject","inLanguage":"fr-BE","@id":"https:\/\/vieassociative.be\/actualites\/#\/schema\/person\/image\/","url":"https:\/\/vieassociative.be\/actualites\/wp-content\/uploads\/2024\/09\/vie-associative-1-150x150.jpg","contentUrl":"https:\/\/vieassociative.be\/actualites\/wp-content\/uploads\/2024\/09\/vie-associative-1-150x150.jpg","caption":"Julien"},"description":"Je suis Julien, r\u00e9dacteur pour Vie Associative. Passionn\u00e9 par le monde associatif depuis plus de 10 ans, j'ai \u00e0 c\u0153ur de partager des histoires inspirantes et de mettre en lumi\u00e8re les initiatives locales. Mon objectif est de sensibiliser et d'encourager l'engagement communautaire \u00e0 travers mes articles.","sameAs":["https:\/\/vieassociative.be\/"]}]}},"_links":{"self":[{"href":"https:\/\/vieassociative.be\/actualites\/wp-json\/wp\/v2\/posts\/13252"}],"collection":[{"href":"https:\/\/vieassociative.be\/actualites\/wp-json\/wp\/v2\/posts"}],"about":[{"href":"https:\/\/vieassociative.be\/actualites\/wp-json\/wp\/v2\/types\/post"}],"author":[{"embeddable":true,"href":"https:\/\/vieassociative.be\/actualites\/wp-json\/wp\/v2\/users\/1"}],"replies":[{"embeddable":true,"href":"https:\/\/vieassociative.be\/actualites\/wp-json\/wp\/v2\/comments?post=13252"}],"version-history":[{"count":0,"href":"https:\/\/vieassociative.be\/actualites\/wp-json\/wp\/v2\/posts\/13252\/revisions"}],"wp:featuredmedia":[{"embeddable":true,"href":"https:\/\/vieassociative.be\/actualites\/wp-json\/wp\/v2\/media\/13253"}],"wp:attachment":[{"href":"https:\/\/vieassociative.be\/actualites\/wp-json\/wp\/v2\/media?parent=13252"}],"wp:term":[{"taxonomy":"category","embeddable":true,"href":"https:\/\/vieassociative.be\/actualites\/wp-json\/wp\/v2\/categories?post=13252"},{"taxonomy":"post_tag","embeddable":true,"href":"https:\/\/vieassociative.be\/actualites\/wp-json\/wp\/v2\/tags?post=13252"}],"curies":[{"name":"wp","href":"https:\/\/api.w.org\/{rel}","templated":true}]}}