{"id":1325,"date":"2024-10-17T13:18:36","date_gmt":"2024-10-17T11:18:36","guid":{"rendered":"https:\/\/vieassociative.be\/actualites\/quand-purger-tous-ces-souvenirs-de-votre-derniere-relation\/"},"modified":"2024-10-17T13:18:36","modified_gmt":"2024-10-17T11:18:36","slug":"quand-purger-tous-ces-souvenirs-de-votre-derniere-relation","status":"publish","type":"post","link":"https:\/\/vieassociative.be\/actualites\/quand-purger-tous-ces-souvenirs-de-votre-derniere-relation\/","title":{"rendered":"Quand purger tous ces souvenirs de votre derni\u00e8re relation"},"content":{"rendered":"<div class=\"mt-4 leading-6 md:mb-8\">Une enqu\u00eate a r\u00e9v\u00e9l\u00e9 que les hommes semblent plus susceptibles que les femmes de s&rsquo;accrocher \u00e0 des souvenirs relationnels.<\/div>\n<p><\/p>\n<p>Qu&rsquo;il s&rsquo;agisse de cartes d&rsquo;anniversaire, de bijoux ou de photos sur votre t\u00e9l\u00e9phone, beaucoup de gens gardent des souvenirs de relations pass\u00e9es, mais quand est-il acceptable de continuer \u00e0 s&rsquo;accrocher \u00e0 ces choses et quand est-il temps de l\u00e2cher prise ? Voici ce que vous devriez consid\u00e9rer pour conserver des souvenirs de relations pass\u00e9es, surtout lorsque vous avez un nouveau partenaire dans votre vie.<\/p>\n<h2 id=\"what-types-of-mementos-do-we-most-often-keep\"><strong>Quels types de souvenirs conservons-nous le plus souvent ?<\/strong><\/h2>\n<p>Les r\u00e9sultats d&rsquo;une r\u00e9cente enqu\u00eate de Cinch Home Services aupr\u00e8s de plus de 1 000 r\u00e9sidents am\u00e9ricains, bien que con\u00e7us pour donner un aper\u00e7u de l&rsquo;opinion des gens sur l&rsquo;encombrement, ont en fait r\u00e9v\u00e9l\u00e9 des informations int\u00e9ressantes sur les relations, l&rsquo;une d&rsquo;entre elles \u00e9tant que 57 % des personnes ont d\u00e9clar\u00e9 avoir encore un objet de leur part. une relation pass\u00e9e.<\/p>\n<p>Il est int\u00e9ressant de noter que parmi les 57 % de personnes interrog\u00e9es qui ont r\u00e9ussi \u00e0 conserver d&rsquo;anciennes relations amoureuses, les hommes \u00e9taient beaucoup plus susceptibles de conserver des souvenirs physiques d&rsquo;anciennes flammes. Dans l&rsquo;ensemble, 61,6 % des hommes ont d\u00e9clar\u00e9 qu&rsquo;ils conservaient les objets, tandis que 51,1 % des femmes ont d\u00e9clar\u00e9 le faire. La majorit\u00e9 des collectionneurs romantiques sont \u00e9galement en couple ou mari\u00e9s, mais 21,2 % ont d\u00e9clar\u00e9 que leur partenaire actuel ne sait pas qu&rsquo;ils poss\u00e8dent toujours ces objets. Les objets les plus conserv\u00e9s sont les photos (42,6 %), les cadeaux (40,6 %) et les bijoux (34,4 %).<\/p>\n<h2 id=\"consider-why-you-want-these-items\">Consid\u00e9rer <em>pourquoi<\/em> tu veux ces articles<\/h2>\n<p>Le simple fait que les objets, en particulier ceux de type sentimental, soient rang\u00e9s et oubli\u00e9s au fond d&rsquo;un placard n&rsquo;est pas aussi important que la raison sous-jacente. <em>pourquoi-<\/em>surtout lorsque vous d\u00e9marrez une nouvelle relation.<\/p>\n<p>\u00ab\u00a0Je pense qu&rsquo;il est plus important de porter l&rsquo;attention sur les sentiments et les interactions actuels avec l&rsquo;ex\u00a0\u00bb, a d\u00e9clar\u00e9 Jennifer Aull, th\u00e9rapeute conjugale et familiale agr\u00e9\u00e9e \u00e0 Brooklyn. \u00ab Cette personne semble-t-elle toujours en suspens ou d\u00e9sire-t-elle qu&rsquo;elle soit un partenaire romantique ? C&rsquo;est vraiment la question.<\/p>\n<p>Elle a dit qu&rsquo;il peut \u00eatre bien de conserver des objets car \u00ab\u00a0il est possible d&rsquo;arriver \u00e0 un endroit o\u00f9 vous pouvez regarder en arri\u00e8re avec tendresse une relation d&rsquo;un an, m\u00eame si vous n&rsquo;avez aucun d\u00e9sir d&rsquo;\u00eatre dans cette relation actuellement.\u00a0\u00bb Cependant, il est \u00e9galement vrai que votre nouveau partenaire pourrait se sentir menac\u00e9 par ce que le fait de garder les objets indique sur vos sentiments. Vous devrez donc \u00e9quilibrer l&rsquo;affection que vous ressentez pour ces souvenirs avec le confort et la s\u00e9curit\u00e9 que vous souhaitez que votre nouveau partenaire ressente.<\/p>\n<h2 id=\"what-is-ok-and-not-ok-to-keep\"><strong>Qu\u2019est-ce qui est acceptable (et non) \u00e0 conserver\u00a0?<\/strong><\/h2>\n<p>Il y a certaines choses que tu devrais <em>jamais <\/em>garder (vous savez, c&rsquo;est merdique de garder les nus d&rsquo;un ex) ; et les objets trop sentimentaux, tels que les lettres personnelles, les cartes ou les livres de photos de vos voyages ensemble, sont les \u00e9l\u00e9ments les plus susceptibles d&rsquo;\u00eatre blessants pour un nouveau partenaire. Mais des choses plus pratiques peuvent probablement rester. Parmi ceux qui ont d\u00e9clar\u00e9 aux enqu\u00eateurs de Cinch qu&rsquo;ils conservaient d&rsquo;anciens objets relationnels, 18,4 % conservaient de la vaisselle ou des ustensiles de cuisine, 23,5 % ont soulign\u00e9 des meubles et 25,4 % poss\u00e9daient encore des appareils \u00e9lectroniques.<\/p>\n<p>Je suis moi-m\u00eame un donateur de cadeaux pratique, et je doute que mes ex consid\u00e8rent leurs cafeti\u00e8res ou friteuses \u00e0 air comme des \u00absouvenirs\u00bb ou des \u00absouvenirs\u00bb qui les am\u00e8nent encore \u00e0 me d\u00e9sirer. J&rsquo;ai toujours une t\u00e9l\u00e9vision, un ventilateur et une table qui me viennent d&rsquo;une ancienne relation, et ce sont des objets de la vie quotidienne qui ne me rappellent pas du tout lui (et je suis s\u00fbr que je ne vais pas en jeter un parfaitement bon fan juste pour aller d\u00e9poser de l&rsquo;argent sur un autre). Cependant, les animaux en peluche, les billets de concert et les cadeaux autrefois sentimentaux peuvent probablement dispara\u00eetre.<\/p>\n<p>En fin de compte, tant que vous n&rsquo;avez pas envie de votre ex, conservez les souvenirs comme bon vous semble, \u00e0 condition que vous puissiez \u00eatre ouvert et honn\u00eate avec votre nouveau partenaire et qu&rsquo;il ne le fasse pas.<em> <\/em>avoir une objection. <\/p>\n<p><\/p>\n","protected":false},"excerpt":{"rendered":"<p>Une enqu\u00eate a r\u00e9v\u00e9l\u00e9 que les hommes semblent plus susceptibles que les femmes de s&rsquo;accrocher \u00e0 des souvenirs relationnels. Qu&rsquo;il s&rsquo;agisse de cartes d&rsquo;anniversaire, de<\/p>\n","protected":false},"author":1,"featured_media":1326,"comment_status":"","ping_status":"","sticky":false,"template":"","format":"standard","meta":{"footnotes":""},"categories":[42],"tags":[248,139,1902,123,69,712,546,8],"class_list":["post-1325","post","type-post","status-publish","format-standard","has-post-thumbnail","hentry","category-relations","tag-ces","tag-derniere","tag-purger","tag-quand","tag-relation","tag-souvenirs","tag-tous","tag-votre","generate-columns","tablet-grid-50","mobile-grid-100","grid-parent","grid-33"],"yoast_head":"<!-- This site is optimized with the Yoast SEO plugin v24.0 - https:\/\/yoast.com\/wordpress\/plugins\/seo\/ -->\n<title>Quand purger tous ces souvenirs de votre derni\u00e8re relation | Vie Associative<\/title>\n<meta name=\"robots\" content=\"index, follow, max-snippet:-1, max-image-preview:large, max-video-preview:-1\" \/>\n<link rel=\"canonical\" href=\"https:\/\/vieassociative.be\/actualites\/quand-purger-tous-ces-souvenirs-de-votre-derniere-relation\/\" \/>\n<meta property=\"og:locale\" content=\"fr_FR\" \/>\n<meta property=\"og:type\" content=\"article\" \/>\n<meta property=\"og:title\" content=\"Quand purger tous ces souvenirs de votre derni\u00e8re relation | Vie Associative\" \/>\n<meta property=\"og:description\" content=\"Une enqu\u00eate a r\u00e9v\u00e9l\u00e9 que les hommes semblent plus susceptibles que les femmes de s&rsquo;accrocher \u00e0 des souvenirs relationnels. Qu&rsquo;il s&rsquo;agisse de cartes d&rsquo;anniversaire, de\" \/>\n<meta property=\"og:url\" content=\"https:\/\/vieassociative.be\/actualites\/quand-purger-tous-ces-souvenirs-de-votre-derniere-relation\/\" \/>\n<meta property=\"og:site_name\" content=\"Vie Associative\" \/>\n<meta property=\"article:published_time\" content=\"2024-10-17T11:18:36+00:00\" \/>\n<meta property=\"og:image\" content=\"https:\/\/vieassociative.be\/actualites\/wp-content\/uploads\/2024\/09\/header_backgroundk-01-e1726694325946.png\" \/>\n\t<meta property=\"og:image:width\" content=\"279\" \/>\n\t<meta property=\"og:image:height\" content=\"92\" \/>\n\t<meta property=\"og:image:type\" content=\"image\/png\" \/>\n<meta name=\"author\" content=\"Julien\" \/>\n<meta name=\"twitter:card\" content=\"summary_large_image\" \/>\n<meta name=\"twitter:label1\" content=\"\u00c9crit par\" \/>\n\t<meta name=\"twitter:data1\" content=\"Julien\" \/>\n\t<meta name=\"twitter:label2\" content=\"Dur\u00e9e de lecture est.\" \/>\n\t<meta name=\"twitter:data2\" content=\"4 minutes\" \/>\n<script type=\"application\/ld+json\" class=\"yoast-schema-graph\">{\"@context\":\"https:\/\/schema.org\",\"@graph\":[{\"@type\":\"Article\",\"@id\":\"https:\/\/vieassociative.be\/actualites\/quand-purger-tous-ces-souvenirs-de-votre-derniere-relation\/#article\",\"isPartOf\":{\"@id\":\"https:\/\/vieassociative.be\/actualites\/quand-purger-tous-ces-souvenirs-de-votre-derniere-relation\/\"},\"author\":{\"name\":\"Julien\",\"@id\":\"https:\/\/vieassociative.be\/actualites\/#\/schema\/person\/b87ac4f82f9d4e7b7cec7395b679edc4\"},\"headline\":\"Quand purger tous ces souvenirs de votre derni\u00e8re relation\",\"datePublished\":\"2024-10-17T11:18:36+00:00\",\"dateModified\":\"2024-10-17T11:18:36+00:00\",\"mainEntityOfPage\":{\"@id\":\"https:\/\/vieassociative.be\/actualites\/quand-purger-tous-ces-souvenirs-de-votre-derniere-relation\/\"},\"wordCount\":764,\"publisher\":{\"@id\":\"https:\/\/vieassociative.be\/actualites\/#organization\"},\"image\":{\"@id\":\"https:\/\/vieassociative.be\/actualites\/quand-purger-tous-ces-souvenirs-de-votre-derniere-relation\/#primaryimage\"},\"thumbnailUrl\":\"https:\/\/vieassociative.be\/actualites\/wp-content\/uploads\/2024\/10\/Quand-purger-tous-ces-souvenirs-de-votre-derniere-relation.jpg\",\"keywords\":[\"ces\",\"derni\u00e8re\",\"purger\",\"Quand\",\"relation\",\"souvenirs\",\"tous\",\"votre\"],\"articleSection\":[\"Relations\"],\"inLanguage\":\"fr-BE\"},{\"@type\":\"WebPage\",\"@id\":\"https:\/\/vieassociative.be\/actualites\/quand-purger-tous-ces-souvenirs-de-votre-derniere-relation\/\",\"url\":\"https:\/\/vieassociative.be\/actualites\/quand-purger-tous-ces-souvenirs-de-votre-derniere-relation\/\",\"name\":\"Quand purger tous ces souvenirs de votre derni\u00e8re relation | Vie Associative\",\"isPartOf\":{\"@id\":\"https:\/\/vieassociative.be\/actualites\/#website\"},\"primaryImageOfPage\":{\"@id\":\"https:\/\/vieassociative.be\/actualites\/quand-purger-tous-ces-souvenirs-de-votre-derniere-relation\/#primaryimage\"},\"image\":{\"@id\":\"https:\/\/vieassociative.be\/actualites\/quand-purger-tous-ces-souvenirs-de-votre-derniere-relation\/#primaryimage\"},\"thumbnailUrl\":\"https:\/\/vieassociative.be\/actualites\/wp-content\/uploads\/2024\/10\/Quand-purger-tous-ces-souvenirs-de-votre-derniere-relation.jpg\",\"datePublished\":\"2024-10-17T11:18:36+00:00\",\"dateModified\":\"2024-10-17T11:18:36+00:00\",\"breadcrumb\":{\"@id\":\"https:\/\/vieassociative.be\/actualites\/quand-purger-tous-ces-souvenirs-de-votre-derniere-relation\/#breadcrumb\"},\"inLanguage\":\"fr-BE\",\"potentialAction\":[{\"@type\":\"ReadAction\",\"target\":[\"https:\/\/vieassociative.be\/actualites\/quand-purger-tous-ces-souvenirs-de-votre-derniere-relation\/\"]}]},{\"@type\":\"ImageObject\",\"inLanguage\":\"fr-BE\",\"@id\":\"https:\/\/vieassociative.be\/actualites\/quand-purger-tous-ces-souvenirs-de-votre-derniere-relation\/#primaryimage\",\"url\":\"https:\/\/vieassociative.be\/actualites\/wp-content\/uploads\/2024\/10\/Quand-purger-tous-ces-souvenirs-de-votre-derniere-relation.jpg\",\"contentUrl\":\"https:\/\/vieassociative.be\/actualites\/wp-content\/uploads\/2024\/10\/Quand-purger-tous-ces-souvenirs-de-votre-derniere-relation.jpg\",\"width\":1200,\"height\":675,\"caption\":\"Quand purger tous ces souvenirs de votre derni\u00e8re relation\"},{\"@type\":\"BreadcrumbList\",\"@id\":\"https:\/\/vieassociative.be\/actualites\/quand-purger-tous-ces-souvenirs-de-votre-derniere-relation\/#breadcrumb\",\"itemListElement\":[{\"@type\":\"ListItem\",\"position\":1,\"name\":\"Accueil\",\"item\":\"https:\/\/vieassociative.be\/actualites\/\"},{\"@type\":\"ListItem\",\"position\":2,\"name\":\"Quand purger tous ces souvenirs de votre derni\u00e8re relation\"}]},{\"@type\":\"WebSite\",\"@id\":\"https:\/\/vieassociative.be\/actualites\/#website\",\"url\":\"https:\/\/vieassociative.be\/actualites\/\",\"name\":\"Vie Associative\",\"description\":\"\",\"publisher\":{\"@id\":\"https:\/\/vieassociative.be\/actualites\/#organization\"},\"potentialAction\":[{\"@type\":\"SearchAction\",\"target\":{\"@type\":\"EntryPoint\",\"urlTemplate\":\"https:\/\/vieassociative.be\/actualites\/?s={search_term_string}\"},\"query-input\":{\"@type\":\"PropertyValueSpecification\",\"valueRequired\":true,\"valueName\":\"search_term_string\"}}],\"inLanguage\":\"fr-BE\"},{\"@type\":\"Organization\",\"@id\":\"https:\/\/vieassociative.be\/actualites\/#organization\",\"name\":\"Vie Associative\",\"url\":\"https:\/\/vieassociative.be\/actualites\/\",\"logo\":{\"@type\":\"ImageObject\",\"inLanguage\":\"fr-BE\",\"@id\":\"https:\/\/vieassociative.be\/actualites\/#\/schema\/logo\/image\/\",\"url\":\"https:\/\/vieassociative.be\/actualites\/wp-content\/uploads\/2024\/09\/cropped-vieassociative_favicon.ico.png\",\"contentUrl\":\"https:\/\/vieassociative.be\/actualites\/wp-content\/uploads\/2024\/09\/cropped-vieassociative_favicon.ico.png\",\"width\":512,\"height\":512,\"caption\":\"Vie Associative\"},\"image\":{\"@id\":\"https:\/\/vieassociative.be\/actualites\/#\/schema\/logo\/image\/\"}},{\"@type\":\"Person\",\"@id\":\"https:\/\/vieassociative.be\/actualites\/#\/schema\/person\/b87ac4f82f9d4e7b7cec7395b679edc4\",\"name\":\"Julien\",\"image\":{\"@type\":\"ImageObject\",\"inLanguage\":\"fr-BE\",\"@id\":\"https:\/\/vieassociative.be\/actualites\/#\/schema\/person\/image\/\",\"url\":\"https:\/\/vieassociative.be\/actualites\/wp-content\/uploads\/2024\/09\/vie-associative-1-150x150.jpg\",\"contentUrl\":\"https:\/\/vieassociative.be\/actualites\/wp-content\/uploads\/2024\/09\/vie-associative-1-150x150.jpg\",\"caption\":\"Julien\"},\"description\":\"Je suis Julien, r\u00e9dacteur pour Vie Associative. Passionn\u00e9 par le monde associatif depuis plus de 10 ans, j'ai \u00e0 c\u0153ur de partager des histoires inspirantes et de mettre en lumi\u00e8re les initiatives locales. Mon objectif est de sensibiliser et d'encourager l'engagement communautaire \u00e0 travers mes articles.\",\"sameAs\":[\"https:\/\/vieassociative.be\/\"]}]}<\/script>\n<!-- \/ Yoast SEO plugin. -->","yoast_head_json":{"title":"Quand purger tous ces souvenirs de votre derni\u00e8re relation | Vie Associative","robots":{"index":"index","follow":"follow","max-snippet":"max-snippet:-1","max-image-preview":"max-image-preview:large","max-video-preview":"max-video-preview:-1"},"canonical":"https:\/\/vieassociative.be\/actualites\/quand-purger-tous-ces-souvenirs-de-votre-derniere-relation\/","og_locale":"fr_FR","og_type":"article","og_title":"Quand purger tous ces souvenirs de votre derni\u00e8re relation | Vie Associative","og_description":"Une enqu\u00eate a r\u00e9v\u00e9l\u00e9 que les hommes semblent plus susceptibles que les femmes de s&rsquo;accrocher \u00e0 des souvenirs relationnels. Qu&rsquo;il s&rsquo;agisse de cartes d&rsquo;anniversaire, de","og_url":"https:\/\/vieassociative.be\/actualites\/quand-purger-tous-ces-souvenirs-de-votre-derniere-relation\/","og_site_name":"Vie Associative","article_published_time":"2024-10-17T11:18:36+00:00","og_image":[{"width":279,"height":92,"url":"https:\/\/vieassociative.be\/actualites\/wp-content\/uploads\/2024\/09\/header_backgroundk-01-e1726694325946.png","type":"image\/png"}],"author":"Julien","twitter_card":"summary_large_image","twitter_misc":{"\u00c9crit par":"Julien","Dur\u00e9e de lecture est.":"4 minutes"},"schema":{"@context":"https:\/\/schema.org","@graph":[{"@type":"Article","@id":"https:\/\/vieassociative.be\/actualites\/quand-purger-tous-ces-souvenirs-de-votre-derniere-relation\/#article","isPartOf":{"@id":"https:\/\/vieassociative.be\/actualites\/quand-purger-tous-ces-souvenirs-de-votre-derniere-relation\/"},"author":{"name":"Julien","@id":"https:\/\/vieassociative.be\/actualites\/#\/schema\/person\/b87ac4f82f9d4e7b7cec7395b679edc4"},"headline":"Quand purger tous ces souvenirs de votre derni\u00e8re relation","datePublished":"2024-10-17T11:18:36+00:00","dateModified":"2024-10-17T11:18:36+00:00","mainEntityOfPage":{"@id":"https:\/\/vieassociative.be\/actualites\/quand-purger-tous-ces-souvenirs-de-votre-derniere-relation\/"},"wordCount":764,"publisher":{"@id":"https:\/\/vieassociative.be\/actualites\/#organization"},"image":{"@id":"https:\/\/vieassociative.be\/actualites\/quand-purger-tous-ces-souvenirs-de-votre-derniere-relation\/#primaryimage"},"thumbnailUrl":"https:\/\/vieassociative.be\/actualites\/wp-content\/uploads\/2024\/10\/Quand-purger-tous-ces-souvenirs-de-votre-derniere-relation.jpg","keywords":["ces","derni\u00e8re","purger","Quand","relation","souvenirs","tous","votre"],"articleSection":["Relations"],"inLanguage":"fr-BE"},{"@type":"WebPage","@id":"https:\/\/vieassociative.be\/actualites\/quand-purger-tous-ces-souvenirs-de-votre-derniere-relation\/","url":"https:\/\/vieassociative.be\/actualites\/quand-purger-tous-ces-souvenirs-de-votre-derniere-relation\/","name":"Quand purger tous ces souvenirs de votre derni\u00e8re relation | Vie Associative","isPartOf":{"@id":"https:\/\/vieassociative.be\/actualites\/#website"},"primaryImageOfPage":{"@id":"https:\/\/vieassociative.be\/actualites\/quand-purger-tous-ces-souvenirs-de-votre-derniere-relation\/#primaryimage"},"image":{"@id":"https:\/\/vieassociative.be\/actualites\/quand-purger-tous-ces-souvenirs-de-votre-derniere-relation\/#primaryimage"},"thumbnailUrl":"https:\/\/vieassociative.be\/actualites\/wp-content\/uploads\/2024\/10\/Quand-purger-tous-ces-souvenirs-de-votre-derniere-relation.jpg","datePublished":"2024-10-17T11:18:36+00:00","dateModified":"2024-10-17T11:18:36+00:00","breadcrumb":{"@id":"https:\/\/vieassociative.be\/actualites\/quand-purger-tous-ces-souvenirs-de-votre-derniere-relation\/#breadcrumb"},"inLanguage":"fr-BE","potentialAction":[{"@type":"ReadAction","target":["https:\/\/vieassociative.be\/actualites\/quand-purger-tous-ces-souvenirs-de-votre-derniere-relation\/"]}]},{"@type":"ImageObject","inLanguage":"fr-BE","@id":"https:\/\/vieassociative.be\/actualites\/quand-purger-tous-ces-souvenirs-de-votre-derniere-relation\/#primaryimage","url":"https:\/\/vieassociative.be\/actualites\/wp-content\/uploads\/2024\/10\/Quand-purger-tous-ces-souvenirs-de-votre-derniere-relation.jpg","contentUrl":"https:\/\/vieassociative.be\/actualites\/wp-content\/uploads\/2024\/10\/Quand-purger-tous-ces-souvenirs-de-votre-derniere-relation.jpg","width":1200,"height":675,"caption":"Quand purger tous ces souvenirs de votre derni\u00e8re relation"},{"@type":"BreadcrumbList","@id":"https:\/\/vieassociative.be\/actualites\/quand-purger-tous-ces-souvenirs-de-votre-derniere-relation\/#breadcrumb","itemListElement":[{"@type":"ListItem","position":1,"name":"Accueil","item":"https:\/\/vieassociative.be\/actualites\/"},{"@type":"ListItem","position":2,"name":"Quand purger tous ces souvenirs de votre derni\u00e8re relation"}]},{"@type":"WebSite","@id":"https:\/\/vieassociative.be\/actualites\/#website","url":"https:\/\/vieassociative.be\/actualites\/","name":"Vie Associative","description":"","publisher":{"@id":"https:\/\/vieassociative.be\/actualites\/#organization"},"potentialAction":[{"@type":"SearchAction","target":{"@type":"EntryPoint","urlTemplate":"https:\/\/vieassociative.be\/actualites\/?s={search_term_string}"},"query-input":{"@type":"PropertyValueSpecification","valueRequired":true,"valueName":"search_term_string"}}],"inLanguage":"fr-BE"},{"@type":"Organization","@id":"https:\/\/vieassociative.be\/actualites\/#organization","name":"Vie Associative","url":"https:\/\/vieassociative.be\/actualites\/","logo":{"@type":"ImageObject","inLanguage":"fr-BE","@id":"https:\/\/vieassociative.be\/actualites\/#\/schema\/logo\/image\/","url":"https:\/\/vieassociative.be\/actualites\/wp-content\/uploads\/2024\/09\/cropped-vieassociative_favicon.ico.png","contentUrl":"https:\/\/vieassociative.be\/actualites\/wp-content\/uploads\/2024\/09\/cropped-vieassociative_favicon.ico.png","width":512,"height":512,"caption":"Vie Associative"},"image":{"@id":"https:\/\/vieassociative.be\/actualites\/#\/schema\/logo\/image\/"}},{"@type":"Person","@id":"https:\/\/vieassociative.be\/actualites\/#\/schema\/person\/b87ac4f82f9d4e7b7cec7395b679edc4","name":"Julien","image":{"@type":"ImageObject","inLanguage":"fr-BE","@id":"https:\/\/vieassociative.be\/actualites\/#\/schema\/person\/image\/","url":"https:\/\/vieassociative.be\/actualites\/wp-content\/uploads\/2024\/09\/vie-associative-1-150x150.jpg","contentUrl":"https:\/\/vieassociative.be\/actualites\/wp-content\/uploads\/2024\/09\/vie-associative-1-150x150.jpg","caption":"Julien"},"description":"Je suis Julien, r\u00e9dacteur pour Vie Associative. Passionn\u00e9 par le monde associatif depuis plus de 10 ans, j'ai \u00e0 c\u0153ur de partager des histoires inspirantes et de mettre en lumi\u00e8re les initiatives locales. Mon objectif est de sensibiliser et d'encourager l'engagement communautaire \u00e0 travers mes articles.","sameAs":["https:\/\/vieassociative.be\/"]}]}},"_links":{"self":[{"href":"https:\/\/vieassociative.be\/actualites\/wp-json\/wp\/v2\/posts\/1325"}],"collection":[{"href":"https:\/\/vieassociative.be\/actualites\/wp-json\/wp\/v2\/posts"}],"about":[{"href":"https:\/\/vieassociative.be\/actualites\/wp-json\/wp\/v2\/types\/post"}],"author":[{"embeddable":true,"href":"https:\/\/vieassociative.be\/actualites\/wp-json\/wp\/v2\/users\/1"}],"replies":[{"embeddable":true,"href":"https:\/\/vieassociative.be\/actualites\/wp-json\/wp\/v2\/comments?post=1325"}],"version-history":[{"count":0,"href":"https:\/\/vieassociative.be\/actualites\/wp-json\/wp\/v2\/posts\/1325\/revisions"}],"wp:featuredmedia":[{"embeddable":true,"href":"https:\/\/vieassociative.be\/actualites\/wp-json\/wp\/v2\/media\/1326"}],"wp:attachment":[{"href":"https:\/\/vieassociative.be\/actualites\/wp-json\/wp\/v2\/media?parent=1325"}],"wp:term":[{"taxonomy":"category","embeddable":true,"href":"https:\/\/vieassociative.be\/actualites\/wp-json\/wp\/v2\/categories?post=1325"},{"taxonomy":"post_tag","embeddable":true,"href":"https:\/\/vieassociative.be\/actualites\/wp-json\/wp\/v2\/tags?post=1325"}],"curies":[{"name":"wp","href":"https:\/\/api.w.org\/{rel}","templated":true}]}}