{"id":13245,"date":"2026-03-30T11:17:22","date_gmt":"2026-03-30T09:17:22","guid":{"rendered":"https:\/\/vieassociative.be\/actualites\/a-partir-de-septembre-le-port-du-casque-sera-obligatoire-pour-les-scooters-et-velos-electriques-en-belgique-sils-roulent-a-plus-de-20-km-h\/"},"modified":"2026-03-30T11:17:22","modified_gmt":"2026-03-30T09:17:22","slug":"a-partir-de-septembre-le-port-du-casque-sera-obligatoire-pour-les-scooters-et-velos-electriques-en-belgique-sils-roulent-a-plus-de-20-km-h","status":"publish","type":"post","link":"https:\/\/vieassociative.be\/actualites\/a-partir-de-septembre-le-port-du-casque-sera-obligatoire-pour-les-scooters-et-velos-electriques-en-belgique-sils-roulent-a-plus-de-20-km-h\/","title":{"rendered":"\u00c0 partir de septembre, le port du casque sera obligatoire pour les scooters et v\u00e9los \u00e9lectriques en Belgique s&rsquo;ils roulent \u00e0 plus de 20 km\/h"},"content":{"rendered":"<p><strong>Le ministre f\u00e9d\u00e9ral de la Mobilit\u00e9 Jean-Luc Crucke (Les Engag\u00e9s) souhaite am\u00e9liorer la s\u00e9curit\u00e9 des trottinettes et v\u00e9los \u00e9lectriques en Belgique.<\/strong><\/p>\n<p><span id=\"more-438024\"><\/span>C&rsquo;est pourquoi Crucke a r\u00e9dig\u00e9 un arr\u00eat\u00e9 royal pour garantir l&rsquo;utilisation des scooters et v\u00e9los \u00e9lectriques. \u00c0 partir de septembre 2026, le port du casque sera obligatoire pour les v\u00e9hicules motoris\u00e9s circulant \u00e0 plus de 20 km\/h, rapporte lundi La Libre.<\/p>\n<div id=\"attachment_221430\" class=\"wp-caption alignleft\" style=\"max-width: 300px\"><img fetchpriority=\"high\" decoding=\"async\" class=\"wp-image-221430 size-medium\" src=\"https:\/\/vieassociative.be\/actualites\/wp-content\/uploads\/2026\/03\/A-partir-de-septembre-le-port-du-casque-sera-obligatoire.jpeg\" alt=\"\" width=\"300\" height=\"214\"  ><\/div>\n<p>L&rsquo;ann\u00e9e derni\u00e8re, les trottinettes \u00e9lectriques ont caus\u00e9 la mort de 13 personnes en Belgique. Parmi les personnes admises aux urgences apr\u00e8s un accident de scooter \u00e9lectrique, 65 % souffrent d&rsquo;un traumatisme cr\u00e2nien et seulement 4 % d&rsquo;entre elles portaient un casque au moment de l&rsquo;accident.<\/p>\n<p>Parall\u00e8lement, l\u2019obligation g\u00e9n\u00e9rale de porter un casque a dissuad\u00e9 les op\u00e9rateurs de services d\u2019autopartage. Au Danemark, par exemple, cette mesure a gravement port\u00e9 atteinte au march\u00e9. \u00ab\u00a0En cons\u00e9quence, l&rsquo;utilisation des scooters et des v\u00e9los de location a diminu\u00e9 de 50 \u00e0 70 pour cent. Cependant, le nombre d&rsquo;accidents enregistr\u00e9s n&rsquo;a pas diminu\u00e9\u00a0\u00bb, explique Suzanne Ryvers, collaboratrice de l&rsquo;asbl Way To Go, qui promeut le covoiturage et la mobilit\u00e9 partag\u00e9e dans toute la Belgique.<\/p>\n<p>\u00ab\u00a0Nous avons conclu un accord avec Way To Go qui oblige les entreprises \u00e0 respecter un certain nombre de r\u00e8gles\u00a0\u00bb, a soulign\u00e9 le ministre Crucke. Les trottinettes et v\u00e9los en libre-service sur le territoire belge doivent \u00eatre limit\u00e9s \u00e0 20 km\/h maximum pour \u00eatre exempt\u00e9s de l&rsquo;obligation du port du casque. (cr\u00e9er)<\/p>\n","protected":false},"excerpt":{"rendered":"<p>Le ministre f\u00e9d\u00e9ral de la Mobilit\u00e9 Jean-Luc Crucke (Les Engag\u00e9s) souhaite am\u00e9liorer la s\u00e9curit\u00e9 des trottinettes et v\u00e9los \u00e9lectriques en Belgique. C&rsquo;est pourquoi Crucke a<\/p>\n","protected":false},"author":1,"featured_media":13246,"comment_status":"","ping_status":"","sticky":false,"template":"","format":"standard","meta":{"footnotes":""},"categories":[298],"tags":[383,6608,3502,10384,14,6020,1591,6869,81,10383,10381,137,3230,10382,1598],"class_list":["post-13245","post","type-post","status-publish","format-standard","has-post-thumbnail","hentry","category-belgique","tag-belgique","tag-casque","tag-electriques","tag-kmh","tag-les","tag-obligatoire","tag-partir","tag-port","tag-pour","tag-roulent","tag-scooters","tag-septembre","tag-sera","tag-sils","tag-velos","generate-columns","tablet-grid-50","mobile-grid-100","grid-parent","grid-33"],"yoast_head":"<!-- This site is optimized with the Yoast SEO plugin v24.0 - https:\/\/yoast.com\/wordpress\/plugins\/seo\/ -->\n<title>\u00c0 partir de septembre, le port du casque sera obligatoire pour les scooters et v\u00e9los \u00e9lectriques en Belgique s&#039;ils roulent \u00e0 plus de 20 km\/h | Vie Associative<\/title>\n<meta name=\"robots\" content=\"index, follow, max-snippet:-1, max-image-preview:large, max-video-preview:-1\" \/>\n<link rel=\"canonical\" href=\"https:\/\/vieassociative.be\/actualites\/a-partir-de-septembre-le-port-du-casque-sera-obligatoire-pour-les-scooters-et-velos-electriques-en-belgique-sils-roulent-a-plus-de-20-km-h\/\" \/>\n<meta property=\"og:locale\" content=\"fr_FR\" \/>\n<meta property=\"og:type\" content=\"article\" \/>\n<meta property=\"og:title\" content=\"\u00c0 partir de septembre, le port du casque sera obligatoire pour les scooters et v\u00e9los \u00e9lectriques en Belgique s&#039;ils roulent \u00e0 plus de 20 km\/h | Vie Associative\" \/>\n<meta property=\"og:description\" content=\"Le ministre f\u00e9d\u00e9ral de la Mobilit\u00e9 Jean-Luc Crucke (Les Engag\u00e9s) souhaite am\u00e9liorer la s\u00e9curit\u00e9 des trottinettes et v\u00e9los \u00e9lectriques en Belgique. C&rsquo;est pourquoi Crucke a\" \/>\n<meta property=\"og:url\" content=\"https:\/\/vieassociative.be\/actualites\/a-partir-de-septembre-le-port-du-casque-sera-obligatoire-pour-les-scooters-et-velos-electriques-en-belgique-sils-roulent-a-plus-de-20-km-h\/\" \/>\n<meta property=\"og:site_name\" content=\"Vie Associative\" \/>\n<meta property=\"article:published_time\" content=\"2026-03-30T09:17:22+00:00\" \/>\n<meta property=\"og:image\" content=\"https:\/\/vieassociative.be\/actualites\/wp-content\/uploads\/2024\/09\/header_backgroundk-01-e1726694325946.png\" \/>\n\t<meta property=\"og:image:width\" content=\"279\" \/>\n\t<meta property=\"og:image:height\" content=\"92\" \/>\n\t<meta property=\"og:image:type\" content=\"image\/png\" \/>\n<meta name=\"author\" content=\"Julien\" \/>\n<meta name=\"twitter:card\" content=\"summary_large_image\" \/>\n<meta name=\"twitter:label1\" content=\"\u00c9crit par\" \/>\n\t<meta name=\"twitter:data1\" content=\"Julien\" \/>\n\t<meta name=\"twitter:label2\" content=\"Dur\u00e9e de lecture est.\" \/>\n\t<meta name=\"twitter:data2\" content=\"1 minute\" \/>\n<script type=\"application\/ld+json\" class=\"yoast-schema-graph\">{\"@context\":\"https:\/\/schema.org\",\"@graph\":[{\"@type\":\"Article\",\"@id\":\"https:\/\/vieassociative.be\/actualites\/a-partir-de-septembre-le-port-du-casque-sera-obligatoire-pour-les-scooters-et-velos-electriques-en-belgique-sils-roulent-a-plus-de-20-km-h\/#article\",\"isPartOf\":{\"@id\":\"https:\/\/vieassociative.be\/actualites\/a-partir-de-septembre-le-port-du-casque-sera-obligatoire-pour-les-scooters-et-velos-electriques-en-belgique-sils-roulent-a-plus-de-20-km-h\/\"},\"author\":{\"name\":\"Julien\",\"@id\":\"https:\/\/vieassociative.be\/actualites\/#\/schema\/person\/b87ac4f82f9d4e7b7cec7395b679edc4\"},\"headline\":\"\u00c0 partir de septembre, le port du casque sera obligatoire pour les scooters et v\u00e9los \u00e9lectriques en Belgique s&rsquo;ils roulent \u00e0 plus de 20 km\/h\",\"datePublished\":\"2026-03-30T09:17:22+00:00\",\"dateModified\":\"2026-03-30T09:17:22+00:00\",\"mainEntityOfPage\":{\"@id\":\"https:\/\/vieassociative.be\/actualites\/a-partir-de-septembre-le-port-du-casque-sera-obligatoire-pour-les-scooters-et-velos-electriques-en-belgique-sils-roulent-a-plus-de-20-km-h\/\"},\"wordCount\":285,\"publisher\":{\"@id\":\"https:\/\/vieassociative.be\/actualites\/#organization\"},\"image\":{\"@id\":\"https:\/\/vieassociative.be\/actualites\/a-partir-de-septembre-le-port-du-casque-sera-obligatoire-pour-les-scooters-et-velos-electriques-en-belgique-sils-roulent-a-plus-de-20-km-h\/#primaryimage\"},\"thumbnailUrl\":\"https:\/\/vieassociative.be\/actualites\/wp-content\/uploads\/2026\/03\/1774862243_A-partir-de-septembre-le-port-du-casque-sera-obligatoire.jpeg\",\"keywords\":[\"Belgique\",\"casque\",\"\u00e9lectriques\",\"kmh\",\"Les\",\"obligatoire\",\"partir\",\"port\",\"pour\",\"roulent\",\"scooters\",\"septembre\",\"sera\",\"sils\",\"v\u00e9los\"],\"articleSection\":[\"Belgique\"],\"inLanguage\":\"fr-BE\"},{\"@type\":\"WebPage\",\"@id\":\"https:\/\/vieassociative.be\/actualites\/a-partir-de-septembre-le-port-du-casque-sera-obligatoire-pour-les-scooters-et-velos-electriques-en-belgique-sils-roulent-a-plus-de-20-km-h\/\",\"url\":\"https:\/\/vieassociative.be\/actualites\/a-partir-de-septembre-le-port-du-casque-sera-obligatoire-pour-les-scooters-et-velos-electriques-en-belgique-sils-roulent-a-plus-de-20-km-h\/\",\"name\":\"\u00c0 partir de septembre, le port du casque sera obligatoire pour les scooters et v\u00e9los \u00e9lectriques en Belgique s'ils roulent \u00e0 plus de 20 km\/h | Vie Associative\",\"isPartOf\":{\"@id\":\"https:\/\/vieassociative.be\/actualites\/#website\"},\"primaryImageOfPage\":{\"@id\":\"https:\/\/vieassociative.be\/actualites\/a-partir-de-septembre-le-port-du-casque-sera-obligatoire-pour-les-scooters-et-velos-electriques-en-belgique-sils-roulent-a-plus-de-20-km-h\/#primaryimage\"},\"image\":{\"@id\":\"https:\/\/vieassociative.be\/actualites\/a-partir-de-septembre-le-port-du-casque-sera-obligatoire-pour-les-scooters-et-velos-electriques-en-belgique-sils-roulent-a-plus-de-20-km-h\/#primaryimage\"},\"thumbnailUrl\":\"https:\/\/vieassociative.be\/actualites\/wp-content\/uploads\/2026\/03\/1774862243_A-partir-de-septembre-le-port-du-casque-sera-obligatoire.jpeg\",\"datePublished\":\"2026-03-30T09:17:22+00:00\",\"dateModified\":\"2026-03-30T09:17:22+00:00\",\"breadcrumb\":{\"@id\":\"https:\/\/vieassociative.be\/actualites\/a-partir-de-septembre-le-port-du-casque-sera-obligatoire-pour-les-scooters-et-velos-electriques-en-belgique-sils-roulent-a-plus-de-20-km-h\/#breadcrumb\"},\"inLanguage\":\"fr-BE\",\"potentialAction\":[{\"@type\":\"ReadAction\",\"target\":[\"https:\/\/vieassociative.be\/actualites\/a-partir-de-septembre-le-port-du-casque-sera-obligatoire-pour-les-scooters-et-velos-electriques-en-belgique-sils-roulent-a-plus-de-20-km-h\/\"]}]},{\"@type\":\"ImageObject\",\"inLanguage\":\"fr-BE\",\"@id\":\"https:\/\/vieassociative.be\/actualites\/a-partir-de-septembre-le-port-du-casque-sera-obligatoire-pour-les-scooters-et-velos-electriques-en-belgique-sils-roulent-a-plus-de-20-km-h\/#primaryimage\",\"url\":\"https:\/\/vieassociative.be\/actualites\/wp-content\/uploads\/2026\/03\/1774862243_A-partir-de-septembre-le-port-du-casque-sera-obligatoire.jpeg\",\"contentUrl\":\"https:\/\/vieassociative.be\/actualites\/wp-content\/uploads\/2026\/03\/1774862243_A-partir-de-septembre-le-port-du-casque-sera-obligatoire.jpeg\",\"width\":1199,\"height\":799,\"caption\":\"\u00c0 partir de septembre, le port du casque sera obligatoire pour les scooters et v\u00e9los \u00e9lectriques en Belgique s'ils roulent \u00e0 plus de 20 km\/h\"},{\"@type\":\"BreadcrumbList\",\"@id\":\"https:\/\/vieassociative.be\/actualites\/a-partir-de-septembre-le-port-du-casque-sera-obligatoire-pour-les-scooters-et-velos-electriques-en-belgique-sils-roulent-a-plus-de-20-km-h\/#breadcrumb\",\"itemListElement\":[{\"@type\":\"ListItem\",\"position\":1,\"name\":\"Accueil\",\"item\":\"https:\/\/vieassociative.be\/actualites\/\"},{\"@type\":\"ListItem\",\"position\":2,\"name\":\"\u00c0 partir de septembre, le port du casque sera obligatoire pour les scooters et v\u00e9los \u00e9lectriques en Belgique s&rsquo;ils roulent \u00e0 plus de 20 km\/h\"}]},{\"@type\":\"WebSite\",\"@id\":\"https:\/\/vieassociative.be\/actualites\/#website\",\"url\":\"https:\/\/vieassociative.be\/actualites\/\",\"name\":\"Vie Associative\",\"description\":\"\",\"publisher\":{\"@id\":\"https:\/\/vieassociative.be\/actualites\/#organization\"},\"potentialAction\":[{\"@type\":\"SearchAction\",\"target\":{\"@type\":\"EntryPoint\",\"urlTemplate\":\"https:\/\/vieassociative.be\/actualites\/?s={search_term_string}\"},\"query-input\":{\"@type\":\"PropertyValueSpecification\",\"valueRequired\":true,\"valueName\":\"search_term_string\"}}],\"inLanguage\":\"fr-BE\"},{\"@type\":\"Organization\",\"@id\":\"https:\/\/vieassociative.be\/actualites\/#organization\",\"name\":\"Vie Associative\",\"url\":\"https:\/\/vieassociative.be\/actualites\/\",\"logo\":{\"@type\":\"ImageObject\",\"inLanguage\":\"fr-BE\",\"@id\":\"https:\/\/vieassociative.be\/actualites\/#\/schema\/logo\/image\/\",\"url\":\"https:\/\/vieassociative.be\/actualites\/wp-content\/uploads\/2024\/09\/cropped-vieassociative_favicon.ico.png\",\"contentUrl\":\"https:\/\/vieassociative.be\/actualites\/wp-content\/uploads\/2024\/09\/cropped-vieassociative_favicon.ico.png\",\"width\":512,\"height\":512,\"caption\":\"Vie Associative\"},\"image\":{\"@id\":\"https:\/\/vieassociative.be\/actualites\/#\/schema\/logo\/image\/\"}},{\"@type\":\"Person\",\"@id\":\"https:\/\/vieassociative.be\/actualites\/#\/schema\/person\/b87ac4f82f9d4e7b7cec7395b679edc4\",\"name\":\"Julien\",\"image\":{\"@type\":\"ImageObject\",\"inLanguage\":\"fr-BE\",\"@id\":\"https:\/\/vieassociative.be\/actualites\/#\/schema\/person\/image\/\",\"url\":\"https:\/\/vieassociative.be\/actualites\/wp-content\/uploads\/2024\/09\/vie-associative-1-150x150.jpg\",\"contentUrl\":\"https:\/\/vieassociative.be\/actualites\/wp-content\/uploads\/2024\/09\/vie-associative-1-150x150.jpg\",\"caption\":\"Julien\"},\"description\":\"Je suis Julien, r\u00e9dacteur pour Vie Associative. Passionn\u00e9 par le monde associatif depuis plus de 10 ans, j'ai \u00e0 c\u0153ur de partager des histoires inspirantes et de mettre en lumi\u00e8re les initiatives locales. Mon objectif est de sensibiliser et d'encourager l'engagement communautaire \u00e0 travers mes articles.\",\"sameAs\":[\"https:\/\/vieassociative.be\/\"]}]}<\/script>\n<!-- \/ Yoast SEO plugin. -->","yoast_head_json":{"title":"\u00c0 partir de septembre, le port du casque sera obligatoire pour les scooters et v\u00e9los \u00e9lectriques en Belgique s'ils roulent \u00e0 plus de 20 km\/h | Vie Associative","robots":{"index":"index","follow":"follow","max-snippet":"max-snippet:-1","max-image-preview":"max-image-preview:large","max-video-preview":"max-video-preview:-1"},"canonical":"https:\/\/vieassociative.be\/actualites\/a-partir-de-septembre-le-port-du-casque-sera-obligatoire-pour-les-scooters-et-velos-electriques-en-belgique-sils-roulent-a-plus-de-20-km-h\/","og_locale":"fr_FR","og_type":"article","og_title":"\u00c0 partir de septembre, le port du casque sera obligatoire pour les scooters et v\u00e9los \u00e9lectriques en Belgique s'ils roulent \u00e0 plus de 20 km\/h | Vie Associative","og_description":"Le ministre f\u00e9d\u00e9ral de la Mobilit\u00e9 Jean-Luc Crucke (Les Engag\u00e9s) souhaite am\u00e9liorer la s\u00e9curit\u00e9 des trottinettes et v\u00e9los \u00e9lectriques en Belgique. C&rsquo;est pourquoi Crucke a","og_url":"https:\/\/vieassociative.be\/actualites\/a-partir-de-septembre-le-port-du-casque-sera-obligatoire-pour-les-scooters-et-velos-electriques-en-belgique-sils-roulent-a-plus-de-20-km-h\/","og_site_name":"Vie Associative","article_published_time":"2026-03-30T09:17:22+00:00","og_image":[{"width":279,"height":92,"url":"https:\/\/vieassociative.be\/actualites\/wp-content\/uploads\/2024\/09\/header_backgroundk-01-e1726694325946.png","type":"image\/png"}],"author":"Julien","twitter_card":"summary_large_image","twitter_misc":{"\u00c9crit par":"Julien","Dur\u00e9e de lecture est.":"1 minute"},"schema":{"@context":"https:\/\/schema.org","@graph":[{"@type":"Article","@id":"https:\/\/vieassociative.be\/actualites\/a-partir-de-septembre-le-port-du-casque-sera-obligatoire-pour-les-scooters-et-velos-electriques-en-belgique-sils-roulent-a-plus-de-20-km-h\/#article","isPartOf":{"@id":"https:\/\/vieassociative.be\/actualites\/a-partir-de-septembre-le-port-du-casque-sera-obligatoire-pour-les-scooters-et-velos-electriques-en-belgique-sils-roulent-a-plus-de-20-km-h\/"},"author":{"name":"Julien","@id":"https:\/\/vieassociative.be\/actualites\/#\/schema\/person\/b87ac4f82f9d4e7b7cec7395b679edc4"},"headline":"\u00c0 partir de septembre, le port du casque sera obligatoire pour les scooters et v\u00e9los \u00e9lectriques en Belgique s&rsquo;ils roulent \u00e0 plus de 20 km\/h","datePublished":"2026-03-30T09:17:22+00:00","dateModified":"2026-03-30T09:17:22+00:00","mainEntityOfPage":{"@id":"https:\/\/vieassociative.be\/actualites\/a-partir-de-septembre-le-port-du-casque-sera-obligatoire-pour-les-scooters-et-velos-electriques-en-belgique-sils-roulent-a-plus-de-20-km-h\/"},"wordCount":285,"publisher":{"@id":"https:\/\/vieassociative.be\/actualites\/#organization"},"image":{"@id":"https:\/\/vieassociative.be\/actualites\/a-partir-de-septembre-le-port-du-casque-sera-obligatoire-pour-les-scooters-et-velos-electriques-en-belgique-sils-roulent-a-plus-de-20-km-h\/#primaryimage"},"thumbnailUrl":"https:\/\/vieassociative.be\/actualites\/wp-content\/uploads\/2026\/03\/1774862243_A-partir-de-septembre-le-port-du-casque-sera-obligatoire.jpeg","keywords":["Belgique","casque","\u00e9lectriques","kmh","Les","obligatoire","partir","port","pour","roulent","scooters","septembre","sera","sils","v\u00e9los"],"articleSection":["Belgique"],"inLanguage":"fr-BE"},{"@type":"WebPage","@id":"https:\/\/vieassociative.be\/actualites\/a-partir-de-septembre-le-port-du-casque-sera-obligatoire-pour-les-scooters-et-velos-electriques-en-belgique-sils-roulent-a-plus-de-20-km-h\/","url":"https:\/\/vieassociative.be\/actualites\/a-partir-de-septembre-le-port-du-casque-sera-obligatoire-pour-les-scooters-et-velos-electriques-en-belgique-sils-roulent-a-plus-de-20-km-h\/","name":"\u00c0 partir de septembre, le port du casque sera obligatoire pour les scooters et v\u00e9los \u00e9lectriques en Belgique s'ils roulent \u00e0 plus de 20 km\/h | Vie Associative","isPartOf":{"@id":"https:\/\/vieassociative.be\/actualites\/#website"},"primaryImageOfPage":{"@id":"https:\/\/vieassociative.be\/actualites\/a-partir-de-septembre-le-port-du-casque-sera-obligatoire-pour-les-scooters-et-velos-electriques-en-belgique-sils-roulent-a-plus-de-20-km-h\/#primaryimage"},"image":{"@id":"https:\/\/vieassociative.be\/actualites\/a-partir-de-septembre-le-port-du-casque-sera-obligatoire-pour-les-scooters-et-velos-electriques-en-belgique-sils-roulent-a-plus-de-20-km-h\/#primaryimage"},"thumbnailUrl":"https:\/\/vieassociative.be\/actualites\/wp-content\/uploads\/2026\/03\/1774862243_A-partir-de-septembre-le-port-du-casque-sera-obligatoire.jpeg","datePublished":"2026-03-30T09:17:22+00:00","dateModified":"2026-03-30T09:17:22+00:00","breadcrumb":{"@id":"https:\/\/vieassociative.be\/actualites\/a-partir-de-septembre-le-port-du-casque-sera-obligatoire-pour-les-scooters-et-velos-electriques-en-belgique-sils-roulent-a-plus-de-20-km-h\/#breadcrumb"},"inLanguage":"fr-BE","potentialAction":[{"@type":"ReadAction","target":["https:\/\/vieassociative.be\/actualites\/a-partir-de-septembre-le-port-du-casque-sera-obligatoire-pour-les-scooters-et-velos-electriques-en-belgique-sils-roulent-a-plus-de-20-km-h\/"]}]},{"@type":"ImageObject","inLanguage":"fr-BE","@id":"https:\/\/vieassociative.be\/actualites\/a-partir-de-septembre-le-port-du-casque-sera-obligatoire-pour-les-scooters-et-velos-electriques-en-belgique-sils-roulent-a-plus-de-20-km-h\/#primaryimage","url":"https:\/\/vieassociative.be\/actualites\/wp-content\/uploads\/2026\/03\/1774862243_A-partir-de-septembre-le-port-du-casque-sera-obligatoire.jpeg","contentUrl":"https:\/\/vieassociative.be\/actualites\/wp-content\/uploads\/2026\/03\/1774862243_A-partir-de-septembre-le-port-du-casque-sera-obligatoire.jpeg","width":1199,"height":799,"caption":"\u00c0 partir de septembre, le port du casque sera obligatoire pour les scooters et v\u00e9los \u00e9lectriques en Belgique s'ils roulent \u00e0 plus de 20 km\/h"},{"@type":"BreadcrumbList","@id":"https:\/\/vieassociative.be\/actualites\/a-partir-de-septembre-le-port-du-casque-sera-obligatoire-pour-les-scooters-et-velos-electriques-en-belgique-sils-roulent-a-plus-de-20-km-h\/#breadcrumb","itemListElement":[{"@type":"ListItem","position":1,"name":"Accueil","item":"https:\/\/vieassociative.be\/actualites\/"},{"@type":"ListItem","position":2,"name":"\u00c0 partir de septembre, le port du casque sera obligatoire pour les scooters et v\u00e9los \u00e9lectriques en Belgique s&rsquo;ils roulent \u00e0 plus de 20 km\/h"}]},{"@type":"WebSite","@id":"https:\/\/vieassociative.be\/actualites\/#website","url":"https:\/\/vieassociative.be\/actualites\/","name":"Vie Associative","description":"","publisher":{"@id":"https:\/\/vieassociative.be\/actualites\/#organization"},"potentialAction":[{"@type":"SearchAction","target":{"@type":"EntryPoint","urlTemplate":"https:\/\/vieassociative.be\/actualites\/?s={search_term_string}"},"query-input":{"@type":"PropertyValueSpecification","valueRequired":true,"valueName":"search_term_string"}}],"inLanguage":"fr-BE"},{"@type":"Organization","@id":"https:\/\/vieassociative.be\/actualites\/#organization","name":"Vie Associative","url":"https:\/\/vieassociative.be\/actualites\/","logo":{"@type":"ImageObject","inLanguage":"fr-BE","@id":"https:\/\/vieassociative.be\/actualites\/#\/schema\/logo\/image\/","url":"https:\/\/vieassociative.be\/actualites\/wp-content\/uploads\/2024\/09\/cropped-vieassociative_favicon.ico.png","contentUrl":"https:\/\/vieassociative.be\/actualites\/wp-content\/uploads\/2024\/09\/cropped-vieassociative_favicon.ico.png","width":512,"height":512,"caption":"Vie Associative"},"image":{"@id":"https:\/\/vieassociative.be\/actualites\/#\/schema\/logo\/image\/"}},{"@type":"Person","@id":"https:\/\/vieassociative.be\/actualites\/#\/schema\/person\/b87ac4f82f9d4e7b7cec7395b679edc4","name":"Julien","image":{"@type":"ImageObject","inLanguage":"fr-BE","@id":"https:\/\/vieassociative.be\/actualites\/#\/schema\/person\/image\/","url":"https:\/\/vieassociative.be\/actualites\/wp-content\/uploads\/2024\/09\/vie-associative-1-150x150.jpg","contentUrl":"https:\/\/vieassociative.be\/actualites\/wp-content\/uploads\/2024\/09\/vie-associative-1-150x150.jpg","caption":"Julien"},"description":"Je suis Julien, r\u00e9dacteur pour Vie Associative. Passionn\u00e9 par le monde associatif depuis plus de 10 ans, j'ai \u00e0 c\u0153ur de partager des histoires inspirantes et de mettre en lumi\u00e8re les initiatives locales. Mon objectif est de sensibiliser et d'encourager l'engagement communautaire \u00e0 travers mes articles.","sameAs":["https:\/\/vieassociative.be\/"]}]}},"_links":{"self":[{"href":"https:\/\/vieassociative.be\/actualites\/wp-json\/wp\/v2\/posts\/13245"}],"collection":[{"href":"https:\/\/vieassociative.be\/actualites\/wp-json\/wp\/v2\/posts"}],"about":[{"href":"https:\/\/vieassociative.be\/actualites\/wp-json\/wp\/v2\/types\/post"}],"author":[{"embeddable":true,"href":"https:\/\/vieassociative.be\/actualites\/wp-json\/wp\/v2\/users\/1"}],"replies":[{"embeddable":true,"href":"https:\/\/vieassociative.be\/actualites\/wp-json\/wp\/v2\/comments?post=13245"}],"version-history":[{"count":0,"href":"https:\/\/vieassociative.be\/actualites\/wp-json\/wp\/v2\/posts\/13245\/revisions"}],"wp:featuredmedia":[{"embeddable":true,"href":"https:\/\/vieassociative.be\/actualites\/wp-json\/wp\/v2\/media\/13246"}],"wp:attachment":[{"href":"https:\/\/vieassociative.be\/actualites\/wp-json\/wp\/v2\/media?parent=13245"}],"wp:term":[{"taxonomy":"category","embeddable":true,"href":"https:\/\/vieassociative.be\/actualites\/wp-json\/wp\/v2\/categories?post=13245"},{"taxonomy":"post_tag","embeddable":true,"href":"https:\/\/vieassociative.be\/actualites\/wp-json\/wp\/v2\/tags?post=13245"}],"curies":[{"name":"wp","href":"https:\/\/api.w.org\/{rel}","templated":true}]}}