{"id":13240,"date":"2026-03-30T05:17:55","date_gmt":"2026-03-30T03:17:55","guid":{"rendered":"https:\/\/vieassociative.be\/actualites\/european-sleeper-nouvelle-liaison-ferroviaire-de-nuit-de-paris-nord-via-mons-bruxelles-et-liege-vers-berlin\/"},"modified":"2026-03-30T05:17:55","modified_gmt":"2026-03-30T03:17:55","slug":"european-sleeper-nouvelle-liaison-ferroviaire-de-nuit-de-paris-nord-via-mons-bruxelles-et-liege-vers-berlin","status":"publish","type":"post","link":"https:\/\/vieassociative.be\/actualites\/european-sleeper-nouvelle-liaison-ferroviaire-de-nuit-de-paris-nord-via-mons-bruxelles-et-liege-vers-berlin\/","title":{"rendered":"European Sleeper : Nouvelle liaison ferroviaire de nuit de Paris Nord via Mons, Bruxelles et Li\u00e8ge vers Berlin"},"content":{"rendered":"<p><strong>Un nouveau train de nuit relie Paris et Berlin : European Sleeper d\u00e9marre avec trois trajets par semaine. \u00c0 partir de la mi-juillet, il y aura \u00e9galement une escale \u00e0 Hambourg-Harburg.<\/strong><\/p>\n<p><span id=\"more-438003\"><\/span>Alors que le remarquable train bleu arrive sur le quai de la Gare du Nord \u00e0 Paris, les voyageurs et les cheminots regardent avec curiosit\u00e9 la longue rang\u00e9e de voitures-lits et de voitures-couchettes.<\/p>\n<p>Le nouveau train de nuit entre Paris et Berlin, qui a d\u00e9marr\u00e9 son premier voyage jeudi soir, comble une lacune dans le r\u00e9seau encore clairsem\u00e9 des trains de nuit, tr\u00e8s appr\u00e9ci\u00e9s des voyageurs. Apr\u00e8s une petite f\u00eate avec les responsables des chemins de fer, le train se met en route vers Berlin, sous un vif int\u00e9r\u00eat m\u00e9diatique.<\/p>\n<p>Le service de train de nuit exploit\u00e9 par la compagnie ferroviaire n\u00e9erlando-belge European Sleeper circulera entre les deux villes trois fois par semaine. La dur\u00e9e du trajet est d&rsquo;environ 16 heures. La seule escale en Allemagne \u00e0 partir du 13 juillet se fera \u00e0 la gare de Hambourg-Harburg. Le train s&rsquo;arr\u00eate \u00e9galement \u00e0 Aulnoye-Aymeries dans le nord de la France et \u00e0 Mons, Bruxelles-Sud (Bruxelles Midi) et Li\u00e8ge en Belgique. Les billets sont disponibles dans trois classes de confort et des v\u00e9los peuvent \u00e9galement \u00eatre emport\u00e9s.<\/p>\n<div id=\"attachment_438006\" class=\"wp-caption alignleft\" style=\"max-width: 300px\"><img fetchpriority=\"high\" decoding=\"async\" class=\"wp-image-438006 size-medium\" src=\"https:\/\/vieassociative.be\/actualites\/wp-content\/uploads\/2026\/03\/European-Sleeper-Nouvelle-liaison-ferroviaire-de-nuit-de-Paris.jpg\" alt=\"\" width=\"300\" height=\"213\"><\/div>\n<p><strong>\u2013 Une start-up priv\u00e9e reprend le parcours des chemins de fer nationaux :<\/strong> European Sleeper reprend une ligne que les chemins de fer f\u00e9d\u00e9raux autrichiens (\u00d6BB) ont ferm\u00e9 \u00e0 la mi-d\u00e9cembre en raison de la perte des subventions de l&rsquo;\u00c9tat fran\u00e7ais. Ce train, exploit\u00e9 par l&rsquo;\u00d6BB en coop\u00e9ration avec la SNCF et la DB, parcourait un itin\u00e9raire diff\u00e9rent via Strasbourg, Francfort et Erfurt. Les protestations ont \u00e9t\u00e9 plus nombreuses contre la suppression de cette connexion, qui avait \u00e9t\u00e9 r\u00e9introduite en grande pompe \u00e0 peine deux ans plus t\u00f4t. European Sleeper est alors intervenu pour relier les deux m\u00e9tropoles.<\/p>\n<p>Ce n&rsquo;est qu&rsquo;avec de la pers\u00e9v\u00e9rance qu&rsquo;il a \u00e9t\u00e9 possible de mettre le nouveau train sur les rails en quelques mois, explique Chris Engelmann, co-fondateur d&rsquo;European Sleeper. \u00ab Chaque pays a des r\u00e8gles diff\u00e9rentes et la bureaucratie rend les choses difficiles. \u00bb Mais le projet a rencontr\u00e9 la sympathie des responsables des chemins de fer en France, en Belgique et en Allemagne, \u00ab tout le monde \u00e9tait enthousiaste \u00bb. C&rsquo;est ainsi qu&rsquo;un \u00e9cart \u00e0 court terme a \u00e9t\u00e9 constat\u00e9 dans l&rsquo;horaire du train de nuit.<\/p>\n<p><strong>\u2013 Un autre train de nuit de Cologne \u00e0 Milan pr\u00e9vu :<\/strong> European Sleeper exploite d\u00e9j\u00e0 une liaison entre Bruxelles et Prague via Berlin. \u00c0 partir de septembre, elle souhaite ouvrir une autre liaison de nuit depuis Bruxelles via Cologne et Zurich vers Milan.<\/p>\n<div id=\"attachment_438007\" class=\"wp-caption alignleft\" style=\"max-width: 300px\"><img decoding=\"async\" class=\"wp-image-438007 size-medium\" src=\"https:\/\/vieassociative.be\/actualites\/wp-content\/uploads\/2026\/03\/1774840675_747_European-Sleeper-Nouvelle-liaison-ferroviaire-de-nuit-de-Paris.jpg\" alt=\"\" width=\"300\" height=\"184\"><\/div>\n<p>L&rsquo;une des voyageuses du premier voyage est Ulrike de Halle (Saale), qui a r\u00e9serv\u00e9 des places dans la voiture-couchette avec ses enfants adultes Judith et Julius pour le voyage de retour apr\u00e8s une semaine de vacances \u00e0 Paris. \u00ab Je n\u2019ai jamais pris de train de nuit auparavant \u00bb, raconte la m\u00e8re. \u00abVous percevez l&rsquo;espace et le temps diff\u00e9remment et arrivez rafra\u00eechi\u00bb, explique Julius \u00e0 propos des avantages de voyager en train de nuit. La protection de l\u2019environnement est \u00e9galement un facteur important par rapport \u00e0 un vol. \u00ab Vous \u00e9conomisez \u00e9galement le prix d&rsquo;une nuit d&rsquo;h\u00f4tel \u00bb, explique Judith. La famille a r\u00e9serv\u00e9 le nouveau train de nuit parce que les \u00d6BB ont supprim\u00e9 de l&rsquo;horaire leur Nightjet, qui les aurait conduits directement \u00e0 Halle.<\/p>\n<p>Lors du premier voyage, il y a aussi \u00e0 bord un certain nombre de passionn\u00e9s des chemins de fer qui parlent des locomotives dans le couloir. Florian, par exemple, est venu du sud de la France \u00e0 Paris pour faire partie du premier voyage. \u00ab\u00a0Je vais \u00e0 Berlin \u00e0 cause du train.\u00a0\u00bb Apr\u00e8s une journ\u00e9e dans la capitale allemande, il prend le prochain train de nuit pour Paris vendredi soir.<\/p>\n<p><strong>\u2013 La connexion commence avec des wagons plus anciens :<\/strong> Le nouveau train de nuit entre Paris et Berlin est compos\u00e9 de voitures-lits et de voitures-couchettes en service depuis les ann\u00e9es 1990 et adapt\u00e9es aux normes actuelles. European Sleeper loue les wagons \u00e0 une entreprise allemande, tout comme la locomotive qui, contrairement aux wagons, est neuve. Le personnel du nouveau train sera \u00e9galement mis \u00e0 disposition par une autre compagnie. Plus tard, European Sleeper souhaite investir dans de nouveaux wagons.<\/p>\n<div id=\"attachment_438008\" class=\"wp-caption alignleft\" style=\"max-width: 300px\"><img decoding=\"async\" class=\"wp-image-438008 size-medium\" src=\"https:\/\/vieassociative.be\/actualites\/wp-content\/uploads\/2026\/03\/1774840675_166_European-Sleeper-Nouvelle-liaison-ferroviaire-de-nuit-de-Paris.jpg\" alt=\"\" width=\"300\" height=\"236\"><\/div>\n<p>Apr\u00e8s un voyage de deux heures et demie, l&rsquo;accueil a \u00e9t\u00e9 \u00e9tonnamment grand lorsque le long train a fait son premier arr\u00eat \u00e0 Aulnoye-Aymeries, ville frontali\u00e8re du nord de la France. Une centaine d&rsquo;habitants applaudissent sur le quai avec des drapeaux fran\u00e7ais et allemands, et le maire salue joyeusement les fondateurs de la compagnie ferroviaire. Apr\u00e8s des d\u00e9cennies, la r\u00e9gion sera \u00e0 nouveau reli\u00e9e au transport longue distance gr\u00e2ce au nouveau train. \u00ab Au revoir \u00bb, crient les gens alors que le train red\u00e9marre.<\/p>\n<p><strong>\u2013 25 000 billets vendus avant le premier voyage :<\/strong> Les trains de nuit sont tr\u00e8s demand\u00e9s car de plus en plus de personnes optent pour les voyages en train longue distance et n&rsquo;ont pas peur des longs trajets. Cependant, les compagnies ferroviaires publiques se plaignent toujours du fait que ces liaisons ne sont pas rentables. Cela est \u00e9galement d\u00fb au fait que les trains de nuit circulent sur les voies d&rsquo;\u00e9vitement pendant la journ\u00e9e, tandis qu&rsquo;un ICE, par exemple, fait plusieurs allers-retours sur un itin\u00e9raire plusieurs fois par jour et est donc plus \u00e9conomique.<\/p>\n<p>La nouvelle liaison nocturne entre Paris et Berlin est d\u00e9finitivement bien accueillie, selon European Sleeper. 25 000 billets avaient d\u00e9j\u00e0 \u00e9t\u00e9 vendus avant le premier voyage, ce qui \u00e9tait plus que pr\u00e9vu.<\/p>\n<p>Selon European Sleeper, il s\u2019agit d\u2019un mod\u00e8le de propri\u00e9t\u00e9 coop\u00e9rative. Les porteurs du projet ach\u00e8tent des parts et financent ainsi les branchements.<\/p>\n<h3>Trois liaisons ferroviaires de nuit depuis la Belgique<\/h3>\n<p>European Sleeper propose d\u00e9sormais trois liaisons ferroviaires de nuit directes depuis la Belgique :<\/p>\n<p><strong>\u2013 Bruxelles \u2013 Berlin \u2013 Prague :<\/strong> D\u00e9parts les lundi, mercredi et vendredi soir ; Retour le mardi, jeudi et dimanche soir. Les destinations incluent Anvers, Rotterdam, Amsterdam, Berlin, Dresde, Bad Schandau, D\u011b\u010d\u00edn et \u00dast\u00ed nad Labem.<\/p>\n<p><strong>\u2013 Paris \u2013 Bruxelles \u2013 Berlin : <\/strong>D\u00e9part pour Berlin les mardi, jeudi et dimanche soir ; Retour le lundi, mercredi et vendredi soir. Dessert Mons et Li\u00e8ge-Guillemins, entre autres. \u00c0 partir du 13 juillet 2026, Hambourg (Hamburg Harburg) sera \u00e9galement desservie.<\/p>\n<p><strong>\u2013 Bruxelles \u2013 Zurich \u2013 Milan (\u00e0 partir du 09.09.26) :<\/strong> D\u00e9part pour Milan (Porta Garibaldi) les lundi, jeudi et samedi soir ; Retour le mercredi, vendredi et dimanche soir. Dessert entre autres Li\u00e8ge-Guillemins, Cologne, Zurich, Lugano et C\u00f4me. (dpa\/cr\u00e9)<\/p>\n<p>Plus d&rsquo;informations sur <u>www.europeansleeper.eu<\/u><\/p>\n","protected":false},"excerpt":{"rendered":"<p>Un nouveau train de nuit relie Paris et Berlin : European Sleeper d\u00e9marre avec trois trajets par semaine. \u00c0 partir de la mi-juillet, il y<\/p>\n","protected":false},"author":1,"featured_media":13241,"comment_status":"","ping_status":"","sticky":false,"template":"","format":"standard","meta":{"footnotes":""},"categories":[298],"tags":[5834,455,10377,2705,10379,6554,2969,2634,491,2405,2447,10378,2778],"class_list":["post-13240","post","type-post","status-publish","format-standard","has-post-thumbnail","hentry","category-belgique","tag-berlin","tag-bruxelles","tag-european","tag-ferroviaire","tag-liaison","tag-liege","tag-mons","tag-nord","tag-nouvelle","tag-nuit","tag-paris","tag-sleeper","tag-vers","generate-columns","tablet-grid-50","mobile-grid-100","grid-parent","grid-33"],"yoast_head":"<!-- This site is optimized with the Yoast SEO plugin v24.0 - https:\/\/yoast.com\/wordpress\/plugins\/seo\/ -->\n<title>European Sleeper : Nouvelle liaison ferroviaire de nuit de Paris Nord via Mons, Bruxelles et Li\u00e8ge vers Berlin | Vie Associative<\/title>\n<meta name=\"robots\" content=\"index, follow, max-snippet:-1, max-image-preview:large, max-video-preview:-1\" \/>\n<link rel=\"canonical\" href=\"https:\/\/vieassociative.be\/actualites\/european-sleeper-nouvelle-liaison-ferroviaire-de-nuit-de-paris-nord-via-mons-bruxelles-et-liege-vers-berlin\/\" \/>\n<meta property=\"og:locale\" content=\"fr_FR\" \/>\n<meta property=\"og:type\" content=\"article\" \/>\n<meta property=\"og:title\" content=\"European Sleeper : Nouvelle liaison ferroviaire de nuit de Paris Nord via Mons, Bruxelles et Li\u00e8ge vers Berlin | Vie Associative\" \/>\n<meta property=\"og:description\" content=\"Un nouveau train de nuit relie Paris et Berlin : European Sleeper d\u00e9marre avec trois trajets par semaine. \u00c0 partir de la mi-juillet, il y\" \/>\n<meta property=\"og:url\" content=\"https:\/\/vieassociative.be\/actualites\/european-sleeper-nouvelle-liaison-ferroviaire-de-nuit-de-paris-nord-via-mons-bruxelles-et-liege-vers-berlin\/\" \/>\n<meta property=\"og:site_name\" content=\"Vie Associative\" \/>\n<meta property=\"article:published_time\" content=\"2026-03-30T03:17:55+00:00\" \/>\n<meta property=\"og:image\" content=\"https:\/\/vieassociative.be\/actualites\/wp-content\/uploads\/2024\/09\/header_backgroundk-01-e1726694325946.png\" \/>\n\t<meta property=\"og:image:width\" content=\"279\" \/>\n\t<meta property=\"og:image:height\" content=\"92\" \/>\n\t<meta property=\"og:image:type\" content=\"image\/png\" \/>\n<meta name=\"author\" content=\"Julien\" \/>\n<meta name=\"twitter:card\" content=\"summary_large_image\" \/>\n<meta name=\"twitter:label1\" content=\"\u00c9crit par\" \/>\n\t<meta name=\"twitter:data1\" content=\"Julien\" \/>\n\t<meta name=\"twitter:label2\" content=\"Dur\u00e9e de lecture est.\" \/>\n\t<meta name=\"twitter:data2\" content=\"6 minutes\" \/>\n<script type=\"application\/ld+json\" class=\"yoast-schema-graph\">{\"@context\":\"https:\/\/schema.org\",\"@graph\":[{\"@type\":\"Article\",\"@id\":\"https:\/\/vieassociative.be\/actualites\/european-sleeper-nouvelle-liaison-ferroviaire-de-nuit-de-paris-nord-via-mons-bruxelles-et-liege-vers-berlin\/#article\",\"isPartOf\":{\"@id\":\"https:\/\/vieassociative.be\/actualites\/european-sleeper-nouvelle-liaison-ferroviaire-de-nuit-de-paris-nord-via-mons-bruxelles-et-liege-vers-berlin\/\"},\"author\":{\"name\":\"Julien\",\"@id\":\"https:\/\/vieassociative.be\/actualites\/#\/schema\/person\/b87ac4f82f9d4e7b7cec7395b679edc4\"},\"headline\":\"European Sleeper : Nouvelle liaison ferroviaire de nuit de Paris Nord via Mons, Bruxelles et Li\u00e8ge vers Berlin\",\"datePublished\":\"2026-03-30T03:17:55+00:00\",\"dateModified\":\"2026-03-30T03:17:55+00:00\",\"mainEntityOfPage\":{\"@id\":\"https:\/\/vieassociative.be\/actualites\/european-sleeper-nouvelle-liaison-ferroviaire-de-nuit-de-paris-nord-via-mons-bruxelles-et-liege-vers-berlin\/\"},\"wordCount\":1140,\"publisher\":{\"@id\":\"https:\/\/vieassociative.be\/actualites\/#organization\"},\"image\":{\"@id\":\"https:\/\/vieassociative.be\/actualites\/european-sleeper-nouvelle-liaison-ferroviaire-de-nuit-de-paris-nord-via-mons-bruxelles-et-liege-vers-berlin\/#primaryimage\"},\"thumbnailUrl\":\"https:\/\/vieassociative.be\/actualites\/wp-content\/uploads\/2026\/03\/1774840676_European-Sleeper-Nouvelle-liaison-ferroviaire-de-nuit-de-Paris.jpg\",\"keywords\":[\"Berlin\",\"Bruxelles\",\"European\",\"ferroviaire\",\"liaison\",\"Li\u00e8ge\",\"Mons\",\"Nord\",\"nouvelle\",\"nuit\",\"Paris\",\"Sleeper\",\"vers\"],\"articleSection\":[\"Belgique\"],\"inLanguage\":\"fr-BE\"},{\"@type\":\"WebPage\",\"@id\":\"https:\/\/vieassociative.be\/actualites\/european-sleeper-nouvelle-liaison-ferroviaire-de-nuit-de-paris-nord-via-mons-bruxelles-et-liege-vers-berlin\/\",\"url\":\"https:\/\/vieassociative.be\/actualites\/european-sleeper-nouvelle-liaison-ferroviaire-de-nuit-de-paris-nord-via-mons-bruxelles-et-liege-vers-berlin\/\",\"name\":\"European Sleeper : Nouvelle liaison ferroviaire de nuit de Paris Nord via Mons, Bruxelles et Li\u00e8ge vers Berlin | Vie Associative\",\"isPartOf\":{\"@id\":\"https:\/\/vieassociative.be\/actualites\/#website\"},\"primaryImageOfPage\":{\"@id\":\"https:\/\/vieassociative.be\/actualites\/european-sleeper-nouvelle-liaison-ferroviaire-de-nuit-de-paris-nord-via-mons-bruxelles-et-liege-vers-berlin\/#primaryimage\"},\"image\":{\"@id\":\"https:\/\/vieassociative.be\/actualites\/european-sleeper-nouvelle-liaison-ferroviaire-de-nuit-de-paris-nord-via-mons-bruxelles-et-liege-vers-berlin\/#primaryimage\"},\"thumbnailUrl\":\"https:\/\/vieassociative.be\/actualites\/wp-content\/uploads\/2026\/03\/1774840676_European-Sleeper-Nouvelle-liaison-ferroviaire-de-nuit-de-Paris.jpg\",\"datePublished\":\"2026-03-30T03:17:55+00:00\",\"dateModified\":\"2026-03-30T03:17:55+00:00\",\"breadcrumb\":{\"@id\":\"https:\/\/vieassociative.be\/actualites\/european-sleeper-nouvelle-liaison-ferroviaire-de-nuit-de-paris-nord-via-mons-bruxelles-et-liege-vers-berlin\/#breadcrumb\"},\"inLanguage\":\"fr-BE\",\"potentialAction\":[{\"@type\":\"ReadAction\",\"target\":[\"https:\/\/vieassociative.be\/actualites\/european-sleeper-nouvelle-liaison-ferroviaire-de-nuit-de-paris-nord-via-mons-bruxelles-et-liege-vers-berlin\/\"]}]},{\"@type\":\"ImageObject\",\"inLanguage\":\"fr-BE\",\"@id\":\"https:\/\/vieassociative.be\/actualites\/european-sleeper-nouvelle-liaison-ferroviaire-de-nuit-de-paris-nord-via-mons-bruxelles-et-liege-vers-berlin\/#primaryimage\",\"url\":\"https:\/\/vieassociative.be\/actualites\/wp-content\/uploads\/2026\/03\/1774840676_European-Sleeper-Nouvelle-liaison-ferroviaire-de-nuit-de-Paris.jpg\",\"contentUrl\":\"https:\/\/vieassociative.be\/actualites\/wp-content\/uploads\/2026\/03\/1774840676_European-Sleeper-Nouvelle-liaison-ferroviaire-de-nuit-de-Paris.jpg\",\"width\":1200,\"height\":900,\"caption\":\"European Sleeper : Nouvelle liaison ferroviaire de nuit de Paris Nord via Mons, Bruxelles et Li\u00e8ge vers Berlin\"},{\"@type\":\"BreadcrumbList\",\"@id\":\"https:\/\/vieassociative.be\/actualites\/european-sleeper-nouvelle-liaison-ferroviaire-de-nuit-de-paris-nord-via-mons-bruxelles-et-liege-vers-berlin\/#breadcrumb\",\"itemListElement\":[{\"@type\":\"ListItem\",\"position\":1,\"name\":\"Accueil\",\"item\":\"https:\/\/vieassociative.be\/actualites\/\"},{\"@type\":\"ListItem\",\"position\":2,\"name\":\"European Sleeper : Nouvelle liaison ferroviaire de nuit de Paris Nord via Mons, Bruxelles et Li\u00e8ge vers Berlin\"}]},{\"@type\":\"WebSite\",\"@id\":\"https:\/\/vieassociative.be\/actualites\/#website\",\"url\":\"https:\/\/vieassociative.be\/actualites\/\",\"name\":\"Vie Associative\",\"description\":\"\",\"publisher\":{\"@id\":\"https:\/\/vieassociative.be\/actualites\/#organization\"},\"potentialAction\":[{\"@type\":\"SearchAction\",\"target\":{\"@type\":\"EntryPoint\",\"urlTemplate\":\"https:\/\/vieassociative.be\/actualites\/?s={search_term_string}\"},\"query-input\":{\"@type\":\"PropertyValueSpecification\",\"valueRequired\":true,\"valueName\":\"search_term_string\"}}],\"inLanguage\":\"fr-BE\"},{\"@type\":\"Organization\",\"@id\":\"https:\/\/vieassociative.be\/actualites\/#organization\",\"name\":\"Vie Associative\",\"url\":\"https:\/\/vieassociative.be\/actualites\/\",\"logo\":{\"@type\":\"ImageObject\",\"inLanguage\":\"fr-BE\",\"@id\":\"https:\/\/vieassociative.be\/actualites\/#\/schema\/logo\/image\/\",\"url\":\"https:\/\/vieassociative.be\/actualites\/wp-content\/uploads\/2024\/09\/cropped-vieassociative_favicon.ico.png\",\"contentUrl\":\"https:\/\/vieassociative.be\/actualites\/wp-content\/uploads\/2024\/09\/cropped-vieassociative_favicon.ico.png\",\"width\":512,\"height\":512,\"caption\":\"Vie Associative\"},\"image\":{\"@id\":\"https:\/\/vieassociative.be\/actualites\/#\/schema\/logo\/image\/\"}},{\"@type\":\"Person\",\"@id\":\"https:\/\/vieassociative.be\/actualites\/#\/schema\/person\/b87ac4f82f9d4e7b7cec7395b679edc4\",\"name\":\"Julien\",\"image\":{\"@type\":\"ImageObject\",\"inLanguage\":\"fr-BE\",\"@id\":\"https:\/\/vieassociative.be\/actualites\/#\/schema\/person\/image\/\",\"url\":\"https:\/\/vieassociative.be\/actualites\/wp-content\/uploads\/2024\/09\/vie-associative-1-150x150.jpg\",\"contentUrl\":\"https:\/\/vieassociative.be\/actualites\/wp-content\/uploads\/2024\/09\/vie-associative-1-150x150.jpg\",\"caption\":\"Julien\"},\"description\":\"Je suis Julien, r\u00e9dacteur pour Vie Associative. Passionn\u00e9 par le monde associatif depuis plus de 10 ans, j'ai \u00e0 c\u0153ur de partager des histoires inspirantes et de mettre en lumi\u00e8re les initiatives locales. Mon objectif est de sensibiliser et d'encourager l'engagement communautaire \u00e0 travers mes articles.\",\"sameAs\":[\"https:\/\/vieassociative.be\/\"]}]}<\/script>\n<!-- \/ Yoast SEO plugin. -->","yoast_head_json":{"title":"European Sleeper : Nouvelle liaison ferroviaire de nuit de Paris Nord via Mons, Bruxelles et Li\u00e8ge vers Berlin | Vie Associative","robots":{"index":"index","follow":"follow","max-snippet":"max-snippet:-1","max-image-preview":"max-image-preview:large","max-video-preview":"max-video-preview:-1"},"canonical":"https:\/\/vieassociative.be\/actualites\/european-sleeper-nouvelle-liaison-ferroviaire-de-nuit-de-paris-nord-via-mons-bruxelles-et-liege-vers-berlin\/","og_locale":"fr_FR","og_type":"article","og_title":"European Sleeper : Nouvelle liaison ferroviaire de nuit de Paris Nord via Mons, Bruxelles et Li\u00e8ge vers Berlin | Vie Associative","og_description":"Un nouveau train de nuit relie Paris et Berlin : European Sleeper d\u00e9marre avec trois trajets par semaine. \u00c0 partir de la mi-juillet, il y","og_url":"https:\/\/vieassociative.be\/actualites\/european-sleeper-nouvelle-liaison-ferroviaire-de-nuit-de-paris-nord-via-mons-bruxelles-et-liege-vers-berlin\/","og_site_name":"Vie Associative","article_published_time":"2026-03-30T03:17:55+00:00","og_image":[{"width":279,"height":92,"url":"https:\/\/vieassociative.be\/actualites\/wp-content\/uploads\/2024\/09\/header_backgroundk-01-e1726694325946.png","type":"image\/png"}],"author":"Julien","twitter_card":"summary_large_image","twitter_misc":{"\u00c9crit par":"Julien","Dur\u00e9e de lecture est.":"6 minutes"},"schema":{"@context":"https:\/\/schema.org","@graph":[{"@type":"Article","@id":"https:\/\/vieassociative.be\/actualites\/european-sleeper-nouvelle-liaison-ferroviaire-de-nuit-de-paris-nord-via-mons-bruxelles-et-liege-vers-berlin\/#article","isPartOf":{"@id":"https:\/\/vieassociative.be\/actualites\/european-sleeper-nouvelle-liaison-ferroviaire-de-nuit-de-paris-nord-via-mons-bruxelles-et-liege-vers-berlin\/"},"author":{"name":"Julien","@id":"https:\/\/vieassociative.be\/actualites\/#\/schema\/person\/b87ac4f82f9d4e7b7cec7395b679edc4"},"headline":"European Sleeper : Nouvelle liaison ferroviaire de nuit de Paris Nord via Mons, Bruxelles et Li\u00e8ge vers Berlin","datePublished":"2026-03-30T03:17:55+00:00","dateModified":"2026-03-30T03:17:55+00:00","mainEntityOfPage":{"@id":"https:\/\/vieassociative.be\/actualites\/european-sleeper-nouvelle-liaison-ferroviaire-de-nuit-de-paris-nord-via-mons-bruxelles-et-liege-vers-berlin\/"},"wordCount":1140,"publisher":{"@id":"https:\/\/vieassociative.be\/actualites\/#organization"},"image":{"@id":"https:\/\/vieassociative.be\/actualites\/european-sleeper-nouvelle-liaison-ferroviaire-de-nuit-de-paris-nord-via-mons-bruxelles-et-liege-vers-berlin\/#primaryimage"},"thumbnailUrl":"https:\/\/vieassociative.be\/actualites\/wp-content\/uploads\/2026\/03\/1774840676_European-Sleeper-Nouvelle-liaison-ferroviaire-de-nuit-de-Paris.jpg","keywords":["Berlin","Bruxelles","European","ferroviaire","liaison","Li\u00e8ge","Mons","Nord","nouvelle","nuit","Paris","Sleeper","vers"],"articleSection":["Belgique"],"inLanguage":"fr-BE"},{"@type":"WebPage","@id":"https:\/\/vieassociative.be\/actualites\/european-sleeper-nouvelle-liaison-ferroviaire-de-nuit-de-paris-nord-via-mons-bruxelles-et-liege-vers-berlin\/","url":"https:\/\/vieassociative.be\/actualites\/european-sleeper-nouvelle-liaison-ferroviaire-de-nuit-de-paris-nord-via-mons-bruxelles-et-liege-vers-berlin\/","name":"European Sleeper : Nouvelle liaison ferroviaire de nuit de Paris Nord via Mons, Bruxelles et Li\u00e8ge vers Berlin | Vie Associative","isPartOf":{"@id":"https:\/\/vieassociative.be\/actualites\/#website"},"primaryImageOfPage":{"@id":"https:\/\/vieassociative.be\/actualites\/european-sleeper-nouvelle-liaison-ferroviaire-de-nuit-de-paris-nord-via-mons-bruxelles-et-liege-vers-berlin\/#primaryimage"},"image":{"@id":"https:\/\/vieassociative.be\/actualites\/european-sleeper-nouvelle-liaison-ferroviaire-de-nuit-de-paris-nord-via-mons-bruxelles-et-liege-vers-berlin\/#primaryimage"},"thumbnailUrl":"https:\/\/vieassociative.be\/actualites\/wp-content\/uploads\/2026\/03\/1774840676_European-Sleeper-Nouvelle-liaison-ferroviaire-de-nuit-de-Paris.jpg","datePublished":"2026-03-30T03:17:55+00:00","dateModified":"2026-03-30T03:17:55+00:00","breadcrumb":{"@id":"https:\/\/vieassociative.be\/actualites\/european-sleeper-nouvelle-liaison-ferroviaire-de-nuit-de-paris-nord-via-mons-bruxelles-et-liege-vers-berlin\/#breadcrumb"},"inLanguage":"fr-BE","potentialAction":[{"@type":"ReadAction","target":["https:\/\/vieassociative.be\/actualites\/european-sleeper-nouvelle-liaison-ferroviaire-de-nuit-de-paris-nord-via-mons-bruxelles-et-liege-vers-berlin\/"]}]},{"@type":"ImageObject","inLanguage":"fr-BE","@id":"https:\/\/vieassociative.be\/actualites\/european-sleeper-nouvelle-liaison-ferroviaire-de-nuit-de-paris-nord-via-mons-bruxelles-et-liege-vers-berlin\/#primaryimage","url":"https:\/\/vieassociative.be\/actualites\/wp-content\/uploads\/2026\/03\/1774840676_European-Sleeper-Nouvelle-liaison-ferroviaire-de-nuit-de-Paris.jpg","contentUrl":"https:\/\/vieassociative.be\/actualites\/wp-content\/uploads\/2026\/03\/1774840676_European-Sleeper-Nouvelle-liaison-ferroviaire-de-nuit-de-Paris.jpg","width":1200,"height":900,"caption":"European Sleeper : Nouvelle liaison ferroviaire de nuit de Paris Nord via Mons, Bruxelles et Li\u00e8ge vers Berlin"},{"@type":"BreadcrumbList","@id":"https:\/\/vieassociative.be\/actualites\/european-sleeper-nouvelle-liaison-ferroviaire-de-nuit-de-paris-nord-via-mons-bruxelles-et-liege-vers-berlin\/#breadcrumb","itemListElement":[{"@type":"ListItem","position":1,"name":"Accueil","item":"https:\/\/vieassociative.be\/actualites\/"},{"@type":"ListItem","position":2,"name":"European Sleeper : Nouvelle liaison ferroviaire de nuit de Paris Nord via Mons, Bruxelles et Li\u00e8ge vers Berlin"}]},{"@type":"WebSite","@id":"https:\/\/vieassociative.be\/actualites\/#website","url":"https:\/\/vieassociative.be\/actualites\/","name":"Vie Associative","description":"","publisher":{"@id":"https:\/\/vieassociative.be\/actualites\/#organization"},"potentialAction":[{"@type":"SearchAction","target":{"@type":"EntryPoint","urlTemplate":"https:\/\/vieassociative.be\/actualites\/?s={search_term_string}"},"query-input":{"@type":"PropertyValueSpecification","valueRequired":true,"valueName":"search_term_string"}}],"inLanguage":"fr-BE"},{"@type":"Organization","@id":"https:\/\/vieassociative.be\/actualites\/#organization","name":"Vie Associative","url":"https:\/\/vieassociative.be\/actualites\/","logo":{"@type":"ImageObject","inLanguage":"fr-BE","@id":"https:\/\/vieassociative.be\/actualites\/#\/schema\/logo\/image\/","url":"https:\/\/vieassociative.be\/actualites\/wp-content\/uploads\/2024\/09\/cropped-vieassociative_favicon.ico.png","contentUrl":"https:\/\/vieassociative.be\/actualites\/wp-content\/uploads\/2024\/09\/cropped-vieassociative_favicon.ico.png","width":512,"height":512,"caption":"Vie Associative"},"image":{"@id":"https:\/\/vieassociative.be\/actualites\/#\/schema\/logo\/image\/"}},{"@type":"Person","@id":"https:\/\/vieassociative.be\/actualites\/#\/schema\/person\/b87ac4f82f9d4e7b7cec7395b679edc4","name":"Julien","image":{"@type":"ImageObject","inLanguage":"fr-BE","@id":"https:\/\/vieassociative.be\/actualites\/#\/schema\/person\/image\/","url":"https:\/\/vieassociative.be\/actualites\/wp-content\/uploads\/2024\/09\/vie-associative-1-150x150.jpg","contentUrl":"https:\/\/vieassociative.be\/actualites\/wp-content\/uploads\/2024\/09\/vie-associative-1-150x150.jpg","caption":"Julien"},"description":"Je suis Julien, r\u00e9dacteur pour Vie Associative. Passionn\u00e9 par le monde associatif depuis plus de 10 ans, j'ai \u00e0 c\u0153ur de partager des histoires inspirantes et de mettre en lumi\u00e8re les initiatives locales. Mon objectif est de sensibiliser et d'encourager l'engagement communautaire \u00e0 travers mes articles.","sameAs":["https:\/\/vieassociative.be\/"]}]}},"_links":{"self":[{"href":"https:\/\/vieassociative.be\/actualites\/wp-json\/wp\/v2\/posts\/13240"}],"collection":[{"href":"https:\/\/vieassociative.be\/actualites\/wp-json\/wp\/v2\/posts"}],"about":[{"href":"https:\/\/vieassociative.be\/actualites\/wp-json\/wp\/v2\/types\/post"}],"author":[{"embeddable":true,"href":"https:\/\/vieassociative.be\/actualites\/wp-json\/wp\/v2\/users\/1"}],"replies":[{"embeddable":true,"href":"https:\/\/vieassociative.be\/actualites\/wp-json\/wp\/v2\/comments?post=13240"}],"version-history":[{"count":0,"href":"https:\/\/vieassociative.be\/actualites\/wp-json\/wp\/v2\/posts\/13240\/revisions"}],"wp:featuredmedia":[{"embeddable":true,"href":"https:\/\/vieassociative.be\/actualites\/wp-json\/wp\/v2\/media\/13241"}],"wp:attachment":[{"href":"https:\/\/vieassociative.be\/actualites\/wp-json\/wp\/v2\/media?parent=13240"}],"wp:term":[{"taxonomy":"category","embeddable":true,"href":"https:\/\/vieassociative.be\/actualites\/wp-json\/wp\/v2\/categories?post=13240"},{"taxonomy":"post_tag","embeddable":true,"href":"https:\/\/vieassociative.be\/actualites\/wp-json\/wp\/v2\/tags?post=13240"}],"curies":[{"name":"wp","href":"https:\/\/api.w.org\/{rel}","templated":true}]}}