{"id":13238,"date":"2026-03-30T04:17:41","date_gmt":"2026-03-30T02:17:41","guid":{"rendered":"https:\/\/vieassociative.be\/actualites\/ce-sont-les-meilleures-offres-dordinateurs-portables-que-jai-vues-lors-de-la-grande-vente-de-printemps-damazon\/"},"modified":"2026-03-30T04:17:41","modified_gmt":"2026-03-30T02:17:41","slug":"ce-sont-les-meilleures-offres-dordinateurs-portables-que-jai-vues-lors-de-la-grande-vente-de-printemps-damazon","status":"publish","type":"post","link":"https:\/\/vieassociative.be\/actualites\/ce-sont-les-meilleures-offres-dordinateurs-portables-que-jai-vues-lors-de-la-grande-vente-de-printemps-damazon\/","title":{"rendered":"Ce sont les meilleures offres d&rsquo;ordinateurs portables que j&rsquo;ai vues lors de la grande vente de printemps d&rsquo;Amazon"},"content":{"rendered":"<p>Nous pouvons gagner une commission sur les liens sur cette page. Les prix et la disponibilit\u00e9 de l&rsquo;offre sont sujets \u00e0 changement apr\u00e8s la publication.<\/p>\n<p>La grande vente de printemps d&rsquo;Amazon bat son plein cette semaine. Si vous jetez un \u0153il \u00e0 la section \u00ab\u00a0Ordinateurs portables\u00a0\u00bb de la page des grandes ventes de printemps d&rsquo;Amazon, vous trouverez des options apparemment infinies disponibles \u00e0 prix r\u00e9duit. Cela ne signifie pas pour autant que toutes ces offres m\u00e9ritent d\u2019\u00eatre envisag\u00e9es. Il existe de nombreux ordinateurs portables, et tous ne conviendront pas \u00e0 vous (ou \u00e0 la plupart des gens). En tant que tel, j&rsquo;ai examin\u00e9 les produits d&rsquo;Amazon et j&rsquo;ai trouv\u00e9 des offres qui semblent vraiment m\u00e9riter d&rsquo;\u00eatre consid\u00e9r\u00e9es. <\/p>\n<p>Une r\u00e8gle g\u00e9n\u00e9rale avec des offres comme celles-ci : si vous n\u2019avez jamais entendu parler de l\u2019entreprise auparavant, soyez extr\u00eamement prudent. Il existe des fabricants d\u2019ordinateurs portables qui sont dans le jeu depuis des ann\u00e9es et savent comment commercialiser un produit qui fonctionne. Si vous constatez une remise \u00e9norme sur un ordinateur portable d\u2019une entreprise anonyme, cela devrait \u00eatre un signal d\u2019alarme. Cela ne veut pas dire <em>tous<\/em> les start-ups et les nouvelles entreprises doivent \u00eatre \u00e9vit\u00e9es\u00a0; faites simplement vos recherches avant d\u2019acheter un ordinateur.  <\/p>\n<div class=\"shadow-b-2 mb-12 mt-10 rounded-md border-2 border-(#F0F0F0) px-6 py-2 shadow-lg md:px-12\" role=\"region\" aria-label=\"Products List\">\n<div class=\"flex w-full gap-x-5\">\n<div class=\"flex w-full flex-col flex-nowrap justify-center gap-2 text-black no-underline md:order-2 md:gap-y-6\">\n<div class=\"flex flex-col justify-between gap-y-2 md:w-full md:gap-y-1\">\n<div class=\"block w-fit cursor-pointer font-akshar text-lg font-medium leading-5 text-brand-green duration-200 ease-in-out hover:text-brand-green-700 md:text-xl md:leading-6\">\n<p>                            MacBook Air M4 (15 pouces)\n                        <\/p><\/div>\n<\/p><\/div>\n<div class=\"hidden md:flex md:justify-between md:gap-x-4\">\n<div class=\"w-full mb-0 md:flex md:flex-col md:justify-center font-sans leading-4 text-black\">\n<div class=\"flex flex-wrap items-center justify-center gap-1 md:justify-start\">\n        <span class=\"font-bold\"><\/p>\n<p>            1\u00a0149,00\u00a0$<br \/>\n                            <span class=\"font-medium\">chez Amazon<\/span><br \/>\n                    <\/span>\n            <\/div>\n<div class=\"flex items-center justify-center gap-x-1 font-bold md:justify-start\">\n            <span class=\"text-sm line-through\">1\u00a0399,00\u00a0$<\/span><br \/>\n            <span class=\"text-sm text-brand-green\">\u00c9conomisez 250,00\u00a0$<\/span>\n        <\/div>\n<\/p><\/div>\n<p>                            <button class=\"flex justify-center items-center w-full bg-brand-green text-white text-base font-sans font-medium rounded-md hover:bg-brand-green-700 hover:cursor-pointer md:text-sm hidden self-end h-12 max-w-(10rem) duration-200 ease-in-out hover:bg-brand-green-700 md:flex md:h-10\"><\/p>\n<p>    Obtenez une offre<br \/>\n<\/button>\n                        <\/div>\n<\/p><\/div>\n<div class=\"flex aspect-video h-(90px) shrink-0 items-center justify-center self-center md:order-1\">\n                        <img decoding=\"async\" class=\"m-0 max-h-full max-w-full rounded-md\" src=\"https:\/\/vieassociative.be\/actualites\/wp-content\/uploads\/2026\/03\/Ce-sont-les-meilleures-offres-dordinateurs-portables-que-jai-vues.jpg\" alt=\"Ordinateur portable Apple 2025 MacBook Air 15 pouces avec puce M4 : con\u00e7u pour Apple Intelligence, \u00e9cran Liquid Retina de 15,3 pouces, m\u00e9moire unifi\u00e9e de 16 Go, stockage SSD de 512 Go, cam\u00e9ra centrale de 12 MP, Touch ID ; Argent\" width=\"auto\" height=\"auto\" loading=\"lazy\">\n                    <\/div>\n<\/p><\/div>\n<p>                            <button class=\"flex justify-center items-center w-full bg-brand-green text-white text-base font-sans font-medium rounded-md hover:bg-brand-green-700 hover:cursor-pointer md:text-sm w-full h-12 duration-200 ease-in-out hover:bg-brand-green-700 md:hidden md:h-10\"><\/p>\n<p>    Obtenez une offre<br \/>\n<\/button><\/p>\n<div class=\"flex flex-col items-center w-full md:hidden font-sans leading-4 text-black\">\n<div class=\"flex flex-wrap items-center justify-center gap-1 md:justify-start\">\n        <span class=\"font-bold\"><\/p>\n<p>            1\u00a0149,00\u00a0$<br \/>\n                            <span class=\"font-medium\">chez Amazon<\/span><br \/>\n                    <\/span>\n            <\/div>\n<div class=\"flex items-center justify-center gap-x-1 font-bold md:justify-start\">\n            <span class=\"text-sm line-through\">1\u00a0399,00\u00a0$<\/span><br \/>\n            <span class=\"text-sm text-brand-green\">\u00c9conomisez 250,00\u00a0$<\/span>\n        <\/div>\n<\/p><\/div>\n<div class=\"flex w-full gap-x-5\">\n<div class=\"flex w-full flex-col flex-nowrap justify-center gap-2 text-black no-underline md:order-2 md:gap-y-6\">\n<div class=\"flex flex-col justify-between gap-y-2 md:w-full md:gap-y-1\">\n<div class=\"block w-fit cursor-pointer font-akshar text-lg font-medium leading-5 text-brand-green duration-200 ease-in-out hover:text-brand-green-700 md:text-xl md:leading-6\">\n<p>                            Samsung Galaxy Livre 5 Pro 360\n                        <\/p><\/div>\n<\/p><\/div>\n<div class=\"hidden md:flex md:justify-between md:gap-x-4\">\n<div class=\"w-full mb-0 md:flex md:flex-col md:justify-center font-sans leading-4 text-black\">\n<div class=\"flex flex-wrap items-center justify-center gap-1 md:justify-start\">\n        <span class=\"font-bold\"><\/p>\n<p>            1\u00a0199,99\u00a0$<br \/>\n                            <span class=\"font-medium\">chez Amazon<\/span><br \/>\n                    <\/span>\n            <\/div>\n<div class=\"flex items-center justify-center gap-x-1 font-bold md:justify-start\">\n            <span class=\"text-sm line-through\">1\u00a0699,99\u00a0$<\/span><br \/>\n            <span class=\"text-sm text-brand-green\">\u00c9conomisez 500,00\u00a0$<\/span>\n        <\/div>\n<\/p><\/div>\n<p>                            <button class=\"flex justify-center items-center w-full bg-brand-green text-white text-base font-sans font-medium rounded-md hover:bg-brand-green-700 hover:cursor-pointer md:text-sm hidden self-end h-12 max-w-(10rem) duration-200 ease-in-out hover:bg-brand-green-700 md:flex md:h-10\"><\/p>\n<p>    Obtenez une offre<br \/>\n<\/button>\n                        <\/div>\n<\/p><\/div>\n<div class=\"flex aspect-video h-(90px) shrink-0 items-center justify-center self-center md:order-1\">\n                        <img decoding=\"async\" class=\"m-0 max-h-full max-w-full rounded-md\" src=\"https:\/\/vieassociative.be\/actualites\/wp-content\/uploads\/2026\/03\/1774837059_645_Ce-sont-les-meilleures-offres-dordinateurs-portables-que-jai-vues.jpg\" alt=\"Samsung Galaxy Book5 Pro 360 Intel Ultra 7 1 To SSD 16 Go RAM 16\" 3K AMOLED 2-in-1 Laptop\" width=\"auto\" height=\"auto\" loading=\"lazy\">\n                    <\/div>\n<\/p><\/div>\n<p>                            <button class=\"flex justify-center items-center w-full bg-brand-green text-white text-base font-sans font-medium rounded-md hover:bg-brand-green-700 hover:cursor-pointer md:text-sm w-full h-12 duration-200 ease-in-out hover:bg-brand-green-700 md:hidden md:h-10\"><\/p>\n<p>    Obtenez une offre<br \/>\n<\/button><\/p>\n<div class=\"flex flex-col items-center w-full md:hidden font-sans leading-4 text-black\">\n<div class=\"flex flex-wrap items-center justify-center gap-1 md:justify-start\">\n        <span class=\"font-bold\"><\/p>\n<p>            1\u00a0199,99\u00a0$<br \/>\n                            <span class=\"font-medium\">chez Amazon<\/span><br \/>\n                    <\/span>\n            <\/div>\n<div class=\"flex items-center justify-center gap-x-1 font-bold md:justify-start\">\n            <span class=\"text-sm line-through\">1\u00a0699,99\u00a0$<\/span><br \/>\n            <span class=\"text-sm text-brand-green\">\u00c9conomisez 500,00\u00a0$<\/span>\n        <\/div>\n<\/p><\/div>\n<div class=\"flex w-full gap-x-5\">\n<div class=\"flex w-full flex-col flex-nowrap justify-center gap-2 text-black no-underline md:order-2 md:gap-y-6\">\n<div class=\"flex flex-col justify-between gap-y-2 md:w-full md:gap-y-1\">\n<div class=\"block w-fit cursor-pointer font-akshar text-lg font-medium leading-5 text-brand-green duration-200 ease-in-out hover:text-brand-green-700 md:text-xl md:leading-6\">\n<p>                            HP EliteBook 6 G1i\n                        <\/p><\/div>\n<\/p><\/div>\n<div class=\"hidden md:flex md:justify-between md:gap-x-4\">\n<div class=\"w-full mb-0 md:flex md:flex-col md:justify-center font-sans leading-4 text-black\">\n<div class=\"flex flex-wrap items-center justify-center gap-1 md:justify-start\">\n        <span class=\"font-bold\"><\/p>\n<p>            1\u00a0899,98\u00a0$<br \/>\n                            <span class=\"font-medium\">chez Amazon<\/span><br \/>\n                    <\/span>\n            <\/div>\n<div class=\"flex items-center justify-center gap-x-1 font-bold md:justify-start\">\n            <span class=\"text-sm line-through\">2\u00a0799,00\u00a0$<\/span><br \/>\n            <span class=\"text-sm text-brand-green\">\u00c9conomisez 899,02\u00a0$<\/span>\n        <\/div>\n<\/p><\/div>\n<p>                            <button class=\"flex justify-center items-center w-full bg-brand-green text-white text-base font-sans font-medium rounded-md hover:bg-brand-green-700 hover:cursor-pointer md:text-sm hidden self-end h-12 max-w-(10rem) duration-200 ease-in-out hover:bg-brand-green-700 md:flex md:h-10\"><\/p>\n<p>    Obtenez une offre<br \/>\n<\/button>\n                        <\/div>\n<\/p><\/div>\n<div class=\"flex aspect-video h-(90px) shrink-0 items-center justify-center self-center md:order-1\">\n                        <img decoding=\"async\" class=\"m-0 max-h-full max-w-full rounded-md\" src=\"https:\/\/vieassociative.be\/actualites\/wp-content\/uploads\/2026\/03\/1774837059_692_Ce-sont-les-meilleures-offres-dordinateurs-portables-que-jai-vues.jpg\" alt=\"Ordinateur portable HP EliteBook 6 G1i avec Intel Ultra 7 255U, pour bureau \u00e0 domicile, Office 365 \u00e0 vie, (64 Go DDR5, 1 To SSD), clavier r\u00e9tro\u00e9clair\u00e9, Thunderbolt 4, WiFi 6E, Windows 11 Pro, argent p\u00e2le\" width=\"auto\" height=\"auto\" loading=\"lazy\">\n                    <\/div>\n<\/p><\/div>\n<p>                            <button class=\"flex justify-center items-center w-full bg-brand-green text-white text-base font-sans font-medium rounded-md hover:bg-brand-green-700 hover:cursor-pointer md:text-sm w-full h-12 duration-200 ease-in-out hover:bg-brand-green-700 md:hidden md:h-10\"><\/p>\n<p>    Obtenez une offre<br \/>\n<\/button><\/p>\n<div class=\"flex flex-col items-center w-full md:hidden font-sans leading-4 text-black\">\n<div class=\"flex flex-wrap items-center justify-center gap-1 md:justify-start\">\n        <span class=\"font-bold\"><\/p>\n<p>            1\u00a0899,98\u00a0$<br \/>\n                            <span class=\"font-medium\">chez Amazon<\/span><br \/>\n                    <\/span>\n            <\/div>\n<div class=\"flex items-center justify-center gap-x-1 font-bold md:justify-start\">\n            <span class=\"text-sm line-through\">2\u00a0799,00\u00a0$<\/span><br \/>\n            <span class=\"text-sm text-brand-green\">\u00c9conomisez 899,02\u00a0$<\/span>\n        <\/div>\n<\/p><\/div>\n<div class=\"flex w-full gap-x-5\">\n<div class=\"flex w-full flex-col flex-nowrap justify-center gap-2 text-black no-underline md:order-2 md:gap-y-6\">\n<div class=\"flex flex-col justify-between gap-y-2 md:w-full md:gap-y-1\">\n<div class=\"block w-fit cursor-pointer font-akshar text-lg font-medium leading-5 text-brand-green duration-200 ease-in-out hover:text-brand-green-700 md:text-xl md:leading-6\">\n<p>                            ASUS TUF-F16\n                        <\/p><\/div>\n<\/p><\/div>\n<div class=\"hidden md:flex md:justify-between md:gap-x-4\">\n<div class=\"w-full mb-0 md:flex md:flex-col md:justify-center font-sans leading-4 text-black\">\n<div class=\"flex flex-wrap items-center justify-center gap-1 md:justify-start\">\n        <span class=\"font-bold\"><\/p>\n<p>            999,99\u00a0$<br \/>\n                            <span class=\"font-medium\">chez Amazon<\/span><br \/>\n                    <\/span>\n            <\/div>\n<div class=\"flex items-center justify-center gap-x-1 font-bold md:justify-start\">\n            <span class=\"text-sm line-through\">1\u00a0299,99\u00a0$<\/span><br \/>\n            <span class=\"text-sm text-brand-green\">\u00c9conomisez 300,00\u00a0$<\/span>\n        <\/div>\n<\/p><\/div>\n<p>                            <button class=\"flex justify-center items-center w-full bg-brand-green text-white text-base font-sans font-medium rounded-md hover:bg-brand-green-700 hover:cursor-pointer md:text-sm hidden self-end h-12 max-w-(10rem) duration-200 ease-in-out hover:bg-brand-green-700 md:flex md:h-10\"><\/p>\n<p>    Obtenez une offre<br \/>\n<\/button>\n                        <\/div>\n<\/p><\/div>\n<div class=\"flex aspect-video h-(90px) shrink-0 items-center justify-center self-center md:order-1\">\n                        <img decoding=\"async\" class=\"m-0 max-h-full max-w-full rounded-md\" src=\"https:\/\/vieassociative.be\/actualites\/wp-content\/uploads\/2026\/03\/1774837060_739_Ce-sont-les-meilleures-offres-dordinateurs-portables-que-jai-vues.jpg\" alt=\"Asus TUF Gaming F16 Intel i5 13e g\u00e9n\u00e9ration RTX 5050 512 Go SSD 16 Go RAM 16\" Laptop\" width=\"auto\" height=\"auto\" loading=\"lazy\">\n                    <\/div>\n<\/p><\/div>\n<p>                            <button class=\"flex justify-center items-center w-full bg-brand-green text-white text-base font-sans font-medium rounded-md hover:bg-brand-green-700 hover:cursor-pointer md:text-sm w-full h-12 duration-200 ease-in-out hover:bg-brand-green-700 md:hidden md:h-10\"><\/p>\n<p>    Obtenez une offre<br \/>\n<\/button><\/p>\n<div class=\"flex flex-col items-center w-full md:hidden font-sans leading-4 text-black\">\n<div class=\"flex flex-wrap items-center justify-center gap-1 md:justify-start\">\n        <span class=\"font-bold\"><\/p>\n<p>            999,99\u00a0$<br \/>\n                            <span class=\"font-medium\">chez Amazon<\/span><br \/>\n                    <\/span>\n            <\/div>\n<div class=\"flex items-center justify-center gap-x-1 font-bold md:justify-start\">\n            <span class=\"text-sm line-through\">1\u00a0299,99\u00a0$<\/span><br \/>\n            <span class=\"text-sm text-brand-green\">\u00c9conomisez 300,00\u00a0$<\/span>\n        <\/div>\n<\/p><\/div>\n<div class=\"flex w-full gap-x-5\">\n<div class=\"flex w-full flex-col flex-nowrap justify-center gap-2 text-black no-underline md:order-2 md:gap-y-6\">\n<div class=\"flex flex-col justify-between gap-y-2 md:w-full md:gap-y-1\">\n<div class=\"block w-fit cursor-pointer font-akshar text-lg font-medium leading-5 text-brand-green duration-200 ease-in-out hover:text-brand-green-700 md:text-xl md:leading-6\">\n<p>                            ASUS ROG Strix G18\n                        <\/p><\/div>\n<\/p><\/div>\n<div class=\"hidden md:flex md:justify-between md:gap-x-4\">\n<div class=\"w-full mb-0 md:flex md:flex-col md:justify-center font-sans leading-4 text-black\">\n<div class=\"flex flex-wrap items-center justify-center gap-1 md:justify-start\">\n        <span class=\"font-bold\"><\/p>\n<p>            1\u00a0394,99\u00a0$<br \/>\n                            <span class=\"font-medium\">chez Amazon<\/span><br \/>\n                    <\/span>\n            <\/div>\n<div class=\"flex items-center justify-center gap-x-1 font-bold md:justify-start\">\n            <span class=\"text-sm line-through\">1\u00a0699,99\u00a0$<\/span><br \/>\n            <span class=\"text-sm text-brand-green\">\u00c9conomisez 305,00\u00a0$<\/span>\n        <\/div>\n<\/p><\/div>\n<p>                            <button class=\"flex justify-center items-center w-full bg-brand-green text-white text-base font-sans font-medium rounded-md hover:bg-brand-green-700 hover:cursor-pointer md:text-sm hidden self-end h-12 max-w-(10rem) duration-200 ease-in-out hover:bg-brand-green-700 md:flex md:h-10\"><\/p>\n<p>    Obtenez une offre<br \/>\n<\/button>\n                        <\/div>\n<\/p><\/div>\n<div class=\"flex aspect-video h-(90px) shrink-0 items-center justify-center self-center md:order-1\">\n                        <img decoding=\"async\" class=\"m-0 max-h-full max-w-full rounded-md\" src=\"https:\/\/vieassociative.be\/actualites\/wp-content\/uploads\/2026\/03\/1774837060_842_Ce-sont-les-meilleures-offres-dordinateurs-portables-que-jai-vues.jpg\" alt=\"Asus ROG Strix G18 Ryzen 9 RTX 5050 1 To SSD 16 Go RAM 18\" Laptop\" width=\"auto\" height=\"auto\" loading=\"lazy\">\n                    <\/div>\n<\/p><\/div>\n<p>                            <button class=\"flex justify-center items-center w-full bg-brand-green text-white text-base font-sans font-medium rounded-md hover:bg-brand-green-700 hover:cursor-pointer md:text-sm w-full h-12 duration-200 ease-in-out hover:bg-brand-green-700 md:hidden md:h-10\"><\/p>\n<p>    Obtenez une offre<br \/>\n<\/button><\/p>\n<div class=\"flex flex-col items-center w-full md:hidden font-sans leading-4 text-black\">\n<div class=\"flex flex-wrap items-center justify-center gap-1 md:justify-start\">\n        <span class=\"font-bold\"><\/p>\n<p>            1\u00a0394,99\u00a0$<br \/>\n                            <span class=\"font-medium\">chez Amazon<\/span><br \/>\n                    <\/span>\n            <\/div>\n<div class=\"flex items-center justify-center gap-x-1 font-bold md:justify-start\">\n            <span class=\"text-sm line-through\">1\u00a0699,99\u00a0$<\/span><br \/>\n            <span class=\"text-sm text-brand-green\">\u00c9conomisez 305,00\u00a0$<\/span>\n        <\/div>\n<\/p><\/div>\n<div class=\"flex w-full gap-x-5\">\n<div class=\"flex w-full flex-col flex-nowrap justify-center gap-2 text-black no-underline md:order-2 md:gap-y-6\">\n<div class=\"flex flex-col justify-between gap-y-2 md:w-full md:gap-y-1\">\n<div class=\"block w-fit cursor-pointer font-akshar text-lg font-medium leading-5 text-brand-green duration-200 ease-in-out hover:text-brand-green-700 md:text-xl md:leading-6\">\n<p>                            Lenovo L\u00e9gion 5i\n                        <\/p><\/div>\n<\/p><\/div>\n<div class=\"hidden md:flex md:justify-between md:gap-x-4\">\n<div class=\"w-full mb-0 md:flex md:flex-col md:justify-center font-sans leading-4 text-black\">\n<div class=\"flex flex-wrap items-center justify-center gap-1 md:justify-start\">\n        <span class=\"font-bold\"><\/p>\n<p>            1\u00a0469,99\u00a0$<br \/>\n                            <span class=\"font-medium\">chez Amazon<\/span><br \/>\n                    <\/span>\n            <\/div>\n<div class=\"flex items-center justify-center gap-x-1 font-bold md:justify-start\">\n            <span class=\"text-sm line-through\">1\u00a0669,99\u00a0$<\/span><br \/>\n            <span class=\"text-sm text-brand-green\">\u00c9conomisez 200,00\u00a0$<\/span>\n        <\/div>\n<\/p><\/div>\n<p>                            <button class=\"flex justify-center items-center w-full bg-brand-green text-white text-base font-sans font-medium rounded-md hover:bg-brand-green-700 hover:cursor-pointer md:text-sm hidden self-end h-12 max-w-(10rem) duration-200 ease-in-out hover:bg-brand-green-700 md:flex md:h-10\"><\/p>\n<p>    Obtenez une offre<br \/>\n<\/button>\n                        <\/div>\n<\/p><\/div>\n<div class=\"flex aspect-video h-(90px) shrink-0 items-center justify-center self-center md:order-1\">\n                        <img decoding=\"async\" class=\"m-0 max-h-full max-w-full rounded-md\" src=\"https:\/\/vieassociative.be\/actualites\/wp-content\/uploads\/2026\/03\/1774837061_330_Ce-sont-les-meilleures-offres-dordinateurs-portables-que-jai-vues.jpg\" alt=\"Lenovo Legion 5i Intel i7 14e g\u00e9n\u00e9ration RTX 5070 1 To SSD 16 Go RAM OLED 15\" Laptop\" width=\"auto\" height=\"auto\" loading=\"lazy\">\n                    <\/div>\n<\/p><\/div>\n<p>                            <button class=\"flex justify-center items-center w-full bg-brand-green text-white text-base font-sans font-medium rounded-md hover:bg-brand-green-700 hover:cursor-pointer md:text-sm w-full h-12 duration-200 ease-in-out hover:bg-brand-green-700 md:hidden md:h-10\"><\/p>\n<p>    Obtenez une offre<br \/>\n<\/button><\/p>\n<div class=\"flex flex-col items-center w-full md:hidden font-sans leading-4 text-black\">\n<div class=\"flex flex-wrap items-center justify-center gap-1 md:justify-start\">\n        <span class=\"font-bold\"><\/p>\n<p>            1\u00a0469,99\u00a0$<br \/>\n                            <span class=\"font-medium\">chez Amazon<\/span><br \/>\n                    <\/span>\n            <\/div>\n<div class=\"flex items-center justify-center gap-x-1 font-bold md:justify-start\">\n            <span class=\"text-sm line-through\">1\u00a0669,99\u00a0$<\/span><br \/>\n            <span class=\"text-sm text-brand-green\">\u00c9conomisez 200,00\u00a0$<\/span>\n        <\/div>\n<\/p><\/div>\n<p>        <button class=\"mb-4 mt-6 pr-4 font-akshar text-sm font-medium text-gray-900 hover:cursor-pointer hover:text-brand-green md:pr-8\"><\/p>\n<p>        VOIR 3 DE PLUS<\/p>\n<p>    <\/button>\n<\/div>\n<h2 id=\"m4-15-inch-macbook-air\">MacBook Air M4 15 pouces<\/h2>\n<p>Si vous recherchez un ordinateur portable grand mais portable, le MacBook Air est un excellent achat. Alors que le dernier mod\u00e8le d&rsquo;Apple est dot\u00e9 de la puce M5, la version M4 est plus que capable d&rsquo;acheter \u00e0 la place, surtout lorsque vous pouvez \u00e9conomiser de l&rsquo;argent. <\/p>\n<p>Lors de la grande vente de printemps d&rsquo;Amazon, vous pouvez vous procurer le MacBook Air M4 15 pouces pour 1 149 $. C&rsquo;est 150 $ moins cher que la version M5. Vous b\u00e9n\u00e9ficiez toujours des m\u00eames 16 Go de RAM et de 512 Go de stockage, ainsi que d&rsquo;une puce qu&rsquo;Apple prendra probablement en charge dans les ann\u00e9es \u00e0 venir. (La soci\u00e9t\u00e9 prend toujours en charge M1, sorti en 2020.) Si vous utilisez le MacBook Air M5, pensez \u00e0 \u00e9conomiser un peu en passant par la boutique \u00e9ducative d&rsquo;Apple. <\/p>\n<h2 id=\"samsung-16-inch-galaxy-book-5-pro-360\">Samsung Galaxy Book 5 Pro 360 16 pouces <\/h2>\n<p>Si vous avez besoin d&rsquo;un ordinateur portable grand, fin et l\u00e9ger fonctionnant sous Windows 11, ce PC Copilot+ de Samsung pourrait vous convenir. Le Galaxy Book 5 Pro 360 de 16 pouces dispose d&rsquo;un processeur Intel Core 7 Ultra avec 16 Go de RAM et 1 To de stockage, soit le double de celui du MacBook Air ci-dessus. Il dispose \u00e9galement d\u2019un \u00e9cran tactile 3K AMOLED avec un taux de rafra\u00eechissement de 120 Hz. Les graphiques int\u00e9gr\u00e9s ne vous m\u00e8neront pas loin pour les jeux, mais si vous avez besoin d&rsquo;une machine performante pour l&rsquo;\u00e9cole, le travail ou un usage personnel, c&rsquo;est une excellente machine polyvalente. <\/p>\n<h2 id=\"hp-elitebook-6-g1i\">HP EliteBook 6 G1i <\/h2>\n<p>Montons un peu la mise. Ce HP EliteBook est livr\u00e9 avec 64 Go de RAM. C&rsquo;est potentiellement exag\u00e9r\u00e9 pour la plupart des \u00e9tudiants et des travailleurs, mais cela signifie que cette machine est le r\u00eave d&rsquo;un multit\u00e2che. (Vous ne manquerez probablement jamais d&rsquo;onglets Chrome.) Il est livr\u00e9 avec un processeur Intel Core Ultra 7 255U avec un SSD PCIe de 1 To pour le stockage. L&rsquo;\u00e9cran IPS de 16 pouces a une r\u00e9solution inf\u00e9rieure \u00e0 celle des autres ordinateurs portables que j&rsquo;ai not\u00e9s jusqu&rsquo;\u00e0 pr\u00e9sent, car il ne s&rsquo;agit que d&rsquo;un panneau 1200p. C&rsquo;est juste un peu plus de pixels que ce que vous trouveriez dans un \u00e9cran 1080p : pas mal, mais pas 3K ou 4K. Cela dit, si vous pouvez vivre avec les compromis sur l&rsquo;\u00e9cran, cette machine g\u00e9rera la plupart des choses que vous lui proposerez, \u00e0 32 % de r\u00e9duction sur son prix catalogue d&rsquo;origine. <\/p>\n<h2 id=\"asus-tuf-f16\">ASUS TUF-F16<\/h2>\n<p>Si vous cherchez quelque chose sur lequel jouer sans vous ruiner, cet ordinateur portable ASUS TUF pourrait \u00eatre un choix solide. Cette machine est livr\u00e9e avec 16 Go de RAM, un SSD de 512 Go, un processeur Intel Core i5 13450HX \u00e0 4,6 GHz et une carte graphique d\u00e9di\u00e9e NVIDIA GeForce RTX 5050. Il est \u00e9galement livr\u00e9 avec un \u00e9cran LED de 16 pouces avec un taux de rafra\u00eechissement de 165 Hz, vous pourrez donc augmenter les fr\u00e9quences d&rsquo;images de vos jeux. Ce n\u2019est en aucun cas l\u2019ordinateur portable de jeu le plus puissant du march\u00e9, mais \u00e0 23 % de r\u00e9duction (999,99 $), cela vaut la peine d\u2019\u00eatre consid\u00e9r\u00e9.  <\/p>\n<h2 id=\"asus-rog-strix-g18\">ASUS ROG Strix G18<\/h2>\n<p>Si vous souhaitez pousser vos jeux un peu plus loin, jetez un \u0153il \u00e0 l&rsquo;ASUS ROG Strix G18. Cet ordinateur portable de 18 pouces dispose d&rsquo;une puce AMD Ryzen 9 8940HX, d&rsquo;un GPU GeForce RTX 5050 d\u00e9di\u00e9, de 16 Go de RAM et d&rsquo;un SSD de 1 To. Cet \u00e9cran de 18 pouces a une r\u00e9solution de 1080p et un taux de rafra\u00eechissement de 144 Hz, ce qui est suffisant pour les jeux \u00e0 taux de rafra\u00eechissement \u00e9lev\u00e9. Celui-ci co\u00fbtera pr\u00e8s de 400 $ de plus que le TUF, mais vous en aurez un peu plus pour votre argent et vous \u00e9conomiserez 18 % sur le prix catalogue.<\/p>\n<h2 id=\"lenovo-legion-5i\">Lenovo L\u00e9gion 5i <\/h2>\n<p>Jetons un coup d&rsquo;\u0153il \u00e0 un autre ordinateur portable de jeu, cette fois dot\u00e9 d&rsquo;une puce Intel plus puissante. Le Legion 5i de Lenovo est livr\u00e9 avec une puce Intel Core i7 17000HX, un GPU GeForce RTX 5070 d\u00e9di\u00e9, 16 Go de RAM et un SSD de 1 To. Il est livr\u00e9 avec un OLED 1600p de 15 pouces, qui offre le contraste le plus net et le plus \u00e9lev\u00e9 de tous les ordinateurs portables de jeu r\u00e9pertori\u00e9s ici. C&rsquo;est excellent pour les deux jeux, ainsi que pour regarder des \u00e9missions et des films. Comme le TUF F16, celui-ci a un taux de rafra\u00eechissement de 165 Hz. C&rsquo;est pourquoi cette machine est g\u00e9n\u00e9ralement r\u00e9pertori\u00e9e \u00e0 1 699,99 $, mais est actuellement \u00e0 230 $ de r\u00e9duction. <\/p>\n<div class=\" relative flex justify-center py-16 md:left-1\/2 md:w-(780px) md:max-w-max md:-translate-x-1\/2\">\n<div class=\"w-max text-center sm:text-left\">\n<div class=\"custom-gradient-background mb-6 rounded-md p-(2px) sm:rounded-tl-none\">\n<div class=\"flex flex-col rounded bg-white sm:rounded-tl-none\">\n                    <span class=\"-mt-4 block w-fit max-w-(calc(100%-1rem)) self-center bg-white px-3 text-center font-akshar text-xl font-medium capitalize text-gray-800 sm:max-w-(calc(100%-2.5rem)) sm:self-start sm:px-10 sm:text-left sm:text-2xl\">Nos meilleures offres de vente de printemps Amazon approuv\u00e9es par les \u00e9diteurs en ce moment<\/span><\/p>\n<div class=\"flex flex-col gap-3 p-3 pb-4 text-sm sm:p-10 sm:pt-6 sm:text-justify sm:text-base\">\n<div>\n<p>    \u00c9couteurs sans fil Apple AirPods Pro 3 \u00e0 r\u00e9duction de bruit et fr\u00e9quence cardiaque<\/p>\n<p>                                <span class=\"text-black\"><br \/>\n                                    \u2014<br \/>\n                                    <span class=\"font-bold\">199,00\u00a0$<\/span><br \/>\n                                    <span class=\"!text-xs italic sm:!text-sm\"><\/p>\n<p>                                        (Prix catalogue 249,00 $)<br \/>\n                                    <\/span><br \/>\n                                <\/span>\n                            <\/div>\n<div>\n<p>    Apple iPad 11&Prime; 128 Go A16 WiFi Tablette (Bleu, 2025)<\/p>\n<p>                                <span class=\"text-black\"><br \/>\n                                    \u2014<br \/>\n                                    <span class=\"font-bold\">299,00\u00a0$<\/span><br \/>\n                                    <span class=\"!text-xs italic sm:!text-sm\"><\/p>\n<p>                                        (Prix catalogue 349,00 $)<br \/>\n                                    <\/span><br \/>\n                                <\/span>\n                            <\/div>\n<div>\n<p>    Tablette Samsung Galaxy Tab A11+ 128 Go Wi-Fi 11&Prime; (Gris)<\/p>\n<p>                                <span class=\"text-black\"><br \/>\n                                    \u2014<br \/>\n                                    <span class=\"font-bold\">209,99\u00a0$<\/span><br \/>\n                                    <span class=\"!text-xs italic sm:!text-sm\"><\/p>\n<p>                                        (Prix catalogue 249,99 $)<br \/>\n                                    <\/span><br \/>\n                                <\/span>\n                            <\/div>\n<div>\n<p>    Sony WH1000XM6 \u2013 Meilleur casque sans fil \u00e0 r\u00e9duction de bruit<\/p>\n<p>                                <span class=\"text-black\"><br \/>\n                                    \u2014<br \/>\n                                    <span class=\"font-bold\">398,00\u00a0$<\/span><br \/>\n                                    <span class=\"!text-xs italic sm:!text-sm\"><\/p>\n<p>                                        (Prix catalogue 459,99 $)<br \/>\n                                    <\/span><br \/>\n                                <\/span>\n                            <\/div>\n<div>\n<p>    Apple Watch Series 11 (GPS, 42 mm, bracelet sport noir S\/M)<\/p>\n<p>                                <span class=\"text-black\"><br \/>\n                                    \u2014<br \/>\n                                    <span class=\"font-bold\">299,00\u00a0$<\/span><br \/>\n                                    <span class=\"!text-xs italic sm:!text-sm\"><\/p>\n<p>                                        (Prix catalogue 399,00 $)<br \/>\n                                    <\/span><br \/>\n                                <\/span>\n                            <\/div>\n<div>\n<p>    Sonnette vid\u00e9o sans fil Blink (mod\u00e8le le plus r\u00e9cent) + module de synchronisation<\/p>\n<p>                                <span class=\"text-black\"><br \/>\n                                    \u2014<br \/>\n                                    <span class=\"font-bold\">35,99\u00a0$<\/span><br \/>\n                                    <span class=\"!text-xs italic sm:!text-sm\"><\/p>\n<p>                                        (Prix catalogue 69,99 $)<br \/>\n                                    <\/span><br \/>\n                                <\/span>\n                            <\/div>\n<div>\n<p>    Lecteur de streaming Fire TV Stick 4K Max avec t\u00e9l\u00e9commande<\/p>\n<p>                                <span class=\"text-black\"><br \/>\n                                    \u2014<br \/>\n                                    <span class=\"font-bold\">34,99\u00a0$<\/span><br \/>\n                                    <span class=\"!text-xs italic sm:!text-sm\"><\/p>\n<p>                                        (Prix catalogue 59,99 $)<br \/>\n                                    <\/span><br \/>\n                                <\/span>\n                            <\/div>\n<div>\n<p>    Amazon Kindle Colorsoft 16 Go 7&Prime; eReader (Noir)<\/p>\n<p>                                <span class=\"text-black\"><br \/>\n                                    \u2014<br \/>\n                                    <span class=\"font-bold\">169,99\u00a0$<\/span><br \/>\n                                    <span class=\"!text-xs italic sm:!text-sm\"><\/p>\n<p>                                        (Prix catalogue 249,99 $)<br \/>\n                                    <\/span><br \/>\n                                <\/span>\n                            <\/div>\n<\/p><\/div>\n<\/p><\/div>\n<\/p><\/div>\n<div class=\"flex flex-col items-center justify-between text-black sm:flex-row sm:px-6\">\n                <span class=\"text-xs italic sm:ml-7 sm:text-sm\">Les offres sont s\u00e9lectionn\u00e9es par notre \u00e9quipe commerciale<\/span><\/p><\/div>\n<\/p><\/div>\n<\/p><\/div>\n","protected":false},"excerpt":{"rendered":"<p>Nous pouvons gagner une commission sur les liens sur cette page. Les prix et la disponibilit\u00e9 de l&rsquo;offre sont sujets \u00e0 changement apr\u00e8s la publication.<\/p>\n","protected":false},"author":1,"featured_media":13239,"comment_status":"","ping_status":"","sticky":false,"template":"","format":"standard","meta":{"footnotes":""},"categories":[13],"tags":[1154,3785,1787,823,14,353,79,345,427,4943,18,223,1823],"class_list":["post-13238","post","type-post","status-publish","format-standard","has-post-thumbnail","hentry","category-technologie","tag-damazon","tag-dordinateurs","tag-grande","tag-jai","tag-les","tag-lors","tag-meilleures","tag-offres","tag-portables","tag-printemps","tag-sont","tag-vente","tag-vues","generate-columns","tablet-grid-50","mobile-grid-100","grid-parent","grid-33"],"yoast_head":"<!-- This site is optimized with the Yoast SEO plugin v24.0 - https:\/\/yoast.com\/wordpress\/plugins\/seo\/ -->\n<title>Ce sont les meilleures offres d&#039;ordinateurs portables que j&#039;ai vues lors de la grande vente de printemps d&#039;Amazon | Vie Associative<\/title>\n<meta name=\"robots\" content=\"index, follow, max-snippet:-1, max-image-preview:large, max-video-preview:-1\" \/>\n<link rel=\"canonical\" href=\"https:\/\/vieassociative.be\/actualites\/ce-sont-les-meilleures-offres-dordinateurs-portables-que-jai-vues-lors-de-la-grande-vente-de-printemps-damazon\/\" \/>\n<meta property=\"og:locale\" content=\"fr_FR\" \/>\n<meta property=\"og:type\" content=\"article\" \/>\n<meta property=\"og:title\" content=\"Ce sont les meilleures offres d&#039;ordinateurs portables que j&#039;ai vues lors de la grande vente de printemps d&#039;Amazon | Vie Associative\" \/>\n<meta property=\"og:description\" content=\"Nous pouvons gagner une commission sur les liens sur cette page. Les prix et la disponibilit\u00e9 de l&rsquo;offre sont sujets \u00e0 changement apr\u00e8s la publication.\" \/>\n<meta property=\"og:url\" content=\"https:\/\/vieassociative.be\/actualites\/ce-sont-les-meilleures-offres-dordinateurs-portables-que-jai-vues-lors-de-la-grande-vente-de-printemps-damazon\/\" \/>\n<meta property=\"og:site_name\" content=\"Vie Associative\" \/>\n<meta property=\"article:published_time\" content=\"2026-03-30T02:17:41+00:00\" \/>\n<meta property=\"og:image\" content=\"https:\/\/vieassociative.be\/actualites\/wp-content\/uploads\/2026\/03\/Ce-sont-les-meilleures-offres-dordinateurs-portables-que-jai-vues.jpg\" \/>\n<meta name=\"author\" content=\"Julien\" \/>\n<meta name=\"twitter:card\" content=\"summary_large_image\" \/>\n<meta name=\"twitter:label1\" content=\"\u00c9crit par\" \/>\n\t<meta name=\"twitter:data1\" content=\"Julien\" \/>\n\t<meta name=\"twitter:label2\" content=\"Dur\u00e9e de lecture est.\" \/>\n\t<meta name=\"twitter:data2\" content=\"6 minutes\" \/>\n<script type=\"application\/ld+json\" class=\"yoast-schema-graph\">{\"@context\":\"https:\/\/schema.org\",\"@graph\":[{\"@type\":\"Article\",\"@id\":\"https:\/\/vieassociative.be\/actualites\/ce-sont-les-meilleures-offres-dordinateurs-portables-que-jai-vues-lors-de-la-grande-vente-de-printemps-damazon\/#article\",\"isPartOf\":{\"@id\":\"https:\/\/vieassociative.be\/actualites\/ce-sont-les-meilleures-offres-dordinateurs-portables-que-jai-vues-lors-de-la-grande-vente-de-printemps-damazon\/\"},\"author\":{\"name\":\"Julien\",\"@id\":\"https:\/\/vieassociative.be\/actualites\/#\/schema\/person\/b87ac4f82f9d4e7b7cec7395b679edc4\"},\"headline\":\"Ce sont les meilleures offres d&rsquo;ordinateurs portables que j&rsquo;ai vues lors de la grande vente de printemps d&rsquo;Amazon\",\"datePublished\":\"2026-03-30T02:17:41+00:00\",\"dateModified\":\"2026-03-30T02:17:41+00:00\",\"mainEntityOfPage\":{\"@id\":\"https:\/\/vieassociative.be\/actualites\/ce-sont-les-meilleures-offres-dordinateurs-portables-que-jai-vues-lors-de-la-grande-vente-de-printemps-damazon\/\"},\"wordCount\":1188,\"publisher\":{\"@id\":\"https:\/\/vieassociative.be\/actualites\/#organization\"},\"image\":{\"@id\":\"https:\/\/vieassociative.be\/actualites\/ce-sont-les-meilleures-offres-dordinateurs-portables-que-jai-vues-lors-de-la-grande-vente-de-printemps-damazon\/#primaryimage\"},\"thumbnailUrl\":\"https:\/\/vieassociative.be\/actualites\/wp-content\/uploads\/2026\/03\/Ce-sont-les-meilleures-offres-dordinateurs-portables-que-jai-vues.png\",\"keywords\":[\"dAmazon\",\"dordinateurs\",\"grande\",\"Jai\",\"Les\",\"lors\",\"meilleures\",\"offres\",\"portables\",\"printemps\",\"sont\",\"vente\",\"vues\"],\"articleSection\":[\"Technologie\"],\"inLanguage\":\"fr-BE\"},{\"@type\":\"WebPage\",\"@id\":\"https:\/\/vieassociative.be\/actualites\/ce-sont-les-meilleures-offres-dordinateurs-portables-que-jai-vues-lors-de-la-grande-vente-de-printemps-damazon\/\",\"url\":\"https:\/\/vieassociative.be\/actualites\/ce-sont-les-meilleures-offres-dordinateurs-portables-que-jai-vues-lors-de-la-grande-vente-de-printemps-damazon\/\",\"name\":\"Ce sont les meilleures offres d'ordinateurs portables que j'ai vues lors de la grande vente de printemps d'Amazon | Vie Associative\",\"isPartOf\":{\"@id\":\"https:\/\/vieassociative.be\/actualites\/#website\"},\"primaryImageOfPage\":{\"@id\":\"https:\/\/vieassociative.be\/actualites\/ce-sont-les-meilleures-offres-dordinateurs-portables-que-jai-vues-lors-de-la-grande-vente-de-printemps-damazon\/#primaryimage\"},\"image\":{\"@id\":\"https:\/\/vieassociative.be\/actualites\/ce-sont-les-meilleures-offres-dordinateurs-portables-que-jai-vues-lors-de-la-grande-vente-de-printemps-damazon\/#primaryimage\"},\"thumbnailUrl\":\"https:\/\/vieassociative.be\/actualites\/wp-content\/uploads\/2026\/03\/Ce-sont-les-meilleures-offres-dordinateurs-portables-que-jai-vues.png\",\"datePublished\":\"2026-03-30T02:17:41+00:00\",\"dateModified\":\"2026-03-30T02:17:41+00:00\",\"breadcrumb\":{\"@id\":\"https:\/\/vieassociative.be\/actualites\/ce-sont-les-meilleures-offres-dordinateurs-portables-que-jai-vues-lors-de-la-grande-vente-de-printemps-damazon\/#breadcrumb\"},\"inLanguage\":\"fr-BE\",\"potentialAction\":[{\"@type\":\"ReadAction\",\"target\":[\"https:\/\/vieassociative.be\/actualites\/ce-sont-les-meilleures-offres-dordinateurs-portables-que-jai-vues-lors-de-la-grande-vente-de-printemps-damazon\/\"]}]},{\"@type\":\"ImageObject\",\"inLanguage\":\"fr-BE\",\"@id\":\"https:\/\/vieassociative.be\/actualites\/ce-sont-les-meilleures-offres-dordinateurs-portables-que-jai-vues-lors-de-la-grande-vente-de-printemps-damazon\/#primaryimage\",\"url\":\"https:\/\/vieassociative.be\/actualites\/wp-content\/uploads\/2026\/03\/Ce-sont-les-meilleures-offres-dordinateurs-portables-que-jai-vues.png\",\"contentUrl\":\"https:\/\/vieassociative.be\/actualites\/wp-content\/uploads\/2026\/03\/Ce-sont-les-meilleures-offres-dordinateurs-portables-que-jai-vues.png\",\"width\":1200,\"height\":675,\"caption\":\"Ce sont les meilleures offres d'ordinateurs portables que j'ai vues lors de la grande vente de printemps d'Amazon\"},{\"@type\":\"BreadcrumbList\",\"@id\":\"https:\/\/vieassociative.be\/actualites\/ce-sont-les-meilleures-offres-dordinateurs-portables-que-jai-vues-lors-de-la-grande-vente-de-printemps-damazon\/#breadcrumb\",\"itemListElement\":[{\"@type\":\"ListItem\",\"position\":1,\"name\":\"Accueil\",\"item\":\"https:\/\/vieassociative.be\/actualites\/\"},{\"@type\":\"ListItem\",\"position\":2,\"name\":\"Ce sont les meilleures offres d&rsquo;ordinateurs portables que j&rsquo;ai vues lors de la grande vente de printemps d&rsquo;Amazon\"}]},{\"@type\":\"WebSite\",\"@id\":\"https:\/\/vieassociative.be\/actualites\/#website\",\"url\":\"https:\/\/vieassociative.be\/actualites\/\",\"name\":\"Vie Associative\",\"description\":\"\",\"publisher\":{\"@id\":\"https:\/\/vieassociative.be\/actualites\/#organization\"},\"potentialAction\":[{\"@type\":\"SearchAction\",\"target\":{\"@type\":\"EntryPoint\",\"urlTemplate\":\"https:\/\/vieassociative.be\/actualites\/?s={search_term_string}\"},\"query-input\":{\"@type\":\"PropertyValueSpecification\",\"valueRequired\":true,\"valueName\":\"search_term_string\"}}],\"inLanguage\":\"fr-BE\"},{\"@type\":\"Organization\",\"@id\":\"https:\/\/vieassociative.be\/actualites\/#organization\",\"name\":\"Vie Associative\",\"url\":\"https:\/\/vieassociative.be\/actualites\/\",\"logo\":{\"@type\":\"ImageObject\",\"inLanguage\":\"fr-BE\",\"@id\":\"https:\/\/vieassociative.be\/actualites\/#\/schema\/logo\/image\/\",\"url\":\"https:\/\/vieassociative.be\/actualites\/wp-content\/uploads\/2024\/09\/cropped-vieassociative_favicon.ico.png\",\"contentUrl\":\"https:\/\/vieassociative.be\/actualites\/wp-content\/uploads\/2024\/09\/cropped-vieassociative_favicon.ico.png\",\"width\":512,\"height\":512,\"caption\":\"Vie Associative\"},\"image\":{\"@id\":\"https:\/\/vieassociative.be\/actualites\/#\/schema\/logo\/image\/\"}},{\"@type\":\"Person\",\"@id\":\"https:\/\/vieassociative.be\/actualites\/#\/schema\/person\/b87ac4f82f9d4e7b7cec7395b679edc4\",\"name\":\"Julien\",\"image\":{\"@type\":\"ImageObject\",\"inLanguage\":\"fr-BE\",\"@id\":\"https:\/\/vieassociative.be\/actualites\/#\/schema\/person\/image\/\",\"url\":\"https:\/\/vieassociative.be\/actualites\/wp-content\/uploads\/2024\/09\/vie-associative-1-150x150.jpg\",\"contentUrl\":\"https:\/\/vieassociative.be\/actualites\/wp-content\/uploads\/2024\/09\/vie-associative-1-150x150.jpg\",\"caption\":\"Julien\"},\"description\":\"Je suis Julien, r\u00e9dacteur pour Vie Associative. Passionn\u00e9 par le monde associatif depuis plus de 10 ans, j'ai \u00e0 c\u0153ur de partager des histoires inspirantes et de mettre en lumi\u00e8re les initiatives locales. Mon objectif est de sensibiliser et d'encourager l'engagement communautaire \u00e0 travers mes articles.\",\"sameAs\":[\"https:\/\/vieassociative.be\/\"]}]}<\/script>\n<!-- \/ Yoast SEO plugin. -->","yoast_head_json":{"title":"Ce sont les meilleures offres d'ordinateurs portables que j'ai vues lors de la grande vente de printemps d'Amazon | Vie Associative","robots":{"index":"index","follow":"follow","max-snippet":"max-snippet:-1","max-image-preview":"max-image-preview:large","max-video-preview":"max-video-preview:-1"},"canonical":"https:\/\/vieassociative.be\/actualites\/ce-sont-les-meilleures-offres-dordinateurs-portables-que-jai-vues-lors-de-la-grande-vente-de-printemps-damazon\/","og_locale":"fr_FR","og_type":"article","og_title":"Ce sont les meilleures offres d'ordinateurs portables que j'ai vues lors de la grande vente de printemps d'Amazon | Vie Associative","og_description":"Nous pouvons gagner une commission sur les liens sur cette page. Les prix et la disponibilit\u00e9 de l&rsquo;offre sont sujets \u00e0 changement apr\u00e8s la publication.","og_url":"https:\/\/vieassociative.be\/actualites\/ce-sont-les-meilleures-offres-dordinateurs-portables-que-jai-vues-lors-de-la-grande-vente-de-printemps-damazon\/","og_site_name":"Vie Associative","article_published_time":"2026-03-30T02:17:41+00:00","og_image":[{"url":"https:\/\/vieassociative.be\/actualites\/wp-content\/uploads\/2026\/03\/Ce-sont-les-meilleures-offres-dordinateurs-portables-que-jai-vues.jpg","type":"","width":"","height":""}],"author":"Julien","twitter_card":"summary_large_image","twitter_misc":{"\u00c9crit par":"Julien","Dur\u00e9e de lecture est.":"6 minutes"},"schema":{"@context":"https:\/\/schema.org","@graph":[{"@type":"Article","@id":"https:\/\/vieassociative.be\/actualites\/ce-sont-les-meilleures-offres-dordinateurs-portables-que-jai-vues-lors-de-la-grande-vente-de-printemps-damazon\/#article","isPartOf":{"@id":"https:\/\/vieassociative.be\/actualites\/ce-sont-les-meilleures-offres-dordinateurs-portables-que-jai-vues-lors-de-la-grande-vente-de-printemps-damazon\/"},"author":{"name":"Julien","@id":"https:\/\/vieassociative.be\/actualites\/#\/schema\/person\/b87ac4f82f9d4e7b7cec7395b679edc4"},"headline":"Ce sont les meilleures offres d&rsquo;ordinateurs portables que j&rsquo;ai vues lors de la grande vente de printemps d&rsquo;Amazon","datePublished":"2026-03-30T02:17:41+00:00","dateModified":"2026-03-30T02:17:41+00:00","mainEntityOfPage":{"@id":"https:\/\/vieassociative.be\/actualites\/ce-sont-les-meilleures-offres-dordinateurs-portables-que-jai-vues-lors-de-la-grande-vente-de-printemps-damazon\/"},"wordCount":1188,"publisher":{"@id":"https:\/\/vieassociative.be\/actualites\/#organization"},"image":{"@id":"https:\/\/vieassociative.be\/actualites\/ce-sont-les-meilleures-offres-dordinateurs-portables-que-jai-vues-lors-de-la-grande-vente-de-printemps-damazon\/#primaryimage"},"thumbnailUrl":"https:\/\/vieassociative.be\/actualites\/wp-content\/uploads\/2026\/03\/Ce-sont-les-meilleures-offres-dordinateurs-portables-que-jai-vues.png","keywords":["dAmazon","dordinateurs","grande","Jai","Les","lors","meilleures","offres","portables","printemps","sont","vente","vues"],"articleSection":["Technologie"],"inLanguage":"fr-BE"},{"@type":"WebPage","@id":"https:\/\/vieassociative.be\/actualites\/ce-sont-les-meilleures-offres-dordinateurs-portables-que-jai-vues-lors-de-la-grande-vente-de-printemps-damazon\/","url":"https:\/\/vieassociative.be\/actualites\/ce-sont-les-meilleures-offres-dordinateurs-portables-que-jai-vues-lors-de-la-grande-vente-de-printemps-damazon\/","name":"Ce sont les meilleures offres d'ordinateurs portables que j'ai vues lors de la grande vente de printemps d'Amazon | Vie Associative","isPartOf":{"@id":"https:\/\/vieassociative.be\/actualites\/#website"},"primaryImageOfPage":{"@id":"https:\/\/vieassociative.be\/actualites\/ce-sont-les-meilleures-offres-dordinateurs-portables-que-jai-vues-lors-de-la-grande-vente-de-printemps-damazon\/#primaryimage"},"image":{"@id":"https:\/\/vieassociative.be\/actualites\/ce-sont-les-meilleures-offres-dordinateurs-portables-que-jai-vues-lors-de-la-grande-vente-de-printemps-damazon\/#primaryimage"},"thumbnailUrl":"https:\/\/vieassociative.be\/actualites\/wp-content\/uploads\/2026\/03\/Ce-sont-les-meilleures-offres-dordinateurs-portables-que-jai-vues.png","datePublished":"2026-03-30T02:17:41+00:00","dateModified":"2026-03-30T02:17:41+00:00","breadcrumb":{"@id":"https:\/\/vieassociative.be\/actualites\/ce-sont-les-meilleures-offres-dordinateurs-portables-que-jai-vues-lors-de-la-grande-vente-de-printemps-damazon\/#breadcrumb"},"inLanguage":"fr-BE","potentialAction":[{"@type":"ReadAction","target":["https:\/\/vieassociative.be\/actualites\/ce-sont-les-meilleures-offres-dordinateurs-portables-que-jai-vues-lors-de-la-grande-vente-de-printemps-damazon\/"]}]},{"@type":"ImageObject","inLanguage":"fr-BE","@id":"https:\/\/vieassociative.be\/actualites\/ce-sont-les-meilleures-offres-dordinateurs-portables-que-jai-vues-lors-de-la-grande-vente-de-printemps-damazon\/#primaryimage","url":"https:\/\/vieassociative.be\/actualites\/wp-content\/uploads\/2026\/03\/Ce-sont-les-meilleures-offres-dordinateurs-portables-que-jai-vues.png","contentUrl":"https:\/\/vieassociative.be\/actualites\/wp-content\/uploads\/2026\/03\/Ce-sont-les-meilleures-offres-dordinateurs-portables-que-jai-vues.png","width":1200,"height":675,"caption":"Ce sont les meilleures offres d'ordinateurs portables que j'ai vues lors de la grande vente de printemps d'Amazon"},{"@type":"BreadcrumbList","@id":"https:\/\/vieassociative.be\/actualites\/ce-sont-les-meilleures-offres-dordinateurs-portables-que-jai-vues-lors-de-la-grande-vente-de-printemps-damazon\/#breadcrumb","itemListElement":[{"@type":"ListItem","position":1,"name":"Accueil","item":"https:\/\/vieassociative.be\/actualites\/"},{"@type":"ListItem","position":2,"name":"Ce sont les meilleures offres d&rsquo;ordinateurs portables que j&rsquo;ai vues lors de la grande vente de printemps d&rsquo;Amazon"}]},{"@type":"WebSite","@id":"https:\/\/vieassociative.be\/actualites\/#website","url":"https:\/\/vieassociative.be\/actualites\/","name":"Vie Associative","description":"","publisher":{"@id":"https:\/\/vieassociative.be\/actualites\/#organization"},"potentialAction":[{"@type":"SearchAction","target":{"@type":"EntryPoint","urlTemplate":"https:\/\/vieassociative.be\/actualites\/?s={search_term_string}"},"query-input":{"@type":"PropertyValueSpecification","valueRequired":true,"valueName":"search_term_string"}}],"inLanguage":"fr-BE"},{"@type":"Organization","@id":"https:\/\/vieassociative.be\/actualites\/#organization","name":"Vie Associative","url":"https:\/\/vieassociative.be\/actualites\/","logo":{"@type":"ImageObject","inLanguage":"fr-BE","@id":"https:\/\/vieassociative.be\/actualites\/#\/schema\/logo\/image\/","url":"https:\/\/vieassociative.be\/actualites\/wp-content\/uploads\/2024\/09\/cropped-vieassociative_favicon.ico.png","contentUrl":"https:\/\/vieassociative.be\/actualites\/wp-content\/uploads\/2024\/09\/cropped-vieassociative_favicon.ico.png","width":512,"height":512,"caption":"Vie Associative"},"image":{"@id":"https:\/\/vieassociative.be\/actualites\/#\/schema\/logo\/image\/"}},{"@type":"Person","@id":"https:\/\/vieassociative.be\/actualites\/#\/schema\/person\/b87ac4f82f9d4e7b7cec7395b679edc4","name":"Julien","image":{"@type":"ImageObject","inLanguage":"fr-BE","@id":"https:\/\/vieassociative.be\/actualites\/#\/schema\/person\/image\/","url":"https:\/\/vieassociative.be\/actualites\/wp-content\/uploads\/2024\/09\/vie-associative-1-150x150.jpg","contentUrl":"https:\/\/vieassociative.be\/actualites\/wp-content\/uploads\/2024\/09\/vie-associative-1-150x150.jpg","caption":"Julien"},"description":"Je suis Julien, r\u00e9dacteur pour Vie Associative. Passionn\u00e9 par le monde associatif depuis plus de 10 ans, j'ai \u00e0 c\u0153ur de partager des histoires inspirantes et de mettre en lumi\u00e8re les initiatives locales. Mon objectif est de sensibiliser et d'encourager l'engagement communautaire \u00e0 travers mes articles.","sameAs":["https:\/\/vieassociative.be\/"]}]}},"_links":{"self":[{"href":"https:\/\/vieassociative.be\/actualites\/wp-json\/wp\/v2\/posts\/13238"}],"collection":[{"href":"https:\/\/vieassociative.be\/actualites\/wp-json\/wp\/v2\/posts"}],"about":[{"href":"https:\/\/vieassociative.be\/actualites\/wp-json\/wp\/v2\/types\/post"}],"author":[{"embeddable":true,"href":"https:\/\/vieassociative.be\/actualites\/wp-json\/wp\/v2\/users\/1"}],"replies":[{"embeddable":true,"href":"https:\/\/vieassociative.be\/actualites\/wp-json\/wp\/v2\/comments?post=13238"}],"version-history":[{"count":0,"href":"https:\/\/vieassociative.be\/actualites\/wp-json\/wp\/v2\/posts\/13238\/revisions"}],"wp:featuredmedia":[{"embeddable":true,"href":"https:\/\/vieassociative.be\/actualites\/wp-json\/wp\/v2\/media\/13239"}],"wp:attachment":[{"href":"https:\/\/vieassociative.be\/actualites\/wp-json\/wp\/v2\/media?parent=13238"}],"wp:term":[{"taxonomy":"category","embeddable":true,"href":"https:\/\/vieassociative.be\/actualites\/wp-json\/wp\/v2\/categories?post=13238"},{"taxonomy":"post_tag","embeddable":true,"href":"https:\/\/vieassociative.be\/actualites\/wp-json\/wp\/v2\/tags?post=13238"}],"curies":[{"name":"wp","href":"https:\/\/api.w.org\/{rel}","templated":true}]}}