{"id":13236,"date":"2026-03-29T23:17:53","date_gmt":"2026-03-29T21:17:53","guid":{"rendered":"https:\/\/vieassociative.be\/actualites\/rapports-les-etats-unis-preparent-une-offensive-terrestre-en-iran\/"},"modified":"2026-03-29T23:17:53","modified_gmt":"2026-03-29T21:17:53","slug":"rapports-les-etats-unis-preparent-une-offensive-terrestre-en-iran","status":"publish","type":"post","link":"https:\/\/vieassociative.be\/actualites\/rapports-les-etats-unis-preparent-une-offensive-terrestre-en-iran\/","title":{"rendered":"Rapports : les \u00c9tats-Unis pr\u00e9parent une offensive terrestre en Iran"},"content":{"rendered":"<p><strong>Selon les m\u00e9dias, l\u2019arm\u00e9e am\u00e9ricaine envisage d\u2019\u00e9ventuelles op\u00e9rations terrestres en Iran. Cependant, l\u2019id\u00e9e d\u2019une \u00ab frappe finale \u00bb comporte des risques. Il ne devrait pas encore y avoir de d\u00e9cision sur cette option.<\/strong><\/p>\n<p><span id=\"more-438019\"><\/span>Selon les m\u00e9dias, l&rsquo;arm\u00e9e am\u00e9ricaine aurait pr\u00e9par\u00e9 des plans pour un \u00e9ventuel d\u00e9ploiement de troupes terrestres en Iran. L\u2019offensive terrestre potentielle impliquera des d\u00e9ploiements combin\u00e9s d\u2019infanterie r\u00e9guli\u00e8re et de troupes des forces sp\u00e9ciales, mais ne constituera pas une invasion \u00e0 grande \u00e9chelle, a rapport\u00e9 le Washington Post, citant des responsables am\u00e9ricains. Plusieurs semaines seraient donc pr\u00e9vues pour une telle op\u00e9ration.<\/p>\n<p>Une op\u00e9ration terrestre signifierait une escalade vers une nouvelle phase dangereuse du conflit, \u00e9crit le journal. Parce que les soldats am\u00e9ricains seraient expos\u00e9s \u00e0 bien plus de dangers sur le terrain qu\u2019auparavant, comme les tirs de drones et de missiles iraniens, les combats et les engins explosifs improvis\u00e9s. Il n\u2019\u00e9tait pas clair si le pr\u00e9sident am\u00e9ricain Donald Trump envisageait d\u2019approuver ces plans.<\/p>\n<div id=\"attachment_438021\" class=\"wp-caption alignleft\" style=\"max-width: 300px\"><img fetchpriority=\"high\" decoding=\"async\" class=\"wp-image-438021 size-medium\" src=\"https:\/\/vieassociative.be\/actualites\/wp-content\/uploads\/2026\/03\/Rapports-les-Etats-Unis-preparent-une-offensive-terrestre-en-Iran.jpg\" alt=\"\" width=\"300\" height=\"168\"><\/div>\n<p>Selon des sources du Washington Post qui ont parl\u00e9 anonymement de ces projets militaires tr\u00e8s sensibles, les pr\u00e9paratifs d&rsquo;une \u00e9ventuelle offensive sur le terrain sont en cours depuis des semaines.<\/p>\n<p>Le secr\u00e9taire d&rsquo;\u00c9tat am\u00e9ricain Marco Rubio a r\u00e9cemment d\u00e9clar\u00e9 que les \u00c9tats-Unis pourraient atteindre leurs objectifs de guerre sans troupes terrestres. Cependant, Rubio n\u2019a pas voulu exclure cat\u00e9goriquement le recours aux troupes terrestres.<\/p>\n<p>Il y a quelques jours, le portail \u00ab Axios \u00bb a \u00e9galement fait \u00e9tat de plans militaires qui pr\u00e9voyaient l&rsquo;utilisation de troupes terrestres en plus des bombardements pour une \u00ab frappe finale \u00bb visant \u00e0 mettre fin \u00e0 la guerre contre l&rsquo;Iran. Plus pr\u00e9cis\u00e9ment, selon Axios, les sc\u00e9narios possibles incluent la capture ou le blocus d\u2019\u00eeles strat\u00e9giquement importantes dans le d\u00e9troit d\u2019Ormuz, comme Kharg, o\u00f9 l\u2019Iran g\u00e8re une grande partie de ses exportations de p\u00e9trole. Le Wall Street Journal a \u00e9galement rapport\u00e9 que jusqu&rsquo;\u00e0 10 000 soldats am\u00e9ricains suppl\u00e9mentaires dont le d\u00e9ploiement dans la r\u00e9gion du Golfe est actuellement envisag\u00e9 seraient probablement des fantassins.<\/p>\n<div id=\"attachment_438023\" class=\"wp-caption alignleft\" style=\"max-width: 300px\"><img decoding=\"async\" class=\"wp-image-438023 size-medium\" src=\"https:\/\/vieassociative.be\/actualites\/wp-content\/uploads\/2026\/03\/1774819073_820_Rapports-les-Etats-Unis-preparent-une-offensive-terrestre-en-Iran.jpg\" alt=\"\" width=\"300\" height=\"200\"><\/div>\n<p>L&rsquo;Iran a mis en garde les \u00c9tats-Unis contre une offensive terrestre. \u00ab\u00a0Ne doutez pas un instant de la d\u00e9termination de nos soldats\u00a0\u00bb, a d\u00e9clar\u00e9 le pr\u00e9sident du Parlement Mohammed Bagher Ghalibaf, selon l&rsquo;agence de presse officielle Irna. L\u2019Iran est s\u00fbr qu\u2019il peut punir les \u00c9tats-Unis et les obliger \u00e0 se repentir afin qu\u2019ils n\u2019osent plus attaquer le pays. Nous sommes dans une \u00ab grande guerre mondiale \u00bb, a d\u00e9clar\u00e9 Ghalibaf.<\/p>\n<p>Il a \u00e9galement exprim\u00e9 son scepticisme quant aux tentatives de m\u00e9diation. Les \u00c9tats-Unis ont signal\u00e9 leur volont\u00e9 de n\u00e9gocier, mais planifiaient secr\u00e8tement une offensive terrestre, a d\u00e9clar\u00e9 Ghalibaf. Selon la cha\u00eene de t\u00e9l\u00e9vision publique Irib, le porte-parole des forces arm\u00e9es iraniennes a d\u00e9clar\u00e9 qu&rsquo;une offensive terrestre ou l&rsquo;occupation d&rsquo;une partie du territoire iranien \u00e9tait une \u00ab chim\u00e8re \u00bb et qu&rsquo;une telle action n&rsquo;\u00e9tait qu&rsquo;une attente.<\/p>\n<p>Les Gardiens de la r\u00e9volution iraniens (CGRI) ont comment\u00e9 une \u00e9ventuelle offensive terrestre sur un ton beaucoup plus aigu. \u00ab Avec une telle action, Trump jetterait les troupes am\u00e9ricaines aux requins du golfe Persique \u00bb, a d\u00e9clar\u00e9 le CGRI sur la cha\u00eene de t\u00e9l\u00e9vision publique Irib. Trump est un \u00ab menteur sans \u00e9quilibre psychologique \u00bb et est directement responsable de la mis\u00e8re actuelle et des d\u00e9g\u00e2ts qui en r\u00e9sultent. (dpa)<\/p>\n<p><em><strong>Sur le sujet, voir aussi l&rsquo;article suivant sur l&rsquo;OD :<\/strong><\/em><\/p>\n<div class=\"responsive-embed widescreen\">\n<blockquote class=\"wp-embedded-content\" data-secret=\"8hfpumBbIl\">\n<p>Trump a-t-il sous-estim\u00e9 les cons\u00e9quences de la guerre en Iran ? \u2013 Nervosit\u00e9 croissante : le pr\u00e9sident am\u00e9ricain sous pression<\/p>\n<\/blockquote>\n<p><iframe loading=\"lazy\" class=\"wp-embedded-content\" sandbox=\"allow-scripts\" security=\"restricted\" style=\"position: absolute; visibility: hidden;\" title=\"\u201eHat Trump die Folgen des Iran-Kriegs untersch\u00e4tzt? \u2013 Wachsende Nervosit\u00e4t: US-Pr\u00e4sident unter Druck\u201c \u2013 Ostbelgien Direkt\" src=\"https:\/\/ostbelgiendirekt.be\/about:blank\" data-secret=\"8hfpumBbIl\" width=\"500\" height=\"282\" frameborder=\"0\" marginwidth=\"0\" marginheight=\"0\" scrolling=\"no\" data-rocket-lazyload=\"fitvidscompatible\" data-lazy-src=\"https:\/\/ostbelgiendirekt.be\/hat-sich-trump-ueberschaetzt-zwischenruf-437779\/embed#?secret=coY93BQzqv#?secret=8hfpumBbIl\"><\/iframe><noscript><iframe class=\"wp-embedded-content\" sandbox=\"allow-scripts\" security=\"restricted\" style=\"position: absolute; visibility: hidden;\" title=\"\u201eHat Trump die Folgen des Iran-Kriegs untersch\u00e4tzt? \u2013 Wachsende Nervosit\u00e4t: US-Pr\u00e4sident unter Druck\u201c \u2013 Ostbelgien Direkt\" src=\"https:\/\/ostbelgiendirekt.be\/hat-sich-trump-ueberschaetzt-zwischenruf-437779\/embed#?secret=coY93BQzqv#?secret=8hfpumBbIl\" data-secret=\"8hfpumBbIl\" width=\"500\" height=\"282\" frameborder=\"0\" marginwidth=\"0\" marginheight=\"0\" scrolling=\"no\"><\/iframe><\/noscript><\/p>\n<\/div>\n","protected":false},"excerpt":{"rendered":"<p>Selon les m\u00e9dias, l\u2019arm\u00e9e am\u00e9ricaine envisage d\u2019\u00e9ventuelles op\u00e9rations terrestres en Iran. Cependant, l\u2019id\u00e9e d\u2019une \u00ab frappe finale \u00bb comporte des risques. Il ne devrait pas<\/p>\n","protected":false},"author":1,"featured_media":13237,"comment_status":"","ping_status":"","sticky":false,"template":"","format":"standard","meta":{"footnotes":""},"categories":[298],"tags":[290,9675,14,9713,3503,466,10376,110],"class_list":["post-13236","post","type-post","status-publish","format-standard","has-post-thumbnail","hentry","category-belgique","tag-etatsunis","tag-iran","tag-les","tag-offensive","tag-preparent","tag-rapports","tag-terrestre","tag-une","generate-columns","tablet-grid-50","mobile-grid-100","grid-parent","grid-33"],"yoast_head":"<!-- This site is optimized with the Yoast SEO plugin v24.0 - https:\/\/yoast.com\/wordpress\/plugins\/seo\/ -->\n<title>Rapports : les \u00c9tats-Unis pr\u00e9parent une offensive terrestre en Iran | Vie Associative<\/title>\n<meta name=\"robots\" content=\"index, follow, max-snippet:-1, max-image-preview:large, max-video-preview:-1\" \/>\n<link rel=\"canonical\" href=\"https:\/\/vieassociative.be\/actualites\/rapports-les-etats-unis-preparent-une-offensive-terrestre-en-iran\/\" \/>\n<meta property=\"og:locale\" content=\"fr_FR\" \/>\n<meta property=\"og:type\" content=\"article\" \/>\n<meta property=\"og:title\" content=\"Rapports : les \u00c9tats-Unis pr\u00e9parent une offensive terrestre en Iran | Vie Associative\" \/>\n<meta property=\"og:description\" content=\"Selon les m\u00e9dias, l\u2019arm\u00e9e am\u00e9ricaine envisage d\u2019\u00e9ventuelles op\u00e9rations terrestres en Iran. Cependant, l\u2019id\u00e9e d\u2019une \u00ab frappe finale \u00bb comporte des risques. Il ne devrait pas\" \/>\n<meta property=\"og:url\" content=\"https:\/\/vieassociative.be\/actualites\/rapports-les-etats-unis-preparent-une-offensive-terrestre-en-iran\/\" \/>\n<meta property=\"og:site_name\" content=\"Vie Associative\" \/>\n<meta property=\"article:published_time\" content=\"2026-03-29T21:17:53+00:00\" \/>\n<meta property=\"og:image\" content=\"https:\/\/vieassociative.be\/actualites\/wp-content\/uploads\/2024\/09\/header_backgroundk-01-e1726694325946.png\" \/>\n\t<meta property=\"og:image:width\" content=\"279\" \/>\n\t<meta property=\"og:image:height\" content=\"92\" \/>\n\t<meta property=\"og:image:type\" content=\"image\/png\" \/>\n<meta name=\"author\" content=\"Julien\" \/>\n<meta name=\"twitter:card\" content=\"summary_large_image\" \/>\n<meta name=\"twitter:label1\" content=\"\u00c9crit par\" \/>\n\t<meta name=\"twitter:data1\" content=\"Julien\" \/>\n\t<meta name=\"twitter:label2\" content=\"Dur\u00e9e de lecture est.\" \/>\n\t<meta name=\"twitter:data2\" content=\"3 minutes\" \/>\n<script type=\"application\/ld+json\" class=\"yoast-schema-graph\">{\"@context\":\"https:\/\/schema.org\",\"@graph\":[{\"@type\":\"Article\",\"@id\":\"https:\/\/vieassociative.be\/actualites\/rapports-les-etats-unis-preparent-une-offensive-terrestre-en-iran\/#article\",\"isPartOf\":{\"@id\":\"https:\/\/vieassociative.be\/actualites\/rapports-les-etats-unis-preparent-une-offensive-terrestre-en-iran\/\"},\"author\":{\"name\":\"Julien\",\"@id\":\"https:\/\/vieassociative.be\/actualites\/#\/schema\/person\/b87ac4f82f9d4e7b7cec7395b679edc4\"},\"headline\":\"Rapports : les \u00c9tats-Unis pr\u00e9parent une offensive terrestre en Iran\",\"datePublished\":\"2026-03-29T21:17:53+00:00\",\"dateModified\":\"2026-03-29T21:17:53+00:00\",\"mainEntityOfPage\":{\"@id\":\"https:\/\/vieassociative.be\/actualites\/rapports-les-etats-unis-preparent-une-offensive-terrestre-en-iran\/\"},\"wordCount\":646,\"publisher\":{\"@id\":\"https:\/\/vieassociative.be\/actualites\/#organization\"},\"image\":{\"@id\":\"https:\/\/vieassociative.be\/actualites\/rapports-les-etats-unis-preparent-une-offensive-terrestre-en-iran\/#primaryimage\"},\"thumbnailUrl\":\"https:\/\/vieassociative.be\/actualites\/wp-content\/uploads\/2026\/03\/1774819074_Rapports-les-Etats-Unis-preparent-une-offensive-terrestre-en-Iran.jpg\",\"keywords\":[\"\u00c9tatsUnis\",\"Iran\",\"Les\",\"Offensive\",\"pr\u00e9parent\",\"rapports\",\"terrestre\",\"une\"],\"articleSection\":[\"Belgique\"],\"inLanguage\":\"fr-BE\"},{\"@type\":\"WebPage\",\"@id\":\"https:\/\/vieassociative.be\/actualites\/rapports-les-etats-unis-preparent-une-offensive-terrestre-en-iran\/\",\"url\":\"https:\/\/vieassociative.be\/actualites\/rapports-les-etats-unis-preparent-une-offensive-terrestre-en-iran\/\",\"name\":\"Rapports : les \u00c9tats-Unis pr\u00e9parent une offensive terrestre en Iran | Vie Associative\",\"isPartOf\":{\"@id\":\"https:\/\/vieassociative.be\/actualites\/#website\"},\"primaryImageOfPage\":{\"@id\":\"https:\/\/vieassociative.be\/actualites\/rapports-les-etats-unis-preparent-une-offensive-terrestre-en-iran\/#primaryimage\"},\"image\":{\"@id\":\"https:\/\/vieassociative.be\/actualites\/rapports-les-etats-unis-preparent-une-offensive-terrestre-en-iran\/#primaryimage\"},\"thumbnailUrl\":\"https:\/\/vieassociative.be\/actualites\/wp-content\/uploads\/2026\/03\/1774819074_Rapports-les-Etats-Unis-preparent-une-offensive-terrestre-en-Iran.jpg\",\"datePublished\":\"2026-03-29T21:17:53+00:00\",\"dateModified\":\"2026-03-29T21:17:53+00:00\",\"breadcrumb\":{\"@id\":\"https:\/\/vieassociative.be\/actualites\/rapports-les-etats-unis-preparent-une-offensive-terrestre-en-iran\/#breadcrumb\"},\"inLanguage\":\"fr-BE\",\"potentialAction\":[{\"@type\":\"ReadAction\",\"target\":[\"https:\/\/vieassociative.be\/actualites\/rapports-les-etats-unis-preparent-une-offensive-terrestre-en-iran\/\"]}]},{\"@type\":\"ImageObject\",\"inLanguage\":\"fr-BE\",\"@id\":\"https:\/\/vieassociative.be\/actualites\/rapports-les-etats-unis-preparent-une-offensive-terrestre-en-iran\/#primaryimage\",\"url\":\"https:\/\/vieassociative.be\/actualites\/wp-content\/uploads\/2026\/03\/1774819074_Rapports-les-Etats-Unis-preparent-une-offensive-terrestre-en-Iran.jpg\",\"contentUrl\":\"https:\/\/vieassociative.be\/actualites\/wp-content\/uploads\/2026\/03\/1774819074_Rapports-les-Etats-Unis-preparent-une-offensive-terrestre-en-Iran.jpg\",\"width\":1200,\"height\":800,\"caption\":\"Rapports : les \u00c9tats-Unis pr\u00e9parent une offensive terrestre en Iran\"},{\"@type\":\"BreadcrumbList\",\"@id\":\"https:\/\/vieassociative.be\/actualites\/rapports-les-etats-unis-preparent-une-offensive-terrestre-en-iran\/#breadcrumb\",\"itemListElement\":[{\"@type\":\"ListItem\",\"position\":1,\"name\":\"Accueil\",\"item\":\"https:\/\/vieassociative.be\/actualites\/\"},{\"@type\":\"ListItem\",\"position\":2,\"name\":\"Rapports : les \u00c9tats-Unis pr\u00e9parent une offensive terrestre en Iran\"}]},{\"@type\":\"WebSite\",\"@id\":\"https:\/\/vieassociative.be\/actualites\/#website\",\"url\":\"https:\/\/vieassociative.be\/actualites\/\",\"name\":\"Vie Associative\",\"description\":\"\",\"publisher\":{\"@id\":\"https:\/\/vieassociative.be\/actualites\/#organization\"},\"potentialAction\":[{\"@type\":\"SearchAction\",\"target\":{\"@type\":\"EntryPoint\",\"urlTemplate\":\"https:\/\/vieassociative.be\/actualites\/?s={search_term_string}\"},\"query-input\":{\"@type\":\"PropertyValueSpecification\",\"valueRequired\":true,\"valueName\":\"search_term_string\"}}],\"inLanguage\":\"fr-BE\"},{\"@type\":\"Organization\",\"@id\":\"https:\/\/vieassociative.be\/actualites\/#organization\",\"name\":\"Vie Associative\",\"url\":\"https:\/\/vieassociative.be\/actualites\/\",\"logo\":{\"@type\":\"ImageObject\",\"inLanguage\":\"fr-BE\",\"@id\":\"https:\/\/vieassociative.be\/actualites\/#\/schema\/logo\/image\/\",\"url\":\"https:\/\/vieassociative.be\/actualites\/wp-content\/uploads\/2024\/09\/cropped-vieassociative_favicon.ico.png\",\"contentUrl\":\"https:\/\/vieassociative.be\/actualites\/wp-content\/uploads\/2024\/09\/cropped-vieassociative_favicon.ico.png\",\"width\":512,\"height\":512,\"caption\":\"Vie Associative\"},\"image\":{\"@id\":\"https:\/\/vieassociative.be\/actualites\/#\/schema\/logo\/image\/\"}},{\"@type\":\"Person\",\"@id\":\"https:\/\/vieassociative.be\/actualites\/#\/schema\/person\/b87ac4f82f9d4e7b7cec7395b679edc4\",\"name\":\"Julien\",\"image\":{\"@type\":\"ImageObject\",\"inLanguage\":\"fr-BE\",\"@id\":\"https:\/\/vieassociative.be\/actualites\/#\/schema\/person\/image\/\",\"url\":\"https:\/\/vieassociative.be\/actualites\/wp-content\/uploads\/2024\/09\/vie-associative-1-150x150.jpg\",\"contentUrl\":\"https:\/\/vieassociative.be\/actualites\/wp-content\/uploads\/2024\/09\/vie-associative-1-150x150.jpg\",\"caption\":\"Julien\"},\"description\":\"Je suis Julien, r\u00e9dacteur pour Vie Associative. Passionn\u00e9 par le monde associatif depuis plus de 10 ans, j'ai \u00e0 c\u0153ur de partager des histoires inspirantes et de mettre en lumi\u00e8re les initiatives locales. Mon objectif est de sensibiliser et d'encourager l'engagement communautaire \u00e0 travers mes articles.\",\"sameAs\":[\"https:\/\/vieassociative.be\/\"]}]}<\/script>\n<!-- \/ Yoast SEO plugin. -->","yoast_head_json":{"title":"Rapports : les \u00c9tats-Unis pr\u00e9parent une offensive terrestre en Iran | Vie Associative","robots":{"index":"index","follow":"follow","max-snippet":"max-snippet:-1","max-image-preview":"max-image-preview:large","max-video-preview":"max-video-preview:-1"},"canonical":"https:\/\/vieassociative.be\/actualites\/rapports-les-etats-unis-preparent-une-offensive-terrestre-en-iran\/","og_locale":"fr_FR","og_type":"article","og_title":"Rapports : les \u00c9tats-Unis pr\u00e9parent une offensive terrestre en Iran | Vie Associative","og_description":"Selon les m\u00e9dias, l\u2019arm\u00e9e am\u00e9ricaine envisage d\u2019\u00e9ventuelles op\u00e9rations terrestres en Iran. Cependant, l\u2019id\u00e9e d\u2019une \u00ab frappe finale \u00bb comporte des risques. Il ne devrait pas","og_url":"https:\/\/vieassociative.be\/actualites\/rapports-les-etats-unis-preparent-une-offensive-terrestre-en-iran\/","og_site_name":"Vie Associative","article_published_time":"2026-03-29T21:17:53+00:00","og_image":[{"width":279,"height":92,"url":"https:\/\/vieassociative.be\/actualites\/wp-content\/uploads\/2024\/09\/header_backgroundk-01-e1726694325946.png","type":"image\/png"}],"author":"Julien","twitter_card":"summary_large_image","twitter_misc":{"\u00c9crit par":"Julien","Dur\u00e9e de lecture est.":"3 minutes"},"schema":{"@context":"https:\/\/schema.org","@graph":[{"@type":"Article","@id":"https:\/\/vieassociative.be\/actualites\/rapports-les-etats-unis-preparent-une-offensive-terrestre-en-iran\/#article","isPartOf":{"@id":"https:\/\/vieassociative.be\/actualites\/rapports-les-etats-unis-preparent-une-offensive-terrestre-en-iran\/"},"author":{"name":"Julien","@id":"https:\/\/vieassociative.be\/actualites\/#\/schema\/person\/b87ac4f82f9d4e7b7cec7395b679edc4"},"headline":"Rapports : les \u00c9tats-Unis pr\u00e9parent une offensive terrestre en Iran","datePublished":"2026-03-29T21:17:53+00:00","dateModified":"2026-03-29T21:17:53+00:00","mainEntityOfPage":{"@id":"https:\/\/vieassociative.be\/actualites\/rapports-les-etats-unis-preparent-une-offensive-terrestre-en-iran\/"},"wordCount":646,"publisher":{"@id":"https:\/\/vieassociative.be\/actualites\/#organization"},"image":{"@id":"https:\/\/vieassociative.be\/actualites\/rapports-les-etats-unis-preparent-une-offensive-terrestre-en-iran\/#primaryimage"},"thumbnailUrl":"https:\/\/vieassociative.be\/actualites\/wp-content\/uploads\/2026\/03\/1774819074_Rapports-les-Etats-Unis-preparent-une-offensive-terrestre-en-Iran.jpg","keywords":["\u00c9tatsUnis","Iran","Les","Offensive","pr\u00e9parent","rapports","terrestre","une"],"articleSection":["Belgique"],"inLanguage":"fr-BE"},{"@type":"WebPage","@id":"https:\/\/vieassociative.be\/actualites\/rapports-les-etats-unis-preparent-une-offensive-terrestre-en-iran\/","url":"https:\/\/vieassociative.be\/actualites\/rapports-les-etats-unis-preparent-une-offensive-terrestre-en-iran\/","name":"Rapports : les \u00c9tats-Unis pr\u00e9parent une offensive terrestre en Iran | Vie Associative","isPartOf":{"@id":"https:\/\/vieassociative.be\/actualites\/#website"},"primaryImageOfPage":{"@id":"https:\/\/vieassociative.be\/actualites\/rapports-les-etats-unis-preparent-une-offensive-terrestre-en-iran\/#primaryimage"},"image":{"@id":"https:\/\/vieassociative.be\/actualites\/rapports-les-etats-unis-preparent-une-offensive-terrestre-en-iran\/#primaryimage"},"thumbnailUrl":"https:\/\/vieassociative.be\/actualites\/wp-content\/uploads\/2026\/03\/1774819074_Rapports-les-Etats-Unis-preparent-une-offensive-terrestre-en-Iran.jpg","datePublished":"2026-03-29T21:17:53+00:00","dateModified":"2026-03-29T21:17:53+00:00","breadcrumb":{"@id":"https:\/\/vieassociative.be\/actualites\/rapports-les-etats-unis-preparent-une-offensive-terrestre-en-iran\/#breadcrumb"},"inLanguage":"fr-BE","potentialAction":[{"@type":"ReadAction","target":["https:\/\/vieassociative.be\/actualites\/rapports-les-etats-unis-preparent-une-offensive-terrestre-en-iran\/"]}]},{"@type":"ImageObject","inLanguage":"fr-BE","@id":"https:\/\/vieassociative.be\/actualites\/rapports-les-etats-unis-preparent-une-offensive-terrestre-en-iran\/#primaryimage","url":"https:\/\/vieassociative.be\/actualites\/wp-content\/uploads\/2026\/03\/1774819074_Rapports-les-Etats-Unis-preparent-une-offensive-terrestre-en-Iran.jpg","contentUrl":"https:\/\/vieassociative.be\/actualites\/wp-content\/uploads\/2026\/03\/1774819074_Rapports-les-Etats-Unis-preparent-une-offensive-terrestre-en-Iran.jpg","width":1200,"height":800,"caption":"Rapports : les \u00c9tats-Unis pr\u00e9parent une offensive terrestre en Iran"},{"@type":"BreadcrumbList","@id":"https:\/\/vieassociative.be\/actualites\/rapports-les-etats-unis-preparent-une-offensive-terrestre-en-iran\/#breadcrumb","itemListElement":[{"@type":"ListItem","position":1,"name":"Accueil","item":"https:\/\/vieassociative.be\/actualites\/"},{"@type":"ListItem","position":2,"name":"Rapports : les \u00c9tats-Unis pr\u00e9parent une offensive terrestre en Iran"}]},{"@type":"WebSite","@id":"https:\/\/vieassociative.be\/actualites\/#website","url":"https:\/\/vieassociative.be\/actualites\/","name":"Vie Associative","description":"","publisher":{"@id":"https:\/\/vieassociative.be\/actualites\/#organization"},"potentialAction":[{"@type":"SearchAction","target":{"@type":"EntryPoint","urlTemplate":"https:\/\/vieassociative.be\/actualites\/?s={search_term_string}"},"query-input":{"@type":"PropertyValueSpecification","valueRequired":true,"valueName":"search_term_string"}}],"inLanguage":"fr-BE"},{"@type":"Organization","@id":"https:\/\/vieassociative.be\/actualites\/#organization","name":"Vie Associative","url":"https:\/\/vieassociative.be\/actualites\/","logo":{"@type":"ImageObject","inLanguage":"fr-BE","@id":"https:\/\/vieassociative.be\/actualites\/#\/schema\/logo\/image\/","url":"https:\/\/vieassociative.be\/actualites\/wp-content\/uploads\/2024\/09\/cropped-vieassociative_favicon.ico.png","contentUrl":"https:\/\/vieassociative.be\/actualites\/wp-content\/uploads\/2024\/09\/cropped-vieassociative_favicon.ico.png","width":512,"height":512,"caption":"Vie Associative"},"image":{"@id":"https:\/\/vieassociative.be\/actualites\/#\/schema\/logo\/image\/"}},{"@type":"Person","@id":"https:\/\/vieassociative.be\/actualites\/#\/schema\/person\/b87ac4f82f9d4e7b7cec7395b679edc4","name":"Julien","image":{"@type":"ImageObject","inLanguage":"fr-BE","@id":"https:\/\/vieassociative.be\/actualites\/#\/schema\/person\/image\/","url":"https:\/\/vieassociative.be\/actualites\/wp-content\/uploads\/2024\/09\/vie-associative-1-150x150.jpg","contentUrl":"https:\/\/vieassociative.be\/actualites\/wp-content\/uploads\/2024\/09\/vie-associative-1-150x150.jpg","caption":"Julien"},"description":"Je suis Julien, r\u00e9dacteur pour Vie Associative. Passionn\u00e9 par le monde associatif depuis plus de 10 ans, j'ai \u00e0 c\u0153ur de partager des histoires inspirantes et de mettre en lumi\u00e8re les initiatives locales. Mon objectif est de sensibiliser et d'encourager l'engagement communautaire \u00e0 travers mes articles.","sameAs":["https:\/\/vieassociative.be\/"]}]}},"_links":{"self":[{"href":"https:\/\/vieassociative.be\/actualites\/wp-json\/wp\/v2\/posts\/13236"}],"collection":[{"href":"https:\/\/vieassociative.be\/actualites\/wp-json\/wp\/v2\/posts"}],"about":[{"href":"https:\/\/vieassociative.be\/actualites\/wp-json\/wp\/v2\/types\/post"}],"author":[{"embeddable":true,"href":"https:\/\/vieassociative.be\/actualites\/wp-json\/wp\/v2\/users\/1"}],"replies":[{"embeddable":true,"href":"https:\/\/vieassociative.be\/actualites\/wp-json\/wp\/v2\/comments?post=13236"}],"version-history":[{"count":0,"href":"https:\/\/vieassociative.be\/actualites\/wp-json\/wp\/v2\/posts\/13236\/revisions"}],"wp:featuredmedia":[{"embeddable":true,"href":"https:\/\/vieassociative.be\/actualites\/wp-json\/wp\/v2\/media\/13237"}],"wp:attachment":[{"href":"https:\/\/vieassociative.be\/actualites\/wp-json\/wp\/v2\/media?parent=13236"}],"wp:term":[{"taxonomy":"category","embeddable":true,"href":"https:\/\/vieassociative.be\/actualites\/wp-json\/wp\/v2\/categories?post=13236"},{"taxonomy":"post_tag","embeddable":true,"href":"https:\/\/vieassociative.be\/actualites\/wp-json\/wp\/v2\/tags?post=13236"}],"curies":[{"name":"wp","href":"https:\/\/api.w.org\/{rel}","templated":true}]}}