{"id":13232,"date":"2026-03-29T17:17:27","date_gmt":"2026-03-29T15:17:27","guid":{"rendered":"https:\/\/vieassociative.be\/actualites\/in-flanders-fields-jasper-philipsen-simpose-apres-un-sprint-massif-passionnant\/"},"modified":"2026-03-29T17:17:27","modified_gmt":"2026-03-29T15:17:27","slug":"in-flanders-fields-jasper-philipsen-simpose-apres-un-sprint-massif-passionnant","status":"publish","type":"post","link":"https:\/\/vieassociative.be\/actualites\/in-flanders-fields-jasper-philipsen-simpose-apres-un-sprint-massif-passionnant\/","title":{"rendered":"In Flanders Fields : Jasper Philipsen s&rsquo;impose apr\u00e8s un sprint massif passionnant"},"content":{"rendered":"<p><strong>Jasper Philipsen tente sa chance et sprinte vers la victoire \u00e0 Wevelgem &#8211; tandis que Mathieu van der Poel et Wout van Aert sont rattrap\u00e9s peu avant l&rsquo;arriv\u00e9e apr\u00e8s une \u00e9chapp\u00e9e palpitante.<\/strong><\/p>\n<p><span id=\"more-438013\"><\/span>Le roi du sprint Jasper Philipsen a pris la br\u00e8che pour son capitaine Mathieu van der Poel et a sauv\u00e9 la victoire dans la classique In Flanders Fields. Le Belge a sprint\u00e9 devant un groupe plus nombreux lors d&rsquo;une finale passionnante lors de la 88e \u00e9dition de la course, anciennement connue sous le nom de Gent-Wevelgem. Cela faisait cinq ans qu&rsquo;un Belge n&rsquo;avait pas gagn\u00e9 la course.<\/p>\n<p>Les deuxi\u00e8me et troisi\u00e8me places sont revenues au Danois Tobias Lund Andresen et au Fran\u00e7ais Christophe Laporte apr\u00e8s 240,8 kilom\u00e8tres.<\/p>\n<div id=\"attachment_438015\" class=\"wp-caption alignleft\" style=\"max-width: 300px\"><img fetchpriority=\"high\" decoding=\"async\" class=\"wp-image-438015 size-medium\" src=\"https:\/\/vieassociative.be\/actualites\/wp-content\/uploads\/2026\/03\/In-Flanders-Fields-Jasper-Philipsen-simpose-apres-un-sprint.jpg\" alt=\"\" width=\"300\" height=\"200\"><\/div>\n<p>Ce n&rsquo;est qu&rsquo;\u00e0 un kilom\u00e8tre de l&rsquo;arriv\u00e9e que van der Poel et son ancien rival Wout van Aert (Belgique) ont \u00e9t\u00e9 rattrap\u00e9s apr\u00e8s une longue \u00e9vasion. Le duo s&rsquo;\u00e9tait \u00e9chapp\u00e9 \u00e0 Kemmelberg \u00e0 36 kilom\u00e8tres de l&rsquo;arriv\u00e9e, mais n&rsquo;a pas pu conserver son avance \u00e0 l&rsquo;arriv\u00e9e.<\/p>\n<p>\u00ab\u00a0C&rsquo;est une classique que je voulais gagner depuis de nombreuses ann\u00e9es. Malheureusement, cela n&rsquo;a jamais \u00e9t\u00e9 suffisant\u00a0\u00bb, a d\u00e9clar\u00e9 Philipsen, ajoutant : \u00ab\u00a0C&rsquo;\u00e9tait une situation id\u00e9ale pour l&rsquo;\u00e9quipe. Mathieu avait d\u00e9j\u00e0 annonc\u00e9 quelques kilom\u00e8tres avant l&rsquo;arriv\u00e9e qu&rsquo;il n&rsquo;avait pas les meilleures jambes \u00e0 cause de vendredi. Moi, en revanche, j&rsquo;\u00e9tais encore frais.\u00a0\u00bb Il y a deux jours, van der Poel avait d\u00e9j\u00e0 r\u00e9alis\u00e9 une longue aventure en solo lors du Prix E3 et a utilis\u00e9 ses derni\u00e8res forces pour conserver son avance jusqu&rsquo;\u00e0 l&rsquo;arriv\u00e9e.<\/p>\n<p>Van der Poel voulait en fait se mettre dans l&rsquo;ambiance du Tour des Flandres dans une semaine avec sa premi\u00e8re victoire dans la course traditionnelle. Il y aura un autre grand duel avec la superstar Tadej Pogacar. L&rsquo;exceptionnel Slov\u00e8ne, qui a remport\u00e9 pour la premi\u00e8re fois la classique printani\u00e8re Milan-Sanremo il y a une semaine, a fait l&rsquo;impasse sur les courses en Belgique ce week-end. (dpa\/cr\u00e9)<\/p>\n","protected":false},"excerpt":{"rendered":"<p>Jasper Philipsen tente sa chance et sprinte vers la victoire \u00e0 Wevelgem &#8211; tandis que Mathieu van der Poel et Wout van Aert sont rattrap\u00e9s<\/p>\n","protected":false},"author":1,"featured_media":13233,"comment_status":"","ping_status":"","sticky":false,"template":"","format":"standard","meta":{"footnotes":""},"categories":[298],"tags":[472,10375,10374,8283,5873,3643,7633,8936,6145],"class_list":["post-13232","post","type-post","status-publish","format-standard","has-post-thumbnail","hentry","category-belgique","tag-apres","tag-fields","tag-flanders","tag-jasper","tag-massif","tag-passionnant","tag-philipsen","tag-simpose","tag-sprint","generate-columns","tablet-grid-50","mobile-grid-100","grid-parent","grid-33"],"yoast_head":"<!-- This site is optimized with the Yoast SEO plugin v24.0 - https:\/\/yoast.com\/wordpress\/plugins\/seo\/ -->\n<title>In Flanders Fields : Jasper Philipsen s&#039;impose apr\u00e8s un sprint massif passionnant | Vie Associative<\/title>\n<meta name=\"robots\" content=\"index, follow, max-snippet:-1, max-image-preview:large, max-video-preview:-1\" \/>\n<link rel=\"canonical\" href=\"https:\/\/vieassociative.be\/actualites\/in-flanders-fields-jasper-philipsen-simpose-apres-un-sprint-massif-passionnant\/\" \/>\n<meta property=\"og:locale\" content=\"fr_FR\" \/>\n<meta property=\"og:type\" content=\"article\" \/>\n<meta property=\"og:title\" content=\"In Flanders Fields : Jasper Philipsen s&#039;impose apr\u00e8s un sprint massif passionnant | Vie Associative\" \/>\n<meta property=\"og:description\" content=\"Jasper Philipsen tente sa chance et sprinte vers la victoire \u00e0 Wevelgem &#8211; tandis que Mathieu van der Poel et Wout van Aert sont rattrap\u00e9s\" \/>\n<meta property=\"og:url\" content=\"https:\/\/vieassociative.be\/actualites\/in-flanders-fields-jasper-philipsen-simpose-apres-un-sprint-massif-passionnant\/\" \/>\n<meta property=\"og:site_name\" content=\"Vie Associative\" \/>\n<meta property=\"article:published_time\" content=\"2026-03-29T15:17:27+00:00\" \/>\n<meta property=\"og:image\" content=\"https:\/\/vieassociative.be\/actualites\/wp-content\/uploads\/2024\/09\/header_backgroundk-01-e1726694325946.png\" \/>\n\t<meta property=\"og:image:width\" content=\"279\" \/>\n\t<meta property=\"og:image:height\" content=\"92\" \/>\n\t<meta property=\"og:image:type\" content=\"image\/png\" \/>\n<meta name=\"author\" content=\"Julien\" \/>\n<meta name=\"twitter:card\" content=\"summary_large_image\" \/>\n<meta name=\"twitter:label1\" content=\"\u00c9crit par\" \/>\n\t<meta name=\"twitter:data1\" content=\"Julien\" \/>\n\t<meta name=\"twitter:label2\" content=\"Dur\u00e9e de lecture est.\" \/>\n\t<meta name=\"twitter:data2\" content=\"2 minutes\" \/>\n<script type=\"application\/ld+json\" class=\"yoast-schema-graph\">{\"@context\":\"https:\/\/schema.org\",\"@graph\":[{\"@type\":\"Article\",\"@id\":\"https:\/\/vieassociative.be\/actualites\/in-flanders-fields-jasper-philipsen-simpose-apres-un-sprint-massif-passionnant\/#article\",\"isPartOf\":{\"@id\":\"https:\/\/vieassociative.be\/actualites\/in-flanders-fields-jasper-philipsen-simpose-apres-un-sprint-massif-passionnant\/\"},\"author\":{\"name\":\"Julien\",\"@id\":\"https:\/\/vieassociative.be\/actualites\/#\/schema\/person\/b87ac4f82f9d4e7b7cec7395b679edc4\"},\"headline\":\"In Flanders Fields : Jasper Philipsen s&rsquo;impose apr\u00e8s un sprint massif passionnant\",\"datePublished\":\"2026-03-29T15:17:27+00:00\",\"dateModified\":\"2026-03-29T15:17:27+00:00\",\"mainEntityOfPage\":{\"@id\":\"https:\/\/vieassociative.be\/actualites\/in-flanders-fields-jasper-philipsen-simpose-apres-un-sprint-massif-passionnant\/\"},\"wordCount\":374,\"publisher\":{\"@id\":\"https:\/\/vieassociative.be\/actualites\/#organization\"},\"image\":{\"@id\":\"https:\/\/vieassociative.be\/actualites\/in-flanders-fields-jasper-philipsen-simpose-apres-un-sprint-massif-passionnant\/#primaryimage\"},\"thumbnailUrl\":\"https:\/\/vieassociative.be\/actualites\/wp-content\/uploads\/2026\/03\/1774797447_In-Flanders-Fields-Jasper-Philipsen-simpose-apres-un-sprint.jpg\",\"keywords\":[\"Apr\u00e8s\",\"Fields\",\"Flanders\",\"Jasper\",\"massif\",\"passionnant\",\"Philipsen\",\"simpose\",\"sprint\"],\"articleSection\":[\"Belgique\"],\"inLanguage\":\"fr-BE\"},{\"@type\":\"WebPage\",\"@id\":\"https:\/\/vieassociative.be\/actualites\/in-flanders-fields-jasper-philipsen-simpose-apres-un-sprint-massif-passionnant\/\",\"url\":\"https:\/\/vieassociative.be\/actualites\/in-flanders-fields-jasper-philipsen-simpose-apres-un-sprint-massif-passionnant\/\",\"name\":\"In Flanders Fields : Jasper Philipsen s'impose apr\u00e8s un sprint massif passionnant | Vie Associative\",\"isPartOf\":{\"@id\":\"https:\/\/vieassociative.be\/actualites\/#website\"},\"primaryImageOfPage\":{\"@id\":\"https:\/\/vieassociative.be\/actualites\/in-flanders-fields-jasper-philipsen-simpose-apres-un-sprint-massif-passionnant\/#primaryimage\"},\"image\":{\"@id\":\"https:\/\/vieassociative.be\/actualites\/in-flanders-fields-jasper-philipsen-simpose-apres-un-sprint-massif-passionnant\/#primaryimage\"},\"thumbnailUrl\":\"https:\/\/vieassociative.be\/actualites\/wp-content\/uploads\/2026\/03\/1774797447_In-Flanders-Fields-Jasper-Philipsen-simpose-apres-un-sprint.jpg\",\"datePublished\":\"2026-03-29T15:17:27+00:00\",\"dateModified\":\"2026-03-29T15:17:27+00:00\",\"breadcrumb\":{\"@id\":\"https:\/\/vieassociative.be\/actualites\/in-flanders-fields-jasper-philipsen-simpose-apres-un-sprint-massif-passionnant\/#breadcrumb\"},\"inLanguage\":\"fr-BE\",\"potentialAction\":[{\"@type\":\"ReadAction\",\"target\":[\"https:\/\/vieassociative.be\/actualites\/in-flanders-fields-jasper-philipsen-simpose-apres-un-sprint-massif-passionnant\/\"]}]},{\"@type\":\"ImageObject\",\"inLanguage\":\"fr-BE\",\"@id\":\"https:\/\/vieassociative.be\/actualites\/in-flanders-fields-jasper-philipsen-simpose-apres-un-sprint-massif-passionnant\/#primaryimage\",\"url\":\"https:\/\/vieassociative.be\/actualites\/wp-content\/uploads\/2026\/03\/1774797447_In-Flanders-Fields-Jasper-Philipsen-simpose-apres-un-sprint.jpg\",\"contentUrl\":\"https:\/\/vieassociative.be\/actualites\/wp-content\/uploads\/2026\/03\/1774797447_In-Flanders-Fields-Jasper-Philipsen-simpose-apres-un-sprint.jpg\",\"width\":1200,\"height\":800,\"caption\":\"In Flanders Fields : Jasper Philipsen s'impose apr\u00e8s un sprint massif passionnant\"},{\"@type\":\"BreadcrumbList\",\"@id\":\"https:\/\/vieassociative.be\/actualites\/in-flanders-fields-jasper-philipsen-simpose-apres-un-sprint-massif-passionnant\/#breadcrumb\",\"itemListElement\":[{\"@type\":\"ListItem\",\"position\":1,\"name\":\"Accueil\",\"item\":\"https:\/\/vieassociative.be\/actualites\/\"},{\"@type\":\"ListItem\",\"position\":2,\"name\":\"In Flanders Fields : Jasper Philipsen s&rsquo;impose apr\u00e8s un sprint massif passionnant\"}]},{\"@type\":\"WebSite\",\"@id\":\"https:\/\/vieassociative.be\/actualites\/#website\",\"url\":\"https:\/\/vieassociative.be\/actualites\/\",\"name\":\"Vie Associative\",\"description\":\"\",\"publisher\":{\"@id\":\"https:\/\/vieassociative.be\/actualites\/#organization\"},\"potentialAction\":[{\"@type\":\"SearchAction\",\"target\":{\"@type\":\"EntryPoint\",\"urlTemplate\":\"https:\/\/vieassociative.be\/actualites\/?s={search_term_string}\"},\"query-input\":{\"@type\":\"PropertyValueSpecification\",\"valueRequired\":true,\"valueName\":\"search_term_string\"}}],\"inLanguage\":\"fr-BE\"},{\"@type\":\"Organization\",\"@id\":\"https:\/\/vieassociative.be\/actualites\/#organization\",\"name\":\"Vie Associative\",\"url\":\"https:\/\/vieassociative.be\/actualites\/\",\"logo\":{\"@type\":\"ImageObject\",\"inLanguage\":\"fr-BE\",\"@id\":\"https:\/\/vieassociative.be\/actualites\/#\/schema\/logo\/image\/\",\"url\":\"https:\/\/vieassociative.be\/actualites\/wp-content\/uploads\/2024\/09\/cropped-vieassociative_favicon.ico.png\",\"contentUrl\":\"https:\/\/vieassociative.be\/actualites\/wp-content\/uploads\/2024\/09\/cropped-vieassociative_favicon.ico.png\",\"width\":512,\"height\":512,\"caption\":\"Vie Associative\"},\"image\":{\"@id\":\"https:\/\/vieassociative.be\/actualites\/#\/schema\/logo\/image\/\"}},{\"@type\":\"Person\",\"@id\":\"https:\/\/vieassociative.be\/actualites\/#\/schema\/person\/b87ac4f82f9d4e7b7cec7395b679edc4\",\"name\":\"Julien\",\"image\":{\"@type\":\"ImageObject\",\"inLanguage\":\"fr-BE\",\"@id\":\"https:\/\/vieassociative.be\/actualites\/#\/schema\/person\/image\/\",\"url\":\"https:\/\/vieassociative.be\/actualites\/wp-content\/uploads\/2024\/09\/vie-associative-1-150x150.jpg\",\"contentUrl\":\"https:\/\/vieassociative.be\/actualites\/wp-content\/uploads\/2024\/09\/vie-associative-1-150x150.jpg\",\"caption\":\"Julien\"},\"description\":\"Je suis Julien, r\u00e9dacteur pour Vie Associative. Passionn\u00e9 par le monde associatif depuis plus de 10 ans, j'ai \u00e0 c\u0153ur de partager des histoires inspirantes et de mettre en lumi\u00e8re les initiatives locales. Mon objectif est de sensibiliser et d'encourager l'engagement communautaire \u00e0 travers mes articles.\",\"sameAs\":[\"https:\/\/vieassociative.be\/\"]}]}<\/script>\n<!-- \/ Yoast SEO plugin. -->","yoast_head_json":{"title":"In Flanders Fields : Jasper Philipsen s'impose apr\u00e8s un sprint massif passionnant | Vie Associative","robots":{"index":"index","follow":"follow","max-snippet":"max-snippet:-1","max-image-preview":"max-image-preview:large","max-video-preview":"max-video-preview:-1"},"canonical":"https:\/\/vieassociative.be\/actualites\/in-flanders-fields-jasper-philipsen-simpose-apres-un-sprint-massif-passionnant\/","og_locale":"fr_FR","og_type":"article","og_title":"In Flanders Fields : Jasper Philipsen s'impose apr\u00e8s un sprint massif passionnant | Vie Associative","og_description":"Jasper Philipsen tente sa chance et sprinte vers la victoire \u00e0 Wevelgem &#8211; tandis que Mathieu van der Poel et Wout van Aert sont rattrap\u00e9s","og_url":"https:\/\/vieassociative.be\/actualites\/in-flanders-fields-jasper-philipsen-simpose-apres-un-sprint-massif-passionnant\/","og_site_name":"Vie Associative","article_published_time":"2026-03-29T15:17:27+00:00","og_image":[{"width":279,"height":92,"url":"https:\/\/vieassociative.be\/actualites\/wp-content\/uploads\/2024\/09\/header_backgroundk-01-e1726694325946.png","type":"image\/png"}],"author":"Julien","twitter_card":"summary_large_image","twitter_misc":{"\u00c9crit par":"Julien","Dur\u00e9e de lecture est.":"2 minutes"},"schema":{"@context":"https:\/\/schema.org","@graph":[{"@type":"Article","@id":"https:\/\/vieassociative.be\/actualites\/in-flanders-fields-jasper-philipsen-simpose-apres-un-sprint-massif-passionnant\/#article","isPartOf":{"@id":"https:\/\/vieassociative.be\/actualites\/in-flanders-fields-jasper-philipsen-simpose-apres-un-sprint-massif-passionnant\/"},"author":{"name":"Julien","@id":"https:\/\/vieassociative.be\/actualites\/#\/schema\/person\/b87ac4f82f9d4e7b7cec7395b679edc4"},"headline":"In Flanders Fields : Jasper Philipsen s&rsquo;impose apr\u00e8s un sprint massif passionnant","datePublished":"2026-03-29T15:17:27+00:00","dateModified":"2026-03-29T15:17:27+00:00","mainEntityOfPage":{"@id":"https:\/\/vieassociative.be\/actualites\/in-flanders-fields-jasper-philipsen-simpose-apres-un-sprint-massif-passionnant\/"},"wordCount":374,"publisher":{"@id":"https:\/\/vieassociative.be\/actualites\/#organization"},"image":{"@id":"https:\/\/vieassociative.be\/actualites\/in-flanders-fields-jasper-philipsen-simpose-apres-un-sprint-massif-passionnant\/#primaryimage"},"thumbnailUrl":"https:\/\/vieassociative.be\/actualites\/wp-content\/uploads\/2026\/03\/1774797447_In-Flanders-Fields-Jasper-Philipsen-simpose-apres-un-sprint.jpg","keywords":["Apr\u00e8s","Fields","Flanders","Jasper","massif","passionnant","Philipsen","simpose","sprint"],"articleSection":["Belgique"],"inLanguage":"fr-BE"},{"@type":"WebPage","@id":"https:\/\/vieassociative.be\/actualites\/in-flanders-fields-jasper-philipsen-simpose-apres-un-sprint-massif-passionnant\/","url":"https:\/\/vieassociative.be\/actualites\/in-flanders-fields-jasper-philipsen-simpose-apres-un-sprint-massif-passionnant\/","name":"In Flanders Fields : Jasper Philipsen s'impose apr\u00e8s un sprint massif passionnant | Vie Associative","isPartOf":{"@id":"https:\/\/vieassociative.be\/actualites\/#website"},"primaryImageOfPage":{"@id":"https:\/\/vieassociative.be\/actualites\/in-flanders-fields-jasper-philipsen-simpose-apres-un-sprint-massif-passionnant\/#primaryimage"},"image":{"@id":"https:\/\/vieassociative.be\/actualites\/in-flanders-fields-jasper-philipsen-simpose-apres-un-sprint-massif-passionnant\/#primaryimage"},"thumbnailUrl":"https:\/\/vieassociative.be\/actualites\/wp-content\/uploads\/2026\/03\/1774797447_In-Flanders-Fields-Jasper-Philipsen-simpose-apres-un-sprint.jpg","datePublished":"2026-03-29T15:17:27+00:00","dateModified":"2026-03-29T15:17:27+00:00","breadcrumb":{"@id":"https:\/\/vieassociative.be\/actualites\/in-flanders-fields-jasper-philipsen-simpose-apres-un-sprint-massif-passionnant\/#breadcrumb"},"inLanguage":"fr-BE","potentialAction":[{"@type":"ReadAction","target":["https:\/\/vieassociative.be\/actualites\/in-flanders-fields-jasper-philipsen-simpose-apres-un-sprint-massif-passionnant\/"]}]},{"@type":"ImageObject","inLanguage":"fr-BE","@id":"https:\/\/vieassociative.be\/actualites\/in-flanders-fields-jasper-philipsen-simpose-apres-un-sprint-massif-passionnant\/#primaryimage","url":"https:\/\/vieassociative.be\/actualites\/wp-content\/uploads\/2026\/03\/1774797447_In-Flanders-Fields-Jasper-Philipsen-simpose-apres-un-sprint.jpg","contentUrl":"https:\/\/vieassociative.be\/actualites\/wp-content\/uploads\/2026\/03\/1774797447_In-Flanders-Fields-Jasper-Philipsen-simpose-apres-un-sprint.jpg","width":1200,"height":800,"caption":"In Flanders Fields : Jasper Philipsen s'impose apr\u00e8s un sprint massif passionnant"},{"@type":"BreadcrumbList","@id":"https:\/\/vieassociative.be\/actualites\/in-flanders-fields-jasper-philipsen-simpose-apres-un-sprint-massif-passionnant\/#breadcrumb","itemListElement":[{"@type":"ListItem","position":1,"name":"Accueil","item":"https:\/\/vieassociative.be\/actualites\/"},{"@type":"ListItem","position":2,"name":"In Flanders Fields : Jasper Philipsen s&rsquo;impose apr\u00e8s un sprint massif passionnant"}]},{"@type":"WebSite","@id":"https:\/\/vieassociative.be\/actualites\/#website","url":"https:\/\/vieassociative.be\/actualites\/","name":"Vie Associative","description":"","publisher":{"@id":"https:\/\/vieassociative.be\/actualites\/#organization"},"potentialAction":[{"@type":"SearchAction","target":{"@type":"EntryPoint","urlTemplate":"https:\/\/vieassociative.be\/actualites\/?s={search_term_string}"},"query-input":{"@type":"PropertyValueSpecification","valueRequired":true,"valueName":"search_term_string"}}],"inLanguage":"fr-BE"},{"@type":"Organization","@id":"https:\/\/vieassociative.be\/actualites\/#organization","name":"Vie Associative","url":"https:\/\/vieassociative.be\/actualites\/","logo":{"@type":"ImageObject","inLanguage":"fr-BE","@id":"https:\/\/vieassociative.be\/actualites\/#\/schema\/logo\/image\/","url":"https:\/\/vieassociative.be\/actualites\/wp-content\/uploads\/2024\/09\/cropped-vieassociative_favicon.ico.png","contentUrl":"https:\/\/vieassociative.be\/actualites\/wp-content\/uploads\/2024\/09\/cropped-vieassociative_favicon.ico.png","width":512,"height":512,"caption":"Vie Associative"},"image":{"@id":"https:\/\/vieassociative.be\/actualites\/#\/schema\/logo\/image\/"}},{"@type":"Person","@id":"https:\/\/vieassociative.be\/actualites\/#\/schema\/person\/b87ac4f82f9d4e7b7cec7395b679edc4","name":"Julien","image":{"@type":"ImageObject","inLanguage":"fr-BE","@id":"https:\/\/vieassociative.be\/actualites\/#\/schema\/person\/image\/","url":"https:\/\/vieassociative.be\/actualites\/wp-content\/uploads\/2024\/09\/vie-associative-1-150x150.jpg","contentUrl":"https:\/\/vieassociative.be\/actualites\/wp-content\/uploads\/2024\/09\/vie-associative-1-150x150.jpg","caption":"Julien"},"description":"Je suis Julien, r\u00e9dacteur pour Vie Associative. Passionn\u00e9 par le monde associatif depuis plus de 10 ans, j'ai \u00e0 c\u0153ur de partager des histoires inspirantes et de mettre en lumi\u00e8re les initiatives locales. Mon objectif est de sensibiliser et d'encourager l'engagement communautaire \u00e0 travers mes articles.","sameAs":["https:\/\/vieassociative.be\/"]}]}},"_links":{"self":[{"href":"https:\/\/vieassociative.be\/actualites\/wp-json\/wp\/v2\/posts\/13232"}],"collection":[{"href":"https:\/\/vieassociative.be\/actualites\/wp-json\/wp\/v2\/posts"}],"about":[{"href":"https:\/\/vieassociative.be\/actualites\/wp-json\/wp\/v2\/types\/post"}],"author":[{"embeddable":true,"href":"https:\/\/vieassociative.be\/actualites\/wp-json\/wp\/v2\/users\/1"}],"replies":[{"embeddable":true,"href":"https:\/\/vieassociative.be\/actualites\/wp-json\/wp\/v2\/comments?post=13232"}],"version-history":[{"count":0,"href":"https:\/\/vieassociative.be\/actualites\/wp-json\/wp\/v2\/posts\/13232\/revisions"}],"wp:featuredmedia":[{"embeddable":true,"href":"https:\/\/vieassociative.be\/actualites\/wp-json\/wp\/v2\/media\/13233"}],"wp:attachment":[{"href":"https:\/\/vieassociative.be\/actualites\/wp-json\/wp\/v2\/media?parent=13232"}],"wp:term":[{"taxonomy":"category","embeddable":true,"href":"https:\/\/vieassociative.be\/actualites\/wp-json\/wp\/v2\/categories?post=13232"},{"taxonomy":"post_tag","embeddable":true,"href":"https:\/\/vieassociative.be\/actualites\/wp-json\/wp\/v2\/tags?post=13232"}],"curies":[{"name":"wp","href":"https:\/\/api.w.org\/{rel}","templated":true}]}}