{"id":13228,"date":"2026-03-29T11:18:25","date_gmt":"2026-03-29T09:18:25","guid":{"rendered":"https:\/\/vieassociative.be\/actualites\/pour-les-diables-rouges-la-coupe-du-monde-2026-commence-aujourdhui-avec-le-premier-test-difficile-aux-usa-contre-les-usa\/"},"modified":"2026-03-29T11:18:25","modified_gmt":"2026-03-29T09:18:25","slug":"pour-les-diables-rouges-la-coupe-du-monde-2026-commence-aujourdhui-avec-le-premier-test-difficile-aux-usa-contre-les-usa","status":"publish","type":"post","link":"https:\/\/vieassociative.be\/actualites\/pour-les-diables-rouges-la-coupe-du-monde-2026-commence-aujourdhui-avec-le-premier-test-difficile-aux-usa-contre-les-usa\/","title":{"rendered":"Pour les Diables Rouges, la Coupe du Monde 2026 commence aujourd&rsquo;hui avec le premier test difficile aux USA contre les USA"},"content":{"rendered":"<p><strong>L&rsquo;\u00e9quipe nationale belge de football entame ce samedi sa pr\u00e9paration pour la Coupe du monde \u00e0 Atlanta, dans l&rsquo;\u00c9tat am\u00e9ricain de Giorgia, avec un premier v\u00e9ritable test d&rsquo;endurance. L&rsquo;adversaire est le co-h\u00f4te des \u00c9tats-Unis. Pour les deux \u00e9quipes, cette rencontre constitue une \u00e9tape importante en vue du tournoi du 11 juin au 19 juillet aux \u00c9tats-Unis, au Mexique et au Canada.<\/strong><\/p>\n<p><span id=\"more-437987\"><\/span>Le s\u00e9lectionneur national belge Rudi Garcia souhaite utiliser le match (20h30 heure belge \/ en direct sur RTL-TVI et vtm) sp\u00e9cifiquement pour d\u00e9terminer la situation et pour exp\u00e9rimenter le personnel, d&rsquo;autant plus que certains joueurs r\u00e9guliers comme Thibaut Courtois, Hans Vanaken, Leandro Trossard et Romelu Lukaku sont absents.<\/p>\n<p>En plus des forces \u00e9tablies autour de Kevin De Bruyne, il faudrait donner du temps de jeu aux jeunes joueurs. Des talents comme Nathan De Cat (RSC Anderlecht), Lucas Stassin (AS Saint-\u00c9tienne) et Mika Godts (Ajax Amsterdam) sont exemplaires du changement amorc\u00e9 chez les Diables Rouges.<\/p>\n<div id=\"attachment_386465\" class=\"wp-caption alignleft\" style=\"max-width: 300px\"><img fetchpriority=\"high\" decoding=\"async\" class=\"wp-image-386465 size-medium\" src=\"https:\/\/vieassociative.be\/actualites\/wp-content\/uploads\/2026\/03\/Pour-les-Diables-Rouges-la-Coupe-du-Monde-2026-commence.jpg\" alt=\"\" width=\"300\" height=\"200\"><\/div>\n<p>En l&rsquo;absence du gardien r\u00e9gulier Thibaut Courtois, Senne Lammens (Manchester United) et Matz Sels (Nottingham Forest) devraient se partager le temps de jeu lors des deux matchs tests. En plus du match contre les \u00c9tats-Unis, il y aura un autre duel contre le Mexique, co-organisateur, mardi (3 heures du matin CEST mercredi).<\/p>\n<p>Garcia s&rsquo;appuie d\u00e9lib\u00e9r\u00e9ment sur un m\u00e9lange d&rsquo;exp\u00e9rience et de perspective afin d&rsquo;augmenter la concurrence au sein de l&rsquo;\u00e9quipe et de tester des alternatives pour la Coupe du monde 2026. Cela vaut notamment pour la position au centre de l\u2019attaque en l\u2019absence de Lukaku. Soit l&rsquo;entra\u00eeneur opte pour un \u00ab faux neuf \u00bb avec Charles De Ketelaere, soit il r\u00e9essaye avec Lois Openda, qui n&rsquo;a pas r\u00e9ussi \u00e0 convaincre jusqu&rsquo;\u00e0 pr\u00e9sent. Cette fois, il a \u00e9galement une autre alternative avec les jeunes Stassin et Godts.<\/p>\n<p>Les \u00c9tats-Unis de l&rsquo;entra\u00eeneur Mauricio Pochettino (anciennement Tottenham, PSG et Chelsea) ont r\u00e9cemment impressionn\u00e9 par leur vitesse, leur pressing agressif et leur grande intensit\u00e9. Ils veulent soutenir leur d\u00e9veloppement devant leur public et s\u2019affirmer face aux meilleures \u00e9quipes europ\u00e9ennes.<\/p>\n<p>De nombreuses indications laissent penser qu&rsquo;il s&rsquo;agira d&rsquo;un duel intense et offensif, avec un accent particulier sur les joueurs qui souhaitent se promouvoir pour des r\u00f4les plus importants au sein de l&rsquo;\u00e9quipe belge de la Coupe du Monde. (cr\u00e9er)<\/p>\n","protected":false},"excerpt":{"rendered":"<p>L&rsquo;\u00e9quipe nationale belge de football entame ce samedi sa pr\u00e9paration pour la Coupe du monde \u00e0 Atlanta, dans l&rsquo;\u00c9tat am\u00e9ricain de Giorgia, avec un premier<\/p>\n","protected":false},"author":1,"featured_media":13229,"comment_status":"","ping_status":"","sticky":false,"template":"","format":"standard","meta":{"footnotes":""},"categories":[298],"tags":[2330,289,61,1051,796,2472,2389,3470,14,237,81,443,2366,186,2664],"class_list":["post-13228","post","type-post","status-publish","format-standard","has-post-thumbnail","hentry","category-belgique","tag-aujourdhui","tag-aux","tag-avec","tag-commence","tag-contre","tag-coupe","tag-diables","tag-difficile","tag-les","tag-monde","tag-pour","tag-premier","tag-rouges","tag-test","tag-usa","generate-columns","tablet-grid-50","mobile-grid-100","grid-parent","grid-33"],"yoast_head":"<!-- This site is optimized with the Yoast SEO plugin v24.0 - https:\/\/yoast.com\/wordpress\/plugins\/seo\/ -->\n<title>Pour les Diables Rouges, la Coupe du Monde 2026 commence aujourd&#039;hui avec le premier test difficile aux USA contre les USA | Vie Associative<\/title>\n<meta name=\"robots\" content=\"index, follow, max-snippet:-1, max-image-preview:large, max-video-preview:-1\" \/>\n<link rel=\"canonical\" href=\"https:\/\/vieassociative.be\/actualites\/pour-les-diables-rouges-la-coupe-du-monde-2026-commence-aujourdhui-avec-le-premier-test-difficile-aux-usa-contre-les-usa\/\" \/>\n<meta property=\"og:locale\" content=\"fr_FR\" \/>\n<meta property=\"og:type\" content=\"article\" \/>\n<meta property=\"og:title\" content=\"Pour les Diables Rouges, la Coupe du Monde 2026 commence aujourd&#039;hui avec le premier test difficile aux USA contre les USA | Vie Associative\" \/>\n<meta property=\"og:description\" content=\"L&rsquo;\u00e9quipe nationale belge de football entame ce samedi sa pr\u00e9paration pour la Coupe du monde \u00e0 Atlanta, dans l&rsquo;\u00c9tat am\u00e9ricain de Giorgia, avec un premier\" \/>\n<meta property=\"og:url\" content=\"https:\/\/vieassociative.be\/actualites\/pour-les-diables-rouges-la-coupe-du-monde-2026-commence-aujourdhui-avec-le-premier-test-difficile-aux-usa-contre-les-usa\/\" \/>\n<meta property=\"og:site_name\" content=\"Vie Associative\" \/>\n<meta property=\"article:published_time\" content=\"2026-03-29T09:18:25+00:00\" \/>\n<meta property=\"og:image\" content=\"https:\/\/vieassociative.be\/actualites\/wp-content\/uploads\/2024\/09\/header_backgroundk-01-e1726694325946.png\" \/>\n\t<meta property=\"og:image:width\" content=\"279\" \/>\n\t<meta property=\"og:image:height\" content=\"92\" \/>\n\t<meta property=\"og:image:type\" content=\"image\/png\" \/>\n<meta name=\"author\" content=\"Julien\" \/>\n<meta name=\"twitter:card\" content=\"summary_large_image\" \/>\n<meta name=\"twitter:label1\" content=\"\u00c9crit par\" \/>\n\t<meta name=\"twitter:data1\" content=\"Julien\" \/>\n\t<meta name=\"twitter:label2\" content=\"Dur\u00e9e de lecture est.\" \/>\n\t<meta name=\"twitter:data2\" content=\"2 minutes\" \/>\n<script type=\"application\/ld+json\" class=\"yoast-schema-graph\">{\"@context\":\"https:\/\/schema.org\",\"@graph\":[{\"@type\":\"Article\",\"@id\":\"https:\/\/vieassociative.be\/actualites\/pour-les-diables-rouges-la-coupe-du-monde-2026-commence-aujourdhui-avec-le-premier-test-difficile-aux-usa-contre-les-usa\/#article\",\"isPartOf\":{\"@id\":\"https:\/\/vieassociative.be\/actualites\/pour-les-diables-rouges-la-coupe-du-monde-2026-commence-aujourdhui-avec-le-premier-test-difficile-aux-usa-contre-les-usa\/\"},\"author\":{\"name\":\"Julien\",\"@id\":\"https:\/\/vieassociative.be\/actualites\/#\/schema\/person\/b87ac4f82f9d4e7b7cec7395b679edc4\"},\"headline\":\"Pour les Diables Rouges, la Coupe du Monde 2026 commence aujourd&rsquo;hui avec le premier test difficile aux USA contre les USA\",\"datePublished\":\"2026-03-29T09:18:25+00:00\",\"dateModified\":\"2026-03-29T09:18:25+00:00\",\"mainEntityOfPage\":{\"@id\":\"https:\/\/vieassociative.be\/actualites\/pour-les-diables-rouges-la-coupe-du-monde-2026-commence-aujourdhui-avec-le-premier-test-difficile-aux-usa-contre-les-usa\/\"},\"wordCount\":427,\"publisher\":{\"@id\":\"https:\/\/vieassociative.be\/actualites\/#organization\"},\"image\":{\"@id\":\"https:\/\/vieassociative.be\/actualites\/pour-les-diables-rouges-la-coupe-du-monde-2026-commence-aujourdhui-avec-le-premier-test-difficile-aux-usa-contre-les-usa\/#primaryimage\"},\"thumbnailUrl\":\"https:\/\/vieassociative.be\/actualites\/wp-content\/uploads\/2026\/03\/1774775906_Pour-les-Diables-Rouges-la-Coupe-du-Monde-2026-commence.jpg\",\"keywords\":[\"aujourdhui\",\"aux\",\"avec\",\"commenc\u00e9\",\"contre\",\"Coupe\",\"Diables\",\"difficile\",\"Les\",\"monde\",\"pour\",\"premier\",\"rouges\",\"test\",\"USA\"],\"articleSection\":[\"Belgique\"],\"inLanguage\":\"fr-BE\"},{\"@type\":\"WebPage\",\"@id\":\"https:\/\/vieassociative.be\/actualites\/pour-les-diables-rouges-la-coupe-du-monde-2026-commence-aujourdhui-avec-le-premier-test-difficile-aux-usa-contre-les-usa\/\",\"url\":\"https:\/\/vieassociative.be\/actualites\/pour-les-diables-rouges-la-coupe-du-monde-2026-commence-aujourdhui-avec-le-premier-test-difficile-aux-usa-contre-les-usa\/\",\"name\":\"Pour les Diables Rouges, la Coupe du Monde 2026 commence aujourd'hui avec le premier test difficile aux USA contre les USA | Vie Associative\",\"isPartOf\":{\"@id\":\"https:\/\/vieassociative.be\/actualites\/#website\"},\"primaryImageOfPage\":{\"@id\":\"https:\/\/vieassociative.be\/actualites\/pour-les-diables-rouges-la-coupe-du-monde-2026-commence-aujourdhui-avec-le-premier-test-difficile-aux-usa-contre-les-usa\/#primaryimage\"},\"image\":{\"@id\":\"https:\/\/vieassociative.be\/actualites\/pour-les-diables-rouges-la-coupe-du-monde-2026-commence-aujourdhui-avec-le-premier-test-difficile-aux-usa-contre-les-usa\/#primaryimage\"},\"thumbnailUrl\":\"https:\/\/vieassociative.be\/actualites\/wp-content\/uploads\/2026\/03\/1774775906_Pour-les-Diables-Rouges-la-Coupe-du-Monde-2026-commence.jpg\",\"datePublished\":\"2026-03-29T09:18:25+00:00\",\"dateModified\":\"2026-03-29T09:18:25+00:00\",\"breadcrumb\":{\"@id\":\"https:\/\/vieassociative.be\/actualites\/pour-les-diables-rouges-la-coupe-du-monde-2026-commence-aujourdhui-avec-le-premier-test-difficile-aux-usa-contre-les-usa\/#breadcrumb\"},\"inLanguage\":\"fr-BE\",\"potentialAction\":[{\"@type\":\"ReadAction\",\"target\":[\"https:\/\/vieassociative.be\/actualites\/pour-les-diables-rouges-la-coupe-du-monde-2026-commence-aujourdhui-avec-le-premier-test-difficile-aux-usa-contre-les-usa\/\"]}]},{\"@type\":\"ImageObject\",\"inLanguage\":\"fr-BE\",\"@id\":\"https:\/\/vieassociative.be\/actualites\/pour-les-diables-rouges-la-coupe-du-monde-2026-commence-aujourdhui-avec-le-premier-test-difficile-aux-usa-contre-les-usa\/#primaryimage\",\"url\":\"https:\/\/vieassociative.be\/actualites\/wp-content\/uploads\/2026\/03\/1774775906_Pour-les-Diables-Rouges-la-Coupe-du-Monde-2026-commence.jpg\",\"contentUrl\":\"https:\/\/vieassociative.be\/actualites\/wp-content\/uploads\/2026\/03\/1774775906_Pour-les-Diables-Rouges-la-Coupe-du-Monde-2026-commence.jpg\",\"width\":1200,\"height\":899,\"caption\":\"Pour les Diables Rouges, la Coupe du Monde 2026 commence aujourd'hui avec le premier test difficile aux USA contre les USA\"},{\"@type\":\"BreadcrumbList\",\"@id\":\"https:\/\/vieassociative.be\/actualites\/pour-les-diables-rouges-la-coupe-du-monde-2026-commence-aujourdhui-avec-le-premier-test-difficile-aux-usa-contre-les-usa\/#breadcrumb\",\"itemListElement\":[{\"@type\":\"ListItem\",\"position\":1,\"name\":\"Accueil\",\"item\":\"https:\/\/vieassociative.be\/actualites\/\"},{\"@type\":\"ListItem\",\"position\":2,\"name\":\"Pour les Diables Rouges, la Coupe du Monde 2026 commence aujourd&rsquo;hui avec le premier test difficile aux USA contre les USA\"}]},{\"@type\":\"WebSite\",\"@id\":\"https:\/\/vieassociative.be\/actualites\/#website\",\"url\":\"https:\/\/vieassociative.be\/actualites\/\",\"name\":\"Vie Associative\",\"description\":\"\",\"publisher\":{\"@id\":\"https:\/\/vieassociative.be\/actualites\/#organization\"},\"potentialAction\":[{\"@type\":\"SearchAction\",\"target\":{\"@type\":\"EntryPoint\",\"urlTemplate\":\"https:\/\/vieassociative.be\/actualites\/?s={search_term_string}\"},\"query-input\":{\"@type\":\"PropertyValueSpecification\",\"valueRequired\":true,\"valueName\":\"search_term_string\"}}],\"inLanguage\":\"fr-BE\"},{\"@type\":\"Organization\",\"@id\":\"https:\/\/vieassociative.be\/actualites\/#organization\",\"name\":\"Vie Associative\",\"url\":\"https:\/\/vieassociative.be\/actualites\/\",\"logo\":{\"@type\":\"ImageObject\",\"inLanguage\":\"fr-BE\",\"@id\":\"https:\/\/vieassociative.be\/actualites\/#\/schema\/logo\/image\/\",\"url\":\"https:\/\/vieassociative.be\/actualites\/wp-content\/uploads\/2024\/09\/cropped-vieassociative_favicon.ico.png\",\"contentUrl\":\"https:\/\/vieassociative.be\/actualites\/wp-content\/uploads\/2024\/09\/cropped-vieassociative_favicon.ico.png\",\"width\":512,\"height\":512,\"caption\":\"Vie Associative\"},\"image\":{\"@id\":\"https:\/\/vieassociative.be\/actualites\/#\/schema\/logo\/image\/\"}},{\"@type\":\"Person\",\"@id\":\"https:\/\/vieassociative.be\/actualites\/#\/schema\/person\/b87ac4f82f9d4e7b7cec7395b679edc4\",\"name\":\"Julien\",\"image\":{\"@type\":\"ImageObject\",\"inLanguage\":\"fr-BE\",\"@id\":\"https:\/\/vieassociative.be\/actualites\/#\/schema\/person\/image\/\",\"url\":\"https:\/\/vieassociative.be\/actualites\/wp-content\/uploads\/2024\/09\/vie-associative-1-150x150.jpg\",\"contentUrl\":\"https:\/\/vieassociative.be\/actualites\/wp-content\/uploads\/2024\/09\/vie-associative-1-150x150.jpg\",\"caption\":\"Julien\"},\"description\":\"Je suis Julien, r\u00e9dacteur pour Vie Associative. Passionn\u00e9 par le monde associatif depuis plus de 10 ans, j'ai \u00e0 c\u0153ur de partager des histoires inspirantes et de mettre en lumi\u00e8re les initiatives locales. Mon objectif est de sensibiliser et d'encourager l'engagement communautaire \u00e0 travers mes articles.\",\"sameAs\":[\"https:\/\/vieassociative.be\/\"]}]}<\/script>\n<!-- \/ Yoast SEO plugin. -->","yoast_head_json":{"title":"Pour les Diables Rouges, la Coupe du Monde 2026 commence aujourd'hui avec le premier test difficile aux USA contre les USA | Vie Associative","robots":{"index":"index","follow":"follow","max-snippet":"max-snippet:-1","max-image-preview":"max-image-preview:large","max-video-preview":"max-video-preview:-1"},"canonical":"https:\/\/vieassociative.be\/actualites\/pour-les-diables-rouges-la-coupe-du-monde-2026-commence-aujourdhui-avec-le-premier-test-difficile-aux-usa-contre-les-usa\/","og_locale":"fr_FR","og_type":"article","og_title":"Pour les Diables Rouges, la Coupe du Monde 2026 commence aujourd'hui avec le premier test difficile aux USA contre les USA | Vie Associative","og_description":"L&rsquo;\u00e9quipe nationale belge de football entame ce samedi sa pr\u00e9paration pour la Coupe du monde \u00e0 Atlanta, dans l&rsquo;\u00c9tat am\u00e9ricain de Giorgia, avec un premier","og_url":"https:\/\/vieassociative.be\/actualites\/pour-les-diables-rouges-la-coupe-du-monde-2026-commence-aujourdhui-avec-le-premier-test-difficile-aux-usa-contre-les-usa\/","og_site_name":"Vie Associative","article_published_time":"2026-03-29T09:18:25+00:00","og_image":[{"width":279,"height":92,"url":"https:\/\/vieassociative.be\/actualites\/wp-content\/uploads\/2024\/09\/header_backgroundk-01-e1726694325946.png","type":"image\/png"}],"author":"Julien","twitter_card":"summary_large_image","twitter_misc":{"\u00c9crit par":"Julien","Dur\u00e9e de lecture est.":"2 minutes"},"schema":{"@context":"https:\/\/schema.org","@graph":[{"@type":"Article","@id":"https:\/\/vieassociative.be\/actualites\/pour-les-diables-rouges-la-coupe-du-monde-2026-commence-aujourdhui-avec-le-premier-test-difficile-aux-usa-contre-les-usa\/#article","isPartOf":{"@id":"https:\/\/vieassociative.be\/actualites\/pour-les-diables-rouges-la-coupe-du-monde-2026-commence-aujourdhui-avec-le-premier-test-difficile-aux-usa-contre-les-usa\/"},"author":{"name":"Julien","@id":"https:\/\/vieassociative.be\/actualites\/#\/schema\/person\/b87ac4f82f9d4e7b7cec7395b679edc4"},"headline":"Pour les Diables Rouges, la Coupe du Monde 2026 commence aujourd&rsquo;hui avec le premier test difficile aux USA contre les USA","datePublished":"2026-03-29T09:18:25+00:00","dateModified":"2026-03-29T09:18:25+00:00","mainEntityOfPage":{"@id":"https:\/\/vieassociative.be\/actualites\/pour-les-diables-rouges-la-coupe-du-monde-2026-commence-aujourdhui-avec-le-premier-test-difficile-aux-usa-contre-les-usa\/"},"wordCount":427,"publisher":{"@id":"https:\/\/vieassociative.be\/actualites\/#organization"},"image":{"@id":"https:\/\/vieassociative.be\/actualites\/pour-les-diables-rouges-la-coupe-du-monde-2026-commence-aujourdhui-avec-le-premier-test-difficile-aux-usa-contre-les-usa\/#primaryimage"},"thumbnailUrl":"https:\/\/vieassociative.be\/actualites\/wp-content\/uploads\/2026\/03\/1774775906_Pour-les-Diables-Rouges-la-Coupe-du-Monde-2026-commence.jpg","keywords":["aujourdhui","aux","avec","commenc\u00e9","contre","Coupe","Diables","difficile","Les","monde","pour","premier","rouges","test","USA"],"articleSection":["Belgique"],"inLanguage":"fr-BE"},{"@type":"WebPage","@id":"https:\/\/vieassociative.be\/actualites\/pour-les-diables-rouges-la-coupe-du-monde-2026-commence-aujourdhui-avec-le-premier-test-difficile-aux-usa-contre-les-usa\/","url":"https:\/\/vieassociative.be\/actualites\/pour-les-diables-rouges-la-coupe-du-monde-2026-commence-aujourdhui-avec-le-premier-test-difficile-aux-usa-contre-les-usa\/","name":"Pour les Diables Rouges, la Coupe du Monde 2026 commence aujourd'hui avec le premier test difficile aux USA contre les USA | Vie Associative","isPartOf":{"@id":"https:\/\/vieassociative.be\/actualites\/#website"},"primaryImageOfPage":{"@id":"https:\/\/vieassociative.be\/actualites\/pour-les-diables-rouges-la-coupe-du-monde-2026-commence-aujourdhui-avec-le-premier-test-difficile-aux-usa-contre-les-usa\/#primaryimage"},"image":{"@id":"https:\/\/vieassociative.be\/actualites\/pour-les-diables-rouges-la-coupe-du-monde-2026-commence-aujourdhui-avec-le-premier-test-difficile-aux-usa-contre-les-usa\/#primaryimage"},"thumbnailUrl":"https:\/\/vieassociative.be\/actualites\/wp-content\/uploads\/2026\/03\/1774775906_Pour-les-Diables-Rouges-la-Coupe-du-Monde-2026-commence.jpg","datePublished":"2026-03-29T09:18:25+00:00","dateModified":"2026-03-29T09:18:25+00:00","breadcrumb":{"@id":"https:\/\/vieassociative.be\/actualites\/pour-les-diables-rouges-la-coupe-du-monde-2026-commence-aujourdhui-avec-le-premier-test-difficile-aux-usa-contre-les-usa\/#breadcrumb"},"inLanguage":"fr-BE","potentialAction":[{"@type":"ReadAction","target":["https:\/\/vieassociative.be\/actualites\/pour-les-diables-rouges-la-coupe-du-monde-2026-commence-aujourdhui-avec-le-premier-test-difficile-aux-usa-contre-les-usa\/"]}]},{"@type":"ImageObject","inLanguage":"fr-BE","@id":"https:\/\/vieassociative.be\/actualites\/pour-les-diables-rouges-la-coupe-du-monde-2026-commence-aujourdhui-avec-le-premier-test-difficile-aux-usa-contre-les-usa\/#primaryimage","url":"https:\/\/vieassociative.be\/actualites\/wp-content\/uploads\/2026\/03\/1774775906_Pour-les-Diables-Rouges-la-Coupe-du-Monde-2026-commence.jpg","contentUrl":"https:\/\/vieassociative.be\/actualites\/wp-content\/uploads\/2026\/03\/1774775906_Pour-les-Diables-Rouges-la-Coupe-du-Monde-2026-commence.jpg","width":1200,"height":899,"caption":"Pour les Diables Rouges, la Coupe du Monde 2026 commence aujourd'hui avec le premier test difficile aux USA contre les USA"},{"@type":"BreadcrumbList","@id":"https:\/\/vieassociative.be\/actualites\/pour-les-diables-rouges-la-coupe-du-monde-2026-commence-aujourdhui-avec-le-premier-test-difficile-aux-usa-contre-les-usa\/#breadcrumb","itemListElement":[{"@type":"ListItem","position":1,"name":"Accueil","item":"https:\/\/vieassociative.be\/actualites\/"},{"@type":"ListItem","position":2,"name":"Pour les Diables Rouges, la Coupe du Monde 2026 commence aujourd&rsquo;hui avec le premier test difficile aux USA contre les USA"}]},{"@type":"WebSite","@id":"https:\/\/vieassociative.be\/actualites\/#website","url":"https:\/\/vieassociative.be\/actualites\/","name":"Vie Associative","description":"","publisher":{"@id":"https:\/\/vieassociative.be\/actualites\/#organization"},"potentialAction":[{"@type":"SearchAction","target":{"@type":"EntryPoint","urlTemplate":"https:\/\/vieassociative.be\/actualites\/?s={search_term_string}"},"query-input":{"@type":"PropertyValueSpecification","valueRequired":true,"valueName":"search_term_string"}}],"inLanguage":"fr-BE"},{"@type":"Organization","@id":"https:\/\/vieassociative.be\/actualites\/#organization","name":"Vie Associative","url":"https:\/\/vieassociative.be\/actualites\/","logo":{"@type":"ImageObject","inLanguage":"fr-BE","@id":"https:\/\/vieassociative.be\/actualites\/#\/schema\/logo\/image\/","url":"https:\/\/vieassociative.be\/actualites\/wp-content\/uploads\/2024\/09\/cropped-vieassociative_favicon.ico.png","contentUrl":"https:\/\/vieassociative.be\/actualites\/wp-content\/uploads\/2024\/09\/cropped-vieassociative_favicon.ico.png","width":512,"height":512,"caption":"Vie Associative"},"image":{"@id":"https:\/\/vieassociative.be\/actualites\/#\/schema\/logo\/image\/"}},{"@type":"Person","@id":"https:\/\/vieassociative.be\/actualites\/#\/schema\/person\/b87ac4f82f9d4e7b7cec7395b679edc4","name":"Julien","image":{"@type":"ImageObject","inLanguage":"fr-BE","@id":"https:\/\/vieassociative.be\/actualites\/#\/schema\/person\/image\/","url":"https:\/\/vieassociative.be\/actualites\/wp-content\/uploads\/2024\/09\/vie-associative-1-150x150.jpg","contentUrl":"https:\/\/vieassociative.be\/actualites\/wp-content\/uploads\/2024\/09\/vie-associative-1-150x150.jpg","caption":"Julien"},"description":"Je suis Julien, r\u00e9dacteur pour Vie Associative. Passionn\u00e9 par le monde associatif depuis plus de 10 ans, j'ai \u00e0 c\u0153ur de partager des histoires inspirantes et de mettre en lumi\u00e8re les initiatives locales. Mon objectif est de sensibiliser et d'encourager l'engagement communautaire \u00e0 travers mes articles.","sameAs":["https:\/\/vieassociative.be\/"]}]}},"_links":{"self":[{"href":"https:\/\/vieassociative.be\/actualites\/wp-json\/wp\/v2\/posts\/13228"}],"collection":[{"href":"https:\/\/vieassociative.be\/actualites\/wp-json\/wp\/v2\/posts"}],"about":[{"href":"https:\/\/vieassociative.be\/actualites\/wp-json\/wp\/v2\/types\/post"}],"author":[{"embeddable":true,"href":"https:\/\/vieassociative.be\/actualites\/wp-json\/wp\/v2\/users\/1"}],"replies":[{"embeddable":true,"href":"https:\/\/vieassociative.be\/actualites\/wp-json\/wp\/v2\/comments?post=13228"}],"version-history":[{"count":0,"href":"https:\/\/vieassociative.be\/actualites\/wp-json\/wp\/v2\/posts\/13228\/revisions"}],"wp:featuredmedia":[{"embeddable":true,"href":"https:\/\/vieassociative.be\/actualites\/wp-json\/wp\/v2\/media\/13229"}],"wp:attachment":[{"href":"https:\/\/vieassociative.be\/actualites\/wp-json\/wp\/v2\/media?parent=13228"}],"wp:term":[{"taxonomy":"category","embeddable":true,"href":"https:\/\/vieassociative.be\/actualites\/wp-json\/wp\/v2\/categories?post=13228"},{"taxonomy":"post_tag","embeddable":true,"href":"https:\/\/vieassociative.be\/actualites\/wp-json\/wp\/v2\/tags?post=13228"}],"curies":[{"name":"wp","href":"https:\/\/api.w.org\/{rel}","templated":true}]}}