{"id":13224,"date":"2026-03-29T05:17:31","date_gmt":"2026-03-29T03:17:31","guid":{"rendered":"https:\/\/vieassociative.be\/actualites\/apres-la-pause-tout-sest-beaucoup-mieux-passe-lequipe-nationale-belge-a-gagne-5-2-contre-les-etats-unis-co-organisateurs\/"},"modified":"2026-03-29T05:17:31","modified_gmt":"2026-03-29T03:17:31","slug":"apres-la-pause-tout-sest-beaucoup-mieux-passe-lequipe-nationale-belge-a-gagne-5-2-contre-les-etats-unis-co-organisateurs","status":"publish","type":"post","link":"https:\/\/vieassociative.be\/actualites\/apres-la-pause-tout-sest-beaucoup-mieux-passe-lequipe-nationale-belge-a-gagne-5-2-contre-les-etats-unis-co-organisateurs\/","title":{"rendered":"Apr\u00e8s la pause, tout s&rsquo;est beaucoup mieux pass\u00e9 : l&rsquo;\u00e9quipe nationale belge a gagn\u00e9 5-2 contre les \u00c9tats-Unis, co-organisateurs."},"content":{"rendered":"<p><strong>L&rsquo;\u00e9quipe nationale belge de football a r\u00e9ussi son premier v\u00e9ritable test d&rsquo;endurance avant la Coupe du Monde. Les Diables Rouges ont battu les \u00c9tats-Unis, co-organisateurs de la Coupe du monde, 5-2 samedi \u00e0 Atlanta. L&rsquo;\u00e9quipe de l&rsquo;entra\u00eeneur Rudi Garcia disputera mercredi soir un deuxi\u00e8me match amical contre le Mexique.<\/strong><\/p>\n<p><span id=\"more-437997\"><\/span>Gr\u00e2ce \u00e0 une solide seconde p\u00e9riode, les Red Devils ont facilement domin\u00e9 les \u00c9tats-Unis \u00e0 domicile, \u00e0 Atlanta.<\/p>\n<p>Apr\u00e8s un d\u00e9but de match marqu\u00e9 par de nombreux probl\u00e8mes techniques, les Belges se cr\u00e9ent deux belles occasions gr\u00e2ce \u00e0 Raskin et Saelemaekers. Cependant, les deux tirs sont pass\u00e9s au-dessus du but.<\/p>\n<div id=\"attachment_438001\" class=\"wp-caption alignleft\" style=\"max-width: 300px\"><img fetchpriority=\"high\" decoding=\"async\" class=\"wp-image-438001 size-medium\" src=\"https:\/\/vieassociative.be\/actualites\/wp-content\/uploads\/2026\/03\/Apres-la-pause-tout-sest-beaucoup-mieux-passe-lequipe.jpg\" alt=\"\" width=\"300\" height=\"200\"><\/div>\n<p>Cependant, ce sont les h\u00f4tes de Mauricio Pochettino qui se sont cr\u00e9\u00e9s les meilleures occasions. \u00c0 trois reprises &#8211; par l&rsquo;interm\u00e9diaire de Robinson, McKennie et Balogun &#8211; les \u00c9tats-Unis n&rsquo;ont pas r\u00e9ussi \u00e0 vaincre Senne Lammens, qui \u00e9tait en grande forme ce samedi soir. Son arr\u00eat contre le tir de McKennie \u00e9tait de classe mondiale.<\/p>\n<p>Finalement, apr\u00e8s une copie exacte de sa premi\u00e8re occasion, le milieu de terrain de la Juventus s&rsquo;est \u00e0 nouveau totalement lib\u00e9r\u00e9 sur corner. L&rsquo;Am\u00e9ricain a inscrit \u00e0 juste titre le premier but face \u00e0 des Diables Rouges plus qu&rsquo;apathiques (39e, 1-0).<\/p>\n<p>Ce but a au moins r\u00e9veill\u00e9 les Diables Rouges. De Bruyne et Doku se sont enfin retrouv\u00e9s. Saelemaekers a \u00e9galement pu se mettre en valeur.<\/p>\n<p>Un sc\u00e9nario parfait pour Zeno Debast. Le d\u00e9fenseur du Sporting Lisbonne est connu pour \u00eatre un ma\u00eetre des tirs \u00e0 longue distance. Cette fois, il r\u00e9cup\u00e8re un ballon bloqu\u00e9 par le gardien am\u00e9ricain aux 25 m\u00e8tres et le lance dans les filets comme un boulet de canon (44&prime;, 1-1). C&rsquo;\u00e9tait le premier but de Debast en \u00e9quipe nationale.<\/p>\n<div id=\"attachment_438002\" class=\"wp-caption alignleft\" style=\"max-width: 300px\"><img decoding=\"async\" class=\"wp-image-438002 size-medium\" src=\"https:\/\/vieassociative.be\/actualites\/wp-content\/uploads\/2026\/03\/1774754251_508_Apres-la-pause-tout-sest-beaucoup-mieux-passe-lequipe.jpg\" alt=\"\" width=\"300\" height=\"200\"><\/div>\n<p>Les Am\u00e9ricains ont d\u00e9cid\u00e9 de mettre davantage de pression sur le ballon apr\u00e8s la pause. Mais lors de la premi\u00e8re offensive belge, Doku a tent\u00e9 \u00e0 nouveau de sprinter sur le c\u00f4t\u00e9 gauche. Heureusement, le ballon est tomb\u00e9 sur Amadou Onana, qui a termin\u00e9 d&rsquo;un tir \u00e0 ras de terre parfait (53e, 1:2).<\/p>\n<p>Six minutes plus tard, Charles De Ketelaere augmentait le score \u00e0 1:3 gr\u00e2ce \u00e0 un penalty (59&prime;).<\/p>\n<p>Finalement, Dodi Lukebakio a fait en sorte que les espoirs des Am\u00e9ricains soient enfin enterr\u00e9s &#8211; avec un magnifique tir dans le corner (68e, 1:4). En phase finale, l&rsquo;ailier du Benfica Lisbonne a m\u00eame inscrit un doubl\u00e9 (84e, 1:5).<\/p>\n<p>En toute fin de match, Agyemang a r\u00e9duit le d\u00e9ficit des Am\u00e9ricains apr\u00e8s une erreur du rempla\u00e7ant Youri Tielemans (87e, 2:5).<\/p>\n<p>Le r\u00e9sultat \u00e9tant d\u00e9j\u00e0 certain, Rudi Garcia a d\u00e9cid\u00e9 d&rsquo;aligner \u00e9galement trois d\u00e9butants : Nathan De Cat, Mika Godts et Nathan Ngoy.<\/p>\n<p>L\u2019entra\u00eeneur peut tirer de nombreux enseignements positifs, mais aussi n\u00e9gatifs, de ce premier v\u00e9ritable test d\u2019endurance. Mercredi soir (3h00 CEST), les Belges affronteront le Mexique. (cr\u00e9er)<\/p>\n","protected":false},"excerpt":{"rendered":"<p>L&rsquo;\u00e9quipe nationale belge de football a r\u00e9ussi son premier v\u00e9ritable test d&rsquo;endurance avant la Coupe du Monde. Les Diables Rouges ont battu les \u00c9tats-Unis, co-organisateurs<\/p>\n","protected":false},"author":1,"featured_media":13225,"comment_status":"","ping_status":"","sticky":false,"template":"","format":"standard","meta":{"footnotes":""},"categories":[298],"tags":[472,1118,410,796,10370,290,2299,537,14,1503,538,1073,5739,3119,236],"class_list":["post-13224","post","type-post","status-publish","format-standard","has-post-thumbnail","hentry","category-belgique","tag-apres","tag-beaucoup","tag-belge","tag-contre","tag-coorganisateurs","tag-etatsunis","tag-gagne","tag-lequipe","tag-les","tag-mieux","tag-nationale","tag-passe","tag-pause","tag-sest","tag-tout","generate-columns","tablet-grid-50","mobile-grid-100","grid-parent","grid-33"],"yoast_head":"<!-- This site is optimized with the Yoast SEO plugin v24.0 - https:\/\/yoast.com\/wordpress\/plugins\/seo\/ -->\n<title>Apr\u00e8s la pause, tout s&#039;est beaucoup mieux pass\u00e9 : l&#039;\u00e9quipe nationale belge a gagn\u00e9 5-2 contre les \u00c9tats-Unis, co-organisateurs. | Vie Associative<\/title>\n<meta name=\"robots\" content=\"index, follow, max-snippet:-1, max-image-preview:large, max-video-preview:-1\" \/>\n<link rel=\"canonical\" href=\"https:\/\/vieassociative.be\/actualites\/apres-la-pause-tout-sest-beaucoup-mieux-passe-lequipe-nationale-belge-a-gagne-5-2-contre-les-etats-unis-co-organisateurs\/\" \/>\n<meta property=\"og:locale\" content=\"fr_FR\" \/>\n<meta property=\"og:type\" content=\"article\" \/>\n<meta property=\"og:title\" content=\"Apr\u00e8s la pause, tout s&#039;est beaucoup mieux pass\u00e9 : l&#039;\u00e9quipe nationale belge a gagn\u00e9 5-2 contre les \u00c9tats-Unis, co-organisateurs. | Vie Associative\" \/>\n<meta property=\"og:description\" content=\"L&rsquo;\u00e9quipe nationale belge de football a r\u00e9ussi son premier v\u00e9ritable test d&rsquo;endurance avant la Coupe du Monde. Les Diables Rouges ont battu les \u00c9tats-Unis, co-organisateurs\" \/>\n<meta property=\"og:url\" content=\"https:\/\/vieassociative.be\/actualites\/apres-la-pause-tout-sest-beaucoup-mieux-passe-lequipe-nationale-belge-a-gagne-5-2-contre-les-etats-unis-co-organisateurs\/\" \/>\n<meta property=\"og:site_name\" content=\"Vie Associative\" \/>\n<meta property=\"article:published_time\" content=\"2026-03-29T03:17:31+00:00\" \/>\n<meta property=\"og:image\" content=\"https:\/\/vieassociative.be\/actualites\/wp-content\/uploads\/2024\/09\/header_backgroundk-01-e1726694325946.png\" \/>\n\t<meta property=\"og:image:width\" content=\"279\" \/>\n\t<meta property=\"og:image:height\" content=\"92\" \/>\n\t<meta property=\"og:image:type\" content=\"image\/png\" \/>\n<meta name=\"author\" content=\"Julien\" \/>\n<meta name=\"twitter:card\" content=\"summary_large_image\" \/>\n<meta name=\"twitter:label1\" content=\"\u00c9crit par\" \/>\n\t<meta name=\"twitter:data1\" content=\"Julien\" \/>\n\t<meta name=\"twitter:label2\" content=\"Dur\u00e9e de lecture est.\" \/>\n\t<meta name=\"twitter:data2\" content=\"2 minutes\" \/>\n<script type=\"application\/ld+json\" class=\"yoast-schema-graph\">{\"@context\":\"https:\/\/schema.org\",\"@graph\":[{\"@type\":\"Article\",\"@id\":\"https:\/\/vieassociative.be\/actualites\/apres-la-pause-tout-sest-beaucoup-mieux-passe-lequipe-nationale-belge-a-gagne-5-2-contre-les-etats-unis-co-organisateurs\/#article\",\"isPartOf\":{\"@id\":\"https:\/\/vieassociative.be\/actualites\/apres-la-pause-tout-sest-beaucoup-mieux-passe-lequipe-nationale-belge-a-gagne-5-2-contre-les-etats-unis-co-organisateurs\/\"},\"author\":{\"name\":\"Julien\",\"@id\":\"https:\/\/vieassociative.be\/actualites\/#\/schema\/person\/b87ac4f82f9d4e7b7cec7395b679edc4\"},\"headline\":\"Apr\u00e8s la pause, tout s&rsquo;est beaucoup mieux pass\u00e9 : l&rsquo;\u00e9quipe nationale belge a gagn\u00e9 5-2 contre les \u00c9tats-Unis, co-organisateurs.\",\"datePublished\":\"2026-03-29T03:17:31+00:00\",\"dateModified\":\"2026-03-29T03:17:31+00:00\",\"mainEntityOfPage\":{\"@id\":\"https:\/\/vieassociative.be\/actualites\/apres-la-pause-tout-sest-beaucoup-mieux-passe-lequipe-nationale-belge-a-gagne-5-2-contre-les-etats-unis-co-organisateurs\/\"},\"wordCount\":520,\"publisher\":{\"@id\":\"https:\/\/vieassociative.be\/actualites\/#organization\"},\"image\":{\"@id\":\"https:\/\/vieassociative.be\/actualites\/apres-la-pause-tout-sest-beaucoup-mieux-passe-lequipe-nationale-belge-a-gagne-5-2-contre-les-etats-unis-co-organisateurs\/#primaryimage\"},\"thumbnailUrl\":\"https:\/\/vieassociative.be\/actualites\/wp-content\/uploads\/2026\/03\/1774754252_Apres-la-pause-tout-sest-beaucoup-mieux-passe-lequipe.jpg\",\"keywords\":[\"Apr\u00e8s\",\"beaucoup\",\"belge\",\"contre\",\"coorganisateurs\",\"\u00c9tatsUnis\",\"gagn\u00e9\",\"l\u00e9quipe\",\"Les\",\"mieux\",\"nationale\",\"passe\",\"pause\",\"sest\",\"tout\"],\"articleSection\":[\"Belgique\"],\"inLanguage\":\"fr-BE\"},{\"@type\":\"WebPage\",\"@id\":\"https:\/\/vieassociative.be\/actualites\/apres-la-pause-tout-sest-beaucoup-mieux-passe-lequipe-nationale-belge-a-gagne-5-2-contre-les-etats-unis-co-organisateurs\/\",\"url\":\"https:\/\/vieassociative.be\/actualites\/apres-la-pause-tout-sest-beaucoup-mieux-passe-lequipe-nationale-belge-a-gagne-5-2-contre-les-etats-unis-co-organisateurs\/\",\"name\":\"Apr\u00e8s la pause, tout s'est beaucoup mieux pass\u00e9 : l'\u00e9quipe nationale belge a gagn\u00e9 5-2 contre les \u00c9tats-Unis, co-organisateurs. | Vie Associative\",\"isPartOf\":{\"@id\":\"https:\/\/vieassociative.be\/actualites\/#website\"},\"primaryImageOfPage\":{\"@id\":\"https:\/\/vieassociative.be\/actualites\/apres-la-pause-tout-sest-beaucoup-mieux-passe-lequipe-nationale-belge-a-gagne-5-2-contre-les-etats-unis-co-organisateurs\/#primaryimage\"},\"image\":{\"@id\":\"https:\/\/vieassociative.be\/actualites\/apres-la-pause-tout-sest-beaucoup-mieux-passe-lequipe-nationale-belge-a-gagne-5-2-contre-les-etats-unis-co-organisateurs\/#primaryimage\"},\"thumbnailUrl\":\"https:\/\/vieassociative.be\/actualites\/wp-content\/uploads\/2026\/03\/1774754252_Apres-la-pause-tout-sest-beaucoup-mieux-passe-lequipe.jpg\",\"datePublished\":\"2026-03-29T03:17:31+00:00\",\"dateModified\":\"2026-03-29T03:17:31+00:00\",\"breadcrumb\":{\"@id\":\"https:\/\/vieassociative.be\/actualites\/apres-la-pause-tout-sest-beaucoup-mieux-passe-lequipe-nationale-belge-a-gagne-5-2-contre-les-etats-unis-co-organisateurs\/#breadcrumb\"},\"inLanguage\":\"fr-BE\",\"potentialAction\":[{\"@type\":\"ReadAction\",\"target\":[\"https:\/\/vieassociative.be\/actualites\/apres-la-pause-tout-sest-beaucoup-mieux-passe-lequipe-nationale-belge-a-gagne-5-2-contre-les-etats-unis-co-organisateurs\/\"]}]},{\"@type\":\"ImageObject\",\"inLanguage\":\"fr-BE\",\"@id\":\"https:\/\/vieassociative.be\/actualites\/apres-la-pause-tout-sest-beaucoup-mieux-passe-lequipe-nationale-belge-a-gagne-5-2-contre-les-etats-unis-co-organisateurs\/#primaryimage\",\"url\":\"https:\/\/vieassociative.be\/actualites\/wp-content\/uploads\/2026\/03\/1774754252_Apres-la-pause-tout-sest-beaucoup-mieux-passe-lequipe.jpg\",\"contentUrl\":\"https:\/\/vieassociative.be\/actualites\/wp-content\/uploads\/2026\/03\/1774754252_Apres-la-pause-tout-sest-beaucoup-mieux-passe-lequipe.jpg\",\"width\":1200,\"height\":800,\"caption\":\"Apr\u00e8s la pause, tout s'est beaucoup mieux pass\u00e9 : l'\u00e9quipe nationale belge a gagn\u00e9 5-2 contre les \u00c9tats-Unis, co-organisateurs.\"},{\"@type\":\"BreadcrumbList\",\"@id\":\"https:\/\/vieassociative.be\/actualites\/apres-la-pause-tout-sest-beaucoup-mieux-passe-lequipe-nationale-belge-a-gagne-5-2-contre-les-etats-unis-co-organisateurs\/#breadcrumb\",\"itemListElement\":[{\"@type\":\"ListItem\",\"position\":1,\"name\":\"Accueil\",\"item\":\"https:\/\/vieassociative.be\/actualites\/\"},{\"@type\":\"ListItem\",\"position\":2,\"name\":\"Apr\u00e8s la pause, tout s&rsquo;est beaucoup mieux pass\u00e9 : l&rsquo;\u00e9quipe nationale belge a gagn\u00e9 5-2 contre les \u00c9tats-Unis, co-organisateurs.\"}]},{\"@type\":\"WebSite\",\"@id\":\"https:\/\/vieassociative.be\/actualites\/#website\",\"url\":\"https:\/\/vieassociative.be\/actualites\/\",\"name\":\"Vie Associative\",\"description\":\"\",\"publisher\":{\"@id\":\"https:\/\/vieassociative.be\/actualites\/#organization\"},\"potentialAction\":[{\"@type\":\"SearchAction\",\"target\":{\"@type\":\"EntryPoint\",\"urlTemplate\":\"https:\/\/vieassociative.be\/actualites\/?s={search_term_string}\"},\"query-input\":{\"@type\":\"PropertyValueSpecification\",\"valueRequired\":true,\"valueName\":\"search_term_string\"}}],\"inLanguage\":\"fr-BE\"},{\"@type\":\"Organization\",\"@id\":\"https:\/\/vieassociative.be\/actualites\/#organization\",\"name\":\"Vie Associative\",\"url\":\"https:\/\/vieassociative.be\/actualites\/\",\"logo\":{\"@type\":\"ImageObject\",\"inLanguage\":\"fr-BE\",\"@id\":\"https:\/\/vieassociative.be\/actualites\/#\/schema\/logo\/image\/\",\"url\":\"https:\/\/vieassociative.be\/actualites\/wp-content\/uploads\/2024\/09\/cropped-vieassociative_favicon.ico.png\",\"contentUrl\":\"https:\/\/vieassociative.be\/actualites\/wp-content\/uploads\/2024\/09\/cropped-vieassociative_favicon.ico.png\",\"width\":512,\"height\":512,\"caption\":\"Vie Associative\"},\"image\":{\"@id\":\"https:\/\/vieassociative.be\/actualites\/#\/schema\/logo\/image\/\"}},{\"@type\":\"Person\",\"@id\":\"https:\/\/vieassociative.be\/actualites\/#\/schema\/person\/b87ac4f82f9d4e7b7cec7395b679edc4\",\"name\":\"Julien\",\"image\":{\"@type\":\"ImageObject\",\"inLanguage\":\"fr-BE\",\"@id\":\"https:\/\/vieassociative.be\/actualites\/#\/schema\/person\/image\/\",\"url\":\"https:\/\/vieassociative.be\/actualites\/wp-content\/uploads\/2024\/09\/vie-associative-1-150x150.jpg\",\"contentUrl\":\"https:\/\/vieassociative.be\/actualites\/wp-content\/uploads\/2024\/09\/vie-associative-1-150x150.jpg\",\"caption\":\"Julien\"},\"description\":\"Je suis Julien, r\u00e9dacteur pour Vie Associative. Passionn\u00e9 par le monde associatif depuis plus de 10 ans, j'ai \u00e0 c\u0153ur de partager des histoires inspirantes et de mettre en lumi\u00e8re les initiatives locales. Mon objectif est de sensibiliser et d'encourager l'engagement communautaire \u00e0 travers mes articles.\",\"sameAs\":[\"https:\/\/vieassociative.be\/\"]}]}<\/script>\n<!-- \/ Yoast SEO plugin. -->","yoast_head_json":{"title":"Apr\u00e8s la pause, tout s'est beaucoup mieux pass\u00e9 : l'\u00e9quipe nationale belge a gagn\u00e9 5-2 contre les \u00c9tats-Unis, co-organisateurs. | Vie Associative","robots":{"index":"index","follow":"follow","max-snippet":"max-snippet:-1","max-image-preview":"max-image-preview:large","max-video-preview":"max-video-preview:-1"},"canonical":"https:\/\/vieassociative.be\/actualites\/apres-la-pause-tout-sest-beaucoup-mieux-passe-lequipe-nationale-belge-a-gagne-5-2-contre-les-etats-unis-co-organisateurs\/","og_locale":"fr_FR","og_type":"article","og_title":"Apr\u00e8s la pause, tout s'est beaucoup mieux pass\u00e9 : l'\u00e9quipe nationale belge a gagn\u00e9 5-2 contre les \u00c9tats-Unis, co-organisateurs. | Vie Associative","og_description":"L&rsquo;\u00e9quipe nationale belge de football a r\u00e9ussi son premier v\u00e9ritable test d&rsquo;endurance avant la Coupe du Monde. Les Diables Rouges ont battu les \u00c9tats-Unis, co-organisateurs","og_url":"https:\/\/vieassociative.be\/actualites\/apres-la-pause-tout-sest-beaucoup-mieux-passe-lequipe-nationale-belge-a-gagne-5-2-contre-les-etats-unis-co-organisateurs\/","og_site_name":"Vie Associative","article_published_time":"2026-03-29T03:17:31+00:00","og_image":[{"width":279,"height":92,"url":"https:\/\/vieassociative.be\/actualites\/wp-content\/uploads\/2024\/09\/header_backgroundk-01-e1726694325946.png","type":"image\/png"}],"author":"Julien","twitter_card":"summary_large_image","twitter_misc":{"\u00c9crit par":"Julien","Dur\u00e9e de lecture est.":"2 minutes"},"schema":{"@context":"https:\/\/schema.org","@graph":[{"@type":"Article","@id":"https:\/\/vieassociative.be\/actualites\/apres-la-pause-tout-sest-beaucoup-mieux-passe-lequipe-nationale-belge-a-gagne-5-2-contre-les-etats-unis-co-organisateurs\/#article","isPartOf":{"@id":"https:\/\/vieassociative.be\/actualites\/apres-la-pause-tout-sest-beaucoup-mieux-passe-lequipe-nationale-belge-a-gagne-5-2-contre-les-etats-unis-co-organisateurs\/"},"author":{"name":"Julien","@id":"https:\/\/vieassociative.be\/actualites\/#\/schema\/person\/b87ac4f82f9d4e7b7cec7395b679edc4"},"headline":"Apr\u00e8s la pause, tout s&rsquo;est beaucoup mieux pass\u00e9 : l&rsquo;\u00e9quipe nationale belge a gagn\u00e9 5-2 contre les \u00c9tats-Unis, co-organisateurs.","datePublished":"2026-03-29T03:17:31+00:00","dateModified":"2026-03-29T03:17:31+00:00","mainEntityOfPage":{"@id":"https:\/\/vieassociative.be\/actualites\/apres-la-pause-tout-sest-beaucoup-mieux-passe-lequipe-nationale-belge-a-gagne-5-2-contre-les-etats-unis-co-organisateurs\/"},"wordCount":520,"publisher":{"@id":"https:\/\/vieassociative.be\/actualites\/#organization"},"image":{"@id":"https:\/\/vieassociative.be\/actualites\/apres-la-pause-tout-sest-beaucoup-mieux-passe-lequipe-nationale-belge-a-gagne-5-2-contre-les-etats-unis-co-organisateurs\/#primaryimage"},"thumbnailUrl":"https:\/\/vieassociative.be\/actualites\/wp-content\/uploads\/2026\/03\/1774754252_Apres-la-pause-tout-sest-beaucoup-mieux-passe-lequipe.jpg","keywords":["Apr\u00e8s","beaucoup","belge","contre","coorganisateurs","\u00c9tatsUnis","gagn\u00e9","l\u00e9quipe","Les","mieux","nationale","passe","pause","sest","tout"],"articleSection":["Belgique"],"inLanguage":"fr-BE"},{"@type":"WebPage","@id":"https:\/\/vieassociative.be\/actualites\/apres-la-pause-tout-sest-beaucoup-mieux-passe-lequipe-nationale-belge-a-gagne-5-2-contre-les-etats-unis-co-organisateurs\/","url":"https:\/\/vieassociative.be\/actualites\/apres-la-pause-tout-sest-beaucoup-mieux-passe-lequipe-nationale-belge-a-gagne-5-2-contre-les-etats-unis-co-organisateurs\/","name":"Apr\u00e8s la pause, tout s'est beaucoup mieux pass\u00e9 : l'\u00e9quipe nationale belge a gagn\u00e9 5-2 contre les \u00c9tats-Unis, co-organisateurs. | Vie Associative","isPartOf":{"@id":"https:\/\/vieassociative.be\/actualites\/#website"},"primaryImageOfPage":{"@id":"https:\/\/vieassociative.be\/actualites\/apres-la-pause-tout-sest-beaucoup-mieux-passe-lequipe-nationale-belge-a-gagne-5-2-contre-les-etats-unis-co-organisateurs\/#primaryimage"},"image":{"@id":"https:\/\/vieassociative.be\/actualites\/apres-la-pause-tout-sest-beaucoup-mieux-passe-lequipe-nationale-belge-a-gagne-5-2-contre-les-etats-unis-co-organisateurs\/#primaryimage"},"thumbnailUrl":"https:\/\/vieassociative.be\/actualites\/wp-content\/uploads\/2026\/03\/1774754252_Apres-la-pause-tout-sest-beaucoup-mieux-passe-lequipe.jpg","datePublished":"2026-03-29T03:17:31+00:00","dateModified":"2026-03-29T03:17:31+00:00","breadcrumb":{"@id":"https:\/\/vieassociative.be\/actualites\/apres-la-pause-tout-sest-beaucoup-mieux-passe-lequipe-nationale-belge-a-gagne-5-2-contre-les-etats-unis-co-organisateurs\/#breadcrumb"},"inLanguage":"fr-BE","potentialAction":[{"@type":"ReadAction","target":["https:\/\/vieassociative.be\/actualites\/apres-la-pause-tout-sest-beaucoup-mieux-passe-lequipe-nationale-belge-a-gagne-5-2-contre-les-etats-unis-co-organisateurs\/"]}]},{"@type":"ImageObject","inLanguage":"fr-BE","@id":"https:\/\/vieassociative.be\/actualites\/apres-la-pause-tout-sest-beaucoup-mieux-passe-lequipe-nationale-belge-a-gagne-5-2-contre-les-etats-unis-co-organisateurs\/#primaryimage","url":"https:\/\/vieassociative.be\/actualites\/wp-content\/uploads\/2026\/03\/1774754252_Apres-la-pause-tout-sest-beaucoup-mieux-passe-lequipe.jpg","contentUrl":"https:\/\/vieassociative.be\/actualites\/wp-content\/uploads\/2026\/03\/1774754252_Apres-la-pause-tout-sest-beaucoup-mieux-passe-lequipe.jpg","width":1200,"height":800,"caption":"Apr\u00e8s la pause, tout s'est beaucoup mieux pass\u00e9 : l'\u00e9quipe nationale belge a gagn\u00e9 5-2 contre les \u00c9tats-Unis, co-organisateurs."},{"@type":"BreadcrumbList","@id":"https:\/\/vieassociative.be\/actualites\/apres-la-pause-tout-sest-beaucoup-mieux-passe-lequipe-nationale-belge-a-gagne-5-2-contre-les-etats-unis-co-organisateurs\/#breadcrumb","itemListElement":[{"@type":"ListItem","position":1,"name":"Accueil","item":"https:\/\/vieassociative.be\/actualites\/"},{"@type":"ListItem","position":2,"name":"Apr\u00e8s la pause, tout s&rsquo;est beaucoup mieux pass\u00e9 : l&rsquo;\u00e9quipe nationale belge a gagn\u00e9 5-2 contre les \u00c9tats-Unis, co-organisateurs."}]},{"@type":"WebSite","@id":"https:\/\/vieassociative.be\/actualites\/#website","url":"https:\/\/vieassociative.be\/actualites\/","name":"Vie Associative","description":"","publisher":{"@id":"https:\/\/vieassociative.be\/actualites\/#organization"},"potentialAction":[{"@type":"SearchAction","target":{"@type":"EntryPoint","urlTemplate":"https:\/\/vieassociative.be\/actualites\/?s={search_term_string}"},"query-input":{"@type":"PropertyValueSpecification","valueRequired":true,"valueName":"search_term_string"}}],"inLanguage":"fr-BE"},{"@type":"Organization","@id":"https:\/\/vieassociative.be\/actualites\/#organization","name":"Vie Associative","url":"https:\/\/vieassociative.be\/actualites\/","logo":{"@type":"ImageObject","inLanguage":"fr-BE","@id":"https:\/\/vieassociative.be\/actualites\/#\/schema\/logo\/image\/","url":"https:\/\/vieassociative.be\/actualites\/wp-content\/uploads\/2024\/09\/cropped-vieassociative_favicon.ico.png","contentUrl":"https:\/\/vieassociative.be\/actualites\/wp-content\/uploads\/2024\/09\/cropped-vieassociative_favicon.ico.png","width":512,"height":512,"caption":"Vie Associative"},"image":{"@id":"https:\/\/vieassociative.be\/actualites\/#\/schema\/logo\/image\/"}},{"@type":"Person","@id":"https:\/\/vieassociative.be\/actualites\/#\/schema\/person\/b87ac4f82f9d4e7b7cec7395b679edc4","name":"Julien","image":{"@type":"ImageObject","inLanguage":"fr-BE","@id":"https:\/\/vieassociative.be\/actualites\/#\/schema\/person\/image\/","url":"https:\/\/vieassociative.be\/actualites\/wp-content\/uploads\/2024\/09\/vie-associative-1-150x150.jpg","contentUrl":"https:\/\/vieassociative.be\/actualites\/wp-content\/uploads\/2024\/09\/vie-associative-1-150x150.jpg","caption":"Julien"},"description":"Je suis Julien, r\u00e9dacteur pour Vie Associative. Passionn\u00e9 par le monde associatif depuis plus de 10 ans, j'ai \u00e0 c\u0153ur de partager des histoires inspirantes et de mettre en lumi\u00e8re les initiatives locales. Mon objectif est de sensibiliser et d'encourager l'engagement communautaire \u00e0 travers mes articles.","sameAs":["https:\/\/vieassociative.be\/"]}]}},"_links":{"self":[{"href":"https:\/\/vieassociative.be\/actualites\/wp-json\/wp\/v2\/posts\/13224"}],"collection":[{"href":"https:\/\/vieassociative.be\/actualites\/wp-json\/wp\/v2\/posts"}],"about":[{"href":"https:\/\/vieassociative.be\/actualites\/wp-json\/wp\/v2\/types\/post"}],"author":[{"embeddable":true,"href":"https:\/\/vieassociative.be\/actualites\/wp-json\/wp\/v2\/users\/1"}],"replies":[{"embeddable":true,"href":"https:\/\/vieassociative.be\/actualites\/wp-json\/wp\/v2\/comments?post=13224"}],"version-history":[{"count":0,"href":"https:\/\/vieassociative.be\/actualites\/wp-json\/wp\/v2\/posts\/13224\/revisions"}],"wp:featuredmedia":[{"embeddable":true,"href":"https:\/\/vieassociative.be\/actualites\/wp-json\/wp\/v2\/media\/13225"}],"wp:attachment":[{"href":"https:\/\/vieassociative.be\/actualites\/wp-json\/wp\/v2\/media?parent=13224"}],"wp:term":[{"taxonomy":"category","embeddable":true,"href":"https:\/\/vieassociative.be\/actualites\/wp-json\/wp\/v2\/categories?post=13224"},{"taxonomy":"post_tag","embeddable":true,"href":"https:\/\/vieassociative.be\/actualites\/wp-json\/wp\/v2\/tags?post=13224"}],"curies":[{"name":"wp","href":"https:\/\/api.w.org\/{rel}","templated":true}]}}