{"id":13220,"date":"2026-03-28T22:17:23","date_gmt":"2026-03-28T21:17:23","guid":{"rendered":"https:\/\/vieassociative.be\/actualites\/les-amoureux-des-animaux-craignent-pour-la-baleine-a-bosse-dans-la-mer-baltique-bloquee-une-deuxieme-fois-apres-avoir-ete-liberee\/"},"modified":"2026-03-28T22:17:23","modified_gmt":"2026-03-28T21:17:23","slug":"les-amoureux-des-animaux-craignent-pour-la-baleine-a-bosse-dans-la-mer-baltique-bloquee-une-deuxieme-fois-apres-avoir-ete-liberee","status":"publish","type":"post","link":"https:\/\/vieassociative.be\/actualites\/les-amoureux-des-animaux-craignent-pour-la-baleine-a-bosse-dans-la-mer-baltique-bloquee-une-deuxieme-fois-apres-avoir-ete-liberee\/","title":{"rendered":"Les amoureux des animaux craignent pour la baleine \u00e0 bosse dans la mer Baltique, bloqu\u00e9e une deuxi\u00e8me fois apr\u00e8s avoir \u00e9t\u00e9 lib\u00e9r\u00e9e"},"content":{"rendered":"<p><strong>La mer Baltique se trouve \u00e0 plus de 600 km de l\u2019est de la Belgique, mais le sort de la baleine \u00e0 bosse \u00e9chou\u00e9e affecte \u00e9galement de nombreux amoureux des animaux locaux. Apr\u00e8s quelques jours, l&rsquo;animal a pu se lib\u00e9rer de la plage de Timmendorfer. Cependant, la baleine n\u2019est pas rest\u00e9e longtemps en libert\u00e9 dans la mer Baltique.<\/strong><\/p>\n<p><span id=\"more-437992\"><\/span>Apr\u00e8s que la baleine \u00e0 bosse se soit d\u00e9tach\u00e9e d&rsquo;un banc de sable pr\u00e8s de Timmendorfer Strand vendredi soir, elle s&rsquo;est \u00e0 nouveau \u00e9chou\u00e9e. Le mammif\u00e8re marin repose d\u00e9sormais sur un banc de sable dans la baie de Wismar, comme l&rsquo;a confirm\u00e9 une porte-parole de Greenpeace.<\/p>\n<p>\u00ab\u00a0Apr\u00e8s avoir r\u00e9ussi \u00e0 se lib\u00e9rer de sa situation difficile, la baleine a \u00e9t\u00e9 rep\u00e9r\u00e9e aujourd&rsquo;hui \u00e0 midi dans la baie de Wismar, pr\u00e8s de l&rsquo;\u00eele de Walfisch\u00a0\u00bb, avait confirm\u00e9 un porte-parole du minist\u00e8re de l&rsquo;Environnement du Mecklembourg-Pom\u00e9ranie occidentale.<\/p>\n<div id=\"attachment_437995\" class=\"wp-caption alignleft\" style=\"max-width: 300px\"><img fetchpriority=\"high\" decoding=\"async\" class=\"wp-image-437995 size-medium\" src=\"https:\/\/vieassociative.be\/actualites\/wp-content\/uploads\/2026\/03\/Les-amoureux-des-animaux-craignent-pour-la-baleine-a-bosse.jpg\" alt=\"\" width=\"300\" height=\"174\"><\/div>\n<p>\u00ab\u00a0Hier, outre la police de l&rsquo;eau, les services de l&rsquo;\u00c9tat pour l&rsquo;agriculture et l&rsquo;environnement ainsi que le bureau du parc national de Pom\u00e9ranie occidentale ont \u00e9t\u00e9 mis en alerte afin de pouvoir agir rapidement en cas d&rsquo;\u00e9chouage \u00e0 nouveau de l&rsquo;animal\u00a0\u00bb, a d\u00e9clar\u00e9 Till Backhaus, ministre de l&rsquo;Environnement du Mecklembourg-Pom\u00e9ranie occidentale, selon un communiqu\u00e9. Malheureusement, son espoir que la baleine suive les bancs de poissons \u00e0 la recherche de nourriture et retrouve son chemin vers la mer du Nord et l\u2019Atlantique ne s\u2019est pas encore r\u00e9alis\u00e9.<\/p>\n<p>\u00ab\u00a0Je demande que l&rsquo;animal, qui est certainement affaibli et stress\u00e9, soit laiss\u00e9 seul autant que possible afin que son \u00e9tat ne se d\u00e9t\u00e9riore pas davantage. Des experts sont sur place et d\u00e9cideront des mesures \u00e0 prendre en fonction de la situation\u00a0\u00bb, a d\u00e9clar\u00e9 Backhaus.<\/p>\n<p><strong>\u2013 Recherche avec des bateaux :<\/strong> Un bateau de la police des eaux naviguait au large des c\u00f4tes depuis t\u00f4t le matin, a d\u00e9clar\u00e9 un porte-parole de la police interrog\u00e9. Le bateau de police \u00ab Walfisch \u00bb \u00e9tait \u00e9galement en patrouille et a ainsi indirectement soutenu les recherches.<\/p>\n<p>Selon une porte-parole de l&rsquo;organisation, Greenpeace a \u00e9galement particip\u00e9 samedi aux recherches de deux bateaux. Ils ont d\u00e9clar\u00e9 qu&rsquo;ils voulaient atteindre la baleine afin de la pousser plus loin dans les eaux plus profondes de la mer Baltique. Id\u00e9alement, c\u2019est \u00e0 partir de l\u00e0 que la jeune baleine retrouvera son chemin vers l\u2019Atlantique.<\/p>\n<div id=\"attachment_437996\" class=\"wp-caption alignleft\" style=\"max-width: 300px\"><img decoding=\"async\" class=\"wp-image-437996 size-medium\" src=\"https:\/\/vieassociative.be\/actualites\/wp-content\/uploads\/2026\/03\/1774732643_729_Les-amoureux-des-animaux-craignent-pour-la-baleine-a-bosse.jpg\" alt=\"\" width=\"300\" height=\"200\"><\/div>\n<p><strong>\u2013 Animal s\u2019est lib\u00e9r\u00e9 devant Timmendorfer Strand :<\/strong> Le mammif\u00e8re marin de 12 \u00e0 15 m\u00e8tres de long a \u00e9t\u00e9 d\u00e9couvert sur un banc de sable au large de Timmendorfer Strand lundi matin 23 mars. Apr\u00e8s des jours d&rsquo;efforts de la part de nombreux secours, l&rsquo;animal s&rsquo;est lib\u00e9r\u00e9 du banc de sable vendredi soir gr\u00e2ce \u00e0 un canal creus\u00e9 par une excavatrice.<\/p>\n<p>Apr\u00e8s un sauvetage surprenant, la baleine a nag\u00e9 vendredi apr\u00e8s-midi de la baie de L\u00fcbeck vers le Mecklembourg, bien qu&rsquo;\u00e0 proximit\u00e9 de la c\u00f4te. Parfois, il retournait vers des eaux moins profondes, a d\u00e9clar\u00e9 un porte-parole de l&rsquo;organisation de conservation marine Sea Shepherd. Avec les employ\u00e9s de Greenpeace, Sea Shepherd a accompagn\u00e9 l&rsquo;animal dans des bateaux pneumatiques. L&rsquo;observation a pris fin apr\u00e8s plusieurs heures.<\/p>\n<p>On ne sait toujours pas pourquoi la baleine est apparue au large de Timmendorfer Strand. Les grandes baleines telles que les baleines \u00e0 bosse ne sont pas originaires de la mer Baltique. Selon les experts, ils peuvent suivre des bancs de poissons \u00e0 la recherche de nourriture et se retrouver dans la mer Baltique. Le bruit sous-marin pourrait \u00e9galement jouer un r\u00f4le. (dpa\/cr\u00e9)<\/p>\n","protected":false},"excerpt":{"rendered":"<p>La mer Baltique se trouve \u00e0 plus de 600 km de l\u2019est de la Belgique, mais le sort de la baleine \u00e0 bosse \u00e9chou\u00e9e affecte<\/p>\n","protected":false},"author":1,"featured_media":13221,"comment_status":"","ping_status":"","sticky":false,"template":"","format":"standard","meta":{"footnotes":""},"categories":[298],"tags":[2564,221,472,224,10364,10366,125,10365,10363,166,29,2525,217,774,14,10367,4704,81,110],"class_list":["post-13220","post","type-post","status-publish","format-standard","has-post-thumbnail","hentry","category-belgique","tag-amoureux","tag-animaux","tag-apres","tag-avoir","tag-baleine","tag-baltique","tag-bloquee","tag-bosse","tag-craignent","tag-dans","tag-des","tag-deuxieme","tag-ete","tag-fois","tag-les","tag-liberee","tag-mer","tag-pour","tag-une","generate-columns","tablet-grid-50","mobile-grid-100","grid-parent","grid-33"],"yoast_head":"<!-- This site is optimized with the Yoast SEO plugin v24.0 - https:\/\/yoast.com\/wordpress\/plugins\/seo\/ -->\n<title>Les amoureux des animaux craignent pour la baleine \u00e0 bosse dans la mer Baltique, bloqu\u00e9e une deuxi\u00e8me fois apr\u00e8s avoir \u00e9t\u00e9 lib\u00e9r\u00e9e | Vie Associative<\/title>\n<meta name=\"robots\" content=\"index, follow, max-snippet:-1, max-image-preview:large, max-video-preview:-1\" \/>\n<link rel=\"canonical\" href=\"https:\/\/vieassociative.be\/actualites\/les-amoureux-des-animaux-craignent-pour-la-baleine-a-bosse-dans-la-mer-baltique-bloquee-une-deuxieme-fois-apres-avoir-ete-liberee\/\" \/>\n<meta property=\"og:locale\" content=\"fr_FR\" \/>\n<meta property=\"og:type\" content=\"article\" \/>\n<meta property=\"og:title\" content=\"Les amoureux des animaux craignent pour la baleine \u00e0 bosse dans la mer Baltique, bloqu\u00e9e une deuxi\u00e8me fois apr\u00e8s avoir \u00e9t\u00e9 lib\u00e9r\u00e9e | Vie Associative\" \/>\n<meta property=\"og:description\" content=\"La mer Baltique se trouve \u00e0 plus de 600 km de l\u2019est de la Belgique, mais le sort de la baleine \u00e0 bosse \u00e9chou\u00e9e affecte\" \/>\n<meta property=\"og:url\" content=\"https:\/\/vieassociative.be\/actualites\/les-amoureux-des-animaux-craignent-pour-la-baleine-a-bosse-dans-la-mer-baltique-bloquee-une-deuxieme-fois-apres-avoir-ete-liberee\/\" \/>\n<meta property=\"og:site_name\" content=\"Vie Associative\" \/>\n<meta property=\"article:published_time\" content=\"2026-03-28T21:17:23+00:00\" \/>\n<meta property=\"og:image\" content=\"https:\/\/vieassociative.be\/actualites\/wp-content\/uploads\/2024\/09\/header_backgroundk-01-e1726694325946.png\" \/>\n\t<meta property=\"og:image:width\" content=\"279\" \/>\n\t<meta property=\"og:image:height\" content=\"92\" \/>\n\t<meta property=\"og:image:type\" content=\"image\/png\" \/>\n<meta name=\"author\" content=\"Julien\" \/>\n<meta name=\"twitter:card\" content=\"summary_large_image\" \/>\n<meta name=\"twitter:label1\" content=\"\u00c9crit par\" \/>\n\t<meta name=\"twitter:data1\" content=\"Julien\" \/>\n\t<meta name=\"twitter:label2\" content=\"Dur\u00e9e de lecture est.\" \/>\n\t<meta name=\"twitter:data2\" content=\"3 minutes\" \/>\n<script type=\"application\/ld+json\" class=\"yoast-schema-graph\">{\"@context\":\"https:\/\/schema.org\",\"@graph\":[{\"@type\":\"Article\",\"@id\":\"https:\/\/vieassociative.be\/actualites\/les-amoureux-des-animaux-craignent-pour-la-baleine-a-bosse-dans-la-mer-baltique-bloquee-une-deuxieme-fois-apres-avoir-ete-liberee\/#article\",\"isPartOf\":{\"@id\":\"https:\/\/vieassociative.be\/actualites\/les-amoureux-des-animaux-craignent-pour-la-baleine-a-bosse-dans-la-mer-baltique-bloquee-une-deuxieme-fois-apres-avoir-ete-liberee\/\"},\"author\":{\"name\":\"Julien\",\"@id\":\"https:\/\/vieassociative.be\/actualites\/#\/schema\/person\/b87ac4f82f9d4e7b7cec7395b679edc4\"},\"headline\":\"Les amoureux des animaux craignent pour la baleine \u00e0 bosse dans la mer Baltique, bloqu\u00e9e une deuxi\u00e8me fois apr\u00e8s avoir \u00e9t\u00e9 lib\u00e9r\u00e9e\",\"datePublished\":\"2026-03-28T21:17:23+00:00\",\"dateModified\":\"2026-03-28T21:17:23+00:00\",\"mainEntityOfPage\":{\"@id\":\"https:\/\/vieassociative.be\/actualites\/les-amoureux-des-animaux-craignent-pour-la-baleine-a-bosse-dans-la-mer-baltique-bloquee-une-deuxieme-fois-apres-avoir-ete-liberee\/\"},\"wordCount\":643,\"publisher\":{\"@id\":\"https:\/\/vieassociative.be\/actualites\/#organization\"},\"image\":{\"@id\":\"https:\/\/vieassociative.be\/actualites\/les-amoureux-des-animaux-craignent-pour-la-baleine-a-bosse-dans-la-mer-baltique-bloquee-une-deuxieme-fois-apres-avoir-ete-liberee\/#primaryimage\"},\"thumbnailUrl\":\"https:\/\/vieassociative.be\/actualites\/wp-content\/uploads\/2026\/03\/1774732643_Les-amoureux-des-animaux-craignent-pour-la-baleine-a-bosse.jpg\",\"keywords\":[\"amoureux\",\"animaux\",\"Apr\u00e8s\",\"avoir\",\"baleine\",\"Baltique\",\"bloqu\u00e9e\",\"bosse\",\"craignent\",\"dans\",\"Des\",\"deuxi\u00e8me\",\"\u00e9t\u00e9\",\"fois\",\"Les\",\"lib\u00e9r\u00e9e\",\"mer\",\"pour\",\"une\"],\"articleSection\":[\"Belgique\"],\"inLanguage\":\"fr-BE\"},{\"@type\":\"WebPage\",\"@id\":\"https:\/\/vieassociative.be\/actualites\/les-amoureux-des-animaux-craignent-pour-la-baleine-a-bosse-dans-la-mer-baltique-bloquee-une-deuxieme-fois-apres-avoir-ete-liberee\/\",\"url\":\"https:\/\/vieassociative.be\/actualites\/les-amoureux-des-animaux-craignent-pour-la-baleine-a-bosse-dans-la-mer-baltique-bloquee-une-deuxieme-fois-apres-avoir-ete-liberee\/\",\"name\":\"Les amoureux des animaux craignent pour la baleine \u00e0 bosse dans la mer Baltique, bloqu\u00e9e une deuxi\u00e8me fois apr\u00e8s avoir \u00e9t\u00e9 lib\u00e9r\u00e9e | Vie Associative\",\"isPartOf\":{\"@id\":\"https:\/\/vieassociative.be\/actualites\/#website\"},\"primaryImageOfPage\":{\"@id\":\"https:\/\/vieassociative.be\/actualites\/les-amoureux-des-animaux-craignent-pour-la-baleine-a-bosse-dans-la-mer-baltique-bloquee-une-deuxieme-fois-apres-avoir-ete-liberee\/#primaryimage\"},\"image\":{\"@id\":\"https:\/\/vieassociative.be\/actualites\/les-amoureux-des-animaux-craignent-pour-la-baleine-a-bosse-dans-la-mer-baltique-bloquee-une-deuxieme-fois-apres-avoir-ete-liberee\/#primaryimage\"},\"thumbnailUrl\":\"https:\/\/vieassociative.be\/actualites\/wp-content\/uploads\/2026\/03\/1774732643_Les-amoureux-des-animaux-craignent-pour-la-baleine-a-bosse.jpg\",\"datePublished\":\"2026-03-28T21:17:23+00:00\",\"dateModified\":\"2026-03-28T21:17:23+00:00\",\"breadcrumb\":{\"@id\":\"https:\/\/vieassociative.be\/actualites\/les-amoureux-des-animaux-craignent-pour-la-baleine-a-bosse-dans-la-mer-baltique-bloquee-une-deuxieme-fois-apres-avoir-ete-liberee\/#breadcrumb\"},\"inLanguage\":\"fr-BE\",\"potentialAction\":[{\"@type\":\"ReadAction\",\"target\":[\"https:\/\/vieassociative.be\/actualites\/les-amoureux-des-animaux-craignent-pour-la-baleine-a-bosse-dans-la-mer-baltique-bloquee-une-deuxieme-fois-apres-avoir-ete-liberee\/\"]}]},{\"@type\":\"ImageObject\",\"inLanguage\":\"fr-BE\",\"@id\":\"https:\/\/vieassociative.be\/actualites\/les-amoureux-des-animaux-craignent-pour-la-baleine-a-bosse-dans-la-mer-baltique-bloquee-une-deuxieme-fois-apres-avoir-ete-liberee\/#primaryimage\",\"url\":\"https:\/\/vieassociative.be\/actualites\/wp-content\/uploads\/2026\/03\/1774732643_Les-amoureux-des-animaux-craignent-pour-la-baleine-a-bosse.jpg\",\"contentUrl\":\"https:\/\/vieassociative.be\/actualites\/wp-content\/uploads\/2026\/03\/1774732643_Les-amoureux-des-animaux-craignent-pour-la-baleine-a-bosse.jpg\",\"width\":1200,\"height\":800,\"caption\":\"Les amoureux des animaux craignent pour la baleine \u00e0 bosse dans la mer Baltique, bloqu\u00e9e une deuxi\u00e8me fois apr\u00e8s avoir \u00e9t\u00e9 lib\u00e9r\u00e9e\"},{\"@type\":\"BreadcrumbList\",\"@id\":\"https:\/\/vieassociative.be\/actualites\/les-amoureux-des-animaux-craignent-pour-la-baleine-a-bosse-dans-la-mer-baltique-bloquee-une-deuxieme-fois-apres-avoir-ete-liberee\/#breadcrumb\",\"itemListElement\":[{\"@type\":\"ListItem\",\"position\":1,\"name\":\"Accueil\",\"item\":\"https:\/\/vieassociative.be\/actualites\/\"},{\"@type\":\"ListItem\",\"position\":2,\"name\":\"Les amoureux des animaux craignent pour la baleine \u00e0 bosse dans la mer Baltique, bloqu\u00e9e une deuxi\u00e8me fois apr\u00e8s avoir \u00e9t\u00e9 lib\u00e9r\u00e9e\"}]},{\"@type\":\"WebSite\",\"@id\":\"https:\/\/vieassociative.be\/actualites\/#website\",\"url\":\"https:\/\/vieassociative.be\/actualites\/\",\"name\":\"Vie Associative\",\"description\":\"\",\"publisher\":{\"@id\":\"https:\/\/vieassociative.be\/actualites\/#organization\"},\"potentialAction\":[{\"@type\":\"SearchAction\",\"target\":{\"@type\":\"EntryPoint\",\"urlTemplate\":\"https:\/\/vieassociative.be\/actualites\/?s={search_term_string}\"},\"query-input\":{\"@type\":\"PropertyValueSpecification\",\"valueRequired\":true,\"valueName\":\"search_term_string\"}}],\"inLanguage\":\"fr-BE\"},{\"@type\":\"Organization\",\"@id\":\"https:\/\/vieassociative.be\/actualites\/#organization\",\"name\":\"Vie Associative\",\"url\":\"https:\/\/vieassociative.be\/actualites\/\",\"logo\":{\"@type\":\"ImageObject\",\"inLanguage\":\"fr-BE\",\"@id\":\"https:\/\/vieassociative.be\/actualites\/#\/schema\/logo\/image\/\",\"url\":\"https:\/\/vieassociative.be\/actualites\/wp-content\/uploads\/2024\/09\/cropped-vieassociative_favicon.ico.png\",\"contentUrl\":\"https:\/\/vieassociative.be\/actualites\/wp-content\/uploads\/2024\/09\/cropped-vieassociative_favicon.ico.png\",\"width\":512,\"height\":512,\"caption\":\"Vie Associative\"},\"image\":{\"@id\":\"https:\/\/vieassociative.be\/actualites\/#\/schema\/logo\/image\/\"}},{\"@type\":\"Person\",\"@id\":\"https:\/\/vieassociative.be\/actualites\/#\/schema\/person\/b87ac4f82f9d4e7b7cec7395b679edc4\",\"name\":\"Julien\",\"image\":{\"@type\":\"ImageObject\",\"inLanguage\":\"fr-BE\",\"@id\":\"https:\/\/vieassociative.be\/actualites\/#\/schema\/person\/image\/\",\"url\":\"https:\/\/vieassociative.be\/actualites\/wp-content\/uploads\/2024\/09\/vie-associative-1-150x150.jpg\",\"contentUrl\":\"https:\/\/vieassociative.be\/actualites\/wp-content\/uploads\/2024\/09\/vie-associative-1-150x150.jpg\",\"caption\":\"Julien\"},\"description\":\"Je suis Julien, r\u00e9dacteur pour Vie Associative. Passionn\u00e9 par le monde associatif depuis plus de 10 ans, j'ai \u00e0 c\u0153ur de partager des histoires inspirantes et de mettre en lumi\u00e8re les initiatives locales. Mon objectif est de sensibiliser et d'encourager l'engagement communautaire \u00e0 travers mes articles.\",\"sameAs\":[\"https:\/\/vieassociative.be\/\"]}]}<\/script>\n<!-- \/ Yoast SEO plugin. -->","yoast_head_json":{"title":"Les amoureux des animaux craignent pour la baleine \u00e0 bosse dans la mer Baltique, bloqu\u00e9e une deuxi\u00e8me fois apr\u00e8s avoir \u00e9t\u00e9 lib\u00e9r\u00e9e | Vie Associative","robots":{"index":"index","follow":"follow","max-snippet":"max-snippet:-1","max-image-preview":"max-image-preview:large","max-video-preview":"max-video-preview:-1"},"canonical":"https:\/\/vieassociative.be\/actualites\/les-amoureux-des-animaux-craignent-pour-la-baleine-a-bosse-dans-la-mer-baltique-bloquee-une-deuxieme-fois-apres-avoir-ete-liberee\/","og_locale":"fr_FR","og_type":"article","og_title":"Les amoureux des animaux craignent pour la baleine \u00e0 bosse dans la mer Baltique, bloqu\u00e9e une deuxi\u00e8me fois apr\u00e8s avoir \u00e9t\u00e9 lib\u00e9r\u00e9e | Vie Associative","og_description":"La mer Baltique se trouve \u00e0 plus de 600 km de l\u2019est de la Belgique, mais le sort de la baleine \u00e0 bosse \u00e9chou\u00e9e affecte","og_url":"https:\/\/vieassociative.be\/actualites\/les-amoureux-des-animaux-craignent-pour-la-baleine-a-bosse-dans-la-mer-baltique-bloquee-une-deuxieme-fois-apres-avoir-ete-liberee\/","og_site_name":"Vie Associative","article_published_time":"2026-03-28T21:17:23+00:00","og_image":[{"width":279,"height":92,"url":"https:\/\/vieassociative.be\/actualites\/wp-content\/uploads\/2024\/09\/header_backgroundk-01-e1726694325946.png","type":"image\/png"}],"author":"Julien","twitter_card":"summary_large_image","twitter_misc":{"\u00c9crit par":"Julien","Dur\u00e9e de lecture est.":"3 minutes"},"schema":{"@context":"https:\/\/schema.org","@graph":[{"@type":"Article","@id":"https:\/\/vieassociative.be\/actualites\/les-amoureux-des-animaux-craignent-pour-la-baleine-a-bosse-dans-la-mer-baltique-bloquee-une-deuxieme-fois-apres-avoir-ete-liberee\/#article","isPartOf":{"@id":"https:\/\/vieassociative.be\/actualites\/les-amoureux-des-animaux-craignent-pour-la-baleine-a-bosse-dans-la-mer-baltique-bloquee-une-deuxieme-fois-apres-avoir-ete-liberee\/"},"author":{"name":"Julien","@id":"https:\/\/vieassociative.be\/actualites\/#\/schema\/person\/b87ac4f82f9d4e7b7cec7395b679edc4"},"headline":"Les amoureux des animaux craignent pour la baleine \u00e0 bosse dans la mer Baltique, bloqu\u00e9e une deuxi\u00e8me fois apr\u00e8s avoir \u00e9t\u00e9 lib\u00e9r\u00e9e","datePublished":"2026-03-28T21:17:23+00:00","dateModified":"2026-03-28T21:17:23+00:00","mainEntityOfPage":{"@id":"https:\/\/vieassociative.be\/actualites\/les-amoureux-des-animaux-craignent-pour-la-baleine-a-bosse-dans-la-mer-baltique-bloquee-une-deuxieme-fois-apres-avoir-ete-liberee\/"},"wordCount":643,"publisher":{"@id":"https:\/\/vieassociative.be\/actualites\/#organization"},"image":{"@id":"https:\/\/vieassociative.be\/actualites\/les-amoureux-des-animaux-craignent-pour-la-baleine-a-bosse-dans-la-mer-baltique-bloquee-une-deuxieme-fois-apres-avoir-ete-liberee\/#primaryimage"},"thumbnailUrl":"https:\/\/vieassociative.be\/actualites\/wp-content\/uploads\/2026\/03\/1774732643_Les-amoureux-des-animaux-craignent-pour-la-baleine-a-bosse.jpg","keywords":["amoureux","animaux","Apr\u00e8s","avoir","baleine","Baltique","bloqu\u00e9e","bosse","craignent","dans","Des","deuxi\u00e8me","\u00e9t\u00e9","fois","Les","lib\u00e9r\u00e9e","mer","pour","une"],"articleSection":["Belgique"],"inLanguage":"fr-BE"},{"@type":"WebPage","@id":"https:\/\/vieassociative.be\/actualites\/les-amoureux-des-animaux-craignent-pour-la-baleine-a-bosse-dans-la-mer-baltique-bloquee-une-deuxieme-fois-apres-avoir-ete-liberee\/","url":"https:\/\/vieassociative.be\/actualites\/les-amoureux-des-animaux-craignent-pour-la-baleine-a-bosse-dans-la-mer-baltique-bloquee-une-deuxieme-fois-apres-avoir-ete-liberee\/","name":"Les amoureux des animaux craignent pour la baleine \u00e0 bosse dans la mer Baltique, bloqu\u00e9e une deuxi\u00e8me fois apr\u00e8s avoir \u00e9t\u00e9 lib\u00e9r\u00e9e | Vie Associative","isPartOf":{"@id":"https:\/\/vieassociative.be\/actualites\/#website"},"primaryImageOfPage":{"@id":"https:\/\/vieassociative.be\/actualites\/les-amoureux-des-animaux-craignent-pour-la-baleine-a-bosse-dans-la-mer-baltique-bloquee-une-deuxieme-fois-apres-avoir-ete-liberee\/#primaryimage"},"image":{"@id":"https:\/\/vieassociative.be\/actualites\/les-amoureux-des-animaux-craignent-pour-la-baleine-a-bosse-dans-la-mer-baltique-bloquee-une-deuxieme-fois-apres-avoir-ete-liberee\/#primaryimage"},"thumbnailUrl":"https:\/\/vieassociative.be\/actualites\/wp-content\/uploads\/2026\/03\/1774732643_Les-amoureux-des-animaux-craignent-pour-la-baleine-a-bosse.jpg","datePublished":"2026-03-28T21:17:23+00:00","dateModified":"2026-03-28T21:17:23+00:00","breadcrumb":{"@id":"https:\/\/vieassociative.be\/actualites\/les-amoureux-des-animaux-craignent-pour-la-baleine-a-bosse-dans-la-mer-baltique-bloquee-une-deuxieme-fois-apres-avoir-ete-liberee\/#breadcrumb"},"inLanguage":"fr-BE","potentialAction":[{"@type":"ReadAction","target":["https:\/\/vieassociative.be\/actualites\/les-amoureux-des-animaux-craignent-pour-la-baleine-a-bosse-dans-la-mer-baltique-bloquee-une-deuxieme-fois-apres-avoir-ete-liberee\/"]}]},{"@type":"ImageObject","inLanguage":"fr-BE","@id":"https:\/\/vieassociative.be\/actualites\/les-amoureux-des-animaux-craignent-pour-la-baleine-a-bosse-dans-la-mer-baltique-bloquee-une-deuxieme-fois-apres-avoir-ete-liberee\/#primaryimage","url":"https:\/\/vieassociative.be\/actualites\/wp-content\/uploads\/2026\/03\/1774732643_Les-amoureux-des-animaux-craignent-pour-la-baleine-a-bosse.jpg","contentUrl":"https:\/\/vieassociative.be\/actualites\/wp-content\/uploads\/2026\/03\/1774732643_Les-amoureux-des-animaux-craignent-pour-la-baleine-a-bosse.jpg","width":1200,"height":800,"caption":"Les amoureux des animaux craignent pour la baleine \u00e0 bosse dans la mer Baltique, bloqu\u00e9e une deuxi\u00e8me fois apr\u00e8s avoir \u00e9t\u00e9 lib\u00e9r\u00e9e"},{"@type":"BreadcrumbList","@id":"https:\/\/vieassociative.be\/actualites\/les-amoureux-des-animaux-craignent-pour-la-baleine-a-bosse-dans-la-mer-baltique-bloquee-une-deuxieme-fois-apres-avoir-ete-liberee\/#breadcrumb","itemListElement":[{"@type":"ListItem","position":1,"name":"Accueil","item":"https:\/\/vieassociative.be\/actualites\/"},{"@type":"ListItem","position":2,"name":"Les amoureux des animaux craignent pour la baleine \u00e0 bosse dans la mer Baltique, bloqu\u00e9e une deuxi\u00e8me fois apr\u00e8s avoir \u00e9t\u00e9 lib\u00e9r\u00e9e"}]},{"@type":"WebSite","@id":"https:\/\/vieassociative.be\/actualites\/#website","url":"https:\/\/vieassociative.be\/actualites\/","name":"Vie Associative","description":"","publisher":{"@id":"https:\/\/vieassociative.be\/actualites\/#organization"},"potentialAction":[{"@type":"SearchAction","target":{"@type":"EntryPoint","urlTemplate":"https:\/\/vieassociative.be\/actualites\/?s={search_term_string}"},"query-input":{"@type":"PropertyValueSpecification","valueRequired":true,"valueName":"search_term_string"}}],"inLanguage":"fr-BE"},{"@type":"Organization","@id":"https:\/\/vieassociative.be\/actualites\/#organization","name":"Vie Associative","url":"https:\/\/vieassociative.be\/actualites\/","logo":{"@type":"ImageObject","inLanguage":"fr-BE","@id":"https:\/\/vieassociative.be\/actualites\/#\/schema\/logo\/image\/","url":"https:\/\/vieassociative.be\/actualites\/wp-content\/uploads\/2024\/09\/cropped-vieassociative_favicon.ico.png","contentUrl":"https:\/\/vieassociative.be\/actualites\/wp-content\/uploads\/2024\/09\/cropped-vieassociative_favicon.ico.png","width":512,"height":512,"caption":"Vie Associative"},"image":{"@id":"https:\/\/vieassociative.be\/actualites\/#\/schema\/logo\/image\/"}},{"@type":"Person","@id":"https:\/\/vieassociative.be\/actualites\/#\/schema\/person\/b87ac4f82f9d4e7b7cec7395b679edc4","name":"Julien","image":{"@type":"ImageObject","inLanguage":"fr-BE","@id":"https:\/\/vieassociative.be\/actualites\/#\/schema\/person\/image\/","url":"https:\/\/vieassociative.be\/actualites\/wp-content\/uploads\/2024\/09\/vie-associative-1-150x150.jpg","contentUrl":"https:\/\/vieassociative.be\/actualites\/wp-content\/uploads\/2024\/09\/vie-associative-1-150x150.jpg","caption":"Julien"},"description":"Je suis Julien, r\u00e9dacteur pour Vie Associative. Passionn\u00e9 par le monde associatif depuis plus de 10 ans, j'ai \u00e0 c\u0153ur de partager des histoires inspirantes et de mettre en lumi\u00e8re les initiatives locales. Mon objectif est de sensibiliser et d'encourager l'engagement communautaire \u00e0 travers mes articles.","sameAs":["https:\/\/vieassociative.be\/"]}]}},"_links":{"self":[{"href":"https:\/\/vieassociative.be\/actualites\/wp-json\/wp\/v2\/posts\/13220"}],"collection":[{"href":"https:\/\/vieassociative.be\/actualites\/wp-json\/wp\/v2\/posts"}],"about":[{"href":"https:\/\/vieassociative.be\/actualites\/wp-json\/wp\/v2\/types\/post"}],"author":[{"embeddable":true,"href":"https:\/\/vieassociative.be\/actualites\/wp-json\/wp\/v2\/users\/1"}],"replies":[{"embeddable":true,"href":"https:\/\/vieassociative.be\/actualites\/wp-json\/wp\/v2\/comments?post=13220"}],"version-history":[{"count":0,"href":"https:\/\/vieassociative.be\/actualites\/wp-json\/wp\/v2\/posts\/13220\/revisions"}],"wp:featuredmedia":[{"embeddable":true,"href":"https:\/\/vieassociative.be\/actualites\/wp-json\/wp\/v2\/media\/13221"}],"wp:attachment":[{"href":"https:\/\/vieassociative.be\/actualites\/wp-json\/wp\/v2\/media?parent=13220"}],"wp:term":[{"taxonomy":"category","embeddable":true,"href":"https:\/\/vieassociative.be\/actualites\/wp-json\/wp\/v2\/categories?post=13220"},{"taxonomy":"post_tag","embeddable":true,"href":"https:\/\/vieassociative.be\/actualites\/wp-json\/wp\/v2\/tags?post=13220"}],"curies":[{"name":"wp","href":"https:\/\/api.w.org\/{rel}","templated":true}]}}