{"id":13217,"date":"2026-03-28T16:17:22","date_gmt":"2026-03-28T15:17:22","guid":{"rendered":"https:\/\/vieassociative.be\/actualites\/debut-de-lheure-dete-le-dimanche-soir-lhorloge-est-avancee-dune-heure\/"},"modified":"2026-03-28T16:17:22","modified_gmt":"2026-03-28T15:17:22","slug":"debut-de-lheure-dete-le-dimanche-soir-lhorloge-est-avancee-dune-heure","status":"publish","type":"post","link":"https:\/\/vieassociative.be\/actualites\/debut-de-lheure-dete-le-dimanche-soir-lhorloge-est-avancee-dune-heure\/","title":{"rendered":"D\u00e9but de l&rsquo;heure d&rsquo;\u00e9t\u00e9\u00a0: le dimanche soir, l&rsquo;horloge est avanc\u00e9e d&rsquo;une heure."},"content":{"rendered":"<p><strong>L\u2019heure d\u2019\u00e9t\u00e9 commence en Belgique et dans de nombreuses r\u00e9gions d\u2019Europe. Les critiques continuent de r\u00e9clamer l\u2019abolition du changement d\u2019heure, mais aucun accord entre les \u00c9tats de l\u2019UE n\u2019est en vue. Une nouvelle \u00e9tude devrait d\u00e9sormais apporter des \u00e9claircissements.<\/strong><\/p>\n<p><span id=\"more-437990\"><\/span>D\u00e9but de l\u2019heure d\u2019\u00e9t\u00e9 : en Belgique et dans la plupart des pays d\u2019Europe, les horloges seront avanc\u00e9es de 2h00 \u00e0 3h00 t\u00f4t le dimanche matin (29 mars). Cela signifie que l&rsquo;heure d&rsquo;\u00e9t\u00e9 d&rsquo;Europe centrale (CEST) s&rsquo;appliquera \u00e0 nouveau dans ce pays jusqu&rsquo;au retour \u00e0 l&rsquo;heure standard &#8211; \u00e9galement appel\u00e9e heure d&rsquo;hiver &#8211; le 25 octobre.<\/p>\n<p>Le changement d&rsquo;heure a \u00e9t\u00e9 r\u00e9introduit en Belgique en 1977 et en Allemagne en 1980 &#8211; dans le but de mieux utiliser la lumi\u00e8re du jour. Cependant, les critiques remettent r\u00e9guli\u00e8rement en question l\u2019effet d\u2019\u00e9conomie d\u2019\u00e9nergie et r\u00e9clament sa suppression. Mais cela n\u00e9cessiterait une solution \u00e0 l\u2019\u00e9chelle europ\u00e9enne, ce qui n\u2019est pas en vue.<\/p>\n<div id=\"attachment_185100\" class=\"wp-caption alignleft\" style=\"max-width: 300px\"><img fetchpriority=\"high\" decoding=\"async\" class=\"wp-image-185100 size-medium\" src=\"https:\/\/vieassociative.be\/actualites\/wp-content\/uploads\/2026\/03\/Debut-de-lheure-dete-le-dimanche-soir-lhorloge-est-avancee.jpeg\" alt=\"\" width=\"300\" height=\"186\"  ><\/div>\n<p>En 2018, la Commission europ\u00e9enne a propos\u00e9 de mettre fin au changement d&rsquo;heure dans l&rsquo;UE, car plus de 80 % des participants \u00e0 une enqu\u00eate en ligne s&rsquo;\u00e9taient d\u00e9j\u00e0 prononc\u00e9s en faveur de ce changement. Cependant, sur 4,6 millions de r\u00e9ponses \u00e0 l\u2019\u00e9poque, environ 3 millions provenaient d\u2019Allemagne.<\/p>\n<p>Selon la commission, les \u00c9tats devraient pouvoir choisir \u00e0 l&rsquo;avenir s&rsquo;ils souhaitent toujours appliquer l&rsquo;heure d&rsquo;hiver ou l&rsquo;heure d&rsquo;\u00e9t\u00e9. Mais ils devraient parvenir \u00e0 un accord afin qu\u2019il n\u2019y ait pas de probl\u00e8mes, par exemple pour le march\u00e9 int\u00e9rieur. Cependant, les \u00c9tats de l\u2019UE ne parviennent pas \u00e0 se mettre d\u2019accord sur une position depuis des ann\u00e9es.<\/p>\n<p>La Commission europ\u00e9enne s&rsquo;en tient n\u00e9anmoins \u00e0 son plan et a command\u00e9 une \u00e9tude sur les cons\u00e9quences de l&rsquo;abolition. Les travaux devraient \u00eatre termin\u00e9s d&rsquo;ici la fin de l&rsquo;ann\u00e9e, a indiqu\u00e9 une porte-parole.<\/p>\n<p>L&rsquo;Espagne, en particulier, souhaite travailler intensivement pour mettre fin au changement d&rsquo;heure deux fois par an. \u00ab\u00a0Franchement, je n&rsquo;y vois plus aucun int\u00e9r\u00eat\u00a0\u00bb, a d\u00e9clar\u00e9 le Premier ministre Pedro S\u00e1nchez. Dans tous les sondages, une majorit\u00e9 d&rsquo;Europ\u00e9ens se sont prononc\u00e9s contre le changement d&rsquo;heure, a d\u00e9clar\u00e9 le socialiste. Cette mesure n&rsquo;\u00e9conomise pas d&rsquo;\u00e9nergie, mais elle perturbe les rythmes biologiques des personnes deux fois par an. (cr\u00e9er)<\/p>\n","protected":false},"excerpt":{"rendered":"<p>L\u2019heure d\u2019\u00e9t\u00e9 commence en Belgique et dans de nombreuses r\u00e9gions d\u2019Europe. Les critiques continuent de r\u00e9clamer l\u2019abolition du changement d\u2019heure, mais aucun accord entre les<\/p>\n","protected":false},"author":1,"featured_media":6275,"comment_status":"","ping_status":"","sticky":false,"template":"","format":"standard","meta":{"footnotes":""},"categories":[298],"tags":[7549,359,122,471,698,76,2523,1296,5794,1795],"class_list":["post-13217","post","type-post","status-publish","format-standard","has-post-thumbnail","hentry","category-belgique","tag-avancee","tag-debut","tag-dete","tag-dimanche","tag-dune","tag-est","tag-heure","tag-lheure","tag-lhorloge","tag-soir","generate-columns","tablet-grid-50","mobile-grid-100","grid-parent","grid-33"],"yoast_head":"<!-- This site is optimized with the Yoast SEO plugin v24.0 - https:\/\/yoast.com\/wordpress\/plugins\/seo\/ -->\n<title>D\u00e9but de l&#039;heure d&#039;\u00e9t\u00e9\u00a0: le dimanche soir, l&#039;horloge est avanc\u00e9e d&#039;une heure. | Vie Associative<\/title>\n<meta name=\"robots\" content=\"index, follow, max-snippet:-1, max-image-preview:large, max-video-preview:-1\" \/>\n<link rel=\"canonical\" href=\"https:\/\/vieassociative.be\/actualites\/debut-de-lheure-dete-le-dimanche-soir-lhorloge-est-avancee-dune-heure\/\" \/>\n<meta property=\"og:locale\" content=\"fr_FR\" \/>\n<meta property=\"og:type\" content=\"article\" \/>\n<meta property=\"og:title\" content=\"D\u00e9but de l&#039;heure d&#039;\u00e9t\u00e9\u00a0: le dimanche soir, l&#039;horloge est avanc\u00e9e d&#039;une heure. | Vie Associative\" \/>\n<meta property=\"og:description\" content=\"L\u2019heure d\u2019\u00e9t\u00e9 commence en Belgique et dans de nombreuses r\u00e9gions d\u2019Europe. Les critiques continuent de r\u00e9clamer l\u2019abolition du changement d\u2019heure, mais aucun accord entre les\" \/>\n<meta property=\"og:url\" content=\"https:\/\/vieassociative.be\/actualites\/debut-de-lheure-dete-le-dimanche-soir-lhorloge-est-avancee-dune-heure\/\" \/>\n<meta property=\"og:site_name\" content=\"Vie Associative\" \/>\n<meta property=\"article:published_time\" content=\"2026-03-28T15:17:22+00:00\" \/>\n<meta property=\"og:image\" content=\"https:\/\/vieassociative.be\/actualites\/wp-content\/uploads\/2024\/09\/header_backgroundk-01-e1726694325946.png\" \/>\n\t<meta property=\"og:image:width\" content=\"279\" \/>\n\t<meta property=\"og:image:height\" content=\"92\" \/>\n\t<meta property=\"og:image:type\" content=\"image\/png\" \/>\n<meta name=\"author\" content=\"Julien\" \/>\n<meta name=\"twitter:card\" content=\"summary_large_image\" \/>\n<meta name=\"twitter:label1\" content=\"\u00c9crit par\" \/>\n\t<meta name=\"twitter:data1\" content=\"Julien\" \/>\n\t<meta name=\"twitter:label2\" content=\"Dur\u00e9e de lecture est.\" \/>\n\t<meta name=\"twitter:data2\" content=\"2 minutes\" \/>\n<script type=\"application\/ld+json\" class=\"yoast-schema-graph\">{\"@context\":\"https:\/\/schema.org\",\"@graph\":[{\"@type\":\"Article\",\"@id\":\"https:\/\/vieassociative.be\/actualites\/debut-de-lheure-dete-le-dimanche-soir-lhorloge-est-avancee-dune-heure\/#article\",\"isPartOf\":{\"@id\":\"https:\/\/vieassociative.be\/actualites\/debut-de-lheure-dete-le-dimanche-soir-lhorloge-est-avancee-dune-heure\/\"},\"author\":{\"name\":\"Julien\",\"@id\":\"https:\/\/vieassociative.be\/actualites\/#\/schema\/person\/b87ac4f82f9d4e7b7cec7395b679edc4\"},\"headline\":\"D\u00e9but de l&rsquo;heure d&rsquo;\u00e9t\u00e9\u00a0: le dimanche soir, l&rsquo;horloge est avanc\u00e9e d&rsquo;une heure.\",\"datePublished\":\"2026-03-28T15:17:22+00:00\",\"dateModified\":\"2026-03-28T15:17:22+00:00\",\"mainEntityOfPage\":{\"@id\":\"https:\/\/vieassociative.be\/actualites\/debut-de-lheure-dete-le-dimanche-soir-lhorloge-est-avancee-dune-heure\/\"},\"wordCount\":435,\"publisher\":{\"@id\":\"https:\/\/vieassociative.be\/actualites\/#organization\"},\"image\":{\"@id\":\"https:\/\/vieassociative.be\/actualites\/debut-de-lheure-dete-le-dimanche-soir-lhorloge-est-avancee-dune-heure\/#primaryimage\"},\"thumbnailUrl\":\"https:\/\/vieassociative.be\/actualites\/wp-content\/uploads\/2025\/03\/Les-montres-sont-modifiees-lheure-dete-commence-le-dimanche.jpeg\",\"keywords\":[\"avanc\u00e9e\",\"D\u00e9but\",\"d\u00e9t\u00e9\",\"dimanche\",\"dune\",\"est\",\"heure\",\"lheure\",\"Lhorloge\",\"soir\"],\"articleSection\":[\"Belgique\"],\"inLanguage\":\"fr-BE\"},{\"@type\":\"WebPage\",\"@id\":\"https:\/\/vieassociative.be\/actualites\/debut-de-lheure-dete-le-dimanche-soir-lhorloge-est-avancee-dune-heure\/\",\"url\":\"https:\/\/vieassociative.be\/actualites\/debut-de-lheure-dete-le-dimanche-soir-lhorloge-est-avancee-dune-heure\/\",\"name\":\"D\u00e9but de l'heure d'\u00e9t\u00e9\u00a0: le dimanche soir, l'horloge est avanc\u00e9e d'une heure. | Vie Associative\",\"isPartOf\":{\"@id\":\"https:\/\/vieassociative.be\/actualites\/#website\"},\"primaryImageOfPage\":{\"@id\":\"https:\/\/vieassociative.be\/actualites\/debut-de-lheure-dete-le-dimanche-soir-lhorloge-est-avancee-dune-heure\/#primaryimage\"},\"image\":{\"@id\":\"https:\/\/vieassociative.be\/actualites\/debut-de-lheure-dete-le-dimanche-soir-lhorloge-est-avancee-dune-heure\/#primaryimage\"},\"thumbnailUrl\":\"https:\/\/vieassociative.be\/actualites\/wp-content\/uploads\/2025\/03\/Les-montres-sont-modifiees-lheure-dete-commence-le-dimanche.jpeg\",\"datePublished\":\"2026-03-28T15:17:22+00:00\",\"dateModified\":\"2026-03-28T15:17:22+00:00\",\"breadcrumb\":{\"@id\":\"https:\/\/vieassociative.be\/actualites\/debut-de-lheure-dete-le-dimanche-soir-lhorloge-est-avancee-dune-heure\/#breadcrumb\"},\"inLanguage\":\"fr-BE\",\"potentialAction\":[{\"@type\":\"ReadAction\",\"target\":[\"https:\/\/vieassociative.be\/actualites\/debut-de-lheure-dete-le-dimanche-soir-lhorloge-est-avancee-dune-heure\/\"]}]},{\"@type\":\"ImageObject\",\"inLanguage\":\"fr-BE\",\"@id\":\"https:\/\/vieassociative.be\/actualites\/debut-de-lheure-dete-le-dimanche-soir-lhorloge-est-avancee-dune-heure\/#primaryimage\",\"url\":\"https:\/\/vieassociative.be\/actualites\/wp-content\/uploads\/2025\/03\/Les-montres-sont-modifiees-lheure-dete-commence-le-dimanche.jpeg\",\"contentUrl\":\"https:\/\/vieassociative.be\/actualites\/wp-content\/uploads\/2025\/03\/Les-montres-sont-modifiees-lheure-dete-commence-le-dimanche.jpeg\",\"width\":1000,\"height\":750,\"caption\":\"Les montres sont modifi\u00e9es: l'heure d'\u00e9t\u00e9 commence le dimanche\"},{\"@type\":\"BreadcrumbList\",\"@id\":\"https:\/\/vieassociative.be\/actualites\/debut-de-lheure-dete-le-dimanche-soir-lhorloge-est-avancee-dune-heure\/#breadcrumb\",\"itemListElement\":[{\"@type\":\"ListItem\",\"position\":1,\"name\":\"Accueil\",\"item\":\"https:\/\/vieassociative.be\/actualites\/\"},{\"@type\":\"ListItem\",\"position\":2,\"name\":\"D\u00e9but de l&rsquo;heure d&rsquo;\u00e9t\u00e9\u00a0: le dimanche soir, l&rsquo;horloge est avanc\u00e9e d&rsquo;une heure.\"}]},{\"@type\":\"WebSite\",\"@id\":\"https:\/\/vieassociative.be\/actualites\/#website\",\"url\":\"https:\/\/vieassociative.be\/actualites\/\",\"name\":\"Vie Associative\",\"description\":\"\",\"publisher\":{\"@id\":\"https:\/\/vieassociative.be\/actualites\/#organization\"},\"potentialAction\":[{\"@type\":\"SearchAction\",\"target\":{\"@type\":\"EntryPoint\",\"urlTemplate\":\"https:\/\/vieassociative.be\/actualites\/?s={search_term_string}\"},\"query-input\":{\"@type\":\"PropertyValueSpecification\",\"valueRequired\":true,\"valueName\":\"search_term_string\"}}],\"inLanguage\":\"fr-BE\"},{\"@type\":\"Organization\",\"@id\":\"https:\/\/vieassociative.be\/actualites\/#organization\",\"name\":\"Vie Associative\",\"url\":\"https:\/\/vieassociative.be\/actualites\/\",\"logo\":{\"@type\":\"ImageObject\",\"inLanguage\":\"fr-BE\",\"@id\":\"https:\/\/vieassociative.be\/actualites\/#\/schema\/logo\/image\/\",\"url\":\"https:\/\/vieassociative.be\/actualites\/wp-content\/uploads\/2024\/09\/cropped-vieassociative_favicon.ico.png\",\"contentUrl\":\"https:\/\/vieassociative.be\/actualites\/wp-content\/uploads\/2024\/09\/cropped-vieassociative_favicon.ico.png\",\"width\":512,\"height\":512,\"caption\":\"Vie Associative\"},\"image\":{\"@id\":\"https:\/\/vieassociative.be\/actualites\/#\/schema\/logo\/image\/\"}},{\"@type\":\"Person\",\"@id\":\"https:\/\/vieassociative.be\/actualites\/#\/schema\/person\/b87ac4f82f9d4e7b7cec7395b679edc4\",\"name\":\"Julien\",\"image\":{\"@type\":\"ImageObject\",\"inLanguage\":\"fr-BE\",\"@id\":\"https:\/\/vieassociative.be\/actualites\/#\/schema\/person\/image\/\",\"url\":\"https:\/\/vieassociative.be\/actualites\/wp-content\/uploads\/2024\/09\/vie-associative-1-150x150.jpg\",\"contentUrl\":\"https:\/\/vieassociative.be\/actualites\/wp-content\/uploads\/2024\/09\/vie-associative-1-150x150.jpg\",\"caption\":\"Julien\"},\"description\":\"Je suis Julien, r\u00e9dacteur pour Vie Associative. Passionn\u00e9 par le monde associatif depuis plus de 10 ans, j'ai \u00e0 c\u0153ur de partager des histoires inspirantes et de mettre en lumi\u00e8re les initiatives locales. Mon objectif est de sensibiliser et d'encourager l'engagement communautaire \u00e0 travers mes articles.\",\"sameAs\":[\"https:\/\/vieassociative.be\/\"]}]}<\/script>\n<!-- \/ Yoast SEO plugin. -->","yoast_head_json":{"title":"D\u00e9but de l'heure d'\u00e9t\u00e9\u00a0: le dimanche soir, l'horloge est avanc\u00e9e d'une heure. | Vie Associative","robots":{"index":"index","follow":"follow","max-snippet":"max-snippet:-1","max-image-preview":"max-image-preview:large","max-video-preview":"max-video-preview:-1"},"canonical":"https:\/\/vieassociative.be\/actualites\/debut-de-lheure-dete-le-dimanche-soir-lhorloge-est-avancee-dune-heure\/","og_locale":"fr_FR","og_type":"article","og_title":"D\u00e9but de l'heure d'\u00e9t\u00e9\u00a0: le dimanche soir, l'horloge est avanc\u00e9e d'une heure. | Vie Associative","og_description":"L\u2019heure d\u2019\u00e9t\u00e9 commence en Belgique et dans de nombreuses r\u00e9gions d\u2019Europe. Les critiques continuent de r\u00e9clamer l\u2019abolition du changement d\u2019heure, mais aucun accord entre les","og_url":"https:\/\/vieassociative.be\/actualites\/debut-de-lheure-dete-le-dimanche-soir-lhorloge-est-avancee-dune-heure\/","og_site_name":"Vie Associative","article_published_time":"2026-03-28T15:17:22+00:00","og_image":[{"width":279,"height":92,"url":"https:\/\/vieassociative.be\/actualites\/wp-content\/uploads\/2024\/09\/header_backgroundk-01-e1726694325946.png","type":"image\/png"}],"author":"Julien","twitter_card":"summary_large_image","twitter_misc":{"\u00c9crit par":"Julien","Dur\u00e9e de lecture est.":"2 minutes"},"schema":{"@context":"https:\/\/schema.org","@graph":[{"@type":"Article","@id":"https:\/\/vieassociative.be\/actualites\/debut-de-lheure-dete-le-dimanche-soir-lhorloge-est-avancee-dune-heure\/#article","isPartOf":{"@id":"https:\/\/vieassociative.be\/actualites\/debut-de-lheure-dete-le-dimanche-soir-lhorloge-est-avancee-dune-heure\/"},"author":{"name":"Julien","@id":"https:\/\/vieassociative.be\/actualites\/#\/schema\/person\/b87ac4f82f9d4e7b7cec7395b679edc4"},"headline":"D\u00e9but de l&rsquo;heure d&rsquo;\u00e9t\u00e9\u00a0: le dimanche soir, l&rsquo;horloge est avanc\u00e9e d&rsquo;une heure.","datePublished":"2026-03-28T15:17:22+00:00","dateModified":"2026-03-28T15:17:22+00:00","mainEntityOfPage":{"@id":"https:\/\/vieassociative.be\/actualites\/debut-de-lheure-dete-le-dimanche-soir-lhorloge-est-avancee-dune-heure\/"},"wordCount":435,"publisher":{"@id":"https:\/\/vieassociative.be\/actualites\/#organization"},"image":{"@id":"https:\/\/vieassociative.be\/actualites\/debut-de-lheure-dete-le-dimanche-soir-lhorloge-est-avancee-dune-heure\/#primaryimage"},"thumbnailUrl":"https:\/\/vieassociative.be\/actualites\/wp-content\/uploads\/2025\/03\/Les-montres-sont-modifiees-lheure-dete-commence-le-dimanche.jpeg","keywords":["avanc\u00e9e","D\u00e9but","d\u00e9t\u00e9","dimanche","dune","est","heure","lheure","Lhorloge","soir"],"articleSection":["Belgique"],"inLanguage":"fr-BE"},{"@type":"WebPage","@id":"https:\/\/vieassociative.be\/actualites\/debut-de-lheure-dete-le-dimanche-soir-lhorloge-est-avancee-dune-heure\/","url":"https:\/\/vieassociative.be\/actualites\/debut-de-lheure-dete-le-dimanche-soir-lhorloge-est-avancee-dune-heure\/","name":"D\u00e9but de l'heure d'\u00e9t\u00e9\u00a0: le dimanche soir, l'horloge est avanc\u00e9e d'une heure. | Vie Associative","isPartOf":{"@id":"https:\/\/vieassociative.be\/actualites\/#website"},"primaryImageOfPage":{"@id":"https:\/\/vieassociative.be\/actualites\/debut-de-lheure-dete-le-dimanche-soir-lhorloge-est-avancee-dune-heure\/#primaryimage"},"image":{"@id":"https:\/\/vieassociative.be\/actualites\/debut-de-lheure-dete-le-dimanche-soir-lhorloge-est-avancee-dune-heure\/#primaryimage"},"thumbnailUrl":"https:\/\/vieassociative.be\/actualites\/wp-content\/uploads\/2025\/03\/Les-montres-sont-modifiees-lheure-dete-commence-le-dimanche.jpeg","datePublished":"2026-03-28T15:17:22+00:00","dateModified":"2026-03-28T15:17:22+00:00","breadcrumb":{"@id":"https:\/\/vieassociative.be\/actualites\/debut-de-lheure-dete-le-dimanche-soir-lhorloge-est-avancee-dune-heure\/#breadcrumb"},"inLanguage":"fr-BE","potentialAction":[{"@type":"ReadAction","target":["https:\/\/vieassociative.be\/actualites\/debut-de-lheure-dete-le-dimanche-soir-lhorloge-est-avancee-dune-heure\/"]}]},{"@type":"ImageObject","inLanguage":"fr-BE","@id":"https:\/\/vieassociative.be\/actualites\/debut-de-lheure-dete-le-dimanche-soir-lhorloge-est-avancee-dune-heure\/#primaryimage","url":"https:\/\/vieassociative.be\/actualites\/wp-content\/uploads\/2025\/03\/Les-montres-sont-modifiees-lheure-dete-commence-le-dimanche.jpeg","contentUrl":"https:\/\/vieassociative.be\/actualites\/wp-content\/uploads\/2025\/03\/Les-montres-sont-modifiees-lheure-dete-commence-le-dimanche.jpeg","width":1000,"height":750,"caption":"Les montres sont modifi\u00e9es: l'heure d'\u00e9t\u00e9 commence le dimanche"},{"@type":"BreadcrumbList","@id":"https:\/\/vieassociative.be\/actualites\/debut-de-lheure-dete-le-dimanche-soir-lhorloge-est-avancee-dune-heure\/#breadcrumb","itemListElement":[{"@type":"ListItem","position":1,"name":"Accueil","item":"https:\/\/vieassociative.be\/actualites\/"},{"@type":"ListItem","position":2,"name":"D\u00e9but de l&rsquo;heure d&rsquo;\u00e9t\u00e9\u00a0: le dimanche soir, l&rsquo;horloge est avanc\u00e9e d&rsquo;une heure."}]},{"@type":"WebSite","@id":"https:\/\/vieassociative.be\/actualites\/#website","url":"https:\/\/vieassociative.be\/actualites\/","name":"Vie Associative","description":"","publisher":{"@id":"https:\/\/vieassociative.be\/actualites\/#organization"},"potentialAction":[{"@type":"SearchAction","target":{"@type":"EntryPoint","urlTemplate":"https:\/\/vieassociative.be\/actualites\/?s={search_term_string}"},"query-input":{"@type":"PropertyValueSpecification","valueRequired":true,"valueName":"search_term_string"}}],"inLanguage":"fr-BE"},{"@type":"Organization","@id":"https:\/\/vieassociative.be\/actualites\/#organization","name":"Vie Associative","url":"https:\/\/vieassociative.be\/actualites\/","logo":{"@type":"ImageObject","inLanguage":"fr-BE","@id":"https:\/\/vieassociative.be\/actualites\/#\/schema\/logo\/image\/","url":"https:\/\/vieassociative.be\/actualites\/wp-content\/uploads\/2024\/09\/cropped-vieassociative_favicon.ico.png","contentUrl":"https:\/\/vieassociative.be\/actualites\/wp-content\/uploads\/2024\/09\/cropped-vieassociative_favicon.ico.png","width":512,"height":512,"caption":"Vie Associative"},"image":{"@id":"https:\/\/vieassociative.be\/actualites\/#\/schema\/logo\/image\/"}},{"@type":"Person","@id":"https:\/\/vieassociative.be\/actualites\/#\/schema\/person\/b87ac4f82f9d4e7b7cec7395b679edc4","name":"Julien","image":{"@type":"ImageObject","inLanguage":"fr-BE","@id":"https:\/\/vieassociative.be\/actualites\/#\/schema\/person\/image\/","url":"https:\/\/vieassociative.be\/actualites\/wp-content\/uploads\/2024\/09\/vie-associative-1-150x150.jpg","contentUrl":"https:\/\/vieassociative.be\/actualites\/wp-content\/uploads\/2024\/09\/vie-associative-1-150x150.jpg","caption":"Julien"},"description":"Je suis Julien, r\u00e9dacteur pour Vie Associative. Passionn\u00e9 par le monde associatif depuis plus de 10 ans, j'ai \u00e0 c\u0153ur de partager des histoires inspirantes et de mettre en lumi\u00e8re les initiatives locales. Mon objectif est de sensibiliser et d'encourager l'engagement communautaire \u00e0 travers mes articles.","sameAs":["https:\/\/vieassociative.be\/"]}]}},"_links":{"self":[{"href":"https:\/\/vieassociative.be\/actualites\/wp-json\/wp\/v2\/posts\/13217"}],"collection":[{"href":"https:\/\/vieassociative.be\/actualites\/wp-json\/wp\/v2\/posts"}],"about":[{"href":"https:\/\/vieassociative.be\/actualites\/wp-json\/wp\/v2\/types\/post"}],"author":[{"embeddable":true,"href":"https:\/\/vieassociative.be\/actualites\/wp-json\/wp\/v2\/users\/1"}],"replies":[{"embeddable":true,"href":"https:\/\/vieassociative.be\/actualites\/wp-json\/wp\/v2\/comments?post=13217"}],"version-history":[{"count":0,"href":"https:\/\/vieassociative.be\/actualites\/wp-json\/wp\/v2\/posts\/13217\/revisions"}],"wp:featuredmedia":[{"embeddable":true,"href":"https:\/\/vieassociative.be\/actualites\/wp-json\/wp\/v2\/media\/6275"}],"wp:attachment":[{"href":"https:\/\/vieassociative.be\/actualites\/wp-json\/wp\/v2\/media?parent=13217"}],"wp:term":[{"taxonomy":"category","embeddable":true,"href":"https:\/\/vieassociative.be\/actualites\/wp-json\/wp\/v2\/categories?post=13217"},{"taxonomy":"post_tag","embeddable":true,"href":"https:\/\/vieassociative.be\/actualites\/wp-json\/wp\/v2\/tags?post=13217"}],"curies":[{"name":"wp","href":"https:\/\/api.w.org\/{rel}","templated":true}]}}