{"id":13213,"date":"2026-03-28T09:17:02","date_gmt":"2026-03-28T08:17:02","guid":{"rendered":"https:\/\/vieassociative.be\/actualites\/les-meilleures-offres-televisees-que-jai-trouvees-lors-de-la-grande-vente-de-printemps-damazon\/"},"modified":"2026-03-28T09:17:02","modified_gmt":"2026-03-28T08:17:02","slug":"les-meilleures-offres-televisees-que-jai-trouvees-lors-de-la-grande-vente-de-printemps-damazon","status":"publish","type":"post","link":"https:\/\/vieassociative.be\/actualites\/les-meilleures-offres-televisees-que-jai-trouvees-lors-de-la-grande-vente-de-printemps-damazon\/","title":{"rendered":"Les meilleures offres t\u00e9l\u00e9vis\u00e9es que j&rsquo;ai trouv\u00e9es lors de la grande vente de printemps d&rsquo;Amazon"},"content":{"rendered":"<p>Nous pouvons gagner une commission sur les liens sur cette page. Les prix et la disponibilit\u00e9 de l&rsquo;offre sont sujets \u00e0 changement apr\u00e8s la publication.<\/p>\n<p>Je suis pratiquement un \u00e9vang\u00e9liste sur ce point : si vous avez besoin d\u2019une t\u00e9l\u00e9vision, vous devriez vous en procurer une d\u00e8s maintenant. Pas seulement parce qu&rsquo;il s&rsquo;agit des soldes de printemps d&rsquo;Amazon : mars et avril sont traditionnellement le moment o\u00f9 les d\u00e9taillants lib\u00e8rent de l&rsquo;espace sur leurs \u00e9tag\u00e8res et dans leurs entrep\u00f4ts pour faire place aux nouveaux mod\u00e8les qui arrivent pour les vacances. Et cette ann\u00e9e, la taxe RAM arrive \u00e9galement : les grandes entreprises technologiques ach\u00e8tent la r\u00e9serve mondiale de m\u00e9moire pour alimenter les centres de donn\u00e9es d&rsquo;IA, de sorte que le prix des t\u00e9l\u00e9viseurs devrait augmenter dans un avenir proche et rester \u00e9lev\u00e9 pendant un certain temps. <\/p>\n<p>C&rsquo;est tout pour dire\u00a0: profitez de ces bonnes affaires de la grande vente de printemps d&rsquo;Amazon pendant que vous le pouvez.<\/p>\n<div class=\"shadow-b-2 mb-12 mt-10 rounded-md border-2 border-(#F0F0F0) px-6 py-2 shadow-lg md:px-12\" role=\"region\" aria-label=\"Products List\">\n<div class=\"flex w-full gap-x-5\">\n<div class=\"flex w-full flex-col flex-nowrap justify-center gap-2 text-black no-underline md:order-2 md:gap-y-6\">\n<div class=\"flex flex-col justify-between gap-y-2 md:w-full md:gap-y-1\">\n<div class=\"block w-fit cursor-pointer font-akshar text-lg font-medium leading-5 text-brand-green duration-200 ease-in-out hover:text-brand-green-700 md:text-xl md:leading-6\">\n<p>                            T\u00e9l\u00e9viseur intelligent Amazon Fire TV s\u00e9rie 4 4K HDR10+ de 50 pouces (mod\u00e8le 2025)\n                        <\/p><\/div>\n<\/p><\/div>\n<div class=\"hidden md:flex md:justify-between md:gap-x-4\">\n<div class=\"w-full mb-0 md:flex md:flex-col md:justify-center font-sans leading-4 text-black\">\n<div class=\"flex flex-wrap items-center justify-center gap-1 md:justify-start\">\n        <span class=\"font-bold\"><\/p>\n<p>            239,97\u00a0$<br \/>\n                            <span class=\"font-medium\">chez Amazon<\/span><br \/>\n                    <\/span>\n            <\/div>\n<div class=\"flex items-center justify-center gap-x-1 font-bold md:justify-start\">\n            <span class=\"text-sm line-through\">399,99\u00a0$<\/span><br \/>\n            <span class=\"text-sm text-brand-green\">\u00c9conomisez 160,02\u00a0$<\/span>\n        <\/div>\n<\/p><\/div>\n<p>                            <button class=\"flex justify-center items-center w-full bg-brand-green text-white text-base font-sans font-medium rounded-md hover:bg-brand-green-700 hover:cursor-pointer md:text-sm hidden self-end h-12 max-w-(10rem) duration-200 ease-in-out hover:bg-brand-green-700 md:flex md:h-10\"><\/p>\n<p>    Obtenez une offre<br \/>\n<\/button>\n                        <\/div>\n<\/p><\/div>\n<div class=\"flex aspect-video h-(90px) shrink-0 items-center justify-center self-center md:order-1\">\n                        <img decoding=\"async\" class=\"m-0 max-h-full max-w-full rounded-md\" src=\"https:\/\/vieassociative.be\/actualites\/wp-content\/uploads\/2026\/03\/Les-meilleures-offres-televisees-que-jai-trouvees-lors-de-la.jpg\" alt=\"50\" Amazon Fire TV 4-Series 4K HDR10+ Smart TV (2025 Model)\" width=\"auto\" height=\"auto\" loading=\"lazy\">\n                    <\/div>\n<\/p><\/div>\n<p>                            <button class=\"flex justify-center items-center w-full bg-brand-green text-white text-base font-sans font-medium rounded-md hover:bg-brand-green-700 hover:cursor-pointer md:text-sm w-full h-12 duration-200 ease-in-out hover:bg-brand-green-700 md:hidden md:h-10\"><\/p>\n<p>    Obtenez une offre<br \/>\n<\/button><\/p>\n<div class=\"flex flex-col items-center w-full md:hidden font-sans leading-4 text-black\">\n<div class=\"flex flex-wrap items-center justify-center gap-1 md:justify-start\">\n        <span class=\"font-bold\"><\/p>\n<p>            239,97\u00a0$<br \/>\n                            <span class=\"font-medium\">chez Amazon<\/span><br \/>\n                    <\/span>\n            <\/div>\n<div class=\"flex items-center justify-center gap-x-1 font-bold md:justify-start\">\n            <span class=\"text-sm line-through\">399,99\u00a0$<\/span><br \/>\n            <span class=\"text-sm text-brand-green\">\u00c9conomisez 160,02\u00a0$<\/span>\n        <\/div>\n<\/p><\/div>\n<div class=\"flex w-full gap-x-5\">\n<div class=\"flex w-full flex-col flex-nowrap justify-center gap-2 text-black no-underline md:order-2 md:gap-y-6\">\n<div class=\"flex flex-col justify-between gap-y-2 md:w-full md:gap-y-1\">\n<div class=\"block w-fit cursor-pointer font-akshar text-lg font-medium leading-5 text-brand-green duration-200 ease-in-out hover:text-brand-green-700 md:text-xl md:leading-6\">\n<p>                            Roku Smart TV 2026 \u2013 S\u00e9rie Select 40 pouces, TV Full HD 1080p \u2013 RokuTV avec t\u00e9l\u00e9commande vocale \u2013 T\u00e9l\u00e9viseur LED \u00e0 \u00e9cran plat avec Wi-Fi pour la diffusion en direct d&rsquo;actualit\u00e9s locales, sports et films \u2013 Mode casque Bluetooth\n                        <\/p><\/div>\n<\/p><\/div>\n<div class=\"hidden md:flex md:justify-between md:gap-x-4\">\n<div class=\"w-full mb-0 md:flex md:flex-col md:justify-center font-sans leading-4 text-black\">\n<div class=\"flex flex-wrap items-center justify-center gap-1 md:justify-start\">\n        <span class=\"font-bold\"><\/p>\n<p>            129,00\u00a0$<br \/>\n                            <span class=\"font-medium\">chez Amazon<\/span><br \/>\n                    <\/span>\n            <\/div>\n<div class=\"flex items-center justify-center gap-x-1 font-bold md:justify-start\">\n            <span class=\"text-sm line-through\">229,99\u00a0$<\/span><br \/>\n            <span class=\"text-sm text-brand-green\">\u00c9conomisez 100,99 $<\/span>\n        <\/div>\n<\/p><\/div>\n<p>                            <button class=\"flex justify-center items-center w-full bg-brand-green text-white text-base font-sans font-medium rounded-md hover:bg-brand-green-700 hover:cursor-pointer md:text-sm hidden self-end h-12 max-w-(10rem) duration-200 ease-in-out hover:bg-brand-green-700 md:flex md:h-10\"><\/p>\n<p>    Obtenez une offre<br \/>\n<\/button>\n                        <\/div>\n<\/p><\/div>\n<div class=\"flex aspect-video h-(90px) shrink-0 items-center justify-center self-center md:order-1\">\n                        <img decoding=\"async\" class=\"m-0 max-h-full max-w-full rounded-md\" src=\"https:\/\/vieassociative.be\/actualites\/wp-content\/uploads\/2026\/03\/1774685822_334_Les-meilleures-offres-televisees-que-jai-trouvees-lors-de-la.jpg\" alt=\"Roku Smart TV 2026 \u2013 S\u00e9rie Select 40 pouces, TV Full HD 1080p \u2013 RokuTV avec t\u00e9l\u00e9commande vocale \u2013 T\u00e9l\u00e9viseur LED \u00e0 \u00e9cran plat avec Wi-Fi pour la diffusion en direct d'actualit\u00e9s locales, sports et films \u2013 Mode casque Bluetooth\" width=\"auto\" height=\"auto\" loading=\"lazy\">\n                    <\/div>\n<\/p><\/div>\n<p>                            <button class=\"flex justify-center items-center w-full bg-brand-green text-white text-base font-sans font-medium rounded-md hover:bg-brand-green-700 hover:cursor-pointer md:text-sm w-full h-12 duration-200 ease-in-out hover:bg-brand-green-700 md:hidden md:h-10\"><\/p>\n<p>    Obtenez une offre<br \/>\n<\/button><\/p>\n<div class=\"flex flex-col items-center w-full md:hidden font-sans leading-4 text-black\">\n<div class=\"flex flex-wrap items-center justify-center gap-1 md:justify-start\">\n        <span class=\"font-bold\"><\/p>\n<p>            129,00\u00a0$<br \/>\n                            <span class=\"font-medium\">chez Amazon<\/span><br \/>\n                    <\/span>\n            <\/div>\n<div class=\"flex items-center justify-center gap-x-1 font-bold md:justify-start\">\n            <span class=\"text-sm line-through\">229,99\u00a0$<\/span><br \/>\n            <span class=\"text-sm text-brand-green\">\u00c9conomisez 100,99 $<\/span>\n        <\/div>\n<\/p><\/div>\n<div class=\"flex w-full gap-x-5\">\n<div class=\"flex w-full flex-col flex-nowrap justify-center gap-2 text-black no-underline md:order-2 md:gap-y-6\">\n<div class=\"flex flex-col justify-between gap-y-2 md:w-full md:gap-y-1\">\n<div class=\"block w-fit cursor-pointer font-akshar text-lg font-medium leading-5 text-brand-green duration-200 ease-in-out hover:text-brand-green-700 md:text-xl md:leading-6\">\n<p>                            T\u00e9l\u00e9viseur intelligent QLED mini-LED 4K Hisense s\u00e9rie U6 de 75\u00a0pouces (mod\u00e8le 2025)\n                        <\/p><\/div>\n<\/p><\/div>\n<div class=\"hidden md:flex md:justify-between md:gap-x-4\">\n<div class=\"w-full mb-0 md:flex md:flex-col md:justify-center font-sans leading-4 text-black\">\n<div class=\"flex flex-wrap items-center justify-center gap-1 md:justify-start\">\n        <span class=\"font-bold\"><\/p>\n<p>            597,96\u00a0$<br \/>\n                            <span class=\"font-medium\">chez Amazon<\/span><br \/>\n                    <\/span>\n            <\/div>\n<div class=\"flex items-center justify-center gap-x-1 font-bold md:justify-start\">\n            <span class=\"text-sm line-through\">899,99\u00a0$<\/span><br \/>\n            <span class=\"text-sm text-brand-green\">\u00c9conomisez 302,03\u00a0$<\/span>\n        <\/div>\n<\/p><\/div>\n<p>                            <button class=\"flex justify-center items-center w-full bg-brand-green text-white text-base font-sans font-medium rounded-md hover:bg-brand-green-700 hover:cursor-pointer md:text-sm hidden self-end h-12 max-w-(10rem) duration-200 ease-in-out hover:bg-brand-green-700 md:flex md:h-10\"><\/p>\n<p>    Obtenez une offre<br \/>\n<\/button>\n                        <\/div>\n<\/p><\/div>\n<div class=\"flex aspect-video h-(90px) shrink-0 items-center justify-center self-center md:order-1\">\n                        <img decoding=\"async\" class=\"m-0 max-h-full max-w-full rounded-md\" src=\"https:\/\/vieassociative.be\/actualites\/wp-content\/uploads\/2026\/03\/1774685822_102_Les-meilleures-offres-televisees-que-jai-trouvees-lors-de-la.jpg\" alt=\"75\" Hisense U6 Series 4K Mini-LED QLED Smart TV (2025 Model)\" width=\"auto\" height=\"auto\" loading=\"lazy\">\n                    <\/div>\n<\/p><\/div>\n<p>                            <button class=\"flex justify-center items-center w-full bg-brand-green text-white text-base font-sans font-medium rounded-md hover:bg-brand-green-700 hover:cursor-pointer md:text-sm w-full h-12 duration-200 ease-in-out hover:bg-brand-green-700 md:hidden md:h-10\"><\/p>\n<p>    Obtenez une offre<br \/>\n<\/button><\/p>\n<div class=\"flex flex-col items-center w-full md:hidden font-sans leading-4 text-black\">\n<div class=\"flex flex-wrap items-center justify-center gap-1 md:justify-start\">\n        <span class=\"font-bold\"><\/p>\n<p>            597,96\u00a0$<br \/>\n                            <span class=\"font-medium\">chez Amazon<\/span><br \/>\n                    <\/span>\n            <\/div>\n<div class=\"flex items-center justify-center gap-x-1 font-bold md:justify-start\">\n            <span class=\"text-sm line-through\">899,99\u00a0$<\/span><br \/>\n            <span class=\"text-sm text-brand-green\">\u00c9conomisez 302,03\u00a0$<\/span>\n        <\/div>\n<\/p><\/div>\n<div class=\"flex w-full gap-x-5\">\n<div class=\"flex w-full flex-col flex-nowrap justify-center gap-2 text-black no-underline md:order-2 md:gap-y-6\">\n<div class=\"flex flex-col justify-between gap-y-2 md:w-full md:gap-y-1\">\n<div class=\"block w-fit cursor-pointer font-akshar text-lg font-medium leading-5 text-brand-green duration-200 ease-in-out hover:text-brand-green-700 md:text-xl md:leading-6\">\n<p>                            T\u00e9l\u00e9viseur intelligent Samsung OLED S85F 4K de 55\u00a0pouces (mod\u00e8le 2025)\n                        <\/p><\/div>\n<\/p><\/div>\n<div class=\"hidden md:flex md:justify-between md:gap-x-4\">\n<div class=\"w-full mb-0 md:flex md:flex-col md:justify-center font-sans leading-4 text-black\">\n<div class=\"flex flex-wrap items-center justify-center gap-1 md:justify-start\">\n        <span class=\"font-bold\"><\/p>\n<p>            897,99\u00a0$<br \/>\n                            <span class=\"font-medium\">chez Amazon<\/span><br \/>\n                    <\/span>\n            <\/div>\n<div class=\"flex items-center justify-center gap-x-1 font-bold md:justify-start\">\n            <span class=\"text-sm line-through\">1\u00a0397,99\u00a0$<\/span><br \/>\n            <span class=\"text-sm text-brand-green\">\u00c9conomisez 500,00\u00a0$<\/span>\n        <\/div>\n<\/p><\/div>\n<p>                            <button class=\"flex justify-center items-center w-full bg-brand-green text-white text-base font-sans font-medium rounded-md hover:bg-brand-green-700 hover:cursor-pointer md:text-sm hidden self-end h-12 max-w-(10rem) duration-200 ease-in-out hover:bg-brand-green-700 md:flex md:h-10\"><\/p>\n<p>    Obtenez une offre<br \/>\n<\/button>\n                        <\/div>\n<\/p><\/div>\n<div class=\"flex aspect-video h-(90px) shrink-0 items-center justify-center self-center md:order-1\">\n                        <img decoding=\"async\" class=\"m-0 max-h-full max-w-full rounded-md\" src=\"https:\/\/vieassociative.be\/actualites\/wp-content\/uploads\/2026\/03\/1774685822_621_Les-meilleures-offres-televisees-que-jai-trouvees-lors-de-la.jpg\" alt=\"55\" Samsung OLED S85F 4K Smart TV (2025 Model)\" width=\"auto\" height=\"auto\" loading=\"lazy\">\n                    <\/div>\n<\/p><\/div>\n<p>                            <button class=\"flex justify-center items-center w-full bg-brand-green text-white text-base font-sans font-medium rounded-md hover:bg-brand-green-700 hover:cursor-pointer md:text-sm w-full h-12 duration-200 ease-in-out hover:bg-brand-green-700 md:hidden md:h-10\"><\/p>\n<p>    Obtenez une offre<br \/>\n<\/button><\/p>\n<div class=\"flex flex-col items-center w-full md:hidden font-sans leading-4 text-black\">\n<div class=\"flex flex-wrap items-center justify-center gap-1 md:justify-start\">\n        <span class=\"font-bold\"><\/p>\n<p>            897,99\u00a0$<br \/>\n                            <span class=\"font-medium\">chez Amazon<\/span><br \/>\n                    <\/span>\n            <\/div>\n<div class=\"flex items-center justify-center gap-x-1 font-bold md:justify-start\">\n            <span class=\"text-sm line-through\">1\u00a0397,99\u00a0$<\/span><br \/>\n            <span class=\"text-sm text-brand-green\">\u00c9conomisez 500,00\u00a0$<\/span>\n        <\/div>\n<\/p><\/div>\n<div class=\"flex w-full gap-x-5\">\n<div class=\"flex w-full flex-col flex-nowrap justify-center gap-2 text-black no-underline md:order-2 md:gap-y-6\">\n<div class=\"flex flex-col justify-between gap-y-2 md:w-full md:gap-y-1\">\n<div class=\"block w-fit cursor-pointer font-akshar text-lg font-medium leading-5 text-brand-green duration-200 ease-in-out hover:text-brand-green-700 md:text-xl md:leading-6\">\n<p>                            T\u00e9l\u00e9viseur intelligent Samsung The Frame LS03F 4K QLED de 55 po (mod\u00e8le 2025)\n                        <\/p><\/div>\n<\/p><\/div>\n<div class=\"hidden md:flex md:justify-between md:gap-x-4\">\n<div class=\"w-full mb-0 md:flex md:flex-col md:justify-center font-sans leading-4 text-black\">\n<div class=\"flex flex-wrap items-center justify-center gap-1 md:justify-start\">\n        <span class=\"font-bold\"><\/p>\n<p>            897,99\u00a0$<br \/>\n                            <span class=\"font-medium\">chez Amazon<\/span><br \/>\n                    <\/span>\n            <\/div>\n<div class=\"flex items-center justify-center gap-x-1 font-bold md:justify-start\">\n            <span class=\"text-sm line-through\">1\u00a0197,99\u00a0$<\/span><br \/>\n            <span class=\"text-sm text-brand-green\">\u00c9conomisez 300,00\u00a0$<\/span>\n        <\/div>\n<\/p><\/div>\n<p>                            <button class=\"flex justify-center items-center w-full bg-brand-green text-white text-base font-sans font-medium rounded-md hover:bg-brand-green-700 hover:cursor-pointer md:text-sm hidden self-end h-12 max-w-(10rem) duration-200 ease-in-out hover:bg-brand-green-700 md:flex md:h-10\"><\/p>\n<p>    Obtenez une offre<br \/>\n<\/button>\n                        <\/div>\n<\/p><\/div>\n<div class=\"flex aspect-video h-(90px) shrink-0 items-center justify-center self-center md:order-1\">\n                        <img decoding=\"async\" class=\"m-0 max-h-full max-w-full rounded-md\" src=\"https:\/\/vieassociative.be\/actualites\/wp-content\/uploads\/2026\/03\/1774685822_647_Les-meilleures-offres-televisees-que-jai-trouvees-lors-de-la.jpg\" alt=\"55\" Samsung The Frame LS03F 4K QLED Smart TV (2025 Model)\" width=\"auto\" height=\"auto\" loading=\"lazy\">\n                    <\/div>\n<\/p><\/div>\n<p>                            <button class=\"flex justify-center items-center w-full bg-brand-green text-white text-base font-sans font-medium rounded-md hover:bg-brand-green-700 hover:cursor-pointer md:text-sm w-full h-12 duration-200 ease-in-out hover:bg-brand-green-700 md:hidden md:h-10\"><\/p>\n<p>    Obtenez une offre<br \/>\n<\/button><\/p>\n<div class=\"flex flex-col items-center w-full md:hidden font-sans leading-4 text-black\">\n<div class=\"flex flex-wrap items-center justify-center gap-1 md:justify-start\">\n        <span class=\"font-bold\"><\/p>\n<p>            897,99\u00a0$<br \/>\n                            <span class=\"font-medium\">chez Amazon<\/span><br \/>\n                    <\/span>\n            <\/div>\n<div class=\"flex items-center justify-center gap-x-1 font-bold md:justify-start\">\n            <span class=\"text-sm line-through\">1\u00a0197,99\u00a0$<\/span><br \/>\n            <span class=\"text-sm text-brand-green\">\u00c9conomisez 300,00\u00a0$<\/span>\n        <\/div>\n<\/p><\/div>\n<div class=\"flex w-full gap-x-5\">\n<div class=\"flex w-full flex-col flex-nowrap justify-center gap-2 text-black no-underline md:order-2 md:gap-y-6\">\n<div class=\"flex flex-col justify-between gap-y-2 md:w-full md:gap-y-1\">\n<div class=\"block w-fit cursor-pointer font-akshar text-lg font-medium leading-5 text-brand-green duration-200 ease-in-out hover:text-brand-green-700 md:text-xl md:leading-6\">\n<p>                            INSIGNIA T\u00e9l\u00e9viseur intelligent Fire LED HD s\u00e9rie F20 de 32 po avec t\u00e9l\u00e9commande vocale Alexa (NS-32F201NA26)\n                        <\/p><\/div>\n<\/p><\/div>\n<div class=\"hidden md:flex md:justify-between md:gap-x-4\">\n<div class=\"w-full mb-0 md:flex md:flex-col md:justify-center font-sans leading-4 text-black\">\n<div class=\"flex flex-wrap items-center justify-center gap-1 md:justify-start\">\n        <span class=\"font-bold\"><\/p>\n<p>            74,99\u00a0$<br \/>\n                            <span class=\"font-medium\">chez Amazon<\/span><br \/>\n                    <\/span>\n            <\/div>\n<div class=\"flex items-center justify-center gap-x-1 font-bold md:justify-start\">\n            <span class=\"text-sm line-through\">129,99\u00a0$<\/span><br \/>\n            <span class=\"text-sm text-brand-green\">\u00c9conomisez 55,00\u00a0$<\/span>\n        <\/div>\n<\/p><\/div>\n<p>                            <button class=\"flex justify-center items-center w-full bg-brand-green text-white text-base font-sans font-medium rounded-md hover:bg-brand-green-700 hover:cursor-pointer md:text-sm hidden self-end h-12 max-w-(10rem) duration-200 ease-in-out hover:bg-brand-green-700 md:flex md:h-10\"><\/p>\n<p>    Obtenez une offre<br \/>\n<\/button>\n                        <\/div>\n<\/p><\/div>\n<div class=\"flex aspect-video h-(90px) shrink-0 items-center justify-center self-center md:order-1\">\n                        <img decoding=\"async\" class=\"m-0 max-h-full max-w-full rounded-md\" src=\"https:\/\/vieassociative.be\/actualites\/wp-content\/uploads\/2026\/03\/1774685822_731_Les-meilleures-offres-televisees-que-jai-trouvees-lors-de-la.jpg\" alt=\"INSIGNES 32\" Class F20 Series LED HD Smart Fire TV with Alexa Voice Remote (NS-32F201NA26)\" width=\"auto\" height=\"auto\" loading=\"lazy\">\n                    <\/div>\n<\/p><\/div>\n<p>                            <button class=\"flex justify-center items-center w-full bg-brand-green text-white text-base font-sans font-medium rounded-md hover:bg-brand-green-700 hover:cursor-pointer md:text-sm w-full h-12 duration-200 ease-in-out hover:bg-brand-green-700 md:hidden md:h-10\"><\/p>\n<p>    Obtenez une offre<br \/>\n<\/button><\/p>\n<div class=\"flex flex-col items-center w-full md:hidden font-sans leading-4 text-black\">\n<div class=\"flex flex-wrap items-center justify-center gap-1 md:justify-start\">\n        <span class=\"font-bold\"><\/p>\n<p>            74,99\u00a0$<br \/>\n                            <span class=\"font-medium\">chez Amazon<\/span><br \/>\n                    <\/span>\n            <\/div>\n<div class=\"flex items-center justify-center gap-x-1 font-bold md:justify-start\">\n            <span class=\"text-sm line-through\">129,99\u00a0$<\/span><br \/>\n            <span class=\"text-sm text-brand-green\">\u00c9conomisez 55,00\u00a0$<\/span>\n        <\/div>\n<\/p><\/div>\n<p>        <button class=\"mb-4 mt-6 pr-4 font-akshar text-sm font-medium text-gray-900 hover:cursor-pointer hover:text-brand-green md:pr-8\"><\/p>\n<p>        VOIR 3 DE PLUS<\/p>\n<p>    <\/button>\n<\/div>\n<h2 id=\"the-best-budget-tv-in-amazons-big-spring-sale-the-amazon-fire-4-series\">Le meilleur t\u00e9l\u00e9viseur \u00e9conomique de la grande vente de printemps d&rsquo;Amazon\u00a0: la s\u00e9rie Amazon Fire 4<\/h2>\n<p>En termes de prix par rapport \u00e0 ce que vous obtenez, vous ne pouvez pas faire mieux que la marque maison d&rsquo;Amazon. La soci\u00e9t\u00e9 vend ses t\u00e9l\u00e9viseurs Fire de la s\u00e9rie 4 \u00e0 des prix presque comiquement bas lors de sa grande vente de printemps en cours. Le mod\u00e8le 50&Prime; co\u00fbte 239,97 $ et le 43&Prime; co\u00fbte 199 $\u00a0; c&rsquo;est 40 % de r\u00e9duction sur le prix catalogue et le prix le plus bas jamais propos\u00e9 par Amazon sur ces t\u00e9l\u00e9viseurs intelligents 4K. J&rsquo;ai achet\u00e9 un Fire TV de 55 pouces il y a quelques mois, et m\u00eame si je l&rsquo;ai pay\u00e9 400 $, je n&rsquo;ai rien \u00e0 redire. C&rsquo;est un t\u00e9l\u00e9viseur solide qui re\u00e7oit de bonnes critiques de la part des professionnels et des clients : les critiques d&rsquo;Amazon lui donnent une note de 4,3 sur 5.<\/p>\n<h2 id=\"the-best-all-in-one-streaming-tv-in-amazons-big-spring-sale-the-roku-smart-tv-2026\">Le meilleur t\u00e9l\u00e9viseur en streaming tout-en-un de la grande vente de printemps d&rsquo;Amazon\u00a0: le Roku Smart TV 2026<\/h2>\n<p>Le Roku Smart TV 2026 est un choix remarquable si vous voulez tout dans un seul package. La version 40 pouces est en baisse de 44 %, \u00e0 seulement 129 $. Il s&rsquo;agit d&rsquo;une solution de streaming tout-en-un et sans tracas, parfaite comme deuxi\u00e8me t\u00e9l\u00e9viseur dans une chambre ou un bureau. Elle est livr\u00e9e avec l&rsquo;interface Roku qui peut \u00eatre pilot\u00e9e avec une t\u00e9l\u00e9commande vocale et offre un acc\u00e8s \u00e0 plus de 500 cha\u00eenes de t\u00e9l\u00e9vision en direct gratuites ainsi qu&rsquo;\u00e0 Netflix, Disney+ et tout autre streamer payant auquel vous pouvez penser.<\/p>\n<h2 id=\"the-best-go-big-tv-bargain-in-amazons-big-spring-sale-the-75-inch-hisense-class-u6-series-mini-led-4k\">La meilleure affaire de t\u00e9l\u00e9vision \u00ab\u00a0Go big\u00a0\u00bb dans la grande vente de printemps d&rsquo;Amazon\u00a0: le mini-LED 4K Hisense Classe U6 de 75 pouces<\/h2>\n<p>Si vous voulez juste un t\u00e9l\u00e9viseur gigantesque, le Hisense U6 de 75 pouces est une bonne affaire pour 598 $. . Les mod\u00e8les Hisense 2026 ont \u00e9t\u00e9 d\u00e9voil\u00e9s plus t\u00f4t ce mois-ci, de sorte que les d\u00e9taillants r\u00e9duisent les prix des mod\u00e8les plus anciens pour lib\u00e9rer de l&rsquo;espace dans l&rsquo;entrep\u00f4t. Bien qu&rsquo;il ne soit pas nouveau, il utilise la technologie Mini-LED qui fournit des niveaux de luminosit\u00e9 et une gradation locale qui rivalisent avec les t\u00e9l\u00e9viseurs deux fois plus chers. (De plus, vous n\u2019avez probablement pas vraiment besoin d\u2019un \u00ab meilleur \u00bb t\u00e9l\u00e9viseur.)<\/p>\n<h2 id=\"the-best-deal-on-an-oled-tv-in-amazons-big-spring-sale-the-55-inch-samsung-s85f-oled-tv\">La meilleure offre sur un t\u00e9l\u00e9viseur OLED dans la grande vente de printemps d&rsquo;Amazon\u00a0: le t\u00e9l\u00e9viseur OLED Samsung S85F de 55 pouces<\/h2>\n<p>Ce t\u00e9l\u00e9viseur OLED Samsung S85F de 55 pouces est \u00e0 36 % de r\u00e9duction, \u00e0 897,99 $ (\u00e0 l&rsquo;origine 1\u00a0397,99 $). Bien qu\u2019il soit qualifi\u00e9 de t\u00e9l\u00e9viseur OLED d\u2019entr\u00e9e de gamme, la qualit\u00e9 d\u2019image est impressionnante, avec de solides performances HDR, une pr\u00e9cision des couleurs et un contraste presque infini. Les noirs sont parfaits. Cela signifie que vous en aurez plus pour votre argent dans les sc\u00e8nes sombres qu\u2019avec les \u00e9crans LED\/QLED. Il rivalise \u00e9galement avec les meilleurs t\u00e9l\u00e9viseurs de jeu, avec un d\u00e9calage d&rsquo;entr\u00e9e tr\u00e8s r\u00e9actif de 9,4 ms, quatre ports HDMI 2.1 prenant en charge 4K 120 Hz, AMD FreeSync Premium, Nvidia G-Sync, ALLM et HDR10+, ainsi que la technologie Motion Xcelerator pour r\u00e9duire le flou dans les sc\u00e8nes rapides et un mode de jeu automatique AI pour optimiser les param\u00e8tres. <\/p>\n<h2 id=\"the-best-art-tv-in-amazons-big-spring-sale-the-55-inch-samsung-the-frame-tv\">Le meilleur t\u00e9l\u00e9viseur artistique de la grande vente de printemps d&rsquo;Amazon\u00a0: le t\u00e9l\u00e9viseur Samsung \u00ab\u00a0The Frame\u00a0\u00bb de 55 pouces<\/h2>\n<p>Si votre salon est plus une \u00ab galerie d&rsquo;art \u00bb qu&rsquo;un \u00ab bar sportif \u00bb, The Frame est le t\u00e9l\u00e9viseur de vos r\u00eaves. Il est livr\u00e9 avec un support sp\u00e9cial pour pouvoir l&rsquo;accrocher au mur comme un tableau, et lorsque vous ne regardez pas une \u00e9mission, il passe en \u00ab Mode Art \u00bb et affiche des chefs-d&rsquo;\u0153uvre de qualit\u00e9 mus\u00e9e (ou vos propres photos) avec une finition mate qui fait ressembler l&rsquo;\u00e9cran \u00e0 une toile. Quand tes amis snobs viennent chez toi, tu peux pr\u00e9tendre que tu ne le fais m\u00eame pas. <em>avoir<\/em> une t\u00e9l\u00e9vision, puis se gaver secr\u00e8tement <em>\u00cele d&rsquo;amour <\/em>quand ils rentrent chez eux. Lors de la grande vente de printemps, le mod\u00e8le 55 pouces est tomb\u00e9 \u00e0 897,99 $, soit une baisse de 300 $ par rapport \u00e0 son prix catalogue de 1\u00a0197,99 $.<\/p>\n<h2 id=\"the-overall-cheapest-tv-in-amazons-big-spring-sale-this-32-inch-hisense-led-tv\">Le t\u00e9l\u00e9viseur le moins cher de la grande vente de printemps d&rsquo;Amazon\u00a0: ce t\u00e9l\u00e9viseur LED Hisense de 32\u00a0pouces<\/h2>\n<p>Tous les t\u00e9l\u00e9viseurs sont actuellement moins chers que d&rsquo;habitude, mais cette offre est <em>ridicule<\/em>: Un t\u00e9l\u00e9viseur LED Hisense 32&Prime; pour seulement 74,99 $. Ce n&rsquo;est pas le meilleur t\u00e9l\u00e9viseur de tous les temps, mais selon tous les t\u00e9moignages disponibles, c&rsquo;est au moins un achat solide. Il s&rsquo;agit d&rsquo;un mod\u00e8le plus ancien, sorti en 2020, mais cela signifie qu&rsquo;il y a plus de 3 000 avis sur Amazon, et le score est respectable de 4,1 \u00e9toiles sur 5. Les critiques \u00e9taient g\u00e9n\u00e9ralement positives \u00e0 sa sortie \u00e9galement. L&rsquo;\u00e9cran mesure 32&Prime;, donc il est grand. assez pour \u00eatre regardable, et l&rsquo;image est en 720p, donc techniquement \u00ab\u00a0haute d\u00e9finition\u00a0\u00bb, voire \u00ab\u00a0full haute d\u00e9finition\u00a0\u00bb. Il est m\u00eame livr\u00e9 avec Alexa et FireTV int\u00e9gr\u00e9s, et vous pouvez l&rsquo;obtenir pour moins cher que ce que j&rsquo;ai pay\u00e9 pour la nourriture tha\u00eflandaise hier soir. <\/p>\n<div class=\" relative flex justify-center py-16 md:left-1\/2 md:w-(780px) md:max-w-max md:-translate-x-1\/2\">\n<div class=\"w-max text-center sm:text-left\">\n<div class=\"custom-gradient-background mb-6 rounded-md p-(2px) sm:rounded-tl-none\">\n<div class=\"flex flex-col rounded bg-white sm:rounded-tl-none\">\n                    <span class=\"-mt-4 block w-fit max-w-(calc(100%-1rem)) self-center bg-white px-3 text-center font-akshar text-xl font-medium capitalize text-gray-800 sm:max-w-(calc(100%-2.5rem)) sm:self-start sm:px-10 sm:text-left sm:text-2xl\">Nos meilleures offres de vente de printemps Amazon approuv\u00e9es par les \u00e9diteurs en ce moment<\/span><\/p>\n<div class=\"flex flex-col gap-3 p-3 pb-4 text-sm sm:p-10 sm:pt-6 sm:text-justify sm:text-base\">\n<div>\n<p>    \u00c9couteurs sans fil Apple AirPods Pro 3 \u00e0 r\u00e9duction de bruit et fr\u00e9quence cardiaque<\/p>\n<p>                                <span class=\"text-black\"><br \/>\n                                    \u2014<br \/>\n                                    <span class=\"font-bold\">199,00\u00a0$<\/span><br \/>\n                                    <span class=\"!text-xs italic sm:!text-sm\"><\/p>\n<p>                                        (Prix catalogue 249,00 $)<br \/>\n                                    <\/span><br \/>\n                                <\/span>\n                            <\/div>\n<div>\n<p>    Apple iPad 11&Prime; 128 Go A16 WiFi Tablette (Bleu, 2025)<\/p>\n<p>                                <span class=\"text-black\"><br \/>\n                                    \u2014<br \/>\n                                    <span class=\"font-bold\">299,00\u00a0$<\/span><br \/>\n                                    <span class=\"!text-xs italic sm:!text-sm\"><\/p>\n<p>                                        (Prix catalogue 349,00 $)<br \/>\n                                    <\/span><br \/>\n                                <\/span>\n                            <\/div>\n<div>\n<p>    Tablette Samsung Galaxy Tab A11+ 128 Go Wi-Fi 11&Prime; (Gris)<\/p>\n<p>                                <span class=\"text-black\"><br \/>\n                                    \u2014<br \/>\n                                    <span class=\"font-bold\">209,99\u00a0$<\/span><br \/>\n                                    <span class=\"!text-xs italic sm:!text-sm\"><\/p>\n<p>                                        (Prix catalogue 249,99 $)<br \/>\n                                    <\/span><br \/>\n                                <\/span>\n                            <\/div>\n<div>\n<p>    Sony WH1000XM6 \u2013 Meilleur casque sans fil \u00e0 r\u00e9duction de bruit<\/p>\n<p>                                <span class=\"text-black\"><br \/>\n                                    \u2014<br \/>\n                                    <span class=\"font-bold\">398,00\u00a0$<\/span><br \/>\n                                    <span class=\"!text-xs italic sm:!text-sm\"><\/p>\n<p>                                        (Prix catalogue 459,99 $)<br \/>\n                                    <\/span><br \/>\n                                <\/span>\n                            <\/div>\n<div>\n<p>    Apple Watch Series 11 (GPS, 42 mm, bracelet sport noir S\/M)<\/p>\n<p>                                <span class=\"text-black\"><br \/>\n                                    \u2014<br \/>\n                                    <span class=\"font-bold\">299,00\u00a0$<\/span><br \/>\n                                    <span class=\"!text-xs italic sm:!text-sm\"><\/p>\n<p>                                        (Prix catalogue 399,00 $)<br \/>\n                                    <\/span><br \/>\n                                <\/span>\n                            <\/div>\n<div>\n<p>    Sonnette vid\u00e9o sans fil Blink (mod\u00e8le le plus r\u00e9cent) + module de synchronisation<\/p>\n<p>                                <span class=\"text-black\"><br \/>\n                                    \u2014<br \/>\n                                    <span class=\"font-bold\">35,99\u00a0$<\/span><br \/>\n                                    <span class=\"!text-xs italic sm:!text-sm\"><\/p>\n<p>                                        (Prix catalogue 69,99 $)<br \/>\n                                    <\/span><br \/>\n                                <\/span>\n                            <\/div>\n<div>\n<p>    Lecteur de streaming Fire TV Stick 4K Max avec t\u00e9l\u00e9commande<\/p>\n<p>                                <span class=\"text-black\"><br \/>\n                                    \u2014<br \/>\n                                    <span class=\"font-bold\">34,99\u00a0$<\/span><br \/>\n                                    <span class=\"!text-xs italic sm:!text-sm\"><\/p>\n<p>                                        (Prix catalogue 59,99 $)<br \/>\n                                    <\/span><br \/>\n                                <\/span>\n                            <\/div>\n<div>\n<p>    Amazon Kindle Colorsoft 16 Go 7&Prime; eReader (Noir)<\/p>\n<p>                                <span class=\"text-black\"><br \/>\n                                    \u2014<br \/>\n                                    <span class=\"font-bold\">169,99\u00a0$<\/span><br \/>\n                                    <span class=\"!text-xs italic sm:!text-sm\"><\/p>\n<p>                                        (Prix catalogue 249,99 $)<br \/>\n                                    <\/span><br \/>\n                                <\/span>\n                            <\/div>\n<\/p><\/div>\n<\/p><\/div>\n<\/p><\/div>\n<div class=\"flex flex-col items-center justify-between text-black sm:flex-row sm:px-6\">\n                <span class=\"text-xs italic sm:ml-7 sm:text-sm\">Les offres sont s\u00e9lectionn\u00e9es par notre \u00e9quipe commerciale<\/span><\/p><\/div>\n<\/p><\/div>\n<\/p><\/div>\n","protected":false},"excerpt":{"rendered":"<p>Nous pouvons gagner une commission sur les liens sur cette page. Les prix et la disponibilit\u00e9 de l&rsquo;offre sont sujets \u00e0 changement apr\u00e8s la publication.<\/p>\n","protected":false},"author":1,"featured_media":13214,"comment_status":"","ping_status":"","sticky":false,"template":"","format":"standard","meta":{"footnotes":""},"categories":[13],"tags":[1154,1787,823,14,353,79,345,4943,1398,8086,223],"class_list":["post-13213","post","type-post","status-publish","format-standard","has-post-thumbnail","hentry","category-technologie","tag-damazon","tag-grande","tag-jai","tag-les","tag-lors","tag-meilleures","tag-offres","tag-printemps","tag-televisees","tag-trouvees","tag-vente","generate-columns","tablet-grid-50","mobile-grid-100","grid-parent","grid-33"],"yoast_head":"<!-- This site is optimized with the Yoast SEO plugin v24.0 - https:\/\/yoast.com\/wordpress\/plugins\/seo\/ -->\n<title>Les meilleures offres t\u00e9l\u00e9vis\u00e9es que j&#039;ai trouv\u00e9es lors de la grande vente de printemps d&#039;Amazon | Vie Associative<\/title>\n<meta name=\"robots\" content=\"index, follow, max-snippet:-1, max-image-preview:large, max-video-preview:-1\" \/>\n<link rel=\"canonical\" href=\"https:\/\/vieassociative.be\/actualites\/les-meilleures-offres-televisees-que-jai-trouvees-lors-de-la-grande-vente-de-printemps-damazon\/\" \/>\n<meta property=\"og:locale\" content=\"fr_FR\" \/>\n<meta property=\"og:type\" content=\"article\" \/>\n<meta property=\"og:title\" content=\"Les meilleures offres t\u00e9l\u00e9vis\u00e9es que j&#039;ai trouv\u00e9es lors de la grande vente de printemps d&#039;Amazon | Vie Associative\" \/>\n<meta property=\"og:description\" content=\"Nous pouvons gagner une commission sur les liens sur cette page. Les prix et la disponibilit\u00e9 de l&rsquo;offre sont sujets \u00e0 changement apr\u00e8s la publication.\" \/>\n<meta property=\"og:url\" content=\"https:\/\/vieassociative.be\/actualites\/les-meilleures-offres-televisees-que-jai-trouvees-lors-de-la-grande-vente-de-printemps-damazon\/\" \/>\n<meta property=\"og:site_name\" content=\"Vie Associative\" \/>\n<meta property=\"article:published_time\" content=\"2026-03-28T08:17:02+00:00\" \/>\n<meta property=\"og:image\" content=\"https:\/\/vieassociative.be\/actualites\/wp-content\/uploads\/2026\/03\/Les-meilleures-offres-televisees-que-jai-trouvees-lors-de-la.jpg\" \/>\n<meta name=\"author\" content=\"Julien\" \/>\n<meta name=\"twitter:card\" content=\"summary_large_image\" \/>\n<meta name=\"twitter:label1\" content=\"\u00c9crit par\" \/>\n\t<meta name=\"twitter:data1\" content=\"Julien\" \/>\n\t<meta name=\"twitter:label2\" content=\"Dur\u00e9e de lecture est.\" \/>\n\t<meta name=\"twitter:data2\" content=\"1 minute\" \/>\n<script type=\"application\/ld+json\" class=\"yoast-schema-graph\">{\"@context\":\"https:\/\/schema.org\",\"@graph\":[{\"@type\":\"Article\",\"@id\":\"https:\/\/vieassociative.be\/actualites\/les-meilleures-offres-televisees-que-jai-trouvees-lors-de-la-grande-vente-de-printemps-damazon\/#article\",\"isPartOf\":{\"@id\":\"https:\/\/vieassociative.be\/actualites\/les-meilleures-offres-televisees-que-jai-trouvees-lors-de-la-grande-vente-de-printemps-damazon\/\"},\"author\":{\"name\":\"Julien\",\"@id\":\"https:\/\/vieassociative.be\/actualites\/#\/schema\/person\/b87ac4f82f9d4e7b7cec7395b679edc4\"},\"headline\":\"Les meilleures offres t\u00e9l\u00e9vis\u00e9es que j&rsquo;ai trouv\u00e9es lors de la grande vente de printemps d&rsquo;Amazon\",\"datePublished\":\"2026-03-28T08:17:02+00:00\",\"dateModified\":\"2026-03-28T08:17:02+00:00\",\"mainEntityOfPage\":{\"@id\":\"https:\/\/vieassociative.be\/actualites\/les-meilleures-offres-televisees-que-jai-trouvees-lors-de-la-grande-vente-de-printemps-damazon\/\"},\"wordCount\":221,\"publisher\":{\"@id\":\"https:\/\/vieassociative.be\/actualites\/#organization\"},\"image\":{\"@id\":\"https:\/\/vieassociative.be\/actualites\/les-meilleures-offres-televisees-que-jai-trouvees-lors-de-la-grande-vente-de-printemps-damazon\/#primaryimage\"},\"thumbnailUrl\":\"https:\/\/vieassociative.be\/actualites\/wp-content\/uploads\/2026\/03\/Les-meilleures-offres-televisees-que-jai-trouvees-lors-de-la.png\",\"keywords\":[\"dAmazon\",\"grande\",\"Jai\",\"Les\",\"lors\",\"meilleures\",\"offres\",\"printemps\",\"t\u00e9l\u00e9vis\u00e9es\",\"trouv\u00e9es\",\"vente\"],\"articleSection\":[\"Technologie\"],\"inLanguage\":\"fr-BE\"},{\"@type\":\"WebPage\",\"@id\":\"https:\/\/vieassociative.be\/actualites\/les-meilleures-offres-televisees-que-jai-trouvees-lors-de-la-grande-vente-de-printemps-damazon\/\",\"url\":\"https:\/\/vieassociative.be\/actualites\/les-meilleures-offres-televisees-que-jai-trouvees-lors-de-la-grande-vente-de-printemps-damazon\/\",\"name\":\"Les meilleures offres t\u00e9l\u00e9vis\u00e9es que j'ai trouv\u00e9es lors de la grande vente de printemps d'Amazon | Vie Associative\",\"isPartOf\":{\"@id\":\"https:\/\/vieassociative.be\/actualites\/#website\"},\"primaryImageOfPage\":{\"@id\":\"https:\/\/vieassociative.be\/actualites\/les-meilleures-offres-televisees-que-jai-trouvees-lors-de-la-grande-vente-de-printemps-damazon\/#primaryimage\"},\"image\":{\"@id\":\"https:\/\/vieassociative.be\/actualites\/les-meilleures-offres-televisees-que-jai-trouvees-lors-de-la-grande-vente-de-printemps-damazon\/#primaryimage\"},\"thumbnailUrl\":\"https:\/\/vieassociative.be\/actualites\/wp-content\/uploads\/2026\/03\/Les-meilleures-offres-televisees-que-jai-trouvees-lors-de-la.png\",\"datePublished\":\"2026-03-28T08:17:02+00:00\",\"dateModified\":\"2026-03-28T08:17:02+00:00\",\"breadcrumb\":{\"@id\":\"https:\/\/vieassociative.be\/actualites\/les-meilleures-offres-televisees-que-jai-trouvees-lors-de-la-grande-vente-de-printemps-damazon\/#breadcrumb\"},\"inLanguage\":\"fr-BE\",\"potentialAction\":[{\"@type\":\"ReadAction\",\"target\":[\"https:\/\/vieassociative.be\/actualites\/les-meilleures-offres-televisees-que-jai-trouvees-lors-de-la-grande-vente-de-printemps-damazon\/\"]}]},{\"@type\":\"ImageObject\",\"inLanguage\":\"fr-BE\",\"@id\":\"https:\/\/vieassociative.be\/actualites\/les-meilleures-offres-televisees-que-jai-trouvees-lors-de-la-grande-vente-de-printemps-damazon\/#primaryimage\",\"url\":\"https:\/\/vieassociative.be\/actualites\/wp-content\/uploads\/2026\/03\/Les-meilleures-offres-televisees-que-jai-trouvees-lors-de-la.png\",\"contentUrl\":\"https:\/\/vieassociative.be\/actualites\/wp-content\/uploads\/2026\/03\/Les-meilleures-offres-televisees-que-jai-trouvees-lors-de-la.png\",\"width\":1200,\"height\":675,\"caption\":\"Les meilleures offres t\u00e9l\u00e9vis\u00e9es que j'ai trouv\u00e9es lors de la grande vente de printemps d'Amazon\"},{\"@type\":\"BreadcrumbList\",\"@id\":\"https:\/\/vieassociative.be\/actualites\/les-meilleures-offres-televisees-que-jai-trouvees-lors-de-la-grande-vente-de-printemps-damazon\/#breadcrumb\",\"itemListElement\":[{\"@type\":\"ListItem\",\"position\":1,\"name\":\"Accueil\",\"item\":\"https:\/\/vieassociative.be\/actualites\/\"},{\"@type\":\"ListItem\",\"position\":2,\"name\":\"Les meilleures offres t\u00e9l\u00e9vis\u00e9es que j&rsquo;ai trouv\u00e9es lors de la grande vente de printemps d&rsquo;Amazon\"}]},{\"@type\":\"WebSite\",\"@id\":\"https:\/\/vieassociative.be\/actualites\/#website\",\"url\":\"https:\/\/vieassociative.be\/actualites\/\",\"name\":\"Vie Associative\",\"description\":\"\",\"publisher\":{\"@id\":\"https:\/\/vieassociative.be\/actualites\/#organization\"},\"potentialAction\":[{\"@type\":\"SearchAction\",\"target\":{\"@type\":\"EntryPoint\",\"urlTemplate\":\"https:\/\/vieassociative.be\/actualites\/?s={search_term_string}\"},\"query-input\":{\"@type\":\"PropertyValueSpecification\",\"valueRequired\":true,\"valueName\":\"search_term_string\"}}],\"inLanguage\":\"fr-BE\"},{\"@type\":\"Organization\",\"@id\":\"https:\/\/vieassociative.be\/actualites\/#organization\",\"name\":\"Vie Associative\",\"url\":\"https:\/\/vieassociative.be\/actualites\/\",\"logo\":{\"@type\":\"ImageObject\",\"inLanguage\":\"fr-BE\",\"@id\":\"https:\/\/vieassociative.be\/actualites\/#\/schema\/logo\/image\/\",\"url\":\"https:\/\/vieassociative.be\/actualites\/wp-content\/uploads\/2024\/09\/cropped-vieassociative_favicon.ico.png\",\"contentUrl\":\"https:\/\/vieassociative.be\/actualites\/wp-content\/uploads\/2024\/09\/cropped-vieassociative_favicon.ico.png\",\"width\":512,\"height\":512,\"caption\":\"Vie Associative\"},\"image\":{\"@id\":\"https:\/\/vieassociative.be\/actualites\/#\/schema\/logo\/image\/\"}},{\"@type\":\"Person\",\"@id\":\"https:\/\/vieassociative.be\/actualites\/#\/schema\/person\/b87ac4f82f9d4e7b7cec7395b679edc4\",\"name\":\"Julien\",\"image\":{\"@type\":\"ImageObject\",\"inLanguage\":\"fr-BE\",\"@id\":\"https:\/\/vieassociative.be\/actualites\/#\/schema\/person\/image\/\",\"url\":\"https:\/\/vieassociative.be\/actualites\/wp-content\/uploads\/2024\/09\/vie-associative-1-150x150.jpg\",\"contentUrl\":\"https:\/\/vieassociative.be\/actualites\/wp-content\/uploads\/2024\/09\/vie-associative-1-150x150.jpg\",\"caption\":\"Julien\"},\"description\":\"Je suis Julien, r\u00e9dacteur pour Vie Associative. Passionn\u00e9 par le monde associatif depuis plus de 10 ans, j'ai \u00e0 c\u0153ur de partager des histoires inspirantes et de mettre en lumi\u00e8re les initiatives locales. Mon objectif est de sensibiliser et d'encourager l'engagement communautaire \u00e0 travers mes articles.\",\"sameAs\":[\"https:\/\/vieassociative.be\/\"]}]}<\/script>\n<!-- \/ Yoast SEO plugin. -->","yoast_head_json":{"title":"Les meilleures offres t\u00e9l\u00e9vis\u00e9es que j'ai trouv\u00e9es lors de la grande vente de printemps d'Amazon | Vie Associative","robots":{"index":"index","follow":"follow","max-snippet":"max-snippet:-1","max-image-preview":"max-image-preview:large","max-video-preview":"max-video-preview:-1"},"canonical":"https:\/\/vieassociative.be\/actualites\/les-meilleures-offres-televisees-que-jai-trouvees-lors-de-la-grande-vente-de-printemps-damazon\/","og_locale":"fr_FR","og_type":"article","og_title":"Les meilleures offres t\u00e9l\u00e9vis\u00e9es que j'ai trouv\u00e9es lors de la grande vente de printemps d'Amazon | Vie Associative","og_description":"Nous pouvons gagner une commission sur les liens sur cette page. Les prix et la disponibilit\u00e9 de l&rsquo;offre sont sujets \u00e0 changement apr\u00e8s la publication.","og_url":"https:\/\/vieassociative.be\/actualites\/les-meilleures-offres-televisees-que-jai-trouvees-lors-de-la-grande-vente-de-printemps-damazon\/","og_site_name":"Vie Associative","article_published_time":"2026-03-28T08:17:02+00:00","og_image":[{"url":"https:\/\/vieassociative.be\/actualites\/wp-content\/uploads\/2026\/03\/Les-meilleures-offres-televisees-que-jai-trouvees-lors-de-la.jpg","type":"","width":"","height":""}],"author":"Julien","twitter_card":"summary_large_image","twitter_misc":{"\u00c9crit par":"Julien","Dur\u00e9e de lecture est.":"1 minute"},"schema":{"@context":"https:\/\/schema.org","@graph":[{"@type":"Article","@id":"https:\/\/vieassociative.be\/actualites\/les-meilleures-offres-televisees-que-jai-trouvees-lors-de-la-grande-vente-de-printemps-damazon\/#article","isPartOf":{"@id":"https:\/\/vieassociative.be\/actualites\/les-meilleures-offres-televisees-que-jai-trouvees-lors-de-la-grande-vente-de-printemps-damazon\/"},"author":{"name":"Julien","@id":"https:\/\/vieassociative.be\/actualites\/#\/schema\/person\/b87ac4f82f9d4e7b7cec7395b679edc4"},"headline":"Les meilleures offres t\u00e9l\u00e9vis\u00e9es que j&rsquo;ai trouv\u00e9es lors de la grande vente de printemps d&rsquo;Amazon","datePublished":"2026-03-28T08:17:02+00:00","dateModified":"2026-03-28T08:17:02+00:00","mainEntityOfPage":{"@id":"https:\/\/vieassociative.be\/actualites\/les-meilleures-offres-televisees-que-jai-trouvees-lors-de-la-grande-vente-de-printemps-damazon\/"},"wordCount":221,"publisher":{"@id":"https:\/\/vieassociative.be\/actualites\/#organization"},"image":{"@id":"https:\/\/vieassociative.be\/actualites\/les-meilleures-offres-televisees-que-jai-trouvees-lors-de-la-grande-vente-de-printemps-damazon\/#primaryimage"},"thumbnailUrl":"https:\/\/vieassociative.be\/actualites\/wp-content\/uploads\/2026\/03\/Les-meilleures-offres-televisees-que-jai-trouvees-lors-de-la.png","keywords":["dAmazon","grande","Jai","Les","lors","meilleures","offres","printemps","t\u00e9l\u00e9vis\u00e9es","trouv\u00e9es","vente"],"articleSection":["Technologie"],"inLanguage":"fr-BE"},{"@type":"WebPage","@id":"https:\/\/vieassociative.be\/actualites\/les-meilleures-offres-televisees-que-jai-trouvees-lors-de-la-grande-vente-de-printemps-damazon\/","url":"https:\/\/vieassociative.be\/actualites\/les-meilleures-offres-televisees-que-jai-trouvees-lors-de-la-grande-vente-de-printemps-damazon\/","name":"Les meilleures offres t\u00e9l\u00e9vis\u00e9es que j'ai trouv\u00e9es lors de la grande vente de printemps d'Amazon | Vie Associative","isPartOf":{"@id":"https:\/\/vieassociative.be\/actualites\/#website"},"primaryImageOfPage":{"@id":"https:\/\/vieassociative.be\/actualites\/les-meilleures-offres-televisees-que-jai-trouvees-lors-de-la-grande-vente-de-printemps-damazon\/#primaryimage"},"image":{"@id":"https:\/\/vieassociative.be\/actualites\/les-meilleures-offres-televisees-que-jai-trouvees-lors-de-la-grande-vente-de-printemps-damazon\/#primaryimage"},"thumbnailUrl":"https:\/\/vieassociative.be\/actualites\/wp-content\/uploads\/2026\/03\/Les-meilleures-offres-televisees-que-jai-trouvees-lors-de-la.png","datePublished":"2026-03-28T08:17:02+00:00","dateModified":"2026-03-28T08:17:02+00:00","breadcrumb":{"@id":"https:\/\/vieassociative.be\/actualites\/les-meilleures-offres-televisees-que-jai-trouvees-lors-de-la-grande-vente-de-printemps-damazon\/#breadcrumb"},"inLanguage":"fr-BE","potentialAction":[{"@type":"ReadAction","target":["https:\/\/vieassociative.be\/actualites\/les-meilleures-offres-televisees-que-jai-trouvees-lors-de-la-grande-vente-de-printemps-damazon\/"]}]},{"@type":"ImageObject","inLanguage":"fr-BE","@id":"https:\/\/vieassociative.be\/actualites\/les-meilleures-offres-televisees-que-jai-trouvees-lors-de-la-grande-vente-de-printemps-damazon\/#primaryimage","url":"https:\/\/vieassociative.be\/actualites\/wp-content\/uploads\/2026\/03\/Les-meilleures-offres-televisees-que-jai-trouvees-lors-de-la.png","contentUrl":"https:\/\/vieassociative.be\/actualites\/wp-content\/uploads\/2026\/03\/Les-meilleures-offres-televisees-que-jai-trouvees-lors-de-la.png","width":1200,"height":675,"caption":"Les meilleures offres t\u00e9l\u00e9vis\u00e9es que j'ai trouv\u00e9es lors de la grande vente de printemps d'Amazon"},{"@type":"BreadcrumbList","@id":"https:\/\/vieassociative.be\/actualites\/les-meilleures-offres-televisees-que-jai-trouvees-lors-de-la-grande-vente-de-printemps-damazon\/#breadcrumb","itemListElement":[{"@type":"ListItem","position":1,"name":"Accueil","item":"https:\/\/vieassociative.be\/actualites\/"},{"@type":"ListItem","position":2,"name":"Les meilleures offres t\u00e9l\u00e9vis\u00e9es que j&rsquo;ai trouv\u00e9es lors de la grande vente de printemps d&rsquo;Amazon"}]},{"@type":"WebSite","@id":"https:\/\/vieassociative.be\/actualites\/#website","url":"https:\/\/vieassociative.be\/actualites\/","name":"Vie Associative","description":"","publisher":{"@id":"https:\/\/vieassociative.be\/actualites\/#organization"},"potentialAction":[{"@type":"SearchAction","target":{"@type":"EntryPoint","urlTemplate":"https:\/\/vieassociative.be\/actualites\/?s={search_term_string}"},"query-input":{"@type":"PropertyValueSpecification","valueRequired":true,"valueName":"search_term_string"}}],"inLanguage":"fr-BE"},{"@type":"Organization","@id":"https:\/\/vieassociative.be\/actualites\/#organization","name":"Vie Associative","url":"https:\/\/vieassociative.be\/actualites\/","logo":{"@type":"ImageObject","inLanguage":"fr-BE","@id":"https:\/\/vieassociative.be\/actualites\/#\/schema\/logo\/image\/","url":"https:\/\/vieassociative.be\/actualites\/wp-content\/uploads\/2024\/09\/cropped-vieassociative_favicon.ico.png","contentUrl":"https:\/\/vieassociative.be\/actualites\/wp-content\/uploads\/2024\/09\/cropped-vieassociative_favicon.ico.png","width":512,"height":512,"caption":"Vie Associative"},"image":{"@id":"https:\/\/vieassociative.be\/actualites\/#\/schema\/logo\/image\/"}},{"@type":"Person","@id":"https:\/\/vieassociative.be\/actualites\/#\/schema\/person\/b87ac4f82f9d4e7b7cec7395b679edc4","name":"Julien","image":{"@type":"ImageObject","inLanguage":"fr-BE","@id":"https:\/\/vieassociative.be\/actualites\/#\/schema\/person\/image\/","url":"https:\/\/vieassociative.be\/actualites\/wp-content\/uploads\/2024\/09\/vie-associative-1-150x150.jpg","contentUrl":"https:\/\/vieassociative.be\/actualites\/wp-content\/uploads\/2024\/09\/vie-associative-1-150x150.jpg","caption":"Julien"},"description":"Je suis Julien, r\u00e9dacteur pour Vie Associative. Passionn\u00e9 par le monde associatif depuis plus de 10 ans, j'ai \u00e0 c\u0153ur de partager des histoires inspirantes et de mettre en lumi\u00e8re les initiatives locales. Mon objectif est de sensibiliser et d'encourager l'engagement communautaire \u00e0 travers mes articles.","sameAs":["https:\/\/vieassociative.be\/"]}]}},"_links":{"self":[{"href":"https:\/\/vieassociative.be\/actualites\/wp-json\/wp\/v2\/posts\/13213"}],"collection":[{"href":"https:\/\/vieassociative.be\/actualites\/wp-json\/wp\/v2\/posts"}],"about":[{"href":"https:\/\/vieassociative.be\/actualites\/wp-json\/wp\/v2\/types\/post"}],"author":[{"embeddable":true,"href":"https:\/\/vieassociative.be\/actualites\/wp-json\/wp\/v2\/users\/1"}],"replies":[{"embeddable":true,"href":"https:\/\/vieassociative.be\/actualites\/wp-json\/wp\/v2\/comments?post=13213"}],"version-history":[{"count":0,"href":"https:\/\/vieassociative.be\/actualites\/wp-json\/wp\/v2\/posts\/13213\/revisions"}],"wp:featuredmedia":[{"embeddable":true,"href":"https:\/\/vieassociative.be\/actualites\/wp-json\/wp\/v2\/media\/13214"}],"wp:attachment":[{"href":"https:\/\/vieassociative.be\/actualites\/wp-json\/wp\/v2\/media?parent=13213"}],"wp:term":[{"taxonomy":"category","embeddable":true,"href":"https:\/\/vieassociative.be\/actualites\/wp-json\/wp\/v2\/categories?post=13213"},{"taxonomy":"post_tag","embeddable":true,"href":"https:\/\/vieassociative.be\/actualites\/wp-json\/wp\/v2\/tags?post=13213"}],"curies":[{"name":"wp","href":"https:\/\/api.w.org\/{rel}","templated":true}]}}