{"id":13210,"date":"2026-03-27T22:18:13","date_gmt":"2026-03-27T21:18:13","guid":{"rendered":"https:\/\/vieassociative.be\/actualites\/pas-de-prince-carnavalesque-a-eupen-candidat-designe-pour-la-session-2027-2028-rejete-par-la-ville\/"},"modified":"2026-03-27T22:18:13","modified_gmt":"2026-03-27T21:18:13","slug":"pas-de-prince-carnavalesque-a-eupen-candidat-designe-pour-la-session-2027-2028-rejete-par-la-ville","status":"publish","type":"post","link":"https:\/\/vieassociative.be\/actualites\/pas-de-prince-carnavalesque-a-eupen-candidat-designe-pour-la-session-2027-2028-rejete-par-la-ville\/","title":{"rendered":"Pas de prince carnavalesque \u00e0 Eupen \u2013 candidat d\u00e9sign\u00e9 pour la session 2027\/2028 rejet\u00e9 par la ville"},"content":{"rendered":"<p><strong>Il n&rsquo;y aura pas de prince \u00e0 Eupen lors du carnaval 2027\/2028. Le groupe de travail du Carnaval d&rsquo;Eupen-Kettenis (AGK) l&rsquo;a annonc\u00e9 vendredi \u00e0 la surprise g\u00e9n\u00e9rale.<\/strong><\/p>\n<p><span id=\"more-437982\"><\/span>Selon AGK, la d\u00e9cision est motiv\u00e9e par le fait que la ville n&rsquo;a pas approuv\u00e9 le candidat d\u00e9j\u00e0 d\u00e9sign\u00e9 pour la prochaine session. En cons\u00e9quence, la Prinzengarde a d\u00e9lib\u00e9r\u00e9ment d\u00e9cid\u00e9 de ne pas proposer de rempla\u00e7ant. Cette mesure a \u00e9t\u00e9 prise par solidarit\u00e9 avec le prince initialement pr\u00e9vu et les personnes impliqu\u00e9es, comme l&rsquo;indique le communiqu\u00e9.<\/p>\n<p>C&rsquo;est la premi\u00e8re fois depuis de nombreuses ann\u00e9es que le personnage central du carnaval de rue d&rsquo;Eupen est compl\u00e8tement \u00e9limin\u00e9 en une seule s\u00e9ance.<\/p>\n<div id=\"attachment_405649\" class=\"wp-caption alignleft\" style=\"max-width: 300px\"><img fetchpriority=\"high\" decoding=\"async\" class=\"wp-image-405649 size-medium\" src=\"https:\/\/vieassociative.be\/actualites\/wp-content\/uploads\/2025\/01\/Samuel-I-Deneffe-Le-nouveau-souverain-fou-dEupen-La.jpg\" alt=\"\" width=\"300\" height=\"200\"  ><\/div>\n<p>Le bourgmestre d&rsquo;Eupen, Thomas Lennertz, a d\u00e9clar\u00e9 vendredi \u00e0 la BRF que le conseil communautaire d&rsquo;Eupen avait rejet\u00e9 \u00e0 l&rsquo;unanimit\u00e9 le candidat car sa r\u00e9putation n&rsquo;\u00e9tait pas irr\u00e9prochable. En cons\u00e9quence, le candidat a \u00e9t\u00e9 reconnu coupable d&rsquo;un acte dont il y avait une victime. En tant que personnalit\u00e9 publique, le prince est aussi un repr\u00e9sentant de la ville. Il est clair pour le coll\u00e8ge qu&rsquo;une telle personne ne serait pas apte \u00e0 repr\u00e9senter la ville d&rsquo;Eupen au carnaval et \u00e0 l&rsquo;ext\u00e9rieur. Un prince doit \u00eatre un mod\u00e8le.<\/p>\n<p>Parall\u00e8lement, l&rsquo;AGK souligne que le carnaval d&rsquo;Eupen doit continuer \u00e0 jouer un r\u00f4le majeur. L\u2019objectif reste de pr\u00e9server, promouvoir et d\u00e9velopper davantage les coutumes.<\/p>\n<p>Le Carnaval d&rsquo;Eupen est l&rsquo;un des \u00e9v\u00e9nements culturels les plus importants de l&rsquo;Est de la Belgique. Lors de la session actuelle 2026\/2027, le prince Patrick Ier, un dirigeant imb\u00e9cile et actif, est toujours \u00e0 la t\u00eate des c\u00e9l\u00e9brations. La situation est aujourd&rsquo;hui d&rsquo;autant plus inhabituelle qu&rsquo;une s\u00e9ance compl\u00e8te est cens\u00e9e se d\u00e9rouler sans prince &#8211; un changement rare dans la tradition carnavalesque locale.<\/p>\n<p>Il est fort possible que la d\u00e9cision suscite des discussions au sein du public eupenois et de la sc\u00e8ne carnavalesque dans les prochains jours. (cr\u00e9er)<\/p>\n","protected":false},"excerpt":{"rendered":"<p>Il n&rsquo;y aura pas de prince \u00e0 Eupen lors du carnaval 2027\/2028. Le groupe de travail du Carnaval d&rsquo;Eupen-Kettenis (AGK) l&rsquo;a annonc\u00e9 vendredi \u00e0 la<\/p>\n","protected":false},"author":1,"featured_media":12096,"comment_status":"","ping_status":"","sticky":false,"template":"","format":"standard","meta":{"footnotes":""},"categories":[298],"tags":[3247,10354,10355,2329,676,126,81,4525,10356,1535,684],"class_list":["post-13210","post","type-post","status-publish","format-standard","has-post-thumbnail","hentry","category-belgique","tag-candidat","tag-carnavalesque","tag-designe","tag-eupen","tag-par","tag-pas","tag-pour","tag-prince","tag-rejete","tag-session","tag-ville","generate-columns","tablet-grid-50","mobile-grid-100","grid-parent","grid-33"],"yoast_head":"<!-- This site is optimized with the Yoast SEO plugin v24.0 - https:\/\/yoast.com\/wordpress\/plugins\/seo\/ -->\n<title>Pas de prince carnavalesque \u00e0 Eupen \u2013 candidat d\u00e9sign\u00e9 pour la session 2027\/2028 rejet\u00e9 par la ville | Vie Associative<\/title>\n<meta name=\"robots\" content=\"index, follow, max-snippet:-1, max-image-preview:large, max-video-preview:-1\" \/>\n<link rel=\"canonical\" href=\"https:\/\/vieassociative.be\/actualites\/pas-de-prince-carnavalesque-a-eupen-candidat-designe-pour-la-session-2027-2028-rejete-par-la-ville\/\" \/>\n<meta property=\"og:locale\" content=\"fr_FR\" \/>\n<meta property=\"og:type\" content=\"article\" \/>\n<meta property=\"og:title\" content=\"Pas de prince carnavalesque \u00e0 Eupen \u2013 candidat d\u00e9sign\u00e9 pour la session 2027\/2028 rejet\u00e9 par la ville | Vie Associative\" \/>\n<meta property=\"og:description\" content=\"Il n&rsquo;y aura pas de prince \u00e0 Eupen lors du carnaval 2027\/2028. Le groupe de travail du Carnaval d&rsquo;Eupen-Kettenis (AGK) l&rsquo;a annonc\u00e9 vendredi \u00e0 la\" \/>\n<meta property=\"og:url\" content=\"https:\/\/vieassociative.be\/actualites\/pas-de-prince-carnavalesque-a-eupen-candidat-designe-pour-la-session-2027-2028-rejete-par-la-ville\/\" \/>\n<meta property=\"og:site_name\" content=\"Vie Associative\" \/>\n<meta property=\"article:published_time\" content=\"2026-03-27T21:18:13+00:00\" \/>\n<meta property=\"og:image\" content=\"https:\/\/vieassociative.be\/actualites\/wp-content\/uploads\/2024\/09\/header_backgroundk-01-e1726694325946.png\" \/>\n\t<meta property=\"og:image:width\" content=\"279\" \/>\n\t<meta property=\"og:image:height\" content=\"92\" \/>\n\t<meta property=\"og:image:type\" content=\"image\/png\" \/>\n<meta name=\"author\" content=\"Julien\" \/>\n<meta name=\"twitter:card\" content=\"summary_large_image\" \/>\n<meta name=\"twitter:label1\" content=\"\u00c9crit par\" \/>\n\t<meta name=\"twitter:data1\" content=\"Julien\" \/>\n\t<meta name=\"twitter:label2\" content=\"Dur\u00e9e de lecture est.\" \/>\n\t<meta name=\"twitter:data2\" content=\"2 minutes\" \/>\n<script type=\"application\/ld+json\" class=\"yoast-schema-graph\">{\"@context\":\"https:\/\/schema.org\",\"@graph\":[{\"@type\":\"Article\",\"@id\":\"https:\/\/vieassociative.be\/actualites\/pas-de-prince-carnavalesque-a-eupen-candidat-designe-pour-la-session-2027-2028-rejete-par-la-ville\/#article\",\"isPartOf\":{\"@id\":\"https:\/\/vieassociative.be\/actualites\/pas-de-prince-carnavalesque-a-eupen-candidat-designe-pour-la-session-2027-2028-rejete-par-la-ville\/\"},\"author\":{\"name\":\"Julien\",\"@id\":\"https:\/\/vieassociative.be\/actualites\/#\/schema\/person\/b87ac4f82f9d4e7b7cec7395b679edc4\"},\"headline\":\"Pas de prince carnavalesque \u00e0 Eupen \u2013 candidat d\u00e9sign\u00e9 pour la session 2027\/2028 rejet\u00e9 par la ville\",\"datePublished\":\"2026-03-27T21:18:13+00:00\",\"dateModified\":\"2026-03-27T21:18:13+00:00\",\"mainEntityOfPage\":{\"@id\":\"https:\/\/vieassociative.be\/actualites\/pas-de-prince-carnavalesque-a-eupen-candidat-designe-pour-la-session-2027-2028-rejete-par-la-ville\/\"},\"wordCount\":378,\"publisher\":{\"@id\":\"https:\/\/vieassociative.be\/actualites\/#organization\"},\"image\":{\"@id\":\"https:\/\/vieassociative.be\/actualites\/pas-de-prince-carnavalesque-a-eupen-candidat-designe-pour-la-session-2027-2028-rejete-par-la-ville\/#primaryimage\"},\"thumbnailUrl\":\"https:\/\/vieassociative.be\/actualites\/wp-content\/uploads\/2026\/01\/1767529076_Patrick-I-Koonen-assure-une-vue-degagee-dans-le-carnaval.jpg\",\"keywords\":[\"Candidat\",\"carnavalesque\",\"d\u00e9sign\u00e9\",\"Eupen\",\"par\",\"pas\",\"pour\",\"prince\",\"rejet\u00e9\",\"session\",\"ville\"],\"articleSection\":[\"Belgique\"],\"inLanguage\":\"fr-BE\"},{\"@type\":\"WebPage\",\"@id\":\"https:\/\/vieassociative.be\/actualites\/pas-de-prince-carnavalesque-a-eupen-candidat-designe-pour-la-session-2027-2028-rejete-par-la-ville\/\",\"url\":\"https:\/\/vieassociative.be\/actualites\/pas-de-prince-carnavalesque-a-eupen-candidat-designe-pour-la-session-2027-2028-rejete-par-la-ville\/\",\"name\":\"Pas de prince carnavalesque \u00e0 Eupen \u2013 candidat d\u00e9sign\u00e9 pour la session 2027\/2028 rejet\u00e9 par la ville | Vie Associative\",\"isPartOf\":{\"@id\":\"https:\/\/vieassociative.be\/actualites\/#website\"},\"primaryImageOfPage\":{\"@id\":\"https:\/\/vieassociative.be\/actualites\/pas-de-prince-carnavalesque-a-eupen-candidat-designe-pour-la-session-2027-2028-rejete-par-la-ville\/#primaryimage\"},\"image\":{\"@id\":\"https:\/\/vieassociative.be\/actualites\/pas-de-prince-carnavalesque-a-eupen-candidat-designe-pour-la-session-2027-2028-rejete-par-la-ville\/#primaryimage\"},\"thumbnailUrl\":\"https:\/\/vieassociative.be\/actualites\/wp-content\/uploads\/2026\/01\/1767529076_Patrick-I-Koonen-assure-une-vue-degagee-dans-le-carnaval.jpg\",\"datePublished\":\"2026-03-27T21:18:13+00:00\",\"dateModified\":\"2026-03-27T21:18:13+00:00\",\"breadcrumb\":{\"@id\":\"https:\/\/vieassociative.be\/actualites\/pas-de-prince-carnavalesque-a-eupen-candidat-designe-pour-la-session-2027-2028-rejete-par-la-ville\/#breadcrumb\"},\"inLanguage\":\"fr-BE\",\"potentialAction\":[{\"@type\":\"ReadAction\",\"target\":[\"https:\/\/vieassociative.be\/actualites\/pas-de-prince-carnavalesque-a-eupen-candidat-designe-pour-la-session-2027-2028-rejete-par-la-ville\/\"]}]},{\"@type\":\"ImageObject\",\"inLanguage\":\"fr-BE\",\"@id\":\"https:\/\/vieassociative.be\/actualites\/pas-de-prince-carnavalesque-a-eupen-candidat-designe-pour-la-session-2027-2028-rejete-par-la-ville\/#primaryimage\",\"url\":\"https:\/\/vieassociative.be\/actualites\/wp-content\/uploads\/2026\/01\/1767529076_Patrick-I-Koonen-assure-une-vue-degagee-dans-le-carnaval.jpg\",\"contentUrl\":\"https:\/\/vieassociative.be\/actualites\/wp-content\/uploads\/2026\/01\/1767529076_Patrick-I-Koonen-assure-une-vue-degagee-dans-le-carnaval.jpg\",\"width\":1200,\"height\":800,\"caption\":\"Patrick I. (Koonen) assure une vue d\u00e9gag\u00e9e dans le carnaval - La Proclamation du Prince en images (galerie photo)\"},{\"@type\":\"BreadcrumbList\",\"@id\":\"https:\/\/vieassociative.be\/actualites\/pas-de-prince-carnavalesque-a-eupen-candidat-designe-pour-la-session-2027-2028-rejete-par-la-ville\/#breadcrumb\",\"itemListElement\":[{\"@type\":\"ListItem\",\"position\":1,\"name\":\"Accueil\",\"item\":\"https:\/\/vieassociative.be\/actualites\/\"},{\"@type\":\"ListItem\",\"position\":2,\"name\":\"Pas de prince carnavalesque \u00e0 Eupen \u2013 candidat d\u00e9sign\u00e9 pour la session 2027\/2028 rejet\u00e9 par la ville\"}]},{\"@type\":\"WebSite\",\"@id\":\"https:\/\/vieassociative.be\/actualites\/#website\",\"url\":\"https:\/\/vieassociative.be\/actualites\/\",\"name\":\"Vie Associative\",\"description\":\"\",\"publisher\":{\"@id\":\"https:\/\/vieassociative.be\/actualites\/#organization\"},\"potentialAction\":[{\"@type\":\"SearchAction\",\"target\":{\"@type\":\"EntryPoint\",\"urlTemplate\":\"https:\/\/vieassociative.be\/actualites\/?s={search_term_string}\"},\"query-input\":{\"@type\":\"PropertyValueSpecification\",\"valueRequired\":true,\"valueName\":\"search_term_string\"}}],\"inLanguage\":\"fr-BE\"},{\"@type\":\"Organization\",\"@id\":\"https:\/\/vieassociative.be\/actualites\/#organization\",\"name\":\"Vie Associative\",\"url\":\"https:\/\/vieassociative.be\/actualites\/\",\"logo\":{\"@type\":\"ImageObject\",\"inLanguage\":\"fr-BE\",\"@id\":\"https:\/\/vieassociative.be\/actualites\/#\/schema\/logo\/image\/\",\"url\":\"https:\/\/vieassociative.be\/actualites\/wp-content\/uploads\/2024\/09\/cropped-vieassociative_favicon.ico.png\",\"contentUrl\":\"https:\/\/vieassociative.be\/actualites\/wp-content\/uploads\/2024\/09\/cropped-vieassociative_favicon.ico.png\",\"width\":512,\"height\":512,\"caption\":\"Vie Associative\"},\"image\":{\"@id\":\"https:\/\/vieassociative.be\/actualites\/#\/schema\/logo\/image\/\"}},{\"@type\":\"Person\",\"@id\":\"https:\/\/vieassociative.be\/actualites\/#\/schema\/person\/b87ac4f82f9d4e7b7cec7395b679edc4\",\"name\":\"Julien\",\"image\":{\"@type\":\"ImageObject\",\"inLanguage\":\"fr-BE\",\"@id\":\"https:\/\/vieassociative.be\/actualites\/#\/schema\/person\/image\/\",\"url\":\"https:\/\/vieassociative.be\/actualites\/wp-content\/uploads\/2024\/09\/vie-associative-1-150x150.jpg\",\"contentUrl\":\"https:\/\/vieassociative.be\/actualites\/wp-content\/uploads\/2024\/09\/vie-associative-1-150x150.jpg\",\"caption\":\"Julien\"},\"description\":\"Je suis Julien, r\u00e9dacteur pour Vie Associative. Passionn\u00e9 par le monde associatif depuis plus de 10 ans, j'ai \u00e0 c\u0153ur de partager des histoires inspirantes et de mettre en lumi\u00e8re les initiatives locales. Mon objectif est de sensibiliser et d'encourager l'engagement communautaire \u00e0 travers mes articles.\",\"sameAs\":[\"https:\/\/vieassociative.be\/\"]}]}<\/script>\n<!-- \/ Yoast SEO plugin. -->","yoast_head_json":{"title":"Pas de prince carnavalesque \u00e0 Eupen \u2013 candidat d\u00e9sign\u00e9 pour la session 2027\/2028 rejet\u00e9 par la ville | Vie Associative","robots":{"index":"index","follow":"follow","max-snippet":"max-snippet:-1","max-image-preview":"max-image-preview:large","max-video-preview":"max-video-preview:-1"},"canonical":"https:\/\/vieassociative.be\/actualites\/pas-de-prince-carnavalesque-a-eupen-candidat-designe-pour-la-session-2027-2028-rejete-par-la-ville\/","og_locale":"fr_FR","og_type":"article","og_title":"Pas de prince carnavalesque \u00e0 Eupen \u2013 candidat d\u00e9sign\u00e9 pour la session 2027\/2028 rejet\u00e9 par la ville | Vie Associative","og_description":"Il n&rsquo;y aura pas de prince \u00e0 Eupen lors du carnaval 2027\/2028. Le groupe de travail du Carnaval d&rsquo;Eupen-Kettenis (AGK) l&rsquo;a annonc\u00e9 vendredi \u00e0 la","og_url":"https:\/\/vieassociative.be\/actualites\/pas-de-prince-carnavalesque-a-eupen-candidat-designe-pour-la-session-2027-2028-rejete-par-la-ville\/","og_site_name":"Vie Associative","article_published_time":"2026-03-27T21:18:13+00:00","og_image":[{"width":279,"height":92,"url":"https:\/\/vieassociative.be\/actualites\/wp-content\/uploads\/2024\/09\/header_backgroundk-01-e1726694325946.png","type":"image\/png"}],"author":"Julien","twitter_card":"summary_large_image","twitter_misc":{"\u00c9crit par":"Julien","Dur\u00e9e de lecture est.":"2 minutes"},"schema":{"@context":"https:\/\/schema.org","@graph":[{"@type":"Article","@id":"https:\/\/vieassociative.be\/actualites\/pas-de-prince-carnavalesque-a-eupen-candidat-designe-pour-la-session-2027-2028-rejete-par-la-ville\/#article","isPartOf":{"@id":"https:\/\/vieassociative.be\/actualites\/pas-de-prince-carnavalesque-a-eupen-candidat-designe-pour-la-session-2027-2028-rejete-par-la-ville\/"},"author":{"name":"Julien","@id":"https:\/\/vieassociative.be\/actualites\/#\/schema\/person\/b87ac4f82f9d4e7b7cec7395b679edc4"},"headline":"Pas de prince carnavalesque \u00e0 Eupen \u2013 candidat d\u00e9sign\u00e9 pour la session 2027\/2028 rejet\u00e9 par la ville","datePublished":"2026-03-27T21:18:13+00:00","dateModified":"2026-03-27T21:18:13+00:00","mainEntityOfPage":{"@id":"https:\/\/vieassociative.be\/actualites\/pas-de-prince-carnavalesque-a-eupen-candidat-designe-pour-la-session-2027-2028-rejete-par-la-ville\/"},"wordCount":378,"publisher":{"@id":"https:\/\/vieassociative.be\/actualites\/#organization"},"image":{"@id":"https:\/\/vieassociative.be\/actualites\/pas-de-prince-carnavalesque-a-eupen-candidat-designe-pour-la-session-2027-2028-rejete-par-la-ville\/#primaryimage"},"thumbnailUrl":"https:\/\/vieassociative.be\/actualites\/wp-content\/uploads\/2026\/01\/1767529076_Patrick-I-Koonen-assure-une-vue-degagee-dans-le-carnaval.jpg","keywords":["Candidat","carnavalesque","d\u00e9sign\u00e9","Eupen","par","pas","pour","prince","rejet\u00e9","session","ville"],"articleSection":["Belgique"],"inLanguage":"fr-BE"},{"@type":"WebPage","@id":"https:\/\/vieassociative.be\/actualites\/pas-de-prince-carnavalesque-a-eupen-candidat-designe-pour-la-session-2027-2028-rejete-par-la-ville\/","url":"https:\/\/vieassociative.be\/actualites\/pas-de-prince-carnavalesque-a-eupen-candidat-designe-pour-la-session-2027-2028-rejete-par-la-ville\/","name":"Pas de prince carnavalesque \u00e0 Eupen \u2013 candidat d\u00e9sign\u00e9 pour la session 2027\/2028 rejet\u00e9 par la ville | Vie Associative","isPartOf":{"@id":"https:\/\/vieassociative.be\/actualites\/#website"},"primaryImageOfPage":{"@id":"https:\/\/vieassociative.be\/actualites\/pas-de-prince-carnavalesque-a-eupen-candidat-designe-pour-la-session-2027-2028-rejete-par-la-ville\/#primaryimage"},"image":{"@id":"https:\/\/vieassociative.be\/actualites\/pas-de-prince-carnavalesque-a-eupen-candidat-designe-pour-la-session-2027-2028-rejete-par-la-ville\/#primaryimage"},"thumbnailUrl":"https:\/\/vieassociative.be\/actualites\/wp-content\/uploads\/2026\/01\/1767529076_Patrick-I-Koonen-assure-une-vue-degagee-dans-le-carnaval.jpg","datePublished":"2026-03-27T21:18:13+00:00","dateModified":"2026-03-27T21:18:13+00:00","breadcrumb":{"@id":"https:\/\/vieassociative.be\/actualites\/pas-de-prince-carnavalesque-a-eupen-candidat-designe-pour-la-session-2027-2028-rejete-par-la-ville\/#breadcrumb"},"inLanguage":"fr-BE","potentialAction":[{"@type":"ReadAction","target":["https:\/\/vieassociative.be\/actualites\/pas-de-prince-carnavalesque-a-eupen-candidat-designe-pour-la-session-2027-2028-rejete-par-la-ville\/"]}]},{"@type":"ImageObject","inLanguage":"fr-BE","@id":"https:\/\/vieassociative.be\/actualites\/pas-de-prince-carnavalesque-a-eupen-candidat-designe-pour-la-session-2027-2028-rejete-par-la-ville\/#primaryimage","url":"https:\/\/vieassociative.be\/actualites\/wp-content\/uploads\/2026\/01\/1767529076_Patrick-I-Koonen-assure-une-vue-degagee-dans-le-carnaval.jpg","contentUrl":"https:\/\/vieassociative.be\/actualites\/wp-content\/uploads\/2026\/01\/1767529076_Patrick-I-Koonen-assure-une-vue-degagee-dans-le-carnaval.jpg","width":1200,"height":800,"caption":"Patrick I. (Koonen) assure une vue d\u00e9gag\u00e9e dans le carnaval - La Proclamation du Prince en images (galerie photo)"},{"@type":"BreadcrumbList","@id":"https:\/\/vieassociative.be\/actualites\/pas-de-prince-carnavalesque-a-eupen-candidat-designe-pour-la-session-2027-2028-rejete-par-la-ville\/#breadcrumb","itemListElement":[{"@type":"ListItem","position":1,"name":"Accueil","item":"https:\/\/vieassociative.be\/actualites\/"},{"@type":"ListItem","position":2,"name":"Pas de prince carnavalesque \u00e0 Eupen \u2013 candidat d\u00e9sign\u00e9 pour la session 2027\/2028 rejet\u00e9 par la ville"}]},{"@type":"WebSite","@id":"https:\/\/vieassociative.be\/actualites\/#website","url":"https:\/\/vieassociative.be\/actualites\/","name":"Vie Associative","description":"","publisher":{"@id":"https:\/\/vieassociative.be\/actualites\/#organization"},"potentialAction":[{"@type":"SearchAction","target":{"@type":"EntryPoint","urlTemplate":"https:\/\/vieassociative.be\/actualites\/?s={search_term_string}"},"query-input":{"@type":"PropertyValueSpecification","valueRequired":true,"valueName":"search_term_string"}}],"inLanguage":"fr-BE"},{"@type":"Organization","@id":"https:\/\/vieassociative.be\/actualites\/#organization","name":"Vie Associative","url":"https:\/\/vieassociative.be\/actualites\/","logo":{"@type":"ImageObject","inLanguage":"fr-BE","@id":"https:\/\/vieassociative.be\/actualites\/#\/schema\/logo\/image\/","url":"https:\/\/vieassociative.be\/actualites\/wp-content\/uploads\/2024\/09\/cropped-vieassociative_favicon.ico.png","contentUrl":"https:\/\/vieassociative.be\/actualites\/wp-content\/uploads\/2024\/09\/cropped-vieassociative_favicon.ico.png","width":512,"height":512,"caption":"Vie Associative"},"image":{"@id":"https:\/\/vieassociative.be\/actualites\/#\/schema\/logo\/image\/"}},{"@type":"Person","@id":"https:\/\/vieassociative.be\/actualites\/#\/schema\/person\/b87ac4f82f9d4e7b7cec7395b679edc4","name":"Julien","image":{"@type":"ImageObject","inLanguage":"fr-BE","@id":"https:\/\/vieassociative.be\/actualites\/#\/schema\/person\/image\/","url":"https:\/\/vieassociative.be\/actualites\/wp-content\/uploads\/2024\/09\/vie-associative-1-150x150.jpg","contentUrl":"https:\/\/vieassociative.be\/actualites\/wp-content\/uploads\/2024\/09\/vie-associative-1-150x150.jpg","caption":"Julien"},"description":"Je suis Julien, r\u00e9dacteur pour Vie Associative. Passionn\u00e9 par le monde associatif depuis plus de 10 ans, j'ai \u00e0 c\u0153ur de partager des histoires inspirantes et de mettre en lumi\u00e8re les initiatives locales. Mon objectif est de sensibiliser et d'encourager l'engagement communautaire \u00e0 travers mes articles.","sameAs":["https:\/\/vieassociative.be\/"]}]}},"_links":{"self":[{"href":"https:\/\/vieassociative.be\/actualites\/wp-json\/wp\/v2\/posts\/13210"}],"collection":[{"href":"https:\/\/vieassociative.be\/actualites\/wp-json\/wp\/v2\/posts"}],"about":[{"href":"https:\/\/vieassociative.be\/actualites\/wp-json\/wp\/v2\/types\/post"}],"author":[{"embeddable":true,"href":"https:\/\/vieassociative.be\/actualites\/wp-json\/wp\/v2\/users\/1"}],"replies":[{"embeddable":true,"href":"https:\/\/vieassociative.be\/actualites\/wp-json\/wp\/v2\/comments?post=13210"}],"version-history":[{"count":0,"href":"https:\/\/vieassociative.be\/actualites\/wp-json\/wp\/v2\/posts\/13210\/revisions"}],"wp:featuredmedia":[{"embeddable":true,"href":"https:\/\/vieassociative.be\/actualites\/wp-json\/wp\/v2\/media\/12096"}],"wp:attachment":[{"href":"https:\/\/vieassociative.be\/actualites\/wp-json\/wp\/v2\/media?parent=13210"}],"wp:term":[{"taxonomy":"category","embeddable":true,"href":"https:\/\/vieassociative.be\/actualites\/wp-json\/wp\/v2\/categories?post=13210"},{"taxonomy":"post_tag","embeddable":true,"href":"https:\/\/vieassociative.be\/actualites\/wp-json\/wp\/v2\/tags?post=13210"}],"curies":[{"name":"wp","href":"https:\/\/api.w.org\/{rel}","templated":true}]}}