{"id":13207,"date":"2026-03-27T16:17:53","date_gmt":"2026-03-27T15:17:53","guid":{"rendered":"https:\/\/vieassociative.be\/actualites\/mauel-pff-mr-les-regles-depandage-du-fumier-doivent-enfin-sappuyer-sur-la-realite\/"},"modified":"2026-03-27T16:17:53","modified_gmt":"2026-03-27T15:17:53","slug":"mauel-pff-mr-les-regles-depandage-du-fumier-doivent-enfin-sappuyer-sur-la-realite","status":"publish","type":"post","link":"https:\/\/vieassociative.be\/actualites\/mauel-pff-mr-les-regles-depandage-du-fumier-doivent-enfin-sappuyer-sur-la-realite\/","title":{"rendered":"Mauel (PFF\/MR) : \u00ab Les r\u00e8gles d&rsquo;\u00e9pandage du fumier doivent enfin s&rsquo;appuyer sur la r\u00e9alit\u00e9 \u00bb"},"content":{"rendered":"<p><strong>La d\u00e9put\u00e9e wallonne Christine Mauel (PFF\/MR) a interrog\u00e9 le ministre de l&rsquo;Environnement Yves Coppieters (LE) au Parlement de Namur sur l&rsquo;assouplissement pr\u00e9vu des r\u00e8gles d&rsquo;\u00e9pandage du fumier.<\/strong><\/p>\n<p><span id=\"more-437979\"><\/span>La R\u00e9gion wallonne adh\u00e8re toujours \u00e0 un syst\u00e8me tr\u00e8s rigide avec des d\u00e9lais fixes. Il a d\u00e9j\u00e0 \u00e9t\u00e9 admis en 2019 qu\u2019il pouvait y avoir des fen\u00eatres m\u00e9t\u00e9orologiques favorables pour une application judicieuse en automne ou en hiver. Il s\u2019agit n\u00e9anmoins d\u2019une r\u00e9glementation globale qui ne tient pas suffisamment compte des conditions r\u00e9elles des champs.<\/p>\n<p>Dans sa r\u00e9ponse \u00e0 la question du d\u00e9put\u00e9 europ\u00e9en Mauel, le ministre Coppieters a reconnu que bon nombre des dispositions encore en vigueur aujourd&rsquo;hui datent d&rsquo;une \u00e9poque o\u00f9 ni les donn\u00e9es m\u00e9t\u00e9orologiques actuelles, ni les outils agronomiques modernes ni les cons\u00e9quences du changement climatique ne pouvaient \u00eatre suffisamment pris en compte.<\/p>\n<p>Coppieters a annonc\u00e9 qu&rsquo;une r\u00e9vision de la PGDA est pr\u00e9vue pour d\u00e9but 2027. Ce programme de gestion durable de l&rsquo;azote d\u00e9termine, entre autres, quand et dans quelles conditions les engrais organiques tels que le fumier peuvent \u00eatre appliqu\u00e9s.<\/p>\n<div id=\"attachment_433418\" class=\"wp-caption alignleft\" style=\"max-width: 300px\"><img fetchpriority=\"high\" decoding=\"async\" class=\"wp-image-433418 size-medium\" src=\"https:\/\/vieassociative.be\/actualites\/wp-content\/uploads\/2026\/01\/Quand-les-pneus-hiver-deviendront-ils-enfin-obligatoires-en-Belgique.jpg\" alt=\"\" width=\"300\" height=\"203\"  ><\/div>\n<p>Ce serait une \u00e9tape importante pour Christine Mauel. \u00ab La demande des agriculteurs n\u2019est pas nouvelle, elle est aussi ancienne que le changement climatique lui-m\u00eame \u00bb, a-t-elle soulign\u00e9 dans sa r\u00e9ponse. Depuis des ann\u00e9es, les entreprises soulignent que les r\u00e8gles de calendrier rigides sont de moins en moins adapt\u00e9es \u00e0 la r\u00e9alit\u00e9 du terrain. Les conditions m\u00e9t\u00e9orologiques, l\u2019\u00e9tat du sol et le d\u00e9veloppement de la v\u00e9g\u00e9tation ne peuvent plus \u00eatre \u00e9valu\u00e9s de mani\u00e8re significative sur la seule base d\u2019une date fixe.<\/p>\n<p>Mauel a clairement fait savoir qu&rsquo;elle ne voulait \u00e0 aucun prix adoucir les choses. De leur point de vue, il ne s\u2019agit pas de remettre en question la protection de l\u2019environnement, mais plut\u00f4t de mieux conjuguer praticit\u00e9, responsabilit\u00e9 et protection des ressources naturelles. Les agriculteurs n\u2019ont pas besoin d\u2019une tutelle suppl\u00e9mentaire, mais plut\u00f4t d\u2019un cadre fiable qui prend au s\u00e9rieux leur exp\u00e9rience, les conditions m\u00e9t\u00e9orologiques r\u00e9elles et les progr\u00e8s techniques.<\/p>\n<p>\u00ab\u00a0Le probl\u00e8me est particuli\u00e8rement visible dans les zones rurales, surtout pour de nombreuses personnes. Lorsque le fumier est \u00e9pandu, cela n&rsquo;affecte pas seulement les exploitations agricoles, mais aussi les habitants. Du point de vue de Christine Mauel, il est d&rsquo;autant plus important d&rsquo;avoir un syst\u00e8me compr\u00e9hensible, sens\u00e9 et adapt\u00e9 \u00e0 la r\u00e9alit\u00e9 &#8211; au lieu de s&rsquo;en tenir \u00e0 des r\u00e8gles qui viennent d&rsquo;une autre \u00e9poque.\u00a0\u00bb<\/p>\n<p>Mauel souligne que la volont\u00e9 de simplifier et de lutter contre la surr\u00e9glementation est express\u00e9ment ancr\u00e9e dans la d\u00e9claration du gouvernement wallon. C&rsquo;est pourquoi elle esp\u00e8re d\u00e9sormais que les annonces seront suivies d&rsquo;actions. Mauel compte sur le ministre Coppieters pour que ce cap soit d\u00e9sormais mis en pratique. (cr\u00e9er)<\/p>\n","protected":false},"excerpt":{"rendered":"<p>La d\u00e9put\u00e9e wallonne Christine Mauel (PFF\/MR) a interrog\u00e9 le ministre de l&rsquo;Environnement Yves Coppieters (LE) au Parlement de Namur sur l&rsquo;assouplissement pr\u00e9vu des r\u00e8gles d&rsquo;\u00e9pandage<\/p>\n","protected":false},"author":1,"featured_media":13208,"comment_status":"","ping_status":"","sticky":false,"template":"","format":"standard","meta":{"footnotes":""},"categories":[298],"tags":[10352,3350,545,10353,14,4773,10351,834,226,3824,33],"class_list":["post-13207","post","type-post","status-publish","format-standard","has-post-thumbnail","hentry","category-belgique","tag-depandage","tag-doivent","tag-enfin","tag-fumier","tag-les","tag-mauel","tag-pffmr","tag-realite","tag-regles","tag-sappuyer","tag-sur","generate-columns","tablet-grid-50","mobile-grid-100","grid-parent","grid-33"],"yoast_head":"<!-- This site is optimized with the Yoast SEO plugin v24.0 - https:\/\/yoast.com\/wordpress\/plugins\/seo\/ -->\n<title>Mauel (PFF\/MR) : \u00ab Les r\u00e8gles d&#039;\u00e9pandage du fumier doivent enfin s&#039;appuyer sur la r\u00e9alit\u00e9 \u00bb | Vie Associative<\/title>\n<meta name=\"robots\" content=\"index, follow, max-snippet:-1, max-image-preview:large, max-video-preview:-1\" \/>\n<link rel=\"canonical\" href=\"https:\/\/vieassociative.be\/actualites\/mauel-pff-mr-les-regles-depandage-du-fumier-doivent-enfin-sappuyer-sur-la-realite\/\" \/>\n<meta property=\"og:locale\" content=\"fr_FR\" \/>\n<meta property=\"og:type\" content=\"article\" \/>\n<meta property=\"og:title\" content=\"Mauel (PFF\/MR) : \u00ab Les r\u00e8gles d&#039;\u00e9pandage du fumier doivent enfin s&#039;appuyer sur la r\u00e9alit\u00e9 \u00bb | Vie Associative\" \/>\n<meta property=\"og:description\" content=\"La d\u00e9put\u00e9e wallonne Christine Mauel (PFF\/MR) a interrog\u00e9 le ministre de l&rsquo;Environnement Yves Coppieters (LE) au Parlement de Namur sur l&rsquo;assouplissement pr\u00e9vu des r\u00e8gles d&rsquo;\u00e9pandage\" \/>\n<meta property=\"og:url\" content=\"https:\/\/vieassociative.be\/actualites\/mauel-pff-mr-les-regles-depandage-du-fumier-doivent-enfin-sappuyer-sur-la-realite\/\" \/>\n<meta property=\"og:site_name\" content=\"Vie Associative\" \/>\n<meta property=\"article:published_time\" content=\"2026-03-27T15:17:53+00:00\" \/>\n<meta property=\"og:image\" content=\"https:\/\/vieassociative.be\/actualites\/wp-content\/uploads\/2024\/09\/header_backgroundk-01-e1726694325946.png\" \/>\n\t<meta property=\"og:image:width\" content=\"279\" \/>\n\t<meta property=\"og:image:height\" content=\"92\" \/>\n\t<meta property=\"og:image:type\" content=\"image\/png\" \/>\n<meta name=\"author\" content=\"Julien\" \/>\n<meta name=\"twitter:card\" content=\"summary_large_image\" \/>\n<meta name=\"twitter:label1\" content=\"\u00c9crit par\" \/>\n\t<meta name=\"twitter:data1\" content=\"Julien\" \/>\n\t<meta name=\"twitter:label2\" content=\"Dur\u00e9e de lecture est.\" \/>\n\t<meta name=\"twitter:data2\" content=\"3 minutes\" \/>\n<script type=\"application\/ld+json\" class=\"yoast-schema-graph\">{\"@context\":\"https:\/\/schema.org\",\"@graph\":[{\"@type\":\"Article\",\"@id\":\"https:\/\/vieassociative.be\/actualites\/mauel-pff-mr-les-regles-depandage-du-fumier-doivent-enfin-sappuyer-sur-la-realite\/#article\",\"isPartOf\":{\"@id\":\"https:\/\/vieassociative.be\/actualites\/mauel-pff-mr-les-regles-depandage-du-fumier-doivent-enfin-sappuyer-sur-la-realite\/\"},\"author\":{\"name\":\"Julien\",\"@id\":\"https:\/\/vieassociative.be\/actualites\/#\/schema\/person\/b87ac4f82f9d4e7b7cec7395b679edc4\"},\"headline\":\"Mauel (PFF\/MR) : \u00ab Les r\u00e8gles d&rsquo;\u00e9pandage du fumier doivent enfin s&rsquo;appuyer sur la r\u00e9alit\u00e9 \u00bb\",\"datePublished\":\"2026-03-27T15:17:53+00:00\",\"dateModified\":\"2026-03-27T15:17:53+00:00\",\"mainEntityOfPage\":{\"@id\":\"https:\/\/vieassociative.be\/actualites\/mauel-pff-mr-les-regles-depandage-du-fumier-doivent-enfin-sappuyer-sur-la-realite\/\"},\"wordCount\":536,\"publisher\":{\"@id\":\"https:\/\/vieassociative.be\/actualites\/#organization\"},\"image\":{\"@id\":\"https:\/\/vieassociative.be\/actualites\/mauel-pff-mr-les-regles-depandage-du-fumier-doivent-enfin-sappuyer-sur-la-realite\/#primaryimage\"},\"thumbnailUrl\":\"https:\/\/vieassociative.be\/actualites\/wp-content\/uploads\/2026\/03\/Mauel-PFFMR-Les-regles-depandage-du-fumier-doivent.jpg\",\"keywords\":[\"d\u00e9pandage\",\"doivent\",\"enfin\",\"fumier\",\"Les\",\"Mauel\",\"PFFMR\",\"r\u00e9alit\u00e9\",\"r\u00e8gles\",\"sappuyer\",\"sur\"],\"articleSection\":[\"Belgique\"],\"inLanguage\":\"fr-BE\"},{\"@type\":\"WebPage\",\"@id\":\"https:\/\/vieassociative.be\/actualites\/mauel-pff-mr-les-regles-depandage-du-fumier-doivent-enfin-sappuyer-sur-la-realite\/\",\"url\":\"https:\/\/vieassociative.be\/actualites\/mauel-pff-mr-les-regles-depandage-du-fumier-doivent-enfin-sappuyer-sur-la-realite\/\",\"name\":\"Mauel (PFF\/MR) : \u00ab Les r\u00e8gles d'\u00e9pandage du fumier doivent enfin s'appuyer sur la r\u00e9alit\u00e9 \u00bb | Vie Associative\",\"isPartOf\":{\"@id\":\"https:\/\/vieassociative.be\/actualites\/#website\"},\"primaryImageOfPage\":{\"@id\":\"https:\/\/vieassociative.be\/actualites\/mauel-pff-mr-les-regles-depandage-du-fumier-doivent-enfin-sappuyer-sur-la-realite\/#primaryimage\"},\"image\":{\"@id\":\"https:\/\/vieassociative.be\/actualites\/mauel-pff-mr-les-regles-depandage-du-fumier-doivent-enfin-sappuyer-sur-la-realite\/#primaryimage\"},\"thumbnailUrl\":\"https:\/\/vieassociative.be\/actualites\/wp-content\/uploads\/2026\/03\/Mauel-PFFMR-Les-regles-depandage-du-fumier-doivent.jpg\",\"datePublished\":\"2026-03-27T15:17:53+00:00\",\"dateModified\":\"2026-03-27T15:17:53+00:00\",\"breadcrumb\":{\"@id\":\"https:\/\/vieassociative.be\/actualites\/mauel-pff-mr-les-regles-depandage-du-fumier-doivent-enfin-sappuyer-sur-la-realite\/#breadcrumb\"},\"inLanguage\":\"fr-BE\",\"potentialAction\":[{\"@type\":\"ReadAction\",\"target\":[\"https:\/\/vieassociative.be\/actualites\/mauel-pff-mr-les-regles-depandage-du-fumier-doivent-enfin-sappuyer-sur-la-realite\/\"]}]},{\"@type\":\"ImageObject\",\"inLanguage\":\"fr-BE\",\"@id\":\"https:\/\/vieassociative.be\/actualites\/mauel-pff-mr-les-regles-depandage-du-fumier-doivent-enfin-sappuyer-sur-la-realite\/#primaryimage\",\"url\":\"https:\/\/vieassociative.be\/actualites\/wp-content\/uploads\/2026\/03\/Mauel-PFFMR-Les-regles-depandage-du-fumier-doivent.jpg\",\"contentUrl\":\"https:\/\/vieassociative.be\/actualites\/wp-content\/uploads\/2026\/03\/Mauel-PFFMR-Les-regles-depandage-du-fumier-doivent.jpg\",\"width\":1000,\"height\":643,\"caption\":\"Mauel (PFF\/MR) : \u00ab Les r\u00e8gles d'\u00e9pandage du fumier doivent enfin s'appuyer sur la r\u00e9alit\u00e9 \u00bb\"},{\"@type\":\"BreadcrumbList\",\"@id\":\"https:\/\/vieassociative.be\/actualites\/mauel-pff-mr-les-regles-depandage-du-fumier-doivent-enfin-sappuyer-sur-la-realite\/#breadcrumb\",\"itemListElement\":[{\"@type\":\"ListItem\",\"position\":1,\"name\":\"Accueil\",\"item\":\"https:\/\/vieassociative.be\/actualites\/\"},{\"@type\":\"ListItem\",\"position\":2,\"name\":\"Mauel (PFF\/MR) : \u00ab Les r\u00e8gles d&rsquo;\u00e9pandage du fumier doivent enfin s&rsquo;appuyer sur la r\u00e9alit\u00e9 \u00bb\"}]},{\"@type\":\"WebSite\",\"@id\":\"https:\/\/vieassociative.be\/actualites\/#website\",\"url\":\"https:\/\/vieassociative.be\/actualites\/\",\"name\":\"Vie Associative\",\"description\":\"\",\"publisher\":{\"@id\":\"https:\/\/vieassociative.be\/actualites\/#organization\"},\"potentialAction\":[{\"@type\":\"SearchAction\",\"target\":{\"@type\":\"EntryPoint\",\"urlTemplate\":\"https:\/\/vieassociative.be\/actualites\/?s={search_term_string}\"},\"query-input\":{\"@type\":\"PropertyValueSpecification\",\"valueRequired\":true,\"valueName\":\"search_term_string\"}}],\"inLanguage\":\"fr-BE\"},{\"@type\":\"Organization\",\"@id\":\"https:\/\/vieassociative.be\/actualites\/#organization\",\"name\":\"Vie Associative\",\"url\":\"https:\/\/vieassociative.be\/actualites\/\",\"logo\":{\"@type\":\"ImageObject\",\"inLanguage\":\"fr-BE\",\"@id\":\"https:\/\/vieassociative.be\/actualites\/#\/schema\/logo\/image\/\",\"url\":\"https:\/\/vieassociative.be\/actualites\/wp-content\/uploads\/2024\/09\/cropped-vieassociative_favicon.ico.png\",\"contentUrl\":\"https:\/\/vieassociative.be\/actualites\/wp-content\/uploads\/2024\/09\/cropped-vieassociative_favicon.ico.png\",\"width\":512,\"height\":512,\"caption\":\"Vie Associative\"},\"image\":{\"@id\":\"https:\/\/vieassociative.be\/actualites\/#\/schema\/logo\/image\/\"}},{\"@type\":\"Person\",\"@id\":\"https:\/\/vieassociative.be\/actualites\/#\/schema\/person\/b87ac4f82f9d4e7b7cec7395b679edc4\",\"name\":\"Julien\",\"image\":{\"@type\":\"ImageObject\",\"inLanguage\":\"fr-BE\",\"@id\":\"https:\/\/vieassociative.be\/actualites\/#\/schema\/person\/image\/\",\"url\":\"https:\/\/vieassociative.be\/actualites\/wp-content\/uploads\/2024\/09\/vie-associative-1-150x150.jpg\",\"contentUrl\":\"https:\/\/vieassociative.be\/actualites\/wp-content\/uploads\/2024\/09\/vie-associative-1-150x150.jpg\",\"caption\":\"Julien\"},\"description\":\"Je suis Julien, r\u00e9dacteur pour Vie Associative. Passionn\u00e9 par le monde associatif depuis plus de 10 ans, j'ai \u00e0 c\u0153ur de partager des histoires inspirantes et de mettre en lumi\u00e8re les initiatives locales. Mon objectif est de sensibiliser et d'encourager l'engagement communautaire \u00e0 travers mes articles.\",\"sameAs\":[\"https:\/\/vieassociative.be\/\"]}]}<\/script>\n<!-- \/ Yoast SEO plugin. -->","yoast_head_json":{"title":"Mauel (PFF\/MR) : \u00ab Les r\u00e8gles d'\u00e9pandage du fumier doivent enfin s'appuyer sur la r\u00e9alit\u00e9 \u00bb | Vie Associative","robots":{"index":"index","follow":"follow","max-snippet":"max-snippet:-1","max-image-preview":"max-image-preview:large","max-video-preview":"max-video-preview:-1"},"canonical":"https:\/\/vieassociative.be\/actualites\/mauel-pff-mr-les-regles-depandage-du-fumier-doivent-enfin-sappuyer-sur-la-realite\/","og_locale":"fr_FR","og_type":"article","og_title":"Mauel (PFF\/MR) : \u00ab Les r\u00e8gles d'\u00e9pandage du fumier doivent enfin s'appuyer sur la r\u00e9alit\u00e9 \u00bb | Vie Associative","og_description":"La d\u00e9put\u00e9e wallonne Christine Mauel (PFF\/MR) a interrog\u00e9 le ministre de l&rsquo;Environnement Yves Coppieters (LE) au Parlement de Namur sur l&rsquo;assouplissement pr\u00e9vu des r\u00e8gles d&rsquo;\u00e9pandage","og_url":"https:\/\/vieassociative.be\/actualites\/mauel-pff-mr-les-regles-depandage-du-fumier-doivent-enfin-sappuyer-sur-la-realite\/","og_site_name":"Vie Associative","article_published_time":"2026-03-27T15:17:53+00:00","og_image":[{"width":279,"height":92,"url":"https:\/\/vieassociative.be\/actualites\/wp-content\/uploads\/2024\/09\/header_backgroundk-01-e1726694325946.png","type":"image\/png"}],"author":"Julien","twitter_card":"summary_large_image","twitter_misc":{"\u00c9crit par":"Julien","Dur\u00e9e de lecture est.":"3 minutes"},"schema":{"@context":"https:\/\/schema.org","@graph":[{"@type":"Article","@id":"https:\/\/vieassociative.be\/actualites\/mauel-pff-mr-les-regles-depandage-du-fumier-doivent-enfin-sappuyer-sur-la-realite\/#article","isPartOf":{"@id":"https:\/\/vieassociative.be\/actualites\/mauel-pff-mr-les-regles-depandage-du-fumier-doivent-enfin-sappuyer-sur-la-realite\/"},"author":{"name":"Julien","@id":"https:\/\/vieassociative.be\/actualites\/#\/schema\/person\/b87ac4f82f9d4e7b7cec7395b679edc4"},"headline":"Mauel (PFF\/MR) : \u00ab Les r\u00e8gles d&rsquo;\u00e9pandage du fumier doivent enfin s&rsquo;appuyer sur la r\u00e9alit\u00e9 \u00bb","datePublished":"2026-03-27T15:17:53+00:00","dateModified":"2026-03-27T15:17:53+00:00","mainEntityOfPage":{"@id":"https:\/\/vieassociative.be\/actualites\/mauel-pff-mr-les-regles-depandage-du-fumier-doivent-enfin-sappuyer-sur-la-realite\/"},"wordCount":536,"publisher":{"@id":"https:\/\/vieassociative.be\/actualites\/#organization"},"image":{"@id":"https:\/\/vieassociative.be\/actualites\/mauel-pff-mr-les-regles-depandage-du-fumier-doivent-enfin-sappuyer-sur-la-realite\/#primaryimage"},"thumbnailUrl":"https:\/\/vieassociative.be\/actualites\/wp-content\/uploads\/2026\/03\/Mauel-PFFMR-Les-regles-depandage-du-fumier-doivent.jpg","keywords":["d\u00e9pandage","doivent","enfin","fumier","Les","Mauel","PFFMR","r\u00e9alit\u00e9","r\u00e8gles","sappuyer","sur"],"articleSection":["Belgique"],"inLanguage":"fr-BE"},{"@type":"WebPage","@id":"https:\/\/vieassociative.be\/actualites\/mauel-pff-mr-les-regles-depandage-du-fumier-doivent-enfin-sappuyer-sur-la-realite\/","url":"https:\/\/vieassociative.be\/actualites\/mauel-pff-mr-les-regles-depandage-du-fumier-doivent-enfin-sappuyer-sur-la-realite\/","name":"Mauel (PFF\/MR) : \u00ab Les r\u00e8gles d'\u00e9pandage du fumier doivent enfin s'appuyer sur la r\u00e9alit\u00e9 \u00bb | Vie Associative","isPartOf":{"@id":"https:\/\/vieassociative.be\/actualites\/#website"},"primaryImageOfPage":{"@id":"https:\/\/vieassociative.be\/actualites\/mauel-pff-mr-les-regles-depandage-du-fumier-doivent-enfin-sappuyer-sur-la-realite\/#primaryimage"},"image":{"@id":"https:\/\/vieassociative.be\/actualites\/mauel-pff-mr-les-regles-depandage-du-fumier-doivent-enfin-sappuyer-sur-la-realite\/#primaryimage"},"thumbnailUrl":"https:\/\/vieassociative.be\/actualites\/wp-content\/uploads\/2026\/03\/Mauel-PFFMR-Les-regles-depandage-du-fumier-doivent.jpg","datePublished":"2026-03-27T15:17:53+00:00","dateModified":"2026-03-27T15:17:53+00:00","breadcrumb":{"@id":"https:\/\/vieassociative.be\/actualites\/mauel-pff-mr-les-regles-depandage-du-fumier-doivent-enfin-sappuyer-sur-la-realite\/#breadcrumb"},"inLanguage":"fr-BE","potentialAction":[{"@type":"ReadAction","target":["https:\/\/vieassociative.be\/actualites\/mauel-pff-mr-les-regles-depandage-du-fumier-doivent-enfin-sappuyer-sur-la-realite\/"]}]},{"@type":"ImageObject","inLanguage":"fr-BE","@id":"https:\/\/vieassociative.be\/actualites\/mauel-pff-mr-les-regles-depandage-du-fumier-doivent-enfin-sappuyer-sur-la-realite\/#primaryimage","url":"https:\/\/vieassociative.be\/actualites\/wp-content\/uploads\/2026\/03\/Mauel-PFFMR-Les-regles-depandage-du-fumier-doivent.jpg","contentUrl":"https:\/\/vieassociative.be\/actualites\/wp-content\/uploads\/2026\/03\/Mauel-PFFMR-Les-regles-depandage-du-fumier-doivent.jpg","width":1000,"height":643,"caption":"Mauel (PFF\/MR) : \u00ab Les r\u00e8gles d'\u00e9pandage du fumier doivent enfin s'appuyer sur la r\u00e9alit\u00e9 \u00bb"},{"@type":"BreadcrumbList","@id":"https:\/\/vieassociative.be\/actualites\/mauel-pff-mr-les-regles-depandage-du-fumier-doivent-enfin-sappuyer-sur-la-realite\/#breadcrumb","itemListElement":[{"@type":"ListItem","position":1,"name":"Accueil","item":"https:\/\/vieassociative.be\/actualites\/"},{"@type":"ListItem","position":2,"name":"Mauel (PFF\/MR) : \u00ab Les r\u00e8gles d&rsquo;\u00e9pandage du fumier doivent enfin s&rsquo;appuyer sur la r\u00e9alit\u00e9 \u00bb"}]},{"@type":"WebSite","@id":"https:\/\/vieassociative.be\/actualites\/#website","url":"https:\/\/vieassociative.be\/actualites\/","name":"Vie Associative","description":"","publisher":{"@id":"https:\/\/vieassociative.be\/actualites\/#organization"},"potentialAction":[{"@type":"SearchAction","target":{"@type":"EntryPoint","urlTemplate":"https:\/\/vieassociative.be\/actualites\/?s={search_term_string}"},"query-input":{"@type":"PropertyValueSpecification","valueRequired":true,"valueName":"search_term_string"}}],"inLanguage":"fr-BE"},{"@type":"Organization","@id":"https:\/\/vieassociative.be\/actualites\/#organization","name":"Vie Associative","url":"https:\/\/vieassociative.be\/actualites\/","logo":{"@type":"ImageObject","inLanguage":"fr-BE","@id":"https:\/\/vieassociative.be\/actualites\/#\/schema\/logo\/image\/","url":"https:\/\/vieassociative.be\/actualites\/wp-content\/uploads\/2024\/09\/cropped-vieassociative_favicon.ico.png","contentUrl":"https:\/\/vieassociative.be\/actualites\/wp-content\/uploads\/2024\/09\/cropped-vieassociative_favicon.ico.png","width":512,"height":512,"caption":"Vie Associative"},"image":{"@id":"https:\/\/vieassociative.be\/actualites\/#\/schema\/logo\/image\/"}},{"@type":"Person","@id":"https:\/\/vieassociative.be\/actualites\/#\/schema\/person\/b87ac4f82f9d4e7b7cec7395b679edc4","name":"Julien","image":{"@type":"ImageObject","inLanguage":"fr-BE","@id":"https:\/\/vieassociative.be\/actualites\/#\/schema\/person\/image\/","url":"https:\/\/vieassociative.be\/actualites\/wp-content\/uploads\/2024\/09\/vie-associative-1-150x150.jpg","contentUrl":"https:\/\/vieassociative.be\/actualites\/wp-content\/uploads\/2024\/09\/vie-associative-1-150x150.jpg","caption":"Julien"},"description":"Je suis Julien, r\u00e9dacteur pour Vie Associative. Passionn\u00e9 par le monde associatif depuis plus de 10 ans, j'ai \u00e0 c\u0153ur de partager des histoires inspirantes et de mettre en lumi\u00e8re les initiatives locales. Mon objectif est de sensibiliser et d'encourager l'engagement communautaire \u00e0 travers mes articles.","sameAs":["https:\/\/vieassociative.be\/"]}]}},"_links":{"self":[{"href":"https:\/\/vieassociative.be\/actualites\/wp-json\/wp\/v2\/posts\/13207"}],"collection":[{"href":"https:\/\/vieassociative.be\/actualites\/wp-json\/wp\/v2\/posts"}],"about":[{"href":"https:\/\/vieassociative.be\/actualites\/wp-json\/wp\/v2\/types\/post"}],"author":[{"embeddable":true,"href":"https:\/\/vieassociative.be\/actualites\/wp-json\/wp\/v2\/users\/1"}],"replies":[{"embeddable":true,"href":"https:\/\/vieassociative.be\/actualites\/wp-json\/wp\/v2\/comments?post=13207"}],"version-history":[{"count":0,"href":"https:\/\/vieassociative.be\/actualites\/wp-json\/wp\/v2\/posts\/13207\/revisions"}],"wp:featuredmedia":[{"embeddable":true,"href":"https:\/\/vieassociative.be\/actualites\/wp-json\/wp\/v2\/media\/13208"}],"wp:attachment":[{"href":"https:\/\/vieassociative.be\/actualites\/wp-json\/wp\/v2\/media?parent=13207"}],"wp:term":[{"taxonomy":"category","embeddable":true,"href":"https:\/\/vieassociative.be\/actualites\/wp-json\/wp\/v2\/categories?post=13207"},{"taxonomy":"post_tag","embeddable":true,"href":"https:\/\/vieassociative.be\/actualites\/wp-json\/wp\/v2\/tags?post=13207"}],"curies":[{"name":"wp","href":"https:\/\/api.w.org\/{rel}","templated":true}]}}