{"id":13201,"date":"2026-03-27T04:17:39","date_gmt":"2026-03-27T03:17:39","guid":{"rendered":"https:\/\/vieassociative.be\/actualites\/playoffs-de-la-coupe-du-monde-litalie-apres-avoir-battu-lirlande-du-nord-en-finale\/"},"modified":"2026-03-27T04:17:39","modified_gmt":"2026-03-27T03:17:39","slug":"playoffs-de-la-coupe-du-monde-litalie-apres-avoir-battu-lirlande-du-nord-en-finale","status":"publish","type":"post","link":"https:\/\/vieassociative.be\/actualites\/playoffs-de-la-coupe-du-monde-litalie-apres-avoir-battu-lirlande-du-nord-en-finale\/","title":{"rendered":"Playoffs de la Coupe du monde : l&rsquo;Italie apr\u00e8s avoir battu l&rsquo;Irlande du Nord en finale"},"content":{"rendered":"<p><strong>L&rsquo;\u00e9quipe nationale italienne s&rsquo;est beaucoup rapproch\u00e9e de l&rsquo;objectif de la Coupe du monde 2026 aux \u00c9tats-Unis, au Mexique et au Canada. Lors du premier des deux matchs \u00e9liminatoires, la Squadra Azzurra a battu l&rsquo;\u00e9quipe d&rsquo;Irlande du Nord 2-0 jeudi \u00e0 Bergame. Il manque encore une \u00e9tape.<\/strong><\/p>\n<p><span id=\"more-437975\"><\/span>L&rsquo;Italie a rat\u00e9 les qualifications pour la Coupe du monde en 2018 et 2022. Une troisi\u00e8me Coupe du monde cons\u00e9cutive avec uniquement des spectateurs serait une catastrophe pour le football italien dans son ensemble.<\/p>\n<p>Les buts ont \u00e9t\u00e9 marqu\u00e9s par Sandro Tonali (56e minute) de Newcastle United et Moise Kean (80e) de l&rsquo;AC Fiorentina sur un tir puissant depuis l&rsquo;entr\u00e9e de la surface de r\u00e9paration.<\/p>\n<p>Mardi, les Italiens joueront en Bosnie-Herz\u00e9govine pour l&rsquo;une des derni\u00e8res places pour les phases finales de la Coupe du monde d&rsquo;\u00e9t\u00e9 aux \u00c9tats-Unis, au Mexique et au Canada. Les Bosniaques se sont impos\u00e9s aux tirs au but au Pays de Galles, tout comme la R\u00e9publique tch\u00e8que contre l&rsquo;Irlande \u00e0 Prague.<\/p>\n<p>L&rsquo;Italie, la Bosnie-Herz\u00e9govine, la R\u00e9publique tch\u00e8que, la Turquie, le Danemark, la Pologne, la Su\u00e8de et le Kosovo ont atteint leur finale des s\u00e9ries \u00e9liminatoires. (cr\u00e9\/dpa)<\/p>\n","protected":false},"excerpt":{"rendered":"<p>L&rsquo;\u00e9quipe nationale italienne s&rsquo;est beaucoup rapproch\u00e9e de l&rsquo;objectif de la Coupe du monde 2026 aux \u00c9tats-Unis, au Mexique et au Canada. Lors du premier des<\/p>\n","protected":false},"author":1,"featured_media":13202,"comment_status":"","ping_status":"","sticky":false,"template":"","format":"standard","meta":{"footnotes":""},"categories":[298],"tags":[472,224,9125,2472,879,8463,3003,237,2634,3931],"class_list":["post-13201","post","type-post","status-publish","format-standard","has-post-thumbnail","hentry","category-belgique","tag-apres","tag-avoir","tag-battu","tag-coupe","tag-finale","tag-lirlande","tag-litalie","tag-monde","tag-nord","tag-playoffs","generate-columns","tablet-grid-50","mobile-grid-100","grid-parent","grid-33"],"yoast_head":"<!-- This site is optimized with the Yoast SEO plugin v24.0 - https:\/\/yoast.com\/wordpress\/plugins\/seo\/ -->\n<title>Playoffs de la Coupe du monde : l&#039;Italie apr\u00e8s avoir battu l&#039;Irlande du Nord en finale | Vie Associative<\/title>\n<meta name=\"robots\" content=\"index, follow, max-snippet:-1, max-image-preview:large, max-video-preview:-1\" \/>\n<link rel=\"canonical\" href=\"https:\/\/vieassociative.be\/actualites\/playoffs-de-la-coupe-du-monde-litalie-apres-avoir-battu-lirlande-du-nord-en-finale\/\" \/>\n<meta property=\"og:locale\" content=\"fr_FR\" \/>\n<meta property=\"og:type\" content=\"article\" \/>\n<meta property=\"og:title\" content=\"Playoffs de la Coupe du monde : l&#039;Italie apr\u00e8s avoir battu l&#039;Irlande du Nord en finale | Vie Associative\" \/>\n<meta property=\"og:description\" content=\"L&rsquo;\u00e9quipe nationale italienne s&rsquo;est beaucoup rapproch\u00e9e de l&rsquo;objectif de la Coupe du monde 2026 aux \u00c9tats-Unis, au Mexique et au Canada. Lors du premier des\" \/>\n<meta property=\"og:url\" content=\"https:\/\/vieassociative.be\/actualites\/playoffs-de-la-coupe-du-monde-litalie-apres-avoir-battu-lirlande-du-nord-en-finale\/\" \/>\n<meta property=\"og:site_name\" content=\"Vie Associative\" \/>\n<meta property=\"article:published_time\" content=\"2026-03-27T03:17:39+00:00\" \/>\n<meta property=\"og:image\" content=\"https:\/\/vieassociative.be\/actualites\/wp-content\/uploads\/2024\/09\/header_backgroundk-01-e1726694325946.png\" \/>\n\t<meta property=\"og:image:width\" content=\"279\" \/>\n\t<meta property=\"og:image:height\" content=\"92\" \/>\n\t<meta property=\"og:image:type\" content=\"image\/png\" \/>\n<meta name=\"author\" content=\"Julien\" \/>\n<meta name=\"twitter:card\" content=\"summary_large_image\" \/>\n<meta name=\"twitter:label1\" content=\"\u00c9crit par\" \/>\n\t<meta name=\"twitter:data1\" content=\"Julien\" \/>\n\t<meta name=\"twitter:label2\" content=\"Dur\u00e9e de lecture est.\" \/>\n\t<meta name=\"twitter:data2\" content=\"1 minute\" \/>\n<script type=\"application\/ld+json\" class=\"yoast-schema-graph\">{\"@context\":\"https:\/\/schema.org\",\"@graph\":[{\"@type\":\"Article\",\"@id\":\"https:\/\/vieassociative.be\/actualites\/playoffs-de-la-coupe-du-monde-litalie-apres-avoir-battu-lirlande-du-nord-en-finale\/#article\",\"isPartOf\":{\"@id\":\"https:\/\/vieassociative.be\/actualites\/playoffs-de-la-coupe-du-monde-litalie-apres-avoir-battu-lirlande-du-nord-en-finale\/\"},\"author\":{\"name\":\"Julien\",\"@id\":\"https:\/\/vieassociative.be\/actualites\/#\/schema\/person\/b87ac4f82f9d4e7b7cec7395b679edc4\"},\"headline\":\"Playoffs de la Coupe du monde : l&rsquo;Italie apr\u00e8s avoir battu l&rsquo;Irlande du Nord en finale\",\"datePublished\":\"2026-03-27T03:17:39+00:00\",\"dateModified\":\"2026-03-27T03:17:39+00:00\",\"mainEntityOfPage\":{\"@id\":\"https:\/\/vieassociative.be\/actualites\/playoffs-de-la-coupe-du-monde-litalie-apres-avoir-battu-lirlande-du-nord-en-finale\/\"},\"wordCount\":228,\"publisher\":{\"@id\":\"https:\/\/vieassociative.be\/actualites\/#organization\"},\"image\":{\"@id\":\"https:\/\/vieassociative.be\/actualites\/playoffs-de-la-coupe-du-monde-litalie-apres-avoir-battu-lirlande-du-nord-en-finale\/#primaryimage\"},\"thumbnailUrl\":\"https:\/\/vieassociative.be\/actualites\/wp-content\/uploads\/2026\/03\/Playoffs-de-la-Coupe-du-monde-lItalie-apres-avoir.jpg\",\"keywords\":[\"Apr\u00e8s\",\"avoir\",\"battu\",\"Coupe\",\"finale\",\"lIrlande\",\"lItalie\",\"monde\",\"Nord\",\"playoffs\"],\"articleSection\":[\"Belgique\"],\"inLanguage\":\"fr-BE\"},{\"@type\":\"WebPage\",\"@id\":\"https:\/\/vieassociative.be\/actualites\/playoffs-de-la-coupe-du-monde-litalie-apres-avoir-battu-lirlande-du-nord-en-finale\/\",\"url\":\"https:\/\/vieassociative.be\/actualites\/playoffs-de-la-coupe-du-monde-litalie-apres-avoir-battu-lirlande-du-nord-en-finale\/\",\"name\":\"Playoffs de la Coupe du monde : l'Italie apr\u00e8s avoir battu l'Irlande du Nord en finale | Vie Associative\",\"isPartOf\":{\"@id\":\"https:\/\/vieassociative.be\/actualites\/#website\"},\"primaryImageOfPage\":{\"@id\":\"https:\/\/vieassociative.be\/actualites\/playoffs-de-la-coupe-du-monde-litalie-apres-avoir-battu-lirlande-du-nord-en-finale\/#primaryimage\"},\"image\":{\"@id\":\"https:\/\/vieassociative.be\/actualites\/playoffs-de-la-coupe-du-monde-litalie-apres-avoir-battu-lirlande-du-nord-en-finale\/#primaryimage\"},\"thumbnailUrl\":\"https:\/\/vieassociative.be\/actualites\/wp-content\/uploads\/2026\/03\/Playoffs-de-la-Coupe-du-monde-lItalie-apres-avoir.jpg\",\"datePublished\":\"2026-03-27T03:17:39+00:00\",\"dateModified\":\"2026-03-27T03:17:39+00:00\",\"breadcrumb\":{\"@id\":\"https:\/\/vieassociative.be\/actualites\/playoffs-de-la-coupe-du-monde-litalie-apres-avoir-battu-lirlande-du-nord-en-finale\/#breadcrumb\"},\"inLanguage\":\"fr-BE\",\"potentialAction\":[{\"@type\":\"ReadAction\",\"target\":[\"https:\/\/vieassociative.be\/actualites\/playoffs-de-la-coupe-du-monde-litalie-apres-avoir-battu-lirlande-du-nord-en-finale\/\"]}]},{\"@type\":\"ImageObject\",\"inLanguage\":\"fr-BE\",\"@id\":\"https:\/\/vieassociative.be\/actualites\/playoffs-de-la-coupe-du-monde-litalie-apres-avoir-battu-lirlande-du-nord-en-finale\/#primaryimage\",\"url\":\"https:\/\/vieassociative.be\/actualites\/wp-content\/uploads\/2026\/03\/Playoffs-de-la-Coupe-du-monde-lItalie-apres-avoir.jpg\",\"contentUrl\":\"https:\/\/vieassociative.be\/actualites\/wp-content\/uploads\/2026\/03\/Playoffs-de-la-Coupe-du-monde-lItalie-apres-avoir.jpg\",\"width\":1200,\"height\":843,\"caption\":\"Playoffs de la Coupe du monde : l'Italie apr\u00e8s avoir battu l'Irlande du Nord en finale\"},{\"@type\":\"BreadcrumbList\",\"@id\":\"https:\/\/vieassociative.be\/actualites\/playoffs-de-la-coupe-du-monde-litalie-apres-avoir-battu-lirlande-du-nord-en-finale\/#breadcrumb\",\"itemListElement\":[{\"@type\":\"ListItem\",\"position\":1,\"name\":\"Accueil\",\"item\":\"https:\/\/vieassociative.be\/actualites\/\"},{\"@type\":\"ListItem\",\"position\":2,\"name\":\"Playoffs de la Coupe du monde : l&rsquo;Italie apr\u00e8s avoir battu l&rsquo;Irlande du Nord en finale\"}]},{\"@type\":\"WebSite\",\"@id\":\"https:\/\/vieassociative.be\/actualites\/#website\",\"url\":\"https:\/\/vieassociative.be\/actualites\/\",\"name\":\"Vie Associative\",\"description\":\"\",\"publisher\":{\"@id\":\"https:\/\/vieassociative.be\/actualites\/#organization\"},\"potentialAction\":[{\"@type\":\"SearchAction\",\"target\":{\"@type\":\"EntryPoint\",\"urlTemplate\":\"https:\/\/vieassociative.be\/actualites\/?s={search_term_string}\"},\"query-input\":{\"@type\":\"PropertyValueSpecification\",\"valueRequired\":true,\"valueName\":\"search_term_string\"}}],\"inLanguage\":\"fr-BE\"},{\"@type\":\"Organization\",\"@id\":\"https:\/\/vieassociative.be\/actualites\/#organization\",\"name\":\"Vie Associative\",\"url\":\"https:\/\/vieassociative.be\/actualites\/\",\"logo\":{\"@type\":\"ImageObject\",\"inLanguage\":\"fr-BE\",\"@id\":\"https:\/\/vieassociative.be\/actualites\/#\/schema\/logo\/image\/\",\"url\":\"https:\/\/vieassociative.be\/actualites\/wp-content\/uploads\/2024\/09\/cropped-vieassociative_favicon.ico.png\",\"contentUrl\":\"https:\/\/vieassociative.be\/actualites\/wp-content\/uploads\/2024\/09\/cropped-vieassociative_favicon.ico.png\",\"width\":512,\"height\":512,\"caption\":\"Vie Associative\"},\"image\":{\"@id\":\"https:\/\/vieassociative.be\/actualites\/#\/schema\/logo\/image\/\"}},{\"@type\":\"Person\",\"@id\":\"https:\/\/vieassociative.be\/actualites\/#\/schema\/person\/b87ac4f82f9d4e7b7cec7395b679edc4\",\"name\":\"Julien\",\"image\":{\"@type\":\"ImageObject\",\"inLanguage\":\"fr-BE\",\"@id\":\"https:\/\/vieassociative.be\/actualites\/#\/schema\/person\/image\/\",\"url\":\"https:\/\/vieassociative.be\/actualites\/wp-content\/uploads\/2024\/09\/vie-associative-1-150x150.jpg\",\"contentUrl\":\"https:\/\/vieassociative.be\/actualites\/wp-content\/uploads\/2024\/09\/vie-associative-1-150x150.jpg\",\"caption\":\"Julien\"},\"description\":\"Je suis Julien, r\u00e9dacteur pour Vie Associative. Passionn\u00e9 par le monde associatif depuis plus de 10 ans, j'ai \u00e0 c\u0153ur de partager des histoires inspirantes et de mettre en lumi\u00e8re les initiatives locales. Mon objectif est de sensibiliser et d'encourager l'engagement communautaire \u00e0 travers mes articles.\",\"sameAs\":[\"https:\/\/vieassociative.be\/\"]}]}<\/script>\n<!-- \/ Yoast SEO plugin. -->","yoast_head_json":{"title":"Playoffs de la Coupe du monde : l'Italie apr\u00e8s avoir battu l'Irlande du Nord en finale | Vie Associative","robots":{"index":"index","follow":"follow","max-snippet":"max-snippet:-1","max-image-preview":"max-image-preview:large","max-video-preview":"max-video-preview:-1"},"canonical":"https:\/\/vieassociative.be\/actualites\/playoffs-de-la-coupe-du-monde-litalie-apres-avoir-battu-lirlande-du-nord-en-finale\/","og_locale":"fr_FR","og_type":"article","og_title":"Playoffs de la Coupe du monde : l'Italie apr\u00e8s avoir battu l'Irlande du Nord en finale | Vie Associative","og_description":"L&rsquo;\u00e9quipe nationale italienne s&rsquo;est beaucoup rapproch\u00e9e de l&rsquo;objectif de la Coupe du monde 2026 aux \u00c9tats-Unis, au Mexique et au Canada. Lors du premier des","og_url":"https:\/\/vieassociative.be\/actualites\/playoffs-de-la-coupe-du-monde-litalie-apres-avoir-battu-lirlande-du-nord-en-finale\/","og_site_name":"Vie Associative","article_published_time":"2026-03-27T03:17:39+00:00","og_image":[{"width":279,"height":92,"url":"https:\/\/vieassociative.be\/actualites\/wp-content\/uploads\/2024\/09\/header_backgroundk-01-e1726694325946.png","type":"image\/png"}],"author":"Julien","twitter_card":"summary_large_image","twitter_misc":{"\u00c9crit par":"Julien","Dur\u00e9e de lecture est.":"1 minute"},"schema":{"@context":"https:\/\/schema.org","@graph":[{"@type":"Article","@id":"https:\/\/vieassociative.be\/actualites\/playoffs-de-la-coupe-du-monde-litalie-apres-avoir-battu-lirlande-du-nord-en-finale\/#article","isPartOf":{"@id":"https:\/\/vieassociative.be\/actualites\/playoffs-de-la-coupe-du-monde-litalie-apres-avoir-battu-lirlande-du-nord-en-finale\/"},"author":{"name":"Julien","@id":"https:\/\/vieassociative.be\/actualites\/#\/schema\/person\/b87ac4f82f9d4e7b7cec7395b679edc4"},"headline":"Playoffs de la Coupe du monde : l&rsquo;Italie apr\u00e8s avoir battu l&rsquo;Irlande du Nord en finale","datePublished":"2026-03-27T03:17:39+00:00","dateModified":"2026-03-27T03:17:39+00:00","mainEntityOfPage":{"@id":"https:\/\/vieassociative.be\/actualites\/playoffs-de-la-coupe-du-monde-litalie-apres-avoir-battu-lirlande-du-nord-en-finale\/"},"wordCount":228,"publisher":{"@id":"https:\/\/vieassociative.be\/actualites\/#organization"},"image":{"@id":"https:\/\/vieassociative.be\/actualites\/playoffs-de-la-coupe-du-monde-litalie-apres-avoir-battu-lirlande-du-nord-en-finale\/#primaryimage"},"thumbnailUrl":"https:\/\/vieassociative.be\/actualites\/wp-content\/uploads\/2026\/03\/Playoffs-de-la-Coupe-du-monde-lItalie-apres-avoir.jpg","keywords":["Apr\u00e8s","avoir","battu","Coupe","finale","lIrlande","lItalie","monde","Nord","playoffs"],"articleSection":["Belgique"],"inLanguage":"fr-BE"},{"@type":"WebPage","@id":"https:\/\/vieassociative.be\/actualites\/playoffs-de-la-coupe-du-monde-litalie-apres-avoir-battu-lirlande-du-nord-en-finale\/","url":"https:\/\/vieassociative.be\/actualites\/playoffs-de-la-coupe-du-monde-litalie-apres-avoir-battu-lirlande-du-nord-en-finale\/","name":"Playoffs de la Coupe du monde : l'Italie apr\u00e8s avoir battu l'Irlande du Nord en finale | Vie Associative","isPartOf":{"@id":"https:\/\/vieassociative.be\/actualites\/#website"},"primaryImageOfPage":{"@id":"https:\/\/vieassociative.be\/actualites\/playoffs-de-la-coupe-du-monde-litalie-apres-avoir-battu-lirlande-du-nord-en-finale\/#primaryimage"},"image":{"@id":"https:\/\/vieassociative.be\/actualites\/playoffs-de-la-coupe-du-monde-litalie-apres-avoir-battu-lirlande-du-nord-en-finale\/#primaryimage"},"thumbnailUrl":"https:\/\/vieassociative.be\/actualites\/wp-content\/uploads\/2026\/03\/Playoffs-de-la-Coupe-du-monde-lItalie-apres-avoir.jpg","datePublished":"2026-03-27T03:17:39+00:00","dateModified":"2026-03-27T03:17:39+00:00","breadcrumb":{"@id":"https:\/\/vieassociative.be\/actualites\/playoffs-de-la-coupe-du-monde-litalie-apres-avoir-battu-lirlande-du-nord-en-finale\/#breadcrumb"},"inLanguage":"fr-BE","potentialAction":[{"@type":"ReadAction","target":["https:\/\/vieassociative.be\/actualites\/playoffs-de-la-coupe-du-monde-litalie-apres-avoir-battu-lirlande-du-nord-en-finale\/"]}]},{"@type":"ImageObject","inLanguage":"fr-BE","@id":"https:\/\/vieassociative.be\/actualites\/playoffs-de-la-coupe-du-monde-litalie-apres-avoir-battu-lirlande-du-nord-en-finale\/#primaryimage","url":"https:\/\/vieassociative.be\/actualites\/wp-content\/uploads\/2026\/03\/Playoffs-de-la-Coupe-du-monde-lItalie-apres-avoir.jpg","contentUrl":"https:\/\/vieassociative.be\/actualites\/wp-content\/uploads\/2026\/03\/Playoffs-de-la-Coupe-du-monde-lItalie-apres-avoir.jpg","width":1200,"height":843,"caption":"Playoffs de la Coupe du monde : l'Italie apr\u00e8s avoir battu l'Irlande du Nord en finale"},{"@type":"BreadcrumbList","@id":"https:\/\/vieassociative.be\/actualites\/playoffs-de-la-coupe-du-monde-litalie-apres-avoir-battu-lirlande-du-nord-en-finale\/#breadcrumb","itemListElement":[{"@type":"ListItem","position":1,"name":"Accueil","item":"https:\/\/vieassociative.be\/actualites\/"},{"@type":"ListItem","position":2,"name":"Playoffs de la Coupe du monde : l&rsquo;Italie apr\u00e8s avoir battu l&rsquo;Irlande du Nord en finale"}]},{"@type":"WebSite","@id":"https:\/\/vieassociative.be\/actualites\/#website","url":"https:\/\/vieassociative.be\/actualites\/","name":"Vie Associative","description":"","publisher":{"@id":"https:\/\/vieassociative.be\/actualites\/#organization"},"potentialAction":[{"@type":"SearchAction","target":{"@type":"EntryPoint","urlTemplate":"https:\/\/vieassociative.be\/actualites\/?s={search_term_string}"},"query-input":{"@type":"PropertyValueSpecification","valueRequired":true,"valueName":"search_term_string"}}],"inLanguage":"fr-BE"},{"@type":"Organization","@id":"https:\/\/vieassociative.be\/actualites\/#organization","name":"Vie Associative","url":"https:\/\/vieassociative.be\/actualites\/","logo":{"@type":"ImageObject","inLanguage":"fr-BE","@id":"https:\/\/vieassociative.be\/actualites\/#\/schema\/logo\/image\/","url":"https:\/\/vieassociative.be\/actualites\/wp-content\/uploads\/2024\/09\/cropped-vieassociative_favicon.ico.png","contentUrl":"https:\/\/vieassociative.be\/actualites\/wp-content\/uploads\/2024\/09\/cropped-vieassociative_favicon.ico.png","width":512,"height":512,"caption":"Vie Associative"},"image":{"@id":"https:\/\/vieassociative.be\/actualites\/#\/schema\/logo\/image\/"}},{"@type":"Person","@id":"https:\/\/vieassociative.be\/actualites\/#\/schema\/person\/b87ac4f82f9d4e7b7cec7395b679edc4","name":"Julien","image":{"@type":"ImageObject","inLanguage":"fr-BE","@id":"https:\/\/vieassociative.be\/actualites\/#\/schema\/person\/image\/","url":"https:\/\/vieassociative.be\/actualites\/wp-content\/uploads\/2024\/09\/vie-associative-1-150x150.jpg","contentUrl":"https:\/\/vieassociative.be\/actualites\/wp-content\/uploads\/2024\/09\/vie-associative-1-150x150.jpg","caption":"Julien"},"description":"Je suis Julien, r\u00e9dacteur pour Vie Associative. Passionn\u00e9 par le monde associatif depuis plus de 10 ans, j'ai \u00e0 c\u0153ur de partager des histoires inspirantes et de mettre en lumi\u00e8re les initiatives locales. Mon objectif est de sensibiliser et d'encourager l'engagement communautaire \u00e0 travers mes articles.","sameAs":["https:\/\/vieassociative.be\/"]}]}},"_links":{"self":[{"href":"https:\/\/vieassociative.be\/actualites\/wp-json\/wp\/v2\/posts\/13201"}],"collection":[{"href":"https:\/\/vieassociative.be\/actualites\/wp-json\/wp\/v2\/posts"}],"about":[{"href":"https:\/\/vieassociative.be\/actualites\/wp-json\/wp\/v2\/types\/post"}],"author":[{"embeddable":true,"href":"https:\/\/vieassociative.be\/actualites\/wp-json\/wp\/v2\/users\/1"}],"replies":[{"embeddable":true,"href":"https:\/\/vieassociative.be\/actualites\/wp-json\/wp\/v2\/comments?post=13201"}],"version-history":[{"count":0,"href":"https:\/\/vieassociative.be\/actualites\/wp-json\/wp\/v2\/posts\/13201\/revisions"}],"wp:featuredmedia":[{"embeddable":true,"href":"https:\/\/vieassociative.be\/actualites\/wp-json\/wp\/v2\/media\/13202"}],"wp:attachment":[{"href":"https:\/\/vieassociative.be\/actualites\/wp-json\/wp\/v2\/media?parent=13201"}],"wp:term":[{"taxonomy":"category","embeddable":true,"href":"https:\/\/vieassociative.be\/actualites\/wp-json\/wp\/v2\/categories?post=13201"},{"taxonomy":"post_tag","embeddable":true,"href":"https:\/\/vieassociative.be\/actualites\/wp-json\/wp\/v2\/tags?post=13201"}],"curies":[{"name":"wp","href":"https:\/\/api.w.org\/{rel}","templated":true}]}}