{"id":13199,"date":"2026-03-27T03:18:09","date_gmt":"2026-03-27T02:18:09","guid":{"rendered":"https:\/\/vieassociative.be\/actualites\/cette-montre-de-fitness-economique-damazfit-ne-coute-que-80-en-ce-moment\/"},"modified":"2026-03-27T03:18:09","modified_gmt":"2026-03-27T02:18:09","slug":"cette-montre-de-fitness-economique-damazfit-ne-coute-que-80-en-ce-moment","status":"publish","type":"post","link":"https:\/\/vieassociative.be\/actualites\/cette-montre-de-fitness-economique-damazfit-ne-coute-que-80-en-ce-moment\/","title":{"rendered":"Cette montre de fitness \u00e9conomique d&rsquo;Amazfit ne co\u00fbte que 80 $ en ce moment"},"content":{"rendered":"<p>Nous pouvons gagner une commission sur les liens sur cette page. Les prix et la disponibilit\u00e9 de l&rsquo;offre sont sujets \u00e0 changement apr\u00e8s la publication.<\/p>\n<p>La grande vente de printemps d&rsquo;Amazon de cette ann\u00e9e ne propose pas beaucoup de remises importantes sur les montres haut de gamme, mais nous constatons des offres int\u00e9ressantes sur des mod\u00e8les \u00e9conomiques. L&rsquo;Active 2 Sport d&rsquo;Amazfit m\u00e9rite d&rsquo;\u00eatre examin\u00e9, en vente aujourd&rsquo;hui au prix de 79,99 $. C&rsquo;est une montre de fitness dot\u00e9e d&rsquo;un ensemble de fonctionnalit\u00e9s solides, et elle vous co\u00fbtera la moiti\u00e9 du prix des montres d&rsquo;entr\u00e9e de gamme d&rsquo;autres marques.<\/p>\n<div class=\"pogoClear mb-12 mt-10 rounded-md border-2 border-gray-100 py-7 shadow-xl md:py-6\">\n<div class=\"flex flex-wrap justify-between px-7 text-black no-underline md:flex-nowrap md:px-8\">\n<div class=\"order-1 mx-auto flex flex-col justify-center md:order-2 md:ml-4 md:w-full md:grow\">\n<div class=\"block cursor-pointer text-center font-akshar text-2xl font-medium leading-7 text-brand-green duration-200 ease-in-out hover:text-brand-green-700 md:text-left md:text-xl md:leading-6\">Amazfit Actif 2 Sport\n                <\/div>\n<div class=\"mt-4 hidden md:flex md:justify-between\">\n<div class=\"self-end\">\n<div class=\"mb-0 h-11 md:flex md:flex-col md:justify-center\">\n<div class=\" font-sans leading-4 text-black\">\n<div class=\"flex flex-wrap items-center justify-center gap-1 md:justify-start\">\n        <span class=\"font-bold\"><\/p>\n<p>            79,99\u00a0$<br \/>\n                            <span class=\"font-medium\">chez Amazon<\/span><br \/>\n                    <\/span>\n            <\/div>\n<div class=\"flex items-center justify-center gap-x-1 font-bold md:justify-start\">\n            <span class=\"text-sm line-through\">99,99\u00a0$<\/span><br \/>\n            <span class=\"text-sm text-brand-green\">\u00c9conomisez 20,00\u00a0$<\/span>\n        <\/div>\n<\/p><\/div>\n<\/p><\/div>\n<\/p><\/div>\n<div class=\"w-44 self-end\">\n                            <button class=\"flex justify-center items-center w-full bg-brand-green text-white text-base font-sans font-medium rounded-md hover:bg-brand-green-700 hover:cursor-pointer md:text-sm h-11\"><\/p>\n<p>    Obtenez une offre<br \/>\n<\/button>\n                        <\/div>\n<\/p><\/div>\n<\/p><\/div>\n<div class=\"order-2 mt-5 h-auto w-full md:order-1 md:mt-0 md:hidden\">\n<div class=\"flex aspect-video items-center justify-center\">\n                                            <img decoding=\"async\" class=\"m-0 max-h-full max-w-full rounded-md\" src=\"https:\/\/vieassociative.be\/actualites\/wp-content\/uploads\/2026\/03\/Cette-montre-de-fitness-economique-dAmazfit-ne-coute-que-80.jpg\" alt=\"Montre connect\u00e9e Amazfit Active 2 Sport pour Android et iPhone, 44 mm, batterie 10 jours, r\u00e9sistante \u00e0 l'eau, cartes GPS, moniteur de sommeil, plus de 160 modes d'entra\u00eenement, 400 styles de visage, bracelet en silicone, application gratuite\" width=\"auto\" height=\"auto\" loading=\"lazy\">\n                                    <\/div>\n<\/p><\/div>\n<div class=\"order-2 ml-2 hidden w-32 shrink-0 items-center md:order-1 md:ml-0 md:flex\">\n<div class=\"flex aspect-video items-center justify-center\">\n                                            <img decoding=\"async\" class=\"m-0 max-h-full max-w-full rounded-md\" src=\"https:\/\/vieassociative.be\/actualites\/wp-content\/uploads\/2026\/03\/Cette-montre-de-fitness-economique-dAmazfit-ne-coute-que-80.jpg\" alt=\"Montre connect\u00e9e Amazfit Active 2 Sport pour Android et iPhone, 44 mm, batterie 10 jours, r\u00e9sistante \u00e0 l'eau, cartes GPS, moniteur de sommeil, plus de 160 modes d'entra\u00eenement, 400 styles de visage, bracelet en silicone, application gratuite\" width=\"auto\" height=\"auto\" loading=\"lazy\">\n                                    <\/div>\n<\/p><\/div>\n<div class=\"order-3 flex grow flex-wrap md:hidden md:grow-0\">\n<div class=\"mt-4 w-full\">\n                        <button class=\"flex justify-center items-center w-full bg-brand-green text-white text-base font-sans font-medium rounded-md hover:bg-brand-green-700 hover:cursor-pointer md:text-sm h-11\"><\/p>\n<p>    Obtenez une offre<br \/>\n<\/button>\n                    <\/div>\n<div class=\"mx-2 mt-4 w-full\">\n<div class=\" font-sans leading-4 text-black\">\n<div class=\"flex flex-wrap items-center justify-center gap-1 md:justify-start\">\n        <span class=\"font-bold\"><\/p>\n<p>            79,99\u00a0$<br \/>\n                            <span class=\"font-medium\">chez Amazon<\/span><br \/>\n                    <\/span>\n            <\/div>\n<div class=\"flex items-center justify-center gap-x-1 font-bold md:justify-start\">\n            <span class=\"text-sm line-through\">99,99\u00a0$<\/span><br \/>\n            <span class=\"text-sm text-brand-green\">\u00c9conomisez 20,00\u00a0$<\/span>\n        <\/div>\n<\/p><\/div>\n<\/p><\/div>\n<\/p><\/div>\n<\/p><\/div>\n<\/div>\n<h2 id=\"amazfit-watches-keep-impressing-me\">Les montres Amazfit continuent de m&rsquo;impressionner<\/h2>\n<p>J&rsquo;avoue que lorsque j&rsquo;ai entendu parler d&rsquo;Amazfit pour la premi\u00e8re fois, j&rsquo;ai suppos\u00e9 qu&rsquo;il s&rsquo;agissait d&rsquo;une sorte de marque de fitness Amazon. Mais il n&rsquo;y a aucun rapport : la marque Amazfit appartient \u00e0 une soci\u00e9t\u00e9 appel\u00e9e Zepp. Et Zepp fabrique discr\u00e8tement des appareils de fitness solides depuis des ann\u00e9es, y compris des appareils inattendus. Il poss\u00e8de la meilleure alternative Whoop (l&rsquo;Amazfit Helio Strap, \u00e9galement sous la marque Core), il travaille sur une cam\u00e9ra de suivi des repas et a fait plusieurs incursions impressionnantes dans le monde des montres d&rsquo;aventure haut de gamme.<\/p>\n<p>J&rsquo;ai aim\u00e9 le T-Rex 3 Pro d&rsquo;Amazfit lorsque je l&rsquo;ai test\u00e9 : un mat\u00e9riel agr\u00e9able, des fonctionnalit\u00e9s logicielles ambitieuses, mais finalement une ex\u00e9cution quelque peu maladroite. Ma coll\u00e8gue Meredith Dietz a eu une exp\u00e9rience similaire avec le T-Rex Ultra 2. Tous les produits Zepp n&rsquo;atteignent pas l&rsquo;objectif vis\u00e9, mais ils ne le sont jamais. <em>mauvais<\/em>et je suis g\u00e9n\u00e9ralement assez impressionn\u00e9 par l&rsquo;entreprise.<\/p>\n<h2 id=\"the-active-line-delivers-on-the-basics-at-a-good-price\">La gamme Active offre l&rsquo;essentiel \u00e0 un bon prix<\/h2>\n<p>M\u00eame au prix fort, la montre Active 2 Sport ne co\u00fbte que 99,99 $. Je n&rsquo;ai pas test\u00e9 cette montre moi-m\u00eame, mais j&rsquo;ai essay\u00e9 l&rsquo;Active Max (169,99 $), une version plus r\u00e9cente avec un \u00e9cran plus grand. Cela semble plut\u00f4t sympa jusqu&rsquo;\u00e0 pr\u00e9sent, m\u00eame si vous devrez attendre mon verdict final. Les montres Active ne proposent pas autant de fonctionnalit\u00e9s sophistiqu\u00e9es que les mod\u00e8les T-Rex que Meredith et moi avons examin\u00e9s, et il leur est donc beaucoup plus facile de r\u00e9pondre \u00e0 vos besoins.<\/p>\n<p>L&rsquo;Active 2 dispose d&rsquo;un suivi GPS et de la fr\u00e9quence cardiaque, d&rsquo;un suivi du sommeil, de plus de 160 modes d&rsquo;entra\u00eenement et peut g\u00e9rer les appels et les SMS provenant d&rsquo;un t\u00e9l\u00e9phone connect\u00e9 via Bluetooth. (Comme avec la plupart des montres de fitness, les utilisateurs d&rsquo;Android b\u00e9n\u00e9ficient de davantage de fonctionnalit\u00e9s pour r\u00e9pondre aux SMS, mais les utilisateurs d&rsquo;iPhone peuvent toujours recevoir des notifications.) Amazfit indique que la batterie dure 5 jours avec une \u00ab utilisation intensive \u00bb et 10 jours avec une \u00ab utilisation typique \u00bb. <\/p>\n<p>L&rsquo;Active 2 peut m\u00eame stocker de la musique et des cartes, ce qui est impressionnant. D&rsquo;autres marques ne mettent leurs cartes hors ligne que sur des montres haut de gamme. Cela dit, les utilisateurs d&rsquo;Active 2 ont d\u00e9clar\u00e9 dans des forums comme celui-ci que le stockage \u00e9tait limit\u00e9. On dit qu&rsquo;une carte laisse place \u00e0 45 minutes de musique ; un autre dit qu&rsquo;ils peuvent ins\u00e9rer une carte et deux heures de livres audio. Cela semble suffisant pour une seule partie, mais vous devrez changer de carte et de musique assez souvent.<\/p>\n<div class=\" relative flex justify-center py-16 md:left-1\/2 md:w-(780px) md:max-w-max md:-translate-x-1\/2\">\n<div class=\"w-max text-center sm:text-left\">\n<div class=\"custom-gradient-background mb-6 rounded-md p-(2px) sm:rounded-tl-none\">\n<div class=\"flex flex-col rounded bg-white sm:rounded-tl-none\">\n                    <span class=\"-mt-4 block w-fit max-w-(calc(100%-1rem)) self-center bg-white px-3 text-center font-akshar text-xl font-medium capitalize text-gray-800 sm:max-w-(calc(100%-2.5rem)) sm:self-start sm:px-10 sm:text-left sm:text-2xl\">Nos meilleures offres de vente de printemps Amazon approuv\u00e9es par les \u00e9diteurs en ce moment<\/span><\/p>\n<div class=\"flex flex-col gap-3 p-3 pb-4 text-sm sm:p-10 sm:pt-6 sm:text-justify sm:text-base\">\n<div>\n<p>    \u00c9couteurs sans fil Apple AirPods Pro 3 \u00e0 r\u00e9duction de bruit et fr\u00e9quence cardiaque<\/p>\n<p>                                <span class=\"text-black\"><br \/>\n                                    \u2014<br \/>\n                                    <span class=\"font-bold\">199,00\u00a0$<\/span><br \/>\n                                    <span class=\"!text-xs italic sm:!text-sm\"><\/p>\n<p>                                        (Prix catalogue 249,00 $)<br \/>\n                                    <\/span><br \/>\n                                <\/span>\n                            <\/div>\n<div>\n<p>    Apple iPad 11&Prime; 128 Go A16 WiFi Tablette (Bleu, 2025)<\/p>\n<p>                                <span class=\"text-black\"><br \/>\n                                    \u2014<br \/>\n                                    <span class=\"font-bold\">299,00\u00a0$<\/span><br \/>\n                                    <span class=\"!text-xs italic sm:!text-sm\"><\/p>\n<p>                                        (Prix catalogue 349,00 $)<br \/>\n                                    <\/span><br \/>\n                                <\/span>\n                            <\/div>\n<div>\n<p>    Tablette Samsung Galaxy Tab A11+ 128 Go Wi-Fi 11&Prime; (Gris)<\/p>\n<p>                                <span class=\"text-black\"><br \/>\n                                    \u2014<br \/>\n                                    <span class=\"font-bold\">209,99\u00a0$<\/span><br \/>\n                                    <span class=\"!text-xs italic sm:!text-sm\"><\/p>\n<p>                                        (Prix catalogue 249,99 $)<br \/>\n                                    <\/span><br \/>\n                                <\/span>\n                            <\/div>\n<div>\n<p>    Sony WH1000XM6 \u2013 Meilleur casque sans fil \u00e0 r\u00e9duction de bruit<\/p>\n<p>                                <span class=\"text-black\"><br \/>\n                                    \u2014<br \/>\n                                    <span class=\"font-bold\">398,00\u00a0$<\/span><br \/>\n                                    <span class=\"!text-xs italic sm:!text-sm\"><\/p>\n<p>                                        (Prix catalogue 459,99 $)<br \/>\n                                    <\/span><br \/>\n                                <\/span>\n                            <\/div>\n<div>\n<p>    Apple Watch Series 11 (GPS, 42 mm, bracelet sport noir S\/M)<\/p>\n<p>                                <span class=\"text-black\"><br \/>\n                                    \u2014<br \/>\n                                    <span class=\"font-bold\">299,00\u00a0$<\/span><br \/>\n                                    <span class=\"!text-xs italic sm:!text-sm\"><\/p>\n<p>                                        (Prix catalogue 399,00 $)<br \/>\n                                    <\/span><br \/>\n                                <\/span>\n                            <\/div>\n<div>\n<p>    Sonnette vid\u00e9o sans fil Blink (mod\u00e8le le plus r\u00e9cent) + module de synchronisation<\/p>\n<p>                                <span class=\"text-black\"><br \/>\n                                    \u2014<br \/>\n                                    <span class=\"font-bold\">35,99\u00a0$<\/span><br \/>\n                                    <span class=\"!text-xs italic sm:!text-sm\"><\/p>\n<p>                                        (Prix catalogue 69,99 $)<br \/>\n                                    <\/span><br \/>\n                                <\/span>\n                            <\/div>\n<div>\n<p>    Lecteur de streaming Fire TV Stick 4K Max avec t\u00e9l\u00e9commande<\/p>\n<p>                                <span class=\"text-black\"><br \/>\n                                    \u2014<br \/>\n                                    <span class=\"font-bold\">34,99\u00a0$<\/span><br \/>\n                                    <span class=\"!text-xs italic sm:!text-sm\"><\/p>\n<p>                                        (Prix catalogue 59,99 $)<br \/>\n                                    <\/span><br \/>\n                                <\/span>\n                            <\/div>\n<div>\n<p>    Amazon Kindle Colorsoft 16 Go 7&Prime; eReader (Noir)<\/p>\n<p>                                <span class=\"text-black\"><br \/>\n                                    \u2014<br \/>\n                                    <span class=\"font-bold\">169,99\u00a0$<\/span><br \/>\n                                    <span class=\"!text-xs italic sm:!text-sm\"><\/p>\n<p>                                        (Prix catalogue 249,99 $)<br \/>\n                                    <\/span><br \/>\n                                <\/span>\n                            <\/div>\n<\/p><\/div>\n<\/p><\/div>\n<\/p><\/div>\n<div class=\"flex flex-col items-center justify-between text-black sm:flex-row sm:px-6\">\n                <span class=\"text-xs italic sm:ml-7 sm:text-sm\">Les offres sont s\u00e9lectionn\u00e9es par notre \u00e9quipe commerciale<\/span><\/p><\/div>\n<\/p><\/div>\n<\/p><\/div>\n","protected":false},"excerpt":{"rendered":"<p>Nous pouvons gagner une commission sur les liens sur cette page. Les prix et la disponibilit\u00e9 de l&rsquo;offre sont sujets \u00e0 changement apr\u00e8s la publication.<\/p>\n","protected":false},"author":1,"featured_media":13200,"comment_status":"","ping_status":"","sticky":false,"template":"","format":"standard","meta":{"footnotes":""},"categories":[10234],"tags":[206,1122,7577,2708,2703,1429,1252],"class_list":["post-13199","post","type-post","status-publish","format-standard","has-post-thumbnail","hentry","category-fitness","tag-cette","tag-coute","tag-damazfit","tag-economique","tag-fitness","tag-moment","tag-montre","generate-columns","tablet-grid-50","mobile-grid-100","grid-parent","grid-33"],"yoast_head":"<!-- This site is optimized with the Yoast SEO plugin v24.0 - https:\/\/yoast.com\/wordpress\/plugins\/seo\/ -->\n<title>Cette montre de fitness \u00e9conomique d&#039;Amazfit ne co\u00fbte que 80 $ en ce moment | Vie Associative<\/title>\n<meta name=\"robots\" content=\"index, follow, max-snippet:-1, max-image-preview:large, max-video-preview:-1\" \/>\n<link rel=\"canonical\" href=\"https:\/\/vieassociative.be\/actualites\/cette-montre-de-fitness-economique-damazfit-ne-coute-que-80-en-ce-moment\/\" \/>\n<meta property=\"og:locale\" content=\"fr_FR\" \/>\n<meta property=\"og:type\" content=\"article\" \/>\n<meta property=\"og:title\" content=\"Cette montre de fitness \u00e9conomique d&#039;Amazfit ne co\u00fbte que 80 $ en ce moment | Vie Associative\" \/>\n<meta property=\"og:description\" content=\"Nous pouvons gagner une commission sur les liens sur cette page. Les prix et la disponibilit\u00e9 de l&rsquo;offre sont sujets \u00e0 changement apr\u00e8s la publication.\" \/>\n<meta property=\"og:url\" content=\"https:\/\/vieassociative.be\/actualites\/cette-montre-de-fitness-economique-damazfit-ne-coute-que-80-en-ce-moment\/\" \/>\n<meta property=\"og:site_name\" content=\"Vie Associative\" \/>\n<meta property=\"article:published_time\" content=\"2026-03-27T02:18:09+00:00\" \/>\n<meta property=\"og:image\" content=\"https:\/\/vieassociative.be\/actualites\/wp-content\/uploads\/2026\/03\/Cette-montre-de-fitness-economique-dAmazfit-ne-coute-que-80.jpg\" \/>\n<meta name=\"author\" content=\"Julien\" \/>\n<meta name=\"twitter:card\" content=\"summary_large_image\" \/>\n<meta name=\"twitter:label1\" content=\"\u00c9crit par\" \/>\n\t<meta name=\"twitter:data1\" content=\"Julien\" \/>\n\t<meta name=\"twitter:label2\" content=\"Dur\u00e9e de lecture est.\" \/>\n\t<meta name=\"twitter:data2\" content=\"3 minutes\" \/>\n<script type=\"application\/ld+json\" class=\"yoast-schema-graph\">{\"@context\":\"https:\/\/schema.org\",\"@graph\":[{\"@type\":\"Article\",\"@id\":\"https:\/\/vieassociative.be\/actualites\/cette-montre-de-fitness-economique-damazfit-ne-coute-que-80-en-ce-moment\/#article\",\"isPartOf\":{\"@id\":\"https:\/\/vieassociative.be\/actualites\/cette-montre-de-fitness-economique-damazfit-ne-coute-que-80-en-ce-moment\/\"},\"author\":{\"name\":\"Julien\",\"@id\":\"https:\/\/vieassociative.be\/actualites\/#\/schema\/person\/b87ac4f82f9d4e7b7cec7395b679edc4\"},\"headline\":\"Cette montre de fitness \u00e9conomique d&rsquo;Amazfit ne co\u00fbte que 80 $ en ce moment\",\"datePublished\":\"2026-03-27T02:18:09+00:00\",\"dateModified\":\"2026-03-27T02:18:09+00:00\",\"mainEntityOfPage\":{\"@id\":\"https:\/\/vieassociative.be\/actualites\/cette-montre-de-fitness-economique-damazfit-ne-coute-que-80-en-ce-moment\/\"},\"wordCount\":747,\"publisher\":{\"@id\":\"https:\/\/vieassociative.be\/actualites\/#organization\"},\"image\":{\"@id\":\"https:\/\/vieassociative.be\/actualites\/cette-montre-de-fitness-economique-damazfit-ne-coute-que-80-en-ce-moment\/#primaryimage\"},\"thumbnailUrl\":\"https:\/\/vieassociative.be\/actualites\/wp-content\/uploads\/2026\/03\/Cette-montre-de-fitness-economique-dAmazfit-ne-coute-que-80.png\",\"keywords\":[\"cette\",\"co\u00fbte\",\"dAmazfit\",\"\u00e9conomique\",\"fitness\",\"moment\",\"montre\"],\"articleSection\":[\"Fitness\"],\"inLanguage\":\"fr-BE\"},{\"@type\":\"WebPage\",\"@id\":\"https:\/\/vieassociative.be\/actualites\/cette-montre-de-fitness-economique-damazfit-ne-coute-que-80-en-ce-moment\/\",\"url\":\"https:\/\/vieassociative.be\/actualites\/cette-montre-de-fitness-economique-damazfit-ne-coute-que-80-en-ce-moment\/\",\"name\":\"Cette montre de fitness \u00e9conomique d'Amazfit ne co\u00fbte que 80 $ en ce moment | Vie Associative\",\"isPartOf\":{\"@id\":\"https:\/\/vieassociative.be\/actualites\/#website\"},\"primaryImageOfPage\":{\"@id\":\"https:\/\/vieassociative.be\/actualites\/cette-montre-de-fitness-economique-damazfit-ne-coute-que-80-en-ce-moment\/#primaryimage\"},\"image\":{\"@id\":\"https:\/\/vieassociative.be\/actualites\/cette-montre-de-fitness-economique-damazfit-ne-coute-que-80-en-ce-moment\/#primaryimage\"},\"thumbnailUrl\":\"https:\/\/vieassociative.be\/actualites\/wp-content\/uploads\/2026\/03\/Cette-montre-de-fitness-economique-dAmazfit-ne-coute-que-80.png\",\"datePublished\":\"2026-03-27T02:18:09+00:00\",\"dateModified\":\"2026-03-27T02:18:09+00:00\",\"breadcrumb\":{\"@id\":\"https:\/\/vieassociative.be\/actualites\/cette-montre-de-fitness-economique-damazfit-ne-coute-que-80-en-ce-moment\/#breadcrumb\"},\"inLanguage\":\"fr-BE\",\"potentialAction\":[{\"@type\":\"ReadAction\",\"target\":[\"https:\/\/vieassociative.be\/actualites\/cette-montre-de-fitness-economique-damazfit-ne-coute-que-80-en-ce-moment\/\"]}]},{\"@type\":\"ImageObject\",\"inLanguage\":\"fr-BE\",\"@id\":\"https:\/\/vieassociative.be\/actualites\/cette-montre-de-fitness-economique-damazfit-ne-coute-que-80-en-ce-moment\/#primaryimage\",\"url\":\"https:\/\/vieassociative.be\/actualites\/wp-content\/uploads\/2026\/03\/Cette-montre-de-fitness-economique-dAmazfit-ne-coute-que-80.png\",\"contentUrl\":\"https:\/\/vieassociative.be\/actualites\/wp-content\/uploads\/2026\/03\/Cette-montre-de-fitness-economique-dAmazfit-ne-coute-que-80.png\",\"width\":1200,\"height\":675,\"caption\":\"Cette montre de fitness \u00e9conomique d'Amazfit ne co\u00fbte que 80 $ en ce moment\"},{\"@type\":\"BreadcrumbList\",\"@id\":\"https:\/\/vieassociative.be\/actualites\/cette-montre-de-fitness-economique-damazfit-ne-coute-que-80-en-ce-moment\/#breadcrumb\",\"itemListElement\":[{\"@type\":\"ListItem\",\"position\":1,\"name\":\"Accueil\",\"item\":\"https:\/\/vieassociative.be\/actualites\/\"},{\"@type\":\"ListItem\",\"position\":2,\"name\":\"Cette montre de fitness \u00e9conomique d&rsquo;Amazfit ne co\u00fbte que 80 $ en ce moment\"}]},{\"@type\":\"WebSite\",\"@id\":\"https:\/\/vieassociative.be\/actualites\/#website\",\"url\":\"https:\/\/vieassociative.be\/actualites\/\",\"name\":\"Vie Associative\",\"description\":\"\",\"publisher\":{\"@id\":\"https:\/\/vieassociative.be\/actualites\/#organization\"},\"potentialAction\":[{\"@type\":\"SearchAction\",\"target\":{\"@type\":\"EntryPoint\",\"urlTemplate\":\"https:\/\/vieassociative.be\/actualites\/?s={search_term_string}\"},\"query-input\":{\"@type\":\"PropertyValueSpecification\",\"valueRequired\":true,\"valueName\":\"search_term_string\"}}],\"inLanguage\":\"fr-BE\"},{\"@type\":\"Organization\",\"@id\":\"https:\/\/vieassociative.be\/actualites\/#organization\",\"name\":\"Vie Associative\",\"url\":\"https:\/\/vieassociative.be\/actualites\/\",\"logo\":{\"@type\":\"ImageObject\",\"inLanguage\":\"fr-BE\",\"@id\":\"https:\/\/vieassociative.be\/actualites\/#\/schema\/logo\/image\/\",\"url\":\"https:\/\/vieassociative.be\/actualites\/wp-content\/uploads\/2024\/09\/cropped-vieassociative_favicon.ico.png\",\"contentUrl\":\"https:\/\/vieassociative.be\/actualites\/wp-content\/uploads\/2024\/09\/cropped-vieassociative_favicon.ico.png\",\"width\":512,\"height\":512,\"caption\":\"Vie Associative\"},\"image\":{\"@id\":\"https:\/\/vieassociative.be\/actualites\/#\/schema\/logo\/image\/\"}},{\"@type\":\"Person\",\"@id\":\"https:\/\/vieassociative.be\/actualites\/#\/schema\/person\/b87ac4f82f9d4e7b7cec7395b679edc4\",\"name\":\"Julien\",\"image\":{\"@type\":\"ImageObject\",\"inLanguage\":\"fr-BE\",\"@id\":\"https:\/\/vieassociative.be\/actualites\/#\/schema\/person\/image\/\",\"url\":\"https:\/\/vieassociative.be\/actualites\/wp-content\/uploads\/2024\/09\/vie-associative-1-150x150.jpg\",\"contentUrl\":\"https:\/\/vieassociative.be\/actualites\/wp-content\/uploads\/2024\/09\/vie-associative-1-150x150.jpg\",\"caption\":\"Julien\"},\"description\":\"Je suis Julien, r\u00e9dacteur pour Vie Associative. Passionn\u00e9 par le monde associatif depuis plus de 10 ans, j'ai \u00e0 c\u0153ur de partager des histoires inspirantes et de mettre en lumi\u00e8re les initiatives locales. Mon objectif est de sensibiliser et d'encourager l'engagement communautaire \u00e0 travers mes articles.\",\"sameAs\":[\"https:\/\/vieassociative.be\/\"]}]}<\/script>\n<!-- \/ Yoast SEO plugin. -->","yoast_head_json":{"title":"Cette montre de fitness \u00e9conomique d'Amazfit ne co\u00fbte que 80 $ en ce moment | Vie Associative","robots":{"index":"index","follow":"follow","max-snippet":"max-snippet:-1","max-image-preview":"max-image-preview:large","max-video-preview":"max-video-preview:-1"},"canonical":"https:\/\/vieassociative.be\/actualites\/cette-montre-de-fitness-economique-damazfit-ne-coute-que-80-en-ce-moment\/","og_locale":"fr_FR","og_type":"article","og_title":"Cette montre de fitness \u00e9conomique d'Amazfit ne co\u00fbte que 80 $ en ce moment | Vie Associative","og_description":"Nous pouvons gagner une commission sur les liens sur cette page. Les prix et la disponibilit\u00e9 de l&rsquo;offre sont sujets \u00e0 changement apr\u00e8s la publication.","og_url":"https:\/\/vieassociative.be\/actualites\/cette-montre-de-fitness-economique-damazfit-ne-coute-que-80-en-ce-moment\/","og_site_name":"Vie Associative","article_published_time":"2026-03-27T02:18:09+00:00","og_image":[{"url":"https:\/\/vieassociative.be\/actualites\/wp-content\/uploads\/2026\/03\/Cette-montre-de-fitness-economique-dAmazfit-ne-coute-que-80.jpg","type":"","width":"","height":""}],"author":"Julien","twitter_card":"summary_large_image","twitter_misc":{"\u00c9crit par":"Julien","Dur\u00e9e de lecture est.":"3 minutes"},"schema":{"@context":"https:\/\/schema.org","@graph":[{"@type":"Article","@id":"https:\/\/vieassociative.be\/actualites\/cette-montre-de-fitness-economique-damazfit-ne-coute-que-80-en-ce-moment\/#article","isPartOf":{"@id":"https:\/\/vieassociative.be\/actualites\/cette-montre-de-fitness-economique-damazfit-ne-coute-que-80-en-ce-moment\/"},"author":{"name":"Julien","@id":"https:\/\/vieassociative.be\/actualites\/#\/schema\/person\/b87ac4f82f9d4e7b7cec7395b679edc4"},"headline":"Cette montre de fitness \u00e9conomique d&rsquo;Amazfit ne co\u00fbte que 80 $ en ce moment","datePublished":"2026-03-27T02:18:09+00:00","dateModified":"2026-03-27T02:18:09+00:00","mainEntityOfPage":{"@id":"https:\/\/vieassociative.be\/actualites\/cette-montre-de-fitness-economique-damazfit-ne-coute-que-80-en-ce-moment\/"},"wordCount":747,"publisher":{"@id":"https:\/\/vieassociative.be\/actualites\/#organization"},"image":{"@id":"https:\/\/vieassociative.be\/actualites\/cette-montre-de-fitness-economique-damazfit-ne-coute-que-80-en-ce-moment\/#primaryimage"},"thumbnailUrl":"https:\/\/vieassociative.be\/actualites\/wp-content\/uploads\/2026\/03\/Cette-montre-de-fitness-economique-dAmazfit-ne-coute-que-80.png","keywords":["cette","co\u00fbte","dAmazfit","\u00e9conomique","fitness","moment","montre"],"articleSection":["Fitness"],"inLanguage":"fr-BE"},{"@type":"WebPage","@id":"https:\/\/vieassociative.be\/actualites\/cette-montre-de-fitness-economique-damazfit-ne-coute-que-80-en-ce-moment\/","url":"https:\/\/vieassociative.be\/actualites\/cette-montre-de-fitness-economique-damazfit-ne-coute-que-80-en-ce-moment\/","name":"Cette montre de fitness \u00e9conomique d'Amazfit ne co\u00fbte que 80 $ en ce moment | Vie Associative","isPartOf":{"@id":"https:\/\/vieassociative.be\/actualites\/#website"},"primaryImageOfPage":{"@id":"https:\/\/vieassociative.be\/actualites\/cette-montre-de-fitness-economique-damazfit-ne-coute-que-80-en-ce-moment\/#primaryimage"},"image":{"@id":"https:\/\/vieassociative.be\/actualites\/cette-montre-de-fitness-economique-damazfit-ne-coute-que-80-en-ce-moment\/#primaryimage"},"thumbnailUrl":"https:\/\/vieassociative.be\/actualites\/wp-content\/uploads\/2026\/03\/Cette-montre-de-fitness-economique-dAmazfit-ne-coute-que-80.png","datePublished":"2026-03-27T02:18:09+00:00","dateModified":"2026-03-27T02:18:09+00:00","breadcrumb":{"@id":"https:\/\/vieassociative.be\/actualites\/cette-montre-de-fitness-economique-damazfit-ne-coute-que-80-en-ce-moment\/#breadcrumb"},"inLanguage":"fr-BE","potentialAction":[{"@type":"ReadAction","target":["https:\/\/vieassociative.be\/actualites\/cette-montre-de-fitness-economique-damazfit-ne-coute-que-80-en-ce-moment\/"]}]},{"@type":"ImageObject","inLanguage":"fr-BE","@id":"https:\/\/vieassociative.be\/actualites\/cette-montre-de-fitness-economique-damazfit-ne-coute-que-80-en-ce-moment\/#primaryimage","url":"https:\/\/vieassociative.be\/actualites\/wp-content\/uploads\/2026\/03\/Cette-montre-de-fitness-economique-dAmazfit-ne-coute-que-80.png","contentUrl":"https:\/\/vieassociative.be\/actualites\/wp-content\/uploads\/2026\/03\/Cette-montre-de-fitness-economique-dAmazfit-ne-coute-que-80.png","width":1200,"height":675,"caption":"Cette montre de fitness \u00e9conomique d'Amazfit ne co\u00fbte que 80 $ en ce moment"},{"@type":"BreadcrumbList","@id":"https:\/\/vieassociative.be\/actualites\/cette-montre-de-fitness-economique-damazfit-ne-coute-que-80-en-ce-moment\/#breadcrumb","itemListElement":[{"@type":"ListItem","position":1,"name":"Accueil","item":"https:\/\/vieassociative.be\/actualites\/"},{"@type":"ListItem","position":2,"name":"Cette montre de fitness \u00e9conomique d&rsquo;Amazfit ne co\u00fbte que 80 $ en ce moment"}]},{"@type":"WebSite","@id":"https:\/\/vieassociative.be\/actualites\/#website","url":"https:\/\/vieassociative.be\/actualites\/","name":"Vie Associative","description":"","publisher":{"@id":"https:\/\/vieassociative.be\/actualites\/#organization"},"potentialAction":[{"@type":"SearchAction","target":{"@type":"EntryPoint","urlTemplate":"https:\/\/vieassociative.be\/actualites\/?s={search_term_string}"},"query-input":{"@type":"PropertyValueSpecification","valueRequired":true,"valueName":"search_term_string"}}],"inLanguage":"fr-BE"},{"@type":"Organization","@id":"https:\/\/vieassociative.be\/actualites\/#organization","name":"Vie Associative","url":"https:\/\/vieassociative.be\/actualites\/","logo":{"@type":"ImageObject","inLanguage":"fr-BE","@id":"https:\/\/vieassociative.be\/actualites\/#\/schema\/logo\/image\/","url":"https:\/\/vieassociative.be\/actualites\/wp-content\/uploads\/2024\/09\/cropped-vieassociative_favicon.ico.png","contentUrl":"https:\/\/vieassociative.be\/actualites\/wp-content\/uploads\/2024\/09\/cropped-vieassociative_favicon.ico.png","width":512,"height":512,"caption":"Vie Associative"},"image":{"@id":"https:\/\/vieassociative.be\/actualites\/#\/schema\/logo\/image\/"}},{"@type":"Person","@id":"https:\/\/vieassociative.be\/actualites\/#\/schema\/person\/b87ac4f82f9d4e7b7cec7395b679edc4","name":"Julien","image":{"@type":"ImageObject","inLanguage":"fr-BE","@id":"https:\/\/vieassociative.be\/actualites\/#\/schema\/person\/image\/","url":"https:\/\/vieassociative.be\/actualites\/wp-content\/uploads\/2024\/09\/vie-associative-1-150x150.jpg","contentUrl":"https:\/\/vieassociative.be\/actualites\/wp-content\/uploads\/2024\/09\/vie-associative-1-150x150.jpg","caption":"Julien"},"description":"Je suis Julien, r\u00e9dacteur pour Vie Associative. Passionn\u00e9 par le monde associatif depuis plus de 10 ans, j'ai \u00e0 c\u0153ur de partager des histoires inspirantes et de mettre en lumi\u00e8re les initiatives locales. Mon objectif est de sensibiliser et d'encourager l'engagement communautaire \u00e0 travers mes articles.","sameAs":["https:\/\/vieassociative.be\/"]}]}},"_links":{"self":[{"href":"https:\/\/vieassociative.be\/actualites\/wp-json\/wp\/v2\/posts\/13199"}],"collection":[{"href":"https:\/\/vieassociative.be\/actualites\/wp-json\/wp\/v2\/posts"}],"about":[{"href":"https:\/\/vieassociative.be\/actualites\/wp-json\/wp\/v2\/types\/post"}],"author":[{"embeddable":true,"href":"https:\/\/vieassociative.be\/actualites\/wp-json\/wp\/v2\/users\/1"}],"replies":[{"embeddable":true,"href":"https:\/\/vieassociative.be\/actualites\/wp-json\/wp\/v2\/comments?post=13199"}],"version-history":[{"count":0,"href":"https:\/\/vieassociative.be\/actualites\/wp-json\/wp\/v2\/posts\/13199\/revisions"}],"wp:featuredmedia":[{"embeddable":true,"href":"https:\/\/vieassociative.be\/actualites\/wp-json\/wp\/v2\/media\/13200"}],"wp:attachment":[{"href":"https:\/\/vieassociative.be\/actualites\/wp-json\/wp\/v2\/media?parent=13199"}],"wp:term":[{"taxonomy":"category","embeddable":true,"href":"https:\/\/vieassociative.be\/actualites\/wp-json\/wp\/v2\/categories?post=13199"},{"taxonomy":"post_tag","embeddable":true,"href":"https:\/\/vieassociative.be\/actualites\/wp-json\/wp\/v2\/tags?post=13199"}],"curies":[{"name":"wp","href":"https:\/\/api.w.org\/{rel}","templated":true}]}}