{"id":13197,"date":"2026-03-26T22:17:34","date_gmt":"2026-03-26T21:17:34","guid":{"rendered":"https:\/\/vieassociative.be\/actualites\/la-majorite-de-droite-au-parlement-europeen-donne-son-feu-vert-aux-centres-dexpulsion-arimont-vote-non\/"},"modified":"2026-03-26T22:17:34","modified_gmt":"2026-03-26T21:17:34","slug":"la-majorite-de-droite-au-parlement-europeen-donne-son-feu-vert-aux-centres-dexpulsion-arimont-vote-non","status":"publish","type":"post","link":"https:\/\/vieassociative.be\/actualites\/la-majorite-de-droite-au-parlement-europeen-donne-son-feu-vert-aux-centres-dexpulsion-arimont-vote-non\/","title":{"rendered":"La majorit\u00e9 de droite au Parlement europ\u00e9en donne son feu vert aux centres d\u2019expulsion \u2013 Arimont vote non"},"content":{"rendered":"<p><strong>Le Parlement europ\u00e9en a adopt\u00e9 jeudi sa position sur le r\u00e8glement sur le retour et a consid\u00e9rablement renforc\u00e9 la proposition de la Commission. \u00c0 l\u2019avenir, les personnes en s\u00e9jour irr\u00e9gulier dans l\u2019UE devraient pouvoir \u00eatre expuls\u00e9es plus rapidement.<\/strong><\/p>\n<p><span id=\"more-437970\"><\/span>Le groupe conservateur PPE a d\u00e9velopp\u00e9 et pr\u00e9sent\u00e9 cette initiative en collaboration avec des groupes de droite. L&rsquo;eurod\u00e9put\u00e9 de l&rsquo;Est de la Belgique Pascal Arimont (CSP\/PPE) a d\u00e9clar\u00e9 qu&rsquo;il avait vot\u00e9 non.<\/p>\n<p>Le texte adopt\u00e9 vise, entre autres, \u00e0 permettre l\u2019expulsion des demandeurs d\u2019asile vers des centres de retour situ\u00e9s dans des pays ext\u00e9rieurs \u00e0 l\u2019UE. C\u2019est le pr\u00e9alable aux n\u00e9gociations avec les repr\u00e9sentants des Etats membres qui souhaitent \u00e9galement faire avancer l\u2019id\u00e9e de centres de retour.<\/p>\n<p>\u00ab\u00a0Aujourd&rsquo;hui, nous montrons clairement que des solutions europ\u00e9ennes pour lutter contre l&rsquo;immigration clandestine sont possibles\u00a0\u00bb, a d\u00e9clar\u00e9 Manfred Weber, homme politique de la CSU et chef du groupe parlementaire PPE. Les citoyens europ\u00e9ens attendaient une action d\u00e9cisive. Actuellement, seule une fraction des d\u00e9cisions d\u2019expulsion est appliqu\u00e9e. Les choses sont en train de changer : \u00ab Quiconque n\u2019a pas le droit de r\u00e9sider dans l\u2019UE doit quitter le pays \u00bb, d\u00e9clare Weber.<\/p>\n<div id=\"attachment_341925\" class=\"wp-caption alignleft\" style=\"max-width: 300px\"><img fetchpriority=\"high\" decoding=\"async\" class=\"wp-image-341925 size-medium\" src=\"https:\/\/vieassociative.be\/actualites\/wp-content\/uploads\/2026\/03\/La-majorite-de-droite-au-Parlement-europeen-donne-son-feu.jpeg\" alt=\"\" width=\"300\" height=\"200\"><\/div>\n<p>Le vote est particuli\u00e8rement explosif car le texte a non seulement \u00e9t\u00e9 adopt\u00e9 avec le soutien de la droite, mais a \u00e9galement \u00e9t\u00e9 vot\u00e9 avec elle. C&rsquo;est ce qu&rsquo;a r\u00e9cemment d\u00e9montr\u00e9 une \u00e9tude de l&rsquo;agence de presse allemande, qui a r\u00e9v\u00e9l\u00e9, entre autres, des accords dans un groupe de discussion et une r\u00e9union personnelle entre d\u00e9put\u00e9s. Le groupe PPE dirig\u00e9 par Weber a en fait toujours donn\u00e9 l&rsquo;impression qu&rsquo;il excluait toute coop\u00e9ration avec des partis comme l&rsquo;AfD.<\/p>\n<p>Weber a d\u00e9clar\u00e9 qu&rsquo;il n&rsquo;\u00e9tait pas au courant des \u00e9v\u00e9nements. Selon les informations de la DPA, le chef du groupe parlementaire PPE a clairement indiqu\u00e9 en interne que les contacts avec l&rsquo;AfD \u00e9taient inacceptables et ne devaient pas \u00eatre r\u00e9p\u00e9t\u00e9s.<\/p>\n<p><strong>\u2013 Obligation de coop\u00e9rer pour les demandeurs d\u2019asile d\u00e9bout\u00e9s :<\/strong> Outre les centres de retour, la nouvelle loi vise \u00e9galement \u00e0 cr\u00e9er des r\u00e8gles plus claires pour les retours et de nouvelles incitations au retour volontaire des migrants. Les demandeurs d&rsquo;asile d\u00e9bout\u00e9s devraient \u00e9galement \u00eatre oblig\u00e9s de participer activement \u00e0 leur rapatriement. Les migrants qui refusent de coop\u00e9rer devraient donc s\u2019attendre \u00e0 des r\u00e9ductions ou \u00e0 l\u2019annulation des pensions alimentaires ou \u00e0 la confiscation des documents de voyage \u00e0 travers l\u2019Europe.<\/p>\n<p>Selon les plans, ceux qui sont contraints de quitter le pays pourraient \u00e9galement \u00eatre emprisonn\u00e9s jusqu&rsquo;\u00e0 24 mois, par exemple s&rsquo;ils ne coop\u00e8rent pas. Une prolongation suppl\u00e9mentaire devrait \u00eatre possible en cas de risques pour la s\u00e9curit\u00e9.<\/p>\n<p>Alors que les \u00c9tats membres de l&rsquo;UE ne sont actuellement pas oblig\u00e9s de reconna\u00eetre les ordres d&rsquo;expulsion \u00e9mis par un autre \u00c9tat membre, le texte actuellement vot\u00e9 au Parlement stipule qu&rsquo;une telle reconnaissance mutuelle deviendra obligatoire \u00e0 partir de 2027 &#8211; \u00e0 moins qu&rsquo;elle ne contredise l&rsquo;ordre public. Ce point est controvers\u00e9 parmi les \u00c9tats membres.<\/p>\n<div id=\"attachment_437973\" class=\"wp-caption alignleft\" style=\"max-width: 300px\"><img decoding=\"async\" class=\"wp-image-437973 size-medium\" src=\"https:\/\/vieassociative.be\/actualites\/wp-content\/uploads\/2026\/03\/La-majorite-de-droite-au-Parlement-europeen-donne-son-feu.jpg\" alt=\"\" width=\"300\" height=\"226\"><\/div>\n<p>Le projet l\u00e9gislatif propos\u00e9 par la Commission europ\u00e9enne l&rsquo;ann\u00e9e derni\u00e8re est rest\u00e9 bloqu\u00e9 au Parlement pendant des mois parce que le PPE, les sociaux-d\u00e9mocrates et les lib\u00e9raux n&rsquo;\u00e9taient pas parvenus \u00e0 un accord. L\u2019une des raisons \u00e9tait que les sociaux-d\u00e9mocrates ne voulaient pas accepter le concept de \u00ab centres de retour \u00bb sous sa forme actuelle. Les trois familles de partis travaillent en fait ensemble au sein d\u2019une sorte de coalition informelle. Ils disposent d\u2019une faible majorit\u00e9 au Parlement, ce qui devrait rendre inutile la coop\u00e9ration avec les extr\u00e9mistes de droite.<\/p>\n<p>Apr\u00e8s l&rsquo;\u00e9chec des n\u00e9gociations, le d\u00e9put\u00e9 fran\u00e7ais Fran\u00e7ois-Xavier Bellamy a pr\u00e9sent\u00e9 la proposition, soutenue par la droite. Dans ce contexte, selon les informations de la dpa, un employ\u00e9 du groupe parlementaire PPE et un employ\u00e9 de Bellamy ont \u00e9chang\u00e9 des id\u00e9es avec les factions de droite au sein d&rsquo;un groupe WhatsApp.<\/p>\n<p><strong>\u2013 Arimont envoie un \u00ab signal clair contre la coop\u00e9ration avec l\u2019extr\u00eame droite \u00bb :<\/strong> Lors de la s\u00e9ance pl\u00e9ni\u00e8re du Parlement europ\u00e9en, le d\u00e9put\u00e9 europ\u00e9en de l&rsquo;Est de la Belgique Pascal Arimont (CSP-PPE) a vot\u00e9 contre la position du Parlement pour les n\u00e9gociations sur le soi-disant \u00ab r\u00e8glement sur le retour \u00bb.<\/p>\n<p>\u00ab\u00a0En raison des discussions pr\u00e9c\u00e9dentes sur la coop\u00e9ration entre certains coll\u00e8gues de mon groupe et des repr\u00e9sentants de groupes d&rsquo;extr\u00eame droite, j&rsquo;ai d\u00e9lib\u00e9r\u00e9ment vot\u00e9 contre ce texte. Mon objectif est d&rsquo;envoyer un signal clair. Les majorit\u00e9s uniquement par et avec l&rsquo;extr\u00eame droite sont et restent totalement inacceptables pour moi. Les partis d&rsquo;extr\u00eame droite ont pour objectif de dissoudre l&rsquo;UE et d&rsquo;\u00e9riger des murs nationalistes. Je m&rsquo;y oppose avec v\u00e9h\u00e9mence.\u00a0\u00bb<\/p>\n<div id=\"attachment_397537\" class=\"wp-caption alignleft\" style=\"max-width: 300px\"><img decoding=\"async\" class=\"wp-image-397537 size-medium\" src=\"https:\/\/vieassociative.be\/actualites\/wp-content\/uploads\/2026\/03\/1774559854_854_La-majorite-de-droite-au-Parlement-europeen-donne-son-feu.jpg\" alt=\"\" width=\"300\" height=\"200\"><\/div>\n<p>L&rsquo;eurod\u00e9put\u00e9 de l&rsquo;Est de la Belgique a \u00e9galement soulign\u00e9 : \u00ab \u00c0 notre \u00e9poque de blocs puissants et de crises g\u00e9opolitiques croissantes, il suffit d&rsquo;imaginer notre pays, la Belgique, sans l&rsquo;UE, le march\u00e9 int\u00e9rieur ou l&rsquo;euro. C&rsquo;est pourquoi la coop\u00e9ration avec des partis comme l&rsquo;AfD est et reste pour moi hors de question.<\/p>\n<p>Enfin, Arimont a annonc\u00e9 avoir d\u00e9pos\u00e9 une protestation \u00e9crite aupr\u00e8s du pr\u00e9sident du groupe PPE. \u00ab\u00a0Il reste important que toutes les factions centristes soient appel\u00e9es \u00e0 rechercher des compromis de mani\u00e8re constructive. De nos jours, nous ne pouvons plus nous permettre des blocages en plein Parlement. C&rsquo;est exactement ce qui fait la force des partis extr\u00eames, car les probl\u00e8mes non r\u00e9solus sont leur terreau\u00a0\u00bb, a pr\u00e9cis\u00e9 Arimont, qui a \u00e9galement cit\u00e9 des raisons substantielles pour son rejet.<\/p>\n<p>Arimont : \u00ab\u00a0Les soi-disant centres de retour, qui sont cens\u00e9s \u00eatre situ\u00e9s en dehors de l&rsquo;UE, n&rsquo;excluent pas, entre autres, la d\u00e9tention d&rsquo;enfants avec leurs familles. Il est juste d&rsquo;assurer syst\u00e9matiquement le retour en cas de rejet des demandes d&rsquo;asile. Cependant, nous, au sein de l&rsquo;UE, devons continuer \u00e0 garantir les droits dont b\u00e9n\u00e9ficient toutes les personnes dans ces proc\u00e9dures.\u00a0\u00bb (dpa\/cr\u00e9)<\/p>\n","protected":false},"excerpt":{"rendered":"<p>Le Parlement europ\u00e9en a adopt\u00e9 jeudi sa position sur le r\u00e8glement sur le retour et a consid\u00e9rablement renforc\u00e9 la proposition de la Commission. \u00c0 l\u2019avenir,<\/p>\n","protected":false},"author":1,"featured_media":13198,"comment_status":"","ping_status":"","sticky":false,"template":"","format":"standard","meta":{"footnotes":""},"categories":[298],"tags":[2890,289,5278,9865,728,2319,2896,2114,2882,2895,800,1564,3828],"class_list":["post-13197","post","type-post","status-publish","format-standard","has-post-thumbnail","hentry","category-belgique","tag-arimont","tag-aux","tag-centres","tag-dexpulsion","tag-donne","tag-droite","tag-europeen","tag-feu","tag-majorite","tag-parlement","tag-son","tag-vert","tag-vote","generate-columns","tablet-grid-50","mobile-grid-100","grid-parent","grid-33"],"yoast_head":"<!-- This site is optimized with the Yoast SEO plugin v24.0 - https:\/\/yoast.com\/wordpress\/plugins\/seo\/ -->\n<title>La majorit\u00e9 de droite au Parlement europ\u00e9en donne son feu vert aux centres d\u2019expulsion \u2013 Arimont vote non | Vie Associative<\/title>\n<meta name=\"robots\" content=\"index, follow, max-snippet:-1, max-image-preview:large, max-video-preview:-1\" \/>\n<link rel=\"canonical\" href=\"https:\/\/vieassociative.be\/actualites\/la-majorite-de-droite-au-parlement-europeen-donne-son-feu-vert-aux-centres-dexpulsion-arimont-vote-non\/\" \/>\n<meta property=\"og:locale\" content=\"fr_FR\" \/>\n<meta property=\"og:type\" content=\"article\" \/>\n<meta property=\"og:title\" content=\"La majorit\u00e9 de droite au Parlement europ\u00e9en donne son feu vert aux centres d\u2019expulsion \u2013 Arimont vote non | Vie Associative\" \/>\n<meta property=\"og:description\" content=\"Le Parlement europ\u00e9en a adopt\u00e9 jeudi sa position sur le r\u00e8glement sur le retour et a consid\u00e9rablement renforc\u00e9 la proposition de la Commission. \u00c0 l\u2019avenir,\" \/>\n<meta property=\"og:url\" content=\"https:\/\/vieassociative.be\/actualites\/la-majorite-de-droite-au-parlement-europeen-donne-son-feu-vert-aux-centres-dexpulsion-arimont-vote-non\/\" \/>\n<meta property=\"og:site_name\" content=\"Vie Associative\" \/>\n<meta property=\"article:published_time\" content=\"2026-03-26T21:17:34+00:00\" \/>\n<meta property=\"og:image\" content=\"https:\/\/vieassociative.be\/actualites\/wp-content\/uploads\/2024\/09\/header_backgroundk-01-e1726694325946.png\" \/>\n\t<meta property=\"og:image:width\" content=\"279\" \/>\n\t<meta property=\"og:image:height\" content=\"92\" \/>\n\t<meta property=\"og:image:type\" content=\"image\/png\" \/>\n<meta name=\"author\" content=\"Julien\" \/>\n<meta name=\"twitter:card\" content=\"summary_large_image\" \/>\n<meta name=\"twitter:label1\" content=\"\u00c9crit par\" \/>\n\t<meta name=\"twitter:data1\" content=\"Julien\" \/>\n\t<meta name=\"twitter:label2\" content=\"Dur\u00e9e de lecture est.\" \/>\n\t<meta name=\"twitter:data2\" content=\"5 minutes\" \/>\n<script type=\"application\/ld+json\" class=\"yoast-schema-graph\">{\"@context\":\"https:\/\/schema.org\",\"@graph\":[{\"@type\":\"Article\",\"@id\":\"https:\/\/vieassociative.be\/actualites\/la-majorite-de-droite-au-parlement-europeen-donne-son-feu-vert-aux-centres-dexpulsion-arimont-vote-non\/#article\",\"isPartOf\":{\"@id\":\"https:\/\/vieassociative.be\/actualites\/la-majorite-de-droite-au-parlement-europeen-donne-son-feu-vert-aux-centres-dexpulsion-arimont-vote-non\/\"},\"author\":{\"name\":\"Julien\",\"@id\":\"https:\/\/vieassociative.be\/actualites\/#\/schema\/person\/b87ac4f82f9d4e7b7cec7395b679edc4\"},\"headline\":\"La majorit\u00e9 de droite au Parlement europ\u00e9en donne son feu vert aux centres d\u2019expulsion \u2013 Arimont vote non\",\"datePublished\":\"2026-03-26T21:17:34+00:00\",\"dateModified\":\"2026-03-26T21:17:34+00:00\",\"mainEntityOfPage\":{\"@id\":\"https:\/\/vieassociative.be\/actualites\/la-majorite-de-droite-au-parlement-europeen-donne-son-feu-vert-aux-centres-dexpulsion-arimont-vote-non\/\"},\"wordCount\":1100,\"publisher\":{\"@id\":\"https:\/\/vieassociative.be\/actualites\/#organization\"},\"image\":{\"@id\":\"https:\/\/vieassociative.be\/actualites\/la-majorite-de-droite-au-parlement-europeen-donne-son-feu-vert-aux-centres-dexpulsion-arimont-vote-non\/#primaryimage\"},\"thumbnailUrl\":\"https:\/\/vieassociative.be\/actualites\/wp-content\/uploads\/2026\/03\/1774559855_La-majorite-de-droite-au-Parlement-europeen-donne-son-feu.jpg\",\"keywords\":[\"Arimont\",\"aux\",\"centres\",\"dexpulsion\",\"donne\",\"droite\",\"europ\u00e9en\",\"feu\",\"majorit\u00e9\",\"Parlement\",\"son\",\"vert\",\"vote\"],\"articleSection\":[\"Belgique\"],\"inLanguage\":\"fr-BE\"},{\"@type\":\"WebPage\",\"@id\":\"https:\/\/vieassociative.be\/actualites\/la-majorite-de-droite-au-parlement-europeen-donne-son-feu-vert-aux-centres-dexpulsion-arimont-vote-non\/\",\"url\":\"https:\/\/vieassociative.be\/actualites\/la-majorite-de-droite-au-parlement-europeen-donne-son-feu-vert-aux-centres-dexpulsion-arimont-vote-non\/\",\"name\":\"La majorit\u00e9 de droite au Parlement europ\u00e9en donne son feu vert aux centres d\u2019expulsion \u2013 Arimont vote non | Vie Associative\",\"isPartOf\":{\"@id\":\"https:\/\/vieassociative.be\/actualites\/#website\"},\"primaryImageOfPage\":{\"@id\":\"https:\/\/vieassociative.be\/actualites\/la-majorite-de-droite-au-parlement-europeen-donne-son-feu-vert-aux-centres-dexpulsion-arimont-vote-non\/#primaryimage\"},\"image\":{\"@id\":\"https:\/\/vieassociative.be\/actualites\/la-majorite-de-droite-au-parlement-europeen-donne-son-feu-vert-aux-centres-dexpulsion-arimont-vote-non\/#primaryimage\"},\"thumbnailUrl\":\"https:\/\/vieassociative.be\/actualites\/wp-content\/uploads\/2026\/03\/1774559855_La-majorite-de-droite-au-Parlement-europeen-donne-son-feu.jpg\",\"datePublished\":\"2026-03-26T21:17:34+00:00\",\"dateModified\":\"2026-03-26T21:17:34+00:00\",\"breadcrumb\":{\"@id\":\"https:\/\/vieassociative.be\/actualites\/la-majorite-de-droite-au-parlement-europeen-donne-son-feu-vert-aux-centres-dexpulsion-arimont-vote-non\/#breadcrumb\"},\"inLanguage\":\"fr-BE\",\"potentialAction\":[{\"@type\":\"ReadAction\",\"target\":[\"https:\/\/vieassociative.be\/actualites\/la-majorite-de-droite-au-parlement-europeen-donne-son-feu-vert-aux-centres-dexpulsion-arimont-vote-non\/\"]}]},{\"@type\":\"ImageObject\",\"inLanguage\":\"fr-BE\",\"@id\":\"https:\/\/vieassociative.be\/actualites\/la-majorite-de-droite-au-parlement-europeen-donne-son-feu-vert-aux-centres-dexpulsion-arimont-vote-non\/#primaryimage\",\"url\":\"https:\/\/vieassociative.be\/actualites\/wp-content\/uploads\/2026\/03\/1774559855_La-majorite-de-droite-au-Parlement-europeen-donne-son-feu.jpg\",\"contentUrl\":\"https:\/\/vieassociative.be\/actualites\/wp-content\/uploads\/2026\/03\/1774559855_La-majorite-de-droite-au-Parlement-europeen-donne-son-feu.jpg\",\"width\":1200,\"height\":800,\"caption\":\"La majorit\u00e9 de droite au Parlement europ\u00e9en donne son feu vert aux centres d\u2019expulsion \u2013 Arimont vote non\"},{\"@type\":\"BreadcrumbList\",\"@id\":\"https:\/\/vieassociative.be\/actualites\/la-majorite-de-droite-au-parlement-europeen-donne-son-feu-vert-aux-centres-dexpulsion-arimont-vote-non\/#breadcrumb\",\"itemListElement\":[{\"@type\":\"ListItem\",\"position\":1,\"name\":\"Accueil\",\"item\":\"https:\/\/vieassociative.be\/actualites\/\"},{\"@type\":\"ListItem\",\"position\":2,\"name\":\"La majorit\u00e9 de droite au Parlement europ\u00e9en donne son feu vert aux centres d\u2019expulsion \u2013 Arimont vote non\"}]},{\"@type\":\"WebSite\",\"@id\":\"https:\/\/vieassociative.be\/actualites\/#website\",\"url\":\"https:\/\/vieassociative.be\/actualites\/\",\"name\":\"Vie Associative\",\"description\":\"\",\"publisher\":{\"@id\":\"https:\/\/vieassociative.be\/actualites\/#organization\"},\"potentialAction\":[{\"@type\":\"SearchAction\",\"target\":{\"@type\":\"EntryPoint\",\"urlTemplate\":\"https:\/\/vieassociative.be\/actualites\/?s={search_term_string}\"},\"query-input\":{\"@type\":\"PropertyValueSpecification\",\"valueRequired\":true,\"valueName\":\"search_term_string\"}}],\"inLanguage\":\"fr-BE\"},{\"@type\":\"Organization\",\"@id\":\"https:\/\/vieassociative.be\/actualites\/#organization\",\"name\":\"Vie Associative\",\"url\":\"https:\/\/vieassociative.be\/actualites\/\",\"logo\":{\"@type\":\"ImageObject\",\"inLanguage\":\"fr-BE\",\"@id\":\"https:\/\/vieassociative.be\/actualites\/#\/schema\/logo\/image\/\",\"url\":\"https:\/\/vieassociative.be\/actualites\/wp-content\/uploads\/2024\/09\/cropped-vieassociative_favicon.ico.png\",\"contentUrl\":\"https:\/\/vieassociative.be\/actualites\/wp-content\/uploads\/2024\/09\/cropped-vieassociative_favicon.ico.png\",\"width\":512,\"height\":512,\"caption\":\"Vie Associative\"},\"image\":{\"@id\":\"https:\/\/vieassociative.be\/actualites\/#\/schema\/logo\/image\/\"}},{\"@type\":\"Person\",\"@id\":\"https:\/\/vieassociative.be\/actualites\/#\/schema\/person\/b87ac4f82f9d4e7b7cec7395b679edc4\",\"name\":\"Julien\",\"image\":{\"@type\":\"ImageObject\",\"inLanguage\":\"fr-BE\",\"@id\":\"https:\/\/vieassociative.be\/actualites\/#\/schema\/person\/image\/\",\"url\":\"https:\/\/vieassociative.be\/actualites\/wp-content\/uploads\/2024\/09\/vie-associative-1-150x150.jpg\",\"contentUrl\":\"https:\/\/vieassociative.be\/actualites\/wp-content\/uploads\/2024\/09\/vie-associative-1-150x150.jpg\",\"caption\":\"Julien\"},\"description\":\"Je suis Julien, r\u00e9dacteur pour Vie Associative. Passionn\u00e9 par le monde associatif depuis plus de 10 ans, j'ai \u00e0 c\u0153ur de partager des histoires inspirantes et de mettre en lumi\u00e8re les initiatives locales. Mon objectif est de sensibiliser et d'encourager l'engagement communautaire \u00e0 travers mes articles.\",\"sameAs\":[\"https:\/\/vieassociative.be\/\"]}]}<\/script>\n<!-- \/ Yoast SEO plugin. -->","yoast_head_json":{"title":"La majorit\u00e9 de droite au Parlement europ\u00e9en donne son feu vert aux centres d\u2019expulsion \u2013 Arimont vote non | Vie Associative","robots":{"index":"index","follow":"follow","max-snippet":"max-snippet:-1","max-image-preview":"max-image-preview:large","max-video-preview":"max-video-preview:-1"},"canonical":"https:\/\/vieassociative.be\/actualites\/la-majorite-de-droite-au-parlement-europeen-donne-son-feu-vert-aux-centres-dexpulsion-arimont-vote-non\/","og_locale":"fr_FR","og_type":"article","og_title":"La majorit\u00e9 de droite au Parlement europ\u00e9en donne son feu vert aux centres d\u2019expulsion \u2013 Arimont vote non | Vie Associative","og_description":"Le Parlement europ\u00e9en a adopt\u00e9 jeudi sa position sur le r\u00e8glement sur le retour et a consid\u00e9rablement renforc\u00e9 la proposition de la Commission. \u00c0 l\u2019avenir,","og_url":"https:\/\/vieassociative.be\/actualites\/la-majorite-de-droite-au-parlement-europeen-donne-son-feu-vert-aux-centres-dexpulsion-arimont-vote-non\/","og_site_name":"Vie Associative","article_published_time":"2026-03-26T21:17:34+00:00","og_image":[{"width":279,"height":92,"url":"https:\/\/vieassociative.be\/actualites\/wp-content\/uploads\/2024\/09\/header_backgroundk-01-e1726694325946.png","type":"image\/png"}],"author":"Julien","twitter_card":"summary_large_image","twitter_misc":{"\u00c9crit par":"Julien","Dur\u00e9e de lecture est.":"5 minutes"},"schema":{"@context":"https:\/\/schema.org","@graph":[{"@type":"Article","@id":"https:\/\/vieassociative.be\/actualites\/la-majorite-de-droite-au-parlement-europeen-donne-son-feu-vert-aux-centres-dexpulsion-arimont-vote-non\/#article","isPartOf":{"@id":"https:\/\/vieassociative.be\/actualites\/la-majorite-de-droite-au-parlement-europeen-donne-son-feu-vert-aux-centres-dexpulsion-arimont-vote-non\/"},"author":{"name":"Julien","@id":"https:\/\/vieassociative.be\/actualites\/#\/schema\/person\/b87ac4f82f9d4e7b7cec7395b679edc4"},"headline":"La majorit\u00e9 de droite au Parlement europ\u00e9en donne son feu vert aux centres d\u2019expulsion \u2013 Arimont vote non","datePublished":"2026-03-26T21:17:34+00:00","dateModified":"2026-03-26T21:17:34+00:00","mainEntityOfPage":{"@id":"https:\/\/vieassociative.be\/actualites\/la-majorite-de-droite-au-parlement-europeen-donne-son-feu-vert-aux-centres-dexpulsion-arimont-vote-non\/"},"wordCount":1100,"publisher":{"@id":"https:\/\/vieassociative.be\/actualites\/#organization"},"image":{"@id":"https:\/\/vieassociative.be\/actualites\/la-majorite-de-droite-au-parlement-europeen-donne-son-feu-vert-aux-centres-dexpulsion-arimont-vote-non\/#primaryimage"},"thumbnailUrl":"https:\/\/vieassociative.be\/actualites\/wp-content\/uploads\/2026\/03\/1774559855_La-majorite-de-droite-au-Parlement-europeen-donne-son-feu.jpg","keywords":["Arimont","aux","centres","dexpulsion","donne","droite","europ\u00e9en","feu","majorit\u00e9","Parlement","son","vert","vote"],"articleSection":["Belgique"],"inLanguage":"fr-BE"},{"@type":"WebPage","@id":"https:\/\/vieassociative.be\/actualites\/la-majorite-de-droite-au-parlement-europeen-donne-son-feu-vert-aux-centres-dexpulsion-arimont-vote-non\/","url":"https:\/\/vieassociative.be\/actualites\/la-majorite-de-droite-au-parlement-europeen-donne-son-feu-vert-aux-centres-dexpulsion-arimont-vote-non\/","name":"La majorit\u00e9 de droite au Parlement europ\u00e9en donne son feu vert aux centres d\u2019expulsion \u2013 Arimont vote non | Vie Associative","isPartOf":{"@id":"https:\/\/vieassociative.be\/actualites\/#website"},"primaryImageOfPage":{"@id":"https:\/\/vieassociative.be\/actualites\/la-majorite-de-droite-au-parlement-europeen-donne-son-feu-vert-aux-centres-dexpulsion-arimont-vote-non\/#primaryimage"},"image":{"@id":"https:\/\/vieassociative.be\/actualites\/la-majorite-de-droite-au-parlement-europeen-donne-son-feu-vert-aux-centres-dexpulsion-arimont-vote-non\/#primaryimage"},"thumbnailUrl":"https:\/\/vieassociative.be\/actualites\/wp-content\/uploads\/2026\/03\/1774559855_La-majorite-de-droite-au-Parlement-europeen-donne-son-feu.jpg","datePublished":"2026-03-26T21:17:34+00:00","dateModified":"2026-03-26T21:17:34+00:00","breadcrumb":{"@id":"https:\/\/vieassociative.be\/actualites\/la-majorite-de-droite-au-parlement-europeen-donne-son-feu-vert-aux-centres-dexpulsion-arimont-vote-non\/#breadcrumb"},"inLanguage":"fr-BE","potentialAction":[{"@type":"ReadAction","target":["https:\/\/vieassociative.be\/actualites\/la-majorite-de-droite-au-parlement-europeen-donne-son-feu-vert-aux-centres-dexpulsion-arimont-vote-non\/"]}]},{"@type":"ImageObject","inLanguage":"fr-BE","@id":"https:\/\/vieassociative.be\/actualites\/la-majorite-de-droite-au-parlement-europeen-donne-son-feu-vert-aux-centres-dexpulsion-arimont-vote-non\/#primaryimage","url":"https:\/\/vieassociative.be\/actualites\/wp-content\/uploads\/2026\/03\/1774559855_La-majorite-de-droite-au-Parlement-europeen-donne-son-feu.jpg","contentUrl":"https:\/\/vieassociative.be\/actualites\/wp-content\/uploads\/2026\/03\/1774559855_La-majorite-de-droite-au-Parlement-europeen-donne-son-feu.jpg","width":1200,"height":800,"caption":"La majorit\u00e9 de droite au Parlement europ\u00e9en donne son feu vert aux centres d\u2019expulsion \u2013 Arimont vote non"},{"@type":"BreadcrumbList","@id":"https:\/\/vieassociative.be\/actualites\/la-majorite-de-droite-au-parlement-europeen-donne-son-feu-vert-aux-centres-dexpulsion-arimont-vote-non\/#breadcrumb","itemListElement":[{"@type":"ListItem","position":1,"name":"Accueil","item":"https:\/\/vieassociative.be\/actualites\/"},{"@type":"ListItem","position":2,"name":"La majorit\u00e9 de droite au Parlement europ\u00e9en donne son feu vert aux centres d\u2019expulsion \u2013 Arimont vote non"}]},{"@type":"WebSite","@id":"https:\/\/vieassociative.be\/actualites\/#website","url":"https:\/\/vieassociative.be\/actualites\/","name":"Vie Associative","description":"","publisher":{"@id":"https:\/\/vieassociative.be\/actualites\/#organization"},"potentialAction":[{"@type":"SearchAction","target":{"@type":"EntryPoint","urlTemplate":"https:\/\/vieassociative.be\/actualites\/?s={search_term_string}"},"query-input":{"@type":"PropertyValueSpecification","valueRequired":true,"valueName":"search_term_string"}}],"inLanguage":"fr-BE"},{"@type":"Organization","@id":"https:\/\/vieassociative.be\/actualites\/#organization","name":"Vie Associative","url":"https:\/\/vieassociative.be\/actualites\/","logo":{"@type":"ImageObject","inLanguage":"fr-BE","@id":"https:\/\/vieassociative.be\/actualites\/#\/schema\/logo\/image\/","url":"https:\/\/vieassociative.be\/actualites\/wp-content\/uploads\/2024\/09\/cropped-vieassociative_favicon.ico.png","contentUrl":"https:\/\/vieassociative.be\/actualites\/wp-content\/uploads\/2024\/09\/cropped-vieassociative_favicon.ico.png","width":512,"height":512,"caption":"Vie Associative"},"image":{"@id":"https:\/\/vieassociative.be\/actualites\/#\/schema\/logo\/image\/"}},{"@type":"Person","@id":"https:\/\/vieassociative.be\/actualites\/#\/schema\/person\/b87ac4f82f9d4e7b7cec7395b679edc4","name":"Julien","image":{"@type":"ImageObject","inLanguage":"fr-BE","@id":"https:\/\/vieassociative.be\/actualites\/#\/schema\/person\/image\/","url":"https:\/\/vieassociative.be\/actualites\/wp-content\/uploads\/2024\/09\/vie-associative-1-150x150.jpg","contentUrl":"https:\/\/vieassociative.be\/actualites\/wp-content\/uploads\/2024\/09\/vie-associative-1-150x150.jpg","caption":"Julien"},"description":"Je suis Julien, r\u00e9dacteur pour Vie Associative. Passionn\u00e9 par le monde associatif depuis plus de 10 ans, j'ai \u00e0 c\u0153ur de partager des histoires inspirantes et de mettre en lumi\u00e8re les initiatives locales. Mon objectif est de sensibiliser et d'encourager l'engagement communautaire \u00e0 travers mes articles.","sameAs":["https:\/\/vieassociative.be\/"]}]}},"_links":{"self":[{"href":"https:\/\/vieassociative.be\/actualites\/wp-json\/wp\/v2\/posts\/13197"}],"collection":[{"href":"https:\/\/vieassociative.be\/actualites\/wp-json\/wp\/v2\/posts"}],"about":[{"href":"https:\/\/vieassociative.be\/actualites\/wp-json\/wp\/v2\/types\/post"}],"author":[{"embeddable":true,"href":"https:\/\/vieassociative.be\/actualites\/wp-json\/wp\/v2\/users\/1"}],"replies":[{"embeddable":true,"href":"https:\/\/vieassociative.be\/actualites\/wp-json\/wp\/v2\/comments?post=13197"}],"version-history":[{"count":0,"href":"https:\/\/vieassociative.be\/actualites\/wp-json\/wp\/v2\/posts\/13197\/revisions"}],"wp:featuredmedia":[{"embeddable":true,"href":"https:\/\/vieassociative.be\/actualites\/wp-json\/wp\/v2\/media\/13198"}],"wp:attachment":[{"href":"https:\/\/vieassociative.be\/actualites\/wp-json\/wp\/v2\/media?parent=13197"}],"wp:term":[{"taxonomy":"category","embeddable":true,"href":"https:\/\/vieassociative.be\/actualites\/wp-json\/wp\/v2\/categories?post=13197"},{"taxonomy":"post_tag","embeddable":true,"href":"https:\/\/vieassociative.be\/actualites\/wp-json\/wp\/v2\/tags?post=13197"}],"curies":[{"name":"wp","href":"https:\/\/api.w.org\/{rel}","templated":true}]}}