{"id":13194,"date":"2026-03-26T16:17:10","date_gmt":"2026-03-26T15:17:10","guid":{"rendered":"https:\/\/vieassociative.be\/actualites\/une-coupe-du-monde-sans-litalie-nest-quune-demi-coupe-du-monde-les-azzurri-ne-sont-ils-que-spectateurs-pour-la-troisieme-fois-consecutive\/"},"modified":"2026-03-26T16:17:10","modified_gmt":"2026-03-26T15:17:10","slug":"une-coupe-du-monde-sans-litalie-nest-quune-demi-coupe-du-monde-les-azzurri-ne-sont-ils-que-spectateurs-pour-la-troisieme-fois-consecutive","status":"publish","type":"post","link":"https:\/\/vieassociative.be\/actualites\/une-coupe-du-monde-sans-litalie-nest-quune-demi-coupe-du-monde-les-azzurri-ne-sont-ils-que-spectateurs-pour-la-troisieme-fois-consecutive\/","title":{"rendered":"\u00ab Une Coupe du monde sans l&rsquo;Italie n&rsquo;est qu&rsquo;une demi-Coupe du monde \u00bb : les Azzurri ne sont-ils que spectateurs pour la troisi\u00e8me fois cons\u00e9cutive ?"},"content":{"rendered":"<p><strong>Aujourd&rsquo;hui, jeudi et mardi prochain, les six derniers billets pour la Coupe du monde d&rsquo;\u00e9t\u00e9 se joueront aux \u00c9tats-Unis, au Mexique et au Canada. En Europe, quatre des 16 places de d\u00e9part sont encore ouvertes. <\/strong><\/p>\n<p><span id=\"more-437962\"><\/span>L&rsquo;Italie risque de manquer la phase finale de la Coupe du monde pour la troisi\u00e8me fois cons\u00e9cutive. 48 \u00e9quipes au m\u00e9ga \u00e9v\u00e9nement aux USA, au Canada et au Mexique, mais la Squadra Azzurra n&rsquo;est pas l\u00e0 ? Ce serait une catastrophe sportive pour la fi\u00e8re nation du football et le quadruple champion du monde.<\/p>\n<p>\u00ab\u00a0Une Coupe du monde sans l&rsquo;Italie n&rsquo;est qu&rsquo;une demi-Coupe du monde\u00a0\u00bb, a \u00e9crit le chroniqueur de Bild Alfred Draxler apr\u00e8s la d\u00e9b\u00e2cle de l&rsquo;Atalanta Bergame contre le Bayern Munich. Le football italien n&rsquo;est repr\u00e9sent\u00e9 ni en Ligue des champions ni en Ligue Europa. Un troisi\u00e8me \u00e9chec cons\u00e9cutif \u00e0 se qualifier pour la Coupe du monde serait un d\u00e9sastre pour cette grande nation du football, qui a attir\u00e9 des stars du football du monde entier \u00e0 la fin des ann\u00e9es 1980 et au d\u00e9but des ann\u00e9es 1990.<\/p>\n<div id=\"attachment_437967\" class=\"wp-caption alignleft\" style=\"max-width: 300px\"><img fetchpriority=\"high\" decoding=\"async\" class=\"wp-image-437967 size-medium\" src=\"https:\/\/vieassociative.be\/actualites\/wp-content\/uploads\/2026\/03\/Une-Coupe-du-monde-sans-lItalie-nest-quune-demi-Coupe.jpg\" alt=\"\" width=\"300\" height=\"225\"><\/div>\n<p>Si les Italiens l&#8217;emportent contre l&rsquo;Irlande du Nord \u00e0 Bergame ce jeudi (20h45\/application DAZN), leurs adversaires en finale mardi prochain seront soit le Pays de Galles, soit la Bosnie-Herz\u00e9govine. L&rsquo;Italie n&rsquo;a plus perdu contre l&rsquo;Irlande du Nord depuis 1958. Depuis, il y a eu six victoires et deux nuls. Lors des sept derniers matchs, l\u2019Italie a gard\u00e9 sa cage inviol\u00e9e.<\/p>\n<p>Si elle se qualifie, l&rsquo;\u00e9quipe de Gattuso affrontera le Canada, le Qatar et la Suisse dans le groupe B de la Coupe du monde.<\/p>\n<p><strong>\u2013 Comment va la mode en Europe ?<\/strong> Les \u00e9liminatoires de l&rsquo;UEFA sont divis\u00e9es en voies A, B, C et D. Quatre \u00e9quipes jouent dans chaque voie, il y a une demi-finale puis une finale. Une seule partie est toujours jou\u00e9e. Le vainqueur de chaque voie se rend \u00e0 la Coupe du monde. En cas d&rsquo;\u00e9galit\u00e9 apr\u00e8s 90 minutes, une prolongation et des tirs au but suivront s&rsquo;il n&rsquo;y a toujours pas de vainqueur.<\/p>\n<p>Voie A : Gagnants Pays de Galles\/Bosnie-Herz\u00e9govine \u2013 Gagnants Italie\/Irlande du Nord<\/p>\n<p>Voie B : Vainqueur Ukraine\/Su\u00e8de \u2013 Vainqueur Pologne\/Albanie<\/p>\n<p>Voie C : Vainqueur Slovaquie\/Kosovo \u2013 Vainqueur Turquie\/Roumanie<\/p>\n<p>Voie D : Gagnants R\u00e9publique tch\u00e8que\/Irlande \u2013 Gagnants Danemark\/Mac\u00e9doine du Nord<\/p>\n<div id=\"attachment_437968\" class=\"wp-caption alignleft\" style=\"max-width: 300px\"><img decoding=\"async\" class=\"wp-image-437968 size-medium\" src=\"https:\/\/vieassociative.be\/actualites\/wp-content\/uploads\/2026\/03\/1774538230_19_Une-Coupe-du-monde-sans-lItalie-nest-quune-demi-Coupe.jpg\" alt=\"\" width=\"300\" height=\"200\"><\/div>\n<p>L&rsquo;\u00e9quipe avec le meilleur bilan lors des qualifications a l&rsquo;avantage du terrain. Les droits \u00e0 domicile pour la finale ont \u00e9t\u00e9 tir\u00e9s au sort en novembre.<\/p>\n<p>Le vainqueur de la voie D se rend dans le groupe A de la Coupe du monde avec le Mexique, co-h\u00f4te, de la voie A, il va au groupe B et co-organise le Canada. Le vainqueur de la Voie C affrontera les \u00c9tats-Unis dans le Groupe D. La Voie B m\u00e8ne au Groupe F avec les Pays-Bas.<\/p>\n<p><strong>\u2013 Comment se d\u00e9roulent les \u00e9liminatoires internationales ?<\/strong> Les choses sont un peu plus claires au Mexique dans les stades de la Coupe du monde de Guadalajara et de Monterrey. Deux billets sont attribu\u00e9s dans deux voies. Il n&rsquo;y a qu&rsquo;une seule demi-finale, puisque les deux \u00e9quipes les mieux class\u00e9es parmi les six au classement mondial sont d\u00e9j\u00e0 automatiquement en finale.<\/p>\n<p>Voie A (Guadalajara) : Vainqueur Nouvelle-Cal\u00e9donie\/Jama\u00efque \u2013 Congo<\/p>\n<p>Voie B (Monterrey) : Vainqueur Bolivie\/Suriname \u2013 Irak<\/p>\n<p>Le vainqueur de Guadalajara affrontera, entre autres, le Portugal dans le groupe K de la Coupe du monde. Celui qui l&#8217;emportera \u00e0 Monterrey sera dans le premier groupe I avec la France, le S\u00e9n\u00e9gal et la Norv\u00e8ge.<\/p>\n<p><strong>\u2013 Les matchs seront-ils diffus\u00e9s ?<\/strong> En Belgique, tous les playoffs europ\u00e9ens sont visibles sur l&rsquo;application DAZN. Dans l\u2019\u00e9tat actuel des choses, les playoffs intercontinentaux ne seront pas diffus\u00e9s. (cr\u00e9\/dpa)<\/p>\n","protected":false},"excerpt":{"rendered":"<p>Aujourd&rsquo;hui, jeudi et mardi prochain, les six derniers billets pour la Coupe du monde d&rsquo;\u00e9t\u00e9 se joueront aux \u00c9tats-Unis, au Mexique et au Canada. En<\/p>\n","protected":false},"author":1,"featured_media":13195,"comment_status":"","ping_status":"","sticky":false,"template":"","format":"standard","meta":{"footnotes":""},"categories":[298],"tags":[10347,4809,2472,10346,774,14,3003,237,1082,81,2983,130,4261,10348,3868,110],"class_list":["post-13194","post","type-post","status-publish","format-standard","has-post-thumbnail","hentry","category-belgique","tag-azzurri","tag-consecutive","tag-coupe","tag-demicoupe","tag-fois","tag-les","tag-litalie","tag-monde","tag-nest","tag-pour","tag-quune","tag-sans","tag-sontils","tag-spectateurs","tag-troisieme","tag-une","generate-columns","tablet-grid-50","mobile-grid-100","grid-parent","grid-33"],"yoast_head":"<!-- This site is optimized with the Yoast SEO plugin v24.0 - https:\/\/yoast.com\/wordpress\/plugins\/seo\/ -->\n<title>\u00ab Une Coupe du monde sans l&#039;Italie n&#039;est qu&#039;une demi-Coupe du monde \u00bb : les Azzurri ne sont-ils que spectateurs pour la troisi\u00e8me fois cons\u00e9cutive ? | Vie Associative<\/title>\n<meta name=\"robots\" content=\"index, follow, max-snippet:-1, max-image-preview:large, max-video-preview:-1\" \/>\n<link rel=\"canonical\" href=\"https:\/\/vieassociative.be\/actualites\/une-coupe-du-monde-sans-litalie-nest-quune-demi-coupe-du-monde-les-azzurri-ne-sont-ils-que-spectateurs-pour-la-troisieme-fois-consecutive\/\" \/>\n<meta property=\"og:locale\" content=\"fr_FR\" \/>\n<meta property=\"og:type\" content=\"article\" \/>\n<meta property=\"og:title\" content=\"\u00ab Une Coupe du monde sans l&#039;Italie n&#039;est qu&#039;une demi-Coupe du monde \u00bb : les Azzurri ne sont-ils que spectateurs pour la troisi\u00e8me fois cons\u00e9cutive ? | Vie Associative\" \/>\n<meta property=\"og:description\" content=\"Aujourd&rsquo;hui, jeudi et mardi prochain, les six derniers billets pour la Coupe du monde d&rsquo;\u00e9t\u00e9 se joueront aux \u00c9tats-Unis, au Mexique et au Canada. En\" \/>\n<meta property=\"og:url\" content=\"https:\/\/vieassociative.be\/actualites\/une-coupe-du-monde-sans-litalie-nest-quune-demi-coupe-du-monde-les-azzurri-ne-sont-ils-que-spectateurs-pour-la-troisieme-fois-consecutive\/\" \/>\n<meta property=\"og:site_name\" content=\"Vie Associative\" \/>\n<meta property=\"article:published_time\" content=\"2026-03-26T15:17:10+00:00\" \/>\n<meta property=\"og:image\" content=\"https:\/\/vieassociative.be\/actualites\/wp-content\/uploads\/2024\/09\/header_backgroundk-01-e1726694325946.png\" \/>\n\t<meta property=\"og:image:width\" content=\"279\" \/>\n\t<meta property=\"og:image:height\" content=\"92\" \/>\n\t<meta property=\"og:image:type\" content=\"image\/png\" \/>\n<meta name=\"author\" content=\"Julien\" \/>\n<meta name=\"twitter:card\" content=\"summary_large_image\" \/>\n<meta name=\"twitter:label1\" content=\"\u00c9crit par\" \/>\n\t<meta name=\"twitter:data1\" content=\"Julien\" \/>\n\t<meta name=\"twitter:label2\" content=\"Dur\u00e9e de lecture est.\" \/>\n\t<meta name=\"twitter:data2\" content=\"3 minutes\" \/>\n<script type=\"application\/ld+json\" class=\"yoast-schema-graph\">{\"@context\":\"https:\/\/schema.org\",\"@graph\":[{\"@type\":\"Article\",\"@id\":\"https:\/\/vieassociative.be\/actualites\/une-coupe-du-monde-sans-litalie-nest-quune-demi-coupe-du-monde-les-azzurri-ne-sont-ils-que-spectateurs-pour-la-troisieme-fois-consecutive\/#article\",\"isPartOf\":{\"@id\":\"https:\/\/vieassociative.be\/actualites\/une-coupe-du-monde-sans-litalie-nest-quune-demi-coupe-du-monde-les-azzurri-ne-sont-ils-que-spectateurs-pour-la-troisieme-fois-consecutive\/\"},\"author\":{\"name\":\"Julien\",\"@id\":\"https:\/\/vieassociative.be\/actualites\/#\/schema\/person\/b87ac4f82f9d4e7b7cec7395b679edc4\"},\"headline\":\"\u00ab Une Coupe du monde sans l&rsquo;Italie n&rsquo;est qu&rsquo;une demi-Coupe du monde \u00bb : les Azzurri ne sont-ils que spectateurs pour la troisi\u00e8me fois cons\u00e9cutive ?\",\"datePublished\":\"2026-03-26T15:17:10+00:00\",\"dateModified\":\"2026-03-26T15:17:10+00:00\",\"mainEntityOfPage\":{\"@id\":\"https:\/\/vieassociative.be\/actualites\/une-coupe-du-monde-sans-litalie-nest-quune-demi-coupe-du-monde-les-azzurri-ne-sont-ils-que-spectateurs-pour-la-troisieme-fois-consecutive\/\"},\"wordCount\":675,\"publisher\":{\"@id\":\"https:\/\/vieassociative.be\/actualites\/#organization\"},\"image\":{\"@id\":\"https:\/\/vieassociative.be\/actualites\/une-coupe-du-monde-sans-litalie-nest-quune-demi-coupe-du-monde-les-azzurri-ne-sont-ils-que-spectateurs-pour-la-troisieme-fois-consecutive\/#primaryimage\"},\"thumbnailUrl\":\"https:\/\/vieassociative.be\/actualites\/wp-content\/uploads\/2026\/03\/1774538231_Une-Coupe-du-monde-sans-lItalie-nest-quune-demi-Coupe.jpg\",\"keywords\":[\"Azzurri\",\"cons\u00e9cutive\",\"Coupe\",\"demiCoupe\",\"fois\",\"Les\",\"lItalie\",\"monde\",\"nest\",\"pour\",\"quune\",\"sans\",\"sontils\",\"spectateurs\",\"troisi\u00e8me\",\"une\"],\"articleSection\":[\"Belgique\"],\"inLanguage\":\"fr-BE\"},{\"@type\":\"WebPage\",\"@id\":\"https:\/\/vieassociative.be\/actualites\/une-coupe-du-monde-sans-litalie-nest-quune-demi-coupe-du-monde-les-azzurri-ne-sont-ils-que-spectateurs-pour-la-troisieme-fois-consecutive\/\",\"url\":\"https:\/\/vieassociative.be\/actualites\/une-coupe-du-monde-sans-litalie-nest-quune-demi-coupe-du-monde-les-azzurri-ne-sont-ils-que-spectateurs-pour-la-troisieme-fois-consecutive\/\",\"name\":\"\u00ab Une Coupe du monde sans l'Italie n'est qu'une demi-Coupe du monde \u00bb : les Azzurri ne sont-ils que spectateurs pour la troisi\u00e8me fois cons\u00e9cutive ? | Vie Associative\",\"isPartOf\":{\"@id\":\"https:\/\/vieassociative.be\/actualites\/#website\"},\"primaryImageOfPage\":{\"@id\":\"https:\/\/vieassociative.be\/actualites\/une-coupe-du-monde-sans-litalie-nest-quune-demi-coupe-du-monde-les-azzurri-ne-sont-ils-que-spectateurs-pour-la-troisieme-fois-consecutive\/#primaryimage\"},\"image\":{\"@id\":\"https:\/\/vieassociative.be\/actualites\/une-coupe-du-monde-sans-litalie-nest-quune-demi-coupe-du-monde-les-azzurri-ne-sont-ils-que-spectateurs-pour-la-troisieme-fois-consecutive\/#primaryimage\"},\"thumbnailUrl\":\"https:\/\/vieassociative.be\/actualites\/wp-content\/uploads\/2026\/03\/1774538231_Une-Coupe-du-monde-sans-lItalie-nest-quune-demi-Coupe.jpg\",\"datePublished\":\"2026-03-26T15:17:10+00:00\",\"dateModified\":\"2026-03-26T15:17:10+00:00\",\"breadcrumb\":{\"@id\":\"https:\/\/vieassociative.be\/actualites\/une-coupe-du-monde-sans-litalie-nest-quune-demi-coupe-du-monde-les-azzurri-ne-sont-ils-que-spectateurs-pour-la-troisieme-fois-consecutive\/#breadcrumb\"},\"inLanguage\":\"fr-BE\",\"potentialAction\":[{\"@type\":\"ReadAction\",\"target\":[\"https:\/\/vieassociative.be\/actualites\/une-coupe-du-monde-sans-litalie-nest-quune-demi-coupe-du-monde-les-azzurri-ne-sont-ils-que-spectateurs-pour-la-troisieme-fois-consecutive\/\"]}]},{\"@type\":\"ImageObject\",\"inLanguage\":\"fr-BE\",\"@id\":\"https:\/\/vieassociative.be\/actualites\/une-coupe-du-monde-sans-litalie-nest-quune-demi-coupe-du-monde-les-azzurri-ne-sont-ils-que-spectateurs-pour-la-troisieme-fois-consecutive\/#primaryimage\",\"url\":\"https:\/\/vieassociative.be\/actualites\/wp-content\/uploads\/2026\/03\/1774538231_Une-Coupe-du-monde-sans-lItalie-nest-quune-demi-Coupe.jpg\",\"contentUrl\":\"https:\/\/vieassociative.be\/actualites\/wp-content\/uploads\/2026\/03\/1774538231_Une-Coupe-du-monde-sans-lItalie-nest-quune-demi-Coupe.jpg\",\"width\":1200,\"height\":800,\"caption\":\"\u00ab Une Coupe du monde sans l'Italie n'est qu'une demi-Coupe du monde \u00bb : les Azzurri ne sont-ils que spectateurs pour la troisi\u00e8me fois cons\u00e9cutive ?\"},{\"@type\":\"BreadcrumbList\",\"@id\":\"https:\/\/vieassociative.be\/actualites\/une-coupe-du-monde-sans-litalie-nest-quune-demi-coupe-du-monde-les-azzurri-ne-sont-ils-que-spectateurs-pour-la-troisieme-fois-consecutive\/#breadcrumb\",\"itemListElement\":[{\"@type\":\"ListItem\",\"position\":1,\"name\":\"Accueil\",\"item\":\"https:\/\/vieassociative.be\/actualites\/\"},{\"@type\":\"ListItem\",\"position\":2,\"name\":\"\u00ab Une Coupe du monde sans l&rsquo;Italie n&rsquo;est qu&rsquo;une demi-Coupe du monde \u00bb : les Azzurri ne sont-ils que spectateurs pour la troisi\u00e8me fois cons\u00e9cutive ?\"}]},{\"@type\":\"WebSite\",\"@id\":\"https:\/\/vieassociative.be\/actualites\/#website\",\"url\":\"https:\/\/vieassociative.be\/actualites\/\",\"name\":\"Vie Associative\",\"description\":\"\",\"publisher\":{\"@id\":\"https:\/\/vieassociative.be\/actualites\/#organization\"},\"potentialAction\":[{\"@type\":\"SearchAction\",\"target\":{\"@type\":\"EntryPoint\",\"urlTemplate\":\"https:\/\/vieassociative.be\/actualites\/?s={search_term_string}\"},\"query-input\":{\"@type\":\"PropertyValueSpecification\",\"valueRequired\":true,\"valueName\":\"search_term_string\"}}],\"inLanguage\":\"fr-BE\"},{\"@type\":\"Organization\",\"@id\":\"https:\/\/vieassociative.be\/actualites\/#organization\",\"name\":\"Vie Associative\",\"url\":\"https:\/\/vieassociative.be\/actualites\/\",\"logo\":{\"@type\":\"ImageObject\",\"inLanguage\":\"fr-BE\",\"@id\":\"https:\/\/vieassociative.be\/actualites\/#\/schema\/logo\/image\/\",\"url\":\"https:\/\/vieassociative.be\/actualites\/wp-content\/uploads\/2024\/09\/cropped-vieassociative_favicon.ico.png\",\"contentUrl\":\"https:\/\/vieassociative.be\/actualites\/wp-content\/uploads\/2024\/09\/cropped-vieassociative_favicon.ico.png\",\"width\":512,\"height\":512,\"caption\":\"Vie Associative\"},\"image\":{\"@id\":\"https:\/\/vieassociative.be\/actualites\/#\/schema\/logo\/image\/\"}},{\"@type\":\"Person\",\"@id\":\"https:\/\/vieassociative.be\/actualites\/#\/schema\/person\/b87ac4f82f9d4e7b7cec7395b679edc4\",\"name\":\"Julien\",\"image\":{\"@type\":\"ImageObject\",\"inLanguage\":\"fr-BE\",\"@id\":\"https:\/\/vieassociative.be\/actualites\/#\/schema\/person\/image\/\",\"url\":\"https:\/\/vieassociative.be\/actualites\/wp-content\/uploads\/2024\/09\/vie-associative-1-150x150.jpg\",\"contentUrl\":\"https:\/\/vieassociative.be\/actualites\/wp-content\/uploads\/2024\/09\/vie-associative-1-150x150.jpg\",\"caption\":\"Julien\"},\"description\":\"Je suis Julien, r\u00e9dacteur pour Vie Associative. Passionn\u00e9 par le monde associatif depuis plus de 10 ans, j'ai \u00e0 c\u0153ur de partager des histoires inspirantes et de mettre en lumi\u00e8re les initiatives locales. Mon objectif est de sensibiliser et d'encourager l'engagement communautaire \u00e0 travers mes articles.\",\"sameAs\":[\"https:\/\/vieassociative.be\/\"]}]}<\/script>\n<!-- \/ Yoast SEO plugin. -->","yoast_head_json":{"title":"\u00ab Une Coupe du monde sans l'Italie n'est qu'une demi-Coupe du monde \u00bb : les Azzurri ne sont-ils que spectateurs pour la troisi\u00e8me fois cons\u00e9cutive ? | Vie Associative","robots":{"index":"index","follow":"follow","max-snippet":"max-snippet:-1","max-image-preview":"max-image-preview:large","max-video-preview":"max-video-preview:-1"},"canonical":"https:\/\/vieassociative.be\/actualites\/une-coupe-du-monde-sans-litalie-nest-quune-demi-coupe-du-monde-les-azzurri-ne-sont-ils-que-spectateurs-pour-la-troisieme-fois-consecutive\/","og_locale":"fr_FR","og_type":"article","og_title":"\u00ab Une Coupe du monde sans l'Italie n'est qu'une demi-Coupe du monde \u00bb : les Azzurri ne sont-ils que spectateurs pour la troisi\u00e8me fois cons\u00e9cutive ? | Vie Associative","og_description":"Aujourd&rsquo;hui, jeudi et mardi prochain, les six derniers billets pour la Coupe du monde d&rsquo;\u00e9t\u00e9 se joueront aux \u00c9tats-Unis, au Mexique et au Canada. En","og_url":"https:\/\/vieassociative.be\/actualites\/une-coupe-du-monde-sans-litalie-nest-quune-demi-coupe-du-monde-les-azzurri-ne-sont-ils-que-spectateurs-pour-la-troisieme-fois-consecutive\/","og_site_name":"Vie Associative","article_published_time":"2026-03-26T15:17:10+00:00","og_image":[{"width":279,"height":92,"url":"https:\/\/vieassociative.be\/actualites\/wp-content\/uploads\/2024\/09\/header_backgroundk-01-e1726694325946.png","type":"image\/png"}],"author":"Julien","twitter_card":"summary_large_image","twitter_misc":{"\u00c9crit par":"Julien","Dur\u00e9e de lecture est.":"3 minutes"},"schema":{"@context":"https:\/\/schema.org","@graph":[{"@type":"Article","@id":"https:\/\/vieassociative.be\/actualites\/une-coupe-du-monde-sans-litalie-nest-quune-demi-coupe-du-monde-les-azzurri-ne-sont-ils-que-spectateurs-pour-la-troisieme-fois-consecutive\/#article","isPartOf":{"@id":"https:\/\/vieassociative.be\/actualites\/une-coupe-du-monde-sans-litalie-nest-quune-demi-coupe-du-monde-les-azzurri-ne-sont-ils-que-spectateurs-pour-la-troisieme-fois-consecutive\/"},"author":{"name":"Julien","@id":"https:\/\/vieassociative.be\/actualites\/#\/schema\/person\/b87ac4f82f9d4e7b7cec7395b679edc4"},"headline":"\u00ab Une Coupe du monde sans l&rsquo;Italie n&rsquo;est qu&rsquo;une demi-Coupe du monde \u00bb : les Azzurri ne sont-ils que spectateurs pour la troisi\u00e8me fois cons\u00e9cutive ?","datePublished":"2026-03-26T15:17:10+00:00","dateModified":"2026-03-26T15:17:10+00:00","mainEntityOfPage":{"@id":"https:\/\/vieassociative.be\/actualites\/une-coupe-du-monde-sans-litalie-nest-quune-demi-coupe-du-monde-les-azzurri-ne-sont-ils-que-spectateurs-pour-la-troisieme-fois-consecutive\/"},"wordCount":675,"publisher":{"@id":"https:\/\/vieassociative.be\/actualites\/#organization"},"image":{"@id":"https:\/\/vieassociative.be\/actualites\/une-coupe-du-monde-sans-litalie-nest-quune-demi-coupe-du-monde-les-azzurri-ne-sont-ils-que-spectateurs-pour-la-troisieme-fois-consecutive\/#primaryimage"},"thumbnailUrl":"https:\/\/vieassociative.be\/actualites\/wp-content\/uploads\/2026\/03\/1774538231_Une-Coupe-du-monde-sans-lItalie-nest-quune-demi-Coupe.jpg","keywords":["Azzurri","cons\u00e9cutive","Coupe","demiCoupe","fois","Les","lItalie","monde","nest","pour","quune","sans","sontils","spectateurs","troisi\u00e8me","une"],"articleSection":["Belgique"],"inLanguage":"fr-BE"},{"@type":"WebPage","@id":"https:\/\/vieassociative.be\/actualites\/une-coupe-du-monde-sans-litalie-nest-quune-demi-coupe-du-monde-les-azzurri-ne-sont-ils-que-spectateurs-pour-la-troisieme-fois-consecutive\/","url":"https:\/\/vieassociative.be\/actualites\/une-coupe-du-monde-sans-litalie-nest-quune-demi-coupe-du-monde-les-azzurri-ne-sont-ils-que-spectateurs-pour-la-troisieme-fois-consecutive\/","name":"\u00ab Une Coupe du monde sans l'Italie n'est qu'une demi-Coupe du monde \u00bb : les Azzurri ne sont-ils que spectateurs pour la troisi\u00e8me fois cons\u00e9cutive ? | Vie Associative","isPartOf":{"@id":"https:\/\/vieassociative.be\/actualites\/#website"},"primaryImageOfPage":{"@id":"https:\/\/vieassociative.be\/actualites\/une-coupe-du-monde-sans-litalie-nest-quune-demi-coupe-du-monde-les-azzurri-ne-sont-ils-que-spectateurs-pour-la-troisieme-fois-consecutive\/#primaryimage"},"image":{"@id":"https:\/\/vieassociative.be\/actualites\/une-coupe-du-monde-sans-litalie-nest-quune-demi-coupe-du-monde-les-azzurri-ne-sont-ils-que-spectateurs-pour-la-troisieme-fois-consecutive\/#primaryimage"},"thumbnailUrl":"https:\/\/vieassociative.be\/actualites\/wp-content\/uploads\/2026\/03\/1774538231_Une-Coupe-du-monde-sans-lItalie-nest-quune-demi-Coupe.jpg","datePublished":"2026-03-26T15:17:10+00:00","dateModified":"2026-03-26T15:17:10+00:00","breadcrumb":{"@id":"https:\/\/vieassociative.be\/actualites\/une-coupe-du-monde-sans-litalie-nest-quune-demi-coupe-du-monde-les-azzurri-ne-sont-ils-que-spectateurs-pour-la-troisieme-fois-consecutive\/#breadcrumb"},"inLanguage":"fr-BE","potentialAction":[{"@type":"ReadAction","target":["https:\/\/vieassociative.be\/actualites\/une-coupe-du-monde-sans-litalie-nest-quune-demi-coupe-du-monde-les-azzurri-ne-sont-ils-que-spectateurs-pour-la-troisieme-fois-consecutive\/"]}]},{"@type":"ImageObject","inLanguage":"fr-BE","@id":"https:\/\/vieassociative.be\/actualites\/une-coupe-du-monde-sans-litalie-nest-quune-demi-coupe-du-monde-les-azzurri-ne-sont-ils-que-spectateurs-pour-la-troisieme-fois-consecutive\/#primaryimage","url":"https:\/\/vieassociative.be\/actualites\/wp-content\/uploads\/2026\/03\/1774538231_Une-Coupe-du-monde-sans-lItalie-nest-quune-demi-Coupe.jpg","contentUrl":"https:\/\/vieassociative.be\/actualites\/wp-content\/uploads\/2026\/03\/1774538231_Une-Coupe-du-monde-sans-lItalie-nest-quune-demi-Coupe.jpg","width":1200,"height":800,"caption":"\u00ab Une Coupe du monde sans l'Italie n'est qu'une demi-Coupe du monde \u00bb : les Azzurri ne sont-ils que spectateurs pour la troisi\u00e8me fois cons\u00e9cutive ?"},{"@type":"BreadcrumbList","@id":"https:\/\/vieassociative.be\/actualites\/une-coupe-du-monde-sans-litalie-nest-quune-demi-coupe-du-monde-les-azzurri-ne-sont-ils-que-spectateurs-pour-la-troisieme-fois-consecutive\/#breadcrumb","itemListElement":[{"@type":"ListItem","position":1,"name":"Accueil","item":"https:\/\/vieassociative.be\/actualites\/"},{"@type":"ListItem","position":2,"name":"\u00ab Une Coupe du monde sans l&rsquo;Italie n&rsquo;est qu&rsquo;une demi-Coupe du monde \u00bb : les Azzurri ne sont-ils que spectateurs pour la troisi\u00e8me fois cons\u00e9cutive ?"}]},{"@type":"WebSite","@id":"https:\/\/vieassociative.be\/actualites\/#website","url":"https:\/\/vieassociative.be\/actualites\/","name":"Vie Associative","description":"","publisher":{"@id":"https:\/\/vieassociative.be\/actualites\/#organization"},"potentialAction":[{"@type":"SearchAction","target":{"@type":"EntryPoint","urlTemplate":"https:\/\/vieassociative.be\/actualites\/?s={search_term_string}"},"query-input":{"@type":"PropertyValueSpecification","valueRequired":true,"valueName":"search_term_string"}}],"inLanguage":"fr-BE"},{"@type":"Organization","@id":"https:\/\/vieassociative.be\/actualites\/#organization","name":"Vie Associative","url":"https:\/\/vieassociative.be\/actualites\/","logo":{"@type":"ImageObject","inLanguage":"fr-BE","@id":"https:\/\/vieassociative.be\/actualites\/#\/schema\/logo\/image\/","url":"https:\/\/vieassociative.be\/actualites\/wp-content\/uploads\/2024\/09\/cropped-vieassociative_favicon.ico.png","contentUrl":"https:\/\/vieassociative.be\/actualites\/wp-content\/uploads\/2024\/09\/cropped-vieassociative_favicon.ico.png","width":512,"height":512,"caption":"Vie Associative"},"image":{"@id":"https:\/\/vieassociative.be\/actualites\/#\/schema\/logo\/image\/"}},{"@type":"Person","@id":"https:\/\/vieassociative.be\/actualites\/#\/schema\/person\/b87ac4f82f9d4e7b7cec7395b679edc4","name":"Julien","image":{"@type":"ImageObject","inLanguage":"fr-BE","@id":"https:\/\/vieassociative.be\/actualites\/#\/schema\/person\/image\/","url":"https:\/\/vieassociative.be\/actualites\/wp-content\/uploads\/2024\/09\/vie-associative-1-150x150.jpg","contentUrl":"https:\/\/vieassociative.be\/actualites\/wp-content\/uploads\/2024\/09\/vie-associative-1-150x150.jpg","caption":"Julien"},"description":"Je suis Julien, r\u00e9dacteur pour Vie Associative. Passionn\u00e9 par le monde associatif depuis plus de 10 ans, j'ai \u00e0 c\u0153ur de partager des histoires inspirantes et de mettre en lumi\u00e8re les initiatives locales. Mon objectif est de sensibiliser et d'encourager l'engagement communautaire \u00e0 travers mes articles.","sameAs":["https:\/\/vieassociative.be\/"]}]}},"_links":{"self":[{"href":"https:\/\/vieassociative.be\/actualites\/wp-json\/wp\/v2\/posts\/13194"}],"collection":[{"href":"https:\/\/vieassociative.be\/actualites\/wp-json\/wp\/v2\/posts"}],"about":[{"href":"https:\/\/vieassociative.be\/actualites\/wp-json\/wp\/v2\/types\/post"}],"author":[{"embeddable":true,"href":"https:\/\/vieassociative.be\/actualites\/wp-json\/wp\/v2\/users\/1"}],"replies":[{"embeddable":true,"href":"https:\/\/vieassociative.be\/actualites\/wp-json\/wp\/v2\/comments?post=13194"}],"version-history":[{"count":0,"href":"https:\/\/vieassociative.be\/actualites\/wp-json\/wp\/v2\/posts\/13194\/revisions"}],"wp:featuredmedia":[{"embeddable":true,"href":"https:\/\/vieassociative.be\/actualites\/wp-json\/wp\/v2\/media\/13195"}],"wp:attachment":[{"href":"https:\/\/vieassociative.be\/actualites\/wp-json\/wp\/v2\/media?parent=13194"}],"wp:term":[{"taxonomy":"category","embeddable":true,"href":"https:\/\/vieassociative.be\/actualites\/wp-json\/wp\/v2\/categories?post=13194"},{"taxonomy":"post_tag","embeddable":true,"href":"https:\/\/vieassociative.be\/actualites\/wp-json\/wp\/v2\/tags?post=13194"}],"curies":[{"name":"wp","href":"https:\/\/api.w.org\/{rel}","templated":true}]}}