{"id":13186,"date":"2026-03-25T22:17:05","date_gmt":"2026-03-25T21:17:05","guid":{"rendered":"https:\/\/vieassociative.be\/actualites\/soupcons-despionnage-contre-le-gouvernement-dorban-la-russie-a-t-elle-informe-lavrov-pendant-la-pause-de-la-reunion-de-lue\/"},"modified":"2026-03-25T22:17:05","modified_gmt":"2026-03-25T21:17:05","slug":"soupcons-despionnage-contre-le-gouvernement-dorban-la-russie-a-t-elle-informe-lavrov-pendant-la-pause-de-la-reunion-de-lue","status":"publish","type":"post","link":"https:\/\/vieassociative.be\/actualites\/soupcons-despionnage-contre-le-gouvernement-dorban-la-russie-a-t-elle-informe-lavrov-pendant-la-pause-de-la-reunion-de-lue\/","title":{"rendered":"Soup\u00e7ons d&rsquo;espionnage contre le gouvernement d&rsquo;Orban : la Russie a-t-elle inform\u00e9 Lavrov pendant la pause de la r\u00e9union de l&rsquo;UE ?"},"content":{"rendered":"<p><strong>La Hongrie transmet-elle depuis des ann\u00e9es des informations provenant des r\u00e9unions de l\u2019UE \u00e0 la Russie ? Le soup\u00e7on \u00e9tait l\u00e0 depuis longtemps. Maintenant, il existe \u00e9videmment des preuves.<\/strong><\/p>\n<p><span id=\"more-437951\"><\/span>La transmission pr\u00e9sum\u00e9e d&rsquo;informations internes \u00e0 l&rsquo;UE par la Hongrie \u00e0 la Russie suscite l&rsquo;indignation \u00e0 Bruxelles. Une porte-parole de la Commission europ\u00e9enne d&rsquo;Ursula von der Leyen a qualifi\u00e9 lundi d'\u00a0\u00bbextr\u00eamement pr\u00e9occupant\u00a0\u00bb le fait que le ministre hongrois des Affaires \u00e9trang\u00e8res ait pu informer son homologue russe de discussions confidentielles au niveau minist\u00e9riel.<\/p>\n<p>\u00ab Une relation de confiance entre les \u00c9tats membres et entre eux et les institutions est fondamentale pour le travail de l&rsquo;UE \u00bb, a-t-elle d\u00e9clar\u00e9. \u00ab\u00a0Nous attendons donc des \u00e9claircissements de la part du gouvernement hongrois.\u00a0\u00bb<\/p>\n<div id=\"attachment_437954\" class=\"wp-caption alignleft\" style=\"max-width: 300px\"><img fetchpriority=\"high\" decoding=\"async\" class=\"wp-image-437954 size-medium\" src=\"https:\/\/vieassociative.be\/actualites\/wp-content\/uploads\/2026\/03\/Soupcons-despionnage-contre-le-gouvernement-dOrban-la-Russie-a-t-elle.jpg\" alt=\"\" width=\"300\" height=\"200\"><\/div>\n<p>Le journal am\u00e9ricain \u00ab\u00a0Washington Post\u00a0\u00bb avait pr\u00e9c\u00e9demment rapport\u00e9, citant un ancien officier des renseignements hongrois et des responsables de la s\u00e9curit\u00e9 d&rsquo;autres pays europ\u00e9ens, que le gouvernement du Premier ministre Viktor Orban fournissait depuis des ann\u00e9es \u00e0 Moscou des informations sur des discussions sensibles au sein de l&rsquo;UE. Le ministre des Affaires \u00e9trang\u00e8res Peter Szijjarto aurait r\u00e9guli\u00e8rement t\u00e9l\u00e9phon\u00e9 \u00e0 son homologue russe Sergue\u00ef Lavrov, m\u00eame pendant les pauses des r\u00e9unions de l&rsquo;UE, pour l&rsquo;informer du contenu de ces discussions.<\/p>\n<p>Le journal a \u00e9galement fait \u00e9tat d&rsquo;un soutien pr\u00e9sum\u00e9 des services secrets \u00e9trangers russes SWR \u00e0 la campagne \u00e9lectorale actuelle d&rsquo;Orban. Il y a un mois, il aurait m\u00eame sugg\u00e9r\u00e9 d&rsquo;organiser une tentative d&rsquo;assassinat contre le chef du gouvernement hongrois afin de souligner de mani\u00e8re \u00e9motionnellement efficace son r\u00f4le de victime.<\/p>\n<p><strong>\u2013 Les soup\u00e7ons existent depuis des ann\u00e9es :<\/strong> Il y aura des \u00e9lections l\u00e9gislatives en Hongrie le 12 avril, o\u00f9 le parti Fidesz d&rsquo;Orban pourrait perdre, selon les sondages. Le populiste de droite utilise \u00e0 plusieurs reprises des attaques ext\u00e9rieures r\u00e9elles ou per\u00e7ues pour pr\u00e9senter son gouvernement comme une victime.<\/p>\n<\/p>\n<div id=\"attachment_437955\" class=\"wp-caption alignleft\" style=\"max-width: 300px\"><img decoding=\"async\" class=\"wp-image-437955 size-medium\" src=\"https:\/\/vieassociative.be\/actualites\/wp-content\/uploads\/2026\/03\/1774473425_334_Soupcons-despionnage-contre-le-gouvernement-dOrban-la-Russie-a-t-elle.jpg\" alt=\"\" width=\"300\" height=\"200\"><\/div>\n<p>Dans d\u2019autres pays de l\u2019UE, l\u2019enthousiasme suscit\u00e9 par le rapport a \u00e9t\u00e9 initialement limit\u00e9. Le Premier ministre polonais Donald Tusk a \u00e9crit sur le pr\u00e9tendu partage d&rsquo;informations sur X. \u00ab\u00a0Nous nous en doutons depuis longtemps\u00a0\u00bb. C&rsquo;est la raison pour laquelle il ne prend la parole lors des r\u00e9unions de l&rsquo;UE que lorsque cela est absolument n\u00e9cessaire &#8211; et ne dit que le strict minimum, a-t-il d\u00e9clar\u00e9.<\/p>\n<p>Des diplomates ont \u00e9galement soulign\u00e9 que l&rsquo;on soup\u00e7onnait depuis des ann\u00e9es que la Hongrie transmettait \u00e0 la Russie des informations provenant des r\u00e9unions de l&rsquo;UE. C\u2019est pour cette raison que les \u00c9tats membres ne partageraient pas largement certaines informations \u2013 par exemple en ce qui concerne le soutien militaire \u00e0 l\u2019Ukraine. Le contexte est qu\u2019Orban continue d\u2019entretenir des contacts \u00e9troits avec Moscou malgr\u00e9 la guerre d\u2019agression russe.<\/p>\n<p>Le repr\u00e9sentant des Etats membres \u00e0 Bruxelles n&rsquo;a pas souhait\u00e9 commenter ces all\u00e9gations. Une porte-parole du pr\u00e9sident du Conseil de l&rsquo;UE, Ant\u00f3nio Costa, a d\u00e9clar\u00e9 en r\u00e9ponse aux questions sur le rapport du Washington Post : \u00ab Nous n&rsquo;avons aucun commentaire \u00e0 ce sujet pour le moment. \u00bb<\/p>\n<p><strong>\u2013 All\u00e9gations d\u2019\u00e9coutes mutuelles en Hongrie\u00a0:<\/strong> Dans le m\u00eame temps, le gouvernement hongrois a tent\u00e9 d&rsquo;attirer l&rsquo;attention sur le fait que les renseignements ne pouvaient \u00eatre obtenus qu&rsquo;en mettant sur \u00e9coute le ministre hongrois des Affaires \u00e9trang\u00e8res, Peter Szijjarto.<\/p>\n<p>\u00ab\u00a0L&rsquo;\u00e9coute clandestine d&rsquo;un membre du gouvernement constitue une attaque grave contre la Hongrie\u00a0\u00bb, a \u00e9crit le Premier ministre Viktor Orban sur Facebook. Il avait charg\u00e9 son ministre de la Justice de v\u00e9rifier les informations relatives aux op\u00e9rations d&rsquo;\u00e9coute t\u00e9l\u00e9phonique contre Szijjarto.<\/p>\n<div id=\"attachment_437956\" class=\"wp-caption alignleft\" style=\"max-width: 300px\"><img decoding=\"async\" class=\"wp-image-437956 size-medium\" src=\"https:\/\/vieassociative.be\/actualites\/wp-content\/uploads\/2026\/03\/1774473425_466_Soupcons-despionnage-contre-le-gouvernement-dOrban-la-Russie-a-t-elle.jpg\" alt=\"\" width=\"300\" height=\"200\"><\/div>\n<p>L&rsquo;accent est mis sur le journaliste d&rsquo;investigation hongrois antigouvernemental et bien connect\u00e9 Szabolcs Panyi. Selon ses propres d\u00e9clarations, il avait d\u00e9j\u00e0 rapport\u00e9 en 2024, citant des enregistrements audio qui lui avaient \u00e9t\u00e9 divulgu\u00e9s, que Szijjarto avait demand\u00e9 en 2020 \u00e0 Lavrov de soutenir dans sa campagne \u00e9lectorale son homme politique partageant les m\u00eames id\u00e9es, le Premier ministre slovaque de l&rsquo;\u00e9poque, Peter Pellegrini.<\/p>\n<p>Aujourd\u2019hui, le journal Internet pro-gouvernemental \u00ab mandiner.hu \u00bb affirme que Panyi a aid\u00e9 les services secrets \u00e9trangers \u00e0 mettre sur \u00e9coute les num\u00e9ros de t\u00e9l\u00e9phone de Szijjarto contenant des informations le concernant. Apparemment, Orban y fait allusion dans les instructions de test adress\u00e9es \u00e0 son ministre de la Justice.<\/p>\n<p>Panyi, \u00e0 son tour, a \u00e9crit sur Facebook qu&rsquo;il avait apparemment \u00e9t\u00e9 mis sur \u00e9coute. Parce que \u00abmandiner.hu\u00bb avait cit\u00e9 comme source des enregistrements audio des conversations t\u00e9l\u00e9phoniques de Panyi avec une personne anonyme, qui ont \u00e9t\u00e9 transmis \u00e0 l&rsquo;\u00e9quipe \u00e9ditoriale. On entend alors Panyi d\u00e9clarer qu&rsquo;il a donn\u00e9 le num\u00e9ro de t\u00e9l\u00e9phone de Szijjarto \u00e0 des services secrets \u00e9trangers. (dpa)<\/p>\n<p><em><strong>Sur le sujet, voir aussi l&rsquo;article suivant sur l&rsquo;OD :<\/strong><\/em><\/p>\n<div class=\"responsive-embed widescreen\">\n<blockquote class=\"wp-embedded-content\" data-secret=\"76PEV4gUnt\">\n<p>Orban bloque l&rsquo;aide \u00e0 l&rsquo;Ukraine lors du sommet de l&rsquo;UE &#8211; le d\u00e9put\u00e9 hongrois dans son r\u00f4le de fauteur de troubles<\/p>\n<\/blockquote>\n<p><iframe loading=\"lazy\" class=\"wp-embedded-content\" sandbox=\"allow-scripts\" security=\"restricted\" style=\"position: absolute; visibility: hidden;\" title=\"\u201eOrban blockiert beim EU-Gipfel Hilfe f\u00fcr die Ukraine \u2013 Ungarns MP in seiner Paraderolle als St\u00f6renfried\u201c \u2013 Ostbelgien Direkt\" src=\"https:\/\/ostbelgiendirekt.be\/about:blank\" data-secret=\"76PEV4gUnt\" width=\"500\" height=\"282\" frameborder=\"0\" marginwidth=\"0\" marginheight=\"0\" scrolling=\"no\" data-rocket-lazyload=\"fitvidscompatible\" data-lazy-src=\"https:\/\/ostbelgiendirekt.be\/orban-paraderolle-als-stoerenfried-437859\/embed#?secret=w5h8Lz6aYR#?secret=76PEV4gUnt\"><\/iframe><noscript><iframe class=\"wp-embedded-content\" sandbox=\"allow-scripts\" security=\"restricted\" style=\"position: absolute; visibility: hidden;\" title=\"\u201eOrban blockiert beim EU-Gipfel Hilfe f\u00fcr die Ukraine \u2013 Ungarns MP in seiner Paraderolle als St\u00f6renfried\u201c \u2013 Ostbelgien Direkt\" src=\"https:\/\/ostbelgiendirekt.be\/orban-paraderolle-als-stoerenfried-437859\/embed#?secret=w5h8Lz6aYR#?secret=76PEV4gUnt\" data-secret=\"76PEV4gUnt\" width=\"500\" height=\"282\" frameborder=\"0\" marginwidth=\"0\" marginheight=\"0\" scrolling=\"no\"><\/iframe><\/noscript><\/p>\n<\/div>\n","protected":false},"excerpt":{"rendered":"<p>La Hongrie transmet-elle depuis des ann\u00e9es des informations provenant des r\u00e9unions de l\u2019UE \u00e0 la Russie ? Le soup\u00e7on \u00e9tait l\u00e0 depuis longtemps. Maintenant, il<\/p>\n","protected":false},"author":1,"featured_media":13187,"comment_status":"","ping_status":"","sticky":false,"template":"","format":"standard","meta":{"footnotes":""},"categories":[298],"tags":[5268,796,10340,4422,615,10341,10342,3578,5739,198,4051,2636,9432],"class_list":["post-13186","post","type-post","status-publish","format-standard","has-post-thumbnail","hentry","category-belgique","tag-atelle","tag-contre","tag-despionnage","tag-dorban","tag-gouvernement","tag-informe","tag-lavrov","tag-lue","tag-pause","tag-pendant","tag-reunion","tag-russie","tag-soupcons","generate-columns","tablet-grid-50","mobile-grid-100","grid-parent","grid-33"],"yoast_head":"<!-- This site is optimized with the Yoast SEO plugin v24.0 - https:\/\/yoast.com\/wordpress\/plugins\/seo\/ -->\n<title>Soup\u00e7ons d&#039;espionnage contre le gouvernement d&#039;Orban : la Russie a-t-elle inform\u00e9 Lavrov pendant la pause de la r\u00e9union de l&#039;UE ? | Vie Associative<\/title>\n<meta name=\"robots\" content=\"index, follow, max-snippet:-1, max-image-preview:large, max-video-preview:-1\" \/>\n<link rel=\"canonical\" href=\"https:\/\/vieassociative.be\/actualites\/soupcons-despionnage-contre-le-gouvernement-dorban-la-russie-a-t-elle-informe-lavrov-pendant-la-pause-de-la-reunion-de-lue\/\" \/>\n<meta property=\"og:locale\" content=\"fr_FR\" \/>\n<meta property=\"og:type\" content=\"article\" \/>\n<meta property=\"og:title\" content=\"Soup\u00e7ons d&#039;espionnage contre le gouvernement d&#039;Orban : la Russie a-t-elle inform\u00e9 Lavrov pendant la pause de la r\u00e9union de l&#039;UE ? | Vie Associative\" \/>\n<meta property=\"og:description\" content=\"La Hongrie transmet-elle depuis des ann\u00e9es des informations provenant des r\u00e9unions de l\u2019UE \u00e0 la Russie ? Le soup\u00e7on \u00e9tait l\u00e0 depuis longtemps. Maintenant, il\" \/>\n<meta property=\"og:url\" content=\"https:\/\/vieassociative.be\/actualites\/soupcons-despionnage-contre-le-gouvernement-dorban-la-russie-a-t-elle-informe-lavrov-pendant-la-pause-de-la-reunion-de-lue\/\" \/>\n<meta property=\"og:site_name\" content=\"Vie Associative\" \/>\n<meta property=\"article:published_time\" content=\"2026-03-25T21:17:05+00:00\" \/>\n<meta property=\"og:image\" content=\"https:\/\/vieassociative.be\/actualites\/wp-content\/uploads\/2024\/09\/header_backgroundk-01-e1726694325946.png\" \/>\n\t<meta property=\"og:image:width\" content=\"279\" \/>\n\t<meta property=\"og:image:height\" content=\"92\" \/>\n\t<meta property=\"og:image:type\" content=\"image\/png\" \/>\n<meta name=\"author\" content=\"Julien\" \/>\n<meta name=\"twitter:card\" content=\"summary_large_image\" \/>\n<meta name=\"twitter:label1\" content=\"\u00c9crit par\" \/>\n\t<meta name=\"twitter:data1\" content=\"Julien\" \/>\n\t<meta name=\"twitter:label2\" content=\"Dur\u00e9e de lecture est.\" \/>\n\t<meta name=\"twitter:data2\" content=\"4 minutes\" \/>\n<script type=\"application\/ld+json\" class=\"yoast-schema-graph\">{\"@context\":\"https:\/\/schema.org\",\"@graph\":[{\"@type\":\"Article\",\"@id\":\"https:\/\/vieassociative.be\/actualites\/soupcons-despionnage-contre-le-gouvernement-dorban-la-russie-a-t-elle-informe-lavrov-pendant-la-pause-de-la-reunion-de-lue\/#article\",\"isPartOf\":{\"@id\":\"https:\/\/vieassociative.be\/actualites\/soupcons-despionnage-contre-le-gouvernement-dorban-la-russie-a-t-elle-informe-lavrov-pendant-la-pause-de-la-reunion-de-lue\/\"},\"author\":{\"name\":\"Julien\",\"@id\":\"https:\/\/vieassociative.be\/actualites\/#\/schema\/person\/b87ac4f82f9d4e7b7cec7395b679edc4\"},\"headline\":\"Soup\u00e7ons d&rsquo;espionnage contre le gouvernement d&rsquo;Orban : la Russie a-t-elle inform\u00e9 Lavrov pendant la pause de la r\u00e9union de l&rsquo;UE ?\",\"datePublished\":\"2026-03-25T21:17:05+00:00\",\"dateModified\":\"2026-03-25T21:17:05+00:00\",\"mainEntityOfPage\":{\"@id\":\"https:\/\/vieassociative.be\/actualites\/soupcons-despionnage-contre-le-gouvernement-dorban-la-russie-a-t-elle-informe-lavrov-pendant-la-pause-de-la-reunion-de-lue\/\"},\"wordCount\":877,\"publisher\":{\"@id\":\"https:\/\/vieassociative.be\/actualites\/#organization\"},\"image\":{\"@id\":\"https:\/\/vieassociative.be\/actualites\/soupcons-despionnage-contre-le-gouvernement-dorban-la-russie-a-t-elle-informe-lavrov-pendant-la-pause-de-la-reunion-de-lue\/#primaryimage\"},\"thumbnailUrl\":\"https:\/\/vieassociative.be\/actualites\/wp-content\/uploads\/2026\/03\/1774473426_Soupcons-despionnage-contre-le-gouvernement-dOrban-la-Russie-a-t-elle.jpg\",\"keywords\":[\"atelle\",\"contre\",\"despionnage\",\"dOrban\",\"gouvernement\",\"inform\u00e9\",\"Lavrov\",\"LUE\",\"pause\",\"pendant\",\"r\u00e9union\",\"Russie\",\"Soup\u00e7ons\"],\"articleSection\":[\"Belgique\"],\"inLanguage\":\"fr-BE\"},{\"@type\":\"WebPage\",\"@id\":\"https:\/\/vieassociative.be\/actualites\/soupcons-despionnage-contre-le-gouvernement-dorban-la-russie-a-t-elle-informe-lavrov-pendant-la-pause-de-la-reunion-de-lue\/\",\"url\":\"https:\/\/vieassociative.be\/actualites\/soupcons-despionnage-contre-le-gouvernement-dorban-la-russie-a-t-elle-informe-lavrov-pendant-la-pause-de-la-reunion-de-lue\/\",\"name\":\"Soup\u00e7ons d'espionnage contre le gouvernement d'Orban : la Russie a-t-elle inform\u00e9 Lavrov pendant la pause de la r\u00e9union de l'UE ? | Vie Associative\",\"isPartOf\":{\"@id\":\"https:\/\/vieassociative.be\/actualites\/#website\"},\"primaryImageOfPage\":{\"@id\":\"https:\/\/vieassociative.be\/actualites\/soupcons-despionnage-contre-le-gouvernement-dorban-la-russie-a-t-elle-informe-lavrov-pendant-la-pause-de-la-reunion-de-lue\/#primaryimage\"},\"image\":{\"@id\":\"https:\/\/vieassociative.be\/actualites\/soupcons-despionnage-contre-le-gouvernement-dorban-la-russie-a-t-elle-informe-lavrov-pendant-la-pause-de-la-reunion-de-lue\/#primaryimage\"},\"thumbnailUrl\":\"https:\/\/vieassociative.be\/actualites\/wp-content\/uploads\/2026\/03\/1774473426_Soupcons-despionnage-contre-le-gouvernement-dOrban-la-Russie-a-t-elle.jpg\",\"datePublished\":\"2026-03-25T21:17:05+00:00\",\"dateModified\":\"2026-03-25T21:17:05+00:00\",\"breadcrumb\":{\"@id\":\"https:\/\/vieassociative.be\/actualites\/soupcons-despionnage-contre-le-gouvernement-dorban-la-russie-a-t-elle-informe-lavrov-pendant-la-pause-de-la-reunion-de-lue\/#breadcrumb\"},\"inLanguage\":\"fr-BE\",\"potentialAction\":[{\"@type\":\"ReadAction\",\"target\":[\"https:\/\/vieassociative.be\/actualites\/soupcons-despionnage-contre-le-gouvernement-dorban-la-russie-a-t-elle-informe-lavrov-pendant-la-pause-de-la-reunion-de-lue\/\"]}]},{\"@type\":\"ImageObject\",\"inLanguage\":\"fr-BE\",\"@id\":\"https:\/\/vieassociative.be\/actualites\/soupcons-despionnage-contre-le-gouvernement-dorban-la-russie-a-t-elle-informe-lavrov-pendant-la-pause-de-la-reunion-de-lue\/#primaryimage\",\"url\":\"https:\/\/vieassociative.be\/actualites\/wp-content\/uploads\/2026\/03\/1774473426_Soupcons-despionnage-contre-le-gouvernement-dOrban-la-Russie-a-t-elle.jpg\",\"contentUrl\":\"https:\/\/vieassociative.be\/actualites\/wp-content\/uploads\/2026\/03\/1774473426_Soupcons-despionnage-contre-le-gouvernement-dOrban-la-Russie-a-t-elle.jpg\",\"width\":1200,\"height\":800,\"caption\":\"Soup\u00e7ons d'espionnage contre le gouvernement d'Orban : la Russie a-t-elle inform\u00e9 Lavrov pendant la pause de la r\u00e9union de l'UE ?\"},{\"@type\":\"BreadcrumbList\",\"@id\":\"https:\/\/vieassociative.be\/actualites\/soupcons-despionnage-contre-le-gouvernement-dorban-la-russie-a-t-elle-informe-lavrov-pendant-la-pause-de-la-reunion-de-lue\/#breadcrumb\",\"itemListElement\":[{\"@type\":\"ListItem\",\"position\":1,\"name\":\"Accueil\",\"item\":\"https:\/\/vieassociative.be\/actualites\/\"},{\"@type\":\"ListItem\",\"position\":2,\"name\":\"Soup\u00e7ons d&rsquo;espionnage contre le gouvernement d&rsquo;Orban : la Russie a-t-elle inform\u00e9 Lavrov pendant la pause de la r\u00e9union de l&rsquo;UE ?\"}]},{\"@type\":\"WebSite\",\"@id\":\"https:\/\/vieassociative.be\/actualites\/#website\",\"url\":\"https:\/\/vieassociative.be\/actualites\/\",\"name\":\"Vie Associative\",\"description\":\"\",\"publisher\":{\"@id\":\"https:\/\/vieassociative.be\/actualites\/#organization\"},\"potentialAction\":[{\"@type\":\"SearchAction\",\"target\":{\"@type\":\"EntryPoint\",\"urlTemplate\":\"https:\/\/vieassociative.be\/actualites\/?s={search_term_string}\"},\"query-input\":{\"@type\":\"PropertyValueSpecification\",\"valueRequired\":true,\"valueName\":\"search_term_string\"}}],\"inLanguage\":\"fr-BE\"},{\"@type\":\"Organization\",\"@id\":\"https:\/\/vieassociative.be\/actualites\/#organization\",\"name\":\"Vie Associative\",\"url\":\"https:\/\/vieassociative.be\/actualites\/\",\"logo\":{\"@type\":\"ImageObject\",\"inLanguage\":\"fr-BE\",\"@id\":\"https:\/\/vieassociative.be\/actualites\/#\/schema\/logo\/image\/\",\"url\":\"https:\/\/vieassociative.be\/actualites\/wp-content\/uploads\/2024\/09\/cropped-vieassociative_favicon.ico.png\",\"contentUrl\":\"https:\/\/vieassociative.be\/actualites\/wp-content\/uploads\/2024\/09\/cropped-vieassociative_favicon.ico.png\",\"width\":512,\"height\":512,\"caption\":\"Vie Associative\"},\"image\":{\"@id\":\"https:\/\/vieassociative.be\/actualites\/#\/schema\/logo\/image\/\"}},{\"@type\":\"Person\",\"@id\":\"https:\/\/vieassociative.be\/actualites\/#\/schema\/person\/b87ac4f82f9d4e7b7cec7395b679edc4\",\"name\":\"Julien\",\"image\":{\"@type\":\"ImageObject\",\"inLanguage\":\"fr-BE\",\"@id\":\"https:\/\/vieassociative.be\/actualites\/#\/schema\/person\/image\/\",\"url\":\"https:\/\/vieassociative.be\/actualites\/wp-content\/uploads\/2024\/09\/vie-associative-1-150x150.jpg\",\"contentUrl\":\"https:\/\/vieassociative.be\/actualites\/wp-content\/uploads\/2024\/09\/vie-associative-1-150x150.jpg\",\"caption\":\"Julien\"},\"description\":\"Je suis Julien, r\u00e9dacteur pour Vie Associative. Passionn\u00e9 par le monde associatif depuis plus de 10 ans, j'ai \u00e0 c\u0153ur de partager des histoires inspirantes et de mettre en lumi\u00e8re les initiatives locales. Mon objectif est de sensibiliser et d'encourager l'engagement communautaire \u00e0 travers mes articles.\",\"sameAs\":[\"https:\/\/vieassociative.be\/\"]}]}<\/script>\n<!-- \/ Yoast SEO plugin. -->","yoast_head_json":{"title":"Soup\u00e7ons d'espionnage contre le gouvernement d'Orban : la Russie a-t-elle inform\u00e9 Lavrov pendant la pause de la r\u00e9union de l'UE ? | Vie Associative","robots":{"index":"index","follow":"follow","max-snippet":"max-snippet:-1","max-image-preview":"max-image-preview:large","max-video-preview":"max-video-preview:-1"},"canonical":"https:\/\/vieassociative.be\/actualites\/soupcons-despionnage-contre-le-gouvernement-dorban-la-russie-a-t-elle-informe-lavrov-pendant-la-pause-de-la-reunion-de-lue\/","og_locale":"fr_FR","og_type":"article","og_title":"Soup\u00e7ons d'espionnage contre le gouvernement d'Orban : la Russie a-t-elle inform\u00e9 Lavrov pendant la pause de la r\u00e9union de l'UE ? | Vie Associative","og_description":"La Hongrie transmet-elle depuis des ann\u00e9es des informations provenant des r\u00e9unions de l\u2019UE \u00e0 la Russie ? Le soup\u00e7on \u00e9tait l\u00e0 depuis longtemps. Maintenant, il","og_url":"https:\/\/vieassociative.be\/actualites\/soupcons-despionnage-contre-le-gouvernement-dorban-la-russie-a-t-elle-informe-lavrov-pendant-la-pause-de-la-reunion-de-lue\/","og_site_name":"Vie Associative","article_published_time":"2026-03-25T21:17:05+00:00","og_image":[{"width":279,"height":92,"url":"https:\/\/vieassociative.be\/actualites\/wp-content\/uploads\/2024\/09\/header_backgroundk-01-e1726694325946.png","type":"image\/png"}],"author":"Julien","twitter_card":"summary_large_image","twitter_misc":{"\u00c9crit par":"Julien","Dur\u00e9e de lecture est.":"4 minutes"},"schema":{"@context":"https:\/\/schema.org","@graph":[{"@type":"Article","@id":"https:\/\/vieassociative.be\/actualites\/soupcons-despionnage-contre-le-gouvernement-dorban-la-russie-a-t-elle-informe-lavrov-pendant-la-pause-de-la-reunion-de-lue\/#article","isPartOf":{"@id":"https:\/\/vieassociative.be\/actualites\/soupcons-despionnage-contre-le-gouvernement-dorban-la-russie-a-t-elle-informe-lavrov-pendant-la-pause-de-la-reunion-de-lue\/"},"author":{"name":"Julien","@id":"https:\/\/vieassociative.be\/actualites\/#\/schema\/person\/b87ac4f82f9d4e7b7cec7395b679edc4"},"headline":"Soup\u00e7ons d&rsquo;espionnage contre le gouvernement d&rsquo;Orban : la Russie a-t-elle inform\u00e9 Lavrov pendant la pause de la r\u00e9union de l&rsquo;UE ?","datePublished":"2026-03-25T21:17:05+00:00","dateModified":"2026-03-25T21:17:05+00:00","mainEntityOfPage":{"@id":"https:\/\/vieassociative.be\/actualites\/soupcons-despionnage-contre-le-gouvernement-dorban-la-russie-a-t-elle-informe-lavrov-pendant-la-pause-de-la-reunion-de-lue\/"},"wordCount":877,"publisher":{"@id":"https:\/\/vieassociative.be\/actualites\/#organization"},"image":{"@id":"https:\/\/vieassociative.be\/actualites\/soupcons-despionnage-contre-le-gouvernement-dorban-la-russie-a-t-elle-informe-lavrov-pendant-la-pause-de-la-reunion-de-lue\/#primaryimage"},"thumbnailUrl":"https:\/\/vieassociative.be\/actualites\/wp-content\/uploads\/2026\/03\/1774473426_Soupcons-despionnage-contre-le-gouvernement-dOrban-la-Russie-a-t-elle.jpg","keywords":["atelle","contre","despionnage","dOrban","gouvernement","inform\u00e9","Lavrov","LUE","pause","pendant","r\u00e9union","Russie","Soup\u00e7ons"],"articleSection":["Belgique"],"inLanguage":"fr-BE"},{"@type":"WebPage","@id":"https:\/\/vieassociative.be\/actualites\/soupcons-despionnage-contre-le-gouvernement-dorban-la-russie-a-t-elle-informe-lavrov-pendant-la-pause-de-la-reunion-de-lue\/","url":"https:\/\/vieassociative.be\/actualites\/soupcons-despionnage-contre-le-gouvernement-dorban-la-russie-a-t-elle-informe-lavrov-pendant-la-pause-de-la-reunion-de-lue\/","name":"Soup\u00e7ons d'espionnage contre le gouvernement d'Orban : la Russie a-t-elle inform\u00e9 Lavrov pendant la pause de la r\u00e9union de l'UE ? | Vie Associative","isPartOf":{"@id":"https:\/\/vieassociative.be\/actualites\/#website"},"primaryImageOfPage":{"@id":"https:\/\/vieassociative.be\/actualites\/soupcons-despionnage-contre-le-gouvernement-dorban-la-russie-a-t-elle-informe-lavrov-pendant-la-pause-de-la-reunion-de-lue\/#primaryimage"},"image":{"@id":"https:\/\/vieassociative.be\/actualites\/soupcons-despionnage-contre-le-gouvernement-dorban-la-russie-a-t-elle-informe-lavrov-pendant-la-pause-de-la-reunion-de-lue\/#primaryimage"},"thumbnailUrl":"https:\/\/vieassociative.be\/actualites\/wp-content\/uploads\/2026\/03\/1774473426_Soupcons-despionnage-contre-le-gouvernement-dOrban-la-Russie-a-t-elle.jpg","datePublished":"2026-03-25T21:17:05+00:00","dateModified":"2026-03-25T21:17:05+00:00","breadcrumb":{"@id":"https:\/\/vieassociative.be\/actualites\/soupcons-despionnage-contre-le-gouvernement-dorban-la-russie-a-t-elle-informe-lavrov-pendant-la-pause-de-la-reunion-de-lue\/#breadcrumb"},"inLanguage":"fr-BE","potentialAction":[{"@type":"ReadAction","target":["https:\/\/vieassociative.be\/actualites\/soupcons-despionnage-contre-le-gouvernement-dorban-la-russie-a-t-elle-informe-lavrov-pendant-la-pause-de-la-reunion-de-lue\/"]}]},{"@type":"ImageObject","inLanguage":"fr-BE","@id":"https:\/\/vieassociative.be\/actualites\/soupcons-despionnage-contre-le-gouvernement-dorban-la-russie-a-t-elle-informe-lavrov-pendant-la-pause-de-la-reunion-de-lue\/#primaryimage","url":"https:\/\/vieassociative.be\/actualites\/wp-content\/uploads\/2026\/03\/1774473426_Soupcons-despionnage-contre-le-gouvernement-dOrban-la-Russie-a-t-elle.jpg","contentUrl":"https:\/\/vieassociative.be\/actualites\/wp-content\/uploads\/2026\/03\/1774473426_Soupcons-despionnage-contre-le-gouvernement-dOrban-la-Russie-a-t-elle.jpg","width":1200,"height":800,"caption":"Soup\u00e7ons d'espionnage contre le gouvernement d'Orban : la Russie a-t-elle inform\u00e9 Lavrov pendant la pause de la r\u00e9union de l'UE ?"},{"@type":"BreadcrumbList","@id":"https:\/\/vieassociative.be\/actualites\/soupcons-despionnage-contre-le-gouvernement-dorban-la-russie-a-t-elle-informe-lavrov-pendant-la-pause-de-la-reunion-de-lue\/#breadcrumb","itemListElement":[{"@type":"ListItem","position":1,"name":"Accueil","item":"https:\/\/vieassociative.be\/actualites\/"},{"@type":"ListItem","position":2,"name":"Soup\u00e7ons d&rsquo;espionnage contre le gouvernement d&rsquo;Orban : la Russie a-t-elle inform\u00e9 Lavrov pendant la pause de la r\u00e9union de l&rsquo;UE ?"}]},{"@type":"WebSite","@id":"https:\/\/vieassociative.be\/actualites\/#website","url":"https:\/\/vieassociative.be\/actualites\/","name":"Vie Associative","description":"","publisher":{"@id":"https:\/\/vieassociative.be\/actualites\/#organization"},"potentialAction":[{"@type":"SearchAction","target":{"@type":"EntryPoint","urlTemplate":"https:\/\/vieassociative.be\/actualites\/?s={search_term_string}"},"query-input":{"@type":"PropertyValueSpecification","valueRequired":true,"valueName":"search_term_string"}}],"inLanguage":"fr-BE"},{"@type":"Organization","@id":"https:\/\/vieassociative.be\/actualites\/#organization","name":"Vie Associative","url":"https:\/\/vieassociative.be\/actualites\/","logo":{"@type":"ImageObject","inLanguage":"fr-BE","@id":"https:\/\/vieassociative.be\/actualites\/#\/schema\/logo\/image\/","url":"https:\/\/vieassociative.be\/actualites\/wp-content\/uploads\/2024\/09\/cropped-vieassociative_favicon.ico.png","contentUrl":"https:\/\/vieassociative.be\/actualites\/wp-content\/uploads\/2024\/09\/cropped-vieassociative_favicon.ico.png","width":512,"height":512,"caption":"Vie Associative"},"image":{"@id":"https:\/\/vieassociative.be\/actualites\/#\/schema\/logo\/image\/"}},{"@type":"Person","@id":"https:\/\/vieassociative.be\/actualites\/#\/schema\/person\/b87ac4f82f9d4e7b7cec7395b679edc4","name":"Julien","image":{"@type":"ImageObject","inLanguage":"fr-BE","@id":"https:\/\/vieassociative.be\/actualites\/#\/schema\/person\/image\/","url":"https:\/\/vieassociative.be\/actualites\/wp-content\/uploads\/2024\/09\/vie-associative-1-150x150.jpg","contentUrl":"https:\/\/vieassociative.be\/actualites\/wp-content\/uploads\/2024\/09\/vie-associative-1-150x150.jpg","caption":"Julien"},"description":"Je suis Julien, r\u00e9dacteur pour Vie Associative. Passionn\u00e9 par le monde associatif depuis plus de 10 ans, j'ai \u00e0 c\u0153ur de partager des histoires inspirantes et de mettre en lumi\u00e8re les initiatives locales. Mon objectif est de sensibiliser et d'encourager l'engagement communautaire \u00e0 travers mes articles.","sameAs":["https:\/\/vieassociative.be\/"]}]}},"_links":{"self":[{"href":"https:\/\/vieassociative.be\/actualites\/wp-json\/wp\/v2\/posts\/13186"}],"collection":[{"href":"https:\/\/vieassociative.be\/actualites\/wp-json\/wp\/v2\/posts"}],"about":[{"href":"https:\/\/vieassociative.be\/actualites\/wp-json\/wp\/v2\/types\/post"}],"author":[{"embeddable":true,"href":"https:\/\/vieassociative.be\/actualites\/wp-json\/wp\/v2\/users\/1"}],"replies":[{"embeddable":true,"href":"https:\/\/vieassociative.be\/actualites\/wp-json\/wp\/v2\/comments?post=13186"}],"version-history":[{"count":0,"href":"https:\/\/vieassociative.be\/actualites\/wp-json\/wp\/v2\/posts\/13186\/revisions"}],"wp:featuredmedia":[{"embeddable":true,"href":"https:\/\/vieassociative.be\/actualites\/wp-json\/wp\/v2\/media\/13187"}],"wp:attachment":[{"href":"https:\/\/vieassociative.be\/actualites\/wp-json\/wp\/v2\/media?parent=13186"}],"wp:term":[{"taxonomy":"category","embeddable":true,"href":"https:\/\/vieassociative.be\/actualites\/wp-json\/wp\/v2\/categories?post=13186"},{"taxonomy":"post_tag","embeddable":true,"href":"https:\/\/vieassociative.be\/actualites\/wp-json\/wp\/v2\/tags?post=13186"}],"curies":[{"name":"wp","href":"https:\/\/api.w.org\/{rel}","templated":true}]}}