{"id":13184,"date":"2026-03-25T21:17:11","date_gmt":"2026-03-25T20:17:11","guid":{"rendered":"https:\/\/vieassociative.be\/actualites\/si-javais-une-salle-de-sport-a-domicile-cest-le-support-de-rangement-que-jacheterais-lors-des-soldes-de-printemps-damazon\/"},"modified":"2026-03-25T21:17:11","modified_gmt":"2026-03-25T20:17:11","slug":"si-javais-une-salle-de-sport-a-domicile-cest-le-support-de-rangement-que-jacheterais-lors-des-soldes-de-printemps-damazon","status":"publish","type":"post","link":"https:\/\/vieassociative.be\/actualites\/si-javais-une-salle-de-sport-a-domicile-cest-le-support-de-rangement-que-jacheterais-lors-des-soldes-de-printemps-damazon\/","title":{"rendered":"Si j&rsquo;avais une salle de sport \u00e0 domicile, c&rsquo;est le support de rangement que j&rsquo;ach\u00e8terais lors des soldes de printemps d&rsquo;Amazon"},"content":{"rendered":"<p>Nous pouvons gagner une commission sur les liens sur cette page. Les prix et la disponibilit\u00e9 de l&rsquo;offre sont sujets \u00e0 changement apr\u00e8s la publication.<\/p>\n<p>Si vous \u00eates suffisamment d\u00e9vou\u00e9 pour avoir une salle de sport \u00e0 domicile, il n&rsquo;y a aucune raison pour que vous perdiez un temps d&rsquo;entra\u00eenement pr\u00e9cieux en fouillant dans un tas d&rsquo;\u00e9quipement ou en faisant plusieurs voyages dans votre garage pour r\u00e9cup\u00e9rer diff\u00e9rents halt\u00e8res entre les s\u00e9ries.<\/p>\n<p>Normalement 129,99 $, ce support de stockage pour salle de sport \u00e0 domicile est actuellement en vente au prix de 79,98 $ dans le cadre de la grande vente de printemps d&rsquo;Amazon. Si vous avez tr\u00e9buch\u00e9 sur des halt\u00e8res \u00e9parpill\u00e9s ou perdu du temps \u00e0 chercher les bons poids en cours d&rsquo;entra\u00eenement, cette offre r\u00e9sout les deux probl\u00e8mes pour moins de 80 $.<\/p>\n<div class=\"pogoClear mb-12 mt-10 rounded-md border-2 border-gray-100 py-7 shadow-xl md:py-6\">\n<div class=\"flex flex-wrap justify-between px-7 text-black no-underline md:flex-nowrap md:px-8\">\n<div class=\"order-1 mx-auto flex flex-col justify-center md:order-2 md:ml-4 md:w-full md:grow\">\n<div class=\"block cursor-pointer text-center font-akshar text-2xl font-medium leading-7 text-brand-green duration-200 ease-in-out hover:text-brand-green-700 md:text-left md:text-xl md:leading-6\">PLKOW Support d&rsquo;halt\u00e8res\n                <\/div>\n<div class=\"mt-4 hidden md:flex md:justify-between\">\n<div class=\"self-end\">\n<div class=\"mb-0 h-11 md:flex md:flex-col md:justify-center\">\n<div class=\" font-sans leading-4 text-black\">\n<div class=\"flex flex-wrap items-center justify-center gap-1 md:justify-start\">\n        <span class=\"font-bold\"><\/p>\n<p>            79,98\u00a0$<br \/>\n                            <span class=\"font-medium\">chez Amazon<\/span><br \/>\n                    <\/span>\n            <\/div>\n<div class=\"flex items-center justify-center gap-x-1 font-bold md:justify-start\">\n            <span class=\"text-sm line-through\">129,99\u00a0$<\/span><br \/>\n            <span class=\"text-sm text-brand-green\">\u00c9conomisez 50,01\u00a0$<\/span>\n        <\/div>\n<\/p><\/div>\n<\/p><\/div>\n<\/p><\/div>\n<div class=\"w-44 self-end\">\n                            <button class=\"flex justify-center items-center w-full bg-brand-green text-white text-base font-sans font-medium rounded-md hover:bg-brand-green-700 hover:cursor-pointer md:text-sm h-11\"><\/p>\n<p>    Obtenez une offre<br \/>\n<\/button>\n                        <\/div>\n<\/p><\/div>\n<\/p><\/div>\n<div class=\"order-2 mt-5 h-auto w-full md:order-1 md:mt-0 md:hidden\">\n<div class=\"flex aspect-video items-center justify-center\">\n                                            <img decoding=\"async\" class=\"m-0 max-h-full max-w-full rounded-md\" src=\"https:\/\/vieassociative.be\/actualites\/wp-content\/uploads\/2025\/12\/Ce-support-de-rangement-pour-salle-de-sport-a-domicile.jpg\" alt=\"PLKOW Support de poids pour halt\u00e8res, rangement de salle de sport \u00e0 domicile pour tapis et balles de yoga Kettlebells, rangement d'entra\u00eenement tout-en-un avec roues et crochets, acier finition rev\u00eatement en poudre\" width=\"auto\" height=\"auto\" loading=\"lazy\">\n                                    <\/div>\n<\/p><\/div>\n<div class=\"order-2 ml-2 hidden w-32 shrink-0 items-center md:order-1 md:ml-0 md:flex\">\n<div class=\"flex aspect-video items-center justify-center\">\n                                            <img decoding=\"async\" class=\"m-0 max-h-full max-w-full rounded-md\" src=\"https:\/\/vieassociative.be\/actualites\/wp-content\/uploads\/2025\/12\/Ce-support-de-rangement-pour-salle-de-sport-a-domicile.jpg\" alt=\"PLKOW Support de poids pour halt\u00e8res, rangement de salle de sport \u00e0 domicile pour tapis et balles de yoga Kettlebells, rangement d'entra\u00eenement tout-en-un avec roues et crochets, acier finition rev\u00eatement en poudre\" width=\"auto\" height=\"auto\" loading=\"lazy\">\n                                    <\/div>\n<\/p><\/div>\n<div class=\"order-3 flex grow flex-wrap md:hidden md:grow-0\">\n<div class=\"mt-4 w-full\">\n                        <button class=\"flex justify-center items-center w-full bg-brand-green text-white text-base font-sans font-medium rounded-md hover:bg-brand-green-700 hover:cursor-pointer md:text-sm h-11\"><\/p>\n<p>    Obtenez une offre<br \/>\n<\/button>\n                    <\/div>\n<div class=\"mx-2 mt-4 w-full\">\n<div class=\" font-sans leading-4 text-black\">\n<div class=\"flex flex-wrap items-center justify-center gap-1 md:justify-start\">\n        <span class=\"font-bold\"><\/p>\n<p>            79,98\u00a0$<br \/>\n                            <span class=\"font-medium\">chez Amazon<\/span><br \/>\n                    <\/span>\n            <\/div>\n<div class=\"flex items-center justify-center gap-x-1 font-bold md:justify-start\">\n            <span class=\"text-sm line-through\">129,99\u00a0$<\/span><br \/>\n            <span class=\"text-sm text-brand-green\">\u00c9conomisez 50,01\u00a0$<\/span>\n        <\/div>\n<\/p><\/div>\n<\/p><\/div>\n<\/p><\/div>\n<\/p><\/div>\n<\/div>\n<p>Mesurant 41,5&Prime; de largeur x 37&Prime; de hauteur, ce support de musculation est sp\u00e9cialement con\u00e7u pour une salle de sport \u00e0 domicile. Il y a des espaces d\u00e9gag\u00e9s pour les halt\u00e8res, les kettlebells, les blocs de yoga, les bandes de r\u00e9sistance, les m\u00e9decine-balls, etc., et l&rsquo;ensemble est sur roues. <\/p>\n<p>Lorsque tous vos petits \u00e9quipements s\u2019entassent dans les coins ou se font cogner sous les meubles, vous vous retrouvez face \u00e0 des obstacles totalement \u00e9vitables dans votre routine d\u2019entra\u00eenement. Avoir tout organis\u00e9 dans un seul support de stockage signifie que vous pouvez r\u00e9ellement trouver ce dont vous avez besoin quand vous en avez besoin.<\/p>\n<p>Si vous disposez d&rsquo;une salle de gym \u00e0 domicile encore plus grande (et plus d\u00e9sordonn\u00e9e), vous pouvez opter pour la version plus grande de 50,4&Prime; de largeur x 43,7&Prime; de hauteur, actuellement en vente au prix de 151,98\u00a0$ (au lieu de 189,99\u00a0$). Faites le point sur le mat\u00e9riel dont vous disposez, afin de trouver la bonne solution de stockage et de reprendre l&rsquo;entra\u00eenement.<\/p>\n<div class=\" relative flex justify-center py-16 md:left-1\/2 md:w-(780px) md:max-w-max md:-translate-x-1\/2\">\n<div class=\"w-max text-center sm:text-left\">\n<div class=\"custom-gradient-background mb-6 rounded-md p-(2px) sm:rounded-tl-none\">\n<div class=\"flex flex-col rounded bg-white sm:rounded-tl-none\">\n                    <span class=\"-mt-4 block w-fit max-w-(calc(100%-1rem)) self-center bg-white px-3 text-center font-akshar text-xl font-medium capitalize text-gray-800 sm:max-w-(calc(100%-2.5rem)) sm:self-start sm:px-10 sm:text-left sm:text-2xl\">Nos meilleures offres de vente de printemps Amazon approuv\u00e9es par les \u00e9diteurs en ce moment<\/span><\/p>\n<div class=\"flex flex-col gap-3 p-3 pb-4 text-sm sm:p-10 sm:pt-6 sm:text-justify sm:text-base\">\n<div>\n<p>    \u00c9couteurs sans fil Apple AirPods Pro 3 \u00e0 r\u00e9duction de bruit et fr\u00e9quence cardiaque<\/p>\n<p>                                <span class=\"text-black\"><br \/>\n                                    \u2014<br \/>\n                                    <span class=\"font-bold\">199,00\u00a0$<\/span><br \/>\n                                    <span class=\"!text-xs italic sm:!text-sm\"><\/p>\n<p>                                        (Prix catalogue 249,00 $)<br \/>\n                                    <\/span><br \/>\n                                <\/span>\n                            <\/div>\n<div>\n<p>    Apple iPad 11&Prime; 128 Go A16 WiFi Tablette (Bleu, 2025)<\/p>\n<p>                                <span class=\"text-black\"><br \/>\n                                    \u2014<br \/>\n                                    <span class=\"font-bold\">299,00\u00a0$<\/span><br \/>\n                                    <span class=\"!text-xs italic sm:!text-sm\"><\/p>\n<p>                                        (Prix catalogue 349,00 $)<br \/>\n                                    <\/span><br \/>\n                                <\/span>\n                            <\/div>\n<div>\n<p>    Sony WH1000XM6 \u2013 Meilleur casque sans fil \u00e0 r\u00e9duction de bruit<\/p>\n<p>                                <span class=\"text-black\"><br \/>\n                                    \u2014<br \/>\n                                    <span class=\"font-bold\">398,00\u00a0$<\/span><br \/>\n                                    <span class=\"!text-xs italic sm:!text-sm\"><\/p>\n<p>                                        (Prix catalogue 459,99 $)<br \/>\n                                    <\/span><br \/>\n                                <\/span>\n                            <\/div>\n<div>\n<p>    Apple Watch Series 11 (GPS, 42 mm, bracelet sport noir S\/M)<\/p>\n<p>                                <span class=\"text-black\"><br \/>\n                                    \u2014<br \/>\n                                    <span class=\"font-bold\">299,00\u00a0$<\/span><br \/>\n                                    <span class=\"!text-xs italic sm:!text-sm\"><\/p>\n<p>                                        (Prix catalogue 399,00 $)<br \/>\n                                    <\/span><br \/>\n                                <\/span>\n                            <\/div>\n<div>\n<p>    Sonnette vid\u00e9o sans fil Blink (mod\u00e8le le plus r\u00e9cent) + module de synchronisation<\/p>\n<p>                                <span class=\"text-black\"><br \/>\n                                    \u2014<br \/>\n                                    <span class=\"font-bold\">35,99\u00a0$<\/span><br \/>\n                                    <span class=\"!text-xs italic sm:!text-sm\"><\/p>\n<p>                                        (Prix catalogue 69,99 $)<br \/>\n                                    <\/span><br \/>\n                                <\/span>\n                            <\/div>\n<div>\n<p>    Cam\u00e9ra de s\u00e9curit\u00e9 filaire Ring Indoor Cam Plus 2K (Blanc)<\/p>\n<p>                                <span class=\"text-black\"><br \/>\n                                    \u2014<br \/>\n                                    <span class=\"font-bold\">39,99\u00a0$<\/span><br \/>\n                                    <span class=\"!text-xs italic sm:!text-sm\"><\/p>\n<p>                                        (Prix catalogue 59,99 $)<br \/>\n                                    <\/span><br \/>\n                                <\/span>\n                            <\/div>\n<div>\n<p>    Lecteur de streaming Fire TV Stick 4K Max avec t\u00e9l\u00e9commande<\/p>\n<p>                                <span class=\"text-black\"><br \/>\n                                    \u2014<br \/>\n                                    <span class=\"font-bold\">34,99\u00a0$<\/span><br \/>\n                                    <span class=\"!text-xs italic sm:!text-sm\"><\/p>\n<p>                                        (Prix catalogue 59,99 $)<br \/>\n                                    <\/span><br \/>\n                                <\/span>\n                            <\/div>\n<div>\n<p>    Amazon Kindle Colorsoft 16 Go 7&Prime; eReader (Noir)<\/p>\n<p>                                <span class=\"text-black\"><br \/>\n                                    \u2014<br \/>\n                                    <span class=\"font-bold\">169,99\u00a0$<\/span><br \/>\n                                    <span class=\"!text-xs italic sm:!text-sm\"><\/p>\n<p>                                        (Prix catalogue 249,99 $)<br \/>\n                                    <\/span><br \/>\n                                <\/span>\n                            <\/div>\n<\/p><\/div>\n<\/p><\/div>\n<\/p><\/div>\n<div class=\"flex flex-col items-center justify-between text-black sm:flex-row sm:px-6\">\n                <span class=\"text-xs italic sm:ml-7 sm:text-sm\">Les offres sont s\u00e9lectionn\u00e9es par notre \u00e9quipe commerciale<\/span><\/p><\/div>\n<\/p><\/div>\n<\/p><\/div>\n","protected":false},"excerpt":{"rendered":"<p>Nous pouvons gagner une commission sur les liens sur cette page. Les prix et la disponibilit\u00e9 de l&rsquo;offre sont sujets \u00e0 changement apr\u00e8s la publication.<\/p>\n","protected":false},"author":1,"featured_media":13185,"comment_status":"","ping_status":"","sticky":false,"template":"","format":"standard","meta":{"footnotes":""},"categories":[10234],"tags":[362,1154,29,2351,3698,10339,353,4943,9427,194,2466,47,4533,110],"class_list":["post-13184","post","type-post","status-publish","format-standard","has-post-thumbnail","hentry","category-fitness","tag-cest","tag-damazon","tag-des","tag-domicile","tag-jacheterais","tag-javais","tag-lors","tag-printemps","tag-rangement","tag-salle","tag-soldes","tag-sport","tag-support","tag-une","generate-columns","tablet-grid-50","mobile-grid-100","grid-parent","grid-33"],"yoast_head":"<!-- This site is optimized with the Yoast SEO plugin v24.0 - https:\/\/yoast.com\/wordpress\/plugins\/seo\/ -->\n<title>Si j&#039;avais une salle de sport \u00e0 domicile, c&#039;est le support de rangement que j&#039;ach\u00e8terais lors des soldes de printemps d&#039;Amazon | Vie Associative<\/title>\n<meta name=\"robots\" content=\"index, follow, max-snippet:-1, max-image-preview:large, max-video-preview:-1\" \/>\n<link rel=\"canonical\" href=\"https:\/\/vieassociative.be\/actualites\/si-javais-une-salle-de-sport-a-domicile-cest-le-support-de-rangement-que-jacheterais-lors-des-soldes-de-printemps-damazon\/\" \/>\n<meta property=\"og:locale\" content=\"fr_FR\" \/>\n<meta property=\"og:type\" content=\"article\" \/>\n<meta property=\"og:title\" content=\"Si j&#039;avais une salle de sport \u00e0 domicile, c&#039;est le support de rangement que j&#039;ach\u00e8terais lors des soldes de printemps d&#039;Amazon | Vie Associative\" \/>\n<meta property=\"og:description\" content=\"Nous pouvons gagner une commission sur les liens sur cette page. Les prix et la disponibilit\u00e9 de l&rsquo;offre sont sujets \u00e0 changement apr\u00e8s la publication.\" \/>\n<meta property=\"og:url\" content=\"https:\/\/vieassociative.be\/actualites\/si-javais-une-salle-de-sport-a-domicile-cest-le-support-de-rangement-que-jacheterais-lors-des-soldes-de-printemps-damazon\/\" \/>\n<meta property=\"og:site_name\" content=\"Vie Associative\" \/>\n<meta property=\"article:published_time\" content=\"2026-03-25T20:17:11+00:00\" \/>\n<meta property=\"og:image\" content=\"https:\/\/vieassociative.be\/actualites\/wp-content\/uploads\/2025\/12\/Ce-support-de-rangement-pour-salle-de-sport-a-domicile.jpg\" \/>\n<meta name=\"author\" content=\"Julien\" \/>\n<meta name=\"twitter:card\" content=\"summary_large_image\" \/>\n<meta name=\"twitter:label1\" content=\"\u00c9crit par\" \/>\n\t<meta name=\"twitter:data1\" content=\"Julien\" \/>\n\t<meta name=\"twitter:label2\" content=\"Dur\u00e9e de lecture est.\" \/>\n\t<meta name=\"twitter:data2\" content=\"2 minutes\" \/>\n<script type=\"application\/ld+json\" class=\"yoast-schema-graph\">{\"@context\":\"https:\/\/schema.org\",\"@graph\":[{\"@type\":\"Article\",\"@id\":\"https:\/\/vieassociative.be\/actualites\/si-javais-une-salle-de-sport-a-domicile-cest-le-support-de-rangement-que-jacheterais-lors-des-soldes-de-printemps-damazon\/#article\",\"isPartOf\":{\"@id\":\"https:\/\/vieassociative.be\/actualites\/si-javais-une-salle-de-sport-a-domicile-cest-le-support-de-rangement-que-jacheterais-lors-des-soldes-de-printemps-damazon\/\"},\"author\":{\"name\":\"Julien\",\"@id\":\"https:\/\/vieassociative.be\/actualites\/#\/schema\/person\/b87ac4f82f9d4e7b7cec7395b679edc4\"},\"headline\":\"Si j&rsquo;avais une salle de sport \u00e0 domicile, c&rsquo;est le support de rangement que j&rsquo;ach\u00e8terais lors des soldes de printemps d&rsquo;Amazon\",\"datePublished\":\"2026-03-25T20:17:11+00:00\",\"dateModified\":\"2026-03-25T20:17:11+00:00\",\"mainEntityOfPage\":{\"@id\":\"https:\/\/vieassociative.be\/actualites\/si-javais-une-salle-de-sport-a-domicile-cest-le-support-de-rangement-que-jacheterais-lors-des-soldes-de-printemps-damazon\/\"},\"wordCount\":492,\"publisher\":{\"@id\":\"https:\/\/vieassociative.be\/actualites\/#organization\"},\"image\":{\"@id\":\"https:\/\/vieassociative.be\/actualites\/si-javais-une-salle-de-sport-a-domicile-cest-le-support-de-rangement-que-jacheterais-lors-des-soldes-de-printemps-damazon\/#primaryimage\"},\"thumbnailUrl\":\"https:\/\/vieassociative.be\/actualites\/wp-content\/uploads\/2026\/03\/Si-javais-une-salle-de-sport-a-domicile-cest-le.png\",\"keywords\":[\"cest\",\"dAmazon\",\"Des\",\"domicile\",\"jach\u00e8terais\",\"javais\",\"lors\",\"printemps\",\"rangement\",\"salle\",\"soldes\",\"sport\",\"support\",\"une\"],\"articleSection\":[\"Fitness\"],\"inLanguage\":\"fr-BE\"},{\"@type\":\"WebPage\",\"@id\":\"https:\/\/vieassociative.be\/actualites\/si-javais-une-salle-de-sport-a-domicile-cest-le-support-de-rangement-que-jacheterais-lors-des-soldes-de-printemps-damazon\/\",\"url\":\"https:\/\/vieassociative.be\/actualites\/si-javais-une-salle-de-sport-a-domicile-cest-le-support-de-rangement-que-jacheterais-lors-des-soldes-de-printemps-damazon\/\",\"name\":\"Si j'avais une salle de sport \u00e0 domicile, c'est le support de rangement que j'ach\u00e8terais lors des soldes de printemps d'Amazon | Vie Associative\",\"isPartOf\":{\"@id\":\"https:\/\/vieassociative.be\/actualites\/#website\"},\"primaryImageOfPage\":{\"@id\":\"https:\/\/vieassociative.be\/actualites\/si-javais-une-salle-de-sport-a-domicile-cest-le-support-de-rangement-que-jacheterais-lors-des-soldes-de-printemps-damazon\/#primaryimage\"},\"image\":{\"@id\":\"https:\/\/vieassociative.be\/actualites\/si-javais-une-salle-de-sport-a-domicile-cest-le-support-de-rangement-que-jacheterais-lors-des-soldes-de-printemps-damazon\/#primaryimage\"},\"thumbnailUrl\":\"https:\/\/vieassociative.be\/actualites\/wp-content\/uploads\/2026\/03\/Si-javais-une-salle-de-sport-a-domicile-cest-le.png\",\"datePublished\":\"2026-03-25T20:17:11+00:00\",\"dateModified\":\"2026-03-25T20:17:11+00:00\",\"breadcrumb\":{\"@id\":\"https:\/\/vieassociative.be\/actualites\/si-javais-une-salle-de-sport-a-domicile-cest-le-support-de-rangement-que-jacheterais-lors-des-soldes-de-printemps-damazon\/#breadcrumb\"},\"inLanguage\":\"fr-BE\",\"potentialAction\":[{\"@type\":\"ReadAction\",\"target\":[\"https:\/\/vieassociative.be\/actualites\/si-javais-une-salle-de-sport-a-domicile-cest-le-support-de-rangement-que-jacheterais-lors-des-soldes-de-printemps-damazon\/\"]}]},{\"@type\":\"ImageObject\",\"inLanguage\":\"fr-BE\",\"@id\":\"https:\/\/vieassociative.be\/actualites\/si-javais-une-salle-de-sport-a-domicile-cest-le-support-de-rangement-que-jacheterais-lors-des-soldes-de-printemps-damazon\/#primaryimage\",\"url\":\"https:\/\/vieassociative.be\/actualites\/wp-content\/uploads\/2026\/03\/Si-javais-une-salle-de-sport-a-domicile-cest-le.png\",\"contentUrl\":\"https:\/\/vieassociative.be\/actualites\/wp-content\/uploads\/2026\/03\/Si-javais-une-salle-de-sport-a-domicile-cest-le.png\",\"width\":1200,\"height\":675,\"caption\":\"Si j'avais une salle de sport \u00e0 domicile, c'est le support de rangement que j'ach\u00e8terais lors des soldes de printemps d'Amazon\"},{\"@type\":\"BreadcrumbList\",\"@id\":\"https:\/\/vieassociative.be\/actualites\/si-javais-une-salle-de-sport-a-domicile-cest-le-support-de-rangement-que-jacheterais-lors-des-soldes-de-printemps-damazon\/#breadcrumb\",\"itemListElement\":[{\"@type\":\"ListItem\",\"position\":1,\"name\":\"Accueil\",\"item\":\"https:\/\/vieassociative.be\/actualites\/\"},{\"@type\":\"ListItem\",\"position\":2,\"name\":\"Si j&rsquo;avais une salle de sport \u00e0 domicile, c&rsquo;est le support de rangement que j&rsquo;ach\u00e8terais lors des soldes de printemps d&rsquo;Amazon\"}]},{\"@type\":\"WebSite\",\"@id\":\"https:\/\/vieassociative.be\/actualites\/#website\",\"url\":\"https:\/\/vieassociative.be\/actualites\/\",\"name\":\"Vie Associative\",\"description\":\"\",\"publisher\":{\"@id\":\"https:\/\/vieassociative.be\/actualites\/#organization\"},\"potentialAction\":[{\"@type\":\"SearchAction\",\"target\":{\"@type\":\"EntryPoint\",\"urlTemplate\":\"https:\/\/vieassociative.be\/actualites\/?s={search_term_string}\"},\"query-input\":{\"@type\":\"PropertyValueSpecification\",\"valueRequired\":true,\"valueName\":\"search_term_string\"}}],\"inLanguage\":\"fr-BE\"},{\"@type\":\"Organization\",\"@id\":\"https:\/\/vieassociative.be\/actualites\/#organization\",\"name\":\"Vie Associative\",\"url\":\"https:\/\/vieassociative.be\/actualites\/\",\"logo\":{\"@type\":\"ImageObject\",\"inLanguage\":\"fr-BE\",\"@id\":\"https:\/\/vieassociative.be\/actualites\/#\/schema\/logo\/image\/\",\"url\":\"https:\/\/vieassociative.be\/actualites\/wp-content\/uploads\/2024\/09\/cropped-vieassociative_favicon.ico.png\",\"contentUrl\":\"https:\/\/vieassociative.be\/actualites\/wp-content\/uploads\/2024\/09\/cropped-vieassociative_favicon.ico.png\",\"width\":512,\"height\":512,\"caption\":\"Vie Associative\"},\"image\":{\"@id\":\"https:\/\/vieassociative.be\/actualites\/#\/schema\/logo\/image\/\"}},{\"@type\":\"Person\",\"@id\":\"https:\/\/vieassociative.be\/actualites\/#\/schema\/person\/b87ac4f82f9d4e7b7cec7395b679edc4\",\"name\":\"Julien\",\"image\":{\"@type\":\"ImageObject\",\"inLanguage\":\"fr-BE\",\"@id\":\"https:\/\/vieassociative.be\/actualites\/#\/schema\/person\/image\/\",\"url\":\"https:\/\/vieassociative.be\/actualites\/wp-content\/uploads\/2024\/09\/vie-associative-1-150x150.jpg\",\"contentUrl\":\"https:\/\/vieassociative.be\/actualites\/wp-content\/uploads\/2024\/09\/vie-associative-1-150x150.jpg\",\"caption\":\"Julien\"},\"description\":\"Je suis Julien, r\u00e9dacteur pour Vie Associative. Passionn\u00e9 par le monde associatif depuis plus de 10 ans, j'ai \u00e0 c\u0153ur de partager des histoires inspirantes et de mettre en lumi\u00e8re les initiatives locales. Mon objectif est de sensibiliser et d'encourager l'engagement communautaire \u00e0 travers mes articles.\",\"sameAs\":[\"https:\/\/vieassociative.be\/\"]}]}<\/script>\n<!-- \/ Yoast SEO plugin. -->","yoast_head_json":{"title":"Si j'avais une salle de sport \u00e0 domicile, c'est le support de rangement que j'ach\u00e8terais lors des soldes de printemps d'Amazon | Vie Associative","robots":{"index":"index","follow":"follow","max-snippet":"max-snippet:-1","max-image-preview":"max-image-preview:large","max-video-preview":"max-video-preview:-1"},"canonical":"https:\/\/vieassociative.be\/actualites\/si-javais-une-salle-de-sport-a-domicile-cest-le-support-de-rangement-que-jacheterais-lors-des-soldes-de-printemps-damazon\/","og_locale":"fr_FR","og_type":"article","og_title":"Si j'avais une salle de sport \u00e0 domicile, c'est le support de rangement que j'ach\u00e8terais lors des soldes de printemps d'Amazon | Vie Associative","og_description":"Nous pouvons gagner une commission sur les liens sur cette page. Les prix et la disponibilit\u00e9 de l&rsquo;offre sont sujets \u00e0 changement apr\u00e8s la publication.","og_url":"https:\/\/vieassociative.be\/actualites\/si-javais-une-salle-de-sport-a-domicile-cest-le-support-de-rangement-que-jacheterais-lors-des-soldes-de-printemps-damazon\/","og_site_name":"Vie Associative","article_published_time":"2026-03-25T20:17:11+00:00","og_image":[{"url":"https:\/\/vieassociative.be\/actualites\/wp-content\/uploads\/2025\/12\/Ce-support-de-rangement-pour-salle-de-sport-a-domicile.jpg","type":"","width":"","height":""}],"author":"Julien","twitter_card":"summary_large_image","twitter_misc":{"\u00c9crit par":"Julien","Dur\u00e9e de lecture est.":"2 minutes"},"schema":{"@context":"https:\/\/schema.org","@graph":[{"@type":"Article","@id":"https:\/\/vieassociative.be\/actualites\/si-javais-une-salle-de-sport-a-domicile-cest-le-support-de-rangement-que-jacheterais-lors-des-soldes-de-printemps-damazon\/#article","isPartOf":{"@id":"https:\/\/vieassociative.be\/actualites\/si-javais-une-salle-de-sport-a-domicile-cest-le-support-de-rangement-que-jacheterais-lors-des-soldes-de-printemps-damazon\/"},"author":{"name":"Julien","@id":"https:\/\/vieassociative.be\/actualites\/#\/schema\/person\/b87ac4f82f9d4e7b7cec7395b679edc4"},"headline":"Si j&rsquo;avais une salle de sport \u00e0 domicile, c&rsquo;est le support de rangement que j&rsquo;ach\u00e8terais lors des soldes de printemps d&rsquo;Amazon","datePublished":"2026-03-25T20:17:11+00:00","dateModified":"2026-03-25T20:17:11+00:00","mainEntityOfPage":{"@id":"https:\/\/vieassociative.be\/actualites\/si-javais-une-salle-de-sport-a-domicile-cest-le-support-de-rangement-que-jacheterais-lors-des-soldes-de-printemps-damazon\/"},"wordCount":492,"publisher":{"@id":"https:\/\/vieassociative.be\/actualites\/#organization"},"image":{"@id":"https:\/\/vieassociative.be\/actualites\/si-javais-une-salle-de-sport-a-domicile-cest-le-support-de-rangement-que-jacheterais-lors-des-soldes-de-printemps-damazon\/#primaryimage"},"thumbnailUrl":"https:\/\/vieassociative.be\/actualites\/wp-content\/uploads\/2026\/03\/Si-javais-une-salle-de-sport-a-domicile-cest-le.png","keywords":["cest","dAmazon","Des","domicile","jach\u00e8terais","javais","lors","printemps","rangement","salle","soldes","sport","support","une"],"articleSection":["Fitness"],"inLanguage":"fr-BE"},{"@type":"WebPage","@id":"https:\/\/vieassociative.be\/actualites\/si-javais-une-salle-de-sport-a-domicile-cest-le-support-de-rangement-que-jacheterais-lors-des-soldes-de-printemps-damazon\/","url":"https:\/\/vieassociative.be\/actualites\/si-javais-une-salle-de-sport-a-domicile-cest-le-support-de-rangement-que-jacheterais-lors-des-soldes-de-printemps-damazon\/","name":"Si j'avais une salle de sport \u00e0 domicile, c'est le support de rangement que j'ach\u00e8terais lors des soldes de printemps d'Amazon | Vie Associative","isPartOf":{"@id":"https:\/\/vieassociative.be\/actualites\/#website"},"primaryImageOfPage":{"@id":"https:\/\/vieassociative.be\/actualites\/si-javais-une-salle-de-sport-a-domicile-cest-le-support-de-rangement-que-jacheterais-lors-des-soldes-de-printemps-damazon\/#primaryimage"},"image":{"@id":"https:\/\/vieassociative.be\/actualites\/si-javais-une-salle-de-sport-a-domicile-cest-le-support-de-rangement-que-jacheterais-lors-des-soldes-de-printemps-damazon\/#primaryimage"},"thumbnailUrl":"https:\/\/vieassociative.be\/actualites\/wp-content\/uploads\/2026\/03\/Si-javais-une-salle-de-sport-a-domicile-cest-le.png","datePublished":"2026-03-25T20:17:11+00:00","dateModified":"2026-03-25T20:17:11+00:00","breadcrumb":{"@id":"https:\/\/vieassociative.be\/actualites\/si-javais-une-salle-de-sport-a-domicile-cest-le-support-de-rangement-que-jacheterais-lors-des-soldes-de-printemps-damazon\/#breadcrumb"},"inLanguage":"fr-BE","potentialAction":[{"@type":"ReadAction","target":["https:\/\/vieassociative.be\/actualites\/si-javais-une-salle-de-sport-a-domicile-cest-le-support-de-rangement-que-jacheterais-lors-des-soldes-de-printemps-damazon\/"]}]},{"@type":"ImageObject","inLanguage":"fr-BE","@id":"https:\/\/vieassociative.be\/actualites\/si-javais-une-salle-de-sport-a-domicile-cest-le-support-de-rangement-que-jacheterais-lors-des-soldes-de-printemps-damazon\/#primaryimage","url":"https:\/\/vieassociative.be\/actualites\/wp-content\/uploads\/2026\/03\/Si-javais-une-salle-de-sport-a-domicile-cest-le.png","contentUrl":"https:\/\/vieassociative.be\/actualites\/wp-content\/uploads\/2026\/03\/Si-javais-une-salle-de-sport-a-domicile-cest-le.png","width":1200,"height":675,"caption":"Si j'avais une salle de sport \u00e0 domicile, c'est le support de rangement que j'ach\u00e8terais lors des soldes de printemps d'Amazon"},{"@type":"BreadcrumbList","@id":"https:\/\/vieassociative.be\/actualites\/si-javais-une-salle-de-sport-a-domicile-cest-le-support-de-rangement-que-jacheterais-lors-des-soldes-de-printemps-damazon\/#breadcrumb","itemListElement":[{"@type":"ListItem","position":1,"name":"Accueil","item":"https:\/\/vieassociative.be\/actualites\/"},{"@type":"ListItem","position":2,"name":"Si j&rsquo;avais une salle de sport \u00e0 domicile, c&rsquo;est le support de rangement que j&rsquo;ach\u00e8terais lors des soldes de printemps d&rsquo;Amazon"}]},{"@type":"WebSite","@id":"https:\/\/vieassociative.be\/actualites\/#website","url":"https:\/\/vieassociative.be\/actualites\/","name":"Vie Associative","description":"","publisher":{"@id":"https:\/\/vieassociative.be\/actualites\/#organization"},"potentialAction":[{"@type":"SearchAction","target":{"@type":"EntryPoint","urlTemplate":"https:\/\/vieassociative.be\/actualites\/?s={search_term_string}"},"query-input":{"@type":"PropertyValueSpecification","valueRequired":true,"valueName":"search_term_string"}}],"inLanguage":"fr-BE"},{"@type":"Organization","@id":"https:\/\/vieassociative.be\/actualites\/#organization","name":"Vie Associative","url":"https:\/\/vieassociative.be\/actualites\/","logo":{"@type":"ImageObject","inLanguage":"fr-BE","@id":"https:\/\/vieassociative.be\/actualites\/#\/schema\/logo\/image\/","url":"https:\/\/vieassociative.be\/actualites\/wp-content\/uploads\/2024\/09\/cropped-vieassociative_favicon.ico.png","contentUrl":"https:\/\/vieassociative.be\/actualites\/wp-content\/uploads\/2024\/09\/cropped-vieassociative_favicon.ico.png","width":512,"height":512,"caption":"Vie Associative"},"image":{"@id":"https:\/\/vieassociative.be\/actualites\/#\/schema\/logo\/image\/"}},{"@type":"Person","@id":"https:\/\/vieassociative.be\/actualites\/#\/schema\/person\/b87ac4f82f9d4e7b7cec7395b679edc4","name":"Julien","image":{"@type":"ImageObject","inLanguage":"fr-BE","@id":"https:\/\/vieassociative.be\/actualites\/#\/schema\/person\/image\/","url":"https:\/\/vieassociative.be\/actualites\/wp-content\/uploads\/2024\/09\/vie-associative-1-150x150.jpg","contentUrl":"https:\/\/vieassociative.be\/actualites\/wp-content\/uploads\/2024\/09\/vie-associative-1-150x150.jpg","caption":"Julien"},"description":"Je suis Julien, r\u00e9dacteur pour Vie Associative. Passionn\u00e9 par le monde associatif depuis plus de 10 ans, j'ai \u00e0 c\u0153ur de partager des histoires inspirantes et de mettre en lumi\u00e8re les initiatives locales. Mon objectif est de sensibiliser et d'encourager l'engagement communautaire \u00e0 travers mes articles.","sameAs":["https:\/\/vieassociative.be\/"]}]}},"_links":{"self":[{"href":"https:\/\/vieassociative.be\/actualites\/wp-json\/wp\/v2\/posts\/13184"}],"collection":[{"href":"https:\/\/vieassociative.be\/actualites\/wp-json\/wp\/v2\/posts"}],"about":[{"href":"https:\/\/vieassociative.be\/actualites\/wp-json\/wp\/v2\/types\/post"}],"author":[{"embeddable":true,"href":"https:\/\/vieassociative.be\/actualites\/wp-json\/wp\/v2\/users\/1"}],"replies":[{"embeddable":true,"href":"https:\/\/vieassociative.be\/actualites\/wp-json\/wp\/v2\/comments?post=13184"}],"version-history":[{"count":0,"href":"https:\/\/vieassociative.be\/actualites\/wp-json\/wp\/v2\/posts\/13184\/revisions"}],"wp:featuredmedia":[{"embeddable":true,"href":"https:\/\/vieassociative.be\/actualites\/wp-json\/wp\/v2\/media\/13185"}],"wp:attachment":[{"href":"https:\/\/vieassociative.be\/actualites\/wp-json\/wp\/v2\/media?parent=13184"}],"wp:term":[{"taxonomy":"category","embeddable":true,"href":"https:\/\/vieassociative.be\/actualites\/wp-json\/wp\/v2\/categories?post=13184"},{"taxonomy":"post_tag","embeddable":true,"href":"https:\/\/vieassociative.be\/actualites\/wp-json\/wp\/v2\/tags?post=13184"}],"curies":[{"name":"wp","href":"https:\/\/api.w.org\/{rel}","templated":true}]}}