{"id":13182,"date":"2026-03-25T16:17:20","date_gmt":"2026-03-25T15:17:20","guid":{"rendered":"https:\/\/vieassociative.be\/actualites\/luc-frank-a-lhemicycle-nous-ne-sommes-pas-des-wallons\/"},"modified":"2026-03-25T16:17:20","modified_gmt":"2026-03-25T15:17:20","slug":"luc-frank-a-lhemicycle-nous-ne-sommes-pas-des-wallons","status":"publish","type":"post","link":"https:\/\/vieassociative.be\/actualites\/luc-frank-a-lhemicycle-nous-ne-sommes-pas-des-wallons\/","title":{"rendered":"Luc Frank \u00e0 l&rsquo;h\u00e9micycle : \u00ab\u00a0Nous ne sommes pas des Wallons\u00a0\u00bb"},"content":{"rendered":"<p><strong>Le mardi 24 mars 2026 aurait pu \u00eatre un jour normal \u00e0 la Commission de r\u00e9forme institutionnelle de la Chambre des d\u00e9put\u00e9s \u00e0 Bruxelles. Le Premier ministre \u00e9tait pr\u00e9sent pour r\u00e9pondre aux questions orales des d\u00e9put\u00e9s. Mais premi\u00e8rement, les choses se passent diff\u00e9remment, deuxi\u00e8mement, que vous ne le pensez.<\/strong><\/p>\n<p><span id=\"more-437947\"><\/span>Lors de la r\u00e9union de la commission, il y a eu un \u00e9change de coups entre le d\u00e9put\u00e9 D\u00e9Fi Fran\u00e7ois De Smet et le Premier ministre Bart De Wever (N-VA), qui a d\u00e9clar\u00e9 qu&rsquo;une limitation dans le temps des allocations de ch\u00f4mage serait b\u00e9n\u00e9fique pour les Wallons, les Flamands \u00ab\u00a0et aussi pour les germanophones\u00a0\u00bb. De Smet a ensuite r\u00e9torqu\u00e9 que les Belges germanophones \u00e9taient \u00e9galement des Wallons car ils faisaient apr\u00e8s tout partie de la r\u00e9gion wallonne.<\/p>\n<div id=\"attachment_437949\" class=\"wp-caption alignleft\" style=\"max-width: 300px\"><img fetchpriority=\"high\" decoding=\"async\" class=\"wp-image-437949 size-medium\" src=\"https:\/\/vieassociative.be\/actualites\/wp-content\/uploads\/2026\/03\/Luc-Frank-a-lhemicycle-Nous-ne-sommes-pas-des.jpg\" alt=\"\" width=\"300\" height=\"203\"><\/div>\n<p>Le Premier ministre De Wever ne voulait pas en rester l\u00e0. Et le seul d\u00e9put\u00e9 germanophone, Luc Frank (Les Engag\u00e9s), a d\u00e9clar\u00e9 avoir litt\u00e9ralement bondi de son si\u00e8ge en entendant cette affirmation.<\/p>\n<p>De Wever et Frank ont \u200b\u200bimm\u00e9diatement fait comprendre que les affirmations de De Smet ne correspondaient pas \u00e0 la r\u00e9alit\u00e9 et ont soulign\u00e9 l&rsquo;ignorance g\u00e9n\u00e9rale quant \u00e0 la particularit\u00e9 de la population germanophone en Belgique. Le premier ministre a m\u00eame parl\u00e9 de racisme et de colonialisme. \u00ab\u00a0Des mots forts\u00a0\u00bb, a d\u00e9clar\u00e9 Frank, qui a soulign\u00e9 une nouvelle fois mercredi : \u00ab\u00a0Nous ne sommes pas des Wallons !\u00a0\u00bb <\/p>\n<p>Frank : \u00ab\u00a0Des d\u00e9clarations comme celle de De Smet montrent qu&rsquo;il y a encore des repr\u00e9sentants \u00e0 la Chambre qui ne connaissent pas la r\u00e9alit\u00e9 germanophone. Elles soulignent \u00e9galement combien il est important d&rsquo;\u00eatre repr\u00e9sent\u00e9 au niveau f\u00e9d\u00e9ral.\u00a0\u00bb (cr\u00e9er)<\/p>\n","protected":false},"excerpt":{"rendered":"<p>Le mardi 24 mars 2026 aurait pu \u00eatre un jour normal \u00e0 la Commission de r\u00e9forme institutionnelle de la Chambre des d\u00e9put\u00e9s \u00e0 Bruxelles. Le<\/p>\n","protected":false},"author":1,"featured_media":13183,"comment_status":"","ping_status":"","sticky":false,"template":"","format":"standard","meta":{"footnotes":""},"categories":[298],"tags":[29,3671,10337,7036,393,126,5081,10338],"class_list":["post-13182","post","type-post","status-publish","format-standard","has-post-thumbnail","hentry","category-belgique","tag-des","tag-frank","tag-lhemicycle","tag-luc","tag-nous","tag-pas","tag-sommes","tag-wallons","generate-columns","tablet-grid-50","mobile-grid-100","grid-parent","grid-33"],"yoast_head":"<!-- This site is optimized with the Yoast SEO plugin v24.0 - https:\/\/yoast.com\/wordpress\/plugins\/seo\/ -->\n<title>Luc Frank \u00e0 l&#039;h\u00e9micycle : &quot;Nous ne sommes pas des Wallons&quot; | Vie Associative<\/title>\n<meta name=\"robots\" content=\"index, follow, max-snippet:-1, max-image-preview:large, max-video-preview:-1\" \/>\n<link rel=\"canonical\" href=\"https:\/\/vieassociative.be\/actualites\/luc-frank-a-lhemicycle-nous-ne-sommes-pas-des-wallons\/\" \/>\n<meta property=\"og:locale\" content=\"fr_FR\" \/>\n<meta property=\"og:type\" content=\"article\" \/>\n<meta property=\"og:title\" content=\"Luc Frank \u00e0 l&#039;h\u00e9micycle : &quot;Nous ne sommes pas des Wallons&quot; | Vie Associative\" \/>\n<meta property=\"og:description\" content=\"Le mardi 24 mars 2026 aurait pu \u00eatre un jour normal \u00e0 la Commission de r\u00e9forme institutionnelle de la Chambre des d\u00e9put\u00e9s \u00e0 Bruxelles. Le\" \/>\n<meta property=\"og:url\" content=\"https:\/\/vieassociative.be\/actualites\/luc-frank-a-lhemicycle-nous-ne-sommes-pas-des-wallons\/\" \/>\n<meta property=\"og:site_name\" content=\"Vie Associative\" \/>\n<meta property=\"article:published_time\" content=\"2026-03-25T15:17:20+00:00\" \/>\n<meta property=\"og:image\" content=\"https:\/\/vieassociative.be\/actualites\/wp-content\/uploads\/2024\/09\/header_backgroundk-01-e1726694325946.png\" \/>\n\t<meta property=\"og:image:width\" content=\"279\" \/>\n\t<meta property=\"og:image:height\" content=\"92\" \/>\n\t<meta property=\"og:image:type\" content=\"image\/png\" \/>\n<meta name=\"author\" content=\"Julien\" \/>\n<meta name=\"twitter:card\" content=\"summary_large_image\" \/>\n<meta name=\"twitter:label1\" content=\"\u00c9crit par\" \/>\n\t<meta name=\"twitter:data1\" content=\"Julien\" \/>\n\t<meta name=\"twitter:label2\" content=\"Dur\u00e9e de lecture est.\" \/>\n\t<meta name=\"twitter:data2\" content=\"1 minute\" \/>\n<script type=\"application\/ld+json\" class=\"yoast-schema-graph\">{\"@context\":\"https:\/\/schema.org\",\"@graph\":[{\"@type\":\"Article\",\"@id\":\"https:\/\/vieassociative.be\/actualites\/luc-frank-a-lhemicycle-nous-ne-sommes-pas-des-wallons\/#article\",\"isPartOf\":{\"@id\":\"https:\/\/vieassociative.be\/actualites\/luc-frank-a-lhemicycle-nous-ne-sommes-pas-des-wallons\/\"},\"author\":{\"name\":\"Julien\",\"@id\":\"https:\/\/vieassociative.be\/actualites\/#\/schema\/person\/b87ac4f82f9d4e7b7cec7395b679edc4\"},\"headline\":\"Luc Frank \u00e0 l&rsquo;h\u00e9micycle : \u00ab\u00a0Nous ne sommes pas des Wallons\u00a0\u00bb\",\"datePublished\":\"2026-03-25T15:17:20+00:00\",\"dateModified\":\"2026-03-25T15:17:20+00:00\",\"mainEntityOfPage\":{\"@id\":\"https:\/\/vieassociative.be\/actualites\/luc-frank-a-lhemicycle-nous-ne-sommes-pas-des-wallons\/\"},\"wordCount\":308,\"publisher\":{\"@id\":\"https:\/\/vieassociative.be\/actualites\/#organization\"},\"image\":{\"@id\":\"https:\/\/vieassociative.be\/actualites\/luc-frank-a-lhemicycle-nous-ne-sommes-pas-des-wallons\/#primaryimage\"},\"thumbnailUrl\":\"https:\/\/vieassociative.be\/actualites\/wp-content\/uploads\/2026\/03\/1774451840_Luc-Frank-a-lhemicycle-Nous-ne-sommes-pas-des.jpg\",\"keywords\":[\"Des\",\"Frank\",\"lh\u00e9micycle\",\"Luc\",\"nous\",\"pas\",\"sommes\",\"Wallons\"],\"articleSection\":[\"Belgique\"],\"inLanguage\":\"fr-BE\"},{\"@type\":\"WebPage\",\"@id\":\"https:\/\/vieassociative.be\/actualites\/luc-frank-a-lhemicycle-nous-ne-sommes-pas-des-wallons\/\",\"url\":\"https:\/\/vieassociative.be\/actualites\/luc-frank-a-lhemicycle-nous-ne-sommes-pas-des-wallons\/\",\"name\":\"Luc Frank \u00e0 l'h\u00e9micycle : \\\"Nous ne sommes pas des Wallons\\\" | Vie Associative\",\"isPartOf\":{\"@id\":\"https:\/\/vieassociative.be\/actualites\/#website\"},\"primaryImageOfPage\":{\"@id\":\"https:\/\/vieassociative.be\/actualites\/luc-frank-a-lhemicycle-nous-ne-sommes-pas-des-wallons\/#primaryimage\"},\"image\":{\"@id\":\"https:\/\/vieassociative.be\/actualites\/luc-frank-a-lhemicycle-nous-ne-sommes-pas-des-wallons\/#primaryimage\"},\"thumbnailUrl\":\"https:\/\/vieassociative.be\/actualites\/wp-content\/uploads\/2026\/03\/1774451840_Luc-Frank-a-lhemicycle-Nous-ne-sommes-pas-des.jpg\",\"datePublished\":\"2026-03-25T15:17:20+00:00\",\"dateModified\":\"2026-03-25T15:17:20+00:00\",\"breadcrumb\":{\"@id\":\"https:\/\/vieassociative.be\/actualites\/luc-frank-a-lhemicycle-nous-ne-sommes-pas-des-wallons\/#breadcrumb\"},\"inLanguage\":\"fr-BE\",\"potentialAction\":[{\"@type\":\"ReadAction\",\"target\":[\"https:\/\/vieassociative.be\/actualites\/luc-frank-a-lhemicycle-nous-ne-sommes-pas-des-wallons\/\"]}]},{\"@type\":\"ImageObject\",\"inLanguage\":\"fr-BE\",\"@id\":\"https:\/\/vieassociative.be\/actualites\/luc-frank-a-lhemicycle-nous-ne-sommes-pas-des-wallons\/#primaryimage\",\"url\":\"https:\/\/vieassociative.be\/actualites\/wp-content\/uploads\/2026\/03\/1774451840_Luc-Frank-a-lhemicycle-Nous-ne-sommes-pas-des.jpg\",\"contentUrl\":\"https:\/\/vieassociative.be\/actualites\/wp-content\/uploads\/2026\/03\/1774451840_Luc-Frank-a-lhemicycle-Nous-ne-sommes-pas-des.jpg\",\"width\":1200,\"height\":800,\"caption\":\"Luc Frank \u00e0 l'h\u00e9micycle : \\\"Nous ne sommes pas des Wallons\\\"\"},{\"@type\":\"BreadcrumbList\",\"@id\":\"https:\/\/vieassociative.be\/actualites\/luc-frank-a-lhemicycle-nous-ne-sommes-pas-des-wallons\/#breadcrumb\",\"itemListElement\":[{\"@type\":\"ListItem\",\"position\":1,\"name\":\"Accueil\",\"item\":\"https:\/\/vieassociative.be\/actualites\/\"},{\"@type\":\"ListItem\",\"position\":2,\"name\":\"Luc Frank \u00e0 l&rsquo;h\u00e9micycle : \u00ab\u00a0Nous ne sommes pas des Wallons\u00a0\u00bb\"}]},{\"@type\":\"WebSite\",\"@id\":\"https:\/\/vieassociative.be\/actualites\/#website\",\"url\":\"https:\/\/vieassociative.be\/actualites\/\",\"name\":\"Vie Associative\",\"description\":\"\",\"publisher\":{\"@id\":\"https:\/\/vieassociative.be\/actualites\/#organization\"},\"potentialAction\":[{\"@type\":\"SearchAction\",\"target\":{\"@type\":\"EntryPoint\",\"urlTemplate\":\"https:\/\/vieassociative.be\/actualites\/?s={search_term_string}\"},\"query-input\":{\"@type\":\"PropertyValueSpecification\",\"valueRequired\":true,\"valueName\":\"search_term_string\"}}],\"inLanguage\":\"fr-BE\"},{\"@type\":\"Organization\",\"@id\":\"https:\/\/vieassociative.be\/actualites\/#organization\",\"name\":\"Vie Associative\",\"url\":\"https:\/\/vieassociative.be\/actualites\/\",\"logo\":{\"@type\":\"ImageObject\",\"inLanguage\":\"fr-BE\",\"@id\":\"https:\/\/vieassociative.be\/actualites\/#\/schema\/logo\/image\/\",\"url\":\"https:\/\/vieassociative.be\/actualites\/wp-content\/uploads\/2024\/09\/cropped-vieassociative_favicon.ico.png\",\"contentUrl\":\"https:\/\/vieassociative.be\/actualites\/wp-content\/uploads\/2024\/09\/cropped-vieassociative_favicon.ico.png\",\"width\":512,\"height\":512,\"caption\":\"Vie Associative\"},\"image\":{\"@id\":\"https:\/\/vieassociative.be\/actualites\/#\/schema\/logo\/image\/\"}},{\"@type\":\"Person\",\"@id\":\"https:\/\/vieassociative.be\/actualites\/#\/schema\/person\/b87ac4f82f9d4e7b7cec7395b679edc4\",\"name\":\"Julien\",\"image\":{\"@type\":\"ImageObject\",\"inLanguage\":\"fr-BE\",\"@id\":\"https:\/\/vieassociative.be\/actualites\/#\/schema\/person\/image\/\",\"url\":\"https:\/\/vieassociative.be\/actualites\/wp-content\/uploads\/2024\/09\/vie-associative-1-150x150.jpg\",\"contentUrl\":\"https:\/\/vieassociative.be\/actualites\/wp-content\/uploads\/2024\/09\/vie-associative-1-150x150.jpg\",\"caption\":\"Julien\"},\"description\":\"Je suis Julien, r\u00e9dacteur pour Vie Associative. Passionn\u00e9 par le monde associatif depuis plus de 10 ans, j'ai \u00e0 c\u0153ur de partager des histoires inspirantes et de mettre en lumi\u00e8re les initiatives locales. Mon objectif est de sensibiliser et d'encourager l'engagement communautaire \u00e0 travers mes articles.\",\"sameAs\":[\"https:\/\/vieassociative.be\/\"]}]}<\/script>\n<!-- \/ Yoast SEO plugin. -->","yoast_head_json":{"title":"Luc Frank \u00e0 l'h\u00e9micycle : \"Nous ne sommes pas des Wallons\" | Vie Associative","robots":{"index":"index","follow":"follow","max-snippet":"max-snippet:-1","max-image-preview":"max-image-preview:large","max-video-preview":"max-video-preview:-1"},"canonical":"https:\/\/vieassociative.be\/actualites\/luc-frank-a-lhemicycle-nous-ne-sommes-pas-des-wallons\/","og_locale":"fr_FR","og_type":"article","og_title":"Luc Frank \u00e0 l'h\u00e9micycle : \"Nous ne sommes pas des Wallons\" | Vie Associative","og_description":"Le mardi 24 mars 2026 aurait pu \u00eatre un jour normal \u00e0 la Commission de r\u00e9forme institutionnelle de la Chambre des d\u00e9put\u00e9s \u00e0 Bruxelles. Le","og_url":"https:\/\/vieassociative.be\/actualites\/luc-frank-a-lhemicycle-nous-ne-sommes-pas-des-wallons\/","og_site_name":"Vie Associative","article_published_time":"2026-03-25T15:17:20+00:00","og_image":[{"width":279,"height":92,"url":"https:\/\/vieassociative.be\/actualites\/wp-content\/uploads\/2024\/09\/header_backgroundk-01-e1726694325946.png","type":"image\/png"}],"author":"Julien","twitter_card":"summary_large_image","twitter_misc":{"\u00c9crit par":"Julien","Dur\u00e9e de lecture est.":"1 minute"},"schema":{"@context":"https:\/\/schema.org","@graph":[{"@type":"Article","@id":"https:\/\/vieassociative.be\/actualites\/luc-frank-a-lhemicycle-nous-ne-sommes-pas-des-wallons\/#article","isPartOf":{"@id":"https:\/\/vieassociative.be\/actualites\/luc-frank-a-lhemicycle-nous-ne-sommes-pas-des-wallons\/"},"author":{"name":"Julien","@id":"https:\/\/vieassociative.be\/actualites\/#\/schema\/person\/b87ac4f82f9d4e7b7cec7395b679edc4"},"headline":"Luc Frank \u00e0 l&rsquo;h\u00e9micycle : \u00ab\u00a0Nous ne sommes pas des Wallons\u00a0\u00bb","datePublished":"2026-03-25T15:17:20+00:00","dateModified":"2026-03-25T15:17:20+00:00","mainEntityOfPage":{"@id":"https:\/\/vieassociative.be\/actualites\/luc-frank-a-lhemicycle-nous-ne-sommes-pas-des-wallons\/"},"wordCount":308,"publisher":{"@id":"https:\/\/vieassociative.be\/actualites\/#organization"},"image":{"@id":"https:\/\/vieassociative.be\/actualites\/luc-frank-a-lhemicycle-nous-ne-sommes-pas-des-wallons\/#primaryimage"},"thumbnailUrl":"https:\/\/vieassociative.be\/actualites\/wp-content\/uploads\/2026\/03\/1774451840_Luc-Frank-a-lhemicycle-Nous-ne-sommes-pas-des.jpg","keywords":["Des","Frank","lh\u00e9micycle","Luc","nous","pas","sommes","Wallons"],"articleSection":["Belgique"],"inLanguage":"fr-BE"},{"@type":"WebPage","@id":"https:\/\/vieassociative.be\/actualites\/luc-frank-a-lhemicycle-nous-ne-sommes-pas-des-wallons\/","url":"https:\/\/vieassociative.be\/actualites\/luc-frank-a-lhemicycle-nous-ne-sommes-pas-des-wallons\/","name":"Luc Frank \u00e0 l'h\u00e9micycle : \"Nous ne sommes pas des Wallons\" | Vie Associative","isPartOf":{"@id":"https:\/\/vieassociative.be\/actualites\/#website"},"primaryImageOfPage":{"@id":"https:\/\/vieassociative.be\/actualites\/luc-frank-a-lhemicycle-nous-ne-sommes-pas-des-wallons\/#primaryimage"},"image":{"@id":"https:\/\/vieassociative.be\/actualites\/luc-frank-a-lhemicycle-nous-ne-sommes-pas-des-wallons\/#primaryimage"},"thumbnailUrl":"https:\/\/vieassociative.be\/actualites\/wp-content\/uploads\/2026\/03\/1774451840_Luc-Frank-a-lhemicycle-Nous-ne-sommes-pas-des.jpg","datePublished":"2026-03-25T15:17:20+00:00","dateModified":"2026-03-25T15:17:20+00:00","breadcrumb":{"@id":"https:\/\/vieassociative.be\/actualites\/luc-frank-a-lhemicycle-nous-ne-sommes-pas-des-wallons\/#breadcrumb"},"inLanguage":"fr-BE","potentialAction":[{"@type":"ReadAction","target":["https:\/\/vieassociative.be\/actualites\/luc-frank-a-lhemicycle-nous-ne-sommes-pas-des-wallons\/"]}]},{"@type":"ImageObject","inLanguage":"fr-BE","@id":"https:\/\/vieassociative.be\/actualites\/luc-frank-a-lhemicycle-nous-ne-sommes-pas-des-wallons\/#primaryimage","url":"https:\/\/vieassociative.be\/actualites\/wp-content\/uploads\/2026\/03\/1774451840_Luc-Frank-a-lhemicycle-Nous-ne-sommes-pas-des.jpg","contentUrl":"https:\/\/vieassociative.be\/actualites\/wp-content\/uploads\/2026\/03\/1774451840_Luc-Frank-a-lhemicycle-Nous-ne-sommes-pas-des.jpg","width":1200,"height":800,"caption":"Luc Frank \u00e0 l'h\u00e9micycle : \"Nous ne sommes pas des Wallons\""},{"@type":"BreadcrumbList","@id":"https:\/\/vieassociative.be\/actualites\/luc-frank-a-lhemicycle-nous-ne-sommes-pas-des-wallons\/#breadcrumb","itemListElement":[{"@type":"ListItem","position":1,"name":"Accueil","item":"https:\/\/vieassociative.be\/actualites\/"},{"@type":"ListItem","position":2,"name":"Luc Frank \u00e0 l&rsquo;h\u00e9micycle : \u00ab\u00a0Nous ne sommes pas des Wallons\u00a0\u00bb"}]},{"@type":"WebSite","@id":"https:\/\/vieassociative.be\/actualites\/#website","url":"https:\/\/vieassociative.be\/actualites\/","name":"Vie Associative","description":"","publisher":{"@id":"https:\/\/vieassociative.be\/actualites\/#organization"},"potentialAction":[{"@type":"SearchAction","target":{"@type":"EntryPoint","urlTemplate":"https:\/\/vieassociative.be\/actualites\/?s={search_term_string}"},"query-input":{"@type":"PropertyValueSpecification","valueRequired":true,"valueName":"search_term_string"}}],"inLanguage":"fr-BE"},{"@type":"Organization","@id":"https:\/\/vieassociative.be\/actualites\/#organization","name":"Vie Associative","url":"https:\/\/vieassociative.be\/actualites\/","logo":{"@type":"ImageObject","inLanguage":"fr-BE","@id":"https:\/\/vieassociative.be\/actualites\/#\/schema\/logo\/image\/","url":"https:\/\/vieassociative.be\/actualites\/wp-content\/uploads\/2024\/09\/cropped-vieassociative_favicon.ico.png","contentUrl":"https:\/\/vieassociative.be\/actualites\/wp-content\/uploads\/2024\/09\/cropped-vieassociative_favicon.ico.png","width":512,"height":512,"caption":"Vie Associative"},"image":{"@id":"https:\/\/vieassociative.be\/actualites\/#\/schema\/logo\/image\/"}},{"@type":"Person","@id":"https:\/\/vieassociative.be\/actualites\/#\/schema\/person\/b87ac4f82f9d4e7b7cec7395b679edc4","name":"Julien","image":{"@type":"ImageObject","inLanguage":"fr-BE","@id":"https:\/\/vieassociative.be\/actualites\/#\/schema\/person\/image\/","url":"https:\/\/vieassociative.be\/actualites\/wp-content\/uploads\/2024\/09\/vie-associative-1-150x150.jpg","contentUrl":"https:\/\/vieassociative.be\/actualites\/wp-content\/uploads\/2024\/09\/vie-associative-1-150x150.jpg","caption":"Julien"},"description":"Je suis Julien, r\u00e9dacteur pour Vie Associative. Passionn\u00e9 par le monde associatif depuis plus de 10 ans, j'ai \u00e0 c\u0153ur de partager des histoires inspirantes et de mettre en lumi\u00e8re les initiatives locales. Mon objectif est de sensibiliser et d'encourager l'engagement communautaire \u00e0 travers mes articles.","sameAs":["https:\/\/vieassociative.be\/"]}]}},"_links":{"self":[{"href":"https:\/\/vieassociative.be\/actualites\/wp-json\/wp\/v2\/posts\/13182"}],"collection":[{"href":"https:\/\/vieassociative.be\/actualites\/wp-json\/wp\/v2\/posts"}],"about":[{"href":"https:\/\/vieassociative.be\/actualites\/wp-json\/wp\/v2\/types\/post"}],"author":[{"embeddable":true,"href":"https:\/\/vieassociative.be\/actualites\/wp-json\/wp\/v2\/users\/1"}],"replies":[{"embeddable":true,"href":"https:\/\/vieassociative.be\/actualites\/wp-json\/wp\/v2\/comments?post=13182"}],"version-history":[{"count":0,"href":"https:\/\/vieassociative.be\/actualites\/wp-json\/wp\/v2\/posts\/13182\/revisions"}],"wp:featuredmedia":[{"embeddable":true,"href":"https:\/\/vieassociative.be\/actualites\/wp-json\/wp\/v2\/media\/13183"}],"wp:attachment":[{"href":"https:\/\/vieassociative.be\/actualites\/wp-json\/wp\/v2\/media?parent=13182"}],"wp:term":[{"taxonomy":"category","embeddable":true,"href":"https:\/\/vieassociative.be\/actualites\/wp-json\/wp\/v2\/categories?post=13182"},{"taxonomy":"post_tag","embeddable":true,"href":"https:\/\/vieassociative.be\/actualites\/wp-json\/wp\/v2\/tags?post=13182"}],"curies":[{"name":"wp","href":"https:\/\/api.w.org\/{rel}","templated":true}]}}