{"id":13176,"date":"2026-03-25T09:17:08","date_gmt":"2026-03-25T08:17:08","guid":{"rendered":"https:\/\/vieassociative.be\/actualites\/openai-vient-de-tuer-sora\/"},"modified":"2026-03-25T09:17:08","modified_gmt":"2026-03-25T08:17:08","slug":"openai-vient-de-tuer-sora","status":"publish","type":"post","link":"https:\/\/vieassociative.be\/actualites\/openai-vient-de-tuer-sora\/","title":{"rendered":"OpenAI vient de tuer Sora"},"content":{"rendered":"<p>C&rsquo;est la fin d&rsquo;une \u00e9poque (quoique courte) : OpenAI serait en train de fermer Sora, l&rsquo;application autrefois virale de g\u00e9n\u00e9ration de vid\u00e9os d&rsquo;IA de la soci\u00e9t\u00e9. Le Wall Street Journal a \u00e9t\u00e9 le premier \u00e0 r\u00e9v\u00e9ler l&rsquo;histoire et rapporte que la soci\u00e9t\u00e9 ferme l&rsquo;application dans le cadre d&rsquo;un plan plus vaste visant \u00e0 rationaliser OpenAI avant une \u00e9ventuelle introduction en bourse (offre publique initiale) plus tard cette ann\u00e9e. <\/p>\n<p>Le PDG d&rsquo;OpenAI, Sam Altman, a d&rsquo;abord abord\u00e9 la nouvelle avec le personnel de l&rsquo;entreprise mardi, selon le Wall Street Journal. Il semble que cette d\u00e9cision va au-del\u00e0 de la simple fermeture de l&rsquo;application Sora elle-m\u00eame : en plus de supprimer une version d\u00e9veloppeur de Sora, Altman aurait d\u00e9clar\u00e9 au personnel qu&rsquo;OpenAI n&rsquo;int\u00e9grerait pas ses mod\u00e8les vid\u00e9o d&rsquo;IA dans d&rsquo;autres produits de l&rsquo;entreprise, y compris ChatGPT. <\/p>\n<p>Le compte X officiel de Sora a \u00e9t\u00e9 publi\u00e9 pour confirmer la nouvelle\u00a0:<\/p>\n<blockquote class=\"twitterEmbed twitter-tweet\"><p>\n    <a rel=\"nofollow noopener\" class=\"text-gray-600\" href=\"https:\/\/twitter.com\/soraofficialapp\/status\/2036546752535470382\" title=\"open in a new window\" target=\"_blank\"><\/p>\n<p>        Ce Tweet est actuellement indisponible. Il est peut-\u00eatre en cours de chargement ou a \u00e9t\u00e9 supprim\u00e9.<br \/>\n    <\/a>\n<\/p><\/blockquote>\n<h2 id=\"the-brief-history-of-sora\">La br\u00e8ve histoire de Sora<\/h2>\n<p>OpenAI n&rsquo;a lanc\u00e9 Sora qu&rsquo;en octobre de l&rsquo;ann\u00e9e derni\u00e8re et, au cours de cette courte p\u00e9riode, l&rsquo;application a contribu\u00e9 \u00e0 propulser les flux g\u00e9n\u00e9r\u00e9s par l&rsquo;IA sur les flux de m\u00e9dias sociaux, notamment Instagram, TikTok et YouTube. Sora est loin d&rsquo;\u00eatre le seul outil utilis\u00e9 pour cr\u00e9er du contenu vid\u00e9o IA, mais il offre une solution simple pour g\u00e9n\u00e9rer du contenu vid\u00e9o court hyper r\u00e9aliste. Si vous avez rencontr\u00e9 des versions IA des types de vid\u00e9os que vous avez tendance \u00e0 faire d\u00e9filer sur les r\u00e9seaux sociaux, il y a de fortes chances que cela provienne de Sora. <\/p>\n<p>Sora a \u00e9galement permis de g\u00e9n\u00e9rer des \u00ab cam\u00e9es \u00bb ou de r\u00e9aliser des vid\u00e9os \u00e0 l\u2019image de personnes r\u00e9elles. L&rsquo;entreprise \u00e9tait cat\u00e9gorique sur le fait que ses politiques de confidentialit\u00e9 et de s\u00e9curit\u00e9 \u00e9taient suffisamment importantes pour garantir qu&rsquo;elles ne seraient pas utilis\u00e9es \u00e0 des fins malveillantes, mais le potentiel de deepfakes \u00e9tait si grand qu&rsquo;il semblait \u00eatre une bo\u00eete de Pandore attendant d&rsquo;\u00eatre ouverte.  <\/p>\n<p>Pourtant, Sora a \u00e9galement acquis une certaine l\u00e9gitimit\u00e9 aux yeux des m\u00e9dias traditionnels : dans un geste d\u00e9routant, Disney s&rsquo;est associ\u00e9 \u00e0 OpenAI pour permettre aux utilisateurs de g\u00e9n\u00e9rer des vid\u00e9os mettant en vedette plus de 200 personnages Disney. On pourrait supposer qu&rsquo;OpenAI a pay\u00e9 pour cette int\u00e9gration, mais au contraire, Disney a r\u00e9alis\u00e9 un investissement en actions de <em>1 milliard de dollars<\/em> dans l&rsquo;entreprise. (Ce n&rsquo;est pas une faute de frappe.) Mais avec la disparition de Sora, Disney a officiellement mis fin \u00e0 l&rsquo;accord mardi.<\/p>\n<h2 id=\"is-this-the-end-of-ai-videos-for-openai\">Est-ce la fin des vid\u00e9os IA pour OpenAI ?<\/h2>\n<p>Cette annonce a des implications au-del\u00e0 de l&rsquo;application Sora. Si OpenAI abandonne largement la g\u00e9n\u00e9ration vid\u00e9o IA en g\u00e9n\u00e9ral, elle se retrouvera dans une course serr\u00e9e entre des soci\u00e9t\u00e9s comme Google (Veo) et ByteDance (Seedance). L&rsquo;application Sora utilise le mod\u00e8le vid\u00e9o Sora d&rsquo;OpenAI, annonc\u00e9 par la soci\u00e9t\u00e9 il y a deux ans. \u00c0 l\u2019\u00e9poque, la vid\u00e9o conceptuelle d\u2019OpenAI m\u2019a fait peur ; depuis, le march\u00e9 de la vid\u00e9o IA n\u2019a fait qu\u2019exploser. Bien que Sora ait pu \u00eatre la r\u00e9f\u00e9rence en mati\u00e8re d&rsquo;absurdit\u00e9s abr\u00e9g\u00e9es, il existe de nombreuses autres IA sur Internet cr\u00e9\u00e9es avec d&rsquo;autres outils, dont certains deviennent extr\u00eamement difficiles \u00e0 distinguer de la r\u00e9alit\u00e9.     <\/p>\n<p>OpenAI semble avoir une orientation diff\u00e9rente \u00e0 l&rsquo;avenir. La soci\u00e9t\u00e9 a pr\u00e9c\u00e9demment annonc\u00e9 une nouvelle \u00ab super application \u00bb qui combine son navigateur Web (Atlas), ChatGPT et son application de codage Codex en un seul programme. Je suppose que Sora ne rentre pas dans cette \u00e9quation. <\/p>\n<p>(<em>Divulgation\u00a0: la soci\u00e9t\u00e9 m\u00e8re de Vie Associative, Ziff Davis, a intent\u00e9 une action en justice contre OpenAI en avril 2025, all\u00e9guant qu&rsquo;elle avait viol\u00e9 les droits d&rsquo;auteur de Ziff Davis dans la formation et l&rsquo;exploitation de ses syst\u00e8mes d&rsquo;IA.)<\/em><\/p>\n<p><script async src=\"https:\/\/platform.twitter.com\/widgets.js\" charset=\"utf-8\"><\/script><\/p>\n","protected":false},"excerpt":{"rendered":"<p>C&rsquo;est la fin d&rsquo;une \u00e9poque (quoique courte) : OpenAI serait en train de fermer Sora, l&rsquo;application autrefois virale de g\u00e9n\u00e9ration de vid\u00e9os d&rsquo;IA de la<\/p>\n","protected":false},"author":1,"featured_media":13177,"comment_status":"","ping_status":"","sticky":false,"template":"","format":"standard","meta":{"footnotes":""},"categories":[10299],"tags":[5272,3898,3936,1213],"class_list":["post-13176","post","type-post","status-publish","format-standard","has-post-thumbnail","hentry","category-ai","tag-openai","tag-sora","tag-tuer","tag-vient","generate-columns","tablet-grid-50","mobile-grid-100","grid-parent","grid-33"],"yoast_head":"<!-- This site is optimized with the Yoast SEO plugin v24.0 - https:\/\/yoast.com\/wordpress\/plugins\/seo\/ -->\n<title>OpenAI vient de tuer Sora | Vie Associative<\/title>\n<meta name=\"robots\" content=\"index, follow, max-snippet:-1, max-image-preview:large, max-video-preview:-1\" \/>\n<link rel=\"canonical\" href=\"https:\/\/vieassociative.be\/actualites\/openai-vient-de-tuer-sora\/\" \/>\n<meta property=\"og:locale\" content=\"fr_FR\" \/>\n<meta property=\"og:type\" content=\"article\" \/>\n<meta property=\"og:title\" content=\"OpenAI vient de tuer Sora | Vie Associative\" \/>\n<meta property=\"og:description\" content=\"C&rsquo;est la fin d&rsquo;une \u00e9poque (quoique courte) : OpenAI serait en train de fermer Sora, l&rsquo;application autrefois virale de g\u00e9n\u00e9ration de vid\u00e9os d&rsquo;IA de la\" \/>\n<meta property=\"og:url\" content=\"https:\/\/vieassociative.be\/actualites\/openai-vient-de-tuer-sora\/\" \/>\n<meta property=\"og:site_name\" content=\"Vie Associative\" \/>\n<meta property=\"article:published_time\" content=\"2026-03-25T08:17:08+00:00\" \/>\n<meta property=\"og:image\" content=\"https:\/\/vieassociative.be\/actualites\/wp-content\/uploads\/2024\/09\/header_backgroundk-01-e1726694325946.png\" \/>\n\t<meta property=\"og:image:width\" content=\"279\" \/>\n\t<meta property=\"og:image:height\" content=\"92\" \/>\n\t<meta property=\"og:image:type\" content=\"image\/png\" \/>\n<meta name=\"author\" content=\"Julien\" \/>\n<meta name=\"twitter:card\" content=\"summary_large_image\" \/>\n<meta name=\"twitter:label1\" content=\"\u00c9crit par\" \/>\n\t<meta name=\"twitter:data1\" content=\"Julien\" \/>\n\t<meta name=\"twitter:label2\" content=\"Dur\u00e9e de lecture est.\" \/>\n\t<meta name=\"twitter:data2\" content=\"3 minutes\" \/>\n<script type=\"application\/ld+json\" class=\"yoast-schema-graph\">{\"@context\":\"https:\/\/schema.org\",\"@graph\":[{\"@type\":\"Article\",\"@id\":\"https:\/\/vieassociative.be\/actualites\/openai-vient-de-tuer-sora\/#article\",\"isPartOf\":{\"@id\":\"https:\/\/vieassociative.be\/actualites\/openai-vient-de-tuer-sora\/\"},\"author\":{\"name\":\"Julien\",\"@id\":\"https:\/\/vieassociative.be\/actualites\/#\/schema\/person\/b87ac4f82f9d4e7b7cec7395b679edc4\"},\"headline\":\"OpenAI vient de tuer Sora\",\"datePublished\":\"2026-03-25T08:17:08+00:00\",\"dateModified\":\"2026-03-25T08:17:08+00:00\",\"mainEntityOfPage\":{\"@id\":\"https:\/\/vieassociative.be\/actualites\/openai-vient-de-tuer-sora\/\"},\"wordCount\":729,\"publisher\":{\"@id\":\"https:\/\/vieassociative.be\/actualites\/#organization\"},\"image\":{\"@id\":\"https:\/\/vieassociative.be\/actualites\/openai-vient-de-tuer-sora\/#primaryimage\"},\"thumbnailUrl\":\"https:\/\/vieassociative.be\/actualites\/wp-content\/uploads\/2026\/03\/OpenAI-vient-de-tuer-Sora.jpg\",\"keywords\":[\"Openai\",\"Sora\",\"tuer\",\"vient\"],\"articleSection\":[\"AI\"],\"inLanguage\":\"fr-BE\"},{\"@type\":\"WebPage\",\"@id\":\"https:\/\/vieassociative.be\/actualites\/openai-vient-de-tuer-sora\/\",\"url\":\"https:\/\/vieassociative.be\/actualites\/openai-vient-de-tuer-sora\/\",\"name\":\"OpenAI vient de tuer Sora | Vie Associative\",\"isPartOf\":{\"@id\":\"https:\/\/vieassociative.be\/actualites\/#website\"},\"primaryImageOfPage\":{\"@id\":\"https:\/\/vieassociative.be\/actualites\/openai-vient-de-tuer-sora\/#primaryimage\"},\"image\":{\"@id\":\"https:\/\/vieassociative.be\/actualites\/openai-vient-de-tuer-sora\/#primaryimage\"},\"thumbnailUrl\":\"https:\/\/vieassociative.be\/actualites\/wp-content\/uploads\/2026\/03\/OpenAI-vient-de-tuer-Sora.jpg\",\"datePublished\":\"2026-03-25T08:17:08+00:00\",\"dateModified\":\"2026-03-25T08:17:08+00:00\",\"breadcrumb\":{\"@id\":\"https:\/\/vieassociative.be\/actualites\/openai-vient-de-tuer-sora\/#breadcrumb\"},\"inLanguage\":\"fr-BE\",\"potentialAction\":[{\"@type\":\"ReadAction\",\"target\":[\"https:\/\/vieassociative.be\/actualites\/openai-vient-de-tuer-sora\/\"]}]},{\"@type\":\"ImageObject\",\"inLanguage\":\"fr-BE\",\"@id\":\"https:\/\/vieassociative.be\/actualites\/openai-vient-de-tuer-sora\/#primaryimage\",\"url\":\"https:\/\/vieassociative.be\/actualites\/wp-content\/uploads\/2026\/03\/OpenAI-vient-de-tuer-Sora.jpg\",\"contentUrl\":\"https:\/\/vieassociative.be\/actualites\/wp-content\/uploads\/2026\/03\/OpenAI-vient-de-tuer-Sora.jpg\",\"width\":1200,\"height\":675,\"caption\":\"OpenAI vient de tuer Sora\"},{\"@type\":\"BreadcrumbList\",\"@id\":\"https:\/\/vieassociative.be\/actualites\/openai-vient-de-tuer-sora\/#breadcrumb\",\"itemListElement\":[{\"@type\":\"ListItem\",\"position\":1,\"name\":\"Accueil\",\"item\":\"https:\/\/vieassociative.be\/actualites\/\"},{\"@type\":\"ListItem\",\"position\":2,\"name\":\"OpenAI vient de tuer Sora\"}]},{\"@type\":\"WebSite\",\"@id\":\"https:\/\/vieassociative.be\/actualites\/#website\",\"url\":\"https:\/\/vieassociative.be\/actualites\/\",\"name\":\"Vie Associative\",\"description\":\"\",\"publisher\":{\"@id\":\"https:\/\/vieassociative.be\/actualites\/#organization\"},\"potentialAction\":[{\"@type\":\"SearchAction\",\"target\":{\"@type\":\"EntryPoint\",\"urlTemplate\":\"https:\/\/vieassociative.be\/actualites\/?s={search_term_string}\"},\"query-input\":{\"@type\":\"PropertyValueSpecification\",\"valueRequired\":true,\"valueName\":\"search_term_string\"}}],\"inLanguage\":\"fr-BE\"},{\"@type\":\"Organization\",\"@id\":\"https:\/\/vieassociative.be\/actualites\/#organization\",\"name\":\"Vie Associative\",\"url\":\"https:\/\/vieassociative.be\/actualites\/\",\"logo\":{\"@type\":\"ImageObject\",\"inLanguage\":\"fr-BE\",\"@id\":\"https:\/\/vieassociative.be\/actualites\/#\/schema\/logo\/image\/\",\"url\":\"https:\/\/vieassociative.be\/actualites\/wp-content\/uploads\/2024\/09\/cropped-vieassociative_favicon.ico.png\",\"contentUrl\":\"https:\/\/vieassociative.be\/actualites\/wp-content\/uploads\/2024\/09\/cropped-vieassociative_favicon.ico.png\",\"width\":512,\"height\":512,\"caption\":\"Vie Associative\"},\"image\":{\"@id\":\"https:\/\/vieassociative.be\/actualites\/#\/schema\/logo\/image\/\"}},{\"@type\":\"Person\",\"@id\":\"https:\/\/vieassociative.be\/actualites\/#\/schema\/person\/b87ac4f82f9d4e7b7cec7395b679edc4\",\"name\":\"Julien\",\"image\":{\"@type\":\"ImageObject\",\"inLanguage\":\"fr-BE\",\"@id\":\"https:\/\/vieassociative.be\/actualites\/#\/schema\/person\/image\/\",\"url\":\"https:\/\/vieassociative.be\/actualites\/wp-content\/uploads\/2024\/09\/vie-associative-1-150x150.jpg\",\"contentUrl\":\"https:\/\/vieassociative.be\/actualites\/wp-content\/uploads\/2024\/09\/vie-associative-1-150x150.jpg\",\"caption\":\"Julien\"},\"description\":\"Je suis Julien, r\u00e9dacteur pour Vie Associative. Passionn\u00e9 par le monde associatif depuis plus de 10 ans, j'ai \u00e0 c\u0153ur de partager des histoires inspirantes et de mettre en lumi\u00e8re les initiatives locales. Mon objectif est de sensibiliser et d'encourager l'engagement communautaire \u00e0 travers mes articles.\",\"sameAs\":[\"https:\/\/vieassociative.be\/\"]}]}<\/script>\n<!-- \/ Yoast SEO plugin. -->","yoast_head_json":{"title":"OpenAI vient de tuer Sora | Vie Associative","robots":{"index":"index","follow":"follow","max-snippet":"max-snippet:-1","max-image-preview":"max-image-preview:large","max-video-preview":"max-video-preview:-1"},"canonical":"https:\/\/vieassociative.be\/actualites\/openai-vient-de-tuer-sora\/","og_locale":"fr_FR","og_type":"article","og_title":"OpenAI vient de tuer Sora | Vie Associative","og_description":"C&rsquo;est la fin d&rsquo;une \u00e9poque (quoique courte) : OpenAI serait en train de fermer Sora, l&rsquo;application autrefois virale de g\u00e9n\u00e9ration de vid\u00e9os d&rsquo;IA de la","og_url":"https:\/\/vieassociative.be\/actualites\/openai-vient-de-tuer-sora\/","og_site_name":"Vie Associative","article_published_time":"2026-03-25T08:17:08+00:00","og_image":[{"width":279,"height":92,"url":"https:\/\/vieassociative.be\/actualites\/wp-content\/uploads\/2024\/09\/header_backgroundk-01-e1726694325946.png","type":"image\/png"}],"author":"Julien","twitter_card":"summary_large_image","twitter_misc":{"\u00c9crit par":"Julien","Dur\u00e9e de lecture est.":"3 minutes"},"schema":{"@context":"https:\/\/schema.org","@graph":[{"@type":"Article","@id":"https:\/\/vieassociative.be\/actualites\/openai-vient-de-tuer-sora\/#article","isPartOf":{"@id":"https:\/\/vieassociative.be\/actualites\/openai-vient-de-tuer-sora\/"},"author":{"name":"Julien","@id":"https:\/\/vieassociative.be\/actualites\/#\/schema\/person\/b87ac4f82f9d4e7b7cec7395b679edc4"},"headline":"OpenAI vient de tuer Sora","datePublished":"2026-03-25T08:17:08+00:00","dateModified":"2026-03-25T08:17:08+00:00","mainEntityOfPage":{"@id":"https:\/\/vieassociative.be\/actualites\/openai-vient-de-tuer-sora\/"},"wordCount":729,"publisher":{"@id":"https:\/\/vieassociative.be\/actualites\/#organization"},"image":{"@id":"https:\/\/vieassociative.be\/actualites\/openai-vient-de-tuer-sora\/#primaryimage"},"thumbnailUrl":"https:\/\/vieassociative.be\/actualites\/wp-content\/uploads\/2026\/03\/OpenAI-vient-de-tuer-Sora.jpg","keywords":["Openai","Sora","tuer","vient"],"articleSection":["AI"],"inLanguage":"fr-BE"},{"@type":"WebPage","@id":"https:\/\/vieassociative.be\/actualites\/openai-vient-de-tuer-sora\/","url":"https:\/\/vieassociative.be\/actualites\/openai-vient-de-tuer-sora\/","name":"OpenAI vient de tuer Sora | Vie Associative","isPartOf":{"@id":"https:\/\/vieassociative.be\/actualites\/#website"},"primaryImageOfPage":{"@id":"https:\/\/vieassociative.be\/actualites\/openai-vient-de-tuer-sora\/#primaryimage"},"image":{"@id":"https:\/\/vieassociative.be\/actualites\/openai-vient-de-tuer-sora\/#primaryimage"},"thumbnailUrl":"https:\/\/vieassociative.be\/actualites\/wp-content\/uploads\/2026\/03\/OpenAI-vient-de-tuer-Sora.jpg","datePublished":"2026-03-25T08:17:08+00:00","dateModified":"2026-03-25T08:17:08+00:00","breadcrumb":{"@id":"https:\/\/vieassociative.be\/actualites\/openai-vient-de-tuer-sora\/#breadcrumb"},"inLanguage":"fr-BE","potentialAction":[{"@type":"ReadAction","target":["https:\/\/vieassociative.be\/actualites\/openai-vient-de-tuer-sora\/"]}]},{"@type":"ImageObject","inLanguage":"fr-BE","@id":"https:\/\/vieassociative.be\/actualites\/openai-vient-de-tuer-sora\/#primaryimage","url":"https:\/\/vieassociative.be\/actualites\/wp-content\/uploads\/2026\/03\/OpenAI-vient-de-tuer-Sora.jpg","contentUrl":"https:\/\/vieassociative.be\/actualites\/wp-content\/uploads\/2026\/03\/OpenAI-vient-de-tuer-Sora.jpg","width":1200,"height":675,"caption":"OpenAI vient de tuer Sora"},{"@type":"BreadcrumbList","@id":"https:\/\/vieassociative.be\/actualites\/openai-vient-de-tuer-sora\/#breadcrumb","itemListElement":[{"@type":"ListItem","position":1,"name":"Accueil","item":"https:\/\/vieassociative.be\/actualites\/"},{"@type":"ListItem","position":2,"name":"OpenAI vient de tuer Sora"}]},{"@type":"WebSite","@id":"https:\/\/vieassociative.be\/actualites\/#website","url":"https:\/\/vieassociative.be\/actualites\/","name":"Vie Associative","description":"","publisher":{"@id":"https:\/\/vieassociative.be\/actualites\/#organization"},"potentialAction":[{"@type":"SearchAction","target":{"@type":"EntryPoint","urlTemplate":"https:\/\/vieassociative.be\/actualites\/?s={search_term_string}"},"query-input":{"@type":"PropertyValueSpecification","valueRequired":true,"valueName":"search_term_string"}}],"inLanguage":"fr-BE"},{"@type":"Organization","@id":"https:\/\/vieassociative.be\/actualites\/#organization","name":"Vie Associative","url":"https:\/\/vieassociative.be\/actualites\/","logo":{"@type":"ImageObject","inLanguage":"fr-BE","@id":"https:\/\/vieassociative.be\/actualites\/#\/schema\/logo\/image\/","url":"https:\/\/vieassociative.be\/actualites\/wp-content\/uploads\/2024\/09\/cropped-vieassociative_favicon.ico.png","contentUrl":"https:\/\/vieassociative.be\/actualites\/wp-content\/uploads\/2024\/09\/cropped-vieassociative_favicon.ico.png","width":512,"height":512,"caption":"Vie Associative"},"image":{"@id":"https:\/\/vieassociative.be\/actualites\/#\/schema\/logo\/image\/"}},{"@type":"Person","@id":"https:\/\/vieassociative.be\/actualites\/#\/schema\/person\/b87ac4f82f9d4e7b7cec7395b679edc4","name":"Julien","image":{"@type":"ImageObject","inLanguage":"fr-BE","@id":"https:\/\/vieassociative.be\/actualites\/#\/schema\/person\/image\/","url":"https:\/\/vieassociative.be\/actualites\/wp-content\/uploads\/2024\/09\/vie-associative-1-150x150.jpg","contentUrl":"https:\/\/vieassociative.be\/actualites\/wp-content\/uploads\/2024\/09\/vie-associative-1-150x150.jpg","caption":"Julien"},"description":"Je suis Julien, r\u00e9dacteur pour Vie Associative. Passionn\u00e9 par le monde associatif depuis plus de 10 ans, j'ai \u00e0 c\u0153ur de partager des histoires inspirantes et de mettre en lumi\u00e8re les initiatives locales. Mon objectif est de sensibiliser et d'encourager l'engagement communautaire \u00e0 travers mes articles.","sameAs":["https:\/\/vieassociative.be\/"]}]}},"_links":{"self":[{"href":"https:\/\/vieassociative.be\/actualites\/wp-json\/wp\/v2\/posts\/13176"}],"collection":[{"href":"https:\/\/vieassociative.be\/actualites\/wp-json\/wp\/v2\/posts"}],"about":[{"href":"https:\/\/vieassociative.be\/actualites\/wp-json\/wp\/v2\/types\/post"}],"author":[{"embeddable":true,"href":"https:\/\/vieassociative.be\/actualites\/wp-json\/wp\/v2\/users\/1"}],"replies":[{"embeddable":true,"href":"https:\/\/vieassociative.be\/actualites\/wp-json\/wp\/v2\/comments?post=13176"}],"version-history":[{"count":0,"href":"https:\/\/vieassociative.be\/actualites\/wp-json\/wp\/v2\/posts\/13176\/revisions"}],"wp:featuredmedia":[{"embeddable":true,"href":"https:\/\/vieassociative.be\/actualites\/wp-json\/wp\/v2\/media\/13177"}],"wp:attachment":[{"href":"https:\/\/vieassociative.be\/actualites\/wp-json\/wp\/v2\/media?parent=13176"}],"wp:term":[{"taxonomy":"category","embeddable":true,"href":"https:\/\/vieassociative.be\/actualites\/wp-json\/wp\/v2\/categories?post=13176"},{"taxonomy":"post_tag","embeddable":true,"href":"https:\/\/vieassociative.be\/actualites\/wp-json\/wp\/v2\/tags?post=13176"}],"curies":[{"name":"wp","href":"https:\/\/api.w.org\/{rel}","templated":true}]}}