{"id":13174,"date":"2026-03-25T04:17:33","date_gmt":"2026-03-25T03:17:33","guid":{"rendered":"https:\/\/vieassociative.be\/actualites\/ville-gens-moment-une-exposition-de-photos-thematique-presente-des-moments-intemporels\/"},"modified":"2026-03-25T04:17:33","modified_gmt":"2026-03-25T03:17:33","slug":"ville-gens-moment-une-exposition-de-photos-thematique-presente-des-moments-intemporels","status":"publish","type":"post","link":"https:\/\/vieassociative.be\/actualites\/ville-gens-moment-une-exposition-de-photos-thematique-presente-des-moments-intemporels\/","title":{"rendered":"Ville, gens, moment\u00a0: une exposition de photos th\u00e9matique pr\u00e9sente des moments intemporels"},"content":{"rendered":"<p><strong>La nouvelle exposition photo du Royal Photo Club F 64 Eupen pr\u00e9sente un voyage touchant \u00e0 travers la vie urbaine ; on aurait aussi pu l\u2019appeler \u00ab les points lumineux de la ville \u00bb.<\/strong><\/p>\n<p><span id=\"more-437934\"><\/span>Les images pr\u00e9sent\u00e9es capturent des moments calmes, des contrastes forts et des histoires cach\u00e9es de la vie quotidienne. L&rsquo;exposition d\u00e9fie le regard, rend visible l&rsquo;invisible et invite ceux qui le souhaitent \u00e0 d\u00e9couvrir la ville avec d&rsquo;autres sens.<\/p>\n<p><em>Vernissage le 27 mars 2026 \u00e0 18h. Exposition les 28 et 29 mars \u00e0 partir de 12h. \u00e0 18 heures \u00e0 la Haus K\u00fcchenberg, Haasstra\u00dfe 42, \u00e0 Eupen.<\/em><\/p>\n","protected":false},"excerpt":{"rendered":"<p>La nouvelle exposition photo du Royal Photo Club F 64 Eupen pr\u00e9sente un voyage touchant \u00e0 travers la vie urbaine ; on aurait aussi pu<\/p>\n","protected":false},"author":1,"featured_media":13175,"comment_status":"","ping_status":"","sticky":false,"template":"","format":"standard","meta":{"footnotes":""},"categories":[298],"tags":[29,10332,1046,10334,1429,10333,283,2790,9966,110,684],"class_list":["post-13174","post","type-post","status-publish","format-standard","has-post-thumbnail","hentry","category-belgique","tag-des","tag-exposition","tag-gens","tag-intemporels","tag-moment","tag-moments","tag-photos","tag-presente","tag-thematique","tag-une","tag-ville","generate-columns","tablet-grid-50","mobile-grid-100","grid-parent","grid-33"],"yoast_head":"<!-- This site is optimized with the Yoast SEO plugin v24.0 - https:\/\/yoast.com\/wordpress\/plugins\/seo\/ -->\n<title>Ville, gens, moment\u00a0: une exposition de photos th\u00e9matique pr\u00e9sente des moments intemporels | Vie Associative<\/title>\n<meta name=\"robots\" content=\"index, follow, max-snippet:-1, max-image-preview:large, max-video-preview:-1\" \/>\n<link rel=\"canonical\" href=\"https:\/\/vieassociative.be\/actualites\/ville-gens-moment-une-exposition-de-photos-thematique-presente-des-moments-intemporels\/\" \/>\n<meta property=\"og:locale\" content=\"fr_FR\" \/>\n<meta property=\"og:type\" content=\"article\" \/>\n<meta property=\"og:title\" content=\"Ville, gens, moment\u00a0: une exposition de photos th\u00e9matique pr\u00e9sente des moments intemporels | Vie Associative\" \/>\n<meta property=\"og:description\" content=\"La nouvelle exposition photo du Royal Photo Club F 64 Eupen pr\u00e9sente un voyage touchant \u00e0 travers la vie urbaine ; on aurait aussi pu\" \/>\n<meta property=\"og:url\" content=\"https:\/\/vieassociative.be\/actualites\/ville-gens-moment-une-exposition-de-photos-thematique-presente-des-moments-intemporels\/\" \/>\n<meta property=\"og:site_name\" content=\"Vie Associative\" \/>\n<meta property=\"article:published_time\" content=\"2026-03-25T03:17:33+00:00\" \/>\n<meta property=\"og:image\" content=\"https:\/\/vieassociative.be\/actualites\/wp-content\/uploads\/2024\/09\/header_backgroundk-01-e1726694325946.png\" \/>\n\t<meta property=\"og:image:width\" content=\"279\" \/>\n\t<meta property=\"og:image:height\" content=\"92\" \/>\n\t<meta property=\"og:image:type\" content=\"image\/png\" \/>\n<meta name=\"author\" content=\"Julien\" \/>\n<meta name=\"twitter:card\" content=\"summary_large_image\" \/>\n<meta name=\"twitter:label1\" content=\"\u00c9crit par\" \/>\n\t<meta name=\"twitter:data1\" content=\"Julien\" \/>\n<script type=\"application\/ld+json\" class=\"yoast-schema-graph\">{\"@context\":\"https:\/\/schema.org\",\"@graph\":[{\"@type\":\"Article\",\"@id\":\"https:\/\/vieassociative.be\/actualites\/ville-gens-moment-une-exposition-de-photos-thematique-presente-des-moments-intemporels\/#article\",\"isPartOf\":{\"@id\":\"https:\/\/vieassociative.be\/actualites\/ville-gens-moment-une-exposition-de-photos-thematique-presente-des-moments-intemporels\/\"},\"author\":{\"name\":\"Julien\",\"@id\":\"https:\/\/vieassociative.be\/actualites\/#\/schema\/person\/b87ac4f82f9d4e7b7cec7395b679edc4\"},\"headline\":\"Ville, gens, moment\u00a0: une exposition de photos th\u00e9matique pr\u00e9sente des moments intemporels\",\"datePublished\":\"2026-03-25T03:17:33+00:00\",\"dateModified\":\"2026-03-25T03:17:33+00:00\",\"mainEntityOfPage\":{\"@id\":\"https:\/\/vieassociative.be\/actualites\/ville-gens-moment-une-exposition-de-photos-thematique-presente-des-moments-intemporels\/\"},\"wordCount\":109,\"publisher\":{\"@id\":\"https:\/\/vieassociative.be\/actualites\/#organization\"},\"image\":{\"@id\":\"https:\/\/vieassociative.be\/actualites\/ville-gens-moment-une-exposition-de-photos-thematique-presente-des-moments-intemporels\/#primaryimage\"},\"thumbnailUrl\":\"https:\/\/vieassociative.be\/actualites\/wp-content\/uploads\/2026\/03\/Ville-gens-moment-une-exposition-de-photos-thematique-presente-des.jpg\",\"keywords\":[\"Des\",\"exposition\",\"gens\",\"intemporels\",\"moment\",\"moments\",\"Photos\",\"pr\u00e9sente\",\"th\u00e9matique\",\"une\",\"ville\"],\"articleSection\":[\"Belgique\"],\"inLanguage\":\"fr-BE\"},{\"@type\":\"WebPage\",\"@id\":\"https:\/\/vieassociative.be\/actualites\/ville-gens-moment-une-exposition-de-photos-thematique-presente-des-moments-intemporels\/\",\"url\":\"https:\/\/vieassociative.be\/actualites\/ville-gens-moment-une-exposition-de-photos-thematique-presente-des-moments-intemporels\/\",\"name\":\"Ville, gens, moment\u00a0: une exposition de photos th\u00e9matique pr\u00e9sente des moments intemporels | Vie Associative\",\"isPartOf\":{\"@id\":\"https:\/\/vieassociative.be\/actualites\/#website\"},\"primaryImageOfPage\":{\"@id\":\"https:\/\/vieassociative.be\/actualites\/ville-gens-moment-une-exposition-de-photos-thematique-presente-des-moments-intemporels\/#primaryimage\"},\"image\":{\"@id\":\"https:\/\/vieassociative.be\/actualites\/ville-gens-moment-une-exposition-de-photos-thematique-presente-des-moments-intemporels\/#primaryimage\"},\"thumbnailUrl\":\"https:\/\/vieassociative.be\/actualites\/wp-content\/uploads\/2026\/03\/Ville-gens-moment-une-exposition-de-photos-thematique-presente-des.jpg\",\"datePublished\":\"2026-03-25T03:17:33+00:00\",\"dateModified\":\"2026-03-25T03:17:33+00:00\",\"breadcrumb\":{\"@id\":\"https:\/\/vieassociative.be\/actualites\/ville-gens-moment-une-exposition-de-photos-thematique-presente-des-moments-intemporels\/#breadcrumb\"},\"inLanguage\":\"fr-BE\",\"potentialAction\":[{\"@type\":\"ReadAction\",\"target\":[\"https:\/\/vieassociative.be\/actualites\/ville-gens-moment-une-exposition-de-photos-thematique-presente-des-moments-intemporels\/\"]}]},{\"@type\":\"ImageObject\",\"inLanguage\":\"fr-BE\",\"@id\":\"https:\/\/vieassociative.be\/actualites\/ville-gens-moment-une-exposition-de-photos-thematique-presente-des-moments-intemporels\/#primaryimage\",\"url\":\"https:\/\/vieassociative.be\/actualites\/wp-content\/uploads\/2026\/03\/Ville-gens-moment-une-exposition-de-photos-thematique-presente-des.jpg\",\"contentUrl\":\"https:\/\/vieassociative.be\/actualites\/wp-content\/uploads\/2026\/03\/Ville-gens-moment-une-exposition-de-photos-thematique-presente-des.jpg\",\"width\":1756,\"height\":1250,\"caption\":\"Ville, gens, moment\u00a0: une exposition de photos th\u00e9matique pr\u00e9sente des moments intemporels\"},{\"@type\":\"BreadcrumbList\",\"@id\":\"https:\/\/vieassociative.be\/actualites\/ville-gens-moment-une-exposition-de-photos-thematique-presente-des-moments-intemporels\/#breadcrumb\",\"itemListElement\":[{\"@type\":\"ListItem\",\"position\":1,\"name\":\"Accueil\",\"item\":\"https:\/\/vieassociative.be\/actualites\/\"},{\"@type\":\"ListItem\",\"position\":2,\"name\":\"Ville, gens, moment\u00a0: une exposition de photos th\u00e9matique pr\u00e9sente des moments intemporels\"}]},{\"@type\":\"WebSite\",\"@id\":\"https:\/\/vieassociative.be\/actualites\/#website\",\"url\":\"https:\/\/vieassociative.be\/actualites\/\",\"name\":\"Vie Associative\",\"description\":\"\",\"publisher\":{\"@id\":\"https:\/\/vieassociative.be\/actualites\/#organization\"},\"potentialAction\":[{\"@type\":\"SearchAction\",\"target\":{\"@type\":\"EntryPoint\",\"urlTemplate\":\"https:\/\/vieassociative.be\/actualites\/?s={search_term_string}\"},\"query-input\":{\"@type\":\"PropertyValueSpecification\",\"valueRequired\":true,\"valueName\":\"search_term_string\"}}],\"inLanguage\":\"fr-BE\"},{\"@type\":\"Organization\",\"@id\":\"https:\/\/vieassociative.be\/actualites\/#organization\",\"name\":\"Vie Associative\",\"url\":\"https:\/\/vieassociative.be\/actualites\/\",\"logo\":{\"@type\":\"ImageObject\",\"inLanguage\":\"fr-BE\",\"@id\":\"https:\/\/vieassociative.be\/actualites\/#\/schema\/logo\/image\/\",\"url\":\"https:\/\/vieassociative.be\/actualites\/wp-content\/uploads\/2024\/09\/cropped-vieassociative_favicon.ico.png\",\"contentUrl\":\"https:\/\/vieassociative.be\/actualites\/wp-content\/uploads\/2024\/09\/cropped-vieassociative_favicon.ico.png\",\"width\":512,\"height\":512,\"caption\":\"Vie Associative\"},\"image\":{\"@id\":\"https:\/\/vieassociative.be\/actualites\/#\/schema\/logo\/image\/\"}},{\"@type\":\"Person\",\"@id\":\"https:\/\/vieassociative.be\/actualites\/#\/schema\/person\/b87ac4f82f9d4e7b7cec7395b679edc4\",\"name\":\"Julien\",\"image\":{\"@type\":\"ImageObject\",\"inLanguage\":\"fr-BE\",\"@id\":\"https:\/\/vieassociative.be\/actualites\/#\/schema\/person\/image\/\",\"url\":\"https:\/\/vieassociative.be\/actualites\/wp-content\/uploads\/2024\/09\/vie-associative-1-150x150.jpg\",\"contentUrl\":\"https:\/\/vieassociative.be\/actualites\/wp-content\/uploads\/2024\/09\/vie-associative-1-150x150.jpg\",\"caption\":\"Julien\"},\"description\":\"Je suis Julien, r\u00e9dacteur pour Vie Associative. Passionn\u00e9 par le monde associatif depuis plus de 10 ans, j'ai \u00e0 c\u0153ur de partager des histoires inspirantes et de mettre en lumi\u00e8re les initiatives locales. Mon objectif est de sensibiliser et d'encourager l'engagement communautaire \u00e0 travers mes articles.\",\"sameAs\":[\"https:\/\/vieassociative.be\/\"]}]}<\/script>\n<!-- \/ Yoast SEO plugin. -->","yoast_head_json":{"title":"Ville, gens, moment\u00a0: une exposition de photos th\u00e9matique pr\u00e9sente des moments intemporels | Vie Associative","robots":{"index":"index","follow":"follow","max-snippet":"max-snippet:-1","max-image-preview":"max-image-preview:large","max-video-preview":"max-video-preview:-1"},"canonical":"https:\/\/vieassociative.be\/actualites\/ville-gens-moment-une-exposition-de-photos-thematique-presente-des-moments-intemporels\/","og_locale":"fr_FR","og_type":"article","og_title":"Ville, gens, moment\u00a0: une exposition de photos th\u00e9matique pr\u00e9sente des moments intemporels | Vie Associative","og_description":"La nouvelle exposition photo du Royal Photo Club F 64 Eupen pr\u00e9sente un voyage touchant \u00e0 travers la vie urbaine ; on aurait aussi pu","og_url":"https:\/\/vieassociative.be\/actualites\/ville-gens-moment-une-exposition-de-photos-thematique-presente-des-moments-intemporels\/","og_site_name":"Vie Associative","article_published_time":"2026-03-25T03:17:33+00:00","og_image":[{"width":279,"height":92,"url":"https:\/\/vieassociative.be\/actualites\/wp-content\/uploads\/2024\/09\/header_backgroundk-01-e1726694325946.png","type":"image\/png"}],"author":"Julien","twitter_card":"summary_large_image","twitter_misc":{"\u00c9crit par":"Julien"},"schema":{"@context":"https:\/\/schema.org","@graph":[{"@type":"Article","@id":"https:\/\/vieassociative.be\/actualites\/ville-gens-moment-une-exposition-de-photos-thematique-presente-des-moments-intemporels\/#article","isPartOf":{"@id":"https:\/\/vieassociative.be\/actualites\/ville-gens-moment-une-exposition-de-photos-thematique-presente-des-moments-intemporels\/"},"author":{"name":"Julien","@id":"https:\/\/vieassociative.be\/actualites\/#\/schema\/person\/b87ac4f82f9d4e7b7cec7395b679edc4"},"headline":"Ville, gens, moment\u00a0: une exposition de photos th\u00e9matique pr\u00e9sente des moments intemporels","datePublished":"2026-03-25T03:17:33+00:00","dateModified":"2026-03-25T03:17:33+00:00","mainEntityOfPage":{"@id":"https:\/\/vieassociative.be\/actualites\/ville-gens-moment-une-exposition-de-photos-thematique-presente-des-moments-intemporels\/"},"wordCount":109,"publisher":{"@id":"https:\/\/vieassociative.be\/actualites\/#organization"},"image":{"@id":"https:\/\/vieassociative.be\/actualites\/ville-gens-moment-une-exposition-de-photos-thematique-presente-des-moments-intemporels\/#primaryimage"},"thumbnailUrl":"https:\/\/vieassociative.be\/actualites\/wp-content\/uploads\/2026\/03\/Ville-gens-moment-une-exposition-de-photos-thematique-presente-des.jpg","keywords":["Des","exposition","gens","intemporels","moment","moments","Photos","pr\u00e9sente","th\u00e9matique","une","ville"],"articleSection":["Belgique"],"inLanguage":"fr-BE"},{"@type":"WebPage","@id":"https:\/\/vieassociative.be\/actualites\/ville-gens-moment-une-exposition-de-photos-thematique-presente-des-moments-intemporels\/","url":"https:\/\/vieassociative.be\/actualites\/ville-gens-moment-une-exposition-de-photos-thematique-presente-des-moments-intemporels\/","name":"Ville, gens, moment\u00a0: une exposition de photos th\u00e9matique pr\u00e9sente des moments intemporels | Vie Associative","isPartOf":{"@id":"https:\/\/vieassociative.be\/actualites\/#website"},"primaryImageOfPage":{"@id":"https:\/\/vieassociative.be\/actualites\/ville-gens-moment-une-exposition-de-photos-thematique-presente-des-moments-intemporels\/#primaryimage"},"image":{"@id":"https:\/\/vieassociative.be\/actualites\/ville-gens-moment-une-exposition-de-photos-thematique-presente-des-moments-intemporels\/#primaryimage"},"thumbnailUrl":"https:\/\/vieassociative.be\/actualites\/wp-content\/uploads\/2026\/03\/Ville-gens-moment-une-exposition-de-photos-thematique-presente-des.jpg","datePublished":"2026-03-25T03:17:33+00:00","dateModified":"2026-03-25T03:17:33+00:00","breadcrumb":{"@id":"https:\/\/vieassociative.be\/actualites\/ville-gens-moment-une-exposition-de-photos-thematique-presente-des-moments-intemporels\/#breadcrumb"},"inLanguage":"fr-BE","potentialAction":[{"@type":"ReadAction","target":["https:\/\/vieassociative.be\/actualites\/ville-gens-moment-une-exposition-de-photos-thematique-presente-des-moments-intemporels\/"]}]},{"@type":"ImageObject","inLanguage":"fr-BE","@id":"https:\/\/vieassociative.be\/actualites\/ville-gens-moment-une-exposition-de-photos-thematique-presente-des-moments-intemporels\/#primaryimage","url":"https:\/\/vieassociative.be\/actualites\/wp-content\/uploads\/2026\/03\/Ville-gens-moment-une-exposition-de-photos-thematique-presente-des.jpg","contentUrl":"https:\/\/vieassociative.be\/actualites\/wp-content\/uploads\/2026\/03\/Ville-gens-moment-une-exposition-de-photos-thematique-presente-des.jpg","width":1756,"height":1250,"caption":"Ville, gens, moment\u00a0: une exposition de photos th\u00e9matique pr\u00e9sente des moments intemporels"},{"@type":"BreadcrumbList","@id":"https:\/\/vieassociative.be\/actualites\/ville-gens-moment-une-exposition-de-photos-thematique-presente-des-moments-intemporels\/#breadcrumb","itemListElement":[{"@type":"ListItem","position":1,"name":"Accueil","item":"https:\/\/vieassociative.be\/actualites\/"},{"@type":"ListItem","position":2,"name":"Ville, gens, moment\u00a0: une exposition de photos th\u00e9matique pr\u00e9sente des moments intemporels"}]},{"@type":"WebSite","@id":"https:\/\/vieassociative.be\/actualites\/#website","url":"https:\/\/vieassociative.be\/actualites\/","name":"Vie Associative","description":"","publisher":{"@id":"https:\/\/vieassociative.be\/actualites\/#organization"},"potentialAction":[{"@type":"SearchAction","target":{"@type":"EntryPoint","urlTemplate":"https:\/\/vieassociative.be\/actualites\/?s={search_term_string}"},"query-input":{"@type":"PropertyValueSpecification","valueRequired":true,"valueName":"search_term_string"}}],"inLanguage":"fr-BE"},{"@type":"Organization","@id":"https:\/\/vieassociative.be\/actualites\/#organization","name":"Vie Associative","url":"https:\/\/vieassociative.be\/actualites\/","logo":{"@type":"ImageObject","inLanguage":"fr-BE","@id":"https:\/\/vieassociative.be\/actualites\/#\/schema\/logo\/image\/","url":"https:\/\/vieassociative.be\/actualites\/wp-content\/uploads\/2024\/09\/cropped-vieassociative_favicon.ico.png","contentUrl":"https:\/\/vieassociative.be\/actualites\/wp-content\/uploads\/2024\/09\/cropped-vieassociative_favicon.ico.png","width":512,"height":512,"caption":"Vie Associative"},"image":{"@id":"https:\/\/vieassociative.be\/actualites\/#\/schema\/logo\/image\/"}},{"@type":"Person","@id":"https:\/\/vieassociative.be\/actualites\/#\/schema\/person\/b87ac4f82f9d4e7b7cec7395b679edc4","name":"Julien","image":{"@type":"ImageObject","inLanguage":"fr-BE","@id":"https:\/\/vieassociative.be\/actualites\/#\/schema\/person\/image\/","url":"https:\/\/vieassociative.be\/actualites\/wp-content\/uploads\/2024\/09\/vie-associative-1-150x150.jpg","contentUrl":"https:\/\/vieassociative.be\/actualites\/wp-content\/uploads\/2024\/09\/vie-associative-1-150x150.jpg","caption":"Julien"},"description":"Je suis Julien, r\u00e9dacteur pour Vie Associative. Passionn\u00e9 par le monde associatif depuis plus de 10 ans, j'ai \u00e0 c\u0153ur de partager des histoires inspirantes et de mettre en lumi\u00e8re les initiatives locales. Mon objectif est de sensibiliser et d'encourager l'engagement communautaire \u00e0 travers mes articles.","sameAs":["https:\/\/vieassociative.be\/"]}]}},"_links":{"self":[{"href":"https:\/\/vieassociative.be\/actualites\/wp-json\/wp\/v2\/posts\/13174"}],"collection":[{"href":"https:\/\/vieassociative.be\/actualites\/wp-json\/wp\/v2\/posts"}],"about":[{"href":"https:\/\/vieassociative.be\/actualites\/wp-json\/wp\/v2\/types\/post"}],"author":[{"embeddable":true,"href":"https:\/\/vieassociative.be\/actualites\/wp-json\/wp\/v2\/users\/1"}],"replies":[{"embeddable":true,"href":"https:\/\/vieassociative.be\/actualites\/wp-json\/wp\/v2\/comments?post=13174"}],"version-history":[{"count":0,"href":"https:\/\/vieassociative.be\/actualites\/wp-json\/wp\/v2\/posts\/13174\/revisions"}],"wp:featuredmedia":[{"embeddable":true,"href":"https:\/\/vieassociative.be\/actualites\/wp-json\/wp\/v2\/media\/13175"}],"wp:attachment":[{"href":"https:\/\/vieassociative.be\/actualites\/wp-json\/wp\/v2\/media?parent=13174"}],"wp:term":[{"taxonomy":"category","embeddable":true,"href":"https:\/\/vieassociative.be\/actualites\/wp-json\/wp\/v2\/categories?post=13174"},{"taxonomy":"post_tag","embeddable":true,"href":"https:\/\/vieassociative.be\/actualites\/wp-json\/wp\/v2\/tags?post=13174"}],"curies":[{"name":"wp","href":"https:\/\/api.w.org\/{rel}","templated":true}]}}