{"id":13172,"date":"2026-03-25T03:17:27","date_gmt":"2026-03-25T02:17:27","guid":{"rendered":"https:\/\/vieassociative.be\/actualites\/ce-que-les-gens-se-trompent-cette-semaine-la-teleportation\/"},"modified":"2026-03-25T03:17:27","modified_gmt":"2026-03-25T02:17:27","slug":"ce-que-les-gens-se-trompent-cette-semaine-la-teleportation","status":"publish","type":"post","link":"https:\/\/vieassociative.be\/actualites\/ce-que-les-gens-se-trompent-cette-semaine-la-teleportation\/","title":{"rendered":"Ce que les gens se trompent cette semaine\u00a0: la t\u00e9l\u00e9portation"},"content":{"rendered":"<p>Cette semaine, les gens se trompent sur la t\u00e9l\u00e9portation. Trope courant de science-fiction, la t\u00e9l\u00e9portation est le transfert de mati\u00e8re ou d&rsquo;\u00e9nergie d&rsquo;un point \u00e0 un autre sans traverser l&rsquo;espace physique qui les s\u00e9pare. Des all\u00e9gations de t\u00e9l\u00e9portation largement r\u00e9p\u00e9t\u00e9es ont surgi depuis au moins 1583, lorsque l&rsquo;occultiste John Dee aurait disparu de son domicile en Angleterre et r\u00e9apparu au m\u00eame moment \u00e0 Prague. Le rapport le plus r\u00e9cent vient de Gregg Phillips, qui a \u00e9t\u00e9 nomm\u00e9 \u00e0 la t\u00eate du bureau de r\u00e9ponse et de r\u00e9tablissement de la FEMA en d\u00e9cembre.<\/p>\n<p>Dans un \u00e9pisode de janvier du <em>En avant<\/em> podcast, Phillips a d\u00e9clar\u00e9: \u00ab\u00a0J&rsquo;\u00e9tais avec mes gar\u00e7ons une fois, et je leur disais que j&rsquo;allais aller \u00e0 Waffle House&#8230; c&rsquo;\u00e9tait en G\u00e9orgie, et je me retrouve dans une Waffle House \u00e0 environ 50 miles de l\u00e0 o\u00f9 j&rsquo;\u00e9tais&#8230; ils ont dit : &lsquo;Ce n&rsquo;est pas possible, tu viens de partir d&rsquo;ici il y a un instant.&rsquo; Mais c&rsquo;\u00e9tait possible. C&rsquo;\u00e9tait r\u00e9el.  <\/p>\n<p>La t\u00e9l\u00e9portation est assez courante chez Phillips. Il a racont\u00e9 un autre cas o\u00f9 lui et sa voiture ont \u00e9t\u00e9 t\u00e9l\u00e9port\u00e9s \u00e0 40 miles dans un foss\u00e9 pr\u00e8s d&rsquo;une \u00e9glise baptiste. \u00ab\u00a0La t\u00e9l\u00e9portation n&rsquo;est pas amusante\u00a0\u00bb, a conclu Phillips. Phillips, malheureusement, ne contr\u00f4le pas la t\u00e9l\u00e9portation, ou il pourrait l&rsquo;utiliser dans son travail. <\/p>\n<h2 id=\"some-explanations-for-people-claiming-theyve-teleported\">Quelques explications pour les personnes pr\u00e9tendant s&rsquo;\u00eatre t\u00e9l\u00e9port\u00e9es<\/h2>\n<p>Il existe un certain nombre d\u2019explications possibles \u00e0 l\u2019histoire de Phillips qui ne sont pas \u00ab il est fou \u00bb ou \u00ab il ment \u00bb. Environ 10 % des personnes d\u00e9clarent avoir v\u00e9cu une exp\u00e9rience hors du corps, la sensation que leur conscience s&rsquo;est s\u00e9par\u00e9e de leur corps physique. Selon une \u00e9tude publi\u00e9e dans le British Medical Journal, les OBE sont souvent li\u00e9es \u00e0 un probl\u00e8me au niveau de la jonction temporo-pari\u00e9tale (TPJ), la partie du cerveau qui int\u00e8gre les informations sensorielles pour vous orienter dans l&rsquo;espace. Si la TPJ est perturb\u00e9e \u2013 par l&rsquo;\u00e9puisement, le stress ou des causes biologiques comme l&rsquo;\u00e9pilepsie ou les migraines \u2013 un \u00ab rat\u00e9 \u00bb sensoriel peut en r\u00e9sulter, dans lequel vous ne vous sentez plus amarr\u00e9 \u00e0 l&rsquo;espace physique qu&rsquo;occupe votre corps. Ce n&rsquo;est pas de la t\u00e9l\u00e9portation, mais cela pourrait ressembler \u00e0 une t\u00e9l\u00e9portation si cela vous arrive. <\/p>\n<p>Il pourrait y avoir une explication moins \u00e9sot\u00e9rique \u00e0 la t\u00e9l\u00e9portation de Phillips : \u00ab l\u2019hypnose routi\u00e8re \u00bb. Presque tout le monde peut comprendre que votre esprit \u00ab v\u00e9rifie \u00bb pendant que vous faites quelque chose de r\u00e9p\u00e9titif\u00a0; lors d&rsquo;un long voyage en voiture, vous r\u00e9alisez soudain que vous avez parcouru 50 miles sans aucun souvenir. \u00ab\u00a0S&rsquo;en sortir\u00a0\u00bb peut donner l&rsquo;impression que vous vous \u00eates t\u00e9l\u00e9port\u00e9, car vous vous trouvez soudainement dans un nouvel endroit sans souvenir conscient de la fa\u00e7on dont vous y \u00eates arriv\u00e9, et cela pourrait expliquer le fait que la voiture de Phillips semble se t\u00e9l\u00e9porter avec lui. <\/p>\n<p>Autre cause possible : le microsommeil, un \u00e9pisode soudain et temporaire de sommeil ou de somnolence au cours duquel un individu ne r\u00e9pond pas aux stimuli sensoriels et perd connaissance. La somnolence au volant est responsable de plus de 600 d\u00e9c\u00e8s par an aux \u00c9tats-Unis et pourrait expliquer sa fin dans un foss\u00e9 devant une \u00e9glise baptiste sans aucun souvenir de la fa\u00e7on dont il s&rsquo;est retrouv\u00e9 l\u00e0-bas. <\/p>\n<h2 id=\"ok-but-what-if-it-was-teleportation\">OK, mais et si <em>\u00e9tait<\/em> t\u00e9l\u00e9portation ?<\/h2>\n<p>Rien de tout cela ne prend <em>tous<\/em> de l&rsquo;histoire de Phillips en compte cependant. Il dit qu&rsquo;il a quitt\u00e9 sa maison puis s&rsquo;est retrouv\u00e9 soudainement \u00e0 80 kilom\u00e8tres de l\u00e0, \u00e0 la grande surprise de sa famille qui a confirm\u00e9 qu&rsquo;il \u00ab\u00a0venait de partir d&rsquo;ici il y a un instant\u00a0\u00bb. Alors c&rsquo;\u00e9tait de la t\u00e9l\u00e9portation ?<\/p>\n<p>Personne ne peut prouver le contraire, mais, comme les pr\u00e9tendants historiques John Dee, Gil Perez, Heraldo Vidal et toutes les autres personnes qui ont d\u00e9j\u00e0 d\u00e9clar\u00e9 s&rsquo;\u00eatre t\u00e9l\u00e9port\u00e9s, il n&rsquo;y avait aucun t\u00e9moin fiable des voyages improbables de Phillips. Personne ne l&rsquo;a vu dispara\u00eetre et personne ne l&rsquo;a vu appara\u00eetre \u00e0 la Waffle House. Il n&rsquo;y a aucune autre preuve non plus, donc je suis s\u00fbr de dire qu&rsquo;il est extr\u00eamement improbable que M. Phillips se soit t\u00e9l\u00e9port\u00e9, mais explorons la possibilit\u00e9.<\/p>\n<h2 id=\"the-one-kind-of-exception-quantum-teleportation\">La seule (sorte) exception : la t\u00e9l\u00e9portation quantique<\/h2>\n<p>La t\u00e9l\u00e9portation est possible dans le monde quantique. Dans le domaine des petites choses \u2013 atomes, \u00e9lectrons, photons, etc. \u2013 les lois de la physique classique ne fonctionnent pas. La lumi\u00e8re peut \u00eatre une particule et<em> <\/em>une vague, les chats th\u00e9oriques peuvent \u00eatre vivants ou morts, et la cause et l&rsquo;effet que nous tenons pour acquis sont un lancer de d\u00e9s. C&rsquo;est un g\u00e2chis, mais un g\u00e2chis qui permet un type limit\u00e9 de t\u00e9l\u00e9portation. <\/p>\n<p>La t\u00e9l\u00e9portation quantique est une m\u00e9thode de transmission instantan\u00e9e d&rsquo;informations \u00e0 l&rsquo;aide de deux particules \u00ab intriqu\u00e9es \u00bb. La mesure d\u2019une particule d\u00e9termine imm\u00e9diatement l\u2019\u00e9tat de son partenaire, peu importe o\u00f9 il se trouve dans l\u2019espace \u2013 cela peut se trouver \u00e0 des millions de kilom\u00e8tres, la particule s\u2019en fiche. Mais il y a un hic : vous devez lire le r\u00e9sultat. Les donn\u00e9es n\u00e9cessaires pour effectuer le transfert doivent \u00eatre envoy\u00e9es via un signal normal, comme une onde radio ou un c\u00e2ble \u00e0 fibre optique. Puisque ces signaux sont limit\u00e9s \u00e0 la vitesse de la lumi\u00e8re comme tout le reste, ce n\u2019est pas instantan\u00e9 de notre point de vue. <\/p>\n<p>Les scientifiques ont r\u00e9ussi \u00e0 t\u00e9l\u00e9porter des \u00e9tats de photons uniques \u00e0 distance, mais cela ne fonctionne pas \u00e0 plus grande \u00e9chelle pour plusieurs raisons. Il y a d\u2019abord la logistique. Voici comment Brian Greene, physicien th\u00e9oricien de l&rsquo;Universit\u00e9 Columbia, a d\u00e9crit le probl\u00e8me de la t\u00e9l\u00e9portation d&rsquo;une personne de New York \u00e0 Los Angeles pour <em>Temps des sciences<\/em>: <\/p>\n<p>\u00ab\u00a0Il faudrait avoir un grand nombre de ces particules enchev\u00eatr\u00e9es pour amener un \u00eatre humain, et faire en sorte que l&rsquo;\u00eatre humain soit m\u00e9lang\u00e9 \u00e0 cet ensemble de particules qui sont intriqu\u00e9es avec celles de Los Angeles. C&rsquo;est le probl\u00e8me du nombre \u00e9norme qui nous emp\u00eache de le faire.\u00a0\u00bb<\/p>\n<p>Le mot \u00ab\u00a0\u00e9norme\u00a0\u00bb n&rsquo;est pas assez grand : il y en a environ 7 <em>octillion<\/em> les atomes s&rsquo;appellent actuellement \u00ab\u00a0Gregg Phillips\u00a0\u00bb. Surveiller l\u2019\u00e9tat quantique de chacun d\u2019eux n\u00e9cessiterait plus de puissance de calcul que celle qui a jamais exist\u00e9 sur Terre. Pour le contexte, le meilleur que la science moderne ait fait est de t\u00e9l\u00e9porter un \u00e9tat de photon unique vers un satellite situ\u00e9 \u00e0 plus de 870 milles. Vous ne pouvez pas atteindre un homme de 200 livres. <\/p>\n<h2 id=\"what-exactly-is-gregg-phillips\">Quoi, exactement, <em>est<\/em> Gregg Phillips?<\/h2>\n<p>C&rsquo;est le probl\u00e8me logistique. Il y a une question conceptuelle\/philosophique plus large concernant la t\u00e9l\u00e9portation. Lors de la t\u00e9l\u00e9portation quantique, la particule d&rsquo;origine est d\u00e9truite pour achever le transfert. L\u2019\u00e9tat quantique est lu, transmis et reconstruit ailleurs, mais la source a disparu. Alors qui (ou quoi) arrive r\u00e9ellement \u00e0 la Waffle House ? <\/p>\n<p>Un porte-parole de la FEMA a r\u00e9pondu \u00e0 la controverse sur CNN en disant : \u00ab C&rsquo;est tellement stupide que cela vaut \u00e0 peine la peine de le reconna\u00eetre \u00bb, mais la question de savoir qui dirige r\u00e9ellement la r\u00e9ponse aux catastrophes de la FEMA n&rsquo;est pas idiote, car si Gregg Phillips s&rsquo;est r\u00e9ellement t\u00e9l\u00e9port\u00e9, ce qui dirige actuellement la r\u00e9ponse aux catastrophes de la FEMA est <em>pas Gregg Phillips<\/em>. Une collection d&rsquo;atomes qui ressemblent et parlent comme Gregg Phillips est apparue dans une Waffle House, tandis que le vrai Gregg Phillips a disparu de l&rsquo;existence sur l&rsquo;autoroute. <\/p>\n","protected":false},"excerpt":{"rendered":"<p>Cette semaine, les gens se trompent sur la t\u00e9l\u00e9portation. Trope courant de science-fiction, la t\u00e9l\u00e9portation est le transfert de mati\u00e8re ou d&rsquo;\u00e9nergie d&rsquo;un point \u00e0<\/p>\n","protected":false},"author":1,"featured_media":13173,"comment_status":"","ping_status":"","sticky":false,"template":"","format":"standard","meta":{"footnotes":""},"categories":[36],"tags":[206,1046,14,1348,10331,2469],"class_list":["post-13172","post","type-post","status-publish","format-standard","has-post-thumbnail","hentry","category-divertissement","tag-cette","tag-gens","tag-les","tag-semaine","tag-teleportation","tag-trompent","generate-columns","tablet-grid-50","mobile-grid-100","grid-parent","grid-33"],"yoast_head":"<!-- This site is optimized with the Yoast SEO plugin v24.0 - https:\/\/yoast.com\/wordpress\/plugins\/seo\/ -->\n<title>Ce que les gens se trompent cette semaine\u00a0: la t\u00e9l\u00e9portation | Vie Associative<\/title>\n<meta name=\"robots\" content=\"index, follow, max-snippet:-1, max-image-preview:large, max-video-preview:-1\" \/>\n<link rel=\"canonical\" href=\"https:\/\/vieassociative.be\/actualites\/ce-que-les-gens-se-trompent-cette-semaine-la-teleportation\/\" \/>\n<meta property=\"og:locale\" content=\"fr_FR\" \/>\n<meta property=\"og:type\" content=\"article\" \/>\n<meta property=\"og:title\" content=\"Ce que les gens se trompent cette semaine\u00a0: la t\u00e9l\u00e9portation | Vie Associative\" \/>\n<meta property=\"og:description\" content=\"Cette semaine, les gens se trompent sur la t\u00e9l\u00e9portation. Trope courant de science-fiction, la t\u00e9l\u00e9portation est le transfert de mati\u00e8re ou d&rsquo;\u00e9nergie d&rsquo;un point \u00e0\" \/>\n<meta property=\"og:url\" content=\"https:\/\/vieassociative.be\/actualites\/ce-que-les-gens-se-trompent-cette-semaine-la-teleportation\/\" \/>\n<meta property=\"og:site_name\" content=\"Vie Associative\" \/>\n<meta property=\"article:published_time\" content=\"2026-03-25T02:17:27+00:00\" \/>\n<meta property=\"og:image\" content=\"https:\/\/vieassociative.be\/actualites\/wp-content\/uploads\/2024\/09\/header_backgroundk-01-e1726694325946.png\" \/>\n\t<meta property=\"og:image:width\" content=\"279\" \/>\n\t<meta property=\"og:image:height\" content=\"92\" \/>\n\t<meta property=\"og:image:type\" content=\"image\/png\" \/>\n<meta name=\"author\" content=\"Julien\" \/>\n<meta name=\"twitter:card\" content=\"summary_large_image\" \/>\n<meta name=\"twitter:label1\" content=\"\u00c9crit par\" \/>\n\t<meta name=\"twitter:data1\" content=\"Julien\" \/>\n\t<meta name=\"twitter:label2\" content=\"Dur\u00e9e de lecture est.\" \/>\n\t<meta name=\"twitter:data2\" content=\"7 minutes\" \/>\n<script type=\"application\/ld+json\" class=\"yoast-schema-graph\">{\"@context\":\"https:\/\/schema.org\",\"@graph\":[{\"@type\":\"Article\",\"@id\":\"https:\/\/vieassociative.be\/actualites\/ce-que-les-gens-se-trompent-cette-semaine-la-teleportation\/#article\",\"isPartOf\":{\"@id\":\"https:\/\/vieassociative.be\/actualites\/ce-que-les-gens-se-trompent-cette-semaine-la-teleportation\/\"},\"author\":{\"name\":\"Julien\",\"@id\":\"https:\/\/vieassociative.be\/actualites\/#\/schema\/person\/b87ac4f82f9d4e7b7cec7395b679edc4\"},\"headline\":\"Ce que les gens se trompent cette semaine\u00a0: la t\u00e9l\u00e9portation\",\"datePublished\":\"2026-03-25T02:17:27+00:00\",\"dateModified\":\"2026-03-25T02:17:27+00:00\",\"mainEntityOfPage\":{\"@id\":\"https:\/\/vieassociative.be\/actualites\/ce-que-les-gens-se-trompent-cette-semaine-la-teleportation\/\"},\"wordCount\":1382,\"publisher\":{\"@id\":\"https:\/\/vieassociative.be\/actualites\/#organization\"},\"image\":{\"@id\":\"https:\/\/vieassociative.be\/actualites\/ce-que-les-gens-se-trompent-cette-semaine-la-teleportation\/#primaryimage\"},\"thumbnailUrl\":\"https:\/\/vieassociative.be\/actualites\/wp-content\/uploads\/2026\/03\/Ce-que-les-gens-se-trompent-cette-semaine-la-teleportation.png\",\"keywords\":[\"cette\",\"gens\",\"Les\",\"semaine\",\"t\u00e9l\u00e9portation\",\"trompent\"],\"articleSection\":[\"Divertissement\"],\"inLanguage\":\"fr-BE\"},{\"@type\":\"WebPage\",\"@id\":\"https:\/\/vieassociative.be\/actualites\/ce-que-les-gens-se-trompent-cette-semaine-la-teleportation\/\",\"url\":\"https:\/\/vieassociative.be\/actualites\/ce-que-les-gens-se-trompent-cette-semaine-la-teleportation\/\",\"name\":\"Ce que les gens se trompent cette semaine\u00a0: la t\u00e9l\u00e9portation | Vie Associative\",\"isPartOf\":{\"@id\":\"https:\/\/vieassociative.be\/actualites\/#website\"},\"primaryImageOfPage\":{\"@id\":\"https:\/\/vieassociative.be\/actualites\/ce-que-les-gens-se-trompent-cette-semaine-la-teleportation\/#primaryimage\"},\"image\":{\"@id\":\"https:\/\/vieassociative.be\/actualites\/ce-que-les-gens-se-trompent-cette-semaine-la-teleportation\/#primaryimage\"},\"thumbnailUrl\":\"https:\/\/vieassociative.be\/actualites\/wp-content\/uploads\/2026\/03\/Ce-que-les-gens-se-trompent-cette-semaine-la-teleportation.png\",\"datePublished\":\"2026-03-25T02:17:27+00:00\",\"dateModified\":\"2026-03-25T02:17:27+00:00\",\"breadcrumb\":{\"@id\":\"https:\/\/vieassociative.be\/actualites\/ce-que-les-gens-se-trompent-cette-semaine-la-teleportation\/#breadcrumb\"},\"inLanguage\":\"fr-BE\",\"potentialAction\":[{\"@type\":\"ReadAction\",\"target\":[\"https:\/\/vieassociative.be\/actualites\/ce-que-les-gens-se-trompent-cette-semaine-la-teleportation\/\"]}]},{\"@type\":\"ImageObject\",\"inLanguage\":\"fr-BE\",\"@id\":\"https:\/\/vieassociative.be\/actualites\/ce-que-les-gens-se-trompent-cette-semaine-la-teleportation\/#primaryimage\",\"url\":\"https:\/\/vieassociative.be\/actualites\/wp-content\/uploads\/2026\/03\/Ce-que-les-gens-se-trompent-cette-semaine-la-teleportation.png\",\"contentUrl\":\"https:\/\/vieassociative.be\/actualites\/wp-content\/uploads\/2026\/03\/Ce-que-les-gens-se-trompent-cette-semaine-la-teleportation.png\",\"width\":1200,\"height\":675,\"caption\":\"Ce que les gens se trompent cette semaine\u00a0: la t\u00e9l\u00e9portation\"},{\"@type\":\"BreadcrumbList\",\"@id\":\"https:\/\/vieassociative.be\/actualites\/ce-que-les-gens-se-trompent-cette-semaine-la-teleportation\/#breadcrumb\",\"itemListElement\":[{\"@type\":\"ListItem\",\"position\":1,\"name\":\"Accueil\",\"item\":\"https:\/\/vieassociative.be\/actualites\/\"},{\"@type\":\"ListItem\",\"position\":2,\"name\":\"Ce que les gens se trompent cette semaine\u00a0: la t\u00e9l\u00e9portation\"}]},{\"@type\":\"WebSite\",\"@id\":\"https:\/\/vieassociative.be\/actualites\/#website\",\"url\":\"https:\/\/vieassociative.be\/actualites\/\",\"name\":\"Vie Associative\",\"description\":\"\",\"publisher\":{\"@id\":\"https:\/\/vieassociative.be\/actualites\/#organization\"},\"potentialAction\":[{\"@type\":\"SearchAction\",\"target\":{\"@type\":\"EntryPoint\",\"urlTemplate\":\"https:\/\/vieassociative.be\/actualites\/?s={search_term_string}\"},\"query-input\":{\"@type\":\"PropertyValueSpecification\",\"valueRequired\":true,\"valueName\":\"search_term_string\"}}],\"inLanguage\":\"fr-BE\"},{\"@type\":\"Organization\",\"@id\":\"https:\/\/vieassociative.be\/actualites\/#organization\",\"name\":\"Vie Associative\",\"url\":\"https:\/\/vieassociative.be\/actualites\/\",\"logo\":{\"@type\":\"ImageObject\",\"inLanguage\":\"fr-BE\",\"@id\":\"https:\/\/vieassociative.be\/actualites\/#\/schema\/logo\/image\/\",\"url\":\"https:\/\/vieassociative.be\/actualites\/wp-content\/uploads\/2024\/09\/cropped-vieassociative_favicon.ico.png\",\"contentUrl\":\"https:\/\/vieassociative.be\/actualites\/wp-content\/uploads\/2024\/09\/cropped-vieassociative_favicon.ico.png\",\"width\":512,\"height\":512,\"caption\":\"Vie Associative\"},\"image\":{\"@id\":\"https:\/\/vieassociative.be\/actualites\/#\/schema\/logo\/image\/\"}},{\"@type\":\"Person\",\"@id\":\"https:\/\/vieassociative.be\/actualites\/#\/schema\/person\/b87ac4f82f9d4e7b7cec7395b679edc4\",\"name\":\"Julien\",\"image\":{\"@type\":\"ImageObject\",\"inLanguage\":\"fr-BE\",\"@id\":\"https:\/\/vieassociative.be\/actualites\/#\/schema\/person\/image\/\",\"url\":\"https:\/\/vieassociative.be\/actualites\/wp-content\/uploads\/2024\/09\/vie-associative-1-150x150.jpg\",\"contentUrl\":\"https:\/\/vieassociative.be\/actualites\/wp-content\/uploads\/2024\/09\/vie-associative-1-150x150.jpg\",\"caption\":\"Julien\"},\"description\":\"Je suis Julien, r\u00e9dacteur pour Vie Associative. Passionn\u00e9 par le monde associatif depuis plus de 10 ans, j'ai \u00e0 c\u0153ur de partager des histoires inspirantes et de mettre en lumi\u00e8re les initiatives locales. Mon objectif est de sensibiliser et d'encourager l'engagement communautaire \u00e0 travers mes articles.\",\"sameAs\":[\"https:\/\/vieassociative.be\/\"]}]}<\/script>\n<!-- \/ Yoast SEO plugin. -->","yoast_head_json":{"title":"Ce que les gens se trompent cette semaine\u00a0: la t\u00e9l\u00e9portation | Vie Associative","robots":{"index":"index","follow":"follow","max-snippet":"max-snippet:-1","max-image-preview":"max-image-preview:large","max-video-preview":"max-video-preview:-1"},"canonical":"https:\/\/vieassociative.be\/actualites\/ce-que-les-gens-se-trompent-cette-semaine-la-teleportation\/","og_locale":"fr_FR","og_type":"article","og_title":"Ce que les gens se trompent cette semaine\u00a0: la t\u00e9l\u00e9portation | Vie Associative","og_description":"Cette semaine, les gens se trompent sur la t\u00e9l\u00e9portation. Trope courant de science-fiction, la t\u00e9l\u00e9portation est le transfert de mati\u00e8re ou d&rsquo;\u00e9nergie d&rsquo;un point \u00e0","og_url":"https:\/\/vieassociative.be\/actualites\/ce-que-les-gens-se-trompent-cette-semaine-la-teleportation\/","og_site_name":"Vie Associative","article_published_time":"2026-03-25T02:17:27+00:00","og_image":[{"width":279,"height":92,"url":"https:\/\/vieassociative.be\/actualites\/wp-content\/uploads\/2024\/09\/header_backgroundk-01-e1726694325946.png","type":"image\/png"}],"author":"Julien","twitter_card":"summary_large_image","twitter_misc":{"\u00c9crit par":"Julien","Dur\u00e9e de lecture est.":"7 minutes"},"schema":{"@context":"https:\/\/schema.org","@graph":[{"@type":"Article","@id":"https:\/\/vieassociative.be\/actualites\/ce-que-les-gens-se-trompent-cette-semaine-la-teleportation\/#article","isPartOf":{"@id":"https:\/\/vieassociative.be\/actualites\/ce-que-les-gens-se-trompent-cette-semaine-la-teleportation\/"},"author":{"name":"Julien","@id":"https:\/\/vieassociative.be\/actualites\/#\/schema\/person\/b87ac4f82f9d4e7b7cec7395b679edc4"},"headline":"Ce que les gens se trompent cette semaine\u00a0: la t\u00e9l\u00e9portation","datePublished":"2026-03-25T02:17:27+00:00","dateModified":"2026-03-25T02:17:27+00:00","mainEntityOfPage":{"@id":"https:\/\/vieassociative.be\/actualites\/ce-que-les-gens-se-trompent-cette-semaine-la-teleportation\/"},"wordCount":1382,"publisher":{"@id":"https:\/\/vieassociative.be\/actualites\/#organization"},"image":{"@id":"https:\/\/vieassociative.be\/actualites\/ce-que-les-gens-se-trompent-cette-semaine-la-teleportation\/#primaryimage"},"thumbnailUrl":"https:\/\/vieassociative.be\/actualites\/wp-content\/uploads\/2026\/03\/Ce-que-les-gens-se-trompent-cette-semaine-la-teleportation.png","keywords":["cette","gens","Les","semaine","t\u00e9l\u00e9portation","trompent"],"articleSection":["Divertissement"],"inLanguage":"fr-BE"},{"@type":"WebPage","@id":"https:\/\/vieassociative.be\/actualites\/ce-que-les-gens-se-trompent-cette-semaine-la-teleportation\/","url":"https:\/\/vieassociative.be\/actualites\/ce-que-les-gens-se-trompent-cette-semaine-la-teleportation\/","name":"Ce que les gens se trompent cette semaine\u00a0: la t\u00e9l\u00e9portation | Vie Associative","isPartOf":{"@id":"https:\/\/vieassociative.be\/actualites\/#website"},"primaryImageOfPage":{"@id":"https:\/\/vieassociative.be\/actualites\/ce-que-les-gens-se-trompent-cette-semaine-la-teleportation\/#primaryimage"},"image":{"@id":"https:\/\/vieassociative.be\/actualites\/ce-que-les-gens-se-trompent-cette-semaine-la-teleportation\/#primaryimage"},"thumbnailUrl":"https:\/\/vieassociative.be\/actualites\/wp-content\/uploads\/2026\/03\/Ce-que-les-gens-se-trompent-cette-semaine-la-teleportation.png","datePublished":"2026-03-25T02:17:27+00:00","dateModified":"2026-03-25T02:17:27+00:00","breadcrumb":{"@id":"https:\/\/vieassociative.be\/actualites\/ce-que-les-gens-se-trompent-cette-semaine-la-teleportation\/#breadcrumb"},"inLanguage":"fr-BE","potentialAction":[{"@type":"ReadAction","target":["https:\/\/vieassociative.be\/actualites\/ce-que-les-gens-se-trompent-cette-semaine-la-teleportation\/"]}]},{"@type":"ImageObject","inLanguage":"fr-BE","@id":"https:\/\/vieassociative.be\/actualites\/ce-que-les-gens-se-trompent-cette-semaine-la-teleportation\/#primaryimage","url":"https:\/\/vieassociative.be\/actualites\/wp-content\/uploads\/2026\/03\/Ce-que-les-gens-se-trompent-cette-semaine-la-teleportation.png","contentUrl":"https:\/\/vieassociative.be\/actualites\/wp-content\/uploads\/2026\/03\/Ce-que-les-gens-se-trompent-cette-semaine-la-teleportation.png","width":1200,"height":675,"caption":"Ce que les gens se trompent cette semaine\u00a0: la t\u00e9l\u00e9portation"},{"@type":"BreadcrumbList","@id":"https:\/\/vieassociative.be\/actualites\/ce-que-les-gens-se-trompent-cette-semaine-la-teleportation\/#breadcrumb","itemListElement":[{"@type":"ListItem","position":1,"name":"Accueil","item":"https:\/\/vieassociative.be\/actualites\/"},{"@type":"ListItem","position":2,"name":"Ce que les gens se trompent cette semaine\u00a0: la t\u00e9l\u00e9portation"}]},{"@type":"WebSite","@id":"https:\/\/vieassociative.be\/actualites\/#website","url":"https:\/\/vieassociative.be\/actualites\/","name":"Vie Associative","description":"","publisher":{"@id":"https:\/\/vieassociative.be\/actualites\/#organization"},"potentialAction":[{"@type":"SearchAction","target":{"@type":"EntryPoint","urlTemplate":"https:\/\/vieassociative.be\/actualites\/?s={search_term_string}"},"query-input":{"@type":"PropertyValueSpecification","valueRequired":true,"valueName":"search_term_string"}}],"inLanguage":"fr-BE"},{"@type":"Organization","@id":"https:\/\/vieassociative.be\/actualites\/#organization","name":"Vie Associative","url":"https:\/\/vieassociative.be\/actualites\/","logo":{"@type":"ImageObject","inLanguage":"fr-BE","@id":"https:\/\/vieassociative.be\/actualites\/#\/schema\/logo\/image\/","url":"https:\/\/vieassociative.be\/actualites\/wp-content\/uploads\/2024\/09\/cropped-vieassociative_favicon.ico.png","contentUrl":"https:\/\/vieassociative.be\/actualites\/wp-content\/uploads\/2024\/09\/cropped-vieassociative_favicon.ico.png","width":512,"height":512,"caption":"Vie Associative"},"image":{"@id":"https:\/\/vieassociative.be\/actualites\/#\/schema\/logo\/image\/"}},{"@type":"Person","@id":"https:\/\/vieassociative.be\/actualites\/#\/schema\/person\/b87ac4f82f9d4e7b7cec7395b679edc4","name":"Julien","image":{"@type":"ImageObject","inLanguage":"fr-BE","@id":"https:\/\/vieassociative.be\/actualites\/#\/schema\/person\/image\/","url":"https:\/\/vieassociative.be\/actualites\/wp-content\/uploads\/2024\/09\/vie-associative-1-150x150.jpg","contentUrl":"https:\/\/vieassociative.be\/actualites\/wp-content\/uploads\/2024\/09\/vie-associative-1-150x150.jpg","caption":"Julien"},"description":"Je suis Julien, r\u00e9dacteur pour Vie Associative. Passionn\u00e9 par le monde associatif depuis plus de 10 ans, j'ai \u00e0 c\u0153ur de partager des histoires inspirantes et de mettre en lumi\u00e8re les initiatives locales. Mon objectif est de sensibiliser et d'encourager l'engagement communautaire \u00e0 travers mes articles.","sameAs":["https:\/\/vieassociative.be\/"]}]}},"_links":{"self":[{"href":"https:\/\/vieassociative.be\/actualites\/wp-json\/wp\/v2\/posts\/13172"}],"collection":[{"href":"https:\/\/vieassociative.be\/actualites\/wp-json\/wp\/v2\/posts"}],"about":[{"href":"https:\/\/vieassociative.be\/actualites\/wp-json\/wp\/v2\/types\/post"}],"author":[{"embeddable":true,"href":"https:\/\/vieassociative.be\/actualites\/wp-json\/wp\/v2\/users\/1"}],"replies":[{"embeddable":true,"href":"https:\/\/vieassociative.be\/actualites\/wp-json\/wp\/v2\/comments?post=13172"}],"version-history":[{"count":0,"href":"https:\/\/vieassociative.be\/actualites\/wp-json\/wp\/v2\/posts\/13172\/revisions"}],"wp:featuredmedia":[{"embeddable":true,"href":"https:\/\/vieassociative.be\/actualites\/wp-json\/wp\/v2\/media\/13173"}],"wp:attachment":[{"href":"https:\/\/vieassociative.be\/actualites\/wp-json\/wp\/v2\/media?parent=13172"}],"wp:term":[{"taxonomy":"category","embeddable":true,"href":"https:\/\/vieassociative.be\/actualites\/wp-json\/wp\/v2\/categories?post=13172"},{"taxonomy":"post_tag","embeddable":true,"href":"https:\/\/vieassociative.be\/actualites\/wp-json\/wp\/v2\/tags?post=13172"}],"curies":[{"name":"wp","href":"https:\/\/api.w.org\/{rel}","templated":true}]}}