{"id":13170,"date":"2026-03-24T22:17:27","date_gmt":"2026-03-24T21:17:27","guid":{"rendered":"https:\/\/vieassociative.be\/actualites\/johan-cruyff-est-decede-il-y-a-10-ans-le-neerlandais-est-lun-des-plus-grands-footballeurs-de-tous-les-temps\/"},"modified":"2026-03-24T22:17:27","modified_gmt":"2026-03-24T21:17:27","slug":"johan-cruyff-est-decede-il-y-a-10-ans-le-neerlandais-est-lun-des-plus-grands-footballeurs-de-tous-les-temps","status":"publish","type":"post","link":"https:\/\/vieassociative.be\/actualites\/johan-cruyff-est-decede-il-y-a-10-ans-le-neerlandais-est-lun-des-plus-grands-footballeurs-de-tous-les-temps\/","title":{"rendered":"Johan Cruyff est d\u00e9c\u00e9d\u00e9 il y a 10 ans &#8211; le N\u00e9erlandais est l&rsquo;un des plus grands footballeurs de tous les temps"},"content":{"rendered":"<p><strong>Il y a dix ans \u2013 le 24 mars 2016 \u2013 le monde du football perdait l&rsquo;une de ses plus grandes ic\u00f4nes : Johan Cruyff. L&rsquo;influence du N\u00e9erlandais se fait encore sentir aujourd&rsquo;hui, dans la mani\u00e8re dont le football est pens\u00e9, jou\u00e9 et compris.<\/strong><\/p>\n<p><span id=\"more-437942\"><\/span>N\u00e9 \u00e0 Amsterdam en 1947, Cruyff \u00e9tait bien plus qu&rsquo;un simple joueur d&rsquo;exception. C&rsquo;\u00e9tait un visionnaire, un rebelle de la simplicit\u00e9. \u00ab Le football est simple, mais il est difficile de jouer un football simple \u00bb, a-t-il dit un jour, r\u00e9sumant ainsi toute sa philosophie.<\/p>\n<p>Sa carri\u00e8re a d\u00e9but\u00e9 \u00e0 l&rsquo;Ajax Amsterdam, o\u00f9 il est devenu la figure centrale de l&rsquo;une des \u00e9quipes les plus titr\u00e9es d&rsquo;Europe. Trois Coupes d&rsquo;Europe cons\u00e9cutives (1971-1973), de nombreux titres nationaux et trois Ballons d&rsquo;Or en font tr\u00e8s t\u00f4t une l\u00e9gende.<\/p>\n<div id=\"attachment_97610\" class=\"wp-caption alignleft\" style=\"max-width: 300px\"><img fetchpriority=\"high\" decoding=\"async\" class=\"wp-image-97610 size-medium\" src=\"https:\/\/vieassociative.be\/actualites\/wp-content\/uploads\/2026\/03\/Johan-Cruyff-est-decede-il-y-a-10-ans.jpeg\" alt=\"\" width=\"300\" height=\"200\"  ><\/div>\n<p>En 1973, il rejoint le FC Barcelone \u2013 un transfert qui entre dans l\u2019histoire. En tant que joueur, il a men\u00e9 les Catalans au championnat tant attendu en 1974, puis en tant qu&rsquo;entra\u00eeneur, il a form\u00e9 la c\u00e9l\u00e8bre \u00ab Dream Team \u00bb qui a remport\u00e9 la couronne europ\u00e9enne de football en 1992. Ses id\u00e9es \u2013 possession du ballon, contr\u00f4le spatial, intelligence du jeu \u2013 fa\u00e7onnent encore aujourd&rsquo;hui le club.<\/p>\n<p>Cruyff a \u00e9galement impressionn\u00e9 sur la plus grande sc\u00e8ne : lors de la Coupe du Monde de la FIFA 1974, il a men\u00e9 les Pays-Bas jusqu&rsquo;en finale et est devenu le visage du \u00ab Football total \u00bb. Le titre ne s&rsquo;est pas concr\u00e9tis\u00e9, mais son influence a \u00e9t\u00e9 plus grande que n&rsquo;importe quel troph\u00e9e. \u00ab\u00a0La qualit\u00e9 sans r\u00e9sultats n&rsquo;a aucun sens. Les r\u00e9sultats sans qualit\u00e9 sont ennuyeux.\u00a0\u00bb<\/p>\n<p>Puis en octobre 2015 le diagnostic : cancer du poumon. Cruyff, qui \u00e9tait un gros fumeur depuis des d\u00e9cennies, a \u00e9galement relev\u00e9 ce d\u00e9fi avec sa clart\u00e9 et son calme typiques. En attendant, il s&rsquo;est montr\u00e9 optimiste \u2013 comme s&rsquo;il pouvait \u00e9galement contr\u00f4ler ce jeu. Mais le 24 mars 2016, il perd son dernier combat. Il est d\u00e9c\u00e9d\u00e9 \u00e0 l&rsquo;\u00e2ge de 68 ans \u00e0 Barcelone, entour\u00e9 de sa famille.<\/p>\n<p>Dix ans apr\u00e8s sa mort, Johan Cruyff reste dans les m\u00e9moires. Pas seulement comme l\u2019un des plus grands joueurs de tous les temps, mais aussi comme quelqu\u2019un qui a donn\u00e9 une \u00e2me au football. (cr\u00e9er)<\/p>\n","protected":false},"excerpt":{"rendered":"<p>Il y a dix ans \u2013 le 24 mars 2016 \u2013 le monde du football perdait l&rsquo;une de ses plus grandes ic\u00f4nes : Johan Cruyff.<\/p>\n","protected":false},"author":1,"featured_media":13171,"comment_status":"","ping_status":"","sticky":false,"template":"","format":"standard","meta":{"footnotes":""},"categories":[298],"tags":[584,10329,1223,29,76,10330,1098,7786,14,247,6091,790,546],"class_list":["post-13170","post","type-post","status-publish","format-standard","has-post-thumbnail","hentry","category-belgique","tag-ans","tag-cruyff","tag-decede","tag-des","tag-est","tag-footballeurs","tag-grands","tag-johan","tag-les","tag-lun","tag-neerlandais","tag-temps","tag-tous","generate-columns","tablet-grid-50","mobile-grid-100","grid-parent","grid-33"],"yoast_head":"<!-- This site is optimized with the Yoast SEO plugin v24.0 - https:\/\/yoast.com\/wordpress\/plugins\/seo\/ -->\n<title>Johan Cruyff est d\u00e9c\u00e9d\u00e9 il y a 10 ans - le N\u00e9erlandais est l&#039;un des plus grands footballeurs de tous les temps | Vie Associative<\/title>\n<meta name=\"robots\" content=\"index, follow, max-snippet:-1, max-image-preview:large, max-video-preview:-1\" \/>\n<link rel=\"canonical\" href=\"https:\/\/vieassociative.be\/actualites\/johan-cruyff-est-decede-il-y-a-10-ans-le-neerlandais-est-lun-des-plus-grands-footballeurs-de-tous-les-temps\/\" \/>\n<meta property=\"og:locale\" content=\"fr_FR\" \/>\n<meta property=\"og:type\" content=\"article\" \/>\n<meta property=\"og:title\" content=\"Johan Cruyff est d\u00e9c\u00e9d\u00e9 il y a 10 ans - le N\u00e9erlandais est l&#039;un des plus grands footballeurs de tous les temps | Vie Associative\" \/>\n<meta property=\"og:description\" content=\"Il y a dix ans \u2013 le 24 mars 2016 \u2013 le monde du football perdait l&rsquo;une de ses plus grandes ic\u00f4nes : Johan Cruyff.\" \/>\n<meta property=\"og:url\" content=\"https:\/\/vieassociative.be\/actualites\/johan-cruyff-est-decede-il-y-a-10-ans-le-neerlandais-est-lun-des-plus-grands-footballeurs-de-tous-les-temps\/\" \/>\n<meta property=\"og:site_name\" content=\"Vie Associative\" \/>\n<meta property=\"article:published_time\" content=\"2026-03-24T21:17:27+00:00\" \/>\n<meta property=\"og:image\" content=\"https:\/\/vieassociative.be\/actualites\/wp-content\/uploads\/2024\/09\/header_backgroundk-01-e1726694325946.png\" \/>\n\t<meta property=\"og:image:width\" content=\"279\" \/>\n\t<meta property=\"og:image:height\" content=\"92\" \/>\n\t<meta property=\"og:image:type\" content=\"image\/png\" \/>\n<meta name=\"author\" content=\"Julien\" \/>\n<meta name=\"twitter:card\" content=\"summary_large_image\" \/>\n<meta name=\"twitter:label1\" content=\"\u00c9crit par\" \/>\n\t<meta name=\"twitter:data1\" content=\"Julien\" \/>\n\t<meta name=\"twitter:label2\" content=\"Dur\u00e9e de lecture est.\" \/>\n\t<meta name=\"twitter:data2\" content=\"2 minutes\" \/>\n<script type=\"application\/ld+json\" class=\"yoast-schema-graph\">{\"@context\":\"https:\/\/schema.org\",\"@graph\":[{\"@type\":\"Article\",\"@id\":\"https:\/\/vieassociative.be\/actualites\/johan-cruyff-est-decede-il-y-a-10-ans-le-neerlandais-est-lun-des-plus-grands-footballeurs-de-tous-les-temps\/#article\",\"isPartOf\":{\"@id\":\"https:\/\/vieassociative.be\/actualites\/johan-cruyff-est-decede-il-y-a-10-ans-le-neerlandais-est-lun-des-plus-grands-footballeurs-de-tous-les-temps\/\"},\"author\":{\"name\":\"Julien\",\"@id\":\"https:\/\/vieassociative.be\/actualites\/#\/schema\/person\/b87ac4f82f9d4e7b7cec7395b679edc4\"},\"headline\":\"Johan Cruyff est d\u00e9c\u00e9d\u00e9 il y a 10 ans &#8211; le N\u00e9erlandais est l&rsquo;un des plus grands footballeurs de tous les temps\",\"datePublished\":\"2026-03-24T21:17:27+00:00\",\"dateModified\":\"2026-03-24T21:17:27+00:00\",\"mainEntityOfPage\":{\"@id\":\"https:\/\/vieassociative.be\/actualites\/johan-cruyff-est-decede-il-y-a-10-ans-le-neerlandais-est-lun-des-plus-grands-footballeurs-de-tous-les-temps\/\"},\"wordCount\":419,\"publisher\":{\"@id\":\"https:\/\/vieassociative.be\/actualites\/#organization\"},\"image\":{\"@id\":\"https:\/\/vieassociative.be\/actualites\/johan-cruyff-est-decede-il-y-a-10-ans-le-neerlandais-est-lun-des-plus-grands-footballeurs-de-tous-les-temps\/#primaryimage\"},\"thumbnailUrl\":\"https:\/\/vieassociative.be\/actualites\/wp-content\/uploads\/2026\/03\/1774387048_Johan-Cruyff-est-decede-il-y-a-10-ans.jpeg\",\"keywords\":[\"ans\",\"Cruyff\",\"d\u00e9c\u00e9d\u00e9\",\"Des\",\"est\",\"footballeurs\",\"grands\",\"Johan\",\"Les\",\"lun\",\"n\u00e9erlandais\",\"temps\",\"tous\"],\"articleSection\":[\"Belgique\"],\"inLanguage\":\"fr-BE\"},{\"@type\":\"WebPage\",\"@id\":\"https:\/\/vieassociative.be\/actualites\/johan-cruyff-est-decede-il-y-a-10-ans-le-neerlandais-est-lun-des-plus-grands-footballeurs-de-tous-les-temps\/\",\"url\":\"https:\/\/vieassociative.be\/actualites\/johan-cruyff-est-decede-il-y-a-10-ans-le-neerlandais-est-lun-des-plus-grands-footballeurs-de-tous-les-temps\/\",\"name\":\"Johan Cruyff est d\u00e9c\u00e9d\u00e9 il y a 10 ans - le N\u00e9erlandais est l'un des plus grands footballeurs de tous les temps | Vie Associative\",\"isPartOf\":{\"@id\":\"https:\/\/vieassociative.be\/actualites\/#website\"},\"primaryImageOfPage\":{\"@id\":\"https:\/\/vieassociative.be\/actualites\/johan-cruyff-est-decede-il-y-a-10-ans-le-neerlandais-est-lun-des-plus-grands-footballeurs-de-tous-les-temps\/#primaryimage\"},\"image\":{\"@id\":\"https:\/\/vieassociative.be\/actualites\/johan-cruyff-est-decede-il-y-a-10-ans-le-neerlandais-est-lun-des-plus-grands-footballeurs-de-tous-les-temps\/#primaryimage\"},\"thumbnailUrl\":\"https:\/\/vieassociative.be\/actualites\/wp-content\/uploads\/2026\/03\/1774387048_Johan-Cruyff-est-decede-il-y-a-10-ans.jpeg\",\"datePublished\":\"2026-03-24T21:17:27+00:00\",\"dateModified\":\"2026-03-24T21:17:27+00:00\",\"breadcrumb\":{\"@id\":\"https:\/\/vieassociative.be\/actualites\/johan-cruyff-est-decede-il-y-a-10-ans-le-neerlandais-est-lun-des-plus-grands-footballeurs-de-tous-les-temps\/#breadcrumb\"},\"inLanguage\":\"fr-BE\",\"potentialAction\":[{\"@type\":\"ReadAction\",\"target\":[\"https:\/\/vieassociative.be\/actualites\/johan-cruyff-est-decede-il-y-a-10-ans-le-neerlandais-est-lun-des-plus-grands-footballeurs-de-tous-les-temps\/\"]}]},{\"@type\":\"ImageObject\",\"inLanguage\":\"fr-BE\",\"@id\":\"https:\/\/vieassociative.be\/actualites\/johan-cruyff-est-decede-il-y-a-10-ans-le-neerlandais-est-lun-des-plus-grands-footballeurs-de-tous-les-temps\/#primaryimage\",\"url\":\"https:\/\/vieassociative.be\/actualites\/wp-content\/uploads\/2026\/03\/1774387048_Johan-Cruyff-est-decede-il-y-a-10-ans.jpeg\",\"contentUrl\":\"https:\/\/vieassociative.be\/actualites\/wp-content\/uploads\/2026\/03\/1774387048_Johan-Cruyff-est-decede-il-y-a-10-ans.jpeg\",\"width\":1200,\"height\":807,\"caption\":\"Johan Cruyff est d\u00e9c\u00e9d\u00e9 il y a 10 ans - le N\u00e9erlandais est l'un des plus grands footballeurs de tous les temps\"},{\"@type\":\"BreadcrumbList\",\"@id\":\"https:\/\/vieassociative.be\/actualites\/johan-cruyff-est-decede-il-y-a-10-ans-le-neerlandais-est-lun-des-plus-grands-footballeurs-de-tous-les-temps\/#breadcrumb\",\"itemListElement\":[{\"@type\":\"ListItem\",\"position\":1,\"name\":\"Accueil\",\"item\":\"https:\/\/vieassociative.be\/actualites\/\"},{\"@type\":\"ListItem\",\"position\":2,\"name\":\"Johan Cruyff est d\u00e9c\u00e9d\u00e9 il y a 10 ans &#8211; le N\u00e9erlandais est l&rsquo;un des plus grands footballeurs de tous les temps\"}]},{\"@type\":\"WebSite\",\"@id\":\"https:\/\/vieassociative.be\/actualites\/#website\",\"url\":\"https:\/\/vieassociative.be\/actualites\/\",\"name\":\"Vie Associative\",\"description\":\"\",\"publisher\":{\"@id\":\"https:\/\/vieassociative.be\/actualites\/#organization\"},\"potentialAction\":[{\"@type\":\"SearchAction\",\"target\":{\"@type\":\"EntryPoint\",\"urlTemplate\":\"https:\/\/vieassociative.be\/actualites\/?s={search_term_string}\"},\"query-input\":{\"@type\":\"PropertyValueSpecification\",\"valueRequired\":true,\"valueName\":\"search_term_string\"}}],\"inLanguage\":\"fr-BE\"},{\"@type\":\"Organization\",\"@id\":\"https:\/\/vieassociative.be\/actualites\/#organization\",\"name\":\"Vie Associative\",\"url\":\"https:\/\/vieassociative.be\/actualites\/\",\"logo\":{\"@type\":\"ImageObject\",\"inLanguage\":\"fr-BE\",\"@id\":\"https:\/\/vieassociative.be\/actualites\/#\/schema\/logo\/image\/\",\"url\":\"https:\/\/vieassociative.be\/actualites\/wp-content\/uploads\/2024\/09\/cropped-vieassociative_favicon.ico.png\",\"contentUrl\":\"https:\/\/vieassociative.be\/actualites\/wp-content\/uploads\/2024\/09\/cropped-vieassociative_favicon.ico.png\",\"width\":512,\"height\":512,\"caption\":\"Vie Associative\"},\"image\":{\"@id\":\"https:\/\/vieassociative.be\/actualites\/#\/schema\/logo\/image\/\"}},{\"@type\":\"Person\",\"@id\":\"https:\/\/vieassociative.be\/actualites\/#\/schema\/person\/b87ac4f82f9d4e7b7cec7395b679edc4\",\"name\":\"Julien\",\"image\":{\"@type\":\"ImageObject\",\"inLanguage\":\"fr-BE\",\"@id\":\"https:\/\/vieassociative.be\/actualites\/#\/schema\/person\/image\/\",\"url\":\"https:\/\/vieassociative.be\/actualites\/wp-content\/uploads\/2024\/09\/vie-associative-1-150x150.jpg\",\"contentUrl\":\"https:\/\/vieassociative.be\/actualites\/wp-content\/uploads\/2024\/09\/vie-associative-1-150x150.jpg\",\"caption\":\"Julien\"},\"description\":\"Je suis Julien, r\u00e9dacteur pour Vie Associative. Passionn\u00e9 par le monde associatif depuis plus de 10 ans, j'ai \u00e0 c\u0153ur de partager des histoires inspirantes et de mettre en lumi\u00e8re les initiatives locales. Mon objectif est de sensibiliser et d'encourager l'engagement communautaire \u00e0 travers mes articles.\",\"sameAs\":[\"https:\/\/vieassociative.be\/\"]}]}<\/script>\n<!-- \/ Yoast SEO plugin. -->","yoast_head_json":{"title":"Johan Cruyff est d\u00e9c\u00e9d\u00e9 il y a 10 ans - le N\u00e9erlandais est l'un des plus grands footballeurs de tous les temps | Vie Associative","robots":{"index":"index","follow":"follow","max-snippet":"max-snippet:-1","max-image-preview":"max-image-preview:large","max-video-preview":"max-video-preview:-1"},"canonical":"https:\/\/vieassociative.be\/actualites\/johan-cruyff-est-decede-il-y-a-10-ans-le-neerlandais-est-lun-des-plus-grands-footballeurs-de-tous-les-temps\/","og_locale":"fr_FR","og_type":"article","og_title":"Johan Cruyff est d\u00e9c\u00e9d\u00e9 il y a 10 ans - le N\u00e9erlandais est l'un des plus grands footballeurs de tous les temps | Vie Associative","og_description":"Il y a dix ans \u2013 le 24 mars 2016 \u2013 le monde du football perdait l&rsquo;une de ses plus grandes ic\u00f4nes : Johan Cruyff.","og_url":"https:\/\/vieassociative.be\/actualites\/johan-cruyff-est-decede-il-y-a-10-ans-le-neerlandais-est-lun-des-plus-grands-footballeurs-de-tous-les-temps\/","og_site_name":"Vie Associative","article_published_time":"2026-03-24T21:17:27+00:00","og_image":[{"width":279,"height":92,"url":"https:\/\/vieassociative.be\/actualites\/wp-content\/uploads\/2024\/09\/header_backgroundk-01-e1726694325946.png","type":"image\/png"}],"author":"Julien","twitter_card":"summary_large_image","twitter_misc":{"\u00c9crit par":"Julien","Dur\u00e9e de lecture est.":"2 minutes"},"schema":{"@context":"https:\/\/schema.org","@graph":[{"@type":"Article","@id":"https:\/\/vieassociative.be\/actualites\/johan-cruyff-est-decede-il-y-a-10-ans-le-neerlandais-est-lun-des-plus-grands-footballeurs-de-tous-les-temps\/#article","isPartOf":{"@id":"https:\/\/vieassociative.be\/actualites\/johan-cruyff-est-decede-il-y-a-10-ans-le-neerlandais-est-lun-des-plus-grands-footballeurs-de-tous-les-temps\/"},"author":{"name":"Julien","@id":"https:\/\/vieassociative.be\/actualites\/#\/schema\/person\/b87ac4f82f9d4e7b7cec7395b679edc4"},"headline":"Johan Cruyff est d\u00e9c\u00e9d\u00e9 il y a 10 ans &#8211; le N\u00e9erlandais est l&rsquo;un des plus grands footballeurs de tous les temps","datePublished":"2026-03-24T21:17:27+00:00","dateModified":"2026-03-24T21:17:27+00:00","mainEntityOfPage":{"@id":"https:\/\/vieassociative.be\/actualites\/johan-cruyff-est-decede-il-y-a-10-ans-le-neerlandais-est-lun-des-plus-grands-footballeurs-de-tous-les-temps\/"},"wordCount":419,"publisher":{"@id":"https:\/\/vieassociative.be\/actualites\/#organization"},"image":{"@id":"https:\/\/vieassociative.be\/actualites\/johan-cruyff-est-decede-il-y-a-10-ans-le-neerlandais-est-lun-des-plus-grands-footballeurs-de-tous-les-temps\/#primaryimage"},"thumbnailUrl":"https:\/\/vieassociative.be\/actualites\/wp-content\/uploads\/2026\/03\/1774387048_Johan-Cruyff-est-decede-il-y-a-10-ans.jpeg","keywords":["ans","Cruyff","d\u00e9c\u00e9d\u00e9","Des","est","footballeurs","grands","Johan","Les","lun","n\u00e9erlandais","temps","tous"],"articleSection":["Belgique"],"inLanguage":"fr-BE"},{"@type":"WebPage","@id":"https:\/\/vieassociative.be\/actualites\/johan-cruyff-est-decede-il-y-a-10-ans-le-neerlandais-est-lun-des-plus-grands-footballeurs-de-tous-les-temps\/","url":"https:\/\/vieassociative.be\/actualites\/johan-cruyff-est-decede-il-y-a-10-ans-le-neerlandais-est-lun-des-plus-grands-footballeurs-de-tous-les-temps\/","name":"Johan Cruyff est d\u00e9c\u00e9d\u00e9 il y a 10 ans - le N\u00e9erlandais est l'un des plus grands footballeurs de tous les temps | Vie Associative","isPartOf":{"@id":"https:\/\/vieassociative.be\/actualites\/#website"},"primaryImageOfPage":{"@id":"https:\/\/vieassociative.be\/actualites\/johan-cruyff-est-decede-il-y-a-10-ans-le-neerlandais-est-lun-des-plus-grands-footballeurs-de-tous-les-temps\/#primaryimage"},"image":{"@id":"https:\/\/vieassociative.be\/actualites\/johan-cruyff-est-decede-il-y-a-10-ans-le-neerlandais-est-lun-des-plus-grands-footballeurs-de-tous-les-temps\/#primaryimage"},"thumbnailUrl":"https:\/\/vieassociative.be\/actualites\/wp-content\/uploads\/2026\/03\/1774387048_Johan-Cruyff-est-decede-il-y-a-10-ans.jpeg","datePublished":"2026-03-24T21:17:27+00:00","dateModified":"2026-03-24T21:17:27+00:00","breadcrumb":{"@id":"https:\/\/vieassociative.be\/actualites\/johan-cruyff-est-decede-il-y-a-10-ans-le-neerlandais-est-lun-des-plus-grands-footballeurs-de-tous-les-temps\/#breadcrumb"},"inLanguage":"fr-BE","potentialAction":[{"@type":"ReadAction","target":["https:\/\/vieassociative.be\/actualites\/johan-cruyff-est-decede-il-y-a-10-ans-le-neerlandais-est-lun-des-plus-grands-footballeurs-de-tous-les-temps\/"]}]},{"@type":"ImageObject","inLanguage":"fr-BE","@id":"https:\/\/vieassociative.be\/actualites\/johan-cruyff-est-decede-il-y-a-10-ans-le-neerlandais-est-lun-des-plus-grands-footballeurs-de-tous-les-temps\/#primaryimage","url":"https:\/\/vieassociative.be\/actualites\/wp-content\/uploads\/2026\/03\/1774387048_Johan-Cruyff-est-decede-il-y-a-10-ans.jpeg","contentUrl":"https:\/\/vieassociative.be\/actualites\/wp-content\/uploads\/2026\/03\/1774387048_Johan-Cruyff-est-decede-il-y-a-10-ans.jpeg","width":1200,"height":807,"caption":"Johan Cruyff est d\u00e9c\u00e9d\u00e9 il y a 10 ans - le N\u00e9erlandais est l'un des plus grands footballeurs de tous les temps"},{"@type":"BreadcrumbList","@id":"https:\/\/vieassociative.be\/actualites\/johan-cruyff-est-decede-il-y-a-10-ans-le-neerlandais-est-lun-des-plus-grands-footballeurs-de-tous-les-temps\/#breadcrumb","itemListElement":[{"@type":"ListItem","position":1,"name":"Accueil","item":"https:\/\/vieassociative.be\/actualites\/"},{"@type":"ListItem","position":2,"name":"Johan Cruyff est d\u00e9c\u00e9d\u00e9 il y a 10 ans &#8211; le N\u00e9erlandais est l&rsquo;un des plus grands footballeurs de tous les temps"}]},{"@type":"WebSite","@id":"https:\/\/vieassociative.be\/actualites\/#website","url":"https:\/\/vieassociative.be\/actualites\/","name":"Vie Associative","description":"","publisher":{"@id":"https:\/\/vieassociative.be\/actualites\/#organization"},"potentialAction":[{"@type":"SearchAction","target":{"@type":"EntryPoint","urlTemplate":"https:\/\/vieassociative.be\/actualites\/?s={search_term_string}"},"query-input":{"@type":"PropertyValueSpecification","valueRequired":true,"valueName":"search_term_string"}}],"inLanguage":"fr-BE"},{"@type":"Organization","@id":"https:\/\/vieassociative.be\/actualites\/#organization","name":"Vie Associative","url":"https:\/\/vieassociative.be\/actualites\/","logo":{"@type":"ImageObject","inLanguage":"fr-BE","@id":"https:\/\/vieassociative.be\/actualites\/#\/schema\/logo\/image\/","url":"https:\/\/vieassociative.be\/actualites\/wp-content\/uploads\/2024\/09\/cropped-vieassociative_favicon.ico.png","contentUrl":"https:\/\/vieassociative.be\/actualites\/wp-content\/uploads\/2024\/09\/cropped-vieassociative_favicon.ico.png","width":512,"height":512,"caption":"Vie Associative"},"image":{"@id":"https:\/\/vieassociative.be\/actualites\/#\/schema\/logo\/image\/"}},{"@type":"Person","@id":"https:\/\/vieassociative.be\/actualites\/#\/schema\/person\/b87ac4f82f9d4e7b7cec7395b679edc4","name":"Julien","image":{"@type":"ImageObject","inLanguage":"fr-BE","@id":"https:\/\/vieassociative.be\/actualites\/#\/schema\/person\/image\/","url":"https:\/\/vieassociative.be\/actualites\/wp-content\/uploads\/2024\/09\/vie-associative-1-150x150.jpg","contentUrl":"https:\/\/vieassociative.be\/actualites\/wp-content\/uploads\/2024\/09\/vie-associative-1-150x150.jpg","caption":"Julien"},"description":"Je suis Julien, r\u00e9dacteur pour Vie Associative. Passionn\u00e9 par le monde associatif depuis plus de 10 ans, j'ai \u00e0 c\u0153ur de partager des histoires inspirantes et de mettre en lumi\u00e8re les initiatives locales. Mon objectif est de sensibiliser et d'encourager l'engagement communautaire \u00e0 travers mes articles.","sameAs":["https:\/\/vieassociative.be\/"]}]}},"_links":{"self":[{"href":"https:\/\/vieassociative.be\/actualites\/wp-json\/wp\/v2\/posts\/13170"}],"collection":[{"href":"https:\/\/vieassociative.be\/actualites\/wp-json\/wp\/v2\/posts"}],"about":[{"href":"https:\/\/vieassociative.be\/actualites\/wp-json\/wp\/v2\/types\/post"}],"author":[{"embeddable":true,"href":"https:\/\/vieassociative.be\/actualites\/wp-json\/wp\/v2\/users\/1"}],"replies":[{"embeddable":true,"href":"https:\/\/vieassociative.be\/actualites\/wp-json\/wp\/v2\/comments?post=13170"}],"version-history":[{"count":0,"href":"https:\/\/vieassociative.be\/actualites\/wp-json\/wp\/v2\/posts\/13170\/revisions"}],"wp:featuredmedia":[{"embeddable":true,"href":"https:\/\/vieassociative.be\/actualites\/wp-json\/wp\/v2\/media\/13171"}],"wp:attachment":[{"href":"https:\/\/vieassociative.be\/actualites\/wp-json\/wp\/v2\/media?parent=13170"}],"wp:term":[{"taxonomy":"category","embeddable":true,"href":"https:\/\/vieassociative.be\/actualites\/wp-json\/wp\/v2\/categories?post=13170"},{"taxonomy":"post_tag","embeddable":true,"href":"https:\/\/vieassociative.be\/actualites\/wp-json\/wp\/v2\/tags?post=13170"}],"curies":[{"name":"wp","href":"https:\/\/api.w.org\/{rel}","templated":true}]}}