{"id":1317,"date":"2024-10-17T07:20:08","date_gmt":"2024-10-17T05:20:08","guid":{"rendered":"https:\/\/vieassociative.be\/actualites\/preparez-votre-chien-a-une-separation-prolongee\/"},"modified":"2024-10-17T07:20:08","modified_gmt":"2024-10-17T05:20:08","slug":"preparez-votre-chien-a-une-separation-prolongee","status":"publish","type":"post","link":"https:\/\/vieassociative.be\/actualites\/preparez-votre-chien-a-une-separation-prolongee\/","title":{"rendered":"Pr\u00e9parez votre chien \u00e0 une s\u00e9paration prolong\u00e9e"},"content":{"rendered":"<div class=\"mt-4 leading-6 md:mb-8\">Les chiens ne savent pas ce qu&rsquo;est un voyage d&rsquo;affaires, mais ils savent qu&rsquo;il est stressant de se retrouver seul.<\/div>\n<p><\/p>\n<p>Un week-end ou un voyage de travail prolong\u00e9 peut \u00eatre une pause amusante dans votre vie quotidienne, mais pendant votre absence, vos responsabilit\u00e9s vous attendent toujours \u00e0 la maison. Si ces responsabilit\u00e9s incluent un chien, vous devez planifier \u00e0 l&rsquo;avance pour que votre animal soit heureux, en bonne sant\u00e9, occup\u00e9 et nourri pendant votre absence.<\/p>\n<p>Voici comment pr\u00e9parer votre chien \u00e0 une s\u00e9paration prolong\u00e9e d&rsquo;avec vous.<\/p>\n<h2 id=\"figure-out-where-your-dog-will-stay\"><strong>D\u00e9terminez o\u00f9 votre chien restera<\/strong><\/h2>\n<p>\u00c0 moins d&rsquo;avoir une mangeoire automatique, une porte pour chien, un chien parfaitement dress\u00e9 et un tr\u00e8s court voyage pr\u00e9vu, <em>quelqu&rsquo;un <\/em>vous devrez vous assurer que votre chien est nourri et qu&rsquo;il peut sortir pour aller aux toilettes. Vous avez des options. Vous pouvez par exemple placer votre b\u00e9b\u00e9 \u00e0 fourrure dans un chenil, mais de nombreux chiens trouvent les chenils stressants. Si c\u2019est votre meilleur choix, emportez avec eux leurs jouets pr\u00e9f\u00e9r\u00e9s et leur couverture sp\u00e9ciale pour qu\u2019ils aient quelques rappels de la maison. <\/p>\n<p>Si votre voyage est court, pensez \u00e0 faire appel \u00e0 un gardien \u00e0 domicile. Pour votre tranquillit\u00e9 d&rsquo;esprit et le confort de votre chien, il sera pr\u00e9f\u00e9rable d&rsquo;essayer d&rsquo;abord quelqu&rsquo;un que vous connaissez tous les deux. Un ami ou un membre de la famille ne sera g\u00e9n\u00e9ralement pas trop g\u00ean\u00e9 \u00e0 l&rsquo;id\u00e9e de passer chez vous pour jouer avec votre chiot tous les jours. (Mais proposez quand m\u00eame de payer : chien mignon ou pas de chien mignon, c&rsquo;est compliqu\u00e9 de se rendre chez quelqu&rsquo;un tous les jours, et vous devriez le r\u00e9mun\u00e9rer pour son temps et son travail.)<\/p>\n<p>M\u00eame avec de l\u2019argent sur la table, il n\u2019est peut-\u00eatre pas possible de convaincre quelqu\u2019un que vous connaissez de garder son chien. Heureusement, de nombreuses applications et entreprises proposent pr\u00e9cis\u00e9ment ce service. Des services comme Wag, Rover et PetBacker peuvent vous aider \u00e0 trouver des compagnons appropri\u00e9s pour votre chien.<\/p>\n<p>Vous pouvez installer quelques cam\u00e9ras de s\u00e9curit\u00e9 ou moniteurs pour animaux de compagnie bon march\u00e9 pour garder un \u0153il sur les choses lorsque personne n&rsquo;est pr\u00e9sent ou dans le cas o\u00f9 vous devez embaucher un \u00e9tranger pour entrer dans votre maison. Par exemple, deux cam\u00e9ras Blink qui envoient un flux \u00e0 votre t\u00e9l\u00e9phone vous co\u00fbteront 64,99 $, plus les frais d&rsquo;abonnement. (Vous devriez parler des cam\u00e9ras \u00e0 tous les gardiens de chiens potentiels, afin qu&rsquo;ils sachent que vous les surveillerez.)<\/p>\n<hr>\n<h2 id=\"buy-supplies-ahead-of-time\"><strong>Achetez des fournitures \u00e0 l\u2019avance<\/strong><\/h2>\n<p>Peu importe qui sera avec votre chien, assurez-vous que cette personne a acc\u00e8s \u00e0 suffisamment de nourriture, de friandises, de jouets, de m\u00e9dicaments et de tout ce dont votre ami sp\u00e9cial a besoin. Renseignez-vous aupr\u00e8s de votre v\u00e9t\u00e9rinaire pour tout ce dont votre chien pourrait avoir besoin pendant la dur\u00e9e de votre voyage, y compris les m\u00e9dicaments contre l&rsquo;anxi\u00e9t\u00e9. Faites \u00e9galement le plein de leur nourriture pr\u00e9f\u00e9r\u00e9e.<\/p>\n<hr>\n<h2>Ce dont vous avez besoin pour garder votre chiot heureux pendant votre absence\u00a0:<\/h2>\n<ul>\n<li>\n<p>Un paquet de deux mangeoires par gravit\u00e9 (29,99 $) pour \u00eatre s\u00fbr qu&rsquo;il y a suffisamment de nourriture et d&rsquo;eau disponibles.<\/p>\n<\/li>\n<li>\n<p>Une mangeoire intelligente que vous contr\u00f4lez depuis votre t\u00e9l\u00e9phone, si votre chien voulait simplement manger toute la nourriture en une seule fois (49,99 $).<\/p>\n<\/li>\n<li>\n<p>Cam\u00e9ras de s\u00e9curit\u00e9 pour garder un \u0153il sur les choses (64,99 $).<\/p>\n<\/li>\n<li>\n<p>Un jouet \u00e0 ventouse (15,99 $) que votre chiot ne peut pas d\u00e9placer d&rsquo;une pi\u00e8ce \u00e0 l&rsquo;autre si vous ne voulez pas que votre animal joue avec des jouets qui pourraient pr\u00e9senter un risque d&rsquo;\u00e9touffement (ou si vous souhaitez maximiser le temps qu&rsquo;il passe dans la zone les caches de la cam\u00e9ra).<\/p>\n<\/li>\n<\/ul>\n<hr>\n<h2 id=\"make-a-must-know-document\"><strong>Faire un document incontournable<\/strong><\/h2>\n<p>Cr\u00e9ez un document d\u00e9taill\u00e9 sur votre animal, ses besoins, ses go\u00fbts, ses aversions et sa routine quotidienne. Ne rien laisser de c\u00f4t\u00e9. Voici ce que vous devez inclure\u00a0:<\/p>\n<ul>\n<li>\n<p>Quelle marque de nourriture votre chien mange<\/p>\n<\/li>\n<li>\n<p>\u00c0 quelle fr\u00e9quence ils mangent<\/p>\n<\/li>\n<li>\n<p>Combien ils mangent \u00e0 chaque repas<\/p>\n<\/li>\n<li>\n<p>O\u00f9 se trouve leur nourriture<\/p>\n<\/li>\n<li>\n<p>O\u00f9 se trouve leur plat<\/p>\n<\/li>\n<li>\n<p>\u00c0 quels moments de la journ\u00e9e ils doivent g\u00e9n\u00e9ralement pouvoir sortir pour aller aux toilettes<\/p>\n<\/li>\n<li>\n<p>O\u00f9 se trouvent les produits de nettoyage en cas d&rsquo;accident<\/p>\n<\/li>\n<li>\n<p>O\u00f9 se trouvent leur laisse, leurs sacs de ramassage et autres articles essentiels pour la marche<\/p>\n<\/li>\n<li>\n<p>Tous les probl\u00e8mes qui ont tendance \u00e0 survenir lors des promenades<\/p>\n<\/li>\n<li>\n<p>Toutes notes de personnalit\u00e9 <\/p>\n<\/li>\n<li>\n<p>Le nom et la localisation de leur v\u00e9t\u00e9rinaire<\/p>\n<\/li>\n<li>\n<p>Tout m\u00e9dicament que prend votre chien ou tout probl\u00e8me m\u00e9dical qu&rsquo;il a<\/p>\n<\/li>\n<li>\n<p>Le nom et l&#8217;emplacement d&rsquo;un contact en cas d&rsquo;urgence <\/p>\n<\/li>\n<li>\n<p>Vos coordonn\u00e9es<\/p>\n<\/li>\n<\/ul>\n<p>Une grande partie de ces informations peuvent et doivent \u00eatre mentionn\u00e9es en personne avant votre d\u00e9part, mais si cela n&rsquo;est pas possible pour une raison quelconque, assurez-vous que toutes les informations pertinentes sont pr\u00e9sent\u00e9es dans un document facilement accessible. Pendant votre absence, vous serez occup\u00e9 et ne pourrez peut-\u00eatre pas r\u00e9pondre rapidement aux SMS ou aux appels. Incluez toutes les informations possibles sur votre animal, puis soyez tranquille en sachant qu&rsquo;il y a une petite chance qu&rsquo;elles soient pertinentes. <\/p>\n<h2 id=\"spend-quality-time-with-your-dog-before-you-go\"><strong>Passez du temps de qualit\u00e9 avec votre chien avant de partir<\/strong><\/h2>\n<p>Vous n&rsquo;avez probablement pas besoin d&rsquo;\u00eatre convaincu de vous blottir contre votre chiot \u00e0 tout moment, mais veillez particuli\u00e8rement \u00e0 lui accorder plus d&rsquo;amour et d&rsquo;attention avant de partir. Vous allez manquer \u00e0 votre chien. Ils pourraient m\u00eame ne pas savoir pourquoi vous n&rsquo;\u00eates pas l\u00e0 et pourquoi un \u00e9tranger est l\u00e0 \u00e0 la place. Assurez-vous de renforcer \u00e0 quel point vous l&rsquo;aimez avant de partir, et une fois de retour, accordez-lui beaucoup d&rsquo;attention et frottez-lui \u00e0 nouveau le ventre.<\/p>\n<p>Quelques friandises suppl\u00e9mentaires pourraient \u00e9galement \u00eatre de mise \u00e0 votre retour \u00e0 la maison.<\/p>\n","protected":false},"excerpt":{"rendered":"<p>Les chiens ne savent pas ce qu&rsquo;est un voyage d&rsquo;affaires, mais ils savent qu&rsquo;il est stressant de se retrouver seul. Un week-end ou un voyage<\/p>\n","protected":false},"author":1,"featured_media":1318,"comment_status":"","ping_status":"","sticky":false,"template":"","format":"standard","meta":{"footnotes":""},"categories":[37],"tags":[91,755,1896,1895,110,8],"class_list":["post-1317","post","type-post","status-publish","format-standard","has-post-thumbnail","hentry","category-famille","tag-chien","tag-preparez","tag-prolongee","tag-separation","tag-une","tag-votre","generate-columns","tablet-grid-50","mobile-grid-100","grid-parent","grid-33"],"yoast_head":"<!-- This site is optimized with the Yoast SEO plugin v24.0 - https:\/\/yoast.com\/wordpress\/plugins\/seo\/ -->\n<title>Pr\u00e9parez votre chien \u00e0 une s\u00e9paration prolong\u00e9e | Vie Associative<\/title>\n<meta name=\"robots\" content=\"index, follow, max-snippet:-1, max-image-preview:large, max-video-preview:-1\" \/>\n<link rel=\"canonical\" href=\"https:\/\/vieassociative.be\/actualites\/preparez-votre-chien-a-une-separation-prolongee\/\" \/>\n<meta property=\"og:locale\" content=\"fr_FR\" \/>\n<meta property=\"og:type\" content=\"article\" \/>\n<meta property=\"og:title\" content=\"Pr\u00e9parez votre chien \u00e0 une s\u00e9paration prolong\u00e9e | Vie Associative\" \/>\n<meta property=\"og:description\" content=\"Les chiens ne savent pas ce qu&rsquo;est un voyage d&rsquo;affaires, mais ils savent qu&rsquo;il est stressant de se retrouver seul. Un week-end ou un voyage\" \/>\n<meta property=\"og:url\" content=\"https:\/\/vieassociative.be\/actualites\/preparez-votre-chien-a-une-separation-prolongee\/\" \/>\n<meta property=\"og:site_name\" content=\"Vie Associative\" \/>\n<meta property=\"article:published_time\" content=\"2024-10-17T05:20:08+00:00\" \/>\n<meta property=\"og:image\" content=\"https:\/\/vieassociative.be\/actualites\/wp-content\/uploads\/2024\/09\/header_backgroundk-01-e1726694325946.png\" \/>\n\t<meta property=\"og:image:width\" content=\"279\" \/>\n\t<meta property=\"og:image:height\" content=\"92\" \/>\n\t<meta property=\"og:image:type\" content=\"image\/png\" \/>\n<meta name=\"author\" content=\"Julien\" \/>\n<meta name=\"twitter:card\" content=\"summary_large_image\" \/>\n<meta name=\"twitter:label1\" content=\"\u00c9crit par\" \/>\n\t<meta name=\"twitter:data1\" content=\"Julien\" \/>\n\t<meta name=\"twitter:label2\" content=\"Dur\u00e9e de lecture est.\" \/>\n\t<meta name=\"twitter:data2\" content=\"5 minutes\" \/>\n<script type=\"application\/ld+json\" class=\"yoast-schema-graph\">{\"@context\":\"https:\/\/schema.org\",\"@graph\":[{\"@type\":\"Article\",\"@id\":\"https:\/\/vieassociative.be\/actualites\/preparez-votre-chien-a-une-separation-prolongee\/#article\",\"isPartOf\":{\"@id\":\"https:\/\/vieassociative.be\/actualites\/preparez-votre-chien-a-une-separation-prolongee\/\"},\"author\":{\"name\":\"Julien\",\"@id\":\"https:\/\/vieassociative.be\/actualites\/#\/schema\/person\/b87ac4f82f9d4e7b7cec7395b679edc4\"},\"headline\":\"Pr\u00e9parez votre chien \u00e0 une s\u00e9paration prolong\u00e9e\",\"datePublished\":\"2024-10-17T05:20:08+00:00\",\"dateModified\":\"2024-10-17T05:20:08+00:00\",\"mainEntityOfPage\":{\"@id\":\"https:\/\/vieassociative.be\/actualites\/preparez-votre-chien-a-une-separation-prolongee\/\"},\"wordCount\":1027,\"publisher\":{\"@id\":\"https:\/\/vieassociative.be\/actualites\/#organization\"},\"image\":{\"@id\":\"https:\/\/vieassociative.be\/actualites\/preparez-votre-chien-a-une-separation-prolongee\/#primaryimage\"},\"thumbnailUrl\":\"https:\/\/vieassociative.be\/actualites\/wp-content\/uploads\/2024\/10\/Preparez-votre-chien-a-une-separation-prolongee.jpg\",\"keywords\":[\"chien\",\"Pr\u00e9parez\",\"prolong\u00e9e\",\"s\u00e9paration\",\"une\",\"votre\"],\"articleSection\":[\"Famille\"],\"inLanguage\":\"fr-BE\"},{\"@type\":\"WebPage\",\"@id\":\"https:\/\/vieassociative.be\/actualites\/preparez-votre-chien-a-une-separation-prolongee\/\",\"url\":\"https:\/\/vieassociative.be\/actualites\/preparez-votre-chien-a-une-separation-prolongee\/\",\"name\":\"Pr\u00e9parez votre chien \u00e0 une s\u00e9paration prolong\u00e9e | Vie Associative\",\"isPartOf\":{\"@id\":\"https:\/\/vieassociative.be\/actualites\/#website\"},\"primaryImageOfPage\":{\"@id\":\"https:\/\/vieassociative.be\/actualites\/preparez-votre-chien-a-une-separation-prolongee\/#primaryimage\"},\"image\":{\"@id\":\"https:\/\/vieassociative.be\/actualites\/preparez-votre-chien-a-une-separation-prolongee\/#primaryimage\"},\"thumbnailUrl\":\"https:\/\/vieassociative.be\/actualites\/wp-content\/uploads\/2024\/10\/Preparez-votre-chien-a-une-separation-prolongee.jpg\",\"datePublished\":\"2024-10-17T05:20:08+00:00\",\"dateModified\":\"2024-10-17T05:20:08+00:00\",\"breadcrumb\":{\"@id\":\"https:\/\/vieassociative.be\/actualites\/preparez-votre-chien-a-une-separation-prolongee\/#breadcrumb\"},\"inLanguage\":\"fr-BE\",\"potentialAction\":[{\"@type\":\"ReadAction\",\"target\":[\"https:\/\/vieassociative.be\/actualites\/preparez-votre-chien-a-une-separation-prolongee\/\"]}]},{\"@type\":\"ImageObject\",\"inLanguage\":\"fr-BE\",\"@id\":\"https:\/\/vieassociative.be\/actualites\/preparez-votre-chien-a-une-separation-prolongee\/#primaryimage\",\"url\":\"https:\/\/vieassociative.be\/actualites\/wp-content\/uploads\/2024\/10\/Preparez-votre-chien-a-une-separation-prolongee.jpg\",\"contentUrl\":\"https:\/\/vieassociative.be\/actualites\/wp-content\/uploads\/2024\/10\/Preparez-votre-chien-a-une-separation-prolongee.jpg\",\"width\":1200,\"height\":675,\"caption\":\"Pr\u00e9parez votre chien \u00e0 une s\u00e9paration prolong\u00e9e\"},{\"@type\":\"BreadcrumbList\",\"@id\":\"https:\/\/vieassociative.be\/actualites\/preparez-votre-chien-a-une-separation-prolongee\/#breadcrumb\",\"itemListElement\":[{\"@type\":\"ListItem\",\"position\":1,\"name\":\"Accueil\",\"item\":\"https:\/\/vieassociative.be\/actualites\/\"},{\"@type\":\"ListItem\",\"position\":2,\"name\":\"Pr\u00e9parez votre chien \u00e0 une s\u00e9paration prolong\u00e9e\"}]},{\"@type\":\"WebSite\",\"@id\":\"https:\/\/vieassociative.be\/actualites\/#website\",\"url\":\"https:\/\/vieassociative.be\/actualites\/\",\"name\":\"Vie Associative\",\"description\":\"\",\"publisher\":{\"@id\":\"https:\/\/vieassociative.be\/actualites\/#organization\"},\"potentialAction\":[{\"@type\":\"SearchAction\",\"target\":{\"@type\":\"EntryPoint\",\"urlTemplate\":\"https:\/\/vieassociative.be\/actualites\/?s={search_term_string}\"},\"query-input\":{\"@type\":\"PropertyValueSpecification\",\"valueRequired\":true,\"valueName\":\"search_term_string\"}}],\"inLanguage\":\"fr-BE\"},{\"@type\":\"Organization\",\"@id\":\"https:\/\/vieassociative.be\/actualites\/#organization\",\"name\":\"Vie Associative\",\"url\":\"https:\/\/vieassociative.be\/actualites\/\",\"logo\":{\"@type\":\"ImageObject\",\"inLanguage\":\"fr-BE\",\"@id\":\"https:\/\/vieassociative.be\/actualites\/#\/schema\/logo\/image\/\",\"url\":\"https:\/\/vieassociative.be\/actualites\/wp-content\/uploads\/2024\/09\/cropped-vieassociative_favicon.ico.png\",\"contentUrl\":\"https:\/\/vieassociative.be\/actualites\/wp-content\/uploads\/2024\/09\/cropped-vieassociative_favicon.ico.png\",\"width\":512,\"height\":512,\"caption\":\"Vie Associative\"},\"image\":{\"@id\":\"https:\/\/vieassociative.be\/actualites\/#\/schema\/logo\/image\/\"}},{\"@type\":\"Person\",\"@id\":\"https:\/\/vieassociative.be\/actualites\/#\/schema\/person\/b87ac4f82f9d4e7b7cec7395b679edc4\",\"name\":\"Julien\",\"image\":{\"@type\":\"ImageObject\",\"inLanguage\":\"fr-BE\",\"@id\":\"https:\/\/vieassociative.be\/actualites\/#\/schema\/person\/image\/\",\"url\":\"https:\/\/vieassociative.be\/actualites\/wp-content\/uploads\/2024\/09\/vie-associative-1-150x150.jpg\",\"contentUrl\":\"https:\/\/vieassociative.be\/actualites\/wp-content\/uploads\/2024\/09\/vie-associative-1-150x150.jpg\",\"caption\":\"Julien\"},\"description\":\"Je suis Julien, r\u00e9dacteur pour Vie Associative. Passionn\u00e9 par le monde associatif depuis plus de 10 ans, j'ai \u00e0 c\u0153ur de partager des histoires inspirantes et de mettre en lumi\u00e8re les initiatives locales. Mon objectif est de sensibiliser et d'encourager l'engagement communautaire \u00e0 travers mes articles.\",\"sameAs\":[\"https:\/\/vieassociative.be\/\"]}]}<\/script>\n<!-- \/ Yoast SEO plugin. -->","yoast_head_json":{"title":"Pr\u00e9parez votre chien \u00e0 une s\u00e9paration prolong\u00e9e | Vie Associative","robots":{"index":"index","follow":"follow","max-snippet":"max-snippet:-1","max-image-preview":"max-image-preview:large","max-video-preview":"max-video-preview:-1"},"canonical":"https:\/\/vieassociative.be\/actualites\/preparez-votre-chien-a-une-separation-prolongee\/","og_locale":"fr_FR","og_type":"article","og_title":"Pr\u00e9parez votre chien \u00e0 une s\u00e9paration prolong\u00e9e | Vie Associative","og_description":"Les chiens ne savent pas ce qu&rsquo;est un voyage d&rsquo;affaires, mais ils savent qu&rsquo;il est stressant de se retrouver seul. Un week-end ou un voyage","og_url":"https:\/\/vieassociative.be\/actualites\/preparez-votre-chien-a-une-separation-prolongee\/","og_site_name":"Vie Associative","article_published_time":"2024-10-17T05:20:08+00:00","og_image":[{"width":279,"height":92,"url":"https:\/\/vieassociative.be\/actualites\/wp-content\/uploads\/2024\/09\/header_backgroundk-01-e1726694325946.png","type":"image\/png"}],"author":"Julien","twitter_card":"summary_large_image","twitter_misc":{"\u00c9crit par":"Julien","Dur\u00e9e de lecture est.":"5 minutes"},"schema":{"@context":"https:\/\/schema.org","@graph":[{"@type":"Article","@id":"https:\/\/vieassociative.be\/actualites\/preparez-votre-chien-a-une-separation-prolongee\/#article","isPartOf":{"@id":"https:\/\/vieassociative.be\/actualites\/preparez-votre-chien-a-une-separation-prolongee\/"},"author":{"name":"Julien","@id":"https:\/\/vieassociative.be\/actualites\/#\/schema\/person\/b87ac4f82f9d4e7b7cec7395b679edc4"},"headline":"Pr\u00e9parez votre chien \u00e0 une s\u00e9paration prolong\u00e9e","datePublished":"2024-10-17T05:20:08+00:00","dateModified":"2024-10-17T05:20:08+00:00","mainEntityOfPage":{"@id":"https:\/\/vieassociative.be\/actualites\/preparez-votre-chien-a-une-separation-prolongee\/"},"wordCount":1027,"publisher":{"@id":"https:\/\/vieassociative.be\/actualites\/#organization"},"image":{"@id":"https:\/\/vieassociative.be\/actualites\/preparez-votre-chien-a-une-separation-prolongee\/#primaryimage"},"thumbnailUrl":"https:\/\/vieassociative.be\/actualites\/wp-content\/uploads\/2024\/10\/Preparez-votre-chien-a-une-separation-prolongee.jpg","keywords":["chien","Pr\u00e9parez","prolong\u00e9e","s\u00e9paration","une","votre"],"articleSection":["Famille"],"inLanguage":"fr-BE"},{"@type":"WebPage","@id":"https:\/\/vieassociative.be\/actualites\/preparez-votre-chien-a-une-separation-prolongee\/","url":"https:\/\/vieassociative.be\/actualites\/preparez-votre-chien-a-une-separation-prolongee\/","name":"Pr\u00e9parez votre chien \u00e0 une s\u00e9paration prolong\u00e9e | Vie Associative","isPartOf":{"@id":"https:\/\/vieassociative.be\/actualites\/#website"},"primaryImageOfPage":{"@id":"https:\/\/vieassociative.be\/actualites\/preparez-votre-chien-a-une-separation-prolongee\/#primaryimage"},"image":{"@id":"https:\/\/vieassociative.be\/actualites\/preparez-votre-chien-a-une-separation-prolongee\/#primaryimage"},"thumbnailUrl":"https:\/\/vieassociative.be\/actualites\/wp-content\/uploads\/2024\/10\/Preparez-votre-chien-a-une-separation-prolongee.jpg","datePublished":"2024-10-17T05:20:08+00:00","dateModified":"2024-10-17T05:20:08+00:00","breadcrumb":{"@id":"https:\/\/vieassociative.be\/actualites\/preparez-votre-chien-a-une-separation-prolongee\/#breadcrumb"},"inLanguage":"fr-BE","potentialAction":[{"@type":"ReadAction","target":["https:\/\/vieassociative.be\/actualites\/preparez-votre-chien-a-une-separation-prolongee\/"]}]},{"@type":"ImageObject","inLanguage":"fr-BE","@id":"https:\/\/vieassociative.be\/actualites\/preparez-votre-chien-a-une-separation-prolongee\/#primaryimage","url":"https:\/\/vieassociative.be\/actualites\/wp-content\/uploads\/2024\/10\/Preparez-votre-chien-a-une-separation-prolongee.jpg","contentUrl":"https:\/\/vieassociative.be\/actualites\/wp-content\/uploads\/2024\/10\/Preparez-votre-chien-a-une-separation-prolongee.jpg","width":1200,"height":675,"caption":"Pr\u00e9parez votre chien \u00e0 une s\u00e9paration prolong\u00e9e"},{"@type":"BreadcrumbList","@id":"https:\/\/vieassociative.be\/actualites\/preparez-votre-chien-a-une-separation-prolongee\/#breadcrumb","itemListElement":[{"@type":"ListItem","position":1,"name":"Accueil","item":"https:\/\/vieassociative.be\/actualites\/"},{"@type":"ListItem","position":2,"name":"Pr\u00e9parez votre chien \u00e0 une s\u00e9paration prolong\u00e9e"}]},{"@type":"WebSite","@id":"https:\/\/vieassociative.be\/actualites\/#website","url":"https:\/\/vieassociative.be\/actualites\/","name":"Vie Associative","description":"","publisher":{"@id":"https:\/\/vieassociative.be\/actualites\/#organization"},"potentialAction":[{"@type":"SearchAction","target":{"@type":"EntryPoint","urlTemplate":"https:\/\/vieassociative.be\/actualites\/?s={search_term_string}"},"query-input":{"@type":"PropertyValueSpecification","valueRequired":true,"valueName":"search_term_string"}}],"inLanguage":"fr-BE"},{"@type":"Organization","@id":"https:\/\/vieassociative.be\/actualites\/#organization","name":"Vie Associative","url":"https:\/\/vieassociative.be\/actualites\/","logo":{"@type":"ImageObject","inLanguage":"fr-BE","@id":"https:\/\/vieassociative.be\/actualites\/#\/schema\/logo\/image\/","url":"https:\/\/vieassociative.be\/actualites\/wp-content\/uploads\/2024\/09\/cropped-vieassociative_favicon.ico.png","contentUrl":"https:\/\/vieassociative.be\/actualites\/wp-content\/uploads\/2024\/09\/cropped-vieassociative_favicon.ico.png","width":512,"height":512,"caption":"Vie Associative"},"image":{"@id":"https:\/\/vieassociative.be\/actualites\/#\/schema\/logo\/image\/"}},{"@type":"Person","@id":"https:\/\/vieassociative.be\/actualites\/#\/schema\/person\/b87ac4f82f9d4e7b7cec7395b679edc4","name":"Julien","image":{"@type":"ImageObject","inLanguage":"fr-BE","@id":"https:\/\/vieassociative.be\/actualites\/#\/schema\/person\/image\/","url":"https:\/\/vieassociative.be\/actualites\/wp-content\/uploads\/2024\/09\/vie-associative-1-150x150.jpg","contentUrl":"https:\/\/vieassociative.be\/actualites\/wp-content\/uploads\/2024\/09\/vie-associative-1-150x150.jpg","caption":"Julien"},"description":"Je suis Julien, r\u00e9dacteur pour Vie Associative. Passionn\u00e9 par le monde associatif depuis plus de 10 ans, j'ai \u00e0 c\u0153ur de partager des histoires inspirantes et de mettre en lumi\u00e8re les initiatives locales. Mon objectif est de sensibiliser et d'encourager l'engagement communautaire \u00e0 travers mes articles.","sameAs":["https:\/\/vieassociative.be\/"]}]}},"_links":{"self":[{"href":"https:\/\/vieassociative.be\/actualites\/wp-json\/wp\/v2\/posts\/1317"}],"collection":[{"href":"https:\/\/vieassociative.be\/actualites\/wp-json\/wp\/v2\/posts"}],"about":[{"href":"https:\/\/vieassociative.be\/actualites\/wp-json\/wp\/v2\/types\/post"}],"author":[{"embeddable":true,"href":"https:\/\/vieassociative.be\/actualites\/wp-json\/wp\/v2\/users\/1"}],"replies":[{"embeddable":true,"href":"https:\/\/vieassociative.be\/actualites\/wp-json\/wp\/v2\/comments?post=1317"}],"version-history":[{"count":0,"href":"https:\/\/vieassociative.be\/actualites\/wp-json\/wp\/v2\/posts\/1317\/revisions"}],"wp:featuredmedia":[{"embeddable":true,"href":"https:\/\/vieassociative.be\/actualites\/wp-json\/wp\/v2\/media\/1318"}],"wp:attachment":[{"href":"https:\/\/vieassociative.be\/actualites\/wp-json\/wp\/v2\/media?parent=1317"}],"wp:term":[{"taxonomy":"category","embeddable":true,"href":"https:\/\/vieassociative.be\/actualites\/wp-json\/wp\/v2\/categories?post=1317"},{"taxonomy":"post_tag","embeddable":true,"href":"https:\/\/vieassociative.be\/actualites\/wp-json\/wp\/v2\/tags?post=1317"}],"curies":[{"name":"wp","href":"https:\/\/api.w.org\/{rel}","templated":true}]}}