{"id":13166,"date":"2026-03-24T16:17:24","date_gmt":"2026-03-24T15:17:24","guid":{"rendered":"https:\/\/vieassociative.be\/actualites\/il-y-a-50-ans-aujourdhui-le-coup-detat-militaire-en-argentine-une-dictature-brutale-a-lombre-de-la-guerre-froide\/"},"modified":"2026-03-24T16:17:24","modified_gmt":"2026-03-24T15:17:24","slug":"il-y-a-50-ans-aujourdhui-le-coup-detat-militaire-en-argentine-une-dictature-brutale-a-lombre-de-la-guerre-froide","status":"publish","type":"post","link":"https:\/\/vieassociative.be\/actualites\/il-y-a-50-ans-aujourdhui-le-coup-detat-militaire-en-argentine-une-dictature-brutale-a-lombre-de-la-guerre-froide\/","title":{"rendered":"Il y a 50 ans aujourd\u2019hui, le coup d\u2019\u00c9tat militaire en Argentine : une dictature brutale \u00e0 l\u2019ombre de la guerre froide"},"content":{"rendered":"<p><strong>Le 24 mars 1976, l&rsquo;arm\u00e9e s&#8217;empare du pouvoir en Argentine lors d&rsquo;un coup d&rsquo;\u00c9tat et met fin \u00e0 la pr\u00e9sidence d&rsquo;Isabel Per\u00f3n. C&rsquo;\u00e9tait le d\u00e9but d&rsquo;une trag\u00e9die nationale. Selon les estimations des organisations de d\u00e9fense des droits de l&rsquo;homme, jusqu&rsquo;\u00e0 30 000 opposants au gouvernement, militants de gauche, syndicalistes et \u00e9tudiants ont disparu.<\/strong><\/p>\n<p><span id=\"more-437924\"><\/span><strong>\u2013 Crise, violences et \u00c9tat affaibli :<\/strong> M\u00eame avant le coup d\u2019\u00c9tat, l\u2019Argentine \u00e9tait d\u00e9j\u00e0 plong\u00e9e dans une crise profonde. Apr\u00e8s la mort de Juan Per\u00f3n en 1974, sa veuve a pris la direction du gouvernement, mais n&rsquo;a pas r\u00e9ussi \u00e0 endiguer les probl\u00e8mes \u00e9conomiques ni l&rsquo;augmentation de la violence politique. L&rsquo;inflation, les tensions sociales et les conflits arm\u00e9s entre gu\u00e9rillas de gauche et paramilitaires de droite ont d\u00e9stabilis\u00e9 de plus en plus le pays.<\/p>\n<p>Dans cette situation, l\u2019arm\u00e9e est apparue \u00e0 beaucoup comme le dernier recours pour r\u00e9tablir l\u2019ordre \u2013 une perception qui a ouvert la voie au renversement.<\/p>\n<div id=\"attachment_437927\" class=\"wp-caption alignleft\" style=\"max-width: 300px\"><img fetchpriority=\"high\" decoding=\"async\" class=\"wp-image-437927 size-medium\" src=\"https:\/\/vieassociative.be\/actualites\/wp-content\/uploads\/2026\/03\/Il-y-a-50-ans-aujourdhui-le-coup-dEtat-militaire.jpg\" alt=\"\" width=\"300\" height=\"200\"><\/div>\n<p><strong>\u2013 Le coup d\u2019\u00c9tat et la mise en place de la junte : <\/strong>Le 24 mars 1976, les militaires renversent le gouvernement. Le g\u00e9n\u00e9ral Jorge Rafael Videla est devenu le chef de la nouvelle junte. Le Parlement a \u00e9t\u00e9 dissous, les partis politiques interdits et les droits fondamentaux suspendus.<\/p>\n<p>Les dirigeants militaires ont promis la stabilit\u00e9 et la \u00ab r\u00e9organisation \u00bb nationale, mais ont rapidement mis en place un syst\u00e8me r\u00e9pressif qui a supprim\u00e9 toute forme d\u2019opposition.<\/p>\n<p><strong>\u2013 Terreur d\u2019\u00c9tat syst\u00e9matique :<\/strong> Dans les ann\u00e9es qui ont suivi, un syst\u00e8me de violence d\u2019\u00c9tat s\u2019est d\u00e9velopp\u00e9, connu sous le nom de \u00ab sale guerre \u00bb. Sous pr\u00e9texte d\u2019agir contre la \u00ab subversion \u00bb, le r\u00e9gime a syst\u00e9matiquement pers\u00e9cut\u00e9 les opposants politiques \u2013 et souvent des personnes totalement indiff\u00e9rentes. Des dizaines de milliers de personnes ont \u00e9t\u00e9 kidnapp\u00e9es, tortur\u00e9es et assassin\u00e9es. Beaucoup ont disparu sans laisser de trace et sont entr\u00e9s dans l\u2019histoire sous le nom de \u00ab desaparecidos \u00bb. Le nombre de victimes est estim\u00e9 \u00e0 30 000. L\u2019enl\u00e8vement organis\u00e9 d\u2019enfants de prisonniers politiques est particuli\u00e8rement choquant.<\/p>\n<p><strong>\u2013 L\u2019Argentine dans le contexte r\u00e9gional :<\/strong> Les \u00e9v\u00e9nements d\u2019Argentine s\u2019inscrivent dans le cadre d\u2019un d\u00e9veloppement plus large en Am\u00e9rique latine. En 1973, le gouvernement d\u00e9mocratiquement \u00e9lu de Salvador Allende a \u00e9t\u00e9 renvers\u00e9 lors d\u2019un coup d\u2019\u00c9tat militaire au Chili. Une dictature brutale y fut \u00e9galement \u00e9tablie sous Augusto Pinochet.<\/p>\n<p>Ces r\u00e9gimes n&rsquo;\u00e9taient pas isol\u00e9s les uns des autres. Dans le cadre de l\u2019Op\u00e9ration Condor, plusieurs dictatures militaires ont travaill\u00e9 ensemble pour pers\u00e9cuter et \u00e9liminer les opposants au-del\u00e0 des fronti\u00e8res.<\/p>\n<div id=\"attachment_437928\" class=\"wp-caption alignleft\" style=\"max-width: 300px\"><img decoding=\"async\" class=\"wp-image-437928 size-medium\" src=\"https:\/\/vieassociative.be\/actualites\/wp-content\/uploads\/2026\/03\/1774365444_633_Il-y-a-50-ans-aujourdhui-le-coup-dEtat-militaire.jpg\" alt=\"\" width=\"300\" height=\"225\"><\/div>\n<p><strong>\u2013 Le r\u00f4le des \u00c9tats-Unis : <\/strong>Les \u00e9volutions politiques en Am\u00e9rique latine sont \u00e9troitement li\u00e9es \u00e0 la guerre froide. Les \u00c9tats-Unis cherchaient \u00e0 emp\u00eacher la propagation des mouvements communistes. Dans le cas du Chili, il existe des preuves que le gouvernement de Richard Nixon et la Central Intelligence Agency ont soutenu les forces d&rsquo;opposition et contribu\u00e9 \u00e0 la d\u00e9stabilisation d&rsquo;Allende.<\/p>\n<p>Le gouvernement am\u00e9ricain a \u00e9galement initialement critiqu\u00e9 avec prudence la junte militaire argentine. Le secr\u00e9taire d\u2019\u00c9tat de l\u2019\u00e9poque, Henry Kissinger, a fait part de sa compr\u00e9hension des mesures s\u00e9v\u00e8res prises \u00e0 l\u2019encontre des opposants politiques. Ce n\u2019est que plus tard \u2013 notamment sous Jimmy Carter \u2013 que les questions de droits de l\u2019homme sont devenues une priorit\u00e9 dans la politique \u00e9trang\u00e8re am\u00e9ricaine.<\/p>\n<p><strong>\u2013 R\u00e9sistance et m\u00e9moire sociale :<\/strong> Malgr\u00e9 une r\u00e9pression massive, il y a eu une r\u00e9sistance. Les M\u00e8res de la Place de Mai sont devenues un symbole de protestation en exigeant publiquement le sort de leurs enfants disparus. Leurs manifestations hebdomadaires ont mis en lumi\u00e8re les crimes du r\u00e9gime et ont contribu\u00e9 \u00e0 attirer l&rsquo;attention internationale.<\/p>\n<p><strong>\u2013 L\u2019effondrement de la dictature :<\/strong> Au d\u00e9but des ann\u00e9es 1980, le r\u00e9gime subit des pressions croissantes. La situation \u00e9conomique s&rsquo;est d\u00e9t\u00e9rior\u00e9e et le soutien populaire a diminu\u00e9. Un tournant d\u00e9cisif fut la perte de la guerre des Malouines contre la Grande-Bretagne. En 1983, la dictature militaire prend fin et l\u2019Argentine revient \u00e0 la d\u00e9mocratie. (cr\u00e9er)<\/p>\n","protected":false},"excerpt":{"rendered":"<p>Le 24 mars 1976, l&rsquo;arm\u00e9e s&#8217;empare du pouvoir en Argentine lors d&rsquo;un coup d&rsquo;\u00c9tat et met fin \u00e0 la pr\u00e9sidence d&rsquo;Isabel Per\u00f3n. C&rsquo;\u00e9tait le d\u00e9but<\/p>\n","protected":false},"author":1,"featured_media":13167,"comment_status":"","ping_status":"","sticky":false,"template":"","format":"standard","meta":{"footnotes":""},"categories":[298],"tags":[584,10323,2330,10325,418,8212,10324,5554,2637,10326,7852,110],"class_list":["post-13166","post","type-post","status-publish","format-standard","has-post-thumbnail","hentry","category-belgique","tag-ans","tag-argentine","tag-aujourdhui","tag-brutale","tag-coup","tag-detat","tag-dictature","tag-froide","tag-guerre","tag-lombre","tag-militaire","tag-une","generate-columns","tablet-grid-50","mobile-grid-100","grid-parent","grid-33"],"yoast_head":"<!-- This site is optimized with the Yoast SEO plugin v24.0 - https:\/\/yoast.com\/wordpress\/plugins\/seo\/ -->\n<title>Il y a 50 ans aujourd\u2019hui, le coup d\u2019\u00c9tat militaire en Argentine : une dictature brutale \u00e0 l\u2019ombre de la guerre froide | Vie Associative<\/title>\n<meta name=\"robots\" content=\"index, follow, max-snippet:-1, max-image-preview:large, max-video-preview:-1\" \/>\n<link rel=\"canonical\" href=\"https:\/\/vieassociative.be\/actualites\/il-y-a-50-ans-aujourdhui-le-coup-detat-militaire-en-argentine-une-dictature-brutale-a-lombre-de-la-guerre-froide\/\" \/>\n<meta property=\"og:locale\" content=\"fr_FR\" \/>\n<meta property=\"og:type\" content=\"article\" \/>\n<meta property=\"og:title\" content=\"Il y a 50 ans aujourd\u2019hui, le coup d\u2019\u00c9tat militaire en Argentine : une dictature brutale \u00e0 l\u2019ombre de la guerre froide | Vie Associative\" \/>\n<meta property=\"og:description\" content=\"Le 24 mars 1976, l&rsquo;arm\u00e9e s&#8217;empare du pouvoir en Argentine lors d&rsquo;un coup d&rsquo;\u00c9tat et met fin \u00e0 la pr\u00e9sidence d&rsquo;Isabel Per\u00f3n. C&rsquo;\u00e9tait le d\u00e9but\" \/>\n<meta property=\"og:url\" content=\"https:\/\/vieassociative.be\/actualites\/il-y-a-50-ans-aujourdhui-le-coup-detat-militaire-en-argentine-une-dictature-brutale-a-lombre-de-la-guerre-froide\/\" \/>\n<meta property=\"og:site_name\" content=\"Vie Associative\" \/>\n<meta property=\"article:published_time\" content=\"2026-03-24T15:17:24+00:00\" \/>\n<meta property=\"og:image\" content=\"https:\/\/vieassociative.be\/actualites\/wp-content\/uploads\/2024\/09\/header_backgroundk-01-e1726694325946.png\" \/>\n\t<meta property=\"og:image:width\" content=\"279\" \/>\n\t<meta property=\"og:image:height\" content=\"92\" \/>\n\t<meta property=\"og:image:type\" content=\"image\/png\" \/>\n<meta name=\"author\" content=\"Julien\" \/>\n<meta name=\"twitter:card\" content=\"summary_large_image\" \/>\n<meta name=\"twitter:label1\" content=\"\u00c9crit par\" \/>\n\t<meta name=\"twitter:data1\" content=\"Julien\" \/>\n\t<meta name=\"twitter:label2\" content=\"Dur\u00e9e de lecture est.\" \/>\n\t<meta name=\"twitter:data2\" content=\"4 minutes\" \/>\n<script type=\"application\/ld+json\" class=\"yoast-schema-graph\">{\"@context\":\"https:\/\/schema.org\",\"@graph\":[{\"@type\":\"Article\",\"@id\":\"https:\/\/vieassociative.be\/actualites\/il-y-a-50-ans-aujourdhui-le-coup-detat-militaire-en-argentine-une-dictature-brutale-a-lombre-de-la-guerre-froide\/#article\",\"isPartOf\":{\"@id\":\"https:\/\/vieassociative.be\/actualites\/il-y-a-50-ans-aujourdhui-le-coup-detat-militaire-en-argentine-une-dictature-brutale-a-lombre-de-la-guerre-froide\/\"},\"author\":{\"name\":\"Julien\",\"@id\":\"https:\/\/vieassociative.be\/actualites\/#\/schema\/person\/b87ac4f82f9d4e7b7cec7395b679edc4\"},\"headline\":\"Il y a 50 ans aujourd\u2019hui, le coup d\u2019\u00c9tat militaire en Argentine : une dictature brutale \u00e0 l\u2019ombre de la guerre froide\",\"datePublished\":\"2026-03-24T15:17:24+00:00\",\"dateModified\":\"2026-03-24T15:17:24+00:00\",\"mainEntityOfPage\":{\"@id\":\"https:\/\/vieassociative.be\/actualites\/il-y-a-50-ans-aujourdhui-le-coup-detat-militaire-en-argentine-une-dictature-brutale-a-lombre-de-la-guerre-froide\/\"},\"wordCount\":736,\"publisher\":{\"@id\":\"https:\/\/vieassociative.be\/actualites\/#organization\"},\"image\":{\"@id\":\"https:\/\/vieassociative.be\/actualites\/il-y-a-50-ans-aujourdhui-le-coup-detat-militaire-en-argentine-une-dictature-brutale-a-lombre-de-la-guerre-froide\/#primaryimage\"},\"thumbnailUrl\":\"https:\/\/vieassociative.be\/actualites\/wp-content\/uploads\/2026\/03\/1774365445_Il-y-a-50-ans-aujourdhui-le-coup-dEtat-militaire.jpg\",\"keywords\":[\"ans\",\"Argentine\",\"aujourdhui\",\"brutale\",\"coup\",\"d\u00c9tat\",\"dictature\",\"froide\",\"guerre\",\"lombre\",\"militaire\",\"une\"],\"articleSection\":[\"Belgique\"],\"inLanguage\":\"fr-BE\"},{\"@type\":\"WebPage\",\"@id\":\"https:\/\/vieassociative.be\/actualites\/il-y-a-50-ans-aujourdhui-le-coup-detat-militaire-en-argentine-une-dictature-brutale-a-lombre-de-la-guerre-froide\/\",\"url\":\"https:\/\/vieassociative.be\/actualites\/il-y-a-50-ans-aujourdhui-le-coup-detat-militaire-en-argentine-une-dictature-brutale-a-lombre-de-la-guerre-froide\/\",\"name\":\"Il y a 50 ans aujourd\u2019hui, le coup d\u2019\u00c9tat militaire en Argentine : une dictature brutale \u00e0 l\u2019ombre de la guerre froide | Vie Associative\",\"isPartOf\":{\"@id\":\"https:\/\/vieassociative.be\/actualites\/#website\"},\"primaryImageOfPage\":{\"@id\":\"https:\/\/vieassociative.be\/actualites\/il-y-a-50-ans-aujourdhui-le-coup-detat-militaire-en-argentine-une-dictature-brutale-a-lombre-de-la-guerre-froide\/#primaryimage\"},\"image\":{\"@id\":\"https:\/\/vieassociative.be\/actualites\/il-y-a-50-ans-aujourdhui-le-coup-detat-militaire-en-argentine-une-dictature-brutale-a-lombre-de-la-guerre-froide\/#primaryimage\"},\"thumbnailUrl\":\"https:\/\/vieassociative.be\/actualites\/wp-content\/uploads\/2026\/03\/1774365445_Il-y-a-50-ans-aujourdhui-le-coup-dEtat-militaire.jpg\",\"datePublished\":\"2026-03-24T15:17:24+00:00\",\"dateModified\":\"2026-03-24T15:17:24+00:00\",\"breadcrumb\":{\"@id\":\"https:\/\/vieassociative.be\/actualites\/il-y-a-50-ans-aujourdhui-le-coup-detat-militaire-en-argentine-une-dictature-brutale-a-lombre-de-la-guerre-froide\/#breadcrumb\"},\"inLanguage\":\"fr-BE\",\"potentialAction\":[{\"@type\":\"ReadAction\",\"target\":[\"https:\/\/vieassociative.be\/actualites\/il-y-a-50-ans-aujourdhui-le-coup-detat-militaire-en-argentine-une-dictature-brutale-a-lombre-de-la-guerre-froide\/\"]}]},{\"@type\":\"ImageObject\",\"inLanguage\":\"fr-BE\",\"@id\":\"https:\/\/vieassociative.be\/actualites\/il-y-a-50-ans-aujourdhui-le-coup-detat-militaire-en-argentine-une-dictature-brutale-a-lombre-de-la-guerre-froide\/#primaryimage\",\"url\":\"https:\/\/vieassociative.be\/actualites\/wp-content\/uploads\/2026\/03\/1774365445_Il-y-a-50-ans-aujourdhui-le-coup-dEtat-militaire.jpg\",\"contentUrl\":\"https:\/\/vieassociative.be\/actualites\/wp-content\/uploads\/2026\/03\/1774365445_Il-y-a-50-ans-aujourdhui-le-coup-dEtat-militaire.jpg\",\"width\":1200,\"height\":766,\"caption\":\"Il y a 50 ans aujourd\u2019hui, le coup d\u2019\u00c9tat militaire en Argentine : une dictature brutale \u00e0 l\u2019ombre de la guerre froide\"},{\"@type\":\"BreadcrumbList\",\"@id\":\"https:\/\/vieassociative.be\/actualites\/il-y-a-50-ans-aujourdhui-le-coup-detat-militaire-en-argentine-une-dictature-brutale-a-lombre-de-la-guerre-froide\/#breadcrumb\",\"itemListElement\":[{\"@type\":\"ListItem\",\"position\":1,\"name\":\"Accueil\",\"item\":\"https:\/\/vieassociative.be\/actualites\/\"},{\"@type\":\"ListItem\",\"position\":2,\"name\":\"Il y a 50 ans aujourd\u2019hui, le coup d\u2019\u00c9tat militaire en Argentine : une dictature brutale \u00e0 l\u2019ombre de la guerre froide\"}]},{\"@type\":\"WebSite\",\"@id\":\"https:\/\/vieassociative.be\/actualites\/#website\",\"url\":\"https:\/\/vieassociative.be\/actualites\/\",\"name\":\"Vie Associative\",\"description\":\"\",\"publisher\":{\"@id\":\"https:\/\/vieassociative.be\/actualites\/#organization\"},\"potentialAction\":[{\"@type\":\"SearchAction\",\"target\":{\"@type\":\"EntryPoint\",\"urlTemplate\":\"https:\/\/vieassociative.be\/actualites\/?s={search_term_string}\"},\"query-input\":{\"@type\":\"PropertyValueSpecification\",\"valueRequired\":true,\"valueName\":\"search_term_string\"}}],\"inLanguage\":\"fr-BE\"},{\"@type\":\"Organization\",\"@id\":\"https:\/\/vieassociative.be\/actualites\/#organization\",\"name\":\"Vie Associative\",\"url\":\"https:\/\/vieassociative.be\/actualites\/\",\"logo\":{\"@type\":\"ImageObject\",\"inLanguage\":\"fr-BE\",\"@id\":\"https:\/\/vieassociative.be\/actualites\/#\/schema\/logo\/image\/\",\"url\":\"https:\/\/vieassociative.be\/actualites\/wp-content\/uploads\/2024\/09\/cropped-vieassociative_favicon.ico.png\",\"contentUrl\":\"https:\/\/vieassociative.be\/actualites\/wp-content\/uploads\/2024\/09\/cropped-vieassociative_favicon.ico.png\",\"width\":512,\"height\":512,\"caption\":\"Vie Associative\"},\"image\":{\"@id\":\"https:\/\/vieassociative.be\/actualites\/#\/schema\/logo\/image\/\"}},{\"@type\":\"Person\",\"@id\":\"https:\/\/vieassociative.be\/actualites\/#\/schema\/person\/b87ac4f82f9d4e7b7cec7395b679edc4\",\"name\":\"Julien\",\"image\":{\"@type\":\"ImageObject\",\"inLanguage\":\"fr-BE\",\"@id\":\"https:\/\/vieassociative.be\/actualites\/#\/schema\/person\/image\/\",\"url\":\"https:\/\/vieassociative.be\/actualites\/wp-content\/uploads\/2024\/09\/vie-associative-1-150x150.jpg\",\"contentUrl\":\"https:\/\/vieassociative.be\/actualites\/wp-content\/uploads\/2024\/09\/vie-associative-1-150x150.jpg\",\"caption\":\"Julien\"},\"description\":\"Je suis Julien, r\u00e9dacteur pour Vie Associative. Passionn\u00e9 par le monde associatif depuis plus de 10 ans, j'ai \u00e0 c\u0153ur de partager des histoires inspirantes et de mettre en lumi\u00e8re les initiatives locales. Mon objectif est de sensibiliser et d'encourager l'engagement communautaire \u00e0 travers mes articles.\",\"sameAs\":[\"https:\/\/vieassociative.be\/\"]}]}<\/script>\n<!-- \/ Yoast SEO plugin. -->","yoast_head_json":{"title":"Il y a 50 ans aujourd\u2019hui, le coup d\u2019\u00c9tat militaire en Argentine : une dictature brutale \u00e0 l\u2019ombre de la guerre froide | Vie Associative","robots":{"index":"index","follow":"follow","max-snippet":"max-snippet:-1","max-image-preview":"max-image-preview:large","max-video-preview":"max-video-preview:-1"},"canonical":"https:\/\/vieassociative.be\/actualites\/il-y-a-50-ans-aujourdhui-le-coup-detat-militaire-en-argentine-une-dictature-brutale-a-lombre-de-la-guerre-froide\/","og_locale":"fr_FR","og_type":"article","og_title":"Il y a 50 ans aujourd\u2019hui, le coup d\u2019\u00c9tat militaire en Argentine : une dictature brutale \u00e0 l\u2019ombre de la guerre froide | Vie Associative","og_description":"Le 24 mars 1976, l&rsquo;arm\u00e9e s&#8217;empare du pouvoir en Argentine lors d&rsquo;un coup d&rsquo;\u00c9tat et met fin \u00e0 la pr\u00e9sidence d&rsquo;Isabel Per\u00f3n. C&rsquo;\u00e9tait le d\u00e9but","og_url":"https:\/\/vieassociative.be\/actualites\/il-y-a-50-ans-aujourdhui-le-coup-detat-militaire-en-argentine-une-dictature-brutale-a-lombre-de-la-guerre-froide\/","og_site_name":"Vie Associative","article_published_time":"2026-03-24T15:17:24+00:00","og_image":[{"width":279,"height":92,"url":"https:\/\/vieassociative.be\/actualites\/wp-content\/uploads\/2024\/09\/header_backgroundk-01-e1726694325946.png","type":"image\/png"}],"author":"Julien","twitter_card":"summary_large_image","twitter_misc":{"\u00c9crit par":"Julien","Dur\u00e9e de lecture est.":"4 minutes"},"schema":{"@context":"https:\/\/schema.org","@graph":[{"@type":"Article","@id":"https:\/\/vieassociative.be\/actualites\/il-y-a-50-ans-aujourdhui-le-coup-detat-militaire-en-argentine-une-dictature-brutale-a-lombre-de-la-guerre-froide\/#article","isPartOf":{"@id":"https:\/\/vieassociative.be\/actualites\/il-y-a-50-ans-aujourdhui-le-coup-detat-militaire-en-argentine-une-dictature-brutale-a-lombre-de-la-guerre-froide\/"},"author":{"name":"Julien","@id":"https:\/\/vieassociative.be\/actualites\/#\/schema\/person\/b87ac4f82f9d4e7b7cec7395b679edc4"},"headline":"Il y a 50 ans aujourd\u2019hui, le coup d\u2019\u00c9tat militaire en Argentine : une dictature brutale \u00e0 l\u2019ombre de la guerre froide","datePublished":"2026-03-24T15:17:24+00:00","dateModified":"2026-03-24T15:17:24+00:00","mainEntityOfPage":{"@id":"https:\/\/vieassociative.be\/actualites\/il-y-a-50-ans-aujourdhui-le-coup-detat-militaire-en-argentine-une-dictature-brutale-a-lombre-de-la-guerre-froide\/"},"wordCount":736,"publisher":{"@id":"https:\/\/vieassociative.be\/actualites\/#organization"},"image":{"@id":"https:\/\/vieassociative.be\/actualites\/il-y-a-50-ans-aujourdhui-le-coup-detat-militaire-en-argentine-une-dictature-brutale-a-lombre-de-la-guerre-froide\/#primaryimage"},"thumbnailUrl":"https:\/\/vieassociative.be\/actualites\/wp-content\/uploads\/2026\/03\/1774365445_Il-y-a-50-ans-aujourdhui-le-coup-dEtat-militaire.jpg","keywords":["ans","Argentine","aujourdhui","brutale","coup","d\u00c9tat","dictature","froide","guerre","lombre","militaire","une"],"articleSection":["Belgique"],"inLanguage":"fr-BE"},{"@type":"WebPage","@id":"https:\/\/vieassociative.be\/actualites\/il-y-a-50-ans-aujourdhui-le-coup-detat-militaire-en-argentine-une-dictature-brutale-a-lombre-de-la-guerre-froide\/","url":"https:\/\/vieassociative.be\/actualites\/il-y-a-50-ans-aujourdhui-le-coup-detat-militaire-en-argentine-une-dictature-brutale-a-lombre-de-la-guerre-froide\/","name":"Il y a 50 ans aujourd\u2019hui, le coup d\u2019\u00c9tat militaire en Argentine : une dictature brutale \u00e0 l\u2019ombre de la guerre froide | Vie Associative","isPartOf":{"@id":"https:\/\/vieassociative.be\/actualites\/#website"},"primaryImageOfPage":{"@id":"https:\/\/vieassociative.be\/actualites\/il-y-a-50-ans-aujourdhui-le-coup-detat-militaire-en-argentine-une-dictature-brutale-a-lombre-de-la-guerre-froide\/#primaryimage"},"image":{"@id":"https:\/\/vieassociative.be\/actualites\/il-y-a-50-ans-aujourdhui-le-coup-detat-militaire-en-argentine-une-dictature-brutale-a-lombre-de-la-guerre-froide\/#primaryimage"},"thumbnailUrl":"https:\/\/vieassociative.be\/actualites\/wp-content\/uploads\/2026\/03\/1774365445_Il-y-a-50-ans-aujourdhui-le-coup-dEtat-militaire.jpg","datePublished":"2026-03-24T15:17:24+00:00","dateModified":"2026-03-24T15:17:24+00:00","breadcrumb":{"@id":"https:\/\/vieassociative.be\/actualites\/il-y-a-50-ans-aujourdhui-le-coup-detat-militaire-en-argentine-une-dictature-brutale-a-lombre-de-la-guerre-froide\/#breadcrumb"},"inLanguage":"fr-BE","potentialAction":[{"@type":"ReadAction","target":["https:\/\/vieassociative.be\/actualites\/il-y-a-50-ans-aujourdhui-le-coup-detat-militaire-en-argentine-une-dictature-brutale-a-lombre-de-la-guerre-froide\/"]}]},{"@type":"ImageObject","inLanguage":"fr-BE","@id":"https:\/\/vieassociative.be\/actualites\/il-y-a-50-ans-aujourdhui-le-coup-detat-militaire-en-argentine-une-dictature-brutale-a-lombre-de-la-guerre-froide\/#primaryimage","url":"https:\/\/vieassociative.be\/actualites\/wp-content\/uploads\/2026\/03\/1774365445_Il-y-a-50-ans-aujourdhui-le-coup-dEtat-militaire.jpg","contentUrl":"https:\/\/vieassociative.be\/actualites\/wp-content\/uploads\/2026\/03\/1774365445_Il-y-a-50-ans-aujourdhui-le-coup-dEtat-militaire.jpg","width":1200,"height":766,"caption":"Il y a 50 ans aujourd\u2019hui, le coup d\u2019\u00c9tat militaire en Argentine : une dictature brutale \u00e0 l\u2019ombre de la guerre froide"},{"@type":"BreadcrumbList","@id":"https:\/\/vieassociative.be\/actualites\/il-y-a-50-ans-aujourdhui-le-coup-detat-militaire-en-argentine-une-dictature-brutale-a-lombre-de-la-guerre-froide\/#breadcrumb","itemListElement":[{"@type":"ListItem","position":1,"name":"Accueil","item":"https:\/\/vieassociative.be\/actualites\/"},{"@type":"ListItem","position":2,"name":"Il y a 50 ans aujourd\u2019hui, le coup d\u2019\u00c9tat militaire en Argentine : une dictature brutale \u00e0 l\u2019ombre de la guerre froide"}]},{"@type":"WebSite","@id":"https:\/\/vieassociative.be\/actualites\/#website","url":"https:\/\/vieassociative.be\/actualites\/","name":"Vie Associative","description":"","publisher":{"@id":"https:\/\/vieassociative.be\/actualites\/#organization"},"potentialAction":[{"@type":"SearchAction","target":{"@type":"EntryPoint","urlTemplate":"https:\/\/vieassociative.be\/actualites\/?s={search_term_string}"},"query-input":{"@type":"PropertyValueSpecification","valueRequired":true,"valueName":"search_term_string"}}],"inLanguage":"fr-BE"},{"@type":"Organization","@id":"https:\/\/vieassociative.be\/actualites\/#organization","name":"Vie Associative","url":"https:\/\/vieassociative.be\/actualites\/","logo":{"@type":"ImageObject","inLanguage":"fr-BE","@id":"https:\/\/vieassociative.be\/actualites\/#\/schema\/logo\/image\/","url":"https:\/\/vieassociative.be\/actualites\/wp-content\/uploads\/2024\/09\/cropped-vieassociative_favicon.ico.png","contentUrl":"https:\/\/vieassociative.be\/actualites\/wp-content\/uploads\/2024\/09\/cropped-vieassociative_favicon.ico.png","width":512,"height":512,"caption":"Vie Associative"},"image":{"@id":"https:\/\/vieassociative.be\/actualites\/#\/schema\/logo\/image\/"}},{"@type":"Person","@id":"https:\/\/vieassociative.be\/actualites\/#\/schema\/person\/b87ac4f82f9d4e7b7cec7395b679edc4","name":"Julien","image":{"@type":"ImageObject","inLanguage":"fr-BE","@id":"https:\/\/vieassociative.be\/actualites\/#\/schema\/person\/image\/","url":"https:\/\/vieassociative.be\/actualites\/wp-content\/uploads\/2024\/09\/vie-associative-1-150x150.jpg","contentUrl":"https:\/\/vieassociative.be\/actualites\/wp-content\/uploads\/2024\/09\/vie-associative-1-150x150.jpg","caption":"Julien"},"description":"Je suis Julien, r\u00e9dacteur pour Vie Associative. Passionn\u00e9 par le monde associatif depuis plus de 10 ans, j'ai \u00e0 c\u0153ur de partager des histoires inspirantes et de mettre en lumi\u00e8re les initiatives locales. Mon objectif est de sensibiliser et d'encourager l'engagement communautaire \u00e0 travers mes articles.","sameAs":["https:\/\/vieassociative.be\/"]}]}},"_links":{"self":[{"href":"https:\/\/vieassociative.be\/actualites\/wp-json\/wp\/v2\/posts\/13166"}],"collection":[{"href":"https:\/\/vieassociative.be\/actualites\/wp-json\/wp\/v2\/posts"}],"about":[{"href":"https:\/\/vieassociative.be\/actualites\/wp-json\/wp\/v2\/types\/post"}],"author":[{"embeddable":true,"href":"https:\/\/vieassociative.be\/actualites\/wp-json\/wp\/v2\/users\/1"}],"replies":[{"embeddable":true,"href":"https:\/\/vieassociative.be\/actualites\/wp-json\/wp\/v2\/comments?post=13166"}],"version-history":[{"count":0,"href":"https:\/\/vieassociative.be\/actualites\/wp-json\/wp\/v2\/posts\/13166\/revisions"}],"wp:featuredmedia":[{"embeddable":true,"href":"https:\/\/vieassociative.be\/actualites\/wp-json\/wp\/v2\/media\/13167"}],"wp:attachment":[{"href":"https:\/\/vieassociative.be\/actualites\/wp-json\/wp\/v2\/media?parent=13166"}],"wp:term":[{"taxonomy":"category","embeddable":true,"href":"https:\/\/vieassociative.be\/actualites\/wp-json\/wp\/v2\/categories?post=13166"},{"taxonomy":"post_tag","embeddable":true,"href":"https:\/\/vieassociative.be\/actualites\/wp-json\/wp\/v2\/tags?post=13166"}],"curies":[{"name":"wp","href":"https:\/\/api.w.org\/{rel}","templated":true}]}}