{"id":13164,"date":"2026-03-24T15:19:20","date_gmt":"2026-03-24T14:19:20","guid":{"rendered":"https:\/\/vieassociative.be\/actualites\/jutilise-personnellement-ces-outils-milwaukee-et-ils-sont-actuellement-a-50-de-reduction\/"},"modified":"2026-03-24T15:19:20","modified_gmt":"2026-03-24T14:19:20","slug":"jutilise-personnellement-ces-outils-milwaukee-et-ils-sont-actuellement-a-50-de-reduction","status":"publish","type":"post","link":"https:\/\/vieassociative.be\/actualites\/jutilise-personnellement-ces-outils-milwaukee-et-ils-sont-actuellement-a-50-de-reduction\/","title":{"rendered":"J&rsquo;utilise personnellement ces outils Milwaukee et ils sont actuellement \u00e0 50\u00a0% de r\u00e9duction"},"content":{"rendered":"<p>Nous pouvons gagner une commission sur les liens sur cette page. Les prix et la disponibilit\u00e9 de l&rsquo;offre sont sujets \u00e0 changement apr\u00e8s la publication.<\/p>\n<p>Si vous construisez un ensemble d&rsquo;outils sans fil pour la premi\u00e8re fois ou si vous remplacez un ancien ensemble us\u00e9, un kit combin\u00e9 est un bon moyen d&rsquo;\u00e9conomiser de l&rsquo;argent sur plusieurs outils ainsi que sur les batteries et les chargeurs. \u00c9tant donn\u00e9 que les batteries peuvent \u00eatre un composant co\u00fbteux d\u2019un ensemble d\u2019outils sans fil, se procurer un kit qui les comprend est un bon moyen de r\u00e9duire vos co\u00fbts. Si vous essayez une nouvelle plate-forme de batterie, vous pouvez \u00e9tendre votre ensemble \u00e0 mesure que vos besoins \u00e9voluent en ajoutant de nouveaux outils qui fonctionneront avec vos batteries existantes.<\/p>\n<h2 id=\"why-the-milwaukee-five-tool-combo-set-is-a-good-deal\">Pourquoi l&rsquo;ensemble combin\u00e9 de cinq outils Milwaukee est une bonne affaire<\/h2>\n<p>L&rsquo;ensemble combin\u00e9 de cinq outils Milwaukee est en vente chez Home Depot au prix de 299 $, soit 50 % de r\u00e9duction sur son prix r\u00e9gulier, et il contient certains des outils les plus utiles qu&rsquo;ils fabriquent. <\/p>\n<div class=\"pogoClear mb-12 mt-10 rounded-md border-2 border-gray-100 py-7 shadow-xl md:py-6\">\n<div class=\"flex flex-wrap justify-between px-7 text-black no-underline md:flex-nowrap md:px-8\">\n<div class=\"order-1 mx-auto flex flex-col justify-center md:order-2 md:ml-4 md:w-full md:grow\">\n<div class=\"block cursor-pointer text-center font-akshar text-2xl font-medium leading-7 text-brand-green duration-200 ease-in-out hover:text-brand-green-700 md:text-left md:text-xl md:leading-6\">Ensemble combin\u00e9 de cinq outils Milwaukee\n                <\/div>\n<div class=\"mt-4 hidden md:flex md:justify-between\">\n<div class=\"self-end\">\n<div class=\"mb-0 h-11 md:flex md:flex-col md:justify-center\">\n<div class=\" font-sans leading-4 text-black\">\n<div class=\"flex flex-wrap items-center justify-center gap-1 md:justify-start\">\n        <span class=\"font-bold\"><\/p>\n<p>            299,00\u00a0$<br \/>\n                            <span class=\"font-medium\">chez Home D\u00e9p\u00f4t<\/span><br \/>\n                    <\/span>\n            <\/div>\n<div class=\"flex items-center justify-center gap-x-1 font-bold md:justify-start\">\n            <span class=\"text-sm line-through\">599,00\u00a0$<\/span><br \/>\n            <span class=\"text-sm text-brand-green\">\u00c9conomisez 300,00\u00a0$<\/span>\n        <\/div>\n<\/p><\/div>\n<\/p><\/div>\n<\/p><\/div>\n<div class=\"w-44 self-end\">\n                            <button class=\"flex justify-center items-center w-full bg-brand-green text-white text-base font-sans font-medium rounded-md hover:bg-brand-green-700 hover:cursor-pointer md:text-sm h-11\"><\/p>\n<p>    Obtenez une offre<br \/>\n<\/button>\n                        <\/div>\n<\/p><\/div>\n<\/p><\/div>\n<div class=\"order-2 mt-5 h-auto w-full md:order-1 md:mt-0 md:hidden\">\n<div class=\"flex aspect-video items-center justify-center\">\n                                            <img decoding=\"async\" class=\"m-0 max-h-full max-w-full rounded-md\" src=\"https:\/\/vieassociative.be\/actualites\/wp-content\/uploads\/2026\/03\/Jutilise-personnellement-ces-outils-Milwaukee-et-ils-sont-actuellement-a.png\" alt=\"Ensemble combin\u00e9 de cinq outils Milwaukee\" width=\"auto\" height=\"auto\" loading=\"lazy\">\n                                    <\/div>\n<\/p><\/div>\n<div class=\"order-2 ml-2 hidden w-32 shrink-0 items-center md:order-1 md:ml-0 md:flex\">\n<div class=\"flex aspect-video items-center justify-center\">\n                                            <img decoding=\"async\" class=\"m-0 max-h-full max-w-full rounded-md\" src=\"https:\/\/vieassociative.be\/actualites\/wp-content\/uploads\/2026\/03\/Jutilise-personnellement-ces-outils-Milwaukee-et-ils-sont-actuellement-a.png\" alt=\"Ensemble combin\u00e9 de cinq outils Milwaukee\" width=\"auto\" height=\"auto\" loading=\"lazy\">\n                                    <\/div>\n<\/p><\/div>\n<div class=\"order-3 flex grow flex-wrap md:hidden md:grow-0\">\n<div class=\"mt-4 w-full\">\n                        <button class=\"flex justify-center items-center w-full bg-brand-green text-white text-base font-sans font-medium rounded-md hover:bg-brand-green-700 hover:cursor-pointer md:text-sm h-11\"><\/p>\n<p>    Obtenez une offre<br \/>\n<\/button>\n                    <\/div>\n<div class=\"mx-2 mt-4 w-full\">\n<div class=\" font-sans leading-4 text-black\">\n<div class=\"flex flex-wrap items-center justify-center gap-1 md:justify-start\">\n        <span class=\"font-bold\"><\/p>\n<p>            299,00\u00a0$<br \/>\n                            <span class=\"font-medium\">chez Home D\u00e9p\u00f4t<\/span><br \/>\n                    <\/span>\n            <\/div>\n<div class=\"flex items-center justify-center gap-x-1 font-bold md:justify-start\">\n            <span class=\"text-sm line-through\">599,00\u00a0$<\/span><br \/>\n            <span class=\"text-sm text-brand-green\">\u00c9conomisez 300,00\u00a0$<\/span>\n        <\/div>\n<\/p><\/div>\n<\/p><\/div>\n<\/p><\/div>\n<\/p><\/div>\n<\/div>\n<p>\u00c9tant donn\u00e9 qu\u2019un ensemble batterie et chargeur \u00e0 lui seul peut co\u00fbter jusqu\u2019\u00e0 200 $, selon la capacit\u00e9 de la batterie, obtenir cinq outils ainsi que deux batteries avec chargeur repr\u00e9sente une \u00e9conomie importante. \u00c9tant donn\u00e9 que les batteries Milwaukee 18 volts sont compatibles avec tous leurs outils 18 volts, l&rsquo;ensemble est polyvalent et peut \u00eatre ajout\u00e9 sans avoir besoin de remplacer les batteries. \u00c9tant donn\u00e9 que ces outils sont connus pour \u00eatre durables, vous pouvez \u00e9galement \u00e9conomiser de l\u2019argent en rempla\u00e7ant les outils et les batteries us\u00e9s toutes les quelques ann\u00e9es. Mon jeu de batteries Milwaukee de 18 volts a dur\u00e9 au moins 10 ans, et certaines d&rsquo;entre elles durent 15 ans.<\/p>\n<h2 id=\"what-comes-with-the-milwaukee-five-tool-combo-set\">Ce qui est livr\u00e9 avec l&rsquo;ensemble combin\u00e9 de cinq outils Milwaukee <\/h2>\n<p>L&rsquo;ensemble combin\u00e9 de cinq outils Milwaukee comprend une perceuse \u00e0 mandrin de \u00bd pouce, une visseuse \u00e0 percussion \u00e0 mandrin de \u00bc de pouce, un outil multifonction oscillant, une scie alternative compacte, une lampe de travail, une batterie de trois amp\u00e8res-heure, une batterie de 1,5 amp\u00e8re-heure, un chargeur et un sac \u00e0 outils.<\/p>\n<p>La perceuse et la visseuse \u00e0 percussion constituent la base d&rsquo;un ensemble d&rsquo;outils sans fil, vous permettant de percer des trous et d&rsquo;enfoncer des vis et d&rsquo;autres mat\u00e9riels pour des projets de bricolage. Ces outils constituent la base d\u2019un ensemble d\u2019outils de bricolage. L&rsquo;outil multifonction oscillant peut couper des mat\u00e9riaux du m\u00e9tal au PVC et effectuer des coupes plongeantes dans le pl\u00e2tre et les cloisons s\u00e8ches. Vous pouvez \u00e9galement l&rsquo;utiliser avec un accessoire de pon\u00e7age pour acc\u00e9der aux espaces restreints. J&rsquo;ai utilis\u00e9 mon outil multifonction oscillant lorsque j&rsquo;avais besoin de remplacer le lavabo de ma salle de bain, et j&rsquo;ai utilis\u00e9 un outil avec plusieurs lames au lieu de trois ou quatre outils diff\u00e9rents pour le travail. <\/p>\n<p>La lampe de travail ne semble peut-\u00eatre pas \u00eatre une pi\u00e8ce cruciale de l&rsquo;ensemble, mais si vous avez d\u00e9j\u00e0 eu besoin de couper le disjoncteur d&rsquo;une prise sur laquelle vous travaillez, ou si vous avez besoin de voir dans un coin sombre de votre sous-sol lorsque vous connectez un \u00e9vent de s\u00e9cheuse, vous serez heureux d&rsquo;avoir une lampe de travail portable que vous pouvez viser partout o\u00f9 vous en avez besoin. <\/p>\n<h2 id=\"why-i-recommend-milwaukee-tools\">Pourquoi je recommande les outils Milwaukee<\/h2>\n<p>J&rsquo;utilise les outils Milwaukee dans mon ensemble d&rsquo;outils personnels et, en tant que menuisier professionnel, je compte souvent sur mon ensemble 18 volts pour construire des meubles et installer des \u00e9tag\u00e8res. J&rsquo;ai le m\u00eame jeu de batteries depuis que j&rsquo;ai achet\u00e9 mes outils et je n&rsquo;ai eu qu&rsquo;une seule batterie us\u00e9e, et c&rsquo;\u00e9tait apr\u00e8s une d\u00e9cennie d&rsquo;utilisation, \u00e0 la fois \u00e0 l&rsquo;ext\u00e9rieur et dans un magasin dans des conditions chaudes, humides et boueuses.<\/p>\n<p>Milwaukee fabrique des outils depuis plus de 100 ans et sa gamme d&rsquo;outils sans fil est une marque de confiance pour les entrepreneurs depuis les ann\u00e9es 1990. Parce que leurs premiers outils sans fil \u00e9taient principalement destin\u00e9s \u00e0 un usage professionnel, ils ont acquis la r\u00e9putation d\u2019\u00eatre durables et durables. Maintenant que leur syst\u00e8me de batterie et leurs outils sont plus abordables, de nombreux bricoleurs les utilisent \u00e9galement dans leurs kits d&rsquo;outils domestiques.<\/p>\n<div class=\" relative flex justify-center py-16 md:left-1\/2 md:w-(780px) md:max-w-max md:-translate-x-1\/2\">\n<div class=\"w-max text-center sm:text-left\">\n<div class=\"custom-gradient-background mb-6 rounded-md p-(2px) sm:rounded-tl-none\">\n<div class=\"flex flex-col rounded bg-white sm:rounded-tl-none\">\n                    <span class=\"-mt-4 block w-fit max-w-(calc(100%-1rem)) self-center bg-white px-3 text-center font-akshar text-xl font-medium capitalize text-gray-800 sm:max-w-(calc(100%-2.5rem)) sm:self-start sm:px-10 sm:text-left sm:text-2xl\">Nos meilleures offres de vente de printemps Amazon approuv\u00e9es par les \u00e9diteurs en ce moment<\/span><\/p>\n<div class=\"flex flex-col gap-3 p-3 pb-4 text-sm sm:p-10 sm:pt-6 sm:text-justify sm:text-base\">\n<div>\n<p>    \u00c9couteurs sans fil \u00e0 suppression active du bruit Apple AirPods 4<\/p>\n<p>                                <span class=\"text-black\"><br \/>\n                                    \u2014<br \/>\n                                    <span class=\"font-bold\">149,00\u00a0$<\/span><br \/>\n                                    <span class=\"!text-xs italic sm:!text-sm\"><\/p>\n<p>                                        (Prix catalogue 179,00 $)<br \/>\n                                    <\/span><br \/>\n                                <\/span>\n                            <\/div>\n<div>\n<p>    Apple iPad 11&Prime; 128 Go A16 WiFi Tablette (Bleu, 2025)<\/p>\n<p>                                <span class=\"text-black\"><br \/>\n                                    \u2014<br \/>\n                                    <span class=\"font-bold\">299,00\u00a0$<\/span><br \/>\n                                    <span class=\"!text-xs italic sm:!text-sm\"><\/p>\n<p>                                        (Prix catalogue 349,00 $)<br \/>\n                                    <\/span><br \/>\n                                <\/span>\n                            <\/div>\n<div>\n<p>    Sony WH1000XM6 \u2013 Meilleur casque sans fil \u00e0 r\u00e9duction de bruit<\/p>\n<p>                                <span class=\"text-black\"><br \/>\n                                    \u2014<br \/>\n                                    <span class=\"font-bold\">398,00\u00a0$<\/span><br \/>\n                                    <span class=\"!text-xs italic sm:!text-sm\"><\/p>\n<p>                                        (Prix catalogue 459,99 $)<br \/>\n                                    <\/span><br \/>\n                                <\/span>\n                            <\/div>\n<div>\n<p>    Apple Watch Series 11 (GPS, 42 mm, bracelet sport noir S\/M)<\/p>\n<p>                                <span class=\"text-black\"><br \/>\n                                    \u2014<br \/>\n                                    <span class=\"font-bold\">299,00\u00a0$<\/span><br \/>\n                                    <span class=\"!text-xs italic sm:!text-sm\"><\/p>\n<p>                                        (Prix catalogue 399,00 $)<br \/>\n                                    <\/span><br \/>\n                                <\/span>\n                            <\/div>\n<div>\n<p>    Sonnette vid\u00e9o sans fil Blink (mod\u00e8le le plus r\u00e9cent) + module de synchronisation<\/p>\n<p>                                <span class=\"text-black\"><br \/>\n                                    \u2014<br \/>\n                                    <span class=\"font-bold\">35,99\u00a0$<\/span><br \/>\n                                    <span class=\"!text-xs italic sm:!text-sm\"><\/p>\n<p>                                        (Prix catalogue 69,99 $)<br \/>\n                                    <\/span><br \/>\n                                <\/span>\n                            <\/div>\n<div>\n<p>    Cam\u00e9ra de s\u00e9curit\u00e9 filaire Ring Indoor Cam Plus 2K (Blanc)<\/p>\n<p>                                <span class=\"text-black\"><br \/>\n                                    \u2014<br \/>\n                                    <span class=\"font-bold\">39,99\u00a0$<\/span><br \/>\n                                    <span class=\"!text-xs italic sm:!text-sm\"><\/p>\n<p>                                        (Prix catalogue 59,99 $)<br \/>\n                                    <\/span><br \/>\n                                <\/span>\n                            <\/div>\n<div>\n<p>    Lecteur de streaming Fire TV Stick 4K Max avec t\u00e9l\u00e9commande<\/p>\n<p>                                <span class=\"text-black\"><br \/>\n                                    \u2014<br \/>\n                                    <span class=\"font-bold\">34,99\u00a0$<\/span><br \/>\n                                    <span class=\"!text-xs italic sm:!text-sm\"><\/p>\n<p>                                        (Prix catalogue 59,99 $)<br \/>\n                                    <\/span><br \/>\n                                <\/span>\n                            <\/div>\n<div>\n<p>    Amazon Kindle Colorsoft 16 Go 7&Prime; eReader (Noir)<\/p>\n<p>                                <span class=\"text-black\"><br \/>\n                                    \u2014<br \/>\n                                    <span class=\"font-bold\">169,99\u00a0$<\/span><br \/>\n                                    <span class=\"!text-xs italic sm:!text-sm\"><\/p>\n<p>                                        (Prix catalogue 249,99 $)<br \/>\n                                    <\/span><br \/>\n                                <\/span>\n                            <\/div>\n<\/p><\/div>\n<\/p><\/div>\n<\/p><\/div>\n<div class=\"flex flex-col items-center justify-between text-black sm:flex-row sm:px-6\">\n                <span class=\"text-xs italic sm:ml-7 sm:text-sm\">Les offres sont s\u00e9lectionn\u00e9es par notre \u00e9quipe commerciale<\/span><\/p><\/div>\n<\/p><\/div>\n<\/p><\/div>\n","protected":false},"excerpt":{"rendered":"<p>Nous pouvons gagner une commission sur les liens sur cette page. Les prix et la disponibilit\u00e9 de l&rsquo;offre sont sujets \u00e0 changement apr\u00e8s la publication.<\/p>\n","protected":false},"author":1,"featured_media":13165,"comment_status":"","ping_status":"","sticky":false,"template":"","format":"standard","meta":{"footnotes":""},"categories":[40],"tags":[19,248,4317,3406,5417,825,10322,308,18],"class_list":["post-13164","post","type-post","status-publish","format-standard","has-post-thumbnail","hentry","category-maison","tag-actuellement","tag-ces","tag-ils","tag-jutilise","tag-milwaukee","tag-outils","tag-personnellement","tag-reduction","tag-sont","generate-columns","tablet-grid-50","mobile-grid-100","grid-parent","grid-33"],"yoast_head":"<!-- This site is optimized with the Yoast SEO plugin v24.0 - https:\/\/yoast.com\/wordpress\/plugins\/seo\/ -->\n<title>J&#039;utilise personnellement ces outils Milwaukee et ils sont actuellement \u00e0 50\u00a0% de r\u00e9duction | Vie Associative<\/title>\n<meta name=\"robots\" content=\"index, follow, max-snippet:-1, max-image-preview:large, max-video-preview:-1\" \/>\n<link rel=\"canonical\" href=\"https:\/\/vieassociative.be\/actualites\/jutilise-personnellement-ces-outils-milwaukee-et-ils-sont-actuellement-a-50-de-reduction\/\" \/>\n<meta property=\"og:locale\" content=\"fr_FR\" \/>\n<meta property=\"og:type\" content=\"article\" \/>\n<meta property=\"og:title\" content=\"J&#039;utilise personnellement ces outils Milwaukee et ils sont actuellement \u00e0 50\u00a0% de r\u00e9duction | Vie Associative\" \/>\n<meta property=\"og:description\" content=\"Nous pouvons gagner une commission sur les liens sur cette page. Les prix et la disponibilit\u00e9 de l&rsquo;offre sont sujets \u00e0 changement apr\u00e8s la publication.\" \/>\n<meta property=\"og:url\" content=\"https:\/\/vieassociative.be\/actualites\/jutilise-personnellement-ces-outils-milwaukee-et-ils-sont-actuellement-a-50-de-reduction\/\" \/>\n<meta property=\"og:site_name\" content=\"Vie Associative\" \/>\n<meta property=\"article:published_time\" content=\"2026-03-24T14:19:20+00:00\" \/>\n<meta property=\"og:image\" content=\"https:\/\/vieassociative.be\/actualites\/wp-content\/uploads\/2026\/03\/Jutilise-personnellement-ces-outils-Milwaukee-et-ils-sont-actuellement-a.png\" \/>\n<meta name=\"author\" content=\"Julien\" \/>\n<meta name=\"twitter:card\" content=\"summary_large_image\" \/>\n<meta name=\"twitter:label1\" content=\"\u00c9crit par\" \/>\n\t<meta name=\"twitter:data1\" content=\"Julien\" \/>\n\t<meta name=\"twitter:label2\" content=\"Dur\u00e9e de lecture est.\" \/>\n\t<meta name=\"twitter:data2\" content=\"4 minutes\" \/>\n<script type=\"application\/ld+json\" class=\"yoast-schema-graph\">{\"@context\":\"https:\/\/schema.org\",\"@graph\":[{\"@type\":\"Article\",\"@id\":\"https:\/\/vieassociative.be\/actualites\/jutilise-personnellement-ces-outils-milwaukee-et-ils-sont-actuellement-a-50-de-reduction\/#article\",\"isPartOf\":{\"@id\":\"https:\/\/vieassociative.be\/actualites\/jutilise-personnellement-ces-outils-milwaukee-et-ils-sont-actuellement-a-50-de-reduction\/\"},\"author\":{\"name\":\"Julien\",\"@id\":\"https:\/\/vieassociative.be\/actualites\/#\/schema\/person\/b87ac4f82f9d4e7b7cec7395b679edc4\"},\"headline\":\"J&rsquo;utilise personnellement ces outils Milwaukee et ils sont actuellement \u00e0 50\u00a0% de r\u00e9duction\",\"datePublished\":\"2026-03-24T14:19:20+00:00\",\"dateModified\":\"2026-03-24T14:19:20+00:00\",\"mainEntityOfPage\":{\"@id\":\"https:\/\/vieassociative.be\/actualites\/jutilise-personnellement-ces-outils-milwaukee-et-ils-sont-actuellement-a-50-de-reduction\/\"},\"wordCount\":901,\"publisher\":{\"@id\":\"https:\/\/vieassociative.be\/actualites\/#organization\"},\"image\":{\"@id\":\"https:\/\/vieassociative.be\/actualites\/jutilise-personnellement-ces-outils-milwaukee-et-ils-sont-actuellement-a-50-de-reduction\/#primaryimage\"},\"thumbnailUrl\":\"https:\/\/vieassociative.be\/actualites\/wp-content\/uploads\/2026\/03\/1774361961_Jutilise-personnellement-ces-outils-Milwaukee-et-ils-sont-actuellement-a.png\",\"keywords\":[\"actuellement\",\"ces\",\"ils\",\"jutilise\",\"Milwaukee\",\"outils\",\"personnellement\",\"r\u00e9duction\",\"sont\"],\"articleSection\":[\"Maison\"],\"inLanguage\":\"fr-BE\"},{\"@type\":\"WebPage\",\"@id\":\"https:\/\/vieassociative.be\/actualites\/jutilise-personnellement-ces-outils-milwaukee-et-ils-sont-actuellement-a-50-de-reduction\/\",\"url\":\"https:\/\/vieassociative.be\/actualites\/jutilise-personnellement-ces-outils-milwaukee-et-ils-sont-actuellement-a-50-de-reduction\/\",\"name\":\"J'utilise personnellement ces outils Milwaukee et ils sont actuellement \u00e0 50\u00a0% de r\u00e9duction | Vie Associative\",\"isPartOf\":{\"@id\":\"https:\/\/vieassociative.be\/actualites\/#website\"},\"primaryImageOfPage\":{\"@id\":\"https:\/\/vieassociative.be\/actualites\/jutilise-personnellement-ces-outils-milwaukee-et-ils-sont-actuellement-a-50-de-reduction\/#primaryimage\"},\"image\":{\"@id\":\"https:\/\/vieassociative.be\/actualites\/jutilise-personnellement-ces-outils-milwaukee-et-ils-sont-actuellement-a-50-de-reduction\/#primaryimage\"},\"thumbnailUrl\":\"https:\/\/vieassociative.be\/actualites\/wp-content\/uploads\/2026\/03\/1774361961_Jutilise-personnellement-ces-outils-Milwaukee-et-ils-sont-actuellement-a.png\",\"datePublished\":\"2026-03-24T14:19:20+00:00\",\"dateModified\":\"2026-03-24T14:19:20+00:00\",\"breadcrumb\":{\"@id\":\"https:\/\/vieassociative.be\/actualites\/jutilise-personnellement-ces-outils-milwaukee-et-ils-sont-actuellement-a-50-de-reduction\/#breadcrumb\"},\"inLanguage\":\"fr-BE\",\"potentialAction\":[{\"@type\":\"ReadAction\",\"target\":[\"https:\/\/vieassociative.be\/actualites\/jutilise-personnellement-ces-outils-milwaukee-et-ils-sont-actuellement-a-50-de-reduction\/\"]}]},{\"@type\":\"ImageObject\",\"inLanguage\":\"fr-BE\",\"@id\":\"https:\/\/vieassociative.be\/actualites\/jutilise-personnellement-ces-outils-milwaukee-et-ils-sont-actuellement-a-50-de-reduction\/#primaryimage\",\"url\":\"https:\/\/vieassociative.be\/actualites\/wp-content\/uploads\/2026\/03\/1774361961_Jutilise-personnellement-ces-outils-Milwaukee-et-ils-sont-actuellement-a.png\",\"contentUrl\":\"https:\/\/vieassociative.be\/actualites\/wp-content\/uploads\/2026\/03\/1774361961_Jutilise-personnellement-ces-outils-Milwaukee-et-ils-sont-actuellement-a.png\",\"width\":1200,\"height\":675,\"caption\":\"J'utilise personnellement ces outils Milwaukee et ils sont actuellement \u00e0 50\u00a0% de r\u00e9duction\"},{\"@type\":\"BreadcrumbList\",\"@id\":\"https:\/\/vieassociative.be\/actualites\/jutilise-personnellement-ces-outils-milwaukee-et-ils-sont-actuellement-a-50-de-reduction\/#breadcrumb\",\"itemListElement\":[{\"@type\":\"ListItem\",\"position\":1,\"name\":\"Accueil\",\"item\":\"https:\/\/vieassociative.be\/actualites\/\"},{\"@type\":\"ListItem\",\"position\":2,\"name\":\"J&rsquo;utilise personnellement ces outils Milwaukee et ils sont actuellement \u00e0 50\u00a0% de r\u00e9duction\"}]},{\"@type\":\"WebSite\",\"@id\":\"https:\/\/vieassociative.be\/actualites\/#website\",\"url\":\"https:\/\/vieassociative.be\/actualites\/\",\"name\":\"Vie Associative\",\"description\":\"\",\"publisher\":{\"@id\":\"https:\/\/vieassociative.be\/actualites\/#organization\"},\"potentialAction\":[{\"@type\":\"SearchAction\",\"target\":{\"@type\":\"EntryPoint\",\"urlTemplate\":\"https:\/\/vieassociative.be\/actualites\/?s={search_term_string}\"},\"query-input\":{\"@type\":\"PropertyValueSpecification\",\"valueRequired\":true,\"valueName\":\"search_term_string\"}}],\"inLanguage\":\"fr-BE\"},{\"@type\":\"Organization\",\"@id\":\"https:\/\/vieassociative.be\/actualites\/#organization\",\"name\":\"Vie Associative\",\"url\":\"https:\/\/vieassociative.be\/actualites\/\",\"logo\":{\"@type\":\"ImageObject\",\"inLanguage\":\"fr-BE\",\"@id\":\"https:\/\/vieassociative.be\/actualites\/#\/schema\/logo\/image\/\",\"url\":\"https:\/\/vieassociative.be\/actualites\/wp-content\/uploads\/2024\/09\/cropped-vieassociative_favicon.ico.png\",\"contentUrl\":\"https:\/\/vieassociative.be\/actualites\/wp-content\/uploads\/2024\/09\/cropped-vieassociative_favicon.ico.png\",\"width\":512,\"height\":512,\"caption\":\"Vie Associative\"},\"image\":{\"@id\":\"https:\/\/vieassociative.be\/actualites\/#\/schema\/logo\/image\/\"}},{\"@type\":\"Person\",\"@id\":\"https:\/\/vieassociative.be\/actualites\/#\/schema\/person\/b87ac4f82f9d4e7b7cec7395b679edc4\",\"name\":\"Julien\",\"image\":{\"@type\":\"ImageObject\",\"inLanguage\":\"fr-BE\",\"@id\":\"https:\/\/vieassociative.be\/actualites\/#\/schema\/person\/image\/\",\"url\":\"https:\/\/vieassociative.be\/actualites\/wp-content\/uploads\/2024\/09\/vie-associative-1-150x150.jpg\",\"contentUrl\":\"https:\/\/vieassociative.be\/actualites\/wp-content\/uploads\/2024\/09\/vie-associative-1-150x150.jpg\",\"caption\":\"Julien\"},\"description\":\"Je suis Julien, r\u00e9dacteur pour Vie Associative. Passionn\u00e9 par le monde associatif depuis plus de 10 ans, j'ai \u00e0 c\u0153ur de partager des histoires inspirantes et de mettre en lumi\u00e8re les initiatives locales. Mon objectif est de sensibiliser et d'encourager l'engagement communautaire \u00e0 travers mes articles.\",\"sameAs\":[\"https:\/\/vieassociative.be\/\"]}]}<\/script>\n<!-- \/ Yoast SEO plugin. -->","yoast_head_json":{"title":"J'utilise personnellement ces outils Milwaukee et ils sont actuellement \u00e0 50\u00a0% de r\u00e9duction | Vie Associative","robots":{"index":"index","follow":"follow","max-snippet":"max-snippet:-1","max-image-preview":"max-image-preview:large","max-video-preview":"max-video-preview:-1"},"canonical":"https:\/\/vieassociative.be\/actualites\/jutilise-personnellement-ces-outils-milwaukee-et-ils-sont-actuellement-a-50-de-reduction\/","og_locale":"fr_FR","og_type":"article","og_title":"J'utilise personnellement ces outils Milwaukee et ils sont actuellement \u00e0 50\u00a0% de r\u00e9duction | Vie Associative","og_description":"Nous pouvons gagner une commission sur les liens sur cette page. Les prix et la disponibilit\u00e9 de l&rsquo;offre sont sujets \u00e0 changement apr\u00e8s la publication.","og_url":"https:\/\/vieassociative.be\/actualites\/jutilise-personnellement-ces-outils-milwaukee-et-ils-sont-actuellement-a-50-de-reduction\/","og_site_name":"Vie Associative","article_published_time":"2026-03-24T14:19:20+00:00","og_image":[{"url":"https:\/\/vieassociative.be\/actualites\/wp-content\/uploads\/2026\/03\/Jutilise-personnellement-ces-outils-Milwaukee-et-ils-sont-actuellement-a.png","type":"","width":"","height":""}],"author":"Julien","twitter_card":"summary_large_image","twitter_misc":{"\u00c9crit par":"Julien","Dur\u00e9e de lecture est.":"4 minutes"},"schema":{"@context":"https:\/\/schema.org","@graph":[{"@type":"Article","@id":"https:\/\/vieassociative.be\/actualites\/jutilise-personnellement-ces-outils-milwaukee-et-ils-sont-actuellement-a-50-de-reduction\/#article","isPartOf":{"@id":"https:\/\/vieassociative.be\/actualites\/jutilise-personnellement-ces-outils-milwaukee-et-ils-sont-actuellement-a-50-de-reduction\/"},"author":{"name":"Julien","@id":"https:\/\/vieassociative.be\/actualites\/#\/schema\/person\/b87ac4f82f9d4e7b7cec7395b679edc4"},"headline":"J&rsquo;utilise personnellement ces outils Milwaukee et ils sont actuellement \u00e0 50\u00a0% de r\u00e9duction","datePublished":"2026-03-24T14:19:20+00:00","dateModified":"2026-03-24T14:19:20+00:00","mainEntityOfPage":{"@id":"https:\/\/vieassociative.be\/actualites\/jutilise-personnellement-ces-outils-milwaukee-et-ils-sont-actuellement-a-50-de-reduction\/"},"wordCount":901,"publisher":{"@id":"https:\/\/vieassociative.be\/actualites\/#organization"},"image":{"@id":"https:\/\/vieassociative.be\/actualites\/jutilise-personnellement-ces-outils-milwaukee-et-ils-sont-actuellement-a-50-de-reduction\/#primaryimage"},"thumbnailUrl":"https:\/\/vieassociative.be\/actualites\/wp-content\/uploads\/2026\/03\/1774361961_Jutilise-personnellement-ces-outils-Milwaukee-et-ils-sont-actuellement-a.png","keywords":["actuellement","ces","ils","jutilise","Milwaukee","outils","personnellement","r\u00e9duction","sont"],"articleSection":["Maison"],"inLanguage":"fr-BE"},{"@type":"WebPage","@id":"https:\/\/vieassociative.be\/actualites\/jutilise-personnellement-ces-outils-milwaukee-et-ils-sont-actuellement-a-50-de-reduction\/","url":"https:\/\/vieassociative.be\/actualites\/jutilise-personnellement-ces-outils-milwaukee-et-ils-sont-actuellement-a-50-de-reduction\/","name":"J'utilise personnellement ces outils Milwaukee et ils sont actuellement \u00e0 50\u00a0% de r\u00e9duction | Vie Associative","isPartOf":{"@id":"https:\/\/vieassociative.be\/actualites\/#website"},"primaryImageOfPage":{"@id":"https:\/\/vieassociative.be\/actualites\/jutilise-personnellement-ces-outils-milwaukee-et-ils-sont-actuellement-a-50-de-reduction\/#primaryimage"},"image":{"@id":"https:\/\/vieassociative.be\/actualites\/jutilise-personnellement-ces-outils-milwaukee-et-ils-sont-actuellement-a-50-de-reduction\/#primaryimage"},"thumbnailUrl":"https:\/\/vieassociative.be\/actualites\/wp-content\/uploads\/2026\/03\/1774361961_Jutilise-personnellement-ces-outils-Milwaukee-et-ils-sont-actuellement-a.png","datePublished":"2026-03-24T14:19:20+00:00","dateModified":"2026-03-24T14:19:20+00:00","breadcrumb":{"@id":"https:\/\/vieassociative.be\/actualites\/jutilise-personnellement-ces-outils-milwaukee-et-ils-sont-actuellement-a-50-de-reduction\/#breadcrumb"},"inLanguage":"fr-BE","potentialAction":[{"@type":"ReadAction","target":["https:\/\/vieassociative.be\/actualites\/jutilise-personnellement-ces-outils-milwaukee-et-ils-sont-actuellement-a-50-de-reduction\/"]}]},{"@type":"ImageObject","inLanguage":"fr-BE","@id":"https:\/\/vieassociative.be\/actualites\/jutilise-personnellement-ces-outils-milwaukee-et-ils-sont-actuellement-a-50-de-reduction\/#primaryimage","url":"https:\/\/vieassociative.be\/actualites\/wp-content\/uploads\/2026\/03\/1774361961_Jutilise-personnellement-ces-outils-Milwaukee-et-ils-sont-actuellement-a.png","contentUrl":"https:\/\/vieassociative.be\/actualites\/wp-content\/uploads\/2026\/03\/1774361961_Jutilise-personnellement-ces-outils-Milwaukee-et-ils-sont-actuellement-a.png","width":1200,"height":675,"caption":"J'utilise personnellement ces outils Milwaukee et ils sont actuellement \u00e0 50\u00a0% de r\u00e9duction"},{"@type":"BreadcrumbList","@id":"https:\/\/vieassociative.be\/actualites\/jutilise-personnellement-ces-outils-milwaukee-et-ils-sont-actuellement-a-50-de-reduction\/#breadcrumb","itemListElement":[{"@type":"ListItem","position":1,"name":"Accueil","item":"https:\/\/vieassociative.be\/actualites\/"},{"@type":"ListItem","position":2,"name":"J&rsquo;utilise personnellement ces outils Milwaukee et ils sont actuellement \u00e0 50\u00a0% de r\u00e9duction"}]},{"@type":"WebSite","@id":"https:\/\/vieassociative.be\/actualites\/#website","url":"https:\/\/vieassociative.be\/actualites\/","name":"Vie Associative","description":"","publisher":{"@id":"https:\/\/vieassociative.be\/actualites\/#organization"},"potentialAction":[{"@type":"SearchAction","target":{"@type":"EntryPoint","urlTemplate":"https:\/\/vieassociative.be\/actualites\/?s={search_term_string}"},"query-input":{"@type":"PropertyValueSpecification","valueRequired":true,"valueName":"search_term_string"}}],"inLanguage":"fr-BE"},{"@type":"Organization","@id":"https:\/\/vieassociative.be\/actualites\/#organization","name":"Vie Associative","url":"https:\/\/vieassociative.be\/actualites\/","logo":{"@type":"ImageObject","inLanguage":"fr-BE","@id":"https:\/\/vieassociative.be\/actualites\/#\/schema\/logo\/image\/","url":"https:\/\/vieassociative.be\/actualites\/wp-content\/uploads\/2024\/09\/cropped-vieassociative_favicon.ico.png","contentUrl":"https:\/\/vieassociative.be\/actualites\/wp-content\/uploads\/2024\/09\/cropped-vieassociative_favicon.ico.png","width":512,"height":512,"caption":"Vie Associative"},"image":{"@id":"https:\/\/vieassociative.be\/actualites\/#\/schema\/logo\/image\/"}},{"@type":"Person","@id":"https:\/\/vieassociative.be\/actualites\/#\/schema\/person\/b87ac4f82f9d4e7b7cec7395b679edc4","name":"Julien","image":{"@type":"ImageObject","inLanguage":"fr-BE","@id":"https:\/\/vieassociative.be\/actualites\/#\/schema\/person\/image\/","url":"https:\/\/vieassociative.be\/actualites\/wp-content\/uploads\/2024\/09\/vie-associative-1-150x150.jpg","contentUrl":"https:\/\/vieassociative.be\/actualites\/wp-content\/uploads\/2024\/09\/vie-associative-1-150x150.jpg","caption":"Julien"},"description":"Je suis Julien, r\u00e9dacteur pour Vie Associative. Passionn\u00e9 par le monde associatif depuis plus de 10 ans, j'ai \u00e0 c\u0153ur de partager des histoires inspirantes et de mettre en lumi\u00e8re les initiatives locales. Mon objectif est de sensibiliser et d'encourager l'engagement communautaire \u00e0 travers mes articles.","sameAs":["https:\/\/vieassociative.be\/"]}]}},"_links":{"self":[{"href":"https:\/\/vieassociative.be\/actualites\/wp-json\/wp\/v2\/posts\/13164"}],"collection":[{"href":"https:\/\/vieassociative.be\/actualites\/wp-json\/wp\/v2\/posts"}],"about":[{"href":"https:\/\/vieassociative.be\/actualites\/wp-json\/wp\/v2\/types\/post"}],"author":[{"embeddable":true,"href":"https:\/\/vieassociative.be\/actualites\/wp-json\/wp\/v2\/users\/1"}],"replies":[{"embeddable":true,"href":"https:\/\/vieassociative.be\/actualites\/wp-json\/wp\/v2\/comments?post=13164"}],"version-history":[{"count":0,"href":"https:\/\/vieassociative.be\/actualites\/wp-json\/wp\/v2\/posts\/13164\/revisions"}],"wp:featuredmedia":[{"embeddable":true,"href":"https:\/\/vieassociative.be\/actualites\/wp-json\/wp\/v2\/media\/13165"}],"wp:attachment":[{"href":"https:\/\/vieassociative.be\/actualites\/wp-json\/wp\/v2\/media?parent=13164"}],"wp:term":[{"taxonomy":"category","embeddable":true,"href":"https:\/\/vieassociative.be\/actualites\/wp-json\/wp\/v2\/categories?post=13164"},{"taxonomy":"post_tag","embeddable":true,"href":"https:\/\/vieassociative.be\/actualites\/wp-json\/wp\/v2\/tags?post=13164"}],"curies":[{"name":"wp","href":"https:\/\/api.w.org\/{rel}","templated":true}]}}