{"id":13156,"date":"2026-03-23T16:17:40","date_gmt":"2026-03-23T15:17:40","guid":{"rendered":"https:\/\/vieassociative.be\/actualites\/y-aura-t-il-bientot-a-nouveau-des-dimanches-sans-voiture-en-europe-laie-recommande-dix-mesures-pour-economiser-lenergie\/"},"modified":"2026-03-23T16:17:40","modified_gmt":"2026-03-23T15:17:40","slug":"y-aura-t-il-bientot-a-nouveau-des-dimanches-sans-voiture-en-europe-laie-recommande-dix-mesures-pour-economiser-lenergie","status":"publish","type":"post","link":"https:\/\/vieassociative.be\/actualites\/y-aura-t-il-bientot-a-nouveau-des-dimanches-sans-voiture-en-europe-laie-recommande-dix-mesures-pour-economiser-lenergie\/","title":{"rendered":"Y aura-t-il bient\u00f4t \u00e0 nouveau des dimanches sans voiture en Europe ? \u2013 L\u2019AIE recommande dix mesures pour \u00e9conomiser l\u2019\u00e9nergie"},"content":{"rendered":"<p><b>En raison de l&rsquo;augmentation drastique des prix des produits \u00e9nerg\u00e9tiques, les appels \u00e0 une r\u00e9duction des co\u00fbts pour les m\u00e9nages priv\u00e9s et les entreprises se font de plus en plus forts. Des mesures telles que l&rsquo;extension du t\u00e9l\u00e9travail ou l&rsquo;introduction de dimanches sans voiture sont \u00e0 l&rsquo;\u00e9tude.<\/b><\/p>\n<p><span id=\"more-437457\"><\/span>Les premiers dimanches sans voiture ont eu lieu en Belgique en 1956. A cette \u00e9poque, de nombreux pays craignaient de manquer de carburant \u00e0 cause de la crise de Suez et du blocage du canal de Suez. Les premiers dimanches sans voiture ont vu le jour entre novembre 1956 et janvier 1957.<\/p>\n<p>Ces journ\u00e9es refleurissent en 1973, lors du premier choc p\u00e9trolier, pour la m\u00eame raison. Le monde occidental a soudainement pris conscience de sa d\u00e9pendance \u00e0 l\u2019\u00e9gard d\u2019un p\u00e9trole bon march\u00e9. Symboliquement, la Belgique et d&rsquo;autres pays europ\u00e9ens ont d\u00e9cid\u00e9 d&rsquo;ordonner des dimanches sans voiture.<\/p>\n<div id=\"attachment_51588\" class=\"wp-caption alignleft\" style=\"max-width: 300px\"><img fetchpriority=\"high\" decoding=\"async\" class=\"wp-image-51588 size-medium\" src=\"https:\/\/vieassociative.be\/actualites\/wp-content\/uploads\/2026\/03\/Y-aura-t-il-bientot-a-nouveau-des-dimanches-sans-voiture-en.jpg\" alt=\"\" width=\"300\" height=\"225\"  ><\/div>\n<p>Les dimanches sans voiture ont commenc\u00e9 le 18 novembre 1973. Au moment de la guerre dite du Kippour (entre le 6 et le 24 octobre 1973), cinq membres arabes de l&rsquo;OPEP et l&rsquo;Iran se sont rencontr\u00e9s au Kowe\u00eft pour d\u00e9cider d&rsquo;un embargo sur les livraisons de p\u00e9trole contre des \u00c9tats que ces pays consid\u00e9raient comme trop pro-isra\u00e9liens.<\/p>\n<p>En fait, les personnes \u00e2g\u00e9es se souviennent avec \u00e9motion de l\u2019interdiction de conduire de l\u2019\u00e9poque. Ils racontent des histoires joyeuses de f\u00eates folkloriques, de promenades idylliques sur l&rsquo;autoroute ou de l&rsquo;air incroyablement bon des villes.<\/p>\n<p>Plus r\u00e9cemment, le dimanche sans voiture a \u00e9t\u00e9 consid\u00e9r\u00e9 comme une journ\u00e9e d&rsquo;action par les communaut\u00e9s et les associations environnementales visant \u00e0 modifier la circulation. Il a lieu chaque ann\u00e9e en septembre dans le cadre de la Semaine europ\u00e9enne de la mobilit\u00e9.<\/p>\n<div id=\"attachment_225104\" class=\"wp-caption alignleft\" style=\"max-width: 300px\"><img decoding=\"async\" class=\"wp-image-225104 size-medium\" src=\"https:\/\/vieassociative.be\/actualites\/wp-content\/uploads\/2026\/03\/Y-aura-t-il-bientot-a-nouveau-des-dimanches-sans-voiture-en.jpeg\" alt=\"\" width=\"300\" height=\"200\"  ><\/div>\n<p>Depuis 2002, toute la zone situ\u00e9e autour du p\u00e9riph\u00e9rique autoroutier de Bruxelles est ferm\u00e9e \u00e0 la circulation individuelle motoris\u00e9e un dimanche de septembre \u00e0 l&rsquo;occasion de la Semaine europ\u00e9enne de la mobilit\u00e9. Des fermetures similaires s\u2019appliquent d\u00e9sormais le m\u00eame jour dans de nombreuses autres villes belges.<\/p>\n<\/p>\n<h3>AIE : Dix mesures d\u2019\u00e9conomie d\u2019\u00e9nergie<\/h3>\n<p>Vendredi, l&rsquo;Agence internationale de l&rsquo;\u00e9nergie (AIE) a \u00e9num\u00e9r\u00e9 dix mesures possibles pour \u00e9conomiser l&rsquo;\u00e9nergie. Le t\u00e9l\u00e9travail est avant tout. En outre, la vitesse sur les autoroutes sera r\u00e9duite d&rsquo;au moins 10 km\/h, combin\u00e9e \u00e0 des incitations \u00e0 utiliser les transports publics.<\/p>\n<p>Autre id\u00e9e de l&rsquo;AIE d\u00e9j\u00e0 test\u00e9e : la circulation altern\u00e9e dans les grandes villes, qui vise \u00e0 r\u00e9duire les embouteillages et donc la consommation de carburant plus \u00e9lev\u00e9e. Autres mesures propos\u00e9es par l&rsquo;agence : covoiturage, conduite \u00ab efficace \u00bb et suppression du GPL dans les transports.<\/p>\n<p>L\u2019AIE recommande \u00e9galement de restreindre les voyages a\u00e9riens, en particulier pour les voyages d\u2019affaires, ce qui \u00ab peut rapidement r\u00e9duire la pression sur les march\u00e9s du carburant d\u2019aviation \u00bb. Enfin, et c&rsquo;est plut\u00f4t surprenant, l&rsquo;AIE appelle \u00e0 cuisiner autant que possible \u00e0 l&rsquo;\u00e9lectricit\u00e9 plut\u00f4t qu&rsquo;au gaz. Et elle sugg\u00e8re que l&rsquo;industrie optimise sa consommation d&rsquo;hydrocarbures. (cr\u00e9er)<\/p>\n","protected":false},"excerpt":{"rendered":"<p>En raison de l&rsquo;augmentation drastique des prix des produits \u00e9nerg\u00e9tiques, les appels \u00e0 une r\u00e9duction des co\u00fbts pour les m\u00e9nages priv\u00e9s et les entreprises se<\/p>\n","protected":false},"author":1,"featured_media":13157,"comment_status":"","ping_status":"","sticky":false,"template":"","format":"standard","meta":{"footnotes":""},"categories":[298],"tags":[6959,2550,29,10319,117,1992,5351,10320,4701,5331,553,81,3728,130,1229],"class_list":["post-13156","post","type-post","status-publish","format-standard","has-post-thumbnail","hentry","category-belgique","tag-auratil","tag-bientot","tag-des","tag-dimanches","tag-dix","tag-economiser","tag-europe","tag-laie","tag-lenergie","tag-mesures","tag-nouveau","tag-pour","tag-recommande","tag-sans","tag-voiture","generate-columns","tablet-grid-50","mobile-grid-100","grid-parent","grid-33"],"yoast_head":"<!-- This site is optimized with the Yoast SEO plugin v24.0 - https:\/\/yoast.com\/wordpress\/plugins\/seo\/ -->\n<title>Y aura-t-il bient\u00f4t \u00e0 nouveau des dimanches sans voiture en Europe ? \u2013 L\u2019AIE recommande dix mesures pour \u00e9conomiser l\u2019\u00e9nergie | Vie Associative<\/title>\n<meta name=\"robots\" content=\"index, follow, max-snippet:-1, max-image-preview:large, max-video-preview:-1\" \/>\n<link rel=\"canonical\" href=\"https:\/\/vieassociative.be\/actualites\/y-aura-t-il-bientot-a-nouveau-des-dimanches-sans-voiture-en-europe-laie-recommande-dix-mesures-pour-economiser-lenergie\/\" \/>\n<meta property=\"og:locale\" content=\"fr_FR\" \/>\n<meta property=\"og:type\" content=\"article\" \/>\n<meta property=\"og:title\" content=\"Y aura-t-il bient\u00f4t \u00e0 nouveau des dimanches sans voiture en Europe ? \u2013 L\u2019AIE recommande dix mesures pour \u00e9conomiser l\u2019\u00e9nergie | Vie Associative\" \/>\n<meta property=\"og:description\" content=\"En raison de l&rsquo;augmentation drastique des prix des produits \u00e9nerg\u00e9tiques, les appels \u00e0 une r\u00e9duction des co\u00fbts pour les m\u00e9nages priv\u00e9s et les entreprises se\" \/>\n<meta property=\"og:url\" content=\"https:\/\/vieassociative.be\/actualites\/y-aura-t-il-bientot-a-nouveau-des-dimanches-sans-voiture-en-europe-laie-recommande-dix-mesures-pour-economiser-lenergie\/\" \/>\n<meta property=\"og:site_name\" content=\"Vie Associative\" \/>\n<meta property=\"article:published_time\" content=\"2026-03-23T15:17:40+00:00\" \/>\n<meta property=\"og:image\" content=\"https:\/\/vieassociative.be\/actualites\/wp-content\/uploads\/2024\/09\/header_backgroundk-01-e1726694325946.png\" \/>\n\t<meta property=\"og:image:width\" content=\"279\" \/>\n\t<meta property=\"og:image:height\" content=\"92\" \/>\n\t<meta property=\"og:image:type\" content=\"image\/png\" \/>\n<meta name=\"author\" content=\"Julien\" \/>\n<meta name=\"twitter:card\" content=\"summary_large_image\" \/>\n<meta name=\"twitter:label1\" content=\"\u00c9crit par\" \/>\n\t<meta name=\"twitter:data1\" content=\"Julien\" \/>\n\t<meta name=\"twitter:label2\" content=\"Dur\u00e9e de lecture est.\" \/>\n\t<meta name=\"twitter:data2\" content=\"3 minutes\" \/>\n<script type=\"application\/ld+json\" class=\"yoast-schema-graph\">{\"@context\":\"https:\/\/schema.org\",\"@graph\":[{\"@type\":\"Article\",\"@id\":\"https:\/\/vieassociative.be\/actualites\/y-aura-t-il-bientot-a-nouveau-des-dimanches-sans-voiture-en-europe-laie-recommande-dix-mesures-pour-economiser-lenergie\/#article\",\"isPartOf\":{\"@id\":\"https:\/\/vieassociative.be\/actualites\/y-aura-t-il-bientot-a-nouveau-des-dimanches-sans-voiture-en-europe-laie-recommande-dix-mesures-pour-economiser-lenergie\/\"},\"author\":{\"name\":\"Julien\",\"@id\":\"https:\/\/vieassociative.be\/actualites\/#\/schema\/person\/b87ac4f82f9d4e7b7cec7395b679edc4\"},\"headline\":\"Y aura-t-il bient\u00f4t \u00e0 nouveau des dimanches sans voiture en Europe ? \u2013 L\u2019AIE recommande dix mesures pour \u00e9conomiser l\u2019\u00e9nergie\",\"datePublished\":\"2026-03-23T15:17:40+00:00\",\"dateModified\":\"2026-03-23T15:17:40+00:00\",\"mainEntityOfPage\":{\"@id\":\"https:\/\/vieassociative.be\/actualites\/y-aura-t-il-bientot-a-nouveau-des-dimanches-sans-voiture-en-europe-laie-recommande-dix-mesures-pour-economiser-lenergie\/\"},\"wordCount\":553,\"publisher\":{\"@id\":\"https:\/\/vieassociative.be\/actualites\/#organization\"},\"image\":{\"@id\":\"https:\/\/vieassociative.be\/actualites\/y-aura-t-il-bientot-a-nouveau-des-dimanches-sans-voiture-en-europe-laie-recommande-dix-mesures-pour-economiser-lenergie\/#primaryimage\"},\"thumbnailUrl\":\"https:\/\/vieassociative.be\/actualites\/wp-content\/uploads\/2026\/03\/1774279060_Y-aura-t-il-bientot-a-nouveau-des-dimanches-sans-voiture-en.jpeg\",\"keywords\":[\"auratil\",\"bient\u00f4t\",\"Des\",\"dimanches\",\"Dix\",\"\u00e9conomiser\",\"Europe\",\"LAIE\",\"L\u00e9nergie\",\"mesures\",\"nouveau\",\"pour\",\"recommande\",\"sans\",\"voiture\"],\"articleSection\":[\"Belgique\"],\"inLanguage\":\"fr-BE\"},{\"@type\":\"WebPage\",\"@id\":\"https:\/\/vieassociative.be\/actualites\/y-aura-t-il-bientot-a-nouveau-des-dimanches-sans-voiture-en-europe-laie-recommande-dix-mesures-pour-economiser-lenergie\/\",\"url\":\"https:\/\/vieassociative.be\/actualites\/y-aura-t-il-bientot-a-nouveau-des-dimanches-sans-voiture-en-europe-laie-recommande-dix-mesures-pour-economiser-lenergie\/\",\"name\":\"Y aura-t-il bient\u00f4t \u00e0 nouveau des dimanches sans voiture en Europe ? \u2013 L\u2019AIE recommande dix mesures pour \u00e9conomiser l\u2019\u00e9nergie | Vie Associative\",\"isPartOf\":{\"@id\":\"https:\/\/vieassociative.be\/actualites\/#website\"},\"primaryImageOfPage\":{\"@id\":\"https:\/\/vieassociative.be\/actualites\/y-aura-t-il-bientot-a-nouveau-des-dimanches-sans-voiture-en-europe-laie-recommande-dix-mesures-pour-economiser-lenergie\/#primaryimage\"},\"image\":{\"@id\":\"https:\/\/vieassociative.be\/actualites\/y-aura-t-il-bientot-a-nouveau-des-dimanches-sans-voiture-en-europe-laie-recommande-dix-mesures-pour-economiser-lenergie\/#primaryimage\"},\"thumbnailUrl\":\"https:\/\/vieassociative.be\/actualites\/wp-content\/uploads\/2026\/03\/1774279060_Y-aura-t-il-bientot-a-nouveau-des-dimanches-sans-voiture-en.jpeg\",\"datePublished\":\"2026-03-23T15:17:40+00:00\",\"dateModified\":\"2026-03-23T15:17:40+00:00\",\"breadcrumb\":{\"@id\":\"https:\/\/vieassociative.be\/actualites\/y-aura-t-il-bientot-a-nouveau-des-dimanches-sans-voiture-en-europe-laie-recommande-dix-mesures-pour-economiser-lenergie\/#breadcrumb\"},\"inLanguage\":\"fr-BE\",\"potentialAction\":[{\"@type\":\"ReadAction\",\"target\":[\"https:\/\/vieassociative.be\/actualites\/y-aura-t-il-bientot-a-nouveau-des-dimanches-sans-voiture-en-europe-laie-recommande-dix-mesures-pour-economiser-lenergie\/\"]}]},{\"@type\":\"ImageObject\",\"inLanguage\":\"fr-BE\",\"@id\":\"https:\/\/vieassociative.be\/actualites\/y-aura-t-il-bientot-a-nouveau-des-dimanches-sans-voiture-en-europe-laie-recommande-dix-mesures-pour-economiser-lenergie\/#primaryimage\",\"url\":\"https:\/\/vieassociative.be\/actualites\/wp-content\/uploads\/2026\/03\/1774279060_Y-aura-t-il-bientot-a-nouveau-des-dimanches-sans-voiture-en.jpeg\",\"contentUrl\":\"https:\/\/vieassociative.be\/actualites\/wp-content\/uploads\/2026\/03\/1774279060_Y-aura-t-il-bientot-a-nouveau-des-dimanches-sans-voiture-en.jpeg\",\"width\":1200,\"height\":800,\"caption\":\"Y aura-t-il bient\u00f4t \u00e0 nouveau des dimanches sans voiture en Europe ? \u2013 L\u2019AIE recommande dix mesures pour \u00e9conomiser l\u2019\u00e9nergie\"},{\"@type\":\"BreadcrumbList\",\"@id\":\"https:\/\/vieassociative.be\/actualites\/y-aura-t-il-bientot-a-nouveau-des-dimanches-sans-voiture-en-europe-laie-recommande-dix-mesures-pour-economiser-lenergie\/#breadcrumb\",\"itemListElement\":[{\"@type\":\"ListItem\",\"position\":1,\"name\":\"Accueil\",\"item\":\"https:\/\/vieassociative.be\/actualites\/\"},{\"@type\":\"ListItem\",\"position\":2,\"name\":\"Y aura-t-il bient\u00f4t \u00e0 nouveau des dimanches sans voiture en Europe ? \u2013 L\u2019AIE recommande dix mesures pour \u00e9conomiser l\u2019\u00e9nergie\"}]},{\"@type\":\"WebSite\",\"@id\":\"https:\/\/vieassociative.be\/actualites\/#website\",\"url\":\"https:\/\/vieassociative.be\/actualites\/\",\"name\":\"Vie Associative\",\"description\":\"\",\"publisher\":{\"@id\":\"https:\/\/vieassociative.be\/actualites\/#organization\"},\"potentialAction\":[{\"@type\":\"SearchAction\",\"target\":{\"@type\":\"EntryPoint\",\"urlTemplate\":\"https:\/\/vieassociative.be\/actualites\/?s={search_term_string}\"},\"query-input\":{\"@type\":\"PropertyValueSpecification\",\"valueRequired\":true,\"valueName\":\"search_term_string\"}}],\"inLanguage\":\"fr-BE\"},{\"@type\":\"Organization\",\"@id\":\"https:\/\/vieassociative.be\/actualites\/#organization\",\"name\":\"Vie Associative\",\"url\":\"https:\/\/vieassociative.be\/actualites\/\",\"logo\":{\"@type\":\"ImageObject\",\"inLanguage\":\"fr-BE\",\"@id\":\"https:\/\/vieassociative.be\/actualites\/#\/schema\/logo\/image\/\",\"url\":\"https:\/\/vieassociative.be\/actualites\/wp-content\/uploads\/2024\/09\/cropped-vieassociative_favicon.ico.png\",\"contentUrl\":\"https:\/\/vieassociative.be\/actualites\/wp-content\/uploads\/2024\/09\/cropped-vieassociative_favicon.ico.png\",\"width\":512,\"height\":512,\"caption\":\"Vie Associative\"},\"image\":{\"@id\":\"https:\/\/vieassociative.be\/actualites\/#\/schema\/logo\/image\/\"}},{\"@type\":\"Person\",\"@id\":\"https:\/\/vieassociative.be\/actualites\/#\/schema\/person\/b87ac4f82f9d4e7b7cec7395b679edc4\",\"name\":\"Julien\",\"image\":{\"@type\":\"ImageObject\",\"inLanguage\":\"fr-BE\",\"@id\":\"https:\/\/vieassociative.be\/actualites\/#\/schema\/person\/image\/\",\"url\":\"https:\/\/vieassociative.be\/actualites\/wp-content\/uploads\/2024\/09\/vie-associative-1-150x150.jpg\",\"contentUrl\":\"https:\/\/vieassociative.be\/actualites\/wp-content\/uploads\/2024\/09\/vie-associative-1-150x150.jpg\",\"caption\":\"Julien\"},\"description\":\"Je suis Julien, r\u00e9dacteur pour Vie Associative. Passionn\u00e9 par le monde associatif depuis plus de 10 ans, j'ai \u00e0 c\u0153ur de partager des histoires inspirantes et de mettre en lumi\u00e8re les initiatives locales. Mon objectif est de sensibiliser et d'encourager l'engagement communautaire \u00e0 travers mes articles.\",\"sameAs\":[\"https:\/\/vieassociative.be\/\"]}]}<\/script>\n<!-- \/ Yoast SEO plugin. -->","yoast_head_json":{"title":"Y aura-t-il bient\u00f4t \u00e0 nouveau des dimanches sans voiture en Europe ? \u2013 L\u2019AIE recommande dix mesures pour \u00e9conomiser l\u2019\u00e9nergie | Vie Associative","robots":{"index":"index","follow":"follow","max-snippet":"max-snippet:-1","max-image-preview":"max-image-preview:large","max-video-preview":"max-video-preview:-1"},"canonical":"https:\/\/vieassociative.be\/actualites\/y-aura-t-il-bientot-a-nouveau-des-dimanches-sans-voiture-en-europe-laie-recommande-dix-mesures-pour-economiser-lenergie\/","og_locale":"fr_FR","og_type":"article","og_title":"Y aura-t-il bient\u00f4t \u00e0 nouveau des dimanches sans voiture en Europe ? \u2013 L\u2019AIE recommande dix mesures pour \u00e9conomiser l\u2019\u00e9nergie | Vie Associative","og_description":"En raison de l&rsquo;augmentation drastique des prix des produits \u00e9nerg\u00e9tiques, les appels \u00e0 une r\u00e9duction des co\u00fbts pour les m\u00e9nages priv\u00e9s et les entreprises se","og_url":"https:\/\/vieassociative.be\/actualites\/y-aura-t-il-bientot-a-nouveau-des-dimanches-sans-voiture-en-europe-laie-recommande-dix-mesures-pour-economiser-lenergie\/","og_site_name":"Vie Associative","article_published_time":"2026-03-23T15:17:40+00:00","og_image":[{"width":279,"height":92,"url":"https:\/\/vieassociative.be\/actualites\/wp-content\/uploads\/2024\/09\/header_backgroundk-01-e1726694325946.png","type":"image\/png"}],"author":"Julien","twitter_card":"summary_large_image","twitter_misc":{"\u00c9crit par":"Julien","Dur\u00e9e de lecture est.":"3 minutes"},"schema":{"@context":"https:\/\/schema.org","@graph":[{"@type":"Article","@id":"https:\/\/vieassociative.be\/actualites\/y-aura-t-il-bientot-a-nouveau-des-dimanches-sans-voiture-en-europe-laie-recommande-dix-mesures-pour-economiser-lenergie\/#article","isPartOf":{"@id":"https:\/\/vieassociative.be\/actualites\/y-aura-t-il-bientot-a-nouveau-des-dimanches-sans-voiture-en-europe-laie-recommande-dix-mesures-pour-economiser-lenergie\/"},"author":{"name":"Julien","@id":"https:\/\/vieassociative.be\/actualites\/#\/schema\/person\/b87ac4f82f9d4e7b7cec7395b679edc4"},"headline":"Y aura-t-il bient\u00f4t \u00e0 nouveau des dimanches sans voiture en Europe ? \u2013 L\u2019AIE recommande dix mesures pour \u00e9conomiser l\u2019\u00e9nergie","datePublished":"2026-03-23T15:17:40+00:00","dateModified":"2026-03-23T15:17:40+00:00","mainEntityOfPage":{"@id":"https:\/\/vieassociative.be\/actualites\/y-aura-t-il-bientot-a-nouveau-des-dimanches-sans-voiture-en-europe-laie-recommande-dix-mesures-pour-economiser-lenergie\/"},"wordCount":553,"publisher":{"@id":"https:\/\/vieassociative.be\/actualites\/#organization"},"image":{"@id":"https:\/\/vieassociative.be\/actualites\/y-aura-t-il-bientot-a-nouveau-des-dimanches-sans-voiture-en-europe-laie-recommande-dix-mesures-pour-economiser-lenergie\/#primaryimage"},"thumbnailUrl":"https:\/\/vieassociative.be\/actualites\/wp-content\/uploads\/2026\/03\/1774279060_Y-aura-t-il-bientot-a-nouveau-des-dimanches-sans-voiture-en.jpeg","keywords":["auratil","bient\u00f4t","Des","dimanches","Dix","\u00e9conomiser","Europe","LAIE","L\u00e9nergie","mesures","nouveau","pour","recommande","sans","voiture"],"articleSection":["Belgique"],"inLanguage":"fr-BE"},{"@type":"WebPage","@id":"https:\/\/vieassociative.be\/actualites\/y-aura-t-il-bientot-a-nouveau-des-dimanches-sans-voiture-en-europe-laie-recommande-dix-mesures-pour-economiser-lenergie\/","url":"https:\/\/vieassociative.be\/actualites\/y-aura-t-il-bientot-a-nouveau-des-dimanches-sans-voiture-en-europe-laie-recommande-dix-mesures-pour-economiser-lenergie\/","name":"Y aura-t-il bient\u00f4t \u00e0 nouveau des dimanches sans voiture en Europe ? \u2013 L\u2019AIE recommande dix mesures pour \u00e9conomiser l\u2019\u00e9nergie | Vie Associative","isPartOf":{"@id":"https:\/\/vieassociative.be\/actualites\/#website"},"primaryImageOfPage":{"@id":"https:\/\/vieassociative.be\/actualites\/y-aura-t-il-bientot-a-nouveau-des-dimanches-sans-voiture-en-europe-laie-recommande-dix-mesures-pour-economiser-lenergie\/#primaryimage"},"image":{"@id":"https:\/\/vieassociative.be\/actualites\/y-aura-t-il-bientot-a-nouveau-des-dimanches-sans-voiture-en-europe-laie-recommande-dix-mesures-pour-economiser-lenergie\/#primaryimage"},"thumbnailUrl":"https:\/\/vieassociative.be\/actualites\/wp-content\/uploads\/2026\/03\/1774279060_Y-aura-t-il-bientot-a-nouveau-des-dimanches-sans-voiture-en.jpeg","datePublished":"2026-03-23T15:17:40+00:00","dateModified":"2026-03-23T15:17:40+00:00","breadcrumb":{"@id":"https:\/\/vieassociative.be\/actualites\/y-aura-t-il-bientot-a-nouveau-des-dimanches-sans-voiture-en-europe-laie-recommande-dix-mesures-pour-economiser-lenergie\/#breadcrumb"},"inLanguage":"fr-BE","potentialAction":[{"@type":"ReadAction","target":["https:\/\/vieassociative.be\/actualites\/y-aura-t-il-bientot-a-nouveau-des-dimanches-sans-voiture-en-europe-laie-recommande-dix-mesures-pour-economiser-lenergie\/"]}]},{"@type":"ImageObject","inLanguage":"fr-BE","@id":"https:\/\/vieassociative.be\/actualites\/y-aura-t-il-bientot-a-nouveau-des-dimanches-sans-voiture-en-europe-laie-recommande-dix-mesures-pour-economiser-lenergie\/#primaryimage","url":"https:\/\/vieassociative.be\/actualites\/wp-content\/uploads\/2026\/03\/1774279060_Y-aura-t-il-bientot-a-nouveau-des-dimanches-sans-voiture-en.jpeg","contentUrl":"https:\/\/vieassociative.be\/actualites\/wp-content\/uploads\/2026\/03\/1774279060_Y-aura-t-il-bientot-a-nouveau-des-dimanches-sans-voiture-en.jpeg","width":1200,"height":800,"caption":"Y aura-t-il bient\u00f4t \u00e0 nouveau des dimanches sans voiture en Europe ? \u2013 L\u2019AIE recommande dix mesures pour \u00e9conomiser l\u2019\u00e9nergie"},{"@type":"BreadcrumbList","@id":"https:\/\/vieassociative.be\/actualites\/y-aura-t-il-bientot-a-nouveau-des-dimanches-sans-voiture-en-europe-laie-recommande-dix-mesures-pour-economiser-lenergie\/#breadcrumb","itemListElement":[{"@type":"ListItem","position":1,"name":"Accueil","item":"https:\/\/vieassociative.be\/actualites\/"},{"@type":"ListItem","position":2,"name":"Y aura-t-il bient\u00f4t \u00e0 nouveau des dimanches sans voiture en Europe ? \u2013 L\u2019AIE recommande dix mesures pour \u00e9conomiser l\u2019\u00e9nergie"}]},{"@type":"WebSite","@id":"https:\/\/vieassociative.be\/actualites\/#website","url":"https:\/\/vieassociative.be\/actualites\/","name":"Vie Associative","description":"","publisher":{"@id":"https:\/\/vieassociative.be\/actualites\/#organization"},"potentialAction":[{"@type":"SearchAction","target":{"@type":"EntryPoint","urlTemplate":"https:\/\/vieassociative.be\/actualites\/?s={search_term_string}"},"query-input":{"@type":"PropertyValueSpecification","valueRequired":true,"valueName":"search_term_string"}}],"inLanguage":"fr-BE"},{"@type":"Organization","@id":"https:\/\/vieassociative.be\/actualites\/#organization","name":"Vie Associative","url":"https:\/\/vieassociative.be\/actualites\/","logo":{"@type":"ImageObject","inLanguage":"fr-BE","@id":"https:\/\/vieassociative.be\/actualites\/#\/schema\/logo\/image\/","url":"https:\/\/vieassociative.be\/actualites\/wp-content\/uploads\/2024\/09\/cropped-vieassociative_favicon.ico.png","contentUrl":"https:\/\/vieassociative.be\/actualites\/wp-content\/uploads\/2024\/09\/cropped-vieassociative_favicon.ico.png","width":512,"height":512,"caption":"Vie Associative"},"image":{"@id":"https:\/\/vieassociative.be\/actualites\/#\/schema\/logo\/image\/"}},{"@type":"Person","@id":"https:\/\/vieassociative.be\/actualites\/#\/schema\/person\/b87ac4f82f9d4e7b7cec7395b679edc4","name":"Julien","image":{"@type":"ImageObject","inLanguage":"fr-BE","@id":"https:\/\/vieassociative.be\/actualites\/#\/schema\/person\/image\/","url":"https:\/\/vieassociative.be\/actualites\/wp-content\/uploads\/2024\/09\/vie-associative-1-150x150.jpg","contentUrl":"https:\/\/vieassociative.be\/actualites\/wp-content\/uploads\/2024\/09\/vie-associative-1-150x150.jpg","caption":"Julien"},"description":"Je suis Julien, r\u00e9dacteur pour Vie Associative. Passionn\u00e9 par le monde associatif depuis plus de 10 ans, j'ai \u00e0 c\u0153ur de partager des histoires inspirantes et de mettre en lumi\u00e8re les initiatives locales. Mon objectif est de sensibiliser et d'encourager l'engagement communautaire \u00e0 travers mes articles.","sameAs":["https:\/\/vieassociative.be\/"]}]}},"_links":{"self":[{"href":"https:\/\/vieassociative.be\/actualites\/wp-json\/wp\/v2\/posts\/13156"}],"collection":[{"href":"https:\/\/vieassociative.be\/actualites\/wp-json\/wp\/v2\/posts"}],"about":[{"href":"https:\/\/vieassociative.be\/actualites\/wp-json\/wp\/v2\/types\/post"}],"author":[{"embeddable":true,"href":"https:\/\/vieassociative.be\/actualites\/wp-json\/wp\/v2\/users\/1"}],"replies":[{"embeddable":true,"href":"https:\/\/vieassociative.be\/actualites\/wp-json\/wp\/v2\/comments?post=13156"}],"version-history":[{"count":0,"href":"https:\/\/vieassociative.be\/actualites\/wp-json\/wp\/v2\/posts\/13156\/revisions"}],"wp:featuredmedia":[{"embeddable":true,"href":"https:\/\/vieassociative.be\/actualites\/wp-json\/wp\/v2\/media\/13157"}],"wp:attachment":[{"href":"https:\/\/vieassociative.be\/actualites\/wp-json\/wp\/v2\/media?parent=13156"}],"wp:term":[{"taxonomy":"category","embeddable":true,"href":"https:\/\/vieassociative.be\/actualites\/wp-json\/wp\/v2\/categories?post=13156"},{"taxonomy":"post_tag","embeddable":true,"href":"https:\/\/vieassociative.be\/actualites\/wp-json\/wp\/v2\/tags?post=13156"}],"curies":[{"name":"wp","href":"https:\/\/api.w.org\/{rel}","templated":true}]}}