{"id":13154,"date":"2026-03-23T15:17:11","date_gmt":"2026-03-23T14:17:11","guid":{"rendered":"https:\/\/vieassociative.be\/actualites\/le-guide-de-la-culture-des-enfants-pour-adultes-deconnectes-le-meme-de-socrate-et-du-squelette\/"},"modified":"2026-03-23T15:17:11","modified_gmt":"2026-03-23T14:17:11","slug":"le-guide-de-la-culture-des-enfants-pour-adultes-deconnectes-le-meme-de-socrate-et-du-squelette","status":"publish","type":"post","link":"https:\/\/vieassociative.be\/actualites\/le-guide-de-la-culture-des-enfants-pour-adultes-deconnectes-le-meme-de-socrate-et-du-squelette\/","title":{"rendered":"Le guide de la culture des enfants pour adultes d\u00e9connect\u00e9s\u00a0: le m\u00e8me de Socrate et du squelette"},"content":{"rendered":"<p>Comme d&rsquo;habitude, la collection d&rsquo;\u00e9paves de la culture jeunesse de cette semaine est omnipr\u00e9sente. Nous avons eu l\u2019apparition surprenante du philosophe grec Socrate dans les vid\u00e9os Brainrot g\u00e9n\u00e9r\u00e9es par l\u2019IA\u00a0; un m\u00e8me sur la victoire au jeu qui devient un m\u00e8me sur l&rsquo;hypocrisie\u00a0; un emoji qui signifie probablement quelque chose de diff\u00e9rent de ce que vous pensez\u00a0; et des vid\u00e9os vraiment cr\u00e9atives qui, ouf, n&rsquo;utilisent pas l&rsquo;IA. <\/p>\n<h2 id=\"viral-video-of-the-week-socrates-and-skeleton\">Vid\u00e9o virale de la semaine : Socrate et squelette<\/h2>\n<p>La star des vid\u00e9os virales cette semaine est le philosophe ath\u00e9nien fondateur Socrate, avec sa co-star, un squelette vivant. Dans ces vid\u00e9os g\u00e9n\u00e9r\u00e9es par l&rsquo;IA, le squelette repr\u00e9sente le spectateur, et l&rsquo;id\u00e9e est d&rsquo;illustrer des sc\u00e9narios hypoth\u00e9tiques comme \u00ab\u00a0Et si Socrate et vous ouvriez un Chick-fil-A dans la Gr\u00e8ce antique ?\u00a0\u00bb <\/p>\n<blockquote class=\"tiktokEmbed tiktok-embed\" data-video-id=\"7617578402278624534\" style=\"max-width: 605px;min-width: 325px\">\n<section><\/section>\n<\/blockquote>\n<p>ou \u00ab\u00a0Et si vous finissiez par sortir avec Socrate dans la Rome antique ?\u00a0\u00bb<\/p>\n<blockquote class=\"tiktokEmbed tiktok-embed\" data-video-id=\"7618440037922835742\" style=\"max-width: 605px;min-width: 325px\">\n<section><\/section>\n<\/blockquote>\n<p>La tendance a commenc\u00e9 avec cette vid\u00e9o Instagram :<\/p>\n<blockquote class=\"mx-auto instagram-media\" data-instgrm-captioned data-instgrm-permalink=\"https:\/\/www.instagram.com\/p\/DUtRW8SDKxd\/?utm_source=ig_embed&amp;utm_campaign=loading\" data-instgrm-version=\"12\" style=\"background:#FFF;border:0;border-radius:3px;margin-top: 1px;margin-bottom:1px;max-width:540px;min-width:326px;padding:0;width:99.375%;width:-webkit-calc(100% - 2px);width:calc(100% - 2px)\">\n<div style=\"padding:16px\">\n<div style=\"flex-direction: row;align-items: center\">\n<div style=\"background-color: #F4F4F4;border-radius: 50%;flex-grow: 0;height: 40px;margin-right: 14px;width: 40px\"><\/div>\n<div style=\"flex-direction: column;flex-grow: 1;justify-content: center\">\n<div style=\"background-color: #F4F4F4;border-radius: 4px;flex-grow: 0;height: 14px;margin-bottom: 6px;width: 100px\"><\/div>\n<div style=\"background-color: #F4F4F4;border-radius: 4px;flex-grow: 0;height: 14px;width: 60px\"><\/div>\n<\/p><\/div>\n<\/p><\/div>\n<div style=\"padding: 19% 0\"><\/div>\n<div style=\"height:50px;margin:0 auto 12px;width:50px\"><\/div>\n<div style=\"padding-top: 8px\">\n<div class=\"text-sm\" style=\"color:#3897f0;font-family:Arial,sans-serif;font-style:normal;font-weight:550;line-height:18px\">\n<p>                    Voir cette publication sur Instagram\n                <\/p><\/div>\n<\/p><\/div>\n<div style=\"padding: 12.5% 0\"><\/div>\n<div style=\"flex-direction: row;margin-bottom: 14px;align-items: center\">\n<div>\n<div style=\"background-color: #F4F4F4;border-radius: 50%;height: 12.5px;width: 12.5px\"><\/div>\n<div style=\"background-color: #F4F4F4;height: 12.5px;width: 12.5px;flex-grow: 0;margin-right: 14px;margin-left: 2px\"><\/div>\n<div style=\"background-color: #F4F4F4;border-radius: 50%;height: 12.5px;width: 12.5px\"><\/div>\n<\/p><\/div>\n<div style=\"margin-left: 8px\">\n<div style=\"background-color: #F4F4F4;border-radius: 50%;flex-grow: 0;height: 20px;width: 20px\"><\/div>\n<div style=\"width: 0;height: 0;border-top: 2px solid transparent;border-left: 6px solid #f4f4f4;border-bottom: 2px solid transparent\"><\/div>\n<\/p><\/div>\n<div style=\"margin-left: auto\">\n<div style=\"width: 0px;border-top: 8px solid #F4F4F4;border-right: 8px solid transparent\"><\/div>\n<div style=\"background-color: #F4F4F4;flex-grow: 0;height: 12px;width: 16px\"><\/div>\n<div style=\"width: 0;height: 0;border-top: 8px solid #F4F4F4;border-left: 8px solid transparent\"><\/div>\n<\/p><\/div>\n<\/p><\/div>\n<\/p><\/div>\n<\/blockquote>\n<p>Ils se sont ensuite propag\u00e9s \u00e0 TikTok, o\u00f9 n\u2019importe qui peut en g\u00e9n\u00e9rer un en publiant une invite stupide sur une application de g\u00e9n\u00e9ration de vid\u00e9o IA. <\/p>\n<p>C&rsquo;est peut-\u00eatre une bonne chose que les enfants int\u00e8grent Socrate dans leur hi\u00e9rarchie interne de personnages m\u00e8mes, mais Socrate est d\u00e9crit comme la personne la plus ennuyeuse imaginable, qui harc\u00e8le les \u00e9trangers avec des questions pseudo-philosophiques. Ce n&rsquo;est pas <em>que<\/em> loin des descriptions r\u00e9elles du philosophe, qui \u00e9tait si conflictuel et condescendant que ses compatriotes ath\u00e9niens ont vot\u00e9 pour lui faire boire du poison. Mais ce n&rsquo;\u00e9tait pas parce que ses questions \u00e9taient ennuyeuses ; c&rsquo;est parce qu&rsquo;ils r\u00e9v\u00e9laient des contradictions d\u00e9sagr\u00e9ables au centre de l&rsquo;\u00eatre des gens. La m\u00e9thode socratique consiste \u00e0 parvenir \u00e0 la v\u00e9rit\u00e9 gr\u00e2ce \u00e0 une auto-\u00e9valuation intr\u00e9pide, et non \u00e0 \u00eatre un imb\u00e9cile. <\/p>\n<p>De plus, Socrate \u00e9tait originaire <em>Gr\u00e8ce<\/em>pas <em>Rome<\/em>. L&rsquo;ironie socratique utilise une feinte ignorance pour r\u00e9v\u00e9ler la v\u00e9rit\u00e9, tandis que l&rsquo;ironie Internet utilise l&rsquo;IA pour imaginer que les gens modernes sont sup\u00e9rieurs aux philosophes antiques alors qu&rsquo;ils ne connaissent m\u00eame pas la diff\u00e9rence entre la Gr\u00e8ce et Rome. <\/p>\n<h2 id=\"the-story-behind-the-i-just-hit-the-jackpot-meme\">L&rsquo;histoire derri\u00e8re le m\u00e8me \u00ab\u00a0Je viens de toucher le jackpot\u00a0\u00bb<\/h2>\n<p>Il pourrait \u00eatre impossible de <em>vraiment<\/em> Sachons pourquoi Socrate est devenu populaire maintenant, alors jetons un coup d&rsquo;\u0153il \u00e0 une tendance plus facile \u00e0 expliquer. \u00ab\u00a0Je viens de d\u00e9crocher le jackpot\u00a0\u00bb est un format m\u00e8me dans lequel un clip du rappeur GameboyJones chantant le refrain de sa chanson \u00ab\u00a0HIT THE JACKPOT! (Hakari Dance)\u00a0\u00bb est recouvert d&rsquo;un texte sur une situation dans laquelle quelqu&rsquo;un a d\u00e9croch\u00e9 un jackpot m\u00e9taphorique. Comme quand il y a un professeur suppl\u00e9ant\u00a0: <\/p>\n<blockquote class=\"tiktokEmbed tiktok-embed\" data-video-id=\"7616341710301383950\" style=\"max-width: 605px;min-width: 325px\">\n<section><\/section>\n<\/blockquote>\n<p>ou lorsqu&rsquo;un examen pour lequel vous n&rsquo;avez pas \u00e9tudi\u00e9 est retard\u00e9\u00a0: <\/p>\n<blockquote class=\"tiktokEmbed tiktok-embed\" data-video-id=\"7618788551425035527\" style=\"max-width: 605px;min-width: 325px\">\n<section><\/section>\n<\/blockquote>\n<p>GameboyJones a initialement publi\u00e9 la chanson pour accompagner un montage de la s\u00e9rie anim\u00e9e. <em>Jujutsu Kaisen<\/em>. La chanson et le m\u00e8me sont li\u00e9s au personnage Kinji Hakari, dont le super pouvoir a pour th\u00e8me le jeu et \u00ab d\u00e9crocher le jackpot \u00bb.<\/p>\n<p>La connexion avec l&rsquo;anime signifie que de nombreux m\u00e8mes cr\u00e9\u00e9s \u00e0 partir du clip p\u00e9n\u00e8trent profond\u00e9ment dans les recoins du monde de l&rsquo;anime que seuls les hardcore les plus durs comprennent. Votre supposition est aussi bonne que la mienne avec des clips comme celui-ci\u00a0:<\/p>\n<blockquote class=\"tiktokEmbed tiktok-embed\" data-video-id=\"7617904626020519190\" style=\"max-width: 605px;min-width: 325px\">\n<section><\/section>\n<\/blockquote>\n<p>De plus, beaucoup de ces m\u00e8mes font r\u00e9f\u00e9rence \u00e0 \u00ab l&rsquo;amour plut\u00f4t que le d\u00e9sir \u00bb, alors allons-y, d&rsquo;accord ?<\/p>\n<h2 id=\"what-does-love-over-lust-mfers-mean\">Que signifie \u00ab\u00a0l&rsquo;amour plut\u00f4t que la luxure\u00a0\u00bb\u00a0?<\/h2>\n<p>La partie mfers signifie \u00ab encul\u00e9s \u00bb, mais \u00ab l&rsquo;amour plut\u00f4t que la luxure \u00bb est un peu plus difficile \u00e0 expliquer. En apparence, cela est explicite et fait r\u00e9f\u00e9rence aux personnes qui disent pr\u00e9f\u00e9rer l&rsquo;amour au d\u00e9sir. Des vid\u00e9os comme celles-ci sont apparues sur TikTok ces derniers temps\u00a0:<\/p>\n<blockquote class=\"tiktokEmbed tiktok-embed\" data-video-id=\"7614683162362285343\" style=\"max-width: 605px;min-width: 325px\">\n<section><\/section>\n<\/blockquote>\n<blockquote class=\"tiktokEmbed tiktok-embed\" data-video-id=\"7615070037874986253\" style=\"max-width: 605px;min-width: 325px\">\n<section><\/section>\n<\/blockquote>\n<p>La sinc\u00e9rit\u00e9 consciente et performative de ces vid\u00e9os est si \u00e9paisse qu\u2019une r\u00e9action n\u00e9gative est in\u00e9vitable. Cela se pr\u00e9sente sous la forme de vid\u00e9os o\u00f9 la blague est que quiconque dit qu&rsquo;il aime l&rsquo;amour plut\u00f4t que le d\u00e9sir est secr\u00e8tement un \u00e9norme monstre, une blague qui se marie parfaitement avec le m\u00e8me \u00ab\u00a0Je viens de toucher le jackpot\u00a0\u00bb:<\/p>\n<blockquote class=\"tiktokEmbed tiktok-embed\" data-video-id=\"7618305959647087902\" style=\"max-width: 605px;min-width: 325px\">\n<section><\/section>\n<\/blockquote>\n<blockquote class=\"tiktokEmbed tiktok-embed\" data-video-id=\"7616752836386360583\" style=\"max-width: 605px;min-width: 325px\">\n<section><\/section>\n<\/blockquote>\n<blockquote class=\"tiktokEmbed tiktok-embed\" data-video-id=\"7619451470080920864\" style=\"max-width: 605px;min-width: 325px\">\n<section><\/section>\n<\/blockquote>\n<h2 id=\"what-does-the-low-battery-emoji-mean\">Que signifie \ud83e\udeab, l&rsquo;\u00e9moji de batterie faible ? <\/h2>\n<p>Chez les jeunes, \ud83e\udeab, l&rsquo;\u00e9moji de batterie faible, ne dit pas \u00ab\u00a0Je dois trouver un chargeur tout de suite\u00a0\u00bb. Cela signifie quelque chose comme \u00ab Je ressens un \u00e9puisement \u00e9motionnel, un chagrin ou un sentiment g\u00e9n\u00e9ral de \u00ab je n&rsquo;en peux plus \u00bb. \u00bb Il s&rsquo;agit d&rsquo;une version plus g\u00e9n\u00e9rale de \ud83e\udd40, l&#8217;emoji rose fan\u00e9e, mais contrairement \u00e0 la rose, il ne fait pas seulement r\u00e9f\u00e9rence au chagrin. <\/p>\n<p><em>(Si vous ne parvenez pas \u00e0 obtenir suffisamment de d\u00e9finitions de l&rsquo;argot des g\u00e9n\u00e9rations Z et A, consultez le glossaire de Vie Associative.<\/em><em>.) <\/em><\/p>\n<h2 id=\"these-cartoon-chase-videos-are-inspired\">Ces vid\u00e9os de poursuite en dessins anim\u00e9s sont inspir\u00e9es <\/h2>\n<p>Voici quelque chose que font les jeunes, qui est original, cr\u00e9atif, intelligent et qui n&rsquo;utilise pas l&rsquo;IA. Les vid\u00e9os de poursuite en dessins anim\u00e9s utilisent des effets sonores, du montage vid\u00e9o et de l&rsquo;intelligence \u00e0 l&rsquo;ancienne pour recr\u00e9er des moments embl\u00e9matiques de dessins anim\u00e9s, comme ceci\u00a0:<\/p>\n<blockquote class=\"tiktokEmbed tiktok-embed\" data-video-id=\"7610571490320190742\" style=\"max-width: 605px;min-width: 325px\">\n<section><\/section>\n<\/blockquote>\n<blockquote class=\"tiktokEmbed tiktok-embed\" data-video-id=\"7610239675193675038\" style=\"max-width: 605px;min-width: 325px\">\n<section><\/section>\n<\/blockquote>\n<blockquote class=\"tiktokEmbed tiktok-embed\" data-video-id=\"7065860900086926638\" style=\"max-width: 605px;min-width: 325px\">\n<section><\/section>\n<\/blockquote>\n<p>Je suis s\u00fbr que Socrate aurait de s\u00e9rieuses questions sur la reconstitution de vieux dessins anim\u00e9s des Looney Tunes, comme \u00ab\u00a0Quand un coyote s&rsquo;enfuit d&rsquo;une falaise, est-ce qu&rsquo;il tombe \u00e0 cause de la gravit\u00e9 ou parce qu&rsquo;il baisse les yeux et brandit une pancarte indiquant &lsquo;Yipes&rsquo; ? \u00a0\u00bb et \u00ab\u00a0Quand Bugs Bunny s&rsquo;habille en lapin sexy pour tromper son ennemi, est-ce Bugs ou Elmer qui est tromp\u00e9 ?\u00a0\u00bb Mais cet ennuyeux connard est mort depuis 399 avant JC, alors va te faire foutre. Six-sept\u00a0!<\/p>\n<p><script async src=\"\/\/www.instagram.com\/embed.js\"><\/script><script async src=\"\/\/www.tiktok.com\/embed.js\"><\/script><\/p>\n","protected":false},"excerpt":{"rendered":"<p>Comme d&rsquo;habitude, la collection d&rsquo;\u00e9paves de la culture jeunesse de cette semaine est omnipr\u00e9sente. Nous avons eu l\u2019apparition surprenante du philosophe grec Socrate dans les<\/p>\n","protected":false},"author":1,"featured_media":13155,"comment_status":"","ping_status":"","sticky":false,"template":"","format":"standard","meta":{"footnotes":""},"categories":[36],"tags":[899,2805,2806,29,324,461,891,81,10317,10318],"class_list":["post-13154","post","type-post","status-publish","format-standard","has-post-thumbnail","hentry","category-divertissement","tag-adultes","tag-culture","tag-deconnectes","tag-des","tag-enfants","tag-guide","tag-meme","tag-pour","tag-socrate","tag-squelette","generate-columns","tablet-grid-50","mobile-grid-100","grid-parent","grid-33"],"yoast_head":"<!-- This site is optimized with the Yoast SEO plugin v24.0 - https:\/\/yoast.com\/wordpress\/plugins\/seo\/ -->\n<title>Le guide de la culture des enfants pour adultes d\u00e9connect\u00e9s\u00a0: le m\u00e8me de Socrate et du squelette | Vie Associative<\/title>\n<meta name=\"robots\" content=\"index, follow, max-snippet:-1, max-image-preview:large, max-video-preview:-1\" \/>\n<link rel=\"canonical\" href=\"https:\/\/vieassociative.be\/actualites\/le-guide-de-la-culture-des-enfants-pour-adultes-deconnectes-le-meme-de-socrate-et-du-squelette\/\" \/>\n<meta property=\"og:locale\" content=\"fr_FR\" \/>\n<meta property=\"og:type\" content=\"article\" \/>\n<meta property=\"og:title\" content=\"Le guide de la culture des enfants pour adultes d\u00e9connect\u00e9s\u00a0: le m\u00e8me de Socrate et du squelette | Vie Associative\" \/>\n<meta property=\"og:description\" content=\"Comme d&rsquo;habitude, la collection d&rsquo;\u00e9paves de la culture jeunesse de cette semaine est omnipr\u00e9sente. Nous avons eu l\u2019apparition surprenante du philosophe grec Socrate dans les\" \/>\n<meta property=\"og:url\" content=\"https:\/\/vieassociative.be\/actualites\/le-guide-de-la-culture-des-enfants-pour-adultes-deconnectes-le-meme-de-socrate-et-du-squelette\/\" \/>\n<meta property=\"og:site_name\" content=\"Vie Associative\" \/>\n<meta property=\"article:published_time\" content=\"2026-03-23T14:17:11+00:00\" \/>\n<meta property=\"og:image\" content=\"https:\/\/vieassociative.be\/actualites\/wp-content\/uploads\/2024\/09\/header_backgroundk-01-e1726694325946.png\" \/>\n\t<meta property=\"og:image:width\" content=\"279\" \/>\n\t<meta property=\"og:image:height\" content=\"92\" \/>\n\t<meta property=\"og:image:type\" content=\"image\/png\" \/>\n<meta name=\"author\" content=\"Julien\" \/>\n<meta name=\"twitter:card\" content=\"summary_large_image\" \/>\n<meta name=\"twitter:label1\" content=\"\u00c9crit par\" \/>\n\t<meta name=\"twitter:data1\" content=\"Julien\" \/>\n\t<meta name=\"twitter:label2\" content=\"Dur\u00e9e de lecture est.\" \/>\n\t<meta name=\"twitter:data2\" content=\"5 minutes\" \/>\n<script type=\"application\/ld+json\" class=\"yoast-schema-graph\">{\"@context\":\"https:\/\/schema.org\",\"@graph\":[{\"@type\":\"Article\",\"@id\":\"https:\/\/vieassociative.be\/actualites\/le-guide-de-la-culture-des-enfants-pour-adultes-deconnectes-le-meme-de-socrate-et-du-squelette\/#article\",\"isPartOf\":{\"@id\":\"https:\/\/vieassociative.be\/actualites\/le-guide-de-la-culture-des-enfants-pour-adultes-deconnectes-le-meme-de-socrate-et-du-squelette\/\"},\"author\":{\"name\":\"Julien\",\"@id\":\"https:\/\/vieassociative.be\/actualites\/#\/schema\/person\/b87ac4f82f9d4e7b7cec7395b679edc4\"},\"headline\":\"Le guide de la culture des enfants pour adultes d\u00e9connect\u00e9s\u00a0: le m\u00e8me de Socrate et du squelette\",\"datePublished\":\"2026-03-23T14:17:11+00:00\",\"dateModified\":\"2026-03-23T14:17:11+00:00\",\"mainEntityOfPage\":{\"@id\":\"https:\/\/vieassociative.be\/actualites\/le-guide-de-la-culture-des-enfants-pour-adultes-deconnectes-le-meme-de-socrate-et-du-squelette\/\"},\"wordCount\":1046,\"publisher\":{\"@id\":\"https:\/\/vieassociative.be\/actualites\/#organization\"},\"image\":{\"@id\":\"https:\/\/vieassociative.be\/actualites\/le-guide-de-la-culture-des-enfants-pour-adultes-deconnectes-le-meme-de-socrate-et-du-squelette\/#primaryimage\"},\"thumbnailUrl\":\"https:\/\/vieassociative.be\/actualites\/wp-content\/uploads\/2026\/03\/Le-guide-de-la-culture-des-enfants-pour-adultes-deconnectes.png\",\"keywords\":[\"adultes\",\"culture\",\"d\u00e9connect\u00e9s\",\"Des\",\"enfants\",\"Guide\",\"m\u00eame\",\"pour\",\"Socrate\",\"squelette\"],\"articleSection\":[\"Divertissement\"],\"inLanguage\":\"fr-BE\"},{\"@type\":\"WebPage\",\"@id\":\"https:\/\/vieassociative.be\/actualites\/le-guide-de-la-culture-des-enfants-pour-adultes-deconnectes-le-meme-de-socrate-et-du-squelette\/\",\"url\":\"https:\/\/vieassociative.be\/actualites\/le-guide-de-la-culture-des-enfants-pour-adultes-deconnectes-le-meme-de-socrate-et-du-squelette\/\",\"name\":\"Le guide de la culture des enfants pour adultes d\u00e9connect\u00e9s\u00a0: le m\u00e8me de Socrate et du squelette | Vie Associative\",\"isPartOf\":{\"@id\":\"https:\/\/vieassociative.be\/actualites\/#website\"},\"primaryImageOfPage\":{\"@id\":\"https:\/\/vieassociative.be\/actualites\/le-guide-de-la-culture-des-enfants-pour-adultes-deconnectes-le-meme-de-socrate-et-du-squelette\/#primaryimage\"},\"image\":{\"@id\":\"https:\/\/vieassociative.be\/actualites\/le-guide-de-la-culture-des-enfants-pour-adultes-deconnectes-le-meme-de-socrate-et-du-squelette\/#primaryimage\"},\"thumbnailUrl\":\"https:\/\/vieassociative.be\/actualites\/wp-content\/uploads\/2026\/03\/Le-guide-de-la-culture-des-enfants-pour-adultes-deconnectes.png\",\"datePublished\":\"2026-03-23T14:17:11+00:00\",\"dateModified\":\"2026-03-23T14:17:11+00:00\",\"breadcrumb\":{\"@id\":\"https:\/\/vieassociative.be\/actualites\/le-guide-de-la-culture-des-enfants-pour-adultes-deconnectes-le-meme-de-socrate-et-du-squelette\/#breadcrumb\"},\"inLanguage\":\"fr-BE\",\"potentialAction\":[{\"@type\":\"ReadAction\",\"target\":[\"https:\/\/vieassociative.be\/actualites\/le-guide-de-la-culture-des-enfants-pour-adultes-deconnectes-le-meme-de-socrate-et-du-squelette\/\"]}]},{\"@type\":\"ImageObject\",\"inLanguage\":\"fr-BE\",\"@id\":\"https:\/\/vieassociative.be\/actualites\/le-guide-de-la-culture-des-enfants-pour-adultes-deconnectes-le-meme-de-socrate-et-du-squelette\/#primaryimage\",\"url\":\"https:\/\/vieassociative.be\/actualites\/wp-content\/uploads\/2026\/03\/Le-guide-de-la-culture-des-enfants-pour-adultes-deconnectes.png\",\"contentUrl\":\"https:\/\/vieassociative.be\/actualites\/wp-content\/uploads\/2026\/03\/Le-guide-de-la-culture-des-enfants-pour-adultes-deconnectes.png\",\"width\":1200,\"height\":675,\"caption\":\"Le guide de la culture des enfants pour adultes d\u00e9connect\u00e9s\u00a0: le m\u00e8me de Socrate et du squelette\"},{\"@type\":\"BreadcrumbList\",\"@id\":\"https:\/\/vieassociative.be\/actualites\/le-guide-de-la-culture-des-enfants-pour-adultes-deconnectes-le-meme-de-socrate-et-du-squelette\/#breadcrumb\",\"itemListElement\":[{\"@type\":\"ListItem\",\"position\":1,\"name\":\"Accueil\",\"item\":\"https:\/\/vieassociative.be\/actualites\/\"},{\"@type\":\"ListItem\",\"position\":2,\"name\":\"Le guide de la culture des enfants pour adultes d\u00e9connect\u00e9s\u00a0: le m\u00e8me de Socrate et du squelette\"}]},{\"@type\":\"WebSite\",\"@id\":\"https:\/\/vieassociative.be\/actualites\/#website\",\"url\":\"https:\/\/vieassociative.be\/actualites\/\",\"name\":\"Vie Associative\",\"description\":\"\",\"publisher\":{\"@id\":\"https:\/\/vieassociative.be\/actualites\/#organization\"},\"potentialAction\":[{\"@type\":\"SearchAction\",\"target\":{\"@type\":\"EntryPoint\",\"urlTemplate\":\"https:\/\/vieassociative.be\/actualites\/?s={search_term_string}\"},\"query-input\":{\"@type\":\"PropertyValueSpecification\",\"valueRequired\":true,\"valueName\":\"search_term_string\"}}],\"inLanguage\":\"fr-BE\"},{\"@type\":\"Organization\",\"@id\":\"https:\/\/vieassociative.be\/actualites\/#organization\",\"name\":\"Vie Associative\",\"url\":\"https:\/\/vieassociative.be\/actualites\/\",\"logo\":{\"@type\":\"ImageObject\",\"inLanguage\":\"fr-BE\",\"@id\":\"https:\/\/vieassociative.be\/actualites\/#\/schema\/logo\/image\/\",\"url\":\"https:\/\/vieassociative.be\/actualites\/wp-content\/uploads\/2024\/09\/cropped-vieassociative_favicon.ico.png\",\"contentUrl\":\"https:\/\/vieassociative.be\/actualites\/wp-content\/uploads\/2024\/09\/cropped-vieassociative_favicon.ico.png\",\"width\":512,\"height\":512,\"caption\":\"Vie Associative\"},\"image\":{\"@id\":\"https:\/\/vieassociative.be\/actualites\/#\/schema\/logo\/image\/\"}},{\"@type\":\"Person\",\"@id\":\"https:\/\/vieassociative.be\/actualites\/#\/schema\/person\/b87ac4f82f9d4e7b7cec7395b679edc4\",\"name\":\"Julien\",\"image\":{\"@type\":\"ImageObject\",\"inLanguage\":\"fr-BE\",\"@id\":\"https:\/\/vieassociative.be\/actualites\/#\/schema\/person\/image\/\",\"url\":\"https:\/\/vieassociative.be\/actualites\/wp-content\/uploads\/2024\/09\/vie-associative-1-150x150.jpg\",\"contentUrl\":\"https:\/\/vieassociative.be\/actualites\/wp-content\/uploads\/2024\/09\/vie-associative-1-150x150.jpg\",\"caption\":\"Julien\"},\"description\":\"Je suis Julien, r\u00e9dacteur pour Vie Associative. Passionn\u00e9 par le monde associatif depuis plus de 10 ans, j'ai \u00e0 c\u0153ur de partager des histoires inspirantes et de mettre en lumi\u00e8re les initiatives locales. Mon objectif est de sensibiliser et d'encourager l'engagement communautaire \u00e0 travers mes articles.\",\"sameAs\":[\"https:\/\/vieassociative.be\/\"]}]}<\/script>\n<!-- \/ Yoast SEO plugin. -->","yoast_head_json":{"title":"Le guide de la culture des enfants pour adultes d\u00e9connect\u00e9s\u00a0: le m\u00e8me de Socrate et du squelette | Vie Associative","robots":{"index":"index","follow":"follow","max-snippet":"max-snippet:-1","max-image-preview":"max-image-preview:large","max-video-preview":"max-video-preview:-1"},"canonical":"https:\/\/vieassociative.be\/actualites\/le-guide-de-la-culture-des-enfants-pour-adultes-deconnectes-le-meme-de-socrate-et-du-squelette\/","og_locale":"fr_FR","og_type":"article","og_title":"Le guide de la culture des enfants pour adultes d\u00e9connect\u00e9s\u00a0: le m\u00e8me de Socrate et du squelette | Vie Associative","og_description":"Comme d&rsquo;habitude, la collection d&rsquo;\u00e9paves de la culture jeunesse de cette semaine est omnipr\u00e9sente. Nous avons eu l\u2019apparition surprenante du philosophe grec Socrate dans les","og_url":"https:\/\/vieassociative.be\/actualites\/le-guide-de-la-culture-des-enfants-pour-adultes-deconnectes-le-meme-de-socrate-et-du-squelette\/","og_site_name":"Vie Associative","article_published_time":"2026-03-23T14:17:11+00:00","og_image":[{"width":279,"height":92,"url":"https:\/\/vieassociative.be\/actualites\/wp-content\/uploads\/2024\/09\/header_backgroundk-01-e1726694325946.png","type":"image\/png"}],"author":"Julien","twitter_card":"summary_large_image","twitter_misc":{"\u00c9crit par":"Julien","Dur\u00e9e de lecture est.":"5 minutes"},"schema":{"@context":"https:\/\/schema.org","@graph":[{"@type":"Article","@id":"https:\/\/vieassociative.be\/actualites\/le-guide-de-la-culture-des-enfants-pour-adultes-deconnectes-le-meme-de-socrate-et-du-squelette\/#article","isPartOf":{"@id":"https:\/\/vieassociative.be\/actualites\/le-guide-de-la-culture-des-enfants-pour-adultes-deconnectes-le-meme-de-socrate-et-du-squelette\/"},"author":{"name":"Julien","@id":"https:\/\/vieassociative.be\/actualites\/#\/schema\/person\/b87ac4f82f9d4e7b7cec7395b679edc4"},"headline":"Le guide de la culture des enfants pour adultes d\u00e9connect\u00e9s\u00a0: le m\u00e8me de Socrate et du squelette","datePublished":"2026-03-23T14:17:11+00:00","dateModified":"2026-03-23T14:17:11+00:00","mainEntityOfPage":{"@id":"https:\/\/vieassociative.be\/actualites\/le-guide-de-la-culture-des-enfants-pour-adultes-deconnectes-le-meme-de-socrate-et-du-squelette\/"},"wordCount":1046,"publisher":{"@id":"https:\/\/vieassociative.be\/actualites\/#organization"},"image":{"@id":"https:\/\/vieassociative.be\/actualites\/le-guide-de-la-culture-des-enfants-pour-adultes-deconnectes-le-meme-de-socrate-et-du-squelette\/#primaryimage"},"thumbnailUrl":"https:\/\/vieassociative.be\/actualites\/wp-content\/uploads\/2026\/03\/Le-guide-de-la-culture-des-enfants-pour-adultes-deconnectes.png","keywords":["adultes","culture","d\u00e9connect\u00e9s","Des","enfants","Guide","m\u00eame","pour","Socrate","squelette"],"articleSection":["Divertissement"],"inLanguage":"fr-BE"},{"@type":"WebPage","@id":"https:\/\/vieassociative.be\/actualites\/le-guide-de-la-culture-des-enfants-pour-adultes-deconnectes-le-meme-de-socrate-et-du-squelette\/","url":"https:\/\/vieassociative.be\/actualites\/le-guide-de-la-culture-des-enfants-pour-adultes-deconnectes-le-meme-de-socrate-et-du-squelette\/","name":"Le guide de la culture des enfants pour adultes d\u00e9connect\u00e9s\u00a0: le m\u00e8me de Socrate et du squelette | Vie Associative","isPartOf":{"@id":"https:\/\/vieassociative.be\/actualites\/#website"},"primaryImageOfPage":{"@id":"https:\/\/vieassociative.be\/actualites\/le-guide-de-la-culture-des-enfants-pour-adultes-deconnectes-le-meme-de-socrate-et-du-squelette\/#primaryimage"},"image":{"@id":"https:\/\/vieassociative.be\/actualites\/le-guide-de-la-culture-des-enfants-pour-adultes-deconnectes-le-meme-de-socrate-et-du-squelette\/#primaryimage"},"thumbnailUrl":"https:\/\/vieassociative.be\/actualites\/wp-content\/uploads\/2026\/03\/Le-guide-de-la-culture-des-enfants-pour-adultes-deconnectes.png","datePublished":"2026-03-23T14:17:11+00:00","dateModified":"2026-03-23T14:17:11+00:00","breadcrumb":{"@id":"https:\/\/vieassociative.be\/actualites\/le-guide-de-la-culture-des-enfants-pour-adultes-deconnectes-le-meme-de-socrate-et-du-squelette\/#breadcrumb"},"inLanguage":"fr-BE","potentialAction":[{"@type":"ReadAction","target":["https:\/\/vieassociative.be\/actualites\/le-guide-de-la-culture-des-enfants-pour-adultes-deconnectes-le-meme-de-socrate-et-du-squelette\/"]}]},{"@type":"ImageObject","inLanguage":"fr-BE","@id":"https:\/\/vieassociative.be\/actualites\/le-guide-de-la-culture-des-enfants-pour-adultes-deconnectes-le-meme-de-socrate-et-du-squelette\/#primaryimage","url":"https:\/\/vieassociative.be\/actualites\/wp-content\/uploads\/2026\/03\/Le-guide-de-la-culture-des-enfants-pour-adultes-deconnectes.png","contentUrl":"https:\/\/vieassociative.be\/actualites\/wp-content\/uploads\/2026\/03\/Le-guide-de-la-culture-des-enfants-pour-adultes-deconnectes.png","width":1200,"height":675,"caption":"Le guide de la culture des enfants pour adultes d\u00e9connect\u00e9s\u00a0: le m\u00e8me de Socrate et du squelette"},{"@type":"BreadcrumbList","@id":"https:\/\/vieassociative.be\/actualites\/le-guide-de-la-culture-des-enfants-pour-adultes-deconnectes-le-meme-de-socrate-et-du-squelette\/#breadcrumb","itemListElement":[{"@type":"ListItem","position":1,"name":"Accueil","item":"https:\/\/vieassociative.be\/actualites\/"},{"@type":"ListItem","position":2,"name":"Le guide de la culture des enfants pour adultes d\u00e9connect\u00e9s\u00a0: le m\u00e8me de Socrate et du squelette"}]},{"@type":"WebSite","@id":"https:\/\/vieassociative.be\/actualites\/#website","url":"https:\/\/vieassociative.be\/actualites\/","name":"Vie Associative","description":"","publisher":{"@id":"https:\/\/vieassociative.be\/actualites\/#organization"},"potentialAction":[{"@type":"SearchAction","target":{"@type":"EntryPoint","urlTemplate":"https:\/\/vieassociative.be\/actualites\/?s={search_term_string}"},"query-input":{"@type":"PropertyValueSpecification","valueRequired":true,"valueName":"search_term_string"}}],"inLanguage":"fr-BE"},{"@type":"Organization","@id":"https:\/\/vieassociative.be\/actualites\/#organization","name":"Vie Associative","url":"https:\/\/vieassociative.be\/actualites\/","logo":{"@type":"ImageObject","inLanguage":"fr-BE","@id":"https:\/\/vieassociative.be\/actualites\/#\/schema\/logo\/image\/","url":"https:\/\/vieassociative.be\/actualites\/wp-content\/uploads\/2024\/09\/cropped-vieassociative_favicon.ico.png","contentUrl":"https:\/\/vieassociative.be\/actualites\/wp-content\/uploads\/2024\/09\/cropped-vieassociative_favicon.ico.png","width":512,"height":512,"caption":"Vie Associative"},"image":{"@id":"https:\/\/vieassociative.be\/actualites\/#\/schema\/logo\/image\/"}},{"@type":"Person","@id":"https:\/\/vieassociative.be\/actualites\/#\/schema\/person\/b87ac4f82f9d4e7b7cec7395b679edc4","name":"Julien","image":{"@type":"ImageObject","inLanguage":"fr-BE","@id":"https:\/\/vieassociative.be\/actualites\/#\/schema\/person\/image\/","url":"https:\/\/vieassociative.be\/actualites\/wp-content\/uploads\/2024\/09\/vie-associative-1-150x150.jpg","contentUrl":"https:\/\/vieassociative.be\/actualites\/wp-content\/uploads\/2024\/09\/vie-associative-1-150x150.jpg","caption":"Julien"},"description":"Je suis Julien, r\u00e9dacteur pour Vie Associative. Passionn\u00e9 par le monde associatif depuis plus de 10 ans, j'ai \u00e0 c\u0153ur de partager des histoires inspirantes et de mettre en lumi\u00e8re les initiatives locales. Mon objectif est de sensibiliser et d'encourager l'engagement communautaire \u00e0 travers mes articles.","sameAs":["https:\/\/vieassociative.be\/"]}]}},"_links":{"self":[{"href":"https:\/\/vieassociative.be\/actualites\/wp-json\/wp\/v2\/posts\/13154"}],"collection":[{"href":"https:\/\/vieassociative.be\/actualites\/wp-json\/wp\/v2\/posts"}],"about":[{"href":"https:\/\/vieassociative.be\/actualites\/wp-json\/wp\/v2\/types\/post"}],"author":[{"embeddable":true,"href":"https:\/\/vieassociative.be\/actualites\/wp-json\/wp\/v2\/users\/1"}],"replies":[{"embeddable":true,"href":"https:\/\/vieassociative.be\/actualites\/wp-json\/wp\/v2\/comments?post=13154"}],"version-history":[{"count":0,"href":"https:\/\/vieassociative.be\/actualites\/wp-json\/wp\/v2\/posts\/13154\/revisions"}],"wp:featuredmedia":[{"embeddable":true,"href":"https:\/\/vieassociative.be\/actualites\/wp-json\/wp\/v2\/media\/13155"}],"wp:attachment":[{"href":"https:\/\/vieassociative.be\/actualites\/wp-json\/wp\/v2\/media?parent=13154"}],"wp:term":[{"taxonomy":"category","embeddable":true,"href":"https:\/\/vieassociative.be\/actualites\/wp-json\/wp\/v2\/categories?post=13154"},{"taxonomy":"post_tag","embeddable":true,"href":"https:\/\/vieassociative.be\/actualites\/wp-json\/wp\/v2\/tags?post=13154"}],"curies":[{"name":"wp","href":"https:\/\/api.w.org\/{rel}","templated":true}]}}