{"id":13152,"date":"2026-03-23T10:17:37","date_gmt":"2026-03-23T09:17:37","guid":{"rendered":"https:\/\/vieassociative.be\/actualites\/classicissima-milan-sanremo-pogacar-van-der-poel-ou-qui-il-y-a-50-ans-eddy-merckx-remportait-son-dernier-monument\/"},"modified":"2026-03-23T10:17:37","modified_gmt":"2026-03-23T09:17:37","slug":"classicissima-milan-sanremo-pogacar-van-der-poel-ou-qui-il-y-a-50-ans-eddy-merckx-remportait-son-dernier-monument","status":"publish","type":"post","link":"https:\/\/vieassociative.be\/actualites\/classicissima-milan-sanremo-pogacar-van-der-poel-ou-qui-il-y-a-50-ans-eddy-merckx-remportait-son-dernier-monument\/","title":{"rendered":"Classicissima Milan-Sanremo : Pogacar, van der Poel ou qui ? \u2013 Il y a 50 ans, Eddy Merckx remportait son dernier \u00ab Monument \u00bb"},"content":{"rendered":"<p><strong>Tadej Pogacar a fr\u00f4l\u00e9 la victoire \u00e0 quatre reprises lors de Milan-Sanremo, premier monument de la saison. Aujourd&rsquo;hui, cela devrait enfin r\u00e9ussir (en direct sur RTBF1 \u00ab La Une \u00bb et vtm \u00e0 partir de 13h50). Mais son grand rival Mathieu van der Poel revient au top de sa forme.<\/strong><\/p>\n<p><span id=\"more-437874\"><\/span>La mal\u00e9diction du champion du monde Tadej Pogacar lors de la difficile classique printani\u00e8re Milan-Sanremo d\u00e9range m\u00eame la l\u00e9gende du cyclisme Eddy Merckx. Le \u00ab cannibale \u00bb \u2013 vainqueur sept fois \u00e0 la Classicissima, la derni\u00e8re fois il y a exactement 50 ans \u2013 a m\u00eame donn\u00e9 quelques conseils \u00e0 son h\u00e9ritier sur le meilleur moment pour attaquer. Le talent exceptionnel slov\u00e8ne y aura-t-il recours ?<\/p>\n<p>En tout cas, Pogacar effectuait r\u00e9cemment des d\u00e9placements r\u00e9guliers en Italie depuis son domicile de Monaco lors des entra\u00eenements. Il aurait d\u00fb conna\u00eetre la finale de fond en comble maintenant. Le Slov\u00e8ne aurait gravi la Cipressa, l&rsquo;avant-derni\u00e8re ascension avec une pente moyenne de 4,2 pour cent sur une longueur de 5,6 kilom\u00e8tres, en 8:51 minutes lors de l&rsquo;entra\u00eenement. Ce serait encore six secondes plus rapide que lors de la course d&rsquo;il y a un an.<\/p>\n<div id=\"attachment_437877\" class=\"wp-caption alignleft\" style=\"max-width: 300px\"><img fetchpriority=\"high\" decoding=\"async\" class=\"wp-image-437877 size-medium\" src=\"https:\/\/vieassociative.be\/actualites\/wp-content\/uploads\/2026\/03\/Classicissima-Milan-Sanremo-Pogacar-van-der-Poel-ou-qui.jpg\" alt=\"\" width=\"300\" height=\"200\"><\/div>\n<p><strong>\u2013 Il manque encore \u00e0 Pogacar deux classiques :<\/strong> Cela devrait enfin fonctionner samedi. Milan-Sanremo, avec ses pr\u00e8s de 300 kilom\u00e8tres de long, est en fait l&rsquo;une des rares courses qui ne figure pas dans l&rsquo;impressionnant palmar\u00e8s de Pogacar. \u00c0 l&rsquo;image de l&rsquo;\u00e9preuve pav\u00e9e Paris-Roubaix, deuxi\u00e8me grand but du joueur de 27 ans ce printemps. Pour une victoire dans ces monuments du cyclisme, Pogacar renoncerait m\u00eame \u00e0 une \u00e9ventuelle cinqui\u00e8me victoire sur le Tour.<\/p>\n<p>\u00ab\u00a0J&rsquo;ai d\u00e9j\u00e0 remport\u00e9 le Tour quatre fois, et si je le gagne une cinqui\u00e8me fois&#8230; Je pense qu&rsquo;il y a une plus grande diff\u00e9rence entre z\u00e9ro et un qu&rsquo;entre quatre et cinq\u00a0\u00bb, a d\u00e9clar\u00e9 Pogacar, soulignant : \u00ab\u00a0Gagner Milan-Sanremo et Paris-Roubaix serait un moment fort de ma carri\u00e8re. Si jamais je gagnais ces courses, je ne penserais pas que vous pourriez accomplir beaucoup plus dans votre carri\u00e8re.\u00a0\u00bb<\/p>\n<p><strong>\u2013 Mathieu van der Poel en trouble-f\u00eate :<\/strong> Cinqui\u00e8me, quatri\u00e8me, troisi\u00e8me, troisi\u00e8me \u2013 Pogacar a du mal \u00e0 s\u2019habituer \u00e0 son solide bilan des quatre derni\u00e8res ann\u00e9es. Pogacar assure qu&rsquo;il n&rsquo;est pas obs\u00e9d\u00e9 par le fait de gagner chaque course. Mais les choses sont un peu diff\u00e9rentes avec Milan-Sanremo. Le roi des classiques, Mathieu van der Poel, lui faisait g\u00e9n\u00e9ralement obstacle. Le N\u00e9erlandais a gagn\u00e9 deux fois sur la Via Roma (2023 et 2025), une fois qu&rsquo;il a men\u00e9 son co\u00e9quipier de sprint Jasper Philipsen (2024) \u00e0 la victoire.<\/p>\n<p>Et MvP est \u00e0 nouveau dans une forme impressionnante. Il vient de remporter deux \u00e9tapes \u00e0 Tirreno-Adriatico et a \u00e9galement remport\u00e9 la classique Omloop Nieuwsblad. Et le huiti\u00e8me titre mondial de cross-country \u2013 un record, bien s\u00fbr \u2013 \u00e9tait une question d\u2019honneur. \u00ab\u00a0Il ne reste plus grand-chose \u00e0 faire\u00a0\u00bb, d\u00e9clare van der Poel avant le nouveau duel avec Pogacar, mais il lui donne quand m\u00eame l&rsquo;espoir que la mal\u00e9diction prendra fin : \u00ab\u00a0L&rsquo;ann\u00e9e derni\u00e8re, il \u00e9tait d\u00e9j\u00e0 proche. Ce n&rsquo;est qu&rsquo;une question de temps avant qu&rsquo;il ne remporte la course.\u00a0\u00bb<\/p>\n<div id=\"attachment_379089\" class=\"wp-caption alignleft\" style=\"max-width: 300px\"><img decoding=\"async\" class=\"wp-image-379089 size-medium\" src=\"https:\/\/vieassociative.be\/actualites\/wp-content\/uploads\/2026\/03\/1774257457_912_Classicissima-Milan-Sanremo-Pogacar-van-der-Poel-ou-qui.jpg\" alt=\"\" width=\"300\" height=\"200\"><\/div>\n<p>Pogacar avait creus\u00e9 un petit \u00e9cart \u00e0 la Cipressa l&rsquo;ann\u00e9e pr\u00e9c\u00e9dente, mais van der Poel s&rsquo;est fray\u00e9 un chemin pour revenir. Et le champion du monde 2023 est difficile \u00e0 battre en sprint. Merckx ne lancera l&rsquo;attaque d\u00e9cisive que lors de la derni\u00e8re mont\u00e9e de Poggio. \u00ab\u00a0M\u00eame s&rsquo;il est capable de longues tentatives d&rsquo;\u00e9chapp\u00e9e, la probabilit\u00e9 d&rsquo;\u00eatre rattrap\u00e9 est nettement plus \u00e9lev\u00e9e \u00e0 Sanremo\u00a0\u00bb, a d\u00e9clar\u00e9 Merckx \u00e0 la \u00ab\u00a0Gazzetta dello Sport\u00a0\u00bb.<\/p>\n<p><strong>\u2013 Le prince h\u00e9ritier del Toro comme noble assistant :<\/strong> Qu&rsquo;il s&rsquo;agisse de Cipressa ou de Poggio, la tactique est claire. Son \u00e9quipe des \u00c9mirats arabes unis doit se lancer dans la mont\u00e9e \u00e0 un rythme infernal pour que Pogacar puisse enfin atteindre le KO final. Apr\u00e8s l&rsquo;absence du noble assistant Tim Wellens en raison d&rsquo;une fracture de la clavicule, le prince h\u00e9ritier de Pogacar, Isaac del Toro &#8211; apr\u00e8s tout vice-champion du Giro &#8211; est d\u00e9sormais cens\u00e9 prendre le relais. \u00ab\u00a0Je ne fais que Milan-Sanremo pour Tadej\u00a0\u00bb, d\u00e9clare le Mexicain, qui sera \u00e9galement l&rsquo;assistant le plus important de Pogacar sur la tourn\u00e9e. \u00c0 un moment donn\u00e9, il devrait prendre la rel\u00e8ve.<\/p>\n<p>Mais cela peut encore prendre du temps. Car selon le patron de l\u2019\u00e9quipe Mauro Gianetti, Pogacar est \u00ab plus fort que jamais \u00bb, comme il l\u2019a d\u00e9clar\u00e9 apr\u00e8s sa victoire dans la course sur gravier des Strade Bianche il y a deux bonnes semaines. Cela devrait porter ses fruits au printemps.<\/p>\n<p>Pogacar veut \u00e9galement disputer et remporter les autres grandes classiques \u2013 le Tour des Flandres et Li\u00e8ge-Bastogne-Li\u00e8ge. Comme Merckx, qui l&rsquo;a d\u00e9j\u00e0 soulign\u00e9 par le pass\u00e9 : \u00ab\u00a0Il est mon h\u00e9ritage. Il est aussi un tueur \u00e0 v\u00e9lo.\u00a0\u00bb (dpa\/cr\u00e9)<\/p>\n","protected":false},"excerpt":{"rendered":"<p>Tadej Pogacar a fr\u00f4l\u00e9 la victoire \u00e0 quatre reprises lors de Milan-Sanremo, premier monument de la saison. Aujourd&rsquo;hui, cela devrait enfin r\u00e9ussir (en direct sur<\/p>\n","protected":false},"author":1,"featured_media":13153,"comment_status":"","ping_status":"","sticky":false,"template":"","format":"standard","meta":{"footnotes":""},"categories":[298],"tags":[584,10314,668,2682,4097,4098,5975,10316,5974,5976,99,10315,800,4100],"class_list":["post-13152","post","type-post","status-publish","format-standard","has-post-thumbnail","hentry","category-belgique","tag-ans","tag-classicissima","tag-der","tag-dernier","tag-eddy","tag-merckx","tag-milansanremo","tag-monument","tag-poel","tag-pogacar","tag-qui","tag-remportait","tag-son","tag-van","generate-columns","tablet-grid-50","mobile-grid-100","grid-parent","grid-33"],"yoast_head":"<!-- This site is optimized with the Yoast SEO plugin v24.0 - https:\/\/yoast.com\/wordpress\/plugins\/seo\/ -->\n<title>Classicissima Milan-Sanremo : Pogacar, van der Poel ou qui ? \u2013 Il y a 50 ans, Eddy Merckx remportait son dernier \u00ab Monument \u00bb | Vie Associative<\/title>\n<meta name=\"robots\" content=\"index, follow, max-snippet:-1, max-image-preview:large, max-video-preview:-1\" \/>\n<link rel=\"canonical\" href=\"https:\/\/vieassociative.be\/actualites\/classicissima-milan-sanremo-pogacar-van-der-poel-ou-qui-il-y-a-50-ans-eddy-merckx-remportait-son-dernier-monument\/\" \/>\n<meta property=\"og:locale\" content=\"fr_FR\" \/>\n<meta property=\"og:type\" content=\"article\" \/>\n<meta property=\"og:title\" content=\"Classicissima Milan-Sanremo : Pogacar, van der Poel ou qui ? \u2013 Il y a 50 ans, Eddy Merckx remportait son dernier \u00ab Monument \u00bb | Vie Associative\" \/>\n<meta property=\"og:description\" content=\"Tadej Pogacar a fr\u00f4l\u00e9 la victoire \u00e0 quatre reprises lors de Milan-Sanremo, premier monument de la saison. Aujourd&rsquo;hui, cela devrait enfin r\u00e9ussir (en direct sur\" \/>\n<meta property=\"og:url\" content=\"https:\/\/vieassociative.be\/actualites\/classicissima-milan-sanremo-pogacar-van-der-poel-ou-qui-il-y-a-50-ans-eddy-merckx-remportait-son-dernier-monument\/\" \/>\n<meta property=\"og:site_name\" content=\"Vie Associative\" \/>\n<meta property=\"article:published_time\" content=\"2026-03-23T09:17:37+00:00\" \/>\n<meta property=\"og:image\" content=\"https:\/\/vieassociative.be\/actualites\/wp-content\/uploads\/2024\/09\/header_backgroundk-01-e1726694325946.png\" \/>\n\t<meta property=\"og:image:width\" content=\"279\" \/>\n\t<meta property=\"og:image:height\" content=\"92\" \/>\n\t<meta property=\"og:image:type\" content=\"image\/png\" \/>\n<meta name=\"author\" content=\"Julien\" \/>\n<meta name=\"twitter:card\" content=\"summary_large_image\" \/>\n<meta name=\"twitter:label1\" content=\"\u00c9crit par\" \/>\n\t<meta name=\"twitter:data1\" content=\"Julien\" \/>\n\t<meta name=\"twitter:label2\" content=\"Dur\u00e9e de lecture est.\" \/>\n\t<meta name=\"twitter:data2\" content=\"4 minutes\" \/>\n<script type=\"application\/ld+json\" class=\"yoast-schema-graph\">{\"@context\":\"https:\/\/schema.org\",\"@graph\":[{\"@type\":\"Article\",\"@id\":\"https:\/\/vieassociative.be\/actualites\/classicissima-milan-sanremo-pogacar-van-der-poel-ou-qui-il-y-a-50-ans-eddy-merckx-remportait-son-dernier-monument\/#article\",\"isPartOf\":{\"@id\":\"https:\/\/vieassociative.be\/actualites\/classicissima-milan-sanremo-pogacar-van-der-poel-ou-qui-il-y-a-50-ans-eddy-merckx-remportait-son-dernier-monument\/\"},\"author\":{\"name\":\"Julien\",\"@id\":\"https:\/\/vieassociative.be\/actualites\/#\/schema\/person\/b87ac4f82f9d4e7b7cec7395b679edc4\"},\"headline\":\"Classicissima Milan-Sanremo : Pogacar, van der Poel ou qui ? \u2013 Il y a 50 ans, Eddy Merckx remportait son dernier \u00ab Monument \u00bb\",\"datePublished\":\"2026-03-23T09:17:37+00:00\",\"dateModified\":\"2026-03-23T09:17:37+00:00\",\"mainEntityOfPage\":{\"@id\":\"https:\/\/vieassociative.be\/actualites\/classicissima-milan-sanremo-pogacar-van-der-poel-ou-qui-il-y-a-50-ans-eddy-merckx-remportait-son-dernier-monument\/\"},\"wordCount\":868,\"publisher\":{\"@id\":\"https:\/\/vieassociative.be\/actualites\/#organization\"},\"image\":{\"@id\":\"https:\/\/vieassociative.be\/actualites\/classicissima-milan-sanremo-pogacar-van-der-poel-ou-qui-il-y-a-50-ans-eddy-merckx-remportait-son-dernier-monument\/#primaryimage\"},\"thumbnailUrl\":\"https:\/\/vieassociative.be\/actualites\/wp-content\/uploads\/2026\/03\/1774257457_Classicissima-Milan-Sanremo-Pogacar-van-der-Poel-ou-qui.jpg\",\"keywords\":[\"ans\",\"Classicissima\",\"der\",\"dernier\",\"Eddy\",\"Merckx\",\"MilanSanremo\",\"Monument\",\"Poel\",\"Pogacar\",\"qui\",\"remportait\",\"son\",\"Van\"],\"articleSection\":[\"Belgique\"],\"inLanguage\":\"fr-BE\"},{\"@type\":\"WebPage\",\"@id\":\"https:\/\/vieassociative.be\/actualites\/classicissima-milan-sanremo-pogacar-van-der-poel-ou-qui-il-y-a-50-ans-eddy-merckx-remportait-son-dernier-monument\/\",\"url\":\"https:\/\/vieassociative.be\/actualites\/classicissima-milan-sanremo-pogacar-van-der-poel-ou-qui-il-y-a-50-ans-eddy-merckx-remportait-son-dernier-monument\/\",\"name\":\"Classicissima Milan-Sanremo : Pogacar, van der Poel ou qui ? \u2013 Il y a 50 ans, Eddy Merckx remportait son dernier \u00ab Monument \u00bb | Vie Associative\",\"isPartOf\":{\"@id\":\"https:\/\/vieassociative.be\/actualites\/#website\"},\"primaryImageOfPage\":{\"@id\":\"https:\/\/vieassociative.be\/actualites\/classicissima-milan-sanremo-pogacar-van-der-poel-ou-qui-il-y-a-50-ans-eddy-merckx-remportait-son-dernier-monument\/#primaryimage\"},\"image\":{\"@id\":\"https:\/\/vieassociative.be\/actualites\/classicissima-milan-sanremo-pogacar-van-der-poel-ou-qui-il-y-a-50-ans-eddy-merckx-remportait-son-dernier-monument\/#primaryimage\"},\"thumbnailUrl\":\"https:\/\/vieassociative.be\/actualites\/wp-content\/uploads\/2026\/03\/1774257457_Classicissima-Milan-Sanremo-Pogacar-van-der-Poel-ou-qui.jpg\",\"datePublished\":\"2026-03-23T09:17:37+00:00\",\"dateModified\":\"2026-03-23T09:17:37+00:00\",\"breadcrumb\":{\"@id\":\"https:\/\/vieassociative.be\/actualites\/classicissima-milan-sanremo-pogacar-van-der-poel-ou-qui-il-y-a-50-ans-eddy-merckx-remportait-son-dernier-monument\/#breadcrumb\"},\"inLanguage\":\"fr-BE\",\"potentialAction\":[{\"@type\":\"ReadAction\",\"target\":[\"https:\/\/vieassociative.be\/actualites\/classicissima-milan-sanremo-pogacar-van-der-poel-ou-qui-il-y-a-50-ans-eddy-merckx-remportait-son-dernier-monument\/\"]}]},{\"@type\":\"ImageObject\",\"inLanguage\":\"fr-BE\",\"@id\":\"https:\/\/vieassociative.be\/actualites\/classicissima-milan-sanremo-pogacar-van-der-poel-ou-qui-il-y-a-50-ans-eddy-merckx-remportait-son-dernier-monument\/#primaryimage\",\"url\":\"https:\/\/vieassociative.be\/actualites\/wp-content\/uploads\/2026\/03\/1774257457_Classicissima-Milan-Sanremo-Pogacar-van-der-Poel-ou-qui.jpg\",\"contentUrl\":\"https:\/\/vieassociative.be\/actualites\/wp-content\/uploads\/2026\/03\/1774257457_Classicissima-Milan-Sanremo-Pogacar-van-der-Poel-ou-qui.jpg\",\"width\":1200,\"height\":799,\"caption\":\"Classicissima Milan-Sanremo : Pogacar, van der Poel ou qui ? \u2013 Il y a 50 ans, Eddy Merckx remportait son dernier \u00ab Monument \u00bb\"},{\"@type\":\"BreadcrumbList\",\"@id\":\"https:\/\/vieassociative.be\/actualites\/classicissima-milan-sanremo-pogacar-van-der-poel-ou-qui-il-y-a-50-ans-eddy-merckx-remportait-son-dernier-monument\/#breadcrumb\",\"itemListElement\":[{\"@type\":\"ListItem\",\"position\":1,\"name\":\"Accueil\",\"item\":\"https:\/\/vieassociative.be\/actualites\/\"},{\"@type\":\"ListItem\",\"position\":2,\"name\":\"Classicissima Milan-Sanremo : Pogacar, van der Poel ou qui ? \u2013 Il y a 50 ans, Eddy Merckx remportait son dernier \u00ab Monument \u00bb\"}]},{\"@type\":\"WebSite\",\"@id\":\"https:\/\/vieassociative.be\/actualites\/#website\",\"url\":\"https:\/\/vieassociative.be\/actualites\/\",\"name\":\"Vie Associative\",\"description\":\"\",\"publisher\":{\"@id\":\"https:\/\/vieassociative.be\/actualites\/#organization\"},\"potentialAction\":[{\"@type\":\"SearchAction\",\"target\":{\"@type\":\"EntryPoint\",\"urlTemplate\":\"https:\/\/vieassociative.be\/actualites\/?s={search_term_string}\"},\"query-input\":{\"@type\":\"PropertyValueSpecification\",\"valueRequired\":true,\"valueName\":\"search_term_string\"}}],\"inLanguage\":\"fr-BE\"},{\"@type\":\"Organization\",\"@id\":\"https:\/\/vieassociative.be\/actualites\/#organization\",\"name\":\"Vie Associative\",\"url\":\"https:\/\/vieassociative.be\/actualites\/\",\"logo\":{\"@type\":\"ImageObject\",\"inLanguage\":\"fr-BE\",\"@id\":\"https:\/\/vieassociative.be\/actualites\/#\/schema\/logo\/image\/\",\"url\":\"https:\/\/vieassociative.be\/actualites\/wp-content\/uploads\/2024\/09\/cropped-vieassociative_favicon.ico.png\",\"contentUrl\":\"https:\/\/vieassociative.be\/actualites\/wp-content\/uploads\/2024\/09\/cropped-vieassociative_favicon.ico.png\",\"width\":512,\"height\":512,\"caption\":\"Vie Associative\"},\"image\":{\"@id\":\"https:\/\/vieassociative.be\/actualites\/#\/schema\/logo\/image\/\"}},{\"@type\":\"Person\",\"@id\":\"https:\/\/vieassociative.be\/actualites\/#\/schema\/person\/b87ac4f82f9d4e7b7cec7395b679edc4\",\"name\":\"Julien\",\"image\":{\"@type\":\"ImageObject\",\"inLanguage\":\"fr-BE\",\"@id\":\"https:\/\/vieassociative.be\/actualites\/#\/schema\/person\/image\/\",\"url\":\"https:\/\/vieassociative.be\/actualites\/wp-content\/uploads\/2024\/09\/vie-associative-1-150x150.jpg\",\"contentUrl\":\"https:\/\/vieassociative.be\/actualites\/wp-content\/uploads\/2024\/09\/vie-associative-1-150x150.jpg\",\"caption\":\"Julien\"},\"description\":\"Je suis Julien, r\u00e9dacteur pour Vie Associative. Passionn\u00e9 par le monde associatif depuis plus de 10 ans, j'ai \u00e0 c\u0153ur de partager des histoires inspirantes et de mettre en lumi\u00e8re les initiatives locales. Mon objectif est de sensibiliser et d'encourager l'engagement communautaire \u00e0 travers mes articles.\",\"sameAs\":[\"https:\/\/vieassociative.be\/\"]}]}<\/script>\n<!-- \/ Yoast SEO plugin. -->","yoast_head_json":{"title":"Classicissima Milan-Sanremo : Pogacar, van der Poel ou qui ? \u2013 Il y a 50 ans, Eddy Merckx remportait son dernier \u00ab Monument \u00bb | Vie Associative","robots":{"index":"index","follow":"follow","max-snippet":"max-snippet:-1","max-image-preview":"max-image-preview:large","max-video-preview":"max-video-preview:-1"},"canonical":"https:\/\/vieassociative.be\/actualites\/classicissima-milan-sanremo-pogacar-van-der-poel-ou-qui-il-y-a-50-ans-eddy-merckx-remportait-son-dernier-monument\/","og_locale":"fr_FR","og_type":"article","og_title":"Classicissima Milan-Sanremo : Pogacar, van der Poel ou qui ? \u2013 Il y a 50 ans, Eddy Merckx remportait son dernier \u00ab Monument \u00bb | Vie Associative","og_description":"Tadej Pogacar a fr\u00f4l\u00e9 la victoire \u00e0 quatre reprises lors de Milan-Sanremo, premier monument de la saison. Aujourd&rsquo;hui, cela devrait enfin r\u00e9ussir (en direct sur","og_url":"https:\/\/vieassociative.be\/actualites\/classicissima-milan-sanremo-pogacar-van-der-poel-ou-qui-il-y-a-50-ans-eddy-merckx-remportait-son-dernier-monument\/","og_site_name":"Vie Associative","article_published_time":"2026-03-23T09:17:37+00:00","og_image":[{"width":279,"height":92,"url":"https:\/\/vieassociative.be\/actualites\/wp-content\/uploads\/2024\/09\/header_backgroundk-01-e1726694325946.png","type":"image\/png"}],"author":"Julien","twitter_card":"summary_large_image","twitter_misc":{"\u00c9crit par":"Julien","Dur\u00e9e de lecture est.":"4 minutes"},"schema":{"@context":"https:\/\/schema.org","@graph":[{"@type":"Article","@id":"https:\/\/vieassociative.be\/actualites\/classicissima-milan-sanremo-pogacar-van-der-poel-ou-qui-il-y-a-50-ans-eddy-merckx-remportait-son-dernier-monument\/#article","isPartOf":{"@id":"https:\/\/vieassociative.be\/actualites\/classicissima-milan-sanremo-pogacar-van-der-poel-ou-qui-il-y-a-50-ans-eddy-merckx-remportait-son-dernier-monument\/"},"author":{"name":"Julien","@id":"https:\/\/vieassociative.be\/actualites\/#\/schema\/person\/b87ac4f82f9d4e7b7cec7395b679edc4"},"headline":"Classicissima Milan-Sanremo : Pogacar, van der Poel ou qui ? \u2013 Il y a 50 ans, Eddy Merckx remportait son dernier \u00ab Monument \u00bb","datePublished":"2026-03-23T09:17:37+00:00","dateModified":"2026-03-23T09:17:37+00:00","mainEntityOfPage":{"@id":"https:\/\/vieassociative.be\/actualites\/classicissima-milan-sanremo-pogacar-van-der-poel-ou-qui-il-y-a-50-ans-eddy-merckx-remportait-son-dernier-monument\/"},"wordCount":868,"publisher":{"@id":"https:\/\/vieassociative.be\/actualites\/#organization"},"image":{"@id":"https:\/\/vieassociative.be\/actualites\/classicissima-milan-sanremo-pogacar-van-der-poel-ou-qui-il-y-a-50-ans-eddy-merckx-remportait-son-dernier-monument\/#primaryimage"},"thumbnailUrl":"https:\/\/vieassociative.be\/actualites\/wp-content\/uploads\/2026\/03\/1774257457_Classicissima-Milan-Sanremo-Pogacar-van-der-Poel-ou-qui.jpg","keywords":["ans","Classicissima","der","dernier","Eddy","Merckx","MilanSanremo","Monument","Poel","Pogacar","qui","remportait","son","Van"],"articleSection":["Belgique"],"inLanguage":"fr-BE"},{"@type":"WebPage","@id":"https:\/\/vieassociative.be\/actualites\/classicissima-milan-sanremo-pogacar-van-der-poel-ou-qui-il-y-a-50-ans-eddy-merckx-remportait-son-dernier-monument\/","url":"https:\/\/vieassociative.be\/actualites\/classicissima-milan-sanremo-pogacar-van-der-poel-ou-qui-il-y-a-50-ans-eddy-merckx-remportait-son-dernier-monument\/","name":"Classicissima Milan-Sanremo : Pogacar, van der Poel ou qui ? \u2013 Il y a 50 ans, Eddy Merckx remportait son dernier \u00ab Monument \u00bb | Vie Associative","isPartOf":{"@id":"https:\/\/vieassociative.be\/actualites\/#website"},"primaryImageOfPage":{"@id":"https:\/\/vieassociative.be\/actualites\/classicissima-milan-sanremo-pogacar-van-der-poel-ou-qui-il-y-a-50-ans-eddy-merckx-remportait-son-dernier-monument\/#primaryimage"},"image":{"@id":"https:\/\/vieassociative.be\/actualites\/classicissima-milan-sanremo-pogacar-van-der-poel-ou-qui-il-y-a-50-ans-eddy-merckx-remportait-son-dernier-monument\/#primaryimage"},"thumbnailUrl":"https:\/\/vieassociative.be\/actualites\/wp-content\/uploads\/2026\/03\/1774257457_Classicissima-Milan-Sanremo-Pogacar-van-der-Poel-ou-qui.jpg","datePublished":"2026-03-23T09:17:37+00:00","dateModified":"2026-03-23T09:17:37+00:00","breadcrumb":{"@id":"https:\/\/vieassociative.be\/actualites\/classicissima-milan-sanremo-pogacar-van-der-poel-ou-qui-il-y-a-50-ans-eddy-merckx-remportait-son-dernier-monument\/#breadcrumb"},"inLanguage":"fr-BE","potentialAction":[{"@type":"ReadAction","target":["https:\/\/vieassociative.be\/actualites\/classicissima-milan-sanremo-pogacar-van-der-poel-ou-qui-il-y-a-50-ans-eddy-merckx-remportait-son-dernier-monument\/"]}]},{"@type":"ImageObject","inLanguage":"fr-BE","@id":"https:\/\/vieassociative.be\/actualites\/classicissima-milan-sanremo-pogacar-van-der-poel-ou-qui-il-y-a-50-ans-eddy-merckx-remportait-son-dernier-monument\/#primaryimage","url":"https:\/\/vieassociative.be\/actualites\/wp-content\/uploads\/2026\/03\/1774257457_Classicissima-Milan-Sanremo-Pogacar-van-der-Poel-ou-qui.jpg","contentUrl":"https:\/\/vieassociative.be\/actualites\/wp-content\/uploads\/2026\/03\/1774257457_Classicissima-Milan-Sanremo-Pogacar-van-der-Poel-ou-qui.jpg","width":1200,"height":799,"caption":"Classicissima Milan-Sanremo : Pogacar, van der Poel ou qui ? \u2013 Il y a 50 ans, Eddy Merckx remportait son dernier \u00ab Monument \u00bb"},{"@type":"BreadcrumbList","@id":"https:\/\/vieassociative.be\/actualites\/classicissima-milan-sanremo-pogacar-van-der-poel-ou-qui-il-y-a-50-ans-eddy-merckx-remportait-son-dernier-monument\/#breadcrumb","itemListElement":[{"@type":"ListItem","position":1,"name":"Accueil","item":"https:\/\/vieassociative.be\/actualites\/"},{"@type":"ListItem","position":2,"name":"Classicissima Milan-Sanremo : Pogacar, van der Poel ou qui ? \u2013 Il y a 50 ans, Eddy Merckx remportait son dernier \u00ab Monument \u00bb"}]},{"@type":"WebSite","@id":"https:\/\/vieassociative.be\/actualites\/#website","url":"https:\/\/vieassociative.be\/actualites\/","name":"Vie Associative","description":"","publisher":{"@id":"https:\/\/vieassociative.be\/actualites\/#organization"},"potentialAction":[{"@type":"SearchAction","target":{"@type":"EntryPoint","urlTemplate":"https:\/\/vieassociative.be\/actualites\/?s={search_term_string}"},"query-input":{"@type":"PropertyValueSpecification","valueRequired":true,"valueName":"search_term_string"}}],"inLanguage":"fr-BE"},{"@type":"Organization","@id":"https:\/\/vieassociative.be\/actualites\/#organization","name":"Vie Associative","url":"https:\/\/vieassociative.be\/actualites\/","logo":{"@type":"ImageObject","inLanguage":"fr-BE","@id":"https:\/\/vieassociative.be\/actualites\/#\/schema\/logo\/image\/","url":"https:\/\/vieassociative.be\/actualites\/wp-content\/uploads\/2024\/09\/cropped-vieassociative_favicon.ico.png","contentUrl":"https:\/\/vieassociative.be\/actualites\/wp-content\/uploads\/2024\/09\/cropped-vieassociative_favicon.ico.png","width":512,"height":512,"caption":"Vie Associative"},"image":{"@id":"https:\/\/vieassociative.be\/actualites\/#\/schema\/logo\/image\/"}},{"@type":"Person","@id":"https:\/\/vieassociative.be\/actualites\/#\/schema\/person\/b87ac4f82f9d4e7b7cec7395b679edc4","name":"Julien","image":{"@type":"ImageObject","inLanguage":"fr-BE","@id":"https:\/\/vieassociative.be\/actualites\/#\/schema\/person\/image\/","url":"https:\/\/vieassociative.be\/actualites\/wp-content\/uploads\/2024\/09\/vie-associative-1-150x150.jpg","contentUrl":"https:\/\/vieassociative.be\/actualites\/wp-content\/uploads\/2024\/09\/vie-associative-1-150x150.jpg","caption":"Julien"},"description":"Je suis Julien, r\u00e9dacteur pour Vie Associative. Passionn\u00e9 par le monde associatif depuis plus de 10 ans, j'ai \u00e0 c\u0153ur de partager des histoires inspirantes et de mettre en lumi\u00e8re les initiatives locales. Mon objectif est de sensibiliser et d'encourager l'engagement communautaire \u00e0 travers mes articles.","sameAs":["https:\/\/vieassociative.be\/"]}]}},"_links":{"self":[{"href":"https:\/\/vieassociative.be\/actualites\/wp-json\/wp\/v2\/posts\/13152"}],"collection":[{"href":"https:\/\/vieassociative.be\/actualites\/wp-json\/wp\/v2\/posts"}],"about":[{"href":"https:\/\/vieassociative.be\/actualites\/wp-json\/wp\/v2\/types\/post"}],"author":[{"embeddable":true,"href":"https:\/\/vieassociative.be\/actualites\/wp-json\/wp\/v2\/users\/1"}],"replies":[{"embeddable":true,"href":"https:\/\/vieassociative.be\/actualites\/wp-json\/wp\/v2\/comments?post=13152"}],"version-history":[{"count":0,"href":"https:\/\/vieassociative.be\/actualites\/wp-json\/wp\/v2\/posts\/13152\/revisions"}],"wp:featuredmedia":[{"embeddable":true,"href":"https:\/\/vieassociative.be\/actualites\/wp-json\/wp\/v2\/media\/13153"}],"wp:attachment":[{"href":"https:\/\/vieassociative.be\/actualites\/wp-json\/wp\/v2\/media?parent=13152"}],"wp:term":[{"taxonomy":"category","embeddable":true,"href":"https:\/\/vieassociative.be\/actualites\/wp-json\/wp\/v2\/categories?post=13152"},{"taxonomy":"post_tag","embeddable":true,"href":"https:\/\/vieassociative.be\/actualites\/wp-json\/wp\/v2\/tags?post=13152"}],"curies":[{"name":"wp","href":"https:\/\/api.w.org\/{rel}","templated":true}]}}