{"id":13150,"date":"2026-03-23T09:17:55","date_gmt":"2026-03-23T08:17:55","guid":{"rendered":"https:\/\/vieassociative.be\/actualites\/il-savere-que-meta-ne-ferme-pas-horizon-worlds-en-vr-apres-tout\/"},"modified":"2026-03-23T09:17:55","modified_gmt":"2026-03-23T08:17:55","slug":"il-savere-que-meta-ne-ferme-pas-horizon-worlds-en-vr-apres-tout","status":"publish","type":"post","link":"https:\/\/vieassociative.be\/actualites\/il-savere-que-meta-ne-ferme-pas-horizon-worlds-en-vr-apres-tout\/","title":{"rendered":"Il s&rsquo;av\u00e8re que Meta ne ferme pas \u00ab\u00a0Horizon Worlds\u00a0\u00bb en VR apr\u00e8s tout"},"content":{"rendered":"<p>Meta a tir\u00e9 un 180 sur son application phare de m\u00e9taverse. Mardi, la soci\u00e9t\u00e9 a annonc\u00e9 la date \u00e0 laquelle elle pr\u00e9voyait de fermer l&rsquo;espace de suspension virtuel. <em>Mondes Horizon<\/em>. Puis hier soir, la soci\u00e9t\u00e9 a annonc\u00e9 qu&rsquo;elle conserverait <em>Mondes<\/em> ouvert aux utilisateurs de VR \u00ab dans un avenir pr\u00e9visible \u00bb. Dans une story Instagram, le CTO de Meta, Andrew Bosworth, a d\u00e9clar\u00e9 : \u00ab Nous avons d\u00e9cid\u00e9, aujourd&rsquo;hui m\u00eame, de garder <em>Mondes Horizon<\/em> travaillant en VR pour les jeux existants, pour soutenir les fans qui nous ont contact\u00e9s. \u00bb<\/p>\n<p>Selon Bosworth, Meta ne travaillera sur aucun <em>nouveau<\/em> Jeux VR \u00e0 l&rsquo;int\u00e9rieur <em>Mondes<\/em>mais le contenu actuel sera toujours disponible pour les utilisateurs de VR. \u00ab\u00a0Les gens qui ont d\u00e9j\u00e0 des jeux qu&rsquo;ils aiment, qu&rsquo;ils utilisent dans <em>Mondes Horizon<\/em>pourra t\u00e9l\u00e9charger le <em>Mondes Horizon<\/em> et l&rsquo;utiliser en VR dans un avenir pr\u00e9visible\u00a0\u00bb, a d\u00e9clar\u00e9 Bosworth.<\/p>\n<p>Alors que Worlds restera ouvert aux utilisateurs VR, Meta se concentre sur les utilisateurs mobiles. Tout nouveau contenu cr\u00e9\u00e9 par Meta sera destin\u00e9 aux utilisateurs sur leurs t\u00e9l\u00e9phones. \u00ab\u00a0La majeure partie de notre \u00e9nergie est consacr\u00e9e au mobile\u00a0\u00bb, a d\u00e9clar\u00e9 Bosworth, \u00ab\u00a0car c&rsquo;est l\u00e0 que se trouvait d\u00e9j\u00e0 la majeure partie de l&rsquo;\u00e9nergie des consommateurs et des cr\u00e9ateurs.\u00a0\u00bb<\/p>\n<p>Meta a initialement r\u00e9v\u00e9l\u00e9 son projet de fermeture <em>Mondes Horizon<\/em> \u00e0 VR en f\u00e9vrier, puis a annonc\u00e9 des plans concrets pour d\u00e9brancher mardi. <\/p>\n<h2 id=\"a-shaky-future-for-the-metaverse\">Un avenir fragile pour le m\u00e9taverse<\/h2>\n<p>Mettre son application m\u00e9taverse phare en mode maintenance pour les utilisateurs de VR est un \u00e9norme revirement pour une entreprise qui s&rsquo;est rebaptis\u00e9e \u00ab Meta \u00bb. Le PDG Mark Zuckerberg a d\u00e9voil\u00e9 le changement de nom et <em>Mondes Horizon<\/em> lui-m\u00eame lors de l&rsquo;\u00e9v\u00e9nement Connect de son entreprise en 2021, vantant le m\u00e9taverse comme \u00ab un successeur de l&rsquo;Internet mobile \u00bb qui h\u00e9bergerait \u00e0 terme plus d&rsquo;un milliard de personnes. Ce n&rsquo;est pas ainsi que les choses se sont pass\u00e9es : la division Reality Labs de Meta, dont <em>Mondes Horizon<\/em> en fait partie, a d\u00e9pens\u00e9 environ 83,55 milliards de dollars depuis 2021, et Meta a depuis supprim\u00e9 des emplois dans la division, supprimant les d\u00e9partements consacr\u00e9s aux jeux VR et au contenu de fitness propri\u00e9taires. <\/p>\n<p>\u00c0 son apog\u00e9e, <em>Mondes Horizon<\/em> n&rsquo;aurait eu que 200 000 utilisateurs mensuels. A titre de comparaison, <em>Roblox<\/em> compte 381 millions d&rsquo;utilisateurs mensuels. Mais c&rsquo;est bien que Meta garde au moins les lumi\u00e8res allum\u00e9es pour ce nombre relativement restreint de fans. Il n&rsquo;y en a peut-\u00eatre pas autant que Meta le souhaiterait, mais il y a certainement des membres passionn\u00e9s du<em> Mondes <\/em>communaut\u00e9, qui pourra d\u00e9sormais toujours se rassembler dans ses espaces VR. <\/p>\n<h2 id=\"headsets-are-out-smart-glasses-are-in\">Les casques sont sortis\u00a0; les lunettes intelligentes sont \u00e0 la mode<\/h2>\n<p>M\u00eame si Meta a r\u00e9cemment r\u00e9it\u00e9r\u00e9 son engagement \u00e0 soutenir les d\u00e9veloppeurs VR tiers et promis \u00ab une feuille de route solide pour les futurs casques VR \u00bb, la soci\u00e9t\u00e9 se concentre clairement sur l&rsquo;IA et les lunettes intelligentes pour aller de l&rsquo;avant. Sa r\u00e9duction de <em>Mondes<\/em> et d&rsquo;autres contenus Meta VR de premi\u00e8re partie r\u00e9v\u00e8lent o\u00f9 se situe le march\u00e9 : contrairement \u00e0 la gamme de casques Quest, les lunettes intelligentes aliment\u00e9es par l&rsquo;IA de Meta se sont av\u00e9r\u00e9es un succ\u00e8s sans r\u00e9serve pour l&rsquo;entreprise, qui pr\u00e9voit de fabriquer 20 millions de paires de lunettes intelligentes en 2026. Les \u00ab ordinateurs faciaux \u00bb qui interagissent avec et augmentent le monde dans lequel nous vivons r\u00e9ellement sont plus populaires que les casques qui nous transportent dans d&rsquo;autres mondes. <\/p>\n<p><script async src=\"\/\/www.instagram.com\/embed.js\"><\/script><\/p>\n","protected":false},"excerpt":{"rendered":"<p>Meta a tir\u00e9 un 180 sur son application phare de m\u00e9taverse. Mardi, la soci\u00e9t\u00e9 a annonc\u00e9 la date \u00e0 laquelle elle pr\u00e9voyait de fermer l&rsquo;espace<\/p>\n","protected":false},"author":1,"featured_media":13151,"comment_status":"","ping_status":"","sticky":false,"template":"","format":"standard","meta":{"footnotes":""},"categories":[13],"tags":[472,5825,10088,487,126,10312,236,10313],"class_list":["post-13150","post","type-post","status-publish","format-standard","has-post-thumbnail","hentry","category-technologie","tag-apres","tag-ferme","tag-horizon","tag-meta","tag-pas","tag-savere","tag-tout","tag-worlds","generate-columns","tablet-grid-50","mobile-grid-100","grid-parent","grid-33"],"yoast_head":"<!-- This site is optimized with the Yoast SEO plugin v24.0 - https:\/\/yoast.com\/wordpress\/plugins\/seo\/ -->\n<title>Il s&#039;av\u00e8re que Meta ne ferme pas &quot;Horizon Worlds&quot; en VR apr\u00e8s tout | Vie Associative<\/title>\n<meta name=\"robots\" content=\"index, follow, max-snippet:-1, max-image-preview:large, max-video-preview:-1\" \/>\n<link rel=\"canonical\" href=\"https:\/\/vieassociative.be\/actualites\/il-savere-que-meta-ne-ferme-pas-horizon-worlds-en-vr-apres-tout\/\" \/>\n<meta property=\"og:locale\" content=\"fr_FR\" \/>\n<meta property=\"og:type\" content=\"article\" \/>\n<meta property=\"og:title\" content=\"Il s&#039;av\u00e8re que Meta ne ferme pas &quot;Horizon Worlds&quot; en VR apr\u00e8s tout | Vie Associative\" \/>\n<meta property=\"og:description\" content=\"Meta a tir\u00e9 un 180 sur son application phare de m\u00e9taverse. Mardi, la soci\u00e9t\u00e9 a annonc\u00e9 la date \u00e0 laquelle elle pr\u00e9voyait de fermer l&rsquo;espace\" \/>\n<meta property=\"og:url\" content=\"https:\/\/vieassociative.be\/actualites\/il-savere-que-meta-ne-ferme-pas-horizon-worlds-en-vr-apres-tout\/\" \/>\n<meta property=\"og:site_name\" content=\"Vie Associative\" \/>\n<meta property=\"article:published_time\" content=\"2026-03-23T08:17:55+00:00\" \/>\n<meta property=\"og:image\" content=\"https:\/\/vieassociative.be\/actualites\/wp-content\/uploads\/2024\/09\/header_backgroundk-01-e1726694325946.png\" \/>\n\t<meta property=\"og:image:width\" content=\"279\" \/>\n\t<meta property=\"og:image:height\" content=\"92\" \/>\n\t<meta property=\"og:image:type\" content=\"image\/png\" \/>\n<meta name=\"author\" content=\"Julien\" \/>\n<meta name=\"twitter:card\" content=\"summary_large_image\" \/>\n<meta name=\"twitter:label1\" content=\"\u00c9crit par\" \/>\n\t<meta name=\"twitter:data1\" content=\"Julien\" \/>\n\t<meta name=\"twitter:label2\" content=\"Dur\u00e9e de lecture est.\" \/>\n\t<meta name=\"twitter:data2\" content=\"3 minutes\" \/>\n<script type=\"application\/ld+json\" class=\"yoast-schema-graph\">{\"@context\":\"https:\/\/schema.org\",\"@graph\":[{\"@type\":\"Article\",\"@id\":\"https:\/\/vieassociative.be\/actualites\/il-savere-que-meta-ne-ferme-pas-horizon-worlds-en-vr-apres-tout\/#article\",\"isPartOf\":{\"@id\":\"https:\/\/vieassociative.be\/actualites\/il-savere-que-meta-ne-ferme-pas-horizon-worlds-en-vr-apres-tout\/\"},\"author\":{\"name\":\"Julien\",\"@id\":\"https:\/\/vieassociative.be\/actualites\/#\/schema\/person\/b87ac4f82f9d4e7b7cec7395b679edc4\"},\"headline\":\"Il s&rsquo;av\u00e8re que Meta ne ferme pas \u00ab\u00a0Horizon Worlds\u00a0\u00bb en VR apr\u00e8s tout\",\"datePublished\":\"2026-03-23T08:17:55+00:00\",\"dateModified\":\"2026-03-23T08:17:55+00:00\",\"mainEntityOfPage\":{\"@id\":\"https:\/\/vieassociative.be\/actualites\/il-savere-que-meta-ne-ferme-pas-horizon-worlds-en-vr-apres-tout\/\"},\"wordCount\":634,\"publisher\":{\"@id\":\"https:\/\/vieassociative.be\/actualites\/#organization\"},\"image\":{\"@id\":\"https:\/\/vieassociative.be\/actualites\/il-savere-que-meta-ne-ferme-pas-horizon-worlds-en-vr-apres-tout\/#primaryimage\"},\"thumbnailUrl\":\"https:\/\/vieassociative.be\/actualites\/wp-content\/uploads\/2026\/03\/Il-savere-que-Meta-ne-ferme-pas-Horizon-Worlds-en.png\",\"keywords\":[\"Apr\u00e8s\",\"ferm\u00e9\",\"Horizon\",\"Meta\",\"pas\",\"sav\u00e8re\",\"tout\",\"Worlds\"],\"articleSection\":[\"Technologie\"],\"inLanguage\":\"fr-BE\"},{\"@type\":\"WebPage\",\"@id\":\"https:\/\/vieassociative.be\/actualites\/il-savere-que-meta-ne-ferme-pas-horizon-worlds-en-vr-apres-tout\/\",\"url\":\"https:\/\/vieassociative.be\/actualites\/il-savere-que-meta-ne-ferme-pas-horizon-worlds-en-vr-apres-tout\/\",\"name\":\"Il s'av\u00e8re que Meta ne ferme pas \\\"Horizon Worlds\\\" en VR apr\u00e8s tout | Vie Associative\",\"isPartOf\":{\"@id\":\"https:\/\/vieassociative.be\/actualites\/#website\"},\"primaryImageOfPage\":{\"@id\":\"https:\/\/vieassociative.be\/actualites\/il-savere-que-meta-ne-ferme-pas-horizon-worlds-en-vr-apres-tout\/#primaryimage\"},\"image\":{\"@id\":\"https:\/\/vieassociative.be\/actualites\/il-savere-que-meta-ne-ferme-pas-horizon-worlds-en-vr-apres-tout\/#primaryimage\"},\"thumbnailUrl\":\"https:\/\/vieassociative.be\/actualites\/wp-content\/uploads\/2026\/03\/Il-savere-que-Meta-ne-ferme-pas-Horizon-Worlds-en.png\",\"datePublished\":\"2026-03-23T08:17:55+00:00\",\"dateModified\":\"2026-03-23T08:17:55+00:00\",\"breadcrumb\":{\"@id\":\"https:\/\/vieassociative.be\/actualites\/il-savere-que-meta-ne-ferme-pas-horizon-worlds-en-vr-apres-tout\/#breadcrumb\"},\"inLanguage\":\"fr-BE\",\"potentialAction\":[{\"@type\":\"ReadAction\",\"target\":[\"https:\/\/vieassociative.be\/actualites\/il-savere-que-meta-ne-ferme-pas-horizon-worlds-en-vr-apres-tout\/\"]}]},{\"@type\":\"ImageObject\",\"inLanguage\":\"fr-BE\",\"@id\":\"https:\/\/vieassociative.be\/actualites\/il-savere-que-meta-ne-ferme-pas-horizon-worlds-en-vr-apres-tout\/#primaryimage\",\"url\":\"https:\/\/vieassociative.be\/actualites\/wp-content\/uploads\/2026\/03\/Il-savere-que-Meta-ne-ferme-pas-Horizon-Worlds-en.png\",\"contentUrl\":\"https:\/\/vieassociative.be\/actualites\/wp-content\/uploads\/2026\/03\/Il-savere-que-Meta-ne-ferme-pas-Horizon-Worlds-en.png\",\"width\":1200,\"height\":675,\"caption\":\"Il s'av\u00e8re que Meta ne ferme pas \\\"Horizon Worlds\\\" en VR apr\u00e8s tout\"},{\"@type\":\"BreadcrumbList\",\"@id\":\"https:\/\/vieassociative.be\/actualites\/il-savere-que-meta-ne-ferme-pas-horizon-worlds-en-vr-apres-tout\/#breadcrumb\",\"itemListElement\":[{\"@type\":\"ListItem\",\"position\":1,\"name\":\"Accueil\",\"item\":\"https:\/\/vieassociative.be\/actualites\/\"},{\"@type\":\"ListItem\",\"position\":2,\"name\":\"Il s&rsquo;av\u00e8re que Meta ne ferme pas \u00ab\u00a0Horizon Worlds\u00a0\u00bb en VR apr\u00e8s tout\"}]},{\"@type\":\"WebSite\",\"@id\":\"https:\/\/vieassociative.be\/actualites\/#website\",\"url\":\"https:\/\/vieassociative.be\/actualites\/\",\"name\":\"Vie Associative\",\"description\":\"\",\"publisher\":{\"@id\":\"https:\/\/vieassociative.be\/actualites\/#organization\"},\"potentialAction\":[{\"@type\":\"SearchAction\",\"target\":{\"@type\":\"EntryPoint\",\"urlTemplate\":\"https:\/\/vieassociative.be\/actualites\/?s={search_term_string}\"},\"query-input\":{\"@type\":\"PropertyValueSpecification\",\"valueRequired\":true,\"valueName\":\"search_term_string\"}}],\"inLanguage\":\"fr-BE\"},{\"@type\":\"Organization\",\"@id\":\"https:\/\/vieassociative.be\/actualites\/#organization\",\"name\":\"Vie Associative\",\"url\":\"https:\/\/vieassociative.be\/actualites\/\",\"logo\":{\"@type\":\"ImageObject\",\"inLanguage\":\"fr-BE\",\"@id\":\"https:\/\/vieassociative.be\/actualites\/#\/schema\/logo\/image\/\",\"url\":\"https:\/\/vieassociative.be\/actualites\/wp-content\/uploads\/2024\/09\/cropped-vieassociative_favicon.ico.png\",\"contentUrl\":\"https:\/\/vieassociative.be\/actualites\/wp-content\/uploads\/2024\/09\/cropped-vieassociative_favicon.ico.png\",\"width\":512,\"height\":512,\"caption\":\"Vie Associative\"},\"image\":{\"@id\":\"https:\/\/vieassociative.be\/actualites\/#\/schema\/logo\/image\/\"}},{\"@type\":\"Person\",\"@id\":\"https:\/\/vieassociative.be\/actualites\/#\/schema\/person\/b87ac4f82f9d4e7b7cec7395b679edc4\",\"name\":\"Julien\",\"image\":{\"@type\":\"ImageObject\",\"inLanguage\":\"fr-BE\",\"@id\":\"https:\/\/vieassociative.be\/actualites\/#\/schema\/person\/image\/\",\"url\":\"https:\/\/vieassociative.be\/actualites\/wp-content\/uploads\/2024\/09\/vie-associative-1-150x150.jpg\",\"contentUrl\":\"https:\/\/vieassociative.be\/actualites\/wp-content\/uploads\/2024\/09\/vie-associative-1-150x150.jpg\",\"caption\":\"Julien\"},\"description\":\"Je suis Julien, r\u00e9dacteur pour Vie Associative. Passionn\u00e9 par le monde associatif depuis plus de 10 ans, j'ai \u00e0 c\u0153ur de partager des histoires inspirantes et de mettre en lumi\u00e8re les initiatives locales. Mon objectif est de sensibiliser et d'encourager l'engagement communautaire \u00e0 travers mes articles.\",\"sameAs\":[\"https:\/\/vieassociative.be\/\"]}]}<\/script>\n<!-- \/ Yoast SEO plugin. -->","yoast_head_json":{"title":"Il s'av\u00e8re que Meta ne ferme pas \"Horizon Worlds\" en VR apr\u00e8s tout | Vie Associative","robots":{"index":"index","follow":"follow","max-snippet":"max-snippet:-1","max-image-preview":"max-image-preview:large","max-video-preview":"max-video-preview:-1"},"canonical":"https:\/\/vieassociative.be\/actualites\/il-savere-que-meta-ne-ferme-pas-horizon-worlds-en-vr-apres-tout\/","og_locale":"fr_FR","og_type":"article","og_title":"Il s'av\u00e8re que Meta ne ferme pas \"Horizon Worlds\" en VR apr\u00e8s tout | Vie Associative","og_description":"Meta a tir\u00e9 un 180 sur son application phare de m\u00e9taverse. Mardi, la soci\u00e9t\u00e9 a annonc\u00e9 la date \u00e0 laquelle elle pr\u00e9voyait de fermer l&rsquo;espace","og_url":"https:\/\/vieassociative.be\/actualites\/il-savere-que-meta-ne-ferme-pas-horizon-worlds-en-vr-apres-tout\/","og_site_name":"Vie Associative","article_published_time":"2026-03-23T08:17:55+00:00","og_image":[{"width":279,"height":92,"url":"https:\/\/vieassociative.be\/actualites\/wp-content\/uploads\/2024\/09\/header_backgroundk-01-e1726694325946.png","type":"image\/png"}],"author":"Julien","twitter_card":"summary_large_image","twitter_misc":{"\u00c9crit par":"Julien","Dur\u00e9e de lecture est.":"3 minutes"},"schema":{"@context":"https:\/\/schema.org","@graph":[{"@type":"Article","@id":"https:\/\/vieassociative.be\/actualites\/il-savere-que-meta-ne-ferme-pas-horizon-worlds-en-vr-apres-tout\/#article","isPartOf":{"@id":"https:\/\/vieassociative.be\/actualites\/il-savere-que-meta-ne-ferme-pas-horizon-worlds-en-vr-apres-tout\/"},"author":{"name":"Julien","@id":"https:\/\/vieassociative.be\/actualites\/#\/schema\/person\/b87ac4f82f9d4e7b7cec7395b679edc4"},"headline":"Il s&rsquo;av\u00e8re que Meta ne ferme pas \u00ab\u00a0Horizon Worlds\u00a0\u00bb en VR apr\u00e8s tout","datePublished":"2026-03-23T08:17:55+00:00","dateModified":"2026-03-23T08:17:55+00:00","mainEntityOfPage":{"@id":"https:\/\/vieassociative.be\/actualites\/il-savere-que-meta-ne-ferme-pas-horizon-worlds-en-vr-apres-tout\/"},"wordCount":634,"publisher":{"@id":"https:\/\/vieassociative.be\/actualites\/#organization"},"image":{"@id":"https:\/\/vieassociative.be\/actualites\/il-savere-que-meta-ne-ferme-pas-horizon-worlds-en-vr-apres-tout\/#primaryimage"},"thumbnailUrl":"https:\/\/vieassociative.be\/actualites\/wp-content\/uploads\/2026\/03\/Il-savere-que-Meta-ne-ferme-pas-Horizon-Worlds-en.png","keywords":["Apr\u00e8s","ferm\u00e9","Horizon","Meta","pas","sav\u00e8re","tout","Worlds"],"articleSection":["Technologie"],"inLanguage":"fr-BE"},{"@type":"WebPage","@id":"https:\/\/vieassociative.be\/actualites\/il-savere-que-meta-ne-ferme-pas-horizon-worlds-en-vr-apres-tout\/","url":"https:\/\/vieassociative.be\/actualites\/il-savere-que-meta-ne-ferme-pas-horizon-worlds-en-vr-apres-tout\/","name":"Il s'av\u00e8re que Meta ne ferme pas \"Horizon Worlds\" en VR apr\u00e8s tout | Vie Associative","isPartOf":{"@id":"https:\/\/vieassociative.be\/actualites\/#website"},"primaryImageOfPage":{"@id":"https:\/\/vieassociative.be\/actualites\/il-savere-que-meta-ne-ferme-pas-horizon-worlds-en-vr-apres-tout\/#primaryimage"},"image":{"@id":"https:\/\/vieassociative.be\/actualites\/il-savere-que-meta-ne-ferme-pas-horizon-worlds-en-vr-apres-tout\/#primaryimage"},"thumbnailUrl":"https:\/\/vieassociative.be\/actualites\/wp-content\/uploads\/2026\/03\/Il-savere-que-Meta-ne-ferme-pas-Horizon-Worlds-en.png","datePublished":"2026-03-23T08:17:55+00:00","dateModified":"2026-03-23T08:17:55+00:00","breadcrumb":{"@id":"https:\/\/vieassociative.be\/actualites\/il-savere-que-meta-ne-ferme-pas-horizon-worlds-en-vr-apres-tout\/#breadcrumb"},"inLanguage":"fr-BE","potentialAction":[{"@type":"ReadAction","target":["https:\/\/vieassociative.be\/actualites\/il-savere-que-meta-ne-ferme-pas-horizon-worlds-en-vr-apres-tout\/"]}]},{"@type":"ImageObject","inLanguage":"fr-BE","@id":"https:\/\/vieassociative.be\/actualites\/il-savere-que-meta-ne-ferme-pas-horizon-worlds-en-vr-apres-tout\/#primaryimage","url":"https:\/\/vieassociative.be\/actualites\/wp-content\/uploads\/2026\/03\/Il-savere-que-Meta-ne-ferme-pas-Horizon-Worlds-en.png","contentUrl":"https:\/\/vieassociative.be\/actualites\/wp-content\/uploads\/2026\/03\/Il-savere-que-Meta-ne-ferme-pas-Horizon-Worlds-en.png","width":1200,"height":675,"caption":"Il s'av\u00e8re que Meta ne ferme pas \"Horizon Worlds\" en VR apr\u00e8s tout"},{"@type":"BreadcrumbList","@id":"https:\/\/vieassociative.be\/actualites\/il-savere-que-meta-ne-ferme-pas-horizon-worlds-en-vr-apres-tout\/#breadcrumb","itemListElement":[{"@type":"ListItem","position":1,"name":"Accueil","item":"https:\/\/vieassociative.be\/actualites\/"},{"@type":"ListItem","position":2,"name":"Il s&rsquo;av\u00e8re que Meta ne ferme pas \u00ab\u00a0Horizon Worlds\u00a0\u00bb en VR apr\u00e8s tout"}]},{"@type":"WebSite","@id":"https:\/\/vieassociative.be\/actualites\/#website","url":"https:\/\/vieassociative.be\/actualites\/","name":"Vie Associative","description":"","publisher":{"@id":"https:\/\/vieassociative.be\/actualites\/#organization"},"potentialAction":[{"@type":"SearchAction","target":{"@type":"EntryPoint","urlTemplate":"https:\/\/vieassociative.be\/actualites\/?s={search_term_string}"},"query-input":{"@type":"PropertyValueSpecification","valueRequired":true,"valueName":"search_term_string"}}],"inLanguage":"fr-BE"},{"@type":"Organization","@id":"https:\/\/vieassociative.be\/actualites\/#organization","name":"Vie Associative","url":"https:\/\/vieassociative.be\/actualites\/","logo":{"@type":"ImageObject","inLanguage":"fr-BE","@id":"https:\/\/vieassociative.be\/actualites\/#\/schema\/logo\/image\/","url":"https:\/\/vieassociative.be\/actualites\/wp-content\/uploads\/2024\/09\/cropped-vieassociative_favicon.ico.png","contentUrl":"https:\/\/vieassociative.be\/actualites\/wp-content\/uploads\/2024\/09\/cropped-vieassociative_favicon.ico.png","width":512,"height":512,"caption":"Vie Associative"},"image":{"@id":"https:\/\/vieassociative.be\/actualites\/#\/schema\/logo\/image\/"}},{"@type":"Person","@id":"https:\/\/vieassociative.be\/actualites\/#\/schema\/person\/b87ac4f82f9d4e7b7cec7395b679edc4","name":"Julien","image":{"@type":"ImageObject","inLanguage":"fr-BE","@id":"https:\/\/vieassociative.be\/actualites\/#\/schema\/person\/image\/","url":"https:\/\/vieassociative.be\/actualites\/wp-content\/uploads\/2024\/09\/vie-associative-1-150x150.jpg","contentUrl":"https:\/\/vieassociative.be\/actualites\/wp-content\/uploads\/2024\/09\/vie-associative-1-150x150.jpg","caption":"Julien"},"description":"Je suis Julien, r\u00e9dacteur pour Vie Associative. Passionn\u00e9 par le monde associatif depuis plus de 10 ans, j'ai \u00e0 c\u0153ur de partager des histoires inspirantes et de mettre en lumi\u00e8re les initiatives locales. Mon objectif est de sensibiliser et d'encourager l'engagement communautaire \u00e0 travers mes articles.","sameAs":["https:\/\/vieassociative.be\/"]}]}},"_links":{"self":[{"href":"https:\/\/vieassociative.be\/actualites\/wp-json\/wp\/v2\/posts\/13150"}],"collection":[{"href":"https:\/\/vieassociative.be\/actualites\/wp-json\/wp\/v2\/posts"}],"about":[{"href":"https:\/\/vieassociative.be\/actualites\/wp-json\/wp\/v2\/types\/post"}],"author":[{"embeddable":true,"href":"https:\/\/vieassociative.be\/actualites\/wp-json\/wp\/v2\/users\/1"}],"replies":[{"embeddable":true,"href":"https:\/\/vieassociative.be\/actualites\/wp-json\/wp\/v2\/comments?post=13150"}],"version-history":[{"count":0,"href":"https:\/\/vieassociative.be\/actualites\/wp-json\/wp\/v2\/posts\/13150\/revisions"}],"wp:featuredmedia":[{"embeddable":true,"href":"https:\/\/vieassociative.be\/actualites\/wp-json\/wp\/v2\/media\/13151"}],"wp:attachment":[{"href":"https:\/\/vieassociative.be\/actualites\/wp-json\/wp\/v2\/media?parent=13150"}],"wp:term":[{"taxonomy":"category","embeddable":true,"href":"https:\/\/vieassociative.be\/actualites\/wp-json\/wp\/v2\/categories?post=13150"},{"taxonomy":"post_tag","embeddable":true,"href":"https:\/\/vieassociative.be\/actualites\/wp-json\/wp\/v2\/tags?post=13150"}],"curies":[{"name":"wp","href":"https:\/\/api.w.org\/{rel}","templated":true}]}}