{"id":13148,"date":"2026-03-23T04:17:37","date_gmt":"2026-03-23T03:17:37","guid":{"rendered":"https:\/\/vieassociative.be\/actualites\/lunion-saint-gilloise-remporte-la-phase-classique-de-la-jupiler-pro-league-juste-devant-le-fc-bruges-il-est-desormais-temps-de-passer-aux-playoffs\/"},"modified":"2026-03-23T04:17:37","modified_gmt":"2026-03-23T03:17:37","slug":"lunion-saint-gilloise-remporte-la-phase-classique-de-la-jupiler-pro-league-juste-devant-le-fc-bruges-il-est-desormais-temps-de-passer-aux-playoffs","status":"publish","type":"post","link":"https:\/\/vieassociative.be\/actualites\/lunion-saint-gilloise-remporte-la-phase-classique-de-la-jupiler-pro-league-juste-devant-le-fc-bruges-il-est-desormais-temps-de-passer-aux-playoffs\/","title":{"rendered":"L&rsquo;Union Saint-Gilloise remporte la phase classique de la Jupiler Pro League juste devant le FC Bruges &#8211; Il est d\u00e9sormais temps de passer aux playoffs"},"content":{"rendered":"<p><strong>La derni\u00e8re journ\u00e9e de Jupiler Pro League a d\u00e9finitivement d\u00e9cid\u00e9 qui disputera les Playoffs des Champions (ou Playoffs 1), les Playoffs Europe (ou Playoffs 2) et les Playoffs de Rel\u00e9gation (ou Playoffs 3).<\/strong><\/p>\n<p><span id=\"more-437914\"><\/span>L&rsquo;Union Saint-Gilloise aborde les Champions Playoffs en t\u00eate du championnat, suivie de pr\u00e8s par le FC Bruges. Parmi les participants \u00e0 la ronde de championnat figurent \u00e9galement Saint-Trond, l&rsquo;AA Gent, le KV Mechelen et le RSC Anderlecht, qui ont perdu contre le Cercle Bruges et qui doivent leur place aux Champions Playoffs \u00e0 l&rsquo;\u00e9quipe de La Louvi\u00e8re, qui a r\u00e9alis\u00e9 un spectaculaire 5-5 contre le KRC Genk.<\/p>\n<div id=\"attachment_425935\" class=\"wp-caption alignleft\" style=\"max-width: 300px\"><img fetchpriority=\"high\" decoding=\"async\" class=\"wp-image-425935 size-medium\" src=\"https:\/\/vieassociative.be\/actualites\/wp-content\/uploads\/2026\/02\/La-Saint-Gilloise-bat-le-FC-Bruges-1-0-dans-le-match.jpg\" alt=\"\" width=\"300\" height=\"200\"><\/div>\n<p>Le KRC Genk a \u00e9galement rat\u00e9 les Champions Playoffs trois jours apr\u00e8s avoir \u00e9t\u00e9 \u00e9limin\u00e9 de la Ligue Europa. Les Limbourgeois doivent se contenter des Playoffs europ\u00e9ens qu&rsquo;ils d\u00e9marrent en leader. Des adversaires attrayants attendent Genk en s\u00e9ries \u00e9liminatoires, comme le Standard Li\u00e8ge, le Royal Antwerp FC et le SC Charleroi. Le VC Westerlo et l&rsquo;OH L\u00f6wen compl\u00e8tent le peloton des participants aux Playoffs europ\u00e9ens.<\/p>\n<p>Les barrages de rel\u00e9gation seront finalement disput\u00e9s par le SV Zulte Waregem, le Cercle Brugge, Raal La Louvi\u00e8re et Dender. Il n&rsquo;y a pas de rel\u00e9gation directe, car le bas de tableau ne joue pas deux matchs apr\u00e8s les playoffs contre le vainqueur des Promotion Playoffs de la Challenger Pro League. (cr\u00e9er)<\/p>\n<p><em><strong>Voici la position de d\u00e9part dans les Champions Playoffs\u00a0:<\/strong><\/em><\/p>\n<p>1. Union SG \u2013 33 points<br \/>\n2. FC Bruges \u2013 32* points<br \/>\n3. Saint-Trond VV \u2013 29* points<br \/>\n4. KAA Gent \u2013 \u200b\u200b\u200b\u200b23* points<br \/>\n5. KV Malines \u2013 23* points<br \/>\n6. RSC Anderlecht \u2013 22 points<\/p>\n<p><em>* Points arrondis<\/em><\/p>\n<p><strong><em>Voici la position de d\u00e9part des Playoffs europ\u00e9ens\u00a0:<\/em><\/strong><\/p>\n<p>1. KRC Genk \u2013 21 points<br \/>\n2. Norme \u2013 20 points<br \/>\n3. Westerlo \u2013 20* points<br \/>\n4. Anvers \u2013 18* points<br \/>\n5. SC Charleroi \u2013 17 points<br \/>\n6. OH Louvain \u2013 17 points<\/p>\n<p><em>* Points arrondis<\/em><\/p>\n<p><em><strong>Voici la position de d\u00e9part dans les \u00e9liminatoires de rel\u00e9gation\u00a0:<\/strong><\/em><\/p>\n<p>1. Zulte-Waregem \u2013 32 points<br \/>\n2. Cercle Bruges \u2013 31 points<br \/>\n3. La Louvi\u00e8re \u2013 31 points<br \/>\n4. Dendre \u2013 19 points<\/p>\n","protected":false},"excerpt":{"rendered":"<p>La derni\u00e8re journ\u00e9e de Jupiler Pro League a d\u00e9finitivement d\u00e9cid\u00e9 qui disputera les Playoffs des Champions (ou Playoffs 1), les Playoffs Europe (ou Playoffs 2)<\/p>\n","protected":false},"author":1,"featured_media":13149,"comment_status":"","ping_status":"","sticky":false,"template":"","format":"standard","meta":{"footnotes":""},"categories":[298],"tags":[289,2851,3642,6,2381,76,4296,1499,3950,1143,789,4156,3931,630,2809,2502,790],"class_list":["post-13148","post","type-post","status-publish","format-standard","has-post-thumbnail","hentry","category-belgique","tag-aux","tag-bruges","tag-classique","tag-desormais","tag-devant","tag-est","tag-jupiler","tag-juste","tag-league","tag-lunion","tag-passer","tag-phase","tag-playoffs","tag-pro","tag-remporte","tag-saintgilloise","tag-temps","generate-columns","tablet-grid-50","mobile-grid-100","grid-parent","grid-33"],"yoast_head":"<!-- This site is optimized with the Yoast SEO plugin v24.0 - https:\/\/yoast.com\/wordpress\/plugins\/seo\/ -->\n<title>L&#039;Union Saint-Gilloise remporte la phase classique de la Jupiler Pro League juste devant le FC Bruges - Il est d\u00e9sormais temps de passer aux playoffs | Vie Associative<\/title>\n<meta name=\"robots\" content=\"index, follow, max-snippet:-1, max-image-preview:large, max-video-preview:-1\" \/>\n<link rel=\"canonical\" href=\"https:\/\/vieassociative.be\/actualites\/lunion-saint-gilloise-remporte-la-phase-classique-de-la-jupiler-pro-league-juste-devant-le-fc-bruges-il-est-desormais-temps-de-passer-aux-playoffs\/\" \/>\n<meta property=\"og:locale\" content=\"fr_FR\" \/>\n<meta property=\"og:type\" content=\"article\" \/>\n<meta property=\"og:title\" content=\"L&#039;Union Saint-Gilloise remporte la phase classique de la Jupiler Pro League juste devant le FC Bruges - Il est d\u00e9sormais temps de passer aux playoffs | Vie Associative\" \/>\n<meta property=\"og:description\" content=\"La derni\u00e8re journ\u00e9e de Jupiler Pro League a d\u00e9finitivement d\u00e9cid\u00e9 qui disputera les Playoffs des Champions (ou Playoffs 1), les Playoffs Europe (ou Playoffs 2)\" \/>\n<meta property=\"og:url\" content=\"https:\/\/vieassociative.be\/actualites\/lunion-saint-gilloise-remporte-la-phase-classique-de-la-jupiler-pro-league-juste-devant-le-fc-bruges-il-est-desormais-temps-de-passer-aux-playoffs\/\" \/>\n<meta property=\"og:site_name\" content=\"Vie Associative\" \/>\n<meta property=\"article:published_time\" content=\"2026-03-23T03:17:37+00:00\" \/>\n<meta property=\"og:image\" content=\"https:\/\/vieassociative.be\/actualites\/wp-content\/uploads\/2024\/09\/header_backgroundk-01-e1726694325946.png\" \/>\n\t<meta property=\"og:image:width\" content=\"279\" \/>\n\t<meta property=\"og:image:height\" content=\"92\" \/>\n\t<meta property=\"og:image:type\" content=\"image\/png\" \/>\n<meta name=\"author\" content=\"Julien\" \/>\n<meta name=\"twitter:card\" content=\"summary_large_image\" \/>\n<meta name=\"twitter:label1\" content=\"\u00c9crit par\" \/>\n\t<meta name=\"twitter:data1\" content=\"Julien\" \/>\n\t<meta name=\"twitter:label2\" content=\"Dur\u00e9e de lecture est.\" \/>\n\t<meta name=\"twitter:data2\" content=\"2 minutes\" \/>\n<script type=\"application\/ld+json\" class=\"yoast-schema-graph\">{\"@context\":\"https:\/\/schema.org\",\"@graph\":[{\"@type\":\"Article\",\"@id\":\"https:\/\/vieassociative.be\/actualites\/lunion-saint-gilloise-remporte-la-phase-classique-de-la-jupiler-pro-league-juste-devant-le-fc-bruges-il-est-desormais-temps-de-passer-aux-playoffs\/#article\",\"isPartOf\":{\"@id\":\"https:\/\/vieassociative.be\/actualites\/lunion-saint-gilloise-remporte-la-phase-classique-de-la-jupiler-pro-league-juste-devant-le-fc-bruges-il-est-desormais-temps-de-passer-aux-playoffs\/\"},\"author\":{\"name\":\"Julien\",\"@id\":\"https:\/\/vieassociative.be\/actualites\/#\/schema\/person\/b87ac4f82f9d4e7b7cec7395b679edc4\"},\"headline\":\"L&rsquo;Union Saint-Gilloise remporte la phase classique de la Jupiler Pro League juste devant le FC Bruges &#8211; Il est d\u00e9sormais temps de passer aux playoffs\",\"datePublished\":\"2026-03-23T03:17:37+00:00\",\"dateModified\":\"2026-03-23T03:17:37+00:00\",\"mainEntityOfPage\":{\"@id\":\"https:\/\/vieassociative.be\/actualites\/lunion-saint-gilloise-remporte-la-phase-classique-de-la-jupiler-pro-league-juste-devant-le-fc-bruges-il-est-desormais-temps-de-passer-aux-playoffs\/\"},\"wordCount\":348,\"publisher\":{\"@id\":\"https:\/\/vieassociative.be\/actualites\/#organization\"},\"image\":{\"@id\":\"https:\/\/vieassociative.be\/actualites\/lunion-saint-gilloise-remporte-la-phase-classique-de-la-jupiler-pro-league-juste-devant-le-fc-bruges-il-est-desormais-temps-de-passer-aux-playoffs\/#primaryimage\"},\"thumbnailUrl\":\"https:\/\/vieassociative.be\/actualites\/wp-content\/uploads\/2026\/03\/LUnion-Saint-Gilloise-remporte-la-phase-classique-de-la-Jupiler-Pro.jpg\",\"keywords\":[\"aux\",\"Bruges\",\"classique\",\"d\u00e9sormais\",\"devant\",\"est\",\"Jupiler\",\"juste\",\"League\",\"lUnion\",\"passer\",\"phase\",\"playoffs\",\"Pro\",\"remport\u00e9\",\"SaintGilloise\",\"temps\"],\"articleSection\":[\"Belgique\"],\"inLanguage\":\"fr-BE\"},{\"@type\":\"WebPage\",\"@id\":\"https:\/\/vieassociative.be\/actualites\/lunion-saint-gilloise-remporte-la-phase-classique-de-la-jupiler-pro-league-juste-devant-le-fc-bruges-il-est-desormais-temps-de-passer-aux-playoffs\/\",\"url\":\"https:\/\/vieassociative.be\/actualites\/lunion-saint-gilloise-remporte-la-phase-classique-de-la-jupiler-pro-league-juste-devant-le-fc-bruges-il-est-desormais-temps-de-passer-aux-playoffs\/\",\"name\":\"L'Union Saint-Gilloise remporte la phase classique de la Jupiler Pro League juste devant le FC Bruges - Il est d\u00e9sormais temps de passer aux playoffs | Vie Associative\",\"isPartOf\":{\"@id\":\"https:\/\/vieassociative.be\/actualites\/#website\"},\"primaryImageOfPage\":{\"@id\":\"https:\/\/vieassociative.be\/actualites\/lunion-saint-gilloise-remporte-la-phase-classique-de-la-jupiler-pro-league-juste-devant-le-fc-bruges-il-est-desormais-temps-de-passer-aux-playoffs\/#primaryimage\"},\"image\":{\"@id\":\"https:\/\/vieassociative.be\/actualites\/lunion-saint-gilloise-remporte-la-phase-classique-de-la-jupiler-pro-league-juste-devant-le-fc-bruges-il-est-desormais-temps-de-passer-aux-playoffs\/#primaryimage\"},\"thumbnailUrl\":\"https:\/\/vieassociative.be\/actualites\/wp-content\/uploads\/2026\/03\/LUnion-Saint-Gilloise-remporte-la-phase-classique-de-la-Jupiler-Pro.jpg\",\"datePublished\":\"2026-03-23T03:17:37+00:00\",\"dateModified\":\"2026-03-23T03:17:37+00:00\",\"breadcrumb\":{\"@id\":\"https:\/\/vieassociative.be\/actualites\/lunion-saint-gilloise-remporte-la-phase-classique-de-la-jupiler-pro-league-juste-devant-le-fc-bruges-il-est-desormais-temps-de-passer-aux-playoffs\/#breadcrumb\"},\"inLanguage\":\"fr-BE\",\"potentialAction\":[{\"@type\":\"ReadAction\",\"target\":[\"https:\/\/vieassociative.be\/actualites\/lunion-saint-gilloise-remporte-la-phase-classique-de-la-jupiler-pro-league-juste-devant-le-fc-bruges-il-est-desormais-temps-de-passer-aux-playoffs\/\"]}]},{\"@type\":\"ImageObject\",\"inLanguage\":\"fr-BE\",\"@id\":\"https:\/\/vieassociative.be\/actualites\/lunion-saint-gilloise-remporte-la-phase-classique-de-la-jupiler-pro-league-juste-devant-le-fc-bruges-il-est-desormais-temps-de-passer-aux-playoffs\/#primaryimage\",\"url\":\"https:\/\/vieassociative.be\/actualites\/wp-content\/uploads\/2026\/03\/LUnion-Saint-Gilloise-remporte-la-phase-classique-de-la-Jupiler-Pro.jpg\",\"contentUrl\":\"https:\/\/vieassociative.be\/actualites\/wp-content\/uploads\/2026\/03\/LUnion-Saint-Gilloise-remporte-la-phase-classique-de-la-Jupiler-Pro.jpg\",\"width\":1200,\"height\":800,\"caption\":\"L'Union Saint-Gilloise remporte la phase classique de la Jupiler Pro League juste devant le FC Bruges - Il est d\u00e9sormais temps de passer aux playoffs\"},{\"@type\":\"BreadcrumbList\",\"@id\":\"https:\/\/vieassociative.be\/actualites\/lunion-saint-gilloise-remporte-la-phase-classique-de-la-jupiler-pro-league-juste-devant-le-fc-bruges-il-est-desormais-temps-de-passer-aux-playoffs\/#breadcrumb\",\"itemListElement\":[{\"@type\":\"ListItem\",\"position\":1,\"name\":\"Accueil\",\"item\":\"https:\/\/vieassociative.be\/actualites\/\"},{\"@type\":\"ListItem\",\"position\":2,\"name\":\"L&rsquo;Union Saint-Gilloise remporte la phase classique de la Jupiler Pro League juste devant le FC Bruges &#8211; Il est d\u00e9sormais temps de passer aux playoffs\"}]},{\"@type\":\"WebSite\",\"@id\":\"https:\/\/vieassociative.be\/actualites\/#website\",\"url\":\"https:\/\/vieassociative.be\/actualites\/\",\"name\":\"Vie Associative\",\"description\":\"\",\"publisher\":{\"@id\":\"https:\/\/vieassociative.be\/actualites\/#organization\"},\"potentialAction\":[{\"@type\":\"SearchAction\",\"target\":{\"@type\":\"EntryPoint\",\"urlTemplate\":\"https:\/\/vieassociative.be\/actualites\/?s={search_term_string}\"},\"query-input\":{\"@type\":\"PropertyValueSpecification\",\"valueRequired\":true,\"valueName\":\"search_term_string\"}}],\"inLanguage\":\"fr-BE\"},{\"@type\":\"Organization\",\"@id\":\"https:\/\/vieassociative.be\/actualites\/#organization\",\"name\":\"Vie Associative\",\"url\":\"https:\/\/vieassociative.be\/actualites\/\",\"logo\":{\"@type\":\"ImageObject\",\"inLanguage\":\"fr-BE\",\"@id\":\"https:\/\/vieassociative.be\/actualites\/#\/schema\/logo\/image\/\",\"url\":\"https:\/\/vieassociative.be\/actualites\/wp-content\/uploads\/2024\/09\/cropped-vieassociative_favicon.ico.png\",\"contentUrl\":\"https:\/\/vieassociative.be\/actualites\/wp-content\/uploads\/2024\/09\/cropped-vieassociative_favicon.ico.png\",\"width\":512,\"height\":512,\"caption\":\"Vie Associative\"},\"image\":{\"@id\":\"https:\/\/vieassociative.be\/actualites\/#\/schema\/logo\/image\/\"}},{\"@type\":\"Person\",\"@id\":\"https:\/\/vieassociative.be\/actualites\/#\/schema\/person\/b87ac4f82f9d4e7b7cec7395b679edc4\",\"name\":\"Julien\",\"image\":{\"@type\":\"ImageObject\",\"inLanguage\":\"fr-BE\",\"@id\":\"https:\/\/vieassociative.be\/actualites\/#\/schema\/person\/image\/\",\"url\":\"https:\/\/vieassociative.be\/actualites\/wp-content\/uploads\/2024\/09\/vie-associative-1-150x150.jpg\",\"contentUrl\":\"https:\/\/vieassociative.be\/actualites\/wp-content\/uploads\/2024\/09\/vie-associative-1-150x150.jpg\",\"caption\":\"Julien\"},\"description\":\"Je suis Julien, r\u00e9dacteur pour Vie Associative. Passionn\u00e9 par le monde associatif depuis plus de 10 ans, j'ai \u00e0 c\u0153ur de partager des histoires inspirantes et de mettre en lumi\u00e8re les initiatives locales. Mon objectif est de sensibiliser et d'encourager l'engagement communautaire \u00e0 travers mes articles.\",\"sameAs\":[\"https:\/\/vieassociative.be\/\"]}]}<\/script>\n<!-- \/ Yoast SEO plugin. -->","yoast_head_json":{"title":"L'Union Saint-Gilloise remporte la phase classique de la Jupiler Pro League juste devant le FC Bruges - Il est d\u00e9sormais temps de passer aux playoffs | Vie Associative","robots":{"index":"index","follow":"follow","max-snippet":"max-snippet:-1","max-image-preview":"max-image-preview:large","max-video-preview":"max-video-preview:-1"},"canonical":"https:\/\/vieassociative.be\/actualites\/lunion-saint-gilloise-remporte-la-phase-classique-de-la-jupiler-pro-league-juste-devant-le-fc-bruges-il-est-desormais-temps-de-passer-aux-playoffs\/","og_locale":"fr_FR","og_type":"article","og_title":"L'Union Saint-Gilloise remporte la phase classique de la Jupiler Pro League juste devant le FC Bruges - Il est d\u00e9sormais temps de passer aux playoffs | Vie Associative","og_description":"La derni\u00e8re journ\u00e9e de Jupiler Pro League a d\u00e9finitivement d\u00e9cid\u00e9 qui disputera les Playoffs des Champions (ou Playoffs 1), les Playoffs Europe (ou Playoffs 2)","og_url":"https:\/\/vieassociative.be\/actualites\/lunion-saint-gilloise-remporte-la-phase-classique-de-la-jupiler-pro-league-juste-devant-le-fc-bruges-il-est-desormais-temps-de-passer-aux-playoffs\/","og_site_name":"Vie Associative","article_published_time":"2026-03-23T03:17:37+00:00","og_image":[{"width":279,"height":92,"url":"https:\/\/vieassociative.be\/actualites\/wp-content\/uploads\/2024\/09\/header_backgroundk-01-e1726694325946.png","type":"image\/png"}],"author":"Julien","twitter_card":"summary_large_image","twitter_misc":{"\u00c9crit par":"Julien","Dur\u00e9e de lecture est.":"2 minutes"},"schema":{"@context":"https:\/\/schema.org","@graph":[{"@type":"Article","@id":"https:\/\/vieassociative.be\/actualites\/lunion-saint-gilloise-remporte-la-phase-classique-de-la-jupiler-pro-league-juste-devant-le-fc-bruges-il-est-desormais-temps-de-passer-aux-playoffs\/#article","isPartOf":{"@id":"https:\/\/vieassociative.be\/actualites\/lunion-saint-gilloise-remporte-la-phase-classique-de-la-jupiler-pro-league-juste-devant-le-fc-bruges-il-est-desormais-temps-de-passer-aux-playoffs\/"},"author":{"name":"Julien","@id":"https:\/\/vieassociative.be\/actualites\/#\/schema\/person\/b87ac4f82f9d4e7b7cec7395b679edc4"},"headline":"L&rsquo;Union Saint-Gilloise remporte la phase classique de la Jupiler Pro League juste devant le FC Bruges &#8211; Il est d\u00e9sormais temps de passer aux playoffs","datePublished":"2026-03-23T03:17:37+00:00","dateModified":"2026-03-23T03:17:37+00:00","mainEntityOfPage":{"@id":"https:\/\/vieassociative.be\/actualites\/lunion-saint-gilloise-remporte-la-phase-classique-de-la-jupiler-pro-league-juste-devant-le-fc-bruges-il-est-desormais-temps-de-passer-aux-playoffs\/"},"wordCount":348,"publisher":{"@id":"https:\/\/vieassociative.be\/actualites\/#organization"},"image":{"@id":"https:\/\/vieassociative.be\/actualites\/lunion-saint-gilloise-remporte-la-phase-classique-de-la-jupiler-pro-league-juste-devant-le-fc-bruges-il-est-desormais-temps-de-passer-aux-playoffs\/#primaryimage"},"thumbnailUrl":"https:\/\/vieassociative.be\/actualites\/wp-content\/uploads\/2026\/03\/LUnion-Saint-Gilloise-remporte-la-phase-classique-de-la-Jupiler-Pro.jpg","keywords":["aux","Bruges","classique","d\u00e9sormais","devant","est","Jupiler","juste","League","lUnion","passer","phase","playoffs","Pro","remport\u00e9","SaintGilloise","temps"],"articleSection":["Belgique"],"inLanguage":"fr-BE"},{"@type":"WebPage","@id":"https:\/\/vieassociative.be\/actualites\/lunion-saint-gilloise-remporte-la-phase-classique-de-la-jupiler-pro-league-juste-devant-le-fc-bruges-il-est-desormais-temps-de-passer-aux-playoffs\/","url":"https:\/\/vieassociative.be\/actualites\/lunion-saint-gilloise-remporte-la-phase-classique-de-la-jupiler-pro-league-juste-devant-le-fc-bruges-il-est-desormais-temps-de-passer-aux-playoffs\/","name":"L'Union Saint-Gilloise remporte la phase classique de la Jupiler Pro League juste devant le FC Bruges - Il est d\u00e9sormais temps de passer aux playoffs | Vie Associative","isPartOf":{"@id":"https:\/\/vieassociative.be\/actualites\/#website"},"primaryImageOfPage":{"@id":"https:\/\/vieassociative.be\/actualites\/lunion-saint-gilloise-remporte-la-phase-classique-de-la-jupiler-pro-league-juste-devant-le-fc-bruges-il-est-desormais-temps-de-passer-aux-playoffs\/#primaryimage"},"image":{"@id":"https:\/\/vieassociative.be\/actualites\/lunion-saint-gilloise-remporte-la-phase-classique-de-la-jupiler-pro-league-juste-devant-le-fc-bruges-il-est-desormais-temps-de-passer-aux-playoffs\/#primaryimage"},"thumbnailUrl":"https:\/\/vieassociative.be\/actualites\/wp-content\/uploads\/2026\/03\/LUnion-Saint-Gilloise-remporte-la-phase-classique-de-la-Jupiler-Pro.jpg","datePublished":"2026-03-23T03:17:37+00:00","dateModified":"2026-03-23T03:17:37+00:00","breadcrumb":{"@id":"https:\/\/vieassociative.be\/actualites\/lunion-saint-gilloise-remporte-la-phase-classique-de-la-jupiler-pro-league-juste-devant-le-fc-bruges-il-est-desormais-temps-de-passer-aux-playoffs\/#breadcrumb"},"inLanguage":"fr-BE","potentialAction":[{"@type":"ReadAction","target":["https:\/\/vieassociative.be\/actualites\/lunion-saint-gilloise-remporte-la-phase-classique-de-la-jupiler-pro-league-juste-devant-le-fc-bruges-il-est-desormais-temps-de-passer-aux-playoffs\/"]}]},{"@type":"ImageObject","inLanguage":"fr-BE","@id":"https:\/\/vieassociative.be\/actualites\/lunion-saint-gilloise-remporte-la-phase-classique-de-la-jupiler-pro-league-juste-devant-le-fc-bruges-il-est-desormais-temps-de-passer-aux-playoffs\/#primaryimage","url":"https:\/\/vieassociative.be\/actualites\/wp-content\/uploads\/2026\/03\/LUnion-Saint-Gilloise-remporte-la-phase-classique-de-la-Jupiler-Pro.jpg","contentUrl":"https:\/\/vieassociative.be\/actualites\/wp-content\/uploads\/2026\/03\/LUnion-Saint-Gilloise-remporte-la-phase-classique-de-la-Jupiler-Pro.jpg","width":1200,"height":800,"caption":"L'Union Saint-Gilloise remporte la phase classique de la Jupiler Pro League juste devant le FC Bruges - Il est d\u00e9sormais temps de passer aux playoffs"},{"@type":"BreadcrumbList","@id":"https:\/\/vieassociative.be\/actualites\/lunion-saint-gilloise-remporte-la-phase-classique-de-la-jupiler-pro-league-juste-devant-le-fc-bruges-il-est-desormais-temps-de-passer-aux-playoffs\/#breadcrumb","itemListElement":[{"@type":"ListItem","position":1,"name":"Accueil","item":"https:\/\/vieassociative.be\/actualites\/"},{"@type":"ListItem","position":2,"name":"L&rsquo;Union Saint-Gilloise remporte la phase classique de la Jupiler Pro League juste devant le FC Bruges &#8211; Il est d\u00e9sormais temps de passer aux playoffs"}]},{"@type":"WebSite","@id":"https:\/\/vieassociative.be\/actualites\/#website","url":"https:\/\/vieassociative.be\/actualites\/","name":"Vie Associative","description":"","publisher":{"@id":"https:\/\/vieassociative.be\/actualites\/#organization"},"potentialAction":[{"@type":"SearchAction","target":{"@type":"EntryPoint","urlTemplate":"https:\/\/vieassociative.be\/actualites\/?s={search_term_string}"},"query-input":{"@type":"PropertyValueSpecification","valueRequired":true,"valueName":"search_term_string"}}],"inLanguage":"fr-BE"},{"@type":"Organization","@id":"https:\/\/vieassociative.be\/actualites\/#organization","name":"Vie Associative","url":"https:\/\/vieassociative.be\/actualites\/","logo":{"@type":"ImageObject","inLanguage":"fr-BE","@id":"https:\/\/vieassociative.be\/actualites\/#\/schema\/logo\/image\/","url":"https:\/\/vieassociative.be\/actualites\/wp-content\/uploads\/2024\/09\/cropped-vieassociative_favicon.ico.png","contentUrl":"https:\/\/vieassociative.be\/actualites\/wp-content\/uploads\/2024\/09\/cropped-vieassociative_favicon.ico.png","width":512,"height":512,"caption":"Vie Associative"},"image":{"@id":"https:\/\/vieassociative.be\/actualites\/#\/schema\/logo\/image\/"}},{"@type":"Person","@id":"https:\/\/vieassociative.be\/actualites\/#\/schema\/person\/b87ac4f82f9d4e7b7cec7395b679edc4","name":"Julien","image":{"@type":"ImageObject","inLanguage":"fr-BE","@id":"https:\/\/vieassociative.be\/actualites\/#\/schema\/person\/image\/","url":"https:\/\/vieassociative.be\/actualites\/wp-content\/uploads\/2024\/09\/vie-associative-1-150x150.jpg","contentUrl":"https:\/\/vieassociative.be\/actualites\/wp-content\/uploads\/2024\/09\/vie-associative-1-150x150.jpg","caption":"Julien"},"description":"Je suis Julien, r\u00e9dacteur pour Vie Associative. Passionn\u00e9 par le monde associatif depuis plus de 10 ans, j'ai \u00e0 c\u0153ur de partager des histoires inspirantes et de mettre en lumi\u00e8re les initiatives locales. Mon objectif est de sensibiliser et d'encourager l'engagement communautaire \u00e0 travers mes articles.","sameAs":["https:\/\/vieassociative.be\/"]}]}},"_links":{"self":[{"href":"https:\/\/vieassociative.be\/actualites\/wp-json\/wp\/v2\/posts\/13148"}],"collection":[{"href":"https:\/\/vieassociative.be\/actualites\/wp-json\/wp\/v2\/posts"}],"about":[{"href":"https:\/\/vieassociative.be\/actualites\/wp-json\/wp\/v2\/types\/post"}],"author":[{"embeddable":true,"href":"https:\/\/vieassociative.be\/actualites\/wp-json\/wp\/v2\/users\/1"}],"replies":[{"embeddable":true,"href":"https:\/\/vieassociative.be\/actualites\/wp-json\/wp\/v2\/comments?post=13148"}],"version-history":[{"count":0,"href":"https:\/\/vieassociative.be\/actualites\/wp-json\/wp\/v2\/posts\/13148\/revisions"}],"wp:featuredmedia":[{"embeddable":true,"href":"https:\/\/vieassociative.be\/actualites\/wp-json\/wp\/v2\/media\/13149"}],"wp:attachment":[{"href":"https:\/\/vieassociative.be\/actualites\/wp-json\/wp\/v2\/media?parent=13148"}],"wp:term":[{"taxonomy":"category","embeddable":true,"href":"https:\/\/vieassociative.be\/actualites\/wp-json\/wp\/v2\/categories?post=13148"},{"taxonomy":"post_tag","embeddable":true,"href":"https:\/\/vieassociative.be\/actualites\/wp-json\/wp\/v2\/tags?post=13148"}],"curies":[{"name":"wp","href":"https:\/\/api.w.org\/{rel}","templated":true}]}}