{"id":13146,"date":"2026-03-23T03:17:38","date_gmt":"2026-03-23T02:17:38","guid":{"rendered":"https:\/\/vieassociative.be\/actualites\/samsung-prend-desormais-officiellement-en-charge-airdrop-mais-uniquement-pour-ces-appareils\/"},"modified":"2026-03-23T03:17:38","modified_gmt":"2026-03-23T02:17:38","slug":"samsung-prend-desormais-officiellement-en-charge-airdrop-mais-uniquement-pour-ces-appareils","status":"publish","type":"post","link":"https:\/\/vieassociative.be\/actualites\/samsung-prend-desormais-officiellement-en-charge-airdrop-mais-uniquement-pour-ces-appareils\/","title":{"rendered":"Samsung prend d\u00e9sormais officiellement en charge AirDrop, mais uniquement pour ces appareils"},"content":{"rendered":"<p>Nous pouvons gagner une commission sur les liens sur cette page.<\/p>\n<p>En novembre dernier, Google a fait une annonce \u00e9tonnante : Quick Share \u00e9tait soudainement compatible avec AirDrop d&rsquo;Apple. \u00c0 l\u2019\u00e9poque, la compatibilit\u00e9 \u00e9tait limit\u00e9e au Pixel 10, mais peu importe : Google venait d\u2019entrer dans l\u2019histoire en transformant les fonctionnalit\u00e9s de partage de sp\u00e9cifiques \u00e0 la plateforme en multiplateformes. <\/p>\n<p>Bien qu&rsquo;AirDrop et Quick Share soient depuis longtemps les moyens les plus pratiques de partager des fichiers volumineux entre appareils, cela ne fonctionnait que si vous et votre ami utilisiez le m\u00eame syst\u00e8me d&rsquo;exploitation. Cette limitation introduit des frictions g\u00eanantes, mais, \u00e0 mesure que le support multiplateforme se d\u00e9veloppe, ces frictions s&rsquo;att\u00e9nuent. Google a annonc\u00e9 pour la premi\u00e8re fois son intention d&rsquo;am\u00e9liorer la compatibilit\u00e9 AirDrop dans Quick Share le mois dernier, lorsque le vice-pr\u00e9sident de l&rsquo;ing\u00e9nierie d&rsquo;Android, Eric Kay, a d\u00e9clar\u00e9 : \u00ab\u00a0(en) 2026, nous allons \u00e9tendre (la prise en charge d&rsquo;Airdrop) \u00e0 beaucoup plus d&rsquo;appareils.\u00a0\u00bb <\/p>\n<p>Bien qu&rsquo;il n&rsquo;y ait pas de calendrier officiel sur les appareils qui b\u00e9n\u00e9ficieront du support et quand, Nothing a dit qu&rsquo;il \u00ab\u00a0explorait\u00a0\u00bb l&rsquo;ajouter, tandis que Qualcomm \u00ab\u00a0a h\u00e2te\u00a0\u00bb d&rsquo;ajouter la fonctionnalit\u00e9 \u00e0 ses puces Snapdragon. Cependant, nous connaissons d\u00e9sormais un appareil Android qui prendra tr\u00e8s prochainement en charge AirDrop : le Samsung Galaxy S26. <\/p>\n<div class=\"pogoClear mb-12 mt-10 rounded-md border-2 border-gray-100 py-7 shadow-xl md:py-6\">\n<div class=\"flex flex-wrap justify-between px-7 text-black no-underline md:flex-nowrap md:px-8\">\n<div class=\"order-1 mx-auto flex flex-col justify-center md:order-2 md:ml-4 md:w-full md:grow\">\n<div class=\"block cursor-pointer text-center font-akshar text-2xl font-medium leading-7 text-brand-green duration-200 ease-in-out hover:text-brand-green-700 md:text-left md:text-xl md:leading-6\">Samsung Galaxy S26 Ultra\n                <\/div>\n<div class=\"mt-4 hidden md:flex md:justify-between\">\n<div class=\"self-end\">\n<div class=\"mb-0 h-11 md:flex md:flex-col md:justify-center\">\n<div class=\" font-sans leading-4 text-black\">\n<div class=\"flex flex-wrap items-center justify-center gap-1 md:justify-start\">\n        <span class=\"font-bold\"><\/p>\n<p>            1\u00a0299,99\u00a0$<br \/>\n                            <span class=\"font-medium\">chez Amazon<\/span><br \/>\n                    <\/span>\n            <\/div>\n<\/p><\/div>\n<\/p><\/div>\n<\/p><\/div>\n<div class=\"w-44 self-end\">\n                            <button class=\"flex justify-center items-center w-full bg-brand-green text-white text-base font-sans font-medium rounded-md hover:bg-brand-green-700 hover:cursor-pointer md:text-sm h-11\"><\/p>\n<p>    Achetez maintenant<br \/>\n<\/button>\n                        <\/div>\n<\/p><\/div>\n<\/p><\/div>\n<div class=\"order-2 mt-5 h-auto w-full md:order-1 md:mt-0 md:hidden\">\n<div class=\"flex aspect-video items-center justify-center\">\n                                            <img decoding=\"async\" class=\"m-0 max-h-full max-w-full rounded-md\" src=\"https:\/\/vieassociative.be\/actualites\/wp-content\/uploads\/2026\/03\/Samsung-prend-desormais-officiellement-en-charge-AirDrop-mais-uniquement-pour.jpg\" alt=\"Samsung Galaxy S26 Ultra, smartphone Android d\u00e9bloqu\u00e9 + carte cadeau de 200 $, 256 Go, \u00e9cran de confidentialit\u00e9, Galaxy AI, cam\u00e9ra AI, charge super rapide 3.0, batterie durable, 2026, garantie am\u00e9ricaine 1 an, noir\" width=\"auto\" height=\"auto\" loading=\"lazy\">\n                                    <\/div>\n<\/p><\/div>\n<div class=\"order-2 ml-2 hidden w-32 shrink-0 items-center md:order-1 md:ml-0 md:flex\">\n<div class=\"flex aspect-video items-center justify-center\">\n                                            <img decoding=\"async\" class=\"m-0 max-h-full max-w-full rounded-md\" src=\"https:\/\/vieassociative.be\/actualites\/wp-content\/uploads\/2026\/03\/Samsung-prend-desormais-officiellement-en-charge-AirDrop-mais-uniquement-pour.jpg\" alt=\"Samsung Galaxy S26 Ultra, smartphone Android d\u00e9bloqu\u00e9 + carte cadeau de 200 $, 256 Go, \u00e9cran de confidentialit\u00e9, Galaxy AI, cam\u00e9ra AI, charge super rapide 3.0, batterie durable, 2026, garantie am\u00e9ricaine 1 an, noir\" width=\"auto\" height=\"auto\" loading=\"lazy\">\n                                    <\/div>\n<\/p><\/div>\n<div class=\"order-3 flex grow flex-wrap md:hidden md:grow-0\">\n<div class=\"mt-4 w-full\">\n                        <button class=\"flex justify-center items-center w-full bg-brand-green text-white text-base font-sans font-medium rounded-md hover:bg-brand-green-700 hover:cursor-pointer md:text-sm h-11\"><\/p>\n<p>    Achetez maintenant<br \/>\n<\/button>\n                    <\/div>\n<div class=\"mx-2 mt-4 w-full\">\n<div class=\" font-sans leading-4 text-black\">\n<div class=\"flex flex-wrap items-center justify-center gap-1 md:justify-start\">\n        <span class=\"font-bold\"><\/p>\n<p>            1\u00a0299,99\u00a0$<br \/>\n                            <span class=\"font-medium\">chez Amazon<\/span><br \/>\n                    <\/span>\n            <\/div>\n<\/p><\/div>\n<\/p><\/div>\n<\/p><\/div>\n<\/p><\/div>\n<\/div>\n<h2 id=\"airdrop-support-comes-to-the-galaxy-s26-series\">La prise en charge d&rsquo;AirDrop arrive sur la s\u00e9rie Galaxy S26<\/h2>\n<p>Samsung a officialis\u00e9 la nouvelle le 22 mars (techniquement le lundi 23 mars en Cor\u00e9e). Au lancement, la prise en charge d&rsquo;AirDrop ne fonctionnera que sur la s\u00e9rie Galaxy S26, notamment le Galaxy S26, le Galaxy S26 Plus et le Galaxy S26 Ultra. C&rsquo;est une d\u00e9ception pour les utilisateurs du Galaxy S25 et des versions ant\u00e9rieures, mais il est possible que Samsung \u00e9tende sa prise en charge \u00e0 temps. Apr\u00e8s tout, Google a commenc\u00e9 \u00e0 d\u00e9ployer la prise en charge d&rsquo;AirDrop pour les appareils Pixel 9 \u00e0 la fin du mois dernier.  <\/p>\n<p>Si vous poss\u00e9dez un appareil Galaxy S26, cette fonctionnalit\u00e9 est actuellement disponible, si vous vivez en Cor\u00e9e. Samsung indique que la fonctionnalit\u00e9 sera d\u00e9ploy\u00e9e aux \u00c9tats-Unis plus tard cette semaine, mais au moment d&rsquo;\u00e9crire ces lignes, la mise \u00e0 jour n&rsquo;est disponible que pour les utilisateurs de Galaxy en Cor\u00e9e. (Je mettrai \u00e0 jour cet article lorsque Samsung publiera la mise \u00e0 jour pour ceux d&rsquo;entre nous aux \u00c9tats-Unis)<\/p>\n<h2 id=\"how-to-enable-airdrop-support-in-quick-share-on-galaxy\">Comment activer la prise en charge d&rsquo;AirDrop dans Quick Share sur Galaxy<\/h2>\n<div class=\"eloquent-imagery-image\">\n<div class=\"flex justify-center\">\n                    <img decoding=\"async\" class=\"border border-gray-100\" src=\"https:\/\/vieassociative.be\/actualites\/wp-content\/uploads\/2026\/03\/Samsung-prend-desormais-officiellement-en-charge-AirDrop-mais-uniquement-pour.png\" alt=\"fen\u00eatres de la galaxie s26\" width=\"2000\" height=\"1125\" loading=\"lazy\">\n            <\/div>\n<div class=\"mt-2 font-akshar\">\n                            <span class=\"image-caption block text-sm leading-4 tracking-wide text-(#1F2937)\"><\/span><br \/>\n                                        <span class=\"mt-1 block font-sans text-xs tracking-normal text-gray-600\">Cr\u00e9dit : Images gracieuset\u00e9 de Samsung<\/span>\n                    <\/div>\n<\/p><\/div>\n<p>Si vous poss\u00e9dez un S26 et que la mise \u00e0 jour vous a \u00e9t\u00e9 d\u00e9ploy\u00e9e, il vous suffit de vous rendre sur <strong>Param\u00e8tres > Mise \u00e0 jour du logiciel<\/strong> (ou <strong>Mises \u00e0 jour du syst\u00e8me<\/strong>), puis cliquez sur \u00ab\u00a0T\u00e9l\u00e9charger et installer\u00a0\u00bb, \u00ab\u00a0Rechercher les mises \u00e0 jour du syst\u00e8me\u00a0\u00bb ou \u00ab\u00a0Rechercher les mises \u00e0 jour logicielles\u00a0\u00bb, selon votre appareil. <\/p>\n<p>Ensuite, une fois que votre t\u00e9l\u00e9phone dispose de la mise \u00e0 jour, vous devrez activer manuellement la prise en charge AirDrop pour Quick Share : elle n&rsquo;appara\u00eetra pas seulement sur votre t\u00e9l\u00e9phone. Pour ce faire, rendez-vous sur <strong>Param\u00e8tres > Appareils connect\u00e9s > Partage rapide<\/strong>puis activez le nouveau <strong>\u00ab\u00a0Partager avec les appareils Apple\u00a0\u00bb<\/strong> option. <\/p>\n<p>Si vous appuyez sur l&rsquo;option elle-m\u00eame, vous trouverez une description compl\u00e8te de la fonctionnalit\u00e9, que vous connaissez peut-\u00eatre d\u00e9j\u00e0 ou non\u00a0: le destinataire doit avoir les param\u00e8tres AirDrop de son iPhone d\u00e9finis sur \u00ab\u00a0Tout le monde\u00a0\u00bb, et lorsque vous souhaitez recevoir un fichier, vous devez ouvrir Quick Share de votre c\u00f4t\u00e9. Samsung indique que votre t\u00e9l\u00e9phone peut se d\u00e9connecter temporairement du Wi-Fi lors de la recherche ou du partage avec d&rsquo;autres iPhones. <\/p>\n","protected":false},"excerpt":{"rendered":"<p>Nous pouvons gagner une commission sur les liens sur cette page. En novembre dernier, Google a fait une annonce \u00e9tonnante : Quick Share \u00e9tait soudainement<\/p>\n","protected":false},"author":1,"featured_media":13147,"comment_status":"","ping_status":"","sticky":false,"template":"","format":"standard","meta":{"footnotes":""},"categories":[13],"tags":[4122,451,248,3135,6,156,4739,81,3315,1878,6475],"class_list":["post-13146","post","type-post","status-publish","format-standard","has-post-thumbnail","hentry","category-technologie","tag-airdrop","tag-appareils","tag-ces","tag-charge","tag-desormais","tag-mais","tag-officiellement","tag-pour","tag-prend","tag-samsung","tag-uniquement","generate-columns","tablet-grid-50","mobile-grid-100","grid-parent","grid-33"],"yoast_head":"<!-- This site is optimized with the Yoast SEO plugin v24.0 - https:\/\/yoast.com\/wordpress\/plugins\/seo\/ -->\n<title>Samsung prend d\u00e9sormais officiellement en charge AirDrop, mais uniquement pour ces appareils | Vie Associative<\/title>\n<meta name=\"robots\" content=\"index, follow, max-snippet:-1, max-image-preview:large, max-video-preview:-1\" \/>\n<link rel=\"canonical\" href=\"https:\/\/vieassociative.be\/actualites\/samsung-prend-desormais-officiellement-en-charge-airdrop-mais-uniquement-pour-ces-appareils\/\" \/>\n<meta property=\"og:locale\" content=\"fr_FR\" \/>\n<meta property=\"og:type\" content=\"article\" \/>\n<meta property=\"og:title\" content=\"Samsung prend d\u00e9sormais officiellement en charge AirDrop, mais uniquement pour ces appareils | Vie Associative\" \/>\n<meta property=\"og:description\" content=\"Nous pouvons gagner une commission sur les liens sur cette page. En novembre dernier, Google a fait une annonce \u00e9tonnante : Quick Share \u00e9tait soudainement\" \/>\n<meta property=\"og:url\" content=\"https:\/\/vieassociative.be\/actualites\/samsung-prend-desormais-officiellement-en-charge-airdrop-mais-uniquement-pour-ces-appareils\/\" \/>\n<meta property=\"og:site_name\" content=\"Vie Associative\" \/>\n<meta property=\"article:published_time\" content=\"2026-03-23T02:17:38+00:00\" \/>\n<meta property=\"og:image\" content=\"https:\/\/vieassociative.be\/actualites\/wp-content\/uploads\/2026\/03\/Samsung-prend-desormais-officiellement-en-charge-AirDrop-mais-uniquement-pour.jpg\" \/>\n<meta name=\"author\" content=\"Julien\" \/>\n<meta name=\"twitter:card\" content=\"summary_large_image\" \/>\n<meta name=\"twitter:label1\" content=\"\u00c9crit par\" \/>\n\t<meta name=\"twitter:data1\" content=\"Julien\" \/>\n\t<meta name=\"twitter:label2\" content=\"Dur\u00e9e de lecture est.\" \/>\n\t<meta name=\"twitter:data2\" content=\"3 minutes\" \/>\n<script type=\"application\/ld+json\" class=\"yoast-schema-graph\">{\"@context\":\"https:\/\/schema.org\",\"@graph\":[{\"@type\":\"Article\",\"@id\":\"https:\/\/vieassociative.be\/actualites\/samsung-prend-desormais-officiellement-en-charge-airdrop-mais-uniquement-pour-ces-appareils\/#article\",\"isPartOf\":{\"@id\":\"https:\/\/vieassociative.be\/actualites\/samsung-prend-desormais-officiellement-en-charge-airdrop-mais-uniquement-pour-ces-appareils\/\"},\"author\":{\"name\":\"Julien\",\"@id\":\"https:\/\/vieassociative.be\/actualites\/#\/schema\/person\/b87ac4f82f9d4e7b7cec7395b679edc4\"},\"headline\":\"Samsung prend d\u00e9sormais officiellement en charge AirDrop, mais uniquement pour ces appareils\",\"datePublished\":\"2026-03-23T02:17:38+00:00\",\"dateModified\":\"2026-03-23T02:17:38+00:00\",\"mainEntityOfPage\":{\"@id\":\"https:\/\/vieassociative.be\/actualites\/samsung-prend-desormais-officiellement-en-charge-airdrop-mais-uniquement-pour-ces-appareils\/\"},\"wordCount\":661,\"publisher\":{\"@id\":\"https:\/\/vieassociative.be\/actualites\/#organization\"},\"image\":{\"@id\":\"https:\/\/vieassociative.be\/actualites\/samsung-prend-desormais-officiellement-en-charge-airdrop-mais-uniquement-pour-ces-appareils\/#primaryimage\"},\"thumbnailUrl\":\"https:\/\/vieassociative.be\/actualites\/wp-content\/uploads\/2026\/03\/1774232258_Samsung-prend-desormais-officiellement-en-charge-AirDrop-mais-uniquement-pour.jpg\",\"keywords\":[\"AirDrop\",\"appareils\",\"ces\",\"charge\",\"d\u00e9sormais\",\"mais\",\"officiellement\",\"pour\",\"prend\",\"Samsung\",\"uniquement\"],\"articleSection\":[\"Technologie\"],\"inLanguage\":\"fr-BE\"},{\"@type\":\"WebPage\",\"@id\":\"https:\/\/vieassociative.be\/actualites\/samsung-prend-desormais-officiellement-en-charge-airdrop-mais-uniquement-pour-ces-appareils\/\",\"url\":\"https:\/\/vieassociative.be\/actualites\/samsung-prend-desormais-officiellement-en-charge-airdrop-mais-uniquement-pour-ces-appareils\/\",\"name\":\"Samsung prend d\u00e9sormais officiellement en charge AirDrop, mais uniquement pour ces appareils | Vie Associative\",\"isPartOf\":{\"@id\":\"https:\/\/vieassociative.be\/actualites\/#website\"},\"primaryImageOfPage\":{\"@id\":\"https:\/\/vieassociative.be\/actualites\/samsung-prend-desormais-officiellement-en-charge-airdrop-mais-uniquement-pour-ces-appareils\/#primaryimage\"},\"image\":{\"@id\":\"https:\/\/vieassociative.be\/actualites\/samsung-prend-desormais-officiellement-en-charge-airdrop-mais-uniquement-pour-ces-appareils\/#primaryimage\"},\"thumbnailUrl\":\"https:\/\/vieassociative.be\/actualites\/wp-content\/uploads\/2026\/03\/1774232258_Samsung-prend-desormais-officiellement-en-charge-AirDrop-mais-uniquement-pour.jpg\",\"datePublished\":\"2026-03-23T02:17:38+00:00\",\"dateModified\":\"2026-03-23T02:17:38+00:00\",\"breadcrumb\":{\"@id\":\"https:\/\/vieassociative.be\/actualites\/samsung-prend-desormais-officiellement-en-charge-airdrop-mais-uniquement-pour-ces-appareils\/#breadcrumb\"},\"inLanguage\":\"fr-BE\",\"potentialAction\":[{\"@type\":\"ReadAction\",\"target\":[\"https:\/\/vieassociative.be\/actualites\/samsung-prend-desormais-officiellement-en-charge-airdrop-mais-uniquement-pour-ces-appareils\/\"]}]},{\"@type\":\"ImageObject\",\"inLanguage\":\"fr-BE\",\"@id\":\"https:\/\/vieassociative.be\/actualites\/samsung-prend-desormais-officiellement-en-charge-airdrop-mais-uniquement-pour-ces-appareils\/#primaryimage\",\"url\":\"https:\/\/vieassociative.be\/actualites\/wp-content\/uploads\/2026\/03\/1774232258_Samsung-prend-desormais-officiellement-en-charge-AirDrop-mais-uniquement-pour.jpg\",\"contentUrl\":\"https:\/\/vieassociative.be\/actualites\/wp-content\/uploads\/2026\/03\/1774232258_Samsung-prend-desormais-officiellement-en-charge-AirDrop-mais-uniquement-pour.jpg\",\"width\":1200,\"height\":675,\"caption\":\"Samsung prend d\u00e9sormais officiellement en charge AirDrop, mais uniquement pour ces appareils\"},{\"@type\":\"BreadcrumbList\",\"@id\":\"https:\/\/vieassociative.be\/actualites\/samsung-prend-desormais-officiellement-en-charge-airdrop-mais-uniquement-pour-ces-appareils\/#breadcrumb\",\"itemListElement\":[{\"@type\":\"ListItem\",\"position\":1,\"name\":\"Accueil\",\"item\":\"https:\/\/vieassociative.be\/actualites\/\"},{\"@type\":\"ListItem\",\"position\":2,\"name\":\"Samsung prend d\u00e9sormais officiellement en charge AirDrop, mais uniquement pour ces appareils\"}]},{\"@type\":\"WebSite\",\"@id\":\"https:\/\/vieassociative.be\/actualites\/#website\",\"url\":\"https:\/\/vieassociative.be\/actualites\/\",\"name\":\"Vie Associative\",\"description\":\"\",\"publisher\":{\"@id\":\"https:\/\/vieassociative.be\/actualites\/#organization\"},\"potentialAction\":[{\"@type\":\"SearchAction\",\"target\":{\"@type\":\"EntryPoint\",\"urlTemplate\":\"https:\/\/vieassociative.be\/actualites\/?s={search_term_string}\"},\"query-input\":{\"@type\":\"PropertyValueSpecification\",\"valueRequired\":true,\"valueName\":\"search_term_string\"}}],\"inLanguage\":\"fr-BE\"},{\"@type\":\"Organization\",\"@id\":\"https:\/\/vieassociative.be\/actualites\/#organization\",\"name\":\"Vie Associative\",\"url\":\"https:\/\/vieassociative.be\/actualites\/\",\"logo\":{\"@type\":\"ImageObject\",\"inLanguage\":\"fr-BE\",\"@id\":\"https:\/\/vieassociative.be\/actualites\/#\/schema\/logo\/image\/\",\"url\":\"https:\/\/vieassociative.be\/actualites\/wp-content\/uploads\/2024\/09\/cropped-vieassociative_favicon.ico.png\",\"contentUrl\":\"https:\/\/vieassociative.be\/actualites\/wp-content\/uploads\/2024\/09\/cropped-vieassociative_favicon.ico.png\",\"width\":512,\"height\":512,\"caption\":\"Vie Associative\"},\"image\":{\"@id\":\"https:\/\/vieassociative.be\/actualites\/#\/schema\/logo\/image\/\"}},{\"@type\":\"Person\",\"@id\":\"https:\/\/vieassociative.be\/actualites\/#\/schema\/person\/b87ac4f82f9d4e7b7cec7395b679edc4\",\"name\":\"Julien\",\"image\":{\"@type\":\"ImageObject\",\"inLanguage\":\"fr-BE\",\"@id\":\"https:\/\/vieassociative.be\/actualites\/#\/schema\/person\/image\/\",\"url\":\"https:\/\/vieassociative.be\/actualites\/wp-content\/uploads\/2024\/09\/vie-associative-1-150x150.jpg\",\"contentUrl\":\"https:\/\/vieassociative.be\/actualites\/wp-content\/uploads\/2024\/09\/vie-associative-1-150x150.jpg\",\"caption\":\"Julien\"},\"description\":\"Je suis Julien, r\u00e9dacteur pour Vie Associative. Passionn\u00e9 par le monde associatif depuis plus de 10 ans, j'ai \u00e0 c\u0153ur de partager des histoires inspirantes et de mettre en lumi\u00e8re les initiatives locales. Mon objectif est de sensibiliser et d'encourager l'engagement communautaire \u00e0 travers mes articles.\",\"sameAs\":[\"https:\/\/vieassociative.be\/\"]}]}<\/script>\n<!-- \/ Yoast SEO plugin. -->","yoast_head_json":{"title":"Samsung prend d\u00e9sormais officiellement en charge AirDrop, mais uniquement pour ces appareils | Vie Associative","robots":{"index":"index","follow":"follow","max-snippet":"max-snippet:-1","max-image-preview":"max-image-preview:large","max-video-preview":"max-video-preview:-1"},"canonical":"https:\/\/vieassociative.be\/actualites\/samsung-prend-desormais-officiellement-en-charge-airdrop-mais-uniquement-pour-ces-appareils\/","og_locale":"fr_FR","og_type":"article","og_title":"Samsung prend d\u00e9sormais officiellement en charge AirDrop, mais uniquement pour ces appareils | Vie Associative","og_description":"Nous pouvons gagner une commission sur les liens sur cette page. En novembre dernier, Google a fait une annonce \u00e9tonnante : Quick Share \u00e9tait soudainement","og_url":"https:\/\/vieassociative.be\/actualites\/samsung-prend-desormais-officiellement-en-charge-airdrop-mais-uniquement-pour-ces-appareils\/","og_site_name":"Vie Associative","article_published_time":"2026-03-23T02:17:38+00:00","og_image":[{"url":"https:\/\/vieassociative.be\/actualites\/wp-content\/uploads\/2026\/03\/Samsung-prend-desormais-officiellement-en-charge-AirDrop-mais-uniquement-pour.jpg","type":"","width":"","height":""}],"author":"Julien","twitter_card":"summary_large_image","twitter_misc":{"\u00c9crit par":"Julien","Dur\u00e9e de lecture est.":"3 minutes"},"schema":{"@context":"https:\/\/schema.org","@graph":[{"@type":"Article","@id":"https:\/\/vieassociative.be\/actualites\/samsung-prend-desormais-officiellement-en-charge-airdrop-mais-uniquement-pour-ces-appareils\/#article","isPartOf":{"@id":"https:\/\/vieassociative.be\/actualites\/samsung-prend-desormais-officiellement-en-charge-airdrop-mais-uniquement-pour-ces-appareils\/"},"author":{"name":"Julien","@id":"https:\/\/vieassociative.be\/actualites\/#\/schema\/person\/b87ac4f82f9d4e7b7cec7395b679edc4"},"headline":"Samsung prend d\u00e9sormais officiellement en charge AirDrop, mais uniquement pour ces appareils","datePublished":"2026-03-23T02:17:38+00:00","dateModified":"2026-03-23T02:17:38+00:00","mainEntityOfPage":{"@id":"https:\/\/vieassociative.be\/actualites\/samsung-prend-desormais-officiellement-en-charge-airdrop-mais-uniquement-pour-ces-appareils\/"},"wordCount":661,"publisher":{"@id":"https:\/\/vieassociative.be\/actualites\/#organization"},"image":{"@id":"https:\/\/vieassociative.be\/actualites\/samsung-prend-desormais-officiellement-en-charge-airdrop-mais-uniquement-pour-ces-appareils\/#primaryimage"},"thumbnailUrl":"https:\/\/vieassociative.be\/actualites\/wp-content\/uploads\/2026\/03\/1774232258_Samsung-prend-desormais-officiellement-en-charge-AirDrop-mais-uniquement-pour.jpg","keywords":["AirDrop","appareils","ces","charge","d\u00e9sormais","mais","officiellement","pour","prend","Samsung","uniquement"],"articleSection":["Technologie"],"inLanguage":"fr-BE"},{"@type":"WebPage","@id":"https:\/\/vieassociative.be\/actualites\/samsung-prend-desormais-officiellement-en-charge-airdrop-mais-uniquement-pour-ces-appareils\/","url":"https:\/\/vieassociative.be\/actualites\/samsung-prend-desormais-officiellement-en-charge-airdrop-mais-uniquement-pour-ces-appareils\/","name":"Samsung prend d\u00e9sormais officiellement en charge AirDrop, mais uniquement pour ces appareils | Vie Associative","isPartOf":{"@id":"https:\/\/vieassociative.be\/actualites\/#website"},"primaryImageOfPage":{"@id":"https:\/\/vieassociative.be\/actualites\/samsung-prend-desormais-officiellement-en-charge-airdrop-mais-uniquement-pour-ces-appareils\/#primaryimage"},"image":{"@id":"https:\/\/vieassociative.be\/actualites\/samsung-prend-desormais-officiellement-en-charge-airdrop-mais-uniquement-pour-ces-appareils\/#primaryimage"},"thumbnailUrl":"https:\/\/vieassociative.be\/actualites\/wp-content\/uploads\/2026\/03\/1774232258_Samsung-prend-desormais-officiellement-en-charge-AirDrop-mais-uniquement-pour.jpg","datePublished":"2026-03-23T02:17:38+00:00","dateModified":"2026-03-23T02:17:38+00:00","breadcrumb":{"@id":"https:\/\/vieassociative.be\/actualites\/samsung-prend-desormais-officiellement-en-charge-airdrop-mais-uniquement-pour-ces-appareils\/#breadcrumb"},"inLanguage":"fr-BE","potentialAction":[{"@type":"ReadAction","target":["https:\/\/vieassociative.be\/actualites\/samsung-prend-desormais-officiellement-en-charge-airdrop-mais-uniquement-pour-ces-appareils\/"]}]},{"@type":"ImageObject","inLanguage":"fr-BE","@id":"https:\/\/vieassociative.be\/actualites\/samsung-prend-desormais-officiellement-en-charge-airdrop-mais-uniquement-pour-ces-appareils\/#primaryimage","url":"https:\/\/vieassociative.be\/actualites\/wp-content\/uploads\/2026\/03\/1774232258_Samsung-prend-desormais-officiellement-en-charge-AirDrop-mais-uniquement-pour.jpg","contentUrl":"https:\/\/vieassociative.be\/actualites\/wp-content\/uploads\/2026\/03\/1774232258_Samsung-prend-desormais-officiellement-en-charge-AirDrop-mais-uniquement-pour.jpg","width":1200,"height":675,"caption":"Samsung prend d\u00e9sormais officiellement en charge AirDrop, mais uniquement pour ces appareils"},{"@type":"BreadcrumbList","@id":"https:\/\/vieassociative.be\/actualites\/samsung-prend-desormais-officiellement-en-charge-airdrop-mais-uniquement-pour-ces-appareils\/#breadcrumb","itemListElement":[{"@type":"ListItem","position":1,"name":"Accueil","item":"https:\/\/vieassociative.be\/actualites\/"},{"@type":"ListItem","position":2,"name":"Samsung prend d\u00e9sormais officiellement en charge AirDrop, mais uniquement pour ces appareils"}]},{"@type":"WebSite","@id":"https:\/\/vieassociative.be\/actualites\/#website","url":"https:\/\/vieassociative.be\/actualites\/","name":"Vie Associative","description":"","publisher":{"@id":"https:\/\/vieassociative.be\/actualites\/#organization"},"potentialAction":[{"@type":"SearchAction","target":{"@type":"EntryPoint","urlTemplate":"https:\/\/vieassociative.be\/actualites\/?s={search_term_string}"},"query-input":{"@type":"PropertyValueSpecification","valueRequired":true,"valueName":"search_term_string"}}],"inLanguage":"fr-BE"},{"@type":"Organization","@id":"https:\/\/vieassociative.be\/actualites\/#organization","name":"Vie Associative","url":"https:\/\/vieassociative.be\/actualites\/","logo":{"@type":"ImageObject","inLanguage":"fr-BE","@id":"https:\/\/vieassociative.be\/actualites\/#\/schema\/logo\/image\/","url":"https:\/\/vieassociative.be\/actualites\/wp-content\/uploads\/2024\/09\/cropped-vieassociative_favicon.ico.png","contentUrl":"https:\/\/vieassociative.be\/actualites\/wp-content\/uploads\/2024\/09\/cropped-vieassociative_favicon.ico.png","width":512,"height":512,"caption":"Vie Associative"},"image":{"@id":"https:\/\/vieassociative.be\/actualites\/#\/schema\/logo\/image\/"}},{"@type":"Person","@id":"https:\/\/vieassociative.be\/actualites\/#\/schema\/person\/b87ac4f82f9d4e7b7cec7395b679edc4","name":"Julien","image":{"@type":"ImageObject","inLanguage":"fr-BE","@id":"https:\/\/vieassociative.be\/actualites\/#\/schema\/person\/image\/","url":"https:\/\/vieassociative.be\/actualites\/wp-content\/uploads\/2024\/09\/vie-associative-1-150x150.jpg","contentUrl":"https:\/\/vieassociative.be\/actualites\/wp-content\/uploads\/2024\/09\/vie-associative-1-150x150.jpg","caption":"Julien"},"description":"Je suis Julien, r\u00e9dacteur pour Vie Associative. Passionn\u00e9 par le monde associatif depuis plus de 10 ans, j'ai \u00e0 c\u0153ur de partager des histoires inspirantes et de mettre en lumi\u00e8re les initiatives locales. Mon objectif est de sensibiliser et d'encourager l'engagement communautaire \u00e0 travers mes articles.","sameAs":["https:\/\/vieassociative.be\/"]}]}},"_links":{"self":[{"href":"https:\/\/vieassociative.be\/actualites\/wp-json\/wp\/v2\/posts\/13146"}],"collection":[{"href":"https:\/\/vieassociative.be\/actualites\/wp-json\/wp\/v2\/posts"}],"about":[{"href":"https:\/\/vieassociative.be\/actualites\/wp-json\/wp\/v2\/types\/post"}],"author":[{"embeddable":true,"href":"https:\/\/vieassociative.be\/actualites\/wp-json\/wp\/v2\/users\/1"}],"replies":[{"embeddable":true,"href":"https:\/\/vieassociative.be\/actualites\/wp-json\/wp\/v2\/comments?post=13146"}],"version-history":[{"count":0,"href":"https:\/\/vieassociative.be\/actualites\/wp-json\/wp\/v2\/posts\/13146\/revisions"}],"wp:featuredmedia":[{"embeddable":true,"href":"https:\/\/vieassociative.be\/actualites\/wp-json\/wp\/v2\/media\/13147"}],"wp:attachment":[{"href":"https:\/\/vieassociative.be\/actualites\/wp-json\/wp\/v2\/media?parent=13146"}],"wp:term":[{"taxonomy":"category","embeddable":true,"href":"https:\/\/vieassociative.be\/actualites\/wp-json\/wp\/v2\/categories?post=13146"},{"taxonomy":"post_tag","embeddable":true,"href":"https:\/\/vieassociative.be\/actualites\/wp-json\/wp\/v2\/tags?post=13146"}],"curies":[{"name":"wp","href":"https:\/\/api.w.org\/{rel}","templated":true}]}}