{"id":13144,"date":"2026-03-22T22:18:24","date_gmt":"2026-03-22T21:18:24","guid":{"rendered":"https:\/\/vieassociative.be\/actualites\/la-cdu-devant-le-spd-en-rhenanie-palatinat-record-pour-lafd\/"},"modified":"2026-03-22T22:18:24","modified_gmt":"2026-03-22T21:18:24","slug":"la-cdu-devant-le-spd-en-rhenanie-palatinat-record-pour-lafd","status":"publish","type":"post","link":"https:\/\/vieassociative.be\/actualites\/la-cdu-devant-le-spd-en-rhenanie-palatinat-record-pour-lafd\/","title":{"rendered":"La CDU devant le SPD en Rh\u00e9nanie-Palatinat \u2013 record pour l\u2019AfD"},"content":{"rendered":"<p><strong>MISE \u00c0 JOUR &#8211; Nouvelle d\u00e9b\u00e2cle \u00e9lectorale pour le SPD : apr\u00e8s pr\u00e8s de 35 ans, les sociaux-d\u00e9mocrates perdent le poste de chef du gouvernement dans le Land du sud-ouest de l&rsquo;Allemagne &#8211; au profit de leur partenaire de coalition \u00e0 Berlin.<\/strong><\/p>\n<p><span id=\"more-437882\"><\/span>Victoire nette des chr\u00e9tiens-d\u00e9mocrates du chancelier allemand Friedrich Merz, fiasco pour le partenaire social-d\u00e9mocrate de la coalition : le parti CDU de Merz est en t\u00eate aux \u00e9lections r\u00e9gionales dans le Land de Rh\u00e9nanie-Palatinat, dans le sud-ouest du pays.<\/p>\n<p>Pour la premi\u00e8re fois depuis pr\u00e8s de 35 ans, les d\u00e9mocrates-chr\u00e9tiens devraient d\u00e9sormais d\u00e9signer le Premier ministre avec leur principal candidat Gordon Schnieder. Selon les projections de l&rsquo;ARD et de la ZDF, le SPD social-d\u00e9mocrate du Premier ministre sortant Alexander Schweitzer subit de lourdes pertes, mais pourrait devenir un partenaire junior dans le futur gouvernement du Land, comme au sein du gouvernement f\u00e9d\u00e9ral.<\/p>\n<p>L&rsquo;AfD, parti populiste de droite, peut plus que doubler sa part des voix par rapport aux \u00e9lections pr\u00e9c\u00e9dentes de 2021 &#8211; il s&rsquo;agit de son meilleur r\u00e9sultat dans un Land d&rsquo;Allemagne de l&rsquo;Ouest pour la deuxi\u00e8me fois en deux semaines.<\/p>\n<div id=\"attachment_437912\" class=\"wp-caption alignleft\" style=\"max-width: 300px\"><img fetchpriority=\"high\" decoding=\"async\" class=\"wp-image-437912 size-medium\" src=\"https:\/\/vieassociative.be\/actualites\/wp-content\/uploads\/2026\/03\/La-CDU-devant-le-SPD-en-Rhenanie-Palatinat-\u2013-record-pour.jpg\" alt=\"\" width=\"300\" height=\"223\"><\/div>\n<p>Les Verts perdent l\u00e9g\u00e8rement, les \u00e9lecteurs libres ne peuvent pas revenir au parlement du Land, le parlement de Mayence, la capitale du Land. La gauche \u00e9choue \u00e9galement \u00e0 franchir la barre des cinq pour cent, tout comme le FDP, \u00e9conomiquement lib\u00e9ral, qui a d\u00e9j\u00e0 particip\u00e9 au gouvernement de Rh\u00e9nanie-Palatinat avec le SPD et les Verts.<\/p>\n<p><strong>\u2013 Plus bas historique pour le SPD :<\/strong> Selon les projections, la CDU augmenterait de 30,8 \u00e0 30,9 pour cent par rapport aux \u00e9lections pr\u00e9c\u00e9dentes d&rsquo;il y a cinq ans (2021\u00a0: 27,7 pour cent). Le SPD est tomb\u00e9 \u00e0 25,9 \u00e0 26,0 pour cent (35,7) &#8211; un plus bas historique pour le parti traditionnel de Rh\u00e9nanie-Palatinat. L&rsquo;AfD grimpe de 19,9 \u00e0 20,1 pour cent (8,3), soit son chiffre record lors des \u00e9lections r\u00e9gionales dans le Land du Rhin et de la Moselle.<\/p>\n<p>Les Verts perdent l\u00e9g\u00e8rement, avec 8,0 \u00e0 8,1 pour cent des voix (9,3). Avec un taux de 2,0 \u00e0 2,2 pour cent, le FDP se situe bien en dessous de la barre des cinq pour cent et doit quitter le parlement du Land apr\u00e8s dix ans &#8211; il si\u00e8ge d\u00e9sormais au parlement de six L\u00e4nder et uniquement au gouvernement de Saxe-Anhalt.<\/p>\n<p>Pr\u00e8s de trois millions de citoyens ont \u00e9t\u00e9 appel\u00e9s aux urnes. Selon les projections, le taux de participation \u00e9lectorale \u00e9tait de 69,3 \u00e0 69,5 pour cent (2021\u00a0: 64,3).<\/p>\n<p><strong>\u2013 La course au rattrapage du SPD ne suffit pas :<\/strong> La coalition connue sous le nom de \u00ab\u00a0Feux de circulation\u00a0\u00bb, d&rsquo;apr\u00e8s les couleurs du parti, dirige depuis dix ans l&rsquo;\u00c9tat de quatre millions d&rsquo;habitants. La CDU \u00e9tait clairement en t\u00eate dans les sondages depuis des mois et le SPD rattrape son retard depuis le d\u00e9but de l&rsquo;ann\u00e9e &#8211; mais finalement pas assez. D\u00e9sormais, tout se r\u00e9sume \u00e0 un gouvernement \u00ab noir-rouge \u00bb comme celui de Berlin sous Schnieder, car d\u2019autres alliances sont soit math\u00e9matiquement, soit \u2013 dans le cas de l\u2019AfD, avec laquelle la CDU et le SPD ont exclu la formation d\u2019une coalition \u2013 politiquement impossible.<\/p>\n<div id=\"attachment_437913\" class=\"wp-caption alignleft\" style=\"max-width: 300px\"><img decoding=\"async\" class=\"wp-image-437913 size-medium\" src=\"https:\/\/vieassociative.be\/actualites\/wp-content\/uploads\/2026\/03\/1774214304_456_La-CDU-devant-le-SPD-en-Rhenanie-Palatinat-\u2013-record-pour.jpg\" alt=\"\" width=\"300\" height=\"213\"><\/div>\n<p>Selon les projections, la CDU obtiendrait 36 \u200b\u200bou 37 si\u00e8ges au Parlement du Land (2021\u00a0: 31), le SPD 31 (39). Ensemble, ils obtiendraient probablement une majorit\u00e9 des deux tiers (67 des 101 si\u00e8ges). Les Verts disposent de 9 ou 10 mandats (10), l&rsquo;AfD 24 (9).<\/p>\n<p>Schnieder a cri\u00e9 sous les applaudissements nourris de ses partisans : \u00ab La CDU Rh\u00e9nanie-Palatinat est de retour ! Des chants ont commenc\u00e9, tels que \u00ab\u00a035 ans, c&rsquo;est fini\u00a0!\u00a0\u00bb Pendant si longtemps, la CDU a \u00e9t\u00e9 rel\u00e9gu\u00e9e dans l\u2019opposition dans le pays d\u2019origine du chancelier de longue date de la CDU, Helmut Kohl. L&rsquo;\u00e9conomiste financier de 50 ans vous y conduit en tant que chef de parti et de groupe parlementaire. Le p\u00e8re de trois enfants a marqu\u00e9 des points dans le Land rural en tant qu&rsquo;homme terre-\u00e0-terre originaire d&rsquo;un village du Vulkaneifel. Son fr\u00e8re a\u00een\u00e9 Patrick (\u00e9galement CDU) est ministre f\u00e9d\u00e9ral des Transports.<\/p>\n<p>Le Premier ministre Schweitzer \u00e9tait pour la premi\u00e8re fois confront\u00e9 au vote. L&rsquo;avocat de 52 ans a succ\u00e9d\u00e9 \u00e0 la populaire Malu Dreyer \u00e0 l&rsquo;\u00e9t\u00e9 2024, qui avait obtenu des r\u00e9sultats sup\u00e9rieurs \u00e0 la moyenne pendant de nombreuses ann\u00e9es et qui a d\u00e9missionn\u00e9 pour des raisons de sant\u00e9.<\/p>\n<p>Le leader du SPD, B\u00e4rbel Bas, a d\u00e9clar\u00e9 \u00e0 propos du r\u00e9sultat : \u00ab C&rsquo;est en effet tr\u00e8s amer. \u00bb Le secr\u00e9taire g\u00e9n\u00e9ral Tim Kl\u00fcssendorf a reconnu que le parti f\u00e9d\u00e9ral portait une grande part de responsabilit\u00e9. Il faut d\u00e9sormais davantage de visibilit\u00e9 et de reconnaissabilit\u00e9. \u00ab Nous devons oser fuir en avant. \u00bb<\/p>\n<p><strong>\u2013 Les choses deviennent encore plus inconfortables pour la coalition noire et rouge :<\/strong> Gr\u00e2ce \u00e0 ce r\u00e9sultat, la CDU a sauv\u00e9 le d\u00e9but de l&rsquo;importante ann\u00e9e \u00e9lectorale 2026, deux semaines apr\u00e8s une courte d\u00e9faite contre les Verts aux \u00e9lections r\u00e9gionales dans le Bade-Wurtemberg. Pour le SPD, la nouvelle d\u00e9faite apr\u00e8s presque 35 ans au pouvoir \u00e0 Mayence est un fiasco. Au sein du parti f\u00e9d\u00e9ral, cela pourrait donner un coup de pouce \u00e0 tous ceux de gauche qui souhaitent que les pr\u00e9sidents, le ministre des Finances et vice-chancelier Lars Klingbeil et la ministre du Travail B\u00e4rbel Bas, adoptent une attitude plus conflictuelle \u00e0 l&rsquo;\u00e9gard de leur partenaire de coalition, l&rsquo;Union.<\/p>\n<div id=\"attachment_437908\" class=\"wp-caption alignleft\" style=\"max-width: 300px\"><img decoding=\"async\" class=\"wp-image-437908 size-medium\" src=\"https:\/\/vieassociative.be\/actualites\/wp-content\/uploads\/2026\/03\/1774214304_672_La-CDU-devant-le-SPD-en-Rhenanie-Palatinat-\u2013-record-pour.jpg\" alt=\"\" width=\"300\" height=\"200\"  ><\/div>\n<p>Tous deux se pr\u00e9parent actuellement aux d\u00e9bats internes du cours. \u00ab\u00a0Nous devons discuter tr\u00e8s clairement au sein des commissions au cours des prochains jours de la question de savoir si la voie que nous, Lars Klingbeil et moi avons emprunt\u00e9e, est la bonne et si nous allons continuer sur cette voie\u00a0\u00bb, a d\u00e9clar\u00e9 Bas. Klingbeil a ajout\u00e9 : \u00ab\u00a0Je sais qu&rsquo;avec ce r\u00e9sultat, il y aura des d\u00e9bats de personnel, et nous devons \u00e9galement en avoir au sein du comit\u00e9 ex\u00e9cutif du parti, au pr\u00e9sidium, au sein du groupe parlementaire.\u00a0\u00bb<\/p>\n<p>Il est donc probable qu&rsquo;il y ait une crise au sein de la coalition &#8211; surtout avant des discussions sensibles sur les r\u00e9formes sociales essentielles en mati\u00e8re d&rsquo;assurance maladie, de soins et de retraites. L&rsquo;Union et le SPD veulent parvenir \u00e0 un accord sur les projets d&rsquo;ici la fin de l&rsquo;ann\u00e9e. Entre-temps, des \u00e9lections auront lieu en septembre dans les L\u00e4nder de l&rsquo;Est de l&rsquo;Allemagne de Saxe-Anhalt et de Mecklembourg-Pom\u00e9ranie occidentale, au cours desquelles l&rsquo;AfD pourrait devenir de loin la force la plus puissante.<\/p>\n<p><strong>\u2013 L&rsquo;AfD d\u00e9fie les all\u00e9gations de liaison :<\/strong> En Rh\u00e9nanie-Palatinat, comme dans le Bade-Wurtemberg, l\u2019AfD se targuera probablement d\u2019\u00eatre le v\u00e9ritable vainqueur des \u00e9lections. Les populistes de droite marquent des points malgr\u00e9 une affaire de n\u00e9potisme dans laquelle des d\u00e9put\u00e9s de Rh\u00e9nanie-Palatinat ont \u00e9galement h\u00e9berg\u00e9 des parents ou des amis dans les bureaux d&rsquo;autres d\u00e9put\u00e9s. (dpa)<\/p>\n","protected":false},"excerpt":{"rendered":"<p>MISE \u00c0 JOUR &#8211; Nouvelle d\u00e9b\u00e2cle \u00e9lectorale pour le SPD : apr\u00e8s pr\u00e8s de 35 ans, les sociaux-d\u00e9mocrates perdent le poste de chef du gouvernement<\/p>\n","protected":false},"author":1,"featured_media":13145,"comment_status":"","ping_status":"","sticky":false,"template":"","format":"standard","meta":{"footnotes":""},"categories":[298],"tags":[5509,2381,3439,81,2568,10311,3248],"class_list":["post-13144","post","type-post","status-publish","format-standard","has-post-thumbnail","hentry","category-belgique","tag-cdu","tag-devant","tag-lafd","tag-pour","tag-record","tag-rhenaniepalatinat","tag-spd","generate-columns","tablet-grid-50","mobile-grid-100","grid-parent","grid-33"],"yoast_head":"<!-- This site is optimized with the Yoast SEO plugin v24.0 - https:\/\/yoast.com\/wordpress\/plugins\/seo\/ -->\n<title>La CDU devant le SPD en Rh\u00e9nanie-Palatinat \u2013 record pour l\u2019AfD | Vie Associative<\/title>\n<meta name=\"robots\" content=\"index, follow, max-snippet:-1, max-image-preview:large, max-video-preview:-1\" \/>\n<link rel=\"canonical\" href=\"https:\/\/vieassociative.be\/actualites\/la-cdu-devant-le-spd-en-rhenanie-palatinat-record-pour-lafd\/\" \/>\n<meta property=\"og:locale\" content=\"fr_FR\" \/>\n<meta property=\"og:type\" content=\"article\" \/>\n<meta property=\"og:title\" content=\"La CDU devant le SPD en Rh\u00e9nanie-Palatinat \u2013 record pour l\u2019AfD | Vie Associative\" \/>\n<meta property=\"og:description\" content=\"MISE \u00c0 JOUR &#8211; Nouvelle d\u00e9b\u00e2cle \u00e9lectorale pour le SPD : apr\u00e8s pr\u00e8s de 35 ans, les sociaux-d\u00e9mocrates perdent le poste de chef du gouvernement\" \/>\n<meta property=\"og:url\" content=\"https:\/\/vieassociative.be\/actualites\/la-cdu-devant-le-spd-en-rhenanie-palatinat-record-pour-lafd\/\" \/>\n<meta property=\"og:site_name\" content=\"Vie Associative\" \/>\n<meta property=\"article:published_time\" content=\"2026-03-22T21:18:24+00:00\" \/>\n<meta property=\"og:image\" content=\"https:\/\/vieassociative.be\/actualites\/wp-content\/uploads\/2024\/09\/header_backgroundk-01-e1726694325946.png\" \/>\n\t<meta property=\"og:image:width\" content=\"279\" \/>\n\t<meta property=\"og:image:height\" content=\"92\" \/>\n\t<meta property=\"og:image:type\" content=\"image\/png\" \/>\n<meta name=\"author\" content=\"Julien\" \/>\n<meta name=\"twitter:card\" content=\"summary_large_image\" \/>\n<meta name=\"twitter:label1\" content=\"\u00c9crit par\" \/>\n\t<meta name=\"twitter:data1\" content=\"Julien\" \/>\n\t<meta name=\"twitter:label2\" content=\"Dur\u00e9e de lecture est.\" \/>\n\t<meta name=\"twitter:data2\" content=\"6 minutes\" \/>\n<script type=\"application\/ld+json\" class=\"yoast-schema-graph\">{\"@context\":\"https:\/\/schema.org\",\"@graph\":[{\"@type\":\"Article\",\"@id\":\"https:\/\/vieassociative.be\/actualites\/la-cdu-devant-le-spd-en-rhenanie-palatinat-record-pour-lafd\/#article\",\"isPartOf\":{\"@id\":\"https:\/\/vieassociative.be\/actualites\/la-cdu-devant-le-spd-en-rhenanie-palatinat-record-pour-lafd\/\"},\"author\":{\"name\":\"Julien\",\"@id\":\"https:\/\/vieassociative.be\/actualites\/#\/schema\/person\/b87ac4f82f9d4e7b7cec7395b679edc4\"},\"headline\":\"La CDU devant le SPD en Rh\u00e9nanie-Palatinat \u2013 record pour l\u2019AfD\",\"datePublished\":\"2026-03-22T21:18:24+00:00\",\"dateModified\":\"2026-03-22T21:18:24+00:00\",\"mainEntityOfPage\":{\"@id\":\"https:\/\/vieassociative.be\/actualites\/la-cdu-devant-le-spd-en-rhenanie-palatinat-record-pour-lafd\/\"},\"wordCount\":1193,\"publisher\":{\"@id\":\"https:\/\/vieassociative.be\/actualites\/#organization\"},\"image\":{\"@id\":\"https:\/\/vieassociative.be\/actualites\/la-cdu-devant-le-spd-en-rhenanie-palatinat-record-pour-lafd\/#primaryimage\"},\"thumbnailUrl\":\"https:\/\/vieassociative.be\/actualites\/wp-content\/uploads\/2026\/03\/1774214304_La-CDU-devant-le-SPD-en-Rhenanie-Palatinat-\u2013-record-pour.jpg\",\"keywords\":[\"CDU\",\"devant\",\"lAfD\",\"pour\",\"record\",\"Rh\u00e9naniePalatinat\",\"SPD\"],\"articleSection\":[\"Belgique\"],\"inLanguage\":\"fr-BE\"},{\"@type\":\"WebPage\",\"@id\":\"https:\/\/vieassociative.be\/actualites\/la-cdu-devant-le-spd-en-rhenanie-palatinat-record-pour-lafd\/\",\"url\":\"https:\/\/vieassociative.be\/actualites\/la-cdu-devant-le-spd-en-rhenanie-palatinat-record-pour-lafd\/\",\"name\":\"La CDU devant le SPD en Rh\u00e9nanie-Palatinat \u2013 record pour l\u2019AfD | Vie Associative\",\"isPartOf\":{\"@id\":\"https:\/\/vieassociative.be\/actualites\/#website\"},\"primaryImageOfPage\":{\"@id\":\"https:\/\/vieassociative.be\/actualites\/la-cdu-devant-le-spd-en-rhenanie-palatinat-record-pour-lafd\/#primaryimage\"},\"image\":{\"@id\":\"https:\/\/vieassociative.be\/actualites\/la-cdu-devant-le-spd-en-rhenanie-palatinat-record-pour-lafd\/#primaryimage\"},\"thumbnailUrl\":\"https:\/\/vieassociative.be\/actualites\/wp-content\/uploads\/2026\/03\/1774214304_La-CDU-devant-le-SPD-en-Rhenanie-Palatinat-\u2013-record-pour.jpg\",\"datePublished\":\"2026-03-22T21:18:24+00:00\",\"dateModified\":\"2026-03-22T21:18:24+00:00\",\"breadcrumb\":{\"@id\":\"https:\/\/vieassociative.be\/actualites\/la-cdu-devant-le-spd-en-rhenanie-palatinat-record-pour-lafd\/#breadcrumb\"},\"inLanguage\":\"fr-BE\",\"potentialAction\":[{\"@type\":\"ReadAction\",\"target\":[\"https:\/\/vieassociative.be\/actualites\/la-cdu-devant-le-spd-en-rhenanie-palatinat-record-pour-lafd\/\"]}]},{\"@type\":\"ImageObject\",\"inLanguage\":\"fr-BE\",\"@id\":\"https:\/\/vieassociative.be\/actualites\/la-cdu-devant-le-spd-en-rhenanie-palatinat-record-pour-lafd\/#primaryimage\",\"url\":\"https:\/\/vieassociative.be\/actualites\/wp-content\/uploads\/2026\/03\/1774214304_La-CDU-devant-le-SPD-en-Rhenanie-Palatinat-\u2013-record-pour.jpg\",\"contentUrl\":\"https:\/\/vieassociative.be\/actualites\/wp-content\/uploads\/2026\/03\/1774214304_La-CDU-devant-le-SPD-en-Rhenanie-Palatinat-\u2013-record-pour.jpg\",\"width\":1200,\"height\":800,\"caption\":\"La CDU devant le SPD en Rh\u00e9nanie-Palatinat \u2013 record pour l\u2019AfD\"},{\"@type\":\"BreadcrumbList\",\"@id\":\"https:\/\/vieassociative.be\/actualites\/la-cdu-devant-le-spd-en-rhenanie-palatinat-record-pour-lafd\/#breadcrumb\",\"itemListElement\":[{\"@type\":\"ListItem\",\"position\":1,\"name\":\"Accueil\",\"item\":\"https:\/\/vieassociative.be\/actualites\/\"},{\"@type\":\"ListItem\",\"position\":2,\"name\":\"La CDU devant le SPD en Rh\u00e9nanie-Palatinat \u2013 record pour l\u2019AfD\"}]},{\"@type\":\"WebSite\",\"@id\":\"https:\/\/vieassociative.be\/actualites\/#website\",\"url\":\"https:\/\/vieassociative.be\/actualites\/\",\"name\":\"Vie Associative\",\"description\":\"\",\"publisher\":{\"@id\":\"https:\/\/vieassociative.be\/actualites\/#organization\"},\"potentialAction\":[{\"@type\":\"SearchAction\",\"target\":{\"@type\":\"EntryPoint\",\"urlTemplate\":\"https:\/\/vieassociative.be\/actualites\/?s={search_term_string}\"},\"query-input\":{\"@type\":\"PropertyValueSpecification\",\"valueRequired\":true,\"valueName\":\"search_term_string\"}}],\"inLanguage\":\"fr-BE\"},{\"@type\":\"Organization\",\"@id\":\"https:\/\/vieassociative.be\/actualites\/#organization\",\"name\":\"Vie Associative\",\"url\":\"https:\/\/vieassociative.be\/actualites\/\",\"logo\":{\"@type\":\"ImageObject\",\"inLanguage\":\"fr-BE\",\"@id\":\"https:\/\/vieassociative.be\/actualites\/#\/schema\/logo\/image\/\",\"url\":\"https:\/\/vieassociative.be\/actualites\/wp-content\/uploads\/2024\/09\/cropped-vieassociative_favicon.ico.png\",\"contentUrl\":\"https:\/\/vieassociative.be\/actualites\/wp-content\/uploads\/2024\/09\/cropped-vieassociative_favicon.ico.png\",\"width\":512,\"height\":512,\"caption\":\"Vie Associative\"},\"image\":{\"@id\":\"https:\/\/vieassociative.be\/actualites\/#\/schema\/logo\/image\/\"}},{\"@type\":\"Person\",\"@id\":\"https:\/\/vieassociative.be\/actualites\/#\/schema\/person\/b87ac4f82f9d4e7b7cec7395b679edc4\",\"name\":\"Julien\",\"image\":{\"@type\":\"ImageObject\",\"inLanguage\":\"fr-BE\",\"@id\":\"https:\/\/vieassociative.be\/actualites\/#\/schema\/person\/image\/\",\"url\":\"https:\/\/vieassociative.be\/actualites\/wp-content\/uploads\/2024\/09\/vie-associative-1-150x150.jpg\",\"contentUrl\":\"https:\/\/vieassociative.be\/actualites\/wp-content\/uploads\/2024\/09\/vie-associative-1-150x150.jpg\",\"caption\":\"Julien\"},\"description\":\"Je suis Julien, r\u00e9dacteur pour Vie Associative. Passionn\u00e9 par le monde associatif depuis plus de 10 ans, j'ai \u00e0 c\u0153ur de partager des histoires inspirantes et de mettre en lumi\u00e8re les initiatives locales. Mon objectif est de sensibiliser et d'encourager l'engagement communautaire \u00e0 travers mes articles.\",\"sameAs\":[\"https:\/\/vieassociative.be\/\"]}]}<\/script>\n<!-- \/ Yoast SEO plugin. -->","yoast_head_json":{"title":"La CDU devant le SPD en Rh\u00e9nanie-Palatinat \u2013 record pour l\u2019AfD | Vie Associative","robots":{"index":"index","follow":"follow","max-snippet":"max-snippet:-1","max-image-preview":"max-image-preview:large","max-video-preview":"max-video-preview:-1"},"canonical":"https:\/\/vieassociative.be\/actualites\/la-cdu-devant-le-spd-en-rhenanie-palatinat-record-pour-lafd\/","og_locale":"fr_FR","og_type":"article","og_title":"La CDU devant le SPD en Rh\u00e9nanie-Palatinat \u2013 record pour l\u2019AfD | Vie Associative","og_description":"MISE \u00c0 JOUR &#8211; Nouvelle d\u00e9b\u00e2cle \u00e9lectorale pour le SPD : apr\u00e8s pr\u00e8s de 35 ans, les sociaux-d\u00e9mocrates perdent le poste de chef du gouvernement","og_url":"https:\/\/vieassociative.be\/actualites\/la-cdu-devant-le-spd-en-rhenanie-palatinat-record-pour-lafd\/","og_site_name":"Vie Associative","article_published_time":"2026-03-22T21:18:24+00:00","og_image":[{"width":279,"height":92,"url":"https:\/\/vieassociative.be\/actualites\/wp-content\/uploads\/2024\/09\/header_backgroundk-01-e1726694325946.png","type":"image\/png"}],"author":"Julien","twitter_card":"summary_large_image","twitter_misc":{"\u00c9crit par":"Julien","Dur\u00e9e de lecture est.":"6 minutes"},"schema":{"@context":"https:\/\/schema.org","@graph":[{"@type":"Article","@id":"https:\/\/vieassociative.be\/actualites\/la-cdu-devant-le-spd-en-rhenanie-palatinat-record-pour-lafd\/#article","isPartOf":{"@id":"https:\/\/vieassociative.be\/actualites\/la-cdu-devant-le-spd-en-rhenanie-palatinat-record-pour-lafd\/"},"author":{"name":"Julien","@id":"https:\/\/vieassociative.be\/actualites\/#\/schema\/person\/b87ac4f82f9d4e7b7cec7395b679edc4"},"headline":"La CDU devant le SPD en Rh\u00e9nanie-Palatinat \u2013 record pour l\u2019AfD","datePublished":"2026-03-22T21:18:24+00:00","dateModified":"2026-03-22T21:18:24+00:00","mainEntityOfPage":{"@id":"https:\/\/vieassociative.be\/actualites\/la-cdu-devant-le-spd-en-rhenanie-palatinat-record-pour-lafd\/"},"wordCount":1193,"publisher":{"@id":"https:\/\/vieassociative.be\/actualites\/#organization"},"image":{"@id":"https:\/\/vieassociative.be\/actualites\/la-cdu-devant-le-spd-en-rhenanie-palatinat-record-pour-lafd\/#primaryimage"},"thumbnailUrl":"https:\/\/vieassociative.be\/actualites\/wp-content\/uploads\/2026\/03\/1774214304_La-CDU-devant-le-SPD-en-Rhenanie-Palatinat-\u2013-record-pour.jpg","keywords":["CDU","devant","lAfD","pour","record","Rh\u00e9naniePalatinat","SPD"],"articleSection":["Belgique"],"inLanguage":"fr-BE"},{"@type":"WebPage","@id":"https:\/\/vieassociative.be\/actualites\/la-cdu-devant-le-spd-en-rhenanie-palatinat-record-pour-lafd\/","url":"https:\/\/vieassociative.be\/actualites\/la-cdu-devant-le-spd-en-rhenanie-palatinat-record-pour-lafd\/","name":"La CDU devant le SPD en Rh\u00e9nanie-Palatinat \u2013 record pour l\u2019AfD | Vie Associative","isPartOf":{"@id":"https:\/\/vieassociative.be\/actualites\/#website"},"primaryImageOfPage":{"@id":"https:\/\/vieassociative.be\/actualites\/la-cdu-devant-le-spd-en-rhenanie-palatinat-record-pour-lafd\/#primaryimage"},"image":{"@id":"https:\/\/vieassociative.be\/actualites\/la-cdu-devant-le-spd-en-rhenanie-palatinat-record-pour-lafd\/#primaryimage"},"thumbnailUrl":"https:\/\/vieassociative.be\/actualites\/wp-content\/uploads\/2026\/03\/1774214304_La-CDU-devant-le-SPD-en-Rhenanie-Palatinat-\u2013-record-pour.jpg","datePublished":"2026-03-22T21:18:24+00:00","dateModified":"2026-03-22T21:18:24+00:00","breadcrumb":{"@id":"https:\/\/vieassociative.be\/actualites\/la-cdu-devant-le-spd-en-rhenanie-palatinat-record-pour-lafd\/#breadcrumb"},"inLanguage":"fr-BE","potentialAction":[{"@type":"ReadAction","target":["https:\/\/vieassociative.be\/actualites\/la-cdu-devant-le-spd-en-rhenanie-palatinat-record-pour-lafd\/"]}]},{"@type":"ImageObject","inLanguage":"fr-BE","@id":"https:\/\/vieassociative.be\/actualites\/la-cdu-devant-le-spd-en-rhenanie-palatinat-record-pour-lafd\/#primaryimage","url":"https:\/\/vieassociative.be\/actualites\/wp-content\/uploads\/2026\/03\/1774214304_La-CDU-devant-le-SPD-en-Rhenanie-Palatinat-\u2013-record-pour.jpg","contentUrl":"https:\/\/vieassociative.be\/actualites\/wp-content\/uploads\/2026\/03\/1774214304_La-CDU-devant-le-SPD-en-Rhenanie-Palatinat-\u2013-record-pour.jpg","width":1200,"height":800,"caption":"La CDU devant le SPD en Rh\u00e9nanie-Palatinat \u2013 record pour l\u2019AfD"},{"@type":"BreadcrumbList","@id":"https:\/\/vieassociative.be\/actualites\/la-cdu-devant-le-spd-en-rhenanie-palatinat-record-pour-lafd\/#breadcrumb","itemListElement":[{"@type":"ListItem","position":1,"name":"Accueil","item":"https:\/\/vieassociative.be\/actualites\/"},{"@type":"ListItem","position":2,"name":"La CDU devant le SPD en Rh\u00e9nanie-Palatinat \u2013 record pour l\u2019AfD"}]},{"@type":"WebSite","@id":"https:\/\/vieassociative.be\/actualites\/#website","url":"https:\/\/vieassociative.be\/actualites\/","name":"Vie Associative","description":"","publisher":{"@id":"https:\/\/vieassociative.be\/actualites\/#organization"},"potentialAction":[{"@type":"SearchAction","target":{"@type":"EntryPoint","urlTemplate":"https:\/\/vieassociative.be\/actualites\/?s={search_term_string}"},"query-input":{"@type":"PropertyValueSpecification","valueRequired":true,"valueName":"search_term_string"}}],"inLanguage":"fr-BE"},{"@type":"Organization","@id":"https:\/\/vieassociative.be\/actualites\/#organization","name":"Vie Associative","url":"https:\/\/vieassociative.be\/actualites\/","logo":{"@type":"ImageObject","inLanguage":"fr-BE","@id":"https:\/\/vieassociative.be\/actualites\/#\/schema\/logo\/image\/","url":"https:\/\/vieassociative.be\/actualites\/wp-content\/uploads\/2024\/09\/cropped-vieassociative_favicon.ico.png","contentUrl":"https:\/\/vieassociative.be\/actualites\/wp-content\/uploads\/2024\/09\/cropped-vieassociative_favicon.ico.png","width":512,"height":512,"caption":"Vie Associative"},"image":{"@id":"https:\/\/vieassociative.be\/actualites\/#\/schema\/logo\/image\/"}},{"@type":"Person","@id":"https:\/\/vieassociative.be\/actualites\/#\/schema\/person\/b87ac4f82f9d4e7b7cec7395b679edc4","name":"Julien","image":{"@type":"ImageObject","inLanguage":"fr-BE","@id":"https:\/\/vieassociative.be\/actualites\/#\/schema\/person\/image\/","url":"https:\/\/vieassociative.be\/actualites\/wp-content\/uploads\/2024\/09\/vie-associative-1-150x150.jpg","contentUrl":"https:\/\/vieassociative.be\/actualites\/wp-content\/uploads\/2024\/09\/vie-associative-1-150x150.jpg","caption":"Julien"},"description":"Je suis Julien, r\u00e9dacteur pour Vie Associative. Passionn\u00e9 par le monde associatif depuis plus de 10 ans, j'ai \u00e0 c\u0153ur de partager des histoires inspirantes et de mettre en lumi\u00e8re les initiatives locales. Mon objectif est de sensibiliser et d'encourager l'engagement communautaire \u00e0 travers mes articles.","sameAs":["https:\/\/vieassociative.be\/"]}]}},"_links":{"self":[{"href":"https:\/\/vieassociative.be\/actualites\/wp-json\/wp\/v2\/posts\/13144"}],"collection":[{"href":"https:\/\/vieassociative.be\/actualites\/wp-json\/wp\/v2\/posts"}],"about":[{"href":"https:\/\/vieassociative.be\/actualites\/wp-json\/wp\/v2\/types\/post"}],"author":[{"embeddable":true,"href":"https:\/\/vieassociative.be\/actualites\/wp-json\/wp\/v2\/users\/1"}],"replies":[{"embeddable":true,"href":"https:\/\/vieassociative.be\/actualites\/wp-json\/wp\/v2\/comments?post=13144"}],"version-history":[{"count":0,"href":"https:\/\/vieassociative.be\/actualites\/wp-json\/wp\/v2\/posts\/13144\/revisions"}],"wp:featuredmedia":[{"embeddable":true,"href":"https:\/\/vieassociative.be\/actualites\/wp-json\/wp\/v2\/media\/13145"}],"wp:attachment":[{"href":"https:\/\/vieassociative.be\/actualites\/wp-json\/wp\/v2\/media?parent=13144"}],"wp:term":[{"taxonomy":"category","embeddable":true,"href":"https:\/\/vieassociative.be\/actualites\/wp-json\/wp\/v2\/categories?post=13144"},{"taxonomy":"post_tag","embeddable":true,"href":"https:\/\/vieassociative.be\/actualites\/wp-json\/wp\/v2\/tags?post=13144"}],"curies":[{"name":"wp","href":"https:\/\/api.w.org\/{rel}","templated":true}]}}