{"id":13140,"date":"2026-03-22T16:18:04","date_gmt":"2026-03-22T15:18:04","guid":{"rendered":"https:\/\/vieassociative.be\/actualites\/des-militaires-dans-les-rues-de-belgique-loperation-commence-lundi-un-maximum-de-200-militaires-pendant-trois-mois\/"},"modified":"2026-03-22T16:18:04","modified_gmt":"2026-03-22T15:18:04","slug":"des-militaires-dans-les-rues-de-belgique-loperation-commence-lundi-un-maximum-de-200-militaires-pendant-trois-mois","status":"publish","type":"post","link":"https:\/\/vieassociative.be\/actualites\/des-militaires-dans-les-rues-de-belgique-loperation-commence-lundi-un-maximum-de-200-militaires-pendant-trois-mois\/","title":{"rendered":"Des militaires dans les rues de Belgique &#8211; L&rsquo;op\u00e9ration commence lundi &#8211; Un maximum de 200 militaires pendant trois mois"},"content":{"rendered":"<p><strong>Le d\u00e9ploiement de l&rsquo;arm\u00e9e sur les routes belges d\u00e9bute lundi 23 mars. Au maximum 200 militaires seront mobilis\u00e9s pour une dur\u00e9e de trois mois. Cette d\u00e9cision a \u00e9t\u00e9 confirm\u00e9e jeudi par Th\u00e9o Francken (N-VA).<\/strong><\/p>\n<p><span id=\"more-437904\"><\/span>Ces 200 militaires auront pour mission principale de surveiller les lieux fr\u00e9quent\u00e9s par la communaut\u00e9 juive.<\/p>\n<p>Les militaires seront dans un premier temps d\u00e9ploy\u00e9s \u00e0 Bruxelles et Anvers. L&rsquo;op\u00e9ration sera ensuite \u00e9tendue \u00e0 Li\u00e8ge. Au bout de trois mois, le contingent est r\u00e9duit \u00e0 90 soldats.<\/p>\n<div id=\"attachment_87955\" class=\"wp-caption alignleft\" style=\"max-width: 300px\"><img fetchpriority=\"high\" decoding=\"async\" class=\"wp-image-87955 size-medium\" src=\"https:\/\/vieassociative.be\/actualites\/wp-content\/uploads\/2026\/03\/Des-militaires-dans-les-rues-de-Belgique-Loperation-commence.jpg\" alt=\"\" width=\"300\" height=\"200\"  ><\/div>\n<p>Lundi, Th\u00e9o Francken et le ministre de l&rsquo;Int\u00e9rieur Bernard Quintin (MR) ont annonc\u00e9 le d\u00e9ploiement de militaires pour surveiller certains lieux fr\u00e9quent\u00e9s par la communaut\u00e9 juive, notamment les synagogues et les \u00e9coles.<\/p>\n<p>Apr\u00e8s des mois de blocus, un accord a \u00e9t\u00e9 trouv\u00e9 cette semaine entre trois partis de la majorit\u00e9 gouvernementale (CD&#038;V, N-VA et MR) qui envisage le d\u00e9ploiement de militaires dans les rues, notamment dans les gares ou dans le cadre de la lutte contre le trafic de drogue.<br \/>\n.<br \/>\n\u00ab\u00a0L&rsquo;objectif est vraiment que cela soit temporaire\u00a0\u00bb, a pr\u00e9venu Th\u00e9o Francken lors du d\u00e9bat th\u00e9matique sur le budget de la d\u00e9fense. \u00ab On ne peut pas avoir des centaines de soldats dans nos rues chaque jour. \u00bb<\/p>\n<p>Le ministre a soulign\u00e9 que le minist\u00e8re de la D\u00e9fense fait l&rsquo;objet de nombreuses demandes. Il a cit\u00e9 la guerre en Iran et les demandes de soutien en mati\u00e8re de d\u00e9fense formul\u00e9es par l&rsquo;Arabie saoudite et les \u00c9mirats arabes unis, la s\u00e9curisation du d\u00e9troit d&rsquo;Ormuz, le conflit \u00e0 l&rsquo;est de la R\u00e9publique d\u00e9mocratique du Congo (RDC), la lutte contre la flotte fant\u00f4me russe en mer du Nord et le soutien \u00e0 l&rsquo;Ukraine. \u00ab Oui, nous avons un programme extr\u00eamement charg\u00e9 \u00bb, a-t-il conclu. (cr\u00e9er)<\/p>\n","protected":false},"excerpt":{"rendered":"<p>Le d\u00e9ploiement de l&rsquo;arm\u00e9e sur les routes belges d\u00e9bute lundi 23 mars. Au maximum 200 militaires seront mobilis\u00e9s pour une dur\u00e9e de trois mois. Cette<\/p>\n","protected":false},"author":1,"featured_media":13141,"comment_status":"","ping_status":"","sticky":false,"template":"","format":"standard","meta":{"footnotes":""},"categories":[298],"tags":[383,1051,166,29,14,10310,550,7179,6545,232,198,598,771],"class_list":["post-13140","post","type-post","status-publish","format-standard","has-post-thumbnail","hentry","category-belgique","tag-belgique","tag-commence","tag-dans","tag-des","tag-les","tag-loperation","tag-lundi","tag-maximum","tag-militaires","tag-mois","tag-pendant","tag-rues","tag-trois","generate-columns","tablet-grid-50","mobile-grid-100","grid-parent","grid-33"],"yoast_head":"<!-- This site is optimized with the Yoast SEO plugin v24.0 - https:\/\/yoast.com\/wordpress\/plugins\/seo\/ -->\n<title>Des militaires dans les rues de Belgique - L&#039;op\u00e9ration commence lundi - Un maximum de 200 militaires pendant trois mois | Vie Associative<\/title>\n<meta name=\"robots\" content=\"index, follow, max-snippet:-1, max-image-preview:large, max-video-preview:-1\" \/>\n<link rel=\"canonical\" href=\"https:\/\/vieassociative.be\/actualites\/des-militaires-dans-les-rues-de-belgique-loperation-commence-lundi-un-maximum-de-200-militaires-pendant-trois-mois\/\" \/>\n<meta property=\"og:locale\" content=\"fr_FR\" \/>\n<meta property=\"og:type\" content=\"article\" \/>\n<meta property=\"og:title\" content=\"Des militaires dans les rues de Belgique - L&#039;op\u00e9ration commence lundi - Un maximum de 200 militaires pendant trois mois | Vie Associative\" \/>\n<meta property=\"og:description\" content=\"Le d\u00e9ploiement de l&rsquo;arm\u00e9e sur les routes belges d\u00e9bute lundi 23 mars. Au maximum 200 militaires seront mobilis\u00e9s pour une dur\u00e9e de trois mois. Cette\" \/>\n<meta property=\"og:url\" content=\"https:\/\/vieassociative.be\/actualites\/des-militaires-dans-les-rues-de-belgique-loperation-commence-lundi-un-maximum-de-200-militaires-pendant-trois-mois\/\" \/>\n<meta property=\"og:site_name\" content=\"Vie Associative\" \/>\n<meta property=\"article:published_time\" content=\"2026-03-22T15:18:04+00:00\" \/>\n<meta property=\"og:image\" content=\"https:\/\/vieassociative.be\/actualites\/wp-content\/uploads\/2024\/09\/header_backgroundk-01-e1726694325946.png\" \/>\n\t<meta property=\"og:image:width\" content=\"279\" \/>\n\t<meta property=\"og:image:height\" content=\"92\" \/>\n\t<meta property=\"og:image:type\" content=\"image\/png\" \/>\n<meta name=\"author\" content=\"Julien\" \/>\n<meta name=\"twitter:card\" content=\"summary_large_image\" \/>\n<meta name=\"twitter:label1\" content=\"\u00c9crit par\" \/>\n\t<meta name=\"twitter:data1\" content=\"Julien\" \/>\n\t<meta name=\"twitter:label2\" content=\"Dur\u00e9e de lecture est.\" \/>\n\t<meta name=\"twitter:data2\" content=\"2 minutes\" \/>\n<script type=\"application\/ld+json\" class=\"yoast-schema-graph\">{\"@context\":\"https:\/\/schema.org\",\"@graph\":[{\"@type\":\"Article\",\"@id\":\"https:\/\/vieassociative.be\/actualites\/des-militaires-dans-les-rues-de-belgique-loperation-commence-lundi-un-maximum-de-200-militaires-pendant-trois-mois\/#article\",\"isPartOf\":{\"@id\":\"https:\/\/vieassociative.be\/actualites\/des-militaires-dans-les-rues-de-belgique-loperation-commence-lundi-un-maximum-de-200-militaires-pendant-trois-mois\/\"},\"author\":{\"name\":\"Julien\",\"@id\":\"https:\/\/vieassociative.be\/actualites\/#\/schema\/person\/b87ac4f82f9d4e7b7cec7395b679edc4\"},\"headline\":\"Des militaires dans les rues de Belgique &#8211; L&rsquo;op\u00e9ration commence lundi &#8211; Un maximum de 200 militaires pendant trois mois\",\"datePublished\":\"2026-03-22T15:18:04+00:00\",\"dateModified\":\"2026-03-22T15:18:04+00:00\",\"mainEntityOfPage\":{\"@id\":\"https:\/\/vieassociative.be\/actualites\/des-militaires-dans-les-rues-de-belgique-loperation-commence-lundi-un-maximum-de-200-militaires-pendant-trois-mois\/\"},\"wordCount\":338,\"publisher\":{\"@id\":\"https:\/\/vieassociative.be\/actualites\/#organization\"},\"image\":{\"@id\":\"https:\/\/vieassociative.be\/actualites\/des-militaires-dans-les-rues-de-belgique-loperation-commence-lundi-un-maximum-de-200-militaires-pendant-trois-mois\/#primaryimage\"},\"thumbnailUrl\":\"https:\/\/vieassociative.be\/actualites\/wp-content\/uploads\/2026\/03\/1774192685_Des-militaires-dans-les-rues-de-Belgique-Loperation-commence.jpg\",\"keywords\":[\"Belgique\",\"commenc\u00e9\",\"dans\",\"Des\",\"Les\",\"Lop\u00e9ration\",\"lundi\",\"maximum\",\"militaires\",\"mois\",\"pendant\",\"rues\",\"trois\"],\"articleSection\":[\"Belgique\"],\"inLanguage\":\"fr-BE\"},{\"@type\":\"WebPage\",\"@id\":\"https:\/\/vieassociative.be\/actualites\/des-militaires-dans-les-rues-de-belgique-loperation-commence-lundi-un-maximum-de-200-militaires-pendant-trois-mois\/\",\"url\":\"https:\/\/vieassociative.be\/actualites\/des-militaires-dans-les-rues-de-belgique-loperation-commence-lundi-un-maximum-de-200-militaires-pendant-trois-mois\/\",\"name\":\"Des militaires dans les rues de Belgique - L'op\u00e9ration commence lundi - Un maximum de 200 militaires pendant trois mois | Vie Associative\",\"isPartOf\":{\"@id\":\"https:\/\/vieassociative.be\/actualites\/#website\"},\"primaryImageOfPage\":{\"@id\":\"https:\/\/vieassociative.be\/actualites\/des-militaires-dans-les-rues-de-belgique-loperation-commence-lundi-un-maximum-de-200-militaires-pendant-trois-mois\/#primaryimage\"},\"image\":{\"@id\":\"https:\/\/vieassociative.be\/actualites\/des-militaires-dans-les-rues-de-belgique-loperation-commence-lundi-un-maximum-de-200-militaires-pendant-trois-mois\/#primaryimage\"},\"thumbnailUrl\":\"https:\/\/vieassociative.be\/actualites\/wp-content\/uploads\/2026\/03\/1774192685_Des-militaires-dans-les-rues-de-Belgique-Loperation-commence.jpg\",\"datePublished\":\"2026-03-22T15:18:04+00:00\",\"dateModified\":\"2026-03-22T15:18:04+00:00\",\"breadcrumb\":{\"@id\":\"https:\/\/vieassociative.be\/actualites\/des-militaires-dans-les-rues-de-belgique-loperation-commence-lundi-un-maximum-de-200-militaires-pendant-trois-mois\/#breadcrumb\"},\"inLanguage\":\"fr-BE\",\"potentialAction\":[{\"@type\":\"ReadAction\",\"target\":[\"https:\/\/vieassociative.be\/actualites\/des-militaires-dans-les-rues-de-belgique-loperation-commence-lundi-un-maximum-de-200-militaires-pendant-trois-mois\/\"]}]},{\"@type\":\"ImageObject\",\"inLanguage\":\"fr-BE\",\"@id\":\"https:\/\/vieassociative.be\/actualites\/des-militaires-dans-les-rues-de-belgique-loperation-commence-lundi-un-maximum-de-200-militaires-pendant-trois-mois\/#primaryimage\",\"url\":\"https:\/\/vieassociative.be\/actualites\/wp-content\/uploads\/2026\/03\/1774192685_Des-militaires-dans-les-rues-de-Belgique-Loperation-commence.jpg\",\"contentUrl\":\"https:\/\/vieassociative.be\/actualites\/wp-content\/uploads\/2026\/03\/1774192685_Des-militaires-dans-les-rues-de-Belgique-Loperation-commence.jpg\",\"width\":1535,\"height\":1024,\"caption\":\"Des militaires dans les rues de Belgique - L'op\u00e9ration commence lundi - Un maximum de 200 militaires pendant trois mois\"},{\"@type\":\"BreadcrumbList\",\"@id\":\"https:\/\/vieassociative.be\/actualites\/des-militaires-dans-les-rues-de-belgique-loperation-commence-lundi-un-maximum-de-200-militaires-pendant-trois-mois\/#breadcrumb\",\"itemListElement\":[{\"@type\":\"ListItem\",\"position\":1,\"name\":\"Accueil\",\"item\":\"https:\/\/vieassociative.be\/actualites\/\"},{\"@type\":\"ListItem\",\"position\":2,\"name\":\"Des militaires dans les rues de Belgique &#8211; L&rsquo;op\u00e9ration commence lundi &#8211; Un maximum de 200 militaires pendant trois mois\"}]},{\"@type\":\"WebSite\",\"@id\":\"https:\/\/vieassociative.be\/actualites\/#website\",\"url\":\"https:\/\/vieassociative.be\/actualites\/\",\"name\":\"Vie Associative\",\"description\":\"\",\"publisher\":{\"@id\":\"https:\/\/vieassociative.be\/actualites\/#organization\"},\"potentialAction\":[{\"@type\":\"SearchAction\",\"target\":{\"@type\":\"EntryPoint\",\"urlTemplate\":\"https:\/\/vieassociative.be\/actualites\/?s={search_term_string}\"},\"query-input\":{\"@type\":\"PropertyValueSpecification\",\"valueRequired\":true,\"valueName\":\"search_term_string\"}}],\"inLanguage\":\"fr-BE\"},{\"@type\":\"Organization\",\"@id\":\"https:\/\/vieassociative.be\/actualites\/#organization\",\"name\":\"Vie Associative\",\"url\":\"https:\/\/vieassociative.be\/actualites\/\",\"logo\":{\"@type\":\"ImageObject\",\"inLanguage\":\"fr-BE\",\"@id\":\"https:\/\/vieassociative.be\/actualites\/#\/schema\/logo\/image\/\",\"url\":\"https:\/\/vieassociative.be\/actualites\/wp-content\/uploads\/2024\/09\/cropped-vieassociative_favicon.ico.png\",\"contentUrl\":\"https:\/\/vieassociative.be\/actualites\/wp-content\/uploads\/2024\/09\/cropped-vieassociative_favicon.ico.png\",\"width\":512,\"height\":512,\"caption\":\"Vie Associative\"},\"image\":{\"@id\":\"https:\/\/vieassociative.be\/actualites\/#\/schema\/logo\/image\/\"}},{\"@type\":\"Person\",\"@id\":\"https:\/\/vieassociative.be\/actualites\/#\/schema\/person\/b87ac4f82f9d4e7b7cec7395b679edc4\",\"name\":\"Julien\",\"image\":{\"@type\":\"ImageObject\",\"inLanguage\":\"fr-BE\",\"@id\":\"https:\/\/vieassociative.be\/actualites\/#\/schema\/person\/image\/\",\"url\":\"https:\/\/vieassociative.be\/actualites\/wp-content\/uploads\/2024\/09\/vie-associative-1-150x150.jpg\",\"contentUrl\":\"https:\/\/vieassociative.be\/actualites\/wp-content\/uploads\/2024\/09\/vie-associative-1-150x150.jpg\",\"caption\":\"Julien\"},\"description\":\"Je suis Julien, r\u00e9dacteur pour Vie Associative. Passionn\u00e9 par le monde associatif depuis plus de 10 ans, j'ai \u00e0 c\u0153ur de partager des histoires inspirantes et de mettre en lumi\u00e8re les initiatives locales. Mon objectif est de sensibiliser et d'encourager l'engagement communautaire \u00e0 travers mes articles.\",\"sameAs\":[\"https:\/\/vieassociative.be\/\"]}]}<\/script>\n<!-- \/ Yoast SEO plugin. -->","yoast_head_json":{"title":"Des militaires dans les rues de Belgique - L'op\u00e9ration commence lundi - Un maximum de 200 militaires pendant trois mois | Vie Associative","robots":{"index":"index","follow":"follow","max-snippet":"max-snippet:-1","max-image-preview":"max-image-preview:large","max-video-preview":"max-video-preview:-1"},"canonical":"https:\/\/vieassociative.be\/actualites\/des-militaires-dans-les-rues-de-belgique-loperation-commence-lundi-un-maximum-de-200-militaires-pendant-trois-mois\/","og_locale":"fr_FR","og_type":"article","og_title":"Des militaires dans les rues de Belgique - L'op\u00e9ration commence lundi - Un maximum de 200 militaires pendant trois mois | Vie Associative","og_description":"Le d\u00e9ploiement de l&rsquo;arm\u00e9e sur les routes belges d\u00e9bute lundi 23 mars. Au maximum 200 militaires seront mobilis\u00e9s pour une dur\u00e9e de trois mois. Cette","og_url":"https:\/\/vieassociative.be\/actualites\/des-militaires-dans-les-rues-de-belgique-loperation-commence-lundi-un-maximum-de-200-militaires-pendant-trois-mois\/","og_site_name":"Vie Associative","article_published_time":"2026-03-22T15:18:04+00:00","og_image":[{"width":279,"height":92,"url":"https:\/\/vieassociative.be\/actualites\/wp-content\/uploads\/2024\/09\/header_backgroundk-01-e1726694325946.png","type":"image\/png"}],"author":"Julien","twitter_card":"summary_large_image","twitter_misc":{"\u00c9crit par":"Julien","Dur\u00e9e de lecture est.":"2 minutes"},"schema":{"@context":"https:\/\/schema.org","@graph":[{"@type":"Article","@id":"https:\/\/vieassociative.be\/actualites\/des-militaires-dans-les-rues-de-belgique-loperation-commence-lundi-un-maximum-de-200-militaires-pendant-trois-mois\/#article","isPartOf":{"@id":"https:\/\/vieassociative.be\/actualites\/des-militaires-dans-les-rues-de-belgique-loperation-commence-lundi-un-maximum-de-200-militaires-pendant-trois-mois\/"},"author":{"name":"Julien","@id":"https:\/\/vieassociative.be\/actualites\/#\/schema\/person\/b87ac4f82f9d4e7b7cec7395b679edc4"},"headline":"Des militaires dans les rues de Belgique &#8211; L&rsquo;op\u00e9ration commence lundi &#8211; Un maximum de 200 militaires pendant trois mois","datePublished":"2026-03-22T15:18:04+00:00","dateModified":"2026-03-22T15:18:04+00:00","mainEntityOfPage":{"@id":"https:\/\/vieassociative.be\/actualites\/des-militaires-dans-les-rues-de-belgique-loperation-commence-lundi-un-maximum-de-200-militaires-pendant-trois-mois\/"},"wordCount":338,"publisher":{"@id":"https:\/\/vieassociative.be\/actualites\/#organization"},"image":{"@id":"https:\/\/vieassociative.be\/actualites\/des-militaires-dans-les-rues-de-belgique-loperation-commence-lundi-un-maximum-de-200-militaires-pendant-trois-mois\/#primaryimage"},"thumbnailUrl":"https:\/\/vieassociative.be\/actualites\/wp-content\/uploads\/2026\/03\/1774192685_Des-militaires-dans-les-rues-de-Belgique-Loperation-commence.jpg","keywords":["Belgique","commenc\u00e9","dans","Des","Les","Lop\u00e9ration","lundi","maximum","militaires","mois","pendant","rues","trois"],"articleSection":["Belgique"],"inLanguage":"fr-BE"},{"@type":"WebPage","@id":"https:\/\/vieassociative.be\/actualites\/des-militaires-dans-les-rues-de-belgique-loperation-commence-lundi-un-maximum-de-200-militaires-pendant-trois-mois\/","url":"https:\/\/vieassociative.be\/actualites\/des-militaires-dans-les-rues-de-belgique-loperation-commence-lundi-un-maximum-de-200-militaires-pendant-trois-mois\/","name":"Des militaires dans les rues de Belgique - L'op\u00e9ration commence lundi - Un maximum de 200 militaires pendant trois mois | Vie Associative","isPartOf":{"@id":"https:\/\/vieassociative.be\/actualites\/#website"},"primaryImageOfPage":{"@id":"https:\/\/vieassociative.be\/actualites\/des-militaires-dans-les-rues-de-belgique-loperation-commence-lundi-un-maximum-de-200-militaires-pendant-trois-mois\/#primaryimage"},"image":{"@id":"https:\/\/vieassociative.be\/actualites\/des-militaires-dans-les-rues-de-belgique-loperation-commence-lundi-un-maximum-de-200-militaires-pendant-trois-mois\/#primaryimage"},"thumbnailUrl":"https:\/\/vieassociative.be\/actualites\/wp-content\/uploads\/2026\/03\/1774192685_Des-militaires-dans-les-rues-de-Belgique-Loperation-commence.jpg","datePublished":"2026-03-22T15:18:04+00:00","dateModified":"2026-03-22T15:18:04+00:00","breadcrumb":{"@id":"https:\/\/vieassociative.be\/actualites\/des-militaires-dans-les-rues-de-belgique-loperation-commence-lundi-un-maximum-de-200-militaires-pendant-trois-mois\/#breadcrumb"},"inLanguage":"fr-BE","potentialAction":[{"@type":"ReadAction","target":["https:\/\/vieassociative.be\/actualites\/des-militaires-dans-les-rues-de-belgique-loperation-commence-lundi-un-maximum-de-200-militaires-pendant-trois-mois\/"]}]},{"@type":"ImageObject","inLanguage":"fr-BE","@id":"https:\/\/vieassociative.be\/actualites\/des-militaires-dans-les-rues-de-belgique-loperation-commence-lundi-un-maximum-de-200-militaires-pendant-trois-mois\/#primaryimage","url":"https:\/\/vieassociative.be\/actualites\/wp-content\/uploads\/2026\/03\/1774192685_Des-militaires-dans-les-rues-de-Belgique-Loperation-commence.jpg","contentUrl":"https:\/\/vieassociative.be\/actualites\/wp-content\/uploads\/2026\/03\/1774192685_Des-militaires-dans-les-rues-de-Belgique-Loperation-commence.jpg","width":1535,"height":1024,"caption":"Des militaires dans les rues de Belgique - L'op\u00e9ration commence lundi - Un maximum de 200 militaires pendant trois mois"},{"@type":"BreadcrumbList","@id":"https:\/\/vieassociative.be\/actualites\/des-militaires-dans-les-rues-de-belgique-loperation-commence-lundi-un-maximum-de-200-militaires-pendant-trois-mois\/#breadcrumb","itemListElement":[{"@type":"ListItem","position":1,"name":"Accueil","item":"https:\/\/vieassociative.be\/actualites\/"},{"@type":"ListItem","position":2,"name":"Des militaires dans les rues de Belgique &#8211; L&rsquo;op\u00e9ration commence lundi &#8211; Un maximum de 200 militaires pendant trois mois"}]},{"@type":"WebSite","@id":"https:\/\/vieassociative.be\/actualites\/#website","url":"https:\/\/vieassociative.be\/actualites\/","name":"Vie Associative","description":"","publisher":{"@id":"https:\/\/vieassociative.be\/actualites\/#organization"},"potentialAction":[{"@type":"SearchAction","target":{"@type":"EntryPoint","urlTemplate":"https:\/\/vieassociative.be\/actualites\/?s={search_term_string}"},"query-input":{"@type":"PropertyValueSpecification","valueRequired":true,"valueName":"search_term_string"}}],"inLanguage":"fr-BE"},{"@type":"Organization","@id":"https:\/\/vieassociative.be\/actualites\/#organization","name":"Vie Associative","url":"https:\/\/vieassociative.be\/actualites\/","logo":{"@type":"ImageObject","inLanguage":"fr-BE","@id":"https:\/\/vieassociative.be\/actualites\/#\/schema\/logo\/image\/","url":"https:\/\/vieassociative.be\/actualites\/wp-content\/uploads\/2024\/09\/cropped-vieassociative_favicon.ico.png","contentUrl":"https:\/\/vieassociative.be\/actualites\/wp-content\/uploads\/2024\/09\/cropped-vieassociative_favicon.ico.png","width":512,"height":512,"caption":"Vie Associative"},"image":{"@id":"https:\/\/vieassociative.be\/actualites\/#\/schema\/logo\/image\/"}},{"@type":"Person","@id":"https:\/\/vieassociative.be\/actualites\/#\/schema\/person\/b87ac4f82f9d4e7b7cec7395b679edc4","name":"Julien","image":{"@type":"ImageObject","inLanguage":"fr-BE","@id":"https:\/\/vieassociative.be\/actualites\/#\/schema\/person\/image\/","url":"https:\/\/vieassociative.be\/actualites\/wp-content\/uploads\/2024\/09\/vie-associative-1-150x150.jpg","contentUrl":"https:\/\/vieassociative.be\/actualites\/wp-content\/uploads\/2024\/09\/vie-associative-1-150x150.jpg","caption":"Julien"},"description":"Je suis Julien, r\u00e9dacteur pour Vie Associative. Passionn\u00e9 par le monde associatif depuis plus de 10 ans, j'ai \u00e0 c\u0153ur de partager des histoires inspirantes et de mettre en lumi\u00e8re les initiatives locales. Mon objectif est de sensibiliser et d'encourager l'engagement communautaire \u00e0 travers mes articles.","sameAs":["https:\/\/vieassociative.be\/"]}]}},"_links":{"self":[{"href":"https:\/\/vieassociative.be\/actualites\/wp-json\/wp\/v2\/posts\/13140"}],"collection":[{"href":"https:\/\/vieassociative.be\/actualites\/wp-json\/wp\/v2\/posts"}],"about":[{"href":"https:\/\/vieassociative.be\/actualites\/wp-json\/wp\/v2\/types\/post"}],"author":[{"embeddable":true,"href":"https:\/\/vieassociative.be\/actualites\/wp-json\/wp\/v2\/users\/1"}],"replies":[{"embeddable":true,"href":"https:\/\/vieassociative.be\/actualites\/wp-json\/wp\/v2\/comments?post=13140"}],"version-history":[{"count":0,"href":"https:\/\/vieassociative.be\/actualites\/wp-json\/wp\/v2\/posts\/13140\/revisions"}],"wp:featuredmedia":[{"embeddable":true,"href":"https:\/\/vieassociative.be\/actualites\/wp-json\/wp\/v2\/media\/13141"}],"wp:attachment":[{"href":"https:\/\/vieassociative.be\/actualites\/wp-json\/wp\/v2\/media?parent=13140"}],"wp:term":[{"taxonomy":"category","embeddable":true,"href":"https:\/\/vieassociative.be\/actualites\/wp-json\/wp\/v2\/categories?post=13140"},{"taxonomy":"post_tag","embeddable":true,"href":"https:\/\/vieassociative.be\/actualites\/wp-json\/wp\/v2\/tags?post=13140"}],"curies":[{"name":"wp","href":"https:\/\/api.w.org\/{rel}","templated":true}]}}