{"id":13136,"date":"2026-03-22T10:17:27","date_gmt":"2026-03-22T09:17:27","guid":{"rendered":"https:\/\/vieassociative.be\/actualites\/22-mars-dix-ans-des-attentats-terroristes-de-bruxelles\/"},"modified":"2026-03-22T10:17:27","modified_gmt":"2026-03-22T09:17:27","slug":"22-mars-dix-ans-des-attentats-terroristes-de-bruxelles","status":"publish","type":"post","link":"https:\/\/vieassociative.be\/actualites\/22-mars-dix-ans-des-attentats-terroristes-de-bruxelles\/","title":{"rendered":"22 mars : Dix ans des attentats terroristes de Bruxelles"},"content":{"rendered":"<p><strong>Pascal Corneillie survit \u00e0 la terreur \u2013 mais la normalit\u00e9 reste pour lui hors de port\u00e9e. M\u00eame des ann\u00e9es apr\u00e8s les attentats de Bruxelles, de nombreuses victimes en subissent encore les cons\u00e9quences.<\/strong><\/p>\n<p><span id=\"more-437899\"><\/span>\u00abUne vie normale n&rsquo;est presque plus possible\u00bb, d\u00e9clare Pascal Corneillie \u2013 m\u00eame dix ans apr\u00e8s l&rsquo;une des pires exp\u00e9riences qu&rsquo;un \u00eatre humain puisse vivre. \u00ab\u00a0Les images, les odeurs, les cris et les pleurs des enfants, vos dizaines d&rsquo;amis et de connaissances gisant l\u00e0, gri\u00e8vement bless\u00e9s ou morts, horriblement mutil\u00e9s, cela ne vous l\u00e2che pas.\u00a0\u00bb Au lieu de cela, vous restez constamment tendu, vous ne faites plus confiance \u00e0 personne et vous vivez en mode combat constant, dit-il.<\/p>\n<p>Le 22 mars 2016, Corneillie exer\u00e7ait son travail de garde-fronti\u00e8re \u00e0 l&rsquo;a\u00e9roport de Bruxelles lorsqu&rsquo;une bombe explosa soudainement dans la salle d&#8217;embarquement. Des t\u00e9moins oculaires ont rapport\u00e9 avoir entendu une d\u00e9tonation et une boule de feu orange au centre du terminal. Peu de temps apr\u00e8s, un deuxi\u00e8me explose. Un troisi\u00e8me \u00e9choue.<\/p>\n<div id=\"attachment_437902\" class=\"wp-caption alignleft\" style=\"max-width: 300px\"><img fetchpriority=\"high\" decoding=\"async\" class=\"wp-image-437902 size-medium\" src=\"https:\/\/vieassociative.be\/actualites\/wp-content\/uploads\/2026\/03\/22-mars-Dix-ans-des-attentats-terroristes-de-Bruxelles.jpg\" alt=\"\" width=\"300\" height=\"200\"><\/div>\n<p><strong>\u2013 Pr\u00e8s de trois douzaines de morts et plus de 300 bless\u00e9s :<\/strong> Une bonne heure plus tard, une autre bombe explosait dans la station de m\u00e9tro Maelbeek, dans le quartier EU de la capitale belge. Au total, 32 personnes sont mortes, dont trois kamikazes de la milice terroriste \u00c9tat islamique (EI). Plus de 300 personnes sont bless\u00e9es. Trois personnes sont mortes de maladie ou se sont suicid\u00e9es apr\u00e8s les attentats, le bilan officiel est donc de 35 morts.<\/p>\n<p>Il n&rsquo;\u00e9tait m\u00eame pas secouriste qualifi\u00e9, raconte Corneillie, aujourd&rsquo;hui \u00e2g\u00e9e de 60 ans. Avec les attentats de Paris en t\u00eate, nous avons d\u00fb aborder un danger inconnu. \u00ab Mon corps a r\u00e9agi tr\u00e8s fortement \u00e0 ce que je voyais et \u00e0 ce que je devais faire \u00bb, dit-il. \u00ab\u00a0Apr\u00e8s, on se demande quoi faire : on ne dort plus, syndrome de stress post-traumatique.\u00a0\u00bb Et vous ne les avez pas seuls. \u00ab Toute la famille est t\u00e9moin de votre changement \u00bb, rapporte le Belge.<\/p>\n<p><strong>\u2013 Bruxelles attaque une partie d\u2019une s\u00e9rie terroriste islamiste :<\/strong> Les attentats perp\u00e9tr\u00e9s dans la capitale il y a dix ans s&rsquo;inscrivaient dans une s\u00e9rie de terrorisme islamiste. En novembre 2015, des terroristes islamistes ont tu\u00e9 130 personnes et en ont bless\u00e9 350 autres lors d&rsquo;une s\u00e9rie d&rsquo;attentats coordonn\u00e9s \u00e0 Paris. La plupart des d\u00e9c\u00e8s sont survenus dans la salle de concert du Bataclan. En d\u00e9cembre 2016, un terroriste avait tu\u00e9 douze personnes \u00e0 Berlin.<\/p>\n<div id=\"attachment_330653\" class=\"wp-caption alignleft\" style=\"max-width: 300px\"><img decoding=\"async\" class=\"wp-image-330653 size-medium\" src=\"https:\/\/vieassociative.be\/actualites\/wp-content\/uploads\/2025\/03\/22-mars-2016-il-y-a-neuf-ans-attaques-contre.jpeg\" alt=\"\" width=\"300\" height=\"200\"><\/div>\n<p>Des ann\u00e9es plus tard, les cons\u00e9quences de la terreur \u00e9taient visibles \u00e0 Bruxelles. Des policiers et des soldats lourdement arm\u00e9s faisaient partie de la sc\u00e8ne de rue. Dix ans apr\u00e8s les attentats, les autorit\u00e9s de l\u2019\u00c9tat classent la situation de menace comme \u00ab grave \u00bb, soit le niveau trois sur quatre.<\/p>\n<p>Outre une pr\u00e9sence polici\u00e8re accrue et des mesures de s\u00e9curit\u00e9, des mesures accrues de d\u00e9radicalisation et de pr\u00e9vention ont \u00e9galement \u00e9t\u00e9 prises en Belgique apr\u00e8s les attentats. Des initiatives d&rsquo;int\u00e9gration sociale et d&rsquo;\u00e9ducation ont \u00e9galement \u00e9t\u00e9 lanc\u00e9es dans la commune bruxelloise de Molenbeek afin de r\u00e9pondre \u00e0 des probl\u00e8mes structurels tels que le ch\u00f4mage, le manque de perspectives et l&rsquo;exclusion sociale, consid\u00e9r\u00e9s comme des facteurs de risque de radicalisation.<\/p>\n<p>Molenbeek est devenue connue comme un refuge pour les islamistes radicaux. Les cerveaux de divers attentats ont des liens ici, comme Salah Abdeslam, consid\u00e9r\u00e9 comme le principal responsable des attentats de Paris et qui a \u00e9galement particip\u00e9 \u00e0 ceux de Bruxelles.<\/p>\n<p><strong>\u2013 Le proc\u00e8s se termine sept ans apr\u00e8s les attentats :<\/strong> Abdeslam et neuf autres accus\u00e9s ont d\u00fb r\u00e9pondre des attentats en Belgique lors d&rsquo;un proc\u00e8s gigantesque. Le proc\u00e8s s\u2019est termin\u00e9 en 2023 et des peines allant de plusieurs d\u00e9cennies \u00e0 la perp\u00e9tuit\u00e9 ont \u00e9t\u00e9 prononc\u00e9es. L&rsquo;int\u00e9r\u00eat du public pour ce proc\u00e8s, qui comptait plus de 900 co-plaignants, \u00e9tait \u00e9norme.<\/p>\n<div id=\"attachment_314639\" class=\"wp-caption alignleft\" style=\"max-width: 300px\"><img decoding=\"async\" class=\"wp-image-314639 size-medium\" src=\"https:\/\/vieassociative.be\/actualites\/wp-content\/uploads\/2026\/03\/22-mars-Dix-ans-des-attentats-terroristes-de-Bruxelles.jpeg\" alt=\"\" width=\"300\" height=\"225\"><\/div>\n<p>Les organisations de victimes se sont plaintes \u00e0 plusieurs reprises du manque de soutien de la part de l&rsquo;appareil d&rsquo;\u00c9tat encombrant et ont critiqu\u00e9 le syst\u00e8me judiciaire belge, chroniquement surcharg\u00e9. Les personnes endeuill\u00e9es ont \u00e9galement \u00e9t\u00e9 stup\u00e9faites par les informations des m\u00e9dias selon lesquelles plusieurs des accus\u00e9s avaient \u00e9t\u00e9 surveill\u00e9s par les autorit\u00e9s de s\u00e9curit\u00e9 belges avant les attentats de Paris et de Bruxelles &#8211; et \u00e9taient encore en mesure de commettre leurs actes sanglants par la suite.<\/p>\n<p>Les victimes se sentent laiss\u00e9es seules : les jours de proc\u00e8s, les survivants et leurs proches portaient parfois des T-shirts avec des slogans tels que \u00ab Enfants ignor\u00e9s \u00bb et \u00ab Victimes jamais indemnis\u00e9es \u00bb. A l&rsquo;issue du proc\u00e8s, l&rsquo;organisation Life4Brussels a fait savoir que la col\u00e8re des victimes n&rsquo;\u00e9tait plus seulement dirig\u00e9e contre les agresseurs, \u00ab\u00a0mais aussi contre l&rsquo;Etat belge, qui a contribu\u00e9 \u00e0 accro\u00eetre leurs souffrances\u00a0\u00bb.<\/p>\n<p>L&rsquo;ancien policier Corneillie, originaire de la partie flamande de la Belgique, se sent \u00e9galement d\u00e9\u00e7u. \u00ab Rien que pour avoir sauv\u00e9 des vies et pris des initiatives \u00e0 l\u2019a\u00e9roport, nous nous retrouvons sans aide \u00bb, dit-il. Les fonctionnaires sont largement rembours\u00e9s, mais en m\u00eame temps, il y a des compagnies d&rsquo;assurance qui ridiculisent ou minimisent tout. Vous devez tout d\u00e9couvrir vous-m\u00eame.<\/p>\n<p>Pour Corneillie, le dixi\u00e8me anniversaire des attentats signifie tout laisser derri\u00e8re soi. \u00ab\u00a0Revivez, oui, mais avec une perspective diff\u00e9rente, en mettant les choses en perspective. Vivez \u00e0 nouveau, comme une autre personne. R\u00e9apprenez \u00e0 respirer.\u00a0\u00bb (dpa\/cr\u00e9)<\/p>\n","protected":false},"excerpt":{"rendered":"<p>Pascal Corneillie survit \u00e0 la terreur \u2013 mais la normalit\u00e9 reste pour lui hors de port\u00e9e. M\u00eame des ann\u00e9es apr\u00e8s les attentats de Bruxelles, de<\/p>\n","protected":false},"author":1,"featured_media":13137,"comment_status":"","ping_status":"","sticky":false,"template":"","format":"standard","meta":{"footnotes":""},"categories":[298],"tags":[584,9232,455,29,117,3221,10308],"class_list":["post-13136","post","type-post","status-publish","format-standard","has-post-thumbnail","hentry","category-belgique","tag-ans","tag-attentats","tag-bruxelles","tag-des","tag-dix","tag-mars","tag-terroristes","generate-columns","tablet-grid-50","mobile-grid-100","grid-parent","grid-33"],"yoast_head":"<!-- This site is optimized with the Yoast SEO plugin v24.0 - https:\/\/yoast.com\/wordpress\/plugins\/seo\/ -->\n<title>22 mars : Dix ans des attentats terroristes de Bruxelles | Vie Associative<\/title>\n<meta name=\"robots\" content=\"index, follow, max-snippet:-1, max-image-preview:large, max-video-preview:-1\" \/>\n<link rel=\"canonical\" href=\"https:\/\/vieassociative.be\/actualites\/22-mars-dix-ans-des-attentats-terroristes-de-bruxelles\/\" \/>\n<meta property=\"og:locale\" content=\"fr_FR\" \/>\n<meta property=\"og:type\" content=\"article\" \/>\n<meta property=\"og:title\" content=\"22 mars : Dix ans des attentats terroristes de Bruxelles | Vie Associative\" \/>\n<meta property=\"og:description\" content=\"Pascal Corneillie survit \u00e0 la terreur \u2013 mais la normalit\u00e9 reste pour lui hors de port\u00e9e. M\u00eame des ann\u00e9es apr\u00e8s les attentats de Bruxelles, de\" \/>\n<meta property=\"og:url\" content=\"https:\/\/vieassociative.be\/actualites\/22-mars-dix-ans-des-attentats-terroristes-de-bruxelles\/\" \/>\n<meta property=\"og:site_name\" content=\"Vie Associative\" \/>\n<meta property=\"article:published_time\" content=\"2026-03-22T09:17:27+00:00\" \/>\n<meta property=\"og:image\" content=\"https:\/\/vieassociative.be\/actualites\/wp-content\/uploads\/2024\/09\/header_backgroundk-01-e1726694325946.png\" \/>\n\t<meta property=\"og:image:width\" content=\"279\" \/>\n\t<meta property=\"og:image:height\" content=\"92\" \/>\n\t<meta property=\"og:image:type\" content=\"image\/png\" \/>\n<meta name=\"author\" content=\"Julien\" \/>\n<meta name=\"twitter:card\" content=\"summary_large_image\" \/>\n<meta name=\"twitter:label1\" content=\"\u00c9crit par\" \/>\n\t<meta name=\"twitter:data1\" content=\"Julien\" \/>\n\t<meta name=\"twitter:label2\" content=\"Dur\u00e9e de lecture est.\" \/>\n\t<meta name=\"twitter:data2\" content=\"5 minutes\" \/>\n<script type=\"application\/ld+json\" class=\"yoast-schema-graph\">{\"@context\":\"https:\/\/schema.org\",\"@graph\":[{\"@type\":\"Article\",\"@id\":\"https:\/\/vieassociative.be\/actualites\/22-mars-dix-ans-des-attentats-terroristes-de-bruxelles\/#article\",\"isPartOf\":{\"@id\":\"https:\/\/vieassociative.be\/actualites\/22-mars-dix-ans-des-attentats-terroristes-de-bruxelles\/\"},\"author\":{\"name\":\"Julien\",\"@id\":\"https:\/\/vieassociative.be\/actualites\/#\/schema\/person\/b87ac4f82f9d4e7b7cec7395b679edc4\"},\"headline\":\"22 mars : Dix ans des attentats terroristes de Bruxelles\",\"datePublished\":\"2026-03-22T09:17:27+00:00\",\"dateModified\":\"2026-03-22T09:17:27+00:00\",\"mainEntityOfPage\":{\"@id\":\"https:\/\/vieassociative.be\/actualites\/22-mars-dix-ans-des-attentats-terroristes-de-bruxelles\/\"},\"wordCount\":950,\"publisher\":{\"@id\":\"https:\/\/vieassociative.be\/actualites\/#organization\"},\"image\":{\"@id\":\"https:\/\/vieassociative.be\/actualites\/22-mars-dix-ans-des-attentats-terroristes-de-bruxelles\/#primaryimage\"},\"thumbnailUrl\":\"https:\/\/vieassociative.be\/actualites\/wp-content\/uploads\/2026\/03\/1774171047_22-mars-Dix-ans-des-attentats-terroristes-de-Bruxelles.jpg\",\"keywords\":[\"ans\",\"attentats\",\"Bruxelles\",\"Des\",\"Dix\",\"mars\",\"terroristes\"],\"articleSection\":[\"Belgique\"],\"inLanguage\":\"fr-BE\"},{\"@type\":\"WebPage\",\"@id\":\"https:\/\/vieassociative.be\/actualites\/22-mars-dix-ans-des-attentats-terroristes-de-bruxelles\/\",\"url\":\"https:\/\/vieassociative.be\/actualites\/22-mars-dix-ans-des-attentats-terroristes-de-bruxelles\/\",\"name\":\"22 mars : Dix ans des attentats terroristes de Bruxelles | Vie Associative\",\"isPartOf\":{\"@id\":\"https:\/\/vieassociative.be\/actualites\/#website\"},\"primaryImageOfPage\":{\"@id\":\"https:\/\/vieassociative.be\/actualites\/22-mars-dix-ans-des-attentats-terroristes-de-bruxelles\/#primaryimage\"},\"image\":{\"@id\":\"https:\/\/vieassociative.be\/actualites\/22-mars-dix-ans-des-attentats-terroristes-de-bruxelles\/#primaryimage\"},\"thumbnailUrl\":\"https:\/\/vieassociative.be\/actualites\/wp-content\/uploads\/2026\/03\/1774171047_22-mars-Dix-ans-des-attentats-terroristes-de-Bruxelles.jpg\",\"datePublished\":\"2026-03-22T09:17:27+00:00\",\"dateModified\":\"2026-03-22T09:17:27+00:00\",\"breadcrumb\":{\"@id\":\"https:\/\/vieassociative.be\/actualites\/22-mars-dix-ans-des-attentats-terroristes-de-bruxelles\/#breadcrumb\"},\"inLanguage\":\"fr-BE\",\"potentialAction\":[{\"@type\":\"ReadAction\",\"target\":[\"https:\/\/vieassociative.be\/actualites\/22-mars-dix-ans-des-attentats-terroristes-de-bruxelles\/\"]}]},{\"@type\":\"ImageObject\",\"inLanguage\":\"fr-BE\",\"@id\":\"https:\/\/vieassociative.be\/actualites\/22-mars-dix-ans-des-attentats-terroristes-de-bruxelles\/#primaryimage\",\"url\":\"https:\/\/vieassociative.be\/actualites\/wp-content\/uploads\/2026\/03\/1774171047_22-mars-Dix-ans-des-attentats-terroristes-de-Bruxelles.jpg\",\"contentUrl\":\"https:\/\/vieassociative.be\/actualites\/wp-content\/uploads\/2026\/03\/1774171047_22-mars-Dix-ans-des-attentats-terroristes-de-Bruxelles.jpg\",\"width\":1200,\"height\":800,\"caption\":\"22 mars : Dix ans des attentats terroristes de Bruxelles\"},{\"@type\":\"BreadcrumbList\",\"@id\":\"https:\/\/vieassociative.be\/actualites\/22-mars-dix-ans-des-attentats-terroristes-de-bruxelles\/#breadcrumb\",\"itemListElement\":[{\"@type\":\"ListItem\",\"position\":1,\"name\":\"Accueil\",\"item\":\"https:\/\/vieassociative.be\/actualites\/\"},{\"@type\":\"ListItem\",\"position\":2,\"name\":\"22 mars : Dix ans des attentats terroristes de Bruxelles\"}]},{\"@type\":\"WebSite\",\"@id\":\"https:\/\/vieassociative.be\/actualites\/#website\",\"url\":\"https:\/\/vieassociative.be\/actualites\/\",\"name\":\"Vie Associative\",\"description\":\"\",\"publisher\":{\"@id\":\"https:\/\/vieassociative.be\/actualites\/#organization\"},\"potentialAction\":[{\"@type\":\"SearchAction\",\"target\":{\"@type\":\"EntryPoint\",\"urlTemplate\":\"https:\/\/vieassociative.be\/actualites\/?s={search_term_string}\"},\"query-input\":{\"@type\":\"PropertyValueSpecification\",\"valueRequired\":true,\"valueName\":\"search_term_string\"}}],\"inLanguage\":\"fr-BE\"},{\"@type\":\"Organization\",\"@id\":\"https:\/\/vieassociative.be\/actualites\/#organization\",\"name\":\"Vie Associative\",\"url\":\"https:\/\/vieassociative.be\/actualites\/\",\"logo\":{\"@type\":\"ImageObject\",\"inLanguage\":\"fr-BE\",\"@id\":\"https:\/\/vieassociative.be\/actualites\/#\/schema\/logo\/image\/\",\"url\":\"https:\/\/vieassociative.be\/actualites\/wp-content\/uploads\/2024\/09\/cropped-vieassociative_favicon.ico.png\",\"contentUrl\":\"https:\/\/vieassociative.be\/actualites\/wp-content\/uploads\/2024\/09\/cropped-vieassociative_favicon.ico.png\",\"width\":512,\"height\":512,\"caption\":\"Vie Associative\"},\"image\":{\"@id\":\"https:\/\/vieassociative.be\/actualites\/#\/schema\/logo\/image\/\"}},{\"@type\":\"Person\",\"@id\":\"https:\/\/vieassociative.be\/actualites\/#\/schema\/person\/b87ac4f82f9d4e7b7cec7395b679edc4\",\"name\":\"Julien\",\"image\":{\"@type\":\"ImageObject\",\"inLanguage\":\"fr-BE\",\"@id\":\"https:\/\/vieassociative.be\/actualites\/#\/schema\/person\/image\/\",\"url\":\"https:\/\/vieassociative.be\/actualites\/wp-content\/uploads\/2024\/09\/vie-associative-1-150x150.jpg\",\"contentUrl\":\"https:\/\/vieassociative.be\/actualites\/wp-content\/uploads\/2024\/09\/vie-associative-1-150x150.jpg\",\"caption\":\"Julien\"},\"description\":\"Je suis Julien, r\u00e9dacteur pour Vie Associative. Passionn\u00e9 par le monde associatif depuis plus de 10 ans, j'ai \u00e0 c\u0153ur de partager des histoires inspirantes et de mettre en lumi\u00e8re les initiatives locales. Mon objectif est de sensibiliser et d'encourager l'engagement communautaire \u00e0 travers mes articles.\",\"sameAs\":[\"https:\/\/vieassociative.be\/\"]}]}<\/script>\n<!-- \/ Yoast SEO plugin. -->","yoast_head_json":{"title":"22 mars : Dix ans des attentats terroristes de Bruxelles | Vie Associative","robots":{"index":"index","follow":"follow","max-snippet":"max-snippet:-1","max-image-preview":"max-image-preview:large","max-video-preview":"max-video-preview:-1"},"canonical":"https:\/\/vieassociative.be\/actualites\/22-mars-dix-ans-des-attentats-terroristes-de-bruxelles\/","og_locale":"fr_FR","og_type":"article","og_title":"22 mars : Dix ans des attentats terroristes de Bruxelles | Vie Associative","og_description":"Pascal Corneillie survit \u00e0 la terreur \u2013 mais la normalit\u00e9 reste pour lui hors de port\u00e9e. M\u00eame des ann\u00e9es apr\u00e8s les attentats de Bruxelles, de","og_url":"https:\/\/vieassociative.be\/actualites\/22-mars-dix-ans-des-attentats-terroristes-de-bruxelles\/","og_site_name":"Vie Associative","article_published_time":"2026-03-22T09:17:27+00:00","og_image":[{"width":279,"height":92,"url":"https:\/\/vieassociative.be\/actualites\/wp-content\/uploads\/2024\/09\/header_backgroundk-01-e1726694325946.png","type":"image\/png"}],"author":"Julien","twitter_card":"summary_large_image","twitter_misc":{"\u00c9crit par":"Julien","Dur\u00e9e de lecture est.":"5 minutes"},"schema":{"@context":"https:\/\/schema.org","@graph":[{"@type":"Article","@id":"https:\/\/vieassociative.be\/actualites\/22-mars-dix-ans-des-attentats-terroristes-de-bruxelles\/#article","isPartOf":{"@id":"https:\/\/vieassociative.be\/actualites\/22-mars-dix-ans-des-attentats-terroristes-de-bruxelles\/"},"author":{"name":"Julien","@id":"https:\/\/vieassociative.be\/actualites\/#\/schema\/person\/b87ac4f82f9d4e7b7cec7395b679edc4"},"headline":"22 mars : Dix ans des attentats terroristes de Bruxelles","datePublished":"2026-03-22T09:17:27+00:00","dateModified":"2026-03-22T09:17:27+00:00","mainEntityOfPage":{"@id":"https:\/\/vieassociative.be\/actualites\/22-mars-dix-ans-des-attentats-terroristes-de-bruxelles\/"},"wordCount":950,"publisher":{"@id":"https:\/\/vieassociative.be\/actualites\/#organization"},"image":{"@id":"https:\/\/vieassociative.be\/actualites\/22-mars-dix-ans-des-attentats-terroristes-de-bruxelles\/#primaryimage"},"thumbnailUrl":"https:\/\/vieassociative.be\/actualites\/wp-content\/uploads\/2026\/03\/1774171047_22-mars-Dix-ans-des-attentats-terroristes-de-Bruxelles.jpg","keywords":["ans","attentats","Bruxelles","Des","Dix","mars","terroristes"],"articleSection":["Belgique"],"inLanguage":"fr-BE"},{"@type":"WebPage","@id":"https:\/\/vieassociative.be\/actualites\/22-mars-dix-ans-des-attentats-terroristes-de-bruxelles\/","url":"https:\/\/vieassociative.be\/actualites\/22-mars-dix-ans-des-attentats-terroristes-de-bruxelles\/","name":"22 mars : Dix ans des attentats terroristes de Bruxelles | Vie Associative","isPartOf":{"@id":"https:\/\/vieassociative.be\/actualites\/#website"},"primaryImageOfPage":{"@id":"https:\/\/vieassociative.be\/actualites\/22-mars-dix-ans-des-attentats-terroristes-de-bruxelles\/#primaryimage"},"image":{"@id":"https:\/\/vieassociative.be\/actualites\/22-mars-dix-ans-des-attentats-terroristes-de-bruxelles\/#primaryimage"},"thumbnailUrl":"https:\/\/vieassociative.be\/actualites\/wp-content\/uploads\/2026\/03\/1774171047_22-mars-Dix-ans-des-attentats-terroristes-de-Bruxelles.jpg","datePublished":"2026-03-22T09:17:27+00:00","dateModified":"2026-03-22T09:17:27+00:00","breadcrumb":{"@id":"https:\/\/vieassociative.be\/actualites\/22-mars-dix-ans-des-attentats-terroristes-de-bruxelles\/#breadcrumb"},"inLanguage":"fr-BE","potentialAction":[{"@type":"ReadAction","target":["https:\/\/vieassociative.be\/actualites\/22-mars-dix-ans-des-attentats-terroristes-de-bruxelles\/"]}]},{"@type":"ImageObject","inLanguage":"fr-BE","@id":"https:\/\/vieassociative.be\/actualites\/22-mars-dix-ans-des-attentats-terroristes-de-bruxelles\/#primaryimage","url":"https:\/\/vieassociative.be\/actualites\/wp-content\/uploads\/2026\/03\/1774171047_22-mars-Dix-ans-des-attentats-terroristes-de-Bruxelles.jpg","contentUrl":"https:\/\/vieassociative.be\/actualites\/wp-content\/uploads\/2026\/03\/1774171047_22-mars-Dix-ans-des-attentats-terroristes-de-Bruxelles.jpg","width":1200,"height":800,"caption":"22 mars : Dix ans des attentats terroristes de Bruxelles"},{"@type":"BreadcrumbList","@id":"https:\/\/vieassociative.be\/actualites\/22-mars-dix-ans-des-attentats-terroristes-de-bruxelles\/#breadcrumb","itemListElement":[{"@type":"ListItem","position":1,"name":"Accueil","item":"https:\/\/vieassociative.be\/actualites\/"},{"@type":"ListItem","position":2,"name":"22 mars : Dix ans des attentats terroristes de Bruxelles"}]},{"@type":"WebSite","@id":"https:\/\/vieassociative.be\/actualites\/#website","url":"https:\/\/vieassociative.be\/actualites\/","name":"Vie Associative","description":"","publisher":{"@id":"https:\/\/vieassociative.be\/actualites\/#organization"},"potentialAction":[{"@type":"SearchAction","target":{"@type":"EntryPoint","urlTemplate":"https:\/\/vieassociative.be\/actualites\/?s={search_term_string}"},"query-input":{"@type":"PropertyValueSpecification","valueRequired":true,"valueName":"search_term_string"}}],"inLanguage":"fr-BE"},{"@type":"Organization","@id":"https:\/\/vieassociative.be\/actualites\/#organization","name":"Vie Associative","url":"https:\/\/vieassociative.be\/actualites\/","logo":{"@type":"ImageObject","inLanguage":"fr-BE","@id":"https:\/\/vieassociative.be\/actualites\/#\/schema\/logo\/image\/","url":"https:\/\/vieassociative.be\/actualites\/wp-content\/uploads\/2024\/09\/cropped-vieassociative_favicon.ico.png","contentUrl":"https:\/\/vieassociative.be\/actualites\/wp-content\/uploads\/2024\/09\/cropped-vieassociative_favicon.ico.png","width":512,"height":512,"caption":"Vie Associative"},"image":{"@id":"https:\/\/vieassociative.be\/actualites\/#\/schema\/logo\/image\/"}},{"@type":"Person","@id":"https:\/\/vieassociative.be\/actualites\/#\/schema\/person\/b87ac4f82f9d4e7b7cec7395b679edc4","name":"Julien","image":{"@type":"ImageObject","inLanguage":"fr-BE","@id":"https:\/\/vieassociative.be\/actualites\/#\/schema\/person\/image\/","url":"https:\/\/vieassociative.be\/actualites\/wp-content\/uploads\/2024\/09\/vie-associative-1-150x150.jpg","contentUrl":"https:\/\/vieassociative.be\/actualites\/wp-content\/uploads\/2024\/09\/vie-associative-1-150x150.jpg","caption":"Julien"},"description":"Je suis Julien, r\u00e9dacteur pour Vie Associative. Passionn\u00e9 par le monde associatif depuis plus de 10 ans, j'ai \u00e0 c\u0153ur de partager des histoires inspirantes et de mettre en lumi\u00e8re les initiatives locales. Mon objectif est de sensibiliser et d'encourager l'engagement communautaire \u00e0 travers mes articles.","sameAs":["https:\/\/vieassociative.be\/"]}]}},"_links":{"self":[{"href":"https:\/\/vieassociative.be\/actualites\/wp-json\/wp\/v2\/posts\/13136"}],"collection":[{"href":"https:\/\/vieassociative.be\/actualites\/wp-json\/wp\/v2\/posts"}],"about":[{"href":"https:\/\/vieassociative.be\/actualites\/wp-json\/wp\/v2\/types\/post"}],"author":[{"embeddable":true,"href":"https:\/\/vieassociative.be\/actualites\/wp-json\/wp\/v2\/users\/1"}],"replies":[{"embeddable":true,"href":"https:\/\/vieassociative.be\/actualites\/wp-json\/wp\/v2\/comments?post=13136"}],"version-history":[{"count":0,"href":"https:\/\/vieassociative.be\/actualites\/wp-json\/wp\/v2\/posts\/13136\/revisions"}],"wp:featuredmedia":[{"embeddable":true,"href":"https:\/\/vieassociative.be\/actualites\/wp-json\/wp\/v2\/media\/13137"}],"wp:attachment":[{"href":"https:\/\/vieassociative.be\/actualites\/wp-json\/wp\/v2\/media?parent=13136"}],"wp:term":[{"taxonomy":"category","embeddable":true,"href":"https:\/\/vieassociative.be\/actualites\/wp-json\/wp\/v2\/categories?post=13136"},{"taxonomy":"post_tag","embeddable":true,"href":"https:\/\/vieassociative.be\/actualites\/wp-json\/wp\/v2\/tags?post=13136"}],"curies":[{"name":"wp","href":"https:\/\/api.w.org\/{rel}","templated":true}]}}