{"id":13132,"date":"2026-03-22T04:17:16","date_gmt":"2026-03-22T03:17:16","guid":{"rendered":"https:\/\/vieassociative.be\/actualites\/tadej-pogacar-remporte-milan-sanremo-pour-la-premiere-fois-devant-tom-pidcock-wout-van-aert-troisieme\/"},"modified":"2026-03-22T04:17:16","modified_gmt":"2026-03-22T03:17:16","slug":"tadej-pogacar-remporte-milan-sanremo-pour-la-premiere-fois-devant-tom-pidcock-wout-van-aert-troisieme","status":"publish","type":"post","link":"https:\/\/vieassociative.be\/actualites\/tadej-pogacar-remporte-milan-sanremo-pour-la-premiere-fois-devant-tom-pidcock-wout-van-aert-troisieme\/","title":{"rendered":"Tadej Pogacar remporte Milan-Sanremo pour la premi\u00e8re fois devant Tom Pidcock &#8211; Wout van Aert troisi\u00e8me"},"content":{"rendered":"<p><strong>Le champion du monde Tadej Pogacar l&rsquo;a fait. La superstar a remport\u00e9 la 117e \u00e9dition de Milan \u2013 Sanremo apr\u00e8s une course rapide, battant Tom Pidcock dans un sprint \u00e0 deux.<\/strong><\/p>\n<p><span id=\"more-437892\"><\/span>Les deux coureurs s&rsquo;\u00e9taient d\u00e9tach\u00e9s du peloton sur la Cipressa en compagnie de Mathieu van der Poel, qui a d\u00fb se replier sur le Poggio. Derri\u00e8re ce duo, le Belge Wout van Aert compl\u00e8te le podium apr\u00e8s une attaque en finale.<\/p>\n<p>Il s&rsquo;agit de la premi\u00e8re victoire \u00e0 Milan-Sanremo pour le Slov\u00e8ne, qui a d\u00e9j\u00e0 remport\u00e9 dans sa carri\u00e8re le Tour des Flandres, Li\u00e8ge-Bastogne-Li\u00e8ge et le Tour de Lombardie. Cela signifie qu&rsquo;il ne manque que Paris-Roubaix pour compl\u00e9ter la collection de monuments.<\/p>\n<p>Mais la course ne s&rsquo;est pas d\u00e9roul\u00e9e comme pr\u00e9vu pour Pogacar : il a rapidement perdu son co\u00e9quipier Jan Christen avant de lui-m\u00eame lourdement chuter cinq kilom\u00e8tres avant la Cipressa. Mais rien ne peut arr\u00eater le g\u00e9ant slov\u00e8ne, qui a une nouvelle fois r\u00e9alis\u00e9 un chef-d&rsquo;\u0153uvre. (cr\u00e9er)<\/p>\n","protected":false},"excerpt":{"rendered":"<p>Le champion du monde Tadej Pogacar l&rsquo;a fait. La superstar a remport\u00e9 la 117e \u00e9dition de Milan \u2013 Sanremo apr\u00e8s une course rapide, battant Tom<\/p>\n","protected":false},"author":1,"featured_media":13133,"comment_status":"","ping_status":"","sticky":false,"template":"","format":"standard","meta":{"footnotes":""},"categories":[298],"tags":[6144,2381,774,5975,10307,5976,81,610,2809,6345,5271,3868,4100,6143],"class_list":["post-13132","post","type-post","status-publish","format-standard","has-post-thumbnail","hentry","category-belgique","tag-aert","tag-devant","tag-fois","tag-milansanremo","tag-pidcock","tag-pogacar","tag-pour","tag-premiere","tag-remporte","tag-tadej","tag-tom","tag-troisieme","tag-van","tag-wout","generate-columns","tablet-grid-50","mobile-grid-100","grid-parent","grid-33"],"yoast_head":"<!-- This site is optimized with the Yoast SEO plugin v24.0 - https:\/\/yoast.com\/wordpress\/plugins\/seo\/ -->\n<title>Tadej Pogacar remporte Milan-Sanremo pour la premi\u00e8re fois devant Tom Pidcock - Wout van Aert troisi\u00e8me | Vie Associative<\/title>\n<meta name=\"robots\" content=\"index, follow, max-snippet:-1, max-image-preview:large, max-video-preview:-1\" \/>\n<link rel=\"canonical\" href=\"https:\/\/vieassociative.be\/actualites\/tadej-pogacar-remporte-milan-sanremo-pour-la-premiere-fois-devant-tom-pidcock-wout-van-aert-troisieme\/\" \/>\n<meta property=\"og:locale\" content=\"fr_FR\" \/>\n<meta property=\"og:type\" content=\"article\" \/>\n<meta property=\"og:title\" content=\"Tadej Pogacar remporte Milan-Sanremo pour la premi\u00e8re fois devant Tom Pidcock - Wout van Aert troisi\u00e8me | Vie Associative\" \/>\n<meta property=\"og:description\" content=\"Le champion du monde Tadej Pogacar l&rsquo;a fait. La superstar a remport\u00e9 la 117e \u00e9dition de Milan \u2013 Sanremo apr\u00e8s une course rapide, battant Tom\" \/>\n<meta property=\"og:url\" content=\"https:\/\/vieassociative.be\/actualites\/tadej-pogacar-remporte-milan-sanremo-pour-la-premiere-fois-devant-tom-pidcock-wout-van-aert-troisieme\/\" \/>\n<meta property=\"og:site_name\" content=\"Vie Associative\" \/>\n<meta property=\"article:published_time\" content=\"2026-03-22T03:17:16+00:00\" \/>\n<meta property=\"og:image\" content=\"https:\/\/vieassociative.be\/actualites\/wp-content\/uploads\/2024\/09\/header_backgroundk-01-e1726694325946.png\" \/>\n\t<meta property=\"og:image:width\" content=\"279\" \/>\n\t<meta property=\"og:image:height\" content=\"92\" \/>\n\t<meta property=\"og:image:type\" content=\"image\/png\" \/>\n<meta name=\"author\" content=\"Julien\" \/>\n<meta name=\"twitter:card\" content=\"summary_large_image\" \/>\n<meta name=\"twitter:label1\" content=\"\u00c9crit par\" \/>\n\t<meta name=\"twitter:data1\" content=\"Julien\" \/>\n\t<meta name=\"twitter:label2\" content=\"Dur\u00e9e de lecture est.\" \/>\n\t<meta name=\"twitter:data2\" content=\"1 minute\" \/>\n<script type=\"application\/ld+json\" class=\"yoast-schema-graph\">{\"@context\":\"https:\/\/schema.org\",\"@graph\":[{\"@type\":\"Article\",\"@id\":\"https:\/\/vieassociative.be\/actualites\/tadej-pogacar-remporte-milan-sanremo-pour-la-premiere-fois-devant-tom-pidcock-wout-van-aert-troisieme\/#article\",\"isPartOf\":{\"@id\":\"https:\/\/vieassociative.be\/actualites\/tadej-pogacar-remporte-milan-sanremo-pour-la-premiere-fois-devant-tom-pidcock-wout-van-aert-troisieme\/\"},\"author\":{\"name\":\"Julien\",\"@id\":\"https:\/\/vieassociative.be\/actualites\/#\/schema\/person\/b87ac4f82f9d4e7b7cec7395b679edc4\"},\"headline\":\"Tadej Pogacar remporte Milan-Sanremo pour la premi\u00e8re fois devant Tom Pidcock &#8211; Wout van Aert troisi\u00e8me\",\"datePublished\":\"2026-03-22T03:17:16+00:00\",\"dateModified\":\"2026-03-22T03:17:16+00:00\",\"mainEntityOfPage\":{\"@id\":\"https:\/\/vieassociative.be\/actualites\/tadej-pogacar-remporte-milan-sanremo-pour-la-premiere-fois-devant-tom-pidcock-wout-van-aert-troisieme\/\"},\"wordCount\":204,\"publisher\":{\"@id\":\"https:\/\/vieassociative.be\/actualites\/#organization\"},\"image\":{\"@id\":\"https:\/\/vieassociative.be\/actualites\/tadej-pogacar-remporte-milan-sanremo-pour-la-premiere-fois-devant-tom-pidcock-wout-van-aert-troisieme\/#primaryimage\"},\"thumbnailUrl\":\"https:\/\/vieassociative.be\/actualites\/wp-content\/uploads\/2026\/03\/Tadej-Pogacar-remporte-Milan-Sanremo-pour-la-premiere-fois-devant-Tom.jpg\",\"keywords\":[\"aert\",\"devant\",\"fois\",\"MilanSanremo\",\"Pidcock\",\"Pogacar\",\"pour\",\"premi\u00e8re\",\"remport\u00e9\",\"Tadej\",\"Tom\",\"troisi\u00e8me\",\"Van\",\"wout\"],\"articleSection\":[\"Belgique\"],\"inLanguage\":\"fr-BE\"},{\"@type\":\"WebPage\",\"@id\":\"https:\/\/vieassociative.be\/actualites\/tadej-pogacar-remporte-milan-sanremo-pour-la-premiere-fois-devant-tom-pidcock-wout-van-aert-troisieme\/\",\"url\":\"https:\/\/vieassociative.be\/actualites\/tadej-pogacar-remporte-milan-sanremo-pour-la-premiere-fois-devant-tom-pidcock-wout-van-aert-troisieme\/\",\"name\":\"Tadej Pogacar remporte Milan-Sanremo pour la premi\u00e8re fois devant Tom Pidcock - Wout van Aert troisi\u00e8me | Vie Associative\",\"isPartOf\":{\"@id\":\"https:\/\/vieassociative.be\/actualites\/#website\"},\"primaryImageOfPage\":{\"@id\":\"https:\/\/vieassociative.be\/actualites\/tadej-pogacar-remporte-milan-sanremo-pour-la-premiere-fois-devant-tom-pidcock-wout-van-aert-troisieme\/#primaryimage\"},\"image\":{\"@id\":\"https:\/\/vieassociative.be\/actualites\/tadej-pogacar-remporte-milan-sanremo-pour-la-premiere-fois-devant-tom-pidcock-wout-van-aert-troisieme\/#primaryimage\"},\"thumbnailUrl\":\"https:\/\/vieassociative.be\/actualites\/wp-content\/uploads\/2026\/03\/Tadej-Pogacar-remporte-Milan-Sanremo-pour-la-premiere-fois-devant-Tom.jpg\",\"datePublished\":\"2026-03-22T03:17:16+00:00\",\"dateModified\":\"2026-03-22T03:17:16+00:00\",\"breadcrumb\":{\"@id\":\"https:\/\/vieassociative.be\/actualites\/tadej-pogacar-remporte-milan-sanremo-pour-la-premiere-fois-devant-tom-pidcock-wout-van-aert-troisieme\/#breadcrumb\"},\"inLanguage\":\"fr-BE\",\"potentialAction\":[{\"@type\":\"ReadAction\",\"target\":[\"https:\/\/vieassociative.be\/actualites\/tadej-pogacar-remporte-milan-sanremo-pour-la-premiere-fois-devant-tom-pidcock-wout-van-aert-troisieme\/\"]}]},{\"@type\":\"ImageObject\",\"inLanguage\":\"fr-BE\",\"@id\":\"https:\/\/vieassociative.be\/actualites\/tadej-pogacar-remporte-milan-sanremo-pour-la-premiere-fois-devant-tom-pidcock-wout-van-aert-troisieme\/#primaryimage\",\"url\":\"https:\/\/vieassociative.be\/actualites\/wp-content\/uploads\/2026\/03\/Tadej-Pogacar-remporte-Milan-Sanremo-pour-la-premiere-fois-devant-Tom.jpg\",\"contentUrl\":\"https:\/\/vieassociative.be\/actualites\/wp-content\/uploads\/2026\/03\/Tadej-Pogacar-remporte-Milan-Sanremo-pour-la-premiere-fois-devant-Tom.jpg\",\"width\":1200,\"height\":800,\"caption\":\"Tadej Pogacar remporte Milan-Sanremo pour la premi\u00e8re fois devant Tom Pidcock - Wout van Aert troisi\u00e8me\"},{\"@type\":\"BreadcrumbList\",\"@id\":\"https:\/\/vieassociative.be\/actualites\/tadej-pogacar-remporte-milan-sanremo-pour-la-premiere-fois-devant-tom-pidcock-wout-van-aert-troisieme\/#breadcrumb\",\"itemListElement\":[{\"@type\":\"ListItem\",\"position\":1,\"name\":\"Accueil\",\"item\":\"https:\/\/vieassociative.be\/actualites\/\"},{\"@type\":\"ListItem\",\"position\":2,\"name\":\"Tadej Pogacar remporte Milan-Sanremo pour la premi\u00e8re fois devant Tom Pidcock &#8211; Wout van Aert troisi\u00e8me\"}]},{\"@type\":\"WebSite\",\"@id\":\"https:\/\/vieassociative.be\/actualites\/#website\",\"url\":\"https:\/\/vieassociative.be\/actualites\/\",\"name\":\"Vie Associative\",\"description\":\"\",\"publisher\":{\"@id\":\"https:\/\/vieassociative.be\/actualites\/#organization\"},\"potentialAction\":[{\"@type\":\"SearchAction\",\"target\":{\"@type\":\"EntryPoint\",\"urlTemplate\":\"https:\/\/vieassociative.be\/actualites\/?s={search_term_string}\"},\"query-input\":{\"@type\":\"PropertyValueSpecification\",\"valueRequired\":true,\"valueName\":\"search_term_string\"}}],\"inLanguage\":\"fr-BE\"},{\"@type\":\"Organization\",\"@id\":\"https:\/\/vieassociative.be\/actualites\/#organization\",\"name\":\"Vie Associative\",\"url\":\"https:\/\/vieassociative.be\/actualites\/\",\"logo\":{\"@type\":\"ImageObject\",\"inLanguage\":\"fr-BE\",\"@id\":\"https:\/\/vieassociative.be\/actualites\/#\/schema\/logo\/image\/\",\"url\":\"https:\/\/vieassociative.be\/actualites\/wp-content\/uploads\/2024\/09\/cropped-vieassociative_favicon.ico.png\",\"contentUrl\":\"https:\/\/vieassociative.be\/actualites\/wp-content\/uploads\/2024\/09\/cropped-vieassociative_favicon.ico.png\",\"width\":512,\"height\":512,\"caption\":\"Vie Associative\"},\"image\":{\"@id\":\"https:\/\/vieassociative.be\/actualites\/#\/schema\/logo\/image\/\"}},{\"@type\":\"Person\",\"@id\":\"https:\/\/vieassociative.be\/actualites\/#\/schema\/person\/b87ac4f82f9d4e7b7cec7395b679edc4\",\"name\":\"Julien\",\"image\":{\"@type\":\"ImageObject\",\"inLanguage\":\"fr-BE\",\"@id\":\"https:\/\/vieassociative.be\/actualites\/#\/schema\/person\/image\/\",\"url\":\"https:\/\/vieassociative.be\/actualites\/wp-content\/uploads\/2024\/09\/vie-associative-1-150x150.jpg\",\"contentUrl\":\"https:\/\/vieassociative.be\/actualites\/wp-content\/uploads\/2024\/09\/vie-associative-1-150x150.jpg\",\"caption\":\"Julien\"},\"description\":\"Je suis Julien, r\u00e9dacteur pour Vie Associative. Passionn\u00e9 par le monde associatif depuis plus de 10 ans, j'ai \u00e0 c\u0153ur de partager des histoires inspirantes et de mettre en lumi\u00e8re les initiatives locales. Mon objectif est de sensibiliser et d'encourager l'engagement communautaire \u00e0 travers mes articles.\",\"sameAs\":[\"https:\/\/vieassociative.be\/\"]}]}<\/script>\n<!-- \/ Yoast SEO plugin. -->","yoast_head_json":{"title":"Tadej Pogacar remporte Milan-Sanremo pour la premi\u00e8re fois devant Tom Pidcock - Wout van Aert troisi\u00e8me | Vie Associative","robots":{"index":"index","follow":"follow","max-snippet":"max-snippet:-1","max-image-preview":"max-image-preview:large","max-video-preview":"max-video-preview:-1"},"canonical":"https:\/\/vieassociative.be\/actualites\/tadej-pogacar-remporte-milan-sanremo-pour-la-premiere-fois-devant-tom-pidcock-wout-van-aert-troisieme\/","og_locale":"fr_FR","og_type":"article","og_title":"Tadej Pogacar remporte Milan-Sanremo pour la premi\u00e8re fois devant Tom Pidcock - Wout van Aert troisi\u00e8me | Vie Associative","og_description":"Le champion du monde Tadej Pogacar l&rsquo;a fait. La superstar a remport\u00e9 la 117e \u00e9dition de Milan \u2013 Sanremo apr\u00e8s une course rapide, battant Tom","og_url":"https:\/\/vieassociative.be\/actualites\/tadej-pogacar-remporte-milan-sanremo-pour-la-premiere-fois-devant-tom-pidcock-wout-van-aert-troisieme\/","og_site_name":"Vie Associative","article_published_time":"2026-03-22T03:17:16+00:00","og_image":[{"width":279,"height":92,"url":"https:\/\/vieassociative.be\/actualites\/wp-content\/uploads\/2024\/09\/header_backgroundk-01-e1726694325946.png","type":"image\/png"}],"author":"Julien","twitter_card":"summary_large_image","twitter_misc":{"\u00c9crit par":"Julien","Dur\u00e9e de lecture est.":"1 minute"},"schema":{"@context":"https:\/\/schema.org","@graph":[{"@type":"Article","@id":"https:\/\/vieassociative.be\/actualites\/tadej-pogacar-remporte-milan-sanremo-pour-la-premiere-fois-devant-tom-pidcock-wout-van-aert-troisieme\/#article","isPartOf":{"@id":"https:\/\/vieassociative.be\/actualites\/tadej-pogacar-remporte-milan-sanremo-pour-la-premiere-fois-devant-tom-pidcock-wout-van-aert-troisieme\/"},"author":{"name":"Julien","@id":"https:\/\/vieassociative.be\/actualites\/#\/schema\/person\/b87ac4f82f9d4e7b7cec7395b679edc4"},"headline":"Tadej Pogacar remporte Milan-Sanremo pour la premi\u00e8re fois devant Tom Pidcock &#8211; Wout van Aert troisi\u00e8me","datePublished":"2026-03-22T03:17:16+00:00","dateModified":"2026-03-22T03:17:16+00:00","mainEntityOfPage":{"@id":"https:\/\/vieassociative.be\/actualites\/tadej-pogacar-remporte-milan-sanremo-pour-la-premiere-fois-devant-tom-pidcock-wout-van-aert-troisieme\/"},"wordCount":204,"publisher":{"@id":"https:\/\/vieassociative.be\/actualites\/#organization"},"image":{"@id":"https:\/\/vieassociative.be\/actualites\/tadej-pogacar-remporte-milan-sanremo-pour-la-premiere-fois-devant-tom-pidcock-wout-van-aert-troisieme\/#primaryimage"},"thumbnailUrl":"https:\/\/vieassociative.be\/actualites\/wp-content\/uploads\/2026\/03\/Tadej-Pogacar-remporte-Milan-Sanremo-pour-la-premiere-fois-devant-Tom.jpg","keywords":["aert","devant","fois","MilanSanremo","Pidcock","Pogacar","pour","premi\u00e8re","remport\u00e9","Tadej","Tom","troisi\u00e8me","Van","wout"],"articleSection":["Belgique"],"inLanguage":"fr-BE"},{"@type":"WebPage","@id":"https:\/\/vieassociative.be\/actualites\/tadej-pogacar-remporte-milan-sanremo-pour-la-premiere-fois-devant-tom-pidcock-wout-van-aert-troisieme\/","url":"https:\/\/vieassociative.be\/actualites\/tadej-pogacar-remporte-milan-sanremo-pour-la-premiere-fois-devant-tom-pidcock-wout-van-aert-troisieme\/","name":"Tadej Pogacar remporte Milan-Sanremo pour la premi\u00e8re fois devant Tom Pidcock - Wout van Aert troisi\u00e8me | Vie Associative","isPartOf":{"@id":"https:\/\/vieassociative.be\/actualites\/#website"},"primaryImageOfPage":{"@id":"https:\/\/vieassociative.be\/actualites\/tadej-pogacar-remporte-milan-sanremo-pour-la-premiere-fois-devant-tom-pidcock-wout-van-aert-troisieme\/#primaryimage"},"image":{"@id":"https:\/\/vieassociative.be\/actualites\/tadej-pogacar-remporte-milan-sanremo-pour-la-premiere-fois-devant-tom-pidcock-wout-van-aert-troisieme\/#primaryimage"},"thumbnailUrl":"https:\/\/vieassociative.be\/actualites\/wp-content\/uploads\/2026\/03\/Tadej-Pogacar-remporte-Milan-Sanremo-pour-la-premiere-fois-devant-Tom.jpg","datePublished":"2026-03-22T03:17:16+00:00","dateModified":"2026-03-22T03:17:16+00:00","breadcrumb":{"@id":"https:\/\/vieassociative.be\/actualites\/tadej-pogacar-remporte-milan-sanremo-pour-la-premiere-fois-devant-tom-pidcock-wout-van-aert-troisieme\/#breadcrumb"},"inLanguage":"fr-BE","potentialAction":[{"@type":"ReadAction","target":["https:\/\/vieassociative.be\/actualites\/tadej-pogacar-remporte-milan-sanremo-pour-la-premiere-fois-devant-tom-pidcock-wout-van-aert-troisieme\/"]}]},{"@type":"ImageObject","inLanguage":"fr-BE","@id":"https:\/\/vieassociative.be\/actualites\/tadej-pogacar-remporte-milan-sanremo-pour-la-premiere-fois-devant-tom-pidcock-wout-van-aert-troisieme\/#primaryimage","url":"https:\/\/vieassociative.be\/actualites\/wp-content\/uploads\/2026\/03\/Tadej-Pogacar-remporte-Milan-Sanremo-pour-la-premiere-fois-devant-Tom.jpg","contentUrl":"https:\/\/vieassociative.be\/actualites\/wp-content\/uploads\/2026\/03\/Tadej-Pogacar-remporte-Milan-Sanremo-pour-la-premiere-fois-devant-Tom.jpg","width":1200,"height":800,"caption":"Tadej Pogacar remporte Milan-Sanremo pour la premi\u00e8re fois devant Tom Pidcock - Wout van Aert troisi\u00e8me"},{"@type":"BreadcrumbList","@id":"https:\/\/vieassociative.be\/actualites\/tadej-pogacar-remporte-milan-sanremo-pour-la-premiere-fois-devant-tom-pidcock-wout-van-aert-troisieme\/#breadcrumb","itemListElement":[{"@type":"ListItem","position":1,"name":"Accueil","item":"https:\/\/vieassociative.be\/actualites\/"},{"@type":"ListItem","position":2,"name":"Tadej Pogacar remporte Milan-Sanremo pour la premi\u00e8re fois devant Tom Pidcock &#8211; Wout van Aert troisi\u00e8me"}]},{"@type":"WebSite","@id":"https:\/\/vieassociative.be\/actualites\/#website","url":"https:\/\/vieassociative.be\/actualites\/","name":"Vie Associative","description":"","publisher":{"@id":"https:\/\/vieassociative.be\/actualites\/#organization"},"potentialAction":[{"@type":"SearchAction","target":{"@type":"EntryPoint","urlTemplate":"https:\/\/vieassociative.be\/actualites\/?s={search_term_string}"},"query-input":{"@type":"PropertyValueSpecification","valueRequired":true,"valueName":"search_term_string"}}],"inLanguage":"fr-BE"},{"@type":"Organization","@id":"https:\/\/vieassociative.be\/actualites\/#organization","name":"Vie Associative","url":"https:\/\/vieassociative.be\/actualites\/","logo":{"@type":"ImageObject","inLanguage":"fr-BE","@id":"https:\/\/vieassociative.be\/actualites\/#\/schema\/logo\/image\/","url":"https:\/\/vieassociative.be\/actualites\/wp-content\/uploads\/2024\/09\/cropped-vieassociative_favicon.ico.png","contentUrl":"https:\/\/vieassociative.be\/actualites\/wp-content\/uploads\/2024\/09\/cropped-vieassociative_favicon.ico.png","width":512,"height":512,"caption":"Vie Associative"},"image":{"@id":"https:\/\/vieassociative.be\/actualites\/#\/schema\/logo\/image\/"}},{"@type":"Person","@id":"https:\/\/vieassociative.be\/actualites\/#\/schema\/person\/b87ac4f82f9d4e7b7cec7395b679edc4","name":"Julien","image":{"@type":"ImageObject","inLanguage":"fr-BE","@id":"https:\/\/vieassociative.be\/actualites\/#\/schema\/person\/image\/","url":"https:\/\/vieassociative.be\/actualites\/wp-content\/uploads\/2024\/09\/vie-associative-1-150x150.jpg","contentUrl":"https:\/\/vieassociative.be\/actualites\/wp-content\/uploads\/2024\/09\/vie-associative-1-150x150.jpg","caption":"Julien"},"description":"Je suis Julien, r\u00e9dacteur pour Vie Associative. Passionn\u00e9 par le monde associatif depuis plus de 10 ans, j'ai \u00e0 c\u0153ur de partager des histoires inspirantes et de mettre en lumi\u00e8re les initiatives locales. Mon objectif est de sensibiliser et d'encourager l'engagement communautaire \u00e0 travers mes articles.","sameAs":["https:\/\/vieassociative.be\/"]}]}},"_links":{"self":[{"href":"https:\/\/vieassociative.be\/actualites\/wp-json\/wp\/v2\/posts\/13132"}],"collection":[{"href":"https:\/\/vieassociative.be\/actualites\/wp-json\/wp\/v2\/posts"}],"about":[{"href":"https:\/\/vieassociative.be\/actualites\/wp-json\/wp\/v2\/types\/post"}],"author":[{"embeddable":true,"href":"https:\/\/vieassociative.be\/actualites\/wp-json\/wp\/v2\/users\/1"}],"replies":[{"embeddable":true,"href":"https:\/\/vieassociative.be\/actualites\/wp-json\/wp\/v2\/comments?post=13132"}],"version-history":[{"count":0,"href":"https:\/\/vieassociative.be\/actualites\/wp-json\/wp\/v2\/posts\/13132\/revisions"}],"wp:featuredmedia":[{"embeddable":true,"href":"https:\/\/vieassociative.be\/actualites\/wp-json\/wp\/v2\/media\/13133"}],"wp:attachment":[{"href":"https:\/\/vieassociative.be\/actualites\/wp-json\/wp\/v2\/media?parent=13132"}],"wp:term":[{"taxonomy":"category","embeddable":true,"href":"https:\/\/vieassociative.be\/actualites\/wp-json\/wp\/v2\/categories?post=13132"},{"taxonomy":"post_tag","embeddable":true,"href":"https:\/\/vieassociative.be\/actualites\/wp-json\/wp\/v2\/tags?post=13132"}],"curies":[{"name":"wp","href":"https:\/\/api.w.org\/{rel}","templated":true}]}}