{"id":13130,"date":"2026-03-22T03:17:01","date_gmt":"2026-03-22T02:17:01","guid":{"rendered":"https:\/\/vieassociative.be\/actualites\/voici-comment-fonctionne-le-chargement-lateral-plus-sur-de-google-sur-android\/"},"modified":"2026-03-22T03:17:01","modified_gmt":"2026-03-22T02:17:01","slug":"voici-comment-fonctionne-le-chargement-lateral-plus-sur-de-google-sur-android","status":"publish","type":"post","link":"https:\/\/vieassociative.be\/actualites\/voici-comment-fonctionne-le-chargement-lateral-plus-sur-de-google-sur-android\/","title":{"rendered":"Voici comment fonctionne le chargement lat\u00e9ral \u00ab plus s\u00fbr \u00bb de Google sur Android"},"content":{"rendered":"<p>Alors que Google envisage de restreindre s\u00e9v\u00e8rement la capacit\u00e9 des utilisateurs d&rsquo;Android \u00e0 t\u00e9l\u00e9charger des applications \u00e0 partir de sources autres que le Google Play Store, la soci\u00e9t\u00e9 introduit un nouveau processus qui permettra le chargement lat\u00e9ral apr\u00e8s une p\u00e9riode d&rsquo;attente obligatoire de 24 heures. Ce nouveau param\u00e8tre de \u00ab\u00a0flux avanc\u00e9\u00a0\u00bb vise \u00e0 emp\u00eacher les utilisateurs d&rsquo;installer des logiciels malveillants distribu\u00e9s par des acteurs malveillants via des sources non v\u00e9rifi\u00e9es, tout en leur permettant de t\u00e9l\u00e9charger des logiciels malveillants \u00e0 partir de d\u00e9veloppeurs l\u00e9gitimes.<\/p>\n<h2 id=\"sideloading-restrictions-are-coming-to-android\">Les restrictions de chargement lat\u00e9ral arrivent sur Android<\/h2>\n<p>L&rsquo;ann\u00e9e derni\u00e8re, Google a annonc\u00e9 que le chargement lat\u00e9ral sur Android serait \u00e0 terme limit\u00e9 aux magasins d&rsquo;applications et aux d\u00e9veloppeurs tiers v\u00e9rifi\u00e9s. Ce changement a un objectif clair : s\u00e9vir contre les applications malveillantes se faisant passer pour des applications r\u00e9elles trouv\u00e9es sur le Google Play Store. Ces restrictions, qui entreront en vigueur au Br\u00e9sil, en Indon\u00e9sie, \u00e0 Singapour et en Tha\u00eflande plus tard cette ann\u00e9e et s&rsquo;appliqueront \u00e0 l&rsquo;\u00e9chelle mondiale en 2027, obligeront \u00e0 terme les d\u00e9veloppeurs \u00e0 enregistrer des informations sp\u00e9cifiques aupr\u00e8s de Google afin de distribuer leurs applications, ainsi qu&rsquo;\u00e0 payer des frais. (Les \u00e9tudiants et les amateurs pourront toujours partager des applications avec jusqu&rsquo;\u00e0 20 appareils sans s&rsquo;inscrire ni demander aux utilisateurs de suivre la nouvelle solution de contournement.) <\/p>\n<p>Cette d\u00e9cision a suscit\u00e9 de vives critiques de la part des d\u00e9veloppeurs et des utilisateurs, avec des pr\u00e9occupations allant de la violation de la vie priv\u00e9e (les d\u00e9veloppeurs doivent d\u00e9sormais partager des d\u00e9tails qu&rsquo;ils n&rsquo;\u00e9taient pas oblig\u00e9s de partager auparavant) \u00e0 une difficult\u00e9 accrue d&rsquo;acc\u00e9der aux versions modifi\u00e9es ou d\u00e9class\u00e9es des applications. En tant que tel, Google d\u00e9ploie un compromis qui, selon lui, prot\u00e9gera la plupart des utilisateurs contre les logiciels malveillants, tout en permettant aux utilisateurs exp\u00e9riment\u00e9s de t\u00e9l\u00e9charger lorsqu&rsquo;ils le souhaitent. <\/p>\n<h2 id=\"google-is-introducing-a-sideloading-workaround\">Google introduit une solution de contournement pour le chargement lat\u00e9ral<\/h2>\n<p>Le nouveau param\u00e8tre de flux avanc\u00e9 ajoutera de multiples points de friction \u00e0 l\u2019installation d\u2019applications non v\u00e9rifi\u00e9es, r\u00e9duisant ainsi le sentiment d\u2019urgence que les escrocs utilisent fr\u00e9quemment pour distribuer des logiciels malveillants. Les utilisateurs suivront un processus unique pour d\u00e9sactiver les protections de s\u00e9curit\u00e9 (ce qui signifie que vous n&rsquo;aurez pas besoin de le r\u00e9p\u00e9ter \u00e0 chaque fois que vous souhaitez effectuer un chargement lat\u00e9ral), mais vous verrez toujours un avertissement lorsque vous tenterez d&rsquo;installer une application provenant d&rsquo;un d\u00e9veloppeur non v\u00e9rifi\u00e9. <\/p>\n<p>Si cette solution de contournement vous int\u00e9resse, vous devrez d&rsquo;abord activer le mode d\u00e9veloppeur dans l&rsquo;application Param\u00e8tres de votre appareil et confirmer que vous n&rsquo;\u00eates pas oblig\u00e9 de d\u00e9sactiver les protections de s\u00e9curit\u00e9 sur votre appareil (une tactique d&rsquo;arnaque courante). Ensuite, vous devrez red\u00e9marrer votre t\u00e9l\u00e9phone, ce qui interrompra les appels et les outils d&rsquo;acc\u00e8s \u00e0 distance que les fraudeurs peuvent utiliser pour communiquer avec vous ou contr\u00f4ler votre appareil. \u00c0 partir de l\u00e0, vous devrez attendre 24 heures avant de pouvoir revenir et authentifier la modification des param\u00e8tres \u00e0 l&rsquo;aide de la biom\u00e9trie ou du code PIN de votre appareil. Enfin, vous confirmerez que vous comprenez les risques, ce qui vous permettra ensuite d&rsquo;installer des applications de d\u00e9veloppeurs non v\u00e9rifi\u00e9s pendant sept jours, voire ind\u00e9finiment. <\/p>\n<p>Cette solution de contournement sera disponible \u00e0 partir du mois d\u2019ao\u00fbt, avant que les exigences d\u2019inscription des d\u00e9veloppeurs n\u2019entrent en vigueur. <\/p>\n","protected":false},"excerpt":{"rendered":"<p>Alors que Google envisage de restreindre s\u00e9v\u00e8rement la capacit\u00e9 des utilisateurs d&rsquo;Android \u00e0 t\u00e9l\u00e9charger des applications \u00e0 partir de sources autres que le Google Play<\/p>\n","protected":false},"author":1,"featured_media":13131,"comment_status":"","ping_status":"","sticky":false,"template":"","format":"standard","meta":{"footnotes":""},"categories":[10249],"tags":[946,9722,44,1686,968,10306,33,529],"class_list":["post-13130","post","type-post","status-publish","format-standard","has-post-thumbnail","hentry","category-android","tag-android","tag-chargement","tag-comment","tag-fonctionne","tag-google","tag-lateral","tag-sur","tag-voici","generate-columns","tablet-grid-50","mobile-grid-100","grid-parent","grid-33"],"yoast_head":"<!-- This site is optimized with the Yoast SEO plugin v24.0 - https:\/\/yoast.com\/wordpress\/plugins\/seo\/ -->\n<title>Voici comment fonctionne le chargement lat\u00e9ral \u00ab plus s\u00fbr \u00bb de Google sur Android | Vie Associative<\/title>\n<meta name=\"robots\" content=\"index, follow, max-snippet:-1, max-image-preview:large, max-video-preview:-1\" \/>\n<link rel=\"canonical\" href=\"https:\/\/vieassociative.be\/actualites\/voici-comment-fonctionne-le-chargement-lateral-plus-sur-de-google-sur-android\/\" \/>\n<meta property=\"og:locale\" content=\"fr_FR\" \/>\n<meta property=\"og:type\" content=\"article\" \/>\n<meta property=\"og:title\" content=\"Voici comment fonctionne le chargement lat\u00e9ral \u00ab plus s\u00fbr \u00bb de Google sur Android | Vie Associative\" \/>\n<meta property=\"og:description\" content=\"Alors que Google envisage de restreindre s\u00e9v\u00e8rement la capacit\u00e9 des utilisateurs d&rsquo;Android \u00e0 t\u00e9l\u00e9charger des applications \u00e0 partir de sources autres que le Google Play\" \/>\n<meta property=\"og:url\" content=\"https:\/\/vieassociative.be\/actualites\/voici-comment-fonctionne-le-chargement-lateral-plus-sur-de-google-sur-android\/\" \/>\n<meta property=\"og:site_name\" content=\"Vie Associative\" \/>\n<meta property=\"article:published_time\" content=\"2026-03-22T02:17:01+00:00\" \/>\n<meta property=\"og:image\" content=\"https:\/\/vieassociative.be\/actualites\/wp-content\/uploads\/2024\/09\/header_backgroundk-01-e1726694325946.png\" \/>\n\t<meta property=\"og:image:width\" content=\"279\" \/>\n\t<meta property=\"og:image:height\" content=\"92\" \/>\n\t<meta property=\"og:image:type\" content=\"image\/png\" \/>\n<meta name=\"author\" content=\"Julien\" \/>\n<meta name=\"twitter:card\" content=\"summary_large_image\" \/>\n<meta name=\"twitter:label1\" content=\"\u00c9crit par\" \/>\n\t<meta name=\"twitter:data1\" content=\"Julien\" \/>\n\t<meta name=\"twitter:label2\" content=\"Dur\u00e9e de lecture est.\" \/>\n\t<meta name=\"twitter:data2\" content=\"3 minutes\" \/>\n<script type=\"application\/ld+json\" class=\"yoast-schema-graph\">{\"@context\":\"https:\/\/schema.org\",\"@graph\":[{\"@type\":\"Article\",\"@id\":\"https:\/\/vieassociative.be\/actualites\/voici-comment-fonctionne-le-chargement-lateral-plus-sur-de-google-sur-android\/#article\",\"isPartOf\":{\"@id\":\"https:\/\/vieassociative.be\/actualites\/voici-comment-fonctionne-le-chargement-lateral-plus-sur-de-google-sur-android\/\"},\"author\":{\"name\":\"Julien\",\"@id\":\"https:\/\/vieassociative.be\/actualites\/#\/schema\/person\/b87ac4f82f9d4e7b7cec7395b679edc4\"},\"headline\":\"Voici comment fonctionne le chargement lat\u00e9ral \u00ab plus s\u00fbr \u00bb de Google sur Android\",\"datePublished\":\"2026-03-22T02:17:01+00:00\",\"dateModified\":\"2026-03-22T02:17:01+00:00\",\"mainEntityOfPage\":{\"@id\":\"https:\/\/vieassociative.be\/actualites\/voici-comment-fonctionne-le-chargement-lateral-plus-sur-de-google-sur-android\/\"},\"wordCount\":642,\"publisher\":{\"@id\":\"https:\/\/vieassociative.be\/actualites\/#organization\"},\"image\":{\"@id\":\"https:\/\/vieassociative.be\/actualites\/voici-comment-fonctionne-le-chargement-lateral-plus-sur-de-google-sur-android\/#primaryimage\"},\"thumbnailUrl\":\"https:\/\/vieassociative.be\/actualites\/wp-content\/uploads\/2026\/03\/Voici-comment-fonctionne-le-chargement-lateral-plus-sur.jpg\",\"keywords\":[\"Android\",\"chargement\",\"Comment\",\"fonctionne\",\"Google\",\"lat\u00e9ral\",\"sur\",\"Voici\"],\"articleSection\":[\"Android\"],\"inLanguage\":\"fr-BE\"},{\"@type\":\"WebPage\",\"@id\":\"https:\/\/vieassociative.be\/actualites\/voici-comment-fonctionne-le-chargement-lateral-plus-sur-de-google-sur-android\/\",\"url\":\"https:\/\/vieassociative.be\/actualites\/voici-comment-fonctionne-le-chargement-lateral-plus-sur-de-google-sur-android\/\",\"name\":\"Voici comment fonctionne le chargement lat\u00e9ral \u00ab plus s\u00fbr \u00bb de Google sur Android | Vie Associative\",\"isPartOf\":{\"@id\":\"https:\/\/vieassociative.be\/actualites\/#website\"},\"primaryImageOfPage\":{\"@id\":\"https:\/\/vieassociative.be\/actualites\/voici-comment-fonctionne-le-chargement-lateral-plus-sur-de-google-sur-android\/#primaryimage\"},\"image\":{\"@id\":\"https:\/\/vieassociative.be\/actualites\/voici-comment-fonctionne-le-chargement-lateral-plus-sur-de-google-sur-android\/#primaryimage\"},\"thumbnailUrl\":\"https:\/\/vieassociative.be\/actualites\/wp-content\/uploads\/2026\/03\/Voici-comment-fonctionne-le-chargement-lateral-plus-sur.jpg\",\"datePublished\":\"2026-03-22T02:17:01+00:00\",\"dateModified\":\"2026-03-22T02:17:01+00:00\",\"breadcrumb\":{\"@id\":\"https:\/\/vieassociative.be\/actualites\/voici-comment-fonctionne-le-chargement-lateral-plus-sur-de-google-sur-android\/#breadcrumb\"},\"inLanguage\":\"fr-BE\",\"potentialAction\":[{\"@type\":\"ReadAction\",\"target\":[\"https:\/\/vieassociative.be\/actualites\/voici-comment-fonctionne-le-chargement-lateral-plus-sur-de-google-sur-android\/\"]}]},{\"@type\":\"ImageObject\",\"inLanguage\":\"fr-BE\",\"@id\":\"https:\/\/vieassociative.be\/actualites\/voici-comment-fonctionne-le-chargement-lateral-plus-sur-de-google-sur-android\/#primaryimage\",\"url\":\"https:\/\/vieassociative.be\/actualites\/wp-content\/uploads\/2026\/03\/Voici-comment-fonctionne-le-chargement-lateral-plus-sur.jpg\",\"contentUrl\":\"https:\/\/vieassociative.be\/actualites\/wp-content\/uploads\/2026\/03\/Voici-comment-fonctionne-le-chargement-lateral-plus-sur.jpg\",\"width\":1200,\"height\":675,\"caption\":\"Voici comment fonctionne le chargement lat\u00e9ral \u00ab plus s\u00fbr \u00bb de Google sur Android\"},{\"@type\":\"BreadcrumbList\",\"@id\":\"https:\/\/vieassociative.be\/actualites\/voici-comment-fonctionne-le-chargement-lateral-plus-sur-de-google-sur-android\/#breadcrumb\",\"itemListElement\":[{\"@type\":\"ListItem\",\"position\":1,\"name\":\"Accueil\",\"item\":\"https:\/\/vieassociative.be\/actualites\/\"},{\"@type\":\"ListItem\",\"position\":2,\"name\":\"Voici comment fonctionne le chargement lat\u00e9ral \u00ab plus s\u00fbr \u00bb de Google sur Android\"}]},{\"@type\":\"WebSite\",\"@id\":\"https:\/\/vieassociative.be\/actualites\/#website\",\"url\":\"https:\/\/vieassociative.be\/actualites\/\",\"name\":\"Vie Associative\",\"description\":\"\",\"publisher\":{\"@id\":\"https:\/\/vieassociative.be\/actualites\/#organization\"},\"potentialAction\":[{\"@type\":\"SearchAction\",\"target\":{\"@type\":\"EntryPoint\",\"urlTemplate\":\"https:\/\/vieassociative.be\/actualites\/?s={search_term_string}\"},\"query-input\":{\"@type\":\"PropertyValueSpecification\",\"valueRequired\":true,\"valueName\":\"search_term_string\"}}],\"inLanguage\":\"fr-BE\"},{\"@type\":\"Organization\",\"@id\":\"https:\/\/vieassociative.be\/actualites\/#organization\",\"name\":\"Vie Associative\",\"url\":\"https:\/\/vieassociative.be\/actualites\/\",\"logo\":{\"@type\":\"ImageObject\",\"inLanguage\":\"fr-BE\",\"@id\":\"https:\/\/vieassociative.be\/actualites\/#\/schema\/logo\/image\/\",\"url\":\"https:\/\/vieassociative.be\/actualites\/wp-content\/uploads\/2024\/09\/cropped-vieassociative_favicon.ico.png\",\"contentUrl\":\"https:\/\/vieassociative.be\/actualites\/wp-content\/uploads\/2024\/09\/cropped-vieassociative_favicon.ico.png\",\"width\":512,\"height\":512,\"caption\":\"Vie Associative\"},\"image\":{\"@id\":\"https:\/\/vieassociative.be\/actualites\/#\/schema\/logo\/image\/\"}},{\"@type\":\"Person\",\"@id\":\"https:\/\/vieassociative.be\/actualites\/#\/schema\/person\/b87ac4f82f9d4e7b7cec7395b679edc4\",\"name\":\"Julien\",\"image\":{\"@type\":\"ImageObject\",\"inLanguage\":\"fr-BE\",\"@id\":\"https:\/\/vieassociative.be\/actualites\/#\/schema\/person\/image\/\",\"url\":\"https:\/\/vieassociative.be\/actualites\/wp-content\/uploads\/2024\/09\/vie-associative-1-150x150.jpg\",\"contentUrl\":\"https:\/\/vieassociative.be\/actualites\/wp-content\/uploads\/2024\/09\/vie-associative-1-150x150.jpg\",\"caption\":\"Julien\"},\"description\":\"Je suis Julien, r\u00e9dacteur pour Vie Associative. Passionn\u00e9 par le monde associatif depuis plus de 10 ans, j'ai \u00e0 c\u0153ur de partager des histoires inspirantes et de mettre en lumi\u00e8re les initiatives locales. Mon objectif est de sensibiliser et d'encourager l'engagement communautaire \u00e0 travers mes articles.\",\"sameAs\":[\"https:\/\/vieassociative.be\/\"]}]}<\/script>\n<!-- \/ Yoast SEO plugin. -->","yoast_head_json":{"title":"Voici comment fonctionne le chargement lat\u00e9ral \u00ab plus s\u00fbr \u00bb de Google sur Android | Vie Associative","robots":{"index":"index","follow":"follow","max-snippet":"max-snippet:-1","max-image-preview":"max-image-preview:large","max-video-preview":"max-video-preview:-1"},"canonical":"https:\/\/vieassociative.be\/actualites\/voici-comment-fonctionne-le-chargement-lateral-plus-sur-de-google-sur-android\/","og_locale":"fr_FR","og_type":"article","og_title":"Voici comment fonctionne le chargement lat\u00e9ral \u00ab plus s\u00fbr \u00bb de Google sur Android | Vie Associative","og_description":"Alors que Google envisage de restreindre s\u00e9v\u00e8rement la capacit\u00e9 des utilisateurs d&rsquo;Android \u00e0 t\u00e9l\u00e9charger des applications \u00e0 partir de sources autres que le Google Play","og_url":"https:\/\/vieassociative.be\/actualites\/voici-comment-fonctionne-le-chargement-lateral-plus-sur-de-google-sur-android\/","og_site_name":"Vie Associative","article_published_time":"2026-03-22T02:17:01+00:00","og_image":[{"width":279,"height":92,"url":"https:\/\/vieassociative.be\/actualites\/wp-content\/uploads\/2024\/09\/header_backgroundk-01-e1726694325946.png","type":"image\/png"}],"author":"Julien","twitter_card":"summary_large_image","twitter_misc":{"\u00c9crit par":"Julien","Dur\u00e9e de lecture est.":"3 minutes"},"schema":{"@context":"https:\/\/schema.org","@graph":[{"@type":"Article","@id":"https:\/\/vieassociative.be\/actualites\/voici-comment-fonctionne-le-chargement-lateral-plus-sur-de-google-sur-android\/#article","isPartOf":{"@id":"https:\/\/vieassociative.be\/actualites\/voici-comment-fonctionne-le-chargement-lateral-plus-sur-de-google-sur-android\/"},"author":{"name":"Julien","@id":"https:\/\/vieassociative.be\/actualites\/#\/schema\/person\/b87ac4f82f9d4e7b7cec7395b679edc4"},"headline":"Voici comment fonctionne le chargement lat\u00e9ral \u00ab plus s\u00fbr \u00bb de Google sur Android","datePublished":"2026-03-22T02:17:01+00:00","dateModified":"2026-03-22T02:17:01+00:00","mainEntityOfPage":{"@id":"https:\/\/vieassociative.be\/actualites\/voici-comment-fonctionne-le-chargement-lateral-plus-sur-de-google-sur-android\/"},"wordCount":642,"publisher":{"@id":"https:\/\/vieassociative.be\/actualites\/#organization"},"image":{"@id":"https:\/\/vieassociative.be\/actualites\/voici-comment-fonctionne-le-chargement-lateral-plus-sur-de-google-sur-android\/#primaryimage"},"thumbnailUrl":"https:\/\/vieassociative.be\/actualites\/wp-content\/uploads\/2026\/03\/Voici-comment-fonctionne-le-chargement-lateral-plus-sur.jpg","keywords":["Android","chargement","Comment","fonctionne","Google","lat\u00e9ral","sur","Voici"],"articleSection":["Android"],"inLanguage":"fr-BE"},{"@type":"WebPage","@id":"https:\/\/vieassociative.be\/actualites\/voici-comment-fonctionne-le-chargement-lateral-plus-sur-de-google-sur-android\/","url":"https:\/\/vieassociative.be\/actualites\/voici-comment-fonctionne-le-chargement-lateral-plus-sur-de-google-sur-android\/","name":"Voici comment fonctionne le chargement lat\u00e9ral \u00ab plus s\u00fbr \u00bb de Google sur Android | Vie Associative","isPartOf":{"@id":"https:\/\/vieassociative.be\/actualites\/#website"},"primaryImageOfPage":{"@id":"https:\/\/vieassociative.be\/actualites\/voici-comment-fonctionne-le-chargement-lateral-plus-sur-de-google-sur-android\/#primaryimage"},"image":{"@id":"https:\/\/vieassociative.be\/actualites\/voici-comment-fonctionne-le-chargement-lateral-plus-sur-de-google-sur-android\/#primaryimage"},"thumbnailUrl":"https:\/\/vieassociative.be\/actualites\/wp-content\/uploads\/2026\/03\/Voici-comment-fonctionne-le-chargement-lateral-plus-sur.jpg","datePublished":"2026-03-22T02:17:01+00:00","dateModified":"2026-03-22T02:17:01+00:00","breadcrumb":{"@id":"https:\/\/vieassociative.be\/actualites\/voici-comment-fonctionne-le-chargement-lateral-plus-sur-de-google-sur-android\/#breadcrumb"},"inLanguage":"fr-BE","potentialAction":[{"@type":"ReadAction","target":["https:\/\/vieassociative.be\/actualites\/voici-comment-fonctionne-le-chargement-lateral-plus-sur-de-google-sur-android\/"]}]},{"@type":"ImageObject","inLanguage":"fr-BE","@id":"https:\/\/vieassociative.be\/actualites\/voici-comment-fonctionne-le-chargement-lateral-plus-sur-de-google-sur-android\/#primaryimage","url":"https:\/\/vieassociative.be\/actualites\/wp-content\/uploads\/2026\/03\/Voici-comment-fonctionne-le-chargement-lateral-plus-sur.jpg","contentUrl":"https:\/\/vieassociative.be\/actualites\/wp-content\/uploads\/2026\/03\/Voici-comment-fonctionne-le-chargement-lateral-plus-sur.jpg","width":1200,"height":675,"caption":"Voici comment fonctionne le chargement lat\u00e9ral \u00ab plus s\u00fbr \u00bb de Google sur Android"},{"@type":"BreadcrumbList","@id":"https:\/\/vieassociative.be\/actualites\/voici-comment-fonctionne-le-chargement-lateral-plus-sur-de-google-sur-android\/#breadcrumb","itemListElement":[{"@type":"ListItem","position":1,"name":"Accueil","item":"https:\/\/vieassociative.be\/actualites\/"},{"@type":"ListItem","position":2,"name":"Voici comment fonctionne le chargement lat\u00e9ral \u00ab plus s\u00fbr \u00bb de Google sur Android"}]},{"@type":"WebSite","@id":"https:\/\/vieassociative.be\/actualites\/#website","url":"https:\/\/vieassociative.be\/actualites\/","name":"Vie Associative","description":"","publisher":{"@id":"https:\/\/vieassociative.be\/actualites\/#organization"},"potentialAction":[{"@type":"SearchAction","target":{"@type":"EntryPoint","urlTemplate":"https:\/\/vieassociative.be\/actualites\/?s={search_term_string}"},"query-input":{"@type":"PropertyValueSpecification","valueRequired":true,"valueName":"search_term_string"}}],"inLanguage":"fr-BE"},{"@type":"Organization","@id":"https:\/\/vieassociative.be\/actualites\/#organization","name":"Vie Associative","url":"https:\/\/vieassociative.be\/actualites\/","logo":{"@type":"ImageObject","inLanguage":"fr-BE","@id":"https:\/\/vieassociative.be\/actualites\/#\/schema\/logo\/image\/","url":"https:\/\/vieassociative.be\/actualites\/wp-content\/uploads\/2024\/09\/cropped-vieassociative_favicon.ico.png","contentUrl":"https:\/\/vieassociative.be\/actualites\/wp-content\/uploads\/2024\/09\/cropped-vieassociative_favicon.ico.png","width":512,"height":512,"caption":"Vie Associative"},"image":{"@id":"https:\/\/vieassociative.be\/actualites\/#\/schema\/logo\/image\/"}},{"@type":"Person","@id":"https:\/\/vieassociative.be\/actualites\/#\/schema\/person\/b87ac4f82f9d4e7b7cec7395b679edc4","name":"Julien","image":{"@type":"ImageObject","inLanguage":"fr-BE","@id":"https:\/\/vieassociative.be\/actualites\/#\/schema\/person\/image\/","url":"https:\/\/vieassociative.be\/actualites\/wp-content\/uploads\/2024\/09\/vie-associative-1-150x150.jpg","contentUrl":"https:\/\/vieassociative.be\/actualites\/wp-content\/uploads\/2024\/09\/vie-associative-1-150x150.jpg","caption":"Julien"},"description":"Je suis Julien, r\u00e9dacteur pour Vie Associative. Passionn\u00e9 par le monde associatif depuis plus de 10 ans, j'ai \u00e0 c\u0153ur de partager des histoires inspirantes et de mettre en lumi\u00e8re les initiatives locales. Mon objectif est de sensibiliser et d'encourager l'engagement communautaire \u00e0 travers mes articles.","sameAs":["https:\/\/vieassociative.be\/"]}]}},"_links":{"self":[{"href":"https:\/\/vieassociative.be\/actualites\/wp-json\/wp\/v2\/posts\/13130"}],"collection":[{"href":"https:\/\/vieassociative.be\/actualites\/wp-json\/wp\/v2\/posts"}],"about":[{"href":"https:\/\/vieassociative.be\/actualites\/wp-json\/wp\/v2\/types\/post"}],"author":[{"embeddable":true,"href":"https:\/\/vieassociative.be\/actualites\/wp-json\/wp\/v2\/users\/1"}],"replies":[{"embeddable":true,"href":"https:\/\/vieassociative.be\/actualites\/wp-json\/wp\/v2\/comments?post=13130"}],"version-history":[{"count":0,"href":"https:\/\/vieassociative.be\/actualites\/wp-json\/wp\/v2\/posts\/13130\/revisions"}],"wp:featuredmedia":[{"embeddable":true,"href":"https:\/\/vieassociative.be\/actualites\/wp-json\/wp\/v2\/media\/13131"}],"wp:attachment":[{"href":"https:\/\/vieassociative.be\/actualites\/wp-json\/wp\/v2\/media?parent=13130"}],"wp:term":[{"taxonomy":"category","embeddable":true,"href":"https:\/\/vieassociative.be\/actualites\/wp-json\/wp\/v2\/categories?post=13130"},{"taxonomy":"post_tag","embeddable":true,"href":"https:\/\/vieassociative.be\/actualites\/wp-json\/wp\/v2\/tags?post=13130"}],"curies":[{"name":"wp","href":"https:\/\/api.w.org\/{rel}","templated":true}]}}